{"id":41339,"date":"2015-07-01T10:57:18","date_gmt":"2015-07-01T09:27:18","guid":{"rendered":"http:\/\/eldigitaldeasturias.com\/magazine365\/?p=41339"},"modified":"2015-07-01T10:57:18","modified_gmt":"2015-07-01T09:27:18","slug":"el-congreso-aprueba-este-martes-su-informe-sobre-el-sector-ferroviario","status":"publish","type":"post","link":"https:\/\/eldigitaldeasturias.com\/magazine365\/el-congreso-aprueba-este-martes-su-informe-sobre-el-sector-ferroviario\/","title":{"rendered":"El Congreso aprueba este martes su informe sobre el sector ferroviario"},"content":{"rendered":"<p><img fetchpriority=\"high\" decoding=\"async\" class=\"alignleft size-medium wp-image-41340\" src=\"https:\/\/eldigitaldeasturias.com\/magazine365\/wp-content\/uploads\/2015\/07\/fotonoticia_20150630090712_800-360x255.jpg\" alt=\"fotonoticia_20150630090712_800\" width=\"360\" height=\"255\" srcset=\"https:\/\/eldigitaldeasturias.com\/magazine365\/wp-content\/uploads\/2015\/07\/fotonoticia_20150630090712_800-360x255.jpg 360w, https:\/\/eldigitaldeasturias.com\/magazine365\/wp-content\/uploads\/2015\/07\/fotonoticia_20150630090712_800-650x460.jpg 650w, https:\/\/eldigitaldeasturias.com\/magazine365\/wp-content\/uploads\/2015\/07\/fotonoticia_20150630090712_800-768x543.jpg 768w, https:\/\/eldigitaldeasturias.com\/magazine365\/wp-content\/uploads\/2015\/07\/fotonoticia_20150630090712_800-150x106.jpg 150w, https:\/\/eldigitaldeasturias.com\/magazine365\/wp-content\/uploads\/2015\/07\/fotonoticia_20150630090712_800-450x318.jpg 450w, https:\/\/eldigitaldeasturias.com\/magazine365\/wp-content\/uploads\/2015\/07\/fotonoticia_20150630090712_800-100x70.jpg 100w, https:\/\/eldigitaldeasturias.com\/magazine365\/wp-content\/uploads\/2015\/07\/fotonoticia_20150630090712_800-696x492.jpg 696w, https:\/\/eldigitaldeasturias.com\/magazine365\/wp-content\/uploads\/2015\/07\/fotonoticia_20150630090712_800-594x420.jpg 594w, https:\/\/eldigitaldeasturias.com\/magazine365\/wp-content\/uploads\/2015\/07\/fotonoticia_20150630090712_800.jpg 800w\" sizes=\"(max-width: 360px) 100vw, 360px\" \/>La Comisi\u00f3n de Fomento del Congreso aprobar\u00e1 este martes el informe de conclusiones y recomendaciones sobre el sector ferroviario que ha preparado una subcomisi\u00f3n durante el \u00faltimo a\u00f1o y medio, recibiendo a expertos del \u00e1mbito acad\u00e9mico, institucional, empresarial y sindical de este \u00e1mbito.<\/p>\n<p>En el documento que se someter\u00e1 a debate y votaci\u00f3n, al que ha tenido acceso Europa Press, los diputados constatan los efectos positivos que ha tenido la modernizaci\u00f3n del ferrocarril durante los \u00faltimos a\u00f1os y su impacto en el desarrollo del pa\u00eds y de la econom\u00eda, abogando por continuar impulsando este sector.<\/p>\n<p>Adem\u00e1s, se recogen algunas propuestas de mejora en diferentes \u00e1mbitos, incluyendo la seguridad, apartado en el que se hace la \u00fanica menci\u00f3n de todo el informe al accidente de Alvia de Angrois de julio de 2013, que motiv\u00f3 la puesta en marcha de la subcomisi\u00f3n para estudiar la situaci\u00f3n del sistema ferroviario y las posibles \u00e1reas susceptibles de ser mejoradas.<\/p>\n<p>NO EXISTE EL RIESGO CERO.<\/p>\n<p>En este sentido, el documento recuerda que el \u00abriesgo cero no existe\u00bb y que, aunque la seguridad \u00abdebe prevalecer por encima de cualquier otro argumento, la puesta en pr\u00e1ctica de elementos, tecnolog\u00edas y t\u00e9cnicas debe ser coherente con las condiciones y caracter\u00edsticas de cada l\u00ednea\u00bb.<\/p>\n<p>\u00abNo parece l\u00f3gico dotar con el mismo tipo de equipamiento en seguridad y protecci\u00f3n civil a l\u00edneas de ferrocarril con diferentes niveles de tr\u00e1fico y prestaciones\u00bb, se a\u00f1ade, reconoci\u00e9ndose a rengl\u00f3n seguido que \u00ablo deseable a largo plazo para las l\u00edneas con mayor tr\u00e1fico es el est\u00e1ndar ERTMS\u00bb aunque el ASFA Digital \u00absigue siendo una muy buena soluci\u00f3n\u00bb.<\/p>\n<p>As\u00ed, insiste en que el coste de la seguridad ferroviaria debe ser \u00abcoherente\u00bb con el tr\u00e1fico de cada l\u00ednea y con el \u00abriesgo asumido\u00bb, y que no s\u00f3lo debe pensarse en factores \u00abestrictamente t\u00e9cnicos\u00bb sino tambi\u00e9n en factores humanos y organizacionales.<\/p>\n<p>Como aspectos que merecen una atenci\u00f3n preferente se mencionan la supresi\u00f3n de pasos a nivel, la \u00abmayor automatizaci\u00f3n\u00bb de los sistemas de gesti\u00f3n y seguridad ferroviaria, tales como la se\u00f1alizaci\u00f3n; la coordinaci\u00f3n proactiva entre operadores y administrador, o el \u00abimpulso de los an\u00e1lisis sistem\u00e1ticos de los registradores jur\u00eddicos (cajas negras)\u00bb.<\/p>\n<p>Tambi\u00e9n se plantea la necesidad de promover mejoras en los sistemas de informaci\u00f3n y comunicaci\u00f3n en las cabinas de conducci\u00f3n, la sustituci\u00f3n paulatina de los registros en papel por registros digitales, o la revisi\u00f3n del protocolo de reconocimientos m\u00e9dicos y psicof\u00edsicos, analizando plazos y niveles de exigencia, incorporando por ejemplo estudios de muerte s\u00fabita cardiaca o de atencionalidad para \u00abreforzar el an\u00e1lisis de los aspectos psicol\u00f3gicos de la conducci\u00f3n\u00bb.<\/p>\n<p>PLANIFICACI\u00d3N A MEDIO PLAZO.<\/p>\n<p>Adem\u00e1s de defender el proceso de liberalizaci\u00f3n &#8211;\u00abque no privatizaci\u00f3n\u00bb&#8211; del sector ferroviario, el documento hace hincapi\u00e9 en que debe abordarse \u00abadecu\u00e1ndola a la estructura\u00bb del sector ferroviario y de forma \u00abgradual, progresiva y controlada\u00bb.<\/p>\n<p>Igualmente, la planificaci\u00f3n de las infraestructuras ferroviarias debe ser \u00abconsensuada entre las diferentes fuerzas pol\u00edticas\u00bb para dar seguridad y evitar \u00abaltibajos en las inversiones\u00bb que retrasan la culminaci\u00f3n de las obras y \u00abs\u00f3lo consiguen fomentar una industria oportunista, en lugar de un sector estable con visi\u00f3n a largo plazo\u00bb.<\/p>\n<p>\u00abLa planificaci\u00f3n no se debe basar en circular tan r\u00e1pido como t\u00e9cnicamente sea posible, sino en circular tan r\u00e1pido como comercialmente sea necesario\u00bb, a\u00f1ade el informe, en el que sin embargo se defiende el actual modelo de desarrollo de alta velocidad, que tiene en cuenta el inter\u00e9s general mediante factores estrat\u00e9gicos, de seguridad, sociales, econ\u00f3micos y medioambientales.<\/p>\n<p>No obstante, se recuerda que \u00abla construcci\u00f3n de las infraestructuras nunca debe ser un fin en s\u00ed mismo\u00bb, que hace falta \u00abintegrar\u00bb la red de alta velocidad en las redes existentes y que \u00abexiste cierto margen de mejora en los servicios regionales y de media distancia\u00bb.<\/p>\n<p>ELIMINAR CUELLOS DE BOTELLA<\/p>\n<p>En este sentido, se reclaman actuaciones para fomentar la intermodalidad y los servicios combinados, eliminar los cuellos de botella en el entorno de las grandes ciudades mediante los servicios ferroviarios p\u00fablicos de cercan\u00eda, e incluso extenderlos a otros n\u00facleos urbanos \u00abdonde est\u00e9 justificado por su rentabilidad social\u00bb, que siempre ha de tenerse en cuenta junto con los beneficios econ\u00f3micos.<\/p>\n<p>En cuanto a las mercanc\u00edas, entre las diferentes \u00e1reas de mejora que detecta la subcomisi\u00f3n destaca la necesidad de construir variantes ferroviarias en el entorno de las grandes ciudades, especialmente Madrid y Barcelona; incrementar el tama\u00f1o y el g\u00e1libo de los trenes, y utilizar las l\u00edneas convencionales de viajeros con menos tr\u00e1fico para mercanc\u00edas, empezando por un proyecto piloto en el tramo entre dos grandes ciudades que menos inversiones requiera.<\/p>\n<p>Con respecto a la financiaci\u00f3n, el informe recuerda que \u00abno debe confiarse exclusivamente a la v\u00eda presupuestaria\u00bb sino que se debe tener en cuenta la posibilidad de recurrir a la colaboraci\u00f3n p\u00fablico-privada, a los fondos europeos o al Banco Europeo de Inversiones (BEI), siempre compatibilizando una rentabilidad \u00abrazonable\u00bb econ\u00f3mica y social.<\/p>\n<p>APROVECHAR LOS TRENES.<\/p>\n<p>\u00abSer\u00eda deseable que la estructura de c\u00e1nones estimulase, por un lado, la mayor utilizaci\u00f3n de la infraestructura y, por otro, el mayor aprovechamiento de los trenes. Adem\u00e1s, se deber\u00eda garantizar cierta estabilidad en los mismos\u00bb, se a\u00f1ade, desech\u00e1ndose finalmente la sugerencia de convertir los c\u00e1nones en precios.<\/p>\n<p>En este sentido, el informe defiende el mantenimiento de las obligaciones de servicio p\u00fablico con aportaciones del Estado para garantizar la movilidad pero aboga por \u00abaplicar el sentido de la racionalidad\u00bb a la hora de complementar ferrocarril y transporte por carretera.<\/p>\n<p>Para controlar las desviaciones presupuestarias, el borrador subraya la necesidad de \u00abno escatimar\u00bb costes en la fase de ingenier\u00eda, ya que eso permite tener un \u00abmayor control del coste\u00bb y un menor n\u00famero de modificados, que deber\u00edan limitarse a los casos \u00abconsecuencia de imponderables\u00bb.<\/p>\n<p>As\u00ed, en las concesiones para la financiaci\u00f3n, construcci\u00f3n y mantenimiento de infraestructuras se debe asegurar la \u00abpreeminencia del inter\u00e9s p\u00fablico, la transparencia en los contratos, la calidad de las prestaciones y plazos suficientemente largos para permitir inversiones factibles\u00bb.<\/p>\n<p>Finalmente, la subcomisi\u00f3n recomienda empezar a trabajar ya en el cambio generacional del personal ferroviario mediante programas de formaci\u00f3n, incluyendo la posibilidad \u00abdise\u00f1ar una formaci\u00f3n acad\u00e9mica ad hoc\u00bb con un grado en materia ferroviaria y m\u00e1s contenidos internacionales. Tambi\u00e9n se sugiere revisar los requisitos de acceso a la profesi\u00f3n de maquinista.<\/p>\n","protected":false},"excerpt":{"rendered":"<p>La Comisi\u00f3n de Fomento del Congreso aprobar\u00e1 este martes el informe de conclusiones y recomendaciones sobre el sector ferroviario que ha preparado una subcomisi\u00f3n durante el \u00faltimo a\u00f1o y medio, recibiendo a expertos del \u00e1mbito acad\u00e9mico, institucional, empresarial y sindical de este \u00e1mbito. En el documento que se someter\u00e1 a debate y votaci\u00f3n, al que<\/p>\n","protected":false},"author":1,"featured_media":41340,"comment_status":"open","ping_status":"closed","sticky":false,"template":"","format":"standard","meta":{"footnotes":""},"categories":[222],"tags":[],"class_list":{"0":"post-41339","1":"post","2":"type-post","3":"status-publish","4":"format-standard","5":"has-post-thumbnail","7":"category-actualidad-turismo"},"aioseo_notices":[],"aioseo_head":"\n\t\t<!-- All in One SEO Pro 4.9.6.1 - aioseo.com -->\n\t<meta name=\"description\" content=\"La Comisi\u00f3n de Fomento del Congreso aprobar\u00e1 este martes el informe de conclusiones y recomendaciones sobre el sector ferroviario que ha preparado una subcomisi\u00f3n durante el \u00faltimo a\u00f1o y medio, recibiendo a expertos del \u00e1mbito acad\u00e9mico, institucional, empresarial y sindical de este \u00e1mbito. En el documento que se someter\u00e1 a debate y votaci\u00f3n, al que\" \/>\n\t<meta name=\"robots\" content=\"max-image-preview:large\" \/>\n\t<meta name=\"author\" content=\"admin\"\/>\n\t<meta name=\"google-site-verification\" content=\"UA-38556648-1\" \/>\n\t<meta name=\"keywords\" content=\"actualidad turismo\" \/>\n\t<link rel=\"canonical\" href=\"https:\/\/eldigitaldeasturias.com\/magazine365\/el-congreso-aprueba-este-martes-su-informe-sobre-el-sector-ferroviario\/\" \/>\n\t<meta name=\"generator\" content=\"All in One SEO Pro (AIOSEO) 4.9.6.1\" \/>\n\t\t<meta property=\"og:locale\" content=\"es_ES\" \/>\n\t\t<meta property=\"og:site_name\" content=\"El Digital de Asturias \u2013 Revista de ocio, turismo y estilo de vida\" \/>\n\t\t<meta property=\"og:type\" content=\"article\" \/>\n\t\t<meta property=\"og:title\" content=\"El Congreso aprueba este martes su informe sobre el sector ferroviario | El Digital de Asturias\" \/>\n\t\t<meta property=\"og:description\" content=\"La Comisi\u00f3n de Fomento del Congreso aprobar\u00e1 este martes el informe de conclusiones y recomendaciones sobre el sector ferroviario que ha preparado una subcomisi\u00f3n durante el \u00faltimo a\u00f1o y medio, recibiendo a expertos del \u00e1mbito acad\u00e9mico, institucional, empresarial y sindical de este \u00e1mbito. En el documento que se someter\u00e1 a debate y votaci\u00f3n, al que\" \/>\n\t\t<meta property=\"og:url\" content=\"https:\/\/eldigitaldeasturias.com\/magazine365\/el-congreso-aprueba-este-martes-su-informe-sobre-el-sector-ferroviario\/\" \/>\n\t\t<meta property=\"og:image\" content=\"https:\/\/eldigitaldeasturias.com\/magazine365\/wp-content\/uploads\/2015\/07\/fotonoticia_20150630090712_800.jpg\" \/>\n\t\t<meta property=\"og:image:secure_url\" content=\"https:\/\/eldigitaldeasturias.com\/magazine365\/wp-content\/uploads\/2015\/07\/fotonoticia_20150630090712_800.jpg\" \/>\n\t\t<meta property=\"og:image:width\" content=\"800\" \/>\n\t\t<meta property=\"og:image:height\" content=\"566\" \/>\n\t\t<meta property=\"article:published_time\" content=\"2015-07-01T09:27:18+00:00\" \/>\n\t\t<meta property=\"article:modified_time\" content=\"2015-07-01T09:27:18+00:00\" \/>\n\t\t<meta name=\"twitter:card\" content=\"summary_large_image\" \/>\n\t\t<meta name=\"twitter:title\" content=\"El Congreso aprueba este martes su informe sobre el sector ferroviario | El Digital de Asturias\" \/>\n\t\t<meta name=\"twitter:description\" content=\"La Comisi\u00f3n de Fomento del Congreso aprobar\u00e1 este martes el informe de conclusiones y recomendaciones sobre el sector ferroviario que ha preparado una subcomisi\u00f3n durante el \u00faltimo a\u00f1o y medio, recibiendo a expertos del \u00e1mbito acad\u00e9mico, institucional, empresarial y sindical de este \u00e1mbito. En el documento que se someter\u00e1 a debate y votaci\u00f3n, al que\" \/>\n\t\t<meta name=\"twitter:image\" content=\"https:\/\/eldigitaldeasturias.com\/magazine365\/wp-content\/uploads\/2015\/07\/fotonoticia_20150630090712_800.jpg\" \/>\n\t\t<script type=\"application\/ld+json\" class=\"aioseo-schema\">\n\t\t\t{\"@context\":\"https:\\\/\\\/schema.org\",\"@graph\":[{\"@type\":\"Article\",\"@id\":\"https:\\\/\\\/eldigitaldeasturias.com\\\/magazine365\\\/el-congreso-aprueba-este-martes-su-informe-sobre-el-sector-ferroviario\\\/#article\",\"name\":\"El Congreso aprueba este martes su informe sobre el sector ferroviario | El Digital de Asturias\",\"headline\":\"El Congreso aprueba este martes su informe sobre el sector ferroviario\",\"author\":{\"@id\":\"https:\\\/\\\/eldigitaldeasturias.com\\\/magazine365\\\/author\\\/admin\\\/#author\"},\"publisher\":{\"@id\":\"https:\\\/\\\/eldigitaldeasturias.com\\\/magazine365\\\/#organization\"},\"image\":{\"@type\":\"ImageObject\",\"url\":\"https:\\\/\\\/eldigitaldeasturias.com\\\/magazine365\\\/wp-content\\\/uploads\\\/2015\\\/07\\\/fotonoticia_20150630090712_800.jpg\",\"width\":800,\"height\":566},\"datePublished\":\"2015-07-01T10:57:18+02:00\",\"dateModified\":\"2015-07-01T10:57:18+02:00\",\"inLanguage\":\"es-ES\",\"mainEntityOfPage\":{\"@id\":\"https:\\\/\\\/eldigitaldeasturias.com\\\/magazine365\\\/el-congreso-aprueba-este-martes-su-informe-sobre-el-sector-ferroviario\\\/#webpage\"},\"isPartOf\":{\"@id\":\"https:\\\/\\\/eldigitaldeasturias.com\\\/magazine365\\\/el-congreso-aprueba-este-martes-su-informe-sobre-el-sector-ferroviario\\\/#webpage\"},\"articleSection\":\"Actualidad Turismo\"},{\"@type\":\"BreadcrumbList\",\"@id\":\"https:\\\/\\\/eldigitaldeasturias.com\\\/magazine365\\\/el-congreso-aprueba-este-martes-su-informe-sobre-el-sector-ferroviario\\\/#breadcrumblist\",\"itemListElement\":[{\"@type\":\"ListItem\",\"@id\":\"https:\\\/\\\/eldigitaldeasturias.com\\\/magazine365#listItem\",\"position\":1,\"name\":\"Home\",\"item\":\"https:\\\/\\\/eldigitaldeasturias.com\\\/magazine365\",\"nextItem\":{\"@type\":\"ListItem\",\"@id\":\"https:\\\/\\\/eldigitaldeasturias.com\\\/magazine365\\\/category\\\/actualidad-turismo\\\/#listItem\",\"name\":\"Actualidad Turismo\"}},{\"@type\":\"ListItem\",\"@id\":\"https:\\\/\\\/eldigitaldeasturias.com\\\/magazine365\\\/category\\\/actualidad-turismo\\\/#listItem\",\"position\":2,\"name\":\"Actualidad Turismo\",\"item\":\"https:\\\/\\\/eldigitaldeasturias.com\\\/magazine365\\\/category\\\/actualidad-turismo\\\/\",\"nextItem\":{\"@type\":\"ListItem\",\"@id\":\"https:\\\/\\\/eldigitaldeasturias.com\\\/magazine365\\\/el-congreso-aprueba-este-martes-su-informe-sobre-el-sector-ferroviario\\\/#listItem\",\"name\":\"El Congreso aprueba este martes su informe sobre el sector ferroviario\"},\"previousItem\":{\"@type\":\"ListItem\",\"@id\":\"https:\\\/\\\/eldigitaldeasturias.com\\\/magazine365#listItem\",\"name\":\"Home\"}},{\"@type\":\"ListItem\",\"@id\":\"https:\\\/\\\/eldigitaldeasturias.com\\\/magazine365\\\/el-congreso-aprueba-este-martes-su-informe-sobre-el-sector-ferroviario\\\/#listItem\",\"position\":3,\"name\":\"El Congreso aprueba este martes su informe sobre el sector ferroviario\",\"previousItem\":{\"@type\":\"ListItem\",\"@id\":\"https:\\\/\\\/eldigitaldeasturias.com\\\/magazine365\\\/category\\\/actualidad-turismo\\\/#listItem\",\"name\":\"Actualidad Turismo\"}}]},{\"@type\":\"Organization\",\"@id\":\"https:\\\/\\\/eldigitaldeasturias.com\\\/magazine365\\\/#organization\",\"name\":\"El digital de Asturias\",\"description\":\"Revista de ocio, turismo y estilo de vida\",\"url\":\"https:\\\/\\\/eldigitaldeasturias.com\\\/magazine365\\\/\",\"logo\":{\"@type\":\"ImageObject\",\"url\":\"https:\\\/\\\/www.eldigitaldeasturias.com\\\/noticias\\\/wp-content\\\/uploads\\\/2020\\\/12\\\/EDA.jpg\",\"@id\":\"https:\\\/\\\/eldigitaldeasturias.com\\\/magazine365\\\/el-congreso-aprueba-este-martes-su-informe-sobre-el-sector-ferroviario\\\/#organizationLogo\"},\"image\":{\"@id\":\"https:\\\/\\\/eldigitaldeasturias.com\\\/magazine365\\\/el-congreso-aprueba-este-martes-su-informe-sobre-el-sector-ferroviario\\\/#organizationLogo\"}},{\"@type\":\"Person\",\"@id\":\"https:\\\/\\\/eldigitaldeasturias.com\\\/magazine365\\\/author\\\/admin\\\/#author\",\"url\":\"https:\\\/\\\/eldigitaldeasturias.com\\\/magazine365\\\/author\\\/admin\\\/\",\"name\":\"admin\",\"image\":{\"@type\":\"ImageObject\",\"@id\":\"https:\\\/\\\/eldigitaldeasturias.com\\\/magazine365\\\/el-congreso-aprueba-este-martes-su-informe-sobre-el-sector-ferroviario\\\/#authorImage\",\"url\":\"https:\\\/\\\/eldigitaldeasturias.com\\\/magazine365\\\/wp-content\\\/litespeed\\\/avatar\\\/e571bcf59a0edd6fa6838245a470f2fe.jpg?ver=1777574230\",\"width\":96,\"height\":96,\"caption\":\"admin\"}},{\"@type\":\"WebPage\",\"@id\":\"https:\\\/\\\/eldigitaldeasturias.com\\\/magazine365\\\/el-congreso-aprueba-este-martes-su-informe-sobre-el-sector-ferroviario\\\/#webpage\",\"url\":\"https:\\\/\\\/eldigitaldeasturias.com\\\/magazine365\\\/el-congreso-aprueba-este-martes-su-informe-sobre-el-sector-ferroviario\\\/\",\"name\":\"El Congreso aprueba este martes su informe sobre el sector ferroviario | El Digital de Asturias\",\"description\":\"La Comisi\\u00f3n de Fomento del Congreso aprobar\\u00e1 este martes el informe de conclusiones y recomendaciones sobre el sector ferroviario que ha preparado una subcomisi\\u00f3n durante el \\u00faltimo a\\u00f1o y medio, recibiendo a expertos del \\u00e1mbito acad\\u00e9mico, institucional, empresarial y sindical de este \\u00e1mbito. En el documento que se someter\\u00e1 a debate y votaci\\u00f3n, al que\",\"inLanguage\":\"es-ES\",\"isPartOf\":{\"@id\":\"https:\\\/\\\/eldigitaldeasturias.com\\\/magazine365\\\/#website\"},\"breadcrumb\":{\"@id\":\"https:\\\/\\\/eldigitaldeasturias.com\\\/magazine365\\\/el-congreso-aprueba-este-martes-su-informe-sobre-el-sector-ferroviario\\\/#breadcrumblist\"},\"author\":{\"@id\":\"https:\\\/\\\/eldigitaldeasturias.com\\\/magazine365\\\/author\\\/admin\\\/#author\"},\"creator\":{\"@id\":\"https:\\\/\\\/eldigitaldeasturias.com\\\/magazine365\\\/author\\\/admin\\\/#author\"},\"image\":{\"@type\":\"ImageObject\",\"url\":\"https:\\\/\\\/eldigitaldeasturias.com\\\/magazine365\\\/wp-content\\\/uploads\\\/2015\\\/07\\\/fotonoticia_20150630090712_800.jpg\",\"@id\":\"https:\\\/\\\/eldigitaldeasturias.com\\\/magazine365\\\/el-congreso-aprueba-este-martes-su-informe-sobre-el-sector-ferroviario\\\/#mainImage\",\"width\":800,\"height\":566},\"primaryImageOfPage\":{\"@id\":\"https:\\\/\\\/eldigitaldeasturias.com\\\/magazine365\\\/el-congreso-aprueba-este-martes-su-informe-sobre-el-sector-ferroviario\\\/#mainImage\"},\"datePublished\":\"2015-07-01T10:57:18+02:00\",\"dateModified\":\"2015-07-01T10:57:18+02:00\"},{\"@type\":\"WebSite\",\"@id\":\"https:\\\/\\\/eldigitaldeasturias.com\\\/magazine365\\\/#website\",\"url\":\"https:\\\/\\\/eldigitaldeasturias.com\\\/magazine365\\\/\",\"name\":\"El Digital de Asturias\",\"description\":\"Revista de ocio, turismo y estilo de vida\",\"inLanguage\":\"es-ES\",\"publisher\":{\"@id\":\"https:\\\/\\\/eldigitaldeasturias.com\\\/magazine365\\\/#organization\"}}]}\n\t\t<\/script>\n\t\t<!-- All in One SEO Pro -->\r\n\t\t<title>El Congreso aprueba este martes su informe sobre el sector ferroviario | El Digital de Asturias<\/title>\n\n","aioseo_head_json":{"title":"El Congreso aprueba este martes su informe sobre el sector ferroviario | El Digital de Asturias","description":"La Comisi\u00f3n de Fomento del Congreso aprobar\u00e1 este martes el informe de conclusiones y recomendaciones sobre el sector ferroviario que ha preparado una subcomisi\u00f3n durante el \u00faltimo a\u00f1o y medio, recibiendo a expertos del \u00e1mbito acad\u00e9mico, institucional, empresarial y sindical de este \u00e1mbito. En el documento que se someter\u00e1 a debate y votaci\u00f3n, al que","canonical_url":"https:\/\/eldigitaldeasturias.com\/magazine365\/el-congreso-aprueba-este-martes-su-informe-sobre-el-sector-ferroviario\/","robots":"max-image-preview:large","keywords":"actualidad turismo","webmasterTools":{"google-site-verification":"UA-38556648-1","miscellaneous":""},"schema":{"@context":"https:\/\/schema.org","@graph":[{"@type":"Article","@id":"https:\/\/eldigitaldeasturias.com\/magazine365\/el-congreso-aprueba-este-martes-su-informe-sobre-el-sector-ferroviario\/#article","name":"El Congreso aprueba este martes su informe sobre el sector ferroviario | El Digital de Asturias","headline":"El Congreso aprueba este martes su informe sobre el sector ferroviario","author":{"@id":"https:\/\/eldigitaldeasturias.com\/magazine365\/author\/admin\/#author"},"publisher":{"@id":"https:\/\/eldigitaldeasturias.com\/magazine365\/#organization"},"image":{"@type":"ImageObject","url":"https:\/\/eldigitaldeasturias.com\/magazine365\/wp-content\/uploads\/2015\/07\/fotonoticia_20150630090712_800.jpg","width":800,"height":566},"datePublished":"2015-07-01T10:57:18+02:00","dateModified":"2015-07-01T10:57:18+02:00","inLanguage":"es-ES","mainEntityOfPage":{"@id":"https:\/\/eldigitaldeasturias.com\/magazine365\/el-congreso-aprueba-este-martes-su-informe-sobre-el-sector-ferroviario\/#webpage"},"isPartOf":{"@id":"https:\/\/eldigitaldeasturias.com\/magazine365\/el-congreso-aprueba-este-martes-su-informe-sobre-el-sector-ferroviario\/#webpage"},"articleSection":"Actualidad Turismo"},{"@type":"BreadcrumbList","@id":"https:\/\/eldigitaldeasturias.com\/magazine365\/el-congreso-aprueba-este-martes-su-informe-sobre-el-sector-ferroviario\/#breadcrumblist","itemListElement":[{"@type":"ListItem","@id":"https:\/\/eldigitaldeasturias.com\/magazine365#listItem","position":1,"name":"Home","item":"https:\/\/eldigitaldeasturias.com\/magazine365","nextItem":{"@type":"ListItem","@id":"https:\/\/eldigitaldeasturias.com\/magazine365\/category\/actualidad-turismo\/#listItem","name":"Actualidad Turismo"}},{"@type":"ListItem","@id":"https:\/\/eldigitaldeasturias.com\/magazine365\/category\/actualidad-turismo\/#listItem","position":2,"name":"Actualidad Turismo","item":"https:\/\/eldigitaldeasturias.com\/magazine365\/category\/actualidad-turismo\/","nextItem":{"@type":"ListItem","@id":"https:\/\/eldigitaldeasturias.com\/magazine365\/el-congreso-aprueba-este-martes-su-informe-sobre-el-sector-ferroviario\/#listItem","name":"El Congreso aprueba este martes su informe sobre el sector ferroviario"},"previousItem":{"@type":"ListItem","@id":"https:\/\/eldigitaldeasturias.com\/magazine365#listItem","name":"Home"}},{"@type":"ListItem","@id":"https:\/\/eldigitaldeasturias.com\/magazine365\/el-congreso-aprueba-este-martes-su-informe-sobre-el-sector-ferroviario\/#listItem","position":3,"name":"El Congreso aprueba este martes su informe sobre el sector ferroviario","previousItem":{"@type":"ListItem","@id":"https:\/\/eldigitaldeasturias.com\/magazine365\/category\/actualidad-turismo\/#listItem","name":"Actualidad Turismo"}}]},{"@type":"Organization","@id":"https:\/\/eldigitaldeasturias.com\/magazine365\/#organization","name":"El digital de Asturias","description":"Revista de ocio, turismo y estilo de vida","url":"https:\/\/eldigitaldeasturias.com\/magazine365\/","logo":{"@type":"ImageObject","url":"https:\/\/www.eldigitaldeasturias.com\/noticias\/wp-content\/uploads\/2020\/12\/EDA.jpg","@id":"https:\/\/eldigitaldeasturias.com\/magazine365\/el-congreso-aprueba-este-martes-su-informe-sobre-el-sector-ferroviario\/#organizationLogo"},"image":{"@id":"https:\/\/eldigitaldeasturias.com\/magazine365\/el-congreso-aprueba-este-martes-su-informe-sobre-el-sector-ferroviario\/#organizationLogo"}},{"@type":"Person","@id":"https:\/\/eldigitaldeasturias.com\/magazine365\/author\/admin\/#author","url":"https:\/\/eldigitaldeasturias.com\/magazine365\/author\/admin\/","name":"admin","image":{"@type":"ImageObject","@id":"https:\/\/eldigitaldeasturias.com\/magazine365\/el-congreso-aprueba-este-martes-su-informe-sobre-el-sector-ferroviario\/#authorImage","url":"https:\/\/eldigitaldeasturias.com\/magazine365\/wp-content\/litespeed\/avatar\/e571bcf59a0edd6fa6838245a470f2fe.jpg?ver=1777574230","width":96,"height":96,"caption":"admin"}},{"@type":"WebPage","@id":"https:\/\/eldigitaldeasturias.com\/magazine365\/el-congreso-aprueba-este-martes-su-informe-sobre-el-sector-ferroviario\/#webpage","url":"https:\/\/eldigitaldeasturias.com\/magazine365\/el-congreso-aprueba-este-martes-su-informe-sobre-el-sector-ferroviario\/","name":"El Congreso aprueba este martes su informe sobre el sector ferroviario | El Digital de Asturias","description":"La Comisi\u00f3n de Fomento del Congreso aprobar\u00e1 este martes el informe de conclusiones y recomendaciones sobre el sector ferroviario que ha preparado una subcomisi\u00f3n durante el \u00faltimo a\u00f1o y medio, recibiendo a expertos del \u00e1mbito acad\u00e9mico, institucional, empresarial y sindical de este \u00e1mbito. En el documento que se someter\u00e1 a debate y votaci\u00f3n, al que","inLanguage":"es-ES","isPartOf":{"@id":"https:\/\/eldigitaldeasturias.com\/magazine365\/#website"},"breadcrumb":{"@id":"https:\/\/eldigitaldeasturias.com\/magazine365\/el-congreso-aprueba-este-martes-su-informe-sobre-el-sector-ferroviario\/#breadcrumblist"},"author":{"@id":"https:\/\/eldigitaldeasturias.com\/magazine365\/author\/admin\/#author"},"creator":{"@id":"https:\/\/eldigitaldeasturias.com\/magazine365\/author\/admin\/#author"},"image":{"@type":"ImageObject","url":"https:\/\/eldigitaldeasturias.com\/magazine365\/wp-content\/uploads\/2015\/07\/fotonoticia_20150630090712_800.jpg","@id":"https:\/\/eldigitaldeasturias.com\/magazine365\/el-congreso-aprueba-este-martes-su-informe-sobre-el-sector-ferroviario\/#mainImage","width":800,"height":566},"primaryImageOfPage":{"@id":"https:\/\/eldigitaldeasturias.com\/magazine365\/el-congreso-aprueba-este-martes-su-informe-sobre-el-sector-ferroviario\/#mainImage"},"datePublished":"2015-07-01T10:57:18+02:00","dateModified":"2015-07-01T10:57:18+02:00"},{"@type":"WebSite","@id":"https:\/\/eldigitaldeasturias.com\/magazine365\/#website","url":"https:\/\/eldigitaldeasturias.com\/magazine365\/","name":"El Digital de Asturias","description":"Revista de ocio, turismo y estilo de vida","inLanguage":"es-ES","publisher":{"@id":"https:\/\/eldigitaldeasturias.com\/magazine365\/#organization"}}]},"og:locale":"es_ES","og:site_name":"El Digital de Asturias \u2013 Revista de ocio, turismo y estilo de vida","og:type":"article","og:title":"El Congreso aprueba este martes su informe sobre el sector ferroviario | El Digital de Asturias","og:description":"La Comisi\u00f3n de Fomento del Congreso aprobar\u00e1 este martes el informe de conclusiones y recomendaciones sobre el sector ferroviario que ha preparado una subcomisi\u00f3n durante el \u00faltimo a\u00f1o y medio, recibiendo a expertos del \u00e1mbito acad\u00e9mico, institucional, empresarial y sindical de este \u00e1mbito. En el documento que se someter\u00e1 a debate y votaci\u00f3n, al que","og:url":"https:\/\/eldigitaldeasturias.com\/magazine365\/el-congreso-aprueba-este-martes-su-informe-sobre-el-sector-ferroviario\/","og:image":"https:\/\/eldigitaldeasturias.com\/magazine365\/wp-content\/uploads\/2015\/07\/fotonoticia_20150630090712_800.jpg","og:image:secure_url":"https:\/\/eldigitaldeasturias.com\/magazine365\/wp-content\/uploads\/2015\/07\/fotonoticia_20150630090712_800.jpg","og:image:width":800,"og:image:height":566,"article:published_time":"2015-07-01T09:27:18+00:00","article:modified_time":"2015-07-01T09:27:18+00:00","twitter:card":"summary_large_image","twitter:title":"El Congreso aprueba este martes su informe sobre el sector ferroviario | El Digital de Asturias","twitter:description":"La Comisi\u00f3n de Fomento del Congreso aprobar\u00e1 este martes el informe de conclusiones y recomendaciones sobre el sector ferroviario que ha preparado una subcomisi\u00f3n durante el \u00faltimo a\u00f1o y medio, recibiendo a expertos del \u00e1mbito acad\u00e9mico, institucional, empresarial y sindical de este \u00e1mbito. En el documento que se someter\u00e1 a debate y votaci\u00f3n, al que","twitter:image":"https:\/\/eldigitaldeasturias.com\/magazine365\/wp-content\/uploads\/2015\/07\/fotonoticia_20150630090712_800.jpg"},"aioseo_meta_data":{"post_id":"41339","title":null,"description":null,"keywords":null,"keyphrases":null,"primary_term":null,"canonical_url":null,"og_title":null,"og_description":null,"og_object_type":"default","og_image_type":"default","og_image_url":null,"og_image_width":null,"og_image_height":null,"og_image_custom_url":null,"og_image_custom_fields":null,"og_video":null,"og_custom_url":null,"og_article_section":null,"og_article_tags":null,"twitter_use_og":false,"twitter_card":"default","twitter_image_type":"default","twitter_image_url":null,"twitter_image_custom_url":null,"twitter_image_custom_fields":null,"twitter_title":null,"twitter_description":null,"schema":{"blockGraphs":[],"customGraphs":[],"default":{"data":{"Article":[],"Course":[],"Dataset":[],"FAQPage":[],"Movie":[],"Person":[],"Product":[],"ProductReview":[],"Car":[],"Recipe":[],"Service":[],"SoftwareApplication":[],"WebPage":[]},"graphName":"","isEnabled":true},"graphs":[],"defaultGraph":"","defaultPostTypeGraph":""},"schema_type":null,"schema_type_options":null,"pillar_content":false,"robots_default":true,"robots_noindex":false,"robots_noarchive":false,"robots_nosnippet":false,"robots_nofollow":false,"robots_noimageindex":false,"robots_noodp":false,"robots_notranslate":false,"robots_max_snippet":null,"robots_max_videopreview":null,"robots_max_imagepreview":"large","priority":null,"frequency":null,"location":null,"local_seo":null,"seo_analyzer_scan_date":"2025-09-19 15:27:02","breadcrumb_settings":null,"limit_modified_date":false,"open_ai":null,"ai":null,"created":"2021-03-09 02:16:53","updated":"2025-09-19 15:27:02"},"aioseo_breadcrumb":"<div class=\"aioseo-breadcrumbs\"><span class=\"aioseo-breadcrumb\">\n\t<a href=\"https:\/\/eldigitaldeasturias.com\/magazine365\" title=\"Home\">Home<\/a>\n<\/span><span class=\"aioseo-breadcrumb-separator\">\u2013<\/span><span class=\"aioseo-breadcrumb\">\n\t<a href=\"https:\/\/eldigitaldeasturias.com\/magazine365\/category\/actualidad-turismo\/\" title=\"Actualidad Turismo\">Actualidad Turismo<\/a>\n<\/span><span class=\"aioseo-breadcrumb-separator\">\u2013<\/span><span class=\"aioseo-breadcrumb\">\n\t<a href=\"https:\/\/eldigitaldeasturias.com\/magazine365\/el-congreso-aprueba-este-martes-su-informe-sobre-el-sector-ferroviario\/\" title=\"El Congreso aprueba este martes su informe sobre el sector ferroviario\">El Congreso aprueba este martes su informe sobre el sector ferroviario<\/a>\n<\/span><\/div>","aioseo_breadcrumb_json":[{"label":"Home","link":"https:\/\/eldigitaldeasturias.com\/magazine365"},{"label":"Actualidad Turismo","link":"https:\/\/eldigitaldeasturias.com\/magazine365\/category\/actualidad-turismo\/"},{"label":"El Congreso aprueba este martes su informe sobre el sector ferroviario","link":"https:\/\/eldigitaldeasturias.com\/magazine365\/el-congreso-aprueba-este-martes-su-informe-sobre-el-sector-ferroviario\/"}],"_links":{"self":[{"href":"https:\/\/eldigitaldeasturias.com\/magazine365\/wp-json\/wp\/v2\/posts\/41339","targetHints":{"allow":["GET"]}}],"collection":[{"href":"https:\/\/eldigitaldeasturias.com\/magazine365\/wp-json\/wp\/v2\/posts"}],"about":[{"href":"https:\/\/eldigitaldeasturias.com\/magazine365\/wp-json\/wp\/v2\/types\/post"}],"author":[{"embeddable":true,"href":"https:\/\/eldigitaldeasturias.com\/magazine365\/wp-json\/wp\/v2\/users\/1"}],"replies":[{"embeddable":true,"href":"https:\/\/eldigitaldeasturias.com\/magazine365\/wp-json\/wp\/v2\/comments?post=41339"}],"version-history":[{"count":0,"href":"https:\/\/eldigitaldeasturias.com\/magazine365\/wp-json\/wp\/v2\/posts\/41339\/revisions"}],"wp:featuredmedia":[{"embeddable":true,"href":"https:\/\/eldigitaldeasturias.com\/magazine365\/wp-json\/wp\/v2\/media\/41340"}],"wp:attachment":[{"href":"https:\/\/eldigitaldeasturias.com\/magazine365\/wp-json\/wp\/v2\/media?parent=41339"}],"wp:term":[{"taxonomy":"category","embeddable":true,"href":"https:\/\/eldigitaldeasturias.com\/magazine365\/wp-json\/wp\/v2\/categories?post=41339"},{"taxonomy":"post_tag","embeddable":true,"href":"https:\/\/eldigitaldeasturias.com\/magazine365\/wp-json\/wp\/v2\/tags?post=41339"}],"curies":[{"name":"wp","href":"https:\/\/api.w.org\/{rel}","templated":true}]}}