{"id":41336,"date":"2015-07-01T10:54:37","date_gmt":"2015-07-01T09:24:37","guid":{"rendered":"http:\/\/eldigitaldeasturias.com\/magazine365\/?p=41336"},"modified":"2015-07-01T10:54:37","modified_gmt":"2015-07-01T09:24:37","slug":"mas-de-513-millones-de-pasajeros-pasaran-por-los-aeropuertos-espanoles-en-la-operacion-salida","status":"publish","type":"post","link":"https:\/\/eldigitaldeasturias.com\/magazine365\/mas-de-513-millones-de-pasajeros-pasaran-por-los-aeropuertos-espanoles-en-la-operacion-salida\/","title":{"rendered":"M\u00e1s de 5,13 millones de pasajeros pasar\u00e1n por los aeropuertos espa\u00f1oles en la operaci\u00f3n salida"},"content":{"rendered":"<p><img fetchpriority=\"high\" decoding=\"async\" class=\"alignleft size-medium wp-image-41337\" src=\"https:\/\/eldigitaldeasturias.com\/magazine365\/wp-content\/uploads\/2015\/07\/fotonoticia_20150630085933_800-360x270.jpg\" alt=\"fotonoticia_20150630085933_800\" width=\"360\" height=\"270\" srcset=\"https:\/\/eldigitaldeasturias.com\/magazine365\/wp-content\/uploads\/2015\/07\/fotonoticia_20150630085933_800-360x270.jpg 360w, https:\/\/eldigitaldeasturias.com\/magazine365\/wp-content\/uploads\/2015\/07\/fotonoticia_20150630085933_800-650x488.jpg 650w, https:\/\/eldigitaldeasturias.com\/magazine365\/wp-content\/uploads\/2015\/07\/fotonoticia_20150630085933_800-768x576.jpg 768w, https:\/\/eldigitaldeasturias.com\/magazine365\/wp-content\/uploads\/2015\/07\/fotonoticia_20150630085933_800-150x113.jpg 150w, https:\/\/eldigitaldeasturias.com\/magazine365\/wp-content\/uploads\/2015\/07\/fotonoticia_20150630085933_800-450x338.jpg 450w, https:\/\/eldigitaldeasturias.com\/magazine365\/wp-content\/uploads\/2015\/07\/fotonoticia_20150630085933_800-80x60.jpg 80w, https:\/\/eldigitaldeasturias.com\/magazine365\/wp-content\/uploads\/2015\/07\/fotonoticia_20150630085933_800-265x198.jpg 265w, https:\/\/eldigitaldeasturias.com\/magazine365\/wp-content\/uploads\/2015\/07\/fotonoticia_20150630085933_800-696x522.jpg 696w, https:\/\/eldigitaldeasturias.com\/magazine365\/wp-content\/uploads\/2015\/07\/fotonoticia_20150630085933_800-560x420.jpg 560w, https:\/\/eldigitaldeasturias.com\/magazine365\/wp-content\/uploads\/2015\/07\/fotonoticia_20150630085933_800-90x67.jpg 90w, https:\/\/eldigitaldeasturias.com\/magazine365\/wp-content\/uploads\/2015\/07\/fotonoticia_20150630085933_800-100x75.jpg 100w, https:\/\/eldigitaldeasturias.com\/magazine365\/wp-content\/uploads\/2015\/07\/fotonoticia_20150630085933_800.jpg 800w\" sizes=\"(max-width: 360px) 100vw, 360px\" \/>Los aeropuertos espa\u00f1oles registrar\u00e1n 30.094 movimientos en la primera operaci\u00f3n salida del verano, desde hoy 30 de junio, hasta el pr\u00f3ximo 5 de julio, periodo para el que las compa\u00f1\u00edas a\u00e9reas han ofertado 5,13 millones de plazas, seg\u00fan informaron fuentes de Aena a Europa Press.<\/p>\n<p>El viernes d\u00eda 3 ser\u00e1 el d\u00eda de mayor tr\u00e1fico en el conjunto de la red, con un total de 5.538 vuelos programados, para una oferta de 876.265 asientos disponibles.<\/p>\n<p>Para el mi\u00e9rcoles, 1 de julio, hay previstas 5.245 operaciones de llegada y salida en el conjunto de los 46 aeropuertos y un total de 5.269 para el 2 de julio.<\/p>\n<p>Durante el fin de semana, se prev\u00e9n 10.853 despegues y aterrizajes en toda la red de aeropuertos espa\u00f1oles de Aena, 5.353 el s\u00e1bado y 5.500 el domingo, con casi 1,8 millones de asientos disponibles.<\/p>\n<p>Por el contrario, el d\u00eda con menor n\u00famero de movimientos a\u00e9reos previstos ser\u00e1 este martes, d\u00eda de arranque de la primera operaci\u00f3n salida del verano con un total de 5.189 operaciones previstas y 823.504 plazas ofertadas.<\/p>\n<p>BARAJAS, EL DE MAYOR TR\u00c1FICO Y OFERTA.<\/p>\n<p>El aeropuerto Adolfo Su\u00e1rez Madrid-Barajas es el que registra un mayor tr\u00e1fico previsto para estos d\u00edas de arranque del verano, con un total de 6.427 operaciones hasta el 5 de julio, lo que supone m\u00e1s de un mill\u00f3n de asientos disponibles.<\/p>\n<p>El d\u00eda con mayor n\u00fameros de vuelos programados en el aeropuerto de la capital ser\u00e1 el domingo, con 1.116 movimientos previstos, y un total de 174.862 asientos ofertados.<\/p>\n<p>Por su parte, el aeropuerto de Barcelona-El Prat registrar\u00e1 5.462 vuelos durante los pr\u00f3ximos seis d\u00edas, con 958.418 plazas disponibles. El d\u00eda de mayor tr\u00e1fico ser\u00e1 el viernes d\u00eda 3 de julio, con 969 operaciones previstas y 168.932 asientos ofertados.<\/p>\n<p>Ocupa el tercer lugar el aeropuerto de Palma, donde se realizar\u00e1n m\u00e1s de 4.400 operaciones durante el \u00faltimo d\u00eda de junio y el d\u00eda 5 de julio, lo que sumar\u00e1 un total de 751.955 plazas previstas. En este caso, el d\u00eda de mayor tr\u00e1fico ser\u00e1 el s\u00e1bado 4 de julio, con 929 vuelos y m\u00e1s de 750.000 asientos.<\/p>\n<p>IBIZA, QUINTO AEROPUERTO CON M\u00c1S VUELOS.<\/p>\n<p>En la cuarta posici\u00f3n se encuentra el aeropuerto de M\u00e1laga, que asumir\u00e1 un total de 2.145 vuelos previstos hasta el 5 de julio, de los cuales 383 est\u00e1n programados para el s\u00e1bado 4 de julio, el d\u00eda con m\u00e1s tr\u00e1fico, y un total de 362.921 plazas disponibles durante esos tres d\u00edas.<\/p>\n<p>El aeropuerto de Ibiza se posiciona como el quinto aeropuerto de Espa\u00f1a con m\u00e1s movimientos previstos para la primera operaci\u00f3n salida de este verano, con 1.714 vuelos, y m\u00e1s de 261.000 asientos.<\/p>\n<p>Le sigue el aeropuerto de Alicante, con 1.548 operaciones, ofreciendo un total de 263.002 plazas; Valencia, con 875 vuelos y casi 120.000 asientos; y, el aeropuerto de Tenerife Sur, con 787 movimientos, rozando las 150.000 plazas ofertadas.<\/p>\n","protected":false},"excerpt":{"rendered":"<p>Los aeropuertos espa\u00f1oles registrar\u00e1n 30.094 movimientos en la primera operaci\u00f3n salida del verano, desde hoy 30 de junio, hasta el pr\u00f3ximo 5 de julio, periodo para el que las compa\u00f1\u00edas a\u00e9reas han ofertado 5,13 millones de plazas, seg\u00fan informaron fuentes de Aena a Europa Press. El viernes d\u00eda 3 ser\u00e1 el d\u00eda de mayor tr\u00e1fico<\/p>\n","protected":false},"author":1,"featured_media":41337,"comment_status":"open","ping_status":"closed","sticky":false,"template":"","format":"standard","meta":{"footnotes":""},"categories":[224],"tags":[],"class_list":{"0":"post-41336","1":"post","2":"type-post","3":"status-publish","4":"format-standard","5":"has-post-thumbnail","7":"category-noticias-actualidad"},"aioseo_notices":[],"aioseo_head":"\n\t\t<!-- All in One SEO Pro 4.9.6.1 - aioseo.com -->\n\t<meta name=\"description\" content=\"Los aeropuertos espa\u00f1oles registrar\u00e1n 30.094 movimientos en la primera operaci\u00f3n salida del verano, desde hoy 30 de junio, hasta el pr\u00f3ximo 5 de julio, periodo para el que las compa\u00f1\u00edas a\u00e9reas han ofertado 5,13 millones de plazas, seg\u00fan informaron fuentes de Aena a Europa Press. El viernes d\u00eda 3 ser\u00e1 el d\u00eda de mayor tr\u00e1fico\" \/>\n\t<meta name=\"robots\" content=\"max-image-preview:large\" \/>\n\t<meta name=\"author\" content=\"admin\"\/>\n\t<meta name=\"google-site-verification\" content=\"UA-38556648-1\" \/>\n\t<meta name=\"keywords\" content=\"noticias y actualidad\" \/>\n\t<link rel=\"canonical\" href=\"https:\/\/eldigitaldeasturias.com\/magazine365\/mas-de-513-millones-de-pasajeros-pasaran-por-los-aeropuertos-espanoles-en-la-operacion-salida\/\" \/>\n\t<meta name=\"generator\" content=\"All in One SEO Pro (AIOSEO) 4.9.6.1\" \/>\n\t\t<meta property=\"og:locale\" content=\"es_ES\" \/>\n\t\t<meta property=\"og:site_name\" content=\"El Digital de Asturias \u2013 Revista de ocio, turismo y estilo de vida\" \/>\n\t\t<meta property=\"og:type\" content=\"article\" \/>\n\t\t<meta property=\"og:title\" content=\"M\u00e1s de 5,13 millones de pasajeros pasar\u00e1n por los aeropuertos espa\u00f1oles en la operaci\u00f3n salida | El Digital de Asturias\" \/>\n\t\t<meta property=\"og:description\" content=\"Los aeropuertos espa\u00f1oles registrar\u00e1n 30.094 movimientos en la primera operaci\u00f3n salida del verano, desde hoy 30 de junio, hasta el pr\u00f3ximo 5 de julio, periodo para el que las compa\u00f1\u00edas a\u00e9reas han ofertado 5,13 millones de plazas, seg\u00fan informaron fuentes de Aena a Europa Press. El viernes d\u00eda 3 ser\u00e1 el d\u00eda de mayor tr\u00e1fico\" \/>\n\t\t<meta property=\"og:url\" content=\"https:\/\/eldigitaldeasturias.com\/magazine365\/mas-de-513-millones-de-pasajeros-pasaran-por-los-aeropuertos-espanoles-en-la-operacion-salida\/\" \/>\n\t\t<meta property=\"og:image\" content=\"https:\/\/eldigitaldeasturias.com\/magazine365\/wp-content\/uploads\/2015\/07\/fotonoticia_20150630085933_800.jpg\" \/>\n\t\t<meta property=\"og:image:secure_url\" content=\"https:\/\/eldigitaldeasturias.com\/magazine365\/wp-content\/uploads\/2015\/07\/fotonoticia_20150630085933_800.jpg\" \/>\n\t\t<meta property=\"og:image:width\" content=\"800\" \/>\n\t\t<meta property=\"og:image:height\" content=\"600\" \/>\n\t\t<meta property=\"article:published_time\" content=\"2015-07-01T09:24:37+00:00\" \/>\n\t\t<meta property=\"article:modified_time\" content=\"2015-07-01T09:24:37+00:00\" \/>\n\t\t<meta name=\"twitter:card\" content=\"summary_large_image\" \/>\n\t\t<meta name=\"twitter:title\" content=\"M\u00e1s de 5,13 millones de pasajeros pasar\u00e1n por los aeropuertos espa\u00f1oles en la operaci\u00f3n salida | El Digital de Asturias\" \/>\n\t\t<meta name=\"twitter:description\" content=\"Los aeropuertos espa\u00f1oles registrar\u00e1n 30.094 movimientos en la primera operaci\u00f3n salida del verano, desde hoy 30 de junio, hasta el pr\u00f3ximo 5 de julio, periodo para el que las compa\u00f1\u00edas a\u00e9reas han ofertado 5,13 millones de plazas, seg\u00fan informaron fuentes de Aena a Europa Press. El viernes d\u00eda 3 ser\u00e1 el d\u00eda de mayor tr\u00e1fico\" \/>\n\t\t<meta name=\"twitter:image\" content=\"https:\/\/eldigitaldeasturias.com\/magazine365\/wp-content\/uploads\/2015\/07\/fotonoticia_20150630085933_800.jpg\" \/>\n\t\t<script type=\"application\/ld+json\" class=\"aioseo-schema\">\n\t\t\t{\"@context\":\"https:\\\/\\\/schema.org\",\"@graph\":[{\"@type\":\"Article\",\"@id\":\"https:\\\/\\\/eldigitaldeasturias.com\\\/magazine365\\\/mas-de-513-millones-de-pasajeros-pasaran-por-los-aeropuertos-espanoles-en-la-operacion-salida\\\/#article\",\"name\":\"M\\u00e1s de 5,13 millones de pasajeros pasar\\u00e1n por los aeropuertos espa\\u00f1oles en la operaci\\u00f3n salida | El Digital de Asturias\",\"headline\":\"M\\u00e1s de 5,13 millones de pasajeros pasar\\u00e1n por los aeropuertos espa\\u00f1oles en la operaci\\u00f3n salida\",\"author\":{\"@id\":\"https:\\\/\\\/eldigitaldeasturias.com\\\/magazine365\\\/author\\\/admin\\\/#author\"},\"publisher\":{\"@id\":\"https:\\\/\\\/eldigitaldeasturias.com\\\/magazine365\\\/#organization\"},\"image\":{\"@type\":\"ImageObject\",\"url\":\"https:\\\/\\\/eldigitaldeasturias.com\\\/magazine365\\\/wp-content\\\/uploads\\\/2015\\\/07\\\/fotonoticia_20150630085933_800.jpg\",\"width\":800,\"height\":600},\"datePublished\":\"2015-07-01T10:54:37+02:00\",\"dateModified\":\"2015-07-01T10:54:37+02:00\",\"inLanguage\":\"es-ES\",\"mainEntityOfPage\":{\"@id\":\"https:\\\/\\\/eldigitaldeasturias.com\\\/magazine365\\\/mas-de-513-millones-de-pasajeros-pasaran-por-los-aeropuertos-espanoles-en-la-operacion-salida\\\/#webpage\"},\"isPartOf\":{\"@id\":\"https:\\\/\\\/eldigitaldeasturias.com\\\/magazine365\\\/mas-de-513-millones-de-pasajeros-pasaran-por-los-aeropuertos-espanoles-en-la-operacion-salida\\\/#webpage\"},\"articleSection\":\"Noticias y Actualidad\"},{\"@type\":\"BreadcrumbList\",\"@id\":\"https:\\\/\\\/eldigitaldeasturias.com\\\/magazine365\\\/mas-de-513-millones-de-pasajeros-pasaran-por-los-aeropuertos-espanoles-en-la-operacion-salida\\\/#breadcrumblist\",\"itemListElement\":[{\"@type\":\"ListItem\",\"@id\":\"https:\\\/\\\/eldigitaldeasturias.com\\\/magazine365#listItem\",\"position\":1,\"name\":\"Home\",\"item\":\"https:\\\/\\\/eldigitaldeasturias.com\\\/magazine365\",\"nextItem\":{\"@type\":\"ListItem\",\"@id\":\"https:\\\/\\\/eldigitaldeasturias.com\\\/magazine365\\\/category\\\/noticias-actualidad\\\/#listItem\",\"name\":\"Noticias y Actualidad\"}},{\"@type\":\"ListItem\",\"@id\":\"https:\\\/\\\/eldigitaldeasturias.com\\\/magazine365\\\/category\\\/noticias-actualidad\\\/#listItem\",\"position\":2,\"name\":\"Noticias y Actualidad\",\"item\":\"https:\\\/\\\/eldigitaldeasturias.com\\\/magazine365\\\/category\\\/noticias-actualidad\\\/\",\"nextItem\":{\"@type\":\"ListItem\",\"@id\":\"https:\\\/\\\/eldigitaldeasturias.com\\\/magazine365\\\/mas-de-513-millones-de-pasajeros-pasaran-por-los-aeropuertos-espanoles-en-la-operacion-salida\\\/#listItem\",\"name\":\"M\\u00e1s de 5,13 millones de pasajeros pasar\\u00e1n por los aeropuertos espa\\u00f1oles en la operaci\\u00f3n salida\"},\"previousItem\":{\"@type\":\"ListItem\",\"@id\":\"https:\\\/\\\/eldigitaldeasturias.com\\\/magazine365#listItem\",\"name\":\"Home\"}},{\"@type\":\"ListItem\",\"@id\":\"https:\\\/\\\/eldigitaldeasturias.com\\\/magazine365\\\/mas-de-513-millones-de-pasajeros-pasaran-por-los-aeropuertos-espanoles-en-la-operacion-salida\\\/#listItem\",\"position\":3,\"name\":\"M\\u00e1s de 5,13 millones de pasajeros pasar\\u00e1n por los aeropuertos espa\\u00f1oles en la operaci\\u00f3n salida\",\"previousItem\":{\"@type\":\"ListItem\",\"@id\":\"https:\\\/\\\/eldigitaldeasturias.com\\\/magazine365\\\/category\\\/noticias-actualidad\\\/#listItem\",\"name\":\"Noticias y Actualidad\"}}]},{\"@type\":\"Organization\",\"@id\":\"https:\\\/\\\/eldigitaldeasturias.com\\\/magazine365\\\/#organization\",\"name\":\"El digital de Asturias\",\"description\":\"Revista de ocio, turismo y estilo de vida\",\"url\":\"https:\\\/\\\/eldigitaldeasturias.com\\\/magazine365\\\/\",\"logo\":{\"@type\":\"ImageObject\",\"url\":\"https:\\\/\\\/www.eldigitaldeasturias.com\\\/noticias\\\/wp-content\\\/uploads\\\/2020\\\/12\\\/EDA.jpg\",\"@id\":\"https:\\\/\\\/eldigitaldeasturias.com\\\/magazine365\\\/mas-de-513-millones-de-pasajeros-pasaran-por-los-aeropuertos-espanoles-en-la-operacion-salida\\\/#organizationLogo\"},\"image\":{\"@id\":\"https:\\\/\\\/eldigitaldeasturias.com\\\/magazine365\\\/mas-de-513-millones-de-pasajeros-pasaran-por-los-aeropuertos-espanoles-en-la-operacion-salida\\\/#organizationLogo\"}},{\"@type\":\"Person\",\"@id\":\"https:\\\/\\\/eldigitaldeasturias.com\\\/magazine365\\\/author\\\/admin\\\/#author\",\"url\":\"https:\\\/\\\/eldigitaldeasturias.com\\\/magazine365\\\/author\\\/admin\\\/\",\"name\":\"admin\",\"image\":{\"@type\":\"ImageObject\",\"@id\":\"https:\\\/\\\/eldigitaldeasturias.com\\\/magazine365\\\/mas-de-513-millones-de-pasajeros-pasaran-por-los-aeropuertos-espanoles-en-la-operacion-salida\\\/#authorImage\",\"url\":\"https:\\\/\\\/eldigitaldeasturias.com\\\/magazine365\\\/wp-content\\\/litespeed\\\/avatar\\\/e571bcf59a0edd6fa6838245a470f2fe.jpg?ver=1777574230\",\"width\":96,\"height\":96,\"caption\":\"admin\"}},{\"@type\":\"WebPage\",\"@id\":\"https:\\\/\\\/eldigitaldeasturias.com\\\/magazine365\\\/mas-de-513-millones-de-pasajeros-pasaran-por-los-aeropuertos-espanoles-en-la-operacion-salida\\\/#webpage\",\"url\":\"https:\\\/\\\/eldigitaldeasturias.com\\\/magazine365\\\/mas-de-513-millones-de-pasajeros-pasaran-por-los-aeropuertos-espanoles-en-la-operacion-salida\\\/\",\"name\":\"M\\u00e1s de 5,13 millones de pasajeros pasar\\u00e1n por los aeropuertos espa\\u00f1oles en la operaci\\u00f3n salida | El Digital de Asturias\",\"description\":\"Los aeropuertos espa\\u00f1oles registrar\\u00e1n 30.094 movimientos en la primera operaci\\u00f3n salida del verano, desde hoy 30 de junio, hasta el pr\\u00f3ximo 5 de julio, periodo para el que las compa\\u00f1\\u00edas a\\u00e9reas han ofertado 5,13 millones de plazas, seg\\u00fan informaron fuentes de Aena a Europa Press. El viernes d\\u00eda 3 ser\\u00e1 el d\\u00eda de mayor tr\\u00e1fico\",\"inLanguage\":\"es-ES\",\"isPartOf\":{\"@id\":\"https:\\\/\\\/eldigitaldeasturias.com\\\/magazine365\\\/#website\"},\"breadcrumb\":{\"@id\":\"https:\\\/\\\/eldigitaldeasturias.com\\\/magazine365\\\/mas-de-513-millones-de-pasajeros-pasaran-por-los-aeropuertos-espanoles-en-la-operacion-salida\\\/#breadcrumblist\"},\"author\":{\"@id\":\"https:\\\/\\\/eldigitaldeasturias.com\\\/magazine365\\\/author\\\/admin\\\/#author\"},\"creator\":{\"@id\":\"https:\\\/\\\/eldigitaldeasturias.com\\\/magazine365\\\/author\\\/admin\\\/#author\"},\"image\":{\"@type\":\"ImageObject\",\"url\":\"https:\\\/\\\/eldigitaldeasturias.com\\\/magazine365\\\/wp-content\\\/uploads\\\/2015\\\/07\\\/fotonoticia_20150630085933_800.jpg\",\"@id\":\"https:\\\/\\\/eldigitaldeasturias.com\\\/magazine365\\\/mas-de-513-millones-de-pasajeros-pasaran-por-los-aeropuertos-espanoles-en-la-operacion-salida\\\/#mainImage\",\"width\":800,\"height\":600},\"primaryImageOfPage\":{\"@id\":\"https:\\\/\\\/eldigitaldeasturias.com\\\/magazine365\\\/mas-de-513-millones-de-pasajeros-pasaran-por-los-aeropuertos-espanoles-en-la-operacion-salida\\\/#mainImage\"},\"datePublished\":\"2015-07-01T10:54:37+02:00\",\"dateModified\":\"2015-07-01T10:54:37+02:00\"},{\"@type\":\"WebSite\",\"@id\":\"https:\\\/\\\/eldigitaldeasturias.com\\\/magazine365\\\/#website\",\"url\":\"https:\\\/\\\/eldigitaldeasturias.com\\\/magazine365\\\/\",\"name\":\"El Digital de Asturias\",\"description\":\"Revista de ocio, turismo y estilo de vida\",\"inLanguage\":\"es-ES\",\"publisher\":{\"@id\":\"https:\\\/\\\/eldigitaldeasturias.com\\\/magazine365\\\/#organization\"}}]}\n\t\t<\/script>\n\t\t<!-- All in One SEO Pro -->\r\n\t\t<title>M\u00e1s de 5,13 millones de pasajeros pasar\u00e1n por los aeropuertos espa\u00f1oles en la operaci\u00f3n salida | El Digital de Asturias<\/title>\n\n","aioseo_head_json":{"title":"M\u00e1s de 5,13 millones de pasajeros pasar\u00e1n por los aeropuertos espa\u00f1oles en la operaci\u00f3n salida | El Digital de Asturias","description":"Los aeropuertos espa\u00f1oles registrar\u00e1n 30.094 movimientos en la primera operaci\u00f3n salida del verano, desde hoy 30 de junio, hasta el pr\u00f3ximo 5 de julio, periodo para el que las compa\u00f1\u00edas a\u00e9reas han ofertado 5,13 millones de plazas, seg\u00fan informaron fuentes de Aena a Europa Press. El viernes d\u00eda 3 ser\u00e1 el d\u00eda de mayor tr\u00e1fico","canonical_url":"https:\/\/eldigitaldeasturias.com\/magazine365\/mas-de-513-millones-de-pasajeros-pasaran-por-los-aeropuertos-espanoles-en-la-operacion-salida\/","robots":"max-image-preview:large","keywords":"noticias y actualidad","webmasterTools":{"google-site-verification":"UA-38556648-1","miscellaneous":""},"schema":{"@context":"https:\/\/schema.org","@graph":[{"@type":"Article","@id":"https:\/\/eldigitaldeasturias.com\/magazine365\/mas-de-513-millones-de-pasajeros-pasaran-por-los-aeropuertos-espanoles-en-la-operacion-salida\/#article","name":"M\u00e1s de 5,13 millones de pasajeros pasar\u00e1n por los aeropuertos espa\u00f1oles en la operaci\u00f3n salida | El Digital de Asturias","headline":"M\u00e1s de 5,13 millones de pasajeros pasar\u00e1n por los aeropuertos espa\u00f1oles en la operaci\u00f3n salida","author":{"@id":"https:\/\/eldigitaldeasturias.com\/magazine365\/author\/admin\/#author"},"publisher":{"@id":"https:\/\/eldigitaldeasturias.com\/magazine365\/#organization"},"image":{"@type":"ImageObject","url":"https:\/\/eldigitaldeasturias.com\/magazine365\/wp-content\/uploads\/2015\/07\/fotonoticia_20150630085933_800.jpg","width":800,"height":600},"datePublished":"2015-07-01T10:54:37+02:00","dateModified":"2015-07-01T10:54:37+02:00","inLanguage":"es-ES","mainEntityOfPage":{"@id":"https:\/\/eldigitaldeasturias.com\/magazine365\/mas-de-513-millones-de-pasajeros-pasaran-por-los-aeropuertos-espanoles-en-la-operacion-salida\/#webpage"},"isPartOf":{"@id":"https:\/\/eldigitaldeasturias.com\/magazine365\/mas-de-513-millones-de-pasajeros-pasaran-por-los-aeropuertos-espanoles-en-la-operacion-salida\/#webpage"},"articleSection":"Noticias y Actualidad"},{"@type":"BreadcrumbList","@id":"https:\/\/eldigitaldeasturias.com\/magazine365\/mas-de-513-millones-de-pasajeros-pasaran-por-los-aeropuertos-espanoles-en-la-operacion-salida\/#breadcrumblist","itemListElement":[{"@type":"ListItem","@id":"https:\/\/eldigitaldeasturias.com\/magazine365#listItem","position":1,"name":"Home","item":"https:\/\/eldigitaldeasturias.com\/magazine365","nextItem":{"@type":"ListItem","@id":"https:\/\/eldigitaldeasturias.com\/magazine365\/category\/noticias-actualidad\/#listItem","name":"Noticias y Actualidad"}},{"@type":"ListItem","@id":"https:\/\/eldigitaldeasturias.com\/magazine365\/category\/noticias-actualidad\/#listItem","position":2,"name":"Noticias y Actualidad","item":"https:\/\/eldigitaldeasturias.com\/magazine365\/category\/noticias-actualidad\/","nextItem":{"@type":"ListItem","@id":"https:\/\/eldigitaldeasturias.com\/magazine365\/mas-de-513-millones-de-pasajeros-pasaran-por-los-aeropuertos-espanoles-en-la-operacion-salida\/#listItem","name":"M\u00e1s de 5,13 millones de pasajeros pasar\u00e1n por los aeropuertos espa\u00f1oles en la operaci\u00f3n salida"},"previousItem":{"@type":"ListItem","@id":"https:\/\/eldigitaldeasturias.com\/magazine365#listItem","name":"Home"}},{"@type":"ListItem","@id":"https:\/\/eldigitaldeasturias.com\/magazine365\/mas-de-513-millones-de-pasajeros-pasaran-por-los-aeropuertos-espanoles-en-la-operacion-salida\/#listItem","position":3,"name":"M\u00e1s de 5,13 millones de pasajeros pasar\u00e1n por los aeropuertos espa\u00f1oles en la operaci\u00f3n salida","previousItem":{"@type":"ListItem","@id":"https:\/\/eldigitaldeasturias.com\/magazine365\/category\/noticias-actualidad\/#listItem","name":"Noticias y Actualidad"}}]},{"@type":"Organization","@id":"https:\/\/eldigitaldeasturias.com\/magazine365\/#organization","name":"El digital de Asturias","description":"Revista de ocio, turismo y estilo de vida","url":"https:\/\/eldigitaldeasturias.com\/magazine365\/","logo":{"@type":"ImageObject","url":"https:\/\/www.eldigitaldeasturias.com\/noticias\/wp-content\/uploads\/2020\/12\/EDA.jpg","@id":"https:\/\/eldigitaldeasturias.com\/magazine365\/mas-de-513-millones-de-pasajeros-pasaran-por-los-aeropuertos-espanoles-en-la-operacion-salida\/#organizationLogo"},"image":{"@id":"https:\/\/eldigitaldeasturias.com\/magazine365\/mas-de-513-millones-de-pasajeros-pasaran-por-los-aeropuertos-espanoles-en-la-operacion-salida\/#organizationLogo"}},{"@type":"Person","@id":"https:\/\/eldigitaldeasturias.com\/magazine365\/author\/admin\/#author","url":"https:\/\/eldigitaldeasturias.com\/magazine365\/author\/admin\/","name":"admin","image":{"@type":"ImageObject","@id":"https:\/\/eldigitaldeasturias.com\/magazine365\/mas-de-513-millones-de-pasajeros-pasaran-por-los-aeropuertos-espanoles-en-la-operacion-salida\/#authorImage","url":"https:\/\/eldigitaldeasturias.com\/magazine365\/wp-content\/litespeed\/avatar\/e571bcf59a0edd6fa6838245a470f2fe.jpg?ver=1777574230","width":96,"height":96,"caption":"admin"}},{"@type":"WebPage","@id":"https:\/\/eldigitaldeasturias.com\/magazine365\/mas-de-513-millones-de-pasajeros-pasaran-por-los-aeropuertos-espanoles-en-la-operacion-salida\/#webpage","url":"https:\/\/eldigitaldeasturias.com\/magazine365\/mas-de-513-millones-de-pasajeros-pasaran-por-los-aeropuertos-espanoles-en-la-operacion-salida\/","name":"M\u00e1s de 5,13 millones de pasajeros pasar\u00e1n por los aeropuertos espa\u00f1oles en la operaci\u00f3n salida | El Digital de Asturias","description":"Los aeropuertos espa\u00f1oles registrar\u00e1n 30.094 movimientos en la primera operaci\u00f3n salida del verano, desde hoy 30 de junio, hasta el pr\u00f3ximo 5 de julio, periodo para el que las compa\u00f1\u00edas a\u00e9reas han ofertado 5,13 millones de plazas, seg\u00fan informaron fuentes de Aena a Europa Press. El viernes d\u00eda 3 ser\u00e1 el d\u00eda de mayor tr\u00e1fico","inLanguage":"es-ES","isPartOf":{"@id":"https:\/\/eldigitaldeasturias.com\/magazine365\/#website"},"breadcrumb":{"@id":"https:\/\/eldigitaldeasturias.com\/magazine365\/mas-de-513-millones-de-pasajeros-pasaran-por-los-aeropuertos-espanoles-en-la-operacion-salida\/#breadcrumblist"},"author":{"@id":"https:\/\/eldigitaldeasturias.com\/magazine365\/author\/admin\/#author"},"creator":{"@id":"https:\/\/eldigitaldeasturias.com\/magazine365\/author\/admin\/#author"},"image":{"@type":"ImageObject","url":"https:\/\/eldigitaldeasturias.com\/magazine365\/wp-content\/uploads\/2015\/07\/fotonoticia_20150630085933_800.jpg","@id":"https:\/\/eldigitaldeasturias.com\/magazine365\/mas-de-513-millones-de-pasajeros-pasaran-por-los-aeropuertos-espanoles-en-la-operacion-salida\/#mainImage","width":800,"height":600},"primaryImageOfPage":{"@id":"https:\/\/eldigitaldeasturias.com\/magazine365\/mas-de-513-millones-de-pasajeros-pasaran-por-los-aeropuertos-espanoles-en-la-operacion-salida\/#mainImage"},"datePublished":"2015-07-01T10:54:37+02:00","dateModified":"2015-07-01T10:54:37+02:00"},{"@type":"WebSite","@id":"https:\/\/eldigitaldeasturias.com\/magazine365\/#website","url":"https:\/\/eldigitaldeasturias.com\/magazine365\/","name":"El Digital de Asturias","description":"Revista de ocio, turismo y estilo de vida","inLanguage":"es-ES","publisher":{"@id":"https:\/\/eldigitaldeasturias.com\/magazine365\/#organization"}}]},"og:locale":"es_ES","og:site_name":"El Digital de Asturias \u2013 Revista de ocio, turismo y estilo de vida","og:type":"article","og:title":"M\u00e1s de 5,13 millones de pasajeros pasar\u00e1n por los aeropuertos espa\u00f1oles en la operaci\u00f3n salida | El Digital de Asturias","og:description":"Los aeropuertos espa\u00f1oles registrar\u00e1n 30.094 movimientos en la primera operaci\u00f3n salida del verano, desde hoy 30 de junio, hasta el pr\u00f3ximo 5 de julio, periodo para el que las compa\u00f1\u00edas a\u00e9reas han ofertado 5,13 millones de plazas, seg\u00fan informaron fuentes de Aena a Europa Press. El viernes d\u00eda 3 ser\u00e1 el d\u00eda de mayor tr\u00e1fico","og:url":"https:\/\/eldigitaldeasturias.com\/magazine365\/mas-de-513-millones-de-pasajeros-pasaran-por-los-aeropuertos-espanoles-en-la-operacion-salida\/","og:image":"https:\/\/eldigitaldeasturias.com\/magazine365\/wp-content\/uploads\/2015\/07\/fotonoticia_20150630085933_800.jpg","og:image:secure_url":"https:\/\/eldigitaldeasturias.com\/magazine365\/wp-content\/uploads\/2015\/07\/fotonoticia_20150630085933_800.jpg","og:image:width":800,"og:image:height":600,"article:published_time":"2015-07-01T09:24:37+00:00","article:modified_time":"2015-07-01T09:24:37+00:00","twitter:card":"summary_large_image","twitter:title":"M\u00e1s de 5,13 millones de pasajeros pasar\u00e1n por los aeropuertos espa\u00f1oles en la operaci\u00f3n salida | El Digital de Asturias","twitter:description":"Los aeropuertos espa\u00f1oles registrar\u00e1n 30.094 movimientos en la primera operaci\u00f3n salida del verano, desde hoy 30 de junio, hasta el pr\u00f3ximo 5 de julio, periodo para el que las compa\u00f1\u00edas a\u00e9reas han ofertado 5,13 millones de plazas, seg\u00fan informaron fuentes de Aena a Europa Press. El viernes d\u00eda 3 ser\u00e1 el d\u00eda de mayor tr\u00e1fico","twitter:image":"https:\/\/eldigitaldeasturias.com\/magazine365\/wp-content\/uploads\/2015\/07\/fotonoticia_20150630085933_800.jpg"},"aioseo_meta_data":{"post_id":"41336","title":null,"description":null,"keywords":null,"keyphrases":null,"primary_term":null,"canonical_url":null,"og_title":null,"og_description":null,"og_object_type":"default","og_image_type":"default","og_image_url":null,"og_image_width":null,"og_image_height":null,"og_image_custom_url":null,"og_image_custom_fields":null,"og_video":null,"og_custom_url":null,"og_article_section":null,"og_article_tags":null,"twitter_use_og":false,"twitter_card":"default","twitter_image_type":"default","twitter_image_url":null,"twitter_image_custom_url":null,"twitter_image_custom_fields":null,"twitter_title":null,"twitter_description":null,"schema":{"blockGraphs":[],"customGraphs":[],"default":{"data":{"Article":[],"Course":[],"Dataset":[],"FAQPage":[],"Movie":[],"Person":[],"Product":[],"ProductReview":[],"Car":[],"Recipe":[],"Service":[],"SoftwareApplication":[],"WebPage":[]},"graphName":"","isEnabled":true},"graphs":[],"defaultGraph":"","defaultPostTypeGraph":""},"schema_type":null,"schema_type_options":null,"pillar_content":false,"robots_default":true,"robots_noindex":false,"robots_noarchive":false,"robots_nosnippet":false,"robots_nofollow":false,"robots_noimageindex":false,"robots_noodp":false,"robots_notranslate":false,"robots_max_snippet":null,"robots_max_videopreview":null,"robots_max_imagepreview":"large","priority":null,"frequency":null,"location":null,"local_seo":null,"seo_analyzer_scan_date":"2025-09-19 15:27:01","breadcrumb_settings":null,"limit_modified_date":false,"open_ai":null,"ai":null,"created":"2021-03-09 02:16:53","updated":"2025-09-19 15:27:01"},"aioseo_breadcrumb":"<div class=\"aioseo-breadcrumbs\"><span class=\"aioseo-breadcrumb\">\n\t<a href=\"https:\/\/eldigitaldeasturias.com\/magazine365\" title=\"Home\">Home<\/a>\n<\/span><span class=\"aioseo-breadcrumb-separator\">\u2013<\/span><span class=\"aioseo-breadcrumb\">\n\t<a href=\"https:\/\/eldigitaldeasturias.com\/magazine365\/category\/noticias-actualidad\/\" title=\"Noticias y Actualidad\">Noticias y Actualidad<\/a>\n<\/span><span class=\"aioseo-breadcrumb-separator\">\u2013<\/span><span class=\"aioseo-breadcrumb\">\n\t<a href=\"https:\/\/eldigitaldeasturias.com\/magazine365\/mas-de-513-millones-de-pasajeros-pasaran-por-los-aeropuertos-espanoles-en-la-operacion-salida\/\" title=\"M\u00e1s de 5,13 millones de pasajeros pasar\u00e1n por los aeropuertos espa\u00f1oles en la operaci\u00f3n salida\">M\u00e1s de 5,13 millones de pasajeros pasar\u00e1n por los aeropuertos espa\u00f1oles en la operaci\u00f3n salida<\/a>\n<\/span><\/div>","aioseo_breadcrumb_json":[{"label":"Home","link":"https:\/\/eldigitaldeasturias.com\/magazine365"},{"label":"Noticias y Actualidad","link":"https:\/\/eldigitaldeasturias.com\/magazine365\/category\/noticias-actualidad\/"},{"label":"M\u00e1s de 5,13 millones de pasajeros pasar\u00e1n por los aeropuertos espa\u00f1oles en la operaci\u00f3n salida","link":"https:\/\/eldigitaldeasturias.com\/magazine365\/mas-de-513-millones-de-pasajeros-pasaran-por-los-aeropuertos-espanoles-en-la-operacion-salida\/"}],"_links":{"self":[{"href":"https:\/\/eldigitaldeasturias.com\/magazine365\/wp-json\/wp\/v2\/posts\/41336","targetHints":{"allow":["GET"]}}],"collection":[{"href":"https:\/\/eldigitaldeasturias.com\/magazine365\/wp-json\/wp\/v2\/posts"}],"about":[{"href":"https:\/\/eldigitaldeasturias.com\/magazine365\/wp-json\/wp\/v2\/types\/post"}],"author":[{"embeddable":true,"href":"https:\/\/eldigitaldeasturias.com\/magazine365\/wp-json\/wp\/v2\/users\/1"}],"replies":[{"embeddable":true,"href":"https:\/\/eldigitaldeasturias.com\/magazine365\/wp-json\/wp\/v2\/comments?post=41336"}],"version-history":[{"count":0,"href":"https:\/\/eldigitaldeasturias.com\/magazine365\/wp-json\/wp\/v2\/posts\/41336\/revisions"}],"wp:featuredmedia":[{"embeddable":true,"href":"https:\/\/eldigitaldeasturias.com\/magazine365\/wp-json\/wp\/v2\/media\/41337"}],"wp:attachment":[{"href":"https:\/\/eldigitaldeasturias.com\/magazine365\/wp-json\/wp\/v2\/media?parent=41336"}],"wp:term":[{"taxonomy":"category","embeddable":true,"href":"https:\/\/eldigitaldeasturias.com\/magazine365\/wp-json\/wp\/v2\/categories?post=41336"},{"taxonomy":"post_tag","embeddable":true,"href":"https:\/\/eldigitaldeasturias.com\/magazine365\/wp-json\/wp\/v2\/tags?post=41336"}],"curies":[{"name":"wp","href":"https:\/\/api.w.org\/{rel}","templated":true}]}}