{"id":41320,"date":"2015-06-30T08:25:29","date_gmt":"2015-06-30T06:55:29","guid":{"rendered":"http:\/\/eldigitaldeasturias.com\/magazine365\/?p=41320"},"modified":"2015-06-30T08:25:48","modified_gmt":"2015-06-30T06:55:48","slug":"caceres-supera-todas-las-expectativas-en-los-seis-primeros-meses-como-capital-espanola-de-la-gastronomia","status":"publish","type":"post","link":"https:\/\/eldigitaldeasturias.com\/magazine365\/caceres-supera-todas-las-expectativas-en-los-seis-primeros-meses-como-capital-espanola-de-la-gastronomia\/","title":{"rendered":"C\u00e1ceres supera \u00abtodas las expectativas\u00bb en los seis primeros meses como &#8216;Capital Espa\u00f1ola de la Gastronom\u00eda&#8217;"},"content":{"rendered":"<p><img fetchpriority=\"high\" decoding=\"async\" class=\"alignleft size-medium wp-image-41321\" src=\"https:\/\/eldigitaldeasturias.com\/magazine365\/wp-content\/uploads\/2015\/06\/fotonoticia_20150629160949_800-360x203.jpg\" alt=\"fotonoticia_20150629160949_800\" width=\"360\" height=\"203\" srcset=\"https:\/\/eldigitaldeasturias.com\/magazine365\/wp-content\/uploads\/2015\/06\/fotonoticia_20150629160949_800-360x203.jpg 360w, https:\/\/eldigitaldeasturias.com\/magazine365\/wp-content\/uploads\/2015\/06\/fotonoticia_20150629160949_800-650x366.jpg 650w, https:\/\/eldigitaldeasturias.com\/magazine365\/wp-content\/uploads\/2015\/06\/fotonoticia_20150629160949_800-768x432.jpg 768w, https:\/\/eldigitaldeasturias.com\/magazine365\/wp-content\/uploads\/2015\/06\/fotonoticia_20150629160949_800-150x84.jpg 150w, https:\/\/eldigitaldeasturias.com\/magazine365\/wp-content\/uploads\/2015\/06\/fotonoticia_20150629160949_800-450x253.jpg 450w, https:\/\/eldigitaldeasturias.com\/magazine365\/wp-content\/uploads\/2015\/06\/fotonoticia_20150629160949_800-696x392.jpg 696w, https:\/\/eldigitaldeasturias.com\/magazine365\/wp-content\/uploads\/2015\/06\/fotonoticia_20150629160949_800-747x420.jpg 747w, https:\/\/eldigitaldeasturias.com\/magazine365\/wp-content\/uploads\/2015\/06\/fotonoticia_20150629160949_800-499x280.jpg 499w, https:\/\/eldigitaldeasturias.com\/magazine365\/wp-content\/uploads\/2015\/06\/fotonoticia_20150629160949_800.jpg 800w\" sizes=\"(max-width: 360px) 100vw, 360px\" \/>La ciudad de C\u00e1ceres ha superado \u00abtodas las expectativas\u00bb en los seis primeros meses como Capital Espa\u00f1ola de la Gastronom\u00eda (CEG) ya que el n\u00famero de visitantes ha subido un 27 por ciento respecto al mismo periodo del a\u00f1o pasado y la repercusi\u00f3n publicitaria en los medios de comunicaci\u00f3n se valora en m\u00e1s de 6,5 millones de euros.<\/p>\n<p>As\u00ed, el presidente de CEG y de la Federaci\u00f3n Espa\u00f1ola de Periodistas Tur\u00edsticos, Mariano Palac\u00edn, ha asegurado que \u00abel balance de estos primeros seis meses es satisfactorio\u00bb porque \u00ablos objetivos fijados se est\u00e1n alcanzando plenamente\u00bb ya que la presencia de C\u00e1ceres en los medios es \u00abpermanente\u00bb y la ciudad ha ganado \u00abnotoriedad\u00bb.<\/p>\n<p>\u00abLos datos facilitados por la Consejer\u00eda de Turismo sobre un crecimiento del 27 por ciento de visitantes a la ciudad certifican que la apuesta de C\u00e1ceres por la Capitalidad es un acierto\u00bb, se\u00f1ala Palac\u00edn, que recuerda en una nota de prensa que uno de los objetivos de este galard\u00f3n es conseguir que aumente el turismo y que as\u00ed el sector de hosteler\u00eda y restauraci\u00f3n crezca y genere m\u00e1s puestos de trabajo.<\/p>\n<p>En las anteriores ciudades galardonadas en las otras ediciones (Logro\u00f1o, Burgos y Vitoria) se hab\u00edan registrado incrementos pero \u00ablas magnitudes de C\u00e1ceres son de r\u00e9cord\u00bb, a\u00f1ade el responsable de la CEG, quien asegura que \u00abel incremento de visitantes es el mejor aval de la Capitalidad\u00bb.<\/p>\n<p>Respecto a la presencia de C\u00e1ceres y Extremadura en los medios, desde la direcci\u00f3n de la capitalidad se resalta que la ciudad est\u00e1 permanentemente en prensa, radio y TV, tanto nacionales como internacionales. \u00abLos medios se han volcado en ensalzar los atractivos monumentales y gastron\u00f3micos de la ciudad\u00bb, apunta.<\/p>\n<p>Seg\u00fan el estudio de impactos y retorno de la inversi\u00f3n que elabora Kantarmedia, esta campa\u00f1a de difusi\u00f3n est\u00e1 valorada en m\u00e1s de 6,5 millones de euros. Hay que recordar tambi\u00e9n el paso de programas como Master Chef o los reportajes de The New York Times o The Guardian recomendando visitar C\u00e1ceres este a\u00f1o.<\/p>\n<p>Respecto al futuro que se presenta con cambios en el Gobierno extreme\u00f1o, Palac\u00edn ha recordado que el liderazgo del proyecto corresponde al Gobierno de Extremadura que asumi\u00f3 su financiaci\u00f3n y su gesti\u00f3n, un compromiso que espera que mantenga el nuevo equipo del socialista Guillermo Fern\u00e1ndez Vara quien \u00abconoce y apoya el proyecto\u00bb, tal y como lo hizo saber cuando visit\u00f3 en stand de la CEG en Fitur.<\/p>\n<p>\u00abC\u00e1ceres Capital Espa\u00f1ola de la Gastronom\u00eda 2016 se ha convertido hoy en la bandera del turismo extreme\u00f1o y es uno de los principales argumentos del viajero para elegir Extremadura como destino tur\u00edstico donde disfrutar sus vacaciones\u00bb, recuerda Palac\u00edn, quien avanza que en cuanto el nuevo equipo tome posesi\u00f3n de su cargo le solicitar\u00e1 una reuni\u00f3n para evaluar c\u00f3mo se seguir\u00e1 desarrollando el programa de actividades.<\/p>\n","protected":false},"excerpt":{"rendered":"<p>La ciudad de C\u00e1ceres ha superado \u00abtodas las expectativas\u00bb en los seis primeros meses como Capital Espa\u00f1ola de la Gastronom\u00eda (CEG) ya que el n\u00famero de visitantes ha subido un 27 por ciento respecto al mismo periodo del a\u00f1o pasado y la repercusi\u00f3n publicitaria en los medios de comunicaci\u00f3n se valora en m\u00e1s de 6,5<\/p>\n","protected":false},"author":1,"featured_media":41321,"comment_status":"open","ping_status":"closed","sticky":false,"template":"","format":"standard","meta":{"footnotes":""},"categories":[217],"tags":[],"class_list":{"0":"post-41320","1":"post","2":"type-post","3":"status-publish","4":"format-standard","5":"has-post-thumbnail","7":"category-sabores"},"aioseo_notices":[],"aioseo_head":"\n\t\t<!-- All in One SEO Pro 4.9.6.1 - aioseo.com -->\n\t<meta name=\"description\" content=\"La ciudad de C\u00e1ceres ha superado &quot;todas las expectativas&quot; en los seis primeros meses como Capital Espa\u00f1ola de la Gastronom\u00eda (CEG) ya que el n\u00famero de visitantes ha subido un 27 por ciento respecto al mismo periodo del a\u00f1o pasado y la repercusi\u00f3n publicitaria en los medios de comunicaci\u00f3n se valora en m\u00e1s de 6,5\" \/>\n\t<meta name=\"robots\" content=\"max-image-preview:large\" \/>\n\t<meta name=\"author\" content=\"admin\"\/>\n\t<meta name=\"google-site-verification\" content=\"UA-38556648-1\" \/>\n\t<meta name=\"keywords\" content=\"sabores\" \/>\n\t<link rel=\"canonical\" href=\"https:\/\/eldigitaldeasturias.com\/magazine365\/caceres-supera-todas-las-expectativas-en-los-seis-primeros-meses-como-capital-espanola-de-la-gastronomia\/\" \/>\n\t<meta name=\"generator\" content=\"All in One SEO Pro (AIOSEO) 4.9.6.1\" \/>\n\t\t<meta property=\"og:locale\" content=\"es_ES\" \/>\n\t\t<meta property=\"og:site_name\" content=\"El Digital de Asturias \u2013 Revista de ocio, turismo y estilo de vida\" \/>\n\t\t<meta property=\"og:type\" content=\"article\" \/>\n\t\t<meta property=\"og:title\" content=\"C\u00e1ceres supera \u00abtodas las expectativas\u00bb en los seis primeros meses como \u2018Capital Espa\u00f1ola de la Gastronom\u00eda\u2019 | El Digital de Asturias\" \/>\n\t\t<meta property=\"og:description\" content=\"La ciudad de C\u00e1ceres ha superado &quot;todas las expectativas&quot; en los seis primeros meses como Capital Espa\u00f1ola de la Gastronom\u00eda (CEG) ya que el n\u00famero de visitantes ha subido un 27 por ciento respecto al mismo periodo del a\u00f1o pasado y la repercusi\u00f3n publicitaria en los medios de comunicaci\u00f3n se valora en m\u00e1s de 6,5\" \/>\n\t\t<meta property=\"og:url\" content=\"https:\/\/eldigitaldeasturias.com\/magazine365\/caceres-supera-todas-las-expectativas-en-los-seis-primeros-meses-como-capital-espanola-de-la-gastronomia\/\" \/>\n\t\t<meta property=\"og:image\" content=\"https:\/\/eldigitaldeasturias.com\/magazine365\/wp-content\/uploads\/2015\/06\/fotonoticia_20150629160949_800.jpg\" \/>\n\t\t<meta property=\"og:image:secure_url\" content=\"https:\/\/eldigitaldeasturias.com\/magazine365\/wp-content\/uploads\/2015\/06\/fotonoticia_20150629160949_800.jpg\" \/>\n\t\t<meta property=\"og:image:width\" content=\"800\" \/>\n\t\t<meta property=\"og:image:height\" content=\"450\" \/>\n\t\t<meta property=\"article:published_time\" content=\"2015-06-30T06:55:29+00:00\" \/>\n\t\t<meta property=\"article:modified_time\" content=\"2015-06-30T06:55:48+00:00\" \/>\n\t\t<meta name=\"twitter:card\" content=\"summary_large_image\" \/>\n\t\t<meta name=\"twitter:title\" content=\"C\u00e1ceres supera \u00abtodas las expectativas\u00bb en los seis primeros meses como \u2018Capital Espa\u00f1ola de la Gastronom\u00eda\u2019 | El Digital de Asturias\" \/>\n\t\t<meta name=\"twitter:description\" content=\"La ciudad de C\u00e1ceres ha superado &quot;todas las expectativas&quot; en los seis primeros meses como Capital Espa\u00f1ola de la Gastronom\u00eda (CEG) ya que el n\u00famero de visitantes ha subido un 27 por ciento respecto al mismo periodo del a\u00f1o pasado y la repercusi\u00f3n publicitaria en los medios de comunicaci\u00f3n se valora en m\u00e1s de 6,5\" \/>\n\t\t<meta name=\"twitter:image\" content=\"https:\/\/eldigitaldeasturias.com\/magazine365\/wp-content\/uploads\/2015\/06\/fotonoticia_20150629160949_800.jpg\" \/>\n\t\t<script type=\"application\/ld+json\" class=\"aioseo-schema\">\n\t\t\t{\"@context\":\"https:\\\/\\\/schema.org\",\"@graph\":[{\"@type\":\"Article\",\"@id\":\"https:\\\/\\\/eldigitaldeasturias.com\\\/magazine365\\\/caceres-supera-todas-las-expectativas-en-los-seis-primeros-meses-como-capital-espanola-de-la-gastronomia\\\/#article\",\"name\":\"C\\u00e1ceres supera \\u00abtodas las expectativas\\u00bb en los seis primeros meses como \\u2018Capital Espa\\u00f1ola de la Gastronom\\u00eda\\u2019 | El Digital de Asturias\",\"headline\":\"C\\u00e1ceres supera \\u00abtodas las expectativas\\u00bb en los seis primeros meses como &#8216;Capital Espa\\u00f1ola de la Gastronom\\u00eda&#8217;\",\"author\":{\"@id\":\"https:\\\/\\\/eldigitaldeasturias.com\\\/magazine365\\\/author\\\/admin\\\/#author\"},\"publisher\":{\"@id\":\"https:\\\/\\\/eldigitaldeasturias.com\\\/magazine365\\\/#organization\"},\"image\":{\"@type\":\"ImageObject\",\"url\":\"https:\\\/\\\/eldigitaldeasturias.com\\\/magazine365\\\/wp-content\\\/uploads\\\/2015\\\/06\\\/fotonoticia_20150629160949_800.jpg\",\"width\":800,\"height\":450},\"datePublished\":\"2015-06-30T08:25:29+02:00\",\"dateModified\":\"2015-06-30T08:25:48+02:00\",\"inLanguage\":\"es-ES\",\"mainEntityOfPage\":{\"@id\":\"https:\\\/\\\/eldigitaldeasturias.com\\\/magazine365\\\/caceres-supera-todas-las-expectativas-en-los-seis-primeros-meses-como-capital-espanola-de-la-gastronomia\\\/#webpage\"},\"isPartOf\":{\"@id\":\"https:\\\/\\\/eldigitaldeasturias.com\\\/magazine365\\\/caceres-supera-todas-las-expectativas-en-los-seis-primeros-meses-como-capital-espanola-de-la-gastronomia\\\/#webpage\"},\"articleSection\":\"Sabores\"},{\"@type\":\"BreadcrumbList\",\"@id\":\"https:\\\/\\\/eldigitaldeasturias.com\\\/magazine365\\\/caceres-supera-todas-las-expectativas-en-los-seis-primeros-meses-como-capital-espanola-de-la-gastronomia\\\/#breadcrumblist\",\"itemListElement\":[{\"@type\":\"ListItem\",\"@id\":\"https:\\\/\\\/eldigitaldeasturias.com\\\/magazine365#listItem\",\"position\":1,\"name\":\"Home\",\"item\":\"https:\\\/\\\/eldigitaldeasturias.com\\\/magazine365\",\"nextItem\":{\"@type\":\"ListItem\",\"@id\":\"https:\\\/\\\/eldigitaldeasturias.com\\\/magazine365\\\/category\\\/sabores\\\/#listItem\",\"name\":\"Sabores\"}},{\"@type\":\"ListItem\",\"@id\":\"https:\\\/\\\/eldigitaldeasturias.com\\\/magazine365\\\/category\\\/sabores\\\/#listItem\",\"position\":2,\"name\":\"Sabores\",\"item\":\"https:\\\/\\\/eldigitaldeasturias.com\\\/magazine365\\\/category\\\/sabores\\\/\",\"nextItem\":{\"@type\":\"ListItem\",\"@id\":\"https:\\\/\\\/eldigitaldeasturias.com\\\/magazine365\\\/caceres-supera-todas-las-expectativas-en-los-seis-primeros-meses-como-capital-espanola-de-la-gastronomia\\\/#listItem\",\"name\":\"C\\u00e1ceres supera \\u00abtodas las expectativas\\u00bb en los seis primeros meses como &#8216;Capital Espa\\u00f1ola de la Gastronom\\u00eda&#8217;\"},\"previousItem\":{\"@type\":\"ListItem\",\"@id\":\"https:\\\/\\\/eldigitaldeasturias.com\\\/magazine365#listItem\",\"name\":\"Home\"}},{\"@type\":\"ListItem\",\"@id\":\"https:\\\/\\\/eldigitaldeasturias.com\\\/magazine365\\\/caceres-supera-todas-las-expectativas-en-los-seis-primeros-meses-como-capital-espanola-de-la-gastronomia\\\/#listItem\",\"position\":3,\"name\":\"C\\u00e1ceres supera \\u00abtodas las expectativas\\u00bb en los seis primeros meses como &#8216;Capital Espa\\u00f1ola de la Gastronom\\u00eda&#8217;\",\"previousItem\":{\"@type\":\"ListItem\",\"@id\":\"https:\\\/\\\/eldigitaldeasturias.com\\\/magazine365\\\/category\\\/sabores\\\/#listItem\",\"name\":\"Sabores\"}}]},{\"@type\":\"Organization\",\"@id\":\"https:\\\/\\\/eldigitaldeasturias.com\\\/magazine365\\\/#organization\",\"name\":\"El digital de Asturias\",\"description\":\"Revista de ocio, turismo y estilo de vida\",\"url\":\"https:\\\/\\\/eldigitaldeasturias.com\\\/magazine365\\\/\",\"logo\":{\"@type\":\"ImageObject\",\"url\":\"https:\\\/\\\/www.eldigitaldeasturias.com\\\/noticias\\\/wp-content\\\/uploads\\\/2020\\\/12\\\/EDA.jpg\",\"@id\":\"https:\\\/\\\/eldigitaldeasturias.com\\\/magazine365\\\/caceres-supera-todas-las-expectativas-en-los-seis-primeros-meses-como-capital-espanola-de-la-gastronomia\\\/#organizationLogo\"},\"image\":{\"@id\":\"https:\\\/\\\/eldigitaldeasturias.com\\\/magazine365\\\/caceres-supera-todas-las-expectativas-en-los-seis-primeros-meses-como-capital-espanola-de-la-gastronomia\\\/#organizationLogo\"}},{\"@type\":\"Person\",\"@id\":\"https:\\\/\\\/eldigitaldeasturias.com\\\/magazine365\\\/author\\\/admin\\\/#author\",\"url\":\"https:\\\/\\\/eldigitaldeasturias.com\\\/magazine365\\\/author\\\/admin\\\/\",\"name\":\"admin\",\"image\":{\"@type\":\"ImageObject\",\"@id\":\"https:\\\/\\\/eldigitaldeasturias.com\\\/magazine365\\\/caceres-supera-todas-las-expectativas-en-los-seis-primeros-meses-como-capital-espanola-de-la-gastronomia\\\/#authorImage\",\"url\":\"https:\\\/\\\/eldigitaldeasturias.com\\\/magazine365\\\/wp-content\\\/litespeed\\\/avatar\\\/e571bcf59a0edd6fa6838245a470f2fe.jpg?ver=1777574230\",\"width\":96,\"height\":96,\"caption\":\"admin\"}},{\"@type\":\"WebPage\",\"@id\":\"https:\\\/\\\/eldigitaldeasturias.com\\\/magazine365\\\/caceres-supera-todas-las-expectativas-en-los-seis-primeros-meses-como-capital-espanola-de-la-gastronomia\\\/#webpage\",\"url\":\"https:\\\/\\\/eldigitaldeasturias.com\\\/magazine365\\\/caceres-supera-todas-las-expectativas-en-los-seis-primeros-meses-como-capital-espanola-de-la-gastronomia\\\/\",\"name\":\"C\\u00e1ceres supera \\u00abtodas las expectativas\\u00bb en los seis primeros meses como \\u2018Capital Espa\\u00f1ola de la Gastronom\\u00eda\\u2019 | El Digital de Asturias\",\"description\":\"La ciudad de C\\u00e1ceres ha superado \\\"todas las expectativas\\\" en los seis primeros meses como Capital Espa\\u00f1ola de la Gastronom\\u00eda (CEG) ya que el n\\u00famero de visitantes ha subido un 27 por ciento respecto al mismo periodo del a\\u00f1o pasado y la repercusi\\u00f3n publicitaria en los medios de comunicaci\\u00f3n se valora en m\\u00e1s de 6,5\",\"inLanguage\":\"es-ES\",\"isPartOf\":{\"@id\":\"https:\\\/\\\/eldigitaldeasturias.com\\\/magazine365\\\/#website\"},\"breadcrumb\":{\"@id\":\"https:\\\/\\\/eldigitaldeasturias.com\\\/magazine365\\\/caceres-supera-todas-las-expectativas-en-los-seis-primeros-meses-como-capital-espanola-de-la-gastronomia\\\/#breadcrumblist\"},\"author\":{\"@id\":\"https:\\\/\\\/eldigitaldeasturias.com\\\/magazine365\\\/author\\\/admin\\\/#author\"},\"creator\":{\"@id\":\"https:\\\/\\\/eldigitaldeasturias.com\\\/magazine365\\\/author\\\/admin\\\/#author\"},\"image\":{\"@type\":\"ImageObject\",\"url\":\"https:\\\/\\\/eldigitaldeasturias.com\\\/magazine365\\\/wp-content\\\/uploads\\\/2015\\\/06\\\/fotonoticia_20150629160949_800.jpg\",\"@id\":\"https:\\\/\\\/eldigitaldeasturias.com\\\/magazine365\\\/caceres-supera-todas-las-expectativas-en-los-seis-primeros-meses-como-capital-espanola-de-la-gastronomia\\\/#mainImage\",\"width\":800,\"height\":450},\"primaryImageOfPage\":{\"@id\":\"https:\\\/\\\/eldigitaldeasturias.com\\\/magazine365\\\/caceres-supera-todas-las-expectativas-en-los-seis-primeros-meses-como-capital-espanola-de-la-gastronomia\\\/#mainImage\"},\"datePublished\":\"2015-06-30T08:25:29+02:00\",\"dateModified\":\"2015-06-30T08:25:48+02:00\"},{\"@type\":\"WebSite\",\"@id\":\"https:\\\/\\\/eldigitaldeasturias.com\\\/magazine365\\\/#website\",\"url\":\"https:\\\/\\\/eldigitaldeasturias.com\\\/magazine365\\\/\",\"name\":\"El Digital de Asturias\",\"description\":\"Revista de ocio, turismo y estilo de vida\",\"inLanguage\":\"es-ES\",\"publisher\":{\"@id\":\"https:\\\/\\\/eldigitaldeasturias.com\\\/magazine365\\\/#organization\"}}]}\n\t\t<\/script>\n\t\t<!-- All in One SEO Pro -->\r\n\t\t<title>C\u00e1ceres supera \u00abtodas las expectativas\u00bb en los seis primeros meses como \u2018Capital Espa\u00f1ola de la Gastronom\u00eda\u2019 | El Digital de Asturias<\/title>\n\n","aioseo_head_json":{"title":"C\u00e1ceres supera \u00abtodas las expectativas\u00bb en los seis primeros meses como \u2018Capital Espa\u00f1ola de la Gastronom\u00eda\u2019 | El Digital de Asturias","description":"La ciudad de C\u00e1ceres ha superado \"todas las expectativas\" en los seis primeros meses como Capital Espa\u00f1ola de la Gastronom\u00eda (CEG) ya que el n\u00famero de visitantes ha subido un 27 por ciento respecto al mismo periodo del a\u00f1o pasado y la repercusi\u00f3n publicitaria en los medios de comunicaci\u00f3n se valora en m\u00e1s de 6,5","canonical_url":"https:\/\/eldigitaldeasturias.com\/magazine365\/caceres-supera-todas-las-expectativas-en-los-seis-primeros-meses-como-capital-espanola-de-la-gastronomia\/","robots":"max-image-preview:large","keywords":"sabores","webmasterTools":{"google-site-verification":"UA-38556648-1","miscellaneous":""},"schema":{"@context":"https:\/\/schema.org","@graph":[{"@type":"Article","@id":"https:\/\/eldigitaldeasturias.com\/magazine365\/caceres-supera-todas-las-expectativas-en-los-seis-primeros-meses-como-capital-espanola-de-la-gastronomia\/#article","name":"C\u00e1ceres supera \u00abtodas las expectativas\u00bb en los seis primeros meses como \u2018Capital Espa\u00f1ola de la Gastronom\u00eda\u2019 | El Digital de Asturias","headline":"C\u00e1ceres supera \u00abtodas las expectativas\u00bb en los seis primeros meses como &#8216;Capital Espa\u00f1ola de la Gastronom\u00eda&#8217;","author":{"@id":"https:\/\/eldigitaldeasturias.com\/magazine365\/author\/admin\/#author"},"publisher":{"@id":"https:\/\/eldigitaldeasturias.com\/magazine365\/#organization"},"image":{"@type":"ImageObject","url":"https:\/\/eldigitaldeasturias.com\/magazine365\/wp-content\/uploads\/2015\/06\/fotonoticia_20150629160949_800.jpg","width":800,"height":450},"datePublished":"2015-06-30T08:25:29+02:00","dateModified":"2015-06-30T08:25:48+02:00","inLanguage":"es-ES","mainEntityOfPage":{"@id":"https:\/\/eldigitaldeasturias.com\/magazine365\/caceres-supera-todas-las-expectativas-en-los-seis-primeros-meses-como-capital-espanola-de-la-gastronomia\/#webpage"},"isPartOf":{"@id":"https:\/\/eldigitaldeasturias.com\/magazine365\/caceres-supera-todas-las-expectativas-en-los-seis-primeros-meses-como-capital-espanola-de-la-gastronomia\/#webpage"},"articleSection":"Sabores"},{"@type":"BreadcrumbList","@id":"https:\/\/eldigitaldeasturias.com\/magazine365\/caceres-supera-todas-las-expectativas-en-los-seis-primeros-meses-como-capital-espanola-de-la-gastronomia\/#breadcrumblist","itemListElement":[{"@type":"ListItem","@id":"https:\/\/eldigitaldeasturias.com\/magazine365#listItem","position":1,"name":"Home","item":"https:\/\/eldigitaldeasturias.com\/magazine365","nextItem":{"@type":"ListItem","@id":"https:\/\/eldigitaldeasturias.com\/magazine365\/category\/sabores\/#listItem","name":"Sabores"}},{"@type":"ListItem","@id":"https:\/\/eldigitaldeasturias.com\/magazine365\/category\/sabores\/#listItem","position":2,"name":"Sabores","item":"https:\/\/eldigitaldeasturias.com\/magazine365\/category\/sabores\/","nextItem":{"@type":"ListItem","@id":"https:\/\/eldigitaldeasturias.com\/magazine365\/caceres-supera-todas-las-expectativas-en-los-seis-primeros-meses-como-capital-espanola-de-la-gastronomia\/#listItem","name":"C\u00e1ceres supera \u00abtodas las expectativas\u00bb en los seis primeros meses como &#8216;Capital Espa\u00f1ola de la Gastronom\u00eda&#8217;"},"previousItem":{"@type":"ListItem","@id":"https:\/\/eldigitaldeasturias.com\/magazine365#listItem","name":"Home"}},{"@type":"ListItem","@id":"https:\/\/eldigitaldeasturias.com\/magazine365\/caceres-supera-todas-las-expectativas-en-los-seis-primeros-meses-como-capital-espanola-de-la-gastronomia\/#listItem","position":3,"name":"C\u00e1ceres supera \u00abtodas las expectativas\u00bb en los seis primeros meses como &#8216;Capital Espa\u00f1ola de la Gastronom\u00eda&#8217;","previousItem":{"@type":"ListItem","@id":"https:\/\/eldigitaldeasturias.com\/magazine365\/category\/sabores\/#listItem","name":"Sabores"}}]},{"@type":"Organization","@id":"https:\/\/eldigitaldeasturias.com\/magazine365\/#organization","name":"El digital de Asturias","description":"Revista de ocio, turismo y estilo de vida","url":"https:\/\/eldigitaldeasturias.com\/magazine365\/","logo":{"@type":"ImageObject","url":"https:\/\/www.eldigitaldeasturias.com\/noticias\/wp-content\/uploads\/2020\/12\/EDA.jpg","@id":"https:\/\/eldigitaldeasturias.com\/magazine365\/caceres-supera-todas-las-expectativas-en-los-seis-primeros-meses-como-capital-espanola-de-la-gastronomia\/#organizationLogo"},"image":{"@id":"https:\/\/eldigitaldeasturias.com\/magazine365\/caceres-supera-todas-las-expectativas-en-los-seis-primeros-meses-como-capital-espanola-de-la-gastronomia\/#organizationLogo"}},{"@type":"Person","@id":"https:\/\/eldigitaldeasturias.com\/magazine365\/author\/admin\/#author","url":"https:\/\/eldigitaldeasturias.com\/magazine365\/author\/admin\/","name":"admin","image":{"@type":"ImageObject","@id":"https:\/\/eldigitaldeasturias.com\/magazine365\/caceres-supera-todas-las-expectativas-en-los-seis-primeros-meses-como-capital-espanola-de-la-gastronomia\/#authorImage","url":"https:\/\/eldigitaldeasturias.com\/magazine365\/wp-content\/litespeed\/avatar\/e571bcf59a0edd6fa6838245a470f2fe.jpg?ver=1777574230","width":96,"height":96,"caption":"admin"}},{"@type":"WebPage","@id":"https:\/\/eldigitaldeasturias.com\/magazine365\/caceres-supera-todas-las-expectativas-en-los-seis-primeros-meses-como-capital-espanola-de-la-gastronomia\/#webpage","url":"https:\/\/eldigitaldeasturias.com\/magazine365\/caceres-supera-todas-las-expectativas-en-los-seis-primeros-meses-como-capital-espanola-de-la-gastronomia\/","name":"C\u00e1ceres supera \u00abtodas las expectativas\u00bb en los seis primeros meses como \u2018Capital Espa\u00f1ola de la Gastronom\u00eda\u2019 | El Digital de Asturias","description":"La ciudad de C\u00e1ceres ha superado \"todas las expectativas\" en los seis primeros meses como Capital Espa\u00f1ola de la Gastronom\u00eda (CEG) ya que el n\u00famero de visitantes ha subido un 27 por ciento respecto al mismo periodo del a\u00f1o pasado y la repercusi\u00f3n publicitaria en los medios de comunicaci\u00f3n se valora en m\u00e1s de 6,5","inLanguage":"es-ES","isPartOf":{"@id":"https:\/\/eldigitaldeasturias.com\/magazine365\/#website"},"breadcrumb":{"@id":"https:\/\/eldigitaldeasturias.com\/magazine365\/caceres-supera-todas-las-expectativas-en-los-seis-primeros-meses-como-capital-espanola-de-la-gastronomia\/#breadcrumblist"},"author":{"@id":"https:\/\/eldigitaldeasturias.com\/magazine365\/author\/admin\/#author"},"creator":{"@id":"https:\/\/eldigitaldeasturias.com\/magazine365\/author\/admin\/#author"},"image":{"@type":"ImageObject","url":"https:\/\/eldigitaldeasturias.com\/magazine365\/wp-content\/uploads\/2015\/06\/fotonoticia_20150629160949_800.jpg","@id":"https:\/\/eldigitaldeasturias.com\/magazine365\/caceres-supera-todas-las-expectativas-en-los-seis-primeros-meses-como-capital-espanola-de-la-gastronomia\/#mainImage","width":800,"height":450},"primaryImageOfPage":{"@id":"https:\/\/eldigitaldeasturias.com\/magazine365\/caceres-supera-todas-las-expectativas-en-los-seis-primeros-meses-como-capital-espanola-de-la-gastronomia\/#mainImage"},"datePublished":"2015-06-30T08:25:29+02:00","dateModified":"2015-06-30T08:25:48+02:00"},{"@type":"WebSite","@id":"https:\/\/eldigitaldeasturias.com\/magazine365\/#website","url":"https:\/\/eldigitaldeasturias.com\/magazine365\/","name":"El Digital de Asturias","description":"Revista de ocio, turismo y estilo de vida","inLanguage":"es-ES","publisher":{"@id":"https:\/\/eldigitaldeasturias.com\/magazine365\/#organization"}}]},"og:locale":"es_ES","og:site_name":"El Digital de Asturias \u2013 Revista de ocio, turismo y estilo de vida","og:type":"article","og:title":"C\u00e1ceres supera \u00abtodas las expectativas\u00bb en los seis primeros meses como \u2018Capital Espa\u00f1ola de la Gastronom\u00eda\u2019 | El Digital de Asturias","og:description":"La ciudad de C\u00e1ceres ha superado &quot;todas las expectativas&quot; en los seis primeros meses como Capital Espa\u00f1ola de la Gastronom\u00eda (CEG) ya que el n\u00famero de visitantes ha subido un 27 por ciento respecto al mismo periodo del a\u00f1o pasado y la repercusi\u00f3n publicitaria en los medios de comunicaci\u00f3n se valora en m\u00e1s de 6,5","og:url":"https:\/\/eldigitaldeasturias.com\/magazine365\/caceres-supera-todas-las-expectativas-en-los-seis-primeros-meses-como-capital-espanola-de-la-gastronomia\/","og:image":"https:\/\/eldigitaldeasturias.com\/magazine365\/wp-content\/uploads\/2015\/06\/fotonoticia_20150629160949_800.jpg","og:image:secure_url":"https:\/\/eldigitaldeasturias.com\/magazine365\/wp-content\/uploads\/2015\/06\/fotonoticia_20150629160949_800.jpg","og:image:width":800,"og:image:height":450,"article:published_time":"2015-06-30T06:55:29+00:00","article:modified_time":"2015-06-30T06:55:48+00:00","twitter:card":"summary_large_image","twitter:title":"C\u00e1ceres supera \u00abtodas las expectativas\u00bb en los seis primeros meses como \u2018Capital Espa\u00f1ola de la Gastronom\u00eda\u2019 | El Digital de Asturias","twitter:description":"La ciudad de C\u00e1ceres ha superado &quot;todas las expectativas&quot; en los seis primeros meses como Capital Espa\u00f1ola de la Gastronom\u00eda (CEG) ya que el n\u00famero de visitantes ha subido un 27 por ciento respecto al mismo periodo del a\u00f1o pasado y la repercusi\u00f3n publicitaria en los medios de comunicaci\u00f3n se valora en m\u00e1s de 6,5","twitter:image":"https:\/\/eldigitaldeasturias.com\/magazine365\/wp-content\/uploads\/2015\/06\/fotonoticia_20150629160949_800.jpg"},"aioseo_meta_data":{"post_id":"41320","title":null,"description":null,"keywords":null,"keyphrases":null,"primary_term":null,"canonical_url":null,"og_title":null,"og_description":null,"og_object_type":"default","og_image_type":"default","og_image_url":null,"og_image_width":null,"og_image_height":null,"og_image_custom_url":null,"og_image_custom_fields":null,"og_video":null,"og_custom_url":null,"og_article_section":null,"og_article_tags":null,"twitter_use_og":false,"twitter_card":"default","twitter_image_type":"default","twitter_image_url":null,"twitter_image_custom_url":null,"twitter_image_custom_fields":null,"twitter_title":null,"twitter_description":null,"schema":{"blockGraphs":[],"customGraphs":[],"default":{"data":{"Article":[],"Course":[],"Dataset":[],"FAQPage":[],"Movie":[],"Person":[],"Product":[],"ProductReview":[],"Car":[],"Recipe":[],"Service":[],"SoftwareApplication":[],"WebPage":[]},"graphName":"","isEnabled":true},"graphs":[],"defaultGraph":"","defaultPostTypeGraph":""},"schema_type":null,"schema_type_options":null,"pillar_content":false,"robots_default":true,"robots_noindex":false,"robots_noarchive":false,"robots_nosnippet":false,"robots_nofollow":false,"robots_noimageindex":false,"robots_noodp":false,"robots_notranslate":false,"robots_max_snippet":null,"robots_max_videopreview":null,"robots_max_imagepreview":"large","priority":null,"frequency":null,"location":null,"local_seo":null,"seo_analyzer_scan_date":"2025-09-19 15:25:36","breadcrumb_settings":null,"limit_modified_date":false,"open_ai":null,"ai":null,"created":"2021-03-09 02:16:53","updated":"2025-09-19 15:25:36"},"aioseo_breadcrumb":"<div class=\"aioseo-breadcrumbs\"><span class=\"aioseo-breadcrumb\">\n\t<a href=\"https:\/\/eldigitaldeasturias.com\/magazine365\" title=\"Home\">Home<\/a>\n<\/span><span class=\"aioseo-breadcrumb-separator\">\u2013<\/span><span class=\"aioseo-breadcrumb\">\n\t<a href=\"https:\/\/eldigitaldeasturias.com\/magazine365\/category\/sabores\/\" title=\"Sabores\">Sabores<\/a>\n<\/span><span class=\"aioseo-breadcrumb-separator\">\u2013<\/span><span class=\"aioseo-breadcrumb\">\n\t<a href=\"https:\/\/eldigitaldeasturias.com\/magazine365\/caceres-supera-todas-las-expectativas-en-los-seis-primeros-meses-como-capital-espanola-de-la-gastronomia\/\" title=\"C\u00e1ceres supera \u00abtodas las expectativas\u00bb en los seis primeros meses como \u2018Capital Espa\u00f1ola de la Gastronom\u00eda\u2019\">C\u00e1ceres supera \u00abtodas las expectativas\u00bb en los seis primeros meses como \u2018Capital Espa\u00f1ola de la Gastronom\u00eda\u2019<\/a>\n<\/span><\/div>","aioseo_breadcrumb_json":[{"label":"Home","link":"https:\/\/eldigitaldeasturias.com\/magazine365"},{"label":"Sabores","link":"https:\/\/eldigitaldeasturias.com\/magazine365\/category\/sabores\/"},{"label":"C\u00e1ceres supera \u00abtodas las expectativas\u00bb en los seis primeros meses como &#8216;Capital Espa\u00f1ola de la Gastronom\u00eda&#8217;","link":"https:\/\/eldigitaldeasturias.com\/magazine365\/caceres-supera-todas-las-expectativas-en-los-seis-primeros-meses-como-capital-espanola-de-la-gastronomia\/"}],"_links":{"self":[{"href":"https:\/\/eldigitaldeasturias.com\/magazine365\/wp-json\/wp\/v2\/posts\/41320","targetHints":{"allow":["GET"]}}],"collection":[{"href":"https:\/\/eldigitaldeasturias.com\/magazine365\/wp-json\/wp\/v2\/posts"}],"about":[{"href":"https:\/\/eldigitaldeasturias.com\/magazine365\/wp-json\/wp\/v2\/types\/post"}],"author":[{"embeddable":true,"href":"https:\/\/eldigitaldeasturias.com\/magazine365\/wp-json\/wp\/v2\/users\/1"}],"replies":[{"embeddable":true,"href":"https:\/\/eldigitaldeasturias.com\/magazine365\/wp-json\/wp\/v2\/comments?post=41320"}],"version-history":[{"count":0,"href":"https:\/\/eldigitaldeasturias.com\/magazine365\/wp-json\/wp\/v2\/posts\/41320\/revisions"}],"wp:featuredmedia":[{"embeddable":true,"href":"https:\/\/eldigitaldeasturias.com\/magazine365\/wp-json\/wp\/v2\/media\/41321"}],"wp:attachment":[{"href":"https:\/\/eldigitaldeasturias.com\/magazine365\/wp-json\/wp\/v2\/media?parent=41320"}],"wp:term":[{"taxonomy":"category","embeddable":true,"href":"https:\/\/eldigitaldeasturias.com\/magazine365\/wp-json\/wp\/v2\/categories?post=41320"},{"taxonomy":"post_tag","embeddable":true,"href":"https:\/\/eldigitaldeasturias.com\/magazine365\/wp-json\/wp\/v2\/tags?post=41320"}],"curies":[{"name":"wp","href":"https:\/\/api.w.org\/{rel}","templated":true}]}}