{"id":41314,"date":"2015-06-30T08:18:30","date_gmt":"2015-06-30T06:48:30","guid":{"rendered":"http:\/\/eldigitaldeasturias.com\/magazine365\/?p=41314"},"modified":"2015-06-30T08:18:30","modified_gmt":"2015-06-30T06:48:30","slug":"andalucia-reforzara-la-promocion-de-su-oferta-cultural-y-de-sol-y-playa-con-cuatro-acciones-inversas-en-julio","status":"publish","type":"post","link":"https:\/\/eldigitaldeasturias.com\/magazine365\/andalucia-reforzara-la-promocion-de-su-oferta-cultural-y-de-sol-y-playa-con-cuatro-acciones-inversas-en-julio\/","title":{"rendered":"Andaluc\u00eda reforzar\u00e1 la promoci\u00f3n de su oferta cultural y de sol y playa con cuatro acciones inversas en julio"},"content":{"rendered":"<p><img fetchpriority=\"high\" decoding=\"async\" class=\"alignleft size-medium wp-image-41315\" src=\"https:\/\/eldigitaldeasturias.com\/magazine365\/wp-content\/uploads\/2015\/06\/fotonoticia_20150629160503_800-360x239.jpg\" alt=\"fotonoticia_20150629160503_800\" width=\"360\" height=\"239\" srcset=\"https:\/\/eldigitaldeasturias.com\/magazine365\/wp-content\/uploads\/2015\/06\/fotonoticia_20150629160503_800-360x239.jpg 360w, https:\/\/eldigitaldeasturias.com\/magazine365\/wp-content\/uploads\/2015\/06\/fotonoticia_20150629160503_800-650x432.jpg 650w, https:\/\/eldigitaldeasturias.com\/magazine365\/wp-content\/uploads\/2015\/06\/fotonoticia_20150629160503_800-768x511.jpg 768w, https:\/\/eldigitaldeasturias.com\/magazine365\/wp-content\/uploads\/2015\/06\/fotonoticia_20150629160503_800-150x100.jpg 150w, https:\/\/eldigitaldeasturias.com\/magazine365\/wp-content\/uploads\/2015\/06\/fotonoticia_20150629160503_800-450x299.jpg 450w, https:\/\/eldigitaldeasturias.com\/magazine365\/wp-content\/uploads\/2015\/06\/fotonoticia_20150629160503_800-696x463.jpg 696w, https:\/\/eldigitaldeasturias.com\/magazine365\/wp-content\/uploads\/2015\/06\/fotonoticia_20150629160503_800-632x420.jpg 632w, https:\/\/eldigitaldeasturias.com\/magazine365\/wp-content\/uploads\/2015\/06\/fotonoticia_20150629160503_800-84x55.jpg 84w, https:\/\/eldigitaldeasturias.com\/magazine365\/wp-content\/uploads\/2015\/06\/fotonoticia_20150629160503_800.jpg 800w\" sizes=\"(max-width: 360px) 100vw, 360px\" \/>Andaluc\u00eda reforzar\u00e1 la promoci\u00f3n de su oferta cultural y de sol y playa en Estados Unidos y Reino Unido a trav\u00e9s de cuatro acciones inversas durante la primera quincena de julio, de forma que agencias de viaje receptivas, touroperadores, medios de comunicaci\u00f3n y un canal de televisi\u00f3n de ambos pa\u00edses visitar\u00e1n la comunidad para conocer mejor la oferta y difundir sus atractivos en sendos viajes de familiarizaci\u00f3n que cuentan con la colaboraci\u00f3n de la Consejer\u00eda de Turismo y Deporte.<\/p>\n<p>Seg\u00fan indica la Junta en una nota, la primera de las acciones, que se desarrollar\u00e1 esta semana, es la grabaci\u00f3n de un documental sobre el descubrimiento de Am\u00e9rica que tendr\u00e1 como escenario enclaves emblem\u00e1ticos de las provincias de Huelva y Sevilla.<\/p>\n<p>&#8216;Tras las huellas de Col\u00f3n&#8217; ser\u00e1 emitido por el canal estadounidense Travel Channel, se est\u00e1 grabando entre Espa\u00f1a y Portugal desde el pasado 23 de junio y cuenta tambi\u00e9n con la participaci\u00f3n de los patronatos provinciales, que se encargan de coordinar las visitas a las localizaciones.<\/p>\n<p>Paralelamente a la grabaci\u00f3n del documental, un medio de comunicaci\u00f3n brit\u00e1nico viajar\u00e1 a M\u00e1laga para realizar un reportaje para la p\u00e1gina web y revista del club de ocio &#8216;Club Life&#8217;. Esta web proporciona consejos, ideas y sugerencias para sacar el mayor provecho a los viajes de ocio y tiempo libre de los brit\u00e1nicos.<\/p>\n<p>El objetivo de ambas acciones es \u00abacercar la oferta de turismo cultural del destino Andaluc\u00eda al p\u00fablico objetivo estadounidense y brit\u00e1nico con el fin de aumentar el flujo de visitantes hacia la Comunidad\u00bb.<\/p>\n<p>Por otro lado, del 9 al 13 de julio, la Consejer\u00eda ha organizado dos viajes de familiarizaci\u00f3n dirigidos a agentes de viajes, touroperadores y medios de comunicaci\u00f3n. El primero de ellos tiene como objetivo la puesta en valor de uno de los atractivos m\u00e1s exclusivos de la provincia de C\u00e1diz, como es el avistamiento de cet\u00e1ceos en el Estrecho de Gibraltar. Para esta acci\u00f3n, dirigida a profesionales de C\u00e1diz, Sevilla y M\u00e1laga que operan con este destino, se cuenta con la colaboraci\u00f3n del Patronato Provincial.<\/p>\n<p>El segundo consiste en un viaje de familiarizaci\u00f3n de 38 agentes brit\u00e1nicos de Kuoni Travel y est\u00e1 previsto que realicen visitas a Sevilla, C\u00f3rdoba y Carmona. Kuoni Travel es un touroperador que aglutina diferentes marcas, con gran poder de decisi\u00f3n y especializado en viajes a medida, por lo que esta acci\u00f3n supone \u00abuna magn\u00edfica oportunidad para difundir la oferta andaluza\u00bb.<\/p>\n<p>BUENAS PERSPECTIVAS<\/p>\n<p>La Junta ha recordado que tanto Estados Unidos como Reino Unido son mercados objetivo para el destino Andaluc\u00eda y ambos han experimentado buen comportamiento tur\u00edstico en la comunidad andaluza en los \u00faltimos meses.<\/p>\n<p>As\u00ed, en el acumulado enero-mayo, los establecimientos hoteleros andaluces alojaron a un total de 2,7 millones de viajeros brit\u00e1nicos, lo que supuso un incremento del 4,7 por ciento con respecto al mismo periodo del a\u00f1o anterior. Estos viajeros realizaron un total de 14,3 millones de pernoctaciones, con un incremento del 3,4 por ciento.<\/p>\n<p>En lo referente a Estados Unidos, en el acumulado enero-mayo los hoteles andaluces alojaron un total de 747.205 viajeros procedente de este pa\u00eds, que realizan 1,7 millones de pernoctaciones. Ambas variables registraron importantes incrementos, del 8,7 y 9,2 por ciento, respectivamente.<\/p>\n<p>Apunta que este buen comportamiento del mercado estadounidense en Andaluc\u00eda se ha visto reforzado en el mes de mayo, alcanzando incrementos de dos d\u00edgitos en ambas variables. As\u00ed, fueron un total de 264.99 los viajeros alojados (+10,3 por ciento) y 580.148 el total de pernoctaciones registradas por este mercado (+12,5 por ciento).<\/p>\n","protected":false},"excerpt":{"rendered":"<p>Andaluc\u00eda reforzar\u00e1 la promoci\u00f3n de su oferta cultural y de sol y playa en Estados Unidos y Reino Unido a trav\u00e9s de cuatro acciones inversas durante la primera quincena de julio, de forma que agencias de viaje receptivas, touroperadores, medios de comunicaci\u00f3n y un canal de televisi\u00f3n de ambos pa\u00edses visitar\u00e1n la comunidad para conocer<\/p>\n","protected":false},"author":1,"featured_media":41315,"comment_status":"open","ping_status":"closed","sticky":false,"template":"","format":"standard","meta":{"footnotes":""},"categories":[222],"tags":[],"class_list":{"0":"post-41314","1":"post","2":"type-post","3":"status-publish","4":"format-standard","5":"has-post-thumbnail","7":"category-actualidad-turismo"},"aioseo_notices":[],"aioseo_head":"\n\t\t<!-- All in One SEO Pro 4.9.6.1 - aioseo.com -->\n\t<meta name=\"description\" content=\"Andaluc\u00eda reforzar\u00e1 la promoci\u00f3n de su oferta cultural y de sol y playa en Estados Unidos y Reino Unido a trav\u00e9s de cuatro acciones inversas durante la primera quincena de julio, de forma que agencias de viaje receptivas, touroperadores, medios de comunicaci\u00f3n y un canal de televisi\u00f3n de ambos pa\u00edses visitar\u00e1n la comunidad para conocer\" \/>\n\t<meta name=\"robots\" content=\"max-image-preview:large\" \/>\n\t<meta name=\"author\" content=\"admin\"\/>\n\t<meta name=\"google-site-verification\" content=\"UA-38556648-1\" \/>\n\t<meta name=\"keywords\" content=\"actualidad turismo\" \/>\n\t<link rel=\"canonical\" href=\"https:\/\/eldigitaldeasturias.com\/magazine365\/andalucia-reforzara-la-promocion-de-su-oferta-cultural-y-de-sol-y-playa-con-cuatro-acciones-inversas-en-julio\/\" \/>\n\t<meta name=\"generator\" content=\"All in One SEO Pro (AIOSEO) 4.9.6.1\" \/>\n\t\t<meta property=\"og:locale\" content=\"es_ES\" \/>\n\t\t<meta property=\"og:site_name\" content=\"El Digital de Asturias \u2013 Revista de ocio, turismo y estilo de vida\" \/>\n\t\t<meta property=\"og:type\" content=\"article\" \/>\n\t\t<meta property=\"og:title\" content=\"Andaluc\u00eda reforzar\u00e1 la promoci\u00f3n de su oferta cultural y de sol y playa con cuatro acciones inversas en julio | El Digital de Asturias\" \/>\n\t\t<meta property=\"og:description\" content=\"Andaluc\u00eda reforzar\u00e1 la promoci\u00f3n de su oferta cultural y de sol y playa en Estados Unidos y Reino Unido a trav\u00e9s de cuatro acciones inversas durante la primera quincena de julio, de forma que agencias de viaje receptivas, touroperadores, medios de comunicaci\u00f3n y un canal de televisi\u00f3n de ambos pa\u00edses visitar\u00e1n la comunidad para conocer\" \/>\n\t\t<meta property=\"og:url\" content=\"https:\/\/eldigitaldeasturias.com\/magazine365\/andalucia-reforzara-la-promocion-de-su-oferta-cultural-y-de-sol-y-playa-con-cuatro-acciones-inversas-en-julio\/\" \/>\n\t\t<meta property=\"og:image\" content=\"https:\/\/eldigitaldeasturias.com\/magazine365\/wp-content\/uploads\/2015\/06\/fotonoticia_20150629160503_800.jpg\" \/>\n\t\t<meta property=\"og:image:secure_url\" content=\"https:\/\/eldigitaldeasturias.com\/magazine365\/wp-content\/uploads\/2015\/06\/fotonoticia_20150629160503_800.jpg\" \/>\n\t\t<meta property=\"og:image:width\" content=\"800\" \/>\n\t\t<meta property=\"og:image:height\" content=\"532\" \/>\n\t\t<meta property=\"article:published_time\" content=\"2015-06-30T06:48:30+00:00\" \/>\n\t\t<meta property=\"article:modified_time\" content=\"2015-06-30T06:48:30+00:00\" \/>\n\t\t<meta name=\"twitter:card\" content=\"summary_large_image\" \/>\n\t\t<meta name=\"twitter:title\" content=\"Andaluc\u00eda reforzar\u00e1 la promoci\u00f3n de su oferta cultural y de sol y playa con cuatro acciones inversas en julio | El Digital de Asturias\" \/>\n\t\t<meta name=\"twitter:description\" content=\"Andaluc\u00eda reforzar\u00e1 la promoci\u00f3n de su oferta cultural y de sol y playa en Estados Unidos y Reino Unido a trav\u00e9s de cuatro acciones inversas durante la primera quincena de julio, de forma que agencias de viaje receptivas, touroperadores, medios de comunicaci\u00f3n y un canal de televisi\u00f3n de ambos pa\u00edses visitar\u00e1n la comunidad para conocer\" \/>\n\t\t<meta name=\"twitter:image\" content=\"https:\/\/eldigitaldeasturias.com\/magazine365\/wp-content\/uploads\/2015\/06\/fotonoticia_20150629160503_800.jpg\" \/>\n\t\t<script type=\"application\/ld+json\" class=\"aioseo-schema\">\n\t\t\t{\"@context\":\"https:\\\/\\\/schema.org\",\"@graph\":[{\"@type\":\"Article\",\"@id\":\"https:\\\/\\\/eldigitaldeasturias.com\\\/magazine365\\\/andalucia-reforzara-la-promocion-de-su-oferta-cultural-y-de-sol-y-playa-con-cuatro-acciones-inversas-en-julio\\\/#article\",\"name\":\"Andaluc\\u00eda reforzar\\u00e1 la promoci\\u00f3n de su oferta cultural y de sol y playa con cuatro acciones inversas en julio | El Digital de Asturias\",\"headline\":\"Andaluc\\u00eda reforzar\\u00e1 la promoci\\u00f3n de su oferta cultural y de sol y playa con cuatro acciones inversas en julio\",\"author\":{\"@id\":\"https:\\\/\\\/eldigitaldeasturias.com\\\/magazine365\\\/author\\\/admin\\\/#author\"},\"publisher\":{\"@id\":\"https:\\\/\\\/eldigitaldeasturias.com\\\/magazine365\\\/#organization\"},\"image\":{\"@type\":\"ImageObject\",\"url\":\"https:\\\/\\\/eldigitaldeasturias.com\\\/magazine365\\\/wp-content\\\/uploads\\\/2015\\\/06\\\/fotonoticia_20150629160503_800.jpg\",\"width\":800,\"height\":532},\"datePublished\":\"2015-06-30T08:18:30+02:00\",\"dateModified\":\"2015-06-30T08:18:30+02:00\",\"inLanguage\":\"es-ES\",\"mainEntityOfPage\":{\"@id\":\"https:\\\/\\\/eldigitaldeasturias.com\\\/magazine365\\\/andalucia-reforzara-la-promocion-de-su-oferta-cultural-y-de-sol-y-playa-con-cuatro-acciones-inversas-en-julio\\\/#webpage\"},\"isPartOf\":{\"@id\":\"https:\\\/\\\/eldigitaldeasturias.com\\\/magazine365\\\/andalucia-reforzara-la-promocion-de-su-oferta-cultural-y-de-sol-y-playa-con-cuatro-acciones-inversas-en-julio\\\/#webpage\"},\"articleSection\":\"Actualidad Turismo\"},{\"@type\":\"BreadcrumbList\",\"@id\":\"https:\\\/\\\/eldigitaldeasturias.com\\\/magazine365\\\/andalucia-reforzara-la-promocion-de-su-oferta-cultural-y-de-sol-y-playa-con-cuatro-acciones-inversas-en-julio\\\/#breadcrumblist\",\"itemListElement\":[{\"@type\":\"ListItem\",\"@id\":\"https:\\\/\\\/eldigitaldeasturias.com\\\/magazine365#listItem\",\"position\":1,\"name\":\"Home\",\"item\":\"https:\\\/\\\/eldigitaldeasturias.com\\\/magazine365\",\"nextItem\":{\"@type\":\"ListItem\",\"@id\":\"https:\\\/\\\/eldigitaldeasturias.com\\\/magazine365\\\/category\\\/actualidad-turismo\\\/#listItem\",\"name\":\"Actualidad Turismo\"}},{\"@type\":\"ListItem\",\"@id\":\"https:\\\/\\\/eldigitaldeasturias.com\\\/magazine365\\\/category\\\/actualidad-turismo\\\/#listItem\",\"position\":2,\"name\":\"Actualidad Turismo\",\"item\":\"https:\\\/\\\/eldigitaldeasturias.com\\\/magazine365\\\/category\\\/actualidad-turismo\\\/\",\"nextItem\":{\"@type\":\"ListItem\",\"@id\":\"https:\\\/\\\/eldigitaldeasturias.com\\\/magazine365\\\/andalucia-reforzara-la-promocion-de-su-oferta-cultural-y-de-sol-y-playa-con-cuatro-acciones-inversas-en-julio\\\/#listItem\",\"name\":\"Andaluc\\u00eda reforzar\\u00e1 la promoci\\u00f3n de su oferta cultural y de sol y playa con cuatro acciones inversas en julio\"},\"previousItem\":{\"@type\":\"ListItem\",\"@id\":\"https:\\\/\\\/eldigitaldeasturias.com\\\/magazine365#listItem\",\"name\":\"Home\"}},{\"@type\":\"ListItem\",\"@id\":\"https:\\\/\\\/eldigitaldeasturias.com\\\/magazine365\\\/andalucia-reforzara-la-promocion-de-su-oferta-cultural-y-de-sol-y-playa-con-cuatro-acciones-inversas-en-julio\\\/#listItem\",\"position\":3,\"name\":\"Andaluc\\u00eda reforzar\\u00e1 la promoci\\u00f3n de su oferta cultural y de sol y playa con cuatro acciones inversas en julio\",\"previousItem\":{\"@type\":\"ListItem\",\"@id\":\"https:\\\/\\\/eldigitaldeasturias.com\\\/magazine365\\\/category\\\/actualidad-turismo\\\/#listItem\",\"name\":\"Actualidad Turismo\"}}]},{\"@type\":\"Organization\",\"@id\":\"https:\\\/\\\/eldigitaldeasturias.com\\\/magazine365\\\/#organization\",\"name\":\"El digital de Asturias\",\"description\":\"Revista de ocio, turismo y estilo de vida\",\"url\":\"https:\\\/\\\/eldigitaldeasturias.com\\\/magazine365\\\/\",\"logo\":{\"@type\":\"ImageObject\",\"url\":\"https:\\\/\\\/www.eldigitaldeasturias.com\\\/noticias\\\/wp-content\\\/uploads\\\/2020\\\/12\\\/EDA.jpg\",\"@id\":\"https:\\\/\\\/eldigitaldeasturias.com\\\/magazine365\\\/andalucia-reforzara-la-promocion-de-su-oferta-cultural-y-de-sol-y-playa-con-cuatro-acciones-inversas-en-julio\\\/#organizationLogo\"},\"image\":{\"@id\":\"https:\\\/\\\/eldigitaldeasturias.com\\\/magazine365\\\/andalucia-reforzara-la-promocion-de-su-oferta-cultural-y-de-sol-y-playa-con-cuatro-acciones-inversas-en-julio\\\/#organizationLogo\"}},{\"@type\":\"Person\",\"@id\":\"https:\\\/\\\/eldigitaldeasturias.com\\\/magazine365\\\/author\\\/admin\\\/#author\",\"url\":\"https:\\\/\\\/eldigitaldeasturias.com\\\/magazine365\\\/author\\\/admin\\\/\",\"name\":\"admin\",\"image\":{\"@type\":\"ImageObject\",\"@id\":\"https:\\\/\\\/eldigitaldeasturias.com\\\/magazine365\\\/andalucia-reforzara-la-promocion-de-su-oferta-cultural-y-de-sol-y-playa-con-cuatro-acciones-inversas-en-julio\\\/#authorImage\",\"url\":\"https:\\\/\\\/eldigitaldeasturias.com\\\/magazine365\\\/wp-content\\\/litespeed\\\/avatar\\\/e571bcf59a0edd6fa6838245a470f2fe.jpg?ver=1777574230\",\"width\":96,\"height\":96,\"caption\":\"admin\"}},{\"@type\":\"WebPage\",\"@id\":\"https:\\\/\\\/eldigitaldeasturias.com\\\/magazine365\\\/andalucia-reforzara-la-promocion-de-su-oferta-cultural-y-de-sol-y-playa-con-cuatro-acciones-inversas-en-julio\\\/#webpage\",\"url\":\"https:\\\/\\\/eldigitaldeasturias.com\\\/magazine365\\\/andalucia-reforzara-la-promocion-de-su-oferta-cultural-y-de-sol-y-playa-con-cuatro-acciones-inversas-en-julio\\\/\",\"name\":\"Andaluc\\u00eda reforzar\\u00e1 la promoci\\u00f3n de su oferta cultural y de sol y playa con cuatro acciones inversas en julio | El Digital de Asturias\",\"description\":\"Andaluc\\u00eda reforzar\\u00e1 la promoci\\u00f3n de su oferta cultural y de sol y playa en Estados Unidos y Reino Unido a trav\\u00e9s de cuatro acciones inversas durante la primera quincena de julio, de forma que agencias de viaje receptivas, touroperadores, medios de comunicaci\\u00f3n y un canal de televisi\\u00f3n de ambos pa\\u00edses visitar\\u00e1n la comunidad para conocer\",\"inLanguage\":\"es-ES\",\"isPartOf\":{\"@id\":\"https:\\\/\\\/eldigitaldeasturias.com\\\/magazine365\\\/#website\"},\"breadcrumb\":{\"@id\":\"https:\\\/\\\/eldigitaldeasturias.com\\\/magazine365\\\/andalucia-reforzara-la-promocion-de-su-oferta-cultural-y-de-sol-y-playa-con-cuatro-acciones-inversas-en-julio\\\/#breadcrumblist\"},\"author\":{\"@id\":\"https:\\\/\\\/eldigitaldeasturias.com\\\/magazine365\\\/author\\\/admin\\\/#author\"},\"creator\":{\"@id\":\"https:\\\/\\\/eldigitaldeasturias.com\\\/magazine365\\\/author\\\/admin\\\/#author\"},\"image\":{\"@type\":\"ImageObject\",\"url\":\"https:\\\/\\\/eldigitaldeasturias.com\\\/magazine365\\\/wp-content\\\/uploads\\\/2015\\\/06\\\/fotonoticia_20150629160503_800.jpg\",\"@id\":\"https:\\\/\\\/eldigitaldeasturias.com\\\/magazine365\\\/andalucia-reforzara-la-promocion-de-su-oferta-cultural-y-de-sol-y-playa-con-cuatro-acciones-inversas-en-julio\\\/#mainImage\",\"width\":800,\"height\":532},\"primaryImageOfPage\":{\"@id\":\"https:\\\/\\\/eldigitaldeasturias.com\\\/magazine365\\\/andalucia-reforzara-la-promocion-de-su-oferta-cultural-y-de-sol-y-playa-con-cuatro-acciones-inversas-en-julio\\\/#mainImage\"},\"datePublished\":\"2015-06-30T08:18:30+02:00\",\"dateModified\":\"2015-06-30T08:18:30+02:00\"},{\"@type\":\"WebSite\",\"@id\":\"https:\\\/\\\/eldigitaldeasturias.com\\\/magazine365\\\/#website\",\"url\":\"https:\\\/\\\/eldigitaldeasturias.com\\\/magazine365\\\/\",\"name\":\"El Digital de Asturias\",\"description\":\"Revista de ocio, turismo y estilo de vida\",\"inLanguage\":\"es-ES\",\"publisher\":{\"@id\":\"https:\\\/\\\/eldigitaldeasturias.com\\\/magazine365\\\/#organization\"}}]}\n\t\t<\/script>\n\t\t<!-- All in One SEO Pro -->\r\n\t\t<title>Andaluc\u00eda reforzar\u00e1 la promoci\u00f3n de su oferta cultural y de sol y playa con cuatro acciones inversas en julio | El Digital de Asturias<\/title>\n\n","aioseo_head_json":{"title":"Andaluc\u00eda reforzar\u00e1 la promoci\u00f3n de su oferta cultural y de sol y playa con cuatro acciones inversas en julio | El Digital de Asturias","description":"Andaluc\u00eda reforzar\u00e1 la promoci\u00f3n de su oferta cultural y de sol y playa en Estados Unidos y Reino Unido a trav\u00e9s de cuatro acciones inversas durante la primera quincena de julio, de forma que agencias de viaje receptivas, touroperadores, medios de comunicaci\u00f3n y un canal de televisi\u00f3n de ambos pa\u00edses visitar\u00e1n la comunidad para conocer","canonical_url":"https:\/\/eldigitaldeasturias.com\/magazine365\/andalucia-reforzara-la-promocion-de-su-oferta-cultural-y-de-sol-y-playa-con-cuatro-acciones-inversas-en-julio\/","robots":"max-image-preview:large","keywords":"actualidad turismo","webmasterTools":{"google-site-verification":"UA-38556648-1","miscellaneous":""},"schema":{"@context":"https:\/\/schema.org","@graph":[{"@type":"Article","@id":"https:\/\/eldigitaldeasturias.com\/magazine365\/andalucia-reforzara-la-promocion-de-su-oferta-cultural-y-de-sol-y-playa-con-cuatro-acciones-inversas-en-julio\/#article","name":"Andaluc\u00eda reforzar\u00e1 la promoci\u00f3n de su oferta cultural y de sol y playa con cuatro acciones inversas en julio | El Digital de Asturias","headline":"Andaluc\u00eda reforzar\u00e1 la promoci\u00f3n de su oferta cultural y de sol y playa con cuatro acciones inversas en julio","author":{"@id":"https:\/\/eldigitaldeasturias.com\/magazine365\/author\/admin\/#author"},"publisher":{"@id":"https:\/\/eldigitaldeasturias.com\/magazine365\/#organization"},"image":{"@type":"ImageObject","url":"https:\/\/eldigitaldeasturias.com\/magazine365\/wp-content\/uploads\/2015\/06\/fotonoticia_20150629160503_800.jpg","width":800,"height":532},"datePublished":"2015-06-30T08:18:30+02:00","dateModified":"2015-06-30T08:18:30+02:00","inLanguage":"es-ES","mainEntityOfPage":{"@id":"https:\/\/eldigitaldeasturias.com\/magazine365\/andalucia-reforzara-la-promocion-de-su-oferta-cultural-y-de-sol-y-playa-con-cuatro-acciones-inversas-en-julio\/#webpage"},"isPartOf":{"@id":"https:\/\/eldigitaldeasturias.com\/magazine365\/andalucia-reforzara-la-promocion-de-su-oferta-cultural-y-de-sol-y-playa-con-cuatro-acciones-inversas-en-julio\/#webpage"},"articleSection":"Actualidad Turismo"},{"@type":"BreadcrumbList","@id":"https:\/\/eldigitaldeasturias.com\/magazine365\/andalucia-reforzara-la-promocion-de-su-oferta-cultural-y-de-sol-y-playa-con-cuatro-acciones-inversas-en-julio\/#breadcrumblist","itemListElement":[{"@type":"ListItem","@id":"https:\/\/eldigitaldeasturias.com\/magazine365#listItem","position":1,"name":"Home","item":"https:\/\/eldigitaldeasturias.com\/magazine365","nextItem":{"@type":"ListItem","@id":"https:\/\/eldigitaldeasturias.com\/magazine365\/category\/actualidad-turismo\/#listItem","name":"Actualidad Turismo"}},{"@type":"ListItem","@id":"https:\/\/eldigitaldeasturias.com\/magazine365\/category\/actualidad-turismo\/#listItem","position":2,"name":"Actualidad Turismo","item":"https:\/\/eldigitaldeasturias.com\/magazine365\/category\/actualidad-turismo\/","nextItem":{"@type":"ListItem","@id":"https:\/\/eldigitaldeasturias.com\/magazine365\/andalucia-reforzara-la-promocion-de-su-oferta-cultural-y-de-sol-y-playa-con-cuatro-acciones-inversas-en-julio\/#listItem","name":"Andaluc\u00eda reforzar\u00e1 la promoci\u00f3n de su oferta cultural y de sol y playa con cuatro acciones inversas en julio"},"previousItem":{"@type":"ListItem","@id":"https:\/\/eldigitaldeasturias.com\/magazine365#listItem","name":"Home"}},{"@type":"ListItem","@id":"https:\/\/eldigitaldeasturias.com\/magazine365\/andalucia-reforzara-la-promocion-de-su-oferta-cultural-y-de-sol-y-playa-con-cuatro-acciones-inversas-en-julio\/#listItem","position":3,"name":"Andaluc\u00eda reforzar\u00e1 la promoci\u00f3n de su oferta cultural y de sol y playa con cuatro acciones inversas en julio","previousItem":{"@type":"ListItem","@id":"https:\/\/eldigitaldeasturias.com\/magazine365\/category\/actualidad-turismo\/#listItem","name":"Actualidad Turismo"}}]},{"@type":"Organization","@id":"https:\/\/eldigitaldeasturias.com\/magazine365\/#organization","name":"El digital de Asturias","description":"Revista de ocio, turismo y estilo de vida","url":"https:\/\/eldigitaldeasturias.com\/magazine365\/","logo":{"@type":"ImageObject","url":"https:\/\/www.eldigitaldeasturias.com\/noticias\/wp-content\/uploads\/2020\/12\/EDA.jpg","@id":"https:\/\/eldigitaldeasturias.com\/magazine365\/andalucia-reforzara-la-promocion-de-su-oferta-cultural-y-de-sol-y-playa-con-cuatro-acciones-inversas-en-julio\/#organizationLogo"},"image":{"@id":"https:\/\/eldigitaldeasturias.com\/magazine365\/andalucia-reforzara-la-promocion-de-su-oferta-cultural-y-de-sol-y-playa-con-cuatro-acciones-inversas-en-julio\/#organizationLogo"}},{"@type":"Person","@id":"https:\/\/eldigitaldeasturias.com\/magazine365\/author\/admin\/#author","url":"https:\/\/eldigitaldeasturias.com\/magazine365\/author\/admin\/","name":"admin","image":{"@type":"ImageObject","@id":"https:\/\/eldigitaldeasturias.com\/magazine365\/andalucia-reforzara-la-promocion-de-su-oferta-cultural-y-de-sol-y-playa-con-cuatro-acciones-inversas-en-julio\/#authorImage","url":"https:\/\/eldigitaldeasturias.com\/magazine365\/wp-content\/litespeed\/avatar\/e571bcf59a0edd6fa6838245a470f2fe.jpg?ver=1777574230","width":96,"height":96,"caption":"admin"}},{"@type":"WebPage","@id":"https:\/\/eldigitaldeasturias.com\/magazine365\/andalucia-reforzara-la-promocion-de-su-oferta-cultural-y-de-sol-y-playa-con-cuatro-acciones-inversas-en-julio\/#webpage","url":"https:\/\/eldigitaldeasturias.com\/magazine365\/andalucia-reforzara-la-promocion-de-su-oferta-cultural-y-de-sol-y-playa-con-cuatro-acciones-inversas-en-julio\/","name":"Andaluc\u00eda reforzar\u00e1 la promoci\u00f3n de su oferta cultural y de sol y playa con cuatro acciones inversas en julio | El Digital de Asturias","description":"Andaluc\u00eda reforzar\u00e1 la promoci\u00f3n de su oferta cultural y de sol y playa en Estados Unidos y Reino Unido a trav\u00e9s de cuatro acciones inversas durante la primera quincena de julio, de forma que agencias de viaje receptivas, touroperadores, medios de comunicaci\u00f3n y un canal de televisi\u00f3n de ambos pa\u00edses visitar\u00e1n la comunidad para conocer","inLanguage":"es-ES","isPartOf":{"@id":"https:\/\/eldigitaldeasturias.com\/magazine365\/#website"},"breadcrumb":{"@id":"https:\/\/eldigitaldeasturias.com\/magazine365\/andalucia-reforzara-la-promocion-de-su-oferta-cultural-y-de-sol-y-playa-con-cuatro-acciones-inversas-en-julio\/#breadcrumblist"},"author":{"@id":"https:\/\/eldigitaldeasturias.com\/magazine365\/author\/admin\/#author"},"creator":{"@id":"https:\/\/eldigitaldeasturias.com\/magazine365\/author\/admin\/#author"},"image":{"@type":"ImageObject","url":"https:\/\/eldigitaldeasturias.com\/magazine365\/wp-content\/uploads\/2015\/06\/fotonoticia_20150629160503_800.jpg","@id":"https:\/\/eldigitaldeasturias.com\/magazine365\/andalucia-reforzara-la-promocion-de-su-oferta-cultural-y-de-sol-y-playa-con-cuatro-acciones-inversas-en-julio\/#mainImage","width":800,"height":532},"primaryImageOfPage":{"@id":"https:\/\/eldigitaldeasturias.com\/magazine365\/andalucia-reforzara-la-promocion-de-su-oferta-cultural-y-de-sol-y-playa-con-cuatro-acciones-inversas-en-julio\/#mainImage"},"datePublished":"2015-06-30T08:18:30+02:00","dateModified":"2015-06-30T08:18:30+02:00"},{"@type":"WebSite","@id":"https:\/\/eldigitaldeasturias.com\/magazine365\/#website","url":"https:\/\/eldigitaldeasturias.com\/magazine365\/","name":"El Digital de Asturias","description":"Revista de ocio, turismo y estilo de vida","inLanguage":"es-ES","publisher":{"@id":"https:\/\/eldigitaldeasturias.com\/magazine365\/#organization"}}]},"og:locale":"es_ES","og:site_name":"El Digital de Asturias \u2013 Revista de ocio, turismo y estilo de vida","og:type":"article","og:title":"Andaluc\u00eda reforzar\u00e1 la promoci\u00f3n de su oferta cultural y de sol y playa con cuatro acciones inversas en julio | El Digital de Asturias","og:description":"Andaluc\u00eda reforzar\u00e1 la promoci\u00f3n de su oferta cultural y de sol y playa en Estados Unidos y Reino Unido a trav\u00e9s de cuatro acciones inversas durante la primera quincena de julio, de forma que agencias de viaje receptivas, touroperadores, medios de comunicaci\u00f3n y un canal de televisi\u00f3n de ambos pa\u00edses visitar\u00e1n la comunidad para conocer","og:url":"https:\/\/eldigitaldeasturias.com\/magazine365\/andalucia-reforzara-la-promocion-de-su-oferta-cultural-y-de-sol-y-playa-con-cuatro-acciones-inversas-en-julio\/","og:image":"https:\/\/eldigitaldeasturias.com\/magazine365\/wp-content\/uploads\/2015\/06\/fotonoticia_20150629160503_800.jpg","og:image:secure_url":"https:\/\/eldigitaldeasturias.com\/magazine365\/wp-content\/uploads\/2015\/06\/fotonoticia_20150629160503_800.jpg","og:image:width":800,"og:image:height":532,"article:published_time":"2015-06-30T06:48:30+00:00","article:modified_time":"2015-06-30T06:48:30+00:00","twitter:card":"summary_large_image","twitter:title":"Andaluc\u00eda reforzar\u00e1 la promoci\u00f3n de su oferta cultural y de sol y playa con cuatro acciones inversas en julio | El Digital de Asturias","twitter:description":"Andaluc\u00eda reforzar\u00e1 la promoci\u00f3n de su oferta cultural y de sol y playa en Estados Unidos y Reino Unido a trav\u00e9s de cuatro acciones inversas durante la primera quincena de julio, de forma que agencias de viaje receptivas, touroperadores, medios de comunicaci\u00f3n y un canal de televisi\u00f3n de ambos pa\u00edses visitar\u00e1n la comunidad para conocer","twitter:image":"https:\/\/eldigitaldeasturias.com\/magazine365\/wp-content\/uploads\/2015\/06\/fotonoticia_20150629160503_800.jpg"},"aioseo_meta_data":{"post_id":"41314","title":null,"description":null,"keywords":null,"keyphrases":null,"primary_term":null,"canonical_url":null,"og_title":null,"og_description":null,"og_object_type":"default","og_image_type":"default","og_image_url":null,"og_image_width":null,"og_image_height":null,"og_image_custom_url":null,"og_image_custom_fields":null,"og_video":null,"og_custom_url":null,"og_article_section":null,"og_article_tags":null,"twitter_use_og":false,"twitter_card":"default","twitter_image_type":"default","twitter_image_url":null,"twitter_image_custom_url":null,"twitter_image_custom_fields":null,"twitter_title":null,"twitter_description":null,"schema":{"blockGraphs":[],"customGraphs":[],"default":{"data":{"Article":[],"Course":[],"Dataset":[],"FAQPage":[],"Movie":[],"Person":[],"Product":[],"ProductReview":[],"Car":[],"Recipe":[],"Service":[],"SoftwareApplication":[],"WebPage":[]},"graphName":"","isEnabled":true},"graphs":[],"defaultGraph":"","defaultPostTypeGraph":""},"schema_type":null,"schema_type_options":null,"pillar_content":false,"robots_default":true,"robots_noindex":false,"robots_noarchive":false,"robots_nosnippet":false,"robots_nofollow":false,"robots_noimageindex":false,"robots_noodp":false,"robots_notranslate":false,"robots_max_snippet":null,"robots_max_videopreview":null,"robots_max_imagepreview":"large","priority":null,"frequency":null,"location":null,"local_seo":null,"seo_analyzer_scan_date":"2025-09-19 15:25:33","breadcrumb_settings":null,"limit_modified_date":false,"open_ai":null,"ai":null,"created":"2021-03-09 02:16:53","updated":"2025-09-19 15:25:34"},"aioseo_breadcrumb":"<div class=\"aioseo-breadcrumbs\"><span class=\"aioseo-breadcrumb\">\n\t<a href=\"https:\/\/eldigitaldeasturias.com\/magazine365\" title=\"Home\">Home<\/a>\n<\/span><span class=\"aioseo-breadcrumb-separator\">\u2013<\/span><span class=\"aioseo-breadcrumb\">\n\t<a href=\"https:\/\/eldigitaldeasturias.com\/magazine365\/category\/actualidad-turismo\/\" title=\"Actualidad Turismo\">Actualidad Turismo<\/a>\n<\/span><span class=\"aioseo-breadcrumb-separator\">\u2013<\/span><span class=\"aioseo-breadcrumb\">\n\t<a href=\"https:\/\/eldigitaldeasturias.com\/magazine365\/andalucia-reforzara-la-promocion-de-su-oferta-cultural-y-de-sol-y-playa-con-cuatro-acciones-inversas-en-julio\/\" title=\"Andaluc\u00eda reforzar\u00e1 la promoci\u00f3n de su oferta cultural y de sol y playa con cuatro acciones inversas en julio\">Andaluc\u00eda reforzar\u00e1 la promoci\u00f3n de su oferta cultural y de sol y playa con cuatro acciones inversas en julio<\/a>\n<\/span><\/div>","aioseo_breadcrumb_json":[{"label":"Home","link":"https:\/\/eldigitaldeasturias.com\/magazine365"},{"label":"Actualidad Turismo","link":"https:\/\/eldigitaldeasturias.com\/magazine365\/category\/actualidad-turismo\/"},{"label":"Andaluc\u00eda reforzar\u00e1 la promoci\u00f3n de su oferta cultural y de sol y playa con cuatro acciones inversas en julio","link":"https:\/\/eldigitaldeasturias.com\/magazine365\/andalucia-reforzara-la-promocion-de-su-oferta-cultural-y-de-sol-y-playa-con-cuatro-acciones-inversas-en-julio\/"}],"_links":{"self":[{"href":"https:\/\/eldigitaldeasturias.com\/magazine365\/wp-json\/wp\/v2\/posts\/41314","targetHints":{"allow":["GET"]}}],"collection":[{"href":"https:\/\/eldigitaldeasturias.com\/magazine365\/wp-json\/wp\/v2\/posts"}],"about":[{"href":"https:\/\/eldigitaldeasturias.com\/magazine365\/wp-json\/wp\/v2\/types\/post"}],"author":[{"embeddable":true,"href":"https:\/\/eldigitaldeasturias.com\/magazine365\/wp-json\/wp\/v2\/users\/1"}],"replies":[{"embeddable":true,"href":"https:\/\/eldigitaldeasturias.com\/magazine365\/wp-json\/wp\/v2\/comments?post=41314"}],"version-history":[{"count":0,"href":"https:\/\/eldigitaldeasturias.com\/magazine365\/wp-json\/wp\/v2\/posts\/41314\/revisions"}],"wp:featuredmedia":[{"embeddable":true,"href":"https:\/\/eldigitaldeasturias.com\/magazine365\/wp-json\/wp\/v2\/media\/41315"}],"wp:attachment":[{"href":"https:\/\/eldigitaldeasturias.com\/magazine365\/wp-json\/wp\/v2\/media?parent=41314"}],"wp:term":[{"taxonomy":"category","embeddable":true,"href":"https:\/\/eldigitaldeasturias.com\/magazine365\/wp-json\/wp\/v2\/categories?post=41314"},{"taxonomy":"post_tag","embeddable":true,"href":"https:\/\/eldigitaldeasturias.com\/magazine365\/wp-json\/wp\/v2\/tags?post=41314"}],"curies":[{"name":"wp","href":"https:\/\/api.w.org\/{rel}","templated":true}]}}