{"id":41311,"date":"2015-06-30T08:17:28","date_gmt":"2015-06-30T06:47:28","guid":{"rendered":"http:\/\/eldigitaldeasturias.com\/magazine365\/?p=41311"},"modified":"2015-06-30T08:17:28","modified_gmt":"2015-06-30T06:47:28","slug":"la-alcaldesa-de-jerez-recibe-a-periodistas-de-medios-turisticos-de-referencia-en-el-mercado-aleman","status":"publish","type":"post","link":"https:\/\/eldigitaldeasturias.com\/magazine365\/la-alcaldesa-de-jerez-recibe-a-periodistas-de-medios-turisticos-de-referencia-en-el-mercado-aleman\/","title":{"rendered":"La alcaldesa de Jerez recibe a periodistas de medios tur\u00edsticos de referencia en el mercado alem\u00e1n"},"content":{"rendered":"<p><img fetchpriority=\"high\" decoding=\"async\" class=\"alignleft size-medium wp-image-41312\" src=\"https:\/\/eldigitaldeasturias.com\/magazine365\/wp-content\/uploads\/2015\/06\/fotonoticia_20150629160107_800-360x240.jpg\" alt=\"fotonoticia_20150629160107_800\" width=\"360\" height=\"240\" srcset=\"https:\/\/eldigitaldeasturias.com\/magazine365\/wp-content\/uploads\/2015\/06\/fotonoticia_20150629160107_800-360x240.jpg 360w, https:\/\/eldigitaldeasturias.com\/magazine365\/wp-content\/uploads\/2015\/06\/fotonoticia_20150629160107_800-650x434.jpg 650w, https:\/\/eldigitaldeasturias.com\/magazine365\/wp-content\/uploads\/2015\/06\/fotonoticia_20150629160107_800-768x513.jpg 768w, https:\/\/eldigitaldeasturias.com\/magazine365\/wp-content\/uploads\/2015\/06\/fotonoticia_20150629160107_800-150x100.jpg 150w, https:\/\/eldigitaldeasturias.com\/magazine365\/wp-content\/uploads\/2015\/06\/fotonoticia_20150629160107_800-450x300.jpg 450w, https:\/\/eldigitaldeasturias.com\/magazine365\/wp-content\/uploads\/2015\/06\/fotonoticia_20150629160107_800-696x465.jpg 696w, https:\/\/eldigitaldeasturias.com\/magazine365\/wp-content\/uploads\/2015\/06\/fotonoticia_20150629160107_800-629x420.jpg 629w, https:\/\/eldigitaldeasturias.com\/magazine365\/wp-content\/uploads\/2015\/06\/fotonoticia_20150629160107_800-84x55.jpg 84w, https:\/\/eldigitaldeasturias.com\/magazine365\/wp-content\/uploads\/2015\/06\/fotonoticia_20150629160107_800.jpg 800w\" sizes=\"(max-width: 360px) 100vw, 360px\" \/>La alcaldesa de Jerez de la Frontera (C\u00e1diz), Mamen S\u00e1nchez (PSOE), y el teniente de Alcald\u00eda de Dinamizaci\u00f3n Cultural y Patrimonio, Francisco Camas, han dado la bienvenida a la ciudad a un grupo de periodistas alemanes, especializados en turismo, que visitan la ciudad desde la pasada semana dentro de una acci\u00f3n promocional que organiza el Patronato Provincial de Turismo de Diputaci\u00f3n, en colaboraci\u00f3n con la Oficina Espa\u00f1ola de Turismo de Berl\u00edn y el Ayuntamiento de Jerez.<\/p>\n<p>En una nota de prensa, el Ayuntamiento de Jerez indica que los periodistas han visitado en Jerez el centro hist\u00f3rico, algunas bodegas, al tiempo que han disfrutado del flamenco y de la gastronom\u00eda t\u00edpica local. El grupo tambi\u00e9n tiene prevista este lunes una visita a la Real Escuela Andaluza del Arte Ecuestre, entre otros atractivos.<\/p>\n<p>La alcaldesa ha incidido en \u00abel inter\u00e9s\u00bb de esta acci\u00f3n de promoci\u00f3n para los destinos tur\u00edsticos y ha remarcado que el objetivo de su gobierno es \u00abpotenciar el turismo y la cultura\u00bb. S\u00e1nchez ha se\u00f1alado que en este encuentro se ha ofrecido los eventos que se organizan en Jerez durante todo el a\u00f1o y, en este sentido, ha subrayado que quiere que \u00abJerez sea un destino visitable y atractivo los 365 d\u00edas del a\u00f1o\u00bb.<\/p>\n<p>Asimismo, se ha mostrado satisfecha por \u00abla buena imagen\u00bb que los periodistas se llevan de Jerez, insistiendo en que \u00abdesde el Ayuntamiento se les informar\u00e1 puntualmente de todas las promociones tur\u00edsticas y culturales de la ciudad\u00bb.<\/p>\n<p>\u00abEl objetivo es que cuando ellos vuelvan escriban en sus peri\u00f3dicos bien de Jerez para traer m\u00e1s turistas a la ciudad\u00bb, ha sentenciado la alcaldesa. El mercado alem\u00e1n es uno de los principales emisores de turistas para el destino, junto con Reino Unido y Francia. En lo que llevamos de a\u00f1o, de las 47.951 demandas atendidas en la Oficina de Turismo de Jerez 4.235 fueron alemanes. Esta cifra supone que el mercado alem\u00e1n representa un 8,83 por ciento de los visitantes atendidos.<\/p>\n","protected":false},"excerpt":{"rendered":"<p>La alcaldesa de Jerez de la Frontera (C\u00e1diz), Mamen S\u00e1nchez (PSOE), y el teniente de Alcald\u00eda de Dinamizaci\u00f3n Cultural y Patrimonio, Francisco Camas, han dado la bienvenida a la ciudad a un grupo de periodistas alemanes, especializados en turismo, que visitan la ciudad desde la pasada semana dentro de una acci\u00f3n promocional que organiza el<\/p>\n","protected":false},"author":1,"featured_media":41312,"comment_status":"open","ping_status":"closed","sticky":false,"template":"","format":"standard","meta":{"footnotes":""},"categories":[222],"tags":[],"class_list":{"0":"post-41311","1":"post","2":"type-post","3":"status-publish","4":"format-standard","5":"has-post-thumbnail","7":"category-actualidad-turismo"},"aioseo_notices":[],"aioseo_head":"\n\t\t<!-- All in One SEO Pro 4.9.6.1 - aioseo.com -->\n\t<meta name=\"description\" content=\"La alcaldesa de Jerez de la Frontera (C\u00e1diz), Mamen S\u00e1nchez (PSOE), y el teniente de Alcald\u00eda de Dinamizaci\u00f3n Cultural y Patrimonio, Francisco Camas, han dado la bienvenida a la ciudad a un grupo de periodistas alemanes, especializados en turismo, que visitan la ciudad desde la pasada semana dentro de una acci\u00f3n promocional que organiza el\" \/>\n\t<meta name=\"robots\" content=\"max-image-preview:large\" \/>\n\t<meta name=\"author\" content=\"admin\"\/>\n\t<meta name=\"google-site-verification\" content=\"UA-38556648-1\" \/>\n\t<meta name=\"keywords\" content=\"actualidad turismo\" \/>\n\t<link rel=\"canonical\" href=\"https:\/\/eldigitaldeasturias.com\/magazine365\/la-alcaldesa-de-jerez-recibe-a-periodistas-de-medios-turisticos-de-referencia-en-el-mercado-aleman\/\" \/>\n\t<meta name=\"generator\" content=\"All in One SEO Pro (AIOSEO) 4.9.6.1\" \/>\n\t\t<meta property=\"og:locale\" content=\"es_ES\" \/>\n\t\t<meta property=\"og:site_name\" content=\"El Digital de Asturias \u2013 Revista de ocio, turismo y estilo de vida\" \/>\n\t\t<meta property=\"og:type\" content=\"article\" \/>\n\t\t<meta property=\"og:title\" content=\"La alcaldesa de Jerez recibe a periodistas de medios tur\u00edsticos de referencia en el mercado alem\u00e1n | El Digital de Asturias\" \/>\n\t\t<meta property=\"og:description\" content=\"La alcaldesa de Jerez de la Frontera (C\u00e1diz), Mamen S\u00e1nchez (PSOE), y el teniente de Alcald\u00eda de Dinamizaci\u00f3n Cultural y Patrimonio, Francisco Camas, han dado la bienvenida a la ciudad a un grupo de periodistas alemanes, especializados en turismo, que visitan la ciudad desde la pasada semana dentro de una acci\u00f3n promocional que organiza el\" \/>\n\t\t<meta property=\"og:url\" content=\"https:\/\/eldigitaldeasturias.com\/magazine365\/la-alcaldesa-de-jerez-recibe-a-periodistas-de-medios-turisticos-de-referencia-en-el-mercado-aleman\/\" \/>\n\t\t<meta property=\"og:image\" content=\"https:\/\/eldigitaldeasturias.com\/magazine365\/wp-content\/uploads\/2015\/06\/fotonoticia_20150629160107_800.jpg\" \/>\n\t\t<meta property=\"og:image:secure_url\" content=\"https:\/\/eldigitaldeasturias.com\/magazine365\/wp-content\/uploads\/2015\/06\/fotonoticia_20150629160107_800.jpg\" \/>\n\t\t<meta property=\"og:image:width\" content=\"800\" \/>\n\t\t<meta property=\"og:image:height\" content=\"534\" \/>\n\t\t<meta property=\"article:published_time\" content=\"2015-06-30T06:47:28+00:00\" \/>\n\t\t<meta property=\"article:modified_time\" content=\"2015-06-30T06:47:28+00:00\" \/>\n\t\t<meta name=\"twitter:card\" content=\"summary_large_image\" \/>\n\t\t<meta name=\"twitter:title\" content=\"La alcaldesa de Jerez recibe a periodistas de medios tur\u00edsticos de referencia en el mercado alem\u00e1n | El Digital de Asturias\" \/>\n\t\t<meta name=\"twitter:description\" content=\"La alcaldesa de Jerez de la Frontera (C\u00e1diz), Mamen S\u00e1nchez (PSOE), y el teniente de Alcald\u00eda de Dinamizaci\u00f3n Cultural y Patrimonio, Francisco Camas, han dado la bienvenida a la ciudad a un grupo de periodistas alemanes, especializados en turismo, que visitan la ciudad desde la pasada semana dentro de una acci\u00f3n promocional que organiza el\" \/>\n\t\t<meta name=\"twitter:image\" content=\"https:\/\/eldigitaldeasturias.com\/magazine365\/wp-content\/uploads\/2015\/06\/fotonoticia_20150629160107_800.jpg\" \/>\n\t\t<script type=\"application\/ld+json\" class=\"aioseo-schema\">\n\t\t\t{\"@context\":\"https:\\\/\\\/schema.org\",\"@graph\":[{\"@type\":\"Article\",\"@id\":\"https:\\\/\\\/eldigitaldeasturias.com\\\/magazine365\\\/la-alcaldesa-de-jerez-recibe-a-periodistas-de-medios-turisticos-de-referencia-en-el-mercado-aleman\\\/#article\",\"name\":\"La alcaldesa de Jerez recibe a periodistas de medios tur\\u00edsticos de referencia en el mercado alem\\u00e1n | El Digital de Asturias\",\"headline\":\"La alcaldesa de Jerez recibe a periodistas de medios tur\\u00edsticos de referencia en el mercado alem\\u00e1n\",\"author\":{\"@id\":\"https:\\\/\\\/eldigitaldeasturias.com\\\/magazine365\\\/author\\\/admin\\\/#author\"},\"publisher\":{\"@id\":\"https:\\\/\\\/eldigitaldeasturias.com\\\/magazine365\\\/#organization\"},\"image\":{\"@type\":\"ImageObject\",\"url\":\"https:\\\/\\\/eldigitaldeasturias.com\\\/magazine365\\\/wp-content\\\/uploads\\\/2015\\\/06\\\/fotonoticia_20150629160107_800.jpg\",\"width\":800,\"height\":534},\"datePublished\":\"2015-06-30T08:17:28+02:00\",\"dateModified\":\"2015-06-30T08:17:28+02:00\",\"inLanguage\":\"es-ES\",\"mainEntityOfPage\":{\"@id\":\"https:\\\/\\\/eldigitaldeasturias.com\\\/magazine365\\\/la-alcaldesa-de-jerez-recibe-a-periodistas-de-medios-turisticos-de-referencia-en-el-mercado-aleman\\\/#webpage\"},\"isPartOf\":{\"@id\":\"https:\\\/\\\/eldigitaldeasturias.com\\\/magazine365\\\/la-alcaldesa-de-jerez-recibe-a-periodistas-de-medios-turisticos-de-referencia-en-el-mercado-aleman\\\/#webpage\"},\"articleSection\":\"Actualidad Turismo\"},{\"@type\":\"BreadcrumbList\",\"@id\":\"https:\\\/\\\/eldigitaldeasturias.com\\\/magazine365\\\/la-alcaldesa-de-jerez-recibe-a-periodistas-de-medios-turisticos-de-referencia-en-el-mercado-aleman\\\/#breadcrumblist\",\"itemListElement\":[{\"@type\":\"ListItem\",\"@id\":\"https:\\\/\\\/eldigitaldeasturias.com\\\/magazine365#listItem\",\"position\":1,\"name\":\"Home\",\"item\":\"https:\\\/\\\/eldigitaldeasturias.com\\\/magazine365\",\"nextItem\":{\"@type\":\"ListItem\",\"@id\":\"https:\\\/\\\/eldigitaldeasturias.com\\\/magazine365\\\/category\\\/actualidad-turismo\\\/#listItem\",\"name\":\"Actualidad Turismo\"}},{\"@type\":\"ListItem\",\"@id\":\"https:\\\/\\\/eldigitaldeasturias.com\\\/magazine365\\\/category\\\/actualidad-turismo\\\/#listItem\",\"position\":2,\"name\":\"Actualidad Turismo\",\"item\":\"https:\\\/\\\/eldigitaldeasturias.com\\\/magazine365\\\/category\\\/actualidad-turismo\\\/\",\"nextItem\":{\"@type\":\"ListItem\",\"@id\":\"https:\\\/\\\/eldigitaldeasturias.com\\\/magazine365\\\/la-alcaldesa-de-jerez-recibe-a-periodistas-de-medios-turisticos-de-referencia-en-el-mercado-aleman\\\/#listItem\",\"name\":\"La alcaldesa de Jerez recibe a periodistas de medios tur\\u00edsticos de referencia en el mercado alem\\u00e1n\"},\"previousItem\":{\"@type\":\"ListItem\",\"@id\":\"https:\\\/\\\/eldigitaldeasturias.com\\\/magazine365#listItem\",\"name\":\"Home\"}},{\"@type\":\"ListItem\",\"@id\":\"https:\\\/\\\/eldigitaldeasturias.com\\\/magazine365\\\/la-alcaldesa-de-jerez-recibe-a-periodistas-de-medios-turisticos-de-referencia-en-el-mercado-aleman\\\/#listItem\",\"position\":3,\"name\":\"La alcaldesa de Jerez recibe a periodistas de medios tur\\u00edsticos de referencia en el mercado alem\\u00e1n\",\"previousItem\":{\"@type\":\"ListItem\",\"@id\":\"https:\\\/\\\/eldigitaldeasturias.com\\\/magazine365\\\/category\\\/actualidad-turismo\\\/#listItem\",\"name\":\"Actualidad Turismo\"}}]},{\"@type\":\"Organization\",\"@id\":\"https:\\\/\\\/eldigitaldeasturias.com\\\/magazine365\\\/#organization\",\"name\":\"El digital de Asturias\",\"description\":\"Revista de ocio, turismo y estilo de vida\",\"url\":\"https:\\\/\\\/eldigitaldeasturias.com\\\/magazine365\\\/\",\"logo\":{\"@type\":\"ImageObject\",\"url\":\"https:\\\/\\\/www.eldigitaldeasturias.com\\\/noticias\\\/wp-content\\\/uploads\\\/2020\\\/12\\\/EDA.jpg\",\"@id\":\"https:\\\/\\\/eldigitaldeasturias.com\\\/magazine365\\\/la-alcaldesa-de-jerez-recibe-a-periodistas-de-medios-turisticos-de-referencia-en-el-mercado-aleman\\\/#organizationLogo\"},\"image\":{\"@id\":\"https:\\\/\\\/eldigitaldeasturias.com\\\/magazine365\\\/la-alcaldesa-de-jerez-recibe-a-periodistas-de-medios-turisticos-de-referencia-en-el-mercado-aleman\\\/#organizationLogo\"}},{\"@type\":\"Person\",\"@id\":\"https:\\\/\\\/eldigitaldeasturias.com\\\/magazine365\\\/author\\\/admin\\\/#author\",\"url\":\"https:\\\/\\\/eldigitaldeasturias.com\\\/magazine365\\\/author\\\/admin\\\/\",\"name\":\"admin\",\"image\":{\"@type\":\"ImageObject\",\"@id\":\"https:\\\/\\\/eldigitaldeasturias.com\\\/magazine365\\\/la-alcaldesa-de-jerez-recibe-a-periodistas-de-medios-turisticos-de-referencia-en-el-mercado-aleman\\\/#authorImage\",\"url\":\"https:\\\/\\\/eldigitaldeasturias.com\\\/magazine365\\\/wp-content\\\/litespeed\\\/avatar\\\/e571bcf59a0edd6fa6838245a470f2fe.jpg?ver=1777574230\",\"width\":96,\"height\":96,\"caption\":\"admin\"}},{\"@type\":\"WebPage\",\"@id\":\"https:\\\/\\\/eldigitaldeasturias.com\\\/magazine365\\\/la-alcaldesa-de-jerez-recibe-a-periodistas-de-medios-turisticos-de-referencia-en-el-mercado-aleman\\\/#webpage\",\"url\":\"https:\\\/\\\/eldigitaldeasturias.com\\\/magazine365\\\/la-alcaldesa-de-jerez-recibe-a-periodistas-de-medios-turisticos-de-referencia-en-el-mercado-aleman\\\/\",\"name\":\"La alcaldesa de Jerez recibe a periodistas de medios tur\\u00edsticos de referencia en el mercado alem\\u00e1n | El Digital de Asturias\",\"description\":\"La alcaldesa de Jerez de la Frontera (C\\u00e1diz), Mamen S\\u00e1nchez (PSOE), y el teniente de Alcald\\u00eda de Dinamizaci\\u00f3n Cultural y Patrimonio, Francisco Camas, han dado la bienvenida a la ciudad a un grupo de periodistas alemanes, especializados en turismo, que visitan la ciudad desde la pasada semana dentro de una acci\\u00f3n promocional que organiza el\",\"inLanguage\":\"es-ES\",\"isPartOf\":{\"@id\":\"https:\\\/\\\/eldigitaldeasturias.com\\\/magazine365\\\/#website\"},\"breadcrumb\":{\"@id\":\"https:\\\/\\\/eldigitaldeasturias.com\\\/magazine365\\\/la-alcaldesa-de-jerez-recibe-a-periodistas-de-medios-turisticos-de-referencia-en-el-mercado-aleman\\\/#breadcrumblist\"},\"author\":{\"@id\":\"https:\\\/\\\/eldigitaldeasturias.com\\\/magazine365\\\/author\\\/admin\\\/#author\"},\"creator\":{\"@id\":\"https:\\\/\\\/eldigitaldeasturias.com\\\/magazine365\\\/author\\\/admin\\\/#author\"},\"image\":{\"@type\":\"ImageObject\",\"url\":\"https:\\\/\\\/eldigitaldeasturias.com\\\/magazine365\\\/wp-content\\\/uploads\\\/2015\\\/06\\\/fotonoticia_20150629160107_800.jpg\",\"@id\":\"https:\\\/\\\/eldigitaldeasturias.com\\\/magazine365\\\/la-alcaldesa-de-jerez-recibe-a-periodistas-de-medios-turisticos-de-referencia-en-el-mercado-aleman\\\/#mainImage\",\"width\":800,\"height\":534},\"primaryImageOfPage\":{\"@id\":\"https:\\\/\\\/eldigitaldeasturias.com\\\/magazine365\\\/la-alcaldesa-de-jerez-recibe-a-periodistas-de-medios-turisticos-de-referencia-en-el-mercado-aleman\\\/#mainImage\"},\"datePublished\":\"2015-06-30T08:17:28+02:00\",\"dateModified\":\"2015-06-30T08:17:28+02:00\"},{\"@type\":\"WebSite\",\"@id\":\"https:\\\/\\\/eldigitaldeasturias.com\\\/magazine365\\\/#website\",\"url\":\"https:\\\/\\\/eldigitaldeasturias.com\\\/magazine365\\\/\",\"name\":\"El Digital de Asturias\",\"description\":\"Revista de ocio, turismo y estilo de vida\",\"inLanguage\":\"es-ES\",\"publisher\":{\"@id\":\"https:\\\/\\\/eldigitaldeasturias.com\\\/magazine365\\\/#organization\"}}]}\n\t\t<\/script>\n\t\t<!-- All in One SEO Pro -->\r\n\t\t<title>La alcaldesa de Jerez recibe a periodistas de medios tur\u00edsticos de referencia en el mercado alem\u00e1n | El Digital de Asturias<\/title>\n\n","aioseo_head_json":{"title":"La alcaldesa de Jerez recibe a periodistas de medios tur\u00edsticos de referencia en el mercado alem\u00e1n | El Digital de Asturias","description":"La alcaldesa de Jerez de la Frontera (C\u00e1diz), Mamen S\u00e1nchez (PSOE), y el teniente de Alcald\u00eda de Dinamizaci\u00f3n Cultural y Patrimonio, Francisco Camas, han dado la bienvenida a la ciudad a un grupo de periodistas alemanes, especializados en turismo, que visitan la ciudad desde la pasada semana dentro de una acci\u00f3n promocional que organiza el","canonical_url":"https:\/\/eldigitaldeasturias.com\/magazine365\/la-alcaldesa-de-jerez-recibe-a-periodistas-de-medios-turisticos-de-referencia-en-el-mercado-aleman\/","robots":"max-image-preview:large","keywords":"actualidad turismo","webmasterTools":{"google-site-verification":"UA-38556648-1","miscellaneous":""},"schema":{"@context":"https:\/\/schema.org","@graph":[{"@type":"Article","@id":"https:\/\/eldigitaldeasturias.com\/magazine365\/la-alcaldesa-de-jerez-recibe-a-periodistas-de-medios-turisticos-de-referencia-en-el-mercado-aleman\/#article","name":"La alcaldesa de Jerez recibe a periodistas de medios tur\u00edsticos de referencia en el mercado alem\u00e1n | El Digital de Asturias","headline":"La alcaldesa de Jerez recibe a periodistas de medios tur\u00edsticos de referencia en el mercado alem\u00e1n","author":{"@id":"https:\/\/eldigitaldeasturias.com\/magazine365\/author\/admin\/#author"},"publisher":{"@id":"https:\/\/eldigitaldeasturias.com\/magazine365\/#organization"},"image":{"@type":"ImageObject","url":"https:\/\/eldigitaldeasturias.com\/magazine365\/wp-content\/uploads\/2015\/06\/fotonoticia_20150629160107_800.jpg","width":800,"height":534},"datePublished":"2015-06-30T08:17:28+02:00","dateModified":"2015-06-30T08:17:28+02:00","inLanguage":"es-ES","mainEntityOfPage":{"@id":"https:\/\/eldigitaldeasturias.com\/magazine365\/la-alcaldesa-de-jerez-recibe-a-periodistas-de-medios-turisticos-de-referencia-en-el-mercado-aleman\/#webpage"},"isPartOf":{"@id":"https:\/\/eldigitaldeasturias.com\/magazine365\/la-alcaldesa-de-jerez-recibe-a-periodistas-de-medios-turisticos-de-referencia-en-el-mercado-aleman\/#webpage"},"articleSection":"Actualidad Turismo"},{"@type":"BreadcrumbList","@id":"https:\/\/eldigitaldeasturias.com\/magazine365\/la-alcaldesa-de-jerez-recibe-a-periodistas-de-medios-turisticos-de-referencia-en-el-mercado-aleman\/#breadcrumblist","itemListElement":[{"@type":"ListItem","@id":"https:\/\/eldigitaldeasturias.com\/magazine365#listItem","position":1,"name":"Home","item":"https:\/\/eldigitaldeasturias.com\/magazine365","nextItem":{"@type":"ListItem","@id":"https:\/\/eldigitaldeasturias.com\/magazine365\/category\/actualidad-turismo\/#listItem","name":"Actualidad Turismo"}},{"@type":"ListItem","@id":"https:\/\/eldigitaldeasturias.com\/magazine365\/category\/actualidad-turismo\/#listItem","position":2,"name":"Actualidad Turismo","item":"https:\/\/eldigitaldeasturias.com\/magazine365\/category\/actualidad-turismo\/","nextItem":{"@type":"ListItem","@id":"https:\/\/eldigitaldeasturias.com\/magazine365\/la-alcaldesa-de-jerez-recibe-a-periodistas-de-medios-turisticos-de-referencia-en-el-mercado-aleman\/#listItem","name":"La alcaldesa de Jerez recibe a periodistas de medios tur\u00edsticos de referencia en el mercado alem\u00e1n"},"previousItem":{"@type":"ListItem","@id":"https:\/\/eldigitaldeasturias.com\/magazine365#listItem","name":"Home"}},{"@type":"ListItem","@id":"https:\/\/eldigitaldeasturias.com\/magazine365\/la-alcaldesa-de-jerez-recibe-a-periodistas-de-medios-turisticos-de-referencia-en-el-mercado-aleman\/#listItem","position":3,"name":"La alcaldesa de Jerez recibe a periodistas de medios tur\u00edsticos de referencia en el mercado alem\u00e1n","previousItem":{"@type":"ListItem","@id":"https:\/\/eldigitaldeasturias.com\/magazine365\/category\/actualidad-turismo\/#listItem","name":"Actualidad Turismo"}}]},{"@type":"Organization","@id":"https:\/\/eldigitaldeasturias.com\/magazine365\/#organization","name":"El digital de Asturias","description":"Revista de ocio, turismo y estilo de vida","url":"https:\/\/eldigitaldeasturias.com\/magazine365\/","logo":{"@type":"ImageObject","url":"https:\/\/www.eldigitaldeasturias.com\/noticias\/wp-content\/uploads\/2020\/12\/EDA.jpg","@id":"https:\/\/eldigitaldeasturias.com\/magazine365\/la-alcaldesa-de-jerez-recibe-a-periodistas-de-medios-turisticos-de-referencia-en-el-mercado-aleman\/#organizationLogo"},"image":{"@id":"https:\/\/eldigitaldeasturias.com\/magazine365\/la-alcaldesa-de-jerez-recibe-a-periodistas-de-medios-turisticos-de-referencia-en-el-mercado-aleman\/#organizationLogo"}},{"@type":"Person","@id":"https:\/\/eldigitaldeasturias.com\/magazine365\/author\/admin\/#author","url":"https:\/\/eldigitaldeasturias.com\/magazine365\/author\/admin\/","name":"admin","image":{"@type":"ImageObject","@id":"https:\/\/eldigitaldeasturias.com\/magazine365\/la-alcaldesa-de-jerez-recibe-a-periodistas-de-medios-turisticos-de-referencia-en-el-mercado-aleman\/#authorImage","url":"https:\/\/eldigitaldeasturias.com\/magazine365\/wp-content\/litespeed\/avatar\/e571bcf59a0edd6fa6838245a470f2fe.jpg?ver=1777574230","width":96,"height":96,"caption":"admin"}},{"@type":"WebPage","@id":"https:\/\/eldigitaldeasturias.com\/magazine365\/la-alcaldesa-de-jerez-recibe-a-periodistas-de-medios-turisticos-de-referencia-en-el-mercado-aleman\/#webpage","url":"https:\/\/eldigitaldeasturias.com\/magazine365\/la-alcaldesa-de-jerez-recibe-a-periodistas-de-medios-turisticos-de-referencia-en-el-mercado-aleman\/","name":"La alcaldesa de Jerez recibe a periodistas de medios tur\u00edsticos de referencia en el mercado alem\u00e1n | El Digital de Asturias","description":"La alcaldesa de Jerez de la Frontera (C\u00e1diz), Mamen S\u00e1nchez (PSOE), y el teniente de Alcald\u00eda de Dinamizaci\u00f3n Cultural y Patrimonio, Francisco Camas, han dado la bienvenida a la ciudad a un grupo de periodistas alemanes, especializados en turismo, que visitan la ciudad desde la pasada semana dentro de una acci\u00f3n promocional que organiza el","inLanguage":"es-ES","isPartOf":{"@id":"https:\/\/eldigitaldeasturias.com\/magazine365\/#website"},"breadcrumb":{"@id":"https:\/\/eldigitaldeasturias.com\/magazine365\/la-alcaldesa-de-jerez-recibe-a-periodistas-de-medios-turisticos-de-referencia-en-el-mercado-aleman\/#breadcrumblist"},"author":{"@id":"https:\/\/eldigitaldeasturias.com\/magazine365\/author\/admin\/#author"},"creator":{"@id":"https:\/\/eldigitaldeasturias.com\/magazine365\/author\/admin\/#author"},"image":{"@type":"ImageObject","url":"https:\/\/eldigitaldeasturias.com\/magazine365\/wp-content\/uploads\/2015\/06\/fotonoticia_20150629160107_800.jpg","@id":"https:\/\/eldigitaldeasturias.com\/magazine365\/la-alcaldesa-de-jerez-recibe-a-periodistas-de-medios-turisticos-de-referencia-en-el-mercado-aleman\/#mainImage","width":800,"height":534},"primaryImageOfPage":{"@id":"https:\/\/eldigitaldeasturias.com\/magazine365\/la-alcaldesa-de-jerez-recibe-a-periodistas-de-medios-turisticos-de-referencia-en-el-mercado-aleman\/#mainImage"},"datePublished":"2015-06-30T08:17:28+02:00","dateModified":"2015-06-30T08:17:28+02:00"},{"@type":"WebSite","@id":"https:\/\/eldigitaldeasturias.com\/magazine365\/#website","url":"https:\/\/eldigitaldeasturias.com\/magazine365\/","name":"El Digital de Asturias","description":"Revista de ocio, turismo y estilo de vida","inLanguage":"es-ES","publisher":{"@id":"https:\/\/eldigitaldeasturias.com\/magazine365\/#organization"}}]},"og:locale":"es_ES","og:site_name":"El Digital de Asturias \u2013 Revista de ocio, turismo y estilo de vida","og:type":"article","og:title":"La alcaldesa de Jerez recibe a periodistas de medios tur\u00edsticos de referencia en el mercado alem\u00e1n | El Digital de Asturias","og:description":"La alcaldesa de Jerez de la Frontera (C\u00e1diz), Mamen S\u00e1nchez (PSOE), y el teniente de Alcald\u00eda de Dinamizaci\u00f3n Cultural y Patrimonio, Francisco Camas, han dado la bienvenida a la ciudad a un grupo de periodistas alemanes, especializados en turismo, que visitan la ciudad desde la pasada semana dentro de una acci\u00f3n promocional que organiza el","og:url":"https:\/\/eldigitaldeasturias.com\/magazine365\/la-alcaldesa-de-jerez-recibe-a-periodistas-de-medios-turisticos-de-referencia-en-el-mercado-aleman\/","og:image":"https:\/\/eldigitaldeasturias.com\/magazine365\/wp-content\/uploads\/2015\/06\/fotonoticia_20150629160107_800.jpg","og:image:secure_url":"https:\/\/eldigitaldeasturias.com\/magazine365\/wp-content\/uploads\/2015\/06\/fotonoticia_20150629160107_800.jpg","og:image:width":800,"og:image:height":534,"article:published_time":"2015-06-30T06:47:28+00:00","article:modified_time":"2015-06-30T06:47:28+00:00","twitter:card":"summary_large_image","twitter:title":"La alcaldesa de Jerez recibe a periodistas de medios tur\u00edsticos de referencia en el mercado alem\u00e1n | El Digital de Asturias","twitter:description":"La alcaldesa de Jerez de la Frontera (C\u00e1diz), Mamen S\u00e1nchez (PSOE), y el teniente de Alcald\u00eda de Dinamizaci\u00f3n Cultural y Patrimonio, Francisco Camas, han dado la bienvenida a la ciudad a un grupo de periodistas alemanes, especializados en turismo, que visitan la ciudad desde la pasada semana dentro de una acci\u00f3n promocional que organiza el","twitter:image":"https:\/\/eldigitaldeasturias.com\/magazine365\/wp-content\/uploads\/2015\/06\/fotonoticia_20150629160107_800.jpg"},"aioseo_meta_data":{"post_id":"41311","title":null,"description":null,"keywords":null,"keyphrases":null,"primary_term":null,"canonical_url":null,"og_title":null,"og_description":null,"og_object_type":"default","og_image_type":"default","og_image_url":null,"og_image_width":null,"og_image_height":null,"og_image_custom_url":null,"og_image_custom_fields":null,"og_video":null,"og_custom_url":null,"og_article_section":null,"og_article_tags":null,"twitter_use_og":false,"twitter_card":"default","twitter_image_type":"default","twitter_image_url":null,"twitter_image_custom_url":null,"twitter_image_custom_fields":null,"twitter_title":null,"twitter_description":null,"schema":{"blockGraphs":[],"customGraphs":[],"default":{"data":{"Article":[],"Course":[],"Dataset":[],"FAQPage":[],"Movie":[],"Person":[],"Product":[],"ProductReview":[],"Car":[],"Recipe":[],"Service":[],"SoftwareApplication":[],"WebPage":[]},"graphName":"","isEnabled":true},"graphs":[],"defaultGraph":"","defaultPostTypeGraph":""},"schema_type":null,"schema_type_options":null,"pillar_content":false,"robots_default":true,"robots_noindex":false,"robots_noarchive":false,"robots_nosnippet":false,"robots_nofollow":false,"robots_noimageindex":false,"robots_noodp":false,"robots_notranslate":false,"robots_max_snippet":null,"robots_max_videopreview":null,"robots_max_imagepreview":"large","priority":null,"frequency":null,"location":null,"local_seo":null,"seo_analyzer_scan_date":"2025-09-19 15:23:50","breadcrumb_settings":null,"limit_modified_date":false,"open_ai":null,"ai":null,"created":"2021-03-09 02:16:53","updated":"2025-09-19 15:23:50"},"aioseo_breadcrumb":"<div class=\"aioseo-breadcrumbs\"><span class=\"aioseo-breadcrumb\">\n\t<a href=\"https:\/\/eldigitaldeasturias.com\/magazine365\" title=\"Home\">Home<\/a>\n<\/span><span class=\"aioseo-breadcrumb-separator\">\u2013<\/span><span class=\"aioseo-breadcrumb\">\n\t<a href=\"https:\/\/eldigitaldeasturias.com\/magazine365\/category\/actualidad-turismo\/\" title=\"Actualidad Turismo\">Actualidad Turismo<\/a>\n<\/span><span class=\"aioseo-breadcrumb-separator\">\u2013<\/span><span class=\"aioseo-breadcrumb\">\n\t<a href=\"https:\/\/eldigitaldeasturias.com\/magazine365\/la-alcaldesa-de-jerez-recibe-a-periodistas-de-medios-turisticos-de-referencia-en-el-mercado-aleman\/\" title=\"La alcaldesa de Jerez recibe a periodistas de medios tur\u00edsticos de referencia en el mercado alem\u00e1n\">La alcaldesa de Jerez recibe a periodistas de medios tur\u00edsticos de referencia en el mercado alem\u00e1n<\/a>\n<\/span><\/div>","aioseo_breadcrumb_json":[{"label":"Home","link":"https:\/\/eldigitaldeasturias.com\/magazine365"},{"label":"Actualidad Turismo","link":"https:\/\/eldigitaldeasturias.com\/magazine365\/category\/actualidad-turismo\/"},{"label":"La alcaldesa de Jerez recibe a periodistas de medios tur\u00edsticos de referencia en el mercado alem\u00e1n","link":"https:\/\/eldigitaldeasturias.com\/magazine365\/la-alcaldesa-de-jerez-recibe-a-periodistas-de-medios-turisticos-de-referencia-en-el-mercado-aleman\/"}],"_links":{"self":[{"href":"https:\/\/eldigitaldeasturias.com\/magazine365\/wp-json\/wp\/v2\/posts\/41311","targetHints":{"allow":["GET"]}}],"collection":[{"href":"https:\/\/eldigitaldeasturias.com\/magazine365\/wp-json\/wp\/v2\/posts"}],"about":[{"href":"https:\/\/eldigitaldeasturias.com\/magazine365\/wp-json\/wp\/v2\/types\/post"}],"author":[{"embeddable":true,"href":"https:\/\/eldigitaldeasturias.com\/magazine365\/wp-json\/wp\/v2\/users\/1"}],"replies":[{"embeddable":true,"href":"https:\/\/eldigitaldeasturias.com\/magazine365\/wp-json\/wp\/v2\/comments?post=41311"}],"version-history":[{"count":0,"href":"https:\/\/eldigitaldeasturias.com\/magazine365\/wp-json\/wp\/v2\/posts\/41311\/revisions"}],"wp:featuredmedia":[{"embeddable":true,"href":"https:\/\/eldigitaldeasturias.com\/magazine365\/wp-json\/wp\/v2\/media\/41312"}],"wp:attachment":[{"href":"https:\/\/eldigitaldeasturias.com\/magazine365\/wp-json\/wp\/v2\/media?parent=41311"}],"wp:term":[{"taxonomy":"category","embeddable":true,"href":"https:\/\/eldigitaldeasturias.com\/magazine365\/wp-json\/wp\/v2\/categories?post=41311"},{"taxonomy":"post_tag","embeddable":true,"href":"https:\/\/eldigitaldeasturias.com\/magazine365\/wp-json\/wp\/v2\/tags?post=41311"}],"curies":[{"name":"wp","href":"https:\/\/api.w.org\/{rel}","templated":true}]}}