{"id":41308,"date":"2015-06-30T08:16:19","date_gmt":"2015-06-30T06:46:19","guid":{"rendered":"http:\/\/eldigitaldeasturias.com\/magazine365\/?p=41308"},"modified":"2015-06-30T08:16:19","modified_gmt":"2015-06-30T06:46:19","slug":"los-empresarios-madrilenos-piden-una-adecuada-promocion-publica-del-turismo-sanitario","status":"publish","type":"post","link":"https:\/\/eldigitaldeasturias.com\/magazine365\/los-empresarios-madrilenos-piden-una-adecuada-promocion-publica-del-turismo-sanitario\/","title":{"rendered":"Los empresarios madrile\u00f1os piden una \u00abadecuada promoci\u00f3n p\u00fablica\u00bb del turismo sanitario"},"content":{"rendered":"<p><img fetchpriority=\"high\" decoding=\"async\" class=\"alignleft size-medium wp-image-41309\" src=\"https:\/\/eldigitaldeasturias.com\/magazine365\/wp-content\/uploads\/2015\/06\/fotonoticia_20150629155645_800-360x241.jpg\" alt=\"fotonoticia_20150629155645_800\" width=\"360\" height=\"241\" srcset=\"https:\/\/eldigitaldeasturias.com\/magazine365\/wp-content\/uploads\/2015\/06\/fotonoticia_20150629155645_800-360x241.jpg 360w, https:\/\/eldigitaldeasturias.com\/magazine365\/wp-content\/uploads\/2015\/06\/fotonoticia_20150629155645_800-650x435.jpg 650w, https:\/\/eldigitaldeasturias.com\/magazine365\/wp-content\/uploads\/2015\/06\/fotonoticia_20150629155645_800-768x514.jpg 768w, https:\/\/eldigitaldeasturias.com\/magazine365\/wp-content\/uploads\/2015\/06\/fotonoticia_20150629155645_800-150x100.jpg 150w, https:\/\/eldigitaldeasturias.com\/magazine365\/wp-content\/uploads\/2015\/06\/fotonoticia_20150629155645_800-450x301.jpg 450w, https:\/\/eldigitaldeasturias.com\/magazine365\/wp-content\/uploads\/2015\/06\/fotonoticia_20150629155645_800-696x465.jpg 696w, https:\/\/eldigitaldeasturias.com\/magazine365\/wp-content\/uploads\/2015\/06\/fotonoticia_20150629155645_800-628x420.jpg 628w, https:\/\/eldigitaldeasturias.com\/magazine365\/wp-content\/uploads\/2015\/06\/fotonoticia_20150629155645_800-84x55.jpg 84w, https:\/\/eldigitaldeasturias.com\/magazine365\/wp-content\/uploads\/2015\/06\/fotonoticia_20150629155645_800.jpg 800w\" sizes=\"(max-width: 360px) 100vw, 360px\" \/>La Confederaci\u00f3n de Empresarios madrile\u00f1os CEIM-CEOE reclama una \u00abadecuada promoci\u00f3n p\u00fablica\u00bb del turismo sanitario, un sector que Espa\u00f1a podr\u00eda liderar.<\/p>\n<p>El &#8216;Plan 400.000 empleos&#8217;, que ha presentado este lunes el presidente de CEIM, Juan Pablo L\u00e1zaro, considera que \u00abel turismo m\u00e9dico o de salud est\u00e1 viviendo un crecimiento importante en los \u00faltimos a\u00f1os\u00bb y que \u00abEspa\u00f1a podr\u00eda situarse en el liderazgo de esta actividad econ\u00f3mica\u00bb. Por ello, solicitan la \u00abadecuada promoci\u00f3n p\u00fablica\u00bb de esta materia.<\/p>\n<p>En un documento en que los empresarios exponen sus medidas para mejorar la situaci\u00f3n de la Comunidad, ponen sus ojos en el sector sanitario y piden un pacto de Estado por la Sanidad que \u00aba\u00fane a todas las partes implicadas, no s\u00f3lo en el plano pol\u00edtico, sino tambi\u00e9n con los agentes econ\u00f3micos que operan en \u00e1mbitos sanitarios\u00bb.<\/p>\n<p>A su juicio, el Ejecutivo de Cristina Cifuentes \u00abdeber\u00eda flexibilizar las barreras a la introducci\u00f3n de medicamentos innovadores o las medidas que suponen una discriminaci\u00f3n negativa de los productos de marca, incluso aunque se encuentren al mismo precio que sus gen\u00e9ricos correspondientes\u00bb.<\/p>\n<p>Asimismo, abogan por la creaci\u00f3n de un cl\u00faster especializado en la industria farmac\u00e9utica en la regi\u00f3n que se convierta en un polo de atracci\u00f3n de inversi\u00f3n privada a este sector econ\u00f3mico y consideran bueno \u00abrestablecer el IVA reducido del 10 por ciento para los productos sanitarios destinados a personas dependientes y enfermos cr\u00f3nicos\u00bb.<\/p>\n<p>La flexibilizaci\u00f3n de los horarios de apertura de las Oficinas de Farmacia es otra de las propuestas de la Confederaci\u00f3n, que tambi\u00e9n cree que \u00aburge una convocatoria para la acreditaci\u00f3n profesional de los trabajadores de Ayuda a Domicilio y Residencias\u00bb.<\/p>\n<p>\u00abEs preciso considerar los servicios de atenci\u00f3n a la dependencia como servicios de primera necesidad y, como tales, establecer un tipo de IVA s\u00faperreducido del 4 por ciento\u00bb, considera CEIM, que cree que deber\u00edan \u00abfacilitarse los materiales y medicamentos necesarios para que los enfermos cr\u00f3nicos puedan ser atendidos en residencias privadas\u00bb.<\/p>\n<p>PACTO DE ESTADO EN EDUCACI\u00d3N<\/p>\n<p>Otro sector para el que los empresarios piden un pacto de Estado es la Educaci\u00f3n. Quieren que sea \u00abestable\u00bb y est\u00e9 \u00absustentado en la cultura del esfuerzo\u00bb.<\/p>\n<p>Abogan por la conexi\u00f3n del sistema educativo con la empresa que \u00abcontribuya a la mejora de la imagen del empresario y de papel de las empresas en el desarrollo econ\u00f3mico y social y al fomento del esp\u00edritu emprendedor\u00bb, potenciar la FP Dual o impulsar planes espec\u00edficos de formaci\u00f3n en idiomas, tecnolog\u00edas de la informaci\u00f3n y la comunicaci\u00f3n, innovaci\u00f3n.<\/p>\n","protected":false},"excerpt":{"rendered":"<p>La Confederaci\u00f3n de Empresarios madrile\u00f1os CEIM-CEOE reclama una \u00abadecuada promoci\u00f3n p\u00fablica\u00bb del turismo sanitario, un sector que Espa\u00f1a podr\u00eda liderar. El &#8216;Plan 400.000 empleos&#8217;, que ha presentado este lunes el presidente de CEIM, Juan Pablo L\u00e1zaro, considera que \u00abel turismo m\u00e9dico o de salud est\u00e1 viviendo un crecimiento importante en los \u00faltimos a\u00f1os\u00bb y que<\/p>\n","protected":false},"author":1,"featured_media":41309,"comment_status":"open","ping_status":"closed","sticky":false,"template":"","format":"standard","meta":{"footnotes":""},"categories":[222],"tags":[],"class_list":{"0":"post-41308","1":"post","2":"type-post","3":"status-publish","4":"format-standard","5":"has-post-thumbnail","7":"category-actualidad-turismo"},"aioseo_notices":[],"aioseo_head":"\n\t\t<!-- All in One SEO Pro 4.9.6.1 - aioseo.com -->\n\t<meta name=\"description\" content=\"La Confederaci\u00f3n de Empresarios madrile\u00f1os CEIM-CEOE reclama una &quot;adecuada promoci\u00f3n p\u00fablica&quot; del turismo sanitario, un sector que Espa\u00f1a podr\u00eda liderar. El &#039;Plan 400.000 empleos&#039;, que ha presentado este lunes el presidente de CEIM, Juan Pablo L\u00e1zaro, considera que &quot;el turismo m\u00e9dico o de salud est\u00e1 viviendo un crecimiento importante en los \u00faltimos a\u00f1os&quot; y que\" \/>\n\t<meta name=\"robots\" content=\"max-image-preview:large\" \/>\n\t<meta name=\"author\" content=\"admin\"\/>\n\t<meta name=\"google-site-verification\" content=\"UA-38556648-1\" \/>\n\t<meta name=\"keywords\" content=\"actualidad turismo\" \/>\n\t<link rel=\"canonical\" href=\"https:\/\/eldigitaldeasturias.com\/magazine365\/los-empresarios-madrilenos-piden-una-adecuada-promocion-publica-del-turismo-sanitario\/\" \/>\n\t<meta name=\"generator\" content=\"All in One SEO Pro (AIOSEO) 4.9.6.1\" \/>\n\t\t<meta property=\"og:locale\" content=\"es_ES\" \/>\n\t\t<meta property=\"og:site_name\" content=\"El Digital de Asturias \u2013 Revista de ocio, turismo y estilo de vida\" \/>\n\t\t<meta property=\"og:type\" content=\"article\" \/>\n\t\t<meta property=\"og:title\" content=\"Los empresarios madrile\u00f1os piden una \u00abadecuada promoci\u00f3n p\u00fablica\u00bb del turismo sanitario | El Digital de Asturias\" \/>\n\t\t<meta property=\"og:description\" content=\"La Confederaci\u00f3n de Empresarios madrile\u00f1os CEIM-CEOE reclama una &quot;adecuada promoci\u00f3n p\u00fablica&quot; del turismo sanitario, un sector que Espa\u00f1a podr\u00eda liderar. El &#039;Plan 400.000 empleos&#039;, que ha presentado este lunes el presidente de CEIM, Juan Pablo L\u00e1zaro, considera que &quot;el turismo m\u00e9dico o de salud est\u00e1 viviendo un crecimiento importante en los \u00faltimos a\u00f1os&quot; y que\" \/>\n\t\t<meta property=\"og:url\" content=\"https:\/\/eldigitaldeasturias.com\/magazine365\/los-empresarios-madrilenos-piden-una-adecuada-promocion-publica-del-turismo-sanitario\/\" \/>\n\t\t<meta property=\"og:image\" content=\"https:\/\/eldigitaldeasturias.com\/magazine365\/wp-content\/uploads\/2015\/06\/fotonoticia_20150629155645_800.jpg\" \/>\n\t\t<meta property=\"og:image:secure_url\" content=\"https:\/\/eldigitaldeasturias.com\/magazine365\/wp-content\/uploads\/2015\/06\/fotonoticia_20150629155645_800.jpg\" \/>\n\t\t<meta property=\"og:image:width\" content=\"800\" \/>\n\t\t<meta property=\"og:image:height\" content=\"535\" \/>\n\t\t<meta property=\"article:published_time\" content=\"2015-06-30T06:46:19+00:00\" \/>\n\t\t<meta property=\"article:modified_time\" content=\"2015-06-30T06:46:19+00:00\" \/>\n\t\t<meta name=\"twitter:card\" content=\"summary_large_image\" \/>\n\t\t<meta name=\"twitter:title\" content=\"Los empresarios madrile\u00f1os piden una \u00abadecuada promoci\u00f3n p\u00fablica\u00bb del turismo sanitario | El Digital de Asturias\" \/>\n\t\t<meta name=\"twitter:description\" content=\"La Confederaci\u00f3n de Empresarios madrile\u00f1os CEIM-CEOE reclama una &quot;adecuada promoci\u00f3n p\u00fablica&quot; del turismo sanitario, un sector que Espa\u00f1a podr\u00eda liderar. El &#039;Plan 400.000 empleos&#039;, que ha presentado este lunes el presidente de CEIM, Juan Pablo L\u00e1zaro, considera que &quot;el turismo m\u00e9dico o de salud est\u00e1 viviendo un crecimiento importante en los \u00faltimos a\u00f1os&quot; y que\" \/>\n\t\t<meta name=\"twitter:image\" content=\"https:\/\/eldigitaldeasturias.com\/magazine365\/wp-content\/uploads\/2015\/06\/fotonoticia_20150629155645_800.jpg\" \/>\n\t\t<script type=\"application\/ld+json\" class=\"aioseo-schema\">\n\t\t\t{\"@context\":\"https:\\\/\\\/schema.org\",\"@graph\":[{\"@type\":\"Article\",\"@id\":\"https:\\\/\\\/eldigitaldeasturias.com\\\/magazine365\\\/los-empresarios-madrilenos-piden-una-adecuada-promocion-publica-del-turismo-sanitario\\\/#article\",\"name\":\"Los empresarios madrile\\u00f1os piden una \\u00abadecuada promoci\\u00f3n p\\u00fablica\\u00bb del turismo sanitario | El Digital de Asturias\",\"headline\":\"Los empresarios madrile\\u00f1os piden una \\u00abadecuada promoci\\u00f3n p\\u00fablica\\u00bb del turismo sanitario\",\"author\":{\"@id\":\"https:\\\/\\\/eldigitaldeasturias.com\\\/magazine365\\\/author\\\/admin\\\/#author\"},\"publisher\":{\"@id\":\"https:\\\/\\\/eldigitaldeasturias.com\\\/magazine365\\\/#organization\"},\"image\":{\"@type\":\"ImageObject\",\"url\":\"https:\\\/\\\/eldigitaldeasturias.com\\\/magazine365\\\/wp-content\\\/uploads\\\/2015\\\/06\\\/fotonoticia_20150629155645_800.jpg\",\"width\":800,\"height\":535},\"datePublished\":\"2015-06-30T08:16:19+02:00\",\"dateModified\":\"2015-06-30T08:16:19+02:00\",\"inLanguage\":\"es-ES\",\"mainEntityOfPage\":{\"@id\":\"https:\\\/\\\/eldigitaldeasturias.com\\\/magazine365\\\/los-empresarios-madrilenos-piden-una-adecuada-promocion-publica-del-turismo-sanitario\\\/#webpage\"},\"isPartOf\":{\"@id\":\"https:\\\/\\\/eldigitaldeasturias.com\\\/magazine365\\\/los-empresarios-madrilenos-piden-una-adecuada-promocion-publica-del-turismo-sanitario\\\/#webpage\"},\"articleSection\":\"Actualidad Turismo\"},{\"@type\":\"BreadcrumbList\",\"@id\":\"https:\\\/\\\/eldigitaldeasturias.com\\\/magazine365\\\/los-empresarios-madrilenos-piden-una-adecuada-promocion-publica-del-turismo-sanitario\\\/#breadcrumblist\",\"itemListElement\":[{\"@type\":\"ListItem\",\"@id\":\"https:\\\/\\\/eldigitaldeasturias.com\\\/magazine365#listItem\",\"position\":1,\"name\":\"Home\",\"item\":\"https:\\\/\\\/eldigitaldeasturias.com\\\/magazine365\",\"nextItem\":{\"@type\":\"ListItem\",\"@id\":\"https:\\\/\\\/eldigitaldeasturias.com\\\/magazine365\\\/category\\\/actualidad-turismo\\\/#listItem\",\"name\":\"Actualidad Turismo\"}},{\"@type\":\"ListItem\",\"@id\":\"https:\\\/\\\/eldigitaldeasturias.com\\\/magazine365\\\/category\\\/actualidad-turismo\\\/#listItem\",\"position\":2,\"name\":\"Actualidad Turismo\",\"item\":\"https:\\\/\\\/eldigitaldeasturias.com\\\/magazine365\\\/category\\\/actualidad-turismo\\\/\",\"nextItem\":{\"@type\":\"ListItem\",\"@id\":\"https:\\\/\\\/eldigitaldeasturias.com\\\/magazine365\\\/los-empresarios-madrilenos-piden-una-adecuada-promocion-publica-del-turismo-sanitario\\\/#listItem\",\"name\":\"Los empresarios madrile\\u00f1os piden una \\u00abadecuada promoci\\u00f3n p\\u00fablica\\u00bb del turismo sanitario\"},\"previousItem\":{\"@type\":\"ListItem\",\"@id\":\"https:\\\/\\\/eldigitaldeasturias.com\\\/magazine365#listItem\",\"name\":\"Home\"}},{\"@type\":\"ListItem\",\"@id\":\"https:\\\/\\\/eldigitaldeasturias.com\\\/magazine365\\\/los-empresarios-madrilenos-piden-una-adecuada-promocion-publica-del-turismo-sanitario\\\/#listItem\",\"position\":3,\"name\":\"Los empresarios madrile\\u00f1os piden una \\u00abadecuada promoci\\u00f3n p\\u00fablica\\u00bb del turismo sanitario\",\"previousItem\":{\"@type\":\"ListItem\",\"@id\":\"https:\\\/\\\/eldigitaldeasturias.com\\\/magazine365\\\/category\\\/actualidad-turismo\\\/#listItem\",\"name\":\"Actualidad Turismo\"}}]},{\"@type\":\"Organization\",\"@id\":\"https:\\\/\\\/eldigitaldeasturias.com\\\/magazine365\\\/#organization\",\"name\":\"El digital de Asturias\",\"description\":\"Revista de ocio, turismo y estilo de vida\",\"url\":\"https:\\\/\\\/eldigitaldeasturias.com\\\/magazine365\\\/\",\"logo\":{\"@type\":\"ImageObject\",\"url\":\"https:\\\/\\\/www.eldigitaldeasturias.com\\\/noticias\\\/wp-content\\\/uploads\\\/2020\\\/12\\\/EDA.jpg\",\"@id\":\"https:\\\/\\\/eldigitaldeasturias.com\\\/magazine365\\\/los-empresarios-madrilenos-piden-una-adecuada-promocion-publica-del-turismo-sanitario\\\/#organizationLogo\"},\"image\":{\"@id\":\"https:\\\/\\\/eldigitaldeasturias.com\\\/magazine365\\\/los-empresarios-madrilenos-piden-una-adecuada-promocion-publica-del-turismo-sanitario\\\/#organizationLogo\"}},{\"@type\":\"Person\",\"@id\":\"https:\\\/\\\/eldigitaldeasturias.com\\\/magazine365\\\/author\\\/admin\\\/#author\",\"url\":\"https:\\\/\\\/eldigitaldeasturias.com\\\/magazine365\\\/author\\\/admin\\\/\",\"name\":\"admin\",\"image\":{\"@type\":\"ImageObject\",\"@id\":\"https:\\\/\\\/eldigitaldeasturias.com\\\/magazine365\\\/los-empresarios-madrilenos-piden-una-adecuada-promocion-publica-del-turismo-sanitario\\\/#authorImage\",\"url\":\"https:\\\/\\\/eldigitaldeasturias.com\\\/magazine365\\\/wp-content\\\/litespeed\\\/avatar\\\/e571bcf59a0edd6fa6838245a470f2fe.jpg?ver=1777574230\",\"width\":96,\"height\":96,\"caption\":\"admin\"}},{\"@type\":\"WebPage\",\"@id\":\"https:\\\/\\\/eldigitaldeasturias.com\\\/magazine365\\\/los-empresarios-madrilenos-piden-una-adecuada-promocion-publica-del-turismo-sanitario\\\/#webpage\",\"url\":\"https:\\\/\\\/eldigitaldeasturias.com\\\/magazine365\\\/los-empresarios-madrilenos-piden-una-adecuada-promocion-publica-del-turismo-sanitario\\\/\",\"name\":\"Los empresarios madrile\\u00f1os piden una \\u00abadecuada promoci\\u00f3n p\\u00fablica\\u00bb del turismo sanitario | El Digital de Asturias\",\"description\":\"La Confederaci\\u00f3n de Empresarios madrile\\u00f1os CEIM-CEOE reclama una \\\"adecuada promoci\\u00f3n p\\u00fablica\\\" del turismo sanitario, un sector que Espa\\u00f1a podr\\u00eda liderar. El 'Plan 400.000 empleos', que ha presentado este lunes el presidente de CEIM, Juan Pablo L\\u00e1zaro, considera que \\\"el turismo m\\u00e9dico o de salud est\\u00e1 viviendo un crecimiento importante en los \\u00faltimos a\\u00f1os\\\" y que\",\"inLanguage\":\"es-ES\",\"isPartOf\":{\"@id\":\"https:\\\/\\\/eldigitaldeasturias.com\\\/magazine365\\\/#website\"},\"breadcrumb\":{\"@id\":\"https:\\\/\\\/eldigitaldeasturias.com\\\/magazine365\\\/los-empresarios-madrilenos-piden-una-adecuada-promocion-publica-del-turismo-sanitario\\\/#breadcrumblist\"},\"author\":{\"@id\":\"https:\\\/\\\/eldigitaldeasturias.com\\\/magazine365\\\/author\\\/admin\\\/#author\"},\"creator\":{\"@id\":\"https:\\\/\\\/eldigitaldeasturias.com\\\/magazine365\\\/author\\\/admin\\\/#author\"},\"image\":{\"@type\":\"ImageObject\",\"url\":\"https:\\\/\\\/eldigitaldeasturias.com\\\/magazine365\\\/wp-content\\\/uploads\\\/2015\\\/06\\\/fotonoticia_20150629155645_800.jpg\",\"@id\":\"https:\\\/\\\/eldigitaldeasturias.com\\\/magazine365\\\/los-empresarios-madrilenos-piden-una-adecuada-promocion-publica-del-turismo-sanitario\\\/#mainImage\",\"width\":800,\"height\":535},\"primaryImageOfPage\":{\"@id\":\"https:\\\/\\\/eldigitaldeasturias.com\\\/magazine365\\\/los-empresarios-madrilenos-piden-una-adecuada-promocion-publica-del-turismo-sanitario\\\/#mainImage\"},\"datePublished\":\"2015-06-30T08:16:19+02:00\",\"dateModified\":\"2015-06-30T08:16:19+02:00\"},{\"@type\":\"WebSite\",\"@id\":\"https:\\\/\\\/eldigitaldeasturias.com\\\/magazine365\\\/#website\",\"url\":\"https:\\\/\\\/eldigitaldeasturias.com\\\/magazine365\\\/\",\"name\":\"El Digital de Asturias\",\"description\":\"Revista de ocio, turismo y estilo de vida\",\"inLanguage\":\"es-ES\",\"publisher\":{\"@id\":\"https:\\\/\\\/eldigitaldeasturias.com\\\/magazine365\\\/#organization\"}}]}\n\t\t<\/script>\n\t\t<!-- All in One SEO Pro -->\r\n\t\t<title>Los empresarios madrile\u00f1os piden una \u00abadecuada promoci\u00f3n p\u00fablica\u00bb del turismo sanitario | El Digital de Asturias<\/title>\n\n","aioseo_head_json":{"title":"Los empresarios madrile\u00f1os piden una \u00abadecuada promoci\u00f3n p\u00fablica\u00bb del turismo sanitario | El Digital de Asturias","description":"La Confederaci\u00f3n de Empresarios madrile\u00f1os CEIM-CEOE reclama una \"adecuada promoci\u00f3n p\u00fablica\" del turismo sanitario, un sector que Espa\u00f1a podr\u00eda liderar. El 'Plan 400.000 empleos', que ha presentado este lunes el presidente de CEIM, Juan Pablo L\u00e1zaro, considera que \"el turismo m\u00e9dico o de salud est\u00e1 viviendo un crecimiento importante en los \u00faltimos a\u00f1os\" y que","canonical_url":"https:\/\/eldigitaldeasturias.com\/magazine365\/los-empresarios-madrilenos-piden-una-adecuada-promocion-publica-del-turismo-sanitario\/","robots":"max-image-preview:large","keywords":"actualidad turismo","webmasterTools":{"google-site-verification":"UA-38556648-1","miscellaneous":""},"schema":{"@context":"https:\/\/schema.org","@graph":[{"@type":"Article","@id":"https:\/\/eldigitaldeasturias.com\/magazine365\/los-empresarios-madrilenos-piden-una-adecuada-promocion-publica-del-turismo-sanitario\/#article","name":"Los empresarios madrile\u00f1os piden una \u00abadecuada promoci\u00f3n p\u00fablica\u00bb del turismo sanitario | El Digital de Asturias","headline":"Los empresarios madrile\u00f1os piden una \u00abadecuada promoci\u00f3n p\u00fablica\u00bb del turismo sanitario","author":{"@id":"https:\/\/eldigitaldeasturias.com\/magazine365\/author\/admin\/#author"},"publisher":{"@id":"https:\/\/eldigitaldeasturias.com\/magazine365\/#organization"},"image":{"@type":"ImageObject","url":"https:\/\/eldigitaldeasturias.com\/magazine365\/wp-content\/uploads\/2015\/06\/fotonoticia_20150629155645_800.jpg","width":800,"height":535},"datePublished":"2015-06-30T08:16:19+02:00","dateModified":"2015-06-30T08:16:19+02:00","inLanguage":"es-ES","mainEntityOfPage":{"@id":"https:\/\/eldigitaldeasturias.com\/magazine365\/los-empresarios-madrilenos-piden-una-adecuada-promocion-publica-del-turismo-sanitario\/#webpage"},"isPartOf":{"@id":"https:\/\/eldigitaldeasturias.com\/magazine365\/los-empresarios-madrilenos-piden-una-adecuada-promocion-publica-del-turismo-sanitario\/#webpage"},"articleSection":"Actualidad Turismo"},{"@type":"BreadcrumbList","@id":"https:\/\/eldigitaldeasturias.com\/magazine365\/los-empresarios-madrilenos-piden-una-adecuada-promocion-publica-del-turismo-sanitario\/#breadcrumblist","itemListElement":[{"@type":"ListItem","@id":"https:\/\/eldigitaldeasturias.com\/magazine365#listItem","position":1,"name":"Home","item":"https:\/\/eldigitaldeasturias.com\/magazine365","nextItem":{"@type":"ListItem","@id":"https:\/\/eldigitaldeasturias.com\/magazine365\/category\/actualidad-turismo\/#listItem","name":"Actualidad Turismo"}},{"@type":"ListItem","@id":"https:\/\/eldigitaldeasturias.com\/magazine365\/category\/actualidad-turismo\/#listItem","position":2,"name":"Actualidad Turismo","item":"https:\/\/eldigitaldeasturias.com\/magazine365\/category\/actualidad-turismo\/","nextItem":{"@type":"ListItem","@id":"https:\/\/eldigitaldeasturias.com\/magazine365\/los-empresarios-madrilenos-piden-una-adecuada-promocion-publica-del-turismo-sanitario\/#listItem","name":"Los empresarios madrile\u00f1os piden una \u00abadecuada promoci\u00f3n p\u00fablica\u00bb del turismo sanitario"},"previousItem":{"@type":"ListItem","@id":"https:\/\/eldigitaldeasturias.com\/magazine365#listItem","name":"Home"}},{"@type":"ListItem","@id":"https:\/\/eldigitaldeasturias.com\/magazine365\/los-empresarios-madrilenos-piden-una-adecuada-promocion-publica-del-turismo-sanitario\/#listItem","position":3,"name":"Los empresarios madrile\u00f1os piden una \u00abadecuada promoci\u00f3n p\u00fablica\u00bb del turismo sanitario","previousItem":{"@type":"ListItem","@id":"https:\/\/eldigitaldeasturias.com\/magazine365\/category\/actualidad-turismo\/#listItem","name":"Actualidad Turismo"}}]},{"@type":"Organization","@id":"https:\/\/eldigitaldeasturias.com\/magazine365\/#organization","name":"El digital de Asturias","description":"Revista de ocio, turismo y estilo de vida","url":"https:\/\/eldigitaldeasturias.com\/magazine365\/","logo":{"@type":"ImageObject","url":"https:\/\/www.eldigitaldeasturias.com\/noticias\/wp-content\/uploads\/2020\/12\/EDA.jpg","@id":"https:\/\/eldigitaldeasturias.com\/magazine365\/los-empresarios-madrilenos-piden-una-adecuada-promocion-publica-del-turismo-sanitario\/#organizationLogo"},"image":{"@id":"https:\/\/eldigitaldeasturias.com\/magazine365\/los-empresarios-madrilenos-piden-una-adecuada-promocion-publica-del-turismo-sanitario\/#organizationLogo"}},{"@type":"Person","@id":"https:\/\/eldigitaldeasturias.com\/magazine365\/author\/admin\/#author","url":"https:\/\/eldigitaldeasturias.com\/magazine365\/author\/admin\/","name":"admin","image":{"@type":"ImageObject","@id":"https:\/\/eldigitaldeasturias.com\/magazine365\/los-empresarios-madrilenos-piden-una-adecuada-promocion-publica-del-turismo-sanitario\/#authorImage","url":"https:\/\/eldigitaldeasturias.com\/magazine365\/wp-content\/litespeed\/avatar\/e571bcf59a0edd6fa6838245a470f2fe.jpg?ver=1777574230","width":96,"height":96,"caption":"admin"}},{"@type":"WebPage","@id":"https:\/\/eldigitaldeasturias.com\/magazine365\/los-empresarios-madrilenos-piden-una-adecuada-promocion-publica-del-turismo-sanitario\/#webpage","url":"https:\/\/eldigitaldeasturias.com\/magazine365\/los-empresarios-madrilenos-piden-una-adecuada-promocion-publica-del-turismo-sanitario\/","name":"Los empresarios madrile\u00f1os piden una \u00abadecuada promoci\u00f3n p\u00fablica\u00bb del turismo sanitario | El Digital de Asturias","description":"La Confederaci\u00f3n de Empresarios madrile\u00f1os CEIM-CEOE reclama una \"adecuada promoci\u00f3n p\u00fablica\" del turismo sanitario, un sector que Espa\u00f1a podr\u00eda liderar. El 'Plan 400.000 empleos', que ha presentado este lunes el presidente de CEIM, Juan Pablo L\u00e1zaro, considera que \"el turismo m\u00e9dico o de salud est\u00e1 viviendo un crecimiento importante en los \u00faltimos a\u00f1os\" y que","inLanguage":"es-ES","isPartOf":{"@id":"https:\/\/eldigitaldeasturias.com\/magazine365\/#website"},"breadcrumb":{"@id":"https:\/\/eldigitaldeasturias.com\/magazine365\/los-empresarios-madrilenos-piden-una-adecuada-promocion-publica-del-turismo-sanitario\/#breadcrumblist"},"author":{"@id":"https:\/\/eldigitaldeasturias.com\/magazine365\/author\/admin\/#author"},"creator":{"@id":"https:\/\/eldigitaldeasturias.com\/magazine365\/author\/admin\/#author"},"image":{"@type":"ImageObject","url":"https:\/\/eldigitaldeasturias.com\/magazine365\/wp-content\/uploads\/2015\/06\/fotonoticia_20150629155645_800.jpg","@id":"https:\/\/eldigitaldeasturias.com\/magazine365\/los-empresarios-madrilenos-piden-una-adecuada-promocion-publica-del-turismo-sanitario\/#mainImage","width":800,"height":535},"primaryImageOfPage":{"@id":"https:\/\/eldigitaldeasturias.com\/magazine365\/los-empresarios-madrilenos-piden-una-adecuada-promocion-publica-del-turismo-sanitario\/#mainImage"},"datePublished":"2015-06-30T08:16:19+02:00","dateModified":"2015-06-30T08:16:19+02:00"},{"@type":"WebSite","@id":"https:\/\/eldigitaldeasturias.com\/magazine365\/#website","url":"https:\/\/eldigitaldeasturias.com\/magazine365\/","name":"El Digital de Asturias","description":"Revista de ocio, turismo y estilo de vida","inLanguage":"es-ES","publisher":{"@id":"https:\/\/eldigitaldeasturias.com\/magazine365\/#organization"}}]},"og:locale":"es_ES","og:site_name":"El Digital de Asturias \u2013 Revista de ocio, turismo y estilo de vida","og:type":"article","og:title":"Los empresarios madrile\u00f1os piden una \u00abadecuada promoci\u00f3n p\u00fablica\u00bb del turismo sanitario | El Digital de Asturias","og:description":"La Confederaci\u00f3n de Empresarios madrile\u00f1os CEIM-CEOE reclama una &quot;adecuada promoci\u00f3n p\u00fablica&quot; del turismo sanitario, un sector que Espa\u00f1a podr\u00eda liderar. El 'Plan 400.000 empleos', que ha presentado este lunes el presidente de CEIM, Juan Pablo L\u00e1zaro, considera que &quot;el turismo m\u00e9dico o de salud est\u00e1 viviendo un crecimiento importante en los \u00faltimos a\u00f1os&quot; y que","og:url":"https:\/\/eldigitaldeasturias.com\/magazine365\/los-empresarios-madrilenos-piden-una-adecuada-promocion-publica-del-turismo-sanitario\/","og:image":"https:\/\/eldigitaldeasturias.com\/magazine365\/wp-content\/uploads\/2015\/06\/fotonoticia_20150629155645_800.jpg","og:image:secure_url":"https:\/\/eldigitaldeasturias.com\/magazine365\/wp-content\/uploads\/2015\/06\/fotonoticia_20150629155645_800.jpg","og:image:width":800,"og:image:height":535,"article:published_time":"2015-06-30T06:46:19+00:00","article:modified_time":"2015-06-30T06:46:19+00:00","twitter:card":"summary_large_image","twitter:title":"Los empresarios madrile\u00f1os piden una \u00abadecuada promoci\u00f3n p\u00fablica\u00bb del turismo sanitario | El Digital de Asturias","twitter:description":"La Confederaci\u00f3n de Empresarios madrile\u00f1os CEIM-CEOE reclama una &quot;adecuada promoci\u00f3n p\u00fablica&quot; del turismo sanitario, un sector que Espa\u00f1a podr\u00eda liderar. El 'Plan 400.000 empleos', que ha presentado este lunes el presidente de CEIM, Juan Pablo L\u00e1zaro, considera que &quot;el turismo m\u00e9dico o de salud est\u00e1 viviendo un crecimiento importante en los \u00faltimos a\u00f1os&quot; y que","twitter:image":"https:\/\/eldigitaldeasturias.com\/magazine365\/wp-content\/uploads\/2015\/06\/fotonoticia_20150629155645_800.jpg"},"aioseo_meta_data":{"post_id":"41308","title":null,"description":null,"keywords":null,"keyphrases":null,"primary_term":null,"canonical_url":null,"og_title":null,"og_description":null,"og_object_type":"default","og_image_type":"default","og_image_url":null,"og_image_width":null,"og_image_height":null,"og_image_custom_url":null,"og_image_custom_fields":null,"og_video":null,"og_custom_url":null,"og_article_section":null,"og_article_tags":null,"twitter_use_og":false,"twitter_card":"default","twitter_image_type":"default","twitter_image_url":null,"twitter_image_custom_url":null,"twitter_image_custom_fields":null,"twitter_title":null,"twitter_description":null,"schema":{"blockGraphs":[],"customGraphs":[],"default":{"data":{"Article":[],"Course":[],"Dataset":[],"FAQPage":[],"Movie":[],"Person":[],"Product":[],"ProductReview":[],"Car":[],"Recipe":[],"Service":[],"SoftwareApplication":[],"WebPage":[]},"graphName":"","isEnabled":true},"graphs":[],"defaultGraph":"","defaultPostTypeGraph":""},"schema_type":null,"schema_type_options":null,"pillar_content":false,"robots_default":true,"robots_noindex":false,"robots_noarchive":false,"robots_nosnippet":false,"robots_nofollow":false,"robots_noimageindex":false,"robots_noodp":false,"robots_notranslate":false,"robots_max_snippet":null,"robots_max_videopreview":null,"robots_max_imagepreview":"large","priority":null,"frequency":null,"location":null,"local_seo":null,"seo_analyzer_scan_date":"2025-09-19 15:23:49","breadcrumb_settings":null,"limit_modified_date":false,"open_ai":null,"ai":null,"created":"2021-03-09 02:16:53","updated":"2025-09-19 15:23:49"},"aioseo_breadcrumb":"<div class=\"aioseo-breadcrumbs\"><span class=\"aioseo-breadcrumb\">\n\t<a href=\"https:\/\/eldigitaldeasturias.com\/magazine365\" title=\"Home\">Home<\/a>\n<\/span><span class=\"aioseo-breadcrumb-separator\">\u2013<\/span><span class=\"aioseo-breadcrumb\">\n\t<a href=\"https:\/\/eldigitaldeasturias.com\/magazine365\/category\/actualidad-turismo\/\" title=\"Actualidad Turismo\">Actualidad Turismo<\/a>\n<\/span><span class=\"aioseo-breadcrumb-separator\">\u2013<\/span><span class=\"aioseo-breadcrumb\">\n\t<a href=\"https:\/\/eldigitaldeasturias.com\/magazine365\/los-empresarios-madrilenos-piden-una-adecuada-promocion-publica-del-turismo-sanitario\/\" title=\"Los empresarios madrile\u00f1os piden una \u00abadecuada promoci\u00f3n p\u00fablica\u00bb del turismo sanitario\">Los empresarios madrile\u00f1os piden una \u00abadecuada promoci\u00f3n p\u00fablica\u00bb del turismo sanitario<\/a>\n<\/span><\/div>","aioseo_breadcrumb_json":[{"label":"Home","link":"https:\/\/eldigitaldeasturias.com\/magazine365"},{"label":"Actualidad Turismo","link":"https:\/\/eldigitaldeasturias.com\/magazine365\/category\/actualidad-turismo\/"},{"label":"Los empresarios madrile\u00f1os piden una \u00abadecuada promoci\u00f3n p\u00fablica\u00bb del turismo sanitario","link":"https:\/\/eldigitaldeasturias.com\/magazine365\/los-empresarios-madrilenos-piden-una-adecuada-promocion-publica-del-turismo-sanitario\/"}],"_links":{"self":[{"href":"https:\/\/eldigitaldeasturias.com\/magazine365\/wp-json\/wp\/v2\/posts\/41308","targetHints":{"allow":["GET"]}}],"collection":[{"href":"https:\/\/eldigitaldeasturias.com\/magazine365\/wp-json\/wp\/v2\/posts"}],"about":[{"href":"https:\/\/eldigitaldeasturias.com\/magazine365\/wp-json\/wp\/v2\/types\/post"}],"author":[{"embeddable":true,"href":"https:\/\/eldigitaldeasturias.com\/magazine365\/wp-json\/wp\/v2\/users\/1"}],"replies":[{"embeddable":true,"href":"https:\/\/eldigitaldeasturias.com\/magazine365\/wp-json\/wp\/v2\/comments?post=41308"}],"version-history":[{"count":0,"href":"https:\/\/eldigitaldeasturias.com\/magazine365\/wp-json\/wp\/v2\/posts\/41308\/revisions"}],"wp:featuredmedia":[{"embeddable":true,"href":"https:\/\/eldigitaldeasturias.com\/magazine365\/wp-json\/wp\/v2\/media\/41309"}],"wp:attachment":[{"href":"https:\/\/eldigitaldeasturias.com\/magazine365\/wp-json\/wp\/v2\/media?parent=41308"}],"wp:term":[{"taxonomy":"category","embeddable":true,"href":"https:\/\/eldigitaldeasturias.com\/magazine365\/wp-json\/wp\/v2\/categories?post=41308"},{"taxonomy":"post_tag","embeddable":true,"href":"https:\/\/eldigitaldeasturias.com\/magazine365\/wp-json\/wp\/v2\/tags?post=41308"}],"curies":[{"name":"wp","href":"https:\/\/api.w.org\/{rel}","templated":true}]}}