{"id":41305,"date":"2015-06-30T08:15:04","date_gmt":"2015-06-30T06:45:04","guid":{"rendered":"http:\/\/eldigitaldeasturias.com\/magazine365\/?p=41305"},"modified":"2015-06-30T08:15:04","modified_gmt":"2015-06-30T06:45:04","slug":"ceim-quiere-externalizar-la-gestion-de-emt-metro-y-renfe-cercanias-porque-los-costes-asi-son-muy-inferiores","status":"publish","type":"post","link":"https:\/\/eldigitaldeasturias.com\/magazine365\/ceim-quiere-externalizar-la-gestion-de-emt-metro-y-renfe-cercanias-porque-los-costes-asi-son-muy-inferiores\/","title":{"rendered":"CEIM quiere externalizar la gesti\u00f3n de EMT, Metro y Renfe Cercan\u00edas porque los costes as\u00ed son \u00abmuy inferiores\u00bb"},"content":{"rendered":"<p><img fetchpriority=\"high\" decoding=\"async\" class=\"alignleft size-medium wp-image-41306\" src=\"https:\/\/eldigitaldeasturias.com\/magazine365\/wp-content\/uploads\/2015\/06\/fotonoticia_20150629155244_800-360x270.jpg\" alt=\"fotonoticia_20150629155244_800\" width=\"360\" height=\"270\" srcset=\"https:\/\/eldigitaldeasturias.com\/magazine365\/wp-content\/uploads\/2015\/06\/fotonoticia_20150629155244_800-360x270.jpg 360w, https:\/\/eldigitaldeasturias.com\/magazine365\/wp-content\/uploads\/2015\/06\/fotonoticia_20150629155244_800-650x488.jpg 650w, https:\/\/eldigitaldeasturias.com\/magazine365\/wp-content\/uploads\/2015\/06\/fotonoticia_20150629155244_800-768x576.jpg 768w, https:\/\/eldigitaldeasturias.com\/magazine365\/wp-content\/uploads\/2015\/06\/fotonoticia_20150629155244_800-150x113.jpg 150w, https:\/\/eldigitaldeasturias.com\/magazine365\/wp-content\/uploads\/2015\/06\/fotonoticia_20150629155244_800-450x338.jpg 450w, https:\/\/eldigitaldeasturias.com\/magazine365\/wp-content\/uploads\/2015\/06\/fotonoticia_20150629155244_800-80x60.jpg 80w, https:\/\/eldigitaldeasturias.com\/magazine365\/wp-content\/uploads\/2015\/06\/fotonoticia_20150629155244_800-265x198.jpg 265w, https:\/\/eldigitaldeasturias.com\/magazine365\/wp-content\/uploads\/2015\/06\/fotonoticia_20150629155244_800-696x522.jpg 696w, https:\/\/eldigitaldeasturias.com\/magazine365\/wp-content\/uploads\/2015\/06\/fotonoticia_20150629155244_800-560x420.jpg 560w, https:\/\/eldigitaldeasturias.com\/magazine365\/wp-content\/uploads\/2015\/06\/fotonoticia_20150629155244_800-90x67.jpg 90w, https:\/\/eldigitaldeasturias.com\/magazine365\/wp-content\/uploads\/2015\/06\/fotonoticia_20150629155244_800-100x75.jpg 100w, https:\/\/eldigitaldeasturias.com\/magazine365\/wp-content\/uploads\/2015\/06\/fotonoticia_20150629155244_800.jpg 800w\" sizes=\"(max-width: 360px) 100vw, 360px\" \/>La confederaci\u00f3n madrile\u00f1a de empresarios CEIM-CEOE quiere externalizar la gesti\u00f3n de EMT, Metro y Renfe Cercan\u00edas porque los costes as\u00ed son \u00abmuy inferiores\u00bb.<\/p>\n<p>As\u00ed se recoge en el &#8216;Plan 400.000 empleos&#8217;, presentado este lunes por el presidente de CEIM, Juan Pablo L\u00e1zaro, un documento que recoge las medidas propuestas por los empresarios madrile\u00f1os para crear un \u00abmarco favorable para el desarrollo de la actividad empresarial y el aumento de la competitividad de la econom\u00eda\u00bb.<\/p>\n<p>Entre las medidas relativas al transporte se encuentra la apuesta de los empresarios madrile\u00f1os por \u00abexternalizar la gesti\u00f3n de todas las empresas de transporte p\u00fablico de viajeros\u00bb como EMT, Metro, o Renfe Cercan\u00edas.<\/p>\n<p>\u00abLos costes de operaci\u00f3n privada del transporte son muy inferiores a los de la gesti\u00f3n p\u00fablica prestando los servicios con igual o mejor calidad, lo que permite liberar recursos de las Administraciones, que pueden destinarse a la consolidaci\u00f3n fiscal, a la reducci\u00f3n de impuestos o a otras pol\u00edticas\u00bb, explican los empresarios en su escrito.<\/p>\n<p>Desde la Confederaci\u00f3n, que defiende que \u00abproveer servicios p\u00fablicos no implica necesariamente su prestaci\u00f3n directa\u00bb, tambi\u00e9n abogan por \u00abimpulsar la liberalizaci\u00f3n ferroviaria del transporte de viajeros\u00bb.<\/p>\n<p>Entre las medidas para promover el transporte, un sector que ven clave, apuestan por impulsar la coordinaci\u00f3n de los sistemas de transporte a nivel intermodal e intramodal eliminando la duplicidad de oferta de transporte ineficiente e insostenible, es decir, \u00ablos servicios ferroviarios regionales infrautilizados\u00bb.<\/p>\n<p>Los empresarios, que quieren fomentar el uso del transporte colectivo, tambi\u00e9n insisten en \u00abla construcci\u00f3n y habilitaci\u00f3n de carriles bus y plataformas reservadas como forma de reducir la congesti\u00f3n, contaminaci\u00f3n en los ejes de acceso a las ciudades y mejorar la calidad del servicio p\u00fablico\u00bb.<\/p>\n<p>Adem\u00e1s, quieren implementar un Plan integral de Modernizaci\u00f3n y redise\u00f1o de las estaciones de autobuses o suprimir \u00abla oferta ociosa de transporte p\u00fablico de viajeros por su insostenibilidad\u00bb.<\/p>\n<p>El impulso de la adquisici\u00f3n de veh\u00edculos de transporte de viajeros por carretera m\u00e1s eficientes energ\u00e9ticamente y respetuosos con el medioambiente es otro de los objetivos de la Confederaci\u00f3n, que tambi\u00e9n desea adaptar las infraestructuras de los intercambiadores para que los veh\u00edculos propulsados con combustibles alternativos, como el gas natural, puedan utilizarlas.<\/p>\n<p>Por otra parte, apuesta por favorecer el transporte y el reparto de mercanc\u00edas en los centros urbanos y clarificar y mejorar la normativa que afecta al transporte de residuos y de armas.<\/p>\n<p>REVISAR LAS COMPETENCIAS MUNICIPALES EN EL AGUA<\/p>\n<p>En otro orden de cosas, los empresarios proponen medidas en materia de Energ\u00eda y Agua, y Medioambiente Energ\u00eda y Agua, que juegan \u00abun papel crucial en la competitividad de la econom\u00eda espa\u00f1ola\u00bb.<\/p>\n<p>Por ello, quieren elaborar un marco regulatorio estable y seguro cuyo principal objetivo sea \u00abalcanzar en el corto, medio y largo plazo un precio competitivo de la energ\u00eda en Espa\u00f1a\u00bb y piden \u00abavanzar en el proceso de liberalizaci\u00f3n trasladando las ventajas de la competencia frente al establecimiento de las tarifas reguladas\u00bb.<\/p>\n<p>En pol\u00edticas p\u00fablicas de agua ven \u00abnecesaria una separaci\u00f3n de las competencias de regulaci\u00f3n y de gesti\u00f3n\u00bb y optan por la revisi\u00f3n de las competencias de las entidades municipales en materia de agua y creaci\u00f3n de un \u00fanico organismo regulador con competencias en todo el territorio nacional.<\/p>\n<p>UNA MARCA \u00daNICA O ICONO DE MADRID<\/p>\n<p>Otro de los \u00e1mbitos destacables para los empresarios madrile\u00f1os es el del turismo, para el que ven necesaria la creaci\u00f3n de una marca \u00fanica o icono de Madrid, \u00abreconocida tanto nacional como internacionalmente, que posicione a Madrid como destino tur\u00edstico de primer orden\u00bb.<\/p>\n<p>AMPLIAR EL HORARIO DE TERRAZAS Y ACABAR CON LA LIMITACI\u00d3N DE AFOROS<\/p>\n<p>En este sector, critican \u00abla competencia desleal, el intrusismo y la econom\u00eda sumergida\u00bb en \u00e1mbitos como el alojamiento donde proliferan \u00abfincas ilegales donde se celebran todo tipo de eventos\u00bb.<\/p>\n<p>Quieren modificar el cat\u00e1logo de espect\u00e1culos p\u00fablicos de la Comunidad o eliminar las restricciones de aforo establecidas en los Planes Urban\u00edsticos para los establecimientos de hosteler\u00eda.<\/p>\n<p>Tambi\u00e9n en este punto apuestan por ampliar el horario de apertura de terrazas y veladores a las 8 horas en lugar de las 10 horas y piden la ampliaci\u00f3n autom\u00e1tica de horarios en fiestas de navidad para el sector de hosteler\u00eda.<\/p>\n<p>Adem\u00e1s, reclaman una \u00abprotecci\u00f3n especial a aquellos establecimientos que por su antig\u00fcedad le resulte imposible adecuarse a la normativa vigente\u00bb y reducir del 10 por ciento al 7 por ciento el tipo del IVA para las actividades de turismo y del 21 por ciento al 7 por ciento las actividades de ocio nocturno, restauraci\u00f3n y espect\u00e1culos.<\/p>\n","protected":false},"excerpt":{"rendered":"<p>La confederaci\u00f3n madrile\u00f1a de empresarios CEIM-CEOE quiere externalizar la gesti\u00f3n de EMT, Metro y Renfe Cercan\u00edas porque los costes as\u00ed son \u00abmuy inferiores\u00bb. As\u00ed se recoge en el &#8216;Plan 400.000 empleos&#8217;, presentado este lunes por el presidente de CEIM, Juan Pablo L\u00e1zaro, un documento que recoge las medidas propuestas por los empresarios madrile\u00f1os para crear<\/p>\n","protected":false},"author":1,"featured_media":41306,"comment_status":"open","ping_status":"closed","sticky":false,"template":"","format":"standard","meta":{"footnotes":""},"categories":[224],"tags":[],"class_list":{"0":"post-41305","1":"post","2":"type-post","3":"status-publish","4":"format-standard","5":"has-post-thumbnail","7":"category-noticias-actualidad"},"aioseo_notices":[],"aioseo_head":"\n\t\t<!-- All in One SEO Pro 4.9.6.1 - aioseo.com -->\n\t<meta name=\"description\" content=\"La confederaci\u00f3n madrile\u00f1a de empresarios CEIM-CEOE quiere externalizar la gesti\u00f3n de EMT, Metro y Renfe Cercan\u00edas porque los costes as\u00ed son &quot;muy inferiores&quot;. As\u00ed se recoge en el &#039;Plan 400.000 empleos&#039;, presentado este lunes por el presidente de CEIM, Juan Pablo L\u00e1zaro, un documento que recoge las medidas propuestas por los empresarios madrile\u00f1os para crear\" \/>\n\t<meta name=\"robots\" content=\"max-image-preview:large\" \/>\n\t<meta name=\"author\" content=\"admin\"\/>\n\t<meta name=\"google-site-verification\" content=\"UA-38556648-1\" \/>\n\t<meta name=\"keywords\" content=\"noticias y actualidad\" \/>\n\t<link rel=\"canonical\" href=\"https:\/\/eldigitaldeasturias.com\/magazine365\/ceim-quiere-externalizar-la-gestion-de-emt-metro-y-renfe-cercanias-porque-los-costes-asi-son-muy-inferiores\/\" \/>\n\t<meta name=\"generator\" content=\"All in One SEO Pro (AIOSEO) 4.9.6.1\" \/>\n\t\t<meta property=\"og:locale\" content=\"es_ES\" \/>\n\t\t<meta property=\"og:site_name\" content=\"El Digital de Asturias \u2013 Revista de ocio, turismo y estilo de vida\" \/>\n\t\t<meta property=\"og:type\" content=\"article\" \/>\n\t\t<meta property=\"og:title\" content=\"CEIM quiere externalizar la gesti\u00f3n de EMT, Metro y Renfe Cercan\u00edas porque los costes as\u00ed son \u00abmuy inferiores\u00bb | El Digital de Asturias\" \/>\n\t\t<meta property=\"og:description\" content=\"La confederaci\u00f3n madrile\u00f1a de empresarios CEIM-CEOE quiere externalizar la gesti\u00f3n de EMT, Metro y Renfe Cercan\u00edas porque los costes as\u00ed son &quot;muy inferiores&quot;. As\u00ed se recoge en el &#039;Plan 400.000 empleos&#039;, presentado este lunes por el presidente de CEIM, Juan Pablo L\u00e1zaro, un documento que recoge las medidas propuestas por los empresarios madrile\u00f1os para crear\" \/>\n\t\t<meta property=\"og:url\" content=\"https:\/\/eldigitaldeasturias.com\/magazine365\/ceim-quiere-externalizar-la-gestion-de-emt-metro-y-renfe-cercanias-porque-los-costes-asi-son-muy-inferiores\/\" \/>\n\t\t<meta property=\"og:image\" content=\"https:\/\/eldigitaldeasturias.com\/magazine365\/wp-content\/uploads\/2015\/06\/fotonoticia_20150629155244_800.jpg\" \/>\n\t\t<meta property=\"og:image:secure_url\" content=\"https:\/\/eldigitaldeasturias.com\/magazine365\/wp-content\/uploads\/2015\/06\/fotonoticia_20150629155244_800.jpg\" \/>\n\t\t<meta property=\"og:image:width\" content=\"800\" \/>\n\t\t<meta property=\"og:image:height\" content=\"600\" \/>\n\t\t<meta property=\"article:published_time\" content=\"2015-06-30T06:45:04+00:00\" \/>\n\t\t<meta property=\"article:modified_time\" content=\"2015-06-30T06:45:04+00:00\" \/>\n\t\t<meta name=\"twitter:card\" content=\"summary_large_image\" \/>\n\t\t<meta name=\"twitter:title\" content=\"CEIM quiere externalizar la gesti\u00f3n de EMT, Metro y Renfe Cercan\u00edas porque los costes as\u00ed son \u00abmuy inferiores\u00bb | El Digital de Asturias\" \/>\n\t\t<meta name=\"twitter:description\" content=\"La confederaci\u00f3n madrile\u00f1a de empresarios CEIM-CEOE quiere externalizar la gesti\u00f3n de EMT, Metro y Renfe Cercan\u00edas porque los costes as\u00ed son &quot;muy inferiores&quot;. As\u00ed se recoge en el &#039;Plan 400.000 empleos&#039;, presentado este lunes por el presidente de CEIM, Juan Pablo L\u00e1zaro, un documento que recoge las medidas propuestas por los empresarios madrile\u00f1os para crear\" \/>\n\t\t<meta name=\"twitter:image\" content=\"https:\/\/eldigitaldeasturias.com\/magazine365\/wp-content\/uploads\/2015\/06\/fotonoticia_20150629155244_800.jpg\" \/>\n\t\t<script type=\"application\/ld+json\" class=\"aioseo-schema\">\n\t\t\t{\"@context\":\"https:\\\/\\\/schema.org\",\"@graph\":[{\"@type\":\"Article\",\"@id\":\"https:\\\/\\\/eldigitaldeasturias.com\\\/magazine365\\\/ceim-quiere-externalizar-la-gestion-de-emt-metro-y-renfe-cercanias-porque-los-costes-asi-son-muy-inferiores\\\/#article\",\"name\":\"CEIM quiere externalizar la gesti\\u00f3n de EMT, Metro y Renfe Cercan\\u00edas porque los costes as\\u00ed son \\u00abmuy inferiores\\u00bb | El Digital de Asturias\",\"headline\":\"CEIM quiere externalizar la gesti\\u00f3n de EMT, Metro y Renfe Cercan\\u00edas porque los costes as\\u00ed son \\u00abmuy inferiores\\u00bb\",\"author\":{\"@id\":\"https:\\\/\\\/eldigitaldeasturias.com\\\/magazine365\\\/author\\\/admin\\\/#author\"},\"publisher\":{\"@id\":\"https:\\\/\\\/eldigitaldeasturias.com\\\/magazine365\\\/#organization\"},\"image\":{\"@type\":\"ImageObject\",\"url\":\"https:\\\/\\\/eldigitaldeasturias.com\\\/magazine365\\\/wp-content\\\/uploads\\\/2015\\\/06\\\/fotonoticia_20150629155244_800.jpg\",\"width\":800,\"height\":600},\"datePublished\":\"2015-06-30T08:15:04+02:00\",\"dateModified\":\"2015-06-30T08:15:04+02:00\",\"inLanguage\":\"es-ES\",\"mainEntityOfPage\":{\"@id\":\"https:\\\/\\\/eldigitaldeasturias.com\\\/magazine365\\\/ceim-quiere-externalizar-la-gestion-de-emt-metro-y-renfe-cercanias-porque-los-costes-asi-son-muy-inferiores\\\/#webpage\"},\"isPartOf\":{\"@id\":\"https:\\\/\\\/eldigitaldeasturias.com\\\/magazine365\\\/ceim-quiere-externalizar-la-gestion-de-emt-metro-y-renfe-cercanias-porque-los-costes-asi-son-muy-inferiores\\\/#webpage\"},\"articleSection\":\"Noticias y Actualidad\"},{\"@type\":\"BreadcrumbList\",\"@id\":\"https:\\\/\\\/eldigitaldeasturias.com\\\/magazine365\\\/ceim-quiere-externalizar-la-gestion-de-emt-metro-y-renfe-cercanias-porque-los-costes-asi-son-muy-inferiores\\\/#breadcrumblist\",\"itemListElement\":[{\"@type\":\"ListItem\",\"@id\":\"https:\\\/\\\/eldigitaldeasturias.com\\\/magazine365#listItem\",\"position\":1,\"name\":\"Home\",\"item\":\"https:\\\/\\\/eldigitaldeasturias.com\\\/magazine365\",\"nextItem\":{\"@type\":\"ListItem\",\"@id\":\"https:\\\/\\\/eldigitaldeasturias.com\\\/magazine365\\\/category\\\/noticias-actualidad\\\/#listItem\",\"name\":\"Noticias y Actualidad\"}},{\"@type\":\"ListItem\",\"@id\":\"https:\\\/\\\/eldigitaldeasturias.com\\\/magazine365\\\/category\\\/noticias-actualidad\\\/#listItem\",\"position\":2,\"name\":\"Noticias y Actualidad\",\"item\":\"https:\\\/\\\/eldigitaldeasturias.com\\\/magazine365\\\/category\\\/noticias-actualidad\\\/\",\"nextItem\":{\"@type\":\"ListItem\",\"@id\":\"https:\\\/\\\/eldigitaldeasturias.com\\\/magazine365\\\/ceim-quiere-externalizar-la-gestion-de-emt-metro-y-renfe-cercanias-porque-los-costes-asi-son-muy-inferiores\\\/#listItem\",\"name\":\"CEIM quiere externalizar la gesti\\u00f3n de EMT, Metro y Renfe Cercan\\u00edas porque los costes as\\u00ed son \\u00abmuy inferiores\\u00bb\"},\"previousItem\":{\"@type\":\"ListItem\",\"@id\":\"https:\\\/\\\/eldigitaldeasturias.com\\\/magazine365#listItem\",\"name\":\"Home\"}},{\"@type\":\"ListItem\",\"@id\":\"https:\\\/\\\/eldigitaldeasturias.com\\\/magazine365\\\/ceim-quiere-externalizar-la-gestion-de-emt-metro-y-renfe-cercanias-porque-los-costes-asi-son-muy-inferiores\\\/#listItem\",\"position\":3,\"name\":\"CEIM quiere externalizar la gesti\\u00f3n de EMT, Metro y Renfe Cercan\\u00edas porque los costes as\\u00ed son \\u00abmuy inferiores\\u00bb\",\"previousItem\":{\"@type\":\"ListItem\",\"@id\":\"https:\\\/\\\/eldigitaldeasturias.com\\\/magazine365\\\/category\\\/noticias-actualidad\\\/#listItem\",\"name\":\"Noticias y Actualidad\"}}]},{\"@type\":\"Organization\",\"@id\":\"https:\\\/\\\/eldigitaldeasturias.com\\\/magazine365\\\/#organization\",\"name\":\"El digital de Asturias\",\"description\":\"Revista de ocio, turismo y estilo de vida\",\"url\":\"https:\\\/\\\/eldigitaldeasturias.com\\\/magazine365\\\/\",\"logo\":{\"@type\":\"ImageObject\",\"url\":\"https:\\\/\\\/www.eldigitaldeasturias.com\\\/noticias\\\/wp-content\\\/uploads\\\/2020\\\/12\\\/EDA.jpg\",\"@id\":\"https:\\\/\\\/eldigitaldeasturias.com\\\/magazine365\\\/ceim-quiere-externalizar-la-gestion-de-emt-metro-y-renfe-cercanias-porque-los-costes-asi-son-muy-inferiores\\\/#organizationLogo\"},\"image\":{\"@id\":\"https:\\\/\\\/eldigitaldeasturias.com\\\/magazine365\\\/ceim-quiere-externalizar-la-gestion-de-emt-metro-y-renfe-cercanias-porque-los-costes-asi-son-muy-inferiores\\\/#organizationLogo\"}},{\"@type\":\"Person\",\"@id\":\"https:\\\/\\\/eldigitaldeasturias.com\\\/magazine365\\\/author\\\/admin\\\/#author\",\"url\":\"https:\\\/\\\/eldigitaldeasturias.com\\\/magazine365\\\/author\\\/admin\\\/\",\"name\":\"admin\",\"image\":{\"@type\":\"ImageObject\",\"@id\":\"https:\\\/\\\/eldigitaldeasturias.com\\\/magazine365\\\/ceim-quiere-externalizar-la-gestion-de-emt-metro-y-renfe-cercanias-porque-los-costes-asi-son-muy-inferiores\\\/#authorImage\",\"url\":\"https:\\\/\\\/eldigitaldeasturias.com\\\/magazine365\\\/wp-content\\\/litespeed\\\/avatar\\\/e571bcf59a0edd6fa6838245a470f2fe.jpg?ver=1777574230\",\"width\":96,\"height\":96,\"caption\":\"admin\"}},{\"@type\":\"WebPage\",\"@id\":\"https:\\\/\\\/eldigitaldeasturias.com\\\/magazine365\\\/ceim-quiere-externalizar-la-gestion-de-emt-metro-y-renfe-cercanias-porque-los-costes-asi-son-muy-inferiores\\\/#webpage\",\"url\":\"https:\\\/\\\/eldigitaldeasturias.com\\\/magazine365\\\/ceim-quiere-externalizar-la-gestion-de-emt-metro-y-renfe-cercanias-porque-los-costes-asi-son-muy-inferiores\\\/\",\"name\":\"CEIM quiere externalizar la gesti\\u00f3n de EMT, Metro y Renfe Cercan\\u00edas porque los costes as\\u00ed son \\u00abmuy inferiores\\u00bb | El Digital de Asturias\",\"description\":\"La confederaci\\u00f3n madrile\\u00f1a de empresarios CEIM-CEOE quiere externalizar la gesti\\u00f3n de EMT, Metro y Renfe Cercan\\u00edas porque los costes as\\u00ed son \\\"muy inferiores\\\". As\\u00ed se recoge en el 'Plan 400.000 empleos', presentado este lunes por el presidente de CEIM, Juan Pablo L\\u00e1zaro, un documento que recoge las medidas propuestas por los empresarios madrile\\u00f1os para crear\",\"inLanguage\":\"es-ES\",\"isPartOf\":{\"@id\":\"https:\\\/\\\/eldigitaldeasturias.com\\\/magazine365\\\/#website\"},\"breadcrumb\":{\"@id\":\"https:\\\/\\\/eldigitaldeasturias.com\\\/magazine365\\\/ceim-quiere-externalizar-la-gestion-de-emt-metro-y-renfe-cercanias-porque-los-costes-asi-son-muy-inferiores\\\/#breadcrumblist\"},\"author\":{\"@id\":\"https:\\\/\\\/eldigitaldeasturias.com\\\/magazine365\\\/author\\\/admin\\\/#author\"},\"creator\":{\"@id\":\"https:\\\/\\\/eldigitaldeasturias.com\\\/magazine365\\\/author\\\/admin\\\/#author\"},\"image\":{\"@type\":\"ImageObject\",\"url\":\"https:\\\/\\\/eldigitaldeasturias.com\\\/magazine365\\\/wp-content\\\/uploads\\\/2015\\\/06\\\/fotonoticia_20150629155244_800.jpg\",\"@id\":\"https:\\\/\\\/eldigitaldeasturias.com\\\/magazine365\\\/ceim-quiere-externalizar-la-gestion-de-emt-metro-y-renfe-cercanias-porque-los-costes-asi-son-muy-inferiores\\\/#mainImage\",\"width\":800,\"height\":600},\"primaryImageOfPage\":{\"@id\":\"https:\\\/\\\/eldigitaldeasturias.com\\\/magazine365\\\/ceim-quiere-externalizar-la-gestion-de-emt-metro-y-renfe-cercanias-porque-los-costes-asi-son-muy-inferiores\\\/#mainImage\"},\"datePublished\":\"2015-06-30T08:15:04+02:00\",\"dateModified\":\"2015-06-30T08:15:04+02:00\"},{\"@type\":\"WebSite\",\"@id\":\"https:\\\/\\\/eldigitaldeasturias.com\\\/magazine365\\\/#website\",\"url\":\"https:\\\/\\\/eldigitaldeasturias.com\\\/magazine365\\\/\",\"name\":\"El Digital de Asturias\",\"description\":\"Revista de ocio, turismo y estilo de vida\",\"inLanguage\":\"es-ES\",\"publisher\":{\"@id\":\"https:\\\/\\\/eldigitaldeasturias.com\\\/magazine365\\\/#organization\"}}]}\n\t\t<\/script>\n\t\t<!-- All in One SEO Pro -->\r\n\t\t<title>CEIM quiere externalizar la gesti\u00f3n de EMT, Metro y Renfe Cercan\u00edas porque los costes as\u00ed son \u00abmuy inferiores\u00bb | El Digital de Asturias<\/title>\n\n","aioseo_head_json":{"title":"CEIM quiere externalizar la gesti\u00f3n de EMT, Metro y Renfe Cercan\u00edas porque los costes as\u00ed son \u00abmuy inferiores\u00bb | El Digital de Asturias","description":"La confederaci\u00f3n madrile\u00f1a de empresarios CEIM-CEOE quiere externalizar la gesti\u00f3n de EMT, Metro y Renfe Cercan\u00edas porque los costes as\u00ed son \"muy inferiores\". As\u00ed se recoge en el 'Plan 400.000 empleos', presentado este lunes por el presidente de CEIM, Juan Pablo L\u00e1zaro, un documento que recoge las medidas propuestas por los empresarios madrile\u00f1os para crear","canonical_url":"https:\/\/eldigitaldeasturias.com\/magazine365\/ceim-quiere-externalizar-la-gestion-de-emt-metro-y-renfe-cercanias-porque-los-costes-asi-son-muy-inferiores\/","robots":"max-image-preview:large","keywords":"noticias y actualidad","webmasterTools":{"google-site-verification":"UA-38556648-1","miscellaneous":""},"schema":{"@context":"https:\/\/schema.org","@graph":[{"@type":"Article","@id":"https:\/\/eldigitaldeasturias.com\/magazine365\/ceim-quiere-externalizar-la-gestion-de-emt-metro-y-renfe-cercanias-porque-los-costes-asi-son-muy-inferiores\/#article","name":"CEIM quiere externalizar la gesti\u00f3n de EMT, Metro y Renfe Cercan\u00edas porque los costes as\u00ed son \u00abmuy inferiores\u00bb | El Digital de Asturias","headline":"CEIM quiere externalizar la gesti\u00f3n de EMT, Metro y Renfe Cercan\u00edas porque los costes as\u00ed son \u00abmuy inferiores\u00bb","author":{"@id":"https:\/\/eldigitaldeasturias.com\/magazine365\/author\/admin\/#author"},"publisher":{"@id":"https:\/\/eldigitaldeasturias.com\/magazine365\/#organization"},"image":{"@type":"ImageObject","url":"https:\/\/eldigitaldeasturias.com\/magazine365\/wp-content\/uploads\/2015\/06\/fotonoticia_20150629155244_800.jpg","width":800,"height":600},"datePublished":"2015-06-30T08:15:04+02:00","dateModified":"2015-06-30T08:15:04+02:00","inLanguage":"es-ES","mainEntityOfPage":{"@id":"https:\/\/eldigitaldeasturias.com\/magazine365\/ceim-quiere-externalizar-la-gestion-de-emt-metro-y-renfe-cercanias-porque-los-costes-asi-son-muy-inferiores\/#webpage"},"isPartOf":{"@id":"https:\/\/eldigitaldeasturias.com\/magazine365\/ceim-quiere-externalizar-la-gestion-de-emt-metro-y-renfe-cercanias-porque-los-costes-asi-son-muy-inferiores\/#webpage"},"articleSection":"Noticias y Actualidad"},{"@type":"BreadcrumbList","@id":"https:\/\/eldigitaldeasturias.com\/magazine365\/ceim-quiere-externalizar-la-gestion-de-emt-metro-y-renfe-cercanias-porque-los-costes-asi-son-muy-inferiores\/#breadcrumblist","itemListElement":[{"@type":"ListItem","@id":"https:\/\/eldigitaldeasturias.com\/magazine365#listItem","position":1,"name":"Home","item":"https:\/\/eldigitaldeasturias.com\/magazine365","nextItem":{"@type":"ListItem","@id":"https:\/\/eldigitaldeasturias.com\/magazine365\/category\/noticias-actualidad\/#listItem","name":"Noticias y Actualidad"}},{"@type":"ListItem","@id":"https:\/\/eldigitaldeasturias.com\/magazine365\/category\/noticias-actualidad\/#listItem","position":2,"name":"Noticias y Actualidad","item":"https:\/\/eldigitaldeasturias.com\/magazine365\/category\/noticias-actualidad\/","nextItem":{"@type":"ListItem","@id":"https:\/\/eldigitaldeasturias.com\/magazine365\/ceim-quiere-externalizar-la-gestion-de-emt-metro-y-renfe-cercanias-porque-los-costes-asi-son-muy-inferiores\/#listItem","name":"CEIM quiere externalizar la gesti\u00f3n de EMT, Metro y Renfe Cercan\u00edas porque los costes as\u00ed son \u00abmuy inferiores\u00bb"},"previousItem":{"@type":"ListItem","@id":"https:\/\/eldigitaldeasturias.com\/magazine365#listItem","name":"Home"}},{"@type":"ListItem","@id":"https:\/\/eldigitaldeasturias.com\/magazine365\/ceim-quiere-externalizar-la-gestion-de-emt-metro-y-renfe-cercanias-porque-los-costes-asi-son-muy-inferiores\/#listItem","position":3,"name":"CEIM quiere externalizar la gesti\u00f3n de EMT, Metro y Renfe Cercan\u00edas porque los costes as\u00ed son \u00abmuy inferiores\u00bb","previousItem":{"@type":"ListItem","@id":"https:\/\/eldigitaldeasturias.com\/magazine365\/category\/noticias-actualidad\/#listItem","name":"Noticias y Actualidad"}}]},{"@type":"Organization","@id":"https:\/\/eldigitaldeasturias.com\/magazine365\/#organization","name":"El digital de Asturias","description":"Revista de ocio, turismo y estilo de vida","url":"https:\/\/eldigitaldeasturias.com\/magazine365\/","logo":{"@type":"ImageObject","url":"https:\/\/www.eldigitaldeasturias.com\/noticias\/wp-content\/uploads\/2020\/12\/EDA.jpg","@id":"https:\/\/eldigitaldeasturias.com\/magazine365\/ceim-quiere-externalizar-la-gestion-de-emt-metro-y-renfe-cercanias-porque-los-costes-asi-son-muy-inferiores\/#organizationLogo"},"image":{"@id":"https:\/\/eldigitaldeasturias.com\/magazine365\/ceim-quiere-externalizar-la-gestion-de-emt-metro-y-renfe-cercanias-porque-los-costes-asi-son-muy-inferiores\/#organizationLogo"}},{"@type":"Person","@id":"https:\/\/eldigitaldeasturias.com\/magazine365\/author\/admin\/#author","url":"https:\/\/eldigitaldeasturias.com\/magazine365\/author\/admin\/","name":"admin","image":{"@type":"ImageObject","@id":"https:\/\/eldigitaldeasturias.com\/magazine365\/ceim-quiere-externalizar-la-gestion-de-emt-metro-y-renfe-cercanias-porque-los-costes-asi-son-muy-inferiores\/#authorImage","url":"https:\/\/eldigitaldeasturias.com\/magazine365\/wp-content\/litespeed\/avatar\/e571bcf59a0edd6fa6838245a470f2fe.jpg?ver=1777574230","width":96,"height":96,"caption":"admin"}},{"@type":"WebPage","@id":"https:\/\/eldigitaldeasturias.com\/magazine365\/ceim-quiere-externalizar-la-gestion-de-emt-metro-y-renfe-cercanias-porque-los-costes-asi-son-muy-inferiores\/#webpage","url":"https:\/\/eldigitaldeasturias.com\/magazine365\/ceim-quiere-externalizar-la-gestion-de-emt-metro-y-renfe-cercanias-porque-los-costes-asi-son-muy-inferiores\/","name":"CEIM quiere externalizar la gesti\u00f3n de EMT, Metro y Renfe Cercan\u00edas porque los costes as\u00ed son \u00abmuy inferiores\u00bb | El Digital de Asturias","description":"La confederaci\u00f3n madrile\u00f1a de empresarios CEIM-CEOE quiere externalizar la gesti\u00f3n de EMT, Metro y Renfe Cercan\u00edas porque los costes as\u00ed son \"muy inferiores\". As\u00ed se recoge en el 'Plan 400.000 empleos', presentado este lunes por el presidente de CEIM, Juan Pablo L\u00e1zaro, un documento que recoge las medidas propuestas por los empresarios madrile\u00f1os para crear","inLanguage":"es-ES","isPartOf":{"@id":"https:\/\/eldigitaldeasturias.com\/magazine365\/#website"},"breadcrumb":{"@id":"https:\/\/eldigitaldeasturias.com\/magazine365\/ceim-quiere-externalizar-la-gestion-de-emt-metro-y-renfe-cercanias-porque-los-costes-asi-son-muy-inferiores\/#breadcrumblist"},"author":{"@id":"https:\/\/eldigitaldeasturias.com\/magazine365\/author\/admin\/#author"},"creator":{"@id":"https:\/\/eldigitaldeasturias.com\/magazine365\/author\/admin\/#author"},"image":{"@type":"ImageObject","url":"https:\/\/eldigitaldeasturias.com\/magazine365\/wp-content\/uploads\/2015\/06\/fotonoticia_20150629155244_800.jpg","@id":"https:\/\/eldigitaldeasturias.com\/magazine365\/ceim-quiere-externalizar-la-gestion-de-emt-metro-y-renfe-cercanias-porque-los-costes-asi-son-muy-inferiores\/#mainImage","width":800,"height":600},"primaryImageOfPage":{"@id":"https:\/\/eldigitaldeasturias.com\/magazine365\/ceim-quiere-externalizar-la-gestion-de-emt-metro-y-renfe-cercanias-porque-los-costes-asi-son-muy-inferiores\/#mainImage"},"datePublished":"2015-06-30T08:15:04+02:00","dateModified":"2015-06-30T08:15:04+02:00"},{"@type":"WebSite","@id":"https:\/\/eldigitaldeasturias.com\/magazine365\/#website","url":"https:\/\/eldigitaldeasturias.com\/magazine365\/","name":"El Digital de Asturias","description":"Revista de ocio, turismo y estilo de vida","inLanguage":"es-ES","publisher":{"@id":"https:\/\/eldigitaldeasturias.com\/magazine365\/#organization"}}]},"og:locale":"es_ES","og:site_name":"El Digital de Asturias \u2013 Revista de ocio, turismo y estilo de vida","og:type":"article","og:title":"CEIM quiere externalizar la gesti\u00f3n de EMT, Metro y Renfe Cercan\u00edas porque los costes as\u00ed son \u00abmuy inferiores\u00bb | El Digital de Asturias","og:description":"La confederaci\u00f3n madrile\u00f1a de empresarios CEIM-CEOE quiere externalizar la gesti\u00f3n de EMT, Metro y Renfe Cercan\u00edas porque los costes as\u00ed son &quot;muy inferiores&quot;. As\u00ed se recoge en el 'Plan 400.000 empleos', presentado este lunes por el presidente de CEIM, Juan Pablo L\u00e1zaro, un documento que recoge las medidas propuestas por los empresarios madrile\u00f1os para crear","og:url":"https:\/\/eldigitaldeasturias.com\/magazine365\/ceim-quiere-externalizar-la-gestion-de-emt-metro-y-renfe-cercanias-porque-los-costes-asi-son-muy-inferiores\/","og:image":"https:\/\/eldigitaldeasturias.com\/magazine365\/wp-content\/uploads\/2015\/06\/fotonoticia_20150629155244_800.jpg","og:image:secure_url":"https:\/\/eldigitaldeasturias.com\/magazine365\/wp-content\/uploads\/2015\/06\/fotonoticia_20150629155244_800.jpg","og:image:width":800,"og:image:height":600,"article:published_time":"2015-06-30T06:45:04+00:00","article:modified_time":"2015-06-30T06:45:04+00:00","twitter:card":"summary_large_image","twitter:title":"CEIM quiere externalizar la gesti\u00f3n de EMT, Metro y Renfe Cercan\u00edas porque los costes as\u00ed son \u00abmuy inferiores\u00bb | El Digital de Asturias","twitter:description":"La confederaci\u00f3n madrile\u00f1a de empresarios CEIM-CEOE quiere externalizar la gesti\u00f3n de EMT, Metro y Renfe Cercan\u00edas porque los costes as\u00ed son &quot;muy inferiores&quot;. As\u00ed se recoge en el 'Plan 400.000 empleos', presentado este lunes por el presidente de CEIM, Juan Pablo L\u00e1zaro, un documento que recoge las medidas propuestas por los empresarios madrile\u00f1os para crear","twitter:image":"https:\/\/eldigitaldeasturias.com\/magazine365\/wp-content\/uploads\/2015\/06\/fotonoticia_20150629155244_800.jpg"},"aioseo_meta_data":{"post_id":"41305","title":null,"description":null,"keywords":null,"keyphrases":null,"primary_term":null,"canonical_url":null,"og_title":null,"og_description":null,"og_object_type":"default","og_image_type":"default","og_image_url":null,"og_image_width":null,"og_image_height":null,"og_image_custom_url":null,"og_image_custom_fields":null,"og_video":null,"og_custom_url":null,"og_article_section":null,"og_article_tags":null,"twitter_use_og":false,"twitter_card":"default","twitter_image_type":"default","twitter_image_url":null,"twitter_image_custom_url":null,"twitter_image_custom_fields":null,"twitter_title":null,"twitter_description":null,"schema":{"blockGraphs":[],"customGraphs":[],"default":{"data":{"Article":[],"Course":[],"Dataset":[],"FAQPage":[],"Movie":[],"Person":[],"Product":[],"ProductReview":[],"Car":[],"Recipe":[],"Service":[],"SoftwareApplication":[],"WebPage":[]},"graphName":"","isEnabled":true},"graphs":[],"defaultGraph":"","defaultPostTypeGraph":""},"schema_type":null,"schema_type_options":null,"pillar_content":false,"robots_default":true,"robots_noindex":false,"robots_noarchive":false,"robots_nosnippet":false,"robots_nofollow":false,"robots_noimageindex":false,"robots_noodp":false,"robots_notranslate":false,"robots_max_snippet":null,"robots_max_videopreview":null,"robots_max_imagepreview":"large","priority":null,"frequency":null,"location":null,"local_seo":null,"seo_analyzer_scan_date":"2025-09-19 15:23:48","breadcrumb_settings":null,"limit_modified_date":false,"open_ai":null,"ai":null,"created":"2021-03-09 02:16:53","updated":"2025-09-19 15:23:48"},"aioseo_breadcrumb":"<div class=\"aioseo-breadcrumbs\"><span class=\"aioseo-breadcrumb\">\n\t<a href=\"https:\/\/eldigitaldeasturias.com\/magazine365\" title=\"Home\">Home<\/a>\n<\/span><span class=\"aioseo-breadcrumb-separator\">\u2013<\/span><span class=\"aioseo-breadcrumb\">\n\t<a href=\"https:\/\/eldigitaldeasturias.com\/magazine365\/category\/noticias-actualidad\/\" title=\"Noticias y Actualidad\">Noticias y Actualidad<\/a>\n<\/span><span class=\"aioseo-breadcrumb-separator\">\u2013<\/span><span class=\"aioseo-breadcrumb\">\n\t<a href=\"https:\/\/eldigitaldeasturias.com\/magazine365\/ceim-quiere-externalizar-la-gestion-de-emt-metro-y-renfe-cercanias-porque-los-costes-asi-son-muy-inferiores\/\" title=\"CEIM quiere externalizar la gesti\u00f3n de EMT, Metro y Renfe Cercan\u00edas porque los costes as\u00ed son \u00abmuy inferiores\u00bb\">CEIM quiere externalizar la gesti\u00f3n de EMT, Metro y Renfe Cercan\u00edas porque los costes as\u00ed son \u00abmuy inferiores\u00bb<\/a>\n<\/span><\/div>","aioseo_breadcrumb_json":[{"label":"Home","link":"https:\/\/eldigitaldeasturias.com\/magazine365"},{"label":"Noticias y Actualidad","link":"https:\/\/eldigitaldeasturias.com\/magazine365\/category\/noticias-actualidad\/"},{"label":"CEIM quiere externalizar la gesti\u00f3n de EMT, Metro y Renfe Cercan\u00edas porque los costes as\u00ed son \u00abmuy inferiores\u00bb","link":"https:\/\/eldigitaldeasturias.com\/magazine365\/ceim-quiere-externalizar-la-gestion-de-emt-metro-y-renfe-cercanias-porque-los-costes-asi-son-muy-inferiores\/"}],"_links":{"self":[{"href":"https:\/\/eldigitaldeasturias.com\/magazine365\/wp-json\/wp\/v2\/posts\/41305","targetHints":{"allow":["GET"]}}],"collection":[{"href":"https:\/\/eldigitaldeasturias.com\/magazine365\/wp-json\/wp\/v2\/posts"}],"about":[{"href":"https:\/\/eldigitaldeasturias.com\/magazine365\/wp-json\/wp\/v2\/types\/post"}],"author":[{"embeddable":true,"href":"https:\/\/eldigitaldeasturias.com\/magazine365\/wp-json\/wp\/v2\/users\/1"}],"replies":[{"embeddable":true,"href":"https:\/\/eldigitaldeasturias.com\/magazine365\/wp-json\/wp\/v2\/comments?post=41305"}],"version-history":[{"count":0,"href":"https:\/\/eldigitaldeasturias.com\/magazine365\/wp-json\/wp\/v2\/posts\/41305\/revisions"}],"wp:featuredmedia":[{"embeddable":true,"href":"https:\/\/eldigitaldeasturias.com\/magazine365\/wp-json\/wp\/v2\/media\/41306"}],"wp:attachment":[{"href":"https:\/\/eldigitaldeasturias.com\/magazine365\/wp-json\/wp\/v2\/media?parent=41305"}],"wp:term":[{"taxonomy":"category","embeddable":true,"href":"https:\/\/eldigitaldeasturias.com\/magazine365\/wp-json\/wp\/v2\/categories?post=41305"},{"taxonomy":"post_tag","embeddable":true,"href":"https:\/\/eldigitaldeasturias.com\/magazine365\/wp-json\/wp\/v2\/tags?post=41305"}],"curies":[{"name":"wp","href":"https:\/\/api.w.org\/{rel}","templated":true}]}}