{"id":41302,"date":"2015-06-30T08:14:03","date_gmt":"2015-06-30T06:44:03","guid":{"rendered":"http:\/\/eldigitaldeasturias.com\/magazine365\/?p=41302"},"modified":"2015-06-30T08:14:03","modified_gmt":"2015-06-30T06:44:03","slug":"malaga-espera-la-llegada-de-mas-de-300-000-turistas-para-este-verano","status":"publish","type":"post","link":"https:\/\/eldigitaldeasturias.com\/magazine365\/malaga-espera-la-llegada-de-mas-de-300-000-turistas-para-este-verano\/","title":{"rendered":"M\u00e1laga espera la llegada de m\u00e1s de 300.000 turistas para este verano"},"content":{"rendered":"<p><img fetchpriority=\"high\" decoding=\"async\" class=\"alignleft size-medium wp-image-41303\" src=\"https:\/\/eldigitaldeasturias.com\/magazine365\/wp-content\/uploads\/2015\/06\/fotonoticia_20150629154901_800-360x240.jpg\" alt=\"fotonoticia_20150629154901_800\" width=\"360\" height=\"240\" srcset=\"https:\/\/eldigitaldeasturias.com\/magazine365\/wp-content\/uploads\/2015\/06\/fotonoticia_20150629154901_800-360x240.jpg 360w, https:\/\/eldigitaldeasturias.com\/magazine365\/wp-content\/uploads\/2015\/06\/fotonoticia_20150629154901_800-650x433.jpg 650w, https:\/\/eldigitaldeasturias.com\/magazine365\/wp-content\/uploads\/2015\/06\/fotonoticia_20150629154901_800-768x512.jpg 768w, https:\/\/eldigitaldeasturias.com\/magazine365\/wp-content\/uploads\/2015\/06\/fotonoticia_20150629154901_800-150x100.jpg 150w, https:\/\/eldigitaldeasturias.com\/magazine365\/wp-content\/uploads\/2015\/06\/fotonoticia_20150629154901_800-450x300.jpg 450w, https:\/\/eldigitaldeasturias.com\/magazine365\/wp-content\/uploads\/2015\/06\/fotonoticia_20150629154901_800-696x464.jpg 696w, https:\/\/eldigitaldeasturias.com\/magazine365\/wp-content\/uploads\/2015\/06\/fotonoticia_20150629154901_800-630x420.jpg 630w, https:\/\/eldigitaldeasturias.com\/magazine365\/wp-content\/uploads\/2015\/06\/fotonoticia_20150629154901_800-84x55.jpg 84w, https:\/\/eldigitaldeasturias.com\/magazine365\/wp-content\/uploads\/2015\/06\/fotonoticia_20150629154901_800.jpg 800w\" sizes=\"(max-width: 360px) 100vw, 360px\" \/>El concejal de Turismo y Promoci\u00f3n de la ciudad, Julio Andrade, ha informado este lunes de que la capital espera la llegada de m\u00e1s de 300.000 turistas para la temporada alta, lo que supone un incremento superior al cinco por ciento con respecto al periodo anterior.<\/p>\n<p>As\u00ed, Andrade, en la presentaci\u00f3n del Observatorio de Turismo de M\u00e1laga, ha vaticinado \u00abuna de las mejores temporadas\u00bb en los \u00faltimos a\u00f1os, en la que las pernoctaciones superar\u00e1n las 650.000, gracias en especial a la recuperaci\u00f3n del mercado nacional, que sigue creciendo y tiene \u00abun buen comportamiento\u00bb.<\/p>\n<p>En este sentido, ha subrayado que en este periodo Espa\u00f1a ha sido el principal mercado emisor tanto en viajeros (51,3 por ciento) como en pernoctaciones (45 por ciento), lo que confirma la recuperaci\u00f3n tras varios ejercicios de crisis econ\u00f3mica.<\/p>\n<p>Igualmente, ha destacado el crecimiento de algunos mercados internacionales, como Italia (19,6 por ciento), Dinamarca (12,3 por ciento) o Suiza (20,5 por ciento). Entre los mercados emergentes destaca sobre todo China (40,5 por ciento).<\/p>\n<p>Tambi\u00e9n ha avanzado datos sobre la temporada baja &#8211;periodo entre noviembre de 2014 y abril de 2015&#8211;, que ha cerrado este ejercicio con casi 1,5 millones de visitantes y un impacto econ\u00f3mico de 562,4 millones de euros. Esto se traduce en un crecimiento de casi 66 millones con respecto al mismo periodo del ejercicio precedente.<\/p>\n<p>Asimismo, los datos del Observatorio Tur\u00edstico de M\u00e1laga, elaborado por el \u00c1rea de An\u00e1lisis e Inteligencia Tur\u00edstica de Turismo y Planificaci\u00f3n Costa del Sol, arrojan que el n\u00famero de viajeros alojados en la ciudad durante la temporada baja ha superado los 692.300, a los que hay que sumar un total de 799.700 excursionistas.<\/p>\n<p>El efecto econ\u00f3mico directo de estos visitantes se estima en 367,7 millones de euros, a los que hay que a\u00f1adir 194,7 millones de impacto indirecto siguiendo los efectos multiplicadores establecidos por la Consejer\u00eda de Turismo y Comercio de la Junta de Andaluc\u00eda.<\/p>\n<p>El edil ha destacado que, pese a que el periodo incluye los peores meses del a\u00f1o para el sector tur\u00edstico, la ciudad ha crecido en todos los indicadores. De hecho, entre noviembre y abril se han alojado en M\u00e1laga un total de 459.824 viajeros en los hoteles, lo que supone un crecimiento del 3,37 por ciento con respecto al mismo periodo de 2014.<\/p>\n<p>Igualmente, las pernoctaciones se han incrementado en un 0,2 por ciento, superando las 886.000 estancias. Destaca especialmente la subida experimentada por las estancias hoteleras generadas por los turistas espa\u00f1oles, que han crecido un 5,4 por ciento. Este aumento ha tenido tambi\u00e9n su repercusi\u00f3n en el empleo hotelero, que ha crecido un 1,5 por ciento, alcanzando una media de 1.172 trabajadores en este periodo.<\/p>\n<p>El semestre se ha caracterizado tambi\u00e9n por un alto grado de ocupaci\u00f3n hotelera, que ha alcanzado el 50,3 por ciento, 1,5 puntos porcentuales m\u00e1s que en los mismos meses del a\u00f1o anterior. De este modo, la estancia media hotelera se ha situado en 1,93 d\u00edas.<\/p>\n<p class=\"ladillo\">RENTABILIDAD DE LA PLANTA HOTELERA<\/p>\n<p>M\u00e1laga presenta una alta rentabilidad de su planta hotelera, alcanzando unos ingresos por habitaci\u00f3n disponible de 42,69 euros, un 8,4 por ciento m\u00e1s que el a\u00f1o pasado. Esta cifra es, adem\u00e1s, muy superior a las registradas en el resto de los \u00e1mbitos geogr\u00e1ficos analizados. De hecho, dentro de la provincia, M\u00e1laga es el municipio con los ingresos m\u00e1s altos.<\/p>\n<p>Por otro lado, el impacto sobre el empleo generado por el gasto de turistas y excursionistas en la ciudad de M\u00e1laga durante el periodo analizado se estima en 6.816 empleos, lo que confirma el peso del sector tur\u00edstico en la econom\u00eda de la ciudad.<\/p>\n<p>La oferta de alojamiento en la capital en el periodo analizado asciende a 248 establecimientos y 12.037 plazas. M\u00e1s del 80 por ciento de las mismas pertenecen a establecimientos hoteleros, incluidos hostales y pensiones &#8211;132 establecimientos y 9.961 plazas&#8211;.<\/p>\n<p>La mayor parte de las plazas hoteleras tienen una categor\u00eda de cuatro estrellas &#8211;4.152 plazas, el 41,7 por ciento del total&#8211;. Sobresale tambi\u00e9n el crecimiento de la oferta de plazas de apartamentos tur\u00edsticos, con un incremento del 80,9 por ciento, pasando de las 1.101 plazas a las 1.829 en 2015 &#8211;18 nuevos apartamentos&#8211;.<\/p>\n<p class=\"ladillo\">CARACTER\u00cdSTICAS DEL TURISTA<\/p>\n<p>El mercado nacional ha sido el principal emisor de turistas a la ciudad en estos meses, seg\u00fan ha destacado Andrade. Los turistas nacionales proceden principalmente de Andaluc\u00eda, Madrid y Catalu\u00f1a. En cuanto a los mercados internacionales, Reino Unido, Alemania, Francia y Pa\u00edses Bajos destacan sobre el resto.<\/p>\n<p>La edad media del turista se sit\u00faa en 43,5 a\u00f1os, mientras que el nivel de ingresos de la unidad familiar m\u00e1s representativo es el de 1.000 a 1.500 euros, seguido de los que cuentan con unos ingresos de entre 2.500 a 3.000 euros.<\/p>\n<p>En cuanto a las caracter\u00edsticas socio-demogr\u00e1ficas, la mayor\u00eda de los turistas tiene un empleo, aunque tambi\u00e9n es importante la cuota de estudiantes y retirados. Adem\u00e1s, dos de cada tres son usuarios habituales de las redes sociales, Facebook y Twitter principalmente.<\/p>\n<p>Para m\u00e1s de tres de cada cuatro turistas, el motivo principal de su viaje a M\u00e1laga fue vacacional, seguido de la visita a familiares y amigos y trabajo o negocios. Entre los motivos espec\u00edficamente vacacionales destacan el ocio y el descanso, las actividades l\u00fadicas y la cultura. En cualquier caso, los motivos que finalmente hicieron que el turista se decantara por el destino fueron el clima, el atractivo de los recursos de la ciudad, las recomendaciones recibidas y la diversidad de la oferta de ocio.<\/p>\n<p>El transporte m\u00e1s utilizado para llegar fue el avi\u00f3n &#8211;de las compa\u00f1\u00edas Ryanair, Easyjet o Vueling, principalmente&#8211; y los hoteles de cuatro y tres estrellas son los m\u00e1s utilizados para el alojamiento, aunque tambi\u00e9n tiene una notoria importancia las viviendas de familiares y amigos. Para el desplazamiento en la ciudad se utiliza mayoritariamente el autob\u00fas de l\u00ednea regular. Por t\u00e9rmino medio, cada turista en la ciudad cuenta con un presupuesto de 515,54 euros y la estancia media es de 5,2 d\u00edas.<\/p>\n<p>La actividad m\u00e1s realizada en destino es la visita a monumentos y museos, entre los que destacan la Catedral, el Museo Picasso, el Castillo de Gibralfaro y el Museo Carmen Thyssen, seguidos por el Teatro Romano, la Alcazaba, la Casa Natal de Picasso y el CAC. La satisfacci\u00f3n del turista con la ciudad queda reflejada en la calificaci\u00f3n que otorgan a la misma: 8,6 sobre 10.<\/p>\n<p>Entre los aspectos m\u00e1s valorados destacan la atenci\u00f3n y el trato recibido, la seguridad ciudadana, la oferta de restauraci\u00f3n y la oferta monumental y muse\u00edstica. Pr\u00e1cticamente la totalidad de los turistas asegura que recomendar\u00e1 el destino.<\/p>\n<p>En cuanto a las caracter\u00edsticas del excursionista, destaca la preponderancia del mercado nacional. Los procedentes de la regi\u00f3n andaluza suponen siete de cada diez del total de excursionistas nacionales, mientras que entre los internacionales sobresalen los excursionistas de Reino Unido, Alemania y Francia.<\/p>\n<p>Para dos de cada tres el motivo principal para visitar la ciudad fue el vacacional. Una vez en el destino, las principales motivaciones fueron el atractivo de los recursos culturales y el clima. El gasto de bolsillo medio diario de los excursionistas se sit\u00faa en 36,4 euros.<\/p>\n<p>Entre la multitud de actividades realizadas en la ciudad destacan las actividades gastron\u00f3micas y la visita a museos y monumentos, donde repiten la Catedral, Museo Picasso, Gibralfaro y Museo Thyssen, principalmente. Adem\u00e1s, la ciudad recibe una calificaci\u00f3n de un 8,4 y los aspectos m\u00e1s valorados son la atenci\u00f3n, la seguridad ciudadana, la oferta monumental y muse\u00edstica, los comercios y los restaurantes.<\/p>\n","protected":false},"excerpt":{"rendered":"<p>El concejal de Turismo y Promoci\u00f3n de la ciudad, Julio Andrade, ha informado este lunes de que la capital espera la llegada de m\u00e1s de 300.000 turistas para la temporada alta, lo que supone un incremento superior al cinco por ciento con respecto al periodo anterior. As\u00ed, Andrade, en la presentaci\u00f3n del Observatorio de Turismo<\/p>\n","protected":false},"author":1,"featured_media":41303,"comment_status":"open","ping_status":"closed","sticky":false,"template":"","format":"standard","meta":{"footnotes":""},"categories":[222],"tags":[],"class_list":{"0":"post-41302","1":"post","2":"type-post","3":"status-publish","4":"format-standard","5":"has-post-thumbnail","7":"category-actualidad-turismo"},"aioseo_notices":[],"aioseo_head":"\n\t\t<!-- All in One SEO Pro 4.9.6.1 - aioseo.com -->\n\t<meta name=\"description\" content=\"El concejal de Turismo y Promoci\u00f3n de la ciudad, Julio Andrade, ha informado este lunes de que la capital espera la llegada de m\u00e1s de 300.000 turistas para la temporada alta, lo que supone un incremento superior al cinco por ciento con respecto al periodo anterior. As\u00ed, Andrade, en la presentaci\u00f3n del Observatorio de Turismo\" \/>\n\t<meta name=\"robots\" content=\"max-image-preview:large\" \/>\n\t<meta name=\"author\" content=\"admin\"\/>\n\t<meta name=\"google-site-verification\" content=\"UA-38556648-1\" \/>\n\t<meta name=\"keywords\" content=\"actualidad turismo\" \/>\n\t<link rel=\"canonical\" href=\"https:\/\/eldigitaldeasturias.com\/magazine365\/malaga-espera-la-llegada-de-mas-de-300-000-turistas-para-este-verano\/\" \/>\n\t<meta name=\"generator\" content=\"All in One SEO Pro (AIOSEO) 4.9.6.1\" \/>\n\t\t<meta property=\"og:locale\" content=\"es_ES\" \/>\n\t\t<meta property=\"og:site_name\" content=\"El Digital de Asturias \u2013 Revista de ocio, turismo y estilo de vida\" \/>\n\t\t<meta property=\"og:type\" content=\"article\" \/>\n\t\t<meta property=\"og:title\" content=\"M\u00e1laga espera la llegada de m\u00e1s de 300.000 turistas para este verano | El Digital de Asturias\" \/>\n\t\t<meta property=\"og:description\" content=\"El concejal de Turismo y Promoci\u00f3n de la ciudad, Julio Andrade, ha informado este lunes de que la capital espera la llegada de m\u00e1s de 300.000 turistas para la temporada alta, lo que supone un incremento superior al cinco por ciento con respecto al periodo anterior. As\u00ed, Andrade, en la presentaci\u00f3n del Observatorio de Turismo\" \/>\n\t\t<meta property=\"og:url\" content=\"https:\/\/eldigitaldeasturias.com\/magazine365\/malaga-espera-la-llegada-de-mas-de-300-000-turistas-para-este-verano\/\" \/>\n\t\t<meta property=\"og:image\" content=\"https:\/\/eldigitaldeasturias.com\/magazine365\/wp-content\/uploads\/2015\/06\/fotonoticia_20150629154901_800.jpg\" \/>\n\t\t<meta property=\"og:image:secure_url\" content=\"https:\/\/eldigitaldeasturias.com\/magazine365\/wp-content\/uploads\/2015\/06\/fotonoticia_20150629154901_800.jpg\" \/>\n\t\t<meta property=\"og:image:width\" content=\"800\" \/>\n\t\t<meta property=\"og:image:height\" content=\"533\" \/>\n\t\t<meta property=\"article:published_time\" content=\"2015-06-30T06:44:03+00:00\" \/>\n\t\t<meta property=\"article:modified_time\" content=\"2015-06-30T06:44:03+00:00\" \/>\n\t\t<meta name=\"twitter:card\" content=\"summary_large_image\" \/>\n\t\t<meta name=\"twitter:title\" content=\"M\u00e1laga espera la llegada de m\u00e1s de 300.000 turistas para este verano | El Digital de Asturias\" \/>\n\t\t<meta name=\"twitter:description\" content=\"El concejal de Turismo y Promoci\u00f3n de la ciudad, Julio Andrade, ha informado este lunes de que la capital espera la llegada de m\u00e1s de 300.000 turistas para la temporada alta, lo que supone un incremento superior al cinco por ciento con respecto al periodo anterior. As\u00ed, Andrade, en la presentaci\u00f3n del Observatorio de Turismo\" \/>\n\t\t<meta name=\"twitter:image\" content=\"https:\/\/eldigitaldeasturias.com\/magazine365\/wp-content\/uploads\/2015\/06\/fotonoticia_20150629154901_800.jpg\" \/>\n\t\t<script type=\"application\/ld+json\" class=\"aioseo-schema\">\n\t\t\t{\"@context\":\"https:\\\/\\\/schema.org\",\"@graph\":[{\"@type\":\"Article\",\"@id\":\"https:\\\/\\\/eldigitaldeasturias.com\\\/magazine365\\\/malaga-espera-la-llegada-de-mas-de-300-000-turistas-para-este-verano\\\/#article\",\"name\":\"M\\u00e1laga espera la llegada de m\\u00e1s de 300.000 turistas para este verano | El Digital de Asturias\",\"headline\":\"M\\u00e1laga espera la llegada de m\\u00e1s de 300.000 turistas para este verano\",\"author\":{\"@id\":\"https:\\\/\\\/eldigitaldeasturias.com\\\/magazine365\\\/author\\\/admin\\\/#author\"},\"publisher\":{\"@id\":\"https:\\\/\\\/eldigitaldeasturias.com\\\/magazine365\\\/#organization\"},\"image\":{\"@type\":\"ImageObject\",\"url\":\"https:\\\/\\\/eldigitaldeasturias.com\\\/magazine365\\\/wp-content\\\/uploads\\\/2015\\\/06\\\/fotonoticia_20150629154901_800.jpg\",\"width\":800,\"height\":533},\"datePublished\":\"2015-06-30T08:14:03+02:00\",\"dateModified\":\"2015-06-30T08:14:03+02:00\",\"inLanguage\":\"es-ES\",\"mainEntityOfPage\":{\"@id\":\"https:\\\/\\\/eldigitaldeasturias.com\\\/magazine365\\\/malaga-espera-la-llegada-de-mas-de-300-000-turistas-para-este-verano\\\/#webpage\"},\"isPartOf\":{\"@id\":\"https:\\\/\\\/eldigitaldeasturias.com\\\/magazine365\\\/malaga-espera-la-llegada-de-mas-de-300-000-turistas-para-este-verano\\\/#webpage\"},\"articleSection\":\"Actualidad Turismo\"},{\"@type\":\"BreadcrumbList\",\"@id\":\"https:\\\/\\\/eldigitaldeasturias.com\\\/magazine365\\\/malaga-espera-la-llegada-de-mas-de-300-000-turistas-para-este-verano\\\/#breadcrumblist\",\"itemListElement\":[{\"@type\":\"ListItem\",\"@id\":\"https:\\\/\\\/eldigitaldeasturias.com\\\/magazine365#listItem\",\"position\":1,\"name\":\"Home\",\"item\":\"https:\\\/\\\/eldigitaldeasturias.com\\\/magazine365\",\"nextItem\":{\"@type\":\"ListItem\",\"@id\":\"https:\\\/\\\/eldigitaldeasturias.com\\\/magazine365\\\/category\\\/actualidad-turismo\\\/#listItem\",\"name\":\"Actualidad Turismo\"}},{\"@type\":\"ListItem\",\"@id\":\"https:\\\/\\\/eldigitaldeasturias.com\\\/magazine365\\\/category\\\/actualidad-turismo\\\/#listItem\",\"position\":2,\"name\":\"Actualidad Turismo\",\"item\":\"https:\\\/\\\/eldigitaldeasturias.com\\\/magazine365\\\/category\\\/actualidad-turismo\\\/\",\"nextItem\":{\"@type\":\"ListItem\",\"@id\":\"https:\\\/\\\/eldigitaldeasturias.com\\\/magazine365\\\/malaga-espera-la-llegada-de-mas-de-300-000-turistas-para-este-verano\\\/#listItem\",\"name\":\"M\\u00e1laga espera la llegada de m\\u00e1s de 300.000 turistas para este verano\"},\"previousItem\":{\"@type\":\"ListItem\",\"@id\":\"https:\\\/\\\/eldigitaldeasturias.com\\\/magazine365#listItem\",\"name\":\"Home\"}},{\"@type\":\"ListItem\",\"@id\":\"https:\\\/\\\/eldigitaldeasturias.com\\\/magazine365\\\/malaga-espera-la-llegada-de-mas-de-300-000-turistas-para-este-verano\\\/#listItem\",\"position\":3,\"name\":\"M\\u00e1laga espera la llegada de m\\u00e1s de 300.000 turistas para este verano\",\"previousItem\":{\"@type\":\"ListItem\",\"@id\":\"https:\\\/\\\/eldigitaldeasturias.com\\\/magazine365\\\/category\\\/actualidad-turismo\\\/#listItem\",\"name\":\"Actualidad Turismo\"}}]},{\"@type\":\"Organization\",\"@id\":\"https:\\\/\\\/eldigitaldeasturias.com\\\/magazine365\\\/#organization\",\"name\":\"El digital de Asturias\",\"description\":\"Revista de ocio, turismo y estilo de vida\",\"url\":\"https:\\\/\\\/eldigitaldeasturias.com\\\/magazine365\\\/\",\"logo\":{\"@type\":\"ImageObject\",\"url\":\"https:\\\/\\\/www.eldigitaldeasturias.com\\\/noticias\\\/wp-content\\\/uploads\\\/2020\\\/12\\\/EDA.jpg\",\"@id\":\"https:\\\/\\\/eldigitaldeasturias.com\\\/magazine365\\\/malaga-espera-la-llegada-de-mas-de-300-000-turistas-para-este-verano\\\/#organizationLogo\"},\"image\":{\"@id\":\"https:\\\/\\\/eldigitaldeasturias.com\\\/magazine365\\\/malaga-espera-la-llegada-de-mas-de-300-000-turistas-para-este-verano\\\/#organizationLogo\"}},{\"@type\":\"Person\",\"@id\":\"https:\\\/\\\/eldigitaldeasturias.com\\\/magazine365\\\/author\\\/admin\\\/#author\",\"url\":\"https:\\\/\\\/eldigitaldeasturias.com\\\/magazine365\\\/author\\\/admin\\\/\",\"name\":\"admin\",\"image\":{\"@type\":\"ImageObject\",\"@id\":\"https:\\\/\\\/eldigitaldeasturias.com\\\/magazine365\\\/malaga-espera-la-llegada-de-mas-de-300-000-turistas-para-este-verano\\\/#authorImage\",\"url\":\"https:\\\/\\\/eldigitaldeasturias.com\\\/magazine365\\\/wp-content\\\/litespeed\\\/avatar\\\/e571bcf59a0edd6fa6838245a470f2fe.jpg?ver=1777574230\",\"width\":96,\"height\":96,\"caption\":\"admin\"}},{\"@type\":\"WebPage\",\"@id\":\"https:\\\/\\\/eldigitaldeasturias.com\\\/magazine365\\\/malaga-espera-la-llegada-de-mas-de-300-000-turistas-para-este-verano\\\/#webpage\",\"url\":\"https:\\\/\\\/eldigitaldeasturias.com\\\/magazine365\\\/malaga-espera-la-llegada-de-mas-de-300-000-turistas-para-este-verano\\\/\",\"name\":\"M\\u00e1laga espera la llegada de m\\u00e1s de 300.000 turistas para este verano | El Digital de Asturias\",\"description\":\"El concejal de Turismo y Promoci\\u00f3n de la ciudad, Julio Andrade, ha informado este lunes de que la capital espera la llegada de m\\u00e1s de 300.000 turistas para la temporada alta, lo que supone un incremento superior al cinco por ciento con respecto al periodo anterior. As\\u00ed, Andrade, en la presentaci\\u00f3n del Observatorio de Turismo\",\"inLanguage\":\"es-ES\",\"isPartOf\":{\"@id\":\"https:\\\/\\\/eldigitaldeasturias.com\\\/magazine365\\\/#website\"},\"breadcrumb\":{\"@id\":\"https:\\\/\\\/eldigitaldeasturias.com\\\/magazine365\\\/malaga-espera-la-llegada-de-mas-de-300-000-turistas-para-este-verano\\\/#breadcrumblist\"},\"author\":{\"@id\":\"https:\\\/\\\/eldigitaldeasturias.com\\\/magazine365\\\/author\\\/admin\\\/#author\"},\"creator\":{\"@id\":\"https:\\\/\\\/eldigitaldeasturias.com\\\/magazine365\\\/author\\\/admin\\\/#author\"},\"image\":{\"@type\":\"ImageObject\",\"url\":\"https:\\\/\\\/eldigitaldeasturias.com\\\/magazine365\\\/wp-content\\\/uploads\\\/2015\\\/06\\\/fotonoticia_20150629154901_800.jpg\",\"@id\":\"https:\\\/\\\/eldigitaldeasturias.com\\\/magazine365\\\/malaga-espera-la-llegada-de-mas-de-300-000-turistas-para-este-verano\\\/#mainImage\",\"width\":800,\"height\":533},\"primaryImageOfPage\":{\"@id\":\"https:\\\/\\\/eldigitaldeasturias.com\\\/magazine365\\\/malaga-espera-la-llegada-de-mas-de-300-000-turistas-para-este-verano\\\/#mainImage\"},\"datePublished\":\"2015-06-30T08:14:03+02:00\",\"dateModified\":\"2015-06-30T08:14:03+02:00\"},{\"@type\":\"WebSite\",\"@id\":\"https:\\\/\\\/eldigitaldeasturias.com\\\/magazine365\\\/#website\",\"url\":\"https:\\\/\\\/eldigitaldeasturias.com\\\/magazine365\\\/\",\"name\":\"El Digital de Asturias\",\"description\":\"Revista de ocio, turismo y estilo de vida\",\"inLanguage\":\"es-ES\",\"publisher\":{\"@id\":\"https:\\\/\\\/eldigitaldeasturias.com\\\/magazine365\\\/#organization\"}}]}\n\t\t<\/script>\n\t\t<!-- All in One SEO Pro -->\r\n\t\t<title>M\u00e1laga espera la llegada de m\u00e1s de 300.000 turistas para este verano | El Digital de Asturias<\/title>\n\n","aioseo_head_json":{"title":"M\u00e1laga espera la llegada de m\u00e1s de 300.000 turistas para este verano | El Digital de Asturias","description":"El concejal de Turismo y Promoci\u00f3n de la ciudad, Julio Andrade, ha informado este lunes de que la capital espera la llegada de m\u00e1s de 300.000 turistas para la temporada alta, lo que supone un incremento superior al cinco por ciento con respecto al periodo anterior. As\u00ed, Andrade, en la presentaci\u00f3n del Observatorio de Turismo","canonical_url":"https:\/\/eldigitaldeasturias.com\/magazine365\/malaga-espera-la-llegada-de-mas-de-300-000-turistas-para-este-verano\/","robots":"max-image-preview:large","keywords":"actualidad turismo","webmasterTools":{"google-site-verification":"UA-38556648-1","miscellaneous":""},"schema":{"@context":"https:\/\/schema.org","@graph":[{"@type":"Article","@id":"https:\/\/eldigitaldeasturias.com\/magazine365\/malaga-espera-la-llegada-de-mas-de-300-000-turistas-para-este-verano\/#article","name":"M\u00e1laga espera la llegada de m\u00e1s de 300.000 turistas para este verano | El Digital de Asturias","headline":"M\u00e1laga espera la llegada de m\u00e1s de 300.000 turistas para este verano","author":{"@id":"https:\/\/eldigitaldeasturias.com\/magazine365\/author\/admin\/#author"},"publisher":{"@id":"https:\/\/eldigitaldeasturias.com\/magazine365\/#organization"},"image":{"@type":"ImageObject","url":"https:\/\/eldigitaldeasturias.com\/magazine365\/wp-content\/uploads\/2015\/06\/fotonoticia_20150629154901_800.jpg","width":800,"height":533},"datePublished":"2015-06-30T08:14:03+02:00","dateModified":"2015-06-30T08:14:03+02:00","inLanguage":"es-ES","mainEntityOfPage":{"@id":"https:\/\/eldigitaldeasturias.com\/magazine365\/malaga-espera-la-llegada-de-mas-de-300-000-turistas-para-este-verano\/#webpage"},"isPartOf":{"@id":"https:\/\/eldigitaldeasturias.com\/magazine365\/malaga-espera-la-llegada-de-mas-de-300-000-turistas-para-este-verano\/#webpage"},"articleSection":"Actualidad Turismo"},{"@type":"BreadcrumbList","@id":"https:\/\/eldigitaldeasturias.com\/magazine365\/malaga-espera-la-llegada-de-mas-de-300-000-turistas-para-este-verano\/#breadcrumblist","itemListElement":[{"@type":"ListItem","@id":"https:\/\/eldigitaldeasturias.com\/magazine365#listItem","position":1,"name":"Home","item":"https:\/\/eldigitaldeasturias.com\/magazine365","nextItem":{"@type":"ListItem","@id":"https:\/\/eldigitaldeasturias.com\/magazine365\/category\/actualidad-turismo\/#listItem","name":"Actualidad Turismo"}},{"@type":"ListItem","@id":"https:\/\/eldigitaldeasturias.com\/magazine365\/category\/actualidad-turismo\/#listItem","position":2,"name":"Actualidad Turismo","item":"https:\/\/eldigitaldeasturias.com\/magazine365\/category\/actualidad-turismo\/","nextItem":{"@type":"ListItem","@id":"https:\/\/eldigitaldeasturias.com\/magazine365\/malaga-espera-la-llegada-de-mas-de-300-000-turistas-para-este-verano\/#listItem","name":"M\u00e1laga espera la llegada de m\u00e1s de 300.000 turistas para este verano"},"previousItem":{"@type":"ListItem","@id":"https:\/\/eldigitaldeasturias.com\/magazine365#listItem","name":"Home"}},{"@type":"ListItem","@id":"https:\/\/eldigitaldeasturias.com\/magazine365\/malaga-espera-la-llegada-de-mas-de-300-000-turistas-para-este-verano\/#listItem","position":3,"name":"M\u00e1laga espera la llegada de m\u00e1s de 300.000 turistas para este verano","previousItem":{"@type":"ListItem","@id":"https:\/\/eldigitaldeasturias.com\/magazine365\/category\/actualidad-turismo\/#listItem","name":"Actualidad Turismo"}}]},{"@type":"Organization","@id":"https:\/\/eldigitaldeasturias.com\/magazine365\/#organization","name":"El digital de Asturias","description":"Revista de ocio, turismo y estilo de vida","url":"https:\/\/eldigitaldeasturias.com\/magazine365\/","logo":{"@type":"ImageObject","url":"https:\/\/www.eldigitaldeasturias.com\/noticias\/wp-content\/uploads\/2020\/12\/EDA.jpg","@id":"https:\/\/eldigitaldeasturias.com\/magazine365\/malaga-espera-la-llegada-de-mas-de-300-000-turistas-para-este-verano\/#organizationLogo"},"image":{"@id":"https:\/\/eldigitaldeasturias.com\/magazine365\/malaga-espera-la-llegada-de-mas-de-300-000-turistas-para-este-verano\/#organizationLogo"}},{"@type":"Person","@id":"https:\/\/eldigitaldeasturias.com\/magazine365\/author\/admin\/#author","url":"https:\/\/eldigitaldeasturias.com\/magazine365\/author\/admin\/","name":"admin","image":{"@type":"ImageObject","@id":"https:\/\/eldigitaldeasturias.com\/magazine365\/malaga-espera-la-llegada-de-mas-de-300-000-turistas-para-este-verano\/#authorImage","url":"https:\/\/eldigitaldeasturias.com\/magazine365\/wp-content\/litespeed\/avatar\/e571bcf59a0edd6fa6838245a470f2fe.jpg?ver=1777574230","width":96,"height":96,"caption":"admin"}},{"@type":"WebPage","@id":"https:\/\/eldigitaldeasturias.com\/magazine365\/malaga-espera-la-llegada-de-mas-de-300-000-turistas-para-este-verano\/#webpage","url":"https:\/\/eldigitaldeasturias.com\/magazine365\/malaga-espera-la-llegada-de-mas-de-300-000-turistas-para-este-verano\/","name":"M\u00e1laga espera la llegada de m\u00e1s de 300.000 turistas para este verano | El Digital de Asturias","description":"El concejal de Turismo y Promoci\u00f3n de la ciudad, Julio Andrade, ha informado este lunes de que la capital espera la llegada de m\u00e1s de 300.000 turistas para la temporada alta, lo que supone un incremento superior al cinco por ciento con respecto al periodo anterior. As\u00ed, Andrade, en la presentaci\u00f3n del Observatorio de Turismo","inLanguage":"es-ES","isPartOf":{"@id":"https:\/\/eldigitaldeasturias.com\/magazine365\/#website"},"breadcrumb":{"@id":"https:\/\/eldigitaldeasturias.com\/magazine365\/malaga-espera-la-llegada-de-mas-de-300-000-turistas-para-este-verano\/#breadcrumblist"},"author":{"@id":"https:\/\/eldigitaldeasturias.com\/magazine365\/author\/admin\/#author"},"creator":{"@id":"https:\/\/eldigitaldeasturias.com\/magazine365\/author\/admin\/#author"},"image":{"@type":"ImageObject","url":"https:\/\/eldigitaldeasturias.com\/magazine365\/wp-content\/uploads\/2015\/06\/fotonoticia_20150629154901_800.jpg","@id":"https:\/\/eldigitaldeasturias.com\/magazine365\/malaga-espera-la-llegada-de-mas-de-300-000-turistas-para-este-verano\/#mainImage","width":800,"height":533},"primaryImageOfPage":{"@id":"https:\/\/eldigitaldeasturias.com\/magazine365\/malaga-espera-la-llegada-de-mas-de-300-000-turistas-para-este-verano\/#mainImage"},"datePublished":"2015-06-30T08:14:03+02:00","dateModified":"2015-06-30T08:14:03+02:00"},{"@type":"WebSite","@id":"https:\/\/eldigitaldeasturias.com\/magazine365\/#website","url":"https:\/\/eldigitaldeasturias.com\/magazine365\/","name":"El Digital de Asturias","description":"Revista de ocio, turismo y estilo de vida","inLanguage":"es-ES","publisher":{"@id":"https:\/\/eldigitaldeasturias.com\/magazine365\/#organization"}}]},"og:locale":"es_ES","og:site_name":"El Digital de Asturias \u2013 Revista de ocio, turismo y estilo de vida","og:type":"article","og:title":"M\u00e1laga espera la llegada de m\u00e1s de 300.000 turistas para este verano | El Digital de Asturias","og:description":"El concejal de Turismo y Promoci\u00f3n de la ciudad, Julio Andrade, ha informado este lunes de que la capital espera la llegada de m\u00e1s de 300.000 turistas para la temporada alta, lo que supone un incremento superior al cinco por ciento con respecto al periodo anterior. As\u00ed, Andrade, en la presentaci\u00f3n del Observatorio de Turismo","og:url":"https:\/\/eldigitaldeasturias.com\/magazine365\/malaga-espera-la-llegada-de-mas-de-300-000-turistas-para-este-verano\/","og:image":"https:\/\/eldigitaldeasturias.com\/magazine365\/wp-content\/uploads\/2015\/06\/fotonoticia_20150629154901_800.jpg","og:image:secure_url":"https:\/\/eldigitaldeasturias.com\/magazine365\/wp-content\/uploads\/2015\/06\/fotonoticia_20150629154901_800.jpg","og:image:width":800,"og:image:height":533,"article:published_time":"2015-06-30T06:44:03+00:00","article:modified_time":"2015-06-30T06:44:03+00:00","twitter:card":"summary_large_image","twitter:title":"M\u00e1laga espera la llegada de m\u00e1s de 300.000 turistas para este verano | El Digital de Asturias","twitter:description":"El concejal de Turismo y Promoci\u00f3n de la ciudad, Julio Andrade, ha informado este lunes de que la capital espera la llegada de m\u00e1s de 300.000 turistas para la temporada alta, lo que supone un incremento superior al cinco por ciento con respecto al periodo anterior. As\u00ed, Andrade, en la presentaci\u00f3n del Observatorio de Turismo","twitter:image":"https:\/\/eldigitaldeasturias.com\/magazine365\/wp-content\/uploads\/2015\/06\/fotonoticia_20150629154901_800.jpg"},"aioseo_meta_data":{"post_id":"41302","title":null,"description":null,"keywords":null,"keyphrases":null,"primary_term":null,"canonical_url":null,"og_title":null,"og_description":null,"og_object_type":"default","og_image_type":"default","og_image_url":null,"og_image_width":null,"og_image_height":null,"og_image_custom_url":null,"og_image_custom_fields":null,"og_video":null,"og_custom_url":null,"og_article_section":null,"og_article_tags":null,"twitter_use_og":false,"twitter_card":"default","twitter_image_type":"default","twitter_image_url":null,"twitter_image_custom_url":null,"twitter_image_custom_fields":null,"twitter_title":null,"twitter_description":null,"schema":{"blockGraphs":[],"customGraphs":[],"default":{"data":{"Article":[],"Course":[],"Dataset":[],"FAQPage":[],"Movie":[],"Person":[],"Product":[],"ProductReview":[],"Car":[],"Recipe":[],"Service":[],"SoftwareApplication":[],"WebPage":[]},"graphName":"","isEnabled":true},"graphs":[],"defaultGraph":"","defaultPostTypeGraph":""},"schema_type":null,"schema_type_options":null,"pillar_content":false,"robots_default":true,"robots_noindex":false,"robots_noarchive":false,"robots_nosnippet":false,"robots_nofollow":false,"robots_noimageindex":false,"robots_noodp":false,"robots_notranslate":false,"robots_max_snippet":null,"robots_max_videopreview":null,"robots_max_imagepreview":"large","priority":null,"frequency":null,"location":null,"local_seo":null,"seo_analyzer_scan_date":"2025-09-19 15:23:47","breadcrumb_settings":null,"limit_modified_date":false,"open_ai":null,"ai":null,"created":"2021-03-09 02:17:41","updated":"2025-09-19 15:23:47"},"aioseo_breadcrumb":"<div class=\"aioseo-breadcrumbs\"><span class=\"aioseo-breadcrumb\">\n\t<a href=\"https:\/\/eldigitaldeasturias.com\/magazine365\" title=\"Home\">Home<\/a>\n<\/span><span class=\"aioseo-breadcrumb-separator\">\u2013<\/span><span class=\"aioseo-breadcrumb\">\n\t<a href=\"https:\/\/eldigitaldeasturias.com\/magazine365\/category\/actualidad-turismo\/\" title=\"Actualidad Turismo\">Actualidad Turismo<\/a>\n<\/span><span class=\"aioseo-breadcrumb-separator\">\u2013<\/span><span class=\"aioseo-breadcrumb\">\n\t<a href=\"https:\/\/eldigitaldeasturias.com\/magazine365\/malaga-espera-la-llegada-de-mas-de-300-000-turistas-para-este-verano\/\" title=\"M\u00e1laga espera la llegada de m\u00e1s de 300.000 turistas para este verano\">M\u00e1laga espera la llegada de m\u00e1s de 300.000 turistas para este verano<\/a>\n<\/span><\/div>","aioseo_breadcrumb_json":[{"label":"Home","link":"https:\/\/eldigitaldeasturias.com\/magazine365"},{"label":"Actualidad Turismo","link":"https:\/\/eldigitaldeasturias.com\/magazine365\/category\/actualidad-turismo\/"},{"label":"M\u00e1laga espera la llegada de m\u00e1s de 300.000 turistas para este verano","link":"https:\/\/eldigitaldeasturias.com\/magazine365\/malaga-espera-la-llegada-de-mas-de-300-000-turistas-para-este-verano\/"}],"_links":{"self":[{"href":"https:\/\/eldigitaldeasturias.com\/magazine365\/wp-json\/wp\/v2\/posts\/41302","targetHints":{"allow":["GET"]}}],"collection":[{"href":"https:\/\/eldigitaldeasturias.com\/magazine365\/wp-json\/wp\/v2\/posts"}],"about":[{"href":"https:\/\/eldigitaldeasturias.com\/magazine365\/wp-json\/wp\/v2\/types\/post"}],"author":[{"embeddable":true,"href":"https:\/\/eldigitaldeasturias.com\/magazine365\/wp-json\/wp\/v2\/users\/1"}],"replies":[{"embeddable":true,"href":"https:\/\/eldigitaldeasturias.com\/magazine365\/wp-json\/wp\/v2\/comments?post=41302"}],"version-history":[{"count":0,"href":"https:\/\/eldigitaldeasturias.com\/magazine365\/wp-json\/wp\/v2\/posts\/41302\/revisions"}],"wp:featuredmedia":[{"embeddable":true,"href":"https:\/\/eldigitaldeasturias.com\/magazine365\/wp-json\/wp\/v2\/media\/41303"}],"wp:attachment":[{"href":"https:\/\/eldigitaldeasturias.com\/magazine365\/wp-json\/wp\/v2\/media?parent=41302"}],"wp:term":[{"taxonomy":"category","embeddable":true,"href":"https:\/\/eldigitaldeasturias.com\/magazine365\/wp-json\/wp\/v2\/categories?post=41302"},{"taxonomy":"post_tag","embeddable":true,"href":"https:\/\/eldigitaldeasturias.com\/magazine365\/wp-json\/wp\/v2\/tags?post=41302"}],"curies":[{"name":"wp","href":"https:\/\/api.w.org\/{rel}","templated":true}]}}