{"id":41293,"date":"2015-06-30T08:04:25","date_gmt":"2015-06-30T06:34:25","guid":{"rendered":"http:\/\/eldigitaldeasturias.com\/magazine365\/?p=41293"},"modified":"2015-06-30T08:04:25","modified_gmt":"2015-06-30T06:34:25","slug":"empresarios-de-jaen-ahondan-en-unas-jornadas-en-la-calidad-y-competitividad-turisticas","status":"publish","type":"post","link":"https:\/\/eldigitaldeasturias.com\/magazine365\/empresarios-de-jaen-ahondan-en-unas-jornadas-en-la-calidad-y-competitividad-turisticas\/","title":{"rendered":"Empresarios de Ja\u00e9n ahondan en unas jornadas en la calidad y competitividad tur\u00edsticas"},"content":{"rendered":"<p><img fetchpriority=\"high\" decoding=\"async\" class=\"alignleft size-medium wp-image-41294\" src=\"https:\/\/eldigitaldeasturias.com\/magazine365\/wp-content\/uploads\/2015\/06\/fotonoticia_20150629150811_800-360x240.jpg\" alt=\"fotonoticia_20150629150811_800\" width=\"360\" height=\"240\" srcset=\"https:\/\/eldigitaldeasturias.com\/magazine365\/wp-content\/uploads\/2015\/06\/fotonoticia_20150629150811_800-360x240.jpg 360w, https:\/\/eldigitaldeasturias.com\/magazine365\/wp-content\/uploads\/2015\/06\/fotonoticia_20150629150811_800-650x433.jpg 650w, https:\/\/eldigitaldeasturias.com\/magazine365\/wp-content\/uploads\/2015\/06\/fotonoticia_20150629150811_800-768x512.jpg 768w, https:\/\/eldigitaldeasturias.com\/magazine365\/wp-content\/uploads\/2015\/06\/fotonoticia_20150629150811_800-150x100.jpg 150w, https:\/\/eldigitaldeasturias.com\/magazine365\/wp-content\/uploads\/2015\/06\/fotonoticia_20150629150811_800-450x300.jpg 450w, https:\/\/eldigitaldeasturias.com\/magazine365\/wp-content\/uploads\/2015\/06\/fotonoticia_20150629150811_800-696x464.jpg 696w, https:\/\/eldigitaldeasturias.com\/magazine365\/wp-content\/uploads\/2015\/06\/fotonoticia_20150629150811_800-630x420.jpg 630w, https:\/\/eldigitaldeasturias.com\/magazine365\/wp-content\/uploads\/2015\/06\/fotonoticia_20150629150811_800-84x55.jpg 84w, https:\/\/eldigitaldeasturias.com\/magazine365\/wp-content\/uploads\/2015\/06\/fotonoticia_20150629150811_800.jpg 800w\" sizes=\"(max-width: 360px) 100vw, 360px\" \/>Una treintena de empresarios del sector tur\u00edstico de la Comarca Norte de Ja\u00e9n participa en las &#8216;Jornadas profesionales: Calidad y competitividad tur\u00edsticas&#8217; en Ba\u00f1os de la Encina, organizadas por la Asociaci\u00f3n Red de Conjuntos Hist\u00f3ricos y de Arquitectura Popular de Andaluc\u00eda en colaboraci\u00f3n con Adnor, la asociaci\u00f3n para el desarrollo de esta zona.<\/p>\n<p>El delegado territorial de Fomento, Vivienda, Turismo y Comercio, Rafael Valdivielso, junto al alcalde de Ba\u00f1os de la Encina, Antonio Las Heras, y el presidente de Adnor, Antonio Almaz\u00e1n, ha participado este lunes en el acto inaugural, donde ha puesto de relieve la importancia de apostar por la calidad y la innovaci\u00f3n en los destinos tur\u00edsticos para afianzarse en el sector.<\/p>\n<p>\u00abDesde la Junta de Andaluc\u00eda constituye una prioridad fomentar esta pol\u00edtica, de ah\u00ed que pongamos sobre la mesa herramientas que contribuyan a impulsar esta actividad que tanto potencial tiene en nuestra provincia\u00bb, ha puesto de relieve Valdivielso.<\/p>\n<p>En este sentido, ha se\u00f1alado, como ejemplo, el impulso a la Iniciativa de Turismo Sostenible (ITS) Paisajes Mineros de Ja\u00e9n, que en su primer Plan de Acci\u00f3n cont\u00f3 con un respaldo de la Junta de 535.000 euros, mientras que para el segundo se contempla una aportaci\u00f3n auton\u00f3mica de 394.200 a Adnor, como entidad promotora, ascendiendo la inversi\u00f3n aprobada de los diferentes proyectos a 674.500 euros. El \u00e1mbito territorial es Ba\u00f1os de la Encina, Guarrom\u00e1n y La Carolina.<\/p>\n<p>\u00abCon la puesta en marcha de esta ITS, se pretende dar valor a las explotaciones y poblados mineros repartidos por la Sierra Morena jiennense. Se trata de recursos con un gran valor intr\u00ednseco representativos de un momento crucial de la historia, que a su vez son susceptibles de aprovechamiento tur\u00edstico por su valor simb\u00f3lico, hist\u00f3rico y paisaj\u00edstico\u00bb, ha enfatizado el delegado.<\/p>\n<p>Otro de los productos tur\u00edsticos de los que se beneficiaron localidades de la comarca fue la Iniciativa de Ciudades Tur\u00edsticas &#8216;Conjuntos Hist\u00f3ricos de Andaluc\u00eda. Tesoros de Interior. \u00a1Despierta tus sentidos!&#8217;, que inclu\u00eda a las provincias de Ja\u00e9n, Almer\u00eda, C\u00f3rdoba, Huelva y Granada. La subvenci\u00f3n de la Junta para todo el \u00e1mbito territorial ascendi\u00f3 a 2,8 millones de euros.<\/p>\n<p>FIDELIZACI\u00d3N<\/p>\n<p>Igualmente, Valdivielso ha aludido al sello de distinci\u00f3n que supone el distintivo Compromiso de Calidad Tur\u00edstica Sicted (Sistema de Calidad Tur\u00edstica en Destinos). \u00abConstituye un aval para las empresas y servicios tur\u00edsticos, ya que significa que cumplen con unos est\u00e1ndares que mejoran la oferta tur\u00edstica y proporcionan al cliente una mayor seguridad y calidad en el servicio recibido\u00bb, ha asegurado el delegado, que ha insistido en que \u00abes una buena herramienta para incrementar la competitividad tur\u00edstica de los destinos, fomentando la fidelizaci\u00f3n de los visitantes\u00bb.<\/p>\n<p>Actualmente, la provincia de Ja\u00e9n cuenta con seis destinos tur\u00edsticos dentro de este marchamo de calidad: Alcal\u00e1 la Real, la Sierra Sur, \u00dabeda y Baeza, Comarca Norte-Paisajes Mineros de Ja\u00e9n, Sierras de Cazorla, Segura y las Villas y Linares. A ello se suma uno m\u00e1s (Red Patrimonia), donde participa conjuntamente con otras provincias andaluzas. En Ja\u00e9n, los municipios incluidos son Arquillos, Montiz\u00f3n y Vilches.<\/p>\n","protected":false},"excerpt":{"rendered":"<p>Una treintena de empresarios del sector tur\u00edstico de la Comarca Norte de Ja\u00e9n participa en las &#8216;Jornadas profesionales: Calidad y competitividad tur\u00edsticas&#8217; en Ba\u00f1os de la Encina, organizadas por la Asociaci\u00f3n Red de Conjuntos Hist\u00f3ricos y de Arquitectura Popular de Andaluc\u00eda en colaboraci\u00f3n con Adnor, la asociaci\u00f3n para el desarrollo de esta zona. El delegado<\/p>\n","protected":false},"author":1,"featured_media":41294,"comment_status":"open","ping_status":"closed","sticky":false,"template":"","format":"standard","meta":{"footnotes":""},"categories":[222],"tags":[],"class_list":{"0":"post-41293","1":"post","2":"type-post","3":"status-publish","4":"format-standard","5":"has-post-thumbnail","7":"category-actualidad-turismo"},"aioseo_notices":[],"aioseo_head":"\n\t\t<!-- All in One SEO Pro 4.9.6.1 - aioseo.com -->\n\t<meta name=\"description\" content=\"Una treintena de empresarios del sector tur\u00edstico de la Comarca Norte de Ja\u00e9n participa en las &#039;Jornadas profesionales: Calidad y competitividad tur\u00edsticas&#039; en Ba\u00f1os de la Encina, organizadas por la Asociaci\u00f3n Red de Conjuntos Hist\u00f3ricos y de Arquitectura Popular de Andaluc\u00eda en colaboraci\u00f3n con Adnor, la asociaci\u00f3n para el desarrollo de esta zona. El delegado\" \/>\n\t<meta name=\"robots\" content=\"max-image-preview:large\" \/>\n\t<meta name=\"author\" content=\"admin\"\/>\n\t<meta name=\"google-site-verification\" content=\"UA-38556648-1\" \/>\n\t<meta name=\"keywords\" content=\"actualidad turismo\" \/>\n\t<link rel=\"canonical\" href=\"https:\/\/eldigitaldeasturias.com\/magazine365\/empresarios-de-jaen-ahondan-en-unas-jornadas-en-la-calidad-y-competitividad-turisticas\/\" \/>\n\t<meta name=\"generator\" content=\"All in One SEO Pro (AIOSEO) 4.9.6.1\" \/>\n\t\t<meta property=\"og:locale\" content=\"es_ES\" \/>\n\t\t<meta property=\"og:site_name\" content=\"El Digital de Asturias \u2013 Revista de ocio, turismo y estilo de vida\" \/>\n\t\t<meta property=\"og:type\" content=\"article\" \/>\n\t\t<meta property=\"og:title\" content=\"Empresarios de Ja\u00e9n ahondan en unas jornadas en la calidad y competitividad tur\u00edsticas | El Digital de Asturias\" \/>\n\t\t<meta property=\"og:description\" content=\"Una treintena de empresarios del sector tur\u00edstico de la Comarca Norte de Ja\u00e9n participa en las &#039;Jornadas profesionales: Calidad y competitividad tur\u00edsticas&#039; en Ba\u00f1os de la Encina, organizadas por la Asociaci\u00f3n Red de Conjuntos Hist\u00f3ricos y de Arquitectura Popular de Andaluc\u00eda en colaboraci\u00f3n con Adnor, la asociaci\u00f3n para el desarrollo de esta zona. El delegado\" \/>\n\t\t<meta property=\"og:url\" content=\"https:\/\/eldigitaldeasturias.com\/magazine365\/empresarios-de-jaen-ahondan-en-unas-jornadas-en-la-calidad-y-competitividad-turisticas\/\" \/>\n\t\t<meta property=\"og:image\" content=\"https:\/\/eldigitaldeasturias.com\/magazine365\/wp-content\/uploads\/2015\/06\/fotonoticia_20150629150811_800.jpg\" \/>\n\t\t<meta property=\"og:image:secure_url\" content=\"https:\/\/eldigitaldeasturias.com\/magazine365\/wp-content\/uploads\/2015\/06\/fotonoticia_20150629150811_800.jpg\" \/>\n\t\t<meta property=\"og:image:width\" content=\"800\" \/>\n\t\t<meta property=\"og:image:height\" content=\"533\" \/>\n\t\t<meta property=\"article:published_time\" content=\"2015-06-30T06:34:25+00:00\" \/>\n\t\t<meta property=\"article:modified_time\" content=\"2015-06-30T06:34:25+00:00\" \/>\n\t\t<meta name=\"twitter:card\" content=\"summary_large_image\" \/>\n\t\t<meta name=\"twitter:title\" content=\"Empresarios de Ja\u00e9n ahondan en unas jornadas en la calidad y competitividad tur\u00edsticas | El Digital de Asturias\" \/>\n\t\t<meta name=\"twitter:description\" content=\"Una treintena de empresarios del sector tur\u00edstico de la Comarca Norte de Ja\u00e9n participa en las &#039;Jornadas profesionales: Calidad y competitividad tur\u00edsticas&#039; en Ba\u00f1os de la Encina, organizadas por la Asociaci\u00f3n Red de Conjuntos Hist\u00f3ricos y de Arquitectura Popular de Andaluc\u00eda en colaboraci\u00f3n con Adnor, la asociaci\u00f3n para el desarrollo de esta zona. El delegado\" \/>\n\t\t<meta name=\"twitter:image\" content=\"https:\/\/eldigitaldeasturias.com\/magazine365\/wp-content\/uploads\/2015\/06\/fotonoticia_20150629150811_800.jpg\" \/>\n\t\t<script type=\"application\/ld+json\" class=\"aioseo-schema\">\n\t\t\t{\"@context\":\"https:\\\/\\\/schema.org\",\"@graph\":[{\"@type\":\"Article\",\"@id\":\"https:\\\/\\\/eldigitaldeasturias.com\\\/magazine365\\\/empresarios-de-jaen-ahondan-en-unas-jornadas-en-la-calidad-y-competitividad-turisticas\\\/#article\",\"name\":\"Empresarios de Ja\\u00e9n ahondan en unas jornadas en la calidad y competitividad tur\\u00edsticas | El Digital de Asturias\",\"headline\":\"Empresarios de Ja\\u00e9n ahondan en unas jornadas en la calidad y competitividad tur\\u00edsticas\",\"author\":{\"@id\":\"https:\\\/\\\/eldigitaldeasturias.com\\\/magazine365\\\/author\\\/admin\\\/#author\"},\"publisher\":{\"@id\":\"https:\\\/\\\/eldigitaldeasturias.com\\\/magazine365\\\/#organization\"},\"image\":{\"@type\":\"ImageObject\",\"url\":\"https:\\\/\\\/eldigitaldeasturias.com\\\/magazine365\\\/wp-content\\\/uploads\\\/2015\\\/06\\\/fotonoticia_20150629150811_800.jpg\",\"width\":800,\"height\":533},\"datePublished\":\"2015-06-30T08:04:25+02:00\",\"dateModified\":\"2015-06-30T08:04:25+02:00\",\"inLanguage\":\"es-ES\",\"mainEntityOfPage\":{\"@id\":\"https:\\\/\\\/eldigitaldeasturias.com\\\/magazine365\\\/empresarios-de-jaen-ahondan-en-unas-jornadas-en-la-calidad-y-competitividad-turisticas\\\/#webpage\"},\"isPartOf\":{\"@id\":\"https:\\\/\\\/eldigitaldeasturias.com\\\/magazine365\\\/empresarios-de-jaen-ahondan-en-unas-jornadas-en-la-calidad-y-competitividad-turisticas\\\/#webpage\"},\"articleSection\":\"Actualidad Turismo\"},{\"@type\":\"BreadcrumbList\",\"@id\":\"https:\\\/\\\/eldigitaldeasturias.com\\\/magazine365\\\/empresarios-de-jaen-ahondan-en-unas-jornadas-en-la-calidad-y-competitividad-turisticas\\\/#breadcrumblist\",\"itemListElement\":[{\"@type\":\"ListItem\",\"@id\":\"https:\\\/\\\/eldigitaldeasturias.com\\\/magazine365#listItem\",\"position\":1,\"name\":\"Home\",\"item\":\"https:\\\/\\\/eldigitaldeasturias.com\\\/magazine365\",\"nextItem\":{\"@type\":\"ListItem\",\"@id\":\"https:\\\/\\\/eldigitaldeasturias.com\\\/magazine365\\\/category\\\/actualidad-turismo\\\/#listItem\",\"name\":\"Actualidad Turismo\"}},{\"@type\":\"ListItem\",\"@id\":\"https:\\\/\\\/eldigitaldeasturias.com\\\/magazine365\\\/category\\\/actualidad-turismo\\\/#listItem\",\"position\":2,\"name\":\"Actualidad Turismo\",\"item\":\"https:\\\/\\\/eldigitaldeasturias.com\\\/magazine365\\\/category\\\/actualidad-turismo\\\/\",\"nextItem\":{\"@type\":\"ListItem\",\"@id\":\"https:\\\/\\\/eldigitaldeasturias.com\\\/magazine365\\\/empresarios-de-jaen-ahondan-en-unas-jornadas-en-la-calidad-y-competitividad-turisticas\\\/#listItem\",\"name\":\"Empresarios de Ja\\u00e9n ahondan en unas jornadas en la calidad y competitividad tur\\u00edsticas\"},\"previousItem\":{\"@type\":\"ListItem\",\"@id\":\"https:\\\/\\\/eldigitaldeasturias.com\\\/magazine365#listItem\",\"name\":\"Home\"}},{\"@type\":\"ListItem\",\"@id\":\"https:\\\/\\\/eldigitaldeasturias.com\\\/magazine365\\\/empresarios-de-jaen-ahondan-en-unas-jornadas-en-la-calidad-y-competitividad-turisticas\\\/#listItem\",\"position\":3,\"name\":\"Empresarios de Ja\\u00e9n ahondan en unas jornadas en la calidad y competitividad tur\\u00edsticas\",\"previousItem\":{\"@type\":\"ListItem\",\"@id\":\"https:\\\/\\\/eldigitaldeasturias.com\\\/magazine365\\\/category\\\/actualidad-turismo\\\/#listItem\",\"name\":\"Actualidad Turismo\"}}]},{\"@type\":\"Organization\",\"@id\":\"https:\\\/\\\/eldigitaldeasturias.com\\\/magazine365\\\/#organization\",\"name\":\"El digital de Asturias\",\"description\":\"Revista de ocio, turismo y estilo de vida\",\"url\":\"https:\\\/\\\/eldigitaldeasturias.com\\\/magazine365\\\/\",\"logo\":{\"@type\":\"ImageObject\",\"url\":\"https:\\\/\\\/www.eldigitaldeasturias.com\\\/noticias\\\/wp-content\\\/uploads\\\/2020\\\/12\\\/EDA.jpg\",\"@id\":\"https:\\\/\\\/eldigitaldeasturias.com\\\/magazine365\\\/empresarios-de-jaen-ahondan-en-unas-jornadas-en-la-calidad-y-competitividad-turisticas\\\/#organizationLogo\"},\"image\":{\"@id\":\"https:\\\/\\\/eldigitaldeasturias.com\\\/magazine365\\\/empresarios-de-jaen-ahondan-en-unas-jornadas-en-la-calidad-y-competitividad-turisticas\\\/#organizationLogo\"}},{\"@type\":\"Person\",\"@id\":\"https:\\\/\\\/eldigitaldeasturias.com\\\/magazine365\\\/author\\\/admin\\\/#author\",\"url\":\"https:\\\/\\\/eldigitaldeasturias.com\\\/magazine365\\\/author\\\/admin\\\/\",\"name\":\"admin\",\"image\":{\"@type\":\"ImageObject\",\"@id\":\"https:\\\/\\\/eldigitaldeasturias.com\\\/magazine365\\\/empresarios-de-jaen-ahondan-en-unas-jornadas-en-la-calidad-y-competitividad-turisticas\\\/#authorImage\",\"url\":\"https:\\\/\\\/eldigitaldeasturias.com\\\/magazine365\\\/wp-content\\\/litespeed\\\/avatar\\\/e571bcf59a0edd6fa6838245a470f2fe.jpg?ver=1777574230\",\"width\":96,\"height\":96,\"caption\":\"admin\"}},{\"@type\":\"WebPage\",\"@id\":\"https:\\\/\\\/eldigitaldeasturias.com\\\/magazine365\\\/empresarios-de-jaen-ahondan-en-unas-jornadas-en-la-calidad-y-competitividad-turisticas\\\/#webpage\",\"url\":\"https:\\\/\\\/eldigitaldeasturias.com\\\/magazine365\\\/empresarios-de-jaen-ahondan-en-unas-jornadas-en-la-calidad-y-competitividad-turisticas\\\/\",\"name\":\"Empresarios de Ja\\u00e9n ahondan en unas jornadas en la calidad y competitividad tur\\u00edsticas | El Digital de Asturias\",\"description\":\"Una treintena de empresarios del sector tur\\u00edstico de la Comarca Norte de Ja\\u00e9n participa en las 'Jornadas profesionales: Calidad y competitividad tur\\u00edsticas' en Ba\\u00f1os de la Encina, organizadas por la Asociaci\\u00f3n Red de Conjuntos Hist\\u00f3ricos y de Arquitectura Popular de Andaluc\\u00eda en colaboraci\\u00f3n con Adnor, la asociaci\\u00f3n para el desarrollo de esta zona. El delegado\",\"inLanguage\":\"es-ES\",\"isPartOf\":{\"@id\":\"https:\\\/\\\/eldigitaldeasturias.com\\\/magazine365\\\/#website\"},\"breadcrumb\":{\"@id\":\"https:\\\/\\\/eldigitaldeasturias.com\\\/magazine365\\\/empresarios-de-jaen-ahondan-en-unas-jornadas-en-la-calidad-y-competitividad-turisticas\\\/#breadcrumblist\"},\"author\":{\"@id\":\"https:\\\/\\\/eldigitaldeasturias.com\\\/magazine365\\\/author\\\/admin\\\/#author\"},\"creator\":{\"@id\":\"https:\\\/\\\/eldigitaldeasturias.com\\\/magazine365\\\/author\\\/admin\\\/#author\"},\"image\":{\"@type\":\"ImageObject\",\"url\":\"https:\\\/\\\/eldigitaldeasturias.com\\\/magazine365\\\/wp-content\\\/uploads\\\/2015\\\/06\\\/fotonoticia_20150629150811_800.jpg\",\"@id\":\"https:\\\/\\\/eldigitaldeasturias.com\\\/magazine365\\\/empresarios-de-jaen-ahondan-en-unas-jornadas-en-la-calidad-y-competitividad-turisticas\\\/#mainImage\",\"width\":800,\"height\":533},\"primaryImageOfPage\":{\"@id\":\"https:\\\/\\\/eldigitaldeasturias.com\\\/magazine365\\\/empresarios-de-jaen-ahondan-en-unas-jornadas-en-la-calidad-y-competitividad-turisticas\\\/#mainImage\"},\"datePublished\":\"2015-06-30T08:04:25+02:00\",\"dateModified\":\"2015-06-30T08:04:25+02:00\"},{\"@type\":\"WebSite\",\"@id\":\"https:\\\/\\\/eldigitaldeasturias.com\\\/magazine365\\\/#website\",\"url\":\"https:\\\/\\\/eldigitaldeasturias.com\\\/magazine365\\\/\",\"name\":\"El Digital de Asturias\",\"description\":\"Revista de ocio, turismo y estilo de vida\",\"inLanguage\":\"es-ES\",\"publisher\":{\"@id\":\"https:\\\/\\\/eldigitaldeasturias.com\\\/magazine365\\\/#organization\"}}]}\n\t\t<\/script>\n\t\t<!-- All in One SEO Pro -->\r\n\t\t<title>Empresarios de Ja\u00e9n ahondan en unas jornadas en la calidad y competitividad tur\u00edsticas | El Digital de Asturias<\/title>\n\n","aioseo_head_json":{"title":"Empresarios de Ja\u00e9n ahondan en unas jornadas en la calidad y competitividad tur\u00edsticas | El Digital de Asturias","description":"Una treintena de empresarios del sector tur\u00edstico de la Comarca Norte de Ja\u00e9n participa en las 'Jornadas profesionales: Calidad y competitividad tur\u00edsticas' en Ba\u00f1os de la Encina, organizadas por la Asociaci\u00f3n Red de Conjuntos Hist\u00f3ricos y de Arquitectura Popular de Andaluc\u00eda en colaboraci\u00f3n con Adnor, la asociaci\u00f3n para el desarrollo de esta zona. El delegado","canonical_url":"https:\/\/eldigitaldeasturias.com\/magazine365\/empresarios-de-jaen-ahondan-en-unas-jornadas-en-la-calidad-y-competitividad-turisticas\/","robots":"max-image-preview:large","keywords":"actualidad turismo","webmasterTools":{"google-site-verification":"UA-38556648-1","miscellaneous":""},"schema":{"@context":"https:\/\/schema.org","@graph":[{"@type":"Article","@id":"https:\/\/eldigitaldeasturias.com\/magazine365\/empresarios-de-jaen-ahondan-en-unas-jornadas-en-la-calidad-y-competitividad-turisticas\/#article","name":"Empresarios de Ja\u00e9n ahondan en unas jornadas en la calidad y competitividad tur\u00edsticas | El Digital de Asturias","headline":"Empresarios de Ja\u00e9n ahondan en unas jornadas en la calidad y competitividad tur\u00edsticas","author":{"@id":"https:\/\/eldigitaldeasturias.com\/magazine365\/author\/admin\/#author"},"publisher":{"@id":"https:\/\/eldigitaldeasturias.com\/magazine365\/#organization"},"image":{"@type":"ImageObject","url":"https:\/\/eldigitaldeasturias.com\/magazine365\/wp-content\/uploads\/2015\/06\/fotonoticia_20150629150811_800.jpg","width":800,"height":533},"datePublished":"2015-06-30T08:04:25+02:00","dateModified":"2015-06-30T08:04:25+02:00","inLanguage":"es-ES","mainEntityOfPage":{"@id":"https:\/\/eldigitaldeasturias.com\/magazine365\/empresarios-de-jaen-ahondan-en-unas-jornadas-en-la-calidad-y-competitividad-turisticas\/#webpage"},"isPartOf":{"@id":"https:\/\/eldigitaldeasturias.com\/magazine365\/empresarios-de-jaen-ahondan-en-unas-jornadas-en-la-calidad-y-competitividad-turisticas\/#webpage"},"articleSection":"Actualidad Turismo"},{"@type":"BreadcrumbList","@id":"https:\/\/eldigitaldeasturias.com\/magazine365\/empresarios-de-jaen-ahondan-en-unas-jornadas-en-la-calidad-y-competitividad-turisticas\/#breadcrumblist","itemListElement":[{"@type":"ListItem","@id":"https:\/\/eldigitaldeasturias.com\/magazine365#listItem","position":1,"name":"Home","item":"https:\/\/eldigitaldeasturias.com\/magazine365","nextItem":{"@type":"ListItem","@id":"https:\/\/eldigitaldeasturias.com\/magazine365\/category\/actualidad-turismo\/#listItem","name":"Actualidad Turismo"}},{"@type":"ListItem","@id":"https:\/\/eldigitaldeasturias.com\/magazine365\/category\/actualidad-turismo\/#listItem","position":2,"name":"Actualidad Turismo","item":"https:\/\/eldigitaldeasturias.com\/magazine365\/category\/actualidad-turismo\/","nextItem":{"@type":"ListItem","@id":"https:\/\/eldigitaldeasturias.com\/magazine365\/empresarios-de-jaen-ahondan-en-unas-jornadas-en-la-calidad-y-competitividad-turisticas\/#listItem","name":"Empresarios de Ja\u00e9n ahondan en unas jornadas en la calidad y competitividad tur\u00edsticas"},"previousItem":{"@type":"ListItem","@id":"https:\/\/eldigitaldeasturias.com\/magazine365#listItem","name":"Home"}},{"@type":"ListItem","@id":"https:\/\/eldigitaldeasturias.com\/magazine365\/empresarios-de-jaen-ahondan-en-unas-jornadas-en-la-calidad-y-competitividad-turisticas\/#listItem","position":3,"name":"Empresarios de Ja\u00e9n ahondan en unas jornadas en la calidad y competitividad tur\u00edsticas","previousItem":{"@type":"ListItem","@id":"https:\/\/eldigitaldeasturias.com\/magazine365\/category\/actualidad-turismo\/#listItem","name":"Actualidad Turismo"}}]},{"@type":"Organization","@id":"https:\/\/eldigitaldeasturias.com\/magazine365\/#organization","name":"El digital de Asturias","description":"Revista de ocio, turismo y estilo de vida","url":"https:\/\/eldigitaldeasturias.com\/magazine365\/","logo":{"@type":"ImageObject","url":"https:\/\/www.eldigitaldeasturias.com\/noticias\/wp-content\/uploads\/2020\/12\/EDA.jpg","@id":"https:\/\/eldigitaldeasturias.com\/magazine365\/empresarios-de-jaen-ahondan-en-unas-jornadas-en-la-calidad-y-competitividad-turisticas\/#organizationLogo"},"image":{"@id":"https:\/\/eldigitaldeasturias.com\/magazine365\/empresarios-de-jaen-ahondan-en-unas-jornadas-en-la-calidad-y-competitividad-turisticas\/#organizationLogo"}},{"@type":"Person","@id":"https:\/\/eldigitaldeasturias.com\/magazine365\/author\/admin\/#author","url":"https:\/\/eldigitaldeasturias.com\/magazine365\/author\/admin\/","name":"admin","image":{"@type":"ImageObject","@id":"https:\/\/eldigitaldeasturias.com\/magazine365\/empresarios-de-jaen-ahondan-en-unas-jornadas-en-la-calidad-y-competitividad-turisticas\/#authorImage","url":"https:\/\/eldigitaldeasturias.com\/magazine365\/wp-content\/litespeed\/avatar\/e571bcf59a0edd6fa6838245a470f2fe.jpg?ver=1777574230","width":96,"height":96,"caption":"admin"}},{"@type":"WebPage","@id":"https:\/\/eldigitaldeasturias.com\/magazine365\/empresarios-de-jaen-ahondan-en-unas-jornadas-en-la-calidad-y-competitividad-turisticas\/#webpage","url":"https:\/\/eldigitaldeasturias.com\/magazine365\/empresarios-de-jaen-ahondan-en-unas-jornadas-en-la-calidad-y-competitividad-turisticas\/","name":"Empresarios de Ja\u00e9n ahondan en unas jornadas en la calidad y competitividad tur\u00edsticas | El Digital de Asturias","description":"Una treintena de empresarios del sector tur\u00edstico de la Comarca Norte de Ja\u00e9n participa en las 'Jornadas profesionales: Calidad y competitividad tur\u00edsticas' en Ba\u00f1os de la Encina, organizadas por la Asociaci\u00f3n Red de Conjuntos Hist\u00f3ricos y de Arquitectura Popular de Andaluc\u00eda en colaboraci\u00f3n con Adnor, la asociaci\u00f3n para el desarrollo de esta zona. El delegado","inLanguage":"es-ES","isPartOf":{"@id":"https:\/\/eldigitaldeasturias.com\/magazine365\/#website"},"breadcrumb":{"@id":"https:\/\/eldigitaldeasturias.com\/magazine365\/empresarios-de-jaen-ahondan-en-unas-jornadas-en-la-calidad-y-competitividad-turisticas\/#breadcrumblist"},"author":{"@id":"https:\/\/eldigitaldeasturias.com\/magazine365\/author\/admin\/#author"},"creator":{"@id":"https:\/\/eldigitaldeasturias.com\/magazine365\/author\/admin\/#author"},"image":{"@type":"ImageObject","url":"https:\/\/eldigitaldeasturias.com\/magazine365\/wp-content\/uploads\/2015\/06\/fotonoticia_20150629150811_800.jpg","@id":"https:\/\/eldigitaldeasturias.com\/magazine365\/empresarios-de-jaen-ahondan-en-unas-jornadas-en-la-calidad-y-competitividad-turisticas\/#mainImage","width":800,"height":533},"primaryImageOfPage":{"@id":"https:\/\/eldigitaldeasturias.com\/magazine365\/empresarios-de-jaen-ahondan-en-unas-jornadas-en-la-calidad-y-competitividad-turisticas\/#mainImage"},"datePublished":"2015-06-30T08:04:25+02:00","dateModified":"2015-06-30T08:04:25+02:00"},{"@type":"WebSite","@id":"https:\/\/eldigitaldeasturias.com\/magazine365\/#website","url":"https:\/\/eldigitaldeasturias.com\/magazine365\/","name":"El Digital de Asturias","description":"Revista de ocio, turismo y estilo de vida","inLanguage":"es-ES","publisher":{"@id":"https:\/\/eldigitaldeasturias.com\/magazine365\/#organization"}}]},"og:locale":"es_ES","og:site_name":"El Digital de Asturias \u2013 Revista de ocio, turismo y estilo de vida","og:type":"article","og:title":"Empresarios de Ja\u00e9n ahondan en unas jornadas en la calidad y competitividad tur\u00edsticas | El Digital de Asturias","og:description":"Una treintena de empresarios del sector tur\u00edstico de la Comarca Norte de Ja\u00e9n participa en las 'Jornadas profesionales: Calidad y competitividad tur\u00edsticas' en Ba\u00f1os de la Encina, organizadas por la Asociaci\u00f3n Red de Conjuntos Hist\u00f3ricos y de Arquitectura Popular de Andaluc\u00eda en colaboraci\u00f3n con Adnor, la asociaci\u00f3n para el desarrollo de esta zona. El delegado","og:url":"https:\/\/eldigitaldeasturias.com\/magazine365\/empresarios-de-jaen-ahondan-en-unas-jornadas-en-la-calidad-y-competitividad-turisticas\/","og:image":"https:\/\/eldigitaldeasturias.com\/magazine365\/wp-content\/uploads\/2015\/06\/fotonoticia_20150629150811_800.jpg","og:image:secure_url":"https:\/\/eldigitaldeasturias.com\/magazine365\/wp-content\/uploads\/2015\/06\/fotonoticia_20150629150811_800.jpg","og:image:width":800,"og:image:height":533,"article:published_time":"2015-06-30T06:34:25+00:00","article:modified_time":"2015-06-30T06:34:25+00:00","twitter:card":"summary_large_image","twitter:title":"Empresarios de Ja\u00e9n ahondan en unas jornadas en la calidad y competitividad tur\u00edsticas | El Digital de Asturias","twitter:description":"Una treintena de empresarios del sector tur\u00edstico de la Comarca Norte de Ja\u00e9n participa en las 'Jornadas profesionales: Calidad y competitividad tur\u00edsticas' en Ba\u00f1os de la Encina, organizadas por la Asociaci\u00f3n Red de Conjuntos Hist\u00f3ricos y de Arquitectura Popular de Andaluc\u00eda en colaboraci\u00f3n con Adnor, la asociaci\u00f3n para el desarrollo de esta zona. El delegado","twitter:image":"https:\/\/eldigitaldeasturias.com\/magazine365\/wp-content\/uploads\/2015\/06\/fotonoticia_20150629150811_800.jpg"},"aioseo_meta_data":{"post_id":"41293","title":null,"description":null,"keywords":null,"keyphrases":null,"primary_term":null,"canonical_url":null,"og_title":null,"og_description":null,"og_object_type":"default","og_image_type":"default","og_image_url":null,"og_image_width":null,"og_image_height":null,"og_image_custom_url":null,"og_image_custom_fields":null,"og_video":null,"og_custom_url":null,"og_article_section":null,"og_article_tags":null,"twitter_use_og":false,"twitter_card":"default","twitter_image_type":"default","twitter_image_url":null,"twitter_image_custom_url":null,"twitter_image_custom_fields":null,"twitter_title":null,"twitter_description":null,"schema":{"blockGraphs":[],"customGraphs":[],"default":{"data":{"Article":[],"Course":[],"Dataset":[],"FAQPage":[],"Movie":[],"Person":[],"Product":[],"ProductReview":[],"Car":[],"Recipe":[],"Service":[],"SoftwareApplication":[],"WebPage":[]},"graphName":"","isEnabled":true},"graphs":[],"defaultGraph":"","defaultPostTypeGraph":""},"schema_type":null,"schema_type_options":null,"pillar_content":false,"robots_default":true,"robots_noindex":false,"robots_noarchive":false,"robots_nosnippet":false,"robots_nofollow":false,"robots_noimageindex":false,"robots_noodp":false,"robots_notranslate":false,"robots_max_snippet":null,"robots_max_videopreview":null,"robots_max_imagepreview":"large","priority":null,"frequency":null,"location":null,"local_seo":null,"seo_analyzer_scan_date":"2025-09-19 15:22:05","breadcrumb_settings":null,"limit_modified_date":false,"open_ai":null,"ai":null,"created":"2021-03-09 02:17:41","updated":"2025-09-19 15:22:05"},"aioseo_breadcrumb":"<div class=\"aioseo-breadcrumbs\"><span class=\"aioseo-breadcrumb\">\n\t<a href=\"https:\/\/eldigitaldeasturias.com\/magazine365\" title=\"Home\">Home<\/a>\n<\/span><span class=\"aioseo-breadcrumb-separator\">\u2013<\/span><span class=\"aioseo-breadcrumb\">\n\t<a href=\"https:\/\/eldigitaldeasturias.com\/magazine365\/category\/actualidad-turismo\/\" title=\"Actualidad Turismo\">Actualidad Turismo<\/a>\n<\/span><span class=\"aioseo-breadcrumb-separator\">\u2013<\/span><span class=\"aioseo-breadcrumb\">\n\t<a href=\"https:\/\/eldigitaldeasturias.com\/magazine365\/empresarios-de-jaen-ahondan-en-unas-jornadas-en-la-calidad-y-competitividad-turisticas\/\" title=\"Empresarios de Ja\u00e9n ahondan en unas jornadas en la calidad y competitividad tur\u00edsticas\">Empresarios de Ja\u00e9n ahondan en unas jornadas en la calidad y competitividad tur\u00edsticas<\/a>\n<\/span><\/div>","aioseo_breadcrumb_json":[{"label":"Home","link":"https:\/\/eldigitaldeasturias.com\/magazine365"},{"label":"Actualidad Turismo","link":"https:\/\/eldigitaldeasturias.com\/magazine365\/category\/actualidad-turismo\/"},{"label":"Empresarios de Ja\u00e9n ahondan en unas jornadas en la calidad y competitividad tur\u00edsticas","link":"https:\/\/eldigitaldeasturias.com\/magazine365\/empresarios-de-jaen-ahondan-en-unas-jornadas-en-la-calidad-y-competitividad-turisticas\/"}],"_links":{"self":[{"href":"https:\/\/eldigitaldeasturias.com\/magazine365\/wp-json\/wp\/v2\/posts\/41293","targetHints":{"allow":["GET"]}}],"collection":[{"href":"https:\/\/eldigitaldeasturias.com\/magazine365\/wp-json\/wp\/v2\/posts"}],"about":[{"href":"https:\/\/eldigitaldeasturias.com\/magazine365\/wp-json\/wp\/v2\/types\/post"}],"author":[{"embeddable":true,"href":"https:\/\/eldigitaldeasturias.com\/magazine365\/wp-json\/wp\/v2\/users\/1"}],"replies":[{"embeddable":true,"href":"https:\/\/eldigitaldeasturias.com\/magazine365\/wp-json\/wp\/v2\/comments?post=41293"}],"version-history":[{"count":0,"href":"https:\/\/eldigitaldeasturias.com\/magazine365\/wp-json\/wp\/v2\/posts\/41293\/revisions"}],"wp:featuredmedia":[{"embeddable":true,"href":"https:\/\/eldigitaldeasturias.com\/magazine365\/wp-json\/wp\/v2\/media\/41294"}],"wp:attachment":[{"href":"https:\/\/eldigitaldeasturias.com\/magazine365\/wp-json\/wp\/v2\/media?parent=41293"}],"wp:term":[{"taxonomy":"category","embeddable":true,"href":"https:\/\/eldigitaldeasturias.com\/magazine365\/wp-json\/wp\/v2\/categories?post=41293"},{"taxonomy":"post_tag","embeddable":true,"href":"https:\/\/eldigitaldeasturias.com\/magazine365\/wp-json\/wp\/v2\/tags?post=41293"}],"curies":[{"name":"wp","href":"https:\/\/api.w.org\/{rel}","templated":true}]}}