{"id":41287,"date":"2015-06-30T07:58:47","date_gmt":"2015-06-30T06:28:47","guid":{"rendered":"http:\/\/eldigitaldeasturias.com\/magazine365\/?p=41287"},"modified":"2015-06-30T07:58:47","modified_gmt":"2015-06-30T06:28:47","slug":"empresarios-de-jabugo-analizan-el-turismo-como-nueva-linea-de-negocio-para-el-iberico","status":"publish","type":"post","link":"https:\/\/eldigitaldeasturias.com\/magazine365\/empresarios-de-jabugo-analizan-el-turismo-como-nueva-linea-de-negocio-para-el-iberico\/","title":{"rendered":"Empresarios de Jabugo analizan el turismo como nueva l\u00ednea de negocio para el ib\u00e9rico"},"content":{"rendered":"<p><img fetchpriority=\"high\" decoding=\"async\" class=\"alignleft size-medium wp-image-41288\" src=\"https:\/\/eldigitaldeasturias.com\/magazine365\/wp-content\/uploads\/2015\/06\/fotonoticia_20150629142744_800-360x270.jpg\" alt=\"fotonoticia_20150629142744_800\" width=\"360\" height=\"270\" srcset=\"https:\/\/eldigitaldeasturias.com\/magazine365\/wp-content\/uploads\/2015\/06\/fotonoticia_20150629142744_800-360x270.jpg 360w, https:\/\/eldigitaldeasturias.com\/magazine365\/wp-content\/uploads\/2015\/06\/fotonoticia_20150629142744_800-650x488.jpg 650w, https:\/\/eldigitaldeasturias.com\/magazine365\/wp-content\/uploads\/2015\/06\/fotonoticia_20150629142744_800-768x576.jpg 768w, https:\/\/eldigitaldeasturias.com\/magazine365\/wp-content\/uploads\/2015\/06\/fotonoticia_20150629142744_800-150x113.jpg 150w, https:\/\/eldigitaldeasturias.com\/magazine365\/wp-content\/uploads\/2015\/06\/fotonoticia_20150629142744_800-450x338.jpg 450w, https:\/\/eldigitaldeasturias.com\/magazine365\/wp-content\/uploads\/2015\/06\/fotonoticia_20150629142744_800-80x60.jpg 80w, https:\/\/eldigitaldeasturias.com\/magazine365\/wp-content\/uploads\/2015\/06\/fotonoticia_20150629142744_800-265x198.jpg 265w, https:\/\/eldigitaldeasturias.com\/magazine365\/wp-content\/uploads\/2015\/06\/fotonoticia_20150629142744_800-696x522.jpg 696w, https:\/\/eldigitaldeasturias.com\/magazine365\/wp-content\/uploads\/2015\/06\/fotonoticia_20150629142744_800-560x420.jpg 560w, https:\/\/eldigitaldeasturias.com\/magazine365\/wp-content\/uploads\/2015\/06\/fotonoticia_20150629142744_800-90x67.jpg 90w, https:\/\/eldigitaldeasturias.com\/magazine365\/wp-content\/uploads\/2015\/06\/fotonoticia_20150629142744_800-100x75.jpg 100w, https:\/\/eldigitaldeasturias.com\/magazine365\/wp-content\/uploads\/2015\/06\/fotonoticia_20150629142744_800.jpg 800w\" sizes=\"(max-width: 360px) 100vw, 360px\" \/>El Centro de Interpretaci\u00f3n y Promoci\u00f3n del Ib\u00e9rico, ubicado en el Edificio de &#8216;El Tiro&#8217; en Jabugo (Huelva), acoge este mi\u00e9rcoles unas jornadas en las que se analizar\u00e1n los factores de competitividad en el sector tur\u00edstico y la nueva l\u00ednea de negocio basada en el turismo que se abre para el sector de Ib\u00e9rico en la Sierra de Aracena y Picos de Aroche con la puesta en marcha de la Ruta del Jabugo.<\/p>\n<p>Organizadas por la Fundaci\u00f3n Andaluc\u00eda Emprende, el Consejo Regulador de la DOP Jam\u00f3n de Huelva y la Ruta del Jabugo, esta iniciativa gira en torno al producto tur\u00edstico que se basa en la producci\u00f3n de jam\u00f3n y en el que todos los actores que intervienen en el sector ib\u00e9rico se benefician, desde las dehesas, secaderos y bodegas a hoteles, restaurantes, agencias de viaje y comercios en general, ha informado la Diputaci\u00f3n en una nota.<\/p>\n<p>El programa de las jornadas se iniciar\u00e1 a las 9,30 horas con la inauguraci\u00f3n, que contar\u00e1 con la presencia del teniente alcalde de Jabugo, Gilberto Dom\u00ednguez; el gerente del Patronato Provincial de Turismo, Jordi Mart\u00ed; el presidente de la Denominaci\u00f3n de Origen Protegida &#8216;Jam\u00f3n de Huelva&#8217;, que pr\u00f3ximamente pasar\u00e1 a denominarse &#8216;Jabugo&#8217;, Guillermo Garc\u00eda-Palacios; el representante de la Secretar\u00eda General T\u00e9cnica de la Ruta del Jabugo, Isa\u00edas P\u00e9rez, y un representante de la Fundaci\u00f3n P\u00fablica Andaluza &#8216;Andaluc\u00eda Emprende&#8217;.<\/p>\n<p>A las 10,00 horas, intervendr\u00e1 la ponente invitada, Lola G\u00f3mez Ferr\u00f3n, de la empresa almeriense Clisol Agro, que presentar\u00e1 la conferencia &#8216;C\u00f3mo atraer 10.000 turistas al a\u00f1o a mi empresa&#8217;, basada en la experiencia de la ponente como empresaria agr\u00edcola especializada en la producci\u00f3n de hortalizas y el agroturismo, en el municipio de El Ejido, que ha hecho posible la comercializaci\u00f3n con \u00e9xito de un producto tur\u00edstico completo en torno a la producci\u00f3n agr\u00edcola en los invernaderos del poniente almeriense mediante la combinaci\u00f3n de la agricultura, el turismo y el medioambiente.<\/p>\n<p>A continuaci\u00f3n, a las 11,30 horas tendr\u00e1 lugar una mesa redonda que versar\u00e1 sobre &#8216;La Ruta del Jabugo, una oportunidad de negocio&#8217;, en la que intervendr\u00e1n Javier Prieto, de la empresa de viajes de receptivos &#8216;Somos Destino Rural&#8217; y representantes de la oferta de productos como Experiencia en la Dehesa, a cargo de la Dehesa Monterrey y la Dehesa Montefr\u00edo y Experiencia en la Bodega, con representantes de las empresas Jamones Eiriz Jabugo, S.L. y Montesierra, S.A. La clausura tendr\u00e1 lugar a las 12,30 horas con la intervenci\u00f3n de Jos\u00e9 Antonio Pav\u00f3n, director general de la DOP Jam\u00f3n de Huelva.<\/p>\n<p>EXPERIENCIA DE \u00c9XITO<\/p>\n<p>A trav\u00e9s de esta jornada se pretende ofrecer otro punto de vista sobre la producci\u00f3n agr\u00edcola en el campo andaluz y sus posibilidades como un atractivo tur\u00edstico y por tanto de inter\u00e9s para el viajero.<\/p>\n<p>Con este objetivo los organizadores han invitado a la ponente Lola G\u00f3mez Ferr\u00f3n para que ofrezca sus conocimientos y su experiencia de \u00e9xito como empresaria especializada en la producci\u00f3n de hortalizas y agroturismo, en el municipio almeriense de El Ejido.<\/p>\n<p>La actividad de la empresa consiste en aunar tres pilares de la sociedad, como son la Agricultura, Turismo y Medio Ambiente, para que se puedan beneficiar rec\u00edprocamente uno del otro como fuente a\u00f1adida de riqueza.<\/p>\n<p>G\u00f3mez Ferr\u00f3n fue distinguida con la Medalla de Andaluc\u00eda en 2013 por promocionar la agricultura almeriense aunando tres pilares de la sociedad, como son la agricultura, el turismo y el medioambiente.<\/p>\n<p>VISITAS GUIADAS<\/p>\n<p>La empresaria almeriense intenta desmitificar las creencias err\u00f3neas sobre la agricultura mediterr\u00e1nea bajo pl\u00e1stico, mediante la organizaci\u00f3n de visitas guiadas en las que explica los aspectos tecnol\u00f3gicos y ambientales de sus instalaciones con la experiencia acumulada de 35 a\u00f1os.<\/p>\n<p>Clisol Agro cuenta, entre otras instalaciones, con un invernadero I+D+i, otro de producci\u00f3n en suelo tradicional enarenado y un tercero con sistema hidrop\u00f3nico, donde se producen tomates, pepinos, pimientos berenjenas y calabacines. El centro-escuela que posee la empresa recibe cada a\u00f1o la visita de varios miles de personas, entre estudiantes, profesionales y turistas.<\/p>\n<p>G\u00f3mez Ferr\u00f3n ha recibido a lo largo de su carrera profesional m\u00e1s de un docena de reconocimientos, entre los que destaca el &#8216;Premio Empresaria Andaluza del A\u00f1o&#8217;, concedido en 2004 por la Confederaci\u00f3n de Empresarios de Andaluc\u00eda; el Premio Meridiana 2003, en la modalidad &#8216;Empresas de Mujeres&#8217;, y el premio &#8216;Mejor Empresario&#8217;, otorgado en 2005 por la revista &#8216;Actualidad Econ\u00f3mica&#8217;.<\/p>\n<p>Dolores G\u00f3mez es vocal de la Confederaci\u00f3n Empresarial de la Provincia de Almer\u00eda y miembro del Pleno de la C\u00e1mara de Comercio, Industria y Navegaci\u00f3n almeriense. Tambi\u00e9n es profesora del Centro del Instituto de Investigaci\u00f3n y Formaci\u00f3n Agraria de La Mojonera (Almer\u00eda).<\/p>\n","protected":false},"excerpt":{"rendered":"<p>El Centro de Interpretaci\u00f3n y Promoci\u00f3n del Ib\u00e9rico, ubicado en el Edificio de &#8216;El Tiro&#8217; en Jabugo (Huelva), acoge este mi\u00e9rcoles unas jornadas en las que se analizar\u00e1n los factores de competitividad en el sector tur\u00edstico y la nueva l\u00ednea de negocio basada en el turismo que se abre para el sector de Ib\u00e9rico en<\/p>\n","protected":false},"author":1,"featured_media":41288,"comment_status":"open","ping_status":"closed","sticky":false,"template":"","format":"standard","meta":{"footnotes":""},"categories":[222],"tags":[],"class_list":{"0":"post-41287","1":"post","2":"type-post","3":"status-publish","4":"format-standard","5":"has-post-thumbnail","7":"category-actualidad-turismo"},"aioseo_notices":[],"aioseo_head":"\n\t\t<!-- All in One SEO Pro 4.9.6.1 - aioseo.com -->\n\t<meta name=\"description\" content=\"El Centro de Interpretaci\u00f3n y Promoci\u00f3n del Ib\u00e9rico, ubicado en el Edificio de &#039;El Tiro&#039; en Jabugo (Huelva), acoge este mi\u00e9rcoles unas jornadas en las que se analizar\u00e1n los factores de competitividad en el sector tur\u00edstico y la nueva l\u00ednea de negocio basada en el turismo que se abre para el sector de Ib\u00e9rico en\" \/>\n\t<meta name=\"robots\" content=\"max-image-preview:large\" \/>\n\t<meta name=\"author\" content=\"admin\"\/>\n\t<meta name=\"google-site-verification\" content=\"UA-38556648-1\" \/>\n\t<meta name=\"keywords\" content=\"actualidad turismo\" \/>\n\t<link rel=\"canonical\" href=\"https:\/\/eldigitaldeasturias.com\/magazine365\/empresarios-de-jabugo-analizan-el-turismo-como-nueva-linea-de-negocio-para-el-iberico\/\" \/>\n\t<meta name=\"generator\" content=\"All in One SEO Pro (AIOSEO) 4.9.6.1\" \/>\n\t\t<meta property=\"og:locale\" content=\"es_ES\" \/>\n\t\t<meta property=\"og:site_name\" content=\"El Digital de Asturias \u2013 Revista de ocio, turismo y estilo de vida\" \/>\n\t\t<meta property=\"og:type\" content=\"article\" \/>\n\t\t<meta property=\"og:title\" content=\"Empresarios de Jabugo analizan el turismo como nueva l\u00ednea de negocio para el ib\u00e9rico | El Digital de Asturias\" \/>\n\t\t<meta property=\"og:description\" content=\"El Centro de Interpretaci\u00f3n y Promoci\u00f3n del Ib\u00e9rico, ubicado en el Edificio de &#039;El Tiro&#039; en Jabugo (Huelva), acoge este mi\u00e9rcoles unas jornadas en las que se analizar\u00e1n los factores de competitividad en el sector tur\u00edstico y la nueva l\u00ednea de negocio basada en el turismo que se abre para el sector de Ib\u00e9rico en\" \/>\n\t\t<meta property=\"og:url\" content=\"https:\/\/eldigitaldeasturias.com\/magazine365\/empresarios-de-jabugo-analizan-el-turismo-como-nueva-linea-de-negocio-para-el-iberico\/\" \/>\n\t\t<meta property=\"og:image\" content=\"https:\/\/eldigitaldeasturias.com\/magazine365\/wp-content\/uploads\/2015\/06\/fotonoticia_20150629142744_800.jpg\" \/>\n\t\t<meta property=\"og:image:secure_url\" content=\"https:\/\/eldigitaldeasturias.com\/magazine365\/wp-content\/uploads\/2015\/06\/fotonoticia_20150629142744_800.jpg\" \/>\n\t\t<meta property=\"og:image:width\" content=\"800\" \/>\n\t\t<meta property=\"og:image:height\" content=\"600\" \/>\n\t\t<meta property=\"article:published_time\" content=\"2015-06-30T06:28:47+00:00\" \/>\n\t\t<meta property=\"article:modified_time\" content=\"2015-06-30T06:28:47+00:00\" \/>\n\t\t<meta name=\"twitter:card\" content=\"summary_large_image\" \/>\n\t\t<meta name=\"twitter:title\" content=\"Empresarios de Jabugo analizan el turismo como nueva l\u00ednea de negocio para el ib\u00e9rico | El Digital de Asturias\" \/>\n\t\t<meta name=\"twitter:description\" content=\"El Centro de Interpretaci\u00f3n y Promoci\u00f3n del Ib\u00e9rico, ubicado en el Edificio de &#039;El Tiro&#039; en Jabugo (Huelva), acoge este mi\u00e9rcoles unas jornadas en las que se analizar\u00e1n los factores de competitividad en el sector tur\u00edstico y la nueva l\u00ednea de negocio basada en el turismo que se abre para el sector de Ib\u00e9rico en\" \/>\n\t\t<meta name=\"twitter:image\" content=\"https:\/\/eldigitaldeasturias.com\/magazine365\/wp-content\/uploads\/2015\/06\/fotonoticia_20150629142744_800.jpg\" \/>\n\t\t<script type=\"application\/ld+json\" class=\"aioseo-schema\">\n\t\t\t{\"@context\":\"https:\\\/\\\/schema.org\",\"@graph\":[{\"@type\":\"Article\",\"@id\":\"https:\\\/\\\/eldigitaldeasturias.com\\\/magazine365\\\/empresarios-de-jabugo-analizan-el-turismo-como-nueva-linea-de-negocio-para-el-iberico\\\/#article\",\"name\":\"Empresarios de Jabugo analizan el turismo como nueva l\\u00ednea de negocio para el ib\\u00e9rico | El Digital de Asturias\",\"headline\":\"Empresarios de Jabugo analizan el turismo como nueva l\\u00ednea de negocio para el ib\\u00e9rico\",\"author\":{\"@id\":\"https:\\\/\\\/eldigitaldeasturias.com\\\/magazine365\\\/author\\\/admin\\\/#author\"},\"publisher\":{\"@id\":\"https:\\\/\\\/eldigitaldeasturias.com\\\/magazine365\\\/#organization\"},\"image\":{\"@type\":\"ImageObject\",\"url\":\"https:\\\/\\\/eldigitaldeasturias.com\\\/magazine365\\\/wp-content\\\/uploads\\\/2015\\\/06\\\/fotonoticia_20150629142744_800.jpg\",\"width\":800,\"height\":600},\"datePublished\":\"2015-06-30T07:58:47+02:00\",\"dateModified\":\"2015-06-30T07:58:47+02:00\",\"inLanguage\":\"es-ES\",\"mainEntityOfPage\":{\"@id\":\"https:\\\/\\\/eldigitaldeasturias.com\\\/magazine365\\\/empresarios-de-jabugo-analizan-el-turismo-como-nueva-linea-de-negocio-para-el-iberico\\\/#webpage\"},\"isPartOf\":{\"@id\":\"https:\\\/\\\/eldigitaldeasturias.com\\\/magazine365\\\/empresarios-de-jabugo-analizan-el-turismo-como-nueva-linea-de-negocio-para-el-iberico\\\/#webpage\"},\"articleSection\":\"Actualidad Turismo\"},{\"@type\":\"BreadcrumbList\",\"@id\":\"https:\\\/\\\/eldigitaldeasturias.com\\\/magazine365\\\/empresarios-de-jabugo-analizan-el-turismo-como-nueva-linea-de-negocio-para-el-iberico\\\/#breadcrumblist\",\"itemListElement\":[{\"@type\":\"ListItem\",\"@id\":\"https:\\\/\\\/eldigitaldeasturias.com\\\/magazine365#listItem\",\"position\":1,\"name\":\"Home\",\"item\":\"https:\\\/\\\/eldigitaldeasturias.com\\\/magazine365\",\"nextItem\":{\"@type\":\"ListItem\",\"@id\":\"https:\\\/\\\/eldigitaldeasturias.com\\\/magazine365\\\/category\\\/actualidad-turismo\\\/#listItem\",\"name\":\"Actualidad Turismo\"}},{\"@type\":\"ListItem\",\"@id\":\"https:\\\/\\\/eldigitaldeasturias.com\\\/magazine365\\\/category\\\/actualidad-turismo\\\/#listItem\",\"position\":2,\"name\":\"Actualidad Turismo\",\"item\":\"https:\\\/\\\/eldigitaldeasturias.com\\\/magazine365\\\/category\\\/actualidad-turismo\\\/\",\"nextItem\":{\"@type\":\"ListItem\",\"@id\":\"https:\\\/\\\/eldigitaldeasturias.com\\\/magazine365\\\/empresarios-de-jabugo-analizan-el-turismo-como-nueva-linea-de-negocio-para-el-iberico\\\/#listItem\",\"name\":\"Empresarios de Jabugo analizan el turismo como nueva l\\u00ednea de negocio para el ib\\u00e9rico\"},\"previousItem\":{\"@type\":\"ListItem\",\"@id\":\"https:\\\/\\\/eldigitaldeasturias.com\\\/magazine365#listItem\",\"name\":\"Home\"}},{\"@type\":\"ListItem\",\"@id\":\"https:\\\/\\\/eldigitaldeasturias.com\\\/magazine365\\\/empresarios-de-jabugo-analizan-el-turismo-como-nueva-linea-de-negocio-para-el-iberico\\\/#listItem\",\"position\":3,\"name\":\"Empresarios de Jabugo analizan el turismo como nueva l\\u00ednea de negocio para el ib\\u00e9rico\",\"previousItem\":{\"@type\":\"ListItem\",\"@id\":\"https:\\\/\\\/eldigitaldeasturias.com\\\/magazine365\\\/category\\\/actualidad-turismo\\\/#listItem\",\"name\":\"Actualidad Turismo\"}}]},{\"@type\":\"Organization\",\"@id\":\"https:\\\/\\\/eldigitaldeasturias.com\\\/magazine365\\\/#organization\",\"name\":\"El digital de Asturias\",\"description\":\"Revista de ocio, turismo y estilo de vida\",\"url\":\"https:\\\/\\\/eldigitaldeasturias.com\\\/magazine365\\\/\",\"logo\":{\"@type\":\"ImageObject\",\"url\":\"https:\\\/\\\/www.eldigitaldeasturias.com\\\/noticias\\\/wp-content\\\/uploads\\\/2020\\\/12\\\/EDA.jpg\",\"@id\":\"https:\\\/\\\/eldigitaldeasturias.com\\\/magazine365\\\/empresarios-de-jabugo-analizan-el-turismo-como-nueva-linea-de-negocio-para-el-iberico\\\/#organizationLogo\"},\"image\":{\"@id\":\"https:\\\/\\\/eldigitaldeasturias.com\\\/magazine365\\\/empresarios-de-jabugo-analizan-el-turismo-como-nueva-linea-de-negocio-para-el-iberico\\\/#organizationLogo\"}},{\"@type\":\"Person\",\"@id\":\"https:\\\/\\\/eldigitaldeasturias.com\\\/magazine365\\\/author\\\/admin\\\/#author\",\"url\":\"https:\\\/\\\/eldigitaldeasturias.com\\\/magazine365\\\/author\\\/admin\\\/\",\"name\":\"admin\",\"image\":{\"@type\":\"ImageObject\",\"@id\":\"https:\\\/\\\/eldigitaldeasturias.com\\\/magazine365\\\/empresarios-de-jabugo-analizan-el-turismo-como-nueva-linea-de-negocio-para-el-iberico\\\/#authorImage\",\"url\":\"https:\\\/\\\/eldigitaldeasturias.com\\\/magazine365\\\/wp-content\\\/litespeed\\\/avatar\\\/e571bcf59a0edd6fa6838245a470f2fe.jpg?ver=1777574230\",\"width\":96,\"height\":96,\"caption\":\"admin\"}},{\"@type\":\"WebPage\",\"@id\":\"https:\\\/\\\/eldigitaldeasturias.com\\\/magazine365\\\/empresarios-de-jabugo-analizan-el-turismo-como-nueva-linea-de-negocio-para-el-iberico\\\/#webpage\",\"url\":\"https:\\\/\\\/eldigitaldeasturias.com\\\/magazine365\\\/empresarios-de-jabugo-analizan-el-turismo-como-nueva-linea-de-negocio-para-el-iberico\\\/\",\"name\":\"Empresarios de Jabugo analizan el turismo como nueva l\\u00ednea de negocio para el ib\\u00e9rico | El Digital de Asturias\",\"description\":\"El Centro de Interpretaci\\u00f3n y Promoci\\u00f3n del Ib\\u00e9rico, ubicado en el Edificio de 'El Tiro' en Jabugo (Huelva), acoge este mi\\u00e9rcoles unas jornadas en las que se analizar\\u00e1n los factores de competitividad en el sector tur\\u00edstico y la nueva l\\u00ednea de negocio basada en el turismo que se abre para el sector de Ib\\u00e9rico en\",\"inLanguage\":\"es-ES\",\"isPartOf\":{\"@id\":\"https:\\\/\\\/eldigitaldeasturias.com\\\/magazine365\\\/#website\"},\"breadcrumb\":{\"@id\":\"https:\\\/\\\/eldigitaldeasturias.com\\\/magazine365\\\/empresarios-de-jabugo-analizan-el-turismo-como-nueva-linea-de-negocio-para-el-iberico\\\/#breadcrumblist\"},\"author\":{\"@id\":\"https:\\\/\\\/eldigitaldeasturias.com\\\/magazine365\\\/author\\\/admin\\\/#author\"},\"creator\":{\"@id\":\"https:\\\/\\\/eldigitaldeasturias.com\\\/magazine365\\\/author\\\/admin\\\/#author\"},\"image\":{\"@type\":\"ImageObject\",\"url\":\"https:\\\/\\\/eldigitaldeasturias.com\\\/magazine365\\\/wp-content\\\/uploads\\\/2015\\\/06\\\/fotonoticia_20150629142744_800.jpg\",\"@id\":\"https:\\\/\\\/eldigitaldeasturias.com\\\/magazine365\\\/empresarios-de-jabugo-analizan-el-turismo-como-nueva-linea-de-negocio-para-el-iberico\\\/#mainImage\",\"width\":800,\"height\":600},\"primaryImageOfPage\":{\"@id\":\"https:\\\/\\\/eldigitaldeasturias.com\\\/magazine365\\\/empresarios-de-jabugo-analizan-el-turismo-como-nueva-linea-de-negocio-para-el-iberico\\\/#mainImage\"},\"datePublished\":\"2015-06-30T07:58:47+02:00\",\"dateModified\":\"2015-06-30T07:58:47+02:00\"},{\"@type\":\"WebSite\",\"@id\":\"https:\\\/\\\/eldigitaldeasturias.com\\\/magazine365\\\/#website\",\"url\":\"https:\\\/\\\/eldigitaldeasturias.com\\\/magazine365\\\/\",\"name\":\"El Digital de Asturias\",\"description\":\"Revista de ocio, turismo y estilo de vida\",\"inLanguage\":\"es-ES\",\"publisher\":{\"@id\":\"https:\\\/\\\/eldigitaldeasturias.com\\\/magazine365\\\/#organization\"}}]}\n\t\t<\/script>\n\t\t<!-- All in One SEO Pro -->\r\n\t\t<title>Empresarios de Jabugo analizan el turismo como nueva l\u00ednea de negocio para el ib\u00e9rico | El Digital de Asturias<\/title>\n\n","aioseo_head_json":{"title":"Empresarios de Jabugo analizan el turismo como nueva l\u00ednea de negocio para el ib\u00e9rico | El Digital de Asturias","description":"El Centro de Interpretaci\u00f3n y Promoci\u00f3n del Ib\u00e9rico, ubicado en el Edificio de 'El Tiro' en Jabugo (Huelva), acoge este mi\u00e9rcoles unas jornadas en las que se analizar\u00e1n los factores de competitividad en el sector tur\u00edstico y la nueva l\u00ednea de negocio basada en el turismo que se abre para el sector de Ib\u00e9rico en","canonical_url":"https:\/\/eldigitaldeasturias.com\/magazine365\/empresarios-de-jabugo-analizan-el-turismo-como-nueva-linea-de-negocio-para-el-iberico\/","robots":"max-image-preview:large","keywords":"actualidad turismo","webmasterTools":{"google-site-verification":"UA-38556648-1","miscellaneous":""},"schema":{"@context":"https:\/\/schema.org","@graph":[{"@type":"Article","@id":"https:\/\/eldigitaldeasturias.com\/magazine365\/empresarios-de-jabugo-analizan-el-turismo-como-nueva-linea-de-negocio-para-el-iberico\/#article","name":"Empresarios de Jabugo analizan el turismo como nueva l\u00ednea de negocio para el ib\u00e9rico | El Digital de Asturias","headline":"Empresarios de Jabugo analizan el turismo como nueva l\u00ednea de negocio para el ib\u00e9rico","author":{"@id":"https:\/\/eldigitaldeasturias.com\/magazine365\/author\/admin\/#author"},"publisher":{"@id":"https:\/\/eldigitaldeasturias.com\/magazine365\/#organization"},"image":{"@type":"ImageObject","url":"https:\/\/eldigitaldeasturias.com\/magazine365\/wp-content\/uploads\/2015\/06\/fotonoticia_20150629142744_800.jpg","width":800,"height":600},"datePublished":"2015-06-30T07:58:47+02:00","dateModified":"2015-06-30T07:58:47+02:00","inLanguage":"es-ES","mainEntityOfPage":{"@id":"https:\/\/eldigitaldeasturias.com\/magazine365\/empresarios-de-jabugo-analizan-el-turismo-como-nueva-linea-de-negocio-para-el-iberico\/#webpage"},"isPartOf":{"@id":"https:\/\/eldigitaldeasturias.com\/magazine365\/empresarios-de-jabugo-analizan-el-turismo-como-nueva-linea-de-negocio-para-el-iberico\/#webpage"},"articleSection":"Actualidad Turismo"},{"@type":"BreadcrumbList","@id":"https:\/\/eldigitaldeasturias.com\/magazine365\/empresarios-de-jabugo-analizan-el-turismo-como-nueva-linea-de-negocio-para-el-iberico\/#breadcrumblist","itemListElement":[{"@type":"ListItem","@id":"https:\/\/eldigitaldeasturias.com\/magazine365#listItem","position":1,"name":"Home","item":"https:\/\/eldigitaldeasturias.com\/magazine365","nextItem":{"@type":"ListItem","@id":"https:\/\/eldigitaldeasturias.com\/magazine365\/category\/actualidad-turismo\/#listItem","name":"Actualidad Turismo"}},{"@type":"ListItem","@id":"https:\/\/eldigitaldeasturias.com\/magazine365\/category\/actualidad-turismo\/#listItem","position":2,"name":"Actualidad Turismo","item":"https:\/\/eldigitaldeasturias.com\/magazine365\/category\/actualidad-turismo\/","nextItem":{"@type":"ListItem","@id":"https:\/\/eldigitaldeasturias.com\/magazine365\/empresarios-de-jabugo-analizan-el-turismo-como-nueva-linea-de-negocio-para-el-iberico\/#listItem","name":"Empresarios de Jabugo analizan el turismo como nueva l\u00ednea de negocio para el ib\u00e9rico"},"previousItem":{"@type":"ListItem","@id":"https:\/\/eldigitaldeasturias.com\/magazine365#listItem","name":"Home"}},{"@type":"ListItem","@id":"https:\/\/eldigitaldeasturias.com\/magazine365\/empresarios-de-jabugo-analizan-el-turismo-como-nueva-linea-de-negocio-para-el-iberico\/#listItem","position":3,"name":"Empresarios de Jabugo analizan el turismo como nueva l\u00ednea de negocio para el ib\u00e9rico","previousItem":{"@type":"ListItem","@id":"https:\/\/eldigitaldeasturias.com\/magazine365\/category\/actualidad-turismo\/#listItem","name":"Actualidad Turismo"}}]},{"@type":"Organization","@id":"https:\/\/eldigitaldeasturias.com\/magazine365\/#organization","name":"El digital de Asturias","description":"Revista de ocio, turismo y estilo de vida","url":"https:\/\/eldigitaldeasturias.com\/magazine365\/","logo":{"@type":"ImageObject","url":"https:\/\/www.eldigitaldeasturias.com\/noticias\/wp-content\/uploads\/2020\/12\/EDA.jpg","@id":"https:\/\/eldigitaldeasturias.com\/magazine365\/empresarios-de-jabugo-analizan-el-turismo-como-nueva-linea-de-negocio-para-el-iberico\/#organizationLogo"},"image":{"@id":"https:\/\/eldigitaldeasturias.com\/magazine365\/empresarios-de-jabugo-analizan-el-turismo-como-nueva-linea-de-negocio-para-el-iberico\/#organizationLogo"}},{"@type":"Person","@id":"https:\/\/eldigitaldeasturias.com\/magazine365\/author\/admin\/#author","url":"https:\/\/eldigitaldeasturias.com\/magazine365\/author\/admin\/","name":"admin","image":{"@type":"ImageObject","@id":"https:\/\/eldigitaldeasturias.com\/magazine365\/empresarios-de-jabugo-analizan-el-turismo-como-nueva-linea-de-negocio-para-el-iberico\/#authorImage","url":"https:\/\/eldigitaldeasturias.com\/magazine365\/wp-content\/litespeed\/avatar\/e571bcf59a0edd6fa6838245a470f2fe.jpg?ver=1777574230","width":96,"height":96,"caption":"admin"}},{"@type":"WebPage","@id":"https:\/\/eldigitaldeasturias.com\/magazine365\/empresarios-de-jabugo-analizan-el-turismo-como-nueva-linea-de-negocio-para-el-iberico\/#webpage","url":"https:\/\/eldigitaldeasturias.com\/magazine365\/empresarios-de-jabugo-analizan-el-turismo-como-nueva-linea-de-negocio-para-el-iberico\/","name":"Empresarios de Jabugo analizan el turismo como nueva l\u00ednea de negocio para el ib\u00e9rico | El Digital de Asturias","description":"El Centro de Interpretaci\u00f3n y Promoci\u00f3n del Ib\u00e9rico, ubicado en el Edificio de 'El Tiro' en Jabugo (Huelva), acoge este mi\u00e9rcoles unas jornadas en las que se analizar\u00e1n los factores de competitividad en el sector tur\u00edstico y la nueva l\u00ednea de negocio basada en el turismo que se abre para el sector de Ib\u00e9rico en","inLanguage":"es-ES","isPartOf":{"@id":"https:\/\/eldigitaldeasturias.com\/magazine365\/#website"},"breadcrumb":{"@id":"https:\/\/eldigitaldeasturias.com\/magazine365\/empresarios-de-jabugo-analizan-el-turismo-como-nueva-linea-de-negocio-para-el-iberico\/#breadcrumblist"},"author":{"@id":"https:\/\/eldigitaldeasturias.com\/magazine365\/author\/admin\/#author"},"creator":{"@id":"https:\/\/eldigitaldeasturias.com\/magazine365\/author\/admin\/#author"},"image":{"@type":"ImageObject","url":"https:\/\/eldigitaldeasturias.com\/magazine365\/wp-content\/uploads\/2015\/06\/fotonoticia_20150629142744_800.jpg","@id":"https:\/\/eldigitaldeasturias.com\/magazine365\/empresarios-de-jabugo-analizan-el-turismo-como-nueva-linea-de-negocio-para-el-iberico\/#mainImage","width":800,"height":600},"primaryImageOfPage":{"@id":"https:\/\/eldigitaldeasturias.com\/magazine365\/empresarios-de-jabugo-analizan-el-turismo-como-nueva-linea-de-negocio-para-el-iberico\/#mainImage"},"datePublished":"2015-06-30T07:58:47+02:00","dateModified":"2015-06-30T07:58:47+02:00"},{"@type":"WebSite","@id":"https:\/\/eldigitaldeasturias.com\/magazine365\/#website","url":"https:\/\/eldigitaldeasturias.com\/magazine365\/","name":"El Digital de Asturias","description":"Revista de ocio, turismo y estilo de vida","inLanguage":"es-ES","publisher":{"@id":"https:\/\/eldigitaldeasturias.com\/magazine365\/#organization"}}]},"og:locale":"es_ES","og:site_name":"El Digital de Asturias \u2013 Revista de ocio, turismo y estilo de vida","og:type":"article","og:title":"Empresarios de Jabugo analizan el turismo como nueva l\u00ednea de negocio para el ib\u00e9rico | El Digital de Asturias","og:description":"El Centro de Interpretaci\u00f3n y Promoci\u00f3n del Ib\u00e9rico, ubicado en el Edificio de 'El Tiro' en Jabugo (Huelva), acoge este mi\u00e9rcoles unas jornadas en las que se analizar\u00e1n los factores de competitividad en el sector tur\u00edstico y la nueva l\u00ednea de negocio basada en el turismo que se abre para el sector de Ib\u00e9rico en","og:url":"https:\/\/eldigitaldeasturias.com\/magazine365\/empresarios-de-jabugo-analizan-el-turismo-como-nueva-linea-de-negocio-para-el-iberico\/","og:image":"https:\/\/eldigitaldeasturias.com\/magazine365\/wp-content\/uploads\/2015\/06\/fotonoticia_20150629142744_800.jpg","og:image:secure_url":"https:\/\/eldigitaldeasturias.com\/magazine365\/wp-content\/uploads\/2015\/06\/fotonoticia_20150629142744_800.jpg","og:image:width":800,"og:image:height":600,"article:published_time":"2015-06-30T06:28:47+00:00","article:modified_time":"2015-06-30T06:28:47+00:00","twitter:card":"summary_large_image","twitter:title":"Empresarios de Jabugo analizan el turismo como nueva l\u00ednea de negocio para el ib\u00e9rico | El Digital de Asturias","twitter:description":"El Centro de Interpretaci\u00f3n y Promoci\u00f3n del Ib\u00e9rico, ubicado en el Edificio de 'El Tiro' en Jabugo (Huelva), acoge este mi\u00e9rcoles unas jornadas en las que se analizar\u00e1n los factores de competitividad en el sector tur\u00edstico y la nueva l\u00ednea de negocio basada en el turismo que se abre para el sector de Ib\u00e9rico en","twitter:image":"https:\/\/eldigitaldeasturias.com\/magazine365\/wp-content\/uploads\/2015\/06\/fotonoticia_20150629142744_800.jpg"},"aioseo_meta_data":{"post_id":"41287","title":null,"description":null,"keywords":null,"keyphrases":null,"primary_term":null,"canonical_url":null,"og_title":null,"og_description":null,"og_object_type":"default","og_image_type":"default","og_image_url":null,"og_image_width":null,"og_image_height":null,"og_image_custom_url":null,"og_image_custom_fields":null,"og_video":null,"og_custom_url":null,"og_article_section":null,"og_article_tags":null,"twitter_use_og":false,"twitter_card":"default","twitter_image_type":"default","twitter_image_url":null,"twitter_image_custom_url":null,"twitter_image_custom_fields":null,"twitter_title":null,"twitter_description":null,"schema":{"blockGraphs":[],"customGraphs":[],"default":{"data":{"Article":[],"Course":[],"Dataset":[],"FAQPage":[],"Movie":[],"Person":[],"Product":[],"ProductReview":[],"Car":[],"Recipe":[],"Service":[],"SoftwareApplication":[],"WebPage":[]},"graphName":"","isEnabled":true},"graphs":[],"defaultGraph":"","defaultPostTypeGraph":""},"schema_type":null,"schema_type_options":null,"pillar_content":false,"robots_default":true,"robots_noindex":false,"robots_noarchive":false,"robots_nosnippet":false,"robots_nofollow":false,"robots_noimageindex":false,"robots_noodp":false,"robots_notranslate":false,"robots_max_snippet":null,"robots_max_videopreview":null,"robots_max_imagepreview":"large","priority":null,"frequency":null,"location":null,"local_seo":null,"seo_analyzer_scan_date":"2025-09-19 15:22:02","breadcrumb_settings":null,"limit_modified_date":false,"open_ai":null,"ai":null,"created":"2021-03-09 02:17:41","updated":"2025-09-19 15:22:02"},"aioseo_breadcrumb":"<div class=\"aioseo-breadcrumbs\"><span class=\"aioseo-breadcrumb\">\n\t<a href=\"https:\/\/eldigitaldeasturias.com\/magazine365\" title=\"Home\">Home<\/a>\n<\/span><span class=\"aioseo-breadcrumb-separator\">\u2013<\/span><span class=\"aioseo-breadcrumb\">\n\t<a href=\"https:\/\/eldigitaldeasturias.com\/magazine365\/category\/actualidad-turismo\/\" title=\"Actualidad Turismo\">Actualidad Turismo<\/a>\n<\/span><span class=\"aioseo-breadcrumb-separator\">\u2013<\/span><span class=\"aioseo-breadcrumb\">\n\t<a href=\"https:\/\/eldigitaldeasturias.com\/magazine365\/empresarios-de-jabugo-analizan-el-turismo-como-nueva-linea-de-negocio-para-el-iberico\/\" title=\"Empresarios de Jabugo analizan el turismo como nueva l\u00ednea de negocio para el ib\u00e9rico\">Empresarios de Jabugo analizan el turismo como nueva l\u00ednea de negocio para el ib\u00e9rico<\/a>\n<\/span><\/div>","aioseo_breadcrumb_json":[{"label":"Home","link":"https:\/\/eldigitaldeasturias.com\/magazine365"},{"label":"Actualidad Turismo","link":"https:\/\/eldigitaldeasturias.com\/magazine365\/category\/actualidad-turismo\/"},{"label":"Empresarios de Jabugo analizan el turismo como nueva l\u00ednea de negocio para el ib\u00e9rico","link":"https:\/\/eldigitaldeasturias.com\/magazine365\/empresarios-de-jabugo-analizan-el-turismo-como-nueva-linea-de-negocio-para-el-iberico\/"}],"_links":{"self":[{"href":"https:\/\/eldigitaldeasturias.com\/magazine365\/wp-json\/wp\/v2\/posts\/41287","targetHints":{"allow":["GET"]}}],"collection":[{"href":"https:\/\/eldigitaldeasturias.com\/magazine365\/wp-json\/wp\/v2\/posts"}],"about":[{"href":"https:\/\/eldigitaldeasturias.com\/magazine365\/wp-json\/wp\/v2\/types\/post"}],"author":[{"embeddable":true,"href":"https:\/\/eldigitaldeasturias.com\/magazine365\/wp-json\/wp\/v2\/users\/1"}],"replies":[{"embeddable":true,"href":"https:\/\/eldigitaldeasturias.com\/magazine365\/wp-json\/wp\/v2\/comments?post=41287"}],"version-history":[{"count":0,"href":"https:\/\/eldigitaldeasturias.com\/magazine365\/wp-json\/wp\/v2\/posts\/41287\/revisions"}],"wp:featuredmedia":[{"embeddable":true,"href":"https:\/\/eldigitaldeasturias.com\/magazine365\/wp-json\/wp\/v2\/media\/41288"}],"wp:attachment":[{"href":"https:\/\/eldigitaldeasturias.com\/magazine365\/wp-json\/wp\/v2\/media?parent=41287"}],"wp:term":[{"taxonomy":"category","embeddable":true,"href":"https:\/\/eldigitaldeasturias.com\/magazine365\/wp-json\/wp\/v2\/categories?post=41287"},{"taxonomy":"post_tag","embeddable":true,"href":"https:\/\/eldigitaldeasturias.com\/magazine365\/wp-json\/wp\/v2\/tags?post=41287"}],"curies":[{"name":"wp","href":"https:\/\/api.w.org\/{rel}","templated":true}]}}