{"id":41284,"date":"2015-06-30T07:57:40","date_gmt":"2015-06-30T06:27:40","guid":{"rendered":"http:\/\/eldigitaldeasturias.com\/magazine365\/?p=41284"},"modified":"2015-06-30T07:57:40","modified_gmt":"2015-06-30T06:27:40","slug":"hervas-rinde-homenaje-a-la-cocina-sefardi","status":"publish","type":"post","link":"https:\/\/eldigitaldeasturias.com\/magazine365\/hervas-rinde-homenaje-a-la-cocina-sefardi\/","title":{"rendered":"Herv\u00e1s rinde homenaje a la cocina sefard\u00ed"},"content":{"rendered":"<p><img fetchpriority=\"high\" decoding=\"async\" class=\"alignleft size-medium wp-image-41285\" src=\"https:\/\/eldigitaldeasturias.com\/magazine365\/wp-content\/uploads\/2015\/06\/fotonoticia_20150629142645_800-360x270.jpg\" alt=\"fotonoticia_20150629142645_800\" width=\"360\" height=\"270\" srcset=\"https:\/\/eldigitaldeasturias.com\/magazine365\/wp-content\/uploads\/2015\/06\/fotonoticia_20150629142645_800-360x270.jpg 360w, https:\/\/eldigitaldeasturias.com\/magazine365\/wp-content\/uploads\/2015\/06\/fotonoticia_20150629142645_800-650x488.jpg 650w, https:\/\/eldigitaldeasturias.com\/magazine365\/wp-content\/uploads\/2015\/06\/fotonoticia_20150629142645_800-768x576.jpg 768w, https:\/\/eldigitaldeasturias.com\/magazine365\/wp-content\/uploads\/2015\/06\/fotonoticia_20150629142645_800-150x113.jpg 150w, https:\/\/eldigitaldeasturias.com\/magazine365\/wp-content\/uploads\/2015\/06\/fotonoticia_20150629142645_800-450x338.jpg 450w, https:\/\/eldigitaldeasturias.com\/magazine365\/wp-content\/uploads\/2015\/06\/fotonoticia_20150629142645_800-80x60.jpg 80w, https:\/\/eldigitaldeasturias.com\/magazine365\/wp-content\/uploads\/2015\/06\/fotonoticia_20150629142645_800-265x198.jpg 265w, https:\/\/eldigitaldeasturias.com\/magazine365\/wp-content\/uploads\/2015\/06\/fotonoticia_20150629142645_800-696x522.jpg 696w, https:\/\/eldigitaldeasturias.com\/magazine365\/wp-content\/uploads\/2015\/06\/fotonoticia_20150629142645_800-560x420.jpg 560w, https:\/\/eldigitaldeasturias.com\/magazine365\/wp-content\/uploads\/2015\/06\/fotonoticia_20150629142645_800-90x67.jpg 90w, https:\/\/eldigitaldeasturias.com\/magazine365\/wp-content\/uploads\/2015\/06\/fotonoticia_20150629142645_800-100x75.jpg 100w, https:\/\/eldigitaldeasturias.com\/magazine365\/wp-content\/uploads\/2015\/06\/fotonoticia_20150629142645_800.jpg 800w\" sizes=\"(max-width: 360px) 100vw, 360px\" \/>La localidad cacere\u00f1a de Herv\u00e1s, que celebra del 2 al 5 de julio una nueva edici\u00f3n de su popular fiesta &#8216;Los Conversos&#8217;, rinde homenaje este a\u00f1o a la gastronom\u00eda sefard\u00ed con numerosas actividades entre las que destaca la elaboraci\u00f3n de un nu\u00e9gado gigante, un postre t\u00edpico jud\u00edo, con el que se pretende entrar en el libro Guinness de los r\u00e9cords del mundo.<\/p>\n<p>As\u00ed, el domingo 5 de julio, alrededor de las 20.00 horas en el barrio jud\u00edo, se llevar\u00e1 a cabo una degustaci\u00f3n gratuita de este postre elaborado con harina, miel y nueces, que realizar\u00e1n alumnos del programa &#8216;@Prendizext&#8217; Valle de Ambroz VII y que tendr\u00e1 un tama\u00f1o de 180 cent\u00edmetros de largo por 80 de ancho.<\/p>\n<p>Aparte de esta degustaci\u00f3n, esta decimonovena edici\u00f3n de &#8216;Los Conversos&#8217; incluye otras actividades relacionadas con los fogones con las que quiere unirse al t\u00edtulo de Capital Espa\u00f1ola de la Gastronom\u00eda que C\u00e1ceres ostenta este 2015, ya que junto a Plasencia, son las tres localidades de la provincia que pertenecen a la Red de Juder\u00edas de Espa\u00f1a por compartir pasado y patrimonio sefard\u00ed.<\/p>\n<p>No obstante, como cada a\u00f1o, el eje central de la fiesta ser\u00e1 la representaci\u00f3n de una obra teatral en la que participan 30 vecinos del pueblo como actores principales y m\u00e1s de 100 figurante y que cuenta con m\u00fasica en directo. Un a\u00f1o m\u00e1s, la obra que se representar\u00e1 ser\u00e1 &#8216;La Calumnia&#8217;, escrita por el dramaturgo extreme\u00f1o Miguel Murillo basada en la leyenda &#8216;La forma profanada&#8217; de la localidad de Herv\u00e1s.<\/p>\n<p>El escenario natural donde se representar\u00e1 es la ribera del r\u00edo Ambroz, en la Fuente Chiquita y con la estampa del barrio jud\u00edo como tel\u00f3n de fondo. Las entradas valen cinco euros y se pondr\u00e1 en escena los d\u00edas 3, 4 y 5 de julio (viernes, s\u00e1bado y domingo) a las 23.00 horas bajo la direcci\u00f3n esc\u00e9nica de Jos\u00e9 Antonio Raynaud.<\/p>\n<p>TALLER DE COCINA SEFARD\u00cd<\/p>\n<p>Dentro de programa de actividades destaca otra relacionada con la gastronom\u00eda como es un taller de inmersi\u00f3n a la cocina Sefard\u00ed que impartir\u00e1 Abigail Cohen, de la pasteler\u00eda &#8216;La Candela&#8217;, y que se celebrar\u00e1 el pr\u00f3ximo 3 de julio.<\/p>\n<p>El plazo de inscripciones para apuntarse a este evento se encuentra abierto desde el pasado d\u00eda 15 de junio y se cierra este pr\u00f3ximo martes, d\u00eda 30, en Turismo de Herv\u00e1s. Se desarrollar\u00e1 en la Hospeder\u00eda del Ambroz y el n\u00famero de participantes se ha fijado en un m\u00e1ximo de 22 personas.<\/p>\n<p>El taller consta de dos partes, una primera en la que se realizar\u00e1 una aproximaci\u00f3n al mundo del dulce sefard\u00ed y una segunda en la que se har\u00e1 una demostraci\u00f3n elaborando pastas por parte de esta jud\u00eda afincada en Herv\u00e1s.<\/p>\n<p>Adem\u00e1s de talleres, exposiciones y la representaci\u00f3n de &#8216;La Calumnia&#8217;, tambi\u00e9n se ha organizado un concurso de fotograf\u00edas en la red social de Instagram con el hashtag o etiqueta &#8216;#losconversos15&#8217; o un mercado artesano y tradicional, adem\u00e1s de ambientaci\u00f3n tragic\u00f3mica itinerante, cert\u00e1menes de pintura, desfile de percusi\u00f3 o visitas guiadas por el barrio jud\u00edo.<\/p>\n<p>Las diversas actividades han sido dadas a conocer este lunes en una rueda de prensa en la que han estado la alcaldesa de Herv\u00e1s, Patricia Valle, acompa\u00f1ada por la alcaldesa de C\u00e1ceres, Elena Nevado, quien ha resaltado que la adhesi\u00f3n de Herv\u00e1s a la capitalidad gastron\u00f3mica es una forma de \u00abunir un pasado com\u00fan\u00bb de ambas localidades.<\/p>\n<p>Nevado ha recordado que la gastronom\u00eda est\u00e1 cada vez m\u00e1s unida al turismo y a la atracci\u00f3n de turistas y ha recordado que en lo que va de a\u00f1o, en C\u00e1ceres han crecido las pernoctaciones en un 20 por ciento y se han conseguido 110.000 visitas en estos meses en los que el turismo ha reportado a la ciudad unos 25 millones de euros de ingresos.<\/p>\n","protected":false},"excerpt":{"rendered":"<p>La localidad cacere\u00f1a de Herv\u00e1s, que celebra del 2 al 5 de julio una nueva edici\u00f3n de su popular fiesta &#8216;Los Conversos&#8217;, rinde homenaje este a\u00f1o a la gastronom\u00eda sefard\u00ed con numerosas actividades entre las que destaca la elaboraci\u00f3n de un nu\u00e9gado gigante, un postre t\u00edpico jud\u00edo, con el que se pretende entrar en el<\/p>\n","protected":false},"author":1,"featured_media":41285,"comment_status":"open","ping_status":"closed","sticky":false,"template":"","format":"standard","meta":{"footnotes":""},"categories":[222],"tags":[],"class_list":{"0":"post-41284","1":"post","2":"type-post","3":"status-publish","4":"format-standard","5":"has-post-thumbnail","7":"category-actualidad-turismo"},"aioseo_notices":[],"aioseo_head":"\n\t\t<!-- All in One SEO Pro 4.9.6.1 - aioseo.com -->\n\t<meta name=\"description\" content=\"La localidad cacere\u00f1a de Herv\u00e1s, que celebra del 2 al 5 de julio una nueva edici\u00f3n de su popular fiesta &#039;Los Conversos&#039;, rinde homenaje este a\u00f1o a la gastronom\u00eda sefard\u00ed con numerosas actividades entre las que destaca la elaboraci\u00f3n de un nu\u00e9gado gigante, un postre t\u00edpico jud\u00edo, con el que se pretende entrar en el\" \/>\n\t<meta name=\"robots\" content=\"max-image-preview:large\" \/>\n\t<meta name=\"author\" content=\"admin\"\/>\n\t<meta name=\"google-site-verification\" content=\"UA-38556648-1\" \/>\n\t<meta name=\"keywords\" content=\"actualidad turismo\" \/>\n\t<link rel=\"canonical\" href=\"https:\/\/eldigitaldeasturias.com\/magazine365\/hervas-rinde-homenaje-a-la-cocina-sefardi\/\" \/>\n\t<meta name=\"generator\" content=\"All in One SEO Pro (AIOSEO) 4.9.6.1\" \/>\n\t\t<meta property=\"og:locale\" content=\"es_ES\" \/>\n\t\t<meta property=\"og:site_name\" content=\"El Digital de Asturias \u2013 Revista de ocio, turismo y estilo de vida\" \/>\n\t\t<meta property=\"og:type\" content=\"article\" \/>\n\t\t<meta property=\"og:title\" content=\"Herv\u00e1s rinde homenaje a la cocina sefard\u00ed | El Digital de Asturias\" \/>\n\t\t<meta property=\"og:description\" content=\"La localidad cacere\u00f1a de Herv\u00e1s, que celebra del 2 al 5 de julio una nueva edici\u00f3n de su popular fiesta &#039;Los Conversos&#039;, rinde homenaje este a\u00f1o a la gastronom\u00eda sefard\u00ed con numerosas actividades entre las que destaca la elaboraci\u00f3n de un nu\u00e9gado gigante, un postre t\u00edpico jud\u00edo, con el que se pretende entrar en el\" \/>\n\t\t<meta property=\"og:url\" content=\"https:\/\/eldigitaldeasturias.com\/magazine365\/hervas-rinde-homenaje-a-la-cocina-sefardi\/\" \/>\n\t\t<meta property=\"og:image\" content=\"https:\/\/eldigitaldeasturias.com\/magazine365\/wp-content\/uploads\/2015\/06\/fotonoticia_20150629142645_800.jpg\" \/>\n\t\t<meta property=\"og:image:secure_url\" content=\"https:\/\/eldigitaldeasturias.com\/magazine365\/wp-content\/uploads\/2015\/06\/fotonoticia_20150629142645_800.jpg\" \/>\n\t\t<meta property=\"og:image:width\" content=\"800\" \/>\n\t\t<meta property=\"og:image:height\" content=\"600\" \/>\n\t\t<meta property=\"article:published_time\" content=\"2015-06-30T06:27:40+00:00\" \/>\n\t\t<meta property=\"article:modified_time\" content=\"2015-06-30T06:27:40+00:00\" \/>\n\t\t<meta name=\"twitter:card\" content=\"summary_large_image\" \/>\n\t\t<meta name=\"twitter:title\" content=\"Herv\u00e1s rinde homenaje a la cocina sefard\u00ed | El Digital de Asturias\" \/>\n\t\t<meta name=\"twitter:description\" content=\"La localidad cacere\u00f1a de Herv\u00e1s, que celebra del 2 al 5 de julio una nueva edici\u00f3n de su popular fiesta &#039;Los Conversos&#039;, rinde homenaje este a\u00f1o a la gastronom\u00eda sefard\u00ed con numerosas actividades entre las que destaca la elaboraci\u00f3n de un nu\u00e9gado gigante, un postre t\u00edpico jud\u00edo, con el que se pretende entrar en el\" \/>\n\t\t<meta name=\"twitter:image\" content=\"https:\/\/eldigitaldeasturias.com\/magazine365\/wp-content\/uploads\/2015\/06\/fotonoticia_20150629142645_800.jpg\" \/>\n\t\t<script type=\"application\/ld+json\" class=\"aioseo-schema\">\n\t\t\t{\"@context\":\"https:\\\/\\\/schema.org\",\"@graph\":[{\"@type\":\"Article\",\"@id\":\"https:\\\/\\\/eldigitaldeasturias.com\\\/magazine365\\\/hervas-rinde-homenaje-a-la-cocina-sefardi\\\/#article\",\"name\":\"Herv\\u00e1s rinde homenaje a la cocina sefard\\u00ed | El Digital de Asturias\",\"headline\":\"Herv\\u00e1s rinde homenaje a la cocina sefard\\u00ed\",\"author\":{\"@id\":\"https:\\\/\\\/eldigitaldeasturias.com\\\/magazine365\\\/author\\\/admin\\\/#author\"},\"publisher\":{\"@id\":\"https:\\\/\\\/eldigitaldeasturias.com\\\/magazine365\\\/#organization\"},\"image\":{\"@type\":\"ImageObject\",\"url\":\"https:\\\/\\\/eldigitaldeasturias.com\\\/magazine365\\\/wp-content\\\/uploads\\\/2015\\\/06\\\/fotonoticia_20150629142645_800.jpg\",\"width\":800,\"height\":600},\"datePublished\":\"2015-06-30T07:57:40+02:00\",\"dateModified\":\"2015-06-30T07:57:40+02:00\",\"inLanguage\":\"es-ES\",\"mainEntityOfPage\":{\"@id\":\"https:\\\/\\\/eldigitaldeasturias.com\\\/magazine365\\\/hervas-rinde-homenaje-a-la-cocina-sefardi\\\/#webpage\"},\"isPartOf\":{\"@id\":\"https:\\\/\\\/eldigitaldeasturias.com\\\/magazine365\\\/hervas-rinde-homenaje-a-la-cocina-sefardi\\\/#webpage\"},\"articleSection\":\"Actualidad Turismo\"},{\"@type\":\"BreadcrumbList\",\"@id\":\"https:\\\/\\\/eldigitaldeasturias.com\\\/magazine365\\\/hervas-rinde-homenaje-a-la-cocina-sefardi\\\/#breadcrumblist\",\"itemListElement\":[{\"@type\":\"ListItem\",\"@id\":\"https:\\\/\\\/eldigitaldeasturias.com\\\/magazine365#listItem\",\"position\":1,\"name\":\"Home\",\"item\":\"https:\\\/\\\/eldigitaldeasturias.com\\\/magazine365\",\"nextItem\":{\"@type\":\"ListItem\",\"@id\":\"https:\\\/\\\/eldigitaldeasturias.com\\\/magazine365\\\/category\\\/actualidad-turismo\\\/#listItem\",\"name\":\"Actualidad Turismo\"}},{\"@type\":\"ListItem\",\"@id\":\"https:\\\/\\\/eldigitaldeasturias.com\\\/magazine365\\\/category\\\/actualidad-turismo\\\/#listItem\",\"position\":2,\"name\":\"Actualidad Turismo\",\"item\":\"https:\\\/\\\/eldigitaldeasturias.com\\\/magazine365\\\/category\\\/actualidad-turismo\\\/\",\"nextItem\":{\"@type\":\"ListItem\",\"@id\":\"https:\\\/\\\/eldigitaldeasturias.com\\\/magazine365\\\/hervas-rinde-homenaje-a-la-cocina-sefardi\\\/#listItem\",\"name\":\"Herv\\u00e1s rinde homenaje a la cocina sefard\\u00ed\"},\"previousItem\":{\"@type\":\"ListItem\",\"@id\":\"https:\\\/\\\/eldigitaldeasturias.com\\\/magazine365#listItem\",\"name\":\"Home\"}},{\"@type\":\"ListItem\",\"@id\":\"https:\\\/\\\/eldigitaldeasturias.com\\\/magazine365\\\/hervas-rinde-homenaje-a-la-cocina-sefardi\\\/#listItem\",\"position\":3,\"name\":\"Herv\\u00e1s rinde homenaje a la cocina sefard\\u00ed\",\"previousItem\":{\"@type\":\"ListItem\",\"@id\":\"https:\\\/\\\/eldigitaldeasturias.com\\\/magazine365\\\/category\\\/actualidad-turismo\\\/#listItem\",\"name\":\"Actualidad Turismo\"}}]},{\"@type\":\"Organization\",\"@id\":\"https:\\\/\\\/eldigitaldeasturias.com\\\/magazine365\\\/#organization\",\"name\":\"El digital de Asturias\",\"description\":\"Revista de ocio, turismo y estilo de vida\",\"url\":\"https:\\\/\\\/eldigitaldeasturias.com\\\/magazine365\\\/\",\"logo\":{\"@type\":\"ImageObject\",\"url\":\"https:\\\/\\\/www.eldigitaldeasturias.com\\\/noticias\\\/wp-content\\\/uploads\\\/2020\\\/12\\\/EDA.jpg\",\"@id\":\"https:\\\/\\\/eldigitaldeasturias.com\\\/magazine365\\\/hervas-rinde-homenaje-a-la-cocina-sefardi\\\/#organizationLogo\"},\"image\":{\"@id\":\"https:\\\/\\\/eldigitaldeasturias.com\\\/magazine365\\\/hervas-rinde-homenaje-a-la-cocina-sefardi\\\/#organizationLogo\"}},{\"@type\":\"Person\",\"@id\":\"https:\\\/\\\/eldigitaldeasturias.com\\\/magazine365\\\/author\\\/admin\\\/#author\",\"url\":\"https:\\\/\\\/eldigitaldeasturias.com\\\/magazine365\\\/author\\\/admin\\\/\",\"name\":\"admin\",\"image\":{\"@type\":\"ImageObject\",\"@id\":\"https:\\\/\\\/eldigitaldeasturias.com\\\/magazine365\\\/hervas-rinde-homenaje-a-la-cocina-sefardi\\\/#authorImage\",\"url\":\"https:\\\/\\\/eldigitaldeasturias.com\\\/magazine365\\\/wp-content\\\/litespeed\\\/avatar\\\/e571bcf59a0edd6fa6838245a470f2fe.jpg?ver=1777574230\",\"width\":96,\"height\":96,\"caption\":\"admin\"}},{\"@type\":\"WebPage\",\"@id\":\"https:\\\/\\\/eldigitaldeasturias.com\\\/magazine365\\\/hervas-rinde-homenaje-a-la-cocina-sefardi\\\/#webpage\",\"url\":\"https:\\\/\\\/eldigitaldeasturias.com\\\/magazine365\\\/hervas-rinde-homenaje-a-la-cocina-sefardi\\\/\",\"name\":\"Herv\\u00e1s rinde homenaje a la cocina sefard\\u00ed | El Digital de Asturias\",\"description\":\"La localidad cacere\\u00f1a de Herv\\u00e1s, que celebra del 2 al 5 de julio una nueva edici\\u00f3n de su popular fiesta 'Los Conversos', rinde homenaje este a\\u00f1o a la gastronom\\u00eda sefard\\u00ed con numerosas actividades entre las que destaca la elaboraci\\u00f3n de un nu\\u00e9gado gigante, un postre t\\u00edpico jud\\u00edo, con el que se pretende entrar en el\",\"inLanguage\":\"es-ES\",\"isPartOf\":{\"@id\":\"https:\\\/\\\/eldigitaldeasturias.com\\\/magazine365\\\/#website\"},\"breadcrumb\":{\"@id\":\"https:\\\/\\\/eldigitaldeasturias.com\\\/magazine365\\\/hervas-rinde-homenaje-a-la-cocina-sefardi\\\/#breadcrumblist\"},\"author\":{\"@id\":\"https:\\\/\\\/eldigitaldeasturias.com\\\/magazine365\\\/author\\\/admin\\\/#author\"},\"creator\":{\"@id\":\"https:\\\/\\\/eldigitaldeasturias.com\\\/magazine365\\\/author\\\/admin\\\/#author\"},\"image\":{\"@type\":\"ImageObject\",\"url\":\"https:\\\/\\\/eldigitaldeasturias.com\\\/magazine365\\\/wp-content\\\/uploads\\\/2015\\\/06\\\/fotonoticia_20150629142645_800.jpg\",\"@id\":\"https:\\\/\\\/eldigitaldeasturias.com\\\/magazine365\\\/hervas-rinde-homenaje-a-la-cocina-sefardi\\\/#mainImage\",\"width\":800,\"height\":600},\"primaryImageOfPage\":{\"@id\":\"https:\\\/\\\/eldigitaldeasturias.com\\\/magazine365\\\/hervas-rinde-homenaje-a-la-cocina-sefardi\\\/#mainImage\"},\"datePublished\":\"2015-06-30T07:57:40+02:00\",\"dateModified\":\"2015-06-30T07:57:40+02:00\"},{\"@type\":\"WebSite\",\"@id\":\"https:\\\/\\\/eldigitaldeasturias.com\\\/magazine365\\\/#website\",\"url\":\"https:\\\/\\\/eldigitaldeasturias.com\\\/magazine365\\\/\",\"name\":\"El Digital de Asturias\",\"description\":\"Revista de ocio, turismo y estilo de vida\",\"inLanguage\":\"es-ES\",\"publisher\":{\"@id\":\"https:\\\/\\\/eldigitaldeasturias.com\\\/magazine365\\\/#organization\"}}]}\n\t\t<\/script>\n\t\t<!-- All in One SEO Pro -->\r\n\t\t<title>Herv\u00e1s rinde homenaje a la cocina sefard\u00ed | El Digital de Asturias<\/title>\n\n","aioseo_head_json":{"title":"Herv\u00e1s rinde homenaje a la cocina sefard\u00ed | El Digital de Asturias","description":"La localidad cacere\u00f1a de Herv\u00e1s, que celebra del 2 al 5 de julio una nueva edici\u00f3n de su popular fiesta 'Los Conversos', rinde homenaje este a\u00f1o a la gastronom\u00eda sefard\u00ed con numerosas actividades entre las que destaca la elaboraci\u00f3n de un nu\u00e9gado gigante, un postre t\u00edpico jud\u00edo, con el que se pretende entrar en el","canonical_url":"https:\/\/eldigitaldeasturias.com\/magazine365\/hervas-rinde-homenaje-a-la-cocina-sefardi\/","robots":"max-image-preview:large","keywords":"actualidad turismo","webmasterTools":{"google-site-verification":"UA-38556648-1","miscellaneous":""},"schema":{"@context":"https:\/\/schema.org","@graph":[{"@type":"Article","@id":"https:\/\/eldigitaldeasturias.com\/magazine365\/hervas-rinde-homenaje-a-la-cocina-sefardi\/#article","name":"Herv\u00e1s rinde homenaje a la cocina sefard\u00ed | El Digital de Asturias","headline":"Herv\u00e1s rinde homenaje a la cocina sefard\u00ed","author":{"@id":"https:\/\/eldigitaldeasturias.com\/magazine365\/author\/admin\/#author"},"publisher":{"@id":"https:\/\/eldigitaldeasturias.com\/magazine365\/#organization"},"image":{"@type":"ImageObject","url":"https:\/\/eldigitaldeasturias.com\/magazine365\/wp-content\/uploads\/2015\/06\/fotonoticia_20150629142645_800.jpg","width":800,"height":600},"datePublished":"2015-06-30T07:57:40+02:00","dateModified":"2015-06-30T07:57:40+02:00","inLanguage":"es-ES","mainEntityOfPage":{"@id":"https:\/\/eldigitaldeasturias.com\/magazine365\/hervas-rinde-homenaje-a-la-cocina-sefardi\/#webpage"},"isPartOf":{"@id":"https:\/\/eldigitaldeasturias.com\/magazine365\/hervas-rinde-homenaje-a-la-cocina-sefardi\/#webpage"},"articleSection":"Actualidad Turismo"},{"@type":"BreadcrumbList","@id":"https:\/\/eldigitaldeasturias.com\/magazine365\/hervas-rinde-homenaje-a-la-cocina-sefardi\/#breadcrumblist","itemListElement":[{"@type":"ListItem","@id":"https:\/\/eldigitaldeasturias.com\/magazine365#listItem","position":1,"name":"Home","item":"https:\/\/eldigitaldeasturias.com\/magazine365","nextItem":{"@type":"ListItem","@id":"https:\/\/eldigitaldeasturias.com\/magazine365\/category\/actualidad-turismo\/#listItem","name":"Actualidad Turismo"}},{"@type":"ListItem","@id":"https:\/\/eldigitaldeasturias.com\/magazine365\/category\/actualidad-turismo\/#listItem","position":2,"name":"Actualidad Turismo","item":"https:\/\/eldigitaldeasturias.com\/magazine365\/category\/actualidad-turismo\/","nextItem":{"@type":"ListItem","@id":"https:\/\/eldigitaldeasturias.com\/magazine365\/hervas-rinde-homenaje-a-la-cocina-sefardi\/#listItem","name":"Herv\u00e1s rinde homenaje a la cocina sefard\u00ed"},"previousItem":{"@type":"ListItem","@id":"https:\/\/eldigitaldeasturias.com\/magazine365#listItem","name":"Home"}},{"@type":"ListItem","@id":"https:\/\/eldigitaldeasturias.com\/magazine365\/hervas-rinde-homenaje-a-la-cocina-sefardi\/#listItem","position":3,"name":"Herv\u00e1s rinde homenaje a la cocina sefard\u00ed","previousItem":{"@type":"ListItem","@id":"https:\/\/eldigitaldeasturias.com\/magazine365\/category\/actualidad-turismo\/#listItem","name":"Actualidad Turismo"}}]},{"@type":"Organization","@id":"https:\/\/eldigitaldeasturias.com\/magazine365\/#organization","name":"El digital de Asturias","description":"Revista de ocio, turismo y estilo de vida","url":"https:\/\/eldigitaldeasturias.com\/magazine365\/","logo":{"@type":"ImageObject","url":"https:\/\/www.eldigitaldeasturias.com\/noticias\/wp-content\/uploads\/2020\/12\/EDA.jpg","@id":"https:\/\/eldigitaldeasturias.com\/magazine365\/hervas-rinde-homenaje-a-la-cocina-sefardi\/#organizationLogo"},"image":{"@id":"https:\/\/eldigitaldeasturias.com\/magazine365\/hervas-rinde-homenaje-a-la-cocina-sefardi\/#organizationLogo"}},{"@type":"Person","@id":"https:\/\/eldigitaldeasturias.com\/magazine365\/author\/admin\/#author","url":"https:\/\/eldigitaldeasturias.com\/magazine365\/author\/admin\/","name":"admin","image":{"@type":"ImageObject","@id":"https:\/\/eldigitaldeasturias.com\/magazine365\/hervas-rinde-homenaje-a-la-cocina-sefardi\/#authorImage","url":"https:\/\/eldigitaldeasturias.com\/magazine365\/wp-content\/litespeed\/avatar\/e571bcf59a0edd6fa6838245a470f2fe.jpg?ver=1777574230","width":96,"height":96,"caption":"admin"}},{"@type":"WebPage","@id":"https:\/\/eldigitaldeasturias.com\/magazine365\/hervas-rinde-homenaje-a-la-cocina-sefardi\/#webpage","url":"https:\/\/eldigitaldeasturias.com\/magazine365\/hervas-rinde-homenaje-a-la-cocina-sefardi\/","name":"Herv\u00e1s rinde homenaje a la cocina sefard\u00ed | El Digital de Asturias","description":"La localidad cacere\u00f1a de Herv\u00e1s, que celebra del 2 al 5 de julio una nueva edici\u00f3n de su popular fiesta 'Los Conversos', rinde homenaje este a\u00f1o a la gastronom\u00eda sefard\u00ed con numerosas actividades entre las que destaca la elaboraci\u00f3n de un nu\u00e9gado gigante, un postre t\u00edpico jud\u00edo, con el que se pretende entrar en el","inLanguage":"es-ES","isPartOf":{"@id":"https:\/\/eldigitaldeasturias.com\/magazine365\/#website"},"breadcrumb":{"@id":"https:\/\/eldigitaldeasturias.com\/magazine365\/hervas-rinde-homenaje-a-la-cocina-sefardi\/#breadcrumblist"},"author":{"@id":"https:\/\/eldigitaldeasturias.com\/magazine365\/author\/admin\/#author"},"creator":{"@id":"https:\/\/eldigitaldeasturias.com\/magazine365\/author\/admin\/#author"},"image":{"@type":"ImageObject","url":"https:\/\/eldigitaldeasturias.com\/magazine365\/wp-content\/uploads\/2015\/06\/fotonoticia_20150629142645_800.jpg","@id":"https:\/\/eldigitaldeasturias.com\/magazine365\/hervas-rinde-homenaje-a-la-cocina-sefardi\/#mainImage","width":800,"height":600},"primaryImageOfPage":{"@id":"https:\/\/eldigitaldeasturias.com\/magazine365\/hervas-rinde-homenaje-a-la-cocina-sefardi\/#mainImage"},"datePublished":"2015-06-30T07:57:40+02:00","dateModified":"2015-06-30T07:57:40+02:00"},{"@type":"WebSite","@id":"https:\/\/eldigitaldeasturias.com\/magazine365\/#website","url":"https:\/\/eldigitaldeasturias.com\/magazine365\/","name":"El Digital de Asturias","description":"Revista de ocio, turismo y estilo de vida","inLanguage":"es-ES","publisher":{"@id":"https:\/\/eldigitaldeasturias.com\/magazine365\/#organization"}}]},"og:locale":"es_ES","og:site_name":"El Digital de Asturias \u2013 Revista de ocio, turismo y estilo de vida","og:type":"article","og:title":"Herv\u00e1s rinde homenaje a la cocina sefard\u00ed | El Digital de Asturias","og:description":"La localidad cacere\u00f1a de Herv\u00e1s, que celebra del 2 al 5 de julio una nueva edici\u00f3n de su popular fiesta 'Los Conversos', rinde homenaje este a\u00f1o a la gastronom\u00eda sefard\u00ed con numerosas actividades entre las que destaca la elaboraci\u00f3n de un nu\u00e9gado gigante, un postre t\u00edpico jud\u00edo, con el que se pretende entrar en el","og:url":"https:\/\/eldigitaldeasturias.com\/magazine365\/hervas-rinde-homenaje-a-la-cocina-sefardi\/","og:image":"https:\/\/eldigitaldeasturias.com\/magazine365\/wp-content\/uploads\/2015\/06\/fotonoticia_20150629142645_800.jpg","og:image:secure_url":"https:\/\/eldigitaldeasturias.com\/magazine365\/wp-content\/uploads\/2015\/06\/fotonoticia_20150629142645_800.jpg","og:image:width":800,"og:image:height":600,"article:published_time":"2015-06-30T06:27:40+00:00","article:modified_time":"2015-06-30T06:27:40+00:00","twitter:card":"summary_large_image","twitter:title":"Herv\u00e1s rinde homenaje a la cocina sefard\u00ed | El Digital de Asturias","twitter:description":"La localidad cacere\u00f1a de Herv\u00e1s, que celebra del 2 al 5 de julio una nueva edici\u00f3n de su popular fiesta 'Los Conversos', rinde homenaje este a\u00f1o a la gastronom\u00eda sefard\u00ed con numerosas actividades entre las que destaca la elaboraci\u00f3n de un nu\u00e9gado gigante, un postre t\u00edpico jud\u00edo, con el que se pretende entrar en el","twitter:image":"https:\/\/eldigitaldeasturias.com\/magazine365\/wp-content\/uploads\/2015\/06\/fotonoticia_20150629142645_800.jpg"},"aioseo_meta_data":{"post_id":"41284","title":null,"description":null,"keywords":null,"keyphrases":null,"primary_term":null,"canonical_url":null,"og_title":null,"og_description":null,"og_object_type":"default","og_image_type":"default","og_image_url":null,"og_image_width":null,"og_image_height":null,"og_image_custom_url":null,"og_image_custom_fields":null,"og_video":null,"og_custom_url":null,"og_article_section":null,"og_article_tags":null,"twitter_use_og":false,"twitter_card":"default","twitter_image_type":"default","twitter_image_url":null,"twitter_image_custom_url":null,"twitter_image_custom_fields":null,"twitter_title":null,"twitter_description":null,"schema":{"blockGraphs":[],"customGraphs":[],"default":{"data":{"Article":[],"Course":[],"Dataset":[],"FAQPage":[],"Movie":[],"Person":[],"Product":[],"ProductReview":[],"Car":[],"Recipe":[],"Service":[],"SoftwareApplication":[],"WebPage":[]},"graphName":"","isEnabled":true},"graphs":[],"defaultGraph":"","defaultPostTypeGraph":""},"schema_type":null,"schema_type_options":null,"pillar_content":false,"robots_default":true,"robots_noindex":false,"robots_noarchive":false,"robots_nosnippet":false,"robots_nofollow":false,"robots_noimageindex":false,"robots_noodp":false,"robots_notranslate":false,"robots_max_snippet":null,"robots_max_videopreview":null,"robots_max_imagepreview":"large","priority":null,"frequency":null,"location":null,"local_seo":null,"seo_analyzer_scan_date":"2025-09-19 15:22:01","breadcrumb_settings":null,"limit_modified_date":false,"open_ai":null,"ai":null,"created":"2021-03-09 02:17:41","updated":"2025-09-19 15:22:01"},"aioseo_breadcrumb":"<div class=\"aioseo-breadcrumbs\"><span class=\"aioseo-breadcrumb\">\n\t<a href=\"https:\/\/eldigitaldeasturias.com\/magazine365\" title=\"Home\">Home<\/a>\n<\/span><span class=\"aioseo-breadcrumb-separator\">\u2013<\/span><span class=\"aioseo-breadcrumb\">\n\t<a href=\"https:\/\/eldigitaldeasturias.com\/magazine365\/category\/actualidad-turismo\/\" title=\"Actualidad Turismo\">Actualidad Turismo<\/a>\n<\/span><span class=\"aioseo-breadcrumb-separator\">\u2013<\/span><span class=\"aioseo-breadcrumb\">\n\t<a href=\"https:\/\/eldigitaldeasturias.com\/magazine365\/hervas-rinde-homenaje-a-la-cocina-sefardi\/\" title=\"Herv\u00e1s rinde homenaje a la cocina sefard\u00ed\">Herv\u00e1s rinde homenaje a la cocina sefard\u00ed<\/a>\n<\/span><\/div>","aioseo_breadcrumb_json":[{"label":"Home","link":"https:\/\/eldigitaldeasturias.com\/magazine365"},{"label":"Actualidad Turismo","link":"https:\/\/eldigitaldeasturias.com\/magazine365\/category\/actualidad-turismo\/"},{"label":"Herv\u00e1s rinde homenaje a la cocina sefard\u00ed","link":"https:\/\/eldigitaldeasturias.com\/magazine365\/hervas-rinde-homenaje-a-la-cocina-sefardi\/"}],"_links":{"self":[{"href":"https:\/\/eldigitaldeasturias.com\/magazine365\/wp-json\/wp\/v2\/posts\/41284","targetHints":{"allow":["GET"]}}],"collection":[{"href":"https:\/\/eldigitaldeasturias.com\/magazine365\/wp-json\/wp\/v2\/posts"}],"about":[{"href":"https:\/\/eldigitaldeasturias.com\/magazine365\/wp-json\/wp\/v2\/types\/post"}],"author":[{"embeddable":true,"href":"https:\/\/eldigitaldeasturias.com\/magazine365\/wp-json\/wp\/v2\/users\/1"}],"replies":[{"embeddable":true,"href":"https:\/\/eldigitaldeasturias.com\/magazine365\/wp-json\/wp\/v2\/comments?post=41284"}],"version-history":[{"count":0,"href":"https:\/\/eldigitaldeasturias.com\/magazine365\/wp-json\/wp\/v2\/posts\/41284\/revisions"}],"wp:featuredmedia":[{"embeddable":true,"href":"https:\/\/eldigitaldeasturias.com\/magazine365\/wp-json\/wp\/v2\/media\/41285"}],"wp:attachment":[{"href":"https:\/\/eldigitaldeasturias.com\/magazine365\/wp-json\/wp\/v2\/media?parent=41284"}],"wp:term":[{"taxonomy":"category","embeddable":true,"href":"https:\/\/eldigitaldeasturias.com\/magazine365\/wp-json\/wp\/v2\/categories?post=41284"},{"taxonomy":"post_tag","embeddable":true,"href":"https:\/\/eldigitaldeasturias.com\/magazine365\/wp-json\/wp\/v2\/tags?post=41284"}],"curies":[{"name":"wp","href":"https:\/\/api.w.org\/{rel}","templated":true}]}}