{"id":41281,"date":"2015-06-30T07:56:30","date_gmt":"2015-06-30T06:26:30","guid":{"rendered":"http:\/\/eldigitaldeasturias.com\/magazine365\/?p=41281"},"modified":"2015-06-30T07:56:30","modified_gmt":"2015-06-30T06:26:30","slug":"lufthansa-equipa-a-cien-a320-con-generadores-para-reducir-el-ruido","status":"publish","type":"post","link":"https:\/\/eldigitaldeasturias.com\/magazine365\/lufthansa-equipa-a-cien-a320-con-generadores-para-reducir-el-ruido\/","title":{"rendered":"Lufthansa equipa a cien A320 con generadores para reducir el ruido"},"content":{"rendered":"<p><img fetchpriority=\"high\" decoding=\"async\" class=\"alignleft size-medium wp-image-41282\" src=\"https:\/\/eldigitaldeasturias.com\/magazine365\/wp-content\/uploads\/2015\/06\/fotonoticia_20150629142140_800-360x240.jpg\" alt=\"fotonoticia_20150629142140_800\" width=\"360\" height=\"240\" srcset=\"https:\/\/eldigitaldeasturias.com\/magazine365\/wp-content\/uploads\/2015\/06\/fotonoticia_20150629142140_800-360x240.jpg 360w, https:\/\/eldigitaldeasturias.com\/magazine365\/wp-content\/uploads\/2015\/06\/fotonoticia_20150629142140_800-650x433.jpg 650w, https:\/\/eldigitaldeasturias.com\/magazine365\/wp-content\/uploads\/2015\/06\/fotonoticia_20150629142140_800-768x512.jpg 768w, https:\/\/eldigitaldeasturias.com\/magazine365\/wp-content\/uploads\/2015\/06\/fotonoticia_20150629142140_800-150x100.jpg 150w, https:\/\/eldigitaldeasturias.com\/magazine365\/wp-content\/uploads\/2015\/06\/fotonoticia_20150629142140_800-450x300.jpg 450w, https:\/\/eldigitaldeasturias.com\/magazine365\/wp-content\/uploads\/2015\/06\/fotonoticia_20150629142140_800-696x464.jpg 696w, https:\/\/eldigitaldeasturias.com\/magazine365\/wp-content\/uploads\/2015\/06\/fotonoticia_20150629142140_800-630x420.jpg 630w, https:\/\/eldigitaldeasturias.com\/magazine365\/wp-content\/uploads\/2015\/06\/fotonoticia_20150629142140_800-84x55.jpg 84w, https:\/\/eldigitaldeasturias.com\/magazine365\/wp-content\/uploads\/2015\/06\/fotonoticia_20150629142140_800.jpg 800w\" sizes=\"(max-width: 360px) 100vw, 360px\" \/>Los expertos de Lufthansa Technik equipar\u00e1n el avi\u00f3n n\u00famero 100 de la flota de aviones A320 de Lufthansa con un generador de v\u00f3rtice para la reducci\u00f3n de ruido durante las pr\u00f3ximas semanas.<\/p>\n<p>Este proyecto del Grupo Lufthansa y el Centro Alem\u00e1n Aeroespacial (DLR, por sus siglas en alem\u00e1n) forma parte de la investigaci\u00f3n llamada Transporte m\u00e1s silencioso (Leiser Verkehr).<\/p>\n<p>Desde noviembre de 2014, Lufthansa ha equipado sus aviones Airbus A319, A320 y A321 de corto y medio radio con componentes de reducci\u00f3n de ruido en la parte inferior de las alas. Se trata de la primera aerol\u00ednea del mundo en hacerlo.<\/p>\n<p>En total, 157 aviones de la flota de corto y medio radio se est\u00e1n equipando con un generador de v\u00f3rtice y, desde principios de 2014, los aviones de nueva construcci\u00f3n de Airbus ya se est\u00e1n entregando a la aerol\u00ednea con la tecnolog\u00eda incorporada. As\u00ed, m\u00e1s de 200 aviones de Lufthansa volar\u00e1n mucho m\u00e1s silenciosamente en el futuro.<\/p>\n<p>Las mediciones de sobrevuelo tomadas por Lufthansa, en cooperaci\u00f3n con DLR, revelan que los generadores de v\u00f3rtice eliminan los ruidos molestos y reducen significativamente el nivel general de ruido de los aviones al aterrizar (hasta cuatro decibelios a una distancia de entre 10 y 17 kil\u00f3metros del aeropuerto). De acuerdo con la informaci\u00f3n del fabricante, este efecto es mejor cuanto mayor sea la distancia respecto al aeropuerto.<\/p>\n<p>Estos ruidos eran generados antes por las corrientes de aire sobre los conductos circulares de compensaci\u00f3n de presi\u00f3n de los tanques de combustible situados en la parte inferior de las alas durante el vuelo. Los nuevos componentes crean un v\u00f3rtice de aire sobre el conducto de compensaci\u00f3n de presi\u00f3n, impidiendo de forma efectiva que se creen estos sonidos.<\/p>\n<p>Esta medida forma parte de la &#8216;Alianza de Protecci\u00f3n de Ruido&#8217; acordada por el Gobierno del Estado Federado de Hesse (Alemania) y la industria a\u00e9rea.<\/p>\n<h2 class=\"ladillo\">MEDICIONES DE RUIDOS.<\/h2>\n<p>Este proyecto es una de las medidas voluntarias m\u00e1s significativas para la reducci\u00f3n de ruido emprendidas por Lufthansa hasta la fecha. En las pr\u00f3ximas semanas se ensayar\u00e1 otra alternativa para reducir el ruido de aeronaves, mediante mediciones de sobrevuelo durante varios d\u00edas en el aeropuerto de Magdeburg-Cochstedt, utilizando dos aviones de carga MD-11 de Lufthansa Cargo. La supresi\u00f3n de sonido modificada se ha instalado en las tomas de los motores General Electric CF6-80C2.<\/p>\n<p>En el marco del proyecto MODAL, financiado por el Ministerio Federal Alem\u00e1n de Asuntos Econ\u00f3micos, Lufthansa ya llev\u00f3 a cabo investigaciones en un banco de pruebas de motores de Lufthansa Technik, junto con DLR.<\/p>\n<p>Este primer paso revel\u00f3 que los paneles denominados Hardwall Acoustic Panels, situados en la entrada del motor, permiten la reducci\u00f3n de ruido. En la segunda fase, se est\u00e1 investigando la eficacia de los paneles en condiciones reales.<\/p>\n<p>Durante las mediciones de sobrevuelo en Magdeburg-Cochstedt, el avi\u00f3n se acerca al aeropuerto varias veces, como si fuera a aterrizar, y luego sobrevuela el aeropuerto varias veces en una determinada configuraci\u00f3n.<\/p>\n<p>Otra de las medias que componen el programa son los despegues con mediciones respecto al suelo en distintos niveles de revoluci\u00f3n del motor. Numerosos micr\u00f3fonos en el suelo graban el sonido de los aviones que vuelan a diferentes alturas. Los datos de las mediciones servir\u00e1n de base para la posible modificaci\u00f3n de la flota MD-11 de Lufthansa Cargo.<\/p>\n<p>La inversi\u00f3n continua en nuevos aviones es la medida m\u00e1s eficaz para reducir el ruido durante los vuelos. El Grupo Lufthansa recibir\u00e1 un total de 259 aviones en 2025.<\/p>\n<p>Por lo tanto, en el futuro 59 aeronaves de \u00faltima generaci\u00f3n de Lufthansa contar\u00e1n con la \u00faltima tecnolog\u00eda &#8212; 34 Boeing 777-9Xs y 25 A350-900s &#8212; complementando la flota de largo radio del Grupo.<\/p>\n<p>El A350-900 ser\u00e1 entregado a partir de 2016. Las emisiones de ruido de los nuevos modelos son considerablemente m\u00e1s bajas que las de los de los aviones que operan hoy en d\u00eda.<\/p>\n","protected":false},"excerpt":{"rendered":"<p>Los expertos de Lufthansa Technik equipar\u00e1n el avi\u00f3n n\u00famero 100 de la flota de aviones A320 de Lufthansa con un generador de v\u00f3rtice para la reducci\u00f3n de ruido durante las pr\u00f3ximas semanas. Este proyecto del Grupo Lufthansa y el Centro Alem\u00e1n Aeroespacial (DLR, por sus siglas en alem\u00e1n) forma parte de la investigaci\u00f3n llamada Transporte<\/p>\n","protected":false},"author":1,"featured_media":41282,"comment_status":"open","ping_status":"closed","sticky":false,"template":"","format":"standard","meta":{"footnotes":""},"categories":[224],"tags":[],"class_list":{"0":"post-41281","1":"post","2":"type-post","3":"status-publish","4":"format-standard","5":"has-post-thumbnail","7":"category-noticias-actualidad"},"aioseo_notices":[],"aioseo_head":"\n\t\t<!-- All in One SEO Pro 4.9.6.1 - aioseo.com -->\n\t<meta name=\"description\" content=\"Los expertos de Lufthansa Technik equipar\u00e1n el avi\u00f3n n\u00famero 100 de la flota de aviones A320 de Lufthansa con un generador de v\u00f3rtice para la reducci\u00f3n de ruido durante las pr\u00f3ximas semanas. Este proyecto del Grupo Lufthansa y el Centro Alem\u00e1n Aeroespacial (DLR, por sus siglas en alem\u00e1n) forma parte de la investigaci\u00f3n llamada Transporte\" \/>\n\t<meta name=\"robots\" content=\"max-image-preview:large\" \/>\n\t<meta name=\"author\" content=\"admin\"\/>\n\t<meta name=\"google-site-verification\" content=\"UA-38556648-1\" \/>\n\t<meta name=\"keywords\" content=\"noticias y actualidad\" \/>\n\t<link rel=\"canonical\" href=\"https:\/\/eldigitaldeasturias.com\/magazine365\/lufthansa-equipa-a-cien-a320-con-generadores-para-reducir-el-ruido\/\" \/>\n\t<meta name=\"generator\" content=\"All in One SEO Pro (AIOSEO) 4.9.6.1\" \/>\n\t\t<meta property=\"og:locale\" content=\"es_ES\" \/>\n\t\t<meta property=\"og:site_name\" content=\"El Digital de Asturias \u2013 Revista de ocio, turismo y estilo de vida\" \/>\n\t\t<meta property=\"og:type\" content=\"article\" \/>\n\t\t<meta property=\"og:title\" content=\"Lufthansa equipa a cien A320 con generadores para reducir el ruido | El Digital de Asturias\" \/>\n\t\t<meta property=\"og:description\" content=\"Los expertos de Lufthansa Technik equipar\u00e1n el avi\u00f3n n\u00famero 100 de la flota de aviones A320 de Lufthansa con un generador de v\u00f3rtice para la reducci\u00f3n de ruido durante las pr\u00f3ximas semanas. Este proyecto del Grupo Lufthansa y el Centro Alem\u00e1n Aeroespacial (DLR, por sus siglas en alem\u00e1n) forma parte de la investigaci\u00f3n llamada Transporte\" \/>\n\t\t<meta property=\"og:url\" content=\"https:\/\/eldigitaldeasturias.com\/magazine365\/lufthansa-equipa-a-cien-a320-con-generadores-para-reducir-el-ruido\/\" \/>\n\t\t<meta property=\"og:image\" content=\"https:\/\/eldigitaldeasturias.com\/magazine365\/wp-content\/uploads\/2015\/06\/fotonoticia_20150629142140_800.jpg\" \/>\n\t\t<meta property=\"og:image:secure_url\" content=\"https:\/\/eldigitaldeasturias.com\/magazine365\/wp-content\/uploads\/2015\/06\/fotonoticia_20150629142140_800.jpg\" \/>\n\t\t<meta property=\"og:image:width\" content=\"800\" \/>\n\t\t<meta property=\"og:image:height\" content=\"533\" \/>\n\t\t<meta property=\"article:published_time\" content=\"2015-06-30T06:26:30+00:00\" \/>\n\t\t<meta property=\"article:modified_time\" content=\"2015-06-30T06:26:30+00:00\" \/>\n\t\t<meta name=\"twitter:card\" content=\"summary_large_image\" \/>\n\t\t<meta name=\"twitter:title\" content=\"Lufthansa equipa a cien A320 con generadores para reducir el ruido | El Digital de Asturias\" \/>\n\t\t<meta name=\"twitter:description\" content=\"Los expertos de Lufthansa Technik equipar\u00e1n el avi\u00f3n n\u00famero 100 de la flota de aviones A320 de Lufthansa con un generador de v\u00f3rtice para la reducci\u00f3n de ruido durante las pr\u00f3ximas semanas. Este proyecto del Grupo Lufthansa y el Centro Alem\u00e1n Aeroespacial (DLR, por sus siglas en alem\u00e1n) forma parte de la investigaci\u00f3n llamada Transporte\" \/>\n\t\t<meta name=\"twitter:image\" content=\"https:\/\/eldigitaldeasturias.com\/magazine365\/wp-content\/uploads\/2015\/06\/fotonoticia_20150629142140_800.jpg\" \/>\n\t\t<script type=\"application\/ld+json\" class=\"aioseo-schema\">\n\t\t\t{\"@context\":\"https:\\\/\\\/schema.org\",\"@graph\":[{\"@type\":\"Article\",\"@id\":\"https:\\\/\\\/eldigitaldeasturias.com\\\/magazine365\\\/lufthansa-equipa-a-cien-a320-con-generadores-para-reducir-el-ruido\\\/#article\",\"name\":\"Lufthansa equipa a cien A320 con generadores para reducir el ruido | El Digital de Asturias\",\"headline\":\"Lufthansa equipa a cien A320 con generadores para reducir el ruido\",\"author\":{\"@id\":\"https:\\\/\\\/eldigitaldeasturias.com\\\/magazine365\\\/author\\\/admin\\\/#author\"},\"publisher\":{\"@id\":\"https:\\\/\\\/eldigitaldeasturias.com\\\/magazine365\\\/#organization\"},\"image\":{\"@type\":\"ImageObject\",\"url\":\"https:\\\/\\\/eldigitaldeasturias.com\\\/magazine365\\\/wp-content\\\/uploads\\\/2015\\\/06\\\/fotonoticia_20150629142140_800.jpg\",\"width\":800,\"height\":533},\"datePublished\":\"2015-06-30T07:56:30+02:00\",\"dateModified\":\"2015-06-30T07:56:30+02:00\",\"inLanguage\":\"es-ES\",\"mainEntityOfPage\":{\"@id\":\"https:\\\/\\\/eldigitaldeasturias.com\\\/magazine365\\\/lufthansa-equipa-a-cien-a320-con-generadores-para-reducir-el-ruido\\\/#webpage\"},\"isPartOf\":{\"@id\":\"https:\\\/\\\/eldigitaldeasturias.com\\\/magazine365\\\/lufthansa-equipa-a-cien-a320-con-generadores-para-reducir-el-ruido\\\/#webpage\"},\"articleSection\":\"Noticias y Actualidad\"},{\"@type\":\"BreadcrumbList\",\"@id\":\"https:\\\/\\\/eldigitaldeasturias.com\\\/magazine365\\\/lufthansa-equipa-a-cien-a320-con-generadores-para-reducir-el-ruido\\\/#breadcrumblist\",\"itemListElement\":[{\"@type\":\"ListItem\",\"@id\":\"https:\\\/\\\/eldigitaldeasturias.com\\\/magazine365#listItem\",\"position\":1,\"name\":\"Home\",\"item\":\"https:\\\/\\\/eldigitaldeasturias.com\\\/magazine365\",\"nextItem\":{\"@type\":\"ListItem\",\"@id\":\"https:\\\/\\\/eldigitaldeasturias.com\\\/magazine365\\\/category\\\/noticias-actualidad\\\/#listItem\",\"name\":\"Noticias y Actualidad\"}},{\"@type\":\"ListItem\",\"@id\":\"https:\\\/\\\/eldigitaldeasturias.com\\\/magazine365\\\/category\\\/noticias-actualidad\\\/#listItem\",\"position\":2,\"name\":\"Noticias y Actualidad\",\"item\":\"https:\\\/\\\/eldigitaldeasturias.com\\\/magazine365\\\/category\\\/noticias-actualidad\\\/\",\"nextItem\":{\"@type\":\"ListItem\",\"@id\":\"https:\\\/\\\/eldigitaldeasturias.com\\\/magazine365\\\/lufthansa-equipa-a-cien-a320-con-generadores-para-reducir-el-ruido\\\/#listItem\",\"name\":\"Lufthansa equipa a cien A320 con generadores para reducir el ruido\"},\"previousItem\":{\"@type\":\"ListItem\",\"@id\":\"https:\\\/\\\/eldigitaldeasturias.com\\\/magazine365#listItem\",\"name\":\"Home\"}},{\"@type\":\"ListItem\",\"@id\":\"https:\\\/\\\/eldigitaldeasturias.com\\\/magazine365\\\/lufthansa-equipa-a-cien-a320-con-generadores-para-reducir-el-ruido\\\/#listItem\",\"position\":3,\"name\":\"Lufthansa equipa a cien A320 con generadores para reducir el ruido\",\"previousItem\":{\"@type\":\"ListItem\",\"@id\":\"https:\\\/\\\/eldigitaldeasturias.com\\\/magazine365\\\/category\\\/noticias-actualidad\\\/#listItem\",\"name\":\"Noticias y Actualidad\"}}]},{\"@type\":\"Organization\",\"@id\":\"https:\\\/\\\/eldigitaldeasturias.com\\\/magazine365\\\/#organization\",\"name\":\"El digital de Asturias\",\"description\":\"Revista de ocio, turismo y estilo de vida\",\"url\":\"https:\\\/\\\/eldigitaldeasturias.com\\\/magazine365\\\/\",\"logo\":{\"@type\":\"ImageObject\",\"url\":\"https:\\\/\\\/www.eldigitaldeasturias.com\\\/noticias\\\/wp-content\\\/uploads\\\/2020\\\/12\\\/EDA.jpg\",\"@id\":\"https:\\\/\\\/eldigitaldeasturias.com\\\/magazine365\\\/lufthansa-equipa-a-cien-a320-con-generadores-para-reducir-el-ruido\\\/#organizationLogo\"},\"image\":{\"@id\":\"https:\\\/\\\/eldigitaldeasturias.com\\\/magazine365\\\/lufthansa-equipa-a-cien-a320-con-generadores-para-reducir-el-ruido\\\/#organizationLogo\"}},{\"@type\":\"Person\",\"@id\":\"https:\\\/\\\/eldigitaldeasturias.com\\\/magazine365\\\/author\\\/admin\\\/#author\",\"url\":\"https:\\\/\\\/eldigitaldeasturias.com\\\/magazine365\\\/author\\\/admin\\\/\",\"name\":\"admin\",\"image\":{\"@type\":\"ImageObject\",\"@id\":\"https:\\\/\\\/eldigitaldeasturias.com\\\/magazine365\\\/lufthansa-equipa-a-cien-a320-con-generadores-para-reducir-el-ruido\\\/#authorImage\",\"url\":\"https:\\\/\\\/eldigitaldeasturias.com\\\/magazine365\\\/wp-content\\\/litespeed\\\/avatar\\\/e571bcf59a0edd6fa6838245a470f2fe.jpg?ver=1777574230\",\"width\":96,\"height\":96,\"caption\":\"admin\"}},{\"@type\":\"WebPage\",\"@id\":\"https:\\\/\\\/eldigitaldeasturias.com\\\/magazine365\\\/lufthansa-equipa-a-cien-a320-con-generadores-para-reducir-el-ruido\\\/#webpage\",\"url\":\"https:\\\/\\\/eldigitaldeasturias.com\\\/magazine365\\\/lufthansa-equipa-a-cien-a320-con-generadores-para-reducir-el-ruido\\\/\",\"name\":\"Lufthansa equipa a cien A320 con generadores para reducir el ruido | El Digital de Asturias\",\"description\":\"Los expertos de Lufthansa Technik equipar\\u00e1n el avi\\u00f3n n\\u00famero 100 de la flota de aviones A320 de Lufthansa con un generador de v\\u00f3rtice para la reducci\\u00f3n de ruido durante las pr\\u00f3ximas semanas. Este proyecto del Grupo Lufthansa y el Centro Alem\\u00e1n Aeroespacial (DLR, por sus siglas en alem\\u00e1n) forma parte de la investigaci\\u00f3n llamada Transporte\",\"inLanguage\":\"es-ES\",\"isPartOf\":{\"@id\":\"https:\\\/\\\/eldigitaldeasturias.com\\\/magazine365\\\/#website\"},\"breadcrumb\":{\"@id\":\"https:\\\/\\\/eldigitaldeasturias.com\\\/magazine365\\\/lufthansa-equipa-a-cien-a320-con-generadores-para-reducir-el-ruido\\\/#breadcrumblist\"},\"author\":{\"@id\":\"https:\\\/\\\/eldigitaldeasturias.com\\\/magazine365\\\/author\\\/admin\\\/#author\"},\"creator\":{\"@id\":\"https:\\\/\\\/eldigitaldeasturias.com\\\/magazine365\\\/author\\\/admin\\\/#author\"},\"image\":{\"@type\":\"ImageObject\",\"url\":\"https:\\\/\\\/eldigitaldeasturias.com\\\/magazine365\\\/wp-content\\\/uploads\\\/2015\\\/06\\\/fotonoticia_20150629142140_800.jpg\",\"@id\":\"https:\\\/\\\/eldigitaldeasturias.com\\\/magazine365\\\/lufthansa-equipa-a-cien-a320-con-generadores-para-reducir-el-ruido\\\/#mainImage\",\"width\":800,\"height\":533},\"primaryImageOfPage\":{\"@id\":\"https:\\\/\\\/eldigitaldeasturias.com\\\/magazine365\\\/lufthansa-equipa-a-cien-a320-con-generadores-para-reducir-el-ruido\\\/#mainImage\"},\"datePublished\":\"2015-06-30T07:56:30+02:00\",\"dateModified\":\"2015-06-30T07:56:30+02:00\"},{\"@type\":\"WebSite\",\"@id\":\"https:\\\/\\\/eldigitaldeasturias.com\\\/magazine365\\\/#website\",\"url\":\"https:\\\/\\\/eldigitaldeasturias.com\\\/magazine365\\\/\",\"name\":\"El Digital de Asturias\",\"description\":\"Revista de ocio, turismo y estilo de vida\",\"inLanguage\":\"es-ES\",\"publisher\":{\"@id\":\"https:\\\/\\\/eldigitaldeasturias.com\\\/magazine365\\\/#organization\"}}]}\n\t\t<\/script>\n\t\t<!-- All in One SEO Pro -->\r\n\t\t<title>Lufthansa equipa a cien A320 con generadores para reducir el ruido | El Digital de Asturias<\/title>\n\n","aioseo_head_json":{"title":"Lufthansa equipa a cien A320 con generadores para reducir el ruido | El Digital de Asturias","description":"Los expertos de Lufthansa Technik equipar\u00e1n el avi\u00f3n n\u00famero 100 de la flota de aviones A320 de Lufthansa con un generador de v\u00f3rtice para la reducci\u00f3n de ruido durante las pr\u00f3ximas semanas. Este proyecto del Grupo Lufthansa y el Centro Alem\u00e1n Aeroespacial (DLR, por sus siglas en alem\u00e1n) forma parte de la investigaci\u00f3n llamada Transporte","canonical_url":"https:\/\/eldigitaldeasturias.com\/magazine365\/lufthansa-equipa-a-cien-a320-con-generadores-para-reducir-el-ruido\/","robots":"max-image-preview:large","keywords":"noticias y actualidad","webmasterTools":{"google-site-verification":"UA-38556648-1","miscellaneous":""},"schema":{"@context":"https:\/\/schema.org","@graph":[{"@type":"Article","@id":"https:\/\/eldigitaldeasturias.com\/magazine365\/lufthansa-equipa-a-cien-a320-con-generadores-para-reducir-el-ruido\/#article","name":"Lufthansa equipa a cien A320 con generadores para reducir el ruido | El Digital de Asturias","headline":"Lufthansa equipa a cien A320 con generadores para reducir el ruido","author":{"@id":"https:\/\/eldigitaldeasturias.com\/magazine365\/author\/admin\/#author"},"publisher":{"@id":"https:\/\/eldigitaldeasturias.com\/magazine365\/#organization"},"image":{"@type":"ImageObject","url":"https:\/\/eldigitaldeasturias.com\/magazine365\/wp-content\/uploads\/2015\/06\/fotonoticia_20150629142140_800.jpg","width":800,"height":533},"datePublished":"2015-06-30T07:56:30+02:00","dateModified":"2015-06-30T07:56:30+02:00","inLanguage":"es-ES","mainEntityOfPage":{"@id":"https:\/\/eldigitaldeasturias.com\/magazine365\/lufthansa-equipa-a-cien-a320-con-generadores-para-reducir-el-ruido\/#webpage"},"isPartOf":{"@id":"https:\/\/eldigitaldeasturias.com\/magazine365\/lufthansa-equipa-a-cien-a320-con-generadores-para-reducir-el-ruido\/#webpage"},"articleSection":"Noticias y Actualidad"},{"@type":"BreadcrumbList","@id":"https:\/\/eldigitaldeasturias.com\/magazine365\/lufthansa-equipa-a-cien-a320-con-generadores-para-reducir-el-ruido\/#breadcrumblist","itemListElement":[{"@type":"ListItem","@id":"https:\/\/eldigitaldeasturias.com\/magazine365#listItem","position":1,"name":"Home","item":"https:\/\/eldigitaldeasturias.com\/magazine365","nextItem":{"@type":"ListItem","@id":"https:\/\/eldigitaldeasturias.com\/magazine365\/category\/noticias-actualidad\/#listItem","name":"Noticias y Actualidad"}},{"@type":"ListItem","@id":"https:\/\/eldigitaldeasturias.com\/magazine365\/category\/noticias-actualidad\/#listItem","position":2,"name":"Noticias y Actualidad","item":"https:\/\/eldigitaldeasturias.com\/magazine365\/category\/noticias-actualidad\/","nextItem":{"@type":"ListItem","@id":"https:\/\/eldigitaldeasturias.com\/magazine365\/lufthansa-equipa-a-cien-a320-con-generadores-para-reducir-el-ruido\/#listItem","name":"Lufthansa equipa a cien A320 con generadores para reducir el ruido"},"previousItem":{"@type":"ListItem","@id":"https:\/\/eldigitaldeasturias.com\/magazine365#listItem","name":"Home"}},{"@type":"ListItem","@id":"https:\/\/eldigitaldeasturias.com\/magazine365\/lufthansa-equipa-a-cien-a320-con-generadores-para-reducir-el-ruido\/#listItem","position":3,"name":"Lufthansa equipa a cien A320 con generadores para reducir el ruido","previousItem":{"@type":"ListItem","@id":"https:\/\/eldigitaldeasturias.com\/magazine365\/category\/noticias-actualidad\/#listItem","name":"Noticias y Actualidad"}}]},{"@type":"Organization","@id":"https:\/\/eldigitaldeasturias.com\/magazine365\/#organization","name":"El digital de Asturias","description":"Revista de ocio, turismo y estilo de vida","url":"https:\/\/eldigitaldeasturias.com\/magazine365\/","logo":{"@type":"ImageObject","url":"https:\/\/www.eldigitaldeasturias.com\/noticias\/wp-content\/uploads\/2020\/12\/EDA.jpg","@id":"https:\/\/eldigitaldeasturias.com\/magazine365\/lufthansa-equipa-a-cien-a320-con-generadores-para-reducir-el-ruido\/#organizationLogo"},"image":{"@id":"https:\/\/eldigitaldeasturias.com\/magazine365\/lufthansa-equipa-a-cien-a320-con-generadores-para-reducir-el-ruido\/#organizationLogo"}},{"@type":"Person","@id":"https:\/\/eldigitaldeasturias.com\/magazine365\/author\/admin\/#author","url":"https:\/\/eldigitaldeasturias.com\/magazine365\/author\/admin\/","name":"admin","image":{"@type":"ImageObject","@id":"https:\/\/eldigitaldeasturias.com\/magazine365\/lufthansa-equipa-a-cien-a320-con-generadores-para-reducir-el-ruido\/#authorImage","url":"https:\/\/eldigitaldeasturias.com\/magazine365\/wp-content\/litespeed\/avatar\/e571bcf59a0edd6fa6838245a470f2fe.jpg?ver=1777574230","width":96,"height":96,"caption":"admin"}},{"@type":"WebPage","@id":"https:\/\/eldigitaldeasturias.com\/magazine365\/lufthansa-equipa-a-cien-a320-con-generadores-para-reducir-el-ruido\/#webpage","url":"https:\/\/eldigitaldeasturias.com\/magazine365\/lufthansa-equipa-a-cien-a320-con-generadores-para-reducir-el-ruido\/","name":"Lufthansa equipa a cien A320 con generadores para reducir el ruido | El Digital de Asturias","description":"Los expertos de Lufthansa Technik equipar\u00e1n el avi\u00f3n n\u00famero 100 de la flota de aviones A320 de Lufthansa con un generador de v\u00f3rtice para la reducci\u00f3n de ruido durante las pr\u00f3ximas semanas. Este proyecto del Grupo Lufthansa y el Centro Alem\u00e1n Aeroespacial (DLR, por sus siglas en alem\u00e1n) forma parte de la investigaci\u00f3n llamada Transporte","inLanguage":"es-ES","isPartOf":{"@id":"https:\/\/eldigitaldeasturias.com\/magazine365\/#website"},"breadcrumb":{"@id":"https:\/\/eldigitaldeasturias.com\/magazine365\/lufthansa-equipa-a-cien-a320-con-generadores-para-reducir-el-ruido\/#breadcrumblist"},"author":{"@id":"https:\/\/eldigitaldeasturias.com\/magazine365\/author\/admin\/#author"},"creator":{"@id":"https:\/\/eldigitaldeasturias.com\/magazine365\/author\/admin\/#author"},"image":{"@type":"ImageObject","url":"https:\/\/eldigitaldeasturias.com\/magazine365\/wp-content\/uploads\/2015\/06\/fotonoticia_20150629142140_800.jpg","@id":"https:\/\/eldigitaldeasturias.com\/magazine365\/lufthansa-equipa-a-cien-a320-con-generadores-para-reducir-el-ruido\/#mainImage","width":800,"height":533},"primaryImageOfPage":{"@id":"https:\/\/eldigitaldeasturias.com\/magazine365\/lufthansa-equipa-a-cien-a320-con-generadores-para-reducir-el-ruido\/#mainImage"},"datePublished":"2015-06-30T07:56:30+02:00","dateModified":"2015-06-30T07:56:30+02:00"},{"@type":"WebSite","@id":"https:\/\/eldigitaldeasturias.com\/magazine365\/#website","url":"https:\/\/eldigitaldeasturias.com\/magazine365\/","name":"El Digital de Asturias","description":"Revista de ocio, turismo y estilo de vida","inLanguage":"es-ES","publisher":{"@id":"https:\/\/eldigitaldeasturias.com\/magazine365\/#organization"}}]},"og:locale":"es_ES","og:site_name":"El Digital de Asturias \u2013 Revista de ocio, turismo y estilo de vida","og:type":"article","og:title":"Lufthansa equipa a cien A320 con generadores para reducir el ruido | El Digital de Asturias","og:description":"Los expertos de Lufthansa Technik equipar\u00e1n el avi\u00f3n n\u00famero 100 de la flota de aviones A320 de Lufthansa con un generador de v\u00f3rtice para la reducci\u00f3n de ruido durante las pr\u00f3ximas semanas. Este proyecto del Grupo Lufthansa y el Centro Alem\u00e1n Aeroespacial (DLR, por sus siglas en alem\u00e1n) forma parte de la investigaci\u00f3n llamada Transporte","og:url":"https:\/\/eldigitaldeasturias.com\/magazine365\/lufthansa-equipa-a-cien-a320-con-generadores-para-reducir-el-ruido\/","og:image":"https:\/\/eldigitaldeasturias.com\/magazine365\/wp-content\/uploads\/2015\/06\/fotonoticia_20150629142140_800.jpg","og:image:secure_url":"https:\/\/eldigitaldeasturias.com\/magazine365\/wp-content\/uploads\/2015\/06\/fotonoticia_20150629142140_800.jpg","og:image:width":800,"og:image:height":533,"article:published_time":"2015-06-30T06:26:30+00:00","article:modified_time":"2015-06-30T06:26:30+00:00","twitter:card":"summary_large_image","twitter:title":"Lufthansa equipa a cien A320 con generadores para reducir el ruido | El Digital de Asturias","twitter:description":"Los expertos de Lufthansa Technik equipar\u00e1n el avi\u00f3n n\u00famero 100 de la flota de aviones A320 de Lufthansa con un generador de v\u00f3rtice para la reducci\u00f3n de ruido durante las pr\u00f3ximas semanas. Este proyecto del Grupo Lufthansa y el Centro Alem\u00e1n Aeroespacial (DLR, por sus siglas en alem\u00e1n) forma parte de la investigaci\u00f3n llamada Transporte","twitter:image":"https:\/\/eldigitaldeasturias.com\/magazine365\/wp-content\/uploads\/2015\/06\/fotonoticia_20150629142140_800.jpg"},"aioseo_meta_data":{"post_id":"41281","title":null,"description":null,"keywords":null,"keyphrases":null,"primary_term":null,"canonical_url":null,"og_title":null,"og_description":null,"og_object_type":"default","og_image_type":"default","og_image_url":null,"og_image_width":null,"og_image_height":null,"og_image_custom_url":null,"og_image_custom_fields":null,"og_video":null,"og_custom_url":null,"og_article_section":null,"og_article_tags":null,"twitter_use_og":false,"twitter_card":"default","twitter_image_type":"default","twitter_image_url":null,"twitter_image_custom_url":null,"twitter_image_custom_fields":null,"twitter_title":null,"twitter_description":null,"schema":{"blockGraphs":[],"customGraphs":[],"default":{"data":{"Article":[],"Course":[],"Dataset":[],"FAQPage":[],"Movie":[],"Person":[],"Product":[],"ProductReview":[],"Car":[],"Recipe":[],"Service":[],"SoftwareApplication":[],"WebPage":[]},"graphName":"","isEnabled":true},"graphs":[],"defaultGraph":"","defaultPostTypeGraph":""},"schema_type":null,"schema_type_options":null,"pillar_content":false,"robots_default":true,"robots_noindex":false,"robots_noarchive":false,"robots_nosnippet":false,"robots_nofollow":false,"robots_noimageindex":false,"robots_noodp":false,"robots_notranslate":false,"robots_max_snippet":null,"robots_max_videopreview":null,"robots_max_imagepreview":"large","priority":null,"frequency":null,"location":null,"local_seo":null,"seo_analyzer_scan_date":"2025-09-19 15:20:45","breadcrumb_settings":null,"limit_modified_date":false,"open_ai":null,"ai":null,"created":"2021-03-09 02:17:41","updated":"2025-09-19 15:20:45"},"aioseo_breadcrumb":"<div class=\"aioseo-breadcrumbs\"><span class=\"aioseo-breadcrumb\">\n\t<a href=\"https:\/\/eldigitaldeasturias.com\/magazine365\" title=\"Home\">Home<\/a>\n<\/span><span class=\"aioseo-breadcrumb-separator\">\u2013<\/span><span class=\"aioseo-breadcrumb\">\n\t<a href=\"https:\/\/eldigitaldeasturias.com\/magazine365\/category\/noticias-actualidad\/\" title=\"Noticias y Actualidad\">Noticias y Actualidad<\/a>\n<\/span><span class=\"aioseo-breadcrumb-separator\">\u2013<\/span><span class=\"aioseo-breadcrumb\">\n\t<a href=\"https:\/\/eldigitaldeasturias.com\/magazine365\/lufthansa-equipa-a-cien-a320-con-generadores-para-reducir-el-ruido\/\" title=\"Lufthansa equipa a cien A320 con generadores para reducir el ruido\">Lufthansa equipa a cien A320 con generadores para reducir el ruido<\/a>\n<\/span><\/div>","aioseo_breadcrumb_json":[{"label":"Home","link":"https:\/\/eldigitaldeasturias.com\/magazine365"},{"label":"Noticias y Actualidad","link":"https:\/\/eldigitaldeasturias.com\/magazine365\/category\/noticias-actualidad\/"},{"label":"Lufthansa equipa a cien A320 con generadores para reducir el ruido","link":"https:\/\/eldigitaldeasturias.com\/magazine365\/lufthansa-equipa-a-cien-a320-con-generadores-para-reducir-el-ruido\/"}],"_links":{"self":[{"href":"https:\/\/eldigitaldeasturias.com\/magazine365\/wp-json\/wp\/v2\/posts\/41281","targetHints":{"allow":["GET"]}}],"collection":[{"href":"https:\/\/eldigitaldeasturias.com\/magazine365\/wp-json\/wp\/v2\/posts"}],"about":[{"href":"https:\/\/eldigitaldeasturias.com\/magazine365\/wp-json\/wp\/v2\/types\/post"}],"author":[{"embeddable":true,"href":"https:\/\/eldigitaldeasturias.com\/magazine365\/wp-json\/wp\/v2\/users\/1"}],"replies":[{"embeddable":true,"href":"https:\/\/eldigitaldeasturias.com\/magazine365\/wp-json\/wp\/v2\/comments?post=41281"}],"version-history":[{"count":0,"href":"https:\/\/eldigitaldeasturias.com\/magazine365\/wp-json\/wp\/v2\/posts\/41281\/revisions"}],"wp:featuredmedia":[{"embeddable":true,"href":"https:\/\/eldigitaldeasturias.com\/magazine365\/wp-json\/wp\/v2\/media\/41282"}],"wp:attachment":[{"href":"https:\/\/eldigitaldeasturias.com\/magazine365\/wp-json\/wp\/v2\/media?parent=41281"}],"wp:term":[{"taxonomy":"category","embeddable":true,"href":"https:\/\/eldigitaldeasturias.com\/magazine365\/wp-json\/wp\/v2\/categories?post=41281"},{"taxonomy":"post_tag","embeddable":true,"href":"https:\/\/eldigitaldeasturias.com\/magazine365\/wp-json\/wp\/v2\/tags?post=41281"}],"curies":[{"name":"wp","href":"https:\/\/api.w.org\/{rel}","templated":true}]}}