{"id":41278,"date":"2015-06-30T07:54:11","date_gmt":"2015-06-30T06:24:11","guid":{"rendered":"http:\/\/eldigitaldeasturias.com\/magazine365\/?p=41278"},"modified":"2015-06-30T07:54:11","modified_gmt":"2015-06-30T06:24:11","slug":"granada-preve-un-65-de-ocupacion-hotelera-en-verano-con-repuntes-de-hasta-el-80-en-fines-de-semana","status":"publish","type":"post","link":"https:\/\/eldigitaldeasturias.com\/magazine365\/granada-preve-un-65-de-ocupacion-hotelera-en-verano-con-repuntes-de-hasta-el-80-en-fines-de-semana\/","title":{"rendered":"Granada prev\u00e9 un 65% de ocupaci\u00f3n hotelera en verano con repuntes de hasta el 80% en fines de semana"},"content":{"rendered":"<p><img fetchpriority=\"high\" decoding=\"async\" class=\"alignleft size-medium wp-image-41279\" src=\"https:\/\/eldigitaldeasturias.com\/magazine365\/wp-content\/uploads\/2015\/06\/fotonoticia_20150629141134_800-360x203.jpg\" alt=\"fotonoticia_20150629141134_800\" width=\"360\" height=\"203\" srcset=\"https:\/\/eldigitaldeasturias.com\/magazine365\/wp-content\/uploads\/2015\/06\/fotonoticia_20150629141134_800-360x203.jpg 360w, https:\/\/eldigitaldeasturias.com\/magazine365\/wp-content\/uploads\/2015\/06\/fotonoticia_20150629141134_800-650x366.jpg 650w, https:\/\/eldigitaldeasturias.com\/magazine365\/wp-content\/uploads\/2015\/06\/fotonoticia_20150629141134_800-768x432.jpg 768w, https:\/\/eldigitaldeasturias.com\/magazine365\/wp-content\/uploads\/2015\/06\/fotonoticia_20150629141134_800-150x84.jpg 150w, https:\/\/eldigitaldeasturias.com\/magazine365\/wp-content\/uploads\/2015\/06\/fotonoticia_20150629141134_800-450x253.jpg 450w, https:\/\/eldigitaldeasturias.com\/magazine365\/wp-content\/uploads\/2015\/06\/fotonoticia_20150629141134_800-696x392.jpg 696w, https:\/\/eldigitaldeasturias.com\/magazine365\/wp-content\/uploads\/2015\/06\/fotonoticia_20150629141134_800-747x420.jpg 747w, https:\/\/eldigitaldeasturias.com\/magazine365\/wp-content\/uploads\/2015\/06\/fotonoticia_20150629141134_800-499x280.jpg 499w, https:\/\/eldigitaldeasturias.com\/magazine365\/wp-content\/uploads\/2015\/06\/fotonoticia_20150629141134_800.jpg 800w\" sizes=\"(max-width: 360px) 100vw, 360px\" \/>Granada espera que la ocupaci\u00f3n hotelera supere el 65 por ciento durante los meses de verano y se prev\u00e9 que alcanzar\u00e1 repuntes superiores al 80 por ciento durante los fines de semana, una cifra que baja hasta el 30 por ciento en el caso de la estaci\u00f3n de esqu\u00ed de Sierra Nevada y que crece rozando en lleno en la Costa Tropical.<\/p>\n<p>Seg\u00fan datos de la federaci\u00f3n provincial de empresas de hosteler\u00eda y turismo de Granada a los que Europa Press ha tenido acceso, la capital granadina espera unos porcentajes de ocupaci\u00f3n tur\u00edstica de entre el 56 y el 65 por ciento sobre las camas abiertas, un tercio de las que hay en invierno, teniendo en cuenta, adem\u00e1s, que si la climatolog\u00eda es adversa en la costa el turismo se mueve hacia el interior.<\/p>\n<p>Las previsiones del verano para la costa granadina superan las del a\u00f1o anterior con expectativas de alcanzar el 70 por ciento durante la primera quincena de julio y con esperanza de llegar al 80 y 85 por ciento de visitantes nacionales, elev\u00e1ndose este porcentaje en septiembre.<\/p>\n<p>Para agosto a\u00fan no hay datos concretos aunque se espera que la primera quincena sea bastante buena sobre todo en lo que se refiere al turismo espa\u00f1ol que, seg\u00fan han informado desde la federaci\u00f3n, se mueve m\u00e1s durante este mes aunque las reservas se hacen cada vez con menos antelaci\u00f3n matizando, asimismo, que los cinco primeros y \u00faltimos d\u00edas del mes corresponden a las operaciones de salida y regreso.<\/p>\n<p>En cuanto a las comarcas de interior, la Alpujarra tiene una previsi\u00f3n de hospedaje de turistas del 35 por ciento, Guadix y el Marquesado del 50 por ciento, en el Poniente del 61 por ciento y en Baza, Hu\u00e9scar y Altiplano del 60 por ciento.<\/p>\n<p>En cuanto al perfil del turista, el nacional \u00abse ha estancado\u00bb pero tiene un \u00abmagn\u00edfico comportamiento\u00bb el internacional, especialmente en los establecimientos de m\u00e1s categor\u00eda con clientes llegados desde Estados Unidos, Reino Unido, Alemania, Oriente Medio, Australia o Jap\u00f3n.<\/p>\n","protected":false},"excerpt":{"rendered":"<p>Granada espera que la ocupaci\u00f3n hotelera supere el 65 por ciento durante los meses de verano y se prev\u00e9 que alcanzar\u00e1 repuntes superiores al 80 por ciento durante los fines de semana, una cifra que baja hasta el 30 por ciento en el caso de la estaci\u00f3n de esqu\u00ed de Sierra Nevada y que crece<\/p>\n","protected":false},"author":1,"featured_media":41279,"comment_status":"open","ping_status":"closed","sticky":false,"template":"","format":"standard","meta":{"footnotes":""},"categories":[222],"tags":[],"class_list":{"0":"post-41278","1":"post","2":"type-post","3":"status-publish","4":"format-standard","5":"has-post-thumbnail","7":"category-actualidad-turismo"},"aioseo_notices":[],"aioseo_head":"\n\t\t<!-- All in One SEO Pro 4.9.6.1 - aioseo.com -->\n\t<meta name=\"description\" content=\"Granada espera que la ocupaci\u00f3n hotelera supere el 65 por ciento durante los meses de verano y se prev\u00e9 que alcanzar\u00e1 repuntes superiores al 80 por ciento durante los fines de semana, una cifra que baja hasta el 30 por ciento en el caso de la estaci\u00f3n de esqu\u00ed de Sierra Nevada y que crece\" \/>\n\t<meta name=\"robots\" content=\"max-image-preview:large\" \/>\n\t<meta name=\"author\" content=\"admin\"\/>\n\t<meta name=\"google-site-verification\" content=\"UA-38556648-1\" \/>\n\t<meta name=\"keywords\" content=\"actualidad turismo\" \/>\n\t<link rel=\"canonical\" href=\"https:\/\/eldigitaldeasturias.com\/magazine365\/granada-preve-un-65-de-ocupacion-hotelera-en-verano-con-repuntes-de-hasta-el-80-en-fines-de-semana\/\" \/>\n\t<meta name=\"generator\" content=\"All in One SEO Pro (AIOSEO) 4.9.6.1\" \/>\n\t\t<meta property=\"og:locale\" content=\"es_ES\" \/>\n\t\t<meta property=\"og:site_name\" content=\"El Digital de Asturias \u2013 Revista de ocio, turismo y estilo de vida\" \/>\n\t\t<meta property=\"og:type\" content=\"article\" \/>\n\t\t<meta property=\"og:title\" content=\"Granada prev\u00e9 un 65% de ocupaci\u00f3n hotelera en verano con repuntes de hasta el 80% en fines de semana | El Digital de Asturias\" \/>\n\t\t<meta property=\"og:description\" content=\"Granada espera que la ocupaci\u00f3n hotelera supere el 65 por ciento durante los meses de verano y se prev\u00e9 que alcanzar\u00e1 repuntes superiores al 80 por ciento durante los fines de semana, una cifra que baja hasta el 30 por ciento en el caso de la estaci\u00f3n de esqu\u00ed de Sierra Nevada y que crece\" \/>\n\t\t<meta property=\"og:url\" content=\"https:\/\/eldigitaldeasturias.com\/magazine365\/granada-preve-un-65-de-ocupacion-hotelera-en-verano-con-repuntes-de-hasta-el-80-en-fines-de-semana\/\" \/>\n\t\t<meta property=\"og:image\" content=\"https:\/\/eldigitaldeasturias.com\/magazine365\/wp-content\/uploads\/2015\/06\/fotonoticia_20150629141134_800.jpg\" \/>\n\t\t<meta property=\"og:image:secure_url\" content=\"https:\/\/eldigitaldeasturias.com\/magazine365\/wp-content\/uploads\/2015\/06\/fotonoticia_20150629141134_800.jpg\" \/>\n\t\t<meta property=\"og:image:width\" content=\"800\" \/>\n\t\t<meta property=\"og:image:height\" content=\"450\" \/>\n\t\t<meta property=\"article:published_time\" content=\"2015-06-30T06:24:11+00:00\" \/>\n\t\t<meta property=\"article:modified_time\" content=\"2015-06-30T06:24:11+00:00\" \/>\n\t\t<meta name=\"twitter:card\" content=\"summary_large_image\" \/>\n\t\t<meta name=\"twitter:title\" content=\"Granada prev\u00e9 un 65% de ocupaci\u00f3n hotelera en verano con repuntes de hasta el 80% en fines de semana | El Digital de Asturias\" \/>\n\t\t<meta name=\"twitter:description\" content=\"Granada espera que la ocupaci\u00f3n hotelera supere el 65 por ciento durante los meses de verano y se prev\u00e9 que alcanzar\u00e1 repuntes superiores al 80 por ciento durante los fines de semana, una cifra que baja hasta el 30 por ciento en el caso de la estaci\u00f3n de esqu\u00ed de Sierra Nevada y que crece\" \/>\n\t\t<meta name=\"twitter:image\" content=\"https:\/\/eldigitaldeasturias.com\/magazine365\/wp-content\/uploads\/2015\/06\/fotonoticia_20150629141134_800.jpg\" \/>\n\t\t<script type=\"application\/ld+json\" class=\"aioseo-schema\">\n\t\t\t{\"@context\":\"https:\\\/\\\/schema.org\",\"@graph\":[{\"@type\":\"Article\",\"@id\":\"https:\\\/\\\/eldigitaldeasturias.com\\\/magazine365\\\/granada-preve-un-65-de-ocupacion-hotelera-en-verano-con-repuntes-de-hasta-el-80-en-fines-de-semana\\\/#article\",\"name\":\"Granada prev\\u00e9 un 65% de ocupaci\\u00f3n hotelera en verano con repuntes de hasta el 80% en fines de semana | El Digital de Asturias\",\"headline\":\"Granada prev\\u00e9 un 65% de ocupaci\\u00f3n hotelera en verano con repuntes de hasta el 80% en fines de semana\",\"author\":{\"@id\":\"https:\\\/\\\/eldigitaldeasturias.com\\\/magazine365\\\/author\\\/admin\\\/#author\"},\"publisher\":{\"@id\":\"https:\\\/\\\/eldigitaldeasturias.com\\\/magazine365\\\/#organization\"},\"image\":{\"@type\":\"ImageObject\",\"url\":\"https:\\\/\\\/eldigitaldeasturias.com\\\/magazine365\\\/wp-content\\\/uploads\\\/2015\\\/06\\\/fotonoticia_20150629141134_800.jpg\",\"width\":800,\"height\":450},\"datePublished\":\"2015-06-30T07:54:11+02:00\",\"dateModified\":\"2015-06-30T07:54:11+02:00\",\"inLanguage\":\"es-ES\",\"mainEntityOfPage\":{\"@id\":\"https:\\\/\\\/eldigitaldeasturias.com\\\/magazine365\\\/granada-preve-un-65-de-ocupacion-hotelera-en-verano-con-repuntes-de-hasta-el-80-en-fines-de-semana\\\/#webpage\"},\"isPartOf\":{\"@id\":\"https:\\\/\\\/eldigitaldeasturias.com\\\/magazine365\\\/granada-preve-un-65-de-ocupacion-hotelera-en-verano-con-repuntes-de-hasta-el-80-en-fines-de-semana\\\/#webpage\"},\"articleSection\":\"Actualidad Turismo\"},{\"@type\":\"BreadcrumbList\",\"@id\":\"https:\\\/\\\/eldigitaldeasturias.com\\\/magazine365\\\/granada-preve-un-65-de-ocupacion-hotelera-en-verano-con-repuntes-de-hasta-el-80-en-fines-de-semana\\\/#breadcrumblist\",\"itemListElement\":[{\"@type\":\"ListItem\",\"@id\":\"https:\\\/\\\/eldigitaldeasturias.com\\\/magazine365#listItem\",\"position\":1,\"name\":\"Home\",\"item\":\"https:\\\/\\\/eldigitaldeasturias.com\\\/magazine365\",\"nextItem\":{\"@type\":\"ListItem\",\"@id\":\"https:\\\/\\\/eldigitaldeasturias.com\\\/magazine365\\\/category\\\/actualidad-turismo\\\/#listItem\",\"name\":\"Actualidad Turismo\"}},{\"@type\":\"ListItem\",\"@id\":\"https:\\\/\\\/eldigitaldeasturias.com\\\/magazine365\\\/category\\\/actualidad-turismo\\\/#listItem\",\"position\":2,\"name\":\"Actualidad Turismo\",\"item\":\"https:\\\/\\\/eldigitaldeasturias.com\\\/magazine365\\\/category\\\/actualidad-turismo\\\/\",\"nextItem\":{\"@type\":\"ListItem\",\"@id\":\"https:\\\/\\\/eldigitaldeasturias.com\\\/magazine365\\\/granada-preve-un-65-de-ocupacion-hotelera-en-verano-con-repuntes-de-hasta-el-80-en-fines-de-semana\\\/#listItem\",\"name\":\"Granada prev\\u00e9 un 65% de ocupaci\\u00f3n hotelera en verano con repuntes de hasta el 80% en fines de semana\"},\"previousItem\":{\"@type\":\"ListItem\",\"@id\":\"https:\\\/\\\/eldigitaldeasturias.com\\\/magazine365#listItem\",\"name\":\"Home\"}},{\"@type\":\"ListItem\",\"@id\":\"https:\\\/\\\/eldigitaldeasturias.com\\\/magazine365\\\/granada-preve-un-65-de-ocupacion-hotelera-en-verano-con-repuntes-de-hasta-el-80-en-fines-de-semana\\\/#listItem\",\"position\":3,\"name\":\"Granada prev\\u00e9 un 65% de ocupaci\\u00f3n hotelera en verano con repuntes de hasta el 80% en fines de semana\",\"previousItem\":{\"@type\":\"ListItem\",\"@id\":\"https:\\\/\\\/eldigitaldeasturias.com\\\/magazine365\\\/category\\\/actualidad-turismo\\\/#listItem\",\"name\":\"Actualidad Turismo\"}}]},{\"@type\":\"Organization\",\"@id\":\"https:\\\/\\\/eldigitaldeasturias.com\\\/magazine365\\\/#organization\",\"name\":\"El digital de Asturias\",\"description\":\"Revista de ocio, turismo y estilo de vida\",\"url\":\"https:\\\/\\\/eldigitaldeasturias.com\\\/magazine365\\\/\",\"logo\":{\"@type\":\"ImageObject\",\"url\":\"https:\\\/\\\/www.eldigitaldeasturias.com\\\/noticias\\\/wp-content\\\/uploads\\\/2020\\\/12\\\/EDA.jpg\",\"@id\":\"https:\\\/\\\/eldigitaldeasturias.com\\\/magazine365\\\/granada-preve-un-65-de-ocupacion-hotelera-en-verano-con-repuntes-de-hasta-el-80-en-fines-de-semana\\\/#organizationLogo\"},\"image\":{\"@id\":\"https:\\\/\\\/eldigitaldeasturias.com\\\/magazine365\\\/granada-preve-un-65-de-ocupacion-hotelera-en-verano-con-repuntes-de-hasta-el-80-en-fines-de-semana\\\/#organizationLogo\"}},{\"@type\":\"Person\",\"@id\":\"https:\\\/\\\/eldigitaldeasturias.com\\\/magazine365\\\/author\\\/admin\\\/#author\",\"url\":\"https:\\\/\\\/eldigitaldeasturias.com\\\/magazine365\\\/author\\\/admin\\\/\",\"name\":\"admin\",\"image\":{\"@type\":\"ImageObject\",\"@id\":\"https:\\\/\\\/eldigitaldeasturias.com\\\/magazine365\\\/granada-preve-un-65-de-ocupacion-hotelera-en-verano-con-repuntes-de-hasta-el-80-en-fines-de-semana\\\/#authorImage\",\"url\":\"https:\\\/\\\/eldigitaldeasturias.com\\\/magazine365\\\/wp-content\\\/litespeed\\\/avatar\\\/e571bcf59a0edd6fa6838245a470f2fe.jpg?ver=1777574230\",\"width\":96,\"height\":96,\"caption\":\"admin\"}},{\"@type\":\"WebPage\",\"@id\":\"https:\\\/\\\/eldigitaldeasturias.com\\\/magazine365\\\/granada-preve-un-65-de-ocupacion-hotelera-en-verano-con-repuntes-de-hasta-el-80-en-fines-de-semana\\\/#webpage\",\"url\":\"https:\\\/\\\/eldigitaldeasturias.com\\\/magazine365\\\/granada-preve-un-65-de-ocupacion-hotelera-en-verano-con-repuntes-de-hasta-el-80-en-fines-de-semana\\\/\",\"name\":\"Granada prev\\u00e9 un 65% de ocupaci\\u00f3n hotelera en verano con repuntes de hasta el 80% en fines de semana | El Digital de Asturias\",\"description\":\"Granada espera que la ocupaci\\u00f3n hotelera supere el 65 por ciento durante los meses de verano y se prev\\u00e9 que alcanzar\\u00e1 repuntes superiores al 80 por ciento durante los fines de semana, una cifra que baja hasta el 30 por ciento en el caso de la estaci\\u00f3n de esqu\\u00ed de Sierra Nevada y que crece\",\"inLanguage\":\"es-ES\",\"isPartOf\":{\"@id\":\"https:\\\/\\\/eldigitaldeasturias.com\\\/magazine365\\\/#website\"},\"breadcrumb\":{\"@id\":\"https:\\\/\\\/eldigitaldeasturias.com\\\/magazine365\\\/granada-preve-un-65-de-ocupacion-hotelera-en-verano-con-repuntes-de-hasta-el-80-en-fines-de-semana\\\/#breadcrumblist\"},\"author\":{\"@id\":\"https:\\\/\\\/eldigitaldeasturias.com\\\/magazine365\\\/author\\\/admin\\\/#author\"},\"creator\":{\"@id\":\"https:\\\/\\\/eldigitaldeasturias.com\\\/magazine365\\\/author\\\/admin\\\/#author\"},\"image\":{\"@type\":\"ImageObject\",\"url\":\"https:\\\/\\\/eldigitaldeasturias.com\\\/magazine365\\\/wp-content\\\/uploads\\\/2015\\\/06\\\/fotonoticia_20150629141134_800.jpg\",\"@id\":\"https:\\\/\\\/eldigitaldeasturias.com\\\/magazine365\\\/granada-preve-un-65-de-ocupacion-hotelera-en-verano-con-repuntes-de-hasta-el-80-en-fines-de-semana\\\/#mainImage\",\"width\":800,\"height\":450},\"primaryImageOfPage\":{\"@id\":\"https:\\\/\\\/eldigitaldeasturias.com\\\/magazine365\\\/granada-preve-un-65-de-ocupacion-hotelera-en-verano-con-repuntes-de-hasta-el-80-en-fines-de-semana\\\/#mainImage\"},\"datePublished\":\"2015-06-30T07:54:11+02:00\",\"dateModified\":\"2015-06-30T07:54:11+02:00\"},{\"@type\":\"WebSite\",\"@id\":\"https:\\\/\\\/eldigitaldeasturias.com\\\/magazine365\\\/#website\",\"url\":\"https:\\\/\\\/eldigitaldeasturias.com\\\/magazine365\\\/\",\"name\":\"El Digital de Asturias\",\"description\":\"Revista de ocio, turismo y estilo de vida\",\"inLanguage\":\"es-ES\",\"publisher\":{\"@id\":\"https:\\\/\\\/eldigitaldeasturias.com\\\/magazine365\\\/#organization\"}}]}\n\t\t<\/script>\n\t\t<!-- All in One SEO Pro -->\r\n\t\t<title>Granada prev\u00e9 un 65% de ocupaci\u00f3n hotelera en verano con repuntes de hasta el 80% en fines de semana | El Digital de Asturias<\/title>\n\n","aioseo_head_json":{"title":"Granada prev\u00e9 un 65% de ocupaci\u00f3n hotelera en verano con repuntes de hasta el 80% en fines de semana | El Digital de Asturias","description":"Granada espera que la ocupaci\u00f3n hotelera supere el 65 por ciento durante los meses de verano y se prev\u00e9 que alcanzar\u00e1 repuntes superiores al 80 por ciento durante los fines de semana, una cifra que baja hasta el 30 por ciento en el caso de la estaci\u00f3n de esqu\u00ed de Sierra Nevada y que crece","canonical_url":"https:\/\/eldigitaldeasturias.com\/magazine365\/granada-preve-un-65-de-ocupacion-hotelera-en-verano-con-repuntes-de-hasta-el-80-en-fines-de-semana\/","robots":"max-image-preview:large","keywords":"actualidad turismo","webmasterTools":{"google-site-verification":"UA-38556648-1","miscellaneous":""},"schema":{"@context":"https:\/\/schema.org","@graph":[{"@type":"Article","@id":"https:\/\/eldigitaldeasturias.com\/magazine365\/granada-preve-un-65-de-ocupacion-hotelera-en-verano-con-repuntes-de-hasta-el-80-en-fines-de-semana\/#article","name":"Granada prev\u00e9 un 65% de ocupaci\u00f3n hotelera en verano con repuntes de hasta el 80% en fines de semana | El Digital de Asturias","headline":"Granada prev\u00e9 un 65% de ocupaci\u00f3n hotelera en verano con repuntes de hasta el 80% en fines de semana","author":{"@id":"https:\/\/eldigitaldeasturias.com\/magazine365\/author\/admin\/#author"},"publisher":{"@id":"https:\/\/eldigitaldeasturias.com\/magazine365\/#organization"},"image":{"@type":"ImageObject","url":"https:\/\/eldigitaldeasturias.com\/magazine365\/wp-content\/uploads\/2015\/06\/fotonoticia_20150629141134_800.jpg","width":800,"height":450},"datePublished":"2015-06-30T07:54:11+02:00","dateModified":"2015-06-30T07:54:11+02:00","inLanguage":"es-ES","mainEntityOfPage":{"@id":"https:\/\/eldigitaldeasturias.com\/magazine365\/granada-preve-un-65-de-ocupacion-hotelera-en-verano-con-repuntes-de-hasta-el-80-en-fines-de-semana\/#webpage"},"isPartOf":{"@id":"https:\/\/eldigitaldeasturias.com\/magazine365\/granada-preve-un-65-de-ocupacion-hotelera-en-verano-con-repuntes-de-hasta-el-80-en-fines-de-semana\/#webpage"},"articleSection":"Actualidad Turismo"},{"@type":"BreadcrumbList","@id":"https:\/\/eldigitaldeasturias.com\/magazine365\/granada-preve-un-65-de-ocupacion-hotelera-en-verano-con-repuntes-de-hasta-el-80-en-fines-de-semana\/#breadcrumblist","itemListElement":[{"@type":"ListItem","@id":"https:\/\/eldigitaldeasturias.com\/magazine365#listItem","position":1,"name":"Home","item":"https:\/\/eldigitaldeasturias.com\/magazine365","nextItem":{"@type":"ListItem","@id":"https:\/\/eldigitaldeasturias.com\/magazine365\/category\/actualidad-turismo\/#listItem","name":"Actualidad Turismo"}},{"@type":"ListItem","@id":"https:\/\/eldigitaldeasturias.com\/magazine365\/category\/actualidad-turismo\/#listItem","position":2,"name":"Actualidad Turismo","item":"https:\/\/eldigitaldeasturias.com\/magazine365\/category\/actualidad-turismo\/","nextItem":{"@type":"ListItem","@id":"https:\/\/eldigitaldeasturias.com\/magazine365\/granada-preve-un-65-de-ocupacion-hotelera-en-verano-con-repuntes-de-hasta-el-80-en-fines-de-semana\/#listItem","name":"Granada prev\u00e9 un 65% de ocupaci\u00f3n hotelera en verano con repuntes de hasta el 80% en fines de semana"},"previousItem":{"@type":"ListItem","@id":"https:\/\/eldigitaldeasturias.com\/magazine365#listItem","name":"Home"}},{"@type":"ListItem","@id":"https:\/\/eldigitaldeasturias.com\/magazine365\/granada-preve-un-65-de-ocupacion-hotelera-en-verano-con-repuntes-de-hasta-el-80-en-fines-de-semana\/#listItem","position":3,"name":"Granada prev\u00e9 un 65% de ocupaci\u00f3n hotelera en verano con repuntes de hasta el 80% en fines de semana","previousItem":{"@type":"ListItem","@id":"https:\/\/eldigitaldeasturias.com\/magazine365\/category\/actualidad-turismo\/#listItem","name":"Actualidad Turismo"}}]},{"@type":"Organization","@id":"https:\/\/eldigitaldeasturias.com\/magazine365\/#organization","name":"El digital de Asturias","description":"Revista de ocio, turismo y estilo de vida","url":"https:\/\/eldigitaldeasturias.com\/magazine365\/","logo":{"@type":"ImageObject","url":"https:\/\/www.eldigitaldeasturias.com\/noticias\/wp-content\/uploads\/2020\/12\/EDA.jpg","@id":"https:\/\/eldigitaldeasturias.com\/magazine365\/granada-preve-un-65-de-ocupacion-hotelera-en-verano-con-repuntes-de-hasta-el-80-en-fines-de-semana\/#organizationLogo"},"image":{"@id":"https:\/\/eldigitaldeasturias.com\/magazine365\/granada-preve-un-65-de-ocupacion-hotelera-en-verano-con-repuntes-de-hasta-el-80-en-fines-de-semana\/#organizationLogo"}},{"@type":"Person","@id":"https:\/\/eldigitaldeasturias.com\/magazine365\/author\/admin\/#author","url":"https:\/\/eldigitaldeasturias.com\/magazine365\/author\/admin\/","name":"admin","image":{"@type":"ImageObject","@id":"https:\/\/eldigitaldeasturias.com\/magazine365\/granada-preve-un-65-de-ocupacion-hotelera-en-verano-con-repuntes-de-hasta-el-80-en-fines-de-semana\/#authorImage","url":"https:\/\/eldigitaldeasturias.com\/magazine365\/wp-content\/litespeed\/avatar\/e571bcf59a0edd6fa6838245a470f2fe.jpg?ver=1777574230","width":96,"height":96,"caption":"admin"}},{"@type":"WebPage","@id":"https:\/\/eldigitaldeasturias.com\/magazine365\/granada-preve-un-65-de-ocupacion-hotelera-en-verano-con-repuntes-de-hasta-el-80-en-fines-de-semana\/#webpage","url":"https:\/\/eldigitaldeasturias.com\/magazine365\/granada-preve-un-65-de-ocupacion-hotelera-en-verano-con-repuntes-de-hasta-el-80-en-fines-de-semana\/","name":"Granada prev\u00e9 un 65% de ocupaci\u00f3n hotelera en verano con repuntes de hasta el 80% en fines de semana | El Digital de Asturias","description":"Granada espera que la ocupaci\u00f3n hotelera supere el 65 por ciento durante los meses de verano y se prev\u00e9 que alcanzar\u00e1 repuntes superiores al 80 por ciento durante los fines de semana, una cifra que baja hasta el 30 por ciento en el caso de la estaci\u00f3n de esqu\u00ed de Sierra Nevada y que crece","inLanguage":"es-ES","isPartOf":{"@id":"https:\/\/eldigitaldeasturias.com\/magazine365\/#website"},"breadcrumb":{"@id":"https:\/\/eldigitaldeasturias.com\/magazine365\/granada-preve-un-65-de-ocupacion-hotelera-en-verano-con-repuntes-de-hasta-el-80-en-fines-de-semana\/#breadcrumblist"},"author":{"@id":"https:\/\/eldigitaldeasturias.com\/magazine365\/author\/admin\/#author"},"creator":{"@id":"https:\/\/eldigitaldeasturias.com\/magazine365\/author\/admin\/#author"},"image":{"@type":"ImageObject","url":"https:\/\/eldigitaldeasturias.com\/magazine365\/wp-content\/uploads\/2015\/06\/fotonoticia_20150629141134_800.jpg","@id":"https:\/\/eldigitaldeasturias.com\/magazine365\/granada-preve-un-65-de-ocupacion-hotelera-en-verano-con-repuntes-de-hasta-el-80-en-fines-de-semana\/#mainImage","width":800,"height":450},"primaryImageOfPage":{"@id":"https:\/\/eldigitaldeasturias.com\/magazine365\/granada-preve-un-65-de-ocupacion-hotelera-en-verano-con-repuntes-de-hasta-el-80-en-fines-de-semana\/#mainImage"},"datePublished":"2015-06-30T07:54:11+02:00","dateModified":"2015-06-30T07:54:11+02:00"},{"@type":"WebSite","@id":"https:\/\/eldigitaldeasturias.com\/magazine365\/#website","url":"https:\/\/eldigitaldeasturias.com\/magazine365\/","name":"El Digital de Asturias","description":"Revista de ocio, turismo y estilo de vida","inLanguage":"es-ES","publisher":{"@id":"https:\/\/eldigitaldeasturias.com\/magazine365\/#organization"}}]},"og:locale":"es_ES","og:site_name":"El Digital de Asturias \u2013 Revista de ocio, turismo y estilo de vida","og:type":"article","og:title":"Granada prev\u00e9 un 65% de ocupaci\u00f3n hotelera en verano con repuntes de hasta el 80% en fines de semana | El Digital de Asturias","og:description":"Granada espera que la ocupaci\u00f3n hotelera supere el 65 por ciento durante los meses de verano y se prev\u00e9 que alcanzar\u00e1 repuntes superiores al 80 por ciento durante los fines de semana, una cifra que baja hasta el 30 por ciento en el caso de la estaci\u00f3n de esqu\u00ed de Sierra Nevada y que crece","og:url":"https:\/\/eldigitaldeasturias.com\/magazine365\/granada-preve-un-65-de-ocupacion-hotelera-en-verano-con-repuntes-de-hasta-el-80-en-fines-de-semana\/","og:image":"https:\/\/eldigitaldeasturias.com\/magazine365\/wp-content\/uploads\/2015\/06\/fotonoticia_20150629141134_800.jpg","og:image:secure_url":"https:\/\/eldigitaldeasturias.com\/magazine365\/wp-content\/uploads\/2015\/06\/fotonoticia_20150629141134_800.jpg","og:image:width":800,"og:image:height":450,"article:published_time":"2015-06-30T06:24:11+00:00","article:modified_time":"2015-06-30T06:24:11+00:00","twitter:card":"summary_large_image","twitter:title":"Granada prev\u00e9 un 65% de ocupaci\u00f3n hotelera en verano con repuntes de hasta el 80% en fines de semana | El Digital de Asturias","twitter:description":"Granada espera que la ocupaci\u00f3n hotelera supere el 65 por ciento durante los meses de verano y se prev\u00e9 que alcanzar\u00e1 repuntes superiores al 80 por ciento durante los fines de semana, una cifra que baja hasta el 30 por ciento en el caso de la estaci\u00f3n de esqu\u00ed de Sierra Nevada y que crece","twitter:image":"https:\/\/eldigitaldeasturias.com\/magazine365\/wp-content\/uploads\/2015\/06\/fotonoticia_20150629141134_800.jpg"},"aioseo_meta_data":{"post_id":"41278","title":null,"description":null,"keywords":null,"keyphrases":null,"primary_term":null,"canonical_url":null,"og_title":null,"og_description":null,"og_object_type":"default","og_image_type":"default","og_image_url":null,"og_image_width":null,"og_image_height":null,"og_image_custom_url":null,"og_image_custom_fields":null,"og_video":null,"og_custom_url":null,"og_article_section":null,"og_article_tags":null,"twitter_use_og":false,"twitter_card":"default","twitter_image_type":"default","twitter_image_url":null,"twitter_image_custom_url":null,"twitter_image_custom_fields":null,"twitter_title":null,"twitter_description":null,"schema":{"blockGraphs":[],"customGraphs":[],"default":{"data":{"Article":[],"Course":[],"Dataset":[],"FAQPage":[],"Movie":[],"Person":[],"Product":[],"ProductReview":[],"Car":[],"Recipe":[],"Service":[],"SoftwareApplication":[],"WebPage":[]},"graphName":"","isEnabled":true},"graphs":[],"defaultGraph":"","defaultPostTypeGraph":""},"schema_type":null,"schema_type_options":null,"pillar_content":false,"robots_default":true,"robots_noindex":false,"robots_noarchive":false,"robots_nosnippet":false,"robots_nofollow":false,"robots_noimageindex":false,"robots_noodp":false,"robots_notranslate":false,"robots_max_snippet":null,"robots_max_videopreview":null,"robots_max_imagepreview":"large","priority":null,"frequency":null,"location":null,"local_seo":null,"seo_analyzer_scan_date":"2025-09-19 15:20:44","breadcrumb_settings":null,"limit_modified_date":false,"open_ai":null,"ai":null,"created":"2021-03-09 02:17:41","updated":"2025-09-19 15:20:44"},"aioseo_breadcrumb":"<div class=\"aioseo-breadcrumbs\"><span class=\"aioseo-breadcrumb\">\n\t<a href=\"https:\/\/eldigitaldeasturias.com\/magazine365\" title=\"Home\">Home<\/a>\n<\/span><span class=\"aioseo-breadcrumb-separator\">\u2013<\/span><span class=\"aioseo-breadcrumb\">\n\t<a href=\"https:\/\/eldigitaldeasturias.com\/magazine365\/category\/actualidad-turismo\/\" title=\"Actualidad Turismo\">Actualidad Turismo<\/a>\n<\/span><span class=\"aioseo-breadcrumb-separator\">\u2013<\/span><span class=\"aioseo-breadcrumb\">\n\t<a href=\"https:\/\/eldigitaldeasturias.com\/magazine365\/granada-preve-un-65-de-ocupacion-hotelera-en-verano-con-repuntes-de-hasta-el-80-en-fines-de-semana\/\" title=\"Granada prev\u00e9 un 65% de ocupaci\u00f3n hotelera en verano con repuntes de hasta el 80% en fines de semana\">Granada prev\u00e9 un 65% de ocupaci\u00f3n hotelera en verano con repuntes de hasta el 80% en fines de semana<\/a>\n<\/span><\/div>","aioseo_breadcrumb_json":[{"label":"Home","link":"https:\/\/eldigitaldeasturias.com\/magazine365"},{"label":"Actualidad Turismo","link":"https:\/\/eldigitaldeasturias.com\/magazine365\/category\/actualidad-turismo\/"},{"label":"Granada prev\u00e9 un 65% de ocupaci\u00f3n hotelera en verano con repuntes de hasta el 80% en fines de semana","link":"https:\/\/eldigitaldeasturias.com\/magazine365\/granada-preve-un-65-de-ocupacion-hotelera-en-verano-con-repuntes-de-hasta-el-80-en-fines-de-semana\/"}],"_links":{"self":[{"href":"https:\/\/eldigitaldeasturias.com\/magazine365\/wp-json\/wp\/v2\/posts\/41278","targetHints":{"allow":["GET"]}}],"collection":[{"href":"https:\/\/eldigitaldeasturias.com\/magazine365\/wp-json\/wp\/v2\/posts"}],"about":[{"href":"https:\/\/eldigitaldeasturias.com\/magazine365\/wp-json\/wp\/v2\/types\/post"}],"author":[{"embeddable":true,"href":"https:\/\/eldigitaldeasturias.com\/magazine365\/wp-json\/wp\/v2\/users\/1"}],"replies":[{"embeddable":true,"href":"https:\/\/eldigitaldeasturias.com\/magazine365\/wp-json\/wp\/v2\/comments?post=41278"}],"version-history":[{"count":0,"href":"https:\/\/eldigitaldeasturias.com\/magazine365\/wp-json\/wp\/v2\/posts\/41278\/revisions"}],"wp:featuredmedia":[{"embeddable":true,"href":"https:\/\/eldigitaldeasturias.com\/magazine365\/wp-json\/wp\/v2\/media\/41279"}],"wp:attachment":[{"href":"https:\/\/eldigitaldeasturias.com\/magazine365\/wp-json\/wp\/v2\/media?parent=41278"}],"wp:term":[{"taxonomy":"category","embeddable":true,"href":"https:\/\/eldigitaldeasturias.com\/magazine365\/wp-json\/wp\/v2\/categories?post=41278"},{"taxonomy":"post_tag","embeddable":true,"href":"https:\/\/eldigitaldeasturias.com\/magazine365\/wp-json\/wp\/v2\/tags?post=41278"}],"curies":[{"name":"wp","href":"https:\/\/api.w.org\/{rel}","templated":true}]}}