{"id":41272,"date":"2015-06-30T07:52:03","date_gmt":"2015-06-30T06:22:03","guid":{"rendered":"http:\/\/eldigitaldeasturias.com\/magazine365\/?p=41272"},"modified":"2015-06-30T07:52:03","modified_gmt":"2015-06-30T06:22:03","slug":"la-ruta-del-vino-cigales-inicia-el-dia-1-el-programa-cultural-entre-piedras-y-lagares","status":"publish","type":"post","link":"https:\/\/eldigitaldeasturias.com\/magazine365\/la-ruta-del-vino-cigales-inicia-el-dia-1-el-programa-cultural-entre-piedras-y-lagares\/","title":{"rendered":"La Ruta del Vino Cigales inicia el d\u00eda 1 el programa cultural &#8216;Entre Piedras y Lagares&#8217;"},"content":{"rendered":"<p><img fetchpriority=\"high\" decoding=\"async\" class=\"alignleft size-medium wp-image-41273\" src=\"https:\/\/eldigitaldeasturias.com\/magazine365\/wp-content\/uploads\/2015\/06\/fotonoticia_20150629140328_800-360x248.jpg\" alt=\"fotonoticia_20150629140328_800\" width=\"360\" height=\"248\" srcset=\"https:\/\/eldigitaldeasturias.com\/magazine365\/wp-content\/uploads\/2015\/06\/fotonoticia_20150629140328_800-360x248.jpg 360w, https:\/\/eldigitaldeasturias.com\/magazine365\/wp-content\/uploads\/2015\/06\/fotonoticia_20150629140328_800-650x447.jpg 650w, https:\/\/eldigitaldeasturias.com\/magazine365\/wp-content\/uploads\/2015\/06\/fotonoticia_20150629140328_800-768x528.jpg 768w, https:\/\/eldigitaldeasturias.com\/magazine365\/wp-content\/uploads\/2015\/06\/fotonoticia_20150629140328_800-150x103.jpg 150w, https:\/\/eldigitaldeasturias.com\/magazine365\/wp-content\/uploads\/2015\/06\/fotonoticia_20150629140328_800-450x309.jpg 450w, https:\/\/eldigitaldeasturias.com\/magazine365\/wp-content\/uploads\/2015\/06\/fotonoticia_20150629140328_800-100x70.jpg 100w, https:\/\/eldigitaldeasturias.com\/magazine365\/wp-content\/uploads\/2015\/06\/fotonoticia_20150629140328_800-218x150.jpg 218w, https:\/\/eldigitaldeasturias.com\/magazine365\/wp-content\/uploads\/2015\/06\/fotonoticia_20150629140328_800-696x479.jpg 696w, https:\/\/eldigitaldeasturias.com\/magazine365\/wp-content\/uploads\/2015\/06\/fotonoticia_20150629140328_800-611x420.jpg 611w, https:\/\/eldigitaldeasturias.com\/magazine365\/wp-content\/uploads\/2015\/06\/fotonoticia_20150629140328_800.jpg 800w\" sizes=\"(max-width: 360px) 100vw, 360px\" \/>La Ruta del Vino Cigales (Valladolid) iniciar\u00e1 este mi\u00e9rcoles, 1 de julio, el programa cultural de verano &#8216;Entre Piedras y Lagares&#8217; que se compondr\u00e1 de 14 actividades que persiguen insistir en \u00abla importancia\u00bb que tiene el v\u00ednculo entre el vino y el patrimonio cultural de la provincia.<\/p>\n<p>El objetivo de &#8216;Entre Piedras y Lagares&#8217; es coordinar un programa de actividades que organizan diversas entidades basadas en el patrimonio y su gesti\u00f3n ya que, la organizaci\u00f3n de la Ruta considera que \u00abla mejor manera de valorar y conservar el patrimonio\u00bb es darle un uso social y tur\u00edstico para que sea conocido.<\/p>\n<p>La Directora de la Fundaci\u00f3n Jim\u00e9nez Arellano Alonso de la Universidad de Valladolid (UVA), instituci\u00f3n que colabora en este programa, Amelia Aguado, ha explicado que el origen de esta fusi\u00f3n se encuentra en una cata de vinos que realiz\u00f3 la D.O. en la Universidad, a ra\u00edz de la que derivaron las relaciones que han concluido en este programa.<\/p>\n<p>En esta l\u00ednea, Aguado ha agradecido el deseo de la D.O. de haber realizado la presentaci\u00f3n de este proyecto en el Museo de Arte Africano de la UVA que ha sido definido como \u00abun lugar din\u00e1mico\u00bb por la Presidenta de la Ruta del Vino Cigales, In\u00e9s Salas.<\/p>\n<p>El Gerente del Consejo Regulador de la D.O. Cigales, Ra\u00fal Fern\u00e1ndez, ha se\u00f1alado su alegr\u00eda por \u00abser la denominaci\u00f3n de origen de Valladolid\u00bb y \u00abla importancia\u00bb que tiene enfocar el consumo responsable del vino hacia la gente joven para lo que resulta \u00abfundamental\u00bb la colaboraci\u00f3n de la UVA.<\/p>\n<p>De este modo, el vicerrector de Relaciones Internacionales de la Universidad, Jos\u00e9 Ram\u00f3n Gonz\u00e1lez, ha definido como \u00abbeneficiosa\u00bb la relaci\u00f3n entre ambas entidades ya que las dos persiguen un objetivo com\u00fan, el desarrollo de la cultura.<\/p>\n<p>Para la Ruta del Vino Cigales, la cultura es un pilar \u00abmuy importante\u00bb por lo que participa en otros programas como &#8216;Las Veladas de los Castillos&#8217; o &#8216;Un abanico de m\u00fasicas&#8217;, as\u00ed como las actividades que realizan en los museos de Bodega-Aula de Interpretaci\u00f3n y el Aula-Museo Paco D\u00edez de Mucientes en la que est\u00e1 presente una colecci\u00f3n de instrumentos musicales, adem\u00e1s del Museo del C\u00e1ntaro en Valoria la Buena.<\/p>\n<p>El programa &#8216;Entre Piedras y Lagares&#8217; es, en palabras de In\u00e9s Salas, un proyecto \u00abvariado\u00bb en el que estar\u00e1n presentes los elementos \u00abclave\u00bb de este programa, el vino y el patrimonio.<\/p>\n<p>Toda la informaci\u00f3n sobre el programa estar\u00e1 disponible en la web de la ruta del vino de Cigales, seg\u00fan ha informado el gerente Miguel \u00c1ngel Garc\u00eda.<\/p>\n<p>&#8216;ENTRE PIEDRAS Y LAGARES&#8217;<\/p>\n<p>El programa estar\u00e1 inaugurado por la Exposici\u00f3n Arte Africano que se podr\u00e1 visitar en las Bodegas Alfredo Santamar\u00eda en Cubillas de Santa Marta desde este mi\u00e9rcoles, 1 de julio, actividad organizada por el Museo Arte-Africano Arellano Alonso y Bodegas Alfredo Santamar\u00eda.<\/p>\n<p>En esta muestra estar\u00e1n presentes cuatro reproducciones de Terracota debido a la \u00abimposibilidad\u00bb que supon\u00eda sacar del museo las piezas originales por los \u00abelevados\u00bb costes que tendr\u00edan las medidas de seguridad precisadas, adem\u00e1s del \u00abgrave\u00bb peligro que correr\u00edan las representaciones.<\/p>\n<p>Amelia Aguado ha recordado el objetivo que persigue esta exposici\u00f3n en la que est\u00e1 \u00abpermitido tocar y obligado sentir\u00bb por lo que las piezas seleccionadas buscan que la gente \u00absienta y viva\u00bb el arte africano.<\/p>\n<p>La ponencia de &#8216;El Canal de Castilla como recurso tur\u00edstico&#8217; impartido por Ernesto Escapa acompa\u00f1ado por el coordinador del Gran Premio ciclista Canal de Castilla, V\u00edctor Mart\u00ednez, tendr\u00e1 lugar el viernes 3 de julio a las 19 horas en el Castillo de Trigueros del Valle.<\/p>\n<p>La Asociaci\u00f3n Amigos del Patrimonio de Due\u00f1as (Palencia) organiza para el s\u00e1bado 4 de julio un mercado castellano desde las 11.00 a las 12.00 horas, al que se unir\u00e1n las Jornadas de puertas abiertas de la Iglesia de Santa Mar\u00eda, Ermita de los Remedios y Ermita de Cristo en horario de ma\u00f1ana y tarde, a lo que se suma una visita teatralizada por Due\u00f1as que tendr\u00e1 una hora de duraci\u00f3n a partir de las 23 horas.<\/p>\n<p>El s\u00e1bado 11 de julio se podr\u00e1 visitar la exposici\u00f3n del Museo de Arte-Africano Jim\u00e9nez Arellano adem\u00e1s del taller cer\u00e1mico y las Bodegas Alfredo Santamar\u00eda de Cubillas de Santa Marta en las que se podr\u00e1 catar el vino Cigales en una reproducci\u00f3n arqueol\u00f3gica de una copa de cer\u00e1mica, por un precio de 8 euros en un horario de 12 a 14 horas.<\/p>\n<p>El siguiente s\u00e1bado, 18 de julio, se realizar\u00e1 una ruta guiada por bodegas y cuevas de Due\u00f1as bajo el titulo &#8216;Como eran y como son estas construcciones subterr\u00e1neas&#8217; para la que ser\u00e1 necesaria inscripci\u00f3n previa y tendr\u00e1 acceso gratuito.<\/p>\n<p>De 12:00 a 20:00 horas del s\u00e1bado 25 de julio, el Ayuntamiento de Trigueros del Valle organiza un Mercado medieval que estar\u00e1 acompa\u00f1ado, a partir de las 22 horas, por una recreaci\u00f3n hist\u00f3rica de Asalto al Castillo.<\/p>\n<p>El concierto &#8216;Terra, los Ritmos de la Vieja Iberia&#8217; de Taper Duel tendr\u00e1 lugar el viernes 31 de julio en el Castillo de Fuensalda\u00f1a a partir de las 20.30 horas por un precio de 12 euros de la mano de la Diputaci\u00f3n de Valladolid.<\/p>\n<p>PROGRAMACI\u00d3N DE AGOSTO<\/p>\n<p>El domingo 2 de agosto la empresa Itinerante Servicios Culturales organiza una ruta guiada en bicicleta por zona de bodegas, vi\u00f1edos y el Canal de Castilla desde las 10 a las 12.30 horas para la que ser\u00e1 necesaria inscripci\u00f3n previa de 15 euros por persona dentro de los que se incluir\u00e1 el alquiler de bici, casco, gu\u00eda oficial y refrigerio.<\/p>\n<p>Durante el fin de semana del 8 y 9 de agosto se realizar\u00e1n talleres infantiles para ni\u00f1os de 6 a 10 a\u00f1os bajo el t\u00edtulo &#8216;Tr\u00e1enos tu imaginaci\u00f3n a la bodega&#8217; en la Bodega Aula de Interpretaci\u00f3n de Mucientes.<\/p>\n<p>La Oficina de Turismo de Mucientes organizar\u00e1 para estos mismos d\u00edas una visita guiada al cuarto de San Pedro, al barrio de bodegas del siglo XVI, a la Bodega Aula de Interpretaci\u00f3n, a lo que se sumar\u00e1 una degustaci\u00f3n de un vino D.O. Cigales por un precio de 2 euros por persona.<\/p>\n<p>El s\u00e1bado 22 de agosto se realizar\u00e1 una visita a la Iglesia de Santiago Ap\u00f3stol y a la Bodega centenaria de Hiriart tras lo que se impartir\u00e1 una charla-ponencia sobre la influencia del vino en el arte en la sala de barricas con una cata de vinos.<\/p>\n<p>El domingo 23 de agosto tambi\u00e9n se ofrecer\u00e1 una visita a la Iglesia de Santiago Ap\u00f3stol y a la Bodega Tradicional acompa\u00f1ada de una degustaci\u00f3n de Clarete y Tinto de Cigales a partir de las 11 horas de la mano de la Oficina de Turismo de Cigales.<\/p>\n<p>El Concierto de Theytune de Sud\u00e1n y Senegal &#8216;M\u00fasica Africana&#8217; tendr\u00e1 lugar el 28 de agosto en el Castillo de Fuensalda\u00f1a a partir de las 20.30 horas por un precio de 12 euros.<\/p>\n<p>La charla &#8216;Protecci\u00f3n de la cultura del vino&#8217; impartida por la arque\u00f3loga de la Junta de Castilla y Le\u00f3n, Consuelo Escribano, tendr\u00e1 lugar a partir de las 12 horas del s\u00e1bado 26 de septiembre en el Restaurante Bodeg\u00f3n El Ciervo de Cabez\u00f3n de Pisuerga gracias a la Organizaci\u00f3n Ciudadanos por la Defensa del Patrimonio de Valladolid.<\/p>\n<p>El mismo s\u00e1bado 26 tendr\u00e1 lugar a las 18 horas una charla y una visita guiada al monasterio de Santa Mar\u00eda de Palazuelos, en Cabez\u00f3n de Pisuerga, bajo el t\u00edtulo &#8216;Santa Mar\u00eda de Palazuelos y el origen del vino en la comarca de Cigales&#8217; que ser\u00e1 impartida por Arturo Balado y Ana B. Mart\u00ednez que repetir\u00e1n el domingo 27 a partir de las 12 horas.<\/p>\n","protected":false},"excerpt":{"rendered":"<p>La Ruta del Vino Cigales (Valladolid) iniciar\u00e1 este mi\u00e9rcoles, 1 de julio, el programa cultural de verano &#8216;Entre Piedras y Lagares&#8217; que se compondr\u00e1 de 14 actividades que persiguen insistir en \u00abla importancia\u00bb que tiene el v\u00ednculo entre el vino y el patrimonio cultural de la provincia. El objetivo de &#8216;Entre Piedras y Lagares&#8217; es<\/p>\n","protected":false},"author":1,"featured_media":41273,"comment_status":"open","ping_status":"closed","sticky":false,"template":"","format":"standard","meta":{"footnotes":""},"categories":[224],"tags":[],"class_list":{"0":"post-41272","1":"post","2":"type-post","3":"status-publish","4":"format-standard","5":"has-post-thumbnail","7":"category-noticias-actualidad"},"aioseo_notices":[],"aioseo_head":"\n\t\t<!-- All in One SEO Pro 4.9.6.1 - aioseo.com -->\n\t<meta name=\"description\" content=\"La Ruta del Vino Cigales (Valladolid) iniciar\u00e1 este mi\u00e9rcoles, 1 de julio, el programa cultural de verano &#039;Entre Piedras y Lagares&#039; que se compondr\u00e1 de 14 actividades que persiguen insistir en &quot;la importancia&quot; que tiene el v\u00ednculo entre el vino y el patrimonio cultural de la provincia. El objetivo de &#039;Entre Piedras y Lagares&#039; es\" \/>\n\t<meta name=\"robots\" content=\"max-image-preview:large\" \/>\n\t<meta name=\"author\" content=\"admin\"\/>\n\t<meta name=\"google-site-verification\" content=\"UA-38556648-1\" \/>\n\t<meta name=\"keywords\" content=\"noticias y actualidad\" \/>\n\t<link rel=\"canonical\" href=\"https:\/\/eldigitaldeasturias.com\/magazine365\/la-ruta-del-vino-cigales-inicia-el-dia-1-el-programa-cultural-entre-piedras-y-lagares\/\" \/>\n\t<meta name=\"generator\" content=\"All in One SEO Pro (AIOSEO) 4.9.6.1\" \/>\n\t\t<meta property=\"og:locale\" content=\"es_ES\" \/>\n\t\t<meta property=\"og:site_name\" content=\"El Digital de Asturias \u2013 Revista de ocio, turismo y estilo de vida\" \/>\n\t\t<meta property=\"og:type\" content=\"article\" \/>\n\t\t<meta property=\"og:title\" content=\"La Ruta del Vino Cigales inicia el d\u00eda 1 el programa cultural \u2018Entre Piedras y Lagares\u2019 | El Digital de Asturias\" \/>\n\t\t<meta property=\"og:description\" content=\"La Ruta del Vino Cigales (Valladolid) iniciar\u00e1 este mi\u00e9rcoles, 1 de julio, el programa cultural de verano &#039;Entre Piedras y Lagares&#039; que se compondr\u00e1 de 14 actividades que persiguen insistir en &quot;la importancia&quot; que tiene el v\u00ednculo entre el vino y el patrimonio cultural de la provincia. El objetivo de &#039;Entre Piedras y Lagares&#039; es\" \/>\n\t\t<meta property=\"og:url\" content=\"https:\/\/eldigitaldeasturias.com\/magazine365\/la-ruta-del-vino-cigales-inicia-el-dia-1-el-programa-cultural-entre-piedras-y-lagares\/\" \/>\n\t\t<meta property=\"og:image\" content=\"https:\/\/eldigitaldeasturias.com\/magazine365\/wp-content\/uploads\/2015\/06\/fotonoticia_20150629140328_800.jpg\" \/>\n\t\t<meta property=\"og:image:secure_url\" content=\"https:\/\/eldigitaldeasturias.com\/magazine365\/wp-content\/uploads\/2015\/06\/fotonoticia_20150629140328_800.jpg\" \/>\n\t\t<meta property=\"og:image:width\" content=\"800\" \/>\n\t\t<meta property=\"og:image:height\" content=\"550\" \/>\n\t\t<meta property=\"article:published_time\" content=\"2015-06-30T06:22:03+00:00\" \/>\n\t\t<meta property=\"article:modified_time\" content=\"2015-06-30T06:22:03+00:00\" \/>\n\t\t<meta name=\"twitter:card\" content=\"summary_large_image\" \/>\n\t\t<meta name=\"twitter:title\" content=\"La Ruta del Vino Cigales inicia el d\u00eda 1 el programa cultural \u2018Entre Piedras y Lagares\u2019 | El Digital de Asturias\" \/>\n\t\t<meta name=\"twitter:description\" content=\"La Ruta del Vino Cigales (Valladolid) iniciar\u00e1 este mi\u00e9rcoles, 1 de julio, el programa cultural de verano &#039;Entre Piedras y Lagares&#039; que se compondr\u00e1 de 14 actividades que persiguen insistir en &quot;la importancia&quot; que tiene el v\u00ednculo entre el vino y el patrimonio cultural de la provincia. El objetivo de &#039;Entre Piedras y Lagares&#039; es\" \/>\n\t\t<meta name=\"twitter:image\" content=\"https:\/\/eldigitaldeasturias.com\/magazine365\/wp-content\/uploads\/2015\/06\/fotonoticia_20150629140328_800.jpg\" \/>\n\t\t<script type=\"application\/ld+json\" class=\"aioseo-schema\">\n\t\t\t{\"@context\":\"https:\\\/\\\/schema.org\",\"@graph\":[{\"@type\":\"Article\",\"@id\":\"https:\\\/\\\/eldigitaldeasturias.com\\\/magazine365\\\/la-ruta-del-vino-cigales-inicia-el-dia-1-el-programa-cultural-entre-piedras-y-lagares\\\/#article\",\"name\":\"La Ruta del Vino Cigales inicia el d\\u00eda 1 el programa cultural \\u2018Entre Piedras y Lagares\\u2019 | El Digital de Asturias\",\"headline\":\"La Ruta del Vino Cigales inicia el d\\u00eda 1 el programa cultural &#8216;Entre Piedras y Lagares&#8217;\",\"author\":{\"@id\":\"https:\\\/\\\/eldigitaldeasturias.com\\\/magazine365\\\/author\\\/admin\\\/#author\"},\"publisher\":{\"@id\":\"https:\\\/\\\/eldigitaldeasturias.com\\\/magazine365\\\/#organization\"},\"image\":{\"@type\":\"ImageObject\",\"url\":\"https:\\\/\\\/eldigitaldeasturias.com\\\/magazine365\\\/wp-content\\\/uploads\\\/2015\\\/06\\\/fotonoticia_20150629140328_800.jpg\",\"width\":800,\"height\":550},\"datePublished\":\"2015-06-30T07:52:03+02:00\",\"dateModified\":\"2015-06-30T07:52:03+02:00\",\"inLanguage\":\"es-ES\",\"mainEntityOfPage\":{\"@id\":\"https:\\\/\\\/eldigitaldeasturias.com\\\/magazine365\\\/la-ruta-del-vino-cigales-inicia-el-dia-1-el-programa-cultural-entre-piedras-y-lagares\\\/#webpage\"},\"isPartOf\":{\"@id\":\"https:\\\/\\\/eldigitaldeasturias.com\\\/magazine365\\\/la-ruta-del-vino-cigales-inicia-el-dia-1-el-programa-cultural-entre-piedras-y-lagares\\\/#webpage\"},\"articleSection\":\"Noticias y Actualidad\"},{\"@type\":\"BreadcrumbList\",\"@id\":\"https:\\\/\\\/eldigitaldeasturias.com\\\/magazine365\\\/la-ruta-del-vino-cigales-inicia-el-dia-1-el-programa-cultural-entre-piedras-y-lagares\\\/#breadcrumblist\",\"itemListElement\":[{\"@type\":\"ListItem\",\"@id\":\"https:\\\/\\\/eldigitaldeasturias.com\\\/magazine365#listItem\",\"position\":1,\"name\":\"Home\",\"item\":\"https:\\\/\\\/eldigitaldeasturias.com\\\/magazine365\",\"nextItem\":{\"@type\":\"ListItem\",\"@id\":\"https:\\\/\\\/eldigitaldeasturias.com\\\/magazine365\\\/category\\\/noticias-actualidad\\\/#listItem\",\"name\":\"Noticias y Actualidad\"}},{\"@type\":\"ListItem\",\"@id\":\"https:\\\/\\\/eldigitaldeasturias.com\\\/magazine365\\\/category\\\/noticias-actualidad\\\/#listItem\",\"position\":2,\"name\":\"Noticias y Actualidad\",\"item\":\"https:\\\/\\\/eldigitaldeasturias.com\\\/magazine365\\\/category\\\/noticias-actualidad\\\/\",\"nextItem\":{\"@type\":\"ListItem\",\"@id\":\"https:\\\/\\\/eldigitaldeasturias.com\\\/magazine365\\\/la-ruta-del-vino-cigales-inicia-el-dia-1-el-programa-cultural-entre-piedras-y-lagares\\\/#listItem\",\"name\":\"La Ruta del Vino Cigales inicia el d\\u00eda 1 el programa cultural &#8216;Entre Piedras y Lagares&#8217;\"},\"previousItem\":{\"@type\":\"ListItem\",\"@id\":\"https:\\\/\\\/eldigitaldeasturias.com\\\/magazine365#listItem\",\"name\":\"Home\"}},{\"@type\":\"ListItem\",\"@id\":\"https:\\\/\\\/eldigitaldeasturias.com\\\/magazine365\\\/la-ruta-del-vino-cigales-inicia-el-dia-1-el-programa-cultural-entre-piedras-y-lagares\\\/#listItem\",\"position\":3,\"name\":\"La Ruta del Vino Cigales inicia el d\\u00eda 1 el programa cultural &#8216;Entre Piedras y Lagares&#8217;\",\"previousItem\":{\"@type\":\"ListItem\",\"@id\":\"https:\\\/\\\/eldigitaldeasturias.com\\\/magazine365\\\/category\\\/noticias-actualidad\\\/#listItem\",\"name\":\"Noticias y Actualidad\"}}]},{\"@type\":\"Organization\",\"@id\":\"https:\\\/\\\/eldigitaldeasturias.com\\\/magazine365\\\/#organization\",\"name\":\"El digital de Asturias\",\"description\":\"Revista de ocio, turismo y estilo de vida\",\"url\":\"https:\\\/\\\/eldigitaldeasturias.com\\\/magazine365\\\/\",\"logo\":{\"@type\":\"ImageObject\",\"url\":\"https:\\\/\\\/www.eldigitaldeasturias.com\\\/noticias\\\/wp-content\\\/uploads\\\/2020\\\/12\\\/EDA.jpg\",\"@id\":\"https:\\\/\\\/eldigitaldeasturias.com\\\/magazine365\\\/la-ruta-del-vino-cigales-inicia-el-dia-1-el-programa-cultural-entre-piedras-y-lagares\\\/#organizationLogo\"},\"image\":{\"@id\":\"https:\\\/\\\/eldigitaldeasturias.com\\\/magazine365\\\/la-ruta-del-vino-cigales-inicia-el-dia-1-el-programa-cultural-entre-piedras-y-lagares\\\/#organizationLogo\"}},{\"@type\":\"Person\",\"@id\":\"https:\\\/\\\/eldigitaldeasturias.com\\\/magazine365\\\/author\\\/admin\\\/#author\",\"url\":\"https:\\\/\\\/eldigitaldeasturias.com\\\/magazine365\\\/author\\\/admin\\\/\",\"name\":\"admin\",\"image\":{\"@type\":\"ImageObject\",\"@id\":\"https:\\\/\\\/eldigitaldeasturias.com\\\/magazine365\\\/la-ruta-del-vino-cigales-inicia-el-dia-1-el-programa-cultural-entre-piedras-y-lagares\\\/#authorImage\",\"url\":\"https:\\\/\\\/eldigitaldeasturias.com\\\/magazine365\\\/wp-content\\\/litespeed\\\/avatar\\\/e571bcf59a0edd6fa6838245a470f2fe.jpg?ver=1777574230\",\"width\":96,\"height\":96,\"caption\":\"admin\"}},{\"@type\":\"WebPage\",\"@id\":\"https:\\\/\\\/eldigitaldeasturias.com\\\/magazine365\\\/la-ruta-del-vino-cigales-inicia-el-dia-1-el-programa-cultural-entre-piedras-y-lagares\\\/#webpage\",\"url\":\"https:\\\/\\\/eldigitaldeasturias.com\\\/magazine365\\\/la-ruta-del-vino-cigales-inicia-el-dia-1-el-programa-cultural-entre-piedras-y-lagares\\\/\",\"name\":\"La Ruta del Vino Cigales inicia el d\\u00eda 1 el programa cultural \\u2018Entre Piedras y Lagares\\u2019 | El Digital de Asturias\",\"description\":\"La Ruta del Vino Cigales (Valladolid) iniciar\\u00e1 este mi\\u00e9rcoles, 1 de julio, el programa cultural de verano 'Entre Piedras y Lagares' que se compondr\\u00e1 de 14 actividades que persiguen insistir en \\\"la importancia\\\" que tiene el v\\u00ednculo entre el vino y el patrimonio cultural de la provincia. El objetivo de 'Entre Piedras y Lagares' es\",\"inLanguage\":\"es-ES\",\"isPartOf\":{\"@id\":\"https:\\\/\\\/eldigitaldeasturias.com\\\/magazine365\\\/#website\"},\"breadcrumb\":{\"@id\":\"https:\\\/\\\/eldigitaldeasturias.com\\\/magazine365\\\/la-ruta-del-vino-cigales-inicia-el-dia-1-el-programa-cultural-entre-piedras-y-lagares\\\/#breadcrumblist\"},\"author\":{\"@id\":\"https:\\\/\\\/eldigitaldeasturias.com\\\/magazine365\\\/author\\\/admin\\\/#author\"},\"creator\":{\"@id\":\"https:\\\/\\\/eldigitaldeasturias.com\\\/magazine365\\\/author\\\/admin\\\/#author\"},\"image\":{\"@type\":\"ImageObject\",\"url\":\"https:\\\/\\\/eldigitaldeasturias.com\\\/magazine365\\\/wp-content\\\/uploads\\\/2015\\\/06\\\/fotonoticia_20150629140328_800.jpg\",\"@id\":\"https:\\\/\\\/eldigitaldeasturias.com\\\/magazine365\\\/la-ruta-del-vino-cigales-inicia-el-dia-1-el-programa-cultural-entre-piedras-y-lagares\\\/#mainImage\",\"width\":800,\"height\":550},\"primaryImageOfPage\":{\"@id\":\"https:\\\/\\\/eldigitaldeasturias.com\\\/magazine365\\\/la-ruta-del-vino-cigales-inicia-el-dia-1-el-programa-cultural-entre-piedras-y-lagares\\\/#mainImage\"},\"datePublished\":\"2015-06-30T07:52:03+02:00\",\"dateModified\":\"2015-06-30T07:52:03+02:00\"},{\"@type\":\"WebSite\",\"@id\":\"https:\\\/\\\/eldigitaldeasturias.com\\\/magazine365\\\/#website\",\"url\":\"https:\\\/\\\/eldigitaldeasturias.com\\\/magazine365\\\/\",\"name\":\"El Digital de Asturias\",\"description\":\"Revista de ocio, turismo y estilo de vida\",\"inLanguage\":\"es-ES\",\"publisher\":{\"@id\":\"https:\\\/\\\/eldigitaldeasturias.com\\\/magazine365\\\/#organization\"}}]}\n\t\t<\/script>\n\t\t<!-- All in One SEO Pro -->\r\n\t\t<title>La Ruta del Vino Cigales inicia el d\u00eda 1 el programa cultural \u2018Entre Piedras y Lagares\u2019 | El Digital de Asturias<\/title>\n\n","aioseo_head_json":{"title":"La Ruta del Vino Cigales inicia el d\u00eda 1 el programa cultural \u2018Entre Piedras y Lagares\u2019 | El Digital de Asturias","description":"La Ruta del Vino Cigales (Valladolid) iniciar\u00e1 este mi\u00e9rcoles, 1 de julio, el programa cultural de verano 'Entre Piedras y Lagares' que se compondr\u00e1 de 14 actividades que persiguen insistir en \"la importancia\" que tiene el v\u00ednculo entre el vino y el patrimonio cultural de la provincia. El objetivo de 'Entre Piedras y Lagares' es","canonical_url":"https:\/\/eldigitaldeasturias.com\/magazine365\/la-ruta-del-vino-cigales-inicia-el-dia-1-el-programa-cultural-entre-piedras-y-lagares\/","robots":"max-image-preview:large","keywords":"noticias y actualidad","webmasterTools":{"google-site-verification":"UA-38556648-1","miscellaneous":""},"schema":{"@context":"https:\/\/schema.org","@graph":[{"@type":"Article","@id":"https:\/\/eldigitaldeasturias.com\/magazine365\/la-ruta-del-vino-cigales-inicia-el-dia-1-el-programa-cultural-entre-piedras-y-lagares\/#article","name":"La Ruta del Vino Cigales inicia el d\u00eda 1 el programa cultural \u2018Entre Piedras y Lagares\u2019 | El Digital de Asturias","headline":"La Ruta del Vino Cigales inicia el d\u00eda 1 el programa cultural &#8216;Entre Piedras y Lagares&#8217;","author":{"@id":"https:\/\/eldigitaldeasturias.com\/magazine365\/author\/admin\/#author"},"publisher":{"@id":"https:\/\/eldigitaldeasturias.com\/magazine365\/#organization"},"image":{"@type":"ImageObject","url":"https:\/\/eldigitaldeasturias.com\/magazine365\/wp-content\/uploads\/2015\/06\/fotonoticia_20150629140328_800.jpg","width":800,"height":550},"datePublished":"2015-06-30T07:52:03+02:00","dateModified":"2015-06-30T07:52:03+02:00","inLanguage":"es-ES","mainEntityOfPage":{"@id":"https:\/\/eldigitaldeasturias.com\/magazine365\/la-ruta-del-vino-cigales-inicia-el-dia-1-el-programa-cultural-entre-piedras-y-lagares\/#webpage"},"isPartOf":{"@id":"https:\/\/eldigitaldeasturias.com\/magazine365\/la-ruta-del-vino-cigales-inicia-el-dia-1-el-programa-cultural-entre-piedras-y-lagares\/#webpage"},"articleSection":"Noticias y Actualidad"},{"@type":"BreadcrumbList","@id":"https:\/\/eldigitaldeasturias.com\/magazine365\/la-ruta-del-vino-cigales-inicia-el-dia-1-el-programa-cultural-entre-piedras-y-lagares\/#breadcrumblist","itemListElement":[{"@type":"ListItem","@id":"https:\/\/eldigitaldeasturias.com\/magazine365#listItem","position":1,"name":"Home","item":"https:\/\/eldigitaldeasturias.com\/magazine365","nextItem":{"@type":"ListItem","@id":"https:\/\/eldigitaldeasturias.com\/magazine365\/category\/noticias-actualidad\/#listItem","name":"Noticias y Actualidad"}},{"@type":"ListItem","@id":"https:\/\/eldigitaldeasturias.com\/magazine365\/category\/noticias-actualidad\/#listItem","position":2,"name":"Noticias y Actualidad","item":"https:\/\/eldigitaldeasturias.com\/magazine365\/category\/noticias-actualidad\/","nextItem":{"@type":"ListItem","@id":"https:\/\/eldigitaldeasturias.com\/magazine365\/la-ruta-del-vino-cigales-inicia-el-dia-1-el-programa-cultural-entre-piedras-y-lagares\/#listItem","name":"La Ruta del Vino Cigales inicia el d\u00eda 1 el programa cultural &#8216;Entre Piedras y Lagares&#8217;"},"previousItem":{"@type":"ListItem","@id":"https:\/\/eldigitaldeasturias.com\/magazine365#listItem","name":"Home"}},{"@type":"ListItem","@id":"https:\/\/eldigitaldeasturias.com\/magazine365\/la-ruta-del-vino-cigales-inicia-el-dia-1-el-programa-cultural-entre-piedras-y-lagares\/#listItem","position":3,"name":"La Ruta del Vino Cigales inicia el d\u00eda 1 el programa cultural &#8216;Entre Piedras y Lagares&#8217;","previousItem":{"@type":"ListItem","@id":"https:\/\/eldigitaldeasturias.com\/magazine365\/category\/noticias-actualidad\/#listItem","name":"Noticias y Actualidad"}}]},{"@type":"Organization","@id":"https:\/\/eldigitaldeasturias.com\/magazine365\/#organization","name":"El digital de Asturias","description":"Revista de ocio, turismo y estilo de vida","url":"https:\/\/eldigitaldeasturias.com\/magazine365\/","logo":{"@type":"ImageObject","url":"https:\/\/www.eldigitaldeasturias.com\/noticias\/wp-content\/uploads\/2020\/12\/EDA.jpg","@id":"https:\/\/eldigitaldeasturias.com\/magazine365\/la-ruta-del-vino-cigales-inicia-el-dia-1-el-programa-cultural-entre-piedras-y-lagares\/#organizationLogo"},"image":{"@id":"https:\/\/eldigitaldeasturias.com\/magazine365\/la-ruta-del-vino-cigales-inicia-el-dia-1-el-programa-cultural-entre-piedras-y-lagares\/#organizationLogo"}},{"@type":"Person","@id":"https:\/\/eldigitaldeasturias.com\/magazine365\/author\/admin\/#author","url":"https:\/\/eldigitaldeasturias.com\/magazine365\/author\/admin\/","name":"admin","image":{"@type":"ImageObject","@id":"https:\/\/eldigitaldeasturias.com\/magazine365\/la-ruta-del-vino-cigales-inicia-el-dia-1-el-programa-cultural-entre-piedras-y-lagares\/#authorImage","url":"https:\/\/eldigitaldeasturias.com\/magazine365\/wp-content\/litespeed\/avatar\/e571bcf59a0edd6fa6838245a470f2fe.jpg?ver=1777574230","width":96,"height":96,"caption":"admin"}},{"@type":"WebPage","@id":"https:\/\/eldigitaldeasturias.com\/magazine365\/la-ruta-del-vino-cigales-inicia-el-dia-1-el-programa-cultural-entre-piedras-y-lagares\/#webpage","url":"https:\/\/eldigitaldeasturias.com\/magazine365\/la-ruta-del-vino-cigales-inicia-el-dia-1-el-programa-cultural-entre-piedras-y-lagares\/","name":"La Ruta del Vino Cigales inicia el d\u00eda 1 el programa cultural \u2018Entre Piedras y Lagares\u2019 | El Digital de Asturias","description":"La Ruta del Vino Cigales (Valladolid) iniciar\u00e1 este mi\u00e9rcoles, 1 de julio, el programa cultural de verano 'Entre Piedras y Lagares' que se compondr\u00e1 de 14 actividades que persiguen insistir en \"la importancia\" que tiene el v\u00ednculo entre el vino y el patrimonio cultural de la provincia. El objetivo de 'Entre Piedras y Lagares' es","inLanguage":"es-ES","isPartOf":{"@id":"https:\/\/eldigitaldeasturias.com\/magazine365\/#website"},"breadcrumb":{"@id":"https:\/\/eldigitaldeasturias.com\/magazine365\/la-ruta-del-vino-cigales-inicia-el-dia-1-el-programa-cultural-entre-piedras-y-lagares\/#breadcrumblist"},"author":{"@id":"https:\/\/eldigitaldeasturias.com\/magazine365\/author\/admin\/#author"},"creator":{"@id":"https:\/\/eldigitaldeasturias.com\/magazine365\/author\/admin\/#author"},"image":{"@type":"ImageObject","url":"https:\/\/eldigitaldeasturias.com\/magazine365\/wp-content\/uploads\/2015\/06\/fotonoticia_20150629140328_800.jpg","@id":"https:\/\/eldigitaldeasturias.com\/magazine365\/la-ruta-del-vino-cigales-inicia-el-dia-1-el-programa-cultural-entre-piedras-y-lagares\/#mainImage","width":800,"height":550},"primaryImageOfPage":{"@id":"https:\/\/eldigitaldeasturias.com\/magazine365\/la-ruta-del-vino-cigales-inicia-el-dia-1-el-programa-cultural-entre-piedras-y-lagares\/#mainImage"},"datePublished":"2015-06-30T07:52:03+02:00","dateModified":"2015-06-30T07:52:03+02:00"},{"@type":"WebSite","@id":"https:\/\/eldigitaldeasturias.com\/magazine365\/#website","url":"https:\/\/eldigitaldeasturias.com\/magazine365\/","name":"El Digital de Asturias","description":"Revista de ocio, turismo y estilo de vida","inLanguage":"es-ES","publisher":{"@id":"https:\/\/eldigitaldeasturias.com\/magazine365\/#organization"}}]},"og:locale":"es_ES","og:site_name":"El Digital de Asturias \u2013 Revista de ocio, turismo y estilo de vida","og:type":"article","og:title":"La Ruta del Vino Cigales inicia el d\u00eda 1 el programa cultural \u2018Entre Piedras y Lagares\u2019 | El Digital de Asturias","og:description":"La Ruta del Vino Cigales (Valladolid) iniciar\u00e1 este mi\u00e9rcoles, 1 de julio, el programa cultural de verano 'Entre Piedras y Lagares' que se compondr\u00e1 de 14 actividades que persiguen insistir en &quot;la importancia&quot; que tiene el v\u00ednculo entre el vino y el patrimonio cultural de la provincia. El objetivo de 'Entre Piedras y Lagares' es","og:url":"https:\/\/eldigitaldeasturias.com\/magazine365\/la-ruta-del-vino-cigales-inicia-el-dia-1-el-programa-cultural-entre-piedras-y-lagares\/","og:image":"https:\/\/eldigitaldeasturias.com\/magazine365\/wp-content\/uploads\/2015\/06\/fotonoticia_20150629140328_800.jpg","og:image:secure_url":"https:\/\/eldigitaldeasturias.com\/magazine365\/wp-content\/uploads\/2015\/06\/fotonoticia_20150629140328_800.jpg","og:image:width":800,"og:image:height":550,"article:published_time":"2015-06-30T06:22:03+00:00","article:modified_time":"2015-06-30T06:22:03+00:00","twitter:card":"summary_large_image","twitter:title":"La Ruta del Vino Cigales inicia el d\u00eda 1 el programa cultural \u2018Entre Piedras y Lagares\u2019 | El Digital de Asturias","twitter:description":"La Ruta del Vino Cigales (Valladolid) iniciar\u00e1 este mi\u00e9rcoles, 1 de julio, el programa cultural de verano 'Entre Piedras y Lagares' que se compondr\u00e1 de 14 actividades que persiguen insistir en &quot;la importancia&quot; que tiene el v\u00ednculo entre el vino y el patrimonio cultural de la provincia. El objetivo de 'Entre Piedras y Lagares' es","twitter:image":"https:\/\/eldigitaldeasturias.com\/magazine365\/wp-content\/uploads\/2015\/06\/fotonoticia_20150629140328_800.jpg"},"aioseo_meta_data":{"post_id":"41272","title":null,"description":null,"keywords":null,"keyphrases":null,"primary_term":null,"canonical_url":null,"og_title":null,"og_description":null,"og_object_type":"default","og_image_type":"default","og_image_url":null,"og_image_width":null,"og_image_height":null,"og_image_custom_url":null,"og_image_custom_fields":null,"og_video":null,"og_custom_url":null,"og_article_section":null,"og_article_tags":null,"twitter_use_og":false,"twitter_card":"default","twitter_image_type":"default","twitter_image_url":null,"twitter_image_custom_url":null,"twitter_image_custom_fields":null,"twitter_title":null,"twitter_description":null,"schema":{"blockGraphs":[],"customGraphs":[],"default":{"data":{"Article":[],"Course":[],"Dataset":[],"FAQPage":[],"Movie":[],"Person":[],"Product":[],"ProductReview":[],"Car":[],"Recipe":[],"Service":[],"SoftwareApplication":[],"WebPage":[]},"graphName":"","isEnabled":true},"graphs":[],"defaultGraph":"","defaultPostTypeGraph":""},"schema_type":null,"schema_type_options":null,"pillar_content":false,"robots_default":true,"robots_noindex":false,"robots_noarchive":false,"robots_nosnippet":false,"robots_nofollow":false,"robots_noimageindex":false,"robots_noodp":false,"robots_notranslate":false,"robots_max_snippet":null,"robots_max_videopreview":null,"robots_max_imagepreview":"large","priority":null,"frequency":null,"location":null,"local_seo":null,"seo_analyzer_scan_date":"2025-09-19 15:20:41","breadcrumb_settings":null,"limit_modified_date":false,"open_ai":null,"ai":null,"created":"2021-03-09 02:17:41","updated":"2025-09-19 15:20:41"},"aioseo_breadcrumb":"<div class=\"aioseo-breadcrumbs\"><span class=\"aioseo-breadcrumb\">\n\t<a href=\"https:\/\/eldigitaldeasturias.com\/magazine365\" title=\"Home\">Home<\/a>\n<\/span><span class=\"aioseo-breadcrumb-separator\">\u2013<\/span><span class=\"aioseo-breadcrumb\">\n\t<a href=\"https:\/\/eldigitaldeasturias.com\/magazine365\/category\/noticias-actualidad\/\" title=\"Noticias y Actualidad\">Noticias y Actualidad<\/a>\n<\/span><span class=\"aioseo-breadcrumb-separator\">\u2013<\/span><span class=\"aioseo-breadcrumb\">\n\t<a href=\"https:\/\/eldigitaldeasturias.com\/magazine365\/la-ruta-del-vino-cigales-inicia-el-dia-1-el-programa-cultural-entre-piedras-y-lagares\/\" title=\"La Ruta del Vino Cigales inicia el d\u00eda 1 el programa cultural \u2018Entre Piedras y Lagares\u2019\">La Ruta del Vino Cigales inicia el d\u00eda 1 el programa cultural \u2018Entre Piedras y Lagares\u2019<\/a>\n<\/span><\/div>","aioseo_breadcrumb_json":[{"label":"Home","link":"https:\/\/eldigitaldeasturias.com\/magazine365"},{"label":"Noticias y Actualidad","link":"https:\/\/eldigitaldeasturias.com\/magazine365\/category\/noticias-actualidad\/"},{"label":"La Ruta del Vino Cigales inicia el d\u00eda 1 el programa cultural &#8216;Entre Piedras y Lagares&#8217;","link":"https:\/\/eldigitaldeasturias.com\/magazine365\/la-ruta-del-vino-cigales-inicia-el-dia-1-el-programa-cultural-entre-piedras-y-lagares\/"}],"_links":{"self":[{"href":"https:\/\/eldigitaldeasturias.com\/magazine365\/wp-json\/wp\/v2\/posts\/41272","targetHints":{"allow":["GET"]}}],"collection":[{"href":"https:\/\/eldigitaldeasturias.com\/magazine365\/wp-json\/wp\/v2\/posts"}],"about":[{"href":"https:\/\/eldigitaldeasturias.com\/magazine365\/wp-json\/wp\/v2\/types\/post"}],"author":[{"embeddable":true,"href":"https:\/\/eldigitaldeasturias.com\/magazine365\/wp-json\/wp\/v2\/users\/1"}],"replies":[{"embeddable":true,"href":"https:\/\/eldigitaldeasturias.com\/magazine365\/wp-json\/wp\/v2\/comments?post=41272"}],"version-history":[{"count":0,"href":"https:\/\/eldigitaldeasturias.com\/magazine365\/wp-json\/wp\/v2\/posts\/41272\/revisions"}],"wp:featuredmedia":[{"embeddable":true,"href":"https:\/\/eldigitaldeasturias.com\/magazine365\/wp-json\/wp\/v2\/media\/41273"}],"wp:attachment":[{"href":"https:\/\/eldigitaldeasturias.com\/magazine365\/wp-json\/wp\/v2\/media?parent=41272"}],"wp:term":[{"taxonomy":"category","embeddable":true,"href":"https:\/\/eldigitaldeasturias.com\/magazine365\/wp-json\/wp\/v2\/categories?post=41272"},{"taxonomy":"post_tag","embeddable":true,"href":"https:\/\/eldigitaldeasturias.com\/magazine365\/wp-json\/wp\/v2\/tags?post=41272"}],"curies":[{"name":"wp","href":"https:\/\/api.w.org\/{rel}","templated":true}]}}