{"id":41266,"date":"2015-06-30T07:46:58","date_gmt":"2015-06-30T06:16:58","guid":{"rendered":"http:\/\/eldigitaldeasturias.com\/magazine365\/?p=41266"},"modified":"2015-06-30T07:46:58","modified_gmt":"2015-06-30T06:16:58","slug":"royal-air-maroc-recibe-su-cuarta-estrella-de-skytrax","status":"publish","type":"post","link":"https:\/\/eldigitaldeasturias.com\/magazine365\/royal-air-maroc-recibe-su-cuarta-estrella-de-skytrax\/","title":{"rendered":"Royal Air Maroc recibe su cuarta estrella de Skytrax"},"content":{"rendered":"<p><img fetchpriority=\"high\" decoding=\"async\" class=\"alignleft size-medium wp-image-41267\" src=\"https:\/\/eldigitaldeasturias.com\/magazine365\/wp-content\/uploads\/2015\/06\/fotonoticia_20150629131911_800-360x271.jpg\" alt=\"fotonoticia_20150629131911_800\" width=\"360\" height=\"271\" srcset=\"https:\/\/eldigitaldeasturias.com\/magazine365\/wp-content\/uploads\/2015\/06\/fotonoticia_20150629131911_800-360x271.jpg 360w, https:\/\/eldigitaldeasturias.com\/magazine365\/wp-content\/uploads\/2015\/06\/fotonoticia_20150629131911_800-650x490.jpg 650w, https:\/\/eldigitaldeasturias.com\/magazine365\/wp-content\/uploads\/2015\/06\/fotonoticia_20150629131911_800-768x579.jpg 768w, https:\/\/eldigitaldeasturias.com\/magazine365\/wp-content\/uploads\/2015\/06\/fotonoticia_20150629131911_800-150x113.jpg 150w, https:\/\/eldigitaldeasturias.com\/magazine365\/wp-content\/uploads\/2015\/06\/fotonoticia_20150629131911_800-450x339.jpg 450w, https:\/\/eldigitaldeasturias.com\/magazine365\/wp-content\/uploads\/2015\/06\/fotonoticia_20150629131911_800-80x60.jpg 80w, https:\/\/eldigitaldeasturias.com\/magazine365\/wp-content\/uploads\/2015\/06\/fotonoticia_20150629131911_800-265x198.jpg 265w, https:\/\/eldigitaldeasturias.com\/magazine365\/wp-content\/uploads\/2015\/06\/fotonoticia_20150629131911_800-696x525.jpg 696w, https:\/\/eldigitaldeasturias.com\/magazine365\/wp-content\/uploads\/2015\/06\/fotonoticia_20150629131911_800-557x420.jpg 557w, https:\/\/eldigitaldeasturias.com\/magazine365\/wp-content\/uploads\/2015\/06\/fotonoticia_20150629131911_800-90x67.jpg 90w, https:\/\/eldigitaldeasturias.com\/magazine365\/wp-content\/uploads\/2015\/06\/fotonoticia_20150629131911_800-100x75.jpg 100w, https:\/\/eldigitaldeasturias.com\/magazine365\/wp-content\/uploads\/2015\/06\/fotonoticia_20150629131911_800.jpg 800w\" sizes=\"(max-width: 360px) 100vw, 360px\" \/>Royal Air Maroc ha sido galardonada con el premio &#8216;Cuatro Estrellas de Skytrax&#8217;, la organizaci\u00f3n reconocida a nivel mundial por sus auditor\u00edas y evaluaciones del nivel de servicios en diferentes profesiones relacionadas con la aviaci\u00f3n.<\/p>\n<p>El premio ha sido entregado al presidente de la compa\u00f1\u00eda nacional, Driss Benhima, de manos del presidente de esta organizaci\u00f3n internacional, Edward Plaisted.<\/p>\n<p>Este reconocimiento se produce un a\u00f1o despu\u00e9s de la concesi\u00f3n a Royal Air Maroc del premio Tres Estrellas de Skytrax por parte del mismo organismo. Esta distinci\u00f3n sit\u00faa a Royal Air Maroc entre las empresas internacionales l\u00edderes en el continente africano.<\/p>\n<p>Muy valorado por las compa\u00f1\u00edas a\u00e9reas, el premio Skytrax es una referencia mundial en la industria de las aerol\u00edneas. Skytrax, con sede en Londres, es una organizaci\u00f3n de renombre a nivel mundial con investigaciones fiables, clasificaciones cient\u00edficas y objetivas que eval\u00faan la calidad de los servicios y beneficios de las aerol\u00edneas.<\/p>\n<p>\u00abEl paso en un a\u00f1o de tres a cuatro estrellas, y el reconocimiento de la calidad de nuestros productos y servicios por parte de una organizaci\u00f3n tan reconocida como Skytrax, muestran claramente los avances que hemos registrado en los \u00faltimos dos a\u00f1os\u00bb, asegur\u00f3 Benhima.<\/p>\n<p>El presidente de la compa\u00f1\u00eda rindi\u00f3 un homenaje al personal por su esfuerzo, compromiso y dedicaci\u00f3n a la mejora de la calidad del servicio. Adem\u00e1s, Benhima se\u00f1alo que, ahora, \u00abel reto es no s\u00f3lo mantener este nivel y este estatus sino continuar mejorando la calidad de nuestros servicios y productos.\u00bb<\/p>\n","protected":false},"excerpt":{"rendered":"<p>Royal Air Maroc ha sido galardonada con el premio &#8216;Cuatro Estrellas de Skytrax&#8217;, la organizaci\u00f3n reconocida a nivel mundial por sus auditor\u00edas y evaluaciones del nivel de servicios en diferentes profesiones relacionadas con la aviaci\u00f3n. El premio ha sido entregado al presidente de la compa\u00f1\u00eda nacional, Driss Benhima, de manos del presidente de esta organizaci\u00f3n<\/p>\n","protected":false},"author":1,"featured_media":41267,"comment_status":"open","ping_status":"closed","sticky":false,"template":"","format":"standard","meta":{"footnotes":""},"categories":[222],"tags":[],"class_list":{"0":"post-41266","1":"post","2":"type-post","3":"status-publish","4":"format-standard","5":"has-post-thumbnail","7":"category-actualidad-turismo"},"aioseo_notices":[],"aioseo_head":"\n\t\t<!-- All in One SEO Pro 4.9.6.1 - aioseo.com -->\n\t<meta name=\"description\" content=\"Royal Air Maroc ha sido galardonada con el premio &#039;Cuatro Estrellas de Skytrax&#039;, la organizaci\u00f3n reconocida a nivel mundial por sus auditor\u00edas y evaluaciones del nivel de servicios en diferentes profesiones relacionadas con la aviaci\u00f3n. El premio ha sido entregado al presidente de la compa\u00f1\u00eda nacional, Driss Benhima, de manos del presidente de esta organizaci\u00f3n\" \/>\n\t<meta name=\"robots\" content=\"max-image-preview:large\" \/>\n\t<meta name=\"author\" content=\"admin\"\/>\n\t<meta name=\"google-site-verification\" content=\"UA-38556648-1\" \/>\n\t<meta name=\"keywords\" content=\"actualidad turismo\" \/>\n\t<link rel=\"canonical\" href=\"https:\/\/eldigitaldeasturias.com\/magazine365\/royal-air-maroc-recibe-su-cuarta-estrella-de-skytrax\/\" \/>\n\t<meta name=\"generator\" content=\"All in One SEO Pro (AIOSEO) 4.9.6.1\" \/>\n\t\t<meta property=\"og:locale\" content=\"es_ES\" \/>\n\t\t<meta property=\"og:site_name\" content=\"El Digital de Asturias \u2013 Revista de ocio, turismo y estilo de vida\" \/>\n\t\t<meta property=\"og:type\" content=\"article\" \/>\n\t\t<meta property=\"og:title\" content=\"Royal Air Maroc recibe su cuarta estrella de Skytrax | El Digital de Asturias\" \/>\n\t\t<meta property=\"og:description\" content=\"Royal Air Maroc ha sido galardonada con el premio &#039;Cuatro Estrellas de Skytrax&#039;, la organizaci\u00f3n reconocida a nivel mundial por sus auditor\u00edas y evaluaciones del nivel de servicios en diferentes profesiones relacionadas con la aviaci\u00f3n. El premio ha sido entregado al presidente de la compa\u00f1\u00eda nacional, Driss Benhima, de manos del presidente de esta organizaci\u00f3n\" \/>\n\t\t<meta property=\"og:url\" content=\"https:\/\/eldigitaldeasturias.com\/magazine365\/royal-air-maroc-recibe-su-cuarta-estrella-de-skytrax\/\" \/>\n\t\t<meta property=\"og:image\" content=\"https:\/\/eldigitaldeasturias.com\/magazine365\/wp-content\/uploads\/2015\/06\/fotonoticia_20150629131911_800.jpg\" \/>\n\t\t<meta property=\"og:image:secure_url\" content=\"https:\/\/eldigitaldeasturias.com\/magazine365\/wp-content\/uploads\/2015\/06\/fotonoticia_20150629131911_800.jpg\" \/>\n\t\t<meta property=\"og:image:width\" content=\"800\" \/>\n\t\t<meta property=\"og:image:height\" content=\"603\" \/>\n\t\t<meta property=\"article:published_time\" content=\"2015-06-30T06:16:58+00:00\" \/>\n\t\t<meta property=\"article:modified_time\" content=\"2015-06-30T06:16:58+00:00\" \/>\n\t\t<meta name=\"twitter:card\" content=\"summary_large_image\" \/>\n\t\t<meta name=\"twitter:title\" content=\"Royal Air Maroc recibe su cuarta estrella de Skytrax | El Digital de Asturias\" \/>\n\t\t<meta name=\"twitter:description\" content=\"Royal Air Maroc ha sido galardonada con el premio &#039;Cuatro Estrellas de Skytrax&#039;, la organizaci\u00f3n reconocida a nivel mundial por sus auditor\u00edas y evaluaciones del nivel de servicios en diferentes profesiones relacionadas con la aviaci\u00f3n. El premio ha sido entregado al presidente de la compa\u00f1\u00eda nacional, Driss Benhima, de manos del presidente de esta organizaci\u00f3n\" \/>\n\t\t<meta name=\"twitter:image\" content=\"https:\/\/eldigitaldeasturias.com\/magazine365\/wp-content\/uploads\/2015\/06\/fotonoticia_20150629131911_800.jpg\" \/>\n\t\t<script type=\"application\/ld+json\" class=\"aioseo-schema\">\n\t\t\t{\"@context\":\"https:\\\/\\\/schema.org\",\"@graph\":[{\"@type\":\"Article\",\"@id\":\"https:\\\/\\\/eldigitaldeasturias.com\\\/magazine365\\\/royal-air-maroc-recibe-su-cuarta-estrella-de-skytrax\\\/#article\",\"name\":\"Royal Air Maroc recibe su cuarta estrella de Skytrax | El Digital de Asturias\",\"headline\":\"Royal Air Maroc recibe su cuarta estrella de Skytrax\",\"author\":{\"@id\":\"https:\\\/\\\/eldigitaldeasturias.com\\\/magazine365\\\/author\\\/admin\\\/#author\"},\"publisher\":{\"@id\":\"https:\\\/\\\/eldigitaldeasturias.com\\\/magazine365\\\/#organization\"},\"image\":{\"@type\":\"ImageObject\",\"url\":\"https:\\\/\\\/eldigitaldeasturias.com\\\/magazine365\\\/wp-content\\\/uploads\\\/2015\\\/06\\\/fotonoticia_20150629131911_800.jpg\",\"width\":800,\"height\":603},\"datePublished\":\"2015-06-30T07:46:58+02:00\",\"dateModified\":\"2015-06-30T07:46:58+02:00\",\"inLanguage\":\"es-ES\",\"mainEntityOfPage\":{\"@id\":\"https:\\\/\\\/eldigitaldeasturias.com\\\/magazine365\\\/royal-air-maroc-recibe-su-cuarta-estrella-de-skytrax\\\/#webpage\"},\"isPartOf\":{\"@id\":\"https:\\\/\\\/eldigitaldeasturias.com\\\/magazine365\\\/royal-air-maroc-recibe-su-cuarta-estrella-de-skytrax\\\/#webpage\"},\"articleSection\":\"Actualidad Turismo\"},{\"@type\":\"BreadcrumbList\",\"@id\":\"https:\\\/\\\/eldigitaldeasturias.com\\\/magazine365\\\/royal-air-maroc-recibe-su-cuarta-estrella-de-skytrax\\\/#breadcrumblist\",\"itemListElement\":[{\"@type\":\"ListItem\",\"@id\":\"https:\\\/\\\/eldigitaldeasturias.com\\\/magazine365#listItem\",\"position\":1,\"name\":\"Home\",\"item\":\"https:\\\/\\\/eldigitaldeasturias.com\\\/magazine365\",\"nextItem\":{\"@type\":\"ListItem\",\"@id\":\"https:\\\/\\\/eldigitaldeasturias.com\\\/magazine365\\\/category\\\/actualidad-turismo\\\/#listItem\",\"name\":\"Actualidad Turismo\"}},{\"@type\":\"ListItem\",\"@id\":\"https:\\\/\\\/eldigitaldeasturias.com\\\/magazine365\\\/category\\\/actualidad-turismo\\\/#listItem\",\"position\":2,\"name\":\"Actualidad Turismo\",\"item\":\"https:\\\/\\\/eldigitaldeasturias.com\\\/magazine365\\\/category\\\/actualidad-turismo\\\/\",\"nextItem\":{\"@type\":\"ListItem\",\"@id\":\"https:\\\/\\\/eldigitaldeasturias.com\\\/magazine365\\\/royal-air-maroc-recibe-su-cuarta-estrella-de-skytrax\\\/#listItem\",\"name\":\"Royal Air Maroc recibe su cuarta estrella de Skytrax\"},\"previousItem\":{\"@type\":\"ListItem\",\"@id\":\"https:\\\/\\\/eldigitaldeasturias.com\\\/magazine365#listItem\",\"name\":\"Home\"}},{\"@type\":\"ListItem\",\"@id\":\"https:\\\/\\\/eldigitaldeasturias.com\\\/magazine365\\\/royal-air-maroc-recibe-su-cuarta-estrella-de-skytrax\\\/#listItem\",\"position\":3,\"name\":\"Royal Air Maroc recibe su cuarta estrella de Skytrax\",\"previousItem\":{\"@type\":\"ListItem\",\"@id\":\"https:\\\/\\\/eldigitaldeasturias.com\\\/magazine365\\\/category\\\/actualidad-turismo\\\/#listItem\",\"name\":\"Actualidad Turismo\"}}]},{\"@type\":\"Organization\",\"@id\":\"https:\\\/\\\/eldigitaldeasturias.com\\\/magazine365\\\/#organization\",\"name\":\"El digital de Asturias\",\"description\":\"Revista de ocio, turismo y estilo de vida\",\"url\":\"https:\\\/\\\/eldigitaldeasturias.com\\\/magazine365\\\/\",\"logo\":{\"@type\":\"ImageObject\",\"url\":\"https:\\\/\\\/www.eldigitaldeasturias.com\\\/noticias\\\/wp-content\\\/uploads\\\/2020\\\/12\\\/EDA.jpg\",\"@id\":\"https:\\\/\\\/eldigitaldeasturias.com\\\/magazine365\\\/royal-air-maroc-recibe-su-cuarta-estrella-de-skytrax\\\/#organizationLogo\"},\"image\":{\"@id\":\"https:\\\/\\\/eldigitaldeasturias.com\\\/magazine365\\\/royal-air-maroc-recibe-su-cuarta-estrella-de-skytrax\\\/#organizationLogo\"}},{\"@type\":\"Person\",\"@id\":\"https:\\\/\\\/eldigitaldeasturias.com\\\/magazine365\\\/author\\\/admin\\\/#author\",\"url\":\"https:\\\/\\\/eldigitaldeasturias.com\\\/magazine365\\\/author\\\/admin\\\/\",\"name\":\"admin\",\"image\":{\"@type\":\"ImageObject\",\"@id\":\"https:\\\/\\\/eldigitaldeasturias.com\\\/magazine365\\\/royal-air-maroc-recibe-su-cuarta-estrella-de-skytrax\\\/#authorImage\",\"url\":\"https:\\\/\\\/eldigitaldeasturias.com\\\/magazine365\\\/wp-content\\\/litespeed\\\/avatar\\\/e571bcf59a0edd6fa6838245a470f2fe.jpg?ver=1777574230\",\"width\":96,\"height\":96,\"caption\":\"admin\"}},{\"@type\":\"WebPage\",\"@id\":\"https:\\\/\\\/eldigitaldeasturias.com\\\/magazine365\\\/royal-air-maroc-recibe-su-cuarta-estrella-de-skytrax\\\/#webpage\",\"url\":\"https:\\\/\\\/eldigitaldeasturias.com\\\/magazine365\\\/royal-air-maroc-recibe-su-cuarta-estrella-de-skytrax\\\/\",\"name\":\"Royal Air Maroc recibe su cuarta estrella de Skytrax | El Digital de Asturias\",\"description\":\"Royal Air Maroc ha sido galardonada con el premio 'Cuatro Estrellas de Skytrax', la organizaci\\u00f3n reconocida a nivel mundial por sus auditor\\u00edas y evaluaciones del nivel de servicios en diferentes profesiones relacionadas con la aviaci\\u00f3n. El premio ha sido entregado al presidente de la compa\\u00f1\\u00eda nacional, Driss Benhima, de manos del presidente de esta organizaci\\u00f3n\",\"inLanguage\":\"es-ES\",\"isPartOf\":{\"@id\":\"https:\\\/\\\/eldigitaldeasturias.com\\\/magazine365\\\/#website\"},\"breadcrumb\":{\"@id\":\"https:\\\/\\\/eldigitaldeasturias.com\\\/magazine365\\\/royal-air-maroc-recibe-su-cuarta-estrella-de-skytrax\\\/#breadcrumblist\"},\"author\":{\"@id\":\"https:\\\/\\\/eldigitaldeasturias.com\\\/magazine365\\\/author\\\/admin\\\/#author\"},\"creator\":{\"@id\":\"https:\\\/\\\/eldigitaldeasturias.com\\\/magazine365\\\/author\\\/admin\\\/#author\"},\"image\":{\"@type\":\"ImageObject\",\"url\":\"https:\\\/\\\/eldigitaldeasturias.com\\\/magazine365\\\/wp-content\\\/uploads\\\/2015\\\/06\\\/fotonoticia_20150629131911_800.jpg\",\"@id\":\"https:\\\/\\\/eldigitaldeasturias.com\\\/magazine365\\\/royal-air-maroc-recibe-su-cuarta-estrella-de-skytrax\\\/#mainImage\",\"width\":800,\"height\":603},\"primaryImageOfPage\":{\"@id\":\"https:\\\/\\\/eldigitaldeasturias.com\\\/magazine365\\\/royal-air-maroc-recibe-su-cuarta-estrella-de-skytrax\\\/#mainImage\"},\"datePublished\":\"2015-06-30T07:46:58+02:00\",\"dateModified\":\"2015-06-30T07:46:58+02:00\"},{\"@type\":\"WebSite\",\"@id\":\"https:\\\/\\\/eldigitaldeasturias.com\\\/magazine365\\\/#website\",\"url\":\"https:\\\/\\\/eldigitaldeasturias.com\\\/magazine365\\\/\",\"name\":\"El Digital de Asturias\",\"description\":\"Revista de ocio, turismo y estilo de vida\",\"inLanguage\":\"es-ES\",\"publisher\":{\"@id\":\"https:\\\/\\\/eldigitaldeasturias.com\\\/magazine365\\\/#organization\"}}]}\n\t\t<\/script>\n\t\t<!-- All in One SEO Pro -->\r\n\t\t<title>Royal Air Maroc recibe su cuarta estrella de Skytrax | El Digital de Asturias<\/title>\n\n","aioseo_head_json":{"title":"Royal Air Maroc recibe su cuarta estrella de Skytrax | El Digital de Asturias","description":"Royal Air Maroc ha sido galardonada con el premio 'Cuatro Estrellas de Skytrax', la organizaci\u00f3n reconocida a nivel mundial por sus auditor\u00edas y evaluaciones del nivel de servicios en diferentes profesiones relacionadas con la aviaci\u00f3n. El premio ha sido entregado al presidente de la compa\u00f1\u00eda nacional, Driss Benhima, de manos del presidente de esta organizaci\u00f3n","canonical_url":"https:\/\/eldigitaldeasturias.com\/magazine365\/royal-air-maroc-recibe-su-cuarta-estrella-de-skytrax\/","robots":"max-image-preview:large","keywords":"actualidad turismo","webmasterTools":{"google-site-verification":"UA-38556648-1","miscellaneous":""},"schema":{"@context":"https:\/\/schema.org","@graph":[{"@type":"Article","@id":"https:\/\/eldigitaldeasturias.com\/magazine365\/royal-air-maroc-recibe-su-cuarta-estrella-de-skytrax\/#article","name":"Royal Air Maroc recibe su cuarta estrella de Skytrax | El Digital de Asturias","headline":"Royal Air Maroc recibe su cuarta estrella de Skytrax","author":{"@id":"https:\/\/eldigitaldeasturias.com\/magazine365\/author\/admin\/#author"},"publisher":{"@id":"https:\/\/eldigitaldeasturias.com\/magazine365\/#organization"},"image":{"@type":"ImageObject","url":"https:\/\/eldigitaldeasturias.com\/magazine365\/wp-content\/uploads\/2015\/06\/fotonoticia_20150629131911_800.jpg","width":800,"height":603},"datePublished":"2015-06-30T07:46:58+02:00","dateModified":"2015-06-30T07:46:58+02:00","inLanguage":"es-ES","mainEntityOfPage":{"@id":"https:\/\/eldigitaldeasturias.com\/magazine365\/royal-air-maroc-recibe-su-cuarta-estrella-de-skytrax\/#webpage"},"isPartOf":{"@id":"https:\/\/eldigitaldeasturias.com\/magazine365\/royal-air-maroc-recibe-su-cuarta-estrella-de-skytrax\/#webpage"},"articleSection":"Actualidad Turismo"},{"@type":"BreadcrumbList","@id":"https:\/\/eldigitaldeasturias.com\/magazine365\/royal-air-maroc-recibe-su-cuarta-estrella-de-skytrax\/#breadcrumblist","itemListElement":[{"@type":"ListItem","@id":"https:\/\/eldigitaldeasturias.com\/magazine365#listItem","position":1,"name":"Home","item":"https:\/\/eldigitaldeasturias.com\/magazine365","nextItem":{"@type":"ListItem","@id":"https:\/\/eldigitaldeasturias.com\/magazine365\/category\/actualidad-turismo\/#listItem","name":"Actualidad Turismo"}},{"@type":"ListItem","@id":"https:\/\/eldigitaldeasturias.com\/magazine365\/category\/actualidad-turismo\/#listItem","position":2,"name":"Actualidad Turismo","item":"https:\/\/eldigitaldeasturias.com\/magazine365\/category\/actualidad-turismo\/","nextItem":{"@type":"ListItem","@id":"https:\/\/eldigitaldeasturias.com\/magazine365\/royal-air-maroc-recibe-su-cuarta-estrella-de-skytrax\/#listItem","name":"Royal Air Maroc recibe su cuarta estrella de Skytrax"},"previousItem":{"@type":"ListItem","@id":"https:\/\/eldigitaldeasturias.com\/magazine365#listItem","name":"Home"}},{"@type":"ListItem","@id":"https:\/\/eldigitaldeasturias.com\/magazine365\/royal-air-maroc-recibe-su-cuarta-estrella-de-skytrax\/#listItem","position":3,"name":"Royal Air Maroc recibe su cuarta estrella de Skytrax","previousItem":{"@type":"ListItem","@id":"https:\/\/eldigitaldeasturias.com\/magazine365\/category\/actualidad-turismo\/#listItem","name":"Actualidad Turismo"}}]},{"@type":"Organization","@id":"https:\/\/eldigitaldeasturias.com\/magazine365\/#organization","name":"El digital de Asturias","description":"Revista de ocio, turismo y estilo de vida","url":"https:\/\/eldigitaldeasturias.com\/magazine365\/","logo":{"@type":"ImageObject","url":"https:\/\/www.eldigitaldeasturias.com\/noticias\/wp-content\/uploads\/2020\/12\/EDA.jpg","@id":"https:\/\/eldigitaldeasturias.com\/magazine365\/royal-air-maroc-recibe-su-cuarta-estrella-de-skytrax\/#organizationLogo"},"image":{"@id":"https:\/\/eldigitaldeasturias.com\/magazine365\/royal-air-maroc-recibe-su-cuarta-estrella-de-skytrax\/#organizationLogo"}},{"@type":"Person","@id":"https:\/\/eldigitaldeasturias.com\/magazine365\/author\/admin\/#author","url":"https:\/\/eldigitaldeasturias.com\/magazine365\/author\/admin\/","name":"admin","image":{"@type":"ImageObject","@id":"https:\/\/eldigitaldeasturias.com\/magazine365\/royal-air-maroc-recibe-su-cuarta-estrella-de-skytrax\/#authorImage","url":"https:\/\/eldigitaldeasturias.com\/magazine365\/wp-content\/litespeed\/avatar\/e571bcf59a0edd6fa6838245a470f2fe.jpg?ver=1777574230","width":96,"height":96,"caption":"admin"}},{"@type":"WebPage","@id":"https:\/\/eldigitaldeasturias.com\/magazine365\/royal-air-maroc-recibe-su-cuarta-estrella-de-skytrax\/#webpage","url":"https:\/\/eldigitaldeasturias.com\/magazine365\/royal-air-maroc-recibe-su-cuarta-estrella-de-skytrax\/","name":"Royal Air Maroc recibe su cuarta estrella de Skytrax | El Digital de Asturias","description":"Royal Air Maroc ha sido galardonada con el premio 'Cuatro Estrellas de Skytrax', la organizaci\u00f3n reconocida a nivel mundial por sus auditor\u00edas y evaluaciones del nivel de servicios en diferentes profesiones relacionadas con la aviaci\u00f3n. El premio ha sido entregado al presidente de la compa\u00f1\u00eda nacional, Driss Benhima, de manos del presidente de esta organizaci\u00f3n","inLanguage":"es-ES","isPartOf":{"@id":"https:\/\/eldigitaldeasturias.com\/magazine365\/#website"},"breadcrumb":{"@id":"https:\/\/eldigitaldeasturias.com\/magazine365\/royal-air-maroc-recibe-su-cuarta-estrella-de-skytrax\/#breadcrumblist"},"author":{"@id":"https:\/\/eldigitaldeasturias.com\/magazine365\/author\/admin\/#author"},"creator":{"@id":"https:\/\/eldigitaldeasturias.com\/magazine365\/author\/admin\/#author"},"image":{"@type":"ImageObject","url":"https:\/\/eldigitaldeasturias.com\/magazine365\/wp-content\/uploads\/2015\/06\/fotonoticia_20150629131911_800.jpg","@id":"https:\/\/eldigitaldeasturias.com\/magazine365\/royal-air-maroc-recibe-su-cuarta-estrella-de-skytrax\/#mainImage","width":800,"height":603},"primaryImageOfPage":{"@id":"https:\/\/eldigitaldeasturias.com\/magazine365\/royal-air-maroc-recibe-su-cuarta-estrella-de-skytrax\/#mainImage"},"datePublished":"2015-06-30T07:46:58+02:00","dateModified":"2015-06-30T07:46:58+02:00"},{"@type":"WebSite","@id":"https:\/\/eldigitaldeasturias.com\/magazine365\/#website","url":"https:\/\/eldigitaldeasturias.com\/magazine365\/","name":"El Digital de Asturias","description":"Revista de ocio, turismo y estilo de vida","inLanguage":"es-ES","publisher":{"@id":"https:\/\/eldigitaldeasturias.com\/magazine365\/#organization"}}]},"og:locale":"es_ES","og:site_name":"El Digital de Asturias \u2013 Revista de ocio, turismo y estilo de vida","og:type":"article","og:title":"Royal Air Maroc recibe su cuarta estrella de Skytrax | El Digital de Asturias","og:description":"Royal Air Maroc ha sido galardonada con el premio 'Cuatro Estrellas de Skytrax', la organizaci\u00f3n reconocida a nivel mundial por sus auditor\u00edas y evaluaciones del nivel de servicios en diferentes profesiones relacionadas con la aviaci\u00f3n. El premio ha sido entregado al presidente de la compa\u00f1\u00eda nacional, Driss Benhima, de manos del presidente de esta organizaci\u00f3n","og:url":"https:\/\/eldigitaldeasturias.com\/magazine365\/royal-air-maroc-recibe-su-cuarta-estrella-de-skytrax\/","og:image":"https:\/\/eldigitaldeasturias.com\/magazine365\/wp-content\/uploads\/2015\/06\/fotonoticia_20150629131911_800.jpg","og:image:secure_url":"https:\/\/eldigitaldeasturias.com\/magazine365\/wp-content\/uploads\/2015\/06\/fotonoticia_20150629131911_800.jpg","og:image:width":800,"og:image:height":603,"article:published_time":"2015-06-30T06:16:58+00:00","article:modified_time":"2015-06-30T06:16:58+00:00","twitter:card":"summary_large_image","twitter:title":"Royal Air Maroc recibe su cuarta estrella de Skytrax | El Digital de Asturias","twitter:description":"Royal Air Maroc ha sido galardonada con el premio 'Cuatro Estrellas de Skytrax', la organizaci\u00f3n reconocida a nivel mundial por sus auditor\u00edas y evaluaciones del nivel de servicios en diferentes profesiones relacionadas con la aviaci\u00f3n. El premio ha sido entregado al presidente de la compa\u00f1\u00eda nacional, Driss Benhima, de manos del presidente de esta organizaci\u00f3n","twitter:image":"https:\/\/eldigitaldeasturias.com\/magazine365\/wp-content\/uploads\/2015\/06\/fotonoticia_20150629131911_800.jpg"},"aioseo_meta_data":{"post_id":"41266","title":null,"description":null,"keywords":null,"keyphrases":null,"primary_term":null,"canonical_url":null,"og_title":null,"og_description":null,"og_object_type":"default","og_image_type":"default","og_image_url":null,"og_image_width":null,"og_image_height":null,"og_image_custom_url":null,"og_image_custom_fields":null,"og_video":null,"og_custom_url":null,"og_article_section":null,"og_article_tags":null,"twitter_use_og":false,"twitter_card":"default","twitter_image_type":"default","twitter_image_url":null,"twitter_image_custom_url":null,"twitter_image_custom_fields":null,"twitter_title":null,"twitter_description":null,"schema":{"blockGraphs":[],"customGraphs":[],"default":{"data":{"Article":[],"Course":[],"Dataset":[],"FAQPage":[],"Movie":[],"Person":[],"Product":[],"ProductReview":[],"Car":[],"Recipe":[],"Service":[],"SoftwareApplication":[],"WebPage":[]},"graphName":"","isEnabled":true},"graphs":[],"defaultGraph":"","defaultPostTypeGraph":""},"schema_type":null,"schema_type_options":null,"pillar_content":false,"robots_default":true,"robots_noindex":false,"robots_noarchive":false,"robots_nosnippet":false,"robots_nofollow":false,"robots_noimageindex":false,"robots_noodp":false,"robots_notranslate":false,"robots_max_snippet":null,"robots_max_videopreview":null,"robots_max_imagepreview":"large","priority":null,"frequency":null,"location":null,"local_seo":null,"seo_analyzer_scan_date":"2025-09-19 15:19:32","breadcrumb_settings":null,"limit_modified_date":false,"open_ai":null,"ai":null,"created":"2021-03-09 02:17:41","updated":"2025-09-19 15:19:32"},"aioseo_breadcrumb":"<div class=\"aioseo-breadcrumbs\"><span class=\"aioseo-breadcrumb\">\n\t<a href=\"https:\/\/eldigitaldeasturias.com\/magazine365\" title=\"Home\">Home<\/a>\n<\/span><span class=\"aioseo-breadcrumb-separator\">\u2013<\/span><span class=\"aioseo-breadcrumb\">\n\t<a href=\"https:\/\/eldigitaldeasturias.com\/magazine365\/category\/actualidad-turismo\/\" title=\"Actualidad Turismo\">Actualidad Turismo<\/a>\n<\/span><span class=\"aioseo-breadcrumb-separator\">\u2013<\/span><span class=\"aioseo-breadcrumb\">\n\t<a href=\"https:\/\/eldigitaldeasturias.com\/magazine365\/royal-air-maroc-recibe-su-cuarta-estrella-de-skytrax\/\" title=\"Royal Air Maroc recibe su cuarta estrella de Skytrax\">Royal Air Maroc recibe su cuarta estrella de Skytrax<\/a>\n<\/span><\/div>","aioseo_breadcrumb_json":[{"label":"Home","link":"https:\/\/eldigitaldeasturias.com\/magazine365"},{"label":"Actualidad Turismo","link":"https:\/\/eldigitaldeasturias.com\/magazine365\/category\/actualidad-turismo\/"},{"label":"Royal Air Maroc recibe su cuarta estrella de Skytrax","link":"https:\/\/eldigitaldeasturias.com\/magazine365\/royal-air-maroc-recibe-su-cuarta-estrella-de-skytrax\/"}],"_links":{"self":[{"href":"https:\/\/eldigitaldeasturias.com\/magazine365\/wp-json\/wp\/v2\/posts\/41266","targetHints":{"allow":["GET"]}}],"collection":[{"href":"https:\/\/eldigitaldeasturias.com\/magazine365\/wp-json\/wp\/v2\/posts"}],"about":[{"href":"https:\/\/eldigitaldeasturias.com\/magazine365\/wp-json\/wp\/v2\/types\/post"}],"author":[{"embeddable":true,"href":"https:\/\/eldigitaldeasturias.com\/magazine365\/wp-json\/wp\/v2\/users\/1"}],"replies":[{"embeddable":true,"href":"https:\/\/eldigitaldeasturias.com\/magazine365\/wp-json\/wp\/v2\/comments?post=41266"}],"version-history":[{"count":0,"href":"https:\/\/eldigitaldeasturias.com\/magazine365\/wp-json\/wp\/v2\/posts\/41266\/revisions"}],"wp:featuredmedia":[{"embeddable":true,"href":"https:\/\/eldigitaldeasturias.com\/magazine365\/wp-json\/wp\/v2\/media\/41267"}],"wp:attachment":[{"href":"https:\/\/eldigitaldeasturias.com\/magazine365\/wp-json\/wp\/v2\/media?parent=41266"}],"wp:term":[{"taxonomy":"category","embeddable":true,"href":"https:\/\/eldigitaldeasturias.com\/magazine365\/wp-json\/wp\/v2\/categories?post=41266"},{"taxonomy":"post_tag","embeddable":true,"href":"https:\/\/eldigitaldeasturias.com\/magazine365\/wp-json\/wp\/v2\/tags?post=41266"}],"curies":[{"name":"wp","href":"https:\/\/api.w.org\/{rel}","templated":true}]}}