{"id":41263,"date":"2015-06-30T07:45:54","date_gmt":"2015-06-30T06:15:54","guid":{"rendered":"http:\/\/eldigitaldeasturias.com\/magazine365\/?p=41263"},"modified":"2015-06-30T07:45:54","modified_gmt":"2015-06-30T06:15:54","slug":"el-aeropuerto-de-londres-despide-la-t1-tras-47-anos-activa","status":"publish","type":"post","link":"https:\/\/eldigitaldeasturias.com\/magazine365\/el-aeropuerto-de-londres-despide-la-t1-tras-47-anos-activa\/","title":{"rendered":"El aeropuerto de Londres despide la T1 tras 47 a\u00f1os activa"},"content":{"rendered":"<p><img fetchpriority=\"high\" decoding=\"async\" class=\"alignleft size-medium wp-image-41264\" src=\"https:\/\/eldigitaldeasturias.com\/magazine365\/wp-content\/uploads\/2015\/06\/fotonoticia_20150629131553_800-360x259.jpg\" alt=\"fotonoticia_20150629131553_800\" width=\"360\" height=\"259\" srcset=\"https:\/\/eldigitaldeasturias.com\/magazine365\/wp-content\/uploads\/2015\/06\/fotonoticia_20150629131553_800-360x259.jpg 360w, https:\/\/eldigitaldeasturias.com\/magazine365\/wp-content\/uploads\/2015\/06\/fotonoticia_20150629131553_800-650x467.jpg 650w, https:\/\/eldigitaldeasturias.com\/magazine365\/wp-content\/uploads\/2015\/06\/fotonoticia_20150629131553_800-768x552.jpg 768w, https:\/\/eldigitaldeasturias.com\/magazine365\/wp-content\/uploads\/2015\/06\/fotonoticia_20150629131553_800-150x108.jpg 150w, https:\/\/eldigitaldeasturias.com\/magazine365\/wp-content\/uploads\/2015\/06\/fotonoticia_20150629131553_800-450x323.jpg 450w, https:\/\/eldigitaldeasturias.com\/magazine365\/wp-content\/uploads\/2015\/06\/fotonoticia_20150629131553_800-696x500.jpg 696w, https:\/\/eldigitaldeasturias.com\/magazine365\/wp-content\/uploads\/2015\/06\/fotonoticia_20150629131553_800-584x420.jpg 584w, https:\/\/eldigitaldeasturias.com\/magazine365\/wp-content\/uploads\/2015\/06\/fotonoticia_20150629131553_800.jpg 800w\" sizes=\"(max-width: 360px) 100vw, 360px\" \/>El aeropuerto de Londres despide este lunes a la terminal 1, tras 47 a\u00f1os en activo de esta instalaci\u00f3n y tras haber trasladado gran parte de su actividad a la terminal 2, con lo que m\u00e1s del 60% de viajeros experimentar\u00e1n las mejoras en las T2 y T5 de Heathrow.<\/p>\n<p>El \u00faltimo vuelo ser\u00e1 esta tarde, operado por British Airways &#8211;aerol\u00ednea que fue la primera en estrenar la T1&#8211; y con destino a Hanover.<\/p>\n<p>Desde 2003, Heathrow ha invertido 11.000 millones de libras esterlinas (9.907 millones de euros) en transformar el aeropuerto. As\u00ed, fruto de esta renovaci\u00f3n, la T2 prestar\u00e1 los servicios de su precedente, la T1.<\/p>\n<p>La terminal 1 era conocida como la mayor en vuelos de corto radio en Europa Occidental y prestaba servicio a nueve millones de pasajeros en sus momentos de mayor actividad. En las \u00faltimas semanas, acog\u00eda 17 vuelos y 1.700 viajeros por d\u00eda mientras se llevaba a cabo la migraci\u00f3n de una instalaci\u00f3n a otra.<\/p>\n<p>El consejero delegado del aeropuerto, John Holland Kaye, valor\u00f3 esta despedida como \u00abun paso importante en la transformaci\u00f3n de Heathrow\u00bb ya que \u00abha servido a Gran Breta\u00f1a bien casi 50 a\u00f1os, pero hay que expandir la terminal 2 para darle al pa\u00eds un aeropuerto de categor\u00eda mundial del que podamos estar orgullosos\u00bb.<\/p>\n<p>CURIOSIDADES DE LA T1<\/p>\n<p>La T1 comenz\u00f3 a operar en 1968 con s\u00f3lo cuatro aerol\u00edneas con vuelos dom\u00e9sticos, adem\u00e1s el primer vuelo fue de British Airways con direcci\u00f3n a Edimburgo.<\/p>\n<p>La T1 condicion\u00f3 adem\u00e1s el cambio de nombre del resto de terminales, pasando la terminal Europa a ser la T2 y la Oce\u00e1nica en T3, y fue la mayor terminal de Europa.<\/p>\n<p>Adem\u00e1s, British Airways operaba vuelos a Glasgow que pod\u00edan pagarse en el momento &#8211;similar digamos a coger un autob\u00fas, que se paga el servicio al momento y a bordo&#8211;.<\/p>\n<p>heathrow tambi\u00e9n ha comunicado que Irlanda del Norte se publicitar\u00e1 en sus instalaciones, con lo que esperan reforzar la regi\u00f3n del pa\u00eds.<\/p>\n","protected":false},"excerpt":{"rendered":"<p>El aeropuerto de Londres despide este lunes a la terminal 1, tras 47 a\u00f1os en activo de esta instalaci\u00f3n y tras haber trasladado gran parte de su actividad a la terminal 2, con lo que m\u00e1s del 60% de viajeros experimentar\u00e1n las mejoras en las T2 y T5 de Heathrow. El \u00faltimo vuelo ser\u00e1 esta<\/p>\n","protected":false},"author":1,"featured_media":41264,"comment_status":"open","ping_status":"closed","sticky":false,"template":"","format":"standard","meta":{"footnotes":""},"categories":[222],"tags":[],"class_list":{"0":"post-41263","1":"post","2":"type-post","3":"status-publish","4":"format-standard","5":"has-post-thumbnail","7":"category-actualidad-turismo"},"aioseo_notices":[],"aioseo_head":"\n\t\t<!-- All in One SEO Pro 4.9.6.1 - aioseo.com -->\n\t<meta name=\"description\" content=\"El aeropuerto de Londres despide este lunes a la terminal 1, tras 47 a\u00f1os en activo de esta instalaci\u00f3n y tras haber trasladado gran parte de su actividad a la terminal 2, con lo que m\u00e1s del 60% de viajeros experimentar\u00e1n las mejoras en las T2 y T5 de Heathrow. El \u00faltimo vuelo ser\u00e1 esta\" \/>\n\t<meta name=\"robots\" content=\"max-image-preview:large\" \/>\n\t<meta name=\"author\" content=\"admin\"\/>\n\t<meta name=\"google-site-verification\" content=\"UA-38556648-1\" \/>\n\t<meta name=\"keywords\" content=\"actualidad turismo\" \/>\n\t<link rel=\"canonical\" href=\"https:\/\/eldigitaldeasturias.com\/magazine365\/el-aeropuerto-de-londres-despide-la-t1-tras-47-anos-activa\/\" \/>\n\t<meta name=\"generator\" content=\"All in One SEO Pro (AIOSEO) 4.9.6.1\" \/>\n\t\t<meta property=\"og:locale\" content=\"es_ES\" \/>\n\t\t<meta property=\"og:site_name\" content=\"El Digital de Asturias \u2013 Revista de ocio, turismo y estilo de vida\" \/>\n\t\t<meta property=\"og:type\" content=\"article\" \/>\n\t\t<meta property=\"og:title\" content=\"El aeropuerto de Londres despide la T1 tras 47 a\u00f1os activa | El Digital de Asturias\" \/>\n\t\t<meta property=\"og:description\" content=\"El aeropuerto de Londres despide este lunes a la terminal 1, tras 47 a\u00f1os en activo de esta instalaci\u00f3n y tras haber trasladado gran parte de su actividad a la terminal 2, con lo que m\u00e1s del 60% de viajeros experimentar\u00e1n las mejoras en las T2 y T5 de Heathrow. El \u00faltimo vuelo ser\u00e1 esta\" \/>\n\t\t<meta property=\"og:url\" content=\"https:\/\/eldigitaldeasturias.com\/magazine365\/el-aeropuerto-de-londres-despide-la-t1-tras-47-anos-activa\/\" \/>\n\t\t<meta property=\"og:image\" content=\"https:\/\/eldigitaldeasturias.com\/magazine365\/wp-content\/uploads\/2015\/06\/fotonoticia_20150629131553_800.jpg\" \/>\n\t\t<meta property=\"og:image:secure_url\" content=\"https:\/\/eldigitaldeasturias.com\/magazine365\/wp-content\/uploads\/2015\/06\/fotonoticia_20150629131553_800.jpg\" \/>\n\t\t<meta property=\"og:image:width\" content=\"800\" \/>\n\t\t<meta property=\"og:image:height\" content=\"575\" \/>\n\t\t<meta property=\"article:published_time\" content=\"2015-06-30T06:15:54+00:00\" \/>\n\t\t<meta property=\"article:modified_time\" content=\"2015-06-30T06:15:54+00:00\" \/>\n\t\t<meta name=\"twitter:card\" content=\"summary_large_image\" \/>\n\t\t<meta name=\"twitter:title\" content=\"El aeropuerto de Londres despide la T1 tras 47 a\u00f1os activa | El Digital de Asturias\" \/>\n\t\t<meta name=\"twitter:description\" content=\"El aeropuerto de Londres despide este lunes a la terminal 1, tras 47 a\u00f1os en activo de esta instalaci\u00f3n y tras haber trasladado gran parte de su actividad a la terminal 2, con lo que m\u00e1s del 60% de viajeros experimentar\u00e1n las mejoras en las T2 y T5 de Heathrow. El \u00faltimo vuelo ser\u00e1 esta\" \/>\n\t\t<meta name=\"twitter:image\" content=\"https:\/\/eldigitaldeasturias.com\/magazine365\/wp-content\/uploads\/2015\/06\/fotonoticia_20150629131553_800.jpg\" \/>\n\t\t<script type=\"application\/ld+json\" class=\"aioseo-schema\">\n\t\t\t{\"@context\":\"https:\\\/\\\/schema.org\",\"@graph\":[{\"@type\":\"Article\",\"@id\":\"https:\\\/\\\/eldigitaldeasturias.com\\\/magazine365\\\/el-aeropuerto-de-londres-despide-la-t1-tras-47-anos-activa\\\/#article\",\"name\":\"El aeropuerto de Londres despide la T1 tras 47 a\\u00f1os activa | El Digital de Asturias\",\"headline\":\"El aeropuerto de Londres despide la T1 tras 47 a\\u00f1os activa\",\"author\":{\"@id\":\"https:\\\/\\\/eldigitaldeasturias.com\\\/magazine365\\\/author\\\/admin\\\/#author\"},\"publisher\":{\"@id\":\"https:\\\/\\\/eldigitaldeasturias.com\\\/magazine365\\\/#organization\"},\"image\":{\"@type\":\"ImageObject\",\"url\":\"https:\\\/\\\/eldigitaldeasturias.com\\\/magazine365\\\/wp-content\\\/uploads\\\/2015\\\/06\\\/fotonoticia_20150629131553_800.jpg\",\"width\":800,\"height\":575},\"datePublished\":\"2015-06-30T07:45:54+02:00\",\"dateModified\":\"2015-06-30T07:45:54+02:00\",\"inLanguage\":\"es-ES\",\"mainEntityOfPage\":{\"@id\":\"https:\\\/\\\/eldigitaldeasturias.com\\\/magazine365\\\/el-aeropuerto-de-londres-despide-la-t1-tras-47-anos-activa\\\/#webpage\"},\"isPartOf\":{\"@id\":\"https:\\\/\\\/eldigitaldeasturias.com\\\/magazine365\\\/el-aeropuerto-de-londres-despide-la-t1-tras-47-anos-activa\\\/#webpage\"},\"articleSection\":\"Actualidad Turismo\"},{\"@type\":\"BreadcrumbList\",\"@id\":\"https:\\\/\\\/eldigitaldeasturias.com\\\/magazine365\\\/el-aeropuerto-de-londres-despide-la-t1-tras-47-anos-activa\\\/#breadcrumblist\",\"itemListElement\":[{\"@type\":\"ListItem\",\"@id\":\"https:\\\/\\\/eldigitaldeasturias.com\\\/magazine365#listItem\",\"position\":1,\"name\":\"Home\",\"item\":\"https:\\\/\\\/eldigitaldeasturias.com\\\/magazine365\",\"nextItem\":{\"@type\":\"ListItem\",\"@id\":\"https:\\\/\\\/eldigitaldeasturias.com\\\/magazine365\\\/category\\\/actualidad-turismo\\\/#listItem\",\"name\":\"Actualidad Turismo\"}},{\"@type\":\"ListItem\",\"@id\":\"https:\\\/\\\/eldigitaldeasturias.com\\\/magazine365\\\/category\\\/actualidad-turismo\\\/#listItem\",\"position\":2,\"name\":\"Actualidad Turismo\",\"item\":\"https:\\\/\\\/eldigitaldeasturias.com\\\/magazine365\\\/category\\\/actualidad-turismo\\\/\",\"nextItem\":{\"@type\":\"ListItem\",\"@id\":\"https:\\\/\\\/eldigitaldeasturias.com\\\/magazine365\\\/el-aeropuerto-de-londres-despide-la-t1-tras-47-anos-activa\\\/#listItem\",\"name\":\"El aeropuerto de Londres despide la T1 tras 47 a\\u00f1os activa\"},\"previousItem\":{\"@type\":\"ListItem\",\"@id\":\"https:\\\/\\\/eldigitaldeasturias.com\\\/magazine365#listItem\",\"name\":\"Home\"}},{\"@type\":\"ListItem\",\"@id\":\"https:\\\/\\\/eldigitaldeasturias.com\\\/magazine365\\\/el-aeropuerto-de-londres-despide-la-t1-tras-47-anos-activa\\\/#listItem\",\"position\":3,\"name\":\"El aeropuerto de Londres despide la T1 tras 47 a\\u00f1os activa\",\"previousItem\":{\"@type\":\"ListItem\",\"@id\":\"https:\\\/\\\/eldigitaldeasturias.com\\\/magazine365\\\/category\\\/actualidad-turismo\\\/#listItem\",\"name\":\"Actualidad Turismo\"}}]},{\"@type\":\"Organization\",\"@id\":\"https:\\\/\\\/eldigitaldeasturias.com\\\/magazine365\\\/#organization\",\"name\":\"El digital de Asturias\",\"description\":\"Revista de ocio, turismo y estilo de vida\",\"url\":\"https:\\\/\\\/eldigitaldeasturias.com\\\/magazine365\\\/\",\"logo\":{\"@type\":\"ImageObject\",\"url\":\"https:\\\/\\\/www.eldigitaldeasturias.com\\\/noticias\\\/wp-content\\\/uploads\\\/2020\\\/12\\\/EDA.jpg\",\"@id\":\"https:\\\/\\\/eldigitaldeasturias.com\\\/magazine365\\\/el-aeropuerto-de-londres-despide-la-t1-tras-47-anos-activa\\\/#organizationLogo\"},\"image\":{\"@id\":\"https:\\\/\\\/eldigitaldeasturias.com\\\/magazine365\\\/el-aeropuerto-de-londres-despide-la-t1-tras-47-anos-activa\\\/#organizationLogo\"}},{\"@type\":\"Person\",\"@id\":\"https:\\\/\\\/eldigitaldeasturias.com\\\/magazine365\\\/author\\\/admin\\\/#author\",\"url\":\"https:\\\/\\\/eldigitaldeasturias.com\\\/magazine365\\\/author\\\/admin\\\/\",\"name\":\"admin\",\"image\":{\"@type\":\"ImageObject\",\"@id\":\"https:\\\/\\\/eldigitaldeasturias.com\\\/magazine365\\\/el-aeropuerto-de-londres-despide-la-t1-tras-47-anos-activa\\\/#authorImage\",\"url\":\"https:\\\/\\\/eldigitaldeasturias.com\\\/magazine365\\\/wp-content\\\/litespeed\\\/avatar\\\/e571bcf59a0edd6fa6838245a470f2fe.jpg?ver=1777574230\",\"width\":96,\"height\":96,\"caption\":\"admin\"}},{\"@type\":\"WebPage\",\"@id\":\"https:\\\/\\\/eldigitaldeasturias.com\\\/magazine365\\\/el-aeropuerto-de-londres-despide-la-t1-tras-47-anos-activa\\\/#webpage\",\"url\":\"https:\\\/\\\/eldigitaldeasturias.com\\\/magazine365\\\/el-aeropuerto-de-londres-despide-la-t1-tras-47-anos-activa\\\/\",\"name\":\"El aeropuerto de Londres despide la T1 tras 47 a\\u00f1os activa | El Digital de Asturias\",\"description\":\"El aeropuerto de Londres despide este lunes a la terminal 1, tras 47 a\\u00f1os en activo de esta instalaci\\u00f3n y tras haber trasladado gran parte de su actividad a la terminal 2, con lo que m\\u00e1s del 60% de viajeros experimentar\\u00e1n las mejoras en las T2 y T5 de Heathrow. El \\u00faltimo vuelo ser\\u00e1 esta\",\"inLanguage\":\"es-ES\",\"isPartOf\":{\"@id\":\"https:\\\/\\\/eldigitaldeasturias.com\\\/magazine365\\\/#website\"},\"breadcrumb\":{\"@id\":\"https:\\\/\\\/eldigitaldeasturias.com\\\/magazine365\\\/el-aeropuerto-de-londres-despide-la-t1-tras-47-anos-activa\\\/#breadcrumblist\"},\"author\":{\"@id\":\"https:\\\/\\\/eldigitaldeasturias.com\\\/magazine365\\\/author\\\/admin\\\/#author\"},\"creator\":{\"@id\":\"https:\\\/\\\/eldigitaldeasturias.com\\\/magazine365\\\/author\\\/admin\\\/#author\"},\"image\":{\"@type\":\"ImageObject\",\"url\":\"https:\\\/\\\/eldigitaldeasturias.com\\\/magazine365\\\/wp-content\\\/uploads\\\/2015\\\/06\\\/fotonoticia_20150629131553_800.jpg\",\"@id\":\"https:\\\/\\\/eldigitaldeasturias.com\\\/magazine365\\\/el-aeropuerto-de-londres-despide-la-t1-tras-47-anos-activa\\\/#mainImage\",\"width\":800,\"height\":575},\"primaryImageOfPage\":{\"@id\":\"https:\\\/\\\/eldigitaldeasturias.com\\\/magazine365\\\/el-aeropuerto-de-londres-despide-la-t1-tras-47-anos-activa\\\/#mainImage\"},\"datePublished\":\"2015-06-30T07:45:54+02:00\",\"dateModified\":\"2015-06-30T07:45:54+02:00\"},{\"@type\":\"WebSite\",\"@id\":\"https:\\\/\\\/eldigitaldeasturias.com\\\/magazine365\\\/#website\",\"url\":\"https:\\\/\\\/eldigitaldeasturias.com\\\/magazine365\\\/\",\"name\":\"El Digital de Asturias\",\"description\":\"Revista de ocio, turismo y estilo de vida\",\"inLanguage\":\"es-ES\",\"publisher\":{\"@id\":\"https:\\\/\\\/eldigitaldeasturias.com\\\/magazine365\\\/#organization\"}}]}\n\t\t<\/script>\n\t\t<!-- All in One SEO Pro -->\r\n\t\t<title>El aeropuerto de Londres despide la T1 tras 47 a\u00f1os activa | El Digital de Asturias<\/title>\n\n","aioseo_head_json":{"title":"El aeropuerto de Londres despide la T1 tras 47 a\u00f1os activa | El Digital de Asturias","description":"El aeropuerto de Londres despide este lunes a la terminal 1, tras 47 a\u00f1os en activo de esta instalaci\u00f3n y tras haber trasladado gran parte de su actividad a la terminal 2, con lo que m\u00e1s del 60% de viajeros experimentar\u00e1n las mejoras en las T2 y T5 de Heathrow. El \u00faltimo vuelo ser\u00e1 esta","canonical_url":"https:\/\/eldigitaldeasturias.com\/magazine365\/el-aeropuerto-de-londres-despide-la-t1-tras-47-anos-activa\/","robots":"max-image-preview:large","keywords":"actualidad turismo","webmasterTools":{"google-site-verification":"UA-38556648-1","miscellaneous":""},"schema":{"@context":"https:\/\/schema.org","@graph":[{"@type":"Article","@id":"https:\/\/eldigitaldeasturias.com\/magazine365\/el-aeropuerto-de-londres-despide-la-t1-tras-47-anos-activa\/#article","name":"El aeropuerto de Londres despide la T1 tras 47 a\u00f1os activa | El Digital de Asturias","headline":"El aeropuerto de Londres despide la T1 tras 47 a\u00f1os activa","author":{"@id":"https:\/\/eldigitaldeasturias.com\/magazine365\/author\/admin\/#author"},"publisher":{"@id":"https:\/\/eldigitaldeasturias.com\/magazine365\/#organization"},"image":{"@type":"ImageObject","url":"https:\/\/eldigitaldeasturias.com\/magazine365\/wp-content\/uploads\/2015\/06\/fotonoticia_20150629131553_800.jpg","width":800,"height":575},"datePublished":"2015-06-30T07:45:54+02:00","dateModified":"2015-06-30T07:45:54+02:00","inLanguage":"es-ES","mainEntityOfPage":{"@id":"https:\/\/eldigitaldeasturias.com\/magazine365\/el-aeropuerto-de-londres-despide-la-t1-tras-47-anos-activa\/#webpage"},"isPartOf":{"@id":"https:\/\/eldigitaldeasturias.com\/magazine365\/el-aeropuerto-de-londres-despide-la-t1-tras-47-anos-activa\/#webpage"},"articleSection":"Actualidad Turismo"},{"@type":"BreadcrumbList","@id":"https:\/\/eldigitaldeasturias.com\/magazine365\/el-aeropuerto-de-londres-despide-la-t1-tras-47-anos-activa\/#breadcrumblist","itemListElement":[{"@type":"ListItem","@id":"https:\/\/eldigitaldeasturias.com\/magazine365#listItem","position":1,"name":"Home","item":"https:\/\/eldigitaldeasturias.com\/magazine365","nextItem":{"@type":"ListItem","@id":"https:\/\/eldigitaldeasturias.com\/magazine365\/category\/actualidad-turismo\/#listItem","name":"Actualidad Turismo"}},{"@type":"ListItem","@id":"https:\/\/eldigitaldeasturias.com\/magazine365\/category\/actualidad-turismo\/#listItem","position":2,"name":"Actualidad Turismo","item":"https:\/\/eldigitaldeasturias.com\/magazine365\/category\/actualidad-turismo\/","nextItem":{"@type":"ListItem","@id":"https:\/\/eldigitaldeasturias.com\/magazine365\/el-aeropuerto-de-londres-despide-la-t1-tras-47-anos-activa\/#listItem","name":"El aeropuerto de Londres despide la T1 tras 47 a\u00f1os activa"},"previousItem":{"@type":"ListItem","@id":"https:\/\/eldigitaldeasturias.com\/magazine365#listItem","name":"Home"}},{"@type":"ListItem","@id":"https:\/\/eldigitaldeasturias.com\/magazine365\/el-aeropuerto-de-londres-despide-la-t1-tras-47-anos-activa\/#listItem","position":3,"name":"El aeropuerto de Londres despide la T1 tras 47 a\u00f1os activa","previousItem":{"@type":"ListItem","@id":"https:\/\/eldigitaldeasturias.com\/magazine365\/category\/actualidad-turismo\/#listItem","name":"Actualidad Turismo"}}]},{"@type":"Organization","@id":"https:\/\/eldigitaldeasturias.com\/magazine365\/#organization","name":"El digital de Asturias","description":"Revista de ocio, turismo y estilo de vida","url":"https:\/\/eldigitaldeasturias.com\/magazine365\/","logo":{"@type":"ImageObject","url":"https:\/\/www.eldigitaldeasturias.com\/noticias\/wp-content\/uploads\/2020\/12\/EDA.jpg","@id":"https:\/\/eldigitaldeasturias.com\/magazine365\/el-aeropuerto-de-londres-despide-la-t1-tras-47-anos-activa\/#organizationLogo"},"image":{"@id":"https:\/\/eldigitaldeasturias.com\/magazine365\/el-aeropuerto-de-londres-despide-la-t1-tras-47-anos-activa\/#organizationLogo"}},{"@type":"Person","@id":"https:\/\/eldigitaldeasturias.com\/magazine365\/author\/admin\/#author","url":"https:\/\/eldigitaldeasturias.com\/magazine365\/author\/admin\/","name":"admin","image":{"@type":"ImageObject","@id":"https:\/\/eldigitaldeasturias.com\/magazine365\/el-aeropuerto-de-londres-despide-la-t1-tras-47-anos-activa\/#authorImage","url":"https:\/\/eldigitaldeasturias.com\/magazine365\/wp-content\/litespeed\/avatar\/e571bcf59a0edd6fa6838245a470f2fe.jpg?ver=1777574230","width":96,"height":96,"caption":"admin"}},{"@type":"WebPage","@id":"https:\/\/eldigitaldeasturias.com\/magazine365\/el-aeropuerto-de-londres-despide-la-t1-tras-47-anos-activa\/#webpage","url":"https:\/\/eldigitaldeasturias.com\/magazine365\/el-aeropuerto-de-londres-despide-la-t1-tras-47-anos-activa\/","name":"El aeropuerto de Londres despide la T1 tras 47 a\u00f1os activa | El Digital de Asturias","description":"El aeropuerto de Londres despide este lunes a la terminal 1, tras 47 a\u00f1os en activo de esta instalaci\u00f3n y tras haber trasladado gran parte de su actividad a la terminal 2, con lo que m\u00e1s del 60% de viajeros experimentar\u00e1n las mejoras en las T2 y T5 de Heathrow. El \u00faltimo vuelo ser\u00e1 esta","inLanguage":"es-ES","isPartOf":{"@id":"https:\/\/eldigitaldeasturias.com\/magazine365\/#website"},"breadcrumb":{"@id":"https:\/\/eldigitaldeasturias.com\/magazine365\/el-aeropuerto-de-londres-despide-la-t1-tras-47-anos-activa\/#breadcrumblist"},"author":{"@id":"https:\/\/eldigitaldeasturias.com\/magazine365\/author\/admin\/#author"},"creator":{"@id":"https:\/\/eldigitaldeasturias.com\/magazine365\/author\/admin\/#author"},"image":{"@type":"ImageObject","url":"https:\/\/eldigitaldeasturias.com\/magazine365\/wp-content\/uploads\/2015\/06\/fotonoticia_20150629131553_800.jpg","@id":"https:\/\/eldigitaldeasturias.com\/magazine365\/el-aeropuerto-de-londres-despide-la-t1-tras-47-anos-activa\/#mainImage","width":800,"height":575},"primaryImageOfPage":{"@id":"https:\/\/eldigitaldeasturias.com\/magazine365\/el-aeropuerto-de-londres-despide-la-t1-tras-47-anos-activa\/#mainImage"},"datePublished":"2015-06-30T07:45:54+02:00","dateModified":"2015-06-30T07:45:54+02:00"},{"@type":"WebSite","@id":"https:\/\/eldigitaldeasturias.com\/magazine365\/#website","url":"https:\/\/eldigitaldeasturias.com\/magazine365\/","name":"El Digital de Asturias","description":"Revista de ocio, turismo y estilo de vida","inLanguage":"es-ES","publisher":{"@id":"https:\/\/eldigitaldeasturias.com\/magazine365\/#organization"}}]},"og:locale":"es_ES","og:site_name":"El Digital de Asturias \u2013 Revista de ocio, turismo y estilo de vida","og:type":"article","og:title":"El aeropuerto de Londres despide la T1 tras 47 a\u00f1os activa | El Digital de Asturias","og:description":"El aeropuerto de Londres despide este lunes a la terminal 1, tras 47 a\u00f1os en activo de esta instalaci\u00f3n y tras haber trasladado gran parte de su actividad a la terminal 2, con lo que m\u00e1s del 60% de viajeros experimentar\u00e1n las mejoras en las T2 y T5 de Heathrow. El \u00faltimo vuelo ser\u00e1 esta","og:url":"https:\/\/eldigitaldeasturias.com\/magazine365\/el-aeropuerto-de-londres-despide-la-t1-tras-47-anos-activa\/","og:image":"https:\/\/eldigitaldeasturias.com\/magazine365\/wp-content\/uploads\/2015\/06\/fotonoticia_20150629131553_800.jpg","og:image:secure_url":"https:\/\/eldigitaldeasturias.com\/magazine365\/wp-content\/uploads\/2015\/06\/fotonoticia_20150629131553_800.jpg","og:image:width":800,"og:image:height":575,"article:published_time":"2015-06-30T06:15:54+00:00","article:modified_time":"2015-06-30T06:15:54+00:00","twitter:card":"summary_large_image","twitter:title":"El aeropuerto de Londres despide la T1 tras 47 a\u00f1os activa | El Digital de Asturias","twitter:description":"El aeropuerto de Londres despide este lunes a la terminal 1, tras 47 a\u00f1os en activo de esta instalaci\u00f3n y tras haber trasladado gran parte de su actividad a la terminal 2, con lo que m\u00e1s del 60% de viajeros experimentar\u00e1n las mejoras en las T2 y T5 de Heathrow. El \u00faltimo vuelo ser\u00e1 esta","twitter:image":"https:\/\/eldigitaldeasturias.com\/magazine365\/wp-content\/uploads\/2015\/06\/fotonoticia_20150629131553_800.jpg"},"aioseo_meta_data":{"post_id":"41263","title":null,"description":null,"keywords":null,"keyphrases":null,"primary_term":null,"canonical_url":null,"og_title":null,"og_description":null,"og_object_type":"default","og_image_type":"default","og_image_url":null,"og_image_width":null,"og_image_height":null,"og_image_custom_url":null,"og_image_custom_fields":null,"og_video":null,"og_custom_url":null,"og_article_section":null,"og_article_tags":null,"twitter_use_og":false,"twitter_card":"default","twitter_image_type":"default","twitter_image_url":null,"twitter_image_custom_url":null,"twitter_image_custom_fields":null,"twitter_title":null,"twitter_description":null,"schema":{"blockGraphs":[],"customGraphs":[],"default":{"data":{"Article":[],"Course":[],"Dataset":[],"FAQPage":[],"Movie":[],"Person":[],"Product":[],"ProductReview":[],"Car":[],"Recipe":[],"Service":[],"SoftwareApplication":[],"WebPage":[]},"graphName":"","isEnabled":true},"graphs":[],"defaultGraph":"","defaultPostTypeGraph":""},"schema_type":null,"schema_type_options":null,"pillar_content":false,"robots_default":true,"robots_noindex":false,"robots_noarchive":false,"robots_nosnippet":false,"robots_nofollow":false,"robots_noimageindex":false,"robots_noodp":false,"robots_notranslate":false,"robots_max_snippet":null,"robots_max_videopreview":null,"robots_max_imagepreview":"large","priority":null,"frequency":null,"location":null,"local_seo":null,"seo_analyzer_scan_date":"2025-09-19 15:19:31","breadcrumb_settings":null,"limit_modified_date":false,"open_ai":null,"ai":null,"created":"2021-03-09 02:17:41","updated":"2025-09-19 15:19:31"},"aioseo_breadcrumb":"<div class=\"aioseo-breadcrumbs\"><span class=\"aioseo-breadcrumb\">\n\t<a href=\"https:\/\/eldigitaldeasturias.com\/magazine365\" title=\"Home\">Home<\/a>\n<\/span><span class=\"aioseo-breadcrumb-separator\">\u2013<\/span><span class=\"aioseo-breadcrumb\">\n\t<a href=\"https:\/\/eldigitaldeasturias.com\/magazine365\/category\/actualidad-turismo\/\" title=\"Actualidad Turismo\">Actualidad Turismo<\/a>\n<\/span><span class=\"aioseo-breadcrumb-separator\">\u2013<\/span><span class=\"aioseo-breadcrumb\">\n\t<a href=\"https:\/\/eldigitaldeasturias.com\/magazine365\/el-aeropuerto-de-londres-despide-la-t1-tras-47-anos-activa\/\" title=\"El aeropuerto de Londres despide la T1 tras 47 a\u00f1os activa\">El aeropuerto de Londres despide la T1 tras 47 a\u00f1os activa<\/a>\n<\/span><\/div>","aioseo_breadcrumb_json":[{"label":"Home","link":"https:\/\/eldigitaldeasturias.com\/magazine365"},{"label":"Actualidad Turismo","link":"https:\/\/eldigitaldeasturias.com\/magazine365\/category\/actualidad-turismo\/"},{"label":"El aeropuerto de Londres despide la T1 tras 47 a\u00f1os activa","link":"https:\/\/eldigitaldeasturias.com\/magazine365\/el-aeropuerto-de-londres-despide-la-t1-tras-47-anos-activa\/"}],"_links":{"self":[{"href":"https:\/\/eldigitaldeasturias.com\/magazine365\/wp-json\/wp\/v2\/posts\/41263","targetHints":{"allow":["GET"]}}],"collection":[{"href":"https:\/\/eldigitaldeasturias.com\/magazine365\/wp-json\/wp\/v2\/posts"}],"about":[{"href":"https:\/\/eldigitaldeasturias.com\/magazine365\/wp-json\/wp\/v2\/types\/post"}],"author":[{"embeddable":true,"href":"https:\/\/eldigitaldeasturias.com\/magazine365\/wp-json\/wp\/v2\/users\/1"}],"replies":[{"embeddable":true,"href":"https:\/\/eldigitaldeasturias.com\/magazine365\/wp-json\/wp\/v2\/comments?post=41263"}],"version-history":[{"count":0,"href":"https:\/\/eldigitaldeasturias.com\/magazine365\/wp-json\/wp\/v2\/posts\/41263\/revisions"}],"wp:featuredmedia":[{"embeddable":true,"href":"https:\/\/eldigitaldeasturias.com\/magazine365\/wp-json\/wp\/v2\/media\/41264"}],"wp:attachment":[{"href":"https:\/\/eldigitaldeasturias.com\/magazine365\/wp-json\/wp\/v2\/media?parent=41263"}],"wp:term":[{"taxonomy":"category","embeddable":true,"href":"https:\/\/eldigitaldeasturias.com\/magazine365\/wp-json\/wp\/v2\/categories?post=41263"},{"taxonomy":"post_tag","embeddable":true,"href":"https:\/\/eldigitaldeasturias.com\/magazine365\/wp-json\/wp\/v2\/tags?post=41263"}],"curies":[{"name":"wp","href":"https:\/\/api.w.org\/{rel}","templated":true}]}}