{"id":41251,"date":"2015-06-30T07:29:30","date_gmt":"2015-06-30T05:59:30","guid":{"rendered":"http:\/\/eldigitaldeasturias.com\/magazine365\/?p=41251"},"modified":"2015-06-30T07:29:30","modified_gmt":"2015-06-30T05:59:30","slug":"gran-melia-fenix-celebra-los-50-anos-de-la-visita-de-the-beatles-a-espana","status":"publish","type":"post","link":"https:\/\/eldigitaldeasturias.com\/magazine365\/gran-melia-fenix-celebra-los-50-anos-de-la-visita-de-the-beatles-a-espana\/","title":{"rendered":"Gran Meli\u00e1 F\u00e9nix celebra los 50 a\u00f1os de la visita de The Beatles a Espa\u00f1a"},"content":{"rendered":"<p><img fetchpriority=\"high\" decoding=\"async\" class=\"alignleft size-medium wp-image-41252\" src=\"https:\/\/eldigitaldeasturias.com\/magazine365\/wp-content\/uploads\/2015\/06\/fotonoticia_20150629125333_800-360x240.jpg\" alt=\"fotonoticia_20150629125333_800\" width=\"360\" height=\"240\" srcset=\"https:\/\/eldigitaldeasturias.com\/magazine365\/wp-content\/uploads\/2015\/06\/fotonoticia_20150629125333_800-360x240.jpg 360w, https:\/\/eldigitaldeasturias.com\/magazine365\/wp-content\/uploads\/2015\/06\/fotonoticia_20150629125333_800-650x433.jpg 650w, https:\/\/eldigitaldeasturias.com\/magazine365\/wp-content\/uploads\/2015\/06\/fotonoticia_20150629125333_800-768x512.jpg 768w, https:\/\/eldigitaldeasturias.com\/magazine365\/wp-content\/uploads\/2015\/06\/fotonoticia_20150629125333_800-150x100.jpg 150w, https:\/\/eldigitaldeasturias.com\/magazine365\/wp-content\/uploads\/2015\/06\/fotonoticia_20150629125333_800-450x300.jpg 450w, https:\/\/eldigitaldeasturias.com\/magazine365\/wp-content\/uploads\/2015\/06\/fotonoticia_20150629125333_800-696x464.jpg 696w, https:\/\/eldigitaldeasturias.com\/magazine365\/wp-content\/uploads\/2015\/06\/fotonoticia_20150629125333_800-630x420.jpg 630w, https:\/\/eldigitaldeasturias.com\/magazine365\/wp-content\/uploads\/2015\/06\/fotonoticia_20150629125333_800-84x55.jpg 84w, https:\/\/eldigitaldeasturias.com\/magazine365\/wp-content\/uploads\/2015\/06\/fotonoticia_20150629125333_800.jpg 800w\" sizes=\"(max-width: 360px) 100vw, 360px\" \/>El hotel F\u00e9nix de Madrid fue part\u00edcipe hace 50 a\u00f1os de uno de los acontecimientos hist\u00f3ricos m\u00e1s se\u00f1alados de nuestro pa\u00eds en el \u00e1mbito musical y es que las mejores suites del hotel fueron el lugar elegido por los Beatles para alojarse la noche anterior al que ser\u00eda su primer concierto en Espa\u00f1a.<\/p>\n<p>Todo un evento presenciado por miles de personas que no se quisieron perder el estreno de la banda en la Plaza de Toros de Las Ventas.<\/p>\n<p>El pr\u00f3ximo 2 de julio se cumplir\u00e1 medio siglo del desembarco del cuarteto de Liverpool en Espa\u00f1a, por lo que la productora DueMusic ha organizado un concierto homenaje para revivir tan se\u00f1alado evento. Misma fecha, mismo lugar y mismas canciones.<\/p>\n<p>El antiguo hotel F\u00e9nix, operado ahora por Meli\u00e1 Hotels International bajo el nombre de Gran Meli\u00e1 F\u00e9nix y miembro de The Leading Hotels of the World, tampoco ha querido quedarse atr\u00e1s y se suma a la celebraci\u00f3n del evento, para hacer m\u00e1s especial a\u00fan el tributo a la banda.<\/p>\n<p>Aprovechando que la &#8216;beatleman\u00eda&#8217; sigue tan latente como el primer d\u00eda, el que fuera el hogar del grupo durante un d\u00eda colabora con DueMusic para ofrecer la Entrada Vip Gold Meli\u00e1, que incluye estancia de hotel con desayuno para dos personas y entradas al concierto que se celebrar\u00e1 en Las Ventas, a partir de 320 euros.<\/p>\n","protected":false},"excerpt":{"rendered":"<p>El hotel F\u00e9nix de Madrid fue part\u00edcipe hace 50 a\u00f1os de uno de los acontecimientos hist\u00f3ricos m\u00e1s se\u00f1alados de nuestro pa\u00eds en el \u00e1mbito musical y es que las mejores suites del hotel fueron el lugar elegido por los Beatles para alojarse la noche anterior al que ser\u00eda su primer concierto en Espa\u00f1a. Todo un<\/p>\n","protected":false},"author":1,"featured_media":41252,"comment_status":"open","ping_status":"closed","sticky":false,"template":"","format":"standard","meta":{"footnotes":""},"categories":[222],"tags":[],"class_list":{"0":"post-41251","1":"post","2":"type-post","3":"status-publish","4":"format-standard","5":"has-post-thumbnail","7":"category-actualidad-turismo"},"aioseo_notices":[],"aioseo_head":"\n\t\t<!-- All in One SEO Pro 4.9.6.1 - aioseo.com -->\n\t<meta name=\"description\" content=\"El hotel F\u00e9nix de Madrid fue part\u00edcipe hace 50 a\u00f1os de uno de los acontecimientos hist\u00f3ricos m\u00e1s se\u00f1alados de nuestro pa\u00eds en el \u00e1mbito musical y es que las mejores suites del hotel fueron el lugar elegido por los Beatles para alojarse la noche anterior al que ser\u00eda su primer concierto en Espa\u00f1a. Todo un\" \/>\n\t<meta name=\"robots\" content=\"max-image-preview:large\" \/>\n\t<meta name=\"author\" content=\"admin\"\/>\n\t<meta name=\"google-site-verification\" content=\"UA-38556648-1\" \/>\n\t<meta name=\"keywords\" content=\"actualidad turismo\" \/>\n\t<link rel=\"canonical\" href=\"https:\/\/eldigitaldeasturias.com\/magazine365\/gran-melia-fenix-celebra-los-50-anos-de-la-visita-de-the-beatles-a-espana\/\" \/>\n\t<meta name=\"generator\" content=\"All in One SEO Pro (AIOSEO) 4.9.6.1\" \/>\n\t\t<meta property=\"og:locale\" content=\"es_ES\" \/>\n\t\t<meta property=\"og:site_name\" content=\"El Digital de Asturias \u2013 Revista de ocio, turismo y estilo de vida\" \/>\n\t\t<meta property=\"og:type\" content=\"article\" \/>\n\t\t<meta property=\"og:title\" content=\"Gran Meli\u00e1 F\u00e9nix celebra los 50 a\u00f1os de la visita de The Beatles a Espa\u00f1a | El Digital de Asturias\" \/>\n\t\t<meta property=\"og:description\" content=\"El hotel F\u00e9nix de Madrid fue part\u00edcipe hace 50 a\u00f1os de uno de los acontecimientos hist\u00f3ricos m\u00e1s se\u00f1alados de nuestro pa\u00eds en el \u00e1mbito musical y es que las mejores suites del hotel fueron el lugar elegido por los Beatles para alojarse la noche anterior al que ser\u00eda su primer concierto en Espa\u00f1a. Todo un\" \/>\n\t\t<meta property=\"og:url\" content=\"https:\/\/eldigitaldeasturias.com\/magazine365\/gran-melia-fenix-celebra-los-50-anos-de-la-visita-de-the-beatles-a-espana\/\" \/>\n\t\t<meta property=\"og:image\" content=\"https:\/\/eldigitaldeasturias.com\/magazine365\/wp-content\/uploads\/2015\/06\/fotonoticia_20150629125333_800.jpg\" \/>\n\t\t<meta property=\"og:image:secure_url\" content=\"https:\/\/eldigitaldeasturias.com\/magazine365\/wp-content\/uploads\/2015\/06\/fotonoticia_20150629125333_800.jpg\" \/>\n\t\t<meta property=\"og:image:width\" content=\"800\" \/>\n\t\t<meta property=\"og:image:height\" content=\"533\" \/>\n\t\t<meta property=\"article:published_time\" content=\"2015-06-30T05:59:30+00:00\" \/>\n\t\t<meta property=\"article:modified_time\" content=\"2015-06-30T05:59:30+00:00\" \/>\n\t\t<meta name=\"twitter:card\" content=\"summary_large_image\" \/>\n\t\t<meta name=\"twitter:title\" content=\"Gran Meli\u00e1 F\u00e9nix celebra los 50 a\u00f1os de la visita de The Beatles a Espa\u00f1a | El Digital de Asturias\" \/>\n\t\t<meta name=\"twitter:description\" content=\"El hotel F\u00e9nix de Madrid fue part\u00edcipe hace 50 a\u00f1os de uno de los acontecimientos hist\u00f3ricos m\u00e1s se\u00f1alados de nuestro pa\u00eds en el \u00e1mbito musical y es que las mejores suites del hotel fueron el lugar elegido por los Beatles para alojarse la noche anterior al que ser\u00eda su primer concierto en Espa\u00f1a. Todo un\" \/>\n\t\t<meta name=\"twitter:image\" content=\"https:\/\/eldigitaldeasturias.com\/magazine365\/wp-content\/uploads\/2015\/06\/fotonoticia_20150629125333_800.jpg\" \/>\n\t\t<script type=\"application\/ld+json\" class=\"aioseo-schema\">\n\t\t\t{\"@context\":\"https:\\\/\\\/schema.org\",\"@graph\":[{\"@type\":\"Article\",\"@id\":\"https:\\\/\\\/eldigitaldeasturias.com\\\/magazine365\\\/gran-melia-fenix-celebra-los-50-anos-de-la-visita-de-the-beatles-a-espana\\\/#article\",\"name\":\"Gran Meli\\u00e1 F\\u00e9nix celebra los 50 a\\u00f1os de la visita de The Beatles a Espa\\u00f1a | El Digital de Asturias\",\"headline\":\"Gran Meli\\u00e1 F\\u00e9nix celebra los 50 a\\u00f1os de la visita de The Beatles a Espa\\u00f1a\",\"author\":{\"@id\":\"https:\\\/\\\/eldigitaldeasturias.com\\\/magazine365\\\/author\\\/admin\\\/#author\"},\"publisher\":{\"@id\":\"https:\\\/\\\/eldigitaldeasturias.com\\\/magazine365\\\/#organization\"},\"image\":{\"@type\":\"ImageObject\",\"url\":\"https:\\\/\\\/eldigitaldeasturias.com\\\/magazine365\\\/wp-content\\\/uploads\\\/2015\\\/06\\\/fotonoticia_20150629125333_800.jpg\",\"width\":800,\"height\":533},\"datePublished\":\"2015-06-30T07:29:30+02:00\",\"dateModified\":\"2015-06-30T07:29:30+02:00\",\"inLanguage\":\"es-ES\",\"mainEntityOfPage\":{\"@id\":\"https:\\\/\\\/eldigitaldeasturias.com\\\/magazine365\\\/gran-melia-fenix-celebra-los-50-anos-de-la-visita-de-the-beatles-a-espana\\\/#webpage\"},\"isPartOf\":{\"@id\":\"https:\\\/\\\/eldigitaldeasturias.com\\\/magazine365\\\/gran-melia-fenix-celebra-los-50-anos-de-la-visita-de-the-beatles-a-espana\\\/#webpage\"},\"articleSection\":\"Actualidad Turismo\"},{\"@type\":\"BreadcrumbList\",\"@id\":\"https:\\\/\\\/eldigitaldeasturias.com\\\/magazine365\\\/gran-melia-fenix-celebra-los-50-anos-de-la-visita-de-the-beatles-a-espana\\\/#breadcrumblist\",\"itemListElement\":[{\"@type\":\"ListItem\",\"@id\":\"https:\\\/\\\/eldigitaldeasturias.com\\\/magazine365#listItem\",\"position\":1,\"name\":\"Home\",\"item\":\"https:\\\/\\\/eldigitaldeasturias.com\\\/magazine365\",\"nextItem\":{\"@type\":\"ListItem\",\"@id\":\"https:\\\/\\\/eldigitaldeasturias.com\\\/magazine365\\\/category\\\/actualidad-turismo\\\/#listItem\",\"name\":\"Actualidad Turismo\"}},{\"@type\":\"ListItem\",\"@id\":\"https:\\\/\\\/eldigitaldeasturias.com\\\/magazine365\\\/category\\\/actualidad-turismo\\\/#listItem\",\"position\":2,\"name\":\"Actualidad Turismo\",\"item\":\"https:\\\/\\\/eldigitaldeasturias.com\\\/magazine365\\\/category\\\/actualidad-turismo\\\/\",\"nextItem\":{\"@type\":\"ListItem\",\"@id\":\"https:\\\/\\\/eldigitaldeasturias.com\\\/magazine365\\\/gran-melia-fenix-celebra-los-50-anos-de-la-visita-de-the-beatles-a-espana\\\/#listItem\",\"name\":\"Gran Meli\\u00e1 F\\u00e9nix celebra los 50 a\\u00f1os de la visita de The Beatles a Espa\\u00f1a\"},\"previousItem\":{\"@type\":\"ListItem\",\"@id\":\"https:\\\/\\\/eldigitaldeasturias.com\\\/magazine365#listItem\",\"name\":\"Home\"}},{\"@type\":\"ListItem\",\"@id\":\"https:\\\/\\\/eldigitaldeasturias.com\\\/magazine365\\\/gran-melia-fenix-celebra-los-50-anos-de-la-visita-de-the-beatles-a-espana\\\/#listItem\",\"position\":3,\"name\":\"Gran Meli\\u00e1 F\\u00e9nix celebra los 50 a\\u00f1os de la visita de The Beatles a Espa\\u00f1a\",\"previousItem\":{\"@type\":\"ListItem\",\"@id\":\"https:\\\/\\\/eldigitaldeasturias.com\\\/magazine365\\\/category\\\/actualidad-turismo\\\/#listItem\",\"name\":\"Actualidad Turismo\"}}]},{\"@type\":\"Organization\",\"@id\":\"https:\\\/\\\/eldigitaldeasturias.com\\\/magazine365\\\/#organization\",\"name\":\"El digital de Asturias\",\"description\":\"Revista de ocio, turismo y estilo de vida\",\"url\":\"https:\\\/\\\/eldigitaldeasturias.com\\\/magazine365\\\/\",\"logo\":{\"@type\":\"ImageObject\",\"url\":\"https:\\\/\\\/www.eldigitaldeasturias.com\\\/noticias\\\/wp-content\\\/uploads\\\/2020\\\/12\\\/EDA.jpg\",\"@id\":\"https:\\\/\\\/eldigitaldeasturias.com\\\/magazine365\\\/gran-melia-fenix-celebra-los-50-anos-de-la-visita-de-the-beatles-a-espana\\\/#organizationLogo\"},\"image\":{\"@id\":\"https:\\\/\\\/eldigitaldeasturias.com\\\/magazine365\\\/gran-melia-fenix-celebra-los-50-anos-de-la-visita-de-the-beatles-a-espana\\\/#organizationLogo\"}},{\"@type\":\"Person\",\"@id\":\"https:\\\/\\\/eldigitaldeasturias.com\\\/magazine365\\\/author\\\/admin\\\/#author\",\"url\":\"https:\\\/\\\/eldigitaldeasturias.com\\\/magazine365\\\/author\\\/admin\\\/\",\"name\":\"admin\",\"image\":{\"@type\":\"ImageObject\",\"@id\":\"https:\\\/\\\/eldigitaldeasturias.com\\\/magazine365\\\/gran-melia-fenix-celebra-los-50-anos-de-la-visita-de-the-beatles-a-espana\\\/#authorImage\",\"url\":\"https:\\\/\\\/eldigitaldeasturias.com\\\/magazine365\\\/wp-content\\\/litespeed\\\/avatar\\\/e571bcf59a0edd6fa6838245a470f2fe.jpg?ver=1777574230\",\"width\":96,\"height\":96,\"caption\":\"admin\"}},{\"@type\":\"WebPage\",\"@id\":\"https:\\\/\\\/eldigitaldeasturias.com\\\/magazine365\\\/gran-melia-fenix-celebra-los-50-anos-de-la-visita-de-the-beatles-a-espana\\\/#webpage\",\"url\":\"https:\\\/\\\/eldigitaldeasturias.com\\\/magazine365\\\/gran-melia-fenix-celebra-los-50-anos-de-la-visita-de-the-beatles-a-espana\\\/\",\"name\":\"Gran Meli\\u00e1 F\\u00e9nix celebra los 50 a\\u00f1os de la visita de The Beatles a Espa\\u00f1a | El Digital de Asturias\",\"description\":\"El hotel F\\u00e9nix de Madrid fue part\\u00edcipe hace 50 a\\u00f1os de uno de los acontecimientos hist\\u00f3ricos m\\u00e1s se\\u00f1alados de nuestro pa\\u00eds en el \\u00e1mbito musical y es que las mejores suites del hotel fueron el lugar elegido por los Beatles para alojarse la noche anterior al que ser\\u00eda su primer concierto en Espa\\u00f1a. Todo un\",\"inLanguage\":\"es-ES\",\"isPartOf\":{\"@id\":\"https:\\\/\\\/eldigitaldeasturias.com\\\/magazine365\\\/#website\"},\"breadcrumb\":{\"@id\":\"https:\\\/\\\/eldigitaldeasturias.com\\\/magazine365\\\/gran-melia-fenix-celebra-los-50-anos-de-la-visita-de-the-beatles-a-espana\\\/#breadcrumblist\"},\"author\":{\"@id\":\"https:\\\/\\\/eldigitaldeasturias.com\\\/magazine365\\\/author\\\/admin\\\/#author\"},\"creator\":{\"@id\":\"https:\\\/\\\/eldigitaldeasturias.com\\\/magazine365\\\/author\\\/admin\\\/#author\"},\"image\":{\"@type\":\"ImageObject\",\"url\":\"https:\\\/\\\/eldigitaldeasturias.com\\\/magazine365\\\/wp-content\\\/uploads\\\/2015\\\/06\\\/fotonoticia_20150629125333_800.jpg\",\"@id\":\"https:\\\/\\\/eldigitaldeasturias.com\\\/magazine365\\\/gran-melia-fenix-celebra-los-50-anos-de-la-visita-de-the-beatles-a-espana\\\/#mainImage\",\"width\":800,\"height\":533},\"primaryImageOfPage\":{\"@id\":\"https:\\\/\\\/eldigitaldeasturias.com\\\/magazine365\\\/gran-melia-fenix-celebra-los-50-anos-de-la-visita-de-the-beatles-a-espana\\\/#mainImage\"},\"datePublished\":\"2015-06-30T07:29:30+02:00\",\"dateModified\":\"2015-06-30T07:29:30+02:00\"},{\"@type\":\"WebSite\",\"@id\":\"https:\\\/\\\/eldigitaldeasturias.com\\\/magazine365\\\/#website\",\"url\":\"https:\\\/\\\/eldigitaldeasturias.com\\\/magazine365\\\/\",\"name\":\"El Digital de Asturias\",\"description\":\"Revista de ocio, turismo y estilo de vida\",\"inLanguage\":\"es-ES\",\"publisher\":{\"@id\":\"https:\\\/\\\/eldigitaldeasturias.com\\\/magazine365\\\/#organization\"}}]}\n\t\t<\/script>\n\t\t<!-- All in One SEO Pro -->\r\n\t\t<title>Gran Meli\u00e1 F\u00e9nix celebra los 50 a\u00f1os de la visita de The Beatles a Espa\u00f1a | El Digital de Asturias<\/title>\n\n","aioseo_head_json":{"title":"Gran Meli\u00e1 F\u00e9nix celebra los 50 a\u00f1os de la visita de The Beatles a Espa\u00f1a | El Digital de Asturias","description":"El hotel F\u00e9nix de Madrid fue part\u00edcipe hace 50 a\u00f1os de uno de los acontecimientos hist\u00f3ricos m\u00e1s se\u00f1alados de nuestro pa\u00eds en el \u00e1mbito musical y es que las mejores suites del hotel fueron el lugar elegido por los Beatles para alojarse la noche anterior al que ser\u00eda su primer concierto en Espa\u00f1a. Todo un","canonical_url":"https:\/\/eldigitaldeasturias.com\/magazine365\/gran-melia-fenix-celebra-los-50-anos-de-la-visita-de-the-beatles-a-espana\/","robots":"max-image-preview:large","keywords":"actualidad turismo","webmasterTools":{"google-site-verification":"UA-38556648-1","miscellaneous":""},"schema":{"@context":"https:\/\/schema.org","@graph":[{"@type":"Article","@id":"https:\/\/eldigitaldeasturias.com\/magazine365\/gran-melia-fenix-celebra-los-50-anos-de-la-visita-de-the-beatles-a-espana\/#article","name":"Gran Meli\u00e1 F\u00e9nix celebra los 50 a\u00f1os de la visita de The Beatles a Espa\u00f1a | El Digital de Asturias","headline":"Gran Meli\u00e1 F\u00e9nix celebra los 50 a\u00f1os de la visita de The Beatles a Espa\u00f1a","author":{"@id":"https:\/\/eldigitaldeasturias.com\/magazine365\/author\/admin\/#author"},"publisher":{"@id":"https:\/\/eldigitaldeasturias.com\/magazine365\/#organization"},"image":{"@type":"ImageObject","url":"https:\/\/eldigitaldeasturias.com\/magazine365\/wp-content\/uploads\/2015\/06\/fotonoticia_20150629125333_800.jpg","width":800,"height":533},"datePublished":"2015-06-30T07:29:30+02:00","dateModified":"2015-06-30T07:29:30+02:00","inLanguage":"es-ES","mainEntityOfPage":{"@id":"https:\/\/eldigitaldeasturias.com\/magazine365\/gran-melia-fenix-celebra-los-50-anos-de-la-visita-de-the-beatles-a-espana\/#webpage"},"isPartOf":{"@id":"https:\/\/eldigitaldeasturias.com\/magazine365\/gran-melia-fenix-celebra-los-50-anos-de-la-visita-de-the-beatles-a-espana\/#webpage"},"articleSection":"Actualidad Turismo"},{"@type":"BreadcrumbList","@id":"https:\/\/eldigitaldeasturias.com\/magazine365\/gran-melia-fenix-celebra-los-50-anos-de-la-visita-de-the-beatles-a-espana\/#breadcrumblist","itemListElement":[{"@type":"ListItem","@id":"https:\/\/eldigitaldeasturias.com\/magazine365#listItem","position":1,"name":"Home","item":"https:\/\/eldigitaldeasturias.com\/magazine365","nextItem":{"@type":"ListItem","@id":"https:\/\/eldigitaldeasturias.com\/magazine365\/category\/actualidad-turismo\/#listItem","name":"Actualidad Turismo"}},{"@type":"ListItem","@id":"https:\/\/eldigitaldeasturias.com\/magazine365\/category\/actualidad-turismo\/#listItem","position":2,"name":"Actualidad Turismo","item":"https:\/\/eldigitaldeasturias.com\/magazine365\/category\/actualidad-turismo\/","nextItem":{"@type":"ListItem","@id":"https:\/\/eldigitaldeasturias.com\/magazine365\/gran-melia-fenix-celebra-los-50-anos-de-la-visita-de-the-beatles-a-espana\/#listItem","name":"Gran Meli\u00e1 F\u00e9nix celebra los 50 a\u00f1os de la visita de The Beatles a Espa\u00f1a"},"previousItem":{"@type":"ListItem","@id":"https:\/\/eldigitaldeasturias.com\/magazine365#listItem","name":"Home"}},{"@type":"ListItem","@id":"https:\/\/eldigitaldeasturias.com\/magazine365\/gran-melia-fenix-celebra-los-50-anos-de-la-visita-de-the-beatles-a-espana\/#listItem","position":3,"name":"Gran Meli\u00e1 F\u00e9nix celebra los 50 a\u00f1os de la visita de The Beatles a Espa\u00f1a","previousItem":{"@type":"ListItem","@id":"https:\/\/eldigitaldeasturias.com\/magazine365\/category\/actualidad-turismo\/#listItem","name":"Actualidad Turismo"}}]},{"@type":"Organization","@id":"https:\/\/eldigitaldeasturias.com\/magazine365\/#organization","name":"El digital de Asturias","description":"Revista de ocio, turismo y estilo de vida","url":"https:\/\/eldigitaldeasturias.com\/magazine365\/","logo":{"@type":"ImageObject","url":"https:\/\/www.eldigitaldeasturias.com\/noticias\/wp-content\/uploads\/2020\/12\/EDA.jpg","@id":"https:\/\/eldigitaldeasturias.com\/magazine365\/gran-melia-fenix-celebra-los-50-anos-de-la-visita-de-the-beatles-a-espana\/#organizationLogo"},"image":{"@id":"https:\/\/eldigitaldeasturias.com\/magazine365\/gran-melia-fenix-celebra-los-50-anos-de-la-visita-de-the-beatles-a-espana\/#organizationLogo"}},{"@type":"Person","@id":"https:\/\/eldigitaldeasturias.com\/magazine365\/author\/admin\/#author","url":"https:\/\/eldigitaldeasturias.com\/magazine365\/author\/admin\/","name":"admin","image":{"@type":"ImageObject","@id":"https:\/\/eldigitaldeasturias.com\/magazine365\/gran-melia-fenix-celebra-los-50-anos-de-la-visita-de-the-beatles-a-espana\/#authorImage","url":"https:\/\/eldigitaldeasturias.com\/magazine365\/wp-content\/litespeed\/avatar\/e571bcf59a0edd6fa6838245a470f2fe.jpg?ver=1777574230","width":96,"height":96,"caption":"admin"}},{"@type":"WebPage","@id":"https:\/\/eldigitaldeasturias.com\/magazine365\/gran-melia-fenix-celebra-los-50-anos-de-la-visita-de-the-beatles-a-espana\/#webpage","url":"https:\/\/eldigitaldeasturias.com\/magazine365\/gran-melia-fenix-celebra-los-50-anos-de-la-visita-de-the-beatles-a-espana\/","name":"Gran Meli\u00e1 F\u00e9nix celebra los 50 a\u00f1os de la visita de The Beatles a Espa\u00f1a | El Digital de Asturias","description":"El hotel F\u00e9nix de Madrid fue part\u00edcipe hace 50 a\u00f1os de uno de los acontecimientos hist\u00f3ricos m\u00e1s se\u00f1alados de nuestro pa\u00eds en el \u00e1mbito musical y es que las mejores suites del hotel fueron el lugar elegido por los Beatles para alojarse la noche anterior al que ser\u00eda su primer concierto en Espa\u00f1a. Todo un","inLanguage":"es-ES","isPartOf":{"@id":"https:\/\/eldigitaldeasturias.com\/magazine365\/#website"},"breadcrumb":{"@id":"https:\/\/eldigitaldeasturias.com\/magazine365\/gran-melia-fenix-celebra-los-50-anos-de-la-visita-de-the-beatles-a-espana\/#breadcrumblist"},"author":{"@id":"https:\/\/eldigitaldeasturias.com\/magazine365\/author\/admin\/#author"},"creator":{"@id":"https:\/\/eldigitaldeasturias.com\/magazine365\/author\/admin\/#author"},"image":{"@type":"ImageObject","url":"https:\/\/eldigitaldeasturias.com\/magazine365\/wp-content\/uploads\/2015\/06\/fotonoticia_20150629125333_800.jpg","@id":"https:\/\/eldigitaldeasturias.com\/magazine365\/gran-melia-fenix-celebra-los-50-anos-de-la-visita-de-the-beatles-a-espana\/#mainImage","width":800,"height":533},"primaryImageOfPage":{"@id":"https:\/\/eldigitaldeasturias.com\/magazine365\/gran-melia-fenix-celebra-los-50-anos-de-la-visita-de-the-beatles-a-espana\/#mainImage"},"datePublished":"2015-06-30T07:29:30+02:00","dateModified":"2015-06-30T07:29:30+02:00"},{"@type":"WebSite","@id":"https:\/\/eldigitaldeasturias.com\/magazine365\/#website","url":"https:\/\/eldigitaldeasturias.com\/magazine365\/","name":"El Digital de Asturias","description":"Revista de ocio, turismo y estilo de vida","inLanguage":"es-ES","publisher":{"@id":"https:\/\/eldigitaldeasturias.com\/magazine365\/#organization"}}]},"og:locale":"es_ES","og:site_name":"El Digital de Asturias \u2013 Revista de ocio, turismo y estilo de vida","og:type":"article","og:title":"Gran Meli\u00e1 F\u00e9nix celebra los 50 a\u00f1os de la visita de The Beatles a Espa\u00f1a | El Digital de Asturias","og:description":"El hotel F\u00e9nix de Madrid fue part\u00edcipe hace 50 a\u00f1os de uno de los acontecimientos hist\u00f3ricos m\u00e1s se\u00f1alados de nuestro pa\u00eds en el \u00e1mbito musical y es que las mejores suites del hotel fueron el lugar elegido por los Beatles para alojarse la noche anterior al que ser\u00eda su primer concierto en Espa\u00f1a. Todo un","og:url":"https:\/\/eldigitaldeasturias.com\/magazine365\/gran-melia-fenix-celebra-los-50-anos-de-la-visita-de-the-beatles-a-espana\/","og:image":"https:\/\/eldigitaldeasturias.com\/magazine365\/wp-content\/uploads\/2015\/06\/fotonoticia_20150629125333_800.jpg","og:image:secure_url":"https:\/\/eldigitaldeasturias.com\/magazine365\/wp-content\/uploads\/2015\/06\/fotonoticia_20150629125333_800.jpg","og:image:width":800,"og:image:height":533,"article:published_time":"2015-06-30T05:59:30+00:00","article:modified_time":"2015-06-30T05:59:30+00:00","twitter:card":"summary_large_image","twitter:title":"Gran Meli\u00e1 F\u00e9nix celebra los 50 a\u00f1os de la visita de The Beatles a Espa\u00f1a | El Digital de Asturias","twitter:description":"El hotel F\u00e9nix de Madrid fue part\u00edcipe hace 50 a\u00f1os de uno de los acontecimientos hist\u00f3ricos m\u00e1s se\u00f1alados de nuestro pa\u00eds en el \u00e1mbito musical y es que las mejores suites del hotel fueron el lugar elegido por los Beatles para alojarse la noche anterior al que ser\u00eda su primer concierto en Espa\u00f1a. Todo un","twitter:image":"https:\/\/eldigitaldeasturias.com\/magazine365\/wp-content\/uploads\/2015\/06\/fotonoticia_20150629125333_800.jpg"},"aioseo_meta_data":{"post_id":"41251","title":null,"description":null,"keywords":null,"keyphrases":null,"primary_term":null,"canonical_url":null,"og_title":null,"og_description":null,"og_object_type":"default","og_image_type":"default","og_image_url":null,"og_image_width":null,"og_image_height":null,"og_image_custom_url":null,"og_image_custom_fields":null,"og_video":null,"og_custom_url":null,"og_article_section":null,"og_article_tags":null,"twitter_use_og":false,"twitter_card":"default","twitter_image_type":"default","twitter_image_url":null,"twitter_image_custom_url":null,"twitter_image_custom_fields":null,"twitter_title":null,"twitter_description":null,"schema":{"blockGraphs":[],"customGraphs":[],"default":{"data":{"Article":[],"Course":[],"Dataset":[],"FAQPage":[],"Movie":[],"Person":[],"Product":[],"ProductReview":[],"Car":[],"Recipe":[],"Service":[],"SoftwareApplication":[],"WebPage":[]},"graphName":"","isEnabled":true},"graphs":[],"defaultGraph":"","defaultPostTypeGraph":""},"schema_type":null,"schema_type_options":null,"pillar_content":false,"robots_default":true,"robots_noindex":false,"robots_noarchive":false,"robots_nosnippet":false,"robots_nofollow":false,"robots_noimageindex":false,"robots_noodp":false,"robots_notranslate":false,"robots_max_snippet":null,"robots_max_videopreview":null,"robots_max_imagepreview":"large","priority":null,"frequency":null,"location":null,"local_seo":null,"seo_analyzer_scan_date":"2025-09-19 15:17:57","breadcrumb_settings":null,"limit_modified_date":false,"open_ai":null,"ai":null,"created":"2021-03-09 02:17:41","updated":"2025-09-19 15:17:57"},"aioseo_breadcrumb":"<div class=\"aioseo-breadcrumbs\"><span class=\"aioseo-breadcrumb\">\n\t<a href=\"https:\/\/eldigitaldeasturias.com\/magazine365\" title=\"Home\">Home<\/a>\n<\/span><span class=\"aioseo-breadcrumb-separator\">\u2013<\/span><span class=\"aioseo-breadcrumb\">\n\t<a href=\"https:\/\/eldigitaldeasturias.com\/magazine365\/category\/actualidad-turismo\/\" title=\"Actualidad Turismo\">Actualidad Turismo<\/a>\n<\/span><span class=\"aioseo-breadcrumb-separator\">\u2013<\/span><span class=\"aioseo-breadcrumb\">\n\t<a href=\"https:\/\/eldigitaldeasturias.com\/magazine365\/gran-melia-fenix-celebra-los-50-anos-de-la-visita-de-the-beatles-a-espana\/\" title=\"Gran Meli\u00e1 F\u00e9nix celebra los 50 a\u00f1os de la visita de The Beatles a Espa\u00f1a\">Gran Meli\u00e1 F\u00e9nix celebra los 50 a\u00f1os de la visita de The Beatles a Espa\u00f1a<\/a>\n<\/span><\/div>","aioseo_breadcrumb_json":[{"label":"Home","link":"https:\/\/eldigitaldeasturias.com\/magazine365"},{"label":"Actualidad Turismo","link":"https:\/\/eldigitaldeasturias.com\/magazine365\/category\/actualidad-turismo\/"},{"label":"Gran Meli\u00e1 F\u00e9nix celebra los 50 a\u00f1os de la visita de The Beatles a Espa\u00f1a","link":"https:\/\/eldigitaldeasturias.com\/magazine365\/gran-melia-fenix-celebra-los-50-anos-de-la-visita-de-the-beatles-a-espana\/"}],"_links":{"self":[{"href":"https:\/\/eldigitaldeasturias.com\/magazine365\/wp-json\/wp\/v2\/posts\/41251","targetHints":{"allow":["GET"]}}],"collection":[{"href":"https:\/\/eldigitaldeasturias.com\/magazine365\/wp-json\/wp\/v2\/posts"}],"about":[{"href":"https:\/\/eldigitaldeasturias.com\/magazine365\/wp-json\/wp\/v2\/types\/post"}],"author":[{"embeddable":true,"href":"https:\/\/eldigitaldeasturias.com\/magazine365\/wp-json\/wp\/v2\/users\/1"}],"replies":[{"embeddable":true,"href":"https:\/\/eldigitaldeasturias.com\/magazine365\/wp-json\/wp\/v2\/comments?post=41251"}],"version-history":[{"count":0,"href":"https:\/\/eldigitaldeasturias.com\/magazine365\/wp-json\/wp\/v2\/posts\/41251\/revisions"}],"wp:featuredmedia":[{"embeddable":true,"href":"https:\/\/eldigitaldeasturias.com\/magazine365\/wp-json\/wp\/v2\/media\/41252"}],"wp:attachment":[{"href":"https:\/\/eldigitaldeasturias.com\/magazine365\/wp-json\/wp\/v2\/media?parent=41251"}],"wp:term":[{"taxonomy":"category","embeddable":true,"href":"https:\/\/eldigitaldeasturias.com\/magazine365\/wp-json\/wp\/v2\/categories?post=41251"},{"taxonomy":"post_tag","embeddable":true,"href":"https:\/\/eldigitaldeasturias.com\/magazine365\/wp-json\/wp\/v2\/tags?post=41251"}],"curies":[{"name":"wp","href":"https:\/\/api.w.org\/{rel}","templated":true}]}}