{"id":41248,"date":"2015-06-30T07:25:32","date_gmt":"2015-06-30T05:55:32","guid":{"rendered":"http:\/\/eldigitaldeasturias.com\/magazine365\/?p=41248"},"modified":"2015-06-30T07:25:32","modified_gmt":"2015-06-30T05:55:32","slug":"guia-penin-regresa-a-tokio-para-promocionar-el-vino-espanol","status":"publish","type":"post","link":"https:\/\/eldigitaldeasturias.com\/magazine365\/guia-penin-regresa-a-tokio-para-promocionar-el-vino-espanol\/","title":{"rendered":"Gu\u00eda Pe\u00f1\u00edn regresa a Tokio para promocionar el vino espa\u00f1ol"},"content":{"rendered":"<p><img fetchpriority=\"high\" decoding=\"async\" class=\"alignleft size-medium wp-image-41249\" src=\"https:\/\/eldigitaldeasturias.com\/magazine365\/wp-content\/uploads\/2015\/06\/fotonoticia_20150629123928_800-360x240.jpg\" alt=\"fotonoticia_20150629123928_800\" width=\"360\" height=\"240\" srcset=\"https:\/\/eldigitaldeasturias.com\/magazine365\/wp-content\/uploads\/2015\/06\/fotonoticia_20150629123928_800-360x240.jpg 360w, https:\/\/eldigitaldeasturias.com\/magazine365\/wp-content\/uploads\/2015\/06\/fotonoticia_20150629123928_800-650x434.jpg 650w, https:\/\/eldigitaldeasturias.com\/magazine365\/wp-content\/uploads\/2015\/06\/fotonoticia_20150629123928_800-768x513.jpg 768w, https:\/\/eldigitaldeasturias.com\/magazine365\/wp-content\/uploads\/2015\/06\/fotonoticia_20150629123928_800-150x100.jpg 150w, https:\/\/eldigitaldeasturias.com\/magazine365\/wp-content\/uploads\/2015\/06\/fotonoticia_20150629123928_800-450x300.jpg 450w, https:\/\/eldigitaldeasturias.com\/magazine365\/wp-content\/uploads\/2015\/06\/fotonoticia_20150629123928_800-696x465.jpg 696w, https:\/\/eldigitaldeasturias.com\/magazine365\/wp-content\/uploads\/2015\/06\/fotonoticia_20150629123928_800-629x420.jpg 629w, https:\/\/eldigitaldeasturias.com\/magazine365\/wp-content\/uploads\/2015\/06\/fotonoticia_20150629123928_800-84x55.jpg 84w, https:\/\/eldigitaldeasturias.com\/magazine365\/wp-content\/uploads\/2015\/06\/fotonoticia_20150629123928_800.jpg 800w\" sizes=\"(max-width: 360px) 100vw, 360px\" \/>Gu\u00eda Pe\u00f1\u00edn regresa a Tokio para promocionar el vino espa\u00f1ol en un evento en el que participar\u00e1n 34 bodegas con 165 vinos de 23 zonas elaboradoras.<\/p>\n<p>Con una previsi\u00f3n de asistencia de m\u00e1s de 500 profesionales, el 7 julio abrir\u00e1 sus puertas el \u00faltimo de los salones internacionales Gu\u00eda Pe\u00f1\u00edn del calendario 2015, el II Sal\u00f3n Selecci\u00f3n Gu\u00eda Pe\u00f1\u00edn Tokio.<\/p>\n<p>Esta segunda edici\u00f3n volver\u00e1 a celebrarse en el Hotel Hyatt Regency Tokyo, situado en el c\u00e9ntrico barrio de Shinjuku, en horario continuado de 12:00 horas a 17:00 horas.<\/p>\n<p>Previa a la apertura del evento, el grupo de bodegas independientes espa\u00f1olas, ARAEX &#8211; Spanish Fine Wines, ofrecer\u00e1 una cata a prensa y profesionales nipones, conducida por Jos\u00e9 Pe\u00f1\u00edn.<\/p>\n<p>Siete de sus vinos m\u00e1s puntuados ser\u00e1n los protagonistas, entre los que cabe destacar el albari\u00f1o Pazo de Se\u00f1orans Selecci\u00f3n de A\u00f1ada 2007, el vino blanco m\u00e1s puntuado de la Gu\u00eda 2015, con 98 puntos.<\/p>\n<p>Tras los salones de vinos celebrados en Estados Unidos, M\u00e9xico, Rusia y Jap\u00f3n, Gu\u00eda Pe\u00f1\u00edn regresar\u00e1 a Espa\u00f1a con la XVI edici\u00f3n de su famoso Sal\u00f3n Gu\u00eda Pe\u00f1\u00edn de los Mejores Vinos de Espa\u00f1a, previsto para el mes de octubre en Madrid.<\/p>\n<p>EL MERCADO DEL VINO EN JAP\u00d3N.<\/p>\n<p>Con 270,4 millones de litros y 1.263,6 millones de euros, Jap\u00f3n bate r\u00e9cords de importaciones de vino en 2014. De acuerdo con el informe del Observatorio Espa\u00f1ol del Mercado del Vino, las ventas de vino espa\u00f1ol en el pa\u00eds crecieron en valor, pero caen en volumen.<\/p>\n<p>El consumidor tipo de vino en Jap\u00f3n es una persona de mediana edad con renta disponible para comprar vinos &#8216;premium&#8217;, seg\u00fan un informe realizado por &#8216;Foreign Agricultural Service&#8217;.<\/p>\n<p>Seg\u00fan la tipolog\u00eda del vino, Espa\u00f1a se sit\u00faa en cuarta posici\u00f3n tras Francia, Italia y Chile, en cuanto a vinos tranquilos. En la misma l\u00ednea, los espumosos espa\u00f1oles siguen ganando terreno a los franceses y compiten muy fuertemente con Italia; mientras que en el sector de los generosos mantienen su segundo puesto tras Portugal (Situaci\u00f3n del sector espa\u00f1ol del vino Jap\u00f3n, ICEX Marzo 2014).<\/p>\n","protected":false},"excerpt":{"rendered":"<p>Gu\u00eda Pe\u00f1\u00edn regresa a Tokio para promocionar el vino espa\u00f1ol en un evento en el que participar\u00e1n 34 bodegas con 165 vinos de 23 zonas elaboradoras. Con una previsi\u00f3n de asistencia de m\u00e1s de 500 profesionales, el 7 julio abrir\u00e1 sus puertas el \u00faltimo de los salones internacionales Gu\u00eda Pe\u00f1\u00edn del calendario 2015, el II<\/p>\n","protected":false},"author":1,"featured_media":41249,"comment_status":"open","ping_status":"closed","sticky":false,"template":"","format":"standard","meta":{"footnotes":""},"categories":[224],"tags":[],"class_list":{"0":"post-41248","1":"post","2":"type-post","3":"status-publish","4":"format-standard","5":"has-post-thumbnail","7":"category-noticias-actualidad"},"aioseo_notices":[],"aioseo_head":"\n\t\t<!-- All in One SEO Pro 4.9.6.1 - aioseo.com -->\n\t<meta name=\"description\" content=\"Gu\u00eda Pe\u00f1\u00edn regresa a Tokio para promocionar el vino espa\u00f1ol en un evento en el que participar\u00e1n 34 bodegas con 165 vinos de 23 zonas elaboradoras. Con una previsi\u00f3n de asistencia de m\u00e1s de 500 profesionales, el 7 julio abrir\u00e1 sus puertas el \u00faltimo de los salones internacionales Gu\u00eda Pe\u00f1\u00edn del calendario 2015, el II\" \/>\n\t<meta name=\"robots\" content=\"max-image-preview:large\" \/>\n\t<meta name=\"author\" content=\"admin\"\/>\n\t<meta name=\"google-site-verification\" content=\"UA-38556648-1\" \/>\n\t<meta name=\"keywords\" content=\"noticias y actualidad\" \/>\n\t<link rel=\"canonical\" href=\"https:\/\/eldigitaldeasturias.com\/magazine365\/guia-penin-regresa-a-tokio-para-promocionar-el-vino-espanol\/\" \/>\n\t<meta name=\"generator\" content=\"All in One SEO Pro (AIOSEO) 4.9.6.1\" \/>\n\t\t<meta property=\"og:locale\" content=\"es_ES\" \/>\n\t\t<meta property=\"og:site_name\" content=\"El Digital de Asturias \u2013 Revista de ocio, turismo y estilo de vida\" \/>\n\t\t<meta property=\"og:type\" content=\"article\" \/>\n\t\t<meta property=\"og:title\" content=\"Gu\u00eda Pe\u00f1\u00edn regresa a Tokio para promocionar el vino espa\u00f1ol | El Digital de Asturias\" \/>\n\t\t<meta property=\"og:description\" content=\"Gu\u00eda Pe\u00f1\u00edn regresa a Tokio para promocionar el vino espa\u00f1ol en un evento en el que participar\u00e1n 34 bodegas con 165 vinos de 23 zonas elaboradoras. Con una previsi\u00f3n de asistencia de m\u00e1s de 500 profesionales, el 7 julio abrir\u00e1 sus puertas el \u00faltimo de los salones internacionales Gu\u00eda Pe\u00f1\u00edn del calendario 2015, el II\" \/>\n\t\t<meta property=\"og:url\" content=\"https:\/\/eldigitaldeasturias.com\/magazine365\/guia-penin-regresa-a-tokio-para-promocionar-el-vino-espanol\/\" \/>\n\t\t<meta property=\"og:image\" content=\"https:\/\/eldigitaldeasturias.com\/magazine365\/wp-content\/uploads\/2015\/06\/fotonoticia_20150629123928_800.jpg\" \/>\n\t\t<meta property=\"og:image:secure_url\" content=\"https:\/\/eldigitaldeasturias.com\/magazine365\/wp-content\/uploads\/2015\/06\/fotonoticia_20150629123928_800.jpg\" \/>\n\t\t<meta property=\"og:image:width\" content=\"800\" \/>\n\t\t<meta property=\"og:image:height\" content=\"534\" \/>\n\t\t<meta property=\"article:published_time\" content=\"2015-06-30T05:55:32+00:00\" \/>\n\t\t<meta property=\"article:modified_time\" content=\"2015-06-30T05:55:32+00:00\" \/>\n\t\t<meta name=\"twitter:card\" content=\"summary_large_image\" \/>\n\t\t<meta name=\"twitter:title\" content=\"Gu\u00eda Pe\u00f1\u00edn regresa a Tokio para promocionar el vino espa\u00f1ol | El Digital de Asturias\" \/>\n\t\t<meta name=\"twitter:description\" content=\"Gu\u00eda Pe\u00f1\u00edn regresa a Tokio para promocionar el vino espa\u00f1ol en un evento en el que participar\u00e1n 34 bodegas con 165 vinos de 23 zonas elaboradoras. Con una previsi\u00f3n de asistencia de m\u00e1s de 500 profesionales, el 7 julio abrir\u00e1 sus puertas el \u00faltimo de los salones internacionales Gu\u00eda Pe\u00f1\u00edn del calendario 2015, el II\" \/>\n\t\t<meta name=\"twitter:image\" content=\"https:\/\/eldigitaldeasturias.com\/magazine365\/wp-content\/uploads\/2015\/06\/fotonoticia_20150629123928_800.jpg\" \/>\n\t\t<script type=\"application\/ld+json\" class=\"aioseo-schema\">\n\t\t\t{\"@context\":\"https:\\\/\\\/schema.org\",\"@graph\":[{\"@type\":\"Article\",\"@id\":\"https:\\\/\\\/eldigitaldeasturias.com\\\/magazine365\\\/guia-penin-regresa-a-tokio-para-promocionar-el-vino-espanol\\\/#article\",\"name\":\"Gu\\u00eda Pe\\u00f1\\u00edn regresa a Tokio para promocionar el vino espa\\u00f1ol | El Digital de Asturias\",\"headline\":\"Gu\\u00eda Pe\\u00f1\\u00edn regresa a Tokio para promocionar el vino espa\\u00f1ol\",\"author\":{\"@id\":\"https:\\\/\\\/eldigitaldeasturias.com\\\/magazine365\\\/author\\\/admin\\\/#author\"},\"publisher\":{\"@id\":\"https:\\\/\\\/eldigitaldeasturias.com\\\/magazine365\\\/#organization\"},\"image\":{\"@type\":\"ImageObject\",\"url\":\"https:\\\/\\\/eldigitaldeasturias.com\\\/magazine365\\\/wp-content\\\/uploads\\\/2015\\\/06\\\/fotonoticia_20150629123928_800.jpg\",\"width\":800,\"height\":534},\"datePublished\":\"2015-06-30T07:25:32+02:00\",\"dateModified\":\"2015-06-30T07:25:32+02:00\",\"inLanguage\":\"es-ES\",\"mainEntityOfPage\":{\"@id\":\"https:\\\/\\\/eldigitaldeasturias.com\\\/magazine365\\\/guia-penin-regresa-a-tokio-para-promocionar-el-vino-espanol\\\/#webpage\"},\"isPartOf\":{\"@id\":\"https:\\\/\\\/eldigitaldeasturias.com\\\/magazine365\\\/guia-penin-regresa-a-tokio-para-promocionar-el-vino-espanol\\\/#webpage\"},\"articleSection\":\"Noticias y Actualidad\"},{\"@type\":\"BreadcrumbList\",\"@id\":\"https:\\\/\\\/eldigitaldeasturias.com\\\/magazine365\\\/guia-penin-regresa-a-tokio-para-promocionar-el-vino-espanol\\\/#breadcrumblist\",\"itemListElement\":[{\"@type\":\"ListItem\",\"@id\":\"https:\\\/\\\/eldigitaldeasturias.com\\\/magazine365#listItem\",\"position\":1,\"name\":\"Home\",\"item\":\"https:\\\/\\\/eldigitaldeasturias.com\\\/magazine365\",\"nextItem\":{\"@type\":\"ListItem\",\"@id\":\"https:\\\/\\\/eldigitaldeasturias.com\\\/magazine365\\\/category\\\/noticias-actualidad\\\/#listItem\",\"name\":\"Noticias y Actualidad\"}},{\"@type\":\"ListItem\",\"@id\":\"https:\\\/\\\/eldigitaldeasturias.com\\\/magazine365\\\/category\\\/noticias-actualidad\\\/#listItem\",\"position\":2,\"name\":\"Noticias y Actualidad\",\"item\":\"https:\\\/\\\/eldigitaldeasturias.com\\\/magazine365\\\/category\\\/noticias-actualidad\\\/\",\"nextItem\":{\"@type\":\"ListItem\",\"@id\":\"https:\\\/\\\/eldigitaldeasturias.com\\\/magazine365\\\/guia-penin-regresa-a-tokio-para-promocionar-el-vino-espanol\\\/#listItem\",\"name\":\"Gu\\u00eda Pe\\u00f1\\u00edn regresa a Tokio para promocionar el vino espa\\u00f1ol\"},\"previousItem\":{\"@type\":\"ListItem\",\"@id\":\"https:\\\/\\\/eldigitaldeasturias.com\\\/magazine365#listItem\",\"name\":\"Home\"}},{\"@type\":\"ListItem\",\"@id\":\"https:\\\/\\\/eldigitaldeasturias.com\\\/magazine365\\\/guia-penin-regresa-a-tokio-para-promocionar-el-vino-espanol\\\/#listItem\",\"position\":3,\"name\":\"Gu\\u00eda Pe\\u00f1\\u00edn regresa a Tokio para promocionar el vino espa\\u00f1ol\",\"previousItem\":{\"@type\":\"ListItem\",\"@id\":\"https:\\\/\\\/eldigitaldeasturias.com\\\/magazine365\\\/category\\\/noticias-actualidad\\\/#listItem\",\"name\":\"Noticias y Actualidad\"}}]},{\"@type\":\"Organization\",\"@id\":\"https:\\\/\\\/eldigitaldeasturias.com\\\/magazine365\\\/#organization\",\"name\":\"El digital de Asturias\",\"description\":\"Revista de ocio, turismo y estilo de vida\",\"url\":\"https:\\\/\\\/eldigitaldeasturias.com\\\/magazine365\\\/\",\"logo\":{\"@type\":\"ImageObject\",\"url\":\"https:\\\/\\\/www.eldigitaldeasturias.com\\\/noticias\\\/wp-content\\\/uploads\\\/2020\\\/12\\\/EDA.jpg\",\"@id\":\"https:\\\/\\\/eldigitaldeasturias.com\\\/magazine365\\\/guia-penin-regresa-a-tokio-para-promocionar-el-vino-espanol\\\/#organizationLogo\"},\"image\":{\"@id\":\"https:\\\/\\\/eldigitaldeasturias.com\\\/magazine365\\\/guia-penin-regresa-a-tokio-para-promocionar-el-vino-espanol\\\/#organizationLogo\"}},{\"@type\":\"Person\",\"@id\":\"https:\\\/\\\/eldigitaldeasturias.com\\\/magazine365\\\/author\\\/admin\\\/#author\",\"url\":\"https:\\\/\\\/eldigitaldeasturias.com\\\/magazine365\\\/author\\\/admin\\\/\",\"name\":\"admin\",\"image\":{\"@type\":\"ImageObject\",\"@id\":\"https:\\\/\\\/eldigitaldeasturias.com\\\/magazine365\\\/guia-penin-regresa-a-tokio-para-promocionar-el-vino-espanol\\\/#authorImage\",\"url\":\"https:\\\/\\\/eldigitaldeasturias.com\\\/magazine365\\\/wp-content\\\/litespeed\\\/avatar\\\/e571bcf59a0edd6fa6838245a470f2fe.jpg?ver=1777574230\",\"width\":96,\"height\":96,\"caption\":\"admin\"}},{\"@type\":\"WebPage\",\"@id\":\"https:\\\/\\\/eldigitaldeasturias.com\\\/magazine365\\\/guia-penin-regresa-a-tokio-para-promocionar-el-vino-espanol\\\/#webpage\",\"url\":\"https:\\\/\\\/eldigitaldeasturias.com\\\/magazine365\\\/guia-penin-regresa-a-tokio-para-promocionar-el-vino-espanol\\\/\",\"name\":\"Gu\\u00eda Pe\\u00f1\\u00edn regresa a Tokio para promocionar el vino espa\\u00f1ol | El Digital de Asturias\",\"description\":\"Gu\\u00eda Pe\\u00f1\\u00edn regresa a Tokio para promocionar el vino espa\\u00f1ol en un evento en el que participar\\u00e1n 34 bodegas con 165 vinos de 23 zonas elaboradoras. Con una previsi\\u00f3n de asistencia de m\\u00e1s de 500 profesionales, el 7 julio abrir\\u00e1 sus puertas el \\u00faltimo de los salones internacionales Gu\\u00eda Pe\\u00f1\\u00edn del calendario 2015, el II\",\"inLanguage\":\"es-ES\",\"isPartOf\":{\"@id\":\"https:\\\/\\\/eldigitaldeasturias.com\\\/magazine365\\\/#website\"},\"breadcrumb\":{\"@id\":\"https:\\\/\\\/eldigitaldeasturias.com\\\/magazine365\\\/guia-penin-regresa-a-tokio-para-promocionar-el-vino-espanol\\\/#breadcrumblist\"},\"author\":{\"@id\":\"https:\\\/\\\/eldigitaldeasturias.com\\\/magazine365\\\/author\\\/admin\\\/#author\"},\"creator\":{\"@id\":\"https:\\\/\\\/eldigitaldeasturias.com\\\/magazine365\\\/author\\\/admin\\\/#author\"},\"image\":{\"@type\":\"ImageObject\",\"url\":\"https:\\\/\\\/eldigitaldeasturias.com\\\/magazine365\\\/wp-content\\\/uploads\\\/2015\\\/06\\\/fotonoticia_20150629123928_800.jpg\",\"@id\":\"https:\\\/\\\/eldigitaldeasturias.com\\\/magazine365\\\/guia-penin-regresa-a-tokio-para-promocionar-el-vino-espanol\\\/#mainImage\",\"width\":800,\"height\":534},\"primaryImageOfPage\":{\"@id\":\"https:\\\/\\\/eldigitaldeasturias.com\\\/magazine365\\\/guia-penin-regresa-a-tokio-para-promocionar-el-vino-espanol\\\/#mainImage\"},\"datePublished\":\"2015-06-30T07:25:32+02:00\",\"dateModified\":\"2015-06-30T07:25:32+02:00\"},{\"@type\":\"WebSite\",\"@id\":\"https:\\\/\\\/eldigitaldeasturias.com\\\/magazine365\\\/#website\",\"url\":\"https:\\\/\\\/eldigitaldeasturias.com\\\/magazine365\\\/\",\"name\":\"El Digital de Asturias\",\"description\":\"Revista de ocio, turismo y estilo de vida\",\"inLanguage\":\"es-ES\",\"publisher\":{\"@id\":\"https:\\\/\\\/eldigitaldeasturias.com\\\/magazine365\\\/#organization\"}}]}\n\t\t<\/script>\n\t\t<!-- All in One SEO Pro -->\r\n\t\t<title>Gu\u00eda Pe\u00f1\u00edn regresa a Tokio para promocionar el vino espa\u00f1ol | El Digital de Asturias<\/title>\n\n","aioseo_head_json":{"title":"Gu\u00eda Pe\u00f1\u00edn regresa a Tokio para promocionar el vino espa\u00f1ol | El Digital de Asturias","description":"Gu\u00eda Pe\u00f1\u00edn regresa a Tokio para promocionar el vino espa\u00f1ol en un evento en el que participar\u00e1n 34 bodegas con 165 vinos de 23 zonas elaboradoras. Con una previsi\u00f3n de asistencia de m\u00e1s de 500 profesionales, el 7 julio abrir\u00e1 sus puertas el \u00faltimo de los salones internacionales Gu\u00eda Pe\u00f1\u00edn del calendario 2015, el II","canonical_url":"https:\/\/eldigitaldeasturias.com\/magazine365\/guia-penin-regresa-a-tokio-para-promocionar-el-vino-espanol\/","robots":"max-image-preview:large","keywords":"noticias y actualidad","webmasterTools":{"google-site-verification":"UA-38556648-1","miscellaneous":""},"schema":{"@context":"https:\/\/schema.org","@graph":[{"@type":"Article","@id":"https:\/\/eldigitaldeasturias.com\/magazine365\/guia-penin-regresa-a-tokio-para-promocionar-el-vino-espanol\/#article","name":"Gu\u00eda Pe\u00f1\u00edn regresa a Tokio para promocionar el vino espa\u00f1ol | El Digital de Asturias","headline":"Gu\u00eda Pe\u00f1\u00edn regresa a Tokio para promocionar el vino espa\u00f1ol","author":{"@id":"https:\/\/eldigitaldeasturias.com\/magazine365\/author\/admin\/#author"},"publisher":{"@id":"https:\/\/eldigitaldeasturias.com\/magazine365\/#organization"},"image":{"@type":"ImageObject","url":"https:\/\/eldigitaldeasturias.com\/magazine365\/wp-content\/uploads\/2015\/06\/fotonoticia_20150629123928_800.jpg","width":800,"height":534},"datePublished":"2015-06-30T07:25:32+02:00","dateModified":"2015-06-30T07:25:32+02:00","inLanguage":"es-ES","mainEntityOfPage":{"@id":"https:\/\/eldigitaldeasturias.com\/magazine365\/guia-penin-regresa-a-tokio-para-promocionar-el-vino-espanol\/#webpage"},"isPartOf":{"@id":"https:\/\/eldigitaldeasturias.com\/magazine365\/guia-penin-regresa-a-tokio-para-promocionar-el-vino-espanol\/#webpage"},"articleSection":"Noticias y Actualidad"},{"@type":"BreadcrumbList","@id":"https:\/\/eldigitaldeasturias.com\/magazine365\/guia-penin-regresa-a-tokio-para-promocionar-el-vino-espanol\/#breadcrumblist","itemListElement":[{"@type":"ListItem","@id":"https:\/\/eldigitaldeasturias.com\/magazine365#listItem","position":1,"name":"Home","item":"https:\/\/eldigitaldeasturias.com\/magazine365","nextItem":{"@type":"ListItem","@id":"https:\/\/eldigitaldeasturias.com\/magazine365\/category\/noticias-actualidad\/#listItem","name":"Noticias y Actualidad"}},{"@type":"ListItem","@id":"https:\/\/eldigitaldeasturias.com\/magazine365\/category\/noticias-actualidad\/#listItem","position":2,"name":"Noticias y Actualidad","item":"https:\/\/eldigitaldeasturias.com\/magazine365\/category\/noticias-actualidad\/","nextItem":{"@type":"ListItem","@id":"https:\/\/eldigitaldeasturias.com\/magazine365\/guia-penin-regresa-a-tokio-para-promocionar-el-vino-espanol\/#listItem","name":"Gu\u00eda Pe\u00f1\u00edn regresa a Tokio para promocionar el vino espa\u00f1ol"},"previousItem":{"@type":"ListItem","@id":"https:\/\/eldigitaldeasturias.com\/magazine365#listItem","name":"Home"}},{"@type":"ListItem","@id":"https:\/\/eldigitaldeasturias.com\/magazine365\/guia-penin-regresa-a-tokio-para-promocionar-el-vino-espanol\/#listItem","position":3,"name":"Gu\u00eda Pe\u00f1\u00edn regresa a Tokio para promocionar el vino espa\u00f1ol","previousItem":{"@type":"ListItem","@id":"https:\/\/eldigitaldeasturias.com\/magazine365\/category\/noticias-actualidad\/#listItem","name":"Noticias y Actualidad"}}]},{"@type":"Organization","@id":"https:\/\/eldigitaldeasturias.com\/magazine365\/#organization","name":"El digital de Asturias","description":"Revista de ocio, turismo y estilo de vida","url":"https:\/\/eldigitaldeasturias.com\/magazine365\/","logo":{"@type":"ImageObject","url":"https:\/\/www.eldigitaldeasturias.com\/noticias\/wp-content\/uploads\/2020\/12\/EDA.jpg","@id":"https:\/\/eldigitaldeasturias.com\/magazine365\/guia-penin-regresa-a-tokio-para-promocionar-el-vino-espanol\/#organizationLogo"},"image":{"@id":"https:\/\/eldigitaldeasturias.com\/magazine365\/guia-penin-regresa-a-tokio-para-promocionar-el-vino-espanol\/#organizationLogo"}},{"@type":"Person","@id":"https:\/\/eldigitaldeasturias.com\/magazine365\/author\/admin\/#author","url":"https:\/\/eldigitaldeasturias.com\/magazine365\/author\/admin\/","name":"admin","image":{"@type":"ImageObject","@id":"https:\/\/eldigitaldeasturias.com\/magazine365\/guia-penin-regresa-a-tokio-para-promocionar-el-vino-espanol\/#authorImage","url":"https:\/\/eldigitaldeasturias.com\/magazine365\/wp-content\/litespeed\/avatar\/e571bcf59a0edd6fa6838245a470f2fe.jpg?ver=1777574230","width":96,"height":96,"caption":"admin"}},{"@type":"WebPage","@id":"https:\/\/eldigitaldeasturias.com\/magazine365\/guia-penin-regresa-a-tokio-para-promocionar-el-vino-espanol\/#webpage","url":"https:\/\/eldigitaldeasturias.com\/magazine365\/guia-penin-regresa-a-tokio-para-promocionar-el-vino-espanol\/","name":"Gu\u00eda Pe\u00f1\u00edn regresa a Tokio para promocionar el vino espa\u00f1ol | El Digital de Asturias","description":"Gu\u00eda Pe\u00f1\u00edn regresa a Tokio para promocionar el vino espa\u00f1ol en un evento en el que participar\u00e1n 34 bodegas con 165 vinos de 23 zonas elaboradoras. Con una previsi\u00f3n de asistencia de m\u00e1s de 500 profesionales, el 7 julio abrir\u00e1 sus puertas el \u00faltimo de los salones internacionales Gu\u00eda Pe\u00f1\u00edn del calendario 2015, el II","inLanguage":"es-ES","isPartOf":{"@id":"https:\/\/eldigitaldeasturias.com\/magazine365\/#website"},"breadcrumb":{"@id":"https:\/\/eldigitaldeasturias.com\/magazine365\/guia-penin-regresa-a-tokio-para-promocionar-el-vino-espanol\/#breadcrumblist"},"author":{"@id":"https:\/\/eldigitaldeasturias.com\/magazine365\/author\/admin\/#author"},"creator":{"@id":"https:\/\/eldigitaldeasturias.com\/magazine365\/author\/admin\/#author"},"image":{"@type":"ImageObject","url":"https:\/\/eldigitaldeasturias.com\/magazine365\/wp-content\/uploads\/2015\/06\/fotonoticia_20150629123928_800.jpg","@id":"https:\/\/eldigitaldeasturias.com\/magazine365\/guia-penin-regresa-a-tokio-para-promocionar-el-vino-espanol\/#mainImage","width":800,"height":534},"primaryImageOfPage":{"@id":"https:\/\/eldigitaldeasturias.com\/magazine365\/guia-penin-regresa-a-tokio-para-promocionar-el-vino-espanol\/#mainImage"},"datePublished":"2015-06-30T07:25:32+02:00","dateModified":"2015-06-30T07:25:32+02:00"},{"@type":"WebSite","@id":"https:\/\/eldigitaldeasturias.com\/magazine365\/#website","url":"https:\/\/eldigitaldeasturias.com\/magazine365\/","name":"El Digital de Asturias","description":"Revista de ocio, turismo y estilo de vida","inLanguage":"es-ES","publisher":{"@id":"https:\/\/eldigitaldeasturias.com\/magazine365\/#organization"}}]},"og:locale":"es_ES","og:site_name":"El Digital de Asturias \u2013 Revista de ocio, turismo y estilo de vida","og:type":"article","og:title":"Gu\u00eda Pe\u00f1\u00edn regresa a Tokio para promocionar el vino espa\u00f1ol | El Digital de Asturias","og:description":"Gu\u00eda Pe\u00f1\u00edn regresa a Tokio para promocionar el vino espa\u00f1ol en un evento en el que participar\u00e1n 34 bodegas con 165 vinos de 23 zonas elaboradoras. Con una previsi\u00f3n de asistencia de m\u00e1s de 500 profesionales, el 7 julio abrir\u00e1 sus puertas el \u00faltimo de los salones internacionales Gu\u00eda Pe\u00f1\u00edn del calendario 2015, el II","og:url":"https:\/\/eldigitaldeasturias.com\/magazine365\/guia-penin-regresa-a-tokio-para-promocionar-el-vino-espanol\/","og:image":"https:\/\/eldigitaldeasturias.com\/magazine365\/wp-content\/uploads\/2015\/06\/fotonoticia_20150629123928_800.jpg","og:image:secure_url":"https:\/\/eldigitaldeasturias.com\/magazine365\/wp-content\/uploads\/2015\/06\/fotonoticia_20150629123928_800.jpg","og:image:width":800,"og:image:height":534,"article:published_time":"2015-06-30T05:55:32+00:00","article:modified_time":"2015-06-30T05:55:32+00:00","twitter:card":"summary_large_image","twitter:title":"Gu\u00eda Pe\u00f1\u00edn regresa a Tokio para promocionar el vino espa\u00f1ol | El Digital de Asturias","twitter:description":"Gu\u00eda Pe\u00f1\u00edn regresa a Tokio para promocionar el vino espa\u00f1ol en un evento en el que participar\u00e1n 34 bodegas con 165 vinos de 23 zonas elaboradoras. Con una previsi\u00f3n de asistencia de m\u00e1s de 500 profesionales, el 7 julio abrir\u00e1 sus puertas el \u00faltimo de los salones internacionales Gu\u00eda Pe\u00f1\u00edn del calendario 2015, el II","twitter:image":"https:\/\/eldigitaldeasturias.com\/magazine365\/wp-content\/uploads\/2015\/06\/fotonoticia_20150629123928_800.jpg"},"aioseo_meta_data":{"post_id":"41248","title":null,"description":null,"keywords":null,"keyphrases":null,"primary_term":null,"canonical_url":null,"og_title":null,"og_description":null,"og_object_type":"default","og_image_type":"default","og_image_url":null,"og_image_width":null,"og_image_height":null,"og_image_custom_url":null,"og_image_custom_fields":null,"og_video":null,"og_custom_url":null,"og_article_section":null,"og_article_tags":null,"twitter_use_og":false,"twitter_card":"default","twitter_image_type":"default","twitter_image_url":null,"twitter_image_custom_url":null,"twitter_image_custom_fields":null,"twitter_title":null,"twitter_description":null,"schema":{"blockGraphs":[],"customGraphs":[],"default":{"data":{"Article":[],"Course":[],"Dataset":[],"FAQPage":[],"Movie":[],"Person":[],"Product":[],"ProductReview":[],"Car":[],"Recipe":[],"Service":[],"SoftwareApplication":[],"WebPage":[]},"graphName":"","isEnabled":true},"graphs":[],"defaultGraph":"","defaultPostTypeGraph":""},"schema_type":null,"schema_type_options":null,"pillar_content":false,"robots_default":true,"robots_noindex":false,"robots_noarchive":false,"robots_nosnippet":false,"robots_nofollow":false,"robots_noimageindex":false,"robots_noodp":false,"robots_notranslate":false,"robots_max_snippet":null,"robots_max_videopreview":null,"robots_max_imagepreview":"large","priority":null,"frequency":null,"location":null,"local_seo":null,"seo_analyzer_scan_date":"2025-09-19 15:17:56","breadcrumb_settings":null,"limit_modified_date":false,"open_ai":null,"ai":null,"created":"2021-03-09 02:17:41","updated":"2025-09-19 15:17:56"},"aioseo_breadcrumb":"<div class=\"aioseo-breadcrumbs\"><span class=\"aioseo-breadcrumb\">\n\t<a href=\"https:\/\/eldigitaldeasturias.com\/magazine365\" title=\"Home\">Home<\/a>\n<\/span><span class=\"aioseo-breadcrumb-separator\">\u2013<\/span><span class=\"aioseo-breadcrumb\">\n\t<a href=\"https:\/\/eldigitaldeasturias.com\/magazine365\/category\/noticias-actualidad\/\" title=\"Noticias y Actualidad\">Noticias y Actualidad<\/a>\n<\/span><span class=\"aioseo-breadcrumb-separator\">\u2013<\/span><span class=\"aioseo-breadcrumb\">\n\t<a href=\"https:\/\/eldigitaldeasturias.com\/magazine365\/guia-penin-regresa-a-tokio-para-promocionar-el-vino-espanol\/\" title=\"Gu\u00eda Pe\u00f1\u00edn regresa a Tokio para promocionar el vino espa\u00f1ol\">Gu\u00eda Pe\u00f1\u00edn regresa a Tokio para promocionar el vino espa\u00f1ol<\/a>\n<\/span><\/div>","aioseo_breadcrumb_json":[{"label":"Home","link":"https:\/\/eldigitaldeasturias.com\/magazine365"},{"label":"Noticias y Actualidad","link":"https:\/\/eldigitaldeasturias.com\/magazine365\/category\/noticias-actualidad\/"},{"label":"Gu\u00eda Pe\u00f1\u00edn regresa a Tokio para promocionar el vino espa\u00f1ol","link":"https:\/\/eldigitaldeasturias.com\/magazine365\/guia-penin-regresa-a-tokio-para-promocionar-el-vino-espanol\/"}],"_links":{"self":[{"href":"https:\/\/eldigitaldeasturias.com\/magazine365\/wp-json\/wp\/v2\/posts\/41248","targetHints":{"allow":["GET"]}}],"collection":[{"href":"https:\/\/eldigitaldeasturias.com\/magazine365\/wp-json\/wp\/v2\/posts"}],"about":[{"href":"https:\/\/eldigitaldeasturias.com\/magazine365\/wp-json\/wp\/v2\/types\/post"}],"author":[{"embeddable":true,"href":"https:\/\/eldigitaldeasturias.com\/magazine365\/wp-json\/wp\/v2\/users\/1"}],"replies":[{"embeddable":true,"href":"https:\/\/eldigitaldeasturias.com\/magazine365\/wp-json\/wp\/v2\/comments?post=41248"}],"version-history":[{"count":0,"href":"https:\/\/eldigitaldeasturias.com\/magazine365\/wp-json\/wp\/v2\/posts\/41248\/revisions"}],"wp:featuredmedia":[{"embeddable":true,"href":"https:\/\/eldigitaldeasturias.com\/magazine365\/wp-json\/wp\/v2\/media\/41249"}],"wp:attachment":[{"href":"https:\/\/eldigitaldeasturias.com\/magazine365\/wp-json\/wp\/v2\/media?parent=41248"}],"wp:term":[{"taxonomy":"category","embeddable":true,"href":"https:\/\/eldigitaldeasturias.com\/magazine365\/wp-json\/wp\/v2\/categories?post=41248"},{"taxonomy":"post_tag","embeddable":true,"href":"https:\/\/eldigitaldeasturias.com\/magazine365\/wp-json\/wp\/v2\/tags?post=41248"}],"curies":[{"name":"wp","href":"https:\/\/api.w.org\/{rel}","templated":true}]}}