{"id":41245,"date":"2015-06-30T07:21:12","date_gmt":"2015-06-30T05:51:12","guid":{"rendered":"http:\/\/eldigitaldeasturias.com\/magazine365\/?p=41245"},"modified":"2015-06-30T07:21:12","modified_gmt":"2015-06-30T05:51:12","slug":"francina-armengol-anuncia-que-creara-un-impuesto-turistico-en-baleares","status":"publish","type":"post","link":"https:\/\/eldigitaldeasturias.com\/magazine365\/francina-armengol-anuncia-que-creara-un-impuesto-turistico-en-baleares\/","title":{"rendered":"Francina Armengol anuncia que crear\u00e1 un impuesto tur\u00edstico en Baleares"},"content":{"rendered":"<p><img fetchpriority=\"high\" decoding=\"async\" class=\"alignleft size-medium wp-image-41246\" src=\"https:\/\/eldigitaldeasturias.com\/magazine365\/wp-content\/uploads\/2015\/06\/fotonoticia_20150629112912_800-360x270.jpg\" alt=\"fotonoticia_20150629112912_800\" width=\"360\" height=\"270\" srcset=\"https:\/\/eldigitaldeasturias.com\/magazine365\/wp-content\/uploads\/2015\/06\/fotonoticia_20150629112912_800-360x270.jpg 360w, https:\/\/eldigitaldeasturias.com\/magazine365\/wp-content\/uploads\/2015\/06\/fotonoticia_20150629112912_800-650x488.jpg 650w, https:\/\/eldigitaldeasturias.com\/magazine365\/wp-content\/uploads\/2015\/06\/fotonoticia_20150629112912_800-768x576.jpg 768w, https:\/\/eldigitaldeasturias.com\/magazine365\/wp-content\/uploads\/2015\/06\/fotonoticia_20150629112912_800-150x113.jpg 150w, https:\/\/eldigitaldeasturias.com\/magazine365\/wp-content\/uploads\/2015\/06\/fotonoticia_20150629112912_800-450x338.jpg 450w, https:\/\/eldigitaldeasturias.com\/magazine365\/wp-content\/uploads\/2015\/06\/fotonoticia_20150629112912_800-80x60.jpg 80w, https:\/\/eldigitaldeasturias.com\/magazine365\/wp-content\/uploads\/2015\/06\/fotonoticia_20150629112912_800-265x198.jpg 265w, https:\/\/eldigitaldeasturias.com\/magazine365\/wp-content\/uploads\/2015\/06\/fotonoticia_20150629112912_800-696x522.jpg 696w, https:\/\/eldigitaldeasturias.com\/magazine365\/wp-content\/uploads\/2015\/06\/fotonoticia_20150629112912_800-560x420.jpg 560w, https:\/\/eldigitaldeasturias.com\/magazine365\/wp-content\/uploads\/2015\/06\/fotonoticia_20150629112912_800-90x67.jpg 90w, https:\/\/eldigitaldeasturias.com\/magazine365\/wp-content\/uploads\/2015\/06\/fotonoticia_20150629112912_800-100x75.jpg 100w, https:\/\/eldigitaldeasturias.com\/magazine365\/wp-content\/uploads\/2015\/06\/fotonoticia_20150629112912_800.jpg 800w\" sizes=\"(max-width: 360px) 100vw, 360px\" \/>La candidata del PSIB a la presidencia del gobierno balear, Francina Armengol, ha anunciado este lunes durante su discurso de investidura en el Parlament la creaci\u00f3n de un impuesto tur\u00edstico.<\/p>\n<p>Asimismo se ha comprometido a \u00abuna moratoria para la instalaci\u00f3n de las grandes superficies\u00bb, y a un \u00abfederalismo insular\u00bb. Tambi\u00e9n derogar\u00e1 en el primer Consell de Govern el Tratamiento Integrado de Lenguas (TIL).<\/p>\n<p>As\u00ed lo ha explicado la socialista que tambi\u00e9n ha dicho que crear un \u00abimpuesto tur\u00edstico\u00bb que tenga como \u00abfinalidad la reinversi\u00f3n en el sector y ayudar a un pa\u00eds a ser m\u00e1s sostenible no es una reivindicaci\u00f3n, sino una obligaci\u00f3n\u00bb.<\/p>\n<p>Durante su intervenci\u00f3n, que ha durado unos 45 minutos, ha dicho que \u00ablas primeras decisiones de choque ser\u00e1n para afrontar la pobreza y la exclusi\u00f3n social\u00bb y en este sentido, ha hecho hincapi\u00e9 en que devolver\u00e1 las \u00ab20.000 tarjetas sanitarias\u00bb.<\/p>\n<p>Adem\u00e1s, que la \u00absociedad est\u00e1 muy polarizada por el turismo\u00bb y por esto ha dicho que se debe \u00abpotenciar la industria, las empresas medianas\u00bb por lo que ha avanzado que desarrollar\u00e1 \u00abun Plan de Industria para mejorar el mapa industrial de Baleares\u00bb.<\/p>\n<p>Por otra parte, ha dicho que la \u00abeducaci\u00f3n 0-3 a\u00f1os es un elemento donde se pueden crear puestos de trabajo\u00bb y se ha dirigido \u00abdirectamente\u00bb a \u00abprofesores, maestros, padres, alumnos y a toda la gente del sector educativo\u00bb y les ha dicho que tienen \u00ablas puertas abiertas\u00bb. \u00abCuanto antes nos veamos, dialoguemos y trabajemos juntos, mejor\u00bb, ha a\u00f1adido al respecto.<\/p>\n<p>La candidata socialista tambi\u00e9n ha se\u00f1alado que \u00abpara ser un pueblo moderno se debe ser m\u00e1s sostenible\u00bb y ha hecho hincapi\u00e9 en su \u00abrechazo absoluto a las prospecciones petrol\u00edferas en aguas de Baleares\u00bb.<\/p>\n<p>Asimismo, ha valorado que \u00abEspa\u00f1a est\u00e1 en un momento de mutaci\u00f3n social, pol\u00edtica econ\u00f3mica y democr\u00e1tica\u00bb y que la \u00abtransici\u00f3n territorial es obvia\u00bb por lo que ha avanzado que ser\u00e1 \u00abuna firme partidaria de que Espa\u00f1a sea un estado federal\u00bb y dentro de este \u00abmarco\u00bb quiere que \u00abBaleares aplique un modelo de federalismo interior, un federalismo insular, como reconoce el Estatut d&#8217;Autonomia\u00bb y que \u00abreforzar\u00e1 el papel de los consells insulars como las primeras instituciones de autogobierno\u00bb.<\/p>\n<p>ELIMINACI\u00d3N DEL DELEGADO DEL GOBIERNO DE FORMENTERA<\/p>\n<p>A prop\u00f3sito de esto, ha dicho que en julio convocar\u00e1 a los presidentes de los consells para dise\u00f1ar un \u00abfuturo conjuntamente y abordar el modelo competencial, el desarrollo del Estatut y una mejor financiaci\u00f3n\u00bb. Por esto, ha anunciado que suprimir\u00e1 la figura del delgado del Gobierno en Formentera.<\/p>\n<p>Por otra parte, tambi\u00e9n ha asumido el \u00abcompromiso\u00bb de recuperar \u00f3rganos de participaci\u00f3n como el Consell Econ\u00f2mic i Social, el Consell de la Joventut y conseguir el consenso para nombra el S\u00edndic de Greuges.<\/p>\n<p>Respecto a la radio y televisi\u00f3n p\u00fablica, Armengol ha se\u00f1alado que desde la \u00abparticipaci\u00f3n\u00bb se debe abordar una reconversi\u00f3n profunda\u00bb porque \u00ablos ciudadanos tienen derecho a una informaci\u00f3n veraz, plural y objetiva\u00bb.<\/p>\n<p>Adem\u00e1s, se ha comprometido a crear un Consell Audiovisual de les Illes Baleares y una Oficina Anticorrupci\u00f3n vinculada al Parlament para conseguir el objetivo de \u00abcorrupci\u00f3n cero\u00bb.<\/p>\n<p>ENTREVISTA CON RAJOY PARA PARALIZAR EL REB DE BAUZ\u00c1<\/p>\n<p>En otro \u00e1mbito, Armengol ha dicho que se debe hacer un frente com\u00fan \u00abpara mejorar la financiaci\u00f3n\u00bb y ha incidido en la \u00abnecesidad\u00bb de tener un nuevo R\u00e9gimen Especial para Baleares (REB) y no el que se est\u00e1 \u00abtramitando ahora\u00bb por lo que pedir\u00e1 una entrevista con el presidente del Gobierno, Mariano Rajoy, para que paralice \u00abun REB que se hizo de espaldas a la sociedad y no corrige las desventajas econ\u00f3micas de la sociedad\u00bb.<\/p>\n<p>Por otro lado, Armengol ha asegurado que el nuevo Ejecutivo implementar\u00e1 \u00abuna renta b\u00e1sica progresiva para todas las personas independientemente de que tengan trabajo o no\u00bb, as\u00ed como un plan contra los desahucios coordinado con todas las instituciones.<\/p>\n<p>La candidata del PSIB tambi\u00e9n ha abogado por que el Parlament deje de \u00abser una simple caja de resonancia de autobombo del Govern\u00bb y que tenga por \u00abobjetivo que el control del Ejecutivo lo hagan los grupos de la oposici\u00f3n\u00bb.<\/p>\n<p>\u00abEste Parlament tiene que ser el centro de la vida pol\u00edtica, la casa de todos donde la ciudadan\u00eda tenga su espacio a trav\u00e9s de iniciativas populares\u00bb, ha aseverado.<\/p>\n","protected":false},"excerpt":{"rendered":"<p>La candidata del PSIB a la presidencia del gobierno balear, Francina Armengol, ha anunciado este lunes durante su discurso de investidura en el Parlament la creaci\u00f3n de un impuesto tur\u00edstico. Asimismo se ha comprometido a \u00abuna moratoria para la instalaci\u00f3n de las grandes superficies\u00bb, y a un \u00abfederalismo insular\u00bb. Tambi\u00e9n derogar\u00e1 en el primer Consell<\/p>\n","protected":false},"author":1,"featured_media":41246,"comment_status":"open","ping_status":"closed","sticky":false,"template":"","format":"standard","meta":{"footnotes":""},"categories":[224],"tags":[],"class_list":{"0":"post-41245","1":"post","2":"type-post","3":"status-publish","4":"format-standard","5":"has-post-thumbnail","7":"category-noticias-actualidad"},"aioseo_notices":[],"aioseo_head":"\n\t\t<!-- All in One SEO Pro 4.9.6.1 - aioseo.com -->\n\t<meta name=\"description\" content=\"La candidata del PSIB a la presidencia del gobierno balear, Francina Armengol, ha anunciado este lunes durante su discurso de investidura en el Parlament la creaci\u00f3n de un impuesto tur\u00edstico. Asimismo se ha comprometido a &quot;una moratoria para la instalaci\u00f3n de las grandes superficies&quot;, y a un &quot;federalismo insular&quot;. Tambi\u00e9n derogar\u00e1 en el primer Consell\" \/>\n\t<meta name=\"robots\" content=\"max-image-preview:large\" \/>\n\t<meta name=\"author\" content=\"admin\"\/>\n\t<meta name=\"google-site-verification\" content=\"UA-38556648-1\" \/>\n\t<meta name=\"keywords\" content=\"noticias y actualidad\" \/>\n\t<link rel=\"canonical\" href=\"https:\/\/eldigitaldeasturias.com\/magazine365\/francina-armengol-anuncia-que-creara-un-impuesto-turistico-en-baleares\/\" \/>\n\t<meta name=\"generator\" content=\"All in One SEO Pro (AIOSEO) 4.9.6.1\" \/>\n\t\t<meta property=\"og:locale\" content=\"es_ES\" \/>\n\t\t<meta property=\"og:site_name\" content=\"El Digital de Asturias \u2013 Revista de ocio, turismo y estilo de vida\" \/>\n\t\t<meta property=\"og:type\" content=\"article\" \/>\n\t\t<meta property=\"og:title\" content=\"Francina Armengol anuncia que crear\u00e1 un impuesto tur\u00edstico en Baleares | El Digital de Asturias\" \/>\n\t\t<meta property=\"og:description\" content=\"La candidata del PSIB a la presidencia del gobierno balear, Francina Armengol, ha anunciado este lunes durante su discurso de investidura en el Parlament la creaci\u00f3n de un impuesto tur\u00edstico. Asimismo se ha comprometido a &quot;una moratoria para la instalaci\u00f3n de las grandes superficies&quot;, y a un &quot;federalismo insular&quot;. Tambi\u00e9n derogar\u00e1 en el primer Consell\" \/>\n\t\t<meta property=\"og:url\" content=\"https:\/\/eldigitaldeasturias.com\/magazine365\/francina-armengol-anuncia-que-creara-un-impuesto-turistico-en-baleares\/\" \/>\n\t\t<meta property=\"og:image\" content=\"https:\/\/eldigitaldeasturias.com\/magazine365\/wp-content\/uploads\/2015\/06\/fotonoticia_20150629112912_800.jpg\" \/>\n\t\t<meta property=\"og:image:secure_url\" content=\"https:\/\/eldigitaldeasturias.com\/magazine365\/wp-content\/uploads\/2015\/06\/fotonoticia_20150629112912_800.jpg\" \/>\n\t\t<meta property=\"og:image:width\" content=\"800\" \/>\n\t\t<meta property=\"og:image:height\" content=\"600\" \/>\n\t\t<meta property=\"article:published_time\" content=\"2015-06-30T05:51:12+00:00\" \/>\n\t\t<meta property=\"article:modified_time\" content=\"2015-06-30T05:51:12+00:00\" \/>\n\t\t<meta name=\"twitter:card\" content=\"summary_large_image\" \/>\n\t\t<meta name=\"twitter:title\" content=\"Francina Armengol anuncia que crear\u00e1 un impuesto tur\u00edstico en Baleares | El Digital de Asturias\" \/>\n\t\t<meta name=\"twitter:description\" content=\"La candidata del PSIB a la presidencia del gobierno balear, Francina Armengol, ha anunciado este lunes durante su discurso de investidura en el Parlament la creaci\u00f3n de un impuesto tur\u00edstico. Asimismo se ha comprometido a &quot;una moratoria para la instalaci\u00f3n de las grandes superficies&quot;, y a un &quot;federalismo insular&quot;. Tambi\u00e9n derogar\u00e1 en el primer Consell\" \/>\n\t\t<meta name=\"twitter:image\" content=\"https:\/\/eldigitaldeasturias.com\/magazine365\/wp-content\/uploads\/2015\/06\/fotonoticia_20150629112912_800.jpg\" \/>\n\t\t<script type=\"application\/ld+json\" class=\"aioseo-schema\">\n\t\t\t{\"@context\":\"https:\\\/\\\/schema.org\",\"@graph\":[{\"@type\":\"Article\",\"@id\":\"https:\\\/\\\/eldigitaldeasturias.com\\\/magazine365\\\/francina-armengol-anuncia-que-creara-un-impuesto-turistico-en-baleares\\\/#article\",\"name\":\"Francina Armengol anuncia que crear\\u00e1 un impuesto tur\\u00edstico en Baleares | El Digital de Asturias\",\"headline\":\"Francina Armengol anuncia que crear\\u00e1 un impuesto tur\\u00edstico en Baleares\",\"author\":{\"@id\":\"https:\\\/\\\/eldigitaldeasturias.com\\\/magazine365\\\/author\\\/admin\\\/#author\"},\"publisher\":{\"@id\":\"https:\\\/\\\/eldigitaldeasturias.com\\\/magazine365\\\/#organization\"},\"image\":{\"@type\":\"ImageObject\",\"url\":\"https:\\\/\\\/eldigitaldeasturias.com\\\/magazine365\\\/wp-content\\\/uploads\\\/2015\\\/06\\\/fotonoticia_20150629112912_800.jpg\",\"width\":800,\"height\":600},\"datePublished\":\"2015-06-30T07:21:12+02:00\",\"dateModified\":\"2015-06-30T07:21:12+02:00\",\"inLanguage\":\"es-ES\",\"mainEntityOfPage\":{\"@id\":\"https:\\\/\\\/eldigitaldeasturias.com\\\/magazine365\\\/francina-armengol-anuncia-que-creara-un-impuesto-turistico-en-baleares\\\/#webpage\"},\"isPartOf\":{\"@id\":\"https:\\\/\\\/eldigitaldeasturias.com\\\/magazine365\\\/francina-armengol-anuncia-que-creara-un-impuesto-turistico-en-baleares\\\/#webpage\"},\"articleSection\":\"Noticias y Actualidad\"},{\"@type\":\"BreadcrumbList\",\"@id\":\"https:\\\/\\\/eldigitaldeasturias.com\\\/magazine365\\\/francina-armengol-anuncia-que-creara-un-impuesto-turistico-en-baleares\\\/#breadcrumblist\",\"itemListElement\":[{\"@type\":\"ListItem\",\"@id\":\"https:\\\/\\\/eldigitaldeasturias.com\\\/magazine365#listItem\",\"position\":1,\"name\":\"Home\",\"item\":\"https:\\\/\\\/eldigitaldeasturias.com\\\/magazine365\",\"nextItem\":{\"@type\":\"ListItem\",\"@id\":\"https:\\\/\\\/eldigitaldeasturias.com\\\/magazine365\\\/category\\\/noticias-actualidad\\\/#listItem\",\"name\":\"Noticias y Actualidad\"}},{\"@type\":\"ListItem\",\"@id\":\"https:\\\/\\\/eldigitaldeasturias.com\\\/magazine365\\\/category\\\/noticias-actualidad\\\/#listItem\",\"position\":2,\"name\":\"Noticias y Actualidad\",\"item\":\"https:\\\/\\\/eldigitaldeasturias.com\\\/magazine365\\\/category\\\/noticias-actualidad\\\/\",\"nextItem\":{\"@type\":\"ListItem\",\"@id\":\"https:\\\/\\\/eldigitaldeasturias.com\\\/magazine365\\\/francina-armengol-anuncia-que-creara-un-impuesto-turistico-en-baleares\\\/#listItem\",\"name\":\"Francina Armengol anuncia que crear\\u00e1 un impuesto tur\\u00edstico en Baleares\"},\"previousItem\":{\"@type\":\"ListItem\",\"@id\":\"https:\\\/\\\/eldigitaldeasturias.com\\\/magazine365#listItem\",\"name\":\"Home\"}},{\"@type\":\"ListItem\",\"@id\":\"https:\\\/\\\/eldigitaldeasturias.com\\\/magazine365\\\/francina-armengol-anuncia-que-creara-un-impuesto-turistico-en-baleares\\\/#listItem\",\"position\":3,\"name\":\"Francina Armengol anuncia que crear\\u00e1 un impuesto tur\\u00edstico en Baleares\",\"previousItem\":{\"@type\":\"ListItem\",\"@id\":\"https:\\\/\\\/eldigitaldeasturias.com\\\/magazine365\\\/category\\\/noticias-actualidad\\\/#listItem\",\"name\":\"Noticias y Actualidad\"}}]},{\"@type\":\"Organization\",\"@id\":\"https:\\\/\\\/eldigitaldeasturias.com\\\/magazine365\\\/#organization\",\"name\":\"El digital de Asturias\",\"description\":\"Revista de ocio, turismo y estilo de vida\",\"url\":\"https:\\\/\\\/eldigitaldeasturias.com\\\/magazine365\\\/\",\"logo\":{\"@type\":\"ImageObject\",\"url\":\"https:\\\/\\\/www.eldigitaldeasturias.com\\\/noticias\\\/wp-content\\\/uploads\\\/2020\\\/12\\\/EDA.jpg\",\"@id\":\"https:\\\/\\\/eldigitaldeasturias.com\\\/magazine365\\\/francina-armengol-anuncia-que-creara-un-impuesto-turistico-en-baleares\\\/#organizationLogo\"},\"image\":{\"@id\":\"https:\\\/\\\/eldigitaldeasturias.com\\\/magazine365\\\/francina-armengol-anuncia-que-creara-un-impuesto-turistico-en-baleares\\\/#organizationLogo\"}},{\"@type\":\"Person\",\"@id\":\"https:\\\/\\\/eldigitaldeasturias.com\\\/magazine365\\\/author\\\/admin\\\/#author\",\"url\":\"https:\\\/\\\/eldigitaldeasturias.com\\\/magazine365\\\/author\\\/admin\\\/\",\"name\":\"admin\",\"image\":{\"@type\":\"ImageObject\",\"@id\":\"https:\\\/\\\/eldigitaldeasturias.com\\\/magazine365\\\/francina-armengol-anuncia-que-creara-un-impuesto-turistico-en-baleares\\\/#authorImage\",\"url\":\"https:\\\/\\\/eldigitaldeasturias.com\\\/magazine365\\\/wp-content\\\/litespeed\\\/avatar\\\/e571bcf59a0edd6fa6838245a470f2fe.jpg?ver=1777574230\",\"width\":96,\"height\":96,\"caption\":\"admin\"}},{\"@type\":\"WebPage\",\"@id\":\"https:\\\/\\\/eldigitaldeasturias.com\\\/magazine365\\\/francina-armengol-anuncia-que-creara-un-impuesto-turistico-en-baleares\\\/#webpage\",\"url\":\"https:\\\/\\\/eldigitaldeasturias.com\\\/magazine365\\\/francina-armengol-anuncia-que-creara-un-impuesto-turistico-en-baleares\\\/\",\"name\":\"Francina Armengol anuncia que crear\\u00e1 un impuesto tur\\u00edstico en Baleares | El Digital de Asturias\",\"description\":\"La candidata del PSIB a la presidencia del gobierno balear, Francina Armengol, ha anunciado este lunes durante su discurso de investidura en el Parlament la creaci\\u00f3n de un impuesto tur\\u00edstico. Asimismo se ha comprometido a \\\"una moratoria para la instalaci\\u00f3n de las grandes superficies\\\", y a un \\\"federalismo insular\\\". Tambi\\u00e9n derogar\\u00e1 en el primer Consell\",\"inLanguage\":\"es-ES\",\"isPartOf\":{\"@id\":\"https:\\\/\\\/eldigitaldeasturias.com\\\/magazine365\\\/#website\"},\"breadcrumb\":{\"@id\":\"https:\\\/\\\/eldigitaldeasturias.com\\\/magazine365\\\/francina-armengol-anuncia-que-creara-un-impuesto-turistico-en-baleares\\\/#breadcrumblist\"},\"author\":{\"@id\":\"https:\\\/\\\/eldigitaldeasturias.com\\\/magazine365\\\/author\\\/admin\\\/#author\"},\"creator\":{\"@id\":\"https:\\\/\\\/eldigitaldeasturias.com\\\/magazine365\\\/author\\\/admin\\\/#author\"},\"image\":{\"@type\":\"ImageObject\",\"url\":\"https:\\\/\\\/eldigitaldeasturias.com\\\/magazine365\\\/wp-content\\\/uploads\\\/2015\\\/06\\\/fotonoticia_20150629112912_800.jpg\",\"@id\":\"https:\\\/\\\/eldigitaldeasturias.com\\\/magazine365\\\/francina-armengol-anuncia-que-creara-un-impuesto-turistico-en-baleares\\\/#mainImage\",\"width\":800,\"height\":600},\"primaryImageOfPage\":{\"@id\":\"https:\\\/\\\/eldigitaldeasturias.com\\\/magazine365\\\/francina-armengol-anuncia-que-creara-un-impuesto-turistico-en-baleares\\\/#mainImage\"},\"datePublished\":\"2015-06-30T07:21:12+02:00\",\"dateModified\":\"2015-06-30T07:21:12+02:00\"},{\"@type\":\"WebSite\",\"@id\":\"https:\\\/\\\/eldigitaldeasturias.com\\\/magazine365\\\/#website\",\"url\":\"https:\\\/\\\/eldigitaldeasturias.com\\\/magazine365\\\/\",\"name\":\"El Digital de Asturias\",\"description\":\"Revista de ocio, turismo y estilo de vida\",\"inLanguage\":\"es-ES\",\"publisher\":{\"@id\":\"https:\\\/\\\/eldigitaldeasturias.com\\\/magazine365\\\/#organization\"}}]}\n\t\t<\/script>\n\t\t<!-- All in One SEO Pro -->\r\n\t\t<title>Francina Armengol anuncia que crear\u00e1 un impuesto tur\u00edstico en Baleares | El Digital de Asturias<\/title>\n\n","aioseo_head_json":{"title":"Francina Armengol anuncia que crear\u00e1 un impuesto tur\u00edstico en Baleares | El Digital de Asturias","description":"La candidata del PSIB a la presidencia del gobierno balear, Francina Armengol, ha anunciado este lunes durante su discurso de investidura en el Parlament la creaci\u00f3n de un impuesto tur\u00edstico. Asimismo se ha comprometido a \"una moratoria para la instalaci\u00f3n de las grandes superficies\", y a un \"federalismo insular\". Tambi\u00e9n derogar\u00e1 en el primer Consell","canonical_url":"https:\/\/eldigitaldeasturias.com\/magazine365\/francina-armengol-anuncia-que-creara-un-impuesto-turistico-en-baleares\/","robots":"max-image-preview:large","keywords":"noticias y actualidad","webmasterTools":{"google-site-verification":"UA-38556648-1","miscellaneous":""},"schema":{"@context":"https:\/\/schema.org","@graph":[{"@type":"Article","@id":"https:\/\/eldigitaldeasturias.com\/magazine365\/francina-armengol-anuncia-que-creara-un-impuesto-turistico-en-baleares\/#article","name":"Francina Armengol anuncia que crear\u00e1 un impuesto tur\u00edstico en Baleares | El Digital de Asturias","headline":"Francina Armengol anuncia que crear\u00e1 un impuesto tur\u00edstico en Baleares","author":{"@id":"https:\/\/eldigitaldeasturias.com\/magazine365\/author\/admin\/#author"},"publisher":{"@id":"https:\/\/eldigitaldeasturias.com\/magazine365\/#organization"},"image":{"@type":"ImageObject","url":"https:\/\/eldigitaldeasturias.com\/magazine365\/wp-content\/uploads\/2015\/06\/fotonoticia_20150629112912_800.jpg","width":800,"height":600},"datePublished":"2015-06-30T07:21:12+02:00","dateModified":"2015-06-30T07:21:12+02:00","inLanguage":"es-ES","mainEntityOfPage":{"@id":"https:\/\/eldigitaldeasturias.com\/magazine365\/francina-armengol-anuncia-que-creara-un-impuesto-turistico-en-baleares\/#webpage"},"isPartOf":{"@id":"https:\/\/eldigitaldeasturias.com\/magazine365\/francina-armengol-anuncia-que-creara-un-impuesto-turistico-en-baleares\/#webpage"},"articleSection":"Noticias y Actualidad"},{"@type":"BreadcrumbList","@id":"https:\/\/eldigitaldeasturias.com\/magazine365\/francina-armengol-anuncia-que-creara-un-impuesto-turistico-en-baleares\/#breadcrumblist","itemListElement":[{"@type":"ListItem","@id":"https:\/\/eldigitaldeasturias.com\/magazine365#listItem","position":1,"name":"Home","item":"https:\/\/eldigitaldeasturias.com\/magazine365","nextItem":{"@type":"ListItem","@id":"https:\/\/eldigitaldeasturias.com\/magazine365\/category\/noticias-actualidad\/#listItem","name":"Noticias y Actualidad"}},{"@type":"ListItem","@id":"https:\/\/eldigitaldeasturias.com\/magazine365\/category\/noticias-actualidad\/#listItem","position":2,"name":"Noticias y Actualidad","item":"https:\/\/eldigitaldeasturias.com\/magazine365\/category\/noticias-actualidad\/","nextItem":{"@type":"ListItem","@id":"https:\/\/eldigitaldeasturias.com\/magazine365\/francina-armengol-anuncia-que-creara-un-impuesto-turistico-en-baleares\/#listItem","name":"Francina Armengol anuncia que crear\u00e1 un impuesto tur\u00edstico en Baleares"},"previousItem":{"@type":"ListItem","@id":"https:\/\/eldigitaldeasturias.com\/magazine365#listItem","name":"Home"}},{"@type":"ListItem","@id":"https:\/\/eldigitaldeasturias.com\/magazine365\/francina-armengol-anuncia-que-creara-un-impuesto-turistico-en-baleares\/#listItem","position":3,"name":"Francina Armengol anuncia que crear\u00e1 un impuesto tur\u00edstico en Baleares","previousItem":{"@type":"ListItem","@id":"https:\/\/eldigitaldeasturias.com\/magazine365\/category\/noticias-actualidad\/#listItem","name":"Noticias y Actualidad"}}]},{"@type":"Organization","@id":"https:\/\/eldigitaldeasturias.com\/magazine365\/#organization","name":"El digital de Asturias","description":"Revista de ocio, turismo y estilo de vida","url":"https:\/\/eldigitaldeasturias.com\/magazine365\/","logo":{"@type":"ImageObject","url":"https:\/\/www.eldigitaldeasturias.com\/noticias\/wp-content\/uploads\/2020\/12\/EDA.jpg","@id":"https:\/\/eldigitaldeasturias.com\/magazine365\/francina-armengol-anuncia-que-creara-un-impuesto-turistico-en-baleares\/#organizationLogo"},"image":{"@id":"https:\/\/eldigitaldeasturias.com\/magazine365\/francina-armengol-anuncia-que-creara-un-impuesto-turistico-en-baleares\/#organizationLogo"}},{"@type":"Person","@id":"https:\/\/eldigitaldeasturias.com\/magazine365\/author\/admin\/#author","url":"https:\/\/eldigitaldeasturias.com\/magazine365\/author\/admin\/","name":"admin","image":{"@type":"ImageObject","@id":"https:\/\/eldigitaldeasturias.com\/magazine365\/francina-armengol-anuncia-que-creara-un-impuesto-turistico-en-baleares\/#authorImage","url":"https:\/\/eldigitaldeasturias.com\/magazine365\/wp-content\/litespeed\/avatar\/e571bcf59a0edd6fa6838245a470f2fe.jpg?ver=1777574230","width":96,"height":96,"caption":"admin"}},{"@type":"WebPage","@id":"https:\/\/eldigitaldeasturias.com\/magazine365\/francina-armengol-anuncia-que-creara-un-impuesto-turistico-en-baleares\/#webpage","url":"https:\/\/eldigitaldeasturias.com\/magazine365\/francina-armengol-anuncia-que-creara-un-impuesto-turistico-en-baleares\/","name":"Francina Armengol anuncia que crear\u00e1 un impuesto tur\u00edstico en Baleares | El Digital de Asturias","description":"La candidata del PSIB a la presidencia del gobierno balear, Francina Armengol, ha anunciado este lunes durante su discurso de investidura en el Parlament la creaci\u00f3n de un impuesto tur\u00edstico. Asimismo se ha comprometido a \"una moratoria para la instalaci\u00f3n de las grandes superficies\", y a un \"federalismo insular\". Tambi\u00e9n derogar\u00e1 en el primer Consell","inLanguage":"es-ES","isPartOf":{"@id":"https:\/\/eldigitaldeasturias.com\/magazine365\/#website"},"breadcrumb":{"@id":"https:\/\/eldigitaldeasturias.com\/magazine365\/francina-armengol-anuncia-que-creara-un-impuesto-turistico-en-baleares\/#breadcrumblist"},"author":{"@id":"https:\/\/eldigitaldeasturias.com\/magazine365\/author\/admin\/#author"},"creator":{"@id":"https:\/\/eldigitaldeasturias.com\/magazine365\/author\/admin\/#author"},"image":{"@type":"ImageObject","url":"https:\/\/eldigitaldeasturias.com\/magazine365\/wp-content\/uploads\/2015\/06\/fotonoticia_20150629112912_800.jpg","@id":"https:\/\/eldigitaldeasturias.com\/magazine365\/francina-armengol-anuncia-que-creara-un-impuesto-turistico-en-baleares\/#mainImage","width":800,"height":600},"primaryImageOfPage":{"@id":"https:\/\/eldigitaldeasturias.com\/magazine365\/francina-armengol-anuncia-que-creara-un-impuesto-turistico-en-baleares\/#mainImage"},"datePublished":"2015-06-30T07:21:12+02:00","dateModified":"2015-06-30T07:21:12+02:00"},{"@type":"WebSite","@id":"https:\/\/eldigitaldeasturias.com\/magazine365\/#website","url":"https:\/\/eldigitaldeasturias.com\/magazine365\/","name":"El Digital de Asturias","description":"Revista de ocio, turismo y estilo de vida","inLanguage":"es-ES","publisher":{"@id":"https:\/\/eldigitaldeasturias.com\/magazine365\/#organization"}}]},"og:locale":"es_ES","og:site_name":"El Digital de Asturias \u2013 Revista de ocio, turismo y estilo de vida","og:type":"article","og:title":"Francina Armengol anuncia que crear\u00e1 un impuesto tur\u00edstico en Baleares | El Digital de Asturias","og:description":"La candidata del PSIB a la presidencia del gobierno balear, Francina Armengol, ha anunciado este lunes durante su discurso de investidura en el Parlament la creaci\u00f3n de un impuesto tur\u00edstico. Asimismo se ha comprometido a &quot;una moratoria para la instalaci\u00f3n de las grandes superficies&quot;, y a un &quot;federalismo insular&quot;. Tambi\u00e9n derogar\u00e1 en el primer Consell","og:url":"https:\/\/eldigitaldeasturias.com\/magazine365\/francina-armengol-anuncia-que-creara-un-impuesto-turistico-en-baleares\/","og:image":"https:\/\/eldigitaldeasturias.com\/magazine365\/wp-content\/uploads\/2015\/06\/fotonoticia_20150629112912_800.jpg","og:image:secure_url":"https:\/\/eldigitaldeasturias.com\/magazine365\/wp-content\/uploads\/2015\/06\/fotonoticia_20150629112912_800.jpg","og:image:width":800,"og:image:height":600,"article:published_time":"2015-06-30T05:51:12+00:00","article:modified_time":"2015-06-30T05:51:12+00:00","twitter:card":"summary_large_image","twitter:title":"Francina Armengol anuncia que crear\u00e1 un impuesto tur\u00edstico en Baleares | El Digital de Asturias","twitter:description":"La candidata del PSIB a la presidencia del gobierno balear, Francina Armengol, ha anunciado este lunes durante su discurso de investidura en el Parlament la creaci\u00f3n de un impuesto tur\u00edstico. Asimismo se ha comprometido a &quot;una moratoria para la instalaci\u00f3n de las grandes superficies&quot;, y a un &quot;federalismo insular&quot;. Tambi\u00e9n derogar\u00e1 en el primer Consell","twitter:image":"https:\/\/eldigitaldeasturias.com\/magazine365\/wp-content\/uploads\/2015\/06\/fotonoticia_20150629112912_800.jpg"},"aioseo_meta_data":{"post_id":"41245","title":null,"description":null,"keywords":null,"keyphrases":null,"primary_term":null,"canonical_url":null,"og_title":null,"og_description":null,"og_object_type":"default","og_image_type":"default","og_image_url":null,"og_image_width":null,"og_image_height":null,"og_image_custom_url":null,"og_image_custom_fields":null,"og_video":null,"og_custom_url":null,"og_article_section":null,"og_article_tags":null,"twitter_use_og":false,"twitter_card":"default","twitter_image_type":"default","twitter_image_url":null,"twitter_image_custom_url":null,"twitter_image_custom_fields":null,"twitter_title":null,"twitter_description":null,"schema":{"blockGraphs":[],"customGraphs":[],"default":{"data":{"Article":[],"Course":[],"Dataset":[],"FAQPage":[],"Movie":[],"Person":[],"Product":[],"ProductReview":[],"Car":[],"Recipe":[],"Service":[],"SoftwareApplication":[],"WebPage":[]},"graphName":"","isEnabled":true},"graphs":[]},"schema_type":null,"schema_type_options":null,"pillar_content":false,"robots_default":true,"robots_noindex":false,"robots_noarchive":false,"robots_nosnippet":false,"robots_nofollow":false,"robots_noimageindex":false,"robots_noodp":false,"robots_notranslate":false,"robots_max_snippet":null,"robots_max_videopreview":null,"robots_max_imagepreview":"large","priority":null,"frequency":null,"location":null,"local_seo":null,"seo_analyzer_scan_date":"2025-09-19 15:17:55","breadcrumb_settings":null,"limit_modified_date":false,"open_ai":null,"ai":null,"created":"2021-03-09 02:17:41","updated":"2025-09-19 15:17:55"},"aioseo_breadcrumb":"<div class=\"aioseo-breadcrumbs\"><span class=\"aioseo-breadcrumb\">\n\t<a href=\"https:\/\/eldigitaldeasturias.com\/magazine365\" title=\"Home\">Home<\/a>\n<\/span><span class=\"aioseo-breadcrumb-separator\">\u2013<\/span><span class=\"aioseo-breadcrumb\">\n\t<a href=\"https:\/\/eldigitaldeasturias.com\/magazine365\/category\/noticias-actualidad\/\" title=\"Noticias y Actualidad\">Noticias y Actualidad<\/a>\n<\/span><span class=\"aioseo-breadcrumb-separator\">\u2013<\/span><span class=\"aioseo-breadcrumb\">\n\t<a href=\"https:\/\/eldigitaldeasturias.com\/magazine365\/francina-armengol-anuncia-que-creara-un-impuesto-turistico-en-baleares\/\" title=\"Francina Armengol anuncia que crear\u00e1 un impuesto tur\u00edstico en Baleares\">Francina Armengol anuncia que crear\u00e1 un impuesto tur\u00edstico en Baleares<\/a>\n<\/span><\/div>","aioseo_breadcrumb_json":[{"label":"Home","link":"https:\/\/eldigitaldeasturias.com\/magazine365"},{"label":"Noticias y Actualidad","link":"https:\/\/eldigitaldeasturias.com\/magazine365\/category\/noticias-actualidad\/"},{"label":"Francina Armengol anuncia que crear\u00e1 un impuesto tur\u00edstico en Baleares","link":"https:\/\/eldigitaldeasturias.com\/magazine365\/francina-armengol-anuncia-que-creara-un-impuesto-turistico-en-baleares\/"}],"_links":{"self":[{"href":"https:\/\/eldigitaldeasturias.com\/magazine365\/wp-json\/wp\/v2\/posts\/41245","targetHints":{"allow":["GET"]}}],"collection":[{"href":"https:\/\/eldigitaldeasturias.com\/magazine365\/wp-json\/wp\/v2\/posts"}],"about":[{"href":"https:\/\/eldigitaldeasturias.com\/magazine365\/wp-json\/wp\/v2\/types\/post"}],"author":[{"embeddable":true,"href":"https:\/\/eldigitaldeasturias.com\/magazine365\/wp-json\/wp\/v2\/users\/1"}],"replies":[{"embeddable":true,"href":"https:\/\/eldigitaldeasturias.com\/magazine365\/wp-json\/wp\/v2\/comments?post=41245"}],"version-history":[{"count":0,"href":"https:\/\/eldigitaldeasturias.com\/magazine365\/wp-json\/wp\/v2\/posts\/41245\/revisions"}],"wp:featuredmedia":[{"embeddable":true,"href":"https:\/\/eldigitaldeasturias.com\/magazine365\/wp-json\/wp\/v2\/media\/41246"}],"wp:attachment":[{"href":"https:\/\/eldigitaldeasturias.com\/magazine365\/wp-json\/wp\/v2\/media?parent=41245"}],"wp:term":[{"taxonomy":"category","embeddable":true,"href":"https:\/\/eldigitaldeasturias.com\/magazine365\/wp-json\/wp\/v2\/categories?post=41245"},{"taxonomy":"post_tag","embeddable":true,"href":"https:\/\/eldigitaldeasturias.com\/magazine365\/wp-json\/wp\/v2\/tags?post=41245"}],"curies":[{"name":"wp","href":"https:\/\/api.w.org\/{rel}","templated":true}]}}