{"id":41233,"date":"2015-06-30T07:11:10","date_gmt":"2015-06-30T05:41:10","guid":{"rendered":"http:\/\/eldigitaldeasturias.com\/magazine365\/?p=41233"},"modified":"2015-06-30T07:11:10","modified_gmt":"2015-06-30T05:41:10","slug":"los-precios-de-apartamentos-turisticos-se-multiplican-por-cuatro-en-san-fermin","status":"publish","type":"post","link":"https:\/\/eldigitaldeasturias.com\/magazine365\/los-precios-de-apartamentos-turisticos-se-multiplican-por-cuatro-en-san-fermin\/","title":{"rendered":"Los precios de apartamentos tur\u00edsticos se multiplican por cuatro en San Ferm\u00edn"},"content":{"rendered":"<p><img fetchpriority=\"high\" decoding=\"async\" class=\"alignleft size-medium wp-image-41234\" src=\"https:\/\/eldigitaldeasturias.com\/magazine365\/wp-content\/uploads\/2015\/06\/fotonoticia_20150629105421_800-360x269.jpg\" alt=\"fotonoticia_20150629105421_800\" width=\"360\" height=\"269\" srcset=\"https:\/\/eldigitaldeasturias.com\/magazine365\/wp-content\/uploads\/2015\/06\/fotonoticia_20150629105421_800-360x269.jpg 360w, https:\/\/eldigitaldeasturias.com\/magazine365\/wp-content\/uploads\/2015\/06\/fotonoticia_20150629105421_800-650x486.jpg 650w, https:\/\/eldigitaldeasturias.com\/magazine365\/wp-content\/uploads\/2015\/06\/fotonoticia_20150629105421_800-768x574.jpg 768w, https:\/\/eldigitaldeasturias.com\/magazine365\/wp-content\/uploads\/2015\/06\/fotonoticia_20150629105421_800-150x112.jpg 150w, https:\/\/eldigitaldeasturias.com\/magazine365\/wp-content\/uploads\/2015\/06\/fotonoticia_20150629105421_800-450x336.jpg 450w, https:\/\/eldigitaldeasturias.com\/magazine365\/wp-content\/uploads\/2015\/06\/fotonoticia_20150629105421_800-80x60.jpg 80w, https:\/\/eldigitaldeasturias.com\/magazine365\/wp-content\/uploads\/2015\/06\/fotonoticia_20150629105421_800-265x198.jpg 265w, https:\/\/eldigitaldeasturias.com\/magazine365\/wp-content\/uploads\/2015\/06\/fotonoticia_20150629105421_800-696x520.jpg 696w, https:\/\/eldigitaldeasturias.com\/magazine365\/wp-content\/uploads\/2015\/06\/fotonoticia_20150629105421_800-562x420.jpg 562w, https:\/\/eldigitaldeasturias.com\/magazine365\/wp-content\/uploads\/2015\/06\/fotonoticia_20150629105421_800-90x67.jpg 90w, https:\/\/eldigitaldeasturias.com\/magazine365\/wp-content\/uploads\/2015\/06\/fotonoticia_20150629105421_800-100x75.jpg 100w, https:\/\/eldigitaldeasturias.com\/magazine365\/wp-content\/uploads\/2015\/06\/fotonoticia_20150629105421_800.jpg 800w\" sizes=\"(max-width: 360px) 100vw, 360px\" \/>Los precios de apartamentos tur\u00edsticos en Pamplona se han cuadruplicado durante la semana de San Ferm\u00edn, del 6 al 12 de julio, respecto a una semana normal del resto del mes, hasta alcanzar los 542 euros por noche para cuatro personas, seg\u00fan informa la web Apartum este lunes.<\/p>\n<p>Por el contrario, los mismos alojamientos en la urbe del norte de Espa\u00f1a tienen un precio medio de 123 euros para cuatro personas. As\u00ed, el aumento es del 340%, es decir, cuatruplica el coste durante el festivo.<\/p>\n<p>De los apartamentos ofertados, s\u00f3lo quedan tres sin reservar para dichas fechas, siendo el precio medio de hasta 410 euros para dos personas. Estas son las conclusiones del estudio realizado por Apartum, web especializada en la comparaci\u00f3n de previos de este tipo de alojamiento.<\/p>\n<p>El aumento del precio es una tendencia que tambi\u00e9n se repite en verano en Bu\u00f1ol cuando acoge la Tomatina, as\u00ed como en M\u00e1laga durante la Feria, zonas que no cuentan con una oferta hotelera suficiente para absorber el aumento de demanda.<\/p>\n<p>Apartum cuenta con m\u00e1s de un mill\u00f3n de apartamentos ofertados en su plataforma &#8216;online&#8217;, presentes en m\u00e1s de 38.000 ciudades del mundo, y fue fundada en 2013 en Barcelona con inversores como el fundador de Softonic, Tom\u00e1s Diago, o el co-fundador de eDreams, Mauricio Prieto.<\/p>\n","protected":false},"excerpt":{"rendered":"<p>Los precios de apartamentos tur\u00edsticos en Pamplona se han cuadruplicado durante la semana de San Ferm\u00edn, del 6 al 12 de julio, respecto a una semana normal del resto del mes, hasta alcanzar los 542 euros por noche para cuatro personas, seg\u00fan informa la web Apartum este lunes. Por el contrario, los mismos alojamientos en<\/p>\n","protected":false},"author":1,"featured_media":41234,"comment_status":"open","ping_status":"closed","sticky":false,"template":"","format":"standard","meta":{"footnotes":""},"categories":[222],"tags":[],"class_list":{"0":"post-41233","1":"post","2":"type-post","3":"status-publish","4":"format-standard","5":"has-post-thumbnail","7":"category-actualidad-turismo"},"aioseo_notices":[],"aioseo_head":"\n\t\t<!-- All in One SEO Pro 4.9.6.1 - aioseo.com -->\n\t<meta name=\"description\" content=\"Los precios de apartamentos tur\u00edsticos en Pamplona se han cuadruplicado durante la semana de San Ferm\u00edn, del 6 al 12 de julio, respecto a una semana normal del resto del mes, hasta alcanzar los 542 euros por noche para cuatro personas, seg\u00fan informa la web Apartum este lunes. Por el contrario, los mismos alojamientos en\" \/>\n\t<meta name=\"robots\" content=\"max-image-preview:large\" \/>\n\t<meta name=\"author\" content=\"admin\"\/>\n\t<meta name=\"google-site-verification\" content=\"UA-38556648-1\" \/>\n\t<meta name=\"keywords\" content=\"actualidad turismo\" \/>\n\t<link rel=\"canonical\" href=\"https:\/\/eldigitaldeasturias.com\/magazine365\/los-precios-de-apartamentos-turisticos-se-multiplican-por-cuatro-en-san-fermin\/\" \/>\n\t<meta name=\"generator\" content=\"All in One SEO Pro (AIOSEO) 4.9.6.1\" \/>\n\t\t<meta property=\"og:locale\" content=\"es_ES\" \/>\n\t\t<meta property=\"og:site_name\" content=\"El Digital de Asturias \u2013 Revista de ocio, turismo y estilo de vida\" \/>\n\t\t<meta property=\"og:type\" content=\"article\" \/>\n\t\t<meta property=\"og:title\" content=\"Los precios de apartamentos tur\u00edsticos se multiplican por cuatro en San Ferm\u00edn | El Digital de Asturias\" \/>\n\t\t<meta property=\"og:description\" content=\"Los precios de apartamentos tur\u00edsticos en Pamplona se han cuadruplicado durante la semana de San Ferm\u00edn, del 6 al 12 de julio, respecto a una semana normal del resto del mes, hasta alcanzar los 542 euros por noche para cuatro personas, seg\u00fan informa la web Apartum este lunes. Por el contrario, los mismos alojamientos en\" \/>\n\t\t<meta property=\"og:url\" content=\"https:\/\/eldigitaldeasturias.com\/magazine365\/los-precios-de-apartamentos-turisticos-se-multiplican-por-cuatro-en-san-fermin\/\" \/>\n\t\t<meta property=\"og:image\" content=\"https:\/\/eldigitaldeasturias.com\/magazine365\/wp-content\/uploads\/2015\/06\/fotonoticia_20150629105421_800.jpg\" \/>\n\t\t<meta property=\"og:image:secure_url\" content=\"https:\/\/eldigitaldeasturias.com\/magazine365\/wp-content\/uploads\/2015\/06\/fotonoticia_20150629105421_800.jpg\" \/>\n\t\t<meta property=\"og:image:width\" content=\"800\" \/>\n\t\t<meta property=\"og:image:height\" content=\"598\" \/>\n\t\t<meta property=\"article:published_time\" content=\"2015-06-30T05:41:10+00:00\" \/>\n\t\t<meta property=\"article:modified_time\" content=\"2015-06-30T05:41:10+00:00\" \/>\n\t\t<meta name=\"twitter:card\" content=\"summary_large_image\" \/>\n\t\t<meta name=\"twitter:title\" content=\"Los precios de apartamentos tur\u00edsticos se multiplican por cuatro en San Ferm\u00edn | El Digital de Asturias\" \/>\n\t\t<meta name=\"twitter:description\" content=\"Los precios de apartamentos tur\u00edsticos en Pamplona se han cuadruplicado durante la semana de San Ferm\u00edn, del 6 al 12 de julio, respecto a una semana normal del resto del mes, hasta alcanzar los 542 euros por noche para cuatro personas, seg\u00fan informa la web Apartum este lunes. Por el contrario, los mismos alojamientos en\" \/>\n\t\t<meta name=\"twitter:image\" content=\"https:\/\/eldigitaldeasturias.com\/magazine365\/wp-content\/uploads\/2015\/06\/fotonoticia_20150629105421_800.jpg\" \/>\n\t\t<script type=\"application\/ld+json\" class=\"aioseo-schema\">\n\t\t\t{\"@context\":\"https:\\\/\\\/schema.org\",\"@graph\":[{\"@type\":\"Article\",\"@id\":\"https:\\\/\\\/eldigitaldeasturias.com\\\/magazine365\\\/los-precios-de-apartamentos-turisticos-se-multiplican-por-cuatro-en-san-fermin\\\/#article\",\"name\":\"Los precios de apartamentos tur\\u00edsticos se multiplican por cuatro en San Ferm\\u00edn | El Digital de Asturias\",\"headline\":\"Los precios de apartamentos tur\\u00edsticos se multiplican por cuatro en San Ferm\\u00edn\",\"author\":{\"@id\":\"https:\\\/\\\/eldigitaldeasturias.com\\\/magazine365\\\/author\\\/admin\\\/#author\"},\"publisher\":{\"@id\":\"https:\\\/\\\/eldigitaldeasturias.com\\\/magazine365\\\/#organization\"},\"image\":{\"@type\":\"ImageObject\",\"url\":\"https:\\\/\\\/eldigitaldeasturias.com\\\/magazine365\\\/wp-content\\\/uploads\\\/2015\\\/06\\\/fotonoticia_20150629105421_800.jpg\",\"width\":800,\"height\":598},\"datePublished\":\"2015-06-30T07:11:10+02:00\",\"dateModified\":\"2015-06-30T07:11:10+02:00\",\"inLanguage\":\"es-ES\",\"mainEntityOfPage\":{\"@id\":\"https:\\\/\\\/eldigitaldeasturias.com\\\/magazine365\\\/los-precios-de-apartamentos-turisticos-se-multiplican-por-cuatro-en-san-fermin\\\/#webpage\"},\"isPartOf\":{\"@id\":\"https:\\\/\\\/eldigitaldeasturias.com\\\/magazine365\\\/los-precios-de-apartamentos-turisticos-se-multiplican-por-cuatro-en-san-fermin\\\/#webpage\"},\"articleSection\":\"Actualidad Turismo\"},{\"@type\":\"BreadcrumbList\",\"@id\":\"https:\\\/\\\/eldigitaldeasturias.com\\\/magazine365\\\/los-precios-de-apartamentos-turisticos-se-multiplican-por-cuatro-en-san-fermin\\\/#breadcrumblist\",\"itemListElement\":[{\"@type\":\"ListItem\",\"@id\":\"https:\\\/\\\/eldigitaldeasturias.com\\\/magazine365#listItem\",\"position\":1,\"name\":\"Home\",\"item\":\"https:\\\/\\\/eldigitaldeasturias.com\\\/magazine365\",\"nextItem\":{\"@type\":\"ListItem\",\"@id\":\"https:\\\/\\\/eldigitaldeasturias.com\\\/magazine365\\\/category\\\/actualidad-turismo\\\/#listItem\",\"name\":\"Actualidad Turismo\"}},{\"@type\":\"ListItem\",\"@id\":\"https:\\\/\\\/eldigitaldeasturias.com\\\/magazine365\\\/category\\\/actualidad-turismo\\\/#listItem\",\"position\":2,\"name\":\"Actualidad Turismo\",\"item\":\"https:\\\/\\\/eldigitaldeasturias.com\\\/magazine365\\\/category\\\/actualidad-turismo\\\/\",\"nextItem\":{\"@type\":\"ListItem\",\"@id\":\"https:\\\/\\\/eldigitaldeasturias.com\\\/magazine365\\\/los-precios-de-apartamentos-turisticos-se-multiplican-por-cuatro-en-san-fermin\\\/#listItem\",\"name\":\"Los precios de apartamentos tur\\u00edsticos se multiplican por cuatro en San Ferm\\u00edn\"},\"previousItem\":{\"@type\":\"ListItem\",\"@id\":\"https:\\\/\\\/eldigitaldeasturias.com\\\/magazine365#listItem\",\"name\":\"Home\"}},{\"@type\":\"ListItem\",\"@id\":\"https:\\\/\\\/eldigitaldeasturias.com\\\/magazine365\\\/los-precios-de-apartamentos-turisticos-se-multiplican-por-cuatro-en-san-fermin\\\/#listItem\",\"position\":3,\"name\":\"Los precios de apartamentos tur\\u00edsticos se multiplican por cuatro en San Ferm\\u00edn\",\"previousItem\":{\"@type\":\"ListItem\",\"@id\":\"https:\\\/\\\/eldigitaldeasturias.com\\\/magazine365\\\/category\\\/actualidad-turismo\\\/#listItem\",\"name\":\"Actualidad Turismo\"}}]},{\"@type\":\"Organization\",\"@id\":\"https:\\\/\\\/eldigitaldeasturias.com\\\/magazine365\\\/#organization\",\"name\":\"El digital de Asturias\",\"description\":\"Revista de ocio, turismo y estilo de vida\",\"url\":\"https:\\\/\\\/eldigitaldeasturias.com\\\/magazine365\\\/\",\"logo\":{\"@type\":\"ImageObject\",\"url\":\"https:\\\/\\\/www.eldigitaldeasturias.com\\\/noticias\\\/wp-content\\\/uploads\\\/2020\\\/12\\\/EDA.jpg\",\"@id\":\"https:\\\/\\\/eldigitaldeasturias.com\\\/magazine365\\\/los-precios-de-apartamentos-turisticos-se-multiplican-por-cuatro-en-san-fermin\\\/#organizationLogo\"},\"image\":{\"@id\":\"https:\\\/\\\/eldigitaldeasturias.com\\\/magazine365\\\/los-precios-de-apartamentos-turisticos-se-multiplican-por-cuatro-en-san-fermin\\\/#organizationLogo\"}},{\"@type\":\"Person\",\"@id\":\"https:\\\/\\\/eldigitaldeasturias.com\\\/magazine365\\\/author\\\/admin\\\/#author\",\"url\":\"https:\\\/\\\/eldigitaldeasturias.com\\\/magazine365\\\/author\\\/admin\\\/\",\"name\":\"admin\",\"image\":{\"@type\":\"ImageObject\",\"@id\":\"https:\\\/\\\/eldigitaldeasturias.com\\\/magazine365\\\/los-precios-de-apartamentos-turisticos-se-multiplican-por-cuatro-en-san-fermin\\\/#authorImage\",\"url\":\"https:\\\/\\\/eldigitaldeasturias.com\\\/magazine365\\\/wp-content\\\/litespeed\\\/avatar\\\/e571bcf59a0edd6fa6838245a470f2fe.jpg?ver=1777574230\",\"width\":96,\"height\":96,\"caption\":\"admin\"}},{\"@type\":\"WebPage\",\"@id\":\"https:\\\/\\\/eldigitaldeasturias.com\\\/magazine365\\\/los-precios-de-apartamentos-turisticos-se-multiplican-por-cuatro-en-san-fermin\\\/#webpage\",\"url\":\"https:\\\/\\\/eldigitaldeasturias.com\\\/magazine365\\\/los-precios-de-apartamentos-turisticos-se-multiplican-por-cuatro-en-san-fermin\\\/\",\"name\":\"Los precios de apartamentos tur\\u00edsticos se multiplican por cuatro en San Ferm\\u00edn | El Digital de Asturias\",\"description\":\"Los precios de apartamentos tur\\u00edsticos en Pamplona se han cuadruplicado durante la semana de San Ferm\\u00edn, del 6 al 12 de julio, respecto a una semana normal del resto del mes, hasta alcanzar los 542 euros por noche para cuatro personas, seg\\u00fan informa la web Apartum este lunes. Por el contrario, los mismos alojamientos en\",\"inLanguage\":\"es-ES\",\"isPartOf\":{\"@id\":\"https:\\\/\\\/eldigitaldeasturias.com\\\/magazine365\\\/#website\"},\"breadcrumb\":{\"@id\":\"https:\\\/\\\/eldigitaldeasturias.com\\\/magazine365\\\/los-precios-de-apartamentos-turisticos-se-multiplican-por-cuatro-en-san-fermin\\\/#breadcrumblist\"},\"author\":{\"@id\":\"https:\\\/\\\/eldigitaldeasturias.com\\\/magazine365\\\/author\\\/admin\\\/#author\"},\"creator\":{\"@id\":\"https:\\\/\\\/eldigitaldeasturias.com\\\/magazine365\\\/author\\\/admin\\\/#author\"},\"image\":{\"@type\":\"ImageObject\",\"url\":\"https:\\\/\\\/eldigitaldeasturias.com\\\/magazine365\\\/wp-content\\\/uploads\\\/2015\\\/06\\\/fotonoticia_20150629105421_800.jpg\",\"@id\":\"https:\\\/\\\/eldigitaldeasturias.com\\\/magazine365\\\/los-precios-de-apartamentos-turisticos-se-multiplican-por-cuatro-en-san-fermin\\\/#mainImage\",\"width\":800,\"height\":598},\"primaryImageOfPage\":{\"@id\":\"https:\\\/\\\/eldigitaldeasturias.com\\\/magazine365\\\/los-precios-de-apartamentos-turisticos-se-multiplican-por-cuatro-en-san-fermin\\\/#mainImage\"},\"datePublished\":\"2015-06-30T07:11:10+02:00\",\"dateModified\":\"2015-06-30T07:11:10+02:00\"},{\"@type\":\"WebSite\",\"@id\":\"https:\\\/\\\/eldigitaldeasturias.com\\\/magazine365\\\/#website\",\"url\":\"https:\\\/\\\/eldigitaldeasturias.com\\\/magazine365\\\/\",\"name\":\"El Digital de Asturias\",\"description\":\"Revista de ocio, turismo y estilo de vida\",\"inLanguage\":\"es-ES\",\"publisher\":{\"@id\":\"https:\\\/\\\/eldigitaldeasturias.com\\\/magazine365\\\/#organization\"}}]}\n\t\t<\/script>\n\t\t<!-- All in One SEO Pro -->\r\n\t\t<title>Los precios de apartamentos tur\u00edsticos se multiplican por cuatro en San Ferm\u00edn | El Digital de Asturias<\/title>\n\n","aioseo_head_json":{"title":"Los precios de apartamentos tur\u00edsticos se multiplican por cuatro en San Ferm\u00edn | El Digital de Asturias","description":"Los precios de apartamentos tur\u00edsticos en Pamplona se han cuadruplicado durante la semana de San Ferm\u00edn, del 6 al 12 de julio, respecto a una semana normal del resto del mes, hasta alcanzar los 542 euros por noche para cuatro personas, seg\u00fan informa la web Apartum este lunes. Por el contrario, los mismos alojamientos en","canonical_url":"https:\/\/eldigitaldeasturias.com\/magazine365\/los-precios-de-apartamentos-turisticos-se-multiplican-por-cuatro-en-san-fermin\/","robots":"max-image-preview:large","keywords":"actualidad turismo","webmasterTools":{"google-site-verification":"UA-38556648-1","miscellaneous":""},"schema":{"@context":"https:\/\/schema.org","@graph":[{"@type":"Article","@id":"https:\/\/eldigitaldeasturias.com\/magazine365\/los-precios-de-apartamentos-turisticos-se-multiplican-por-cuatro-en-san-fermin\/#article","name":"Los precios de apartamentos tur\u00edsticos se multiplican por cuatro en San Ferm\u00edn | El Digital de Asturias","headline":"Los precios de apartamentos tur\u00edsticos se multiplican por cuatro en San Ferm\u00edn","author":{"@id":"https:\/\/eldigitaldeasturias.com\/magazine365\/author\/admin\/#author"},"publisher":{"@id":"https:\/\/eldigitaldeasturias.com\/magazine365\/#organization"},"image":{"@type":"ImageObject","url":"https:\/\/eldigitaldeasturias.com\/magazine365\/wp-content\/uploads\/2015\/06\/fotonoticia_20150629105421_800.jpg","width":800,"height":598},"datePublished":"2015-06-30T07:11:10+02:00","dateModified":"2015-06-30T07:11:10+02:00","inLanguage":"es-ES","mainEntityOfPage":{"@id":"https:\/\/eldigitaldeasturias.com\/magazine365\/los-precios-de-apartamentos-turisticos-se-multiplican-por-cuatro-en-san-fermin\/#webpage"},"isPartOf":{"@id":"https:\/\/eldigitaldeasturias.com\/magazine365\/los-precios-de-apartamentos-turisticos-se-multiplican-por-cuatro-en-san-fermin\/#webpage"},"articleSection":"Actualidad Turismo"},{"@type":"BreadcrumbList","@id":"https:\/\/eldigitaldeasturias.com\/magazine365\/los-precios-de-apartamentos-turisticos-se-multiplican-por-cuatro-en-san-fermin\/#breadcrumblist","itemListElement":[{"@type":"ListItem","@id":"https:\/\/eldigitaldeasturias.com\/magazine365#listItem","position":1,"name":"Home","item":"https:\/\/eldigitaldeasturias.com\/magazine365","nextItem":{"@type":"ListItem","@id":"https:\/\/eldigitaldeasturias.com\/magazine365\/category\/actualidad-turismo\/#listItem","name":"Actualidad Turismo"}},{"@type":"ListItem","@id":"https:\/\/eldigitaldeasturias.com\/magazine365\/category\/actualidad-turismo\/#listItem","position":2,"name":"Actualidad Turismo","item":"https:\/\/eldigitaldeasturias.com\/magazine365\/category\/actualidad-turismo\/","nextItem":{"@type":"ListItem","@id":"https:\/\/eldigitaldeasturias.com\/magazine365\/los-precios-de-apartamentos-turisticos-se-multiplican-por-cuatro-en-san-fermin\/#listItem","name":"Los precios de apartamentos tur\u00edsticos se multiplican por cuatro en San Ferm\u00edn"},"previousItem":{"@type":"ListItem","@id":"https:\/\/eldigitaldeasturias.com\/magazine365#listItem","name":"Home"}},{"@type":"ListItem","@id":"https:\/\/eldigitaldeasturias.com\/magazine365\/los-precios-de-apartamentos-turisticos-se-multiplican-por-cuatro-en-san-fermin\/#listItem","position":3,"name":"Los precios de apartamentos tur\u00edsticos se multiplican por cuatro en San Ferm\u00edn","previousItem":{"@type":"ListItem","@id":"https:\/\/eldigitaldeasturias.com\/magazine365\/category\/actualidad-turismo\/#listItem","name":"Actualidad Turismo"}}]},{"@type":"Organization","@id":"https:\/\/eldigitaldeasturias.com\/magazine365\/#organization","name":"El digital de Asturias","description":"Revista de ocio, turismo y estilo de vida","url":"https:\/\/eldigitaldeasturias.com\/magazine365\/","logo":{"@type":"ImageObject","url":"https:\/\/www.eldigitaldeasturias.com\/noticias\/wp-content\/uploads\/2020\/12\/EDA.jpg","@id":"https:\/\/eldigitaldeasturias.com\/magazine365\/los-precios-de-apartamentos-turisticos-se-multiplican-por-cuatro-en-san-fermin\/#organizationLogo"},"image":{"@id":"https:\/\/eldigitaldeasturias.com\/magazine365\/los-precios-de-apartamentos-turisticos-se-multiplican-por-cuatro-en-san-fermin\/#organizationLogo"}},{"@type":"Person","@id":"https:\/\/eldigitaldeasturias.com\/magazine365\/author\/admin\/#author","url":"https:\/\/eldigitaldeasturias.com\/magazine365\/author\/admin\/","name":"admin","image":{"@type":"ImageObject","@id":"https:\/\/eldigitaldeasturias.com\/magazine365\/los-precios-de-apartamentos-turisticos-se-multiplican-por-cuatro-en-san-fermin\/#authorImage","url":"https:\/\/eldigitaldeasturias.com\/magazine365\/wp-content\/litespeed\/avatar\/e571bcf59a0edd6fa6838245a470f2fe.jpg?ver=1777574230","width":96,"height":96,"caption":"admin"}},{"@type":"WebPage","@id":"https:\/\/eldigitaldeasturias.com\/magazine365\/los-precios-de-apartamentos-turisticos-se-multiplican-por-cuatro-en-san-fermin\/#webpage","url":"https:\/\/eldigitaldeasturias.com\/magazine365\/los-precios-de-apartamentos-turisticos-se-multiplican-por-cuatro-en-san-fermin\/","name":"Los precios de apartamentos tur\u00edsticos se multiplican por cuatro en San Ferm\u00edn | El Digital de Asturias","description":"Los precios de apartamentos tur\u00edsticos en Pamplona se han cuadruplicado durante la semana de San Ferm\u00edn, del 6 al 12 de julio, respecto a una semana normal del resto del mes, hasta alcanzar los 542 euros por noche para cuatro personas, seg\u00fan informa la web Apartum este lunes. Por el contrario, los mismos alojamientos en","inLanguage":"es-ES","isPartOf":{"@id":"https:\/\/eldigitaldeasturias.com\/magazine365\/#website"},"breadcrumb":{"@id":"https:\/\/eldigitaldeasturias.com\/magazine365\/los-precios-de-apartamentos-turisticos-se-multiplican-por-cuatro-en-san-fermin\/#breadcrumblist"},"author":{"@id":"https:\/\/eldigitaldeasturias.com\/magazine365\/author\/admin\/#author"},"creator":{"@id":"https:\/\/eldigitaldeasturias.com\/magazine365\/author\/admin\/#author"},"image":{"@type":"ImageObject","url":"https:\/\/eldigitaldeasturias.com\/magazine365\/wp-content\/uploads\/2015\/06\/fotonoticia_20150629105421_800.jpg","@id":"https:\/\/eldigitaldeasturias.com\/magazine365\/los-precios-de-apartamentos-turisticos-se-multiplican-por-cuatro-en-san-fermin\/#mainImage","width":800,"height":598},"primaryImageOfPage":{"@id":"https:\/\/eldigitaldeasturias.com\/magazine365\/los-precios-de-apartamentos-turisticos-se-multiplican-por-cuatro-en-san-fermin\/#mainImage"},"datePublished":"2015-06-30T07:11:10+02:00","dateModified":"2015-06-30T07:11:10+02:00"},{"@type":"WebSite","@id":"https:\/\/eldigitaldeasturias.com\/magazine365\/#website","url":"https:\/\/eldigitaldeasturias.com\/magazine365\/","name":"El Digital de Asturias","description":"Revista de ocio, turismo y estilo de vida","inLanguage":"es-ES","publisher":{"@id":"https:\/\/eldigitaldeasturias.com\/magazine365\/#organization"}}]},"og:locale":"es_ES","og:site_name":"El Digital de Asturias \u2013 Revista de ocio, turismo y estilo de vida","og:type":"article","og:title":"Los precios de apartamentos tur\u00edsticos se multiplican por cuatro en San Ferm\u00edn | El Digital de Asturias","og:description":"Los precios de apartamentos tur\u00edsticos en Pamplona se han cuadruplicado durante la semana de San Ferm\u00edn, del 6 al 12 de julio, respecto a una semana normal del resto del mes, hasta alcanzar los 542 euros por noche para cuatro personas, seg\u00fan informa la web Apartum este lunes. Por el contrario, los mismos alojamientos en","og:url":"https:\/\/eldigitaldeasturias.com\/magazine365\/los-precios-de-apartamentos-turisticos-se-multiplican-por-cuatro-en-san-fermin\/","og:image":"https:\/\/eldigitaldeasturias.com\/magazine365\/wp-content\/uploads\/2015\/06\/fotonoticia_20150629105421_800.jpg","og:image:secure_url":"https:\/\/eldigitaldeasturias.com\/magazine365\/wp-content\/uploads\/2015\/06\/fotonoticia_20150629105421_800.jpg","og:image:width":800,"og:image:height":598,"article:published_time":"2015-06-30T05:41:10+00:00","article:modified_time":"2015-06-30T05:41:10+00:00","twitter:card":"summary_large_image","twitter:title":"Los precios de apartamentos tur\u00edsticos se multiplican por cuatro en San Ferm\u00edn | El Digital de Asturias","twitter:description":"Los precios de apartamentos tur\u00edsticos en Pamplona se han cuadruplicado durante la semana de San Ferm\u00edn, del 6 al 12 de julio, respecto a una semana normal del resto del mes, hasta alcanzar los 542 euros por noche para cuatro personas, seg\u00fan informa la web Apartum este lunes. Por el contrario, los mismos alojamientos en","twitter:image":"https:\/\/eldigitaldeasturias.com\/magazine365\/wp-content\/uploads\/2015\/06\/fotonoticia_20150629105421_800.jpg"},"aioseo_meta_data":{"post_id":"41233","title":null,"description":null,"keywords":null,"keyphrases":null,"primary_term":null,"canonical_url":null,"og_title":null,"og_description":null,"og_object_type":"default","og_image_type":"default","og_image_url":null,"og_image_width":null,"og_image_height":null,"og_image_custom_url":null,"og_image_custom_fields":null,"og_video":null,"og_custom_url":null,"og_article_section":null,"og_article_tags":null,"twitter_use_og":false,"twitter_card":"default","twitter_image_type":"default","twitter_image_url":null,"twitter_image_custom_url":null,"twitter_image_custom_fields":null,"twitter_title":null,"twitter_description":null,"schema":{"blockGraphs":[],"customGraphs":[],"default":{"data":{"Article":[],"Course":[],"Dataset":[],"FAQPage":[],"Movie":[],"Person":[],"Product":[],"ProductReview":[],"Car":[],"Recipe":[],"Service":[],"SoftwareApplication":[],"WebPage":[]},"graphName":"","isEnabled":true},"graphs":[],"defaultGraph":"","defaultPostTypeGraph":""},"schema_type":null,"schema_type_options":null,"pillar_content":false,"robots_default":true,"robots_noindex":false,"robots_noarchive":false,"robots_nosnippet":false,"robots_nofollow":false,"robots_noimageindex":false,"robots_noodp":false,"robots_notranslate":false,"robots_max_snippet":null,"robots_max_videopreview":null,"robots_max_imagepreview":"large","priority":null,"frequency":null,"location":null,"local_seo":null,"seo_analyzer_scan_date":"2025-09-19 15:16:20","breadcrumb_settings":null,"limit_modified_date":false,"open_ai":null,"ai":null,"created":"2021-03-09 02:17:41","updated":"2025-09-19 15:16:20"},"aioseo_breadcrumb":"<div class=\"aioseo-breadcrumbs\"><span class=\"aioseo-breadcrumb\">\n\t<a href=\"https:\/\/eldigitaldeasturias.com\/magazine365\" title=\"Home\">Home<\/a>\n<\/span><span class=\"aioseo-breadcrumb-separator\">\u2013<\/span><span class=\"aioseo-breadcrumb\">\n\t<a href=\"https:\/\/eldigitaldeasturias.com\/magazine365\/category\/actualidad-turismo\/\" title=\"Actualidad Turismo\">Actualidad Turismo<\/a>\n<\/span><span class=\"aioseo-breadcrumb-separator\">\u2013<\/span><span class=\"aioseo-breadcrumb\">\n\t<a href=\"https:\/\/eldigitaldeasturias.com\/magazine365\/los-precios-de-apartamentos-turisticos-se-multiplican-por-cuatro-en-san-fermin\/\" title=\"Los precios de apartamentos tur\u00edsticos se multiplican por cuatro en San Ferm\u00edn\">Los precios de apartamentos tur\u00edsticos se multiplican por cuatro en San Ferm\u00edn<\/a>\n<\/span><\/div>","aioseo_breadcrumb_json":[{"label":"Home","link":"https:\/\/eldigitaldeasturias.com\/magazine365"},{"label":"Actualidad Turismo","link":"https:\/\/eldigitaldeasturias.com\/magazine365\/category\/actualidad-turismo\/"},{"label":"Los precios de apartamentos tur\u00edsticos se multiplican por cuatro en San Ferm\u00edn","link":"https:\/\/eldigitaldeasturias.com\/magazine365\/los-precios-de-apartamentos-turisticos-se-multiplican-por-cuatro-en-san-fermin\/"}],"_links":{"self":[{"href":"https:\/\/eldigitaldeasturias.com\/magazine365\/wp-json\/wp\/v2\/posts\/41233","targetHints":{"allow":["GET"]}}],"collection":[{"href":"https:\/\/eldigitaldeasturias.com\/magazine365\/wp-json\/wp\/v2\/posts"}],"about":[{"href":"https:\/\/eldigitaldeasturias.com\/magazine365\/wp-json\/wp\/v2\/types\/post"}],"author":[{"embeddable":true,"href":"https:\/\/eldigitaldeasturias.com\/magazine365\/wp-json\/wp\/v2\/users\/1"}],"replies":[{"embeddable":true,"href":"https:\/\/eldigitaldeasturias.com\/magazine365\/wp-json\/wp\/v2\/comments?post=41233"}],"version-history":[{"count":0,"href":"https:\/\/eldigitaldeasturias.com\/magazine365\/wp-json\/wp\/v2\/posts\/41233\/revisions"}],"wp:featuredmedia":[{"embeddable":true,"href":"https:\/\/eldigitaldeasturias.com\/magazine365\/wp-json\/wp\/v2\/media\/41234"}],"wp:attachment":[{"href":"https:\/\/eldigitaldeasturias.com\/magazine365\/wp-json\/wp\/v2\/media?parent=41233"}],"wp:term":[{"taxonomy":"category","embeddable":true,"href":"https:\/\/eldigitaldeasturias.com\/magazine365\/wp-json\/wp\/v2\/categories?post=41233"},{"taxonomy":"post_tag","embeddable":true,"href":"https:\/\/eldigitaldeasturias.com\/magazine365\/wp-json\/wp\/v2\/tags?post=41233"}],"curies":[{"name":"wp","href":"https:\/\/api.w.org\/{rel}","templated":true}]}}