{"id":41230,"date":"2015-06-30T07:06:34","date_gmt":"2015-06-30T05:36:34","guid":{"rendered":"http:\/\/eldigitaldeasturias.com\/magazine365\/?p=41230"},"modified":"2015-06-30T07:06:34","modified_gmt":"2015-06-30T05:36:34","slug":"guindos-tranquiliza-a-los-espanoles-que-quieran-pasar-sus-vacaciones-en-grecia","status":"publish","type":"post","link":"https:\/\/eldigitaldeasturias.com\/magazine365\/guindos-tranquiliza-a-los-espanoles-que-quieran-pasar-sus-vacaciones-en-grecia\/","title":{"rendered":"Guindos tranquiliza a los espa\u00f1oles que quieran pasar sus vacaciones en Grecia"},"content":{"rendered":"<p><img fetchpriority=\"high\" decoding=\"async\" class=\"alignleft size-medium wp-image-41231\" src=\"https:\/\/eldigitaldeasturias.com\/magazine365\/wp-content\/uploads\/2015\/06\/fotonoticia_20150629102322_800-360x240.jpg\" alt=\"fotonoticia_20150629102322_800\" width=\"360\" height=\"240\" srcset=\"https:\/\/eldigitaldeasturias.com\/magazine365\/wp-content\/uploads\/2015\/06\/fotonoticia_20150629102322_800-360x240.jpg 360w, https:\/\/eldigitaldeasturias.com\/magazine365\/wp-content\/uploads\/2015\/06\/fotonoticia_20150629102322_800-650x433.jpg 650w, https:\/\/eldigitaldeasturias.com\/magazine365\/wp-content\/uploads\/2015\/06\/fotonoticia_20150629102322_800-768x512.jpg 768w, https:\/\/eldigitaldeasturias.com\/magazine365\/wp-content\/uploads\/2015\/06\/fotonoticia_20150629102322_800-150x100.jpg 150w, https:\/\/eldigitaldeasturias.com\/magazine365\/wp-content\/uploads\/2015\/06\/fotonoticia_20150629102322_800-450x300.jpg 450w, https:\/\/eldigitaldeasturias.com\/magazine365\/wp-content\/uploads\/2015\/06\/fotonoticia_20150629102322_800-696x464.jpg 696w, https:\/\/eldigitaldeasturias.com\/magazine365\/wp-content\/uploads\/2015\/06\/fotonoticia_20150629102322_800-630x420.jpg 630w, https:\/\/eldigitaldeasturias.com\/magazine365\/wp-content\/uploads\/2015\/06\/fotonoticia_20150629102322_800-84x55.jpg 84w, https:\/\/eldigitaldeasturias.com\/magazine365\/wp-content\/uploads\/2015\/06\/fotonoticia_20150629102322_800.jpg 800w\" sizes=\"(max-width: 360px) 100vw, 360px\" \/>El ministro de Econom\u00eda y Competitividad, Luis de Guindos, ha tranquilizado este jueve a los espa\u00f1oles que quieran pasar sus vacaciones en Grecia, asegurando que no hay problema alguno para que vayan.<\/p>\n<p>El titular de Econom\u00eda ha afirmado que no descarta que se pueda alcanzar un acuerdo en Grecia antes de la medianoche del martes, cuando vende el segundo programa para el pa\u00eds.<\/p>\n<p>\u00abYo espero que la racionalidad y el sentido com\u00fan vuelvan y podamos reconducir la situaci\u00f3n en las pr\u00f3ximas 48 horas\u00bb, ha dicho el ministro en declaraciones a RNE recogidas por Europa Press. \u00abLo fundamental es el acuerdo, es lo mejor para todos, pero sobre todo Grecia\u00bb, ha apuntado el titular de Econom\u00eda.<\/p>\n<p>MEDIDAS EXTRAORDINARIAS.<\/p>\n<p>El ministro se ha mostrado convencido de que Grecia seguir\u00e1 en el euro y ha insistido en que todav\u00eda queda tiempo para el acuerdo. \u00abEl segundo programa de Grecia vence a finales del martes, quedan casi 48 horas y pueda haber acuerdo. Estoy convencido de que se est\u00e1 negociando\u00bb, ha subrayado.<\/p>\n<p>Guindos ha dejado claro que la situaci\u00f3n griega es muy distinta de la espa\u00f1ola y que las buenas condiciones de Espa\u00f1a, que est\u00e1 creciendo casi al 4%, con bancos saneados y un menor d\u00e9ficit al existente hace tres a\u00f1os, es el mejor plan de contingencia frente al posible contagio griego.<\/p>\n<p>El ministro ha se\u00f1alado adem\u00e1s que dar \u00abvacaciones\u00bb a los bancos, como se ha hecho en Grecia, e imponer restricciones a la retirada de efectivo en los cajeros son medidas extraordinarias, pero que no pueden permanecer en el tiempo. \u00abUn sistema bancario no puede permanecer cerrado mucho tiempo porque es la columna vertebral de una econom\u00eda\u00bb, ha precisado.<\/p>\n","protected":false},"excerpt":{"rendered":"<p>El ministro de Econom\u00eda y Competitividad, Luis de Guindos, ha tranquilizado este jueve a los espa\u00f1oles que quieran pasar sus vacaciones en Grecia, asegurando que no hay problema alguno para que vayan. El titular de Econom\u00eda ha afirmado que no descarta que se pueda alcanzar un acuerdo en Grecia antes de la medianoche del martes,<\/p>\n","protected":false},"author":1,"featured_media":41231,"comment_status":"open","ping_status":"closed","sticky":false,"template":"","format":"standard","meta":{"footnotes":""},"categories":[222],"tags":[],"class_list":{"0":"post-41230","1":"post","2":"type-post","3":"status-publish","4":"format-standard","5":"has-post-thumbnail","7":"category-actualidad-turismo"},"aioseo_notices":[],"aioseo_head":"\n\t\t<!-- All in One SEO Pro 4.9.6.1 - aioseo.com -->\n\t<meta name=\"description\" content=\"El ministro de Econom\u00eda y Competitividad, Luis de Guindos, ha tranquilizado este jueve a los espa\u00f1oles que quieran pasar sus vacaciones en Grecia, asegurando que no hay problema alguno para que vayan. El titular de Econom\u00eda ha afirmado que no descarta que se pueda alcanzar un acuerdo en Grecia antes de la medianoche del martes,\" \/>\n\t<meta name=\"robots\" content=\"max-image-preview:large\" \/>\n\t<meta name=\"author\" content=\"admin\"\/>\n\t<meta name=\"google-site-verification\" content=\"UA-38556648-1\" \/>\n\t<meta name=\"keywords\" content=\"actualidad turismo\" \/>\n\t<link rel=\"canonical\" href=\"https:\/\/eldigitaldeasturias.com\/magazine365\/guindos-tranquiliza-a-los-espanoles-que-quieran-pasar-sus-vacaciones-en-grecia\/\" \/>\n\t<meta name=\"generator\" content=\"All in One SEO Pro (AIOSEO) 4.9.6.1\" \/>\n\t\t<meta property=\"og:locale\" content=\"es_ES\" \/>\n\t\t<meta property=\"og:site_name\" content=\"El Digital de Asturias \u2013 Revista de ocio, turismo y estilo de vida\" \/>\n\t\t<meta property=\"og:type\" content=\"article\" \/>\n\t\t<meta property=\"og:title\" content=\"Guindos tranquiliza a los espa\u00f1oles que quieran pasar sus vacaciones en Grecia | El Digital de Asturias\" \/>\n\t\t<meta property=\"og:description\" content=\"El ministro de Econom\u00eda y Competitividad, Luis de Guindos, ha tranquilizado este jueve a los espa\u00f1oles que quieran pasar sus vacaciones en Grecia, asegurando que no hay problema alguno para que vayan. El titular de Econom\u00eda ha afirmado que no descarta que se pueda alcanzar un acuerdo en Grecia antes de la medianoche del martes,\" \/>\n\t\t<meta property=\"og:url\" content=\"https:\/\/eldigitaldeasturias.com\/magazine365\/guindos-tranquiliza-a-los-espanoles-que-quieran-pasar-sus-vacaciones-en-grecia\/\" \/>\n\t\t<meta property=\"og:image\" content=\"https:\/\/eldigitaldeasturias.com\/magazine365\/wp-content\/uploads\/2015\/06\/fotonoticia_20150629102322_800.jpg\" \/>\n\t\t<meta property=\"og:image:secure_url\" content=\"https:\/\/eldigitaldeasturias.com\/magazine365\/wp-content\/uploads\/2015\/06\/fotonoticia_20150629102322_800.jpg\" \/>\n\t\t<meta property=\"og:image:width\" content=\"800\" \/>\n\t\t<meta property=\"og:image:height\" content=\"533\" \/>\n\t\t<meta property=\"article:published_time\" content=\"2015-06-30T05:36:34+00:00\" \/>\n\t\t<meta property=\"article:modified_time\" content=\"2015-06-30T05:36:34+00:00\" \/>\n\t\t<meta name=\"twitter:card\" content=\"summary_large_image\" \/>\n\t\t<meta name=\"twitter:title\" content=\"Guindos tranquiliza a los espa\u00f1oles que quieran pasar sus vacaciones en Grecia | El Digital de Asturias\" \/>\n\t\t<meta name=\"twitter:description\" content=\"El ministro de Econom\u00eda y Competitividad, Luis de Guindos, ha tranquilizado este jueve a los espa\u00f1oles que quieran pasar sus vacaciones en Grecia, asegurando que no hay problema alguno para que vayan. El titular de Econom\u00eda ha afirmado que no descarta que se pueda alcanzar un acuerdo en Grecia antes de la medianoche del martes,\" \/>\n\t\t<meta name=\"twitter:image\" content=\"https:\/\/eldigitaldeasturias.com\/magazine365\/wp-content\/uploads\/2015\/06\/fotonoticia_20150629102322_800.jpg\" \/>\n\t\t<script type=\"application\/ld+json\" class=\"aioseo-schema\">\n\t\t\t{\"@context\":\"https:\\\/\\\/schema.org\",\"@graph\":[{\"@type\":\"Article\",\"@id\":\"https:\\\/\\\/eldigitaldeasturias.com\\\/magazine365\\\/guindos-tranquiliza-a-los-espanoles-que-quieran-pasar-sus-vacaciones-en-grecia\\\/#article\",\"name\":\"Guindos tranquiliza a los espa\\u00f1oles que quieran pasar sus vacaciones en Grecia | El Digital de Asturias\",\"headline\":\"Guindos tranquiliza a los espa\\u00f1oles que quieran pasar sus vacaciones en Grecia\",\"author\":{\"@id\":\"https:\\\/\\\/eldigitaldeasturias.com\\\/magazine365\\\/author\\\/admin\\\/#author\"},\"publisher\":{\"@id\":\"https:\\\/\\\/eldigitaldeasturias.com\\\/magazine365\\\/#organization\"},\"image\":{\"@type\":\"ImageObject\",\"url\":\"https:\\\/\\\/eldigitaldeasturias.com\\\/magazine365\\\/wp-content\\\/uploads\\\/2015\\\/06\\\/fotonoticia_20150629102322_800.jpg\",\"width\":800,\"height\":533},\"datePublished\":\"2015-06-30T07:06:34+02:00\",\"dateModified\":\"2015-06-30T07:06:34+02:00\",\"inLanguage\":\"es-ES\",\"mainEntityOfPage\":{\"@id\":\"https:\\\/\\\/eldigitaldeasturias.com\\\/magazine365\\\/guindos-tranquiliza-a-los-espanoles-que-quieran-pasar-sus-vacaciones-en-grecia\\\/#webpage\"},\"isPartOf\":{\"@id\":\"https:\\\/\\\/eldigitaldeasturias.com\\\/magazine365\\\/guindos-tranquiliza-a-los-espanoles-que-quieran-pasar-sus-vacaciones-en-grecia\\\/#webpage\"},\"articleSection\":\"Actualidad Turismo\"},{\"@type\":\"BreadcrumbList\",\"@id\":\"https:\\\/\\\/eldigitaldeasturias.com\\\/magazine365\\\/guindos-tranquiliza-a-los-espanoles-que-quieran-pasar-sus-vacaciones-en-grecia\\\/#breadcrumblist\",\"itemListElement\":[{\"@type\":\"ListItem\",\"@id\":\"https:\\\/\\\/eldigitaldeasturias.com\\\/magazine365#listItem\",\"position\":1,\"name\":\"Home\",\"item\":\"https:\\\/\\\/eldigitaldeasturias.com\\\/magazine365\",\"nextItem\":{\"@type\":\"ListItem\",\"@id\":\"https:\\\/\\\/eldigitaldeasturias.com\\\/magazine365\\\/category\\\/actualidad-turismo\\\/#listItem\",\"name\":\"Actualidad Turismo\"}},{\"@type\":\"ListItem\",\"@id\":\"https:\\\/\\\/eldigitaldeasturias.com\\\/magazine365\\\/category\\\/actualidad-turismo\\\/#listItem\",\"position\":2,\"name\":\"Actualidad Turismo\",\"item\":\"https:\\\/\\\/eldigitaldeasturias.com\\\/magazine365\\\/category\\\/actualidad-turismo\\\/\",\"nextItem\":{\"@type\":\"ListItem\",\"@id\":\"https:\\\/\\\/eldigitaldeasturias.com\\\/magazine365\\\/guindos-tranquiliza-a-los-espanoles-que-quieran-pasar-sus-vacaciones-en-grecia\\\/#listItem\",\"name\":\"Guindos tranquiliza a los espa\\u00f1oles que quieran pasar sus vacaciones en Grecia\"},\"previousItem\":{\"@type\":\"ListItem\",\"@id\":\"https:\\\/\\\/eldigitaldeasturias.com\\\/magazine365#listItem\",\"name\":\"Home\"}},{\"@type\":\"ListItem\",\"@id\":\"https:\\\/\\\/eldigitaldeasturias.com\\\/magazine365\\\/guindos-tranquiliza-a-los-espanoles-que-quieran-pasar-sus-vacaciones-en-grecia\\\/#listItem\",\"position\":3,\"name\":\"Guindos tranquiliza a los espa\\u00f1oles que quieran pasar sus vacaciones en Grecia\",\"previousItem\":{\"@type\":\"ListItem\",\"@id\":\"https:\\\/\\\/eldigitaldeasturias.com\\\/magazine365\\\/category\\\/actualidad-turismo\\\/#listItem\",\"name\":\"Actualidad Turismo\"}}]},{\"@type\":\"Organization\",\"@id\":\"https:\\\/\\\/eldigitaldeasturias.com\\\/magazine365\\\/#organization\",\"name\":\"El digital de Asturias\",\"description\":\"Revista de ocio, turismo y estilo de vida\",\"url\":\"https:\\\/\\\/eldigitaldeasturias.com\\\/magazine365\\\/\",\"logo\":{\"@type\":\"ImageObject\",\"url\":\"https:\\\/\\\/www.eldigitaldeasturias.com\\\/noticias\\\/wp-content\\\/uploads\\\/2020\\\/12\\\/EDA.jpg\",\"@id\":\"https:\\\/\\\/eldigitaldeasturias.com\\\/magazine365\\\/guindos-tranquiliza-a-los-espanoles-que-quieran-pasar-sus-vacaciones-en-grecia\\\/#organizationLogo\"},\"image\":{\"@id\":\"https:\\\/\\\/eldigitaldeasturias.com\\\/magazine365\\\/guindos-tranquiliza-a-los-espanoles-que-quieran-pasar-sus-vacaciones-en-grecia\\\/#organizationLogo\"}},{\"@type\":\"Person\",\"@id\":\"https:\\\/\\\/eldigitaldeasturias.com\\\/magazine365\\\/author\\\/admin\\\/#author\",\"url\":\"https:\\\/\\\/eldigitaldeasturias.com\\\/magazine365\\\/author\\\/admin\\\/\",\"name\":\"admin\",\"image\":{\"@type\":\"ImageObject\",\"@id\":\"https:\\\/\\\/eldigitaldeasturias.com\\\/magazine365\\\/guindos-tranquiliza-a-los-espanoles-que-quieran-pasar-sus-vacaciones-en-grecia\\\/#authorImage\",\"url\":\"https:\\\/\\\/eldigitaldeasturias.com\\\/magazine365\\\/wp-content\\\/litespeed\\\/avatar\\\/e571bcf59a0edd6fa6838245a470f2fe.jpg?ver=1777574230\",\"width\":96,\"height\":96,\"caption\":\"admin\"}},{\"@type\":\"WebPage\",\"@id\":\"https:\\\/\\\/eldigitaldeasturias.com\\\/magazine365\\\/guindos-tranquiliza-a-los-espanoles-que-quieran-pasar-sus-vacaciones-en-grecia\\\/#webpage\",\"url\":\"https:\\\/\\\/eldigitaldeasturias.com\\\/magazine365\\\/guindos-tranquiliza-a-los-espanoles-que-quieran-pasar-sus-vacaciones-en-grecia\\\/\",\"name\":\"Guindos tranquiliza a los espa\\u00f1oles que quieran pasar sus vacaciones en Grecia | El Digital de Asturias\",\"description\":\"El ministro de Econom\\u00eda y Competitividad, Luis de Guindos, ha tranquilizado este jueve a los espa\\u00f1oles que quieran pasar sus vacaciones en Grecia, asegurando que no hay problema alguno para que vayan. El titular de Econom\\u00eda ha afirmado que no descarta que se pueda alcanzar un acuerdo en Grecia antes de la medianoche del martes,\",\"inLanguage\":\"es-ES\",\"isPartOf\":{\"@id\":\"https:\\\/\\\/eldigitaldeasturias.com\\\/magazine365\\\/#website\"},\"breadcrumb\":{\"@id\":\"https:\\\/\\\/eldigitaldeasturias.com\\\/magazine365\\\/guindos-tranquiliza-a-los-espanoles-que-quieran-pasar-sus-vacaciones-en-grecia\\\/#breadcrumblist\"},\"author\":{\"@id\":\"https:\\\/\\\/eldigitaldeasturias.com\\\/magazine365\\\/author\\\/admin\\\/#author\"},\"creator\":{\"@id\":\"https:\\\/\\\/eldigitaldeasturias.com\\\/magazine365\\\/author\\\/admin\\\/#author\"},\"image\":{\"@type\":\"ImageObject\",\"url\":\"https:\\\/\\\/eldigitaldeasturias.com\\\/magazine365\\\/wp-content\\\/uploads\\\/2015\\\/06\\\/fotonoticia_20150629102322_800.jpg\",\"@id\":\"https:\\\/\\\/eldigitaldeasturias.com\\\/magazine365\\\/guindos-tranquiliza-a-los-espanoles-que-quieran-pasar-sus-vacaciones-en-grecia\\\/#mainImage\",\"width\":800,\"height\":533},\"primaryImageOfPage\":{\"@id\":\"https:\\\/\\\/eldigitaldeasturias.com\\\/magazine365\\\/guindos-tranquiliza-a-los-espanoles-que-quieran-pasar-sus-vacaciones-en-grecia\\\/#mainImage\"},\"datePublished\":\"2015-06-30T07:06:34+02:00\",\"dateModified\":\"2015-06-30T07:06:34+02:00\"},{\"@type\":\"WebSite\",\"@id\":\"https:\\\/\\\/eldigitaldeasturias.com\\\/magazine365\\\/#website\",\"url\":\"https:\\\/\\\/eldigitaldeasturias.com\\\/magazine365\\\/\",\"name\":\"El Digital de Asturias\",\"description\":\"Revista de ocio, turismo y estilo de vida\",\"inLanguage\":\"es-ES\",\"publisher\":{\"@id\":\"https:\\\/\\\/eldigitaldeasturias.com\\\/magazine365\\\/#organization\"}}]}\n\t\t<\/script>\n\t\t<!-- All in One SEO Pro -->\r\n\t\t<title>Guindos tranquiliza a los espa\u00f1oles que quieran pasar sus vacaciones en Grecia | El Digital de Asturias<\/title>\n\n","aioseo_head_json":{"title":"Guindos tranquiliza a los espa\u00f1oles que quieran pasar sus vacaciones en Grecia | El Digital de Asturias","description":"El ministro de Econom\u00eda y Competitividad, Luis de Guindos, ha tranquilizado este jueve a los espa\u00f1oles que quieran pasar sus vacaciones en Grecia, asegurando que no hay problema alguno para que vayan. El titular de Econom\u00eda ha afirmado que no descarta que se pueda alcanzar un acuerdo en Grecia antes de la medianoche del martes,","canonical_url":"https:\/\/eldigitaldeasturias.com\/magazine365\/guindos-tranquiliza-a-los-espanoles-que-quieran-pasar-sus-vacaciones-en-grecia\/","robots":"max-image-preview:large","keywords":"actualidad turismo","webmasterTools":{"google-site-verification":"UA-38556648-1","miscellaneous":""},"schema":{"@context":"https:\/\/schema.org","@graph":[{"@type":"Article","@id":"https:\/\/eldigitaldeasturias.com\/magazine365\/guindos-tranquiliza-a-los-espanoles-que-quieran-pasar-sus-vacaciones-en-grecia\/#article","name":"Guindos tranquiliza a los espa\u00f1oles que quieran pasar sus vacaciones en Grecia | El Digital de Asturias","headline":"Guindos tranquiliza a los espa\u00f1oles que quieran pasar sus vacaciones en Grecia","author":{"@id":"https:\/\/eldigitaldeasturias.com\/magazine365\/author\/admin\/#author"},"publisher":{"@id":"https:\/\/eldigitaldeasturias.com\/magazine365\/#organization"},"image":{"@type":"ImageObject","url":"https:\/\/eldigitaldeasturias.com\/magazine365\/wp-content\/uploads\/2015\/06\/fotonoticia_20150629102322_800.jpg","width":800,"height":533},"datePublished":"2015-06-30T07:06:34+02:00","dateModified":"2015-06-30T07:06:34+02:00","inLanguage":"es-ES","mainEntityOfPage":{"@id":"https:\/\/eldigitaldeasturias.com\/magazine365\/guindos-tranquiliza-a-los-espanoles-que-quieran-pasar-sus-vacaciones-en-grecia\/#webpage"},"isPartOf":{"@id":"https:\/\/eldigitaldeasturias.com\/magazine365\/guindos-tranquiliza-a-los-espanoles-que-quieran-pasar-sus-vacaciones-en-grecia\/#webpage"},"articleSection":"Actualidad Turismo"},{"@type":"BreadcrumbList","@id":"https:\/\/eldigitaldeasturias.com\/magazine365\/guindos-tranquiliza-a-los-espanoles-que-quieran-pasar-sus-vacaciones-en-grecia\/#breadcrumblist","itemListElement":[{"@type":"ListItem","@id":"https:\/\/eldigitaldeasturias.com\/magazine365#listItem","position":1,"name":"Home","item":"https:\/\/eldigitaldeasturias.com\/magazine365","nextItem":{"@type":"ListItem","@id":"https:\/\/eldigitaldeasturias.com\/magazine365\/category\/actualidad-turismo\/#listItem","name":"Actualidad Turismo"}},{"@type":"ListItem","@id":"https:\/\/eldigitaldeasturias.com\/magazine365\/category\/actualidad-turismo\/#listItem","position":2,"name":"Actualidad Turismo","item":"https:\/\/eldigitaldeasturias.com\/magazine365\/category\/actualidad-turismo\/","nextItem":{"@type":"ListItem","@id":"https:\/\/eldigitaldeasturias.com\/magazine365\/guindos-tranquiliza-a-los-espanoles-que-quieran-pasar-sus-vacaciones-en-grecia\/#listItem","name":"Guindos tranquiliza a los espa\u00f1oles que quieran pasar sus vacaciones en Grecia"},"previousItem":{"@type":"ListItem","@id":"https:\/\/eldigitaldeasturias.com\/magazine365#listItem","name":"Home"}},{"@type":"ListItem","@id":"https:\/\/eldigitaldeasturias.com\/magazine365\/guindos-tranquiliza-a-los-espanoles-que-quieran-pasar-sus-vacaciones-en-grecia\/#listItem","position":3,"name":"Guindos tranquiliza a los espa\u00f1oles que quieran pasar sus vacaciones en Grecia","previousItem":{"@type":"ListItem","@id":"https:\/\/eldigitaldeasturias.com\/magazine365\/category\/actualidad-turismo\/#listItem","name":"Actualidad Turismo"}}]},{"@type":"Organization","@id":"https:\/\/eldigitaldeasturias.com\/magazine365\/#organization","name":"El digital de Asturias","description":"Revista de ocio, turismo y estilo de vida","url":"https:\/\/eldigitaldeasturias.com\/magazine365\/","logo":{"@type":"ImageObject","url":"https:\/\/www.eldigitaldeasturias.com\/noticias\/wp-content\/uploads\/2020\/12\/EDA.jpg","@id":"https:\/\/eldigitaldeasturias.com\/magazine365\/guindos-tranquiliza-a-los-espanoles-que-quieran-pasar-sus-vacaciones-en-grecia\/#organizationLogo"},"image":{"@id":"https:\/\/eldigitaldeasturias.com\/magazine365\/guindos-tranquiliza-a-los-espanoles-que-quieran-pasar-sus-vacaciones-en-grecia\/#organizationLogo"}},{"@type":"Person","@id":"https:\/\/eldigitaldeasturias.com\/magazine365\/author\/admin\/#author","url":"https:\/\/eldigitaldeasturias.com\/magazine365\/author\/admin\/","name":"admin","image":{"@type":"ImageObject","@id":"https:\/\/eldigitaldeasturias.com\/magazine365\/guindos-tranquiliza-a-los-espanoles-que-quieran-pasar-sus-vacaciones-en-grecia\/#authorImage","url":"https:\/\/eldigitaldeasturias.com\/magazine365\/wp-content\/litespeed\/avatar\/e571bcf59a0edd6fa6838245a470f2fe.jpg?ver=1777574230","width":96,"height":96,"caption":"admin"}},{"@type":"WebPage","@id":"https:\/\/eldigitaldeasturias.com\/magazine365\/guindos-tranquiliza-a-los-espanoles-que-quieran-pasar-sus-vacaciones-en-grecia\/#webpage","url":"https:\/\/eldigitaldeasturias.com\/magazine365\/guindos-tranquiliza-a-los-espanoles-que-quieran-pasar-sus-vacaciones-en-grecia\/","name":"Guindos tranquiliza a los espa\u00f1oles que quieran pasar sus vacaciones en Grecia | El Digital de Asturias","description":"El ministro de Econom\u00eda y Competitividad, Luis de Guindos, ha tranquilizado este jueve a los espa\u00f1oles que quieran pasar sus vacaciones en Grecia, asegurando que no hay problema alguno para que vayan. El titular de Econom\u00eda ha afirmado que no descarta que se pueda alcanzar un acuerdo en Grecia antes de la medianoche del martes,","inLanguage":"es-ES","isPartOf":{"@id":"https:\/\/eldigitaldeasturias.com\/magazine365\/#website"},"breadcrumb":{"@id":"https:\/\/eldigitaldeasturias.com\/magazine365\/guindos-tranquiliza-a-los-espanoles-que-quieran-pasar-sus-vacaciones-en-grecia\/#breadcrumblist"},"author":{"@id":"https:\/\/eldigitaldeasturias.com\/magazine365\/author\/admin\/#author"},"creator":{"@id":"https:\/\/eldigitaldeasturias.com\/magazine365\/author\/admin\/#author"},"image":{"@type":"ImageObject","url":"https:\/\/eldigitaldeasturias.com\/magazine365\/wp-content\/uploads\/2015\/06\/fotonoticia_20150629102322_800.jpg","@id":"https:\/\/eldigitaldeasturias.com\/magazine365\/guindos-tranquiliza-a-los-espanoles-que-quieran-pasar-sus-vacaciones-en-grecia\/#mainImage","width":800,"height":533},"primaryImageOfPage":{"@id":"https:\/\/eldigitaldeasturias.com\/magazine365\/guindos-tranquiliza-a-los-espanoles-que-quieran-pasar-sus-vacaciones-en-grecia\/#mainImage"},"datePublished":"2015-06-30T07:06:34+02:00","dateModified":"2015-06-30T07:06:34+02:00"},{"@type":"WebSite","@id":"https:\/\/eldigitaldeasturias.com\/magazine365\/#website","url":"https:\/\/eldigitaldeasturias.com\/magazine365\/","name":"El Digital de Asturias","description":"Revista de ocio, turismo y estilo de vida","inLanguage":"es-ES","publisher":{"@id":"https:\/\/eldigitaldeasturias.com\/magazine365\/#organization"}}]},"og:locale":"es_ES","og:site_name":"El Digital de Asturias \u2013 Revista de ocio, turismo y estilo de vida","og:type":"article","og:title":"Guindos tranquiliza a los espa\u00f1oles que quieran pasar sus vacaciones en Grecia | El Digital de Asturias","og:description":"El ministro de Econom\u00eda y Competitividad, Luis de Guindos, ha tranquilizado este jueve a los espa\u00f1oles que quieran pasar sus vacaciones en Grecia, asegurando que no hay problema alguno para que vayan. El titular de Econom\u00eda ha afirmado que no descarta que se pueda alcanzar un acuerdo en Grecia antes de la medianoche del martes,","og:url":"https:\/\/eldigitaldeasturias.com\/magazine365\/guindos-tranquiliza-a-los-espanoles-que-quieran-pasar-sus-vacaciones-en-grecia\/","og:image":"https:\/\/eldigitaldeasturias.com\/magazine365\/wp-content\/uploads\/2015\/06\/fotonoticia_20150629102322_800.jpg","og:image:secure_url":"https:\/\/eldigitaldeasturias.com\/magazine365\/wp-content\/uploads\/2015\/06\/fotonoticia_20150629102322_800.jpg","og:image:width":800,"og:image:height":533,"article:published_time":"2015-06-30T05:36:34+00:00","article:modified_time":"2015-06-30T05:36:34+00:00","twitter:card":"summary_large_image","twitter:title":"Guindos tranquiliza a los espa\u00f1oles que quieran pasar sus vacaciones en Grecia | El Digital de Asturias","twitter:description":"El ministro de Econom\u00eda y Competitividad, Luis de Guindos, ha tranquilizado este jueve a los espa\u00f1oles que quieran pasar sus vacaciones en Grecia, asegurando que no hay problema alguno para que vayan. El titular de Econom\u00eda ha afirmado que no descarta que se pueda alcanzar un acuerdo en Grecia antes de la medianoche del martes,","twitter:image":"https:\/\/eldigitaldeasturias.com\/magazine365\/wp-content\/uploads\/2015\/06\/fotonoticia_20150629102322_800.jpg"},"aioseo_meta_data":{"post_id":"41230","title":null,"description":null,"keywords":null,"keyphrases":null,"primary_term":null,"canonical_url":null,"og_title":null,"og_description":null,"og_object_type":"default","og_image_type":"default","og_image_url":null,"og_image_width":null,"og_image_height":null,"og_image_custom_url":null,"og_image_custom_fields":null,"og_video":null,"og_custom_url":null,"og_article_section":null,"og_article_tags":null,"twitter_use_og":false,"twitter_card":"default","twitter_image_type":"default","twitter_image_url":null,"twitter_image_custom_url":null,"twitter_image_custom_fields":null,"twitter_title":null,"twitter_description":null,"schema":{"blockGraphs":[],"customGraphs":[],"default":{"data":{"Article":[],"Course":[],"Dataset":[],"FAQPage":[],"Movie":[],"Person":[],"Product":[],"ProductReview":[],"Car":[],"Recipe":[],"Service":[],"SoftwareApplication":[],"WebPage":[]},"graphName":"","isEnabled":true},"graphs":[],"defaultGraph":"","defaultPostTypeGraph":""},"schema_type":null,"schema_type_options":null,"pillar_content":false,"robots_default":true,"robots_noindex":false,"robots_noarchive":false,"robots_nosnippet":false,"robots_nofollow":false,"robots_noimageindex":false,"robots_noodp":false,"robots_notranslate":false,"robots_max_snippet":null,"robots_max_videopreview":null,"robots_max_imagepreview":"large","priority":null,"frequency":null,"location":null,"local_seo":null,"seo_analyzer_scan_date":"2025-09-19 15:16:19","breadcrumb_settings":null,"limit_modified_date":false,"open_ai":null,"ai":null,"created":"2021-03-09 02:17:41","updated":"2025-09-19 15:16:19"},"aioseo_breadcrumb":"<div class=\"aioseo-breadcrumbs\"><span class=\"aioseo-breadcrumb\">\n\t<a href=\"https:\/\/eldigitaldeasturias.com\/magazine365\" title=\"Home\">Home<\/a>\n<\/span><span class=\"aioseo-breadcrumb-separator\">\u2013<\/span><span class=\"aioseo-breadcrumb\">\n\t<a href=\"https:\/\/eldigitaldeasturias.com\/magazine365\/category\/actualidad-turismo\/\" title=\"Actualidad Turismo\">Actualidad Turismo<\/a>\n<\/span><span class=\"aioseo-breadcrumb-separator\">\u2013<\/span><span class=\"aioseo-breadcrumb\">\n\t<a href=\"https:\/\/eldigitaldeasturias.com\/magazine365\/guindos-tranquiliza-a-los-espanoles-que-quieran-pasar-sus-vacaciones-en-grecia\/\" title=\"Guindos tranquiliza a los espa\u00f1oles que quieran pasar sus vacaciones en Grecia\">Guindos tranquiliza a los espa\u00f1oles que quieran pasar sus vacaciones en Grecia<\/a>\n<\/span><\/div>","aioseo_breadcrumb_json":[{"label":"Home","link":"https:\/\/eldigitaldeasturias.com\/magazine365"},{"label":"Actualidad Turismo","link":"https:\/\/eldigitaldeasturias.com\/magazine365\/category\/actualidad-turismo\/"},{"label":"Guindos tranquiliza a los espa\u00f1oles que quieran pasar sus vacaciones en Grecia","link":"https:\/\/eldigitaldeasturias.com\/magazine365\/guindos-tranquiliza-a-los-espanoles-que-quieran-pasar-sus-vacaciones-en-grecia\/"}],"_links":{"self":[{"href":"https:\/\/eldigitaldeasturias.com\/magazine365\/wp-json\/wp\/v2\/posts\/41230","targetHints":{"allow":["GET"]}}],"collection":[{"href":"https:\/\/eldigitaldeasturias.com\/magazine365\/wp-json\/wp\/v2\/posts"}],"about":[{"href":"https:\/\/eldigitaldeasturias.com\/magazine365\/wp-json\/wp\/v2\/types\/post"}],"author":[{"embeddable":true,"href":"https:\/\/eldigitaldeasturias.com\/magazine365\/wp-json\/wp\/v2\/users\/1"}],"replies":[{"embeddable":true,"href":"https:\/\/eldigitaldeasturias.com\/magazine365\/wp-json\/wp\/v2\/comments?post=41230"}],"version-history":[{"count":0,"href":"https:\/\/eldigitaldeasturias.com\/magazine365\/wp-json\/wp\/v2\/posts\/41230\/revisions"}],"wp:featuredmedia":[{"embeddable":true,"href":"https:\/\/eldigitaldeasturias.com\/magazine365\/wp-json\/wp\/v2\/media\/41231"}],"wp:attachment":[{"href":"https:\/\/eldigitaldeasturias.com\/magazine365\/wp-json\/wp\/v2\/media?parent=41230"}],"wp:term":[{"taxonomy":"category","embeddable":true,"href":"https:\/\/eldigitaldeasturias.com\/magazine365\/wp-json\/wp\/v2\/categories?post=41230"},{"taxonomy":"post_tag","embeddable":true,"href":"https:\/\/eldigitaldeasturias.com\/magazine365\/wp-json\/wp\/v2\/tags?post=41230"}],"curies":[{"name":"wp","href":"https:\/\/api.w.org\/{rel}","templated":true}]}}