{"id":41227,"date":"2015-06-30T07:03:36","date_gmt":"2015-06-30T05:33:36","guid":{"rendered":"http:\/\/eldigitaldeasturias.com\/magazine365\/?p=41227"},"modified":"2015-06-30T07:03:36","modified_gmt":"2015-06-30T05:33:36","slug":"los-apartamentos-turisticos-generan-empleo-y-no-suponen-impacto-urbanistico-segun-apartur","status":"publish","type":"post","link":"https:\/\/eldigitaldeasturias.com\/magazine365\/los-apartamentos-turisticos-generan-empleo-y-no-suponen-impacto-urbanistico-segun-apartur\/","title":{"rendered":"Los apartamentos tur\u00edsticos \u00abgeneran empleo y no suponen impacto urban\u00edstico\u00bb, seg\u00fan Apartur"},"content":{"rendered":"<p><img fetchpriority=\"high\" decoding=\"async\" class=\"alignleft size-medium wp-image-41228\" src=\"https:\/\/eldigitaldeasturias.com\/magazine365\/wp-content\/uploads\/2015\/06\/fotonoticia_20150629095932_800-360x255.jpg\" alt=\"fotonoticia_20150629095932_800\" width=\"360\" height=\"255\" srcset=\"https:\/\/eldigitaldeasturias.com\/magazine365\/wp-content\/uploads\/2015\/06\/fotonoticia_20150629095932_800-360x255.jpg 360w, https:\/\/eldigitaldeasturias.com\/magazine365\/wp-content\/uploads\/2015\/06\/fotonoticia_20150629095932_800-650x460.jpg 650w, https:\/\/eldigitaldeasturias.com\/magazine365\/wp-content\/uploads\/2015\/06\/fotonoticia_20150629095932_800-768x543.jpg 768w, https:\/\/eldigitaldeasturias.com\/magazine365\/wp-content\/uploads\/2015\/06\/fotonoticia_20150629095932_800-150x106.jpg 150w, https:\/\/eldigitaldeasturias.com\/magazine365\/wp-content\/uploads\/2015\/06\/fotonoticia_20150629095932_800-450x318.jpg 450w, https:\/\/eldigitaldeasturias.com\/magazine365\/wp-content\/uploads\/2015\/06\/fotonoticia_20150629095932_800-100x70.jpg 100w, https:\/\/eldigitaldeasturias.com\/magazine365\/wp-content\/uploads\/2015\/06\/fotonoticia_20150629095932_800-696x492.jpg 696w, https:\/\/eldigitaldeasturias.com\/magazine365\/wp-content\/uploads\/2015\/06\/fotonoticia_20150629095932_800-594x420.jpg 594w, https:\/\/eldigitaldeasturias.com\/magazine365\/wp-content\/uploads\/2015\/06\/fotonoticia_20150629095932_800.jpg 800w\" sizes=\"(max-width: 360px) 100vw, 360px\" \/>La Asociaci\u00f3n de Apartamentos Tur\u00edsticos de Barcelona (Apartur) considera que el an\u00e1lisis de Exceltur, presentado recientemente, sobre el alojamiento tur\u00edstico en viviendas de alquiler y su impacto social y econ\u00f3micao es \u00aberr\u00f3neo\u00bb, ya que los apartamentos \u00abgeneran empleo, no suponen impacto urban\u00edsmo y redistribuyen la riqueza\u00bb.<\/p>\n<p>\u00abEl informe no hay por donde cogerlo. Es insensato, err\u00f3neo y carece de pies y cabeza. Es un intento del &#8216;lobby&#8217; hotelero de sacar toda su artiller\u00eda para desacreditar un sector que est\u00e1 mejorando continuamente y ofrece una calidad de producto fant\u00e1stica\u00bb, ha asegurado el presidente de la asociaci\u00f3n catalana, Enrique Alc\u00e1ntara-Garc\u00eda, en una entrevista a Europa Press.<\/p>\n<p>En un opini\u00f3n, esta alternativa de alojamiento resulta \u00abmolesta\u00bb para el sector hotelero, pero defiende que ofrece otro tipo de producto tur\u00edstico \u00abcon un valor m\u00e1s alto para algunos segmentos de turistas como son las familias\u00bb. \u00abAl final el que manda es el cliente, el turista, y las familias de turistas han elegido con claridad los apartamentos tur\u00edsticos\u00bb, zanj\u00f3.<\/p>\n<p>Desde la Asociaci\u00f3n de Apartamentos catalana se defiende que sus alojamientos cuentan con licencia y est\u00e1n perfectamente reglados.<\/p>\n<p>\u00abCatalu\u00f1a ha sido pionera en la regulaci\u00f3n de viviendas de uso tur\u00edstico y se ha hecho un esfuerzo muy grande en los \u00faltimos a\u00f1os para establecer una regulaci\u00f3n\u00bb, lament\u00f3 Alc\u00e1ntara-Garc\u00eda.<\/p>\n<p>En su opini\u00f3n es \u00abbastante insensato\u00bb que desde el &#8216;lobby&#8217; tur\u00edstico, que agrupa a una treintena de empresas tur\u00edsticas (hoteles principamente) se intente dar lecciones sobre c\u00f3mo regular las viviendas de uso tur\u00edstico, algo que \u00abno es de su competencia\u00bb.<\/p>\n<p>SOLO 9.600 VIVIENDAS CON LICENCIA EN BARCELONA.<\/p>\n<p>Seg\u00fan Apartur la contabilizaci\u00f3n de establecimientos es \u00abuna aut\u00e9ntica locura\u00bb. \u00abSe dice que en Barcelona hay 35.000 viviendas de uso tur\u00edstico cuando hay apenas 9.600 con licencia. \u00bfEst\u00e1n diciendo que la oferta ilegal es tres veces la legal? Es una aut\u00e9ntica locura e insensatez\u00bb, asegur\u00f3 el presidente.<\/p>\n<p>En su opini\u00f3n, el informe suma el n\u00famero de propiedades de todas las plataformas \u00abcuando la gran mayor\u00eda de las propiedades de personas o empresas se comercializan a trav\u00e9s de varias de ellas\u00bb.<\/p>\n<p>\u00abQue digan que hay el doble de plazas en viviendas tur\u00edsticas que en hoteles en Barcelona es una aut\u00e9ntica insensatez y echa por tierra todo el estudio\u00bb, subray\u00f3.<\/p>\n<p>DERECHOS PROTEGIDOS.<\/p>\n<p>El informe encargado por Exceltur, elaborado por la consultora Ernst &amp; Young en colaboraci\u00f3n con Nielsen y el despacho Tourism &amp; Law, asegura que la preservaci\u00f3n de los derechos del consumidor no est\u00e1n apenas garantizada en las viviendas de alquiler tur\u00edstico, tal y como lo est\u00e1n en el resto de alojamientos reglados.<\/p>\n<p>Apartur defiende que cumple la normativa y que todos sus apartamentos se encuentran en el registro de propiedad inmobiliaria, cumpliendo con una serie de avales y de requisitos.<\/p>\n<p>PAGAN UN IVA DEL 10% EN CATALU\u00d1A.<\/p>\n<p>\u00abNosotros en Catalu\u00f1a pagamos el IVA del 10% absolutamente todos. Tenemos una actividad profesional y pagamos el IVA, la tasa tur\u00edstica y todo lo que haga falta. \u00bfQuien es este &#8216;lobby&#8217; para decir que nosotros no pagamos impuestos?. Por supuesto que pagamos impuestos\u00bb, zanj\u00f3 el presidente de la asociaci\u00f3n.<\/p>\n<p>Respecto al empleo, el informe asegura que la contribuci\u00f3n diaria de las viviendas de alquiler en t\u00e9rminos de renta y empleo es notablemente inferior ya que un hotel genera cinco veces m\u00e1s de empleos que una vivienda de uso tur\u00edstico.<\/p>\n<p>Un dato err\u00f3neo seg\u00fan Apartur, que asegura que cada piso tur\u00edstico genera casi media plaza de trabajo. \u00abPuede ser que los puestos de trabajo sean diferentes, pero se genera mucho trabajo. Decir que supone una mejor generaci\u00f3n de empleo es una aut\u00e9ntica insensatez\u00bb, destac\u00f3.<\/p>\n<p>Adem\u00e1s, la Asociaci\u00f3n considera que hay un aspecto importante del que el estudio no habla: la redistribuci\u00f3n de la riqueza. Y se cuestiona cuanta gente obtiene beneficio gracias a las viviendas de uso tur\u00edstico comparado con el propietario de hotel, una cadena hotelera o un fondo de inversi\u00f3n.<\/p>\n<p>\u00abNosotros entendemos que a trav\u00e9s de una vivienda de uso tur\u00edstico se desagrega mucho m\u00e1s, y se redistribuye mejor la riqueza el turismo\u00bb, justific\u00f3.<\/p>\n<p>MAYOR IMPACTO EN HOTELES.<\/p>\n<p>Por todo ello desde la Asociaci\u00f3n se aboga por estudiar el impacto tur\u00edstico de los pisos tur\u00edsticos en el \u00e1mbito de las ciudades, pero tambi\u00e9n de todo tipo de alojamientos como el hotelero.<\/p>\n<p>En este punto se cuestiona qu\u00e9 tiene m\u00e1s impacto tur\u00edstico, una vivienda de uso tur\u00edstico en un edificio que ya existe con vecinos, o el derribo de ese edificio para construir un hotel que luego no se puede reconvertir en vivienda posteriormente.<\/p>\n<p>\u00abEl impacto urban\u00edstico de un hotel es descomunal comparado con el de una vivienda\u00bb, aseguran desde la asociaci\u00f3n.<\/p>\n<p>APLAUDEN LA MORATORIA A HOTELES DE COLAU.<\/p>\n<p>La llegada de Ada Colau a la alcald\u00eda de Barcelona es vista con buenos ojos por Apartur ya que considera que se tendr\u00e1 la oportunidad de defenderse y que sus opiniones tambi\u00e9n sean tenidas en cuenta.<\/p>\n<p>\u00abAhora se nos va a escuchar al mismo nivel que a los hoteleros y los vecinos. Consideramos que en Barcelona tiene que haber un gran pacto de ciudad para que todos los que vivimos en ella tengamos poder decisi\u00f3n en lo que ella sucede\u00bb, opin\u00f3.<\/p>\n<p>Respecto a la moratoria de apertura sobre apartamentos y hoteles para evitar la burbuja tur\u00edstica en la Ciudad Condal, Apartur ha mostrado su satisfacci\u00f3n porque tambi\u00e9n se haya ampliado a hoteles. \u00abSentimos que la nueva alcaldesa es dialogante y confiamos en que se llegar\u00e1 a un gran pacto de ciudad\u00bb, concluy\u00f3 Alc\u00e1ntara-Garc\u00eda.<\/p>\n<p>Apartur realiza finalmente un llamamiento a la potenciaci\u00f3n de la calidad de los establecimientos tur\u00edsticos y defiende la importante valoraci\u00f3n que se hacen de los pisos tur\u00edsticos en Barcelona en las principales webs de viajes \u00ablo que demuestra la gran calidad de la oferta y que se est\u00e1 realizando un gran trabajo\u00bb.<\/p>\n<p>En este contexto defiende que Barcelona apueste de forma importante por el turismo familiar donde \u00abencaja perfectamente\u00bb por su oferta y su calidad.<\/p>\n","protected":false},"excerpt":{"rendered":"<p>La Asociaci\u00f3n de Apartamentos Tur\u00edsticos de Barcelona (Apartur) considera que el an\u00e1lisis de Exceltur, presentado recientemente, sobre el alojamiento tur\u00edstico en viviendas de alquiler y su impacto social y econ\u00f3micao es \u00aberr\u00f3neo\u00bb, ya que los apartamentos \u00abgeneran empleo, no suponen impacto urban\u00edsmo y redistribuyen la riqueza\u00bb. \u00abEl informe no hay por donde cogerlo. Es insensato,<\/p>\n","protected":false},"author":1,"featured_media":41228,"comment_status":"open","ping_status":"closed","sticky":false,"template":"","format":"standard","meta":{"footnotes":""},"categories":[222],"tags":[],"class_list":{"0":"post-41227","1":"post","2":"type-post","3":"status-publish","4":"format-standard","5":"has-post-thumbnail","7":"category-actualidad-turismo"},"aioseo_notices":[],"aioseo_head":"\n\t\t<!-- All in One SEO Pro 4.9.6.1 - aioseo.com -->\n\t<meta name=\"description\" content=\"La Asociaci\u00f3n de Apartamentos Tur\u00edsticos de Barcelona (Apartur) considera que el an\u00e1lisis de Exceltur, presentado recientemente, sobre el alojamiento tur\u00edstico en viviendas de alquiler y su impacto social y econ\u00f3micao es &quot;err\u00f3neo&quot;, ya que los apartamentos &quot;generan empleo, no suponen impacto urban\u00edsmo y redistribuyen la riqueza&quot;. &quot;El informe no hay por donde cogerlo. Es insensato,\" \/>\n\t<meta name=\"robots\" content=\"max-image-preview:large\" \/>\n\t<meta name=\"author\" content=\"admin\"\/>\n\t<meta name=\"google-site-verification\" content=\"UA-38556648-1\" \/>\n\t<meta name=\"keywords\" content=\"actualidad turismo\" \/>\n\t<link rel=\"canonical\" href=\"https:\/\/eldigitaldeasturias.com\/magazine365\/los-apartamentos-turisticos-generan-empleo-y-no-suponen-impacto-urbanistico-segun-apartur\/\" \/>\n\t<meta name=\"generator\" content=\"All in One SEO Pro (AIOSEO) 4.9.6.1\" \/>\n\t\t<meta property=\"og:locale\" content=\"es_ES\" \/>\n\t\t<meta property=\"og:site_name\" content=\"El Digital de Asturias \u2013 Revista de ocio, turismo y estilo de vida\" \/>\n\t\t<meta property=\"og:type\" content=\"article\" \/>\n\t\t<meta property=\"og:title\" content=\"Los apartamentos tur\u00edsticos \u00abgeneran empleo y no suponen impacto urban\u00edstico\u00bb, seg\u00fan Apartur | El Digital de Asturias\" \/>\n\t\t<meta property=\"og:description\" content=\"La Asociaci\u00f3n de Apartamentos Tur\u00edsticos de Barcelona (Apartur) considera que el an\u00e1lisis de Exceltur, presentado recientemente, sobre el alojamiento tur\u00edstico en viviendas de alquiler y su impacto social y econ\u00f3micao es &quot;err\u00f3neo&quot;, ya que los apartamentos &quot;generan empleo, no suponen impacto urban\u00edsmo y redistribuyen la riqueza&quot;. &quot;El informe no hay por donde cogerlo. Es insensato,\" \/>\n\t\t<meta property=\"og:url\" content=\"https:\/\/eldigitaldeasturias.com\/magazine365\/los-apartamentos-turisticos-generan-empleo-y-no-suponen-impacto-urbanistico-segun-apartur\/\" \/>\n\t\t<meta property=\"og:image\" content=\"https:\/\/eldigitaldeasturias.com\/magazine365\/wp-content\/uploads\/2015\/06\/fotonoticia_20150629095932_800.jpg\" \/>\n\t\t<meta property=\"og:image:secure_url\" content=\"https:\/\/eldigitaldeasturias.com\/magazine365\/wp-content\/uploads\/2015\/06\/fotonoticia_20150629095932_800.jpg\" \/>\n\t\t<meta property=\"og:image:width\" content=\"800\" \/>\n\t\t<meta property=\"og:image:height\" content=\"566\" \/>\n\t\t<meta property=\"article:published_time\" content=\"2015-06-30T05:33:36+00:00\" \/>\n\t\t<meta property=\"article:modified_time\" content=\"2015-06-30T05:33:36+00:00\" \/>\n\t\t<meta name=\"twitter:card\" content=\"summary_large_image\" \/>\n\t\t<meta name=\"twitter:title\" content=\"Los apartamentos tur\u00edsticos \u00abgeneran empleo y no suponen impacto urban\u00edstico\u00bb, seg\u00fan Apartur | El Digital de Asturias\" \/>\n\t\t<meta name=\"twitter:description\" content=\"La Asociaci\u00f3n de Apartamentos Tur\u00edsticos de Barcelona (Apartur) considera que el an\u00e1lisis de Exceltur, presentado recientemente, sobre el alojamiento tur\u00edstico en viviendas de alquiler y su impacto social y econ\u00f3micao es &quot;err\u00f3neo&quot;, ya que los apartamentos &quot;generan empleo, no suponen impacto urban\u00edsmo y redistribuyen la riqueza&quot;. &quot;El informe no hay por donde cogerlo. Es insensato,\" \/>\n\t\t<meta name=\"twitter:image\" content=\"https:\/\/eldigitaldeasturias.com\/magazine365\/wp-content\/uploads\/2015\/06\/fotonoticia_20150629095932_800.jpg\" \/>\n\t\t<script type=\"application\/ld+json\" class=\"aioseo-schema\">\n\t\t\t{\"@context\":\"https:\\\/\\\/schema.org\",\"@graph\":[{\"@type\":\"Article\",\"@id\":\"https:\\\/\\\/eldigitaldeasturias.com\\\/magazine365\\\/los-apartamentos-turisticos-generan-empleo-y-no-suponen-impacto-urbanistico-segun-apartur\\\/#article\",\"name\":\"Los apartamentos tur\\u00edsticos \\u00abgeneran empleo y no suponen impacto urban\\u00edstico\\u00bb, seg\\u00fan Apartur | El Digital de Asturias\",\"headline\":\"Los apartamentos tur\\u00edsticos \\u00abgeneran empleo y no suponen impacto urban\\u00edstico\\u00bb, seg\\u00fan Apartur\",\"author\":{\"@id\":\"https:\\\/\\\/eldigitaldeasturias.com\\\/magazine365\\\/author\\\/admin\\\/#author\"},\"publisher\":{\"@id\":\"https:\\\/\\\/eldigitaldeasturias.com\\\/magazine365\\\/#organization\"},\"image\":{\"@type\":\"ImageObject\",\"url\":\"https:\\\/\\\/eldigitaldeasturias.com\\\/magazine365\\\/wp-content\\\/uploads\\\/2015\\\/06\\\/fotonoticia_20150629095932_800.jpg\",\"width\":800,\"height\":566},\"datePublished\":\"2015-06-30T07:03:36+02:00\",\"dateModified\":\"2015-06-30T07:03:36+02:00\",\"inLanguage\":\"es-ES\",\"mainEntityOfPage\":{\"@id\":\"https:\\\/\\\/eldigitaldeasturias.com\\\/magazine365\\\/los-apartamentos-turisticos-generan-empleo-y-no-suponen-impacto-urbanistico-segun-apartur\\\/#webpage\"},\"isPartOf\":{\"@id\":\"https:\\\/\\\/eldigitaldeasturias.com\\\/magazine365\\\/los-apartamentos-turisticos-generan-empleo-y-no-suponen-impacto-urbanistico-segun-apartur\\\/#webpage\"},\"articleSection\":\"Actualidad Turismo\"},{\"@type\":\"BreadcrumbList\",\"@id\":\"https:\\\/\\\/eldigitaldeasturias.com\\\/magazine365\\\/los-apartamentos-turisticos-generan-empleo-y-no-suponen-impacto-urbanistico-segun-apartur\\\/#breadcrumblist\",\"itemListElement\":[{\"@type\":\"ListItem\",\"@id\":\"https:\\\/\\\/eldigitaldeasturias.com\\\/magazine365#listItem\",\"position\":1,\"name\":\"Home\",\"item\":\"https:\\\/\\\/eldigitaldeasturias.com\\\/magazine365\",\"nextItem\":{\"@type\":\"ListItem\",\"@id\":\"https:\\\/\\\/eldigitaldeasturias.com\\\/magazine365\\\/category\\\/actualidad-turismo\\\/#listItem\",\"name\":\"Actualidad Turismo\"}},{\"@type\":\"ListItem\",\"@id\":\"https:\\\/\\\/eldigitaldeasturias.com\\\/magazine365\\\/category\\\/actualidad-turismo\\\/#listItem\",\"position\":2,\"name\":\"Actualidad Turismo\",\"item\":\"https:\\\/\\\/eldigitaldeasturias.com\\\/magazine365\\\/category\\\/actualidad-turismo\\\/\",\"nextItem\":{\"@type\":\"ListItem\",\"@id\":\"https:\\\/\\\/eldigitaldeasturias.com\\\/magazine365\\\/los-apartamentos-turisticos-generan-empleo-y-no-suponen-impacto-urbanistico-segun-apartur\\\/#listItem\",\"name\":\"Los apartamentos tur\\u00edsticos \\u00abgeneran empleo y no suponen impacto urban\\u00edstico\\u00bb, seg\\u00fan Apartur\"},\"previousItem\":{\"@type\":\"ListItem\",\"@id\":\"https:\\\/\\\/eldigitaldeasturias.com\\\/magazine365#listItem\",\"name\":\"Home\"}},{\"@type\":\"ListItem\",\"@id\":\"https:\\\/\\\/eldigitaldeasturias.com\\\/magazine365\\\/los-apartamentos-turisticos-generan-empleo-y-no-suponen-impacto-urbanistico-segun-apartur\\\/#listItem\",\"position\":3,\"name\":\"Los apartamentos tur\\u00edsticos \\u00abgeneran empleo y no suponen impacto urban\\u00edstico\\u00bb, seg\\u00fan Apartur\",\"previousItem\":{\"@type\":\"ListItem\",\"@id\":\"https:\\\/\\\/eldigitaldeasturias.com\\\/magazine365\\\/category\\\/actualidad-turismo\\\/#listItem\",\"name\":\"Actualidad Turismo\"}}]},{\"@type\":\"Organization\",\"@id\":\"https:\\\/\\\/eldigitaldeasturias.com\\\/magazine365\\\/#organization\",\"name\":\"El digital de Asturias\",\"description\":\"Revista de ocio, turismo y estilo de vida\",\"url\":\"https:\\\/\\\/eldigitaldeasturias.com\\\/magazine365\\\/\",\"logo\":{\"@type\":\"ImageObject\",\"url\":\"https:\\\/\\\/www.eldigitaldeasturias.com\\\/noticias\\\/wp-content\\\/uploads\\\/2020\\\/12\\\/EDA.jpg\",\"@id\":\"https:\\\/\\\/eldigitaldeasturias.com\\\/magazine365\\\/los-apartamentos-turisticos-generan-empleo-y-no-suponen-impacto-urbanistico-segun-apartur\\\/#organizationLogo\"},\"image\":{\"@id\":\"https:\\\/\\\/eldigitaldeasturias.com\\\/magazine365\\\/los-apartamentos-turisticos-generan-empleo-y-no-suponen-impacto-urbanistico-segun-apartur\\\/#organizationLogo\"}},{\"@type\":\"Person\",\"@id\":\"https:\\\/\\\/eldigitaldeasturias.com\\\/magazine365\\\/author\\\/admin\\\/#author\",\"url\":\"https:\\\/\\\/eldigitaldeasturias.com\\\/magazine365\\\/author\\\/admin\\\/\",\"name\":\"admin\",\"image\":{\"@type\":\"ImageObject\",\"@id\":\"https:\\\/\\\/eldigitaldeasturias.com\\\/magazine365\\\/los-apartamentos-turisticos-generan-empleo-y-no-suponen-impacto-urbanistico-segun-apartur\\\/#authorImage\",\"url\":\"https:\\\/\\\/eldigitaldeasturias.com\\\/magazine365\\\/wp-content\\\/litespeed\\\/avatar\\\/e571bcf59a0edd6fa6838245a470f2fe.jpg?ver=1777574230\",\"width\":96,\"height\":96,\"caption\":\"admin\"}},{\"@type\":\"WebPage\",\"@id\":\"https:\\\/\\\/eldigitaldeasturias.com\\\/magazine365\\\/los-apartamentos-turisticos-generan-empleo-y-no-suponen-impacto-urbanistico-segun-apartur\\\/#webpage\",\"url\":\"https:\\\/\\\/eldigitaldeasturias.com\\\/magazine365\\\/los-apartamentos-turisticos-generan-empleo-y-no-suponen-impacto-urbanistico-segun-apartur\\\/\",\"name\":\"Los apartamentos tur\\u00edsticos \\u00abgeneran empleo y no suponen impacto urban\\u00edstico\\u00bb, seg\\u00fan Apartur | El Digital de Asturias\",\"description\":\"La Asociaci\\u00f3n de Apartamentos Tur\\u00edsticos de Barcelona (Apartur) considera que el an\\u00e1lisis de Exceltur, presentado recientemente, sobre el alojamiento tur\\u00edstico en viviendas de alquiler y su impacto social y econ\\u00f3micao es \\\"err\\u00f3neo\\\", ya que los apartamentos \\\"generan empleo, no suponen impacto urban\\u00edsmo y redistribuyen la riqueza\\\". \\\"El informe no hay por donde cogerlo. Es insensato,\",\"inLanguage\":\"es-ES\",\"isPartOf\":{\"@id\":\"https:\\\/\\\/eldigitaldeasturias.com\\\/magazine365\\\/#website\"},\"breadcrumb\":{\"@id\":\"https:\\\/\\\/eldigitaldeasturias.com\\\/magazine365\\\/los-apartamentos-turisticos-generan-empleo-y-no-suponen-impacto-urbanistico-segun-apartur\\\/#breadcrumblist\"},\"author\":{\"@id\":\"https:\\\/\\\/eldigitaldeasturias.com\\\/magazine365\\\/author\\\/admin\\\/#author\"},\"creator\":{\"@id\":\"https:\\\/\\\/eldigitaldeasturias.com\\\/magazine365\\\/author\\\/admin\\\/#author\"},\"image\":{\"@type\":\"ImageObject\",\"url\":\"https:\\\/\\\/eldigitaldeasturias.com\\\/magazine365\\\/wp-content\\\/uploads\\\/2015\\\/06\\\/fotonoticia_20150629095932_800.jpg\",\"@id\":\"https:\\\/\\\/eldigitaldeasturias.com\\\/magazine365\\\/los-apartamentos-turisticos-generan-empleo-y-no-suponen-impacto-urbanistico-segun-apartur\\\/#mainImage\",\"width\":800,\"height\":566},\"primaryImageOfPage\":{\"@id\":\"https:\\\/\\\/eldigitaldeasturias.com\\\/magazine365\\\/los-apartamentos-turisticos-generan-empleo-y-no-suponen-impacto-urbanistico-segun-apartur\\\/#mainImage\"},\"datePublished\":\"2015-06-30T07:03:36+02:00\",\"dateModified\":\"2015-06-30T07:03:36+02:00\"},{\"@type\":\"WebSite\",\"@id\":\"https:\\\/\\\/eldigitaldeasturias.com\\\/magazine365\\\/#website\",\"url\":\"https:\\\/\\\/eldigitaldeasturias.com\\\/magazine365\\\/\",\"name\":\"El Digital de Asturias\",\"description\":\"Revista de ocio, turismo y estilo de vida\",\"inLanguage\":\"es-ES\",\"publisher\":{\"@id\":\"https:\\\/\\\/eldigitaldeasturias.com\\\/magazine365\\\/#organization\"}}]}\n\t\t<\/script>\n\t\t<!-- All in One SEO Pro -->\r\n\t\t<title>Los apartamentos tur\u00edsticos \u00abgeneran empleo y no suponen impacto urban\u00edstico\u00bb, seg\u00fan Apartur | El Digital de Asturias<\/title>\n\n","aioseo_head_json":{"title":"Los apartamentos tur\u00edsticos \u00abgeneran empleo y no suponen impacto urban\u00edstico\u00bb, seg\u00fan Apartur | El Digital de Asturias","description":"La Asociaci\u00f3n de Apartamentos Tur\u00edsticos de Barcelona (Apartur) considera que el an\u00e1lisis de Exceltur, presentado recientemente, sobre el alojamiento tur\u00edstico en viviendas de alquiler y su impacto social y econ\u00f3micao es \"err\u00f3neo\", ya que los apartamentos \"generan empleo, no suponen impacto urban\u00edsmo y redistribuyen la riqueza\". \"El informe no hay por donde cogerlo. Es insensato,","canonical_url":"https:\/\/eldigitaldeasturias.com\/magazine365\/los-apartamentos-turisticos-generan-empleo-y-no-suponen-impacto-urbanistico-segun-apartur\/","robots":"max-image-preview:large","keywords":"actualidad turismo","webmasterTools":{"google-site-verification":"UA-38556648-1","miscellaneous":""},"schema":{"@context":"https:\/\/schema.org","@graph":[{"@type":"Article","@id":"https:\/\/eldigitaldeasturias.com\/magazine365\/los-apartamentos-turisticos-generan-empleo-y-no-suponen-impacto-urbanistico-segun-apartur\/#article","name":"Los apartamentos tur\u00edsticos \u00abgeneran empleo y no suponen impacto urban\u00edstico\u00bb, seg\u00fan Apartur | El Digital de Asturias","headline":"Los apartamentos tur\u00edsticos \u00abgeneran empleo y no suponen impacto urban\u00edstico\u00bb, seg\u00fan Apartur","author":{"@id":"https:\/\/eldigitaldeasturias.com\/magazine365\/author\/admin\/#author"},"publisher":{"@id":"https:\/\/eldigitaldeasturias.com\/magazine365\/#organization"},"image":{"@type":"ImageObject","url":"https:\/\/eldigitaldeasturias.com\/magazine365\/wp-content\/uploads\/2015\/06\/fotonoticia_20150629095932_800.jpg","width":800,"height":566},"datePublished":"2015-06-30T07:03:36+02:00","dateModified":"2015-06-30T07:03:36+02:00","inLanguage":"es-ES","mainEntityOfPage":{"@id":"https:\/\/eldigitaldeasturias.com\/magazine365\/los-apartamentos-turisticos-generan-empleo-y-no-suponen-impacto-urbanistico-segun-apartur\/#webpage"},"isPartOf":{"@id":"https:\/\/eldigitaldeasturias.com\/magazine365\/los-apartamentos-turisticos-generan-empleo-y-no-suponen-impacto-urbanistico-segun-apartur\/#webpage"},"articleSection":"Actualidad Turismo"},{"@type":"BreadcrumbList","@id":"https:\/\/eldigitaldeasturias.com\/magazine365\/los-apartamentos-turisticos-generan-empleo-y-no-suponen-impacto-urbanistico-segun-apartur\/#breadcrumblist","itemListElement":[{"@type":"ListItem","@id":"https:\/\/eldigitaldeasturias.com\/magazine365#listItem","position":1,"name":"Home","item":"https:\/\/eldigitaldeasturias.com\/magazine365","nextItem":{"@type":"ListItem","@id":"https:\/\/eldigitaldeasturias.com\/magazine365\/category\/actualidad-turismo\/#listItem","name":"Actualidad Turismo"}},{"@type":"ListItem","@id":"https:\/\/eldigitaldeasturias.com\/magazine365\/category\/actualidad-turismo\/#listItem","position":2,"name":"Actualidad Turismo","item":"https:\/\/eldigitaldeasturias.com\/magazine365\/category\/actualidad-turismo\/","nextItem":{"@type":"ListItem","@id":"https:\/\/eldigitaldeasturias.com\/magazine365\/los-apartamentos-turisticos-generan-empleo-y-no-suponen-impacto-urbanistico-segun-apartur\/#listItem","name":"Los apartamentos tur\u00edsticos \u00abgeneran empleo y no suponen impacto urban\u00edstico\u00bb, seg\u00fan Apartur"},"previousItem":{"@type":"ListItem","@id":"https:\/\/eldigitaldeasturias.com\/magazine365#listItem","name":"Home"}},{"@type":"ListItem","@id":"https:\/\/eldigitaldeasturias.com\/magazine365\/los-apartamentos-turisticos-generan-empleo-y-no-suponen-impacto-urbanistico-segun-apartur\/#listItem","position":3,"name":"Los apartamentos tur\u00edsticos \u00abgeneran empleo y no suponen impacto urban\u00edstico\u00bb, seg\u00fan Apartur","previousItem":{"@type":"ListItem","@id":"https:\/\/eldigitaldeasturias.com\/magazine365\/category\/actualidad-turismo\/#listItem","name":"Actualidad Turismo"}}]},{"@type":"Organization","@id":"https:\/\/eldigitaldeasturias.com\/magazine365\/#organization","name":"El digital de Asturias","description":"Revista de ocio, turismo y estilo de vida","url":"https:\/\/eldigitaldeasturias.com\/magazine365\/","logo":{"@type":"ImageObject","url":"https:\/\/www.eldigitaldeasturias.com\/noticias\/wp-content\/uploads\/2020\/12\/EDA.jpg","@id":"https:\/\/eldigitaldeasturias.com\/magazine365\/los-apartamentos-turisticos-generan-empleo-y-no-suponen-impacto-urbanistico-segun-apartur\/#organizationLogo"},"image":{"@id":"https:\/\/eldigitaldeasturias.com\/magazine365\/los-apartamentos-turisticos-generan-empleo-y-no-suponen-impacto-urbanistico-segun-apartur\/#organizationLogo"}},{"@type":"Person","@id":"https:\/\/eldigitaldeasturias.com\/magazine365\/author\/admin\/#author","url":"https:\/\/eldigitaldeasturias.com\/magazine365\/author\/admin\/","name":"admin","image":{"@type":"ImageObject","@id":"https:\/\/eldigitaldeasturias.com\/magazine365\/los-apartamentos-turisticos-generan-empleo-y-no-suponen-impacto-urbanistico-segun-apartur\/#authorImage","url":"https:\/\/eldigitaldeasturias.com\/magazine365\/wp-content\/litespeed\/avatar\/e571bcf59a0edd6fa6838245a470f2fe.jpg?ver=1777574230","width":96,"height":96,"caption":"admin"}},{"@type":"WebPage","@id":"https:\/\/eldigitaldeasturias.com\/magazine365\/los-apartamentos-turisticos-generan-empleo-y-no-suponen-impacto-urbanistico-segun-apartur\/#webpage","url":"https:\/\/eldigitaldeasturias.com\/magazine365\/los-apartamentos-turisticos-generan-empleo-y-no-suponen-impacto-urbanistico-segun-apartur\/","name":"Los apartamentos tur\u00edsticos \u00abgeneran empleo y no suponen impacto urban\u00edstico\u00bb, seg\u00fan Apartur | El Digital de Asturias","description":"La Asociaci\u00f3n de Apartamentos Tur\u00edsticos de Barcelona (Apartur) considera que el an\u00e1lisis de Exceltur, presentado recientemente, sobre el alojamiento tur\u00edstico en viviendas de alquiler y su impacto social y econ\u00f3micao es \"err\u00f3neo\", ya que los apartamentos \"generan empleo, no suponen impacto urban\u00edsmo y redistribuyen la riqueza\". \"El informe no hay por donde cogerlo. Es insensato,","inLanguage":"es-ES","isPartOf":{"@id":"https:\/\/eldigitaldeasturias.com\/magazine365\/#website"},"breadcrumb":{"@id":"https:\/\/eldigitaldeasturias.com\/magazine365\/los-apartamentos-turisticos-generan-empleo-y-no-suponen-impacto-urbanistico-segun-apartur\/#breadcrumblist"},"author":{"@id":"https:\/\/eldigitaldeasturias.com\/magazine365\/author\/admin\/#author"},"creator":{"@id":"https:\/\/eldigitaldeasturias.com\/magazine365\/author\/admin\/#author"},"image":{"@type":"ImageObject","url":"https:\/\/eldigitaldeasturias.com\/magazine365\/wp-content\/uploads\/2015\/06\/fotonoticia_20150629095932_800.jpg","@id":"https:\/\/eldigitaldeasturias.com\/magazine365\/los-apartamentos-turisticos-generan-empleo-y-no-suponen-impacto-urbanistico-segun-apartur\/#mainImage","width":800,"height":566},"primaryImageOfPage":{"@id":"https:\/\/eldigitaldeasturias.com\/magazine365\/los-apartamentos-turisticos-generan-empleo-y-no-suponen-impacto-urbanistico-segun-apartur\/#mainImage"},"datePublished":"2015-06-30T07:03:36+02:00","dateModified":"2015-06-30T07:03:36+02:00"},{"@type":"WebSite","@id":"https:\/\/eldigitaldeasturias.com\/magazine365\/#website","url":"https:\/\/eldigitaldeasturias.com\/magazine365\/","name":"El Digital de Asturias","description":"Revista de ocio, turismo y estilo de vida","inLanguage":"es-ES","publisher":{"@id":"https:\/\/eldigitaldeasturias.com\/magazine365\/#organization"}}]},"og:locale":"es_ES","og:site_name":"El Digital de Asturias \u2013 Revista de ocio, turismo y estilo de vida","og:type":"article","og:title":"Los apartamentos tur\u00edsticos \u00abgeneran empleo y no suponen impacto urban\u00edstico\u00bb, seg\u00fan Apartur | El Digital de Asturias","og:description":"La Asociaci\u00f3n de Apartamentos Tur\u00edsticos de Barcelona (Apartur) considera que el an\u00e1lisis de Exceltur, presentado recientemente, sobre el alojamiento tur\u00edstico en viviendas de alquiler y su impacto social y econ\u00f3micao es &quot;err\u00f3neo&quot;, ya que los apartamentos &quot;generan empleo, no suponen impacto urban\u00edsmo y redistribuyen la riqueza&quot;. &quot;El informe no hay por donde cogerlo. Es insensato,","og:url":"https:\/\/eldigitaldeasturias.com\/magazine365\/los-apartamentos-turisticos-generan-empleo-y-no-suponen-impacto-urbanistico-segun-apartur\/","og:image":"https:\/\/eldigitaldeasturias.com\/magazine365\/wp-content\/uploads\/2015\/06\/fotonoticia_20150629095932_800.jpg","og:image:secure_url":"https:\/\/eldigitaldeasturias.com\/magazine365\/wp-content\/uploads\/2015\/06\/fotonoticia_20150629095932_800.jpg","og:image:width":800,"og:image:height":566,"article:published_time":"2015-06-30T05:33:36+00:00","article:modified_time":"2015-06-30T05:33:36+00:00","twitter:card":"summary_large_image","twitter:title":"Los apartamentos tur\u00edsticos \u00abgeneran empleo y no suponen impacto urban\u00edstico\u00bb, seg\u00fan Apartur | El Digital de Asturias","twitter:description":"La Asociaci\u00f3n de Apartamentos Tur\u00edsticos de Barcelona (Apartur) considera que el an\u00e1lisis de Exceltur, presentado recientemente, sobre el alojamiento tur\u00edstico en viviendas de alquiler y su impacto social y econ\u00f3micao es &quot;err\u00f3neo&quot;, ya que los apartamentos &quot;generan empleo, no suponen impacto urban\u00edsmo y redistribuyen la riqueza&quot;. &quot;El informe no hay por donde cogerlo. Es insensato,","twitter:image":"https:\/\/eldigitaldeasturias.com\/magazine365\/wp-content\/uploads\/2015\/06\/fotonoticia_20150629095932_800.jpg"},"aioseo_meta_data":{"post_id":"41227","title":null,"description":null,"keywords":null,"keyphrases":null,"primary_term":null,"canonical_url":null,"og_title":null,"og_description":null,"og_object_type":"default","og_image_type":"default","og_image_url":null,"og_image_width":null,"og_image_height":null,"og_image_custom_url":null,"og_image_custom_fields":null,"og_video":null,"og_custom_url":null,"og_article_section":null,"og_article_tags":null,"twitter_use_og":false,"twitter_card":"default","twitter_image_type":"default","twitter_image_url":null,"twitter_image_custom_url":null,"twitter_image_custom_fields":null,"twitter_title":null,"twitter_description":null,"schema":{"blockGraphs":[],"customGraphs":[],"default":{"data":{"Article":[],"Course":[],"Dataset":[],"FAQPage":[],"Movie":[],"Person":[],"Product":[],"ProductReview":[],"Car":[],"Recipe":[],"Service":[],"SoftwareApplication":[],"WebPage":[]},"graphName":"","isEnabled":true},"graphs":[],"defaultGraph":"","defaultPostTypeGraph":""},"schema_type":null,"schema_type_options":null,"pillar_content":false,"robots_default":true,"robots_noindex":false,"robots_noarchive":false,"robots_nosnippet":false,"robots_nofollow":false,"robots_noimageindex":false,"robots_noodp":false,"robots_notranslate":false,"robots_max_snippet":null,"robots_max_videopreview":null,"robots_max_imagepreview":"large","priority":null,"frequency":null,"location":null,"local_seo":null,"seo_analyzer_scan_date":"2025-09-19 15:16:18","breadcrumb_settings":null,"limit_modified_date":false,"open_ai":null,"ai":null,"created":"2021-03-09 02:18:41","updated":"2025-09-19 15:16:18"},"aioseo_breadcrumb":"<div class=\"aioseo-breadcrumbs\"><span class=\"aioseo-breadcrumb\">\n\t<a href=\"https:\/\/eldigitaldeasturias.com\/magazine365\" title=\"Home\">Home<\/a>\n<\/span><span class=\"aioseo-breadcrumb-separator\">\u2013<\/span><span class=\"aioseo-breadcrumb\">\n\t<a href=\"https:\/\/eldigitaldeasturias.com\/magazine365\/category\/actualidad-turismo\/\" title=\"Actualidad Turismo\">Actualidad Turismo<\/a>\n<\/span><span class=\"aioseo-breadcrumb-separator\">\u2013<\/span><span class=\"aioseo-breadcrumb\">\n\t<a href=\"https:\/\/eldigitaldeasturias.com\/magazine365\/los-apartamentos-turisticos-generan-empleo-y-no-suponen-impacto-urbanistico-segun-apartur\/\" title=\"Los apartamentos tur\u00edsticos \u00abgeneran empleo y no suponen impacto urban\u00edstico\u00bb, seg\u00fan Apartur\">Los apartamentos tur\u00edsticos \u00abgeneran empleo y no suponen impacto urban\u00edstico\u00bb, seg\u00fan Apartur<\/a>\n<\/span><\/div>","aioseo_breadcrumb_json":[{"label":"Home","link":"https:\/\/eldigitaldeasturias.com\/magazine365"},{"label":"Actualidad Turismo","link":"https:\/\/eldigitaldeasturias.com\/magazine365\/category\/actualidad-turismo\/"},{"label":"Los apartamentos tur\u00edsticos \u00abgeneran empleo y no suponen impacto urban\u00edstico\u00bb, seg\u00fan Apartur","link":"https:\/\/eldigitaldeasturias.com\/magazine365\/los-apartamentos-turisticos-generan-empleo-y-no-suponen-impacto-urbanistico-segun-apartur\/"}],"_links":{"self":[{"href":"https:\/\/eldigitaldeasturias.com\/magazine365\/wp-json\/wp\/v2\/posts\/41227","targetHints":{"allow":["GET"]}}],"collection":[{"href":"https:\/\/eldigitaldeasturias.com\/magazine365\/wp-json\/wp\/v2\/posts"}],"about":[{"href":"https:\/\/eldigitaldeasturias.com\/magazine365\/wp-json\/wp\/v2\/types\/post"}],"author":[{"embeddable":true,"href":"https:\/\/eldigitaldeasturias.com\/magazine365\/wp-json\/wp\/v2\/users\/1"}],"replies":[{"embeddable":true,"href":"https:\/\/eldigitaldeasturias.com\/magazine365\/wp-json\/wp\/v2\/comments?post=41227"}],"version-history":[{"count":0,"href":"https:\/\/eldigitaldeasturias.com\/magazine365\/wp-json\/wp\/v2\/posts\/41227\/revisions"}],"wp:featuredmedia":[{"embeddable":true,"href":"https:\/\/eldigitaldeasturias.com\/magazine365\/wp-json\/wp\/v2\/media\/41228"}],"wp:attachment":[{"href":"https:\/\/eldigitaldeasturias.com\/magazine365\/wp-json\/wp\/v2\/media?parent=41227"}],"wp:term":[{"taxonomy":"category","embeddable":true,"href":"https:\/\/eldigitaldeasturias.com\/magazine365\/wp-json\/wp\/v2\/categories?post=41227"},{"taxonomy":"post_tag","embeddable":true,"href":"https:\/\/eldigitaldeasturias.com\/magazine365\/wp-json\/wp\/v2\/tags?post=41227"}],"curies":[{"name":"wp","href":"https:\/\/api.w.org\/{rel}","templated":true}]}}