{"id":41223,"date":"2015-06-29T15:02:46","date_gmt":"2015-06-29T13:32:46","guid":{"rendered":"http:\/\/eldigitaldeasturias.com\/magazine365\/?p=41223"},"modified":"2015-06-30T06:53:49","modified_gmt":"2015-06-30T05:23:49","slug":"la-costa-tropical-de-granada-abre-sus-playas","status":"publish","type":"post","link":"https:\/\/eldigitaldeasturias.com\/magazine365\/la-costa-tropical-de-granada-abre-sus-playas\/","title":{"rendered":"La Costa Tropical de Granada abre sus playas"},"content":{"rendered":"<p><img fetchpriority=\"high\" decoding=\"async\" class=\"alignleft size-medium wp-image-41224\" src=\"https:\/\/eldigitaldeasturias.com\/magazine365\/wp-content\/uploads\/2015\/06\/fotonoticia_20150629093256_800-360x240.jpg\" alt=\"fotonoticia_20150629093256_800\" width=\"360\" height=\"240\" srcset=\"https:\/\/eldigitaldeasturias.com\/magazine365\/wp-content\/uploads\/2015\/06\/fotonoticia_20150629093256_800-360x240.jpg 360w, https:\/\/eldigitaldeasturias.com\/magazine365\/wp-content\/uploads\/2015\/06\/fotonoticia_20150629093256_800-650x433.jpg 650w, https:\/\/eldigitaldeasturias.com\/magazine365\/wp-content\/uploads\/2015\/06\/fotonoticia_20150629093256_800-768x512.jpg 768w, https:\/\/eldigitaldeasturias.com\/magazine365\/wp-content\/uploads\/2015\/06\/fotonoticia_20150629093256_800-150x100.jpg 150w, https:\/\/eldigitaldeasturias.com\/magazine365\/wp-content\/uploads\/2015\/06\/fotonoticia_20150629093256_800-450x300.jpg 450w, https:\/\/eldigitaldeasturias.com\/magazine365\/wp-content\/uploads\/2015\/06\/fotonoticia_20150629093256_800-696x464.jpg 696w, https:\/\/eldigitaldeasturias.com\/magazine365\/wp-content\/uploads\/2015\/06\/fotonoticia_20150629093256_800-630x420.jpg 630w, https:\/\/eldigitaldeasturias.com\/magazine365\/wp-content\/uploads\/2015\/06\/fotonoticia_20150629093256_800-84x55.jpg 84w, https:\/\/eldigitaldeasturias.com\/magazine365\/wp-content\/uploads\/2015\/06\/fotonoticia_20150629093256_800.jpg 800w\" sizes=\"(max-width: 360px) 100vw, 360px\" \/>La Costa Tropical de Granada ya ha puesto a punto sus playas para dar la bienvenida a la temporada de verano que comenzar\u00e1 el pr\u00f3ximo 1 de julio &#8211;aunque el litoral recibe ya a cientos de visitantes&#8211; y que se prolongar\u00e1 hasta mediados de septiembre y, adem\u00e1s de la limpieza de aguas y la regeneraci\u00f3n de arenas, se han colocado las pasarelas de acceso, los m\u00f3dulos de aseo as\u00ed como el servicio de vigilancia de socorrismo.<\/p>\n<p>En Motril quedan los \u00faltimos flecos para comenzar la temporada alta, tal y como ha explicado a Europa Press la concejal de Playas en el Ayuntamiento de la localidad, Alicia Crespo, quien ha aclarado que ya se han acondicionado las duchas, los puestos de socorro as\u00ed como las dos zonas de barbacoas que, al igual que en a\u00f1o anteriores, se podr\u00e1 utilizar previo permiso solicitado en el Consistorio o la oficina municipal de Turismo.<\/p>\n<p>Tras la fiesta de San Juan, el pasado 23 de junio, se han colocado las pasarelas de acceso para personas con movilidad reducida que este a\u00f1o suman una m\u00e1s en la zona entre Villa Astrida y Los Moriscos, en Playa Granada donde, adem\u00e1s, se ha puesto una m\u00e1s ancha y con barandilla para mejorar el acceso.<\/p>\n<p>La mayor concentraci\u00f3n de actividades y servicios se dar\u00e1 en la playa de Poniente, donde est\u00e1n situadas las instalaciones deportivas adem\u00e1s del paseo mar\u00edtimo, y, con el fin de ayudar al mantenimiento de la limpieza en el litoral, se han situado zonas de recogida selectiva de residuos.<\/p>\n<p>En cuanto a la seguridad, socorristas profesionales velar\u00e1n por los ba\u00f1istas en cuatro puestos fijos m\u00e1s varios equipos que se mover\u00e1n durante toda la jornada a lo largo de la playa y una embarcaci\u00f3n as\u00ed como la ambulancia para emergencias.<\/p>\n<p>SEGURIDAD Y ACCESO<\/p>\n<p>Este a\u00f1o, sin embargo, Motril pierde el espacio destinado a los perros, que la Costa s\u00f3lo ha podido disfrutar durante una temporada estival en 2014 en la playa del Cable, tras la prohibici\u00f3n por parte de la Junta de Andaluc\u00eda para habilitarlo.<\/p>\n<p>En Almu\u00f1\u00e9car, las playas est\u00e1n abiertas y preparadas para recibir a los turistas durante todo el a\u00f1o con una inversi\u00f3n de 350.000 euros, seg\u00fan fuentes del Ayuntamiento sexitano que se reparte entre el mantenimiento durante las \u00e9pocas de temporales y riadas y se incrementa en las semanas previas al verano con la limpieza de aguas y arena as\u00ed como con la apertura de los m\u00f3dulos de aseo y vigilancia.<\/p>\n<p>La localidad sexitana es la \u00fanica de la Costa que tiene pasarelas de acceso de hormig\u00f3n para impedir el vandalismo y que permite, por otro lado, el acceso hasta la orilla sin peligro de que se rompan y, para mantener las cuatro distintivos tur\u00edsticos &#8216;Q de Calidad&#8217;, el litoral almu\u00f1equero tiene todos los servicios b\u00e1sicos como duchas adaptadas o aseos.<\/p>\n<p>En cuanto a la seguridad, Almu\u00f1\u00e9car tambi\u00e9n contar\u00e1 con socorristas profesionales que se repartir\u00e1n a lo largo de todo el litoral en cuatro puestos de vigilancia, embarcaciones as\u00ed como en las torretas instaladas para los meses estivales.<\/p>\n<p>PLAN PLAYAS<\/p>\n<p>El Ayuntamiento de Salobre\u00f1a pone en marcha el plan de playas, un dispositivo dirigido a coordinar a todo el personal que estar\u00e1 atendiendo el litoral desde diferentes \u00e1mbitos.<\/p>\n<p>As\u00ed, desde el 1 de junio se est\u00e1n realizando labores de limpieza y despedregado de las playas que se intensificar\u00e1n a partir del mes de julio cuando los visitantes comiencen a llegar de forma masiva. Tambi\u00e9n se han habilitado algunos m\u00f3dulos de duchas y de aseos, que ya estar\u00e1n a pleno rendimiento durante la temporada estival y, en cuanto al servicio de vigilancia en la playa, se viene prestando desde hace una semana a trav\u00e9s de los voluntarios de Protecci\u00f3n Civil para garantizar las condiciones de seguridad.<\/p>\n<p>Nueve operarios ser\u00e1n los que se encarguen de la limpieza manual de la arena, apoyados por una veintena de trabajadores municipales que se encargan de las labores de fontaner\u00eda, electricidad, obras o jardiner\u00eda y a todos ellos hay sumar los trece vigilantes que se encargan de la seguridad, mientras que en breves fechas se incorporar\u00e1n otros dos operarios para el servicio de limpieza del agua.<\/p>\n<p>Como en el resto de la Costa, para la instalaci\u00f3n de algunos equipamientos se ha preferido esperar a que pasen las fiestas de San Juan para evitar actos de vandalismo \u00abya que el material con el que se fabrican las pasarelas es muy costoso y requiere de muchos metros para cubrir todos los accesos de las playas\u00bb, ha explicado el concejal de Playas, Manuel Guirado.<\/p>\n<p>Por ese motivo, el Consistorio est\u00e1 estudiando a trav\u00e9s del Ente Gestor de Calidad de las Playas un sistema para sustituir de forma paulatina las pasarelas de madera existentes por otras de hormig\u00f3n, que se pretenden comenzar a instalar para el verano de 2016.<\/p>\n<p>Durante el verano las playas tambi\u00e9n se llenan de ocio y actividades complementarias a las jornadas de sol y mar como mercadillos, deportes, parques acu\u00e1ticos en alta mar, buceo o, incluso, conciertos y eventos musicales. El Festival de Habaneras o el &#8216;Tendencias&#8217; de Salobre\u00f1a se unen a los castillos piromusicales de Motril o Almu\u00f1\u00e9car, entre otras muchas actividades, todo ello a la orilla del mar.<\/p>\n","protected":false},"excerpt":{"rendered":"<p>La Costa Tropical de Granada ya ha puesto a punto sus playas para dar la bienvenida a la temporada de verano que comenzar\u00e1 el pr\u00f3ximo 1 de julio &#8211;aunque el litoral recibe ya a cientos de visitantes&#8211; y que se prolongar\u00e1 hasta mediados de septiembre y, adem\u00e1s de la limpieza de aguas y la regeneraci\u00f3n<\/p>\n","protected":false},"author":1,"featured_media":41224,"comment_status":"open","ping_status":"closed","sticky":false,"template":"","format":"standard","meta":{"footnotes":""},"categories":[222],"tags":[],"class_list":{"0":"post-41223","1":"post","2":"type-post","3":"status-publish","4":"format-standard","5":"has-post-thumbnail","7":"category-actualidad-turismo"},"aioseo_notices":[],"aioseo_head":"\n\t\t<!-- All in One SEO Pro 4.9.6.1 - aioseo.com -->\n\t<meta name=\"description\" content=\"La Costa Tropical de Granada ya ha puesto a punto sus playas para dar la bienvenida a la temporada de verano que comenzar\u00e1 el pr\u00f3ximo 1 de julio --aunque el litoral recibe ya a cientos de visitantes-- y que se prolongar\u00e1 hasta mediados de septiembre y, adem\u00e1s de la limpieza de aguas y la regeneraci\u00f3n\" \/>\n\t<meta name=\"robots\" content=\"max-image-preview:large\" \/>\n\t<meta name=\"author\" content=\"admin\"\/>\n\t<meta name=\"google-site-verification\" content=\"UA-38556648-1\" \/>\n\t<meta name=\"keywords\" content=\"actualidad turismo\" \/>\n\t<link rel=\"canonical\" href=\"https:\/\/eldigitaldeasturias.com\/magazine365\/la-costa-tropical-de-granada-abre-sus-playas\/\" \/>\n\t<meta name=\"generator\" content=\"All in One SEO Pro (AIOSEO) 4.9.6.1\" \/>\n\t\t<meta property=\"og:locale\" content=\"es_ES\" \/>\n\t\t<meta property=\"og:site_name\" content=\"El Digital de Asturias \u2013 Revista de ocio, turismo y estilo de vida\" \/>\n\t\t<meta property=\"og:type\" content=\"article\" \/>\n\t\t<meta property=\"og:title\" content=\"La Costa Tropical de Granada abre sus playas | El Digital de Asturias\" \/>\n\t\t<meta property=\"og:description\" content=\"La Costa Tropical de Granada ya ha puesto a punto sus playas para dar la bienvenida a la temporada de verano que comenzar\u00e1 el pr\u00f3ximo 1 de julio --aunque el litoral recibe ya a cientos de visitantes-- y que se prolongar\u00e1 hasta mediados de septiembre y, adem\u00e1s de la limpieza de aguas y la regeneraci\u00f3n\" \/>\n\t\t<meta property=\"og:url\" content=\"https:\/\/eldigitaldeasturias.com\/magazine365\/la-costa-tropical-de-granada-abre-sus-playas\/\" \/>\n\t\t<meta property=\"og:image\" content=\"https:\/\/eldigitaldeasturias.com\/magazine365\/wp-content\/uploads\/2015\/06\/fotonoticia_20150629093256_800.jpg\" \/>\n\t\t<meta property=\"og:image:secure_url\" content=\"https:\/\/eldigitaldeasturias.com\/magazine365\/wp-content\/uploads\/2015\/06\/fotonoticia_20150629093256_800.jpg\" \/>\n\t\t<meta property=\"og:image:width\" content=\"800\" \/>\n\t\t<meta property=\"og:image:height\" content=\"533\" \/>\n\t\t<meta property=\"article:published_time\" content=\"2015-06-29T13:32:46+00:00\" \/>\n\t\t<meta property=\"article:modified_time\" content=\"2015-06-30T05:23:49+00:00\" \/>\n\t\t<meta name=\"twitter:card\" content=\"summary_large_image\" \/>\n\t\t<meta name=\"twitter:title\" content=\"La Costa Tropical de Granada abre sus playas | El Digital de Asturias\" \/>\n\t\t<meta name=\"twitter:description\" content=\"La Costa Tropical de Granada ya ha puesto a punto sus playas para dar la bienvenida a la temporada de verano que comenzar\u00e1 el pr\u00f3ximo 1 de julio --aunque el litoral recibe ya a cientos de visitantes-- y que se prolongar\u00e1 hasta mediados de septiembre y, adem\u00e1s de la limpieza de aguas y la regeneraci\u00f3n\" \/>\n\t\t<meta name=\"twitter:image\" content=\"https:\/\/eldigitaldeasturias.com\/magazine365\/wp-content\/uploads\/2015\/06\/fotonoticia_20150629093256_800.jpg\" \/>\n\t\t<script type=\"application\/ld+json\" class=\"aioseo-schema\">\n\t\t\t{\"@context\":\"https:\\\/\\\/schema.org\",\"@graph\":[{\"@type\":\"Article\",\"@id\":\"https:\\\/\\\/eldigitaldeasturias.com\\\/magazine365\\\/la-costa-tropical-de-granada-abre-sus-playas\\\/#article\",\"name\":\"La Costa Tropical de Granada abre sus playas | El Digital de Asturias\",\"headline\":\"La Costa Tropical de Granada abre sus playas\",\"author\":{\"@id\":\"https:\\\/\\\/eldigitaldeasturias.com\\\/magazine365\\\/author\\\/admin\\\/#author\"},\"publisher\":{\"@id\":\"https:\\\/\\\/eldigitaldeasturias.com\\\/magazine365\\\/#organization\"},\"image\":{\"@type\":\"ImageObject\",\"url\":\"https:\\\/\\\/eldigitaldeasturias.com\\\/magazine365\\\/wp-content\\\/uploads\\\/2015\\\/06\\\/fotonoticia_20150629093256_800.jpg\",\"width\":800,\"height\":533},\"datePublished\":\"2015-06-29T15:02:46+02:00\",\"dateModified\":\"2015-06-30T06:53:49+02:00\",\"inLanguage\":\"es-ES\",\"mainEntityOfPage\":{\"@id\":\"https:\\\/\\\/eldigitaldeasturias.com\\\/magazine365\\\/la-costa-tropical-de-granada-abre-sus-playas\\\/#webpage\"},\"isPartOf\":{\"@id\":\"https:\\\/\\\/eldigitaldeasturias.com\\\/magazine365\\\/la-costa-tropical-de-granada-abre-sus-playas\\\/#webpage\"},\"articleSection\":\"Actualidad Turismo\"},{\"@type\":\"BreadcrumbList\",\"@id\":\"https:\\\/\\\/eldigitaldeasturias.com\\\/magazine365\\\/la-costa-tropical-de-granada-abre-sus-playas\\\/#breadcrumblist\",\"itemListElement\":[{\"@type\":\"ListItem\",\"@id\":\"https:\\\/\\\/eldigitaldeasturias.com\\\/magazine365#listItem\",\"position\":1,\"name\":\"Home\",\"item\":\"https:\\\/\\\/eldigitaldeasturias.com\\\/magazine365\",\"nextItem\":{\"@type\":\"ListItem\",\"@id\":\"https:\\\/\\\/eldigitaldeasturias.com\\\/magazine365\\\/category\\\/actualidad-turismo\\\/#listItem\",\"name\":\"Actualidad Turismo\"}},{\"@type\":\"ListItem\",\"@id\":\"https:\\\/\\\/eldigitaldeasturias.com\\\/magazine365\\\/category\\\/actualidad-turismo\\\/#listItem\",\"position\":2,\"name\":\"Actualidad Turismo\",\"item\":\"https:\\\/\\\/eldigitaldeasturias.com\\\/magazine365\\\/category\\\/actualidad-turismo\\\/\",\"nextItem\":{\"@type\":\"ListItem\",\"@id\":\"https:\\\/\\\/eldigitaldeasturias.com\\\/magazine365\\\/la-costa-tropical-de-granada-abre-sus-playas\\\/#listItem\",\"name\":\"La Costa Tropical de Granada abre sus playas\"},\"previousItem\":{\"@type\":\"ListItem\",\"@id\":\"https:\\\/\\\/eldigitaldeasturias.com\\\/magazine365#listItem\",\"name\":\"Home\"}},{\"@type\":\"ListItem\",\"@id\":\"https:\\\/\\\/eldigitaldeasturias.com\\\/magazine365\\\/la-costa-tropical-de-granada-abre-sus-playas\\\/#listItem\",\"position\":3,\"name\":\"La Costa Tropical de Granada abre sus playas\",\"previousItem\":{\"@type\":\"ListItem\",\"@id\":\"https:\\\/\\\/eldigitaldeasturias.com\\\/magazine365\\\/category\\\/actualidad-turismo\\\/#listItem\",\"name\":\"Actualidad Turismo\"}}]},{\"@type\":\"Organization\",\"@id\":\"https:\\\/\\\/eldigitaldeasturias.com\\\/magazine365\\\/#organization\",\"name\":\"El digital de Asturias\",\"description\":\"Revista de ocio, turismo y estilo de vida\",\"url\":\"https:\\\/\\\/eldigitaldeasturias.com\\\/magazine365\\\/\",\"logo\":{\"@type\":\"ImageObject\",\"url\":\"https:\\\/\\\/www.eldigitaldeasturias.com\\\/noticias\\\/wp-content\\\/uploads\\\/2020\\\/12\\\/EDA.jpg\",\"@id\":\"https:\\\/\\\/eldigitaldeasturias.com\\\/magazine365\\\/la-costa-tropical-de-granada-abre-sus-playas\\\/#organizationLogo\"},\"image\":{\"@id\":\"https:\\\/\\\/eldigitaldeasturias.com\\\/magazine365\\\/la-costa-tropical-de-granada-abre-sus-playas\\\/#organizationLogo\"}},{\"@type\":\"Person\",\"@id\":\"https:\\\/\\\/eldigitaldeasturias.com\\\/magazine365\\\/author\\\/admin\\\/#author\",\"url\":\"https:\\\/\\\/eldigitaldeasturias.com\\\/magazine365\\\/author\\\/admin\\\/\",\"name\":\"admin\",\"image\":{\"@type\":\"ImageObject\",\"@id\":\"https:\\\/\\\/eldigitaldeasturias.com\\\/magazine365\\\/la-costa-tropical-de-granada-abre-sus-playas\\\/#authorImage\",\"url\":\"https:\\\/\\\/eldigitaldeasturias.com\\\/magazine365\\\/wp-content\\\/litespeed\\\/avatar\\\/e571bcf59a0edd6fa6838245a470f2fe.jpg?ver=1777574230\",\"width\":96,\"height\":96,\"caption\":\"admin\"}},{\"@type\":\"WebPage\",\"@id\":\"https:\\\/\\\/eldigitaldeasturias.com\\\/magazine365\\\/la-costa-tropical-de-granada-abre-sus-playas\\\/#webpage\",\"url\":\"https:\\\/\\\/eldigitaldeasturias.com\\\/magazine365\\\/la-costa-tropical-de-granada-abre-sus-playas\\\/\",\"name\":\"La Costa Tropical de Granada abre sus playas | El Digital de Asturias\",\"description\":\"La Costa Tropical de Granada ya ha puesto a punto sus playas para dar la bienvenida a la temporada de verano que comenzar\\u00e1 el pr\\u00f3ximo 1 de julio --aunque el litoral recibe ya a cientos de visitantes-- y que se prolongar\\u00e1 hasta mediados de septiembre y, adem\\u00e1s de la limpieza de aguas y la regeneraci\\u00f3n\",\"inLanguage\":\"es-ES\",\"isPartOf\":{\"@id\":\"https:\\\/\\\/eldigitaldeasturias.com\\\/magazine365\\\/#website\"},\"breadcrumb\":{\"@id\":\"https:\\\/\\\/eldigitaldeasturias.com\\\/magazine365\\\/la-costa-tropical-de-granada-abre-sus-playas\\\/#breadcrumblist\"},\"author\":{\"@id\":\"https:\\\/\\\/eldigitaldeasturias.com\\\/magazine365\\\/author\\\/admin\\\/#author\"},\"creator\":{\"@id\":\"https:\\\/\\\/eldigitaldeasturias.com\\\/magazine365\\\/author\\\/admin\\\/#author\"},\"image\":{\"@type\":\"ImageObject\",\"url\":\"https:\\\/\\\/eldigitaldeasturias.com\\\/magazine365\\\/wp-content\\\/uploads\\\/2015\\\/06\\\/fotonoticia_20150629093256_800.jpg\",\"@id\":\"https:\\\/\\\/eldigitaldeasturias.com\\\/magazine365\\\/la-costa-tropical-de-granada-abre-sus-playas\\\/#mainImage\",\"width\":800,\"height\":533},\"primaryImageOfPage\":{\"@id\":\"https:\\\/\\\/eldigitaldeasturias.com\\\/magazine365\\\/la-costa-tropical-de-granada-abre-sus-playas\\\/#mainImage\"},\"datePublished\":\"2015-06-29T15:02:46+02:00\",\"dateModified\":\"2015-06-30T06:53:49+02:00\"},{\"@type\":\"WebSite\",\"@id\":\"https:\\\/\\\/eldigitaldeasturias.com\\\/magazine365\\\/#website\",\"url\":\"https:\\\/\\\/eldigitaldeasturias.com\\\/magazine365\\\/\",\"name\":\"El Digital de Asturias\",\"description\":\"Revista de ocio, turismo y estilo de vida\",\"inLanguage\":\"es-ES\",\"publisher\":{\"@id\":\"https:\\\/\\\/eldigitaldeasturias.com\\\/magazine365\\\/#organization\"}}]}\n\t\t<\/script>\n\t\t<!-- All in One SEO Pro -->\r\n\t\t<title>La Costa Tropical de Granada abre sus playas | El Digital de Asturias<\/title>\n\n","aioseo_head_json":{"title":"La Costa Tropical de Granada abre sus playas | El Digital de Asturias","description":"La Costa Tropical de Granada ya ha puesto a punto sus playas para dar la bienvenida a la temporada de verano que comenzar\u00e1 el pr\u00f3ximo 1 de julio --aunque el litoral recibe ya a cientos de visitantes-- y que se prolongar\u00e1 hasta mediados de septiembre y, adem\u00e1s de la limpieza de aguas y la regeneraci\u00f3n","canonical_url":"https:\/\/eldigitaldeasturias.com\/magazine365\/la-costa-tropical-de-granada-abre-sus-playas\/","robots":"max-image-preview:large","keywords":"actualidad turismo","webmasterTools":{"google-site-verification":"UA-38556648-1","miscellaneous":""},"schema":{"@context":"https:\/\/schema.org","@graph":[{"@type":"Article","@id":"https:\/\/eldigitaldeasturias.com\/magazine365\/la-costa-tropical-de-granada-abre-sus-playas\/#article","name":"La Costa Tropical de Granada abre sus playas | El Digital de Asturias","headline":"La Costa Tropical de Granada abre sus playas","author":{"@id":"https:\/\/eldigitaldeasturias.com\/magazine365\/author\/admin\/#author"},"publisher":{"@id":"https:\/\/eldigitaldeasturias.com\/magazine365\/#organization"},"image":{"@type":"ImageObject","url":"https:\/\/eldigitaldeasturias.com\/magazine365\/wp-content\/uploads\/2015\/06\/fotonoticia_20150629093256_800.jpg","width":800,"height":533},"datePublished":"2015-06-29T15:02:46+02:00","dateModified":"2015-06-30T06:53:49+02:00","inLanguage":"es-ES","mainEntityOfPage":{"@id":"https:\/\/eldigitaldeasturias.com\/magazine365\/la-costa-tropical-de-granada-abre-sus-playas\/#webpage"},"isPartOf":{"@id":"https:\/\/eldigitaldeasturias.com\/magazine365\/la-costa-tropical-de-granada-abre-sus-playas\/#webpage"},"articleSection":"Actualidad Turismo"},{"@type":"BreadcrumbList","@id":"https:\/\/eldigitaldeasturias.com\/magazine365\/la-costa-tropical-de-granada-abre-sus-playas\/#breadcrumblist","itemListElement":[{"@type":"ListItem","@id":"https:\/\/eldigitaldeasturias.com\/magazine365#listItem","position":1,"name":"Home","item":"https:\/\/eldigitaldeasturias.com\/magazine365","nextItem":{"@type":"ListItem","@id":"https:\/\/eldigitaldeasturias.com\/magazine365\/category\/actualidad-turismo\/#listItem","name":"Actualidad Turismo"}},{"@type":"ListItem","@id":"https:\/\/eldigitaldeasturias.com\/magazine365\/category\/actualidad-turismo\/#listItem","position":2,"name":"Actualidad Turismo","item":"https:\/\/eldigitaldeasturias.com\/magazine365\/category\/actualidad-turismo\/","nextItem":{"@type":"ListItem","@id":"https:\/\/eldigitaldeasturias.com\/magazine365\/la-costa-tropical-de-granada-abre-sus-playas\/#listItem","name":"La Costa Tropical de Granada abre sus playas"},"previousItem":{"@type":"ListItem","@id":"https:\/\/eldigitaldeasturias.com\/magazine365#listItem","name":"Home"}},{"@type":"ListItem","@id":"https:\/\/eldigitaldeasturias.com\/magazine365\/la-costa-tropical-de-granada-abre-sus-playas\/#listItem","position":3,"name":"La Costa Tropical de Granada abre sus playas","previousItem":{"@type":"ListItem","@id":"https:\/\/eldigitaldeasturias.com\/magazine365\/category\/actualidad-turismo\/#listItem","name":"Actualidad Turismo"}}]},{"@type":"Organization","@id":"https:\/\/eldigitaldeasturias.com\/magazine365\/#organization","name":"El digital de Asturias","description":"Revista de ocio, turismo y estilo de vida","url":"https:\/\/eldigitaldeasturias.com\/magazine365\/","logo":{"@type":"ImageObject","url":"https:\/\/www.eldigitaldeasturias.com\/noticias\/wp-content\/uploads\/2020\/12\/EDA.jpg","@id":"https:\/\/eldigitaldeasturias.com\/magazine365\/la-costa-tropical-de-granada-abre-sus-playas\/#organizationLogo"},"image":{"@id":"https:\/\/eldigitaldeasturias.com\/magazine365\/la-costa-tropical-de-granada-abre-sus-playas\/#organizationLogo"}},{"@type":"Person","@id":"https:\/\/eldigitaldeasturias.com\/magazine365\/author\/admin\/#author","url":"https:\/\/eldigitaldeasturias.com\/magazine365\/author\/admin\/","name":"admin","image":{"@type":"ImageObject","@id":"https:\/\/eldigitaldeasturias.com\/magazine365\/la-costa-tropical-de-granada-abre-sus-playas\/#authorImage","url":"https:\/\/eldigitaldeasturias.com\/magazine365\/wp-content\/litespeed\/avatar\/e571bcf59a0edd6fa6838245a470f2fe.jpg?ver=1777574230","width":96,"height":96,"caption":"admin"}},{"@type":"WebPage","@id":"https:\/\/eldigitaldeasturias.com\/magazine365\/la-costa-tropical-de-granada-abre-sus-playas\/#webpage","url":"https:\/\/eldigitaldeasturias.com\/magazine365\/la-costa-tropical-de-granada-abre-sus-playas\/","name":"La Costa Tropical de Granada abre sus playas | El Digital de Asturias","description":"La Costa Tropical de Granada ya ha puesto a punto sus playas para dar la bienvenida a la temporada de verano que comenzar\u00e1 el pr\u00f3ximo 1 de julio --aunque el litoral recibe ya a cientos de visitantes-- y que se prolongar\u00e1 hasta mediados de septiembre y, adem\u00e1s de la limpieza de aguas y la regeneraci\u00f3n","inLanguage":"es-ES","isPartOf":{"@id":"https:\/\/eldigitaldeasturias.com\/magazine365\/#website"},"breadcrumb":{"@id":"https:\/\/eldigitaldeasturias.com\/magazine365\/la-costa-tropical-de-granada-abre-sus-playas\/#breadcrumblist"},"author":{"@id":"https:\/\/eldigitaldeasturias.com\/magazine365\/author\/admin\/#author"},"creator":{"@id":"https:\/\/eldigitaldeasturias.com\/magazine365\/author\/admin\/#author"},"image":{"@type":"ImageObject","url":"https:\/\/eldigitaldeasturias.com\/magazine365\/wp-content\/uploads\/2015\/06\/fotonoticia_20150629093256_800.jpg","@id":"https:\/\/eldigitaldeasturias.com\/magazine365\/la-costa-tropical-de-granada-abre-sus-playas\/#mainImage","width":800,"height":533},"primaryImageOfPage":{"@id":"https:\/\/eldigitaldeasturias.com\/magazine365\/la-costa-tropical-de-granada-abre-sus-playas\/#mainImage"},"datePublished":"2015-06-29T15:02:46+02:00","dateModified":"2015-06-30T06:53:49+02:00"},{"@type":"WebSite","@id":"https:\/\/eldigitaldeasturias.com\/magazine365\/#website","url":"https:\/\/eldigitaldeasturias.com\/magazine365\/","name":"El Digital de Asturias","description":"Revista de ocio, turismo y estilo de vida","inLanguage":"es-ES","publisher":{"@id":"https:\/\/eldigitaldeasturias.com\/magazine365\/#organization"}}]},"og:locale":"es_ES","og:site_name":"El Digital de Asturias \u2013 Revista de ocio, turismo y estilo de vida","og:type":"article","og:title":"La Costa Tropical de Granada abre sus playas | El Digital de Asturias","og:description":"La Costa Tropical de Granada ya ha puesto a punto sus playas para dar la bienvenida a la temporada de verano que comenzar\u00e1 el pr\u00f3ximo 1 de julio --aunque el litoral recibe ya a cientos de visitantes-- y que se prolongar\u00e1 hasta mediados de septiembre y, adem\u00e1s de la limpieza de aguas y la regeneraci\u00f3n","og:url":"https:\/\/eldigitaldeasturias.com\/magazine365\/la-costa-tropical-de-granada-abre-sus-playas\/","og:image":"https:\/\/eldigitaldeasturias.com\/magazine365\/wp-content\/uploads\/2015\/06\/fotonoticia_20150629093256_800.jpg","og:image:secure_url":"https:\/\/eldigitaldeasturias.com\/magazine365\/wp-content\/uploads\/2015\/06\/fotonoticia_20150629093256_800.jpg","og:image:width":800,"og:image:height":533,"article:published_time":"2015-06-29T13:32:46+00:00","article:modified_time":"2015-06-30T05:23:49+00:00","twitter:card":"summary_large_image","twitter:title":"La Costa Tropical de Granada abre sus playas | El Digital de Asturias","twitter:description":"La Costa Tropical de Granada ya ha puesto a punto sus playas para dar la bienvenida a la temporada de verano que comenzar\u00e1 el pr\u00f3ximo 1 de julio --aunque el litoral recibe ya a cientos de visitantes-- y que se prolongar\u00e1 hasta mediados de septiembre y, adem\u00e1s de la limpieza de aguas y la regeneraci\u00f3n","twitter:image":"https:\/\/eldigitaldeasturias.com\/magazine365\/wp-content\/uploads\/2015\/06\/fotonoticia_20150629093256_800.jpg"},"aioseo_meta_data":{"post_id":"41223","title":null,"description":null,"keywords":null,"keyphrases":null,"primary_term":null,"canonical_url":null,"og_title":null,"og_description":null,"og_object_type":"default","og_image_type":"default","og_image_url":null,"og_image_width":null,"og_image_height":null,"og_image_custom_url":null,"og_image_custom_fields":null,"og_video":null,"og_custom_url":null,"og_article_section":null,"og_article_tags":null,"twitter_use_og":false,"twitter_card":"default","twitter_image_type":"default","twitter_image_url":null,"twitter_image_custom_url":null,"twitter_image_custom_fields":null,"twitter_title":null,"twitter_description":null,"schema":{"blockGraphs":[],"customGraphs":[],"default":{"data":{"Article":[],"Course":[],"Dataset":[],"FAQPage":[],"Movie":[],"Person":[],"Product":[],"ProductReview":[],"Car":[],"Recipe":[],"Service":[],"SoftwareApplication":[],"WebPage":[]},"graphName":"","isEnabled":true},"graphs":[],"defaultGraph":"","defaultPostTypeGraph":""},"schema_type":null,"schema_type_options":null,"pillar_content":false,"robots_default":true,"robots_noindex":false,"robots_noarchive":false,"robots_nosnippet":false,"robots_nofollow":false,"robots_noimageindex":false,"robots_noodp":false,"robots_notranslate":false,"robots_max_snippet":null,"robots_max_videopreview":null,"robots_max_imagepreview":"large","priority":null,"frequency":null,"location":null,"local_seo":null,"seo_analyzer_scan_date":"2025-09-19 15:16:17","breadcrumb_settings":null,"limit_modified_date":false,"open_ai":null,"ai":null,"created":"2021-03-09 02:18:41","updated":"2025-09-19 15:16:17"},"aioseo_breadcrumb":"<div class=\"aioseo-breadcrumbs\"><span class=\"aioseo-breadcrumb\">\n\t<a href=\"https:\/\/eldigitaldeasturias.com\/magazine365\" title=\"Home\">Home<\/a>\n<\/span><span class=\"aioseo-breadcrumb-separator\">\u2013<\/span><span class=\"aioseo-breadcrumb\">\n\t<a href=\"https:\/\/eldigitaldeasturias.com\/magazine365\/category\/actualidad-turismo\/\" title=\"Actualidad Turismo\">Actualidad Turismo<\/a>\n<\/span><span class=\"aioseo-breadcrumb-separator\">\u2013<\/span><span class=\"aioseo-breadcrumb\">\n\t<a href=\"https:\/\/eldigitaldeasturias.com\/magazine365\/la-costa-tropical-de-granada-abre-sus-playas\/\" title=\"La Costa Tropical de Granada abre sus playas\">La Costa Tropical de Granada abre sus playas<\/a>\n<\/span><\/div>","aioseo_breadcrumb_json":[{"label":"Home","link":"https:\/\/eldigitaldeasturias.com\/magazine365"},{"label":"Actualidad Turismo","link":"https:\/\/eldigitaldeasturias.com\/magazine365\/category\/actualidad-turismo\/"},{"label":"La Costa Tropical de Granada abre sus playas","link":"https:\/\/eldigitaldeasturias.com\/magazine365\/la-costa-tropical-de-granada-abre-sus-playas\/"}],"_links":{"self":[{"href":"https:\/\/eldigitaldeasturias.com\/magazine365\/wp-json\/wp\/v2\/posts\/41223","targetHints":{"allow":["GET"]}}],"collection":[{"href":"https:\/\/eldigitaldeasturias.com\/magazine365\/wp-json\/wp\/v2\/posts"}],"about":[{"href":"https:\/\/eldigitaldeasturias.com\/magazine365\/wp-json\/wp\/v2\/types\/post"}],"author":[{"embeddable":true,"href":"https:\/\/eldigitaldeasturias.com\/magazine365\/wp-json\/wp\/v2\/users\/1"}],"replies":[{"embeddable":true,"href":"https:\/\/eldigitaldeasturias.com\/magazine365\/wp-json\/wp\/v2\/comments?post=41223"}],"version-history":[{"count":0,"href":"https:\/\/eldigitaldeasturias.com\/magazine365\/wp-json\/wp\/v2\/posts\/41223\/revisions"}],"wp:featuredmedia":[{"embeddable":true,"href":"https:\/\/eldigitaldeasturias.com\/magazine365\/wp-json\/wp\/v2\/media\/41224"}],"wp:attachment":[{"href":"https:\/\/eldigitaldeasturias.com\/magazine365\/wp-json\/wp\/v2\/media?parent=41223"}],"wp:term":[{"taxonomy":"category","embeddable":true,"href":"https:\/\/eldigitaldeasturias.com\/magazine365\/wp-json\/wp\/v2\/categories?post=41223"},{"taxonomy":"post_tag","embeddable":true,"href":"https:\/\/eldigitaldeasturias.com\/magazine365\/wp-json\/wp\/v2\/tags?post=41223"}],"curies":[{"name":"wp","href":"https:\/\/api.w.org\/{rel}","templated":true}]}}