{"id":41215,"date":"2015-06-29T14:55:46","date_gmt":"2015-06-29T13:25:46","guid":{"rendered":"http:\/\/eldigitaldeasturias.com\/magazine365\/?p=41215"},"modified":"2015-06-29T14:55:46","modified_gmt":"2015-06-29T13:25:46","slug":"la-uib-presenta-su-oferta-formativa-en-organizacion-de-eventos-y-convenciones","status":"publish","type":"post","link":"https:\/\/eldigitaldeasturias.com\/magazine365\/la-uib-presenta-su-oferta-formativa-en-organizacion-de-eventos-y-convenciones\/","title":{"rendered":"La UIB presenta su oferta formativa en organizaci\u00f3n de eventos y convenciones"},"content":{"rendered":"<p><img fetchpriority=\"high\" decoding=\"async\" class=\"alignleft size-medium wp-image-41216\" src=\"https:\/\/eldigitaldeasturias.com\/magazine365\/wp-content\/uploads\/2015\/06\/fotonoticia_20150629092331_800-360x269.jpg\" alt=\"fotonoticia_20150629092331_800\" width=\"360\" height=\"269\" srcset=\"https:\/\/eldigitaldeasturias.com\/magazine365\/wp-content\/uploads\/2015\/06\/fotonoticia_20150629092331_800-360x269.jpg 360w, https:\/\/eldigitaldeasturias.com\/magazine365\/wp-content\/uploads\/2015\/06\/fotonoticia_20150629092331_800-650x485.jpg 650w, https:\/\/eldigitaldeasturias.com\/magazine365\/wp-content\/uploads\/2015\/06\/fotonoticia_20150629092331_800-768x573.jpg 768w, https:\/\/eldigitaldeasturias.com\/magazine365\/wp-content\/uploads\/2015\/06\/fotonoticia_20150629092331_800-150x112.jpg 150w, https:\/\/eldigitaldeasturias.com\/magazine365\/wp-content\/uploads\/2015\/06\/fotonoticia_20150629092331_800-450x336.jpg 450w, https:\/\/eldigitaldeasturias.com\/magazine365\/wp-content\/uploads\/2015\/06\/fotonoticia_20150629092331_800-80x60.jpg 80w, https:\/\/eldigitaldeasturias.com\/magazine365\/wp-content\/uploads\/2015\/06\/fotonoticia_20150629092331_800-265x198.jpg 265w, https:\/\/eldigitaldeasturias.com\/magazine365\/wp-content\/uploads\/2015\/06\/fotonoticia_20150629092331_800-696x519.jpg 696w, https:\/\/eldigitaldeasturias.com\/magazine365\/wp-content\/uploads\/2015\/06\/fotonoticia_20150629092331_800-563x420.jpg 563w, https:\/\/eldigitaldeasturias.com\/magazine365\/wp-content\/uploads\/2015\/06\/fotonoticia_20150629092331_800-90x67.jpg 90w, https:\/\/eldigitaldeasturias.com\/magazine365\/wp-content\/uploads\/2015\/06\/fotonoticia_20150629092331_800-100x75.jpg 100w, https:\/\/eldigitaldeasturias.com\/magazine365\/wp-content\/uploads\/2015\/06\/fotonoticia_20150629092331_800.jpg 800w\" sizes=\"(max-width: 360px) 100vw, 360px\" \/>La Facultad de Turismo de la Universitat de les Illes Balears (UIB), a cuya cabeza se encuentra el decano Bartolom\u00e9 Dey\u00e0, formar\u00e1 a los primeros especialistas de Baleares en organizar eventos e incentivos MICE (Meeting, Incentives, Conventions and Events).<\/p>\n<p>La UIB pondr\u00e1 en marcha a partir de octubre el primer curso de &#8216;Especialista Universitario en MICE&#8217; que se realizar\u00e1 hasta marzo de 2016.<\/p>\n<p>El objetivo de estos meses de formaci\u00f3n especializada es crear a los primeros profesionales formados en la isla.<\/p>\n<p>La presentaci\u00f3n del curso &#8216;Especialista Universitario en MICE&#8217; ser\u00e1 este martes 30 de junio a las 18:00 horas en la CAEB.<\/p>\n<p>En la presentaci\u00f3n participar\u00e1n el decano Dey\u00e0, el director de desarrollo de M3 Forums, Juan Ram\u00f3n Ram\u00edrez, y la coordinadora de Eventos, Amanda Silvestre Picornell. El acto estar\u00e1 presidido por el vicepresidente de CAEB, Sergio Beltr\u00e1n y acudir\u00e1n diferentes empresarios baleares.<\/p>\n<p>Con esto se pretende dar respuesta a la demanda del actual mercado laboral, en particular al turismo de congresos y eventos en Baleares.<\/p>\n<p>CARACTER\u00cdSTICAS DEL CURSO MICE<\/p>\n<p>El curso &#8216;Especialista Universitario en MICE (Meetings, incentives, Conventions and Events)&#8217; empezar\u00e1 a impartirse el pr\u00f3ximo mes de octubre en la Universitat de les Illes Balears, concretamente en la Facultad de Turismo, y finalizar\u00e1 en marzo de 2016.<\/p>\n<p>Se trata de un curso dirigido a todas aquellas personas que quieran desarrollar su carrera profesional dentro del conjunto de empresas que forman parte de la cadena de valor del sector MICE.<\/p>\n<p>Los alumnos que lo desarrollen recibir\u00e1n un t\u00edtulo propio de la UIB con diferentes salidas profesionales en el entorno de agencias de organizaci\u00f3n de MICE, agencias de Destination Management Company, empresas de servicios de Incoming, empresas de alojamiento, de resturaci\u00f3n, agencias de viajes, entidades p\u00fablicas y tour operadores entre muchos otros.<\/p>\n<p>El curso combina la participaci\u00f3n de profesores y profesionales de reconocido prestigio dentro del sector MICE de nuestro pa\u00eds.<\/p>\n","protected":false},"excerpt":{"rendered":"<p>La Facultad de Turismo de la Universitat de les Illes Balears (UIB), a cuya cabeza se encuentra el decano Bartolom\u00e9 Dey\u00e0, formar\u00e1 a los primeros especialistas de Baleares en organizar eventos e incentivos MICE (Meeting, Incentives, Conventions and Events). La UIB pondr\u00e1 en marcha a partir de octubre el primer curso de &#8216;Especialista Universitario en<\/p>\n","protected":false},"author":1,"featured_media":41216,"comment_status":"open","ping_status":"closed","sticky":false,"template":"","format":"standard","meta":{"footnotes":""},"categories":[222],"tags":[],"class_list":{"0":"post-41215","1":"post","2":"type-post","3":"status-publish","4":"format-standard","5":"has-post-thumbnail","7":"category-actualidad-turismo"},"aioseo_notices":[],"aioseo_head":"\n\t\t<!-- All in One SEO Pro 4.9.6.1 - aioseo.com -->\n\t<meta name=\"description\" content=\"La Facultad de Turismo de la Universitat de les Illes Balears (UIB), a cuya cabeza se encuentra el decano Bartolom\u00e9 Dey\u00e0, formar\u00e1 a los primeros especialistas de Baleares en organizar eventos e incentivos MICE (Meeting, Incentives, Conventions and Events). La UIB pondr\u00e1 en marcha a partir de octubre el primer curso de &#039;Especialista Universitario en\" \/>\n\t<meta name=\"robots\" content=\"max-image-preview:large\" \/>\n\t<meta name=\"author\" content=\"admin\"\/>\n\t<meta name=\"google-site-verification\" content=\"UA-38556648-1\" \/>\n\t<meta name=\"keywords\" content=\"actualidad turismo\" \/>\n\t<link rel=\"canonical\" href=\"https:\/\/eldigitaldeasturias.com\/magazine365\/la-uib-presenta-su-oferta-formativa-en-organizacion-de-eventos-y-convenciones\/\" \/>\n\t<meta name=\"generator\" content=\"All in One SEO Pro (AIOSEO) 4.9.6.1\" \/>\n\t\t<meta property=\"og:locale\" content=\"es_ES\" \/>\n\t\t<meta property=\"og:site_name\" content=\"El Digital de Asturias \u2013 Revista de ocio, turismo y estilo de vida\" \/>\n\t\t<meta property=\"og:type\" content=\"article\" \/>\n\t\t<meta property=\"og:title\" content=\"La UIB presenta su oferta formativa en organizaci\u00f3n de eventos y convenciones | El Digital de Asturias\" \/>\n\t\t<meta property=\"og:description\" content=\"La Facultad de Turismo de la Universitat de les Illes Balears (UIB), a cuya cabeza se encuentra el decano Bartolom\u00e9 Dey\u00e0, formar\u00e1 a los primeros especialistas de Baleares en organizar eventos e incentivos MICE (Meeting, Incentives, Conventions and Events). La UIB pondr\u00e1 en marcha a partir de octubre el primer curso de &#039;Especialista Universitario en\" \/>\n\t\t<meta property=\"og:url\" content=\"https:\/\/eldigitaldeasturias.com\/magazine365\/la-uib-presenta-su-oferta-formativa-en-organizacion-de-eventos-y-convenciones\/\" \/>\n\t\t<meta property=\"og:image\" content=\"https:\/\/eldigitaldeasturias.com\/magazine365\/wp-content\/uploads\/2015\/06\/fotonoticia_20150629092331_800.jpg\" \/>\n\t\t<meta property=\"og:image:secure_url\" content=\"https:\/\/eldigitaldeasturias.com\/magazine365\/wp-content\/uploads\/2015\/06\/fotonoticia_20150629092331_800.jpg\" \/>\n\t\t<meta property=\"og:image:width\" content=\"800\" \/>\n\t\t<meta property=\"og:image:height\" content=\"597\" \/>\n\t\t<meta property=\"article:published_time\" content=\"2015-06-29T13:25:46+00:00\" \/>\n\t\t<meta property=\"article:modified_time\" content=\"2015-06-29T13:25:46+00:00\" \/>\n\t\t<meta name=\"twitter:card\" content=\"summary_large_image\" \/>\n\t\t<meta name=\"twitter:title\" content=\"La UIB presenta su oferta formativa en organizaci\u00f3n de eventos y convenciones | El Digital de Asturias\" \/>\n\t\t<meta name=\"twitter:description\" content=\"La Facultad de Turismo de la Universitat de les Illes Balears (UIB), a cuya cabeza se encuentra el decano Bartolom\u00e9 Dey\u00e0, formar\u00e1 a los primeros especialistas de Baleares en organizar eventos e incentivos MICE (Meeting, Incentives, Conventions and Events). La UIB pondr\u00e1 en marcha a partir de octubre el primer curso de &#039;Especialista Universitario en\" \/>\n\t\t<meta name=\"twitter:image\" content=\"https:\/\/eldigitaldeasturias.com\/magazine365\/wp-content\/uploads\/2015\/06\/fotonoticia_20150629092331_800.jpg\" \/>\n\t\t<script type=\"application\/ld+json\" class=\"aioseo-schema\">\n\t\t\t{\"@context\":\"https:\\\/\\\/schema.org\",\"@graph\":[{\"@type\":\"Article\",\"@id\":\"https:\\\/\\\/eldigitaldeasturias.com\\\/magazine365\\\/la-uib-presenta-su-oferta-formativa-en-organizacion-de-eventos-y-convenciones\\\/#article\",\"name\":\"La UIB presenta su oferta formativa en organizaci\\u00f3n de eventos y convenciones | El Digital de Asturias\",\"headline\":\"La UIB presenta su oferta formativa en organizaci\\u00f3n de eventos y convenciones\",\"author\":{\"@id\":\"https:\\\/\\\/eldigitaldeasturias.com\\\/magazine365\\\/author\\\/admin\\\/#author\"},\"publisher\":{\"@id\":\"https:\\\/\\\/eldigitaldeasturias.com\\\/magazine365\\\/#organization\"},\"image\":{\"@type\":\"ImageObject\",\"url\":\"https:\\\/\\\/eldigitaldeasturias.com\\\/magazine365\\\/wp-content\\\/uploads\\\/2015\\\/06\\\/fotonoticia_20150629092331_800.jpg\",\"width\":800,\"height\":597},\"datePublished\":\"2015-06-29T14:55:46+02:00\",\"dateModified\":\"2015-06-29T14:55:46+02:00\",\"inLanguage\":\"es-ES\",\"mainEntityOfPage\":{\"@id\":\"https:\\\/\\\/eldigitaldeasturias.com\\\/magazine365\\\/la-uib-presenta-su-oferta-formativa-en-organizacion-de-eventos-y-convenciones\\\/#webpage\"},\"isPartOf\":{\"@id\":\"https:\\\/\\\/eldigitaldeasturias.com\\\/magazine365\\\/la-uib-presenta-su-oferta-formativa-en-organizacion-de-eventos-y-convenciones\\\/#webpage\"},\"articleSection\":\"Actualidad Turismo\"},{\"@type\":\"BreadcrumbList\",\"@id\":\"https:\\\/\\\/eldigitaldeasturias.com\\\/magazine365\\\/la-uib-presenta-su-oferta-formativa-en-organizacion-de-eventos-y-convenciones\\\/#breadcrumblist\",\"itemListElement\":[{\"@type\":\"ListItem\",\"@id\":\"https:\\\/\\\/eldigitaldeasturias.com\\\/magazine365#listItem\",\"position\":1,\"name\":\"Home\",\"item\":\"https:\\\/\\\/eldigitaldeasturias.com\\\/magazine365\",\"nextItem\":{\"@type\":\"ListItem\",\"@id\":\"https:\\\/\\\/eldigitaldeasturias.com\\\/magazine365\\\/category\\\/actualidad-turismo\\\/#listItem\",\"name\":\"Actualidad Turismo\"}},{\"@type\":\"ListItem\",\"@id\":\"https:\\\/\\\/eldigitaldeasturias.com\\\/magazine365\\\/category\\\/actualidad-turismo\\\/#listItem\",\"position\":2,\"name\":\"Actualidad Turismo\",\"item\":\"https:\\\/\\\/eldigitaldeasturias.com\\\/magazine365\\\/category\\\/actualidad-turismo\\\/\",\"nextItem\":{\"@type\":\"ListItem\",\"@id\":\"https:\\\/\\\/eldigitaldeasturias.com\\\/magazine365\\\/la-uib-presenta-su-oferta-formativa-en-organizacion-de-eventos-y-convenciones\\\/#listItem\",\"name\":\"La UIB presenta su oferta formativa en organizaci\\u00f3n de eventos y convenciones\"},\"previousItem\":{\"@type\":\"ListItem\",\"@id\":\"https:\\\/\\\/eldigitaldeasturias.com\\\/magazine365#listItem\",\"name\":\"Home\"}},{\"@type\":\"ListItem\",\"@id\":\"https:\\\/\\\/eldigitaldeasturias.com\\\/magazine365\\\/la-uib-presenta-su-oferta-formativa-en-organizacion-de-eventos-y-convenciones\\\/#listItem\",\"position\":3,\"name\":\"La UIB presenta su oferta formativa en organizaci\\u00f3n de eventos y convenciones\",\"previousItem\":{\"@type\":\"ListItem\",\"@id\":\"https:\\\/\\\/eldigitaldeasturias.com\\\/magazine365\\\/category\\\/actualidad-turismo\\\/#listItem\",\"name\":\"Actualidad Turismo\"}}]},{\"@type\":\"Organization\",\"@id\":\"https:\\\/\\\/eldigitaldeasturias.com\\\/magazine365\\\/#organization\",\"name\":\"El digital de Asturias\",\"description\":\"Revista de ocio, turismo y estilo de vida\",\"url\":\"https:\\\/\\\/eldigitaldeasturias.com\\\/magazine365\\\/\",\"logo\":{\"@type\":\"ImageObject\",\"url\":\"https:\\\/\\\/www.eldigitaldeasturias.com\\\/noticias\\\/wp-content\\\/uploads\\\/2020\\\/12\\\/EDA.jpg\",\"@id\":\"https:\\\/\\\/eldigitaldeasturias.com\\\/magazine365\\\/la-uib-presenta-su-oferta-formativa-en-organizacion-de-eventos-y-convenciones\\\/#organizationLogo\"},\"image\":{\"@id\":\"https:\\\/\\\/eldigitaldeasturias.com\\\/magazine365\\\/la-uib-presenta-su-oferta-formativa-en-organizacion-de-eventos-y-convenciones\\\/#organizationLogo\"}},{\"@type\":\"Person\",\"@id\":\"https:\\\/\\\/eldigitaldeasturias.com\\\/magazine365\\\/author\\\/admin\\\/#author\",\"url\":\"https:\\\/\\\/eldigitaldeasturias.com\\\/magazine365\\\/author\\\/admin\\\/\",\"name\":\"admin\",\"image\":{\"@type\":\"ImageObject\",\"@id\":\"https:\\\/\\\/eldigitaldeasturias.com\\\/magazine365\\\/la-uib-presenta-su-oferta-formativa-en-organizacion-de-eventos-y-convenciones\\\/#authorImage\",\"url\":\"https:\\\/\\\/eldigitaldeasturias.com\\\/magazine365\\\/wp-content\\\/litespeed\\\/avatar\\\/e571bcf59a0edd6fa6838245a470f2fe.jpg?ver=1777574230\",\"width\":96,\"height\":96,\"caption\":\"admin\"}},{\"@type\":\"WebPage\",\"@id\":\"https:\\\/\\\/eldigitaldeasturias.com\\\/magazine365\\\/la-uib-presenta-su-oferta-formativa-en-organizacion-de-eventos-y-convenciones\\\/#webpage\",\"url\":\"https:\\\/\\\/eldigitaldeasturias.com\\\/magazine365\\\/la-uib-presenta-su-oferta-formativa-en-organizacion-de-eventos-y-convenciones\\\/\",\"name\":\"La UIB presenta su oferta formativa en organizaci\\u00f3n de eventos y convenciones | El Digital de Asturias\",\"description\":\"La Facultad de Turismo de la Universitat de les Illes Balears (UIB), a cuya cabeza se encuentra el decano Bartolom\\u00e9 Dey\\u00e0, formar\\u00e1 a los primeros especialistas de Baleares en organizar eventos e incentivos MICE (Meeting, Incentives, Conventions and Events). La UIB pondr\\u00e1 en marcha a partir de octubre el primer curso de 'Especialista Universitario en\",\"inLanguage\":\"es-ES\",\"isPartOf\":{\"@id\":\"https:\\\/\\\/eldigitaldeasturias.com\\\/magazine365\\\/#website\"},\"breadcrumb\":{\"@id\":\"https:\\\/\\\/eldigitaldeasturias.com\\\/magazine365\\\/la-uib-presenta-su-oferta-formativa-en-organizacion-de-eventos-y-convenciones\\\/#breadcrumblist\"},\"author\":{\"@id\":\"https:\\\/\\\/eldigitaldeasturias.com\\\/magazine365\\\/author\\\/admin\\\/#author\"},\"creator\":{\"@id\":\"https:\\\/\\\/eldigitaldeasturias.com\\\/magazine365\\\/author\\\/admin\\\/#author\"},\"image\":{\"@type\":\"ImageObject\",\"url\":\"https:\\\/\\\/eldigitaldeasturias.com\\\/magazine365\\\/wp-content\\\/uploads\\\/2015\\\/06\\\/fotonoticia_20150629092331_800.jpg\",\"@id\":\"https:\\\/\\\/eldigitaldeasturias.com\\\/magazine365\\\/la-uib-presenta-su-oferta-formativa-en-organizacion-de-eventos-y-convenciones\\\/#mainImage\",\"width\":800,\"height\":597},\"primaryImageOfPage\":{\"@id\":\"https:\\\/\\\/eldigitaldeasturias.com\\\/magazine365\\\/la-uib-presenta-su-oferta-formativa-en-organizacion-de-eventos-y-convenciones\\\/#mainImage\"},\"datePublished\":\"2015-06-29T14:55:46+02:00\",\"dateModified\":\"2015-06-29T14:55:46+02:00\"},{\"@type\":\"WebSite\",\"@id\":\"https:\\\/\\\/eldigitaldeasturias.com\\\/magazine365\\\/#website\",\"url\":\"https:\\\/\\\/eldigitaldeasturias.com\\\/magazine365\\\/\",\"name\":\"El Digital de Asturias\",\"description\":\"Revista de ocio, turismo y estilo de vida\",\"inLanguage\":\"es-ES\",\"publisher\":{\"@id\":\"https:\\\/\\\/eldigitaldeasturias.com\\\/magazine365\\\/#organization\"}}]}\n\t\t<\/script>\n\t\t<!-- All in One SEO Pro -->\r\n\t\t<title>La UIB presenta su oferta formativa en organizaci\u00f3n de eventos y convenciones | El Digital de Asturias<\/title>\n\n","aioseo_head_json":{"title":"La UIB presenta su oferta formativa en organizaci\u00f3n de eventos y convenciones | El Digital de Asturias","description":"La Facultad de Turismo de la Universitat de les Illes Balears (UIB), a cuya cabeza se encuentra el decano Bartolom\u00e9 Dey\u00e0, formar\u00e1 a los primeros especialistas de Baleares en organizar eventos e incentivos MICE (Meeting, Incentives, Conventions and Events). La UIB pondr\u00e1 en marcha a partir de octubre el primer curso de 'Especialista Universitario en","canonical_url":"https:\/\/eldigitaldeasturias.com\/magazine365\/la-uib-presenta-su-oferta-formativa-en-organizacion-de-eventos-y-convenciones\/","robots":"max-image-preview:large","keywords":"actualidad turismo","webmasterTools":{"google-site-verification":"UA-38556648-1","miscellaneous":""},"schema":{"@context":"https:\/\/schema.org","@graph":[{"@type":"Article","@id":"https:\/\/eldigitaldeasturias.com\/magazine365\/la-uib-presenta-su-oferta-formativa-en-organizacion-de-eventos-y-convenciones\/#article","name":"La UIB presenta su oferta formativa en organizaci\u00f3n de eventos y convenciones | El Digital de Asturias","headline":"La UIB presenta su oferta formativa en organizaci\u00f3n de eventos y convenciones","author":{"@id":"https:\/\/eldigitaldeasturias.com\/magazine365\/author\/admin\/#author"},"publisher":{"@id":"https:\/\/eldigitaldeasturias.com\/magazine365\/#organization"},"image":{"@type":"ImageObject","url":"https:\/\/eldigitaldeasturias.com\/magazine365\/wp-content\/uploads\/2015\/06\/fotonoticia_20150629092331_800.jpg","width":800,"height":597},"datePublished":"2015-06-29T14:55:46+02:00","dateModified":"2015-06-29T14:55:46+02:00","inLanguage":"es-ES","mainEntityOfPage":{"@id":"https:\/\/eldigitaldeasturias.com\/magazine365\/la-uib-presenta-su-oferta-formativa-en-organizacion-de-eventos-y-convenciones\/#webpage"},"isPartOf":{"@id":"https:\/\/eldigitaldeasturias.com\/magazine365\/la-uib-presenta-su-oferta-formativa-en-organizacion-de-eventos-y-convenciones\/#webpage"},"articleSection":"Actualidad Turismo"},{"@type":"BreadcrumbList","@id":"https:\/\/eldigitaldeasturias.com\/magazine365\/la-uib-presenta-su-oferta-formativa-en-organizacion-de-eventos-y-convenciones\/#breadcrumblist","itemListElement":[{"@type":"ListItem","@id":"https:\/\/eldigitaldeasturias.com\/magazine365#listItem","position":1,"name":"Home","item":"https:\/\/eldigitaldeasturias.com\/magazine365","nextItem":{"@type":"ListItem","@id":"https:\/\/eldigitaldeasturias.com\/magazine365\/category\/actualidad-turismo\/#listItem","name":"Actualidad Turismo"}},{"@type":"ListItem","@id":"https:\/\/eldigitaldeasturias.com\/magazine365\/category\/actualidad-turismo\/#listItem","position":2,"name":"Actualidad Turismo","item":"https:\/\/eldigitaldeasturias.com\/magazine365\/category\/actualidad-turismo\/","nextItem":{"@type":"ListItem","@id":"https:\/\/eldigitaldeasturias.com\/magazine365\/la-uib-presenta-su-oferta-formativa-en-organizacion-de-eventos-y-convenciones\/#listItem","name":"La UIB presenta su oferta formativa en organizaci\u00f3n de eventos y convenciones"},"previousItem":{"@type":"ListItem","@id":"https:\/\/eldigitaldeasturias.com\/magazine365#listItem","name":"Home"}},{"@type":"ListItem","@id":"https:\/\/eldigitaldeasturias.com\/magazine365\/la-uib-presenta-su-oferta-formativa-en-organizacion-de-eventos-y-convenciones\/#listItem","position":3,"name":"La UIB presenta su oferta formativa en organizaci\u00f3n de eventos y convenciones","previousItem":{"@type":"ListItem","@id":"https:\/\/eldigitaldeasturias.com\/magazine365\/category\/actualidad-turismo\/#listItem","name":"Actualidad Turismo"}}]},{"@type":"Organization","@id":"https:\/\/eldigitaldeasturias.com\/magazine365\/#organization","name":"El digital de Asturias","description":"Revista de ocio, turismo y estilo de vida","url":"https:\/\/eldigitaldeasturias.com\/magazine365\/","logo":{"@type":"ImageObject","url":"https:\/\/www.eldigitaldeasturias.com\/noticias\/wp-content\/uploads\/2020\/12\/EDA.jpg","@id":"https:\/\/eldigitaldeasturias.com\/magazine365\/la-uib-presenta-su-oferta-formativa-en-organizacion-de-eventos-y-convenciones\/#organizationLogo"},"image":{"@id":"https:\/\/eldigitaldeasturias.com\/magazine365\/la-uib-presenta-su-oferta-formativa-en-organizacion-de-eventos-y-convenciones\/#organizationLogo"}},{"@type":"Person","@id":"https:\/\/eldigitaldeasturias.com\/magazine365\/author\/admin\/#author","url":"https:\/\/eldigitaldeasturias.com\/magazine365\/author\/admin\/","name":"admin","image":{"@type":"ImageObject","@id":"https:\/\/eldigitaldeasturias.com\/magazine365\/la-uib-presenta-su-oferta-formativa-en-organizacion-de-eventos-y-convenciones\/#authorImage","url":"https:\/\/eldigitaldeasturias.com\/magazine365\/wp-content\/litespeed\/avatar\/e571bcf59a0edd6fa6838245a470f2fe.jpg?ver=1777574230","width":96,"height":96,"caption":"admin"}},{"@type":"WebPage","@id":"https:\/\/eldigitaldeasturias.com\/magazine365\/la-uib-presenta-su-oferta-formativa-en-organizacion-de-eventos-y-convenciones\/#webpage","url":"https:\/\/eldigitaldeasturias.com\/magazine365\/la-uib-presenta-su-oferta-formativa-en-organizacion-de-eventos-y-convenciones\/","name":"La UIB presenta su oferta formativa en organizaci\u00f3n de eventos y convenciones | El Digital de Asturias","description":"La Facultad de Turismo de la Universitat de les Illes Balears (UIB), a cuya cabeza se encuentra el decano Bartolom\u00e9 Dey\u00e0, formar\u00e1 a los primeros especialistas de Baleares en organizar eventos e incentivos MICE (Meeting, Incentives, Conventions and Events). La UIB pondr\u00e1 en marcha a partir de octubre el primer curso de 'Especialista Universitario en","inLanguage":"es-ES","isPartOf":{"@id":"https:\/\/eldigitaldeasturias.com\/magazine365\/#website"},"breadcrumb":{"@id":"https:\/\/eldigitaldeasturias.com\/magazine365\/la-uib-presenta-su-oferta-formativa-en-organizacion-de-eventos-y-convenciones\/#breadcrumblist"},"author":{"@id":"https:\/\/eldigitaldeasturias.com\/magazine365\/author\/admin\/#author"},"creator":{"@id":"https:\/\/eldigitaldeasturias.com\/magazine365\/author\/admin\/#author"},"image":{"@type":"ImageObject","url":"https:\/\/eldigitaldeasturias.com\/magazine365\/wp-content\/uploads\/2015\/06\/fotonoticia_20150629092331_800.jpg","@id":"https:\/\/eldigitaldeasturias.com\/magazine365\/la-uib-presenta-su-oferta-formativa-en-organizacion-de-eventos-y-convenciones\/#mainImage","width":800,"height":597},"primaryImageOfPage":{"@id":"https:\/\/eldigitaldeasturias.com\/magazine365\/la-uib-presenta-su-oferta-formativa-en-organizacion-de-eventos-y-convenciones\/#mainImage"},"datePublished":"2015-06-29T14:55:46+02:00","dateModified":"2015-06-29T14:55:46+02:00"},{"@type":"WebSite","@id":"https:\/\/eldigitaldeasturias.com\/magazine365\/#website","url":"https:\/\/eldigitaldeasturias.com\/magazine365\/","name":"El Digital de Asturias","description":"Revista de ocio, turismo y estilo de vida","inLanguage":"es-ES","publisher":{"@id":"https:\/\/eldigitaldeasturias.com\/magazine365\/#organization"}}]},"og:locale":"es_ES","og:site_name":"El Digital de Asturias \u2013 Revista de ocio, turismo y estilo de vida","og:type":"article","og:title":"La UIB presenta su oferta formativa en organizaci\u00f3n de eventos y convenciones | El Digital de Asturias","og:description":"La Facultad de Turismo de la Universitat de les Illes Balears (UIB), a cuya cabeza se encuentra el decano Bartolom\u00e9 Dey\u00e0, formar\u00e1 a los primeros especialistas de Baleares en organizar eventos e incentivos MICE (Meeting, Incentives, Conventions and Events). La UIB pondr\u00e1 en marcha a partir de octubre el primer curso de 'Especialista Universitario en","og:url":"https:\/\/eldigitaldeasturias.com\/magazine365\/la-uib-presenta-su-oferta-formativa-en-organizacion-de-eventos-y-convenciones\/","og:image":"https:\/\/eldigitaldeasturias.com\/magazine365\/wp-content\/uploads\/2015\/06\/fotonoticia_20150629092331_800.jpg","og:image:secure_url":"https:\/\/eldigitaldeasturias.com\/magazine365\/wp-content\/uploads\/2015\/06\/fotonoticia_20150629092331_800.jpg","og:image:width":800,"og:image:height":597,"article:published_time":"2015-06-29T13:25:46+00:00","article:modified_time":"2015-06-29T13:25:46+00:00","twitter:card":"summary_large_image","twitter:title":"La UIB presenta su oferta formativa en organizaci\u00f3n de eventos y convenciones | El Digital de Asturias","twitter:description":"La Facultad de Turismo de la Universitat de les Illes Balears (UIB), a cuya cabeza se encuentra el decano Bartolom\u00e9 Dey\u00e0, formar\u00e1 a los primeros especialistas de Baleares en organizar eventos e incentivos MICE (Meeting, Incentives, Conventions and Events). La UIB pondr\u00e1 en marcha a partir de octubre el primer curso de 'Especialista Universitario en","twitter:image":"https:\/\/eldigitaldeasturias.com\/magazine365\/wp-content\/uploads\/2015\/06\/fotonoticia_20150629092331_800.jpg"},"aioseo_meta_data":{"post_id":"41215","title":null,"description":null,"keywords":null,"keyphrases":null,"primary_term":null,"canonical_url":null,"og_title":null,"og_description":null,"og_object_type":"default","og_image_type":"default","og_image_url":null,"og_image_width":null,"og_image_height":null,"og_image_custom_url":null,"og_image_custom_fields":null,"og_video":null,"og_custom_url":null,"og_article_section":null,"og_article_tags":null,"twitter_use_og":false,"twitter_card":"default","twitter_image_type":"default","twitter_image_url":null,"twitter_image_custom_url":null,"twitter_image_custom_fields":null,"twitter_title":null,"twitter_description":null,"schema":{"blockGraphs":[],"customGraphs":[],"default":{"data":{"Article":[],"Course":[],"Dataset":[],"FAQPage":[],"Movie":[],"Person":[],"Product":[],"ProductReview":[],"Car":[],"Recipe":[],"Service":[],"SoftwareApplication":[],"WebPage":[]},"graphName":"","isEnabled":true},"graphs":[],"defaultGraph":"","defaultPostTypeGraph":""},"schema_type":null,"schema_type_options":null,"pillar_content":false,"robots_default":true,"robots_noindex":false,"robots_noarchive":false,"robots_nosnippet":false,"robots_nofollow":false,"robots_noimageindex":false,"robots_noodp":false,"robots_notranslate":false,"robots_max_snippet":null,"robots_max_videopreview":null,"robots_max_imagepreview":"large","priority":null,"frequency":null,"location":null,"local_seo":null,"seo_analyzer_scan_date":"2025-09-19 15:14:42","breadcrumb_settings":null,"limit_modified_date":false,"open_ai":null,"ai":null,"created":"2021-03-09 02:18:41","updated":"2025-09-19 15:14:42"},"aioseo_breadcrumb":"<div class=\"aioseo-breadcrumbs\"><span class=\"aioseo-breadcrumb\">\n\t<a href=\"https:\/\/eldigitaldeasturias.com\/magazine365\" title=\"Home\">Home<\/a>\n<\/span><span class=\"aioseo-breadcrumb-separator\">\u2013<\/span><span class=\"aioseo-breadcrumb\">\n\t<a href=\"https:\/\/eldigitaldeasturias.com\/magazine365\/category\/actualidad-turismo\/\" title=\"Actualidad Turismo\">Actualidad Turismo<\/a>\n<\/span><span class=\"aioseo-breadcrumb-separator\">\u2013<\/span><span class=\"aioseo-breadcrumb\">\n\t<a href=\"https:\/\/eldigitaldeasturias.com\/magazine365\/la-uib-presenta-su-oferta-formativa-en-organizacion-de-eventos-y-convenciones\/\" title=\"La UIB presenta su oferta formativa en organizaci\u00f3n de eventos y convenciones\">La UIB presenta su oferta formativa en organizaci\u00f3n de eventos y convenciones<\/a>\n<\/span><\/div>","aioseo_breadcrumb_json":[{"label":"Home","link":"https:\/\/eldigitaldeasturias.com\/magazine365"},{"label":"Actualidad Turismo","link":"https:\/\/eldigitaldeasturias.com\/magazine365\/category\/actualidad-turismo\/"},{"label":"La UIB presenta su oferta formativa en organizaci\u00f3n de eventos y convenciones","link":"https:\/\/eldigitaldeasturias.com\/magazine365\/la-uib-presenta-su-oferta-formativa-en-organizacion-de-eventos-y-convenciones\/"}],"_links":{"self":[{"href":"https:\/\/eldigitaldeasturias.com\/magazine365\/wp-json\/wp\/v2\/posts\/41215","targetHints":{"allow":["GET"]}}],"collection":[{"href":"https:\/\/eldigitaldeasturias.com\/magazine365\/wp-json\/wp\/v2\/posts"}],"about":[{"href":"https:\/\/eldigitaldeasturias.com\/magazine365\/wp-json\/wp\/v2\/types\/post"}],"author":[{"embeddable":true,"href":"https:\/\/eldigitaldeasturias.com\/magazine365\/wp-json\/wp\/v2\/users\/1"}],"replies":[{"embeddable":true,"href":"https:\/\/eldigitaldeasturias.com\/magazine365\/wp-json\/wp\/v2\/comments?post=41215"}],"version-history":[{"count":0,"href":"https:\/\/eldigitaldeasturias.com\/magazine365\/wp-json\/wp\/v2\/posts\/41215\/revisions"}],"wp:featuredmedia":[{"embeddable":true,"href":"https:\/\/eldigitaldeasturias.com\/magazine365\/wp-json\/wp\/v2\/media\/41216"}],"wp:attachment":[{"href":"https:\/\/eldigitaldeasturias.com\/magazine365\/wp-json\/wp\/v2\/media?parent=41215"}],"wp:term":[{"taxonomy":"category","embeddable":true,"href":"https:\/\/eldigitaldeasturias.com\/magazine365\/wp-json\/wp\/v2\/categories?post=41215"},{"taxonomy":"post_tag","embeddable":true,"href":"https:\/\/eldigitaldeasturias.com\/magazine365\/wp-json\/wp\/v2\/tags?post=41215"}],"curies":[{"name":"wp","href":"https:\/\/api.w.org\/{rel}","templated":true}]}}