{"id":41195,"date":"2015-06-26T23:42:28","date_gmt":"2015-06-26T22:12:28","guid":{"rendered":"http:\/\/eldigitaldeasturias.com\/magazine365\/?p=41195"},"modified":"2015-06-26T23:42:28","modified_gmt":"2015-06-26T22:12:28","slug":"estacion-de-alcazar-genil-abierta-al-publico-hasta-el-domingo-para-visitar-los-restos-del-albercon-almohade","status":"publish","type":"post","link":"https:\/\/eldigitaldeasturias.com\/magazine365\/estacion-de-alcazar-genil-abierta-al-publico-hasta-el-domingo-para-visitar-los-restos-del-albercon-almohade\/","title":{"rendered":"Estaci\u00f3n de Alc\u00e1zar Genil, abierta al p\u00fablico hasta el domingo para visitar los restos del Alberc\u00f3n Almohade"},"content":{"rendered":"<p><img fetchpriority=\"high\" decoding=\"async\" class=\"alignleft size-medium wp-image-41196\" src=\"https:\/\/eldigitaldeasturias.com\/magazine365\/wp-content\/uploads\/2015\/06\/fotonoticia_20150626170618_800-360x240.jpg\" alt=\"fotonoticia_20150626170618_800\" width=\"360\" height=\"240\" srcset=\"https:\/\/eldigitaldeasturias.com\/magazine365\/wp-content\/uploads\/2015\/06\/fotonoticia_20150626170618_800-360x240.jpg 360w, https:\/\/eldigitaldeasturias.com\/magazine365\/wp-content\/uploads\/2015\/06\/fotonoticia_20150626170618_800-650x434.jpg 650w, https:\/\/eldigitaldeasturias.com\/magazine365\/wp-content\/uploads\/2015\/06\/fotonoticia_20150626170618_800-768x513.jpg 768w, https:\/\/eldigitaldeasturias.com\/magazine365\/wp-content\/uploads\/2015\/06\/fotonoticia_20150626170618_800-150x100.jpg 150w, https:\/\/eldigitaldeasturias.com\/magazine365\/wp-content\/uploads\/2015\/06\/fotonoticia_20150626170618_800-450x300.jpg 450w, https:\/\/eldigitaldeasturias.com\/magazine365\/wp-content\/uploads\/2015\/06\/fotonoticia_20150626170618_800-696x465.jpg 696w, https:\/\/eldigitaldeasturias.com\/magazine365\/wp-content\/uploads\/2015\/06\/fotonoticia_20150626170618_800-629x420.jpg 629w, https:\/\/eldigitaldeasturias.com\/magazine365\/wp-content\/uploads\/2015\/06\/fotonoticia_20150626170618_800-84x55.jpg 84w, https:\/\/eldigitaldeasturias.com\/magazine365\/wp-content\/uploads\/2015\/06\/fotonoticia_20150626170618_800.jpg 800w\" sizes=\"(max-width: 360px) 100vw, 360px\" \/>La estaci\u00f3n de metro de Alc\u00e1zar Genil, en Camino de Ronda de Granada, permanecer\u00e1 abierta al p\u00fablico desde este viernes y hasta el domingo para permitir la visita a los restos arqueol\u00f3gicos del Alberc\u00f3n Almohade hallados en la misma estaci\u00f3n dentro del proyecto de musealizaci\u00f3n y patrimonial que incorpora el Plan de Turismo de la capital<\/p>\n<p>La visita se podr\u00e1 realizar dentro de los propios restos sobre una pasarela de cristal que permite la completa visualizaci\u00f3n de la arqueolog\u00eda, un recorrido visual que estar\u00e1 apoyado por una aplicaci\u00f3n m\u00f3vil de descarga gratuita con contenidos explicativos del contexto hist\u00f3rico as\u00ed como una audiogu\u00eda narrada en ingl\u00e9s y en espa\u00f1ol y una recreaci\u00f3n virtual en gran formato del conjunto hist\u00f3rico del Alc\u00e1zar a trav\u00e9s de una pantalla t\u00e1ctil situada en el lugar.<\/p>\n<p>Tambi\u00e9n se ha creado la ruta &#8216;Granada de La Vega a la Medina&#8217;, que recorre hitos patrimoniales del pasado hist\u00f3rico de la ciudad como el Cuarto Real o la Casa de Zafra, un proyecto que han presentado la delegada del Gobierno andaluz en Granada, Sandra Garc\u00eda, junto al alcalde de la ciudad, Jos\u00e9 Torres Hurtado.<\/p>\n<p>Tanto el proyecto de musealizaci\u00f3n del Alberc\u00f3n Almohade como la nueva ruta est\u00e1n impulsados por el Plan de Turismo financiado en un 60 por ciento por la Junta de Andaluc\u00eda y un 40 por ciento por el Ayuntamiento de la capital y ahora los ciudadanos podr\u00e1n conocerlo en unas jornadas de puertas abiertas en horario de 12,00 a 20,00 horas.<\/p>\n<p>La visita se realiza por la alberca que alberg\u00f3 una naumaquia en el siglo XIII y que era un espacio destinado a recrear batallas navales a escala casi real para distracci\u00f3n de los reyes, con una interpretaci\u00f3n o musealizaci\u00f3n de la \u00e9poca y el contexto urbano y agr\u00edcola en que se construy\u00f3 el palacete de Alc\u00e1zar Genil, del que formaba parte la alberca de riego encontrada en las excavaciones.<\/p>\n<p>Al acto de presentaci\u00f3n de los nuevos productos tur\u00edsticos, en los que se han invertido 98.000 euros, han asistido tambi\u00e9n el delegado de Fomento, Vivienda, Turismo y Comercio, Francisco Ruiz D\u00e1vila, la concejala de Turismo, Roc\u00edo D\u00edaz, y el presidente de la Federaci\u00f3n de Hosteler\u00eda, Trinitario Betoret.<\/p>\n","protected":false},"excerpt":{"rendered":"<p>La estaci\u00f3n de metro de Alc\u00e1zar Genil, en Camino de Ronda de Granada, permanecer\u00e1 abierta al p\u00fablico desde este viernes y hasta el domingo para permitir la visita a los restos arqueol\u00f3gicos del Alberc\u00f3n Almohade hallados en la misma estaci\u00f3n dentro del proyecto de musealizaci\u00f3n y patrimonial que incorpora el Plan de Turismo de la<\/p>\n","protected":false},"author":1,"featured_media":41196,"comment_status":"open","ping_status":"closed","sticky":false,"template":"","format":"standard","meta":{"footnotes":""},"categories":[222],"tags":[],"class_list":{"0":"post-41195","1":"post","2":"type-post","3":"status-publish","4":"format-standard","5":"has-post-thumbnail","7":"category-actualidad-turismo"},"aioseo_notices":[],"aioseo_head":"\n\t\t<!-- All in One SEO Pro 4.9.6.1 - aioseo.com -->\n\t<meta name=\"description\" content=\"La estaci\u00f3n de metro de Alc\u00e1zar Genil, en Camino de Ronda de Granada, permanecer\u00e1 abierta al p\u00fablico desde este viernes y hasta el domingo para permitir la visita a los restos arqueol\u00f3gicos del Alberc\u00f3n Almohade hallados en la misma estaci\u00f3n dentro del proyecto de musealizaci\u00f3n y patrimonial que incorpora el Plan de Turismo de la\" \/>\n\t<meta name=\"robots\" content=\"max-image-preview:large\" \/>\n\t<meta name=\"author\" content=\"admin\"\/>\n\t<meta name=\"google-site-verification\" content=\"UA-38556648-1\" \/>\n\t<meta name=\"keywords\" content=\"actualidad turismo\" \/>\n\t<link rel=\"canonical\" href=\"https:\/\/eldigitaldeasturias.com\/magazine365\/estacion-de-alcazar-genil-abierta-al-publico-hasta-el-domingo-para-visitar-los-restos-del-albercon-almohade\/\" \/>\n\t<meta name=\"generator\" content=\"All in One SEO Pro (AIOSEO) 4.9.6.1\" \/>\n\t\t<meta property=\"og:locale\" content=\"es_ES\" \/>\n\t\t<meta property=\"og:site_name\" content=\"El Digital de Asturias \u2013 Revista de ocio, turismo y estilo de vida\" \/>\n\t\t<meta property=\"og:type\" content=\"article\" \/>\n\t\t<meta property=\"og:title\" content=\"Estaci\u00f3n de Alc\u00e1zar Genil, abierta al p\u00fablico hasta el domingo para visitar los restos del Alberc\u00f3n Almohade | El Digital de Asturias\" \/>\n\t\t<meta property=\"og:description\" content=\"La estaci\u00f3n de metro de Alc\u00e1zar Genil, en Camino de Ronda de Granada, permanecer\u00e1 abierta al p\u00fablico desde este viernes y hasta el domingo para permitir la visita a los restos arqueol\u00f3gicos del Alberc\u00f3n Almohade hallados en la misma estaci\u00f3n dentro del proyecto de musealizaci\u00f3n y patrimonial que incorpora el Plan de Turismo de la\" \/>\n\t\t<meta property=\"og:url\" content=\"https:\/\/eldigitaldeasturias.com\/magazine365\/estacion-de-alcazar-genil-abierta-al-publico-hasta-el-domingo-para-visitar-los-restos-del-albercon-almohade\/\" \/>\n\t\t<meta property=\"og:image\" content=\"https:\/\/eldigitaldeasturias.com\/magazine365\/wp-content\/uploads\/2015\/06\/fotonoticia_20150626170618_800.jpg\" \/>\n\t\t<meta property=\"og:image:secure_url\" content=\"https:\/\/eldigitaldeasturias.com\/magazine365\/wp-content\/uploads\/2015\/06\/fotonoticia_20150626170618_800.jpg\" \/>\n\t\t<meta property=\"og:image:width\" content=\"800\" \/>\n\t\t<meta property=\"og:image:height\" content=\"534\" \/>\n\t\t<meta property=\"article:published_time\" content=\"2015-06-26T22:12:28+00:00\" \/>\n\t\t<meta property=\"article:modified_time\" content=\"2015-06-26T22:12:28+00:00\" \/>\n\t\t<meta name=\"twitter:card\" content=\"summary_large_image\" \/>\n\t\t<meta name=\"twitter:title\" content=\"Estaci\u00f3n de Alc\u00e1zar Genil, abierta al p\u00fablico hasta el domingo para visitar los restos del Alberc\u00f3n Almohade | El Digital de Asturias\" \/>\n\t\t<meta name=\"twitter:description\" content=\"La estaci\u00f3n de metro de Alc\u00e1zar Genil, en Camino de Ronda de Granada, permanecer\u00e1 abierta al p\u00fablico desde este viernes y hasta el domingo para permitir la visita a los restos arqueol\u00f3gicos del Alberc\u00f3n Almohade hallados en la misma estaci\u00f3n dentro del proyecto de musealizaci\u00f3n y patrimonial que incorpora el Plan de Turismo de la\" \/>\n\t\t<meta name=\"twitter:image\" content=\"https:\/\/eldigitaldeasturias.com\/magazine365\/wp-content\/uploads\/2015\/06\/fotonoticia_20150626170618_800.jpg\" \/>\n\t\t<script type=\"application\/ld+json\" class=\"aioseo-schema\">\n\t\t\t{\"@context\":\"https:\\\/\\\/schema.org\",\"@graph\":[{\"@type\":\"Article\",\"@id\":\"https:\\\/\\\/eldigitaldeasturias.com\\\/magazine365\\\/estacion-de-alcazar-genil-abierta-al-publico-hasta-el-domingo-para-visitar-los-restos-del-albercon-almohade\\\/#article\",\"name\":\"Estaci\\u00f3n de Alc\\u00e1zar Genil, abierta al p\\u00fablico hasta el domingo para visitar los restos del Alberc\\u00f3n Almohade | El Digital de Asturias\",\"headline\":\"Estaci\\u00f3n de Alc\\u00e1zar Genil, abierta al p\\u00fablico hasta el domingo para visitar los restos del Alberc\\u00f3n Almohade\",\"author\":{\"@id\":\"https:\\\/\\\/eldigitaldeasturias.com\\\/magazine365\\\/author\\\/admin\\\/#author\"},\"publisher\":{\"@id\":\"https:\\\/\\\/eldigitaldeasturias.com\\\/magazine365\\\/#organization\"},\"image\":{\"@type\":\"ImageObject\",\"url\":\"https:\\\/\\\/eldigitaldeasturias.com\\\/magazine365\\\/wp-content\\\/uploads\\\/2015\\\/06\\\/fotonoticia_20150626170618_800.jpg\",\"width\":800,\"height\":534},\"datePublished\":\"2015-06-26T23:42:28+02:00\",\"dateModified\":\"2015-06-26T23:42:28+02:00\",\"inLanguage\":\"es-ES\",\"mainEntityOfPage\":{\"@id\":\"https:\\\/\\\/eldigitaldeasturias.com\\\/magazine365\\\/estacion-de-alcazar-genil-abierta-al-publico-hasta-el-domingo-para-visitar-los-restos-del-albercon-almohade\\\/#webpage\"},\"isPartOf\":{\"@id\":\"https:\\\/\\\/eldigitaldeasturias.com\\\/magazine365\\\/estacion-de-alcazar-genil-abierta-al-publico-hasta-el-domingo-para-visitar-los-restos-del-albercon-almohade\\\/#webpage\"},\"articleSection\":\"Actualidad Turismo\"},{\"@type\":\"BreadcrumbList\",\"@id\":\"https:\\\/\\\/eldigitaldeasturias.com\\\/magazine365\\\/estacion-de-alcazar-genil-abierta-al-publico-hasta-el-domingo-para-visitar-los-restos-del-albercon-almohade\\\/#breadcrumblist\",\"itemListElement\":[{\"@type\":\"ListItem\",\"@id\":\"https:\\\/\\\/eldigitaldeasturias.com\\\/magazine365#listItem\",\"position\":1,\"name\":\"Home\",\"item\":\"https:\\\/\\\/eldigitaldeasturias.com\\\/magazine365\",\"nextItem\":{\"@type\":\"ListItem\",\"@id\":\"https:\\\/\\\/eldigitaldeasturias.com\\\/magazine365\\\/category\\\/actualidad-turismo\\\/#listItem\",\"name\":\"Actualidad Turismo\"}},{\"@type\":\"ListItem\",\"@id\":\"https:\\\/\\\/eldigitaldeasturias.com\\\/magazine365\\\/category\\\/actualidad-turismo\\\/#listItem\",\"position\":2,\"name\":\"Actualidad Turismo\",\"item\":\"https:\\\/\\\/eldigitaldeasturias.com\\\/magazine365\\\/category\\\/actualidad-turismo\\\/\",\"nextItem\":{\"@type\":\"ListItem\",\"@id\":\"https:\\\/\\\/eldigitaldeasturias.com\\\/magazine365\\\/estacion-de-alcazar-genil-abierta-al-publico-hasta-el-domingo-para-visitar-los-restos-del-albercon-almohade\\\/#listItem\",\"name\":\"Estaci\\u00f3n de Alc\\u00e1zar Genil, abierta al p\\u00fablico hasta el domingo para visitar los restos del Alberc\\u00f3n Almohade\"},\"previousItem\":{\"@type\":\"ListItem\",\"@id\":\"https:\\\/\\\/eldigitaldeasturias.com\\\/magazine365#listItem\",\"name\":\"Home\"}},{\"@type\":\"ListItem\",\"@id\":\"https:\\\/\\\/eldigitaldeasturias.com\\\/magazine365\\\/estacion-de-alcazar-genil-abierta-al-publico-hasta-el-domingo-para-visitar-los-restos-del-albercon-almohade\\\/#listItem\",\"position\":3,\"name\":\"Estaci\\u00f3n de Alc\\u00e1zar Genil, abierta al p\\u00fablico hasta el domingo para visitar los restos del Alberc\\u00f3n Almohade\",\"previousItem\":{\"@type\":\"ListItem\",\"@id\":\"https:\\\/\\\/eldigitaldeasturias.com\\\/magazine365\\\/category\\\/actualidad-turismo\\\/#listItem\",\"name\":\"Actualidad Turismo\"}}]},{\"@type\":\"Organization\",\"@id\":\"https:\\\/\\\/eldigitaldeasturias.com\\\/magazine365\\\/#organization\",\"name\":\"El digital de Asturias\",\"description\":\"Revista de ocio, turismo y estilo de vida\",\"url\":\"https:\\\/\\\/eldigitaldeasturias.com\\\/magazine365\\\/\",\"logo\":{\"@type\":\"ImageObject\",\"url\":\"https:\\\/\\\/www.eldigitaldeasturias.com\\\/noticias\\\/wp-content\\\/uploads\\\/2020\\\/12\\\/EDA.jpg\",\"@id\":\"https:\\\/\\\/eldigitaldeasturias.com\\\/magazine365\\\/estacion-de-alcazar-genil-abierta-al-publico-hasta-el-domingo-para-visitar-los-restos-del-albercon-almohade\\\/#organizationLogo\"},\"image\":{\"@id\":\"https:\\\/\\\/eldigitaldeasturias.com\\\/magazine365\\\/estacion-de-alcazar-genil-abierta-al-publico-hasta-el-domingo-para-visitar-los-restos-del-albercon-almohade\\\/#organizationLogo\"}},{\"@type\":\"Person\",\"@id\":\"https:\\\/\\\/eldigitaldeasturias.com\\\/magazine365\\\/author\\\/admin\\\/#author\",\"url\":\"https:\\\/\\\/eldigitaldeasturias.com\\\/magazine365\\\/author\\\/admin\\\/\",\"name\":\"admin\",\"image\":{\"@type\":\"ImageObject\",\"@id\":\"https:\\\/\\\/eldigitaldeasturias.com\\\/magazine365\\\/estacion-de-alcazar-genil-abierta-al-publico-hasta-el-domingo-para-visitar-los-restos-del-albercon-almohade\\\/#authorImage\",\"url\":\"https:\\\/\\\/eldigitaldeasturias.com\\\/magazine365\\\/wp-content\\\/litespeed\\\/avatar\\\/e571bcf59a0edd6fa6838245a470f2fe.jpg?ver=1777574230\",\"width\":96,\"height\":96,\"caption\":\"admin\"}},{\"@type\":\"WebPage\",\"@id\":\"https:\\\/\\\/eldigitaldeasturias.com\\\/magazine365\\\/estacion-de-alcazar-genil-abierta-al-publico-hasta-el-domingo-para-visitar-los-restos-del-albercon-almohade\\\/#webpage\",\"url\":\"https:\\\/\\\/eldigitaldeasturias.com\\\/magazine365\\\/estacion-de-alcazar-genil-abierta-al-publico-hasta-el-domingo-para-visitar-los-restos-del-albercon-almohade\\\/\",\"name\":\"Estaci\\u00f3n de Alc\\u00e1zar Genil, abierta al p\\u00fablico hasta el domingo para visitar los restos del Alberc\\u00f3n Almohade | El Digital de Asturias\",\"description\":\"La estaci\\u00f3n de metro de Alc\\u00e1zar Genil, en Camino de Ronda de Granada, permanecer\\u00e1 abierta al p\\u00fablico desde este viernes y hasta el domingo para permitir la visita a los restos arqueol\\u00f3gicos del Alberc\\u00f3n Almohade hallados en la misma estaci\\u00f3n dentro del proyecto de musealizaci\\u00f3n y patrimonial que incorpora el Plan de Turismo de la\",\"inLanguage\":\"es-ES\",\"isPartOf\":{\"@id\":\"https:\\\/\\\/eldigitaldeasturias.com\\\/magazine365\\\/#website\"},\"breadcrumb\":{\"@id\":\"https:\\\/\\\/eldigitaldeasturias.com\\\/magazine365\\\/estacion-de-alcazar-genil-abierta-al-publico-hasta-el-domingo-para-visitar-los-restos-del-albercon-almohade\\\/#breadcrumblist\"},\"author\":{\"@id\":\"https:\\\/\\\/eldigitaldeasturias.com\\\/magazine365\\\/author\\\/admin\\\/#author\"},\"creator\":{\"@id\":\"https:\\\/\\\/eldigitaldeasturias.com\\\/magazine365\\\/author\\\/admin\\\/#author\"},\"image\":{\"@type\":\"ImageObject\",\"url\":\"https:\\\/\\\/eldigitaldeasturias.com\\\/magazine365\\\/wp-content\\\/uploads\\\/2015\\\/06\\\/fotonoticia_20150626170618_800.jpg\",\"@id\":\"https:\\\/\\\/eldigitaldeasturias.com\\\/magazine365\\\/estacion-de-alcazar-genil-abierta-al-publico-hasta-el-domingo-para-visitar-los-restos-del-albercon-almohade\\\/#mainImage\",\"width\":800,\"height\":534},\"primaryImageOfPage\":{\"@id\":\"https:\\\/\\\/eldigitaldeasturias.com\\\/magazine365\\\/estacion-de-alcazar-genil-abierta-al-publico-hasta-el-domingo-para-visitar-los-restos-del-albercon-almohade\\\/#mainImage\"},\"datePublished\":\"2015-06-26T23:42:28+02:00\",\"dateModified\":\"2015-06-26T23:42:28+02:00\"},{\"@type\":\"WebSite\",\"@id\":\"https:\\\/\\\/eldigitaldeasturias.com\\\/magazine365\\\/#website\",\"url\":\"https:\\\/\\\/eldigitaldeasturias.com\\\/magazine365\\\/\",\"name\":\"El Digital de Asturias\",\"description\":\"Revista de ocio, turismo y estilo de vida\",\"inLanguage\":\"es-ES\",\"publisher\":{\"@id\":\"https:\\\/\\\/eldigitaldeasturias.com\\\/magazine365\\\/#organization\"}}]}\n\t\t<\/script>\n\t\t<!-- All in One SEO Pro -->\r\n\t\t<title>Estaci\u00f3n de Alc\u00e1zar Genil, abierta al p\u00fablico hasta el domingo para visitar los restos del Alberc\u00f3n Almohade | El Digital de Asturias<\/title>\n\n","aioseo_head_json":{"title":"Estaci\u00f3n de Alc\u00e1zar Genil, abierta al p\u00fablico hasta el domingo para visitar los restos del Alberc\u00f3n Almohade | El Digital de Asturias","description":"La estaci\u00f3n de metro de Alc\u00e1zar Genil, en Camino de Ronda de Granada, permanecer\u00e1 abierta al p\u00fablico desde este viernes y hasta el domingo para permitir la visita a los restos arqueol\u00f3gicos del Alberc\u00f3n Almohade hallados en la misma estaci\u00f3n dentro del proyecto de musealizaci\u00f3n y patrimonial que incorpora el Plan de Turismo de la","canonical_url":"https:\/\/eldigitaldeasturias.com\/magazine365\/estacion-de-alcazar-genil-abierta-al-publico-hasta-el-domingo-para-visitar-los-restos-del-albercon-almohade\/","robots":"max-image-preview:large","keywords":"actualidad turismo","webmasterTools":{"google-site-verification":"UA-38556648-1","miscellaneous":""},"schema":{"@context":"https:\/\/schema.org","@graph":[{"@type":"Article","@id":"https:\/\/eldigitaldeasturias.com\/magazine365\/estacion-de-alcazar-genil-abierta-al-publico-hasta-el-domingo-para-visitar-los-restos-del-albercon-almohade\/#article","name":"Estaci\u00f3n de Alc\u00e1zar Genil, abierta al p\u00fablico hasta el domingo para visitar los restos del Alberc\u00f3n Almohade | El Digital de Asturias","headline":"Estaci\u00f3n de Alc\u00e1zar Genil, abierta al p\u00fablico hasta el domingo para visitar los restos del Alberc\u00f3n Almohade","author":{"@id":"https:\/\/eldigitaldeasturias.com\/magazine365\/author\/admin\/#author"},"publisher":{"@id":"https:\/\/eldigitaldeasturias.com\/magazine365\/#organization"},"image":{"@type":"ImageObject","url":"https:\/\/eldigitaldeasturias.com\/magazine365\/wp-content\/uploads\/2015\/06\/fotonoticia_20150626170618_800.jpg","width":800,"height":534},"datePublished":"2015-06-26T23:42:28+02:00","dateModified":"2015-06-26T23:42:28+02:00","inLanguage":"es-ES","mainEntityOfPage":{"@id":"https:\/\/eldigitaldeasturias.com\/magazine365\/estacion-de-alcazar-genil-abierta-al-publico-hasta-el-domingo-para-visitar-los-restos-del-albercon-almohade\/#webpage"},"isPartOf":{"@id":"https:\/\/eldigitaldeasturias.com\/magazine365\/estacion-de-alcazar-genil-abierta-al-publico-hasta-el-domingo-para-visitar-los-restos-del-albercon-almohade\/#webpage"},"articleSection":"Actualidad Turismo"},{"@type":"BreadcrumbList","@id":"https:\/\/eldigitaldeasturias.com\/magazine365\/estacion-de-alcazar-genil-abierta-al-publico-hasta-el-domingo-para-visitar-los-restos-del-albercon-almohade\/#breadcrumblist","itemListElement":[{"@type":"ListItem","@id":"https:\/\/eldigitaldeasturias.com\/magazine365#listItem","position":1,"name":"Home","item":"https:\/\/eldigitaldeasturias.com\/magazine365","nextItem":{"@type":"ListItem","@id":"https:\/\/eldigitaldeasturias.com\/magazine365\/category\/actualidad-turismo\/#listItem","name":"Actualidad Turismo"}},{"@type":"ListItem","@id":"https:\/\/eldigitaldeasturias.com\/magazine365\/category\/actualidad-turismo\/#listItem","position":2,"name":"Actualidad Turismo","item":"https:\/\/eldigitaldeasturias.com\/magazine365\/category\/actualidad-turismo\/","nextItem":{"@type":"ListItem","@id":"https:\/\/eldigitaldeasturias.com\/magazine365\/estacion-de-alcazar-genil-abierta-al-publico-hasta-el-domingo-para-visitar-los-restos-del-albercon-almohade\/#listItem","name":"Estaci\u00f3n de Alc\u00e1zar Genil, abierta al p\u00fablico hasta el domingo para visitar los restos del Alberc\u00f3n Almohade"},"previousItem":{"@type":"ListItem","@id":"https:\/\/eldigitaldeasturias.com\/magazine365#listItem","name":"Home"}},{"@type":"ListItem","@id":"https:\/\/eldigitaldeasturias.com\/magazine365\/estacion-de-alcazar-genil-abierta-al-publico-hasta-el-domingo-para-visitar-los-restos-del-albercon-almohade\/#listItem","position":3,"name":"Estaci\u00f3n de Alc\u00e1zar Genil, abierta al p\u00fablico hasta el domingo para visitar los restos del Alberc\u00f3n Almohade","previousItem":{"@type":"ListItem","@id":"https:\/\/eldigitaldeasturias.com\/magazine365\/category\/actualidad-turismo\/#listItem","name":"Actualidad Turismo"}}]},{"@type":"Organization","@id":"https:\/\/eldigitaldeasturias.com\/magazine365\/#organization","name":"El digital de Asturias","description":"Revista de ocio, turismo y estilo de vida","url":"https:\/\/eldigitaldeasturias.com\/magazine365\/","logo":{"@type":"ImageObject","url":"https:\/\/www.eldigitaldeasturias.com\/noticias\/wp-content\/uploads\/2020\/12\/EDA.jpg","@id":"https:\/\/eldigitaldeasturias.com\/magazine365\/estacion-de-alcazar-genil-abierta-al-publico-hasta-el-domingo-para-visitar-los-restos-del-albercon-almohade\/#organizationLogo"},"image":{"@id":"https:\/\/eldigitaldeasturias.com\/magazine365\/estacion-de-alcazar-genil-abierta-al-publico-hasta-el-domingo-para-visitar-los-restos-del-albercon-almohade\/#organizationLogo"}},{"@type":"Person","@id":"https:\/\/eldigitaldeasturias.com\/magazine365\/author\/admin\/#author","url":"https:\/\/eldigitaldeasturias.com\/magazine365\/author\/admin\/","name":"admin","image":{"@type":"ImageObject","@id":"https:\/\/eldigitaldeasturias.com\/magazine365\/estacion-de-alcazar-genil-abierta-al-publico-hasta-el-domingo-para-visitar-los-restos-del-albercon-almohade\/#authorImage","url":"https:\/\/eldigitaldeasturias.com\/magazine365\/wp-content\/litespeed\/avatar\/e571bcf59a0edd6fa6838245a470f2fe.jpg?ver=1777574230","width":96,"height":96,"caption":"admin"}},{"@type":"WebPage","@id":"https:\/\/eldigitaldeasturias.com\/magazine365\/estacion-de-alcazar-genil-abierta-al-publico-hasta-el-domingo-para-visitar-los-restos-del-albercon-almohade\/#webpage","url":"https:\/\/eldigitaldeasturias.com\/magazine365\/estacion-de-alcazar-genil-abierta-al-publico-hasta-el-domingo-para-visitar-los-restos-del-albercon-almohade\/","name":"Estaci\u00f3n de Alc\u00e1zar Genil, abierta al p\u00fablico hasta el domingo para visitar los restos del Alberc\u00f3n Almohade | El Digital de Asturias","description":"La estaci\u00f3n de metro de Alc\u00e1zar Genil, en Camino de Ronda de Granada, permanecer\u00e1 abierta al p\u00fablico desde este viernes y hasta el domingo para permitir la visita a los restos arqueol\u00f3gicos del Alberc\u00f3n Almohade hallados en la misma estaci\u00f3n dentro del proyecto de musealizaci\u00f3n y patrimonial que incorpora el Plan de Turismo de la","inLanguage":"es-ES","isPartOf":{"@id":"https:\/\/eldigitaldeasturias.com\/magazine365\/#website"},"breadcrumb":{"@id":"https:\/\/eldigitaldeasturias.com\/magazine365\/estacion-de-alcazar-genil-abierta-al-publico-hasta-el-domingo-para-visitar-los-restos-del-albercon-almohade\/#breadcrumblist"},"author":{"@id":"https:\/\/eldigitaldeasturias.com\/magazine365\/author\/admin\/#author"},"creator":{"@id":"https:\/\/eldigitaldeasturias.com\/magazine365\/author\/admin\/#author"},"image":{"@type":"ImageObject","url":"https:\/\/eldigitaldeasturias.com\/magazine365\/wp-content\/uploads\/2015\/06\/fotonoticia_20150626170618_800.jpg","@id":"https:\/\/eldigitaldeasturias.com\/magazine365\/estacion-de-alcazar-genil-abierta-al-publico-hasta-el-domingo-para-visitar-los-restos-del-albercon-almohade\/#mainImage","width":800,"height":534},"primaryImageOfPage":{"@id":"https:\/\/eldigitaldeasturias.com\/magazine365\/estacion-de-alcazar-genil-abierta-al-publico-hasta-el-domingo-para-visitar-los-restos-del-albercon-almohade\/#mainImage"},"datePublished":"2015-06-26T23:42:28+02:00","dateModified":"2015-06-26T23:42:28+02:00"},{"@type":"WebSite","@id":"https:\/\/eldigitaldeasturias.com\/magazine365\/#website","url":"https:\/\/eldigitaldeasturias.com\/magazine365\/","name":"El Digital de Asturias","description":"Revista de ocio, turismo y estilo de vida","inLanguage":"es-ES","publisher":{"@id":"https:\/\/eldigitaldeasturias.com\/magazine365\/#organization"}}]},"og:locale":"es_ES","og:site_name":"El Digital de Asturias \u2013 Revista de ocio, turismo y estilo de vida","og:type":"article","og:title":"Estaci\u00f3n de Alc\u00e1zar Genil, abierta al p\u00fablico hasta el domingo para visitar los restos del Alberc\u00f3n Almohade | El Digital de Asturias","og:description":"La estaci\u00f3n de metro de Alc\u00e1zar Genil, en Camino de Ronda de Granada, permanecer\u00e1 abierta al p\u00fablico desde este viernes y hasta el domingo para permitir la visita a los restos arqueol\u00f3gicos del Alberc\u00f3n Almohade hallados en la misma estaci\u00f3n dentro del proyecto de musealizaci\u00f3n y patrimonial que incorpora el Plan de Turismo de la","og:url":"https:\/\/eldigitaldeasturias.com\/magazine365\/estacion-de-alcazar-genil-abierta-al-publico-hasta-el-domingo-para-visitar-los-restos-del-albercon-almohade\/","og:image":"https:\/\/eldigitaldeasturias.com\/magazine365\/wp-content\/uploads\/2015\/06\/fotonoticia_20150626170618_800.jpg","og:image:secure_url":"https:\/\/eldigitaldeasturias.com\/magazine365\/wp-content\/uploads\/2015\/06\/fotonoticia_20150626170618_800.jpg","og:image:width":800,"og:image:height":534,"article:published_time":"2015-06-26T22:12:28+00:00","article:modified_time":"2015-06-26T22:12:28+00:00","twitter:card":"summary_large_image","twitter:title":"Estaci\u00f3n de Alc\u00e1zar Genil, abierta al p\u00fablico hasta el domingo para visitar los restos del Alberc\u00f3n Almohade | El Digital de Asturias","twitter:description":"La estaci\u00f3n de metro de Alc\u00e1zar Genil, en Camino de Ronda de Granada, permanecer\u00e1 abierta al p\u00fablico desde este viernes y hasta el domingo para permitir la visita a los restos arqueol\u00f3gicos del Alberc\u00f3n Almohade hallados en la misma estaci\u00f3n dentro del proyecto de musealizaci\u00f3n y patrimonial que incorpora el Plan de Turismo de la","twitter:image":"https:\/\/eldigitaldeasturias.com\/magazine365\/wp-content\/uploads\/2015\/06\/fotonoticia_20150626170618_800.jpg"},"aioseo_meta_data":{"post_id":"41195","title":null,"description":null,"keywords":null,"keyphrases":null,"primary_term":null,"canonical_url":null,"og_title":null,"og_description":null,"og_object_type":"default","og_image_type":"default","og_image_url":null,"og_image_width":null,"og_image_height":null,"og_image_custom_url":null,"og_image_custom_fields":null,"og_video":null,"og_custom_url":null,"og_article_section":null,"og_article_tags":null,"twitter_use_og":false,"twitter_card":"default","twitter_image_type":"default","twitter_image_url":null,"twitter_image_custom_url":null,"twitter_image_custom_fields":null,"twitter_title":null,"twitter_description":null,"schema":{"blockGraphs":[],"customGraphs":[],"default":{"data":{"Article":[],"Course":[],"Dataset":[],"FAQPage":[],"Movie":[],"Person":[],"Product":[],"ProductReview":[],"Car":[],"Recipe":[],"Service":[],"SoftwareApplication":[],"WebPage":[]},"graphName":"","isEnabled":true},"graphs":[],"defaultGraph":"","defaultPostTypeGraph":""},"schema_type":null,"schema_type_options":null,"pillar_content":false,"robots_default":true,"robots_noindex":false,"robots_noarchive":false,"robots_nosnippet":false,"robots_nofollow":false,"robots_noimageindex":false,"robots_noodp":false,"robots_notranslate":false,"robots_max_snippet":null,"robots_max_videopreview":null,"robots_max_imagepreview":"large","priority":null,"frequency":null,"location":null,"local_seo":null,"seo_analyzer_scan_date":"2025-09-19 15:13:14","breadcrumb_settings":null,"limit_modified_date":false,"open_ai":null,"ai":null,"created":"2021-03-09 02:18:41","updated":"2025-09-19 15:13:14"},"aioseo_breadcrumb":"<div class=\"aioseo-breadcrumbs\"><span class=\"aioseo-breadcrumb\">\n\t<a href=\"https:\/\/eldigitaldeasturias.com\/magazine365\" title=\"Home\">Home<\/a>\n<\/span><span class=\"aioseo-breadcrumb-separator\">\u2013<\/span><span class=\"aioseo-breadcrumb\">\n\t<a href=\"https:\/\/eldigitaldeasturias.com\/magazine365\/category\/actualidad-turismo\/\" title=\"Actualidad Turismo\">Actualidad Turismo<\/a>\n<\/span><span class=\"aioseo-breadcrumb-separator\">\u2013<\/span><span class=\"aioseo-breadcrumb\">\n\t<a href=\"https:\/\/eldigitaldeasturias.com\/magazine365\/estacion-de-alcazar-genil-abierta-al-publico-hasta-el-domingo-para-visitar-los-restos-del-albercon-almohade\/\" title=\"Estaci\u00f3n de Alc\u00e1zar Genil, abierta al p\u00fablico hasta el domingo para visitar los restos del Alberc\u00f3n Almohade\">Estaci\u00f3n de Alc\u00e1zar Genil, abierta al p\u00fablico hasta el domingo para visitar los restos del Alberc\u00f3n Almohade<\/a>\n<\/span><\/div>","aioseo_breadcrumb_json":[{"label":"Home","link":"https:\/\/eldigitaldeasturias.com\/magazine365"},{"label":"Actualidad Turismo","link":"https:\/\/eldigitaldeasturias.com\/magazine365\/category\/actualidad-turismo\/"},{"label":"Estaci\u00f3n de Alc\u00e1zar Genil, abierta al p\u00fablico hasta el domingo para visitar los restos del Alberc\u00f3n Almohade","link":"https:\/\/eldigitaldeasturias.com\/magazine365\/estacion-de-alcazar-genil-abierta-al-publico-hasta-el-domingo-para-visitar-los-restos-del-albercon-almohade\/"}],"_links":{"self":[{"href":"https:\/\/eldigitaldeasturias.com\/magazine365\/wp-json\/wp\/v2\/posts\/41195","targetHints":{"allow":["GET"]}}],"collection":[{"href":"https:\/\/eldigitaldeasturias.com\/magazine365\/wp-json\/wp\/v2\/posts"}],"about":[{"href":"https:\/\/eldigitaldeasturias.com\/magazine365\/wp-json\/wp\/v2\/types\/post"}],"author":[{"embeddable":true,"href":"https:\/\/eldigitaldeasturias.com\/magazine365\/wp-json\/wp\/v2\/users\/1"}],"replies":[{"embeddable":true,"href":"https:\/\/eldigitaldeasturias.com\/magazine365\/wp-json\/wp\/v2\/comments?post=41195"}],"version-history":[{"count":0,"href":"https:\/\/eldigitaldeasturias.com\/magazine365\/wp-json\/wp\/v2\/posts\/41195\/revisions"}],"wp:featuredmedia":[{"embeddable":true,"href":"https:\/\/eldigitaldeasturias.com\/magazine365\/wp-json\/wp\/v2\/media\/41196"}],"wp:attachment":[{"href":"https:\/\/eldigitaldeasturias.com\/magazine365\/wp-json\/wp\/v2\/media?parent=41195"}],"wp:term":[{"taxonomy":"category","embeddable":true,"href":"https:\/\/eldigitaldeasturias.com\/magazine365\/wp-json\/wp\/v2\/categories?post=41195"},{"taxonomy":"post_tag","embeddable":true,"href":"https:\/\/eldigitaldeasturias.com\/magazine365\/wp-json\/wp\/v2\/tags?post=41195"}],"curies":[{"name":"wp","href":"https:\/\/api.w.org\/{rel}","templated":true}]}}