{"id":41189,"date":"2015-06-26T23:37:03","date_gmt":"2015-06-26T22:07:03","guid":{"rendered":"http:\/\/eldigitaldeasturias.com\/magazine365\/?p=41189"},"modified":"2015-06-26T23:37:03","modified_gmt":"2015-06-26T22:07:03","slug":"los-usuarios-de-la-playa-de-rodiles-no-tendran-que-pagar-por-aparcar","status":"publish","type":"post","link":"https:\/\/eldigitaldeasturias.com\/magazine365\/los-usuarios-de-la-playa-de-rodiles-no-tendran-que-pagar-por-aparcar\/","title":{"rendered":"Los usuarios de la playa de Rodiles no tendr\u00e1n que pagar por aparcar"},"content":{"rendered":"<p><img fetchpriority=\"high\" decoding=\"async\" class=\"alignleft size-medium wp-image-41190\" src=\"https:\/\/eldigitaldeasturias.com\/magazine365\/wp-content\/uploads\/2015\/06\/Rodiles-360x270.jpg\" alt=\"Rodiles\" width=\"360\" height=\"270\" srcset=\"https:\/\/eldigitaldeasturias.com\/magazine365\/wp-content\/uploads\/2015\/06\/Rodiles-360x270.jpg 360w, https:\/\/eldigitaldeasturias.com\/magazine365\/wp-content\/uploads\/2015\/06\/Rodiles-650x488.jpg 650w, https:\/\/eldigitaldeasturias.com\/magazine365\/wp-content\/uploads\/2015\/06\/Rodiles-768x576.jpg 768w, https:\/\/eldigitaldeasturias.com\/magazine365\/wp-content\/uploads\/2015\/06\/Rodiles-150x113.jpg 150w, https:\/\/eldigitaldeasturias.com\/magazine365\/wp-content\/uploads\/2015\/06\/Rodiles-450x338.jpg 450w, https:\/\/eldigitaldeasturias.com\/magazine365\/wp-content\/uploads\/2015\/06\/Rodiles-80x60.jpg 80w, https:\/\/eldigitaldeasturias.com\/magazine365\/wp-content\/uploads\/2015\/06\/Rodiles-265x198.jpg 265w, https:\/\/eldigitaldeasturias.com\/magazine365\/wp-content\/uploads\/2015\/06\/Rodiles-696x522.jpg 696w, https:\/\/eldigitaldeasturias.com\/magazine365\/wp-content\/uploads\/2015\/06\/Rodiles-560x420.jpg 560w, https:\/\/eldigitaldeasturias.com\/magazine365\/wp-content\/uploads\/2015\/06\/Rodiles-90x67.jpg 90w, https:\/\/eldigitaldeasturias.com\/magazine365\/wp-content\/uploads\/2015\/06\/Rodiles-100x75.jpg 100w, https:\/\/eldigitaldeasturias.com\/magazine365\/wp-content\/uploads\/2015\/06\/Rodiles.jpg 800w\" sizes=\"(max-width: 360px) 100vw, 360px\" \/>El Ayuntamiento de Villaviciosa, liderado por Alejandro Vega (PSOE), suprimir\u00e1 el sistema de pago por aparcar al que ten\u00edan que hacer frente los usuarios que iban en verano a la playa. Este asunto era una de las bases del acuerdo que alcanzaron para la investidura los socialistas y la concejal de Foro, Ana L\u00f3pez.<\/p>\n<p>El modelo fue implantado por el anterior equipo de Gobierno, del PP, hace dos a\u00f1os y funcion\u00f3 dos veranos seguidos, en 2013 y 2014. Los visitantes ten\u00edan que hacer frente al pago mediante parqu\u00edmetros. El coste por coche y d\u00eda era de tres euros por turismo. Una empresa privada, Eysa, se encargaba de la gesti\u00f3n de los cobros por el aparcamiento a trav\u00e9s de los mencionados parqu\u00edmetros y vigilantes.<\/p>\n<p>El mecanismo estaba preparado para sacar a licitaci\u00f3n otros dos a\u00f1os m\u00e1s y se hab\u00edan aprobado los tr\u00e1mites para realizarlo justo antes de la investidura. Fuentes municipales consultadas por Europa Press han confirmado que es posible jur\u00eddicamente anular ese proceso, por lo cual este a\u00f1o los usuarios no van a estar obligados a pagar y el estacionamiento ser\u00e1 libre para vecinos y veraneantes.<\/p>\n","protected":false},"excerpt":{"rendered":"<p>El Ayuntamiento de Villaviciosa, liderado por Alejandro Vega (PSOE), suprimir\u00e1 el sistema de pago por aparcar al que ten\u00edan que hacer frente los usuarios que iban en verano a la playa. Este asunto era una de las bases del acuerdo que alcanzaron para la investidura los socialistas y la concejal de Foro, Ana L\u00f3pez. El<\/p>\n","protected":false},"author":1,"featured_media":41190,"comment_status":"open","ping_status":"closed","sticky":false,"template":"","format":"standard","meta":{"footnotes":""},"categories":[222],"tags":[],"class_list":{"0":"post-41189","1":"post","2":"type-post","3":"status-publish","4":"format-standard","5":"has-post-thumbnail","7":"category-actualidad-turismo"},"aioseo_notices":[],"aioseo_head":"\n\t\t<!-- All in One SEO Pro 4.9.6.1 - aioseo.com -->\n\t<meta name=\"description\" content=\"El Ayuntamiento de Villaviciosa, liderado por Alejandro Vega (PSOE), suprimir\u00e1 el sistema de pago por aparcar al que ten\u00edan que hacer frente los usuarios que iban en verano a la playa. Este asunto era una de las bases del acuerdo que alcanzaron para la investidura los socialistas y la concejal de Foro, Ana L\u00f3pez. El\" \/>\n\t<meta name=\"robots\" content=\"max-image-preview:large\" \/>\n\t<meta name=\"author\" content=\"admin\"\/>\n\t<meta name=\"google-site-verification\" content=\"UA-38556648-1\" \/>\n\t<meta name=\"keywords\" content=\"actualidad turismo\" \/>\n\t<link rel=\"canonical\" href=\"https:\/\/eldigitaldeasturias.com\/magazine365\/los-usuarios-de-la-playa-de-rodiles-no-tendran-que-pagar-por-aparcar\/\" \/>\n\t<meta name=\"generator\" content=\"All in One SEO Pro (AIOSEO) 4.9.6.1\" \/>\n\t\t<meta property=\"og:locale\" content=\"es_ES\" \/>\n\t\t<meta property=\"og:site_name\" content=\"El Digital de Asturias \u2013 Revista de ocio, turismo y estilo de vida\" \/>\n\t\t<meta property=\"og:type\" content=\"article\" \/>\n\t\t<meta property=\"og:title\" content=\"Los usuarios de la playa de Rodiles no tendr\u00e1n que pagar por aparcar | El Digital de Asturias\" \/>\n\t\t<meta property=\"og:description\" content=\"El Ayuntamiento de Villaviciosa, liderado por Alejandro Vega (PSOE), suprimir\u00e1 el sistema de pago por aparcar al que ten\u00edan que hacer frente los usuarios que iban en verano a la playa. Este asunto era una de las bases del acuerdo que alcanzaron para la investidura los socialistas y la concejal de Foro, Ana L\u00f3pez. El\" \/>\n\t\t<meta property=\"og:url\" content=\"https:\/\/eldigitaldeasturias.com\/magazine365\/los-usuarios-de-la-playa-de-rodiles-no-tendran-que-pagar-por-aparcar\/\" \/>\n\t\t<meta property=\"og:image\" content=\"https:\/\/eldigitaldeasturias.com\/magazine365\/wp-content\/uploads\/2015\/06\/Rodiles.jpg\" \/>\n\t\t<meta property=\"og:image:secure_url\" content=\"https:\/\/eldigitaldeasturias.com\/magazine365\/wp-content\/uploads\/2015\/06\/Rodiles.jpg\" \/>\n\t\t<meta property=\"og:image:width\" content=\"800\" \/>\n\t\t<meta property=\"og:image:height\" content=\"600\" \/>\n\t\t<meta property=\"article:published_time\" content=\"2015-06-26T22:07:03+00:00\" \/>\n\t\t<meta property=\"article:modified_time\" content=\"2015-06-26T22:07:03+00:00\" \/>\n\t\t<meta name=\"twitter:card\" content=\"summary_large_image\" \/>\n\t\t<meta name=\"twitter:title\" content=\"Los usuarios de la playa de Rodiles no tendr\u00e1n que pagar por aparcar | El Digital de Asturias\" \/>\n\t\t<meta name=\"twitter:description\" content=\"El Ayuntamiento de Villaviciosa, liderado por Alejandro Vega (PSOE), suprimir\u00e1 el sistema de pago por aparcar al que ten\u00edan que hacer frente los usuarios que iban en verano a la playa. Este asunto era una de las bases del acuerdo que alcanzaron para la investidura los socialistas y la concejal de Foro, Ana L\u00f3pez. El\" \/>\n\t\t<meta name=\"twitter:image\" content=\"https:\/\/eldigitaldeasturias.com\/magazine365\/wp-content\/uploads\/2015\/06\/Rodiles.jpg\" \/>\n\t\t<script type=\"application\/ld+json\" class=\"aioseo-schema\">\n\t\t\t{\"@context\":\"https:\\\/\\\/schema.org\",\"@graph\":[{\"@type\":\"Article\",\"@id\":\"https:\\\/\\\/eldigitaldeasturias.com\\\/magazine365\\\/los-usuarios-de-la-playa-de-rodiles-no-tendran-que-pagar-por-aparcar\\\/#article\",\"name\":\"Los usuarios de la playa de Rodiles no tendr\\u00e1n que pagar por aparcar | El Digital de Asturias\",\"headline\":\"Los usuarios de la playa de Rodiles no tendr\\u00e1n que pagar por aparcar\",\"author\":{\"@id\":\"https:\\\/\\\/eldigitaldeasturias.com\\\/magazine365\\\/author\\\/admin\\\/#author\"},\"publisher\":{\"@id\":\"https:\\\/\\\/eldigitaldeasturias.com\\\/magazine365\\\/#organization\"},\"image\":{\"@type\":\"ImageObject\",\"url\":\"https:\\\/\\\/eldigitaldeasturias.com\\\/magazine365\\\/wp-content\\\/uploads\\\/2015\\\/06\\\/Rodiles.jpg\",\"width\":800,\"height\":600},\"datePublished\":\"2015-06-26T23:37:03+02:00\",\"dateModified\":\"2015-06-26T23:37:03+02:00\",\"inLanguage\":\"es-ES\",\"mainEntityOfPage\":{\"@id\":\"https:\\\/\\\/eldigitaldeasturias.com\\\/magazine365\\\/los-usuarios-de-la-playa-de-rodiles-no-tendran-que-pagar-por-aparcar\\\/#webpage\"},\"isPartOf\":{\"@id\":\"https:\\\/\\\/eldigitaldeasturias.com\\\/magazine365\\\/los-usuarios-de-la-playa-de-rodiles-no-tendran-que-pagar-por-aparcar\\\/#webpage\"},\"articleSection\":\"Actualidad Turismo\"},{\"@type\":\"BreadcrumbList\",\"@id\":\"https:\\\/\\\/eldigitaldeasturias.com\\\/magazine365\\\/los-usuarios-de-la-playa-de-rodiles-no-tendran-que-pagar-por-aparcar\\\/#breadcrumblist\",\"itemListElement\":[{\"@type\":\"ListItem\",\"@id\":\"https:\\\/\\\/eldigitaldeasturias.com\\\/magazine365#listItem\",\"position\":1,\"name\":\"Home\",\"item\":\"https:\\\/\\\/eldigitaldeasturias.com\\\/magazine365\",\"nextItem\":{\"@type\":\"ListItem\",\"@id\":\"https:\\\/\\\/eldigitaldeasturias.com\\\/magazine365\\\/category\\\/actualidad-turismo\\\/#listItem\",\"name\":\"Actualidad Turismo\"}},{\"@type\":\"ListItem\",\"@id\":\"https:\\\/\\\/eldigitaldeasturias.com\\\/magazine365\\\/category\\\/actualidad-turismo\\\/#listItem\",\"position\":2,\"name\":\"Actualidad Turismo\",\"item\":\"https:\\\/\\\/eldigitaldeasturias.com\\\/magazine365\\\/category\\\/actualidad-turismo\\\/\",\"nextItem\":{\"@type\":\"ListItem\",\"@id\":\"https:\\\/\\\/eldigitaldeasturias.com\\\/magazine365\\\/los-usuarios-de-la-playa-de-rodiles-no-tendran-que-pagar-por-aparcar\\\/#listItem\",\"name\":\"Los usuarios de la playa de Rodiles no tendr\\u00e1n que pagar por aparcar\"},\"previousItem\":{\"@type\":\"ListItem\",\"@id\":\"https:\\\/\\\/eldigitaldeasturias.com\\\/magazine365#listItem\",\"name\":\"Home\"}},{\"@type\":\"ListItem\",\"@id\":\"https:\\\/\\\/eldigitaldeasturias.com\\\/magazine365\\\/los-usuarios-de-la-playa-de-rodiles-no-tendran-que-pagar-por-aparcar\\\/#listItem\",\"position\":3,\"name\":\"Los usuarios de la playa de Rodiles no tendr\\u00e1n que pagar por aparcar\",\"previousItem\":{\"@type\":\"ListItem\",\"@id\":\"https:\\\/\\\/eldigitaldeasturias.com\\\/magazine365\\\/category\\\/actualidad-turismo\\\/#listItem\",\"name\":\"Actualidad Turismo\"}}]},{\"@type\":\"Organization\",\"@id\":\"https:\\\/\\\/eldigitaldeasturias.com\\\/magazine365\\\/#organization\",\"name\":\"El digital de Asturias\",\"description\":\"Revista de ocio, turismo y estilo de vida\",\"url\":\"https:\\\/\\\/eldigitaldeasturias.com\\\/magazine365\\\/\",\"logo\":{\"@type\":\"ImageObject\",\"url\":\"https:\\\/\\\/www.eldigitaldeasturias.com\\\/noticias\\\/wp-content\\\/uploads\\\/2020\\\/12\\\/EDA.jpg\",\"@id\":\"https:\\\/\\\/eldigitaldeasturias.com\\\/magazine365\\\/los-usuarios-de-la-playa-de-rodiles-no-tendran-que-pagar-por-aparcar\\\/#organizationLogo\"},\"image\":{\"@id\":\"https:\\\/\\\/eldigitaldeasturias.com\\\/magazine365\\\/los-usuarios-de-la-playa-de-rodiles-no-tendran-que-pagar-por-aparcar\\\/#organizationLogo\"}},{\"@type\":\"Person\",\"@id\":\"https:\\\/\\\/eldigitaldeasturias.com\\\/magazine365\\\/author\\\/admin\\\/#author\",\"url\":\"https:\\\/\\\/eldigitaldeasturias.com\\\/magazine365\\\/author\\\/admin\\\/\",\"name\":\"admin\",\"image\":{\"@type\":\"ImageObject\",\"@id\":\"https:\\\/\\\/eldigitaldeasturias.com\\\/magazine365\\\/los-usuarios-de-la-playa-de-rodiles-no-tendran-que-pagar-por-aparcar\\\/#authorImage\",\"url\":\"https:\\\/\\\/eldigitaldeasturias.com\\\/magazine365\\\/wp-content\\\/litespeed\\\/avatar\\\/e571bcf59a0edd6fa6838245a470f2fe.jpg?ver=1777574230\",\"width\":96,\"height\":96,\"caption\":\"admin\"}},{\"@type\":\"WebPage\",\"@id\":\"https:\\\/\\\/eldigitaldeasturias.com\\\/magazine365\\\/los-usuarios-de-la-playa-de-rodiles-no-tendran-que-pagar-por-aparcar\\\/#webpage\",\"url\":\"https:\\\/\\\/eldigitaldeasturias.com\\\/magazine365\\\/los-usuarios-de-la-playa-de-rodiles-no-tendran-que-pagar-por-aparcar\\\/\",\"name\":\"Los usuarios de la playa de Rodiles no tendr\\u00e1n que pagar por aparcar | El Digital de Asturias\",\"description\":\"El Ayuntamiento de Villaviciosa, liderado por Alejandro Vega (PSOE), suprimir\\u00e1 el sistema de pago por aparcar al que ten\\u00edan que hacer frente los usuarios que iban en verano a la playa. Este asunto era una de las bases del acuerdo que alcanzaron para la investidura los socialistas y la concejal de Foro, Ana L\\u00f3pez. El\",\"inLanguage\":\"es-ES\",\"isPartOf\":{\"@id\":\"https:\\\/\\\/eldigitaldeasturias.com\\\/magazine365\\\/#website\"},\"breadcrumb\":{\"@id\":\"https:\\\/\\\/eldigitaldeasturias.com\\\/magazine365\\\/los-usuarios-de-la-playa-de-rodiles-no-tendran-que-pagar-por-aparcar\\\/#breadcrumblist\"},\"author\":{\"@id\":\"https:\\\/\\\/eldigitaldeasturias.com\\\/magazine365\\\/author\\\/admin\\\/#author\"},\"creator\":{\"@id\":\"https:\\\/\\\/eldigitaldeasturias.com\\\/magazine365\\\/author\\\/admin\\\/#author\"},\"image\":{\"@type\":\"ImageObject\",\"url\":\"https:\\\/\\\/eldigitaldeasturias.com\\\/magazine365\\\/wp-content\\\/uploads\\\/2015\\\/06\\\/Rodiles.jpg\",\"@id\":\"https:\\\/\\\/eldigitaldeasturias.com\\\/magazine365\\\/los-usuarios-de-la-playa-de-rodiles-no-tendran-que-pagar-por-aparcar\\\/#mainImage\",\"width\":800,\"height\":600},\"primaryImageOfPage\":{\"@id\":\"https:\\\/\\\/eldigitaldeasturias.com\\\/magazine365\\\/los-usuarios-de-la-playa-de-rodiles-no-tendran-que-pagar-por-aparcar\\\/#mainImage\"},\"datePublished\":\"2015-06-26T23:37:03+02:00\",\"dateModified\":\"2015-06-26T23:37:03+02:00\"},{\"@type\":\"WebSite\",\"@id\":\"https:\\\/\\\/eldigitaldeasturias.com\\\/magazine365\\\/#website\",\"url\":\"https:\\\/\\\/eldigitaldeasturias.com\\\/magazine365\\\/\",\"name\":\"El Digital de Asturias\",\"description\":\"Revista de ocio, turismo y estilo de vida\",\"inLanguage\":\"es-ES\",\"publisher\":{\"@id\":\"https:\\\/\\\/eldigitaldeasturias.com\\\/magazine365\\\/#organization\"}}]}\n\t\t<\/script>\n\t\t<!-- All in One SEO Pro -->\r\n\t\t<title>Los usuarios de la playa de Rodiles no tendr\u00e1n que pagar por aparcar | El Digital de Asturias<\/title>\n\n","aioseo_head_json":{"title":"Los usuarios de la playa de Rodiles no tendr\u00e1n que pagar por aparcar | El Digital de Asturias","description":"El Ayuntamiento de Villaviciosa, liderado por Alejandro Vega (PSOE), suprimir\u00e1 el sistema de pago por aparcar al que ten\u00edan que hacer frente los usuarios que iban en verano a la playa. Este asunto era una de las bases del acuerdo que alcanzaron para la investidura los socialistas y la concejal de Foro, Ana L\u00f3pez. El","canonical_url":"https:\/\/eldigitaldeasturias.com\/magazine365\/los-usuarios-de-la-playa-de-rodiles-no-tendran-que-pagar-por-aparcar\/","robots":"max-image-preview:large","keywords":"actualidad turismo","webmasterTools":{"google-site-verification":"UA-38556648-1","miscellaneous":""},"schema":{"@context":"https:\/\/schema.org","@graph":[{"@type":"Article","@id":"https:\/\/eldigitaldeasturias.com\/magazine365\/los-usuarios-de-la-playa-de-rodiles-no-tendran-que-pagar-por-aparcar\/#article","name":"Los usuarios de la playa de Rodiles no tendr\u00e1n que pagar por aparcar | El Digital de Asturias","headline":"Los usuarios de la playa de Rodiles no tendr\u00e1n que pagar por aparcar","author":{"@id":"https:\/\/eldigitaldeasturias.com\/magazine365\/author\/admin\/#author"},"publisher":{"@id":"https:\/\/eldigitaldeasturias.com\/magazine365\/#organization"},"image":{"@type":"ImageObject","url":"https:\/\/eldigitaldeasturias.com\/magazine365\/wp-content\/uploads\/2015\/06\/Rodiles.jpg","width":800,"height":600},"datePublished":"2015-06-26T23:37:03+02:00","dateModified":"2015-06-26T23:37:03+02:00","inLanguage":"es-ES","mainEntityOfPage":{"@id":"https:\/\/eldigitaldeasturias.com\/magazine365\/los-usuarios-de-la-playa-de-rodiles-no-tendran-que-pagar-por-aparcar\/#webpage"},"isPartOf":{"@id":"https:\/\/eldigitaldeasturias.com\/magazine365\/los-usuarios-de-la-playa-de-rodiles-no-tendran-que-pagar-por-aparcar\/#webpage"},"articleSection":"Actualidad Turismo"},{"@type":"BreadcrumbList","@id":"https:\/\/eldigitaldeasturias.com\/magazine365\/los-usuarios-de-la-playa-de-rodiles-no-tendran-que-pagar-por-aparcar\/#breadcrumblist","itemListElement":[{"@type":"ListItem","@id":"https:\/\/eldigitaldeasturias.com\/magazine365#listItem","position":1,"name":"Home","item":"https:\/\/eldigitaldeasturias.com\/magazine365","nextItem":{"@type":"ListItem","@id":"https:\/\/eldigitaldeasturias.com\/magazine365\/category\/actualidad-turismo\/#listItem","name":"Actualidad Turismo"}},{"@type":"ListItem","@id":"https:\/\/eldigitaldeasturias.com\/magazine365\/category\/actualidad-turismo\/#listItem","position":2,"name":"Actualidad Turismo","item":"https:\/\/eldigitaldeasturias.com\/magazine365\/category\/actualidad-turismo\/","nextItem":{"@type":"ListItem","@id":"https:\/\/eldigitaldeasturias.com\/magazine365\/los-usuarios-de-la-playa-de-rodiles-no-tendran-que-pagar-por-aparcar\/#listItem","name":"Los usuarios de la playa de Rodiles no tendr\u00e1n que pagar por aparcar"},"previousItem":{"@type":"ListItem","@id":"https:\/\/eldigitaldeasturias.com\/magazine365#listItem","name":"Home"}},{"@type":"ListItem","@id":"https:\/\/eldigitaldeasturias.com\/magazine365\/los-usuarios-de-la-playa-de-rodiles-no-tendran-que-pagar-por-aparcar\/#listItem","position":3,"name":"Los usuarios de la playa de Rodiles no tendr\u00e1n que pagar por aparcar","previousItem":{"@type":"ListItem","@id":"https:\/\/eldigitaldeasturias.com\/magazine365\/category\/actualidad-turismo\/#listItem","name":"Actualidad Turismo"}}]},{"@type":"Organization","@id":"https:\/\/eldigitaldeasturias.com\/magazine365\/#organization","name":"El digital de Asturias","description":"Revista de ocio, turismo y estilo de vida","url":"https:\/\/eldigitaldeasturias.com\/magazine365\/","logo":{"@type":"ImageObject","url":"https:\/\/www.eldigitaldeasturias.com\/noticias\/wp-content\/uploads\/2020\/12\/EDA.jpg","@id":"https:\/\/eldigitaldeasturias.com\/magazine365\/los-usuarios-de-la-playa-de-rodiles-no-tendran-que-pagar-por-aparcar\/#organizationLogo"},"image":{"@id":"https:\/\/eldigitaldeasturias.com\/magazine365\/los-usuarios-de-la-playa-de-rodiles-no-tendran-que-pagar-por-aparcar\/#organizationLogo"}},{"@type":"Person","@id":"https:\/\/eldigitaldeasturias.com\/magazine365\/author\/admin\/#author","url":"https:\/\/eldigitaldeasturias.com\/magazine365\/author\/admin\/","name":"admin","image":{"@type":"ImageObject","@id":"https:\/\/eldigitaldeasturias.com\/magazine365\/los-usuarios-de-la-playa-de-rodiles-no-tendran-que-pagar-por-aparcar\/#authorImage","url":"https:\/\/eldigitaldeasturias.com\/magazine365\/wp-content\/litespeed\/avatar\/e571bcf59a0edd6fa6838245a470f2fe.jpg?ver=1777574230","width":96,"height":96,"caption":"admin"}},{"@type":"WebPage","@id":"https:\/\/eldigitaldeasturias.com\/magazine365\/los-usuarios-de-la-playa-de-rodiles-no-tendran-que-pagar-por-aparcar\/#webpage","url":"https:\/\/eldigitaldeasturias.com\/magazine365\/los-usuarios-de-la-playa-de-rodiles-no-tendran-que-pagar-por-aparcar\/","name":"Los usuarios de la playa de Rodiles no tendr\u00e1n que pagar por aparcar | El Digital de Asturias","description":"El Ayuntamiento de Villaviciosa, liderado por Alejandro Vega (PSOE), suprimir\u00e1 el sistema de pago por aparcar al que ten\u00edan que hacer frente los usuarios que iban en verano a la playa. Este asunto era una de las bases del acuerdo que alcanzaron para la investidura los socialistas y la concejal de Foro, Ana L\u00f3pez. El","inLanguage":"es-ES","isPartOf":{"@id":"https:\/\/eldigitaldeasturias.com\/magazine365\/#website"},"breadcrumb":{"@id":"https:\/\/eldigitaldeasturias.com\/magazine365\/los-usuarios-de-la-playa-de-rodiles-no-tendran-que-pagar-por-aparcar\/#breadcrumblist"},"author":{"@id":"https:\/\/eldigitaldeasturias.com\/magazine365\/author\/admin\/#author"},"creator":{"@id":"https:\/\/eldigitaldeasturias.com\/magazine365\/author\/admin\/#author"},"image":{"@type":"ImageObject","url":"https:\/\/eldigitaldeasturias.com\/magazine365\/wp-content\/uploads\/2015\/06\/Rodiles.jpg","@id":"https:\/\/eldigitaldeasturias.com\/magazine365\/los-usuarios-de-la-playa-de-rodiles-no-tendran-que-pagar-por-aparcar\/#mainImage","width":800,"height":600},"primaryImageOfPage":{"@id":"https:\/\/eldigitaldeasturias.com\/magazine365\/los-usuarios-de-la-playa-de-rodiles-no-tendran-que-pagar-por-aparcar\/#mainImage"},"datePublished":"2015-06-26T23:37:03+02:00","dateModified":"2015-06-26T23:37:03+02:00"},{"@type":"WebSite","@id":"https:\/\/eldigitaldeasturias.com\/magazine365\/#website","url":"https:\/\/eldigitaldeasturias.com\/magazine365\/","name":"El Digital de Asturias","description":"Revista de ocio, turismo y estilo de vida","inLanguage":"es-ES","publisher":{"@id":"https:\/\/eldigitaldeasturias.com\/magazine365\/#organization"}}]},"og:locale":"es_ES","og:site_name":"El Digital de Asturias \u2013 Revista de ocio, turismo y estilo de vida","og:type":"article","og:title":"Los usuarios de la playa de Rodiles no tendr\u00e1n que pagar por aparcar | El Digital de Asturias","og:description":"El Ayuntamiento de Villaviciosa, liderado por Alejandro Vega (PSOE), suprimir\u00e1 el sistema de pago por aparcar al que ten\u00edan que hacer frente los usuarios que iban en verano a la playa. Este asunto era una de las bases del acuerdo que alcanzaron para la investidura los socialistas y la concejal de Foro, Ana L\u00f3pez. El","og:url":"https:\/\/eldigitaldeasturias.com\/magazine365\/los-usuarios-de-la-playa-de-rodiles-no-tendran-que-pagar-por-aparcar\/","og:image":"https:\/\/eldigitaldeasturias.com\/magazine365\/wp-content\/uploads\/2015\/06\/Rodiles.jpg","og:image:secure_url":"https:\/\/eldigitaldeasturias.com\/magazine365\/wp-content\/uploads\/2015\/06\/Rodiles.jpg","og:image:width":800,"og:image:height":600,"article:published_time":"2015-06-26T22:07:03+00:00","article:modified_time":"2015-06-26T22:07:03+00:00","twitter:card":"summary_large_image","twitter:title":"Los usuarios de la playa de Rodiles no tendr\u00e1n que pagar por aparcar | El Digital de Asturias","twitter:description":"El Ayuntamiento de Villaviciosa, liderado por Alejandro Vega (PSOE), suprimir\u00e1 el sistema de pago por aparcar al que ten\u00edan que hacer frente los usuarios que iban en verano a la playa. Este asunto era una de las bases del acuerdo que alcanzaron para la investidura los socialistas y la concejal de Foro, Ana L\u00f3pez. El","twitter:image":"https:\/\/eldigitaldeasturias.com\/magazine365\/wp-content\/uploads\/2015\/06\/Rodiles.jpg"},"aioseo_meta_data":{"post_id":"41189","title":null,"description":null,"keywords":null,"keyphrases":null,"primary_term":null,"canonical_url":null,"og_title":null,"og_description":null,"og_object_type":"default","og_image_type":"default","og_image_url":null,"og_image_width":null,"og_image_height":null,"og_image_custom_url":null,"og_image_custom_fields":null,"og_video":null,"og_custom_url":null,"og_article_section":null,"og_article_tags":null,"twitter_use_og":false,"twitter_card":"default","twitter_image_type":"default","twitter_image_url":null,"twitter_image_custom_url":null,"twitter_image_custom_fields":null,"twitter_title":null,"twitter_description":null,"schema":{"blockGraphs":[],"customGraphs":[],"default":{"data":{"Article":[],"Course":[],"Dataset":[],"FAQPage":[],"Movie":[],"Person":[],"Product":[],"ProductReview":[],"Car":[],"Recipe":[],"Service":[],"SoftwareApplication":[],"WebPage":[]},"graphName":"","isEnabled":true},"graphs":[],"defaultGraph":"","defaultPostTypeGraph":""},"schema_type":null,"schema_type_options":null,"pillar_content":false,"robots_default":true,"robots_noindex":false,"robots_noarchive":false,"robots_nosnippet":false,"robots_nofollow":false,"robots_noimageindex":false,"robots_noodp":false,"robots_notranslate":false,"robots_max_snippet":null,"robots_max_videopreview":null,"robots_max_imagepreview":"large","priority":null,"frequency":null,"location":null,"local_seo":null,"seo_analyzer_scan_date":"2025-09-19 15:11:09","breadcrumb_settings":null,"limit_modified_date":false,"open_ai":null,"ai":null,"created":"2021-03-09 02:18:41","updated":"2025-09-19 15:11:09"},"aioseo_breadcrumb":"<div class=\"aioseo-breadcrumbs\"><span class=\"aioseo-breadcrumb\">\n\t<a href=\"https:\/\/eldigitaldeasturias.com\/magazine365\" title=\"Home\">Home<\/a>\n<\/span><span class=\"aioseo-breadcrumb-separator\">\u2013<\/span><span class=\"aioseo-breadcrumb\">\n\t<a href=\"https:\/\/eldigitaldeasturias.com\/magazine365\/category\/actualidad-turismo\/\" title=\"Actualidad Turismo\">Actualidad Turismo<\/a>\n<\/span><span class=\"aioseo-breadcrumb-separator\">\u2013<\/span><span class=\"aioseo-breadcrumb\">\n\t<a href=\"https:\/\/eldigitaldeasturias.com\/magazine365\/los-usuarios-de-la-playa-de-rodiles-no-tendran-que-pagar-por-aparcar\/\" title=\"Los usuarios de la playa de Rodiles no tendr\u00e1n que pagar por aparcar\">Los usuarios de la playa de Rodiles no tendr\u00e1n que pagar por aparcar<\/a>\n<\/span><\/div>","aioseo_breadcrumb_json":[{"label":"Home","link":"https:\/\/eldigitaldeasturias.com\/magazine365"},{"label":"Actualidad Turismo","link":"https:\/\/eldigitaldeasturias.com\/magazine365\/category\/actualidad-turismo\/"},{"label":"Los usuarios de la playa de Rodiles no tendr\u00e1n que pagar por aparcar","link":"https:\/\/eldigitaldeasturias.com\/magazine365\/los-usuarios-de-la-playa-de-rodiles-no-tendran-que-pagar-por-aparcar\/"}],"_links":{"self":[{"href":"https:\/\/eldigitaldeasturias.com\/magazine365\/wp-json\/wp\/v2\/posts\/41189","targetHints":{"allow":["GET"]}}],"collection":[{"href":"https:\/\/eldigitaldeasturias.com\/magazine365\/wp-json\/wp\/v2\/posts"}],"about":[{"href":"https:\/\/eldigitaldeasturias.com\/magazine365\/wp-json\/wp\/v2\/types\/post"}],"author":[{"embeddable":true,"href":"https:\/\/eldigitaldeasturias.com\/magazine365\/wp-json\/wp\/v2\/users\/1"}],"replies":[{"embeddable":true,"href":"https:\/\/eldigitaldeasturias.com\/magazine365\/wp-json\/wp\/v2\/comments?post=41189"}],"version-history":[{"count":0,"href":"https:\/\/eldigitaldeasturias.com\/magazine365\/wp-json\/wp\/v2\/posts\/41189\/revisions"}],"wp:featuredmedia":[{"embeddable":true,"href":"https:\/\/eldigitaldeasturias.com\/magazine365\/wp-json\/wp\/v2\/media\/41190"}],"wp:attachment":[{"href":"https:\/\/eldigitaldeasturias.com\/magazine365\/wp-json\/wp\/v2\/media?parent=41189"}],"wp:term":[{"taxonomy":"category","embeddable":true,"href":"https:\/\/eldigitaldeasturias.com\/magazine365\/wp-json\/wp\/v2\/categories?post=41189"},{"taxonomy":"post_tag","embeddable":true,"href":"https:\/\/eldigitaldeasturias.com\/magazine365\/wp-json\/wp\/v2\/tags?post=41189"}],"curies":[{"name":"wp","href":"https:\/\/api.w.org\/{rel}","templated":true}]}}