{"id":41181,"date":"2015-06-26T23:34:07","date_gmt":"2015-06-26T22:04:07","guid":{"rendered":"http:\/\/eldigitaldeasturias.com\/magazine365\/?p=41181"},"modified":"2015-06-26T23:34:07","modified_gmt":"2015-06-26T22:04:07","slug":"la-demarcacion-de-costas-en-baleares-autoriza-el-desembarco-de-tres-cruceros-en-formentera","status":"publish","type":"post","link":"https:\/\/eldigitaldeasturias.com\/magazine365\/la-demarcacion-de-costas-en-baleares-autoriza-el-desembarco-de-tres-cruceros-en-formentera\/","title":{"rendered":"La demarcaci\u00f3n de costas en Baleares autoriza el desembarco de tres cruceros en Formentera"},"content":{"rendered":"<p><img fetchpriority=\"high\" decoding=\"async\" class=\"alignleft size-medium wp-image-41182\" src=\"https:\/\/eldigitaldeasturias.com\/magazine365\/wp-content\/uploads\/2015\/06\/fotonoticia_20150626164740_800-360x189.jpg\" alt=\"fotonoticia_20150626164740_800\" width=\"360\" height=\"189\" srcset=\"https:\/\/eldigitaldeasturias.com\/magazine365\/wp-content\/uploads\/2015\/06\/fotonoticia_20150626164740_800-360x189.jpg 360w, https:\/\/eldigitaldeasturias.com\/magazine365\/wp-content\/uploads\/2015\/06\/fotonoticia_20150626164740_800-650x340.jpg 650w, https:\/\/eldigitaldeasturias.com\/magazine365\/wp-content\/uploads\/2015\/06\/fotonoticia_20150626164740_800-768x402.jpg 768w, https:\/\/eldigitaldeasturias.com\/magazine365\/wp-content\/uploads\/2015\/06\/fotonoticia_20150626164740_800-150x79.jpg 150w, https:\/\/eldigitaldeasturias.com\/magazine365\/wp-content\/uploads\/2015\/06\/fotonoticia_20150626164740_800-450x236.jpg 450w, https:\/\/eldigitaldeasturias.com\/magazine365\/wp-content\/uploads\/2015\/06\/fotonoticia_20150626164740_800-696x365.jpg 696w, https:\/\/eldigitaldeasturias.com\/magazine365\/wp-content\/uploads\/2015\/06\/fotonoticia_20150626164740_800.jpg 800w\" sizes=\"(max-width: 360px) 100vw, 360px\" \/>La Demarcaci\u00f3n de Costas en Baleares ha autorizado el desembarco en Formentera de \u00abgolondrinas\u00bb procedentes de Ibiza. Seg\u00fan han recordado desde la Delegaci\u00f3n balear del Gobierno, hasta ahora estos cruceros tur\u00edsticos s\u00f3lo pod\u00edan desembarcar en el puerto de La Savina. En 2014, con car\u00e1cter experimental, ya se concedieron dos autorizaciones para cruceros con contenido medioambiental.<\/p>\n<p>Seg\u00fan Costas, la experiencia del pasado a\u00f1o \u00abfue positiva\u00bb y demostr\u00f3 que, con un buen control y limitaciones bien definidas, un peque\u00f1o n\u00famero de estos viajes, \u00ablejos de perjudicar el medio ambiente, pod\u00edan contribuir a un mejor conocimiento del entorno y a concienciar sobre su conservaci\u00f3n\u00bb, seg\u00fan han declarado.<\/p>\n<p>El Consell de Formentera ha informado negativamente todas las solicitudes, \u00abincluso los viajes de cruceros tur\u00edsticos con partida desde La Savina, que nunca llegaron a interrumpirse\u00bb, han insistido desde Costas.<\/p>\n<p>As\u00ed, con informes favorables del Govern balear y de Capitan\u00eda Mar\u00edtima, la entidad ha concedido tres autorizaciones con salida diaria desde diversos puntos de Ibiza y llegada a S&#8217;Alga, Es Pujols y Es Cavall den Borr\u00e0s, en Formentera, adem\u00e1s de los dos trayectos en Formentera que nunca han dejado de funcionar, \u00abaunque este a\u00f1o tambi\u00e9n han sido cuestionados por el Consell\u00bb, han dicho.<\/p>\n<p>La Demarcaci\u00f3n de Costas ha asegurado coincidir con el Consell de Formentera en que ser\u00eda deseable una planificaci\u00f3n y ordenaci\u00f3n de los cruceros por parte de los responsables del Parque Natural, pero difiere de la soluci\u00f3n de prohibir cualquier actividad mientras se desarrollan, por lo que entiende que con estas autorizaciones, que se dan hasta el a\u00f1o 2018, se abre un plazo de espera hasta la soluci\u00f3n definitiva del problema, en el que se tendr\u00e1 una actividad muy reducida y controlada, que servir\u00e1 de orientaci\u00f3n para la futura regulaci\u00f3n.<\/p>\n","protected":false},"excerpt":{"rendered":"<p>La Demarcaci\u00f3n de Costas en Baleares ha autorizado el desembarco en Formentera de \u00abgolondrinas\u00bb procedentes de Ibiza. Seg\u00fan han recordado desde la Delegaci\u00f3n balear del Gobierno, hasta ahora estos cruceros tur\u00edsticos s\u00f3lo pod\u00edan desembarcar en el puerto de La Savina. En 2014, con car\u00e1cter experimental, ya se concedieron dos autorizaciones para cruceros con contenido medioambiental.<\/p>\n","protected":false},"author":1,"featured_media":41182,"comment_status":"open","ping_status":"closed","sticky":false,"template":"","format":"standard","meta":{"footnotes":""},"categories":[222],"tags":[],"class_list":{"0":"post-41181","1":"post","2":"type-post","3":"status-publish","4":"format-standard","5":"has-post-thumbnail","7":"category-actualidad-turismo"},"aioseo_notices":[],"aioseo_head":"\n\t\t<!-- All in One SEO Pro 4.9.6.1 - aioseo.com -->\n\t<meta name=\"description\" content=\"La Demarcaci\u00f3n de Costas en Baleares ha autorizado el desembarco en Formentera de &quot;golondrinas&quot; procedentes de Ibiza. Seg\u00fan han recordado desde la Delegaci\u00f3n balear del Gobierno, hasta ahora estos cruceros tur\u00edsticos s\u00f3lo pod\u00edan desembarcar en el puerto de La Savina. En 2014, con car\u00e1cter experimental, ya se concedieron dos autorizaciones para cruceros con contenido medioambiental.\" \/>\n\t<meta name=\"robots\" content=\"max-image-preview:large\" \/>\n\t<meta name=\"author\" content=\"admin\"\/>\n\t<meta name=\"google-site-verification\" content=\"UA-38556648-1\" \/>\n\t<meta name=\"keywords\" content=\"actualidad turismo\" \/>\n\t<link rel=\"canonical\" href=\"https:\/\/eldigitaldeasturias.com\/magazine365\/la-demarcacion-de-costas-en-baleares-autoriza-el-desembarco-de-tres-cruceros-en-formentera\/\" \/>\n\t<meta name=\"generator\" content=\"All in One SEO Pro (AIOSEO) 4.9.6.1\" \/>\n\t\t<meta property=\"og:locale\" content=\"es_ES\" \/>\n\t\t<meta property=\"og:site_name\" content=\"El Digital de Asturias \u2013 Revista de ocio, turismo y estilo de vida\" \/>\n\t\t<meta property=\"og:type\" content=\"article\" \/>\n\t\t<meta property=\"og:title\" content=\"La demarcaci\u00f3n de costas en Baleares autoriza el desembarco de tres cruceros en Formentera | El Digital de Asturias\" \/>\n\t\t<meta property=\"og:description\" content=\"La Demarcaci\u00f3n de Costas en Baleares ha autorizado el desembarco en Formentera de &quot;golondrinas&quot; procedentes de Ibiza. Seg\u00fan han recordado desde la Delegaci\u00f3n balear del Gobierno, hasta ahora estos cruceros tur\u00edsticos s\u00f3lo pod\u00edan desembarcar en el puerto de La Savina. En 2014, con car\u00e1cter experimental, ya se concedieron dos autorizaciones para cruceros con contenido medioambiental.\" \/>\n\t\t<meta property=\"og:url\" content=\"https:\/\/eldigitaldeasturias.com\/magazine365\/la-demarcacion-de-costas-en-baleares-autoriza-el-desembarco-de-tres-cruceros-en-formentera\/\" \/>\n\t\t<meta property=\"og:image\" content=\"https:\/\/eldigitaldeasturias.com\/magazine365\/wp-content\/uploads\/2015\/06\/fotonoticia_20150626164740_800.jpg\" \/>\n\t\t<meta property=\"og:image:secure_url\" content=\"https:\/\/eldigitaldeasturias.com\/magazine365\/wp-content\/uploads\/2015\/06\/fotonoticia_20150626164740_800.jpg\" \/>\n\t\t<meta property=\"og:image:width\" content=\"800\" \/>\n\t\t<meta property=\"og:image:height\" content=\"419\" \/>\n\t\t<meta property=\"article:published_time\" content=\"2015-06-26T22:04:07+00:00\" \/>\n\t\t<meta property=\"article:modified_time\" content=\"2015-06-26T22:04:07+00:00\" \/>\n\t\t<meta name=\"twitter:card\" content=\"summary_large_image\" \/>\n\t\t<meta name=\"twitter:title\" content=\"La demarcaci\u00f3n de costas en Baleares autoriza el desembarco de tres cruceros en Formentera | El Digital de Asturias\" \/>\n\t\t<meta name=\"twitter:description\" content=\"La Demarcaci\u00f3n de Costas en Baleares ha autorizado el desembarco en Formentera de &quot;golondrinas&quot; procedentes de Ibiza. Seg\u00fan han recordado desde la Delegaci\u00f3n balear del Gobierno, hasta ahora estos cruceros tur\u00edsticos s\u00f3lo pod\u00edan desembarcar en el puerto de La Savina. En 2014, con car\u00e1cter experimental, ya se concedieron dos autorizaciones para cruceros con contenido medioambiental.\" \/>\n\t\t<meta name=\"twitter:image\" content=\"https:\/\/eldigitaldeasturias.com\/magazine365\/wp-content\/uploads\/2015\/06\/fotonoticia_20150626164740_800.jpg\" \/>\n\t\t<script type=\"application\/ld+json\" class=\"aioseo-schema\">\n\t\t\t{\"@context\":\"https:\\\/\\\/schema.org\",\"@graph\":[{\"@type\":\"Article\",\"@id\":\"https:\\\/\\\/eldigitaldeasturias.com\\\/magazine365\\\/la-demarcacion-de-costas-en-baleares-autoriza-el-desembarco-de-tres-cruceros-en-formentera\\\/#article\",\"name\":\"La demarcaci\\u00f3n de costas en Baleares autoriza el desembarco de tres cruceros en Formentera | El Digital de Asturias\",\"headline\":\"La demarcaci\\u00f3n de costas en Baleares autoriza el desembarco de tres cruceros en Formentera\",\"author\":{\"@id\":\"https:\\\/\\\/eldigitaldeasturias.com\\\/magazine365\\\/author\\\/admin\\\/#author\"},\"publisher\":{\"@id\":\"https:\\\/\\\/eldigitaldeasturias.com\\\/magazine365\\\/#organization\"},\"image\":{\"@type\":\"ImageObject\",\"url\":\"https:\\\/\\\/eldigitaldeasturias.com\\\/magazine365\\\/wp-content\\\/uploads\\\/2015\\\/06\\\/fotonoticia_20150626164740_800.jpg\",\"width\":800,\"height\":419},\"datePublished\":\"2015-06-26T23:34:07+02:00\",\"dateModified\":\"2015-06-26T23:34:07+02:00\",\"inLanguage\":\"es-ES\",\"mainEntityOfPage\":{\"@id\":\"https:\\\/\\\/eldigitaldeasturias.com\\\/magazine365\\\/la-demarcacion-de-costas-en-baleares-autoriza-el-desembarco-de-tres-cruceros-en-formentera\\\/#webpage\"},\"isPartOf\":{\"@id\":\"https:\\\/\\\/eldigitaldeasturias.com\\\/magazine365\\\/la-demarcacion-de-costas-en-baleares-autoriza-el-desembarco-de-tres-cruceros-en-formentera\\\/#webpage\"},\"articleSection\":\"Actualidad Turismo\"},{\"@type\":\"BreadcrumbList\",\"@id\":\"https:\\\/\\\/eldigitaldeasturias.com\\\/magazine365\\\/la-demarcacion-de-costas-en-baleares-autoriza-el-desembarco-de-tres-cruceros-en-formentera\\\/#breadcrumblist\",\"itemListElement\":[{\"@type\":\"ListItem\",\"@id\":\"https:\\\/\\\/eldigitaldeasturias.com\\\/magazine365#listItem\",\"position\":1,\"name\":\"Home\",\"item\":\"https:\\\/\\\/eldigitaldeasturias.com\\\/magazine365\",\"nextItem\":{\"@type\":\"ListItem\",\"@id\":\"https:\\\/\\\/eldigitaldeasturias.com\\\/magazine365\\\/category\\\/actualidad-turismo\\\/#listItem\",\"name\":\"Actualidad Turismo\"}},{\"@type\":\"ListItem\",\"@id\":\"https:\\\/\\\/eldigitaldeasturias.com\\\/magazine365\\\/category\\\/actualidad-turismo\\\/#listItem\",\"position\":2,\"name\":\"Actualidad Turismo\",\"item\":\"https:\\\/\\\/eldigitaldeasturias.com\\\/magazine365\\\/category\\\/actualidad-turismo\\\/\",\"nextItem\":{\"@type\":\"ListItem\",\"@id\":\"https:\\\/\\\/eldigitaldeasturias.com\\\/magazine365\\\/la-demarcacion-de-costas-en-baleares-autoriza-el-desembarco-de-tres-cruceros-en-formentera\\\/#listItem\",\"name\":\"La demarcaci\\u00f3n de costas en Baleares autoriza el desembarco de tres cruceros en Formentera\"},\"previousItem\":{\"@type\":\"ListItem\",\"@id\":\"https:\\\/\\\/eldigitaldeasturias.com\\\/magazine365#listItem\",\"name\":\"Home\"}},{\"@type\":\"ListItem\",\"@id\":\"https:\\\/\\\/eldigitaldeasturias.com\\\/magazine365\\\/la-demarcacion-de-costas-en-baleares-autoriza-el-desembarco-de-tres-cruceros-en-formentera\\\/#listItem\",\"position\":3,\"name\":\"La demarcaci\\u00f3n de costas en Baleares autoriza el desembarco de tres cruceros en Formentera\",\"previousItem\":{\"@type\":\"ListItem\",\"@id\":\"https:\\\/\\\/eldigitaldeasturias.com\\\/magazine365\\\/category\\\/actualidad-turismo\\\/#listItem\",\"name\":\"Actualidad Turismo\"}}]},{\"@type\":\"Organization\",\"@id\":\"https:\\\/\\\/eldigitaldeasturias.com\\\/magazine365\\\/#organization\",\"name\":\"El digital de Asturias\",\"description\":\"Revista de ocio, turismo y estilo de vida\",\"url\":\"https:\\\/\\\/eldigitaldeasturias.com\\\/magazine365\\\/\",\"logo\":{\"@type\":\"ImageObject\",\"url\":\"https:\\\/\\\/www.eldigitaldeasturias.com\\\/noticias\\\/wp-content\\\/uploads\\\/2020\\\/12\\\/EDA.jpg\",\"@id\":\"https:\\\/\\\/eldigitaldeasturias.com\\\/magazine365\\\/la-demarcacion-de-costas-en-baleares-autoriza-el-desembarco-de-tres-cruceros-en-formentera\\\/#organizationLogo\"},\"image\":{\"@id\":\"https:\\\/\\\/eldigitaldeasturias.com\\\/magazine365\\\/la-demarcacion-de-costas-en-baleares-autoriza-el-desembarco-de-tres-cruceros-en-formentera\\\/#organizationLogo\"}},{\"@type\":\"Person\",\"@id\":\"https:\\\/\\\/eldigitaldeasturias.com\\\/magazine365\\\/author\\\/admin\\\/#author\",\"url\":\"https:\\\/\\\/eldigitaldeasturias.com\\\/magazine365\\\/author\\\/admin\\\/\",\"name\":\"admin\",\"image\":{\"@type\":\"ImageObject\",\"@id\":\"https:\\\/\\\/eldigitaldeasturias.com\\\/magazine365\\\/la-demarcacion-de-costas-en-baleares-autoriza-el-desembarco-de-tres-cruceros-en-formentera\\\/#authorImage\",\"url\":\"https:\\\/\\\/eldigitaldeasturias.com\\\/magazine365\\\/wp-content\\\/litespeed\\\/avatar\\\/e571bcf59a0edd6fa6838245a470f2fe.jpg?ver=1777574230\",\"width\":96,\"height\":96,\"caption\":\"admin\"}},{\"@type\":\"WebPage\",\"@id\":\"https:\\\/\\\/eldigitaldeasturias.com\\\/magazine365\\\/la-demarcacion-de-costas-en-baleares-autoriza-el-desembarco-de-tres-cruceros-en-formentera\\\/#webpage\",\"url\":\"https:\\\/\\\/eldigitaldeasturias.com\\\/magazine365\\\/la-demarcacion-de-costas-en-baleares-autoriza-el-desembarco-de-tres-cruceros-en-formentera\\\/\",\"name\":\"La demarcaci\\u00f3n de costas en Baleares autoriza el desembarco de tres cruceros en Formentera | El Digital de Asturias\",\"description\":\"La Demarcaci\\u00f3n de Costas en Baleares ha autorizado el desembarco en Formentera de \\\"golondrinas\\\" procedentes de Ibiza. Seg\\u00fan han recordado desde la Delegaci\\u00f3n balear del Gobierno, hasta ahora estos cruceros tur\\u00edsticos s\\u00f3lo pod\\u00edan desembarcar en el puerto de La Savina. En 2014, con car\\u00e1cter experimental, ya se concedieron dos autorizaciones para cruceros con contenido medioambiental.\",\"inLanguage\":\"es-ES\",\"isPartOf\":{\"@id\":\"https:\\\/\\\/eldigitaldeasturias.com\\\/magazine365\\\/#website\"},\"breadcrumb\":{\"@id\":\"https:\\\/\\\/eldigitaldeasturias.com\\\/magazine365\\\/la-demarcacion-de-costas-en-baleares-autoriza-el-desembarco-de-tres-cruceros-en-formentera\\\/#breadcrumblist\"},\"author\":{\"@id\":\"https:\\\/\\\/eldigitaldeasturias.com\\\/magazine365\\\/author\\\/admin\\\/#author\"},\"creator\":{\"@id\":\"https:\\\/\\\/eldigitaldeasturias.com\\\/magazine365\\\/author\\\/admin\\\/#author\"},\"image\":{\"@type\":\"ImageObject\",\"url\":\"https:\\\/\\\/eldigitaldeasturias.com\\\/magazine365\\\/wp-content\\\/uploads\\\/2015\\\/06\\\/fotonoticia_20150626164740_800.jpg\",\"@id\":\"https:\\\/\\\/eldigitaldeasturias.com\\\/magazine365\\\/la-demarcacion-de-costas-en-baleares-autoriza-el-desembarco-de-tres-cruceros-en-formentera\\\/#mainImage\",\"width\":800,\"height\":419},\"primaryImageOfPage\":{\"@id\":\"https:\\\/\\\/eldigitaldeasturias.com\\\/magazine365\\\/la-demarcacion-de-costas-en-baleares-autoriza-el-desembarco-de-tres-cruceros-en-formentera\\\/#mainImage\"},\"datePublished\":\"2015-06-26T23:34:07+02:00\",\"dateModified\":\"2015-06-26T23:34:07+02:00\"},{\"@type\":\"WebSite\",\"@id\":\"https:\\\/\\\/eldigitaldeasturias.com\\\/magazine365\\\/#website\",\"url\":\"https:\\\/\\\/eldigitaldeasturias.com\\\/magazine365\\\/\",\"name\":\"El Digital de Asturias\",\"description\":\"Revista de ocio, turismo y estilo de vida\",\"inLanguage\":\"es-ES\",\"publisher\":{\"@id\":\"https:\\\/\\\/eldigitaldeasturias.com\\\/magazine365\\\/#organization\"}}]}\n\t\t<\/script>\n\t\t<!-- All in One SEO Pro -->\r\n\t\t<title>La demarcaci\u00f3n de costas en Baleares autoriza el desembarco de tres cruceros en Formentera | El Digital de Asturias<\/title>\n\n","aioseo_head_json":{"title":"La demarcaci\u00f3n de costas en Baleares autoriza el desembarco de tres cruceros en Formentera | El Digital de Asturias","description":"La Demarcaci\u00f3n de Costas en Baleares ha autorizado el desembarco en Formentera de \"golondrinas\" procedentes de Ibiza. Seg\u00fan han recordado desde la Delegaci\u00f3n balear del Gobierno, hasta ahora estos cruceros tur\u00edsticos s\u00f3lo pod\u00edan desembarcar en el puerto de La Savina. En 2014, con car\u00e1cter experimental, ya se concedieron dos autorizaciones para cruceros con contenido medioambiental.","canonical_url":"https:\/\/eldigitaldeasturias.com\/magazine365\/la-demarcacion-de-costas-en-baleares-autoriza-el-desembarco-de-tres-cruceros-en-formentera\/","robots":"max-image-preview:large","keywords":"actualidad turismo","webmasterTools":{"google-site-verification":"UA-38556648-1","miscellaneous":""},"schema":{"@context":"https:\/\/schema.org","@graph":[{"@type":"Article","@id":"https:\/\/eldigitaldeasturias.com\/magazine365\/la-demarcacion-de-costas-en-baleares-autoriza-el-desembarco-de-tres-cruceros-en-formentera\/#article","name":"La demarcaci\u00f3n de costas en Baleares autoriza el desembarco de tres cruceros en Formentera | El Digital de Asturias","headline":"La demarcaci\u00f3n de costas en Baleares autoriza el desembarco de tres cruceros en Formentera","author":{"@id":"https:\/\/eldigitaldeasturias.com\/magazine365\/author\/admin\/#author"},"publisher":{"@id":"https:\/\/eldigitaldeasturias.com\/magazine365\/#organization"},"image":{"@type":"ImageObject","url":"https:\/\/eldigitaldeasturias.com\/magazine365\/wp-content\/uploads\/2015\/06\/fotonoticia_20150626164740_800.jpg","width":800,"height":419},"datePublished":"2015-06-26T23:34:07+02:00","dateModified":"2015-06-26T23:34:07+02:00","inLanguage":"es-ES","mainEntityOfPage":{"@id":"https:\/\/eldigitaldeasturias.com\/magazine365\/la-demarcacion-de-costas-en-baleares-autoriza-el-desembarco-de-tres-cruceros-en-formentera\/#webpage"},"isPartOf":{"@id":"https:\/\/eldigitaldeasturias.com\/magazine365\/la-demarcacion-de-costas-en-baleares-autoriza-el-desembarco-de-tres-cruceros-en-formentera\/#webpage"},"articleSection":"Actualidad Turismo"},{"@type":"BreadcrumbList","@id":"https:\/\/eldigitaldeasturias.com\/magazine365\/la-demarcacion-de-costas-en-baleares-autoriza-el-desembarco-de-tres-cruceros-en-formentera\/#breadcrumblist","itemListElement":[{"@type":"ListItem","@id":"https:\/\/eldigitaldeasturias.com\/magazine365#listItem","position":1,"name":"Home","item":"https:\/\/eldigitaldeasturias.com\/magazine365","nextItem":{"@type":"ListItem","@id":"https:\/\/eldigitaldeasturias.com\/magazine365\/category\/actualidad-turismo\/#listItem","name":"Actualidad Turismo"}},{"@type":"ListItem","@id":"https:\/\/eldigitaldeasturias.com\/magazine365\/category\/actualidad-turismo\/#listItem","position":2,"name":"Actualidad Turismo","item":"https:\/\/eldigitaldeasturias.com\/magazine365\/category\/actualidad-turismo\/","nextItem":{"@type":"ListItem","@id":"https:\/\/eldigitaldeasturias.com\/magazine365\/la-demarcacion-de-costas-en-baleares-autoriza-el-desembarco-de-tres-cruceros-en-formentera\/#listItem","name":"La demarcaci\u00f3n de costas en Baleares autoriza el desembarco de tres cruceros en Formentera"},"previousItem":{"@type":"ListItem","@id":"https:\/\/eldigitaldeasturias.com\/magazine365#listItem","name":"Home"}},{"@type":"ListItem","@id":"https:\/\/eldigitaldeasturias.com\/magazine365\/la-demarcacion-de-costas-en-baleares-autoriza-el-desembarco-de-tres-cruceros-en-formentera\/#listItem","position":3,"name":"La demarcaci\u00f3n de costas en Baleares autoriza el desembarco de tres cruceros en Formentera","previousItem":{"@type":"ListItem","@id":"https:\/\/eldigitaldeasturias.com\/magazine365\/category\/actualidad-turismo\/#listItem","name":"Actualidad Turismo"}}]},{"@type":"Organization","@id":"https:\/\/eldigitaldeasturias.com\/magazine365\/#organization","name":"El digital de Asturias","description":"Revista de ocio, turismo y estilo de vida","url":"https:\/\/eldigitaldeasturias.com\/magazine365\/","logo":{"@type":"ImageObject","url":"https:\/\/www.eldigitaldeasturias.com\/noticias\/wp-content\/uploads\/2020\/12\/EDA.jpg","@id":"https:\/\/eldigitaldeasturias.com\/magazine365\/la-demarcacion-de-costas-en-baleares-autoriza-el-desembarco-de-tres-cruceros-en-formentera\/#organizationLogo"},"image":{"@id":"https:\/\/eldigitaldeasturias.com\/magazine365\/la-demarcacion-de-costas-en-baleares-autoriza-el-desembarco-de-tres-cruceros-en-formentera\/#organizationLogo"}},{"@type":"Person","@id":"https:\/\/eldigitaldeasturias.com\/magazine365\/author\/admin\/#author","url":"https:\/\/eldigitaldeasturias.com\/magazine365\/author\/admin\/","name":"admin","image":{"@type":"ImageObject","@id":"https:\/\/eldigitaldeasturias.com\/magazine365\/la-demarcacion-de-costas-en-baleares-autoriza-el-desembarco-de-tres-cruceros-en-formentera\/#authorImage","url":"https:\/\/eldigitaldeasturias.com\/magazine365\/wp-content\/litespeed\/avatar\/e571bcf59a0edd6fa6838245a470f2fe.jpg?ver=1777574230","width":96,"height":96,"caption":"admin"}},{"@type":"WebPage","@id":"https:\/\/eldigitaldeasturias.com\/magazine365\/la-demarcacion-de-costas-en-baleares-autoriza-el-desembarco-de-tres-cruceros-en-formentera\/#webpage","url":"https:\/\/eldigitaldeasturias.com\/magazine365\/la-demarcacion-de-costas-en-baleares-autoriza-el-desembarco-de-tres-cruceros-en-formentera\/","name":"La demarcaci\u00f3n de costas en Baleares autoriza el desembarco de tres cruceros en Formentera | El Digital de Asturias","description":"La Demarcaci\u00f3n de Costas en Baleares ha autorizado el desembarco en Formentera de \"golondrinas\" procedentes de Ibiza. Seg\u00fan han recordado desde la Delegaci\u00f3n balear del Gobierno, hasta ahora estos cruceros tur\u00edsticos s\u00f3lo pod\u00edan desembarcar en el puerto de La Savina. En 2014, con car\u00e1cter experimental, ya se concedieron dos autorizaciones para cruceros con contenido medioambiental.","inLanguage":"es-ES","isPartOf":{"@id":"https:\/\/eldigitaldeasturias.com\/magazine365\/#website"},"breadcrumb":{"@id":"https:\/\/eldigitaldeasturias.com\/magazine365\/la-demarcacion-de-costas-en-baleares-autoriza-el-desembarco-de-tres-cruceros-en-formentera\/#breadcrumblist"},"author":{"@id":"https:\/\/eldigitaldeasturias.com\/magazine365\/author\/admin\/#author"},"creator":{"@id":"https:\/\/eldigitaldeasturias.com\/magazine365\/author\/admin\/#author"},"image":{"@type":"ImageObject","url":"https:\/\/eldigitaldeasturias.com\/magazine365\/wp-content\/uploads\/2015\/06\/fotonoticia_20150626164740_800.jpg","@id":"https:\/\/eldigitaldeasturias.com\/magazine365\/la-demarcacion-de-costas-en-baleares-autoriza-el-desembarco-de-tres-cruceros-en-formentera\/#mainImage","width":800,"height":419},"primaryImageOfPage":{"@id":"https:\/\/eldigitaldeasturias.com\/magazine365\/la-demarcacion-de-costas-en-baleares-autoriza-el-desembarco-de-tres-cruceros-en-formentera\/#mainImage"},"datePublished":"2015-06-26T23:34:07+02:00","dateModified":"2015-06-26T23:34:07+02:00"},{"@type":"WebSite","@id":"https:\/\/eldigitaldeasturias.com\/magazine365\/#website","url":"https:\/\/eldigitaldeasturias.com\/magazine365\/","name":"El Digital de Asturias","description":"Revista de ocio, turismo y estilo de vida","inLanguage":"es-ES","publisher":{"@id":"https:\/\/eldigitaldeasturias.com\/magazine365\/#organization"}}]},"og:locale":"es_ES","og:site_name":"El Digital de Asturias \u2013 Revista de ocio, turismo y estilo de vida","og:type":"article","og:title":"La demarcaci\u00f3n de costas en Baleares autoriza el desembarco de tres cruceros en Formentera | El Digital de Asturias","og:description":"La Demarcaci\u00f3n de Costas en Baleares ha autorizado el desembarco en Formentera de &quot;golondrinas&quot; procedentes de Ibiza. Seg\u00fan han recordado desde la Delegaci\u00f3n balear del Gobierno, hasta ahora estos cruceros tur\u00edsticos s\u00f3lo pod\u00edan desembarcar en el puerto de La Savina. En 2014, con car\u00e1cter experimental, ya se concedieron dos autorizaciones para cruceros con contenido medioambiental.","og:url":"https:\/\/eldigitaldeasturias.com\/magazine365\/la-demarcacion-de-costas-en-baleares-autoriza-el-desembarco-de-tres-cruceros-en-formentera\/","og:image":"https:\/\/eldigitaldeasturias.com\/magazine365\/wp-content\/uploads\/2015\/06\/fotonoticia_20150626164740_800.jpg","og:image:secure_url":"https:\/\/eldigitaldeasturias.com\/magazine365\/wp-content\/uploads\/2015\/06\/fotonoticia_20150626164740_800.jpg","og:image:width":800,"og:image:height":419,"article:published_time":"2015-06-26T22:04:07+00:00","article:modified_time":"2015-06-26T22:04:07+00:00","twitter:card":"summary_large_image","twitter:title":"La demarcaci\u00f3n de costas en Baleares autoriza el desembarco de tres cruceros en Formentera | El Digital de Asturias","twitter:description":"La Demarcaci\u00f3n de Costas en Baleares ha autorizado el desembarco en Formentera de &quot;golondrinas&quot; procedentes de Ibiza. Seg\u00fan han recordado desde la Delegaci\u00f3n balear del Gobierno, hasta ahora estos cruceros tur\u00edsticos s\u00f3lo pod\u00edan desembarcar en el puerto de La Savina. En 2014, con car\u00e1cter experimental, ya se concedieron dos autorizaciones para cruceros con contenido medioambiental.","twitter:image":"https:\/\/eldigitaldeasturias.com\/magazine365\/wp-content\/uploads\/2015\/06\/fotonoticia_20150626164740_800.jpg"},"aioseo_meta_data":{"post_id":"41181","title":null,"description":null,"keywords":null,"keyphrases":null,"primary_term":null,"canonical_url":null,"og_title":null,"og_description":null,"og_object_type":"default","og_image_type":"default","og_image_url":null,"og_image_width":null,"og_image_height":null,"og_image_custom_url":null,"og_image_custom_fields":null,"og_video":null,"og_custom_url":null,"og_article_section":null,"og_article_tags":null,"twitter_use_og":false,"twitter_card":"default","twitter_image_type":"default","twitter_image_url":null,"twitter_image_custom_url":null,"twitter_image_custom_fields":null,"twitter_title":null,"twitter_description":null,"schema":{"blockGraphs":[],"customGraphs":[],"default":{"data":{"Article":[],"Course":[],"Dataset":[],"FAQPage":[],"Movie":[],"Person":[],"Product":[],"ProductReview":[],"Car":[],"Recipe":[],"Service":[],"SoftwareApplication":[],"WebPage":[]},"graphName":"","isEnabled":true},"graphs":[],"defaultGraph":"","defaultPostTypeGraph":""},"schema_type":null,"schema_type_options":null,"pillar_content":false,"robots_default":true,"robots_noindex":false,"robots_noarchive":false,"robots_nosnippet":false,"robots_nofollow":false,"robots_noimageindex":false,"robots_noodp":false,"robots_notranslate":false,"robots_max_snippet":null,"robots_max_videopreview":null,"robots_max_imagepreview":"large","priority":null,"frequency":null,"location":null,"local_seo":null,"seo_analyzer_scan_date":"2025-09-19 15:11:06","breadcrumb_settings":null,"limit_modified_date":false,"open_ai":null,"ai":null,"created":"2021-03-09 02:18:41","updated":"2025-09-19 15:11:06"},"aioseo_breadcrumb":"<div class=\"aioseo-breadcrumbs\"><span class=\"aioseo-breadcrumb\">\n\t<a href=\"https:\/\/eldigitaldeasturias.com\/magazine365\" title=\"Home\">Home<\/a>\n<\/span><span class=\"aioseo-breadcrumb-separator\">\u2013<\/span><span class=\"aioseo-breadcrumb\">\n\t<a href=\"https:\/\/eldigitaldeasturias.com\/magazine365\/category\/actualidad-turismo\/\" title=\"Actualidad Turismo\">Actualidad Turismo<\/a>\n<\/span><span class=\"aioseo-breadcrumb-separator\">\u2013<\/span><span class=\"aioseo-breadcrumb\">\n\t<a href=\"https:\/\/eldigitaldeasturias.com\/magazine365\/la-demarcacion-de-costas-en-baleares-autoriza-el-desembarco-de-tres-cruceros-en-formentera\/\" title=\"La demarcaci\u00f3n de costas en Baleares autoriza el desembarco de tres cruceros en Formentera\">La demarcaci\u00f3n de costas en Baleares autoriza el desembarco de tres cruceros en Formentera<\/a>\n<\/span><\/div>","aioseo_breadcrumb_json":[{"label":"Home","link":"https:\/\/eldigitaldeasturias.com\/magazine365"},{"label":"Actualidad Turismo","link":"https:\/\/eldigitaldeasturias.com\/magazine365\/category\/actualidad-turismo\/"},{"label":"La demarcaci\u00f3n de costas en Baleares autoriza el desembarco de tres cruceros en Formentera","link":"https:\/\/eldigitaldeasturias.com\/magazine365\/la-demarcacion-de-costas-en-baleares-autoriza-el-desembarco-de-tres-cruceros-en-formentera\/"}],"_links":{"self":[{"href":"https:\/\/eldigitaldeasturias.com\/magazine365\/wp-json\/wp\/v2\/posts\/41181","targetHints":{"allow":["GET"]}}],"collection":[{"href":"https:\/\/eldigitaldeasturias.com\/magazine365\/wp-json\/wp\/v2\/posts"}],"about":[{"href":"https:\/\/eldigitaldeasturias.com\/magazine365\/wp-json\/wp\/v2\/types\/post"}],"author":[{"embeddable":true,"href":"https:\/\/eldigitaldeasturias.com\/magazine365\/wp-json\/wp\/v2\/users\/1"}],"replies":[{"embeddable":true,"href":"https:\/\/eldigitaldeasturias.com\/magazine365\/wp-json\/wp\/v2\/comments?post=41181"}],"version-history":[{"count":0,"href":"https:\/\/eldigitaldeasturias.com\/magazine365\/wp-json\/wp\/v2\/posts\/41181\/revisions"}],"wp:featuredmedia":[{"embeddable":true,"href":"https:\/\/eldigitaldeasturias.com\/magazine365\/wp-json\/wp\/v2\/media\/41182"}],"wp:attachment":[{"href":"https:\/\/eldigitaldeasturias.com\/magazine365\/wp-json\/wp\/v2\/media?parent=41181"}],"wp:term":[{"taxonomy":"category","embeddable":true,"href":"https:\/\/eldigitaldeasturias.com\/magazine365\/wp-json\/wp\/v2\/categories?post=41181"},{"taxonomy":"post_tag","embeddable":true,"href":"https:\/\/eldigitaldeasturias.com\/magazine365\/wp-json\/wp\/v2\/tags?post=41181"}],"curies":[{"name":"wp","href":"https:\/\/api.w.org\/{rel}","templated":true}]}}