{"id":41173,"date":"2015-06-26T23:25:31","date_gmt":"2015-06-26T21:55:31","guid":{"rendered":"http:\/\/eldigitaldeasturias.com\/magazine365\/?p=41173"},"modified":"2015-06-26T23:25:31","modified_gmt":"2015-06-26T21:55:31","slug":"47-playas-de-la-comunidad-valenciana-reciben-las-banderas-q-de-calidad-turistica","status":"publish","type":"post","link":"https:\/\/eldigitaldeasturias.com\/magazine365\/47-playas-de-la-comunidad-valenciana-reciben-las-banderas-q-de-calidad-turistica\/","title":{"rendered":"47 playas de la Comunidad Valenciana reciben las banderas &#8216;Q&#8217; de calidad tur\u00edstica"},"content":{"rendered":"<p><img fetchpriority=\"high\" decoding=\"async\" class=\"alignleft size-medium wp-image-41174\" src=\"https:\/\/eldigitaldeasturias.com\/magazine365\/wp-content\/uploads\/2015\/06\/fotonoticia_20150626154636_800-360x240.jpg\" alt=\"fotonoticia_20150626154636_800\" width=\"360\" height=\"240\" srcset=\"https:\/\/eldigitaldeasturias.com\/magazine365\/wp-content\/uploads\/2015\/06\/fotonoticia_20150626154636_800-360x240.jpg 360w, https:\/\/eldigitaldeasturias.com\/magazine365\/wp-content\/uploads\/2015\/06\/fotonoticia_20150626154636_800-650x433.jpg 650w, https:\/\/eldigitaldeasturias.com\/magazine365\/wp-content\/uploads\/2015\/06\/fotonoticia_20150626154636_800-768x512.jpg 768w, https:\/\/eldigitaldeasturias.com\/magazine365\/wp-content\/uploads\/2015\/06\/fotonoticia_20150626154636_800-150x100.jpg 150w, https:\/\/eldigitaldeasturias.com\/magazine365\/wp-content\/uploads\/2015\/06\/fotonoticia_20150626154636_800-450x300.jpg 450w, https:\/\/eldigitaldeasturias.com\/magazine365\/wp-content\/uploads\/2015\/06\/fotonoticia_20150626154636_800-696x464.jpg 696w, https:\/\/eldigitaldeasturias.com\/magazine365\/wp-content\/uploads\/2015\/06\/fotonoticia_20150626154636_800-630x420.jpg 630w, https:\/\/eldigitaldeasturias.com\/magazine365\/wp-content\/uploads\/2015\/06\/fotonoticia_20150626154636_800-84x55.jpg 84w, https:\/\/eldigitaldeasturias.com\/magazine365\/wp-content\/uploads\/2015\/06\/fotonoticia_20150626154636_800.jpg 800w\" sizes=\"(max-width: 360px) 100vw, 360px\" \/>El Instituto para la Calidad Tur\u00edstica Espa\u00f1ola (ICTE) ha concedido este a\u00f1o las banderas de calidad tur\u00edstica a 47 playas de la Comunitat Valenciana, la segunda mayor cantidad por comunidades aut\u00f3nomas tras Andaluc\u00eda.<\/p>\n<p>Todas estas playas, que pertenecen a un total de 25 municipios de las tres provincias de la Comunitat, cumplen con los requisitos de la norma UNE de su sector, asociada a la marca &#8216;Q&#8217; de calidad tur\u00edstica. Una distinci\u00f3n que requiere no solo que las playas posean aguas y arenas limpias, sino que tambi\u00e9n exige que se controlen los servicios de seguridad, salvamento, ocio, informaci\u00f3n, limpieza, as\u00ed como las condiciones higi\u00e9nicas y las instalaciones.<\/p>\n<p>De esta forma, este verano contar\u00e1n con esta distinci\u00f3n de excelencia, las playas de destinos como Benidorm, Orihuela, Teulada, Torrevieja, Benic\u00e0ssim, Burriana, Castell\u00f3n, Monc\u00f3far, Oropesa, Pe\u00f1\u00edscola, Torreblanca, Bellreguard, Canet d&#8217;en Berenguer, Cullera, Daim\u00fas, El Perell\u00f3, Gandia, La Pobla de Farnals, Miramar, Oliva, Piles, Puzol, Sagunto, Valencia y Xeraco.<\/p>\n<p>La provincia de Valencia es la que m\u00e1s banderas ostenta, con 20 playas certificadas, que representan el 42,5 por ciento del total de la Comunitat. Por su parte, el municipio costero con m\u00e1s playas certificadas es Orihuela, con cinco banderas.<\/p>\n<p>Por otra parte, las instalaciones n\u00e1utico-deportivas de el Real club n\u00e1utico de Torrevieja, el Real Club n\u00e1utico de Calpe y el Consorcio Valencia 2007 tambi\u00e9n han recibido esta distinci\u00f3n de la marca &#8216;Q&#8217; de calidad.<\/p>\n","protected":false},"excerpt":{"rendered":"<p>El Instituto para la Calidad Tur\u00edstica Espa\u00f1ola (ICTE) ha concedido este a\u00f1o las banderas de calidad tur\u00edstica a 47 playas de la Comunitat Valenciana, la segunda mayor cantidad por comunidades aut\u00f3nomas tras Andaluc\u00eda. Todas estas playas, que pertenecen a un total de 25 municipios de las tres provincias de la Comunitat, cumplen con los requisitos<\/p>\n","protected":false},"author":1,"featured_media":41174,"comment_status":"open","ping_status":"closed","sticky":false,"template":"","format":"standard","meta":{"footnotes":""},"categories":[222],"tags":[],"class_list":{"0":"post-41173","1":"post","2":"type-post","3":"status-publish","4":"format-standard","5":"has-post-thumbnail","7":"category-actualidad-turismo"},"aioseo_notices":[],"aioseo_head":"\n\t\t<!-- All in One SEO Pro 4.9.6.1 - aioseo.com -->\n\t<meta name=\"description\" content=\"El Instituto para la Calidad Tur\u00edstica Espa\u00f1ola (ICTE) ha concedido este a\u00f1o las banderas de calidad tur\u00edstica a 47 playas de la Comunitat Valenciana, la segunda mayor cantidad por comunidades aut\u00f3nomas tras Andaluc\u00eda. Todas estas playas, que pertenecen a un total de 25 municipios de las tres provincias de la Comunitat, cumplen con los requisitos\" \/>\n\t<meta name=\"robots\" content=\"max-image-preview:large\" \/>\n\t<meta name=\"author\" content=\"admin\"\/>\n\t<meta name=\"google-site-verification\" content=\"UA-38556648-1\" \/>\n\t<meta name=\"keywords\" content=\"actualidad turismo\" \/>\n\t<link rel=\"canonical\" href=\"https:\/\/eldigitaldeasturias.com\/magazine365\/47-playas-de-la-comunidad-valenciana-reciben-las-banderas-q-de-calidad-turistica\/\" \/>\n\t<meta name=\"generator\" content=\"All in One SEO Pro (AIOSEO) 4.9.6.1\" \/>\n\t\t<meta property=\"og:locale\" content=\"es_ES\" \/>\n\t\t<meta property=\"og:site_name\" content=\"El Digital de Asturias \u2013 Revista de ocio, turismo y estilo de vida\" \/>\n\t\t<meta property=\"og:type\" content=\"article\" \/>\n\t\t<meta property=\"og:title\" content=\"47 playas de la Comunidad Valenciana reciben las banderas \u2018Q\u2019 de calidad tur\u00edstica | El Digital de Asturias\" \/>\n\t\t<meta property=\"og:description\" content=\"El Instituto para la Calidad Tur\u00edstica Espa\u00f1ola (ICTE) ha concedido este a\u00f1o las banderas de calidad tur\u00edstica a 47 playas de la Comunitat Valenciana, la segunda mayor cantidad por comunidades aut\u00f3nomas tras Andaluc\u00eda. Todas estas playas, que pertenecen a un total de 25 municipios de las tres provincias de la Comunitat, cumplen con los requisitos\" \/>\n\t\t<meta property=\"og:url\" content=\"https:\/\/eldigitaldeasturias.com\/magazine365\/47-playas-de-la-comunidad-valenciana-reciben-las-banderas-q-de-calidad-turistica\/\" \/>\n\t\t<meta property=\"og:image\" content=\"https:\/\/eldigitaldeasturias.com\/magazine365\/wp-content\/uploads\/2015\/06\/fotonoticia_20150626154636_800.jpg\" \/>\n\t\t<meta property=\"og:image:secure_url\" content=\"https:\/\/eldigitaldeasturias.com\/magazine365\/wp-content\/uploads\/2015\/06\/fotonoticia_20150626154636_800.jpg\" \/>\n\t\t<meta property=\"og:image:width\" content=\"800\" \/>\n\t\t<meta property=\"og:image:height\" content=\"533\" \/>\n\t\t<meta property=\"article:published_time\" content=\"2015-06-26T21:55:31+00:00\" \/>\n\t\t<meta property=\"article:modified_time\" content=\"2015-06-26T21:55:31+00:00\" \/>\n\t\t<meta name=\"twitter:card\" content=\"summary_large_image\" \/>\n\t\t<meta name=\"twitter:title\" content=\"47 playas de la Comunidad Valenciana reciben las banderas \u2018Q\u2019 de calidad tur\u00edstica | El Digital de Asturias\" \/>\n\t\t<meta name=\"twitter:description\" content=\"El Instituto para la Calidad Tur\u00edstica Espa\u00f1ola (ICTE) ha concedido este a\u00f1o las banderas de calidad tur\u00edstica a 47 playas de la Comunitat Valenciana, la segunda mayor cantidad por comunidades aut\u00f3nomas tras Andaluc\u00eda. Todas estas playas, que pertenecen a un total de 25 municipios de las tres provincias de la Comunitat, cumplen con los requisitos\" \/>\n\t\t<meta name=\"twitter:image\" content=\"https:\/\/eldigitaldeasturias.com\/magazine365\/wp-content\/uploads\/2015\/06\/fotonoticia_20150626154636_800.jpg\" \/>\n\t\t<script type=\"application\/ld+json\" class=\"aioseo-schema\">\n\t\t\t{\"@context\":\"https:\\\/\\\/schema.org\",\"@graph\":[{\"@type\":\"Article\",\"@id\":\"https:\\\/\\\/eldigitaldeasturias.com\\\/magazine365\\\/47-playas-de-la-comunidad-valenciana-reciben-las-banderas-q-de-calidad-turistica\\\/#article\",\"name\":\"47 playas de la Comunidad Valenciana reciben las banderas \\u2018Q\\u2019 de calidad tur\\u00edstica | El Digital de Asturias\",\"headline\":\"47 playas de la Comunidad Valenciana reciben las banderas &#8216;Q&#8217; de calidad tur\\u00edstica\",\"author\":{\"@id\":\"https:\\\/\\\/eldigitaldeasturias.com\\\/magazine365\\\/author\\\/admin\\\/#author\"},\"publisher\":{\"@id\":\"https:\\\/\\\/eldigitaldeasturias.com\\\/magazine365\\\/#organization\"},\"image\":{\"@type\":\"ImageObject\",\"url\":\"https:\\\/\\\/eldigitaldeasturias.com\\\/magazine365\\\/wp-content\\\/uploads\\\/2015\\\/06\\\/fotonoticia_20150626154636_800.jpg\",\"width\":800,\"height\":533},\"datePublished\":\"2015-06-26T23:25:31+02:00\",\"dateModified\":\"2015-06-26T23:25:31+02:00\",\"inLanguage\":\"es-ES\",\"mainEntityOfPage\":{\"@id\":\"https:\\\/\\\/eldigitaldeasturias.com\\\/magazine365\\\/47-playas-de-la-comunidad-valenciana-reciben-las-banderas-q-de-calidad-turistica\\\/#webpage\"},\"isPartOf\":{\"@id\":\"https:\\\/\\\/eldigitaldeasturias.com\\\/magazine365\\\/47-playas-de-la-comunidad-valenciana-reciben-las-banderas-q-de-calidad-turistica\\\/#webpage\"},\"articleSection\":\"Actualidad Turismo\"},{\"@type\":\"BreadcrumbList\",\"@id\":\"https:\\\/\\\/eldigitaldeasturias.com\\\/magazine365\\\/47-playas-de-la-comunidad-valenciana-reciben-las-banderas-q-de-calidad-turistica\\\/#breadcrumblist\",\"itemListElement\":[{\"@type\":\"ListItem\",\"@id\":\"https:\\\/\\\/eldigitaldeasturias.com\\\/magazine365#listItem\",\"position\":1,\"name\":\"Home\",\"item\":\"https:\\\/\\\/eldigitaldeasturias.com\\\/magazine365\",\"nextItem\":{\"@type\":\"ListItem\",\"@id\":\"https:\\\/\\\/eldigitaldeasturias.com\\\/magazine365\\\/category\\\/actualidad-turismo\\\/#listItem\",\"name\":\"Actualidad Turismo\"}},{\"@type\":\"ListItem\",\"@id\":\"https:\\\/\\\/eldigitaldeasturias.com\\\/magazine365\\\/category\\\/actualidad-turismo\\\/#listItem\",\"position\":2,\"name\":\"Actualidad Turismo\",\"item\":\"https:\\\/\\\/eldigitaldeasturias.com\\\/magazine365\\\/category\\\/actualidad-turismo\\\/\",\"nextItem\":{\"@type\":\"ListItem\",\"@id\":\"https:\\\/\\\/eldigitaldeasturias.com\\\/magazine365\\\/47-playas-de-la-comunidad-valenciana-reciben-las-banderas-q-de-calidad-turistica\\\/#listItem\",\"name\":\"47 playas de la Comunidad Valenciana reciben las banderas &#8216;Q&#8217; de calidad tur\\u00edstica\"},\"previousItem\":{\"@type\":\"ListItem\",\"@id\":\"https:\\\/\\\/eldigitaldeasturias.com\\\/magazine365#listItem\",\"name\":\"Home\"}},{\"@type\":\"ListItem\",\"@id\":\"https:\\\/\\\/eldigitaldeasturias.com\\\/magazine365\\\/47-playas-de-la-comunidad-valenciana-reciben-las-banderas-q-de-calidad-turistica\\\/#listItem\",\"position\":3,\"name\":\"47 playas de la Comunidad Valenciana reciben las banderas &#8216;Q&#8217; de calidad tur\\u00edstica\",\"previousItem\":{\"@type\":\"ListItem\",\"@id\":\"https:\\\/\\\/eldigitaldeasturias.com\\\/magazine365\\\/category\\\/actualidad-turismo\\\/#listItem\",\"name\":\"Actualidad Turismo\"}}]},{\"@type\":\"Organization\",\"@id\":\"https:\\\/\\\/eldigitaldeasturias.com\\\/magazine365\\\/#organization\",\"name\":\"El digital de Asturias\",\"description\":\"Revista de ocio, turismo y estilo de vida\",\"url\":\"https:\\\/\\\/eldigitaldeasturias.com\\\/magazine365\\\/\",\"logo\":{\"@type\":\"ImageObject\",\"url\":\"https:\\\/\\\/www.eldigitaldeasturias.com\\\/noticias\\\/wp-content\\\/uploads\\\/2020\\\/12\\\/EDA.jpg\",\"@id\":\"https:\\\/\\\/eldigitaldeasturias.com\\\/magazine365\\\/47-playas-de-la-comunidad-valenciana-reciben-las-banderas-q-de-calidad-turistica\\\/#organizationLogo\"},\"image\":{\"@id\":\"https:\\\/\\\/eldigitaldeasturias.com\\\/magazine365\\\/47-playas-de-la-comunidad-valenciana-reciben-las-banderas-q-de-calidad-turistica\\\/#organizationLogo\"}},{\"@type\":\"Person\",\"@id\":\"https:\\\/\\\/eldigitaldeasturias.com\\\/magazine365\\\/author\\\/admin\\\/#author\",\"url\":\"https:\\\/\\\/eldigitaldeasturias.com\\\/magazine365\\\/author\\\/admin\\\/\",\"name\":\"admin\",\"image\":{\"@type\":\"ImageObject\",\"@id\":\"https:\\\/\\\/eldigitaldeasturias.com\\\/magazine365\\\/47-playas-de-la-comunidad-valenciana-reciben-las-banderas-q-de-calidad-turistica\\\/#authorImage\",\"url\":\"https:\\\/\\\/eldigitaldeasturias.com\\\/magazine365\\\/wp-content\\\/litespeed\\\/avatar\\\/e571bcf59a0edd6fa6838245a470f2fe.jpg?ver=1777574230\",\"width\":96,\"height\":96,\"caption\":\"admin\"}},{\"@type\":\"WebPage\",\"@id\":\"https:\\\/\\\/eldigitaldeasturias.com\\\/magazine365\\\/47-playas-de-la-comunidad-valenciana-reciben-las-banderas-q-de-calidad-turistica\\\/#webpage\",\"url\":\"https:\\\/\\\/eldigitaldeasturias.com\\\/magazine365\\\/47-playas-de-la-comunidad-valenciana-reciben-las-banderas-q-de-calidad-turistica\\\/\",\"name\":\"47 playas de la Comunidad Valenciana reciben las banderas \\u2018Q\\u2019 de calidad tur\\u00edstica | El Digital de Asturias\",\"description\":\"El Instituto para la Calidad Tur\\u00edstica Espa\\u00f1ola (ICTE) ha concedido este a\\u00f1o las banderas de calidad tur\\u00edstica a 47 playas de la Comunitat Valenciana, la segunda mayor cantidad por comunidades aut\\u00f3nomas tras Andaluc\\u00eda. Todas estas playas, que pertenecen a un total de 25 municipios de las tres provincias de la Comunitat, cumplen con los requisitos\",\"inLanguage\":\"es-ES\",\"isPartOf\":{\"@id\":\"https:\\\/\\\/eldigitaldeasturias.com\\\/magazine365\\\/#website\"},\"breadcrumb\":{\"@id\":\"https:\\\/\\\/eldigitaldeasturias.com\\\/magazine365\\\/47-playas-de-la-comunidad-valenciana-reciben-las-banderas-q-de-calidad-turistica\\\/#breadcrumblist\"},\"author\":{\"@id\":\"https:\\\/\\\/eldigitaldeasturias.com\\\/magazine365\\\/author\\\/admin\\\/#author\"},\"creator\":{\"@id\":\"https:\\\/\\\/eldigitaldeasturias.com\\\/magazine365\\\/author\\\/admin\\\/#author\"},\"image\":{\"@type\":\"ImageObject\",\"url\":\"https:\\\/\\\/eldigitaldeasturias.com\\\/magazine365\\\/wp-content\\\/uploads\\\/2015\\\/06\\\/fotonoticia_20150626154636_800.jpg\",\"@id\":\"https:\\\/\\\/eldigitaldeasturias.com\\\/magazine365\\\/47-playas-de-la-comunidad-valenciana-reciben-las-banderas-q-de-calidad-turistica\\\/#mainImage\",\"width\":800,\"height\":533},\"primaryImageOfPage\":{\"@id\":\"https:\\\/\\\/eldigitaldeasturias.com\\\/magazine365\\\/47-playas-de-la-comunidad-valenciana-reciben-las-banderas-q-de-calidad-turistica\\\/#mainImage\"},\"datePublished\":\"2015-06-26T23:25:31+02:00\",\"dateModified\":\"2015-06-26T23:25:31+02:00\"},{\"@type\":\"WebSite\",\"@id\":\"https:\\\/\\\/eldigitaldeasturias.com\\\/magazine365\\\/#website\",\"url\":\"https:\\\/\\\/eldigitaldeasturias.com\\\/magazine365\\\/\",\"name\":\"El Digital de Asturias\",\"description\":\"Revista de ocio, turismo y estilo de vida\",\"inLanguage\":\"es-ES\",\"publisher\":{\"@id\":\"https:\\\/\\\/eldigitaldeasturias.com\\\/magazine365\\\/#organization\"}}]}\n\t\t<\/script>\n\t\t<!-- All in One SEO Pro -->\r\n\t\t<title>47 playas de la Comunidad Valenciana reciben las banderas \u2018Q\u2019 de calidad tur\u00edstica | El Digital de Asturias<\/title>\n\n","aioseo_head_json":{"title":"47 playas de la Comunidad Valenciana reciben las banderas \u2018Q\u2019 de calidad tur\u00edstica | El Digital de Asturias","description":"El Instituto para la Calidad Tur\u00edstica Espa\u00f1ola (ICTE) ha concedido este a\u00f1o las banderas de calidad tur\u00edstica a 47 playas de la Comunitat Valenciana, la segunda mayor cantidad por comunidades aut\u00f3nomas tras Andaluc\u00eda. Todas estas playas, que pertenecen a un total de 25 municipios de las tres provincias de la Comunitat, cumplen con los requisitos","canonical_url":"https:\/\/eldigitaldeasturias.com\/magazine365\/47-playas-de-la-comunidad-valenciana-reciben-las-banderas-q-de-calidad-turistica\/","robots":"max-image-preview:large","keywords":"actualidad turismo","webmasterTools":{"google-site-verification":"UA-38556648-1","miscellaneous":""},"schema":{"@context":"https:\/\/schema.org","@graph":[{"@type":"Article","@id":"https:\/\/eldigitaldeasturias.com\/magazine365\/47-playas-de-la-comunidad-valenciana-reciben-las-banderas-q-de-calidad-turistica\/#article","name":"47 playas de la Comunidad Valenciana reciben las banderas \u2018Q\u2019 de calidad tur\u00edstica | El Digital de Asturias","headline":"47 playas de la Comunidad Valenciana reciben las banderas &#8216;Q&#8217; de calidad tur\u00edstica","author":{"@id":"https:\/\/eldigitaldeasturias.com\/magazine365\/author\/admin\/#author"},"publisher":{"@id":"https:\/\/eldigitaldeasturias.com\/magazine365\/#organization"},"image":{"@type":"ImageObject","url":"https:\/\/eldigitaldeasturias.com\/magazine365\/wp-content\/uploads\/2015\/06\/fotonoticia_20150626154636_800.jpg","width":800,"height":533},"datePublished":"2015-06-26T23:25:31+02:00","dateModified":"2015-06-26T23:25:31+02:00","inLanguage":"es-ES","mainEntityOfPage":{"@id":"https:\/\/eldigitaldeasturias.com\/magazine365\/47-playas-de-la-comunidad-valenciana-reciben-las-banderas-q-de-calidad-turistica\/#webpage"},"isPartOf":{"@id":"https:\/\/eldigitaldeasturias.com\/magazine365\/47-playas-de-la-comunidad-valenciana-reciben-las-banderas-q-de-calidad-turistica\/#webpage"},"articleSection":"Actualidad Turismo"},{"@type":"BreadcrumbList","@id":"https:\/\/eldigitaldeasturias.com\/magazine365\/47-playas-de-la-comunidad-valenciana-reciben-las-banderas-q-de-calidad-turistica\/#breadcrumblist","itemListElement":[{"@type":"ListItem","@id":"https:\/\/eldigitaldeasturias.com\/magazine365#listItem","position":1,"name":"Home","item":"https:\/\/eldigitaldeasturias.com\/magazine365","nextItem":{"@type":"ListItem","@id":"https:\/\/eldigitaldeasturias.com\/magazine365\/category\/actualidad-turismo\/#listItem","name":"Actualidad Turismo"}},{"@type":"ListItem","@id":"https:\/\/eldigitaldeasturias.com\/magazine365\/category\/actualidad-turismo\/#listItem","position":2,"name":"Actualidad Turismo","item":"https:\/\/eldigitaldeasturias.com\/magazine365\/category\/actualidad-turismo\/","nextItem":{"@type":"ListItem","@id":"https:\/\/eldigitaldeasturias.com\/magazine365\/47-playas-de-la-comunidad-valenciana-reciben-las-banderas-q-de-calidad-turistica\/#listItem","name":"47 playas de la Comunidad Valenciana reciben las banderas &#8216;Q&#8217; de calidad tur\u00edstica"},"previousItem":{"@type":"ListItem","@id":"https:\/\/eldigitaldeasturias.com\/magazine365#listItem","name":"Home"}},{"@type":"ListItem","@id":"https:\/\/eldigitaldeasturias.com\/magazine365\/47-playas-de-la-comunidad-valenciana-reciben-las-banderas-q-de-calidad-turistica\/#listItem","position":3,"name":"47 playas de la Comunidad Valenciana reciben las banderas &#8216;Q&#8217; de calidad tur\u00edstica","previousItem":{"@type":"ListItem","@id":"https:\/\/eldigitaldeasturias.com\/magazine365\/category\/actualidad-turismo\/#listItem","name":"Actualidad Turismo"}}]},{"@type":"Organization","@id":"https:\/\/eldigitaldeasturias.com\/magazine365\/#organization","name":"El digital de Asturias","description":"Revista de ocio, turismo y estilo de vida","url":"https:\/\/eldigitaldeasturias.com\/magazine365\/","logo":{"@type":"ImageObject","url":"https:\/\/www.eldigitaldeasturias.com\/noticias\/wp-content\/uploads\/2020\/12\/EDA.jpg","@id":"https:\/\/eldigitaldeasturias.com\/magazine365\/47-playas-de-la-comunidad-valenciana-reciben-las-banderas-q-de-calidad-turistica\/#organizationLogo"},"image":{"@id":"https:\/\/eldigitaldeasturias.com\/magazine365\/47-playas-de-la-comunidad-valenciana-reciben-las-banderas-q-de-calidad-turistica\/#organizationLogo"}},{"@type":"Person","@id":"https:\/\/eldigitaldeasturias.com\/magazine365\/author\/admin\/#author","url":"https:\/\/eldigitaldeasturias.com\/magazine365\/author\/admin\/","name":"admin","image":{"@type":"ImageObject","@id":"https:\/\/eldigitaldeasturias.com\/magazine365\/47-playas-de-la-comunidad-valenciana-reciben-las-banderas-q-de-calidad-turistica\/#authorImage","url":"https:\/\/eldigitaldeasturias.com\/magazine365\/wp-content\/litespeed\/avatar\/e571bcf59a0edd6fa6838245a470f2fe.jpg?ver=1777574230","width":96,"height":96,"caption":"admin"}},{"@type":"WebPage","@id":"https:\/\/eldigitaldeasturias.com\/magazine365\/47-playas-de-la-comunidad-valenciana-reciben-las-banderas-q-de-calidad-turistica\/#webpage","url":"https:\/\/eldigitaldeasturias.com\/magazine365\/47-playas-de-la-comunidad-valenciana-reciben-las-banderas-q-de-calidad-turistica\/","name":"47 playas de la Comunidad Valenciana reciben las banderas \u2018Q\u2019 de calidad tur\u00edstica | El Digital de Asturias","description":"El Instituto para la Calidad Tur\u00edstica Espa\u00f1ola (ICTE) ha concedido este a\u00f1o las banderas de calidad tur\u00edstica a 47 playas de la Comunitat Valenciana, la segunda mayor cantidad por comunidades aut\u00f3nomas tras Andaluc\u00eda. Todas estas playas, que pertenecen a un total de 25 municipios de las tres provincias de la Comunitat, cumplen con los requisitos","inLanguage":"es-ES","isPartOf":{"@id":"https:\/\/eldigitaldeasturias.com\/magazine365\/#website"},"breadcrumb":{"@id":"https:\/\/eldigitaldeasturias.com\/magazine365\/47-playas-de-la-comunidad-valenciana-reciben-las-banderas-q-de-calidad-turistica\/#breadcrumblist"},"author":{"@id":"https:\/\/eldigitaldeasturias.com\/magazine365\/author\/admin\/#author"},"creator":{"@id":"https:\/\/eldigitaldeasturias.com\/magazine365\/author\/admin\/#author"},"image":{"@type":"ImageObject","url":"https:\/\/eldigitaldeasturias.com\/magazine365\/wp-content\/uploads\/2015\/06\/fotonoticia_20150626154636_800.jpg","@id":"https:\/\/eldigitaldeasturias.com\/magazine365\/47-playas-de-la-comunidad-valenciana-reciben-las-banderas-q-de-calidad-turistica\/#mainImage","width":800,"height":533},"primaryImageOfPage":{"@id":"https:\/\/eldigitaldeasturias.com\/magazine365\/47-playas-de-la-comunidad-valenciana-reciben-las-banderas-q-de-calidad-turistica\/#mainImage"},"datePublished":"2015-06-26T23:25:31+02:00","dateModified":"2015-06-26T23:25:31+02:00"},{"@type":"WebSite","@id":"https:\/\/eldigitaldeasturias.com\/magazine365\/#website","url":"https:\/\/eldigitaldeasturias.com\/magazine365\/","name":"El Digital de Asturias","description":"Revista de ocio, turismo y estilo de vida","inLanguage":"es-ES","publisher":{"@id":"https:\/\/eldigitaldeasturias.com\/magazine365\/#organization"}}]},"og:locale":"es_ES","og:site_name":"El Digital de Asturias \u2013 Revista de ocio, turismo y estilo de vida","og:type":"article","og:title":"47 playas de la Comunidad Valenciana reciben las banderas \u2018Q\u2019 de calidad tur\u00edstica | El Digital de Asturias","og:description":"El Instituto para la Calidad Tur\u00edstica Espa\u00f1ola (ICTE) ha concedido este a\u00f1o las banderas de calidad tur\u00edstica a 47 playas de la Comunitat Valenciana, la segunda mayor cantidad por comunidades aut\u00f3nomas tras Andaluc\u00eda. Todas estas playas, que pertenecen a un total de 25 municipios de las tres provincias de la Comunitat, cumplen con los requisitos","og:url":"https:\/\/eldigitaldeasturias.com\/magazine365\/47-playas-de-la-comunidad-valenciana-reciben-las-banderas-q-de-calidad-turistica\/","og:image":"https:\/\/eldigitaldeasturias.com\/magazine365\/wp-content\/uploads\/2015\/06\/fotonoticia_20150626154636_800.jpg","og:image:secure_url":"https:\/\/eldigitaldeasturias.com\/magazine365\/wp-content\/uploads\/2015\/06\/fotonoticia_20150626154636_800.jpg","og:image:width":800,"og:image:height":533,"article:published_time":"2015-06-26T21:55:31+00:00","article:modified_time":"2015-06-26T21:55:31+00:00","twitter:card":"summary_large_image","twitter:title":"47 playas de la Comunidad Valenciana reciben las banderas \u2018Q\u2019 de calidad tur\u00edstica | El Digital de Asturias","twitter:description":"El Instituto para la Calidad Tur\u00edstica Espa\u00f1ola (ICTE) ha concedido este a\u00f1o las banderas de calidad tur\u00edstica a 47 playas de la Comunitat Valenciana, la segunda mayor cantidad por comunidades aut\u00f3nomas tras Andaluc\u00eda. Todas estas playas, que pertenecen a un total de 25 municipios de las tres provincias de la Comunitat, cumplen con los requisitos","twitter:image":"https:\/\/eldigitaldeasturias.com\/magazine365\/wp-content\/uploads\/2015\/06\/fotonoticia_20150626154636_800.jpg"},"aioseo_meta_data":{"post_id":"41173","title":null,"description":null,"keywords":null,"keyphrases":null,"primary_term":null,"canonical_url":null,"og_title":null,"og_description":null,"og_object_type":"default","og_image_type":"default","og_image_url":null,"og_image_width":null,"og_image_height":null,"og_image_custom_url":null,"og_image_custom_fields":null,"og_video":null,"og_custom_url":null,"og_article_section":null,"og_article_tags":null,"twitter_use_og":false,"twitter_card":"default","twitter_image_type":"default","twitter_image_url":null,"twitter_image_custom_url":null,"twitter_image_custom_fields":null,"twitter_title":null,"twitter_description":null,"schema":{"blockGraphs":[],"customGraphs":[],"default":{"data":{"Article":[],"Course":[],"Dataset":[],"FAQPage":[],"Movie":[],"Person":[],"Product":[],"ProductReview":[],"Car":[],"Recipe":[],"Service":[],"SoftwareApplication":[],"WebPage":[]},"graphName":"","isEnabled":true},"graphs":[],"defaultGraph":"","defaultPostTypeGraph":""},"schema_type":null,"schema_type_options":null,"pillar_content":false,"robots_default":true,"robots_noindex":false,"robots_noarchive":false,"robots_nosnippet":false,"robots_nofollow":false,"robots_noimageindex":false,"robots_noodp":false,"robots_notranslate":false,"robots_max_snippet":null,"robots_max_videopreview":null,"robots_max_imagepreview":"large","priority":null,"frequency":null,"location":null,"local_seo":null,"seo_analyzer_scan_date":"2025-09-19 15:09:20","breadcrumb_settings":null,"limit_modified_date":false,"open_ai":null,"ai":null,"created":"2021-03-09 02:18:41","updated":"2025-09-19 15:09:20"},"aioseo_breadcrumb":"<div class=\"aioseo-breadcrumbs\"><span class=\"aioseo-breadcrumb\">\n\t<a href=\"https:\/\/eldigitaldeasturias.com\/magazine365\" title=\"Home\">Home<\/a>\n<\/span><span class=\"aioseo-breadcrumb-separator\">\u2013<\/span><span class=\"aioseo-breadcrumb\">\n\t<a href=\"https:\/\/eldigitaldeasturias.com\/magazine365\/category\/actualidad-turismo\/\" title=\"Actualidad Turismo\">Actualidad Turismo<\/a>\n<\/span><span class=\"aioseo-breadcrumb-separator\">\u2013<\/span><span class=\"aioseo-breadcrumb\">\n\t<a href=\"https:\/\/eldigitaldeasturias.com\/magazine365\/47-playas-de-la-comunidad-valenciana-reciben-las-banderas-q-de-calidad-turistica\/\" title=\"47 playas de la Comunidad Valenciana reciben las banderas \u2018Q\u2019 de calidad tur\u00edstica\">47 playas de la Comunidad Valenciana reciben las banderas \u2018Q\u2019 de calidad tur\u00edstica<\/a>\n<\/span><\/div>","aioseo_breadcrumb_json":[{"label":"Home","link":"https:\/\/eldigitaldeasturias.com\/magazine365"},{"label":"Actualidad Turismo","link":"https:\/\/eldigitaldeasturias.com\/magazine365\/category\/actualidad-turismo\/"},{"label":"47 playas de la Comunidad Valenciana reciben las banderas &#8216;Q&#8217; de calidad tur\u00edstica","link":"https:\/\/eldigitaldeasturias.com\/magazine365\/47-playas-de-la-comunidad-valenciana-reciben-las-banderas-q-de-calidad-turistica\/"}],"_links":{"self":[{"href":"https:\/\/eldigitaldeasturias.com\/magazine365\/wp-json\/wp\/v2\/posts\/41173","targetHints":{"allow":["GET"]}}],"collection":[{"href":"https:\/\/eldigitaldeasturias.com\/magazine365\/wp-json\/wp\/v2\/posts"}],"about":[{"href":"https:\/\/eldigitaldeasturias.com\/magazine365\/wp-json\/wp\/v2\/types\/post"}],"author":[{"embeddable":true,"href":"https:\/\/eldigitaldeasturias.com\/magazine365\/wp-json\/wp\/v2\/users\/1"}],"replies":[{"embeddable":true,"href":"https:\/\/eldigitaldeasturias.com\/magazine365\/wp-json\/wp\/v2\/comments?post=41173"}],"version-history":[{"count":0,"href":"https:\/\/eldigitaldeasturias.com\/magazine365\/wp-json\/wp\/v2\/posts\/41173\/revisions"}],"wp:featuredmedia":[{"embeddable":true,"href":"https:\/\/eldigitaldeasturias.com\/magazine365\/wp-json\/wp\/v2\/media\/41174"}],"wp:attachment":[{"href":"https:\/\/eldigitaldeasturias.com\/magazine365\/wp-json\/wp\/v2\/media?parent=41173"}],"wp:term":[{"taxonomy":"category","embeddable":true,"href":"https:\/\/eldigitaldeasturias.com\/magazine365\/wp-json\/wp\/v2\/categories?post=41173"},{"taxonomy":"post_tag","embeddable":true,"href":"https:\/\/eldigitaldeasturias.com\/magazine365\/wp-json\/wp\/v2\/tags?post=41173"}],"curies":[{"name":"wp","href":"https:\/\/api.w.org\/{rel}","templated":true}]}}