{"id":41171,"date":"2015-06-26T23:23:48","date_gmt":"2015-06-26T21:53:48","guid":{"rendered":"http:\/\/eldigitaldeasturias.com\/magazine365\/?p=41171"},"modified":"2015-06-26T23:23:48","modified_gmt":"2015-06-26T21:53:48","slug":"los-ultimos-analisis-mantienen-la-presencia-de-la-microalga-toxica-en-tres-playas-de-almeria","status":"publish","type":"post","link":"https:\/\/eldigitaldeasturias.com\/magazine365\/los-ultimos-analisis-mantienen-la-presencia-de-la-microalga-toxica-en-tres-playas-de-almeria\/","title":{"rendered":"Los \u00faltimos an\u00e1lisis mantienen la presencia de la microalga t\u00f3xica en tres playas de Almer\u00eda"},"content":{"rendered":"<p><img fetchpriority=\"high\" decoding=\"async\" class=\"alignleft size-medium wp-image-41164\" src=\"https:\/\/eldigitaldeasturias.com\/magazine365\/wp-content\/uploads\/2015\/06\/fotonoticia_20150626151536_800-360x239.jpg\" alt=\"fotonoticia_20150626151536_800\" width=\"360\" height=\"239\" srcset=\"https:\/\/eldigitaldeasturias.com\/magazine365\/wp-content\/uploads\/2015\/06\/fotonoticia_20150626151536_800-360x239.jpg 360w, https:\/\/eldigitaldeasturias.com\/magazine365\/wp-content\/uploads\/2015\/06\/fotonoticia_20150626151536_800-650x432.jpg 650w, https:\/\/eldigitaldeasturias.com\/magazine365\/wp-content\/uploads\/2015\/06\/fotonoticia_20150626151536_800-768x511.jpg 768w, https:\/\/eldigitaldeasturias.com\/magazine365\/wp-content\/uploads\/2015\/06\/fotonoticia_20150626151536_800-150x100.jpg 150w, https:\/\/eldigitaldeasturias.com\/magazine365\/wp-content\/uploads\/2015\/06\/fotonoticia_20150626151536_800-450x299.jpg 450w, https:\/\/eldigitaldeasturias.com\/magazine365\/wp-content\/uploads\/2015\/06\/fotonoticia_20150626151536_800-696x463.jpg 696w, https:\/\/eldigitaldeasturias.com\/magazine365\/wp-content\/uploads\/2015\/06\/fotonoticia_20150626151536_800-632x420.jpg 632w, https:\/\/eldigitaldeasturias.com\/magazine365\/wp-content\/uploads\/2015\/06\/fotonoticia_20150626151536_800-84x55.jpg 84w, https:\/\/eldigitaldeasturias.com\/magazine365\/wp-content\/uploads\/2015\/06\/fotonoticia_20150626151536_800.jpg 800w\" sizes=\"(max-width: 360px) 100vw, 360px\" \/>La delegada de la Junta de Andaluc\u00eda en Almer\u00eda, Sonia Ferrer, ha indicado este viernes que los \u00faltimos an\u00e1lisis cl\u00ednicos practicados en las muestras recogidas en las playas de Villaricos y Quitapellejos de Cuevas del Almanzora, y del Arenal en Vera, revelan la presencia a\u00fan de una microalga t\u00f3xica que ha llevado a los ayuntamientos de ambas localidades a restringir el ba\u00f1o y el acceso a la costa.<\/p>\n<p>En declaraciones a los periodistas, Ferrer ha explicado que tras estos an\u00e1lisis el servicio de Salud P\u00fablica ha tomado nuevas muestras para evaluar el estado del agua, de forma que los resultados podr\u00edan estar disponibles el pr\u00f3ximo lunes, con lo que las recomendaciones realizadas a los ayuntamientos se mantienen por el momento.<\/p>\n<p>La delegada ha apuntado que aunque son \u00abtres kil\u00f3metros de playa\u00bb los afectados desde el pasado d\u00eda 22, esto ha dado lugar a distintos casos de alergias e intoxicaciones as\u00ed como afecciones respiratorias por las que se mantienen recomendaciones como no ba\u00f1arse y mantenerse alejado unos 50 metros de la l\u00ednea del rompeolas. En esta semana se han registrado al menos 65 asistencias sanitarias por estos s\u00edntomas.<\/p>\n<p>As\u00ed, la responsable territorial de la Junta espera que \u00aben los pr\u00f3ximos d\u00edas desaparezca la concentraci\u00f3n\u00bb de microalgas que ha provocado esta situaci\u00f3n, sentido en el que ha trasladado un \u00abmensaje de tranquilidad\u00bb ya que, en cualquier caso, \u00abno es nada potencialmente muy peligroso\u00bb aunque s\u00ed \u00absuele ocurrir de vez en cuando\u00bb.<\/p>\n","protected":false},"excerpt":{"rendered":"<p>La delegada de la Junta de Andaluc\u00eda en Almer\u00eda, Sonia Ferrer, ha indicado este viernes que los \u00faltimos an\u00e1lisis cl\u00ednicos practicados en las muestras recogidas en las playas de Villaricos y Quitapellejos de Cuevas del Almanzora, y del Arenal en Vera, revelan la presencia a\u00fan de una microalga t\u00f3xica que ha llevado a los ayuntamientos<\/p>\n","protected":false},"author":1,"featured_media":41164,"comment_status":"open","ping_status":"closed","sticky":false,"template":"","format":"standard","meta":{"footnotes":""},"categories":[222],"tags":[],"class_list":{"0":"post-41171","1":"post","2":"type-post","3":"status-publish","4":"format-standard","5":"has-post-thumbnail","7":"category-actualidad-turismo"},"aioseo_notices":[],"aioseo_head":"\n\t\t<!-- All in One SEO Pro 4.9.6.1 - aioseo.com -->\n\t<meta name=\"description\" content=\"La delegada de la Junta de Andaluc\u00eda en Almer\u00eda, Sonia Ferrer, ha indicado este viernes que los \u00faltimos an\u00e1lisis cl\u00ednicos practicados en las muestras recogidas en las playas de Villaricos y Quitapellejos de Cuevas del Almanzora, y del Arenal en Vera, revelan la presencia a\u00fan de una microalga t\u00f3xica que ha llevado a los ayuntamientos\" \/>\n\t<meta name=\"robots\" content=\"max-image-preview:large\" \/>\n\t<meta name=\"author\" content=\"admin\"\/>\n\t<meta name=\"google-site-verification\" content=\"UA-38556648-1\" \/>\n\t<meta name=\"keywords\" content=\"actualidad turismo\" \/>\n\t<link rel=\"canonical\" href=\"https:\/\/eldigitaldeasturias.com\/magazine365\/los-ultimos-analisis-mantienen-la-presencia-de-la-microalga-toxica-en-tres-playas-de-almeria\/\" \/>\n\t<meta name=\"generator\" content=\"All in One SEO Pro (AIOSEO) 4.9.6.1\" \/>\n\t\t<meta property=\"og:locale\" content=\"es_ES\" \/>\n\t\t<meta property=\"og:site_name\" content=\"El Digital de Asturias \u2013 Revista de ocio, turismo y estilo de vida\" \/>\n\t\t<meta property=\"og:type\" content=\"article\" \/>\n\t\t<meta property=\"og:title\" content=\"Los \u00faltimos an\u00e1lisis mantienen la presencia de la microalga t\u00f3xica en tres playas de Almer\u00eda | El Digital de Asturias\" \/>\n\t\t<meta property=\"og:description\" content=\"La delegada de la Junta de Andaluc\u00eda en Almer\u00eda, Sonia Ferrer, ha indicado este viernes que los \u00faltimos an\u00e1lisis cl\u00ednicos practicados en las muestras recogidas en las playas de Villaricos y Quitapellejos de Cuevas del Almanzora, y del Arenal en Vera, revelan la presencia a\u00fan de una microalga t\u00f3xica que ha llevado a los ayuntamientos\" \/>\n\t\t<meta property=\"og:url\" content=\"https:\/\/eldigitaldeasturias.com\/magazine365\/los-ultimos-analisis-mantienen-la-presencia-de-la-microalga-toxica-en-tres-playas-de-almeria\/\" \/>\n\t\t<meta property=\"og:image\" content=\"https:\/\/eldigitaldeasturias.com\/magazine365\/wp-content\/uploads\/2015\/06\/fotonoticia_20150626151536_800.jpg\" \/>\n\t\t<meta property=\"og:image:secure_url\" content=\"https:\/\/eldigitaldeasturias.com\/magazine365\/wp-content\/uploads\/2015\/06\/fotonoticia_20150626151536_800.jpg\" \/>\n\t\t<meta property=\"og:image:width\" content=\"800\" \/>\n\t\t<meta property=\"og:image:height\" content=\"532\" \/>\n\t\t<meta property=\"article:published_time\" content=\"2015-06-26T21:53:48+00:00\" \/>\n\t\t<meta property=\"article:modified_time\" content=\"2015-06-26T21:53:48+00:00\" \/>\n\t\t<meta name=\"twitter:card\" content=\"summary_large_image\" \/>\n\t\t<meta name=\"twitter:title\" content=\"Los \u00faltimos an\u00e1lisis mantienen la presencia de la microalga t\u00f3xica en tres playas de Almer\u00eda | El Digital de Asturias\" \/>\n\t\t<meta name=\"twitter:description\" content=\"La delegada de la Junta de Andaluc\u00eda en Almer\u00eda, Sonia Ferrer, ha indicado este viernes que los \u00faltimos an\u00e1lisis cl\u00ednicos practicados en las muestras recogidas en las playas de Villaricos y Quitapellejos de Cuevas del Almanzora, y del Arenal en Vera, revelan la presencia a\u00fan de una microalga t\u00f3xica que ha llevado a los ayuntamientos\" \/>\n\t\t<meta name=\"twitter:image\" content=\"https:\/\/eldigitaldeasturias.com\/magazine365\/wp-content\/uploads\/2015\/06\/fotonoticia_20150626151536_800.jpg\" \/>\n\t\t<script type=\"application\/ld+json\" class=\"aioseo-schema\">\n\t\t\t{\"@context\":\"https:\\\/\\\/schema.org\",\"@graph\":[{\"@type\":\"Article\",\"@id\":\"https:\\\/\\\/eldigitaldeasturias.com\\\/magazine365\\\/los-ultimos-analisis-mantienen-la-presencia-de-la-microalga-toxica-en-tres-playas-de-almeria\\\/#article\",\"name\":\"Los \\u00faltimos an\\u00e1lisis mantienen la presencia de la microalga t\\u00f3xica en tres playas de Almer\\u00eda | El Digital de Asturias\",\"headline\":\"Los \\u00faltimos an\\u00e1lisis mantienen la presencia de la microalga t\\u00f3xica en tres playas de Almer\\u00eda\",\"author\":{\"@id\":\"https:\\\/\\\/eldigitaldeasturias.com\\\/magazine365\\\/author\\\/admin\\\/#author\"},\"publisher\":{\"@id\":\"https:\\\/\\\/eldigitaldeasturias.com\\\/magazine365\\\/#organization\"},\"image\":{\"@type\":\"ImageObject\",\"url\":\"https:\\\/\\\/eldigitaldeasturias.com\\\/magazine365\\\/wp-content\\\/uploads\\\/2015\\\/06\\\/fotonoticia_20150626151536_800.jpg\",\"width\":800,\"height\":532},\"datePublished\":\"2015-06-26T23:23:48+02:00\",\"dateModified\":\"2015-06-26T23:23:48+02:00\",\"inLanguage\":\"es-ES\",\"mainEntityOfPage\":{\"@id\":\"https:\\\/\\\/eldigitaldeasturias.com\\\/magazine365\\\/los-ultimos-analisis-mantienen-la-presencia-de-la-microalga-toxica-en-tres-playas-de-almeria\\\/#webpage\"},\"isPartOf\":{\"@id\":\"https:\\\/\\\/eldigitaldeasturias.com\\\/magazine365\\\/los-ultimos-analisis-mantienen-la-presencia-de-la-microalga-toxica-en-tres-playas-de-almeria\\\/#webpage\"},\"articleSection\":\"Actualidad Turismo\"},{\"@type\":\"BreadcrumbList\",\"@id\":\"https:\\\/\\\/eldigitaldeasturias.com\\\/magazine365\\\/los-ultimos-analisis-mantienen-la-presencia-de-la-microalga-toxica-en-tres-playas-de-almeria\\\/#breadcrumblist\",\"itemListElement\":[{\"@type\":\"ListItem\",\"@id\":\"https:\\\/\\\/eldigitaldeasturias.com\\\/magazine365#listItem\",\"position\":1,\"name\":\"Home\",\"item\":\"https:\\\/\\\/eldigitaldeasturias.com\\\/magazine365\",\"nextItem\":{\"@type\":\"ListItem\",\"@id\":\"https:\\\/\\\/eldigitaldeasturias.com\\\/magazine365\\\/category\\\/actualidad-turismo\\\/#listItem\",\"name\":\"Actualidad Turismo\"}},{\"@type\":\"ListItem\",\"@id\":\"https:\\\/\\\/eldigitaldeasturias.com\\\/magazine365\\\/category\\\/actualidad-turismo\\\/#listItem\",\"position\":2,\"name\":\"Actualidad Turismo\",\"item\":\"https:\\\/\\\/eldigitaldeasturias.com\\\/magazine365\\\/category\\\/actualidad-turismo\\\/\",\"nextItem\":{\"@type\":\"ListItem\",\"@id\":\"https:\\\/\\\/eldigitaldeasturias.com\\\/magazine365\\\/los-ultimos-analisis-mantienen-la-presencia-de-la-microalga-toxica-en-tres-playas-de-almeria\\\/#listItem\",\"name\":\"Los \\u00faltimos an\\u00e1lisis mantienen la presencia de la microalga t\\u00f3xica en tres playas de Almer\\u00eda\"},\"previousItem\":{\"@type\":\"ListItem\",\"@id\":\"https:\\\/\\\/eldigitaldeasturias.com\\\/magazine365#listItem\",\"name\":\"Home\"}},{\"@type\":\"ListItem\",\"@id\":\"https:\\\/\\\/eldigitaldeasturias.com\\\/magazine365\\\/los-ultimos-analisis-mantienen-la-presencia-de-la-microalga-toxica-en-tres-playas-de-almeria\\\/#listItem\",\"position\":3,\"name\":\"Los \\u00faltimos an\\u00e1lisis mantienen la presencia de la microalga t\\u00f3xica en tres playas de Almer\\u00eda\",\"previousItem\":{\"@type\":\"ListItem\",\"@id\":\"https:\\\/\\\/eldigitaldeasturias.com\\\/magazine365\\\/category\\\/actualidad-turismo\\\/#listItem\",\"name\":\"Actualidad Turismo\"}}]},{\"@type\":\"Organization\",\"@id\":\"https:\\\/\\\/eldigitaldeasturias.com\\\/magazine365\\\/#organization\",\"name\":\"El digital de Asturias\",\"description\":\"Revista de ocio, turismo y estilo de vida\",\"url\":\"https:\\\/\\\/eldigitaldeasturias.com\\\/magazine365\\\/\",\"logo\":{\"@type\":\"ImageObject\",\"url\":\"https:\\\/\\\/www.eldigitaldeasturias.com\\\/noticias\\\/wp-content\\\/uploads\\\/2020\\\/12\\\/EDA.jpg\",\"@id\":\"https:\\\/\\\/eldigitaldeasturias.com\\\/magazine365\\\/los-ultimos-analisis-mantienen-la-presencia-de-la-microalga-toxica-en-tres-playas-de-almeria\\\/#organizationLogo\"},\"image\":{\"@id\":\"https:\\\/\\\/eldigitaldeasturias.com\\\/magazine365\\\/los-ultimos-analisis-mantienen-la-presencia-de-la-microalga-toxica-en-tres-playas-de-almeria\\\/#organizationLogo\"}},{\"@type\":\"Person\",\"@id\":\"https:\\\/\\\/eldigitaldeasturias.com\\\/magazine365\\\/author\\\/admin\\\/#author\",\"url\":\"https:\\\/\\\/eldigitaldeasturias.com\\\/magazine365\\\/author\\\/admin\\\/\",\"name\":\"admin\",\"image\":{\"@type\":\"ImageObject\",\"@id\":\"https:\\\/\\\/eldigitaldeasturias.com\\\/magazine365\\\/los-ultimos-analisis-mantienen-la-presencia-de-la-microalga-toxica-en-tres-playas-de-almeria\\\/#authorImage\",\"url\":\"https:\\\/\\\/eldigitaldeasturias.com\\\/magazine365\\\/wp-content\\\/litespeed\\\/avatar\\\/e571bcf59a0edd6fa6838245a470f2fe.jpg?ver=1777574230\",\"width\":96,\"height\":96,\"caption\":\"admin\"}},{\"@type\":\"WebPage\",\"@id\":\"https:\\\/\\\/eldigitaldeasturias.com\\\/magazine365\\\/los-ultimos-analisis-mantienen-la-presencia-de-la-microalga-toxica-en-tres-playas-de-almeria\\\/#webpage\",\"url\":\"https:\\\/\\\/eldigitaldeasturias.com\\\/magazine365\\\/los-ultimos-analisis-mantienen-la-presencia-de-la-microalga-toxica-en-tres-playas-de-almeria\\\/\",\"name\":\"Los \\u00faltimos an\\u00e1lisis mantienen la presencia de la microalga t\\u00f3xica en tres playas de Almer\\u00eda | El Digital de Asturias\",\"description\":\"La delegada de la Junta de Andaluc\\u00eda en Almer\\u00eda, Sonia Ferrer, ha indicado este viernes que los \\u00faltimos an\\u00e1lisis cl\\u00ednicos practicados en las muestras recogidas en las playas de Villaricos y Quitapellejos de Cuevas del Almanzora, y del Arenal en Vera, revelan la presencia a\\u00fan de una microalga t\\u00f3xica que ha llevado a los ayuntamientos\",\"inLanguage\":\"es-ES\",\"isPartOf\":{\"@id\":\"https:\\\/\\\/eldigitaldeasturias.com\\\/magazine365\\\/#website\"},\"breadcrumb\":{\"@id\":\"https:\\\/\\\/eldigitaldeasturias.com\\\/magazine365\\\/los-ultimos-analisis-mantienen-la-presencia-de-la-microalga-toxica-en-tres-playas-de-almeria\\\/#breadcrumblist\"},\"author\":{\"@id\":\"https:\\\/\\\/eldigitaldeasturias.com\\\/magazine365\\\/author\\\/admin\\\/#author\"},\"creator\":{\"@id\":\"https:\\\/\\\/eldigitaldeasturias.com\\\/magazine365\\\/author\\\/admin\\\/#author\"},\"image\":{\"@type\":\"ImageObject\",\"url\":\"https:\\\/\\\/eldigitaldeasturias.com\\\/magazine365\\\/wp-content\\\/uploads\\\/2015\\\/06\\\/fotonoticia_20150626151536_800.jpg\",\"@id\":\"https:\\\/\\\/eldigitaldeasturias.com\\\/magazine365\\\/los-ultimos-analisis-mantienen-la-presencia-de-la-microalga-toxica-en-tres-playas-de-almeria\\\/#mainImage\",\"width\":800,\"height\":532},\"primaryImageOfPage\":{\"@id\":\"https:\\\/\\\/eldigitaldeasturias.com\\\/magazine365\\\/los-ultimos-analisis-mantienen-la-presencia-de-la-microalga-toxica-en-tres-playas-de-almeria\\\/#mainImage\"},\"datePublished\":\"2015-06-26T23:23:48+02:00\",\"dateModified\":\"2015-06-26T23:23:48+02:00\"},{\"@type\":\"WebSite\",\"@id\":\"https:\\\/\\\/eldigitaldeasturias.com\\\/magazine365\\\/#website\",\"url\":\"https:\\\/\\\/eldigitaldeasturias.com\\\/magazine365\\\/\",\"name\":\"El Digital de Asturias\",\"description\":\"Revista de ocio, turismo y estilo de vida\",\"inLanguage\":\"es-ES\",\"publisher\":{\"@id\":\"https:\\\/\\\/eldigitaldeasturias.com\\\/magazine365\\\/#organization\"}}]}\n\t\t<\/script>\n\t\t<!-- All in One SEO Pro -->\r\n\t\t<title>Los \u00faltimos an\u00e1lisis mantienen la presencia de la microalga t\u00f3xica en tres playas de Almer\u00eda | El Digital de Asturias<\/title>\n\n","aioseo_head_json":{"title":"Los \u00faltimos an\u00e1lisis mantienen la presencia de la microalga t\u00f3xica en tres playas de Almer\u00eda | El Digital de Asturias","description":"La delegada de la Junta de Andaluc\u00eda en Almer\u00eda, Sonia Ferrer, ha indicado este viernes que los \u00faltimos an\u00e1lisis cl\u00ednicos practicados en las muestras recogidas en las playas de Villaricos y Quitapellejos de Cuevas del Almanzora, y del Arenal en Vera, revelan la presencia a\u00fan de una microalga t\u00f3xica que ha llevado a los ayuntamientos","canonical_url":"https:\/\/eldigitaldeasturias.com\/magazine365\/los-ultimos-analisis-mantienen-la-presencia-de-la-microalga-toxica-en-tres-playas-de-almeria\/","robots":"max-image-preview:large","keywords":"actualidad turismo","webmasterTools":{"google-site-verification":"UA-38556648-1","miscellaneous":""},"schema":{"@context":"https:\/\/schema.org","@graph":[{"@type":"Article","@id":"https:\/\/eldigitaldeasturias.com\/magazine365\/los-ultimos-analisis-mantienen-la-presencia-de-la-microalga-toxica-en-tres-playas-de-almeria\/#article","name":"Los \u00faltimos an\u00e1lisis mantienen la presencia de la microalga t\u00f3xica en tres playas de Almer\u00eda | El Digital de Asturias","headline":"Los \u00faltimos an\u00e1lisis mantienen la presencia de la microalga t\u00f3xica en tres playas de Almer\u00eda","author":{"@id":"https:\/\/eldigitaldeasturias.com\/magazine365\/author\/admin\/#author"},"publisher":{"@id":"https:\/\/eldigitaldeasturias.com\/magazine365\/#organization"},"image":{"@type":"ImageObject","url":"https:\/\/eldigitaldeasturias.com\/magazine365\/wp-content\/uploads\/2015\/06\/fotonoticia_20150626151536_800.jpg","width":800,"height":532},"datePublished":"2015-06-26T23:23:48+02:00","dateModified":"2015-06-26T23:23:48+02:00","inLanguage":"es-ES","mainEntityOfPage":{"@id":"https:\/\/eldigitaldeasturias.com\/magazine365\/los-ultimos-analisis-mantienen-la-presencia-de-la-microalga-toxica-en-tres-playas-de-almeria\/#webpage"},"isPartOf":{"@id":"https:\/\/eldigitaldeasturias.com\/magazine365\/los-ultimos-analisis-mantienen-la-presencia-de-la-microalga-toxica-en-tres-playas-de-almeria\/#webpage"},"articleSection":"Actualidad Turismo"},{"@type":"BreadcrumbList","@id":"https:\/\/eldigitaldeasturias.com\/magazine365\/los-ultimos-analisis-mantienen-la-presencia-de-la-microalga-toxica-en-tres-playas-de-almeria\/#breadcrumblist","itemListElement":[{"@type":"ListItem","@id":"https:\/\/eldigitaldeasturias.com\/magazine365#listItem","position":1,"name":"Home","item":"https:\/\/eldigitaldeasturias.com\/magazine365","nextItem":{"@type":"ListItem","@id":"https:\/\/eldigitaldeasturias.com\/magazine365\/category\/actualidad-turismo\/#listItem","name":"Actualidad Turismo"}},{"@type":"ListItem","@id":"https:\/\/eldigitaldeasturias.com\/magazine365\/category\/actualidad-turismo\/#listItem","position":2,"name":"Actualidad Turismo","item":"https:\/\/eldigitaldeasturias.com\/magazine365\/category\/actualidad-turismo\/","nextItem":{"@type":"ListItem","@id":"https:\/\/eldigitaldeasturias.com\/magazine365\/los-ultimos-analisis-mantienen-la-presencia-de-la-microalga-toxica-en-tres-playas-de-almeria\/#listItem","name":"Los \u00faltimos an\u00e1lisis mantienen la presencia de la microalga t\u00f3xica en tres playas de Almer\u00eda"},"previousItem":{"@type":"ListItem","@id":"https:\/\/eldigitaldeasturias.com\/magazine365#listItem","name":"Home"}},{"@type":"ListItem","@id":"https:\/\/eldigitaldeasturias.com\/magazine365\/los-ultimos-analisis-mantienen-la-presencia-de-la-microalga-toxica-en-tres-playas-de-almeria\/#listItem","position":3,"name":"Los \u00faltimos an\u00e1lisis mantienen la presencia de la microalga t\u00f3xica en tres playas de Almer\u00eda","previousItem":{"@type":"ListItem","@id":"https:\/\/eldigitaldeasturias.com\/magazine365\/category\/actualidad-turismo\/#listItem","name":"Actualidad Turismo"}}]},{"@type":"Organization","@id":"https:\/\/eldigitaldeasturias.com\/magazine365\/#organization","name":"El digital de Asturias","description":"Revista de ocio, turismo y estilo de vida","url":"https:\/\/eldigitaldeasturias.com\/magazine365\/","logo":{"@type":"ImageObject","url":"https:\/\/www.eldigitaldeasturias.com\/noticias\/wp-content\/uploads\/2020\/12\/EDA.jpg","@id":"https:\/\/eldigitaldeasturias.com\/magazine365\/los-ultimos-analisis-mantienen-la-presencia-de-la-microalga-toxica-en-tres-playas-de-almeria\/#organizationLogo"},"image":{"@id":"https:\/\/eldigitaldeasturias.com\/magazine365\/los-ultimos-analisis-mantienen-la-presencia-de-la-microalga-toxica-en-tres-playas-de-almeria\/#organizationLogo"}},{"@type":"Person","@id":"https:\/\/eldigitaldeasturias.com\/magazine365\/author\/admin\/#author","url":"https:\/\/eldigitaldeasturias.com\/magazine365\/author\/admin\/","name":"admin","image":{"@type":"ImageObject","@id":"https:\/\/eldigitaldeasturias.com\/magazine365\/los-ultimos-analisis-mantienen-la-presencia-de-la-microalga-toxica-en-tres-playas-de-almeria\/#authorImage","url":"https:\/\/eldigitaldeasturias.com\/magazine365\/wp-content\/litespeed\/avatar\/e571bcf59a0edd6fa6838245a470f2fe.jpg?ver=1777574230","width":96,"height":96,"caption":"admin"}},{"@type":"WebPage","@id":"https:\/\/eldigitaldeasturias.com\/magazine365\/los-ultimos-analisis-mantienen-la-presencia-de-la-microalga-toxica-en-tres-playas-de-almeria\/#webpage","url":"https:\/\/eldigitaldeasturias.com\/magazine365\/los-ultimos-analisis-mantienen-la-presencia-de-la-microalga-toxica-en-tres-playas-de-almeria\/","name":"Los \u00faltimos an\u00e1lisis mantienen la presencia de la microalga t\u00f3xica en tres playas de Almer\u00eda | El Digital de Asturias","description":"La delegada de la Junta de Andaluc\u00eda en Almer\u00eda, Sonia Ferrer, ha indicado este viernes que los \u00faltimos an\u00e1lisis cl\u00ednicos practicados en las muestras recogidas en las playas de Villaricos y Quitapellejos de Cuevas del Almanzora, y del Arenal en Vera, revelan la presencia a\u00fan de una microalga t\u00f3xica que ha llevado a los ayuntamientos","inLanguage":"es-ES","isPartOf":{"@id":"https:\/\/eldigitaldeasturias.com\/magazine365\/#website"},"breadcrumb":{"@id":"https:\/\/eldigitaldeasturias.com\/magazine365\/los-ultimos-analisis-mantienen-la-presencia-de-la-microalga-toxica-en-tres-playas-de-almeria\/#breadcrumblist"},"author":{"@id":"https:\/\/eldigitaldeasturias.com\/magazine365\/author\/admin\/#author"},"creator":{"@id":"https:\/\/eldigitaldeasturias.com\/magazine365\/author\/admin\/#author"},"image":{"@type":"ImageObject","url":"https:\/\/eldigitaldeasturias.com\/magazine365\/wp-content\/uploads\/2015\/06\/fotonoticia_20150626151536_800.jpg","@id":"https:\/\/eldigitaldeasturias.com\/magazine365\/los-ultimos-analisis-mantienen-la-presencia-de-la-microalga-toxica-en-tres-playas-de-almeria\/#mainImage","width":800,"height":532},"primaryImageOfPage":{"@id":"https:\/\/eldigitaldeasturias.com\/magazine365\/los-ultimos-analisis-mantienen-la-presencia-de-la-microalga-toxica-en-tres-playas-de-almeria\/#mainImage"},"datePublished":"2015-06-26T23:23:48+02:00","dateModified":"2015-06-26T23:23:48+02:00"},{"@type":"WebSite","@id":"https:\/\/eldigitaldeasturias.com\/magazine365\/#website","url":"https:\/\/eldigitaldeasturias.com\/magazine365\/","name":"El Digital de Asturias","description":"Revista de ocio, turismo y estilo de vida","inLanguage":"es-ES","publisher":{"@id":"https:\/\/eldigitaldeasturias.com\/magazine365\/#organization"}}]},"og:locale":"es_ES","og:site_name":"El Digital de Asturias \u2013 Revista de ocio, turismo y estilo de vida","og:type":"article","og:title":"Los \u00faltimos an\u00e1lisis mantienen la presencia de la microalga t\u00f3xica en tres playas de Almer\u00eda | El Digital de Asturias","og:description":"La delegada de la Junta de Andaluc\u00eda en Almer\u00eda, Sonia Ferrer, ha indicado este viernes que los \u00faltimos an\u00e1lisis cl\u00ednicos practicados en las muestras recogidas en las playas de Villaricos y Quitapellejos de Cuevas del Almanzora, y del Arenal en Vera, revelan la presencia a\u00fan de una microalga t\u00f3xica que ha llevado a los ayuntamientos","og:url":"https:\/\/eldigitaldeasturias.com\/magazine365\/los-ultimos-analisis-mantienen-la-presencia-de-la-microalga-toxica-en-tres-playas-de-almeria\/","og:image":"https:\/\/eldigitaldeasturias.com\/magazine365\/wp-content\/uploads\/2015\/06\/fotonoticia_20150626151536_800.jpg","og:image:secure_url":"https:\/\/eldigitaldeasturias.com\/magazine365\/wp-content\/uploads\/2015\/06\/fotonoticia_20150626151536_800.jpg","og:image:width":800,"og:image:height":532,"article:published_time":"2015-06-26T21:53:48+00:00","article:modified_time":"2015-06-26T21:53:48+00:00","twitter:card":"summary_large_image","twitter:title":"Los \u00faltimos an\u00e1lisis mantienen la presencia de la microalga t\u00f3xica en tres playas de Almer\u00eda | El Digital de Asturias","twitter:description":"La delegada de la Junta de Andaluc\u00eda en Almer\u00eda, Sonia Ferrer, ha indicado este viernes que los \u00faltimos an\u00e1lisis cl\u00ednicos practicados en las muestras recogidas en las playas de Villaricos y Quitapellejos de Cuevas del Almanzora, y del Arenal en Vera, revelan la presencia a\u00fan de una microalga t\u00f3xica que ha llevado a los ayuntamientos","twitter:image":"https:\/\/eldigitaldeasturias.com\/magazine365\/wp-content\/uploads\/2015\/06\/fotonoticia_20150626151536_800.jpg"},"aioseo_meta_data":{"post_id":"41171","title":null,"description":null,"keywords":null,"keyphrases":null,"primary_term":null,"canonical_url":null,"og_title":null,"og_description":null,"og_object_type":"default","og_image_type":"default","og_image_url":null,"og_image_width":null,"og_image_height":null,"og_image_custom_url":null,"og_image_custom_fields":null,"og_video":null,"og_custom_url":null,"og_article_section":null,"og_article_tags":null,"twitter_use_og":false,"twitter_card":"default","twitter_image_type":"default","twitter_image_url":null,"twitter_image_custom_url":null,"twitter_image_custom_fields":null,"twitter_title":null,"twitter_description":null,"schema":{"blockGraphs":[],"customGraphs":[],"default":{"data":{"Article":[],"Course":[],"Dataset":[],"FAQPage":[],"Movie":[],"Person":[],"Product":[],"ProductReview":[],"Car":[],"Recipe":[],"Service":[],"SoftwareApplication":[],"WebPage":[]},"graphName":"","isEnabled":true},"graphs":[],"defaultGraph":"","defaultPostTypeGraph":""},"schema_type":null,"schema_type_options":null,"pillar_content":false,"robots_default":true,"robots_noindex":false,"robots_noarchive":false,"robots_nosnippet":false,"robots_nofollow":false,"robots_noimageindex":false,"robots_noodp":false,"robots_notranslate":false,"robots_max_snippet":null,"robots_max_videopreview":null,"robots_max_imagepreview":"large","priority":null,"frequency":null,"location":null,"local_seo":null,"seo_analyzer_scan_date":"2025-09-19 15:09:19","breadcrumb_settings":null,"limit_modified_date":false,"open_ai":null,"ai":null,"created":"2021-03-09 02:18:41","updated":"2025-09-19 15:09:19"},"aioseo_breadcrumb":"<div class=\"aioseo-breadcrumbs\"><span class=\"aioseo-breadcrumb\">\n\t<a href=\"https:\/\/eldigitaldeasturias.com\/magazine365\" title=\"Home\">Home<\/a>\n<\/span><span class=\"aioseo-breadcrumb-separator\">\u2013<\/span><span class=\"aioseo-breadcrumb\">\n\t<a href=\"https:\/\/eldigitaldeasturias.com\/magazine365\/category\/actualidad-turismo\/\" title=\"Actualidad Turismo\">Actualidad Turismo<\/a>\n<\/span><span class=\"aioseo-breadcrumb-separator\">\u2013<\/span><span class=\"aioseo-breadcrumb\">\n\t<a href=\"https:\/\/eldigitaldeasturias.com\/magazine365\/los-ultimos-analisis-mantienen-la-presencia-de-la-microalga-toxica-en-tres-playas-de-almeria\/\" title=\"Los \u00faltimos an\u00e1lisis mantienen la presencia de la microalga t\u00f3xica en tres playas de Almer\u00eda\">Los \u00faltimos an\u00e1lisis mantienen la presencia de la microalga t\u00f3xica en tres playas de Almer\u00eda<\/a>\n<\/span><\/div>","aioseo_breadcrumb_json":[{"label":"Home","link":"https:\/\/eldigitaldeasturias.com\/magazine365"},{"label":"Actualidad Turismo","link":"https:\/\/eldigitaldeasturias.com\/magazine365\/category\/actualidad-turismo\/"},{"label":"Los \u00faltimos an\u00e1lisis mantienen la presencia de la microalga t\u00f3xica en tres playas de Almer\u00eda","link":"https:\/\/eldigitaldeasturias.com\/magazine365\/los-ultimos-analisis-mantienen-la-presencia-de-la-microalga-toxica-en-tres-playas-de-almeria\/"}],"_links":{"self":[{"href":"https:\/\/eldigitaldeasturias.com\/magazine365\/wp-json\/wp\/v2\/posts\/41171","targetHints":{"allow":["GET"]}}],"collection":[{"href":"https:\/\/eldigitaldeasturias.com\/magazine365\/wp-json\/wp\/v2\/posts"}],"about":[{"href":"https:\/\/eldigitaldeasturias.com\/magazine365\/wp-json\/wp\/v2\/types\/post"}],"author":[{"embeddable":true,"href":"https:\/\/eldigitaldeasturias.com\/magazine365\/wp-json\/wp\/v2\/users\/1"}],"replies":[{"embeddable":true,"href":"https:\/\/eldigitaldeasturias.com\/magazine365\/wp-json\/wp\/v2\/comments?post=41171"}],"version-history":[{"count":0,"href":"https:\/\/eldigitaldeasturias.com\/magazine365\/wp-json\/wp\/v2\/posts\/41171\/revisions"}],"wp:featuredmedia":[{"embeddable":true,"href":"https:\/\/eldigitaldeasturias.com\/magazine365\/wp-json\/wp\/v2\/media\/41164"}],"wp:attachment":[{"href":"https:\/\/eldigitaldeasturias.com\/magazine365\/wp-json\/wp\/v2\/media?parent=41171"}],"wp:term":[{"taxonomy":"category","embeddable":true,"href":"https:\/\/eldigitaldeasturias.com\/magazine365\/wp-json\/wp\/v2\/categories?post=41171"},{"taxonomy":"post_tag","embeddable":true,"href":"https:\/\/eldigitaldeasturias.com\/magazine365\/wp-json\/wp\/v2\/tags?post=41171"}],"curies":[{"name":"wp","href":"https:\/\/api.w.org\/{rel}","templated":true}]}}