{"id":41169,"date":"2015-06-26T23:21:26","date_gmt":"2015-06-26T21:51:26","guid":{"rendered":"http:\/\/eldigitaldeasturias.com\/magazine365\/?p=41169"},"modified":"2015-06-26T23:21:26","modified_gmt":"2015-06-26T21:51:26","slug":"jaime-martinez-muestra-su-apoyo-incondicional-al-sector-turistico-y-a-la-familia-riu","status":"publish","type":"post","link":"https:\/\/eldigitaldeasturias.com\/magazine365\/jaime-martinez-muestra-su-apoyo-incondicional-al-sector-turistico-y-a-la-familia-riu\/","title":{"rendered":"Jaime Mart\u00ednez muestra su \u00abapoyo incondicional\u00bb al sector tur\u00edstico y a la familia Riu"},"content":{"rendered":"<p><img fetchpriority=\"high\" decoding=\"async\" class=\"alignleft size-medium wp-image-41158\" src=\"https:\/\/eldigitaldeasturias.com\/magazine365\/wp-content\/uploads\/2015\/06\/riu-isis-360x274.jpg\" alt=\"riu isis\" width=\"360\" height=\"274\" srcset=\"https:\/\/eldigitaldeasturias.com\/magazine365\/wp-content\/uploads\/2015\/06\/riu-isis-360x274.jpg 360w, https:\/\/eldigitaldeasturias.com\/magazine365\/wp-content\/uploads\/2015\/06\/riu-isis-650x495.jpg 650w, https:\/\/eldigitaldeasturias.com\/magazine365\/wp-content\/uploads\/2015\/06\/riu-isis-768x585.jpg 768w, https:\/\/eldigitaldeasturias.com\/magazine365\/wp-content\/uploads\/2015\/06\/riu-isis-150x114.jpg 150w, https:\/\/eldigitaldeasturias.com\/magazine365\/wp-content\/uploads\/2015\/06\/riu-isis-450x343.jpg 450w, https:\/\/eldigitaldeasturias.com\/magazine365\/wp-content\/uploads\/2015\/06\/riu-isis-80x60.jpg 80w, https:\/\/eldigitaldeasturias.com\/magazine365\/wp-content\/uploads\/2015\/06\/riu-isis-696x530.jpg 696w, https:\/\/eldigitaldeasturias.com\/magazine365\/wp-content\/uploads\/2015\/06\/riu-isis-552x420.jpg 552w, https:\/\/eldigitaldeasturias.com\/magazine365\/wp-content\/uploads\/2015\/06\/riu-isis-100x75.jpg 100w, https:\/\/eldigitaldeasturias.com\/magazine365\/wp-content\/uploads\/2015\/06\/riu-isis.jpg 800w\" sizes=\"(max-width: 360px) 100vw, 360px\" \/>El conseller de Turismo y Deportes en funciones, Jaime Mart\u00ednez, ha mostrado este viernes su \u00abfirme condena y repulsa al atentado ocurrido hoy en T\u00fanez\u00bb, as\u00ed como su \u00abapoyo incondicional al sector tur\u00edstico y a la familia Riu\u00bb.<\/p>\n<p>As\u00ed se ha manifestado este viernes en su cuenta personal de Twitter sobre este atentado en el que al menos 27 personas han muerto. El ataque ha tenido lugar contra el hotel Imperial Marhaba, de la cadena espa\u00f1ola RIU, en la localidad de Port El Kantaui.<\/p>\n","protected":false},"excerpt":{"rendered":"<p>El conseller de Turismo y Deportes en funciones, Jaime Mart\u00ednez, ha mostrado este viernes su \u00abfirme condena y repulsa al atentado ocurrido hoy en T\u00fanez\u00bb, as\u00ed como su \u00abapoyo incondicional al sector tur\u00edstico y a la familia Riu\u00bb. As\u00ed se ha manifestado este viernes en su cuenta personal de Twitter sobre este atentado en el<\/p>\n","protected":false},"author":1,"featured_media":41158,"comment_status":"open","ping_status":"closed","sticky":false,"template":"","format":"standard","meta":{"footnotes":""},"categories":[222],"tags":[],"class_list":{"0":"post-41169","1":"post","2":"type-post","3":"status-publish","4":"format-standard","5":"has-post-thumbnail","7":"category-actualidad-turismo"},"aioseo_notices":[],"aioseo_head":"\n\t\t<!-- All in One SEO Pro 4.9.6.1 - aioseo.com -->\n\t<meta name=\"description\" content=\"El conseller de Turismo y Deportes en funciones, Jaime Mart\u00ednez, ha mostrado este viernes su &quot;firme condena y repulsa al atentado ocurrido hoy en T\u00fanez&quot;, as\u00ed como su &quot;apoyo incondicional al sector tur\u00edstico y a la familia Riu&quot;. As\u00ed se ha manifestado este viernes en su cuenta personal de Twitter sobre este atentado en el\" \/>\n\t<meta name=\"robots\" content=\"max-image-preview:large\" \/>\n\t<meta name=\"author\" content=\"admin\"\/>\n\t<meta name=\"google-site-verification\" content=\"UA-38556648-1\" \/>\n\t<meta name=\"keywords\" content=\"actualidad turismo\" \/>\n\t<link rel=\"canonical\" href=\"https:\/\/eldigitaldeasturias.com\/magazine365\/jaime-martinez-muestra-su-apoyo-incondicional-al-sector-turistico-y-a-la-familia-riu\/\" \/>\n\t<meta name=\"generator\" content=\"All in One SEO Pro (AIOSEO) 4.9.6.1\" \/>\n\t\t<meta property=\"og:locale\" content=\"es_ES\" \/>\n\t\t<meta property=\"og:site_name\" content=\"El Digital de Asturias \u2013 Revista de ocio, turismo y estilo de vida\" \/>\n\t\t<meta property=\"og:type\" content=\"article\" \/>\n\t\t<meta property=\"og:title\" content=\"Jaime Mart\u00ednez muestra su \u00abapoyo incondicional\u00bb al sector tur\u00edstico y a la familia Riu | El Digital de Asturias\" \/>\n\t\t<meta property=\"og:description\" content=\"El conseller de Turismo y Deportes en funciones, Jaime Mart\u00ednez, ha mostrado este viernes su &quot;firme condena y repulsa al atentado ocurrido hoy en T\u00fanez&quot;, as\u00ed como su &quot;apoyo incondicional al sector tur\u00edstico y a la familia Riu&quot;. As\u00ed se ha manifestado este viernes en su cuenta personal de Twitter sobre este atentado en el\" \/>\n\t\t<meta property=\"og:url\" content=\"https:\/\/eldigitaldeasturias.com\/magazine365\/jaime-martinez-muestra-su-apoyo-incondicional-al-sector-turistico-y-a-la-familia-riu\/\" \/>\n\t\t<meta property=\"og:image\" content=\"https:\/\/eldigitaldeasturias.com\/magazine365\/wp-content\/uploads\/2015\/06\/riu-isis.jpg\" \/>\n\t\t<meta property=\"og:image:secure_url\" content=\"https:\/\/eldigitaldeasturias.com\/magazine365\/wp-content\/uploads\/2015\/06\/riu-isis.jpg\" \/>\n\t\t<meta property=\"og:image:width\" content=\"800\" \/>\n\t\t<meta property=\"og:image:height\" content=\"609\" \/>\n\t\t<meta property=\"article:published_time\" content=\"2015-06-26T21:51:26+00:00\" \/>\n\t\t<meta property=\"article:modified_time\" content=\"2015-06-26T21:51:26+00:00\" \/>\n\t\t<meta name=\"twitter:card\" content=\"summary_large_image\" \/>\n\t\t<meta name=\"twitter:title\" content=\"Jaime Mart\u00ednez muestra su \u00abapoyo incondicional\u00bb al sector tur\u00edstico y a la familia Riu | El Digital de Asturias\" \/>\n\t\t<meta name=\"twitter:description\" content=\"El conseller de Turismo y Deportes en funciones, Jaime Mart\u00ednez, ha mostrado este viernes su &quot;firme condena y repulsa al atentado ocurrido hoy en T\u00fanez&quot;, as\u00ed como su &quot;apoyo incondicional al sector tur\u00edstico y a la familia Riu&quot;. As\u00ed se ha manifestado este viernes en su cuenta personal de Twitter sobre este atentado en el\" \/>\n\t\t<meta name=\"twitter:image\" content=\"https:\/\/eldigitaldeasturias.com\/magazine365\/wp-content\/uploads\/2015\/06\/riu-isis.jpg\" \/>\n\t\t<script type=\"application\/ld+json\" class=\"aioseo-schema\">\n\t\t\t{\"@context\":\"https:\\\/\\\/schema.org\",\"@graph\":[{\"@type\":\"Article\",\"@id\":\"https:\\\/\\\/eldigitaldeasturias.com\\\/magazine365\\\/jaime-martinez-muestra-su-apoyo-incondicional-al-sector-turistico-y-a-la-familia-riu\\\/#article\",\"name\":\"Jaime Mart\\u00ednez muestra su \\u00abapoyo incondicional\\u00bb al sector tur\\u00edstico y a la familia Riu | El Digital de Asturias\",\"headline\":\"Jaime Mart\\u00ednez muestra su \\u00abapoyo incondicional\\u00bb al sector tur\\u00edstico y a la familia Riu\",\"author\":{\"@id\":\"https:\\\/\\\/eldigitaldeasturias.com\\\/magazine365\\\/author\\\/admin\\\/#author\"},\"publisher\":{\"@id\":\"https:\\\/\\\/eldigitaldeasturias.com\\\/magazine365\\\/#organization\"},\"image\":{\"@type\":\"ImageObject\",\"url\":\"https:\\\/\\\/eldigitaldeasturias.com\\\/magazine365\\\/wp-content\\\/uploads\\\/2015\\\/06\\\/riu-isis.jpg\",\"width\":800,\"height\":609},\"datePublished\":\"2015-06-26T23:21:26+02:00\",\"dateModified\":\"2015-06-26T23:21:26+02:00\",\"inLanguage\":\"es-ES\",\"mainEntityOfPage\":{\"@id\":\"https:\\\/\\\/eldigitaldeasturias.com\\\/magazine365\\\/jaime-martinez-muestra-su-apoyo-incondicional-al-sector-turistico-y-a-la-familia-riu\\\/#webpage\"},\"isPartOf\":{\"@id\":\"https:\\\/\\\/eldigitaldeasturias.com\\\/magazine365\\\/jaime-martinez-muestra-su-apoyo-incondicional-al-sector-turistico-y-a-la-familia-riu\\\/#webpage\"},\"articleSection\":\"Actualidad Turismo\"},{\"@type\":\"BreadcrumbList\",\"@id\":\"https:\\\/\\\/eldigitaldeasturias.com\\\/magazine365\\\/jaime-martinez-muestra-su-apoyo-incondicional-al-sector-turistico-y-a-la-familia-riu\\\/#breadcrumblist\",\"itemListElement\":[{\"@type\":\"ListItem\",\"@id\":\"https:\\\/\\\/eldigitaldeasturias.com\\\/magazine365#listItem\",\"position\":1,\"name\":\"Home\",\"item\":\"https:\\\/\\\/eldigitaldeasturias.com\\\/magazine365\",\"nextItem\":{\"@type\":\"ListItem\",\"@id\":\"https:\\\/\\\/eldigitaldeasturias.com\\\/magazine365\\\/category\\\/actualidad-turismo\\\/#listItem\",\"name\":\"Actualidad Turismo\"}},{\"@type\":\"ListItem\",\"@id\":\"https:\\\/\\\/eldigitaldeasturias.com\\\/magazine365\\\/category\\\/actualidad-turismo\\\/#listItem\",\"position\":2,\"name\":\"Actualidad Turismo\",\"item\":\"https:\\\/\\\/eldigitaldeasturias.com\\\/magazine365\\\/category\\\/actualidad-turismo\\\/\",\"nextItem\":{\"@type\":\"ListItem\",\"@id\":\"https:\\\/\\\/eldigitaldeasturias.com\\\/magazine365\\\/jaime-martinez-muestra-su-apoyo-incondicional-al-sector-turistico-y-a-la-familia-riu\\\/#listItem\",\"name\":\"Jaime Mart\\u00ednez muestra su \\u00abapoyo incondicional\\u00bb al sector tur\\u00edstico y a la familia Riu\"},\"previousItem\":{\"@type\":\"ListItem\",\"@id\":\"https:\\\/\\\/eldigitaldeasturias.com\\\/magazine365#listItem\",\"name\":\"Home\"}},{\"@type\":\"ListItem\",\"@id\":\"https:\\\/\\\/eldigitaldeasturias.com\\\/magazine365\\\/jaime-martinez-muestra-su-apoyo-incondicional-al-sector-turistico-y-a-la-familia-riu\\\/#listItem\",\"position\":3,\"name\":\"Jaime Mart\\u00ednez muestra su \\u00abapoyo incondicional\\u00bb al sector tur\\u00edstico y a la familia Riu\",\"previousItem\":{\"@type\":\"ListItem\",\"@id\":\"https:\\\/\\\/eldigitaldeasturias.com\\\/magazine365\\\/category\\\/actualidad-turismo\\\/#listItem\",\"name\":\"Actualidad Turismo\"}}]},{\"@type\":\"Organization\",\"@id\":\"https:\\\/\\\/eldigitaldeasturias.com\\\/magazine365\\\/#organization\",\"name\":\"El digital de Asturias\",\"description\":\"Revista de ocio, turismo y estilo de vida\",\"url\":\"https:\\\/\\\/eldigitaldeasturias.com\\\/magazine365\\\/\",\"logo\":{\"@type\":\"ImageObject\",\"url\":\"https:\\\/\\\/www.eldigitaldeasturias.com\\\/noticias\\\/wp-content\\\/uploads\\\/2020\\\/12\\\/EDA.jpg\",\"@id\":\"https:\\\/\\\/eldigitaldeasturias.com\\\/magazine365\\\/jaime-martinez-muestra-su-apoyo-incondicional-al-sector-turistico-y-a-la-familia-riu\\\/#organizationLogo\"},\"image\":{\"@id\":\"https:\\\/\\\/eldigitaldeasturias.com\\\/magazine365\\\/jaime-martinez-muestra-su-apoyo-incondicional-al-sector-turistico-y-a-la-familia-riu\\\/#organizationLogo\"}},{\"@type\":\"Person\",\"@id\":\"https:\\\/\\\/eldigitaldeasturias.com\\\/magazine365\\\/author\\\/admin\\\/#author\",\"url\":\"https:\\\/\\\/eldigitaldeasturias.com\\\/magazine365\\\/author\\\/admin\\\/\",\"name\":\"admin\",\"image\":{\"@type\":\"ImageObject\",\"@id\":\"https:\\\/\\\/eldigitaldeasturias.com\\\/magazine365\\\/jaime-martinez-muestra-su-apoyo-incondicional-al-sector-turistico-y-a-la-familia-riu\\\/#authorImage\",\"url\":\"https:\\\/\\\/eldigitaldeasturias.com\\\/magazine365\\\/wp-content\\\/litespeed\\\/avatar\\\/e571bcf59a0edd6fa6838245a470f2fe.jpg?ver=1777574230\",\"width\":96,\"height\":96,\"caption\":\"admin\"}},{\"@type\":\"WebPage\",\"@id\":\"https:\\\/\\\/eldigitaldeasturias.com\\\/magazine365\\\/jaime-martinez-muestra-su-apoyo-incondicional-al-sector-turistico-y-a-la-familia-riu\\\/#webpage\",\"url\":\"https:\\\/\\\/eldigitaldeasturias.com\\\/magazine365\\\/jaime-martinez-muestra-su-apoyo-incondicional-al-sector-turistico-y-a-la-familia-riu\\\/\",\"name\":\"Jaime Mart\\u00ednez muestra su \\u00abapoyo incondicional\\u00bb al sector tur\\u00edstico y a la familia Riu | El Digital de Asturias\",\"description\":\"El conseller de Turismo y Deportes en funciones, Jaime Mart\\u00ednez, ha mostrado este viernes su \\\"firme condena y repulsa al atentado ocurrido hoy en T\\u00fanez\\\", as\\u00ed como su \\\"apoyo incondicional al sector tur\\u00edstico y a la familia Riu\\\". As\\u00ed se ha manifestado este viernes en su cuenta personal de Twitter sobre este atentado en el\",\"inLanguage\":\"es-ES\",\"isPartOf\":{\"@id\":\"https:\\\/\\\/eldigitaldeasturias.com\\\/magazine365\\\/#website\"},\"breadcrumb\":{\"@id\":\"https:\\\/\\\/eldigitaldeasturias.com\\\/magazine365\\\/jaime-martinez-muestra-su-apoyo-incondicional-al-sector-turistico-y-a-la-familia-riu\\\/#breadcrumblist\"},\"author\":{\"@id\":\"https:\\\/\\\/eldigitaldeasturias.com\\\/magazine365\\\/author\\\/admin\\\/#author\"},\"creator\":{\"@id\":\"https:\\\/\\\/eldigitaldeasturias.com\\\/magazine365\\\/author\\\/admin\\\/#author\"},\"image\":{\"@type\":\"ImageObject\",\"url\":\"https:\\\/\\\/eldigitaldeasturias.com\\\/magazine365\\\/wp-content\\\/uploads\\\/2015\\\/06\\\/riu-isis.jpg\",\"@id\":\"https:\\\/\\\/eldigitaldeasturias.com\\\/magazine365\\\/jaime-martinez-muestra-su-apoyo-incondicional-al-sector-turistico-y-a-la-familia-riu\\\/#mainImage\",\"width\":800,\"height\":609},\"primaryImageOfPage\":{\"@id\":\"https:\\\/\\\/eldigitaldeasturias.com\\\/magazine365\\\/jaime-martinez-muestra-su-apoyo-incondicional-al-sector-turistico-y-a-la-familia-riu\\\/#mainImage\"},\"datePublished\":\"2015-06-26T23:21:26+02:00\",\"dateModified\":\"2015-06-26T23:21:26+02:00\"},{\"@type\":\"WebSite\",\"@id\":\"https:\\\/\\\/eldigitaldeasturias.com\\\/magazine365\\\/#website\",\"url\":\"https:\\\/\\\/eldigitaldeasturias.com\\\/magazine365\\\/\",\"name\":\"El Digital de Asturias\",\"description\":\"Revista de ocio, turismo y estilo de vida\",\"inLanguage\":\"es-ES\",\"publisher\":{\"@id\":\"https:\\\/\\\/eldigitaldeasturias.com\\\/magazine365\\\/#organization\"}}]}\n\t\t<\/script>\n\t\t<!-- All in One SEO Pro -->\r\n\t\t<title>Jaime Mart\u00ednez muestra su \u00abapoyo incondicional\u00bb al sector tur\u00edstico y a la familia Riu | El Digital de Asturias<\/title>\n\n","aioseo_head_json":{"title":"Jaime Mart\u00ednez muestra su \u00abapoyo incondicional\u00bb al sector tur\u00edstico y a la familia Riu | El Digital de Asturias","description":"El conseller de Turismo y Deportes en funciones, Jaime Mart\u00ednez, ha mostrado este viernes su \"firme condena y repulsa al atentado ocurrido hoy en T\u00fanez\", as\u00ed como su \"apoyo incondicional al sector tur\u00edstico y a la familia Riu\". As\u00ed se ha manifestado este viernes en su cuenta personal de Twitter sobre este atentado en el","canonical_url":"https:\/\/eldigitaldeasturias.com\/magazine365\/jaime-martinez-muestra-su-apoyo-incondicional-al-sector-turistico-y-a-la-familia-riu\/","robots":"max-image-preview:large","keywords":"actualidad turismo","webmasterTools":{"google-site-verification":"UA-38556648-1","miscellaneous":""},"schema":{"@context":"https:\/\/schema.org","@graph":[{"@type":"Article","@id":"https:\/\/eldigitaldeasturias.com\/magazine365\/jaime-martinez-muestra-su-apoyo-incondicional-al-sector-turistico-y-a-la-familia-riu\/#article","name":"Jaime Mart\u00ednez muestra su \u00abapoyo incondicional\u00bb al sector tur\u00edstico y a la familia Riu | El Digital de Asturias","headline":"Jaime Mart\u00ednez muestra su \u00abapoyo incondicional\u00bb al sector tur\u00edstico y a la familia Riu","author":{"@id":"https:\/\/eldigitaldeasturias.com\/magazine365\/author\/admin\/#author"},"publisher":{"@id":"https:\/\/eldigitaldeasturias.com\/magazine365\/#organization"},"image":{"@type":"ImageObject","url":"https:\/\/eldigitaldeasturias.com\/magazine365\/wp-content\/uploads\/2015\/06\/riu-isis.jpg","width":800,"height":609},"datePublished":"2015-06-26T23:21:26+02:00","dateModified":"2015-06-26T23:21:26+02:00","inLanguage":"es-ES","mainEntityOfPage":{"@id":"https:\/\/eldigitaldeasturias.com\/magazine365\/jaime-martinez-muestra-su-apoyo-incondicional-al-sector-turistico-y-a-la-familia-riu\/#webpage"},"isPartOf":{"@id":"https:\/\/eldigitaldeasturias.com\/magazine365\/jaime-martinez-muestra-su-apoyo-incondicional-al-sector-turistico-y-a-la-familia-riu\/#webpage"},"articleSection":"Actualidad Turismo"},{"@type":"BreadcrumbList","@id":"https:\/\/eldigitaldeasturias.com\/magazine365\/jaime-martinez-muestra-su-apoyo-incondicional-al-sector-turistico-y-a-la-familia-riu\/#breadcrumblist","itemListElement":[{"@type":"ListItem","@id":"https:\/\/eldigitaldeasturias.com\/magazine365#listItem","position":1,"name":"Home","item":"https:\/\/eldigitaldeasturias.com\/magazine365","nextItem":{"@type":"ListItem","@id":"https:\/\/eldigitaldeasturias.com\/magazine365\/category\/actualidad-turismo\/#listItem","name":"Actualidad Turismo"}},{"@type":"ListItem","@id":"https:\/\/eldigitaldeasturias.com\/magazine365\/category\/actualidad-turismo\/#listItem","position":2,"name":"Actualidad Turismo","item":"https:\/\/eldigitaldeasturias.com\/magazine365\/category\/actualidad-turismo\/","nextItem":{"@type":"ListItem","@id":"https:\/\/eldigitaldeasturias.com\/magazine365\/jaime-martinez-muestra-su-apoyo-incondicional-al-sector-turistico-y-a-la-familia-riu\/#listItem","name":"Jaime Mart\u00ednez muestra su \u00abapoyo incondicional\u00bb al sector tur\u00edstico y a la familia Riu"},"previousItem":{"@type":"ListItem","@id":"https:\/\/eldigitaldeasturias.com\/magazine365#listItem","name":"Home"}},{"@type":"ListItem","@id":"https:\/\/eldigitaldeasturias.com\/magazine365\/jaime-martinez-muestra-su-apoyo-incondicional-al-sector-turistico-y-a-la-familia-riu\/#listItem","position":3,"name":"Jaime Mart\u00ednez muestra su \u00abapoyo incondicional\u00bb al sector tur\u00edstico y a la familia Riu","previousItem":{"@type":"ListItem","@id":"https:\/\/eldigitaldeasturias.com\/magazine365\/category\/actualidad-turismo\/#listItem","name":"Actualidad Turismo"}}]},{"@type":"Organization","@id":"https:\/\/eldigitaldeasturias.com\/magazine365\/#organization","name":"El digital de Asturias","description":"Revista de ocio, turismo y estilo de vida","url":"https:\/\/eldigitaldeasturias.com\/magazine365\/","logo":{"@type":"ImageObject","url":"https:\/\/www.eldigitaldeasturias.com\/noticias\/wp-content\/uploads\/2020\/12\/EDA.jpg","@id":"https:\/\/eldigitaldeasturias.com\/magazine365\/jaime-martinez-muestra-su-apoyo-incondicional-al-sector-turistico-y-a-la-familia-riu\/#organizationLogo"},"image":{"@id":"https:\/\/eldigitaldeasturias.com\/magazine365\/jaime-martinez-muestra-su-apoyo-incondicional-al-sector-turistico-y-a-la-familia-riu\/#organizationLogo"}},{"@type":"Person","@id":"https:\/\/eldigitaldeasturias.com\/magazine365\/author\/admin\/#author","url":"https:\/\/eldigitaldeasturias.com\/magazine365\/author\/admin\/","name":"admin","image":{"@type":"ImageObject","@id":"https:\/\/eldigitaldeasturias.com\/magazine365\/jaime-martinez-muestra-su-apoyo-incondicional-al-sector-turistico-y-a-la-familia-riu\/#authorImage","url":"https:\/\/eldigitaldeasturias.com\/magazine365\/wp-content\/litespeed\/avatar\/e571bcf59a0edd6fa6838245a470f2fe.jpg?ver=1777574230","width":96,"height":96,"caption":"admin"}},{"@type":"WebPage","@id":"https:\/\/eldigitaldeasturias.com\/magazine365\/jaime-martinez-muestra-su-apoyo-incondicional-al-sector-turistico-y-a-la-familia-riu\/#webpage","url":"https:\/\/eldigitaldeasturias.com\/magazine365\/jaime-martinez-muestra-su-apoyo-incondicional-al-sector-turistico-y-a-la-familia-riu\/","name":"Jaime Mart\u00ednez muestra su \u00abapoyo incondicional\u00bb al sector tur\u00edstico y a la familia Riu | El Digital de Asturias","description":"El conseller de Turismo y Deportes en funciones, Jaime Mart\u00ednez, ha mostrado este viernes su \"firme condena y repulsa al atentado ocurrido hoy en T\u00fanez\", as\u00ed como su \"apoyo incondicional al sector tur\u00edstico y a la familia Riu\". As\u00ed se ha manifestado este viernes en su cuenta personal de Twitter sobre este atentado en el","inLanguage":"es-ES","isPartOf":{"@id":"https:\/\/eldigitaldeasturias.com\/magazine365\/#website"},"breadcrumb":{"@id":"https:\/\/eldigitaldeasturias.com\/magazine365\/jaime-martinez-muestra-su-apoyo-incondicional-al-sector-turistico-y-a-la-familia-riu\/#breadcrumblist"},"author":{"@id":"https:\/\/eldigitaldeasturias.com\/magazine365\/author\/admin\/#author"},"creator":{"@id":"https:\/\/eldigitaldeasturias.com\/magazine365\/author\/admin\/#author"},"image":{"@type":"ImageObject","url":"https:\/\/eldigitaldeasturias.com\/magazine365\/wp-content\/uploads\/2015\/06\/riu-isis.jpg","@id":"https:\/\/eldigitaldeasturias.com\/magazine365\/jaime-martinez-muestra-su-apoyo-incondicional-al-sector-turistico-y-a-la-familia-riu\/#mainImage","width":800,"height":609},"primaryImageOfPage":{"@id":"https:\/\/eldigitaldeasturias.com\/magazine365\/jaime-martinez-muestra-su-apoyo-incondicional-al-sector-turistico-y-a-la-familia-riu\/#mainImage"},"datePublished":"2015-06-26T23:21:26+02:00","dateModified":"2015-06-26T23:21:26+02:00"},{"@type":"WebSite","@id":"https:\/\/eldigitaldeasturias.com\/magazine365\/#website","url":"https:\/\/eldigitaldeasturias.com\/magazine365\/","name":"El Digital de Asturias","description":"Revista de ocio, turismo y estilo de vida","inLanguage":"es-ES","publisher":{"@id":"https:\/\/eldigitaldeasturias.com\/magazine365\/#organization"}}]},"og:locale":"es_ES","og:site_name":"El Digital de Asturias \u2013 Revista de ocio, turismo y estilo de vida","og:type":"article","og:title":"Jaime Mart\u00ednez muestra su \u00abapoyo incondicional\u00bb al sector tur\u00edstico y a la familia Riu | El Digital de Asturias","og:description":"El conseller de Turismo y Deportes en funciones, Jaime Mart\u00ednez, ha mostrado este viernes su &quot;firme condena y repulsa al atentado ocurrido hoy en T\u00fanez&quot;, as\u00ed como su &quot;apoyo incondicional al sector tur\u00edstico y a la familia Riu&quot;. As\u00ed se ha manifestado este viernes en su cuenta personal de Twitter sobre este atentado en el","og:url":"https:\/\/eldigitaldeasturias.com\/magazine365\/jaime-martinez-muestra-su-apoyo-incondicional-al-sector-turistico-y-a-la-familia-riu\/","og:image":"https:\/\/eldigitaldeasturias.com\/magazine365\/wp-content\/uploads\/2015\/06\/riu-isis.jpg","og:image:secure_url":"https:\/\/eldigitaldeasturias.com\/magazine365\/wp-content\/uploads\/2015\/06\/riu-isis.jpg","og:image:width":800,"og:image:height":609,"article:published_time":"2015-06-26T21:51:26+00:00","article:modified_time":"2015-06-26T21:51:26+00:00","twitter:card":"summary_large_image","twitter:title":"Jaime Mart\u00ednez muestra su \u00abapoyo incondicional\u00bb al sector tur\u00edstico y a la familia Riu | El Digital de Asturias","twitter:description":"El conseller de Turismo y Deportes en funciones, Jaime Mart\u00ednez, ha mostrado este viernes su &quot;firme condena y repulsa al atentado ocurrido hoy en T\u00fanez&quot;, as\u00ed como su &quot;apoyo incondicional al sector tur\u00edstico y a la familia Riu&quot;. As\u00ed se ha manifestado este viernes en su cuenta personal de Twitter sobre este atentado en el","twitter:image":"https:\/\/eldigitaldeasturias.com\/magazine365\/wp-content\/uploads\/2015\/06\/riu-isis.jpg"},"aioseo_meta_data":{"post_id":"41169","title":null,"description":null,"keywords":null,"keyphrases":null,"primary_term":null,"canonical_url":null,"og_title":null,"og_description":null,"og_object_type":"default","og_image_type":"default","og_image_url":null,"og_image_width":null,"og_image_height":null,"og_image_custom_url":null,"og_image_custom_fields":null,"og_video":null,"og_custom_url":null,"og_article_section":null,"og_article_tags":null,"twitter_use_og":false,"twitter_card":"default","twitter_image_type":"default","twitter_image_url":null,"twitter_image_custom_url":null,"twitter_image_custom_fields":null,"twitter_title":null,"twitter_description":null,"schema":{"blockGraphs":[],"customGraphs":[],"default":{"data":{"Article":[],"Course":[],"Dataset":[],"FAQPage":[],"Movie":[],"Person":[],"Product":[],"ProductReview":[],"Car":[],"Recipe":[],"Service":[],"SoftwareApplication":[],"WebPage":[]},"graphName":"","isEnabled":true},"graphs":[],"defaultGraph":"","defaultPostTypeGraph":""},"schema_type":null,"schema_type_options":null,"pillar_content":false,"robots_default":true,"robots_noindex":false,"robots_noarchive":false,"robots_nosnippet":false,"robots_nofollow":false,"robots_noimageindex":false,"robots_noodp":false,"robots_notranslate":false,"robots_max_snippet":null,"robots_max_videopreview":null,"robots_max_imagepreview":"large","priority":null,"frequency":null,"location":null,"local_seo":null,"seo_analyzer_scan_date":"2025-09-19 15:09:18","breadcrumb_settings":null,"limit_modified_date":false,"open_ai":null,"ai":null,"created":"2021-03-09 02:18:41","updated":"2025-09-19 15:09:18"},"aioseo_breadcrumb":"<div class=\"aioseo-breadcrumbs\"><span class=\"aioseo-breadcrumb\">\n\t<a href=\"https:\/\/eldigitaldeasturias.com\/magazine365\" title=\"Home\">Home<\/a>\n<\/span><span class=\"aioseo-breadcrumb-separator\">\u2013<\/span><span class=\"aioseo-breadcrumb\">\n\t<a href=\"https:\/\/eldigitaldeasturias.com\/magazine365\/category\/actualidad-turismo\/\" title=\"Actualidad Turismo\">Actualidad Turismo<\/a>\n<\/span><span class=\"aioseo-breadcrumb-separator\">\u2013<\/span><span class=\"aioseo-breadcrumb\">\n\t<a href=\"https:\/\/eldigitaldeasturias.com\/magazine365\/jaime-martinez-muestra-su-apoyo-incondicional-al-sector-turistico-y-a-la-familia-riu\/\" title=\"Jaime Mart\u00ednez muestra su \u00abapoyo incondicional\u00bb al sector tur\u00edstico y a la familia Riu\">Jaime Mart\u00ednez muestra su \u00abapoyo incondicional\u00bb al sector tur\u00edstico y a la familia Riu<\/a>\n<\/span><\/div>","aioseo_breadcrumb_json":[{"label":"Home","link":"https:\/\/eldigitaldeasturias.com\/magazine365"},{"label":"Actualidad Turismo","link":"https:\/\/eldigitaldeasturias.com\/magazine365\/category\/actualidad-turismo\/"},{"label":"Jaime Mart\u00ednez muestra su \u00abapoyo incondicional\u00bb al sector tur\u00edstico y a la familia Riu","link":"https:\/\/eldigitaldeasturias.com\/magazine365\/jaime-martinez-muestra-su-apoyo-incondicional-al-sector-turistico-y-a-la-familia-riu\/"}],"_links":{"self":[{"href":"https:\/\/eldigitaldeasturias.com\/magazine365\/wp-json\/wp\/v2\/posts\/41169","targetHints":{"allow":["GET"]}}],"collection":[{"href":"https:\/\/eldigitaldeasturias.com\/magazine365\/wp-json\/wp\/v2\/posts"}],"about":[{"href":"https:\/\/eldigitaldeasturias.com\/magazine365\/wp-json\/wp\/v2\/types\/post"}],"author":[{"embeddable":true,"href":"https:\/\/eldigitaldeasturias.com\/magazine365\/wp-json\/wp\/v2\/users\/1"}],"replies":[{"embeddable":true,"href":"https:\/\/eldigitaldeasturias.com\/magazine365\/wp-json\/wp\/v2\/comments?post=41169"}],"version-history":[{"count":0,"href":"https:\/\/eldigitaldeasturias.com\/magazine365\/wp-json\/wp\/v2\/posts\/41169\/revisions"}],"wp:featuredmedia":[{"embeddable":true,"href":"https:\/\/eldigitaldeasturias.com\/magazine365\/wp-json\/wp\/v2\/media\/41158"}],"wp:attachment":[{"href":"https:\/\/eldigitaldeasturias.com\/magazine365\/wp-json\/wp\/v2\/media?parent=41169"}],"wp:term":[{"taxonomy":"category","embeddable":true,"href":"https:\/\/eldigitaldeasturias.com\/magazine365\/wp-json\/wp\/v2\/categories?post=41169"},{"taxonomy":"post_tag","embeddable":true,"href":"https:\/\/eldigitaldeasturias.com\/magazine365\/wp-json\/wp\/v2\/tags?post=41169"}],"curies":[{"name":"wp","href":"https:\/\/api.w.org\/{rel}","templated":true}]}}