{"id":41166,"date":"2015-06-26T23:20:23","date_gmt":"2015-06-26T21:50:23","guid":{"rendered":"http:\/\/eldigitaldeasturias.com\/magazine365\/?p=41166"},"modified":"2015-06-26T23:20:23","modified_gmt":"2015-06-26T21:50:23","slug":"los-turistas-internacionales-gastaron-1-757-millones-en-la-comunidad-valenciana-hasta-mayo","status":"publish","type":"post","link":"https:\/\/eldigitaldeasturias.com\/magazine365\/los-turistas-internacionales-gastaron-1-757-millones-en-la-comunidad-valenciana-hasta-mayo\/","title":{"rendered":"Los turistas internacionales gastaron 1.757 millones en la Comunidad Valenciana hasta mayo"},"content":{"rendered":"<p><img fetchpriority=\"high\" decoding=\"async\" class=\"alignleft size-medium wp-image-41167\" src=\"https:\/\/eldigitaldeasturias.com\/magazine365\/wp-content\/uploads\/2015\/06\/fotonoticia_20150626151556_800-360x270.jpg\" alt=\"fotonoticia_20150626151556_800\" width=\"360\" height=\"270\" srcset=\"https:\/\/eldigitaldeasturias.com\/magazine365\/wp-content\/uploads\/2015\/06\/fotonoticia_20150626151556_800-360x270.jpg 360w, https:\/\/eldigitaldeasturias.com\/magazine365\/wp-content\/uploads\/2015\/06\/fotonoticia_20150626151556_800-650x488.jpg 650w, https:\/\/eldigitaldeasturias.com\/magazine365\/wp-content\/uploads\/2015\/06\/fotonoticia_20150626151556_800-768x576.jpg 768w, https:\/\/eldigitaldeasturias.com\/magazine365\/wp-content\/uploads\/2015\/06\/fotonoticia_20150626151556_800-150x113.jpg 150w, https:\/\/eldigitaldeasturias.com\/magazine365\/wp-content\/uploads\/2015\/06\/fotonoticia_20150626151556_800-450x338.jpg 450w, https:\/\/eldigitaldeasturias.com\/magazine365\/wp-content\/uploads\/2015\/06\/fotonoticia_20150626151556_800-80x60.jpg 80w, https:\/\/eldigitaldeasturias.com\/magazine365\/wp-content\/uploads\/2015\/06\/fotonoticia_20150626151556_800-265x198.jpg 265w, https:\/\/eldigitaldeasturias.com\/magazine365\/wp-content\/uploads\/2015\/06\/fotonoticia_20150626151556_800-696x522.jpg 696w, https:\/\/eldigitaldeasturias.com\/magazine365\/wp-content\/uploads\/2015\/06\/fotonoticia_20150626151556_800-560x420.jpg 560w, https:\/\/eldigitaldeasturias.com\/magazine365\/wp-content\/uploads\/2015\/06\/fotonoticia_20150626151556_800-90x67.jpg 90w, https:\/\/eldigitaldeasturias.com\/magazine365\/wp-content\/uploads\/2015\/06\/fotonoticia_20150626151556_800-100x75.jpg 100w, https:\/\/eldigitaldeasturias.com\/magazine365\/wp-content\/uploads\/2015\/06\/fotonoticia_20150626151556_800.jpg 800w\" sizes=\"(max-width: 360px) 100vw, 360px\" \/>Los turistas internacionales gastaron un total de 1.757 millones de euros entre enero y mayo en la Comunidad Valenciana, lo que supone un 8,6 por ciento m\u00e1s respecto al mismo periodo del a\u00f1o anterior, con un gasto medio de 845 euros por turista en estos cinco meses, 83 euros por turista al d\u00eda, seg\u00fan la Encuesta de Gasto Tur\u00edstico (Egatur).<\/p>\n<p>En el conjunto de Espa\u00f1a, el gasto total efectuado por los turistas internacionales en sus viajes marc\u00f3 un nuevo r\u00e9cord al alcanzar los 21.809 millones de euros en los cinco primeros meses del a\u00f1o, un 8,4% m\u00e1s respecto al mismo periodo de 2014.<\/p>\n<p>El gasto medio diario ascendi\u00f3 un 4,4%, hasta 116 euros, y el gasto medio por turista aument\u00f3 un 3,1%, hasta 968 euros, y Reino Unido y Francia fuero los mercados que m\u00e1s gasto adicional aportaron.<\/p>\n<p>En mayo el gasto tur\u00edstico de los visitantes internacionales alcanz\u00f3 los 5.890 millones de euros (+11,8%), como consecuencia de la llegada de un 6,8% m\u00e1s de turistas.<\/p>\n<p>Se trata, destaca Industria en una nota, del mejor dato hist\u00f3rico para un mes de mayo y el mayor incremento interanual registrado nunca en ese mes. El gasto medio por turista en mayo fue de 905 euros (+4,7%), y un gasto medio diario de 114 euros (+4,6%).<\/p>\n<p>BRIT\u00c1NICOS Y ALEMANES, LOS QUE M\u00c1S GASTAN<\/p>\n<p>Por mercados, pa\u00edses asi\u00e1ticos y EE.UU. fueron los mercados que presentaron incrementos interanuales cercanos al 26%.<\/p>\n<p>De enero a mayo, los turistas que m\u00e1s gastaron en Espa\u00f1a fueron los procedentes de Reino Unido, que aumentaron un 10,8% su gasto, hasta los 4.217 millones de euros, suponiendo el 19,3% del total.<\/p>\n<p>Los turistas brit\u00e1nicos gastaron de media 853 euros por turista (+7,3%), con un gasto medio diario de 102 euros (+12,5%). En mayo, gastaron 1.330 millones de euros, llegando al 22,6% del total, con un aumento del 8,6%. Este aumento benefici\u00f3 especialmente a Canarias.<\/p>\n<p>Les siguieron los turistas alemanes, con 3.427 millones (+1,6%) y el 15,7% del total de gasto realizado. En mayo fueron 948 millones de euros los gastados estos visitantes, con el 16,1% del total. El aumento del 10% de visitantes, unido al incremento medio del gasto por turista (+3%) y del gasto medio (+3,1%) motivaron estas cifras.<\/p>\n<p>Los que llegaron de Francia gastaron 2.224 millones de euros (+16,5%, el segundo mayor incremento), aportando el 10,2% sobre el total. En mayo, dejaron 549 millones de euros, un 12,9% m\u00e1s. Cataluna fue la m\u00e1s beneficada por el gasto adicional que recibi\u00f3.<\/p>\n<p>Los procedentes de los pa\u00edses n\u00f3rdicos, con 2.202 millones(-5,9%), llegaron al 10,1% del total. En mayo, dejaron 415 millones de euros, con un aumento del 21,6%, el mayor entre los principales emisores, rompiendo con la tendencia de ca\u00edda del periodo acumulado. Se explica por el aumento medio del gasto por turista (+16,8%) y por el del gasto medio diario (+20,6%).<\/p>\n<p>EEUU<\/p>\n<p>Destaca el aumento del gasto realizado por los turistas de EE.UU., hasta 1.089 millones, un 25,7%, alcanzando el 5% del total. Un mercado que present\u00f3 el mayor nivel de gasto por turista, 2.401 euros, un 11,1% m\u00e1s, con un gasto medio diario de 158 euros, un 3,4% m\u00e1s.<\/p>\n<p>En mayo, el aumento del gasto realizado por los visitantes estadounidenses fue todav\u00eda mayor (+35,8%), con 390 millones, alcanzado el 6,6% del total. Fue posible gracias al aumento del n\u00famero de turistas (+18,3%) y al incremento medio por visitante (+14,8%).<\/p>\n","protected":false},"excerpt":{"rendered":"<p>Los turistas internacionales gastaron un total de 1.757 millones de euros entre enero y mayo en la Comunidad Valenciana, lo que supone un 8,6 por ciento m\u00e1s respecto al mismo periodo del a\u00f1o anterior, con un gasto medio de 845 euros por turista en estos cinco meses, 83 euros por turista al d\u00eda, seg\u00fan la<\/p>\n","protected":false},"author":1,"featured_media":41167,"comment_status":"open","ping_status":"closed","sticky":false,"template":"","format":"standard","meta":{"footnotes":""},"categories":[222],"tags":[],"class_list":{"0":"post-41166","1":"post","2":"type-post","3":"status-publish","4":"format-standard","5":"has-post-thumbnail","7":"category-actualidad-turismo"},"aioseo_notices":[],"aioseo_head":"\n\t\t<!-- All in One SEO Pro 4.9.6.1 - aioseo.com -->\n\t<meta name=\"description\" content=\"Los turistas internacionales gastaron un total de 1.757 millones de euros entre enero y mayo en la Comunidad Valenciana, lo que supone un 8,6 por ciento m\u00e1s respecto al mismo periodo del a\u00f1o anterior, con un gasto medio de 845 euros por turista en estos cinco meses, 83 euros por turista al d\u00eda, seg\u00fan la\" \/>\n\t<meta name=\"robots\" content=\"max-image-preview:large\" \/>\n\t<meta name=\"author\" content=\"admin\"\/>\n\t<meta name=\"google-site-verification\" content=\"UA-38556648-1\" \/>\n\t<meta name=\"keywords\" content=\"actualidad turismo\" \/>\n\t<link rel=\"canonical\" href=\"https:\/\/eldigitaldeasturias.com\/magazine365\/los-turistas-internacionales-gastaron-1-757-millones-en-la-comunidad-valenciana-hasta-mayo\/\" \/>\n\t<meta name=\"generator\" content=\"All in One SEO Pro (AIOSEO) 4.9.6.1\" \/>\n\t\t<meta property=\"og:locale\" content=\"es_ES\" \/>\n\t\t<meta property=\"og:site_name\" content=\"El Digital de Asturias \u2013 Revista de ocio, turismo y estilo de vida\" \/>\n\t\t<meta property=\"og:type\" content=\"article\" \/>\n\t\t<meta property=\"og:title\" content=\"Los turistas internacionales gastaron 1.757 millones en la Comunidad Valenciana hasta mayo | El Digital de Asturias\" \/>\n\t\t<meta property=\"og:description\" content=\"Los turistas internacionales gastaron un total de 1.757 millones de euros entre enero y mayo en la Comunidad Valenciana, lo que supone un 8,6 por ciento m\u00e1s respecto al mismo periodo del a\u00f1o anterior, con un gasto medio de 845 euros por turista en estos cinco meses, 83 euros por turista al d\u00eda, seg\u00fan la\" \/>\n\t\t<meta property=\"og:url\" content=\"https:\/\/eldigitaldeasturias.com\/magazine365\/los-turistas-internacionales-gastaron-1-757-millones-en-la-comunidad-valenciana-hasta-mayo\/\" \/>\n\t\t<meta property=\"og:image\" content=\"https:\/\/eldigitaldeasturias.com\/magazine365\/wp-content\/uploads\/2015\/06\/fotonoticia_20150626151556_800.jpg\" \/>\n\t\t<meta property=\"og:image:secure_url\" content=\"https:\/\/eldigitaldeasturias.com\/magazine365\/wp-content\/uploads\/2015\/06\/fotonoticia_20150626151556_800.jpg\" \/>\n\t\t<meta property=\"og:image:width\" content=\"800\" \/>\n\t\t<meta property=\"og:image:height\" content=\"600\" \/>\n\t\t<meta property=\"article:published_time\" content=\"2015-06-26T21:50:23+00:00\" \/>\n\t\t<meta property=\"article:modified_time\" content=\"2015-06-26T21:50:23+00:00\" \/>\n\t\t<meta name=\"twitter:card\" content=\"summary_large_image\" \/>\n\t\t<meta name=\"twitter:title\" content=\"Los turistas internacionales gastaron 1.757 millones en la Comunidad Valenciana hasta mayo | El Digital de Asturias\" \/>\n\t\t<meta name=\"twitter:description\" content=\"Los turistas internacionales gastaron un total de 1.757 millones de euros entre enero y mayo en la Comunidad Valenciana, lo que supone un 8,6 por ciento m\u00e1s respecto al mismo periodo del a\u00f1o anterior, con un gasto medio de 845 euros por turista en estos cinco meses, 83 euros por turista al d\u00eda, seg\u00fan la\" \/>\n\t\t<meta name=\"twitter:image\" content=\"https:\/\/eldigitaldeasturias.com\/magazine365\/wp-content\/uploads\/2015\/06\/fotonoticia_20150626151556_800.jpg\" \/>\n\t\t<script type=\"application\/ld+json\" class=\"aioseo-schema\">\n\t\t\t{\"@context\":\"https:\\\/\\\/schema.org\",\"@graph\":[{\"@type\":\"Article\",\"@id\":\"https:\\\/\\\/eldigitaldeasturias.com\\\/magazine365\\\/los-turistas-internacionales-gastaron-1-757-millones-en-la-comunidad-valenciana-hasta-mayo\\\/#article\",\"name\":\"Los turistas internacionales gastaron 1.757 millones en la Comunidad Valenciana hasta mayo | El Digital de Asturias\",\"headline\":\"Los turistas internacionales gastaron 1.757 millones en la Comunidad Valenciana hasta mayo\",\"author\":{\"@id\":\"https:\\\/\\\/eldigitaldeasturias.com\\\/magazine365\\\/author\\\/admin\\\/#author\"},\"publisher\":{\"@id\":\"https:\\\/\\\/eldigitaldeasturias.com\\\/magazine365\\\/#organization\"},\"image\":{\"@type\":\"ImageObject\",\"url\":\"https:\\\/\\\/eldigitaldeasturias.com\\\/magazine365\\\/wp-content\\\/uploads\\\/2015\\\/06\\\/fotonoticia_20150626151556_800.jpg\",\"width\":800,\"height\":600},\"datePublished\":\"2015-06-26T23:20:23+02:00\",\"dateModified\":\"2015-06-26T23:20:23+02:00\",\"inLanguage\":\"es-ES\",\"mainEntityOfPage\":{\"@id\":\"https:\\\/\\\/eldigitaldeasturias.com\\\/magazine365\\\/los-turistas-internacionales-gastaron-1-757-millones-en-la-comunidad-valenciana-hasta-mayo\\\/#webpage\"},\"isPartOf\":{\"@id\":\"https:\\\/\\\/eldigitaldeasturias.com\\\/magazine365\\\/los-turistas-internacionales-gastaron-1-757-millones-en-la-comunidad-valenciana-hasta-mayo\\\/#webpage\"},\"articleSection\":\"Actualidad Turismo\"},{\"@type\":\"BreadcrumbList\",\"@id\":\"https:\\\/\\\/eldigitaldeasturias.com\\\/magazine365\\\/los-turistas-internacionales-gastaron-1-757-millones-en-la-comunidad-valenciana-hasta-mayo\\\/#breadcrumblist\",\"itemListElement\":[{\"@type\":\"ListItem\",\"@id\":\"https:\\\/\\\/eldigitaldeasturias.com\\\/magazine365#listItem\",\"position\":1,\"name\":\"Home\",\"item\":\"https:\\\/\\\/eldigitaldeasturias.com\\\/magazine365\",\"nextItem\":{\"@type\":\"ListItem\",\"@id\":\"https:\\\/\\\/eldigitaldeasturias.com\\\/magazine365\\\/category\\\/actualidad-turismo\\\/#listItem\",\"name\":\"Actualidad Turismo\"}},{\"@type\":\"ListItem\",\"@id\":\"https:\\\/\\\/eldigitaldeasturias.com\\\/magazine365\\\/category\\\/actualidad-turismo\\\/#listItem\",\"position\":2,\"name\":\"Actualidad Turismo\",\"item\":\"https:\\\/\\\/eldigitaldeasturias.com\\\/magazine365\\\/category\\\/actualidad-turismo\\\/\",\"nextItem\":{\"@type\":\"ListItem\",\"@id\":\"https:\\\/\\\/eldigitaldeasturias.com\\\/magazine365\\\/los-turistas-internacionales-gastaron-1-757-millones-en-la-comunidad-valenciana-hasta-mayo\\\/#listItem\",\"name\":\"Los turistas internacionales gastaron 1.757 millones en la Comunidad Valenciana hasta mayo\"},\"previousItem\":{\"@type\":\"ListItem\",\"@id\":\"https:\\\/\\\/eldigitaldeasturias.com\\\/magazine365#listItem\",\"name\":\"Home\"}},{\"@type\":\"ListItem\",\"@id\":\"https:\\\/\\\/eldigitaldeasturias.com\\\/magazine365\\\/los-turistas-internacionales-gastaron-1-757-millones-en-la-comunidad-valenciana-hasta-mayo\\\/#listItem\",\"position\":3,\"name\":\"Los turistas internacionales gastaron 1.757 millones en la Comunidad Valenciana hasta mayo\",\"previousItem\":{\"@type\":\"ListItem\",\"@id\":\"https:\\\/\\\/eldigitaldeasturias.com\\\/magazine365\\\/category\\\/actualidad-turismo\\\/#listItem\",\"name\":\"Actualidad Turismo\"}}]},{\"@type\":\"Organization\",\"@id\":\"https:\\\/\\\/eldigitaldeasturias.com\\\/magazine365\\\/#organization\",\"name\":\"El digital de Asturias\",\"description\":\"Revista de ocio, turismo y estilo de vida\",\"url\":\"https:\\\/\\\/eldigitaldeasturias.com\\\/magazine365\\\/\",\"logo\":{\"@type\":\"ImageObject\",\"url\":\"https:\\\/\\\/www.eldigitaldeasturias.com\\\/noticias\\\/wp-content\\\/uploads\\\/2020\\\/12\\\/EDA.jpg\",\"@id\":\"https:\\\/\\\/eldigitaldeasturias.com\\\/magazine365\\\/los-turistas-internacionales-gastaron-1-757-millones-en-la-comunidad-valenciana-hasta-mayo\\\/#organizationLogo\"},\"image\":{\"@id\":\"https:\\\/\\\/eldigitaldeasturias.com\\\/magazine365\\\/los-turistas-internacionales-gastaron-1-757-millones-en-la-comunidad-valenciana-hasta-mayo\\\/#organizationLogo\"}},{\"@type\":\"Person\",\"@id\":\"https:\\\/\\\/eldigitaldeasturias.com\\\/magazine365\\\/author\\\/admin\\\/#author\",\"url\":\"https:\\\/\\\/eldigitaldeasturias.com\\\/magazine365\\\/author\\\/admin\\\/\",\"name\":\"admin\",\"image\":{\"@type\":\"ImageObject\",\"@id\":\"https:\\\/\\\/eldigitaldeasturias.com\\\/magazine365\\\/los-turistas-internacionales-gastaron-1-757-millones-en-la-comunidad-valenciana-hasta-mayo\\\/#authorImage\",\"url\":\"https:\\\/\\\/eldigitaldeasturias.com\\\/magazine365\\\/wp-content\\\/litespeed\\\/avatar\\\/e571bcf59a0edd6fa6838245a470f2fe.jpg?ver=1777574230\",\"width\":96,\"height\":96,\"caption\":\"admin\"}},{\"@type\":\"WebPage\",\"@id\":\"https:\\\/\\\/eldigitaldeasturias.com\\\/magazine365\\\/los-turistas-internacionales-gastaron-1-757-millones-en-la-comunidad-valenciana-hasta-mayo\\\/#webpage\",\"url\":\"https:\\\/\\\/eldigitaldeasturias.com\\\/magazine365\\\/los-turistas-internacionales-gastaron-1-757-millones-en-la-comunidad-valenciana-hasta-mayo\\\/\",\"name\":\"Los turistas internacionales gastaron 1.757 millones en la Comunidad Valenciana hasta mayo | El Digital de Asturias\",\"description\":\"Los turistas internacionales gastaron un total de 1.757 millones de euros entre enero y mayo en la Comunidad Valenciana, lo que supone un 8,6 por ciento m\\u00e1s respecto al mismo periodo del a\\u00f1o anterior, con un gasto medio de 845 euros por turista en estos cinco meses, 83 euros por turista al d\\u00eda, seg\\u00fan la\",\"inLanguage\":\"es-ES\",\"isPartOf\":{\"@id\":\"https:\\\/\\\/eldigitaldeasturias.com\\\/magazine365\\\/#website\"},\"breadcrumb\":{\"@id\":\"https:\\\/\\\/eldigitaldeasturias.com\\\/magazine365\\\/los-turistas-internacionales-gastaron-1-757-millones-en-la-comunidad-valenciana-hasta-mayo\\\/#breadcrumblist\"},\"author\":{\"@id\":\"https:\\\/\\\/eldigitaldeasturias.com\\\/magazine365\\\/author\\\/admin\\\/#author\"},\"creator\":{\"@id\":\"https:\\\/\\\/eldigitaldeasturias.com\\\/magazine365\\\/author\\\/admin\\\/#author\"},\"image\":{\"@type\":\"ImageObject\",\"url\":\"https:\\\/\\\/eldigitaldeasturias.com\\\/magazine365\\\/wp-content\\\/uploads\\\/2015\\\/06\\\/fotonoticia_20150626151556_800.jpg\",\"@id\":\"https:\\\/\\\/eldigitaldeasturias.com\\\/magazine365\\\/los-turistas-internacionales-gastaron-1-757-millones-en-la-comunidad-valenciana-hasta-mayo\\\/#mainImage\",\"width\":800,\"height\":600},\"primaryImageOfPage\":{\"@id\":\"https:\\\/\\\/eldigitaldeasturias.com\\\/magazine365\\\/los-turistas-internacionales-gastaron-1-757-millones-en-la-comunidad-valenciana-hasta-mayo\\\/#mainImage\"},\"datePublished\":\"2015-06-26T23:20:23+02:00\",\"dateModified\":\"2015-06-26T23:20:23+02:00\"},{\"@type\":\"WebSite\",\"@id\":\"https:\\\/\\\/eldigitaldeasturias.com\\\/magazine365\\\/#website\",\"url\":\"https:\\\/\\\/eldigitaldeasturias.com\\\/magazine365\\\/\",\"name\":\"El Digital de Asturias\",\"description\":\"Revista de ocio, turismo y estilo de vida\",\"inLanguage\":\"es-ES\",\"publisher\":{\"@id\":\"https:\\\/\\\/eldigitaldeasturias.com\\\/magazine365\\\/#organization\"}}]}\n\t\t<\/script>\n\t\t<!-- All in One SEO Pro -->\r\n\t\t<title>Los turistas internacionales gastaron 1.757 millones en la Comunidad Valenciana hasta mayo | El Digital de Asturias<\/title>\n\n","aioseo_head_json":{"title":"Los turistas internacionales gastaron 1.757 millones en la Comunidad Valenciana hasta mayo | El Digital de Asturias","description":"Los turistas internacionales gastaron un total de 1.757 millones de euros entre enero y mayo en la Comunidad Valenciana, lo que supone un 8,6 por ciento m\u00e1s respecto al mismo periodo del a\u00f1o anterior, con un gasto medio de 845 euros por turista en estos cinco meses, 83 euros por turista al d\u00eda, seg\u00fan la","canonical_url":"https:\/\/eldigitaldeasturias.com\/magazine365\/los-turistas-internacionales-gastaron-1-757-millones-en-la-comunidad-valenciana-hasta-mayo\/","robots":"max-image-preview:large","keywords":"actualidad turismo","webmasterTools":{"google-site-verification":"UA-38556648-1","miscellaneous":""},"schema":{"@context":"https:\/\/schema.org","@graph":[{"@type":"Article","@id":"https:\/\/eldigitaldeasturias.com\/magazine365\/los-turistas-internacionales-gastaron-1-757-millones-en-la-comunidad-valenciana-hasta-mayo\/#article","name":"Los turistas internacionales gastaron 1.757 millones en la Comunidad Valenciana hasta mayo | El Digital de Asturias","headline":"Los turistas internacionales gastaron 1.757 millones en la Comunidad Valenciana hasta mayo","author":{"@id":"https:\/\/eldigitaldeasturias.com\/magazine365\/author\/admin\/#author"},"publisher":{"@id":"https:\/\/eldigitaldeasturias.com\/magazine365\/#organization"},"image":{"@type":"ImageObject","url":"https:\/\/eldigitaldeasturias.com\/magazine365\/wp-content\/uploads\/2015\/06\/fotonoticia_20150626151556_800.jpg","width":800,"height":600},"datePublished":"2015-06-26T23:20:23+02:00","dateModified":"2015-06-26T23:20:23+02:00","inLanguage":"es-ES","mainEntityOfPage":{"@id":"https:\/\/eldigitaldeasturias.com\/magazine365\/los-turistas-internacionales-gastaron-1-757-millones-en-la-comunidad-valenciana-hasta-mayo\/#webpage"},"isPartOf":{"@id":"https:\/\/eldigitaldeasturias.com\/magazine365\/los-turistas-internacionales-gastaron-1-757-millones-en-la-comunidad-valenciana-hasta-mayo\/#webpage"},"articleSection":"Actualidad Turismo"},{"@type":"BreadcrumbList","@id":"https:\/\/eldigitaldeasturias.com\/magazine365\/los-turistas-internacionales-gastaron-1-757-millones-en-la-comunidad-valenciana-hasta-mayo\/#breadcrumblist","itemListElement":[{"@type":"ListItem","@id":"https:\/\/eldigitaldeasturias.com\/magazine365#listItem","position":1,"name":"Home","item":"https:\/\/eldigitaldeasturias.com\/magazine365","nextItem":{"@type":"ListItem","@id":"https:\/\/eldigitaldeasturias.com\/magazine365\/category\/actualidad-turismo\/#listItem","name":"Actualidad Turismo"}},{"@type":"ListItem","@id":"https:\/\/eldigitaldeasturias.com\/magazine365\/category\/actualidad-turismo\/#listItem","position":2,"name":"Actualidad Turismo","item":"https:\/\/eldigitaldeasturias.com\/magazine365\/category\/actualidad-turismo\/","nextItem":{"@type":"ListItem","@id":"https:\/\/eldigitaldeasturias.com\/magazine365\/los-turistas-internacionales-gastaron-1-757-millones-en-la-comunidad-valenciana-hasta-mayo\/#listItem","name":"Los turistas internacionales gastaron 1.757 millones en la Comunidad Valenciana hasta mayo"},"previousItem":{"@type":"ListItem","@id":"https:\/\/eldigitaldeasturias.com\/magazine365#listItem","name":"Home"}},{"@type":"ListItem","@id":"https:\/\/eldigitaldeasturias.com\/magazine365\/los-turistas-internacionales-gastaron-1-757-millones-en-la-comunidad-valenciana-hasta-mayo\/#listItem","position":3,"name":"Los turistas internacionales gastaron 1.757 millones en la Comunidad Valenciana hasta mayo","previousItem":{"@type":"ListItem","@id":"https:\/\/eldigitaldeasturias.com\/magazine365\/category\/actualidad-turismo\/#listItem","name":"Actualidad Turismo"}}]},{"@type":"Organization","@id":"https:\/\/eldigitaldeasturias.com\/magazine365\/#organization","name":"El digital de Asturias","description":"Revista de ocio, turismo y estilo de vida","url":"https:\/\/eldigitaldeasturias.com\/magazine365\/","logo":{"@type":"ImageObject","url":"https:\/\/www.eldigitaldeasturias.com\/noticias\/wp-content\/uploads\/2020\/12\/EDA.jpg","@id":"https:\/\/eldigitaldeasturias.com\/magazine365\/los-turistas-internacionales-gastaron-1-757-millones-en-la-comunidad-valenciana-hasta-mayo\/#organizationLogo"},"image":{"@id":"https:\/\/eldigitaldeasturias.com\/magazine365\/los-turistas-internacionales-gastaron-1-757-millones-en-la-comunidad-valenciana-hasta-mayo\/#organizationLogo"}},{"@type":"Person","@id":"https:\/\/eldigitaldeasturias.com\/magazine365\/author\/admin\/#author","url":"https:\/\/eldigitaldeasturias.com\/magazine365\/author\/admin\/","name":"admin","image":{"@type":"ImageObject","@id":"https:\/\/eldigitaldeasturias.com\/magazine365\/los-turistas-internacionales-gastaron-1-757-millones-en-la-comunidad-valenciana-hasta-mayo\/#authorImage","url":"https:\/\/eldigitaldeasturias.com\/magazine365\/wp-content\/litespeed\/avatar\/e571bcf59a0edd6fa6838245a470f2fe.jpg?ver=1777574230","width":96,"height":96,"caption":"admin"}},{"@type":"WebPage","@id":"https:\/\/eldigitaldeasturias.com\/magazine365\/los-turistas-internacionales-gastaron-1-757-millones-en-la-comunidad-valenciana-hasta-mayo\/#webpage","url":"https:\/\/eldigitaldeasturias.com\/magazine365\/los-turistas-internacionales-gastaron-1-757-millones-en-la-comunidad-valenciana-hasta-mayo\/","name":"Los turistas internacionales gastaron 1.757 millones en la Comunidad Valenciana hasta mayo | El Digital de Asturias","description":"Los turistas internacionales gastaron un total de 1.757 millones de euros entre enero y mayo en la Comunidad Valenciana, lo que supone un 8,6 por ciento m\u00e1s respecto al mismo periodo del a\u00f1o anterior, con un gasto medio de 845 euros por turista en estos cinco meses, 83 euros por turista al d\u00eda, seg\u00fan la","inLanguage":"es-ES","isPartOf":{"@id":"https:\/\/eldigitaldeasturias.com\/magazine365\/#website"},"breadcrumb":{"@id":"https:\/\/eldigitaldeasturias.com\/magazine365\/los-turistas-internacionales-gastaron-1-757-millones-en-la-comunidad-valenciana-hasta-mayo\/#breadcrumblist"},"author":{"@id":"https:\/\/eldigitaldeasturias.com\/magazine365\/author\/admin\/#author"},"creator":{"@id":"https:\/\/eldigitaldeasturias.com\/magazine365\/author\/admin\/#author"},"image":{"@type":"ImageObject","url":"https:\/\/eldigitaldeasturias.com\/magazine365\/wp-content\/uploads\/2015\/06\/fotonoticia_20150626151556_800.jpg","@id":"https:\/\/eldigitaldeasturias.com\/magazine365\/los-turistas-internacionales-gastaron-1-757-millones-en-la-comunidad-valenciana-hasta-mayo\/#mainImage","width":800,"height":600},"primaryImageOfPage":{"@id":"https:\/\/eldigitaldeasturias.com\/magazine365\/los-turistas-internacionales-gastaron-1-757-millones-en-la-comunidad-valenciana-hasta-mayo\/#mainImage"},"datePublished":"2015-06-26T23:20:23+02:00","dateModified":"2015-06-26T23:20:23+02:00"},{"@type":"WebSite","@id":"https:\/\/eldigitaldeasturias.com\/magazine365\/#website","url":"https:\/\/eldigitaldeasturias.com\/magazine365\/","name":"El Digital de Asturias","description":"Revista de ocio, turismo y estilo de vida","inLanguage":"es-ES","publisher":{"@id":"https:\/\/eldigitaldeasturias.com\/magazine365\/#organization"}}]},"og:locale":"es_ES","og:site_name":"El Digital de Asturias \u2013 Revista de ocio, turismo y estilo de vida","og:type":"article","og:title":"Los turistas internacionales gastaron 1.757 millones en la Comunidad Valenciana hasta mayo | El Digital de Asturias","og:description":"Los turistas internacionales gastaron un total de 1.757 millones de euros entre enero y mayo en la Comunidad Valenciana, lo que supone un 8,6 por ciento m\u00e1s respecto al mismo periodo del a\u00f1o anterior, con un gasto medio de 845 euros por turista en estos cinco meses, 83 euros por turista al d\u00eda, seg\u00fan la","og:url":"https:\/\/eldigitaldeasturias.com\/magazine365\/los-turistas-internacionales-gastaron-1-757-millones-en-la-comunidad-valenciana-hasta-mayo\/","og:image":"https:\/\/eldigitaldeasturias.com\/magazine365\/wp-content\/uploads\/2015\/06\/fotonoticia_20150626151556_800.jpg","og:image:secure_url":"https:\/\/eldigitaldeasturias.com\/magazine365\/wp-content\/uploads\/2015\/06\/fotonoticia_20150626151556_800.jpg","og:image:width":800,"og:image:height":600,"article:published_time":"2015-06-26T21:50:23+00:00","article:modified_time":"2015-06-26T21:50:23+00:00","twitter:card":"summary_large_image","twitter:title":"Los turistas internacionales gastaron 1.757 millones en la Comunidad Valenciana hasta mayo | El Digital de Asturias","twitter:description":"Los turistas internacionales gastaron un total de 1.757 millones de euros entre enero y mayo en la Comunidad Valenciana, lo que supone un 8,6 por ciento m\u00e1s respecto al mismo periodo del a\u00f1o anterior, con un gasto medio de 845 euros por turista en estos cinco meses, 83 euros por turista al d\u00eda, seg\u00fan la","twitter:image":"https:\/\/eldigitaldeasturias.com\/magazine365\/wp-content\/uploads\/2015\/06\/fotonoticia_20150626151556_800.jpg"},"aioseo_meta_data":{"post_id":"41166","title":null,"description":null,"keywords":null,"keyphrases":null,"primary_term":null,"canonical_url":null,"og_title":null,"og_description":null,"og_object_type":"default","og_image_type":"default","og_image_url":null,"og_image_width":null,"og_image_height":null,"og_image_custom_url":null,"og_image_custom_fields":null,"og_video":null,"og_custom_url":null,"og_article_section":null,"og_article_tags":null,"twitter_use_og":false,"twitter_card":"default","twitter_image_type":"default","twitter_image_url":null,"twitter_image_custom_url":null,"twitter_image_custom_fields":null,"twitter_title":null,"twitter_description":null,"schema":{"blockGraphs":[],"customGraphs":[],"default":{"data":{"Article":[],"Course":[],"Dataset":[],"FAQPage":[],"Movie":[],"Person":[],"Product":[],"ProductReview":[],"Car":[],"Recipe":[],"Service":[],"SoftwareApplication":[],"WebPage":[]},"graphName":"","isEnabled":true},"graphs":[],"defaultGraph":"","defaultPostTypeGraph":""},"schema_type":null,"schema_type_options":null,"pillar_content":false,"robots_default":true,"robots_noindex":false,"robots_noarchive":false,"robots_nosnippet":false,"robots_nofollow":false,"robots_noimageindex":false,"robots_noodp":false,"robots_notranslate":false,"robots_max_snippet":null,"robots_max_videopreview":null,"robots_max_imagepreview":"large","priority":null,"frequency":null,"location":null,"local_seo":null,"seo_analyzer_scan_date":"2025-09-19 15:09:16","breadcrumb_settings":null,"limit_modified_date":false,"open_ai":null,"ai":null,"created":"2021-03-09 02:18:41","updated":"2025-09-19 15:09:16"},"aioseo_breadcrumb":"<div class=\"aioseo-breadcrumbs\"><span class=\"aioseo-breadcrumb\">\n\t<a href=\"https:\/\/eldigitaldeasturias.com\/magazine365\" title=\"Home\">Home<\/a>\n<\/span><span class=\"aioseo-breadcrumb-separator\">\u2013<\/span><span class=\"aioseo-breadcrumb\">\n\t<a href=\"https:\/\/eldigitaldeasturias.com\/magazine365\/category\/actualidad-turismo\/\" title=\"Actualidad Turismo\">Actualidad Turismo<\/a>\n<\/span><span class=\"aioseo-breadcrumb-separator\">\u2013<\/span><span class=\"aioseo-breadcrumb\">\n\t<a href=\"https:\/\/eldigitaldeasturias.com\/magazine365\/los-turistas-internacionales-gastaron-1-757-millones-en-la-comunidad-valenciana-hasta-mayo\/\" title=\"Los turistas internacionales gastaron 1.757 millones en la Comunidad Valenciana hasta mayo\">Los turistas internacionales gastaron 1.757 millones en la Comunidad Valenciana hasta mayo<\/a>\n<\/span><\/div>","aioseo_breadcrumb_json":[{"label":"Home","link":"https:\/\/eldigitaldeasturias.com\/magazine365"},{"label":"Actualidad Turismo","link":"https:\/\/eldigitaldeasturias.com\/magazine365\/category\/actualidad-turismo\/"},{"label":"Los turistas internacionales gastaron 1.757 millones en la Comunidad Valenciana hasta mayo","link":"https:\/\/eldigitaldeasturias.com\/magazine365\/los-turistas-internacionales-gastaron-1-757-millones-en-la-comunidad-valenciana-hasta-mayo\/"}],"_links":{"self":[{"href":"https:\/\/eldigitaldeasturias.com\/magazine365\/wp-json\/wp\/v2\/posts\/41166","targetHints":{"allow":["GET"]}}],"collection":[{"href":"https:\/\/eldigitaldeasturias.com\/magazine365\/wp-json\/wp\/v2\/posts"}],"about":[{"href":"https:\/\/eldigitaldeasturias.com\/magazine365\/wp-json\/wp\/v2\/types\/post"}],"author":[{"embeddable":true,"href":"https:\/\/eldigitaldeasturias.com\/magazine365\/wp-json\/wp\/v2\/users\/1"}],"replies":[{"embeddable":true,"href":"https:\/\/eldigitaldeasturias.com\/magazine365\/wp-json\/wp\/v2\/comments?post=41166"}],"version-history":[{"count":0,"href":"https:\/\/eldigitaldeasturias.com\/magazine365\/wp-json\/wp\/v2\/posts\/41166\/revisions"}],"wp:featuredmedia":[{"embeddable":true,"href":"https:\/\/eldigitaldeasturias.com\/magazine365\/wp-json\/wp\/v2\/media\/41167"}],"wp:attachment":[{"href":"https:\/\/eldigitaldeasturias.com\/magazine365\/wp-json\/wp\/v2\/media?parent=41166"}],"wp:term":[{"taxonomy":"category","embeddable":true,"href":"https:\/\/eldigitaldeasturias.com\/magazine365\/wp-json\/wp\/v2\/categories?post=41166"},{"taxonomy":"post_tag","embeddable":true,"href":"https:\/\/eldigitaldeasturias.com\/magazine365\/wp-json\/wp\/v2\/tags?post=41166"}],"curies":[{"name":"wp","href":"https:\/\/api.w.org\/{rel}","templated":true}]}}