{"id":41160,"date":"2015-06-26T23:17:44","date_gmt":"2015-06-26T21:47:44","guid":{"rendered":"http:\/\/eldigitaldeasturias.com\/magazine365\/?p=41160"},"modified":"2015-06-26T23:17:44","modified_gmt":"2015-06-26T21:47:44","slug":"joan-mesquida-coordinara-las-actuaciones-en-zonas-de-ocio-de-magaluf-para-mejorar-la-imagen-de-la-zona","status":"publish","type":"post","link":"https:\/\/eldigitaldeasturias.com\/magazine365\/joan-mesquida-coordinara-las-actuaciones-en-zonas-de-ocio-de-magaluf-para-mejorar-la-imagen-de-la-zona\/","title":{"rendered":"Joan Mesquida coordinar\u00e1 las actuaciones en zonas de ocio de Magaluf para mejorar la imagen de la zona"},"content":{"rendered":"<p><img fetchpriority=\"high\" decoding=\"async\" class=\"alignleft size-medium wp-image-41161\" src=\"https:\/\/eldigitaldeasturias.com\/magazine365\/wp-content\/uploads\/2015\/06\/fotonoticia_20150626151023_800-360x270.jpg\" alt=\"fotonoticia_20150626151023_800\" width=\"360\" height=\"270\" srcset=\"https:\/\/eldigitaldeasturias.com\/magazine365\/wp-content\/uploads\/2015\/06\/fotonoticia_20150626151023_800-360x270.jpg 360w, https:\/\/eldigitaldeasturias.com\/magazine365\/wp-content\/uploads\/2015\/06\/fotonoticia_20150626151023_800-650x488.jpg 650w, https:\/\/eldigitaldeasturias.com\/magazine365\/wp-content\/uploads\/2015\/06\/fotonoticia_20150626151023_800-768x576.jpg 768w, https:\/\/eldigitaldeasturias.com\/magazine365\/wp-content\/uploads\/2015\/06\/fotonoticia_20150626151023_800-150x113.jpg 150w, https:\/\/eldigitaldeasturias.com\/magazine365\/wp-content\/uploads\/2015\/06\/fotonoticia_20150626151023_800-450x338.jpg 450w, https:\/\/eldigitaldeasturias.com\/magazine365\/wp-content\/uploads\/2015\/06\/fotonoticia_20150626151023_800-80x60.jpg 80w, https:\/\/eldigitaldeasturias.com\/magazine365\/wp-content\/uploads\/2015\/06\/fotonoticia_20150626151023_800-265x198.jpg 265w, https:\/\/eldigitaldeasturias.com\/magazine365\/wp-content\/uploads\/2015\/06\/fotonoticia_20150626151023_800-696x522.jpg 696w, https:\/\/eldigitaldeasturias.com\/magazine365\/wp-content\/uploads\/2015\/06\/fotonoticia_20150626151023_800-560x420.jpg 560w, https:\/\/eldigitaldeasturias.com\/magazine365\/wp-content\/uploads\/2015\/06\/fotonoticia_20150626151023_800-90x67.jpg 90w, https:\/\/eldigitaldeasturias.com\/magazine365\/wp-content\/uploads\/2015\/06\/fotonoticia_20150626151023_800-100x75.jpg 100w, https:\/\/eldigitaldeasturias.com\/magazine365\/wp-content\/uploads\/2015\/06\/fotonoticia_20150626151023_800.jpg 800w\" sizes=\"(max-width: 360px) 100vw, 360px\" \/>El director general de Proyectos Estrat\u00e9gicos del Ayuntamiento de Calvi\u00e0, Joan Mesquida, se encargar\u00e1 de coordinar las actuaciones en las zonas de ocio de Magaluf con el objetivo de mejorar la imagen de la zona.<\/p>\n<p>El alcalde de Calvi\u00e0, Alfonso Rodr\u00edguez, ha tomado esta decisi\u00f3n en el marco de las acciones que est\u00e1 poniendo en marcha, junto al teniente de alcalde de Servicios Generales y Seguridad, Andreu Serra, y el teniente de alcalde de Turismo, Comercio y Urbanismo, Antonio Garc\u00eda Moles, con el objetivo de revertir la problem\u00e1tica de la zona de ocio nocturno joven de Magaluf.<\/p>\n<p>Mesquida asume el encargo de coordinar e impulsar las diferentes pol\u00edticas que se pretenden llevar a cabo para mejorar la imagen de la zona, para el cumplimiento de las ordenanzas, mejorando la seguridad de ciudadanos y turistas, e ir desarrollando otras alternativas dentro del turismo de ocio nocturno joven.<\/p>\n<p>El director general de Proyectos Estrat\u00e9gicos ser\u00e1 la persona responsable, adem\u00e1s, de coordinar todas estas pol\u00edticas con el resto de instituciones implicadas, as\u00ed como los representantes del sector tur\u00edstico.<\/p>\n<p>Alfonso Rodr\u00edguez ha destacado el perfil y la acreditada experiencia de Mesquida, quien fue secretario de Estado de Turismo, director general de la Polic\u00eda y la de Guardia Civil y conseller de Hacienda y Presupuestos, para llevar adelante este proyecto.<\/p>\n","protected":false},"excerpt":{"rendered":"<p>El director general de Proyectos Estrat\u00e9gicos del Ayuntamiento de Calvi\u00e0, Joan Mesquida, se encargar\u00e1 de coordinar las actuaciones en las zonas de ocio de Magaluf con el objetivo de mejorar la imagen de la zona. El alcalde de Calvi\u00e0, Alfonso Rodr\u00edguez, ha tomado esta decisi\u00f3n en el marco de las acciones que est\u00e1 poniendo en<\/p>\n","protected":false},"author":1,"featured_media":41161,"comment_status":"open","ping_status":"closed","sticky":false,"template":"","format":"standard","meta":{"footnotes":""},"categories":[222],"tags":[],"class_list":{"0":"post-41160","1":"post","2":"type-post","3":"status-publish","4":"format-standard","5":"has-post-thumbnail","7":"category-actualidad-turismo"},"aioseo_notices":[],"aioseo_head":"\n\t\t<!-- All in One SEO Pro 4.9.6.1 - aioseo.com -->\n\t<meta name=\"description\" content=\"El director general de Proyectos Estrat\u00e9gicos del Ayuntamiento de Calvi\u00e0, Joan Mesquida, se encargar\u00e1 de coordinar las actuaciones en las zonas de ocio de Magaluf con el objetivo de mejorar la imagen de la zona. El alcalde de Calvi\u00e0, Alfonso Rodr\u00edguez, ha tomado esta decisi\u00f3n en el marco de las acciones que est\u00e1 poniendo en\" \/>\n\t<meta name=\"robots\" content=\"max-image-preview:large\" \/>\n\t<meta name=\"author\" content=\"admin\"\/>\n\t<meta name=\"google-site-verification\" content=\"UA-38556648-1\" \/>\n\t<meta name=\"keywords\" content=\"actualidad turismo\" \/>\n\t<link rel=\"canonical\" href=\"https:\/\/eldigitaldeasturias.com\/magazine365\/joan-mesquida-coordinara-las-actuaciones-en-zonas-de-ocio-de-magaluf-para-mejorar-la-imagen-de-la-zona\/\" \/>\n\t<meta name=\"generator\" content=\"All in One SEO Pro (AIOSEO) 4.9.6.1\" \/>\n\t\t<meta property=\"og:locale\" content=\"es_ES\" \/>\n\t\t<meta property=\"og:site_name\" content=\"El Digital de Asturias \u2013 Revista de ocio, turismo y estilo de vida\" \/>\n\t\t<meta property=\"og:type\" content=\"article\" \/>\n\t\t<meta property=\"og:title\" content=\"Joan Mesquida coordinar\u00e1 las actuaciones en zonas de ocio de Magaluf para mejorar la imagen de la zona | El Digital de Asturias\" \/>\n\t\t<meta property=\"og:description\" content=\"El director general de Proyectos Estrat\u00e9gicos del Ayuntamiento de Calvi\u00e0, Joan Mesquida, se encargar\u00e1 de coordinar las actuaciones en las zonas de ocio de Magaluf con el objetivo de mejorar la imagen de la zona. El alcalde de Calvi\u00e0, Alfonso Rodr\u00edguez, ha tomado esta decisi\u00f3n en el marco de las acciones que est\u00e1 poniendo en\" \/>\n\t\t<meta property=\"og:url\" content=\"https:\/\/eldigitaldeasturias.com\/magazine365\/joan-mesquida-coordinara-las-actuaciones-en-zonas-de-ocio-de-magaluf-para-mejorar-la-imagen-de-la-zona\/\" \/>\n\t\t<meta property=\"og:image\" content=\"https:\/\/eldigitaldeasturias.com\/magazine365\/wp-content\/uploads\/2015\/06\/fotonoticia_20150626151023_800.jpg\" \/>\n\t\t<meta property=\"og:image:secure_url\" content=\"https:\/\/eldigitaldeasturias.com\/magazine365\/wp-content\/uploads\/2015\/06\/fotonoticia_20150626151023_800.jpg\" \/>\n\t\t<meta property=\"og:image:width\" content=\"800\" \/>\n\t\t<meta property=\"og:image:height\" content=\"600\" \/>\n\t\t<meta property=\"article:published_time\" content=\"2015-06-26T21:47:44+00:00\" \/>\n\t\t<meta property=\"article:modified_time\" content=\"2015-06-26T21:47:44+00:00\" \/>\n\t\t<meta name=\"twitter:card\" content=\"summary_large_image\" \/>\n\t\t<meta name=\"twitter:title\" content=\"Joan Mesquida coordinar\u00e1 las actuaciones en zonas de ocio de Magaluf para mejorar la imagen de la zona | El Digital de Asturias\" \/>\n\t\t<meta name=\"twitter:description\" content=\"El director general de Proyectos Estrat\u00e9gicos del Ayuntamiento de Calvi\u00e0, Joan Mesquida, se encargar\u00e1 de coordinar las actuaciones en las zonas de ocio de Magaluf con el objetivo de mejorar la imagen de la zona. El alcalde de Calvi\u00e0, Alfonso Rodr\u00edguez, ha tomado esta decisi\u00f3n en el marco de las acciones que est\u00e1 poniendo en\" \/>\n\t\t<meta name=\"twitter:image\" content=\"https:\/\/eldigitaldeasturias.com\/magazine365\/wp-content\/uploads\/2015\/06\/fotonoticia_20150626151023_800.jpg\" \/>\n\t\t<script type=\"application\/ld+json\" class=\"aioseo-schema\">\n\t\t\t{\"@context\":\"https:\\\/\\\/schema.org\",\"@graph\":[{\"@type\":\"Article\",\"@id\":\"https:\\\/\\\/eldigitaldeasturias.com\\\/magazine365\\\/joan-mesquida-coordinara-las-actuaciones-en-zonas-de-ocio-de-magaluf-para-mejorar-la-imagen-de-la-zona\\\/#article\",\"name\":\"Joan Mesquida coordinar\\u00e1 las actuaciones en zonas de ocio de Magaluf para mejorar la imagen de la zona | El Digital de Asturias\",\"headline\":\"Joan Mesquida coordinar\\u00e1 las actuaciones en zonas de ocio de Magaluf para mejorar la imagen de la zona\",\"author\":{\"@id\":\"https:\\\/\\\/eldigitaldeasturias.com\\\/magazine365\\\/author\\\/admin\\\/#author\"},\"publisher\":{\"@id\":\"https:\\\/\\\/eldigitaldeasturias.com\\\/magazine365\\\/#organization\"},\"image\":{\"@type\":\"ImageObject\",\"url\":\"https:\\\/\\\/eldigitaldeasturias.com\\\/magazine365\\\/wp-content\\\/uploads\\\/2015\\\/06\\\/fotonoticia_20150626151023_800.jpg\",\"width\":800,\"height\":600},\"datePublished\":\"2015-06-26T23:17:44+02:00\",\"dateModified\":\"2015-06-26T23:17:44+02:00\",\"inLanguage\":\"es-ES\",\"mainEntityOfPage\":{\"@id\":\"https:\\\/\\\/eldigitaldeasturias.com\\\/magazine365\\\/joan-mesquida-coordinara-las-actuaciones-en-zonas-de-ocio-de-magaluf-para-mejorar-la-imagen-de-la-zona\\\/#webpage\"},\"isPartOf\":{\"@id\":\"https:\\\/\\\/eldigitaldeasturias.com\\\/magazine365\\\/joan-mesquida-coordinara-las-actuaciones-en-zonas-de-ocio-de-magaluf-para-mejorar-la-imagen-de-la-zona\\\/#webpage\"},\"articleSection\":\"Actualidad Turismo\"},{\"@type\":\"BreadcrumbList\",\"@id\":\"https:\\\/\\\/eldigitaldeasturias.com\\\/magazine365\\\/joan-mesquida-coordinara-las-actuaciones-en-zonas-de-ocio-de-magaluf-para-mejorar-la-imagen-de-la-zona\\\/#breadcrumblist\",\"itemListElement\":[{\"@type\":\"ListItem\",\"@id\":\"https:\\\/\\\/eldigitaldeasturias.com\\\/magazine365#listItem\",\"position\":1,\"name\":\"Home\",\"item\":\"https:\\\/\\\/eldigitaldeasturias.com\\\/magazine365\",\"nextItem\":{\"@type\":\"ListItem\",\"@id\":\"https:\\\/\\\/eldigitaldeasturias.com\\\/magazine365\\\/category\\\/actualidad-turismo\\\/#listItem\",\"name\":\"Actualidad Turismo\"}},{\"@type\":\"ListItem\",\"@id\":\"https:\\\/\\\/eldigitaldeasturias.com\\\/magazine365\\\/category\\\/actualidad-turismo\\\/#listItem\",\"position\":2,\"name\":\"Actualidad Turismo\",\"item\":\"https:\\\/\\\/eldigitaldeasturias.com\\\/magazine365\\\/category\\\/actualidad-turismo\\\/\",\"nextItem\":{\"@type\":\"ListItem\",\"@id\":\"https:\\\/\\\/eldigitaldeasturias.com\\\/magazine365\\\/joan-mesquida-coordinara-las-actuaciones-en-zonas-de-ocio-de-magaluf-para-mejorar-la-imagen-de-la-zona\\\/#listItem\",\"name\":\"Joan Mesquida coordinar\\u00e1 las actuaciones en zonas de ocio de Magaluf para mejorar la imagen de la zona\"},\"previousItem\":{\"@type\":\"ListItem\",\"@id\":\"https:\\\/\\\/eldigitaldeasturias.com\\\/magazine365#listItem\",\"name\":\"Home\"}},{\"@type\":\"ListItem\",\"@id\":\"https:\\\/\\\/eldigitaldeasturias.com\\\/magazine365\\\/joan-mesquida-coordinara-las-actuaciones-en-zonas-de-ocio-de-magaluf-para-mejorar-la-imagen-de-la-zona\\\/#listItem\",\"position\":3,\"name\":\"Joan Mesquida coordinar\\u00e1 las actuaciones en zonas de ocio de Magaluf para mejorar la imagen de la zona\",\"previousItem\":{\"@type\":\"ListItem\",\"@id\":\"https:\\\/\\\/eldigitaldeasturias.com\\\/magazine365\\\/category\\\/actualidad-turismo\\\/#listItem\",\"name\":\"Actualidad Turismo\"}}]},{\"@type\":\"Organization\",\"@id\":\"https:\\\/\\\/eldigitaldeasturias.com\\\/magazine365\\\/#organization\",\"name\":\"El digital de Asturias\",\"description\":\"Revista de ocio, turismo y estilo de vida\",\"url\":\"https:\\\/\\\/eldigitaldeasturias.com\\\/magazine365\\\/\",\"logo\":{\"@type\":\"ImageObject\",\"url\":\"https:\\\/\\\/www.eldigitaldeasturias.com\\\/noticias\\\/wp-content\\\/uploads\\\/2020\\\/12\\\/EDA.jpg\",\"@id\":\"https:\\\/\\\/eldigitaldeasturias.com\\\/magazine365\\\/joan-mesquida-coordinara-las-actuaciones-en-zonas-de-ocio-de-magaluf-para-mejorar-la-imagen-de-la-zona\\\/#organizationLogo\"},\"image\":{\"@id\":\"https:\\\/\\\/eldigitaldeasturias.com\\\/magazine365\\\/joan-mesquida-coordinara-las-actuaciones-en-zonas-de-ocio-de-magaluf-para-mejorar-la-imagen-de-la-zona\\\/#organizationLogo\"}},{\"@type\":\"Person\",\"@id\":\"https:\\\/\\\/eldigitaldeasturias.com\\\/magazine365\\\/author\\\/admin\\\/#author\",\"url\":\"https:\\\/\\\/eldigitaldeasturias.com\\\/magazine365\\\/author\\\/admin\\\/\",\"name\":\"admin\",\"image\":{\"@type\":\"ImageObject\",\"@id\":\"https:\\\/\\\/eldigitaldeasturias.com\\\/magazine365\\\/joan-mesquida-coordinara-las-actuaciones-en-zonas-de-ocio-de-magaluf-para-mejorar-la-imagen-de-la-zona\\\/#authorImage\",\"url\":\"https:\\\/\\\/eldigitaldeasturias.com\\\/magazine365\\\/wp-content\\\/litespeed\\\/avatar\\\/e571bcf59a0edd6fa6838245a470f2fe.jpg?ver=1777574230\",\"width\":96,\"height\":96,\"caption\":\"admin\"}},{\"@type\":\"WebPage\",\"@id\":\"https:\\\/\\\/eldigitaldeasturias.com\\\/magazine365\\\/joan-mesquida-coordinara-las-actuaciones-en-zonas-de-ocio-de-magaluf-para-mejorar-la-imagen-de-la-zona\\\/#webpage\",\"url\":\"https:\\\/\\\/eldigitaldeasturias.com\\\/magazine365\\\/joan-mesquida-coordinara-las-actuaciones-en-zonas-de-ocio-de-magaluf-para-mejorar-la-imagen-de-la-zona\\\/\",\"name\":\"Joan Mesquida coordinar\\u00e1 las actuaciones en zonas de ocio de Magaluf para mejorar la imagen de la zona | El Digital de Asturias\",\"description\":\"El director general de Proyectos Estrat\\u00e9gicos del Ayuntamiento de Calvi\\u00e0, Joan Mesquida, se encargar\\u00e1 de coordinar las actuaciones en las zonas de ocio de Magaluf con el objetivo de mejorar la imagen de la zona. El alcalde de Calvi\\u00e0, Alfonso Rodr\\u00edguez, ha tomado esta decisi\\u00f3n en el marco de las acciones que est\\u00e1 poniendo en\",\"inLanguage\":\"es-ES\",\"isPartOf\":{\"@id\":\"https:\\\/\\\/eldigitaldeasturias.com\\\/magazine365\\\/#website\"},\"breadcrumb\":{\"@id\":\"https:\\\/\\\/eldigitaldeasturias.com\\\/magazine365\\\/joan-mesquida-coordinara-las-actuaciones-en-zonas-de-ocio-de-magaluf-para-mejorar-la-imagen-de-la-zona\\\/#breadcrumblist\"},\"author\":{\"@id\":\"https:\\\/\\\/eldigitaldeasturias.com\\\/magazine365\\\/author\\\/admin\\\/#author\"},\"creator\":{\"@id\":\"https:\\\/\\\/eldigitaldeasturias.com\\\/magazine365\\\/author\\\/admin\\\/#author\"},\"image\":{\"@type\":\"ImageObject\",\"url\":\"https:\\\/\\\/eldigitaldeasturias.com\\\/magazine365\\\/wp-content\\\/uploads\\\/2015\\\/06\\\/fotonoticia_20150626151023_800.jpg\",\"@id\":\"https:\\\/\\\/eldigitaldeasturias.com\\\/magazine365\\\/joan-mesquida-coordinara-las-actuaciones-en-zonas-de-ocio-de-magaluf-para-mejorar-la-imagen-de-la-zona\\\/#mainImage\",\"width\":800,\"height\":600},\"primaryImageOfPage\":{\"@id\":\"https:\\\/\\\/eldigitaldeasturias.com\\\/magazine365\\\/joan-mesquida-coordinara-las-actuaciones-en-zonas-de-ocio-de-magaluf-para-mejorar-la-imagen-de-la-zona\\\/#mainImage\"},\"datePublished\":\"2015-06-26T23:17:44+02:00\",\"dateModified\":\"2015-06-26T23:17:44+02:00\"},{\"@type\":\"WebSite\",\"@id\":\"https:\\\/\\\/eldigitaldeasturias.com\\\/magazine365\\\/#website\",\"url\":\"https:\\\/\\\/eldigitaldeasturias.com\\\/magazine365\\\/\",\"name\":\"El Digital de Asturias\",\"description\":\"Revista de ocio, turismo y estilo de vida\",\"inLanguage\":\"es-ES\",\"publisher\":{\"@id\":\"https:\\\/\\\/eldigitaldeasturias.com\\\/magazine365\\\/#organization\"}}]}\n\t\t<\/script>\n\t\t<!-- All in One SEO Pro -->\r\n\t\t<title>Joan Mesquida coordinar\u00e1 las actuaciones en zonas de ocio de Magaluf para mejorar la imagen de la zona | El Digital de Asturias<\/title>\n\n","aioseo_head_json":{"title":"Joan Mesquida coordinar\u00e1 las actuaciones en zonas de ocio de Magaluf para mejorar la imagen de la zona | El Digital de Asturias","description":"El director general de Proyectos Estrat\u00e9gicos del Ayuntamiento de Calvi\u00e0, Joan Mesquida, se encargar\u00e1 de coordinar las actuaciones en las zonas de ocio de Magaluf con el objetivo de mejorar la imagen de la zona. El alcalde de Calvi\u00e0, Alfonso Rodr\u00edguez, ha tomado esta decisi\u00f3n en el marco de las acciones que est\u00e1 poniendo en","canonical_url":"https:\/\/eldigitaldeasturias.com\/magazine365\/joan-mesquida-coordinara-las-actuaciones-en-zonas-de-ocio-de-magaluf-para-mejorar-la-imagen-de-la-zona\/","robots":"max-image-preview:large","keywords":"actualidad turismo","webmasterTools":{"google-site-verification":"UA-38556648-1","miscellaneous":""},"schema":{"@context":"https:\/\/schema.org","@graph":[{"@type":"Article","@id":"https:\/\/eldigitaldeasturias.com\/magazine365\/joan-mesquida-coordinara-las-actuaciones-en-zonas-de-ocio-de-magaluf-para-mejorar-la-imagen-de-la-zona\/#article","name":"Joan Mesquida coordinar\u00e1 las actuaciones en zonas de ocio de Magaluf para mejorar la imagen de la zona | El Digital de Asturias","headline":"Joan Mesquida coordinar\u00e1 las actuaciones en zonas de ocio de Magaluf para mejorar la imagen de la zona","author":{"@id":"https:\/\/eldigitaldeasturias.com\/magazine365\/author\/admin\/#author"},"publisher":{"@id":"https:\/\/eldigitaldeasturias.com\/magazine365\/#organization"},"image":{"@type":"ImageObject","url":"https:\/\/eldigitaldeasturias.com\/magazine365\/wp-content\/uploads\/2015\/06\/fotonoticia_20150626151023_800.jpg","width":800,"height":600},"datePublished":"2015-06-26T23:17:44+02:00","dateModified":"2015-06-26T23:17:44+02:00","inLanguage":"es-ES","mainEntityOfPage":{"@id":"https:\/\/eldigitaldeasturias.com\/magazine365\/joan-mesquida-coordinara-las-actuaciones-en-zonas-de-ocio-de-magaluf-para-mejorar-la-imagen-de-la-zona\/#webpage"},"isPartOf":{"@id":"https:\/\/eldigitaldeasturias.com\/magazine365\/joan-mesquida-coordinara-las-actuaciones-en-zonas-de-ocio-de-magaluf-para-mejorar-la-imagen-de-la-zona\/#webpage"},"articleSection":"Actualidad Turismo"},{"@type":"BreadcrumbList","@id":"https:\/\/eldigitaldeasturias.com\/magazine365\/joan-mesquida-coordinara-las-actuaciones-en-zonas-de-ocio-de-magaluf-para-mejorar-la-imagen-de-la-zona\/#breadcrumblist","itemListElement":[{"@type":"ListItem","@id":"https:\/\/eldigitaldeasturias.com\/magazine365#listItem","position":1,"name":"Home","item":"https:\/\/eldigitaldeasturias.com\/magazine365","nextItem":{"@type":"ListItem","@id":"https:\/\/eldigitaldeasturias.com\/magazine365\/category\/actualidad-turismo\/#listItem","name":"Actualidad Turismo"}},{"@type":"ListItem","@id":"https:\/\/eldigitaldeasturias.com\/magazine365\/category\/actualidad-turismo\/#listItem","position":2,"name":"Actualidad Turismo","item":"https:\/\/eldigitaldeasturias.com\/magazine365\/category\/actualidad-turismo\/","nextItem":{"@type":"ListItem","@id":"https:\/\/eldigitaldeasturias.com\/magazine365\/joan-mesquida-coordinara-las-actuaciones-en-zonas-de-ocio-de-magaluf-para-mejorar-la-imagen-de-la-zona\/#listItem","name":"Joan Mesquida coordinar\u00e1 las actuaciones en zonas de ocio de Magaluf para mejorar la imagen de la zona"},"previousItem":{"@type":"ListItem","@id":"https:\/\/eldigitaldeasturias.com\/magazine365#listItem","name":"Home"}},{"@type":"ListItem","@id":"https:\/\/eldigitaldeasturias.com\/magazine365\/joan-mesquida-coordinara-las-actuaciones-en-zonas-de-ocio-de-magaluf-para-mejorar-la-imagen-de-la-zona\/#listItem","position":3,"name":"Joan Mesquida coordinar\u00e1 las actuaciones en zonas de ocio de Magaluf para mejorar la imagen de la zona","previousItem":{"@type":"ListItem","@id":"https:\/\/eldigitaldeasturias.com\/magazine365\/category\/actualidad-turismo\/#listItem","name":"Actualidad Turismo"}}]},{"@type":"Organization","@id":"https:\/\/eldigitaldeasturias.com\/magazine365\/#organization","name":"El digital de Asturias","description":"Revista de ocio, turismo y estilo de vida","url":"https:\/\/eldigitaldeasturias.com\/magazine365\/","logo":{"@type":"ImageObject","url":"https:\/\/www.eldigitaldeasturias.com\/noticias\/wp-content\/uploads\/2020\/12\/EDA.jpg","@id":"https:\/\/eldigitaldeasturias.com\/magazine365\/joan-mesquida-coordinara-las-actuaciones-en-zonas-de-ocio-de-magaluf-para-mejorar-la-imagen-de-la-zona\/#organizationLogo"},"image":{"@id":"https:\/\/eldigitaldeasturias.com\/magazine365\/joan-mesquida-coordinara-las-actuaciones-en-zonas-de-ocio-de-magaluf-para-mejorar-la-imagen-de-la-zona\/#organizationLogo"}},{"@type":"Person","@id":"https:\/\/eldigitaldeasturias.com\/magazine365\/author\/admin\/#author","url":"https:\/\/eldigitaldeasturias.com\/magazine365\/author\/admin\/","name":"admin","image":{"@type":"ImageObject","@id":"https:\/\/eldigitaldeasturias.com\/magazine365\/joan-mesquida-coordinara-las-actuaciones-en-zonas-de-ocio-de-magaluf-para-mejorar-la-imagen-de-la-zona\/#authorImage","url":"https:\/\/eldigitaldeasturias.com\/magazine365\/wp-content\/litespeed\/avatar\/e571bcf59a0edd6fa6838245a470f2fe.jpg?ver=1777574230","width":96,"height":96,"caption":"admin"}},{"@type":"WebPage","@id":"https:\/\/eldigitaldeasturias.com\/magazine365\/joan-mesquida-coordinara-las-actuaciones-en-zonas-de-ocio-de-magaluf-para-mejorar-la-imagen-de-la-zona\/#webpage","url":"https:\/\/eldigitaldeasturias.com\/magazine365\/joan-mesquida-coordinara-las-actuaciones-en-zonas-de-ocio-de-magaluf-para-mejorar-la-imagen-de-la-zona\/","name":"Joan Mesquida coordinar\u00e1 las actuaciones en zonas de ocio de Magaluf para mejorar la imagen de la zona | El Digital de Asturias","description":"El director general de Proyectos Estrat\u00e9gicos del Ayuntamiento de Calvi\u00e0, Joan Mesquida, se encargar\u00e1 de coordinar las actuaciones en las zonas de ocio de Magaluf con el objetivo de mejorar la imagen de la zona. El alcalde de Calvi\u00e0, Alfonso Rodr\u00edguez, ha tomado esta decisi\u00f3n en el marco de las acciones que est\u00e1 poniendo en","inLanguage":"es-ES","isPartOf":{"@id":"https:\/\/eldigitaldeasturias.com\/magazine365\/#website"},"breadcrumb":{"@id":"https:\/\/eldigitaldeasturias.com\/magazine365\/joan-mesquida-coordinara-las-actuaciones-en-zonas-de-ocio-de-magaluf-para-mejorar-la-imagen-de-la-zona\/#breadcrumblist"},"author":{"@id":"https:\/\/eldigitaldeasturias.com\/magazine365\/author\/admin\/#author"},"creator":{"@id":"https:\/\/eldigitaldeasturias.com\/magazine365\/author\/admin\/#author"},"image":{"@type":"ImageObject","url":"https:\/\/eldigitaldeasturias.com\/magazine365\/wp-content\/uploads\/2015\/06\/fotonoticia_20150626151023_800.jpg","@id":"https:\/\/eldigitaldeasturias.com\/magazine365\/joan-mesquida-coordinara-las-actuaciones-en-zonas-de-ocio-de-magaluf-para-mejorar-la-imagen-de-la-zona\/#mainImage","width":800,"height":600},"primaryImageOfPage":{"@id":"https:\/\/eldigitaldeasturias.com\/magazine365\/joan-mesquida-coordinara-las-actuaciones-en-zonas-de-ocio-de-magaluf-para-mejorar-la-imagen-de-la-zona\/#mainImage"},"datePublished":"2015-06-26T23:17:44+02:00","dateModified":"2015-06-26T23:17:44+02:00"},{"@type":"WebSite","@id":"https:\/\/eldigitaldeasturias.com\/magazine365\/#website","url":"https:\/\/eldigitaldeasturias.com\/magazine365\/","name":"El Digital de Asturias","description":"Revista de ocio, turismo y estilo de vida","inLanguage":"es-ES","publisher":{"@id":"https:\/\/eldigitaldeasturias.com\/magazine365\/#organization"}}]},"og:locale":"es_ES","og:site_name":"El Digital de Asturias \u2013 Revista de ocio, turismo y estilo de vida","og:type":"article","og:title":"Joan Mesquida coordinar\u00e1 las actuaciones en zonas de ocio de Magaluf para mejorar la imagen de la zona | El Digital de Asturias","og:description":"El director general de Proyectos Estrat\u00e9gicos del Ayuntamiento de Calvi\u00e0, Joan Mesquida, se encargar\u00e1 de coordinar las actuaciones en las zonas de ocio de Magaluf con el objetivo de mejorar la imagen de la zona. El alcalde de Calvi\u00e0, Alfonso Rodr\u00edguez, ha tomado esta decisi\u00f3n en el marco de las acciones que est\u00e1 poniendo en","og:url":"https:\/\/eldigitaldeasturias.com\/magazine365\/joan-mesquida-coordinara-las-actuaciones-en-zonas-de-ocio-de-magaluf-para-mejorar-la-imagen-de-la-zona\/","og:image":"https:\/\/eldigitaldeasturias.com\/magazine365\/wp-content\/uploads\/2015\/06\/fotonoticia_20150626151023_800.jpg","og:image:secure_url":"https:\/\/eldigitaldeasturias.com\/magazine365\/wp-content\/uploads\/2015\/06\/fotonoticia_20150626151023_800.jpg","og:image:width":800,"og:image:height":600,"article:published_time":"2015-06-26T21:47:44+00:00","article:modified_time":"2015-06-26T21:47:44+00:00","twitter:card":"summary_large_image","twitter:title":"Joan Mesquida coordinar\u00e1 las actuaciones en zonas de ocio de Magaluf para mejorar la imagen de la zona | El Digital de Asturias","twitter:description":"El director general de Proyectos Estrat\u00e9gicos del Ayuntamiento de Calvi\u00e0, Joan Mesquida, se encargar\u00e1 de coordinar las actuaciones en las zonas de ocio de Magaluf con el objetivo de mejorar la imagen de la zona. El alcalde de Calvi\u00e0, Alfonso Rodr\u00edguez, ha tomado esta decisi\u00f3n en el marco de las acciones que est\u00e1 poniendo en","twitter:image":"https:\/\/eldigitaldeasturias.com\/magazine365\/wp-content\/uploads\/2015\/06\/fotonoticia_20150626151023_800.jpg"},"aioseo_meta_data":{"post_id":"41160","title":null,"description":null,"keywords":null,"keyphrases":null,"primary_term":null,"canonical_url":null,"og_title":null,"og_description":null,"og_object_type":"default","og_image_type":"default","og_image_url":null,"og_image_width":null,"og_image_height":null,"og_image_custom_url":null,"og_image_custom_fields":null,"og_video":null,"og_custom_url":null,"og_article_section":null,"og_article_tags":null,"twitter_use_og":false,"twitter_card":"default","twitter_image_type":"default","twitter_image_url":null,"twitter_image_custom_url":null,"twitter_image_custom_fields":null,"twitter_title":null,"twitter_description":null,"schema":{"blockGraphs":[],"customGraphs":[],"default":{"data":{"Article":[],"Course":[],"Dataset":[],"FAQPage":[],"Movie":[],"Person":[],"Product":[],"ProductReview":[],"Car":[],"Recipe":[],"Service":[],"SoftwareApplication":[],"WebPage":[]},"graphName":"","isEnabled":true},"graphs":[],"defaultGraph":"","defaultPostTypeGraph":""},"schema_type":null,"schema_type_options":null,"pillar_content":false,"robots_default":true,"robots_noindex":false,"robots_noarchive":false,"robots_nosnippet":false,"robots_nofollow":false,"robots_noimageindex":false,"robots_noodp":false,"robots_notranslate":false,"robots_max_snippet":null,"robots_max_videopreview":null,"robots_max_imagepreview":"large","priority":null,"frequency":null,"location":null,"local_seo":null,"seo_analyzer_scan_date":"2025-09-19 15:07:02","breadcrumb_settings":null,"limit_modified_date":false,"open_ai":null,"ai":null,"created":"2021-03-09 02:18:41","updated":"2025-09-19 15:07:02"},"aioseo_breadcrumb":"<div class=\"aioseo-breadcrumbs\"><span class=\"aioseo-breadcrumb\">\n\t<a href=\"https:\/\/eldigitaldeasturias.com\/magazine365\" title=\"Home\">Home<\/a>\n<\/span><span class=\"aioseo-breadcrumb-separator\">\u2013<\/span><span class=\"aioseo-breadcrumb\">\n\t<a href=\"https:\/\/eldigitaldeasturias.com\/magazine365\/category\/actualidad-turismo\/\" title=\"Actualidad Turismo\">Actualidad Turismo<\/a>\n<\/span><span class=\"aioseo-breadcrumb-separator\">\u2013<\/span><span class=\"aioseo-breadcrumb\">\n\t<a href=\"https:\/\/eldigitaldeasturias.com\/magazine365\/joan-mesquida-coordinara-las-actuaciones-en-zonas-de-ocio-de-magaluf-para-mejorar-la-imagen-de-la-zona\/\" title=\"Joan Mesquida coordinar\u00e1 las actuaciones en zonas de ocio de Magaluf para mejorar la imagen de la zona\">Joan Mesquida coordinar\u00e1 las actuaciones en zonas de ocio de Magaluf para mejorar la imagen de la zona<\/a>\n<\/span><\/div>","aioseo_breadcrumb_json":[{"label":"Home","link":"https:\/\/eldigitaldeasturias.com\/magazine365"},{"label":"Actualidad Turismo","link":"https:\/\/eldigitaldeasturias.com\/magazine365\/category\/actualidad-turismo\/"},{"label":"Joan Mesquida coordinar\u00e1 las actuaciones en zonas de ocio de Magaluf para mejorar la imagen de la zona","link":"https:\/\/eldigitaldeasturias.com\/magazine365\/joan-mesquida-coordinara-las-actuaciones-en-zonas-de-ocio-de-magaluf-para-mejorar-la-imagen-de-la-zona\/"}],"_links":{"self":[{"href":"https:\/\/eldigitaldeasturias.com\/magazine365\/wp-json\/wp\/v2\/posts\/41160","targetHints":{"allow":["GET"]}}],"collection":[{"href":"https:\/\/eldigitaldeasturias.com\/magazine365\/wp-json\/wp\/v2\/posts"}],"about":[{"href":"https:\/\/eldigitaldeasturias.com\/magazine365\/wp-json\/wp\/v2\/types\/post"}],"author":[{"embeddable":true,"href":"https:\/\/eldigitaldeasturias.com\/magazine365\/wp-json\/wp\/v2\/users\/1"}],"replies":[{"embeddable":true,"href":"https:\/\/eldigitaldeasturias.com\/magazine365\/wp-json\/wp\/v2\/comments?post=41160"}],"version-history":[{"count":0,"href":"https:\/\/eldigitaldeasturias.com\/magazine365\/wp-json\/wp\/v2\/posts\/41160\/revisions"}],"wp:featuredmedia":[{"embeddable":true,"href":"https:\/\/eldigitaldeasturias.com\/magazine365\/wp-json\/wp\/v2\/media\/41161"}],"wp:attachment":[{"href":"https:\/\/eldigitaldeasturias.com\/magazine365\/wp-json\/wp\/v2\/media?parent=41160"}],"wp:term":[{"taxonomy":"category","embeddable":true,"href":"https:\/\/eldigitaldeasturias.com\/magazine365\/wp-json\/wp\/v2\/categories?post=41160"},{"taxonomy":"post_tag","embeddable":true,"href":"https:\/\/eldigitaldeasturias.com\/magazine365\/wp-json\/wp\/v2\/tags?post=41160"}],"curies":[{"name":"wp","href":"https:\/\/api.w.org\/{rel}","templated":true}]}}