{"id":41157,"date":"2015-06-26T23:16:41","date_gmt":"2015-06-26T21:46:41","guid":{"rendered":"http:\/\/eldigitaldeasturias.com\/magazine365\/?p=41157"},"modified":"2015-06-26T23:16:41","modified_gmt":"2015-06-26T21:46:41","slug":"exteriores-e-interior-se-activan-tras-el-atentado-de-tunez-contra-un-hotel-espanol","status":"publish","type":"post","link":"https:\/\/eldigitaldeasturias.com\/magazine365\/exteriores-e-interior-se-activan-tras-el-atentado-de-tunez-contra-un-hotel-espanol\/","title":{"rendered":"Exteriores e Interior se activan tras el atentado de T\u00fanez contra un hotel espa\u00f1ol"},"content":{"rendered":"<p><img fetchpriority=\"high\" decoding=\"async\" class=\"alignleft size-medium wp-image-41158\" src=\"https:\/\/eldigitaldeasturias.com\/magazine365\/wp-content\/uploads\/2015\/06\/riu-isis-360x274.jpg\" alt=\"riu isis\" width=\"360\" height=\"274\" srcset=\"https:\/\/eldigitaldeasturias.com\/magazine365\/wp-content\/uploads\/2015\/06\/riu-isis-360x274.jpg 360w, https:\/\/eldigitaldeasturias.com\/magazine365\/wp-content\/uploads\/2015\/06\/riu-isis-650x495.jpg 650w, https:\/\/eldigitaldeasturias.com\/magazine365\/wp-content\/uploads\/2015\/06\/riu-isis-768x585.jpg 768w, https:\/\/eldigitaldeasturias.com\/magazine365\/wp-content\/uploads\/2015\/06\/riu-isis-150x114.jpg 150w, https:\/\/eldigitaldeasturias.com\/magazine365\/wp-content\/uploads\/2015\/06\/riu-isis-450x343.jpg 450w, https:\/\/eldigitaldeasturias.com\/magazine365\/wp-content\/uploads\/2015\/06\/riu-isis-80x60.jpg 80w, https:\/\/eldigitaldeasturias.com\/magazine365\/wp-content\/uploads\/2015\/06\/riu-isis-696x530.jpg 696w, https:\/\/eldigitaldeasturias.com\/magazine365\/wp-content\/uploads\/2015\/06\/riu-isis-552x420.jpg 552w, https:\/\/eldigitaldeasturias.com\/magazine365\/wp-content\/uploads\/2015\/06\/riu-isis-100x75.jpg 100w, https:\/\/eldigitaldeasturias.com\/magazine365\/wp-content\/uploads\/2015\/06\/riu-isis.jpg 800w\" sizes=\"(max-width: 360px) 100vw, 360px\" \/>Los Ministerios espa\u00f1oles de Interior y de Asuntos Exteriores y de Cooperaci\u00f3n han activado los protocolos de actuaci\u00f3n correspondientes tras el atentado perpetrado este viernes en la localidad tunecina de Port El Kantaui que ha afectado a un hotel de la cadena espa\u00f1ola Riu.<\/p>\n<p>En la rueda de prensa al t\u00e9rmino del Consejo Europeo de Bruselas, Rajoy no ha informado de la presencia de ciudadanos espa\u00f1oles entre las v\u00edctimas del atentado &#8211;ha habido al menos 27 muertos&#8211; y ha se\u00f1alado que el Gobierno ir\u00e1 informando de las novedades que se produzcan, pues hasta este momento los datos de los que dispone, y que le ha trasladado el embajador en T\u00fanez, son \u00abmuy preliminares\u00bb.<\/p>\n<p>Rajoy ha trasladado sus \u00abcondolencias y solidaridad\u00bb tanto a T\u00fanez como a Francia, donde se ha registrado otro atentado contra una empresa qu\u00edmica cerca de Lyon, con el balance de un muerto y dos heridos.<\/p>\n<p>El jefe del Ejecutivo ha tenido oportunidad de trasladar personalmente sus condolencias al presidente franc\u00e9s, Fran\u00e7ois Hollande, antes de que abandonara con urgencia Bruselas para regresar a su pa\u00eds.<\/p>\n<p>Rajoy ha subrayado que los atentados de hoy &#8211;tambi\u00e9n se ha registrado otro ataque yihadista en Kuwait&#8211; demuestran que \u00abla barbarie y la sinraz\u00f3n golpean a todos por igual\u00bb y que el terrorismo yihadista no tiene nada que ver con las creencias religiosas sino con una \u00abfalta de decencia\u00bb y de \u00abhumanidad\u00bb por parte de quienes atentan contra sus semejantes.<\/p>\n<p>Por eso, ha hecho un llamamiento a toda la comunidad internacional para que colabore en la \u00aberradicaci\u00f3n\u00bb de esta lacra. Como ejemplo de la unidad frente al terrorismo, Rajoy se ha referido al pacto antiyihadista suscrito hace unos meses entre el Gobierno y el PSOE, cuya comisi\u00f3n de seguimiento se reunir\u00e1 a las 16 horas de este viernes en la sede del Ministerio del Interior.<\/p>\n<p>El pacto antiyihadista es el acuerdo alcanzado entre el Gobierno y el principal partido de la oposici\u00f3n a partir del cual se introdujeron modificaciones en el C\u00f3digo Penal para reforzar la respuesta contra el terrorismo yihadista y otras medidas como la creaci\u00f3n de una comisi\u00f3n de seguimiento.<\/p>\n","protected":false},"excerpt":{"rendered":"<p>Los Ministerios espa\u00f1oles de Interior y de Asuntos Exteriores y de Cooperaci\u00f3n han activado los protocolos de actuaci\u00f3n correspondientes tras el atentado perpetrado este viernes en la localidad tunecina de Port El Kantaui que ha afectado a un hotel de la cadena espa\u00f1ola Riu. En la rueda de prensa al t\u00e9rmino del Consejo Europeo de<\/p>\n","protected":false},"author":1,"featured_media":41158,"comment_status":"open","ping_status":"closed","sticky":false,"template":"","format":"standard","meta":{"footnotes":""},"categories":[224],"tags":[],"class_list":{"0":"post-41157","1":"post","2":"type-post","3":"status-publish","4":"format-standard","5":"has-post-thumbnail","7":"category-noticias-actualidad"},"aioseo_notices":[],"aioseo_head":"\n\t\t<!-- All in One SEO Pro 4.9.6.1 - aioseo.com -->\n\t<meta name=\"description\" content=\"Los Ministerios espa\u00f1oles de Interior y de Asuntos Exteriores y de Cooperaci\u00f3n han activado los protocolos de actuaci\u00f3n correspondientes tras el atentado perpetrado este viernes en la localidad tunecina de Port El Kantaui que ha afectado a un hotel de la cadena espa\u00f1ola Riu. En la rueda de prensa al t\u00e9rmino del Consejo Europeo de\" \/>\n\t<meta name=\"robots\" content=\"max-image-preview:large\" \/>\n\t<meta name=\"author\" content=\"admin\"\/>\n\t<meta name=\"google-site-verification\" content=\"UA-38556648-1\" \/>\n\t<meta name=\"keywords\" content=\"noticias y actualidad\" \/>\n\t<link rel=\"canonical\" href=\"https:\/\/eldigitaldeasturias.com\/magazine365\/exteriores-e-interior-se-activan-tras-el-atentado-de-tunez-contra-un-hotel-espanol\/\" \/>\n\t<meta name=\"generator\" content=\"All in One SEO Pro (AIOSEO) 4.9.6.1\" \/>\n\t\t<meta property=\"og:locale\" content=\"es_ES\" \/>\n\t\t<meta property=\"og:site_name\" content=\"El Digital de Asturias \u2013 Revista de ocio, turismo y estilo de vida\" \/>\n\t\t<meta property=\"og:type\" content=\"article\" \/>\n\t\t<meta property=\"og:title\" content=\"Exteriores e Interior se activan tras el atentado de T\u00fanez contra un hotel espa\u00f1ol | El Digital de Asturias\" \/>\n\t\t<meta property=\"og:description\" content=\"Los Ministerios espa\u00f1oles de Interior y de Asuntos Exteriores y de Cooperaci\u00f3n han activado los protocolos de actuaci\u00f3n correspondientes tras el atentado perpetrado este viernes en la localidad tunecina de Port El Kantaui que ha afectado a un hotel de la cadena espa\u00f1ola Riu. En la rueda de prensa al t\u00e9rmino del Consejo Europeo de\" \/>\n\t\t<meta property=\"og:url\" content=\"https:\/\/eldigitaldeasturias.com\/magazine365\/exteriores-e-interior-se-activan-tras-el-atentado-de-tunez-contra-un-hotel-espanol\/\" \/>\n\t\t<meta property=\"og:image\" content=\"https:\/\/eldigitaldeasturias.com\/magazine365\/wp-content\/uploads\/2015\/06\/riu-isis.jpg\" \/>\n\t\t<meta property=\"og:image:secure_url\" content=\"https:\/\/eldigitaldeasturias.com\/magazine365\/wp-content\/uploads\/2015\/06\/riu-isis.jpg\" \/>\n\t\t<meta property=\"og:image:width\" content=\"800\" \/>\n\t\t<meta property=\"og:image:height\" content=\"609\" \/>\n\t\t<meta property=\"article:published_time\" content=\"2015-06-26T21:46:41+00:00\" \/>\n\t\t<meta property=\"article:modified_time\" content=\"2015-06-26T21:46:41+00:00\" \/>\n\t\t<meta name=\"twitter:card\" content=\"summary_large_image\" \/>\n\t\t<meta name=\"twitter:title\" content=\"Exteriores e Interior se activan tras el atentado de T\u00fanez contra un hotel espa\u00f1ol | El Digital de Asturias\" \/>\n\t\t<meta name=\"twitter:description\" content=\"Los Ministerios espa\u00f1oles de Interior y de Asuntos Exteriores y de Cooperaci\u00f3n han activado los protocolos de actuaci\u00f3n correspondientes tras el atentado perpetrado este viernes en la localidad tunecina de Port El Kantaui que ha afectado a un hotel de la cadena espa\u00f1ola Riu. En la rueda de prensa al t\u00e9rmino del Consejo Europeo de\" \/>\n\t\t<meta name=\"twitter:image\" content=\"https:\/\/eldigitaldeasturias.com\/magazine365\/wp-content\/uploads\/2015\/06\/riu-isis.jpg\" \/>\n\t\t<script type=\"application\/ld+json\" class=\"aioseo-schema\">\n\t\t\t{\"@context\":\"https:\\\/\\\/schema.org\",\"@graph\":[{\"@type\":\"Article\",\"@id\":\"https:\\\/\\\/eldigitaldeasturias.com\\\/magazine365\\\/exteriores-e-interior-se-activan-tras-el-atentado-de-tunez-contra-un-hotel-espanol\\\/#article\",\"name\":\"Exteriores e Interior se activan tras el atentado de T\\u00fanez contra un hotel espa\\u00f1ol | El Digital de Asturias\",\"headline\":\"Exteriores e Interior se activan tras el atentado de T\\u00fanez contra un hotel espa\\u00f1ol\",\"author\":{\"@id\":\"https:\\\/\\\/eldigitaldeasturias.com\\\/magazine365\\\/author\\\/admin\\\/#author\"},\"publisher\":{\"@id\":\"https:\\\/\\\/eldigitaldeasturias.com\\\/magazine365\\\/#organization\"},\"image\":{\"@type\":\"ImageObject\",\"url\":\"https:\\\/\\\/eldigitaldeasturias.com\\\/magazine365\\\/wp-content\\\/uploads\\\/2015\\\/06\\\/riu-isis.jpg\",\"width\":800,\"height\":609},\"datePublished\":\"2015-06-26T23:16:41+02:00\",\"dateModified\":\"2015-06-26T23:16:41+02:00\",\"inLanguage\":\"es-ES\",\"mainEntityOfPage\":{\"@id\":\"https:\\\/\\\/eldigitaldeasturias.com\\\/magazine365\\\/exteriores-e-interior-se-activan-tras-el-atentado-de-tunez-contra-un-hotel-espanol\\\/#webpage\"},\"isPartOf\":{\"@id\":\"https:\\\/\\\/eldigitaldeasturias.com\\\/magazine365\\\/exteriores-e-interior-se-activan-tras-el-atentado-de-tunez-contra-un-hotel-espanol\\\/#webpage\"},\"articleSection\":\"Noticias y Actualidad\"},{\"@type\":\"BreadcrumbList\",\"@id\":\"https:\\\/\\\/eldigitaldeasturias.com\\\/magazine365\\\/exteriores-e-interior-se-activan-tras-el-atentado-de-tunez-contra-un-hotel-espanol\\\/#breadcrumblist\",\"itemListElement\":[{\"@type\":\"ListItem\",\"@id\":\"https:\\\/\\\/eldigitaldeasturias.com\\\/magazine365#listItem\",\"position\":1,\"name\":\"Home\",\"item\":\"https:\\\/\\\/eldigitaldeasturias.com\\\/magazine365\",\"nextItem\":{\"@type\":\"ListItem\",\"@id\":\"https:\\\/\\\/eldigitaldeasturias.com\\\/magazine365\\\/category\\\/noticias-actualidad\\\/#listItem\",\"name\":\"Noticias y Actualidad\"}},{\"@type\":\"ListItem\",\"@id\":\"https:\\\/\\\/eldigitaldeasturias.com\\\/magazine365\\\/category\\\/noticias-actualidad\\\/#listItem\",\"position\":2,\"name\":\"Noticias y Actualidad\",\"item\":\"https:\\\/\\\/eldigitaldeasturias.com\\\/magazine365\\\/category\\\/noticias-actualidad\\\/\",\"nextItem\":{\"@type\":\"ListItem\",\"@id\":\"https:\\\/\\\/eldigitaldeasturias.com\\\/magazine365\\\/exteriores-e-interior-se-activan-tras-el-atentado-de-tunez-contra-un-hotel-espanol\\\/#listItem\",\"name\":\"Exteriores e Interior se activan tras el atentado de T\\u00fanez contra un hotel espa\\u00f1ol\"},\"previousItem\":{\"@type\":\"ListItem\",\"@id\":\"https:\\\/\\\/eldigitaldeasturias.com\\\/magazine365#listItem\",\"name\":\"Home\"}},{\"@type\":\"ListItem\",\"@id\":\"https:\\\/\\\/eldigitaldeasturias.com\\\/magazine365\\\/exteriores-e-interior-se-activan-tras-el-atentado-de-tunez-contra-un-hotel-espanol\\\/#listItem\",\"position\":3,\"name\":\"Exteriores e Interior se activan tras el atentado de T\\u00fanez contra un hotel espa\\u00f1ol\",\"previousItem\":{\"@type\":\"ListItem\",\"@id\":\"https:\\\/\\\/eldigitaldeasturias.com\\\/magazine365\\\/category\\\/noticias-actualidad\\\/#listItem\",\"name\":\"Noticias y Actualidad\"}}]},{\"@type\":\"Organization\",\"@id\":\"https:\\\/\\\/eldigitaldeasturias.com\\\/magazine365\\\/#organization\",\"name\":\"El digital de Asturias\",\"description\":\"Revista de ocio, turismo y estilo de vida\",\"url\":\"https:\\\/\\\/eldigitaldeasturias.com\\\/magazine365\\\/\",\"logo\":{\"@type\":\"ImageObject\",\"url\":\"https:\\\/\\\/www.eldigitaldeasturias.com\\\/noticias\\\/wp-content\\\/uploads\\\/2020\\\/12\\\/EDA.jpg\",\"@id\":\"https:\\\/\\\/eldigitaldeasturias.com\\\/magazine365\\\/exteriores-e-interior-se-activan-tras-el-atentado-de-tunez-contra-un-hotel-espanol\\\/#organizationLogo\"},\"image\":{\"@id\":\"https:\\\/\\\/eldigitaldeasturias.com\\\/magazine365\\\/exteriores-e-interior-se-activan-tras-el-atentado-de-tunez-contra-un-hotel-espanol\\\/#organizationLogo\"}},{\"@type\":\"Person\",\"@id\":\"https:\\\/\\\/eldigitaldeasturias.com\\\/magazine365\\\/author\\\/admin\\\/#author\",\"url\":\"https:\\\/\\\/eldigitaldeasturias.com\\\/magazine365\\\/author\\\/admin\\\/\",\"name\":\"admin\",\"image\":{\"@type\":\"ImageObject\",\"@id\":\"https:\\\/\\\/eldigitaldeasturias.com\\\/magazine365\\\/exteriores-e-interior-se-activan-tras-el-atentado-de-tunez-contra-un-hotel-espanol\\\/#authorImage\",\"url\":\"https:\\\/\\\/eldigitaldeasturias.com\\\/magazine365\\\/wp-content\\\/litespeed\\\/avatar\\\/e571bcf59a0edd6fa6838245a470f2fe.jpg?ver=1777574230\",\"width\":96,\"height\":96,\"caption\":\"admin\"}},{\"@type\":\"WebPage\",\"@id\":\"https:\\\/\\\/eldigitaldeasturias.com\\\/magazine365\\\/exteriores-e-interior-se-activan-tras-el-atentado-de-tunez-contra-un-hotel-espanol\\\/#webpage\",\"url\":\"https:\\\/\\\/eldigitaldeasturias.com\\\/magazine365\\\/exteriores-e-interior-se-activan-tras-el-atentado-de-tunez-contra-un-hotel-espanol\\\/\",\"name\":\"Exteriores e Interior se activan tras el atentado de T\\u00fanez contra un hotel espa\\u00f1ol | El Digital de Asturias\",\"description\":\"Los Ministerios espa\\u00f1oles de Interior y de Asuntos Exteriores y de Cooperaci\\u00f3n han activado los protocolos de actuaci\\u00f3n correspondientes tras el atentado perpetrado este viernes en la localidad tunecina de Port El Kantaui que ha afectado a un hotel de la cadena espa\\u00f1ola Riu. En la rueda de prensa al t\\u00e9rmino del Consejo Europeo de\",\"inLanguage\":\"es-ES\",\"isPartOf\":{\"@id\":\"https:\\\/\\\/eldigitaldeasturias.com\\\/magazine365\\\/#website\"},\"breadcrumb\":{\"@id\":\"https:\\\/\\\/eldigitaldeasturias.com\\\/magazine365\\\/exteriores-e-interior-se-activan-tras-el-atentado-de-tunez-contra-un-hotel-espanol\\\/#breadcrumblist\"},\"author\":{\"@id\":\"https:\\\/\\\/eldigitaldeasturias.com\\\/magazine365\\\/author\\\/admin\\\/#author\"},\"creator\":{\"@id\":\"https:\\\/\\\/eldigitaldeasturias.com\\\/magazine365\\\/author\\\/admin\\\/#author\"},\"image\":{\"@type\":\"ImageObject\",\"url\":\"https:\\\/\\\/eldigitaldeasturias.com\\\/magazine365\\\/wp-content\\\/uploads\\\/2015\\\/06\\\/riu-isis.jpg\",\"@id\":\"https:\\\/\\\/eldigitaldeasturias.com\\\/magazine365\\\/exteriores-e-interior-se-activan-tras-el-atentado-de-tunez-contra-un-hotel-espanol\\\/#mainImage\",\"width\":800,\"height\":609},\"primaryImageOfPage\":{\"@id\":\"https:\\\/\\\/eldigitaldeasturias.com\\\/magazine365\\\/exteriores-e-interior-se-activan-tras-el-atentado-de-tunez-contra-un-hotel-espanol\\\/#mainImage\"},\"datePublished\":\"2015-06-26T23:16:41+02:00\",\"dateModified\":\"2015-06-26T23:16:41+02:00\"},{\"@type\":\"WebSite\",\"@id\":\"https:\\\/\\\/eldigitaldeasturias.com\\\/magazine365\\\/#website\",\"url\":\"https:\\\/\\\/eldigitaldeasturias.com\\\/magazine365\\\/\",\"name\":\"El Digital de Asturias\",\"description\":\"Revista de ocio, turismo y estilo de vida\",\"inLanguage\":\"es-ES\",\"publisher\":{\"@id\":\"https:\\\/\\\/eldigitaldeasturias.com\\\/magazine365\\\/#organization\"}}]}\n\t\t<\/script>\n\t\t<!-- All in One SEO Pro -->\r\n\t\t<title>Exteriores e Interior se activan tras el atentado de T\u00fanez contra un hotel espa\u00f1ol | El Digital de Asturias<\/title>\n\n","aioseo_head_json":{"title":"Exteriores e Interior se activan tras el atentado de T\u00fanez contra un hotel espa\u00f1ol | El Digital de Asturias","description":"Los Ministerios espa\u00f1oles de Interior y de Asuntos Exteriores y de Cooperaci\u00f3n han activado los protocolos de actuaci\u00f3n correspondientes tras el atentado perpetrado este viernes en la localidad tunecina de Port El Kantaui que ha afectado a un hotel de la cadena espa\u00f1ola Riu. En la rueda de prensa al t\u00e9rmino del Consejo Europeo de","canonical_url":"https:\/\/eldigitaldeasturias.com\/magazine365\/exteriores-e-interior-se-activan-tras-el-atentado-de-tunez-contra-un-hotel-espanol\/","robots":"max-image-preview:large","keywords":"noticias y actualidad","webmasterTools":{"google-site-verification":"UA-38556648-1","miscellaneous":""},"schema":{"@context":"https:\/\/schema.org","@graph":[{"@type":"Article","@id":"https:\/\/eldigitaldeasturias.com\/magazine365\/exteriores-e-interior-se-activan-tras-el-atentado-de-tunez-contra-un-hotel-espanol\/#article","name":"Exteriores e Interior se activan tras el atentado de T\u00fanez contra un hotel espa\u00f1ol | El Digital de Asturias","headline":"Exteriores e Interior se activan tras el atentado de T\u00fanez contra un hotel espa\u00f1ol","author":{"@id":"https:\/\/eldigitaldeasturias.com\/magazine365\/author\/admin\/#author"},"publisher":{"@id":"https:\/\/eldigitaldeasturias.com\/magazine365\/#organization"},"image":{"@type":"ImageObject","url":"https:\/\/eldigitaldeasturias.com\/magazine365\/wp-content\/uploads\/2015\/06\/riu-isis.jpg","width":800,"height":609},"datePublished":"2015-06-26T23:16:41+02:00","dateModified":"2015-06-26T23:16:41+02:00","inLanguage":"es-ES","mainEntityOfPage":{"@id":"https:\/\/eldigitaldeasturias.com\/magazine365\/exteriores-e-interior-se-activan-tras-el-atentado-de-tunez-contra-un-hotel-espanol\/#webpage"},"isPartOf":{"@id":"https:\/\/eldigitaldeasturias.com\/magazine365\/exteriores-e-interior-se-activan-tras-el-atentado-de-tunez-contra-un-hotel-espanol\/#webpage"},"articleSection":"Noticias y Actualidad"},{"@type":"BreadcrumbList","@id":"https:\/\/eldigitaldeasturias.com\/magazine365\/exteriores-e-interior-se-activan-tras-el-atentado-de-tunez-contra-un-hotel-espanol\/#breadcrumblist","itemListElement":[{"@type":"ListItem","@id":"https:\/\/eldigitaldeasturias.com\/magazine365#listItem","position":1,"name":"Home","item":"https:\/\/eldigitaldeasturias.com\/magazine365","nextItem":{"@type":"ListItem","@id":"https:\/\/eldigitaldeasturias.com\/magazine365\/category\/noticias-actualidad\/#listItem","name":"Noticias y Actualidad"}},{"@type":"ListItem","@id":"https:\/\/eldigitaldeasturias.com\/magazine365\/category\/noticias-actualidad\/#listItem","position":2,"name":"Noticias y Actualidad","item":"https:\/\/eldigitaldeasturias.com\/magazine365\/category\/noticias-actualidad\/","nextItem":{"@type":"ListItem","@id":"https:\/\/eldigitaldeasturias.com\/magazine365\/exteriores-e-interior-se-activan-tras-el-atentado-de-tunez-contra-un-hotel-espanol\/#listItem","name":"Exteriores e Interior se activan tras el atentado de T\u00fanez contra un hotel espa\u00f1ol"},"previousItem":{"@type":"ListItem","@id":"https:\/\/eldigitaldeasturias.com\/magazine365#listItem","name":"Home"}},{"@type":"ListItem","@id":"https:\/\/eldigitaldeasturias.com\/magazine365\/exteriores-e-interior-se-activan-tras-el-atentado-de-tunez-contra-un-hotel-espanol\/#listItem","position":3,"name":"Exteriores e Interior se activan tras el atentado de T\u00fanez contra un hotel espa\u00f1ol","previousItem":{"@type":"ListItem","@id":"https:\/\/eldigitaldeasturias.com\/magazine365\/category\/noticias-actualidad\/#listItem","name":"Noticias y Actualidad"}}]},{"@type":"Organization","@id":"https:\/\/eldigitaldeasturias.com\/magazine365\/#organization","name":"El digital de Asturias","description":"Revista de ocio, turismo y estilo de vida","url":"https:\/\/eldigitaldeasturias.com\/magazine365\/","logo":{"@type":"ImageObject","url":"https:\/\/www.eldigitaldeasturias.com\/noticias\/wp-content\/uploads\/2020\/12\/EDA.jpg","@id":"https:\/\/eldigitaldeasturias.com\/magazine365\/exteriores-e-interior-se-activan-tras-el-atentado-de-tunez-contra-un-hotel-espanol\/#organizationLogo"},"image":{"@id":"https:\/\/eldigitaldeasturias.com\/magazine365\/exteriores-e-interior-se-activan-tras-el-atentado-de-tunez-contra-un-hotel-espanol\/#organizationLogo"}},{"@type":"Person","@id":"https:\/\/eldigitaldeasturias.com\/magazine365\/author\/admin\/#author","url":"https:\/\/eldigitaldeasturias.com\/magazine365\/author\/admin\/","name":"admin","image":{"@type":"ImageObject","@id":"https:\/\/eldigitaldeasturias.com\/magazine365\/exteriores-e-interior-se-activan-tras-el-atentado-de-tunez-contra-un-hotel-espanol\/#authorImage","url":"https:\/\/eldigitaldeasturias.com\/magazine365\/wp-content\/litespeed\/avatar\/e571bcf59a0edd6fa6838245a470f2fe.jpg?ver=1777574230","width":96,"height":96,"caption":"admin"}},{"@type":"WebPage","@id":"https:\/\/eldigitaldeasturias.com\/magazine365\/exteriores-e-interior-se-activan-tras-el-atentado-de-tunez-contra-un-hotel-espanol\/#webpage","url":"https:\/\/eldigitaldeasturias.com\/magazine365\/exteriores-e-interior-se-activan-tras-el-atentado-de-tunez-contra-un-hotel-espanol\/","name":"Exteriores e Interior se activan tras el atentado de T\u00fanez contra un hotel espa\u00f1ol | El Digital de Asturias","description":"Los Ministerios espa\u00f1oles de Interior y de Asuntos Exteriores y de Cooperaci\u00f3n han activado los protocolos de actuaci\u00f3n correspondientes tras el atentado perpetrado este viernes en la localidad tunecina de Port El Kantaui que ha afectado a un hotel de la cadena espa\u00f1ola Riu. En la rueda de prensa al t\u00e9rmino del Consejo Europeo de","inLanguage":"es-ES","isPartOf":{"@id":"https:\/\/eldigitaldeasturias.com\/magazine365\/#website"},"breadcrumb":{"@id":"https:\/\/eldigitaldeasturias.com\/magazine365\/exteriores-e-interior-se-activan-tras-el-atentado-de-tunez-contra-un-hotel-espanol\/#breadcrumblist"},"author":{"@id":"https:\/\/eldigitaldeasturias.com\/magazine365\/author\/admin\/#author"},"creator":{"@id":"https:\/\/eldigitaldeasturias.com\/magazine365\/author\/admin\/#author"},"image":{"@type":"ImageObject","url":"https:\/\/eldigitaldeasturias.com\/magazine365\/wp-content\/uploads\/2015\/06\/riu-isis.jpg","@id":"https:\/\/eldigitaldeasturias.com\/magazine365\/exteriores-e-interior-se-activan-tras-el-atentado-de-tunez-contra-un-hotel-espanol\/#mainImage","width":800,"height":609},"primaryImageOfPage":{"@id":"https:\/\/eldigitaldeasturias.com\/magazine365\/exteriores-e-interior-se-activan-tras-el-atentado-de-tunez-contra-un-hotel-espanol\/#mainImage"},"datePublished":"2015-06-26T23:16:41+02:00","dateModified":"2015-06-26T23:16:41+02:00"},{"@type":"WebSite","@id":"https:\/\/eldigitaldeasturias.com\/magazine365\/#website","url":"https:\/\/eldigitaldeasturias.com\/magazine365\/","name":"El Digital de Asturias","description":"Revista de ocio, turismo y estilo de vida","inLanguage":"es-ES","publisher":{"@id":"https:\/\/eldigitaldeasturias.com\/magazine365\/#organization"}}]},"og:locale":"es_ES","og:site_name":"El Digital de Asturias \u2013 Revista de ocio, turismo y estilo de vida","og:type":"article","og:title":"Exteriores e Interior se activan tras el atentado de T\u00fanez contra un hotel espa\u00f1ol | El Digital de Asturias","og:description":"Los Ministerios espa\u00f1oles de Interior y de Asuntos Exteriores y de Cooperaci\u00f3n han activado los protocolos de actuaci\u00f3n correspondientes tras el atentado perpetrado este viernes en la localidad tunecina de Port El Kantaui que ha afectado a un hotel de la cadena espa\u00f1ola Riu. En la rueda de prensa al t\u00e9rmino del Consejo Europeo de","og:url":"https:\/\/eldigitaldeasturias.com\/magazine365\/exteriores-e-interior-se-activan-tras-el-atentado-de-tunez-contra-un-hotel-espanol\/","og:image":"https:\/\/eldigitaldeasturias.com\/magazine365\/wp-content\/uploads\/2015\/06\/riu-isis.jpg","og:image:secure_url":"https:\/\/eldigitaldeasturias.com\/magazine365\/wp-content\/uploads\/2015\/06\/riu-isis.jpg","og:image:width":800,"og:image:height":609,"article:published_time":"2015-06-26T21:46:41+00:00","article:modified_time":"2015-06-26T21:46:41+00:00","twitter:card":"summary_large_image","twitter:title":"Exteriores e Interior se activan tras el atentado de T\u00fanez contra un hotel espa\u00f1ol | El Digital de Asturias","twitter:description":"Los Ministerios espa\u00f1oles de Interior y de Asuntos Exteriores y de Cooperaci\u00f3n han activado los protocolos de actuaci\u00f3n correspondientes tras el atentado perpetrado este viernes en la localidad tunecina de Port El Kantaui que ha afectado a un hotel de la cadena espa\u00f1ola Riu. En la rueda de prensa al t\u00e9rmino del Consejo Europeo de","twitter:image":"https:\/\/eldigitaldeasturias.com\/magazine365\/wp-content\/uploads\/2015\/06\/riu-isis.jpg"},"aioseo_meta_data":{"post_id":"41157","title":null,"description":null,"keywords":null,"keyphrases":null,"primary_term":null,"canonical_url":null,"og_title":null,"og_description":null,"og_object_type":"default","og_image_type":"default","og_image_url":null,"og_image_width":null,"og_image_height":null,"og_image_custom_url":null,"og_image_custom_fields":null,"og_video":null,"og_custom_url":null,"og_article_section":null,"og_article_tags":null,"twitter_use_og":false,"twitter_card":"default","twitter_image_type":"default","twitter_image_url":null,"twitter_image_custom_url":null,"twitter_image_custom_fields":null,"twitter_title":null,"twitter_description":null,"schema":{"blockGraphs":[],"customGraphs":[],"default":{"data":{"Article":[],"Course":[],"Dataset":[],"FAQPage":[],"Movie":[],"Person":[],"Product":[],"ProductReview":[],"Car":[],"Recipe":[],"Service":[],"SoftwareApplication":[],"WebPage":[]},"graphName":"","isEnabled":true},"graphs":[],"defaultGraph":"","defaultPostTypeGraph":""},"schema_type":null,"schema_type_options":null,"pillar_content":false,"robots_default":true,"robots_noindex":false,"robots_noarchive":false,"robots_nosnippet":false,"robots_nofollow":false,"robots_noimageindex":false,"robots_noodp":false,"robots_notranslate":false,"robots_max_snippet":null,"robots_max_videopreview":null,"robots_max_imagepreview":"large","priority":null,"frequency":null,"location":null,"local_seo":null,"seo_analyzer_scan_date":"2025-09-19 15:07:01","breadcrumb_settings":null,"limit_modified_date":false,"open_ai":null,"ai":null,"created":"2021-03-09 02:18:41","updated":"2025-09-19 15:07:01"},"aioseo_breadcrumb":"<div class=\"aioseo-breadcrumbs\"><span class=\"aioseo-breadcrumb\">\n\t<a href=\"https:\/\/eldigitaldeasturias.com\/magazine365\" title=\"Home\">Home<\/a>\n<\/span><span class=\"aioseo-breadcrumb-separator\">\u2013<\/span><span class=\"aioseo-breadcrumb\">\n\t<a href=\"https:\/\/eldigitaldeasturias.com\/magazine365\/category\/noticias-actualidad\/\" title=\"Noticias y Actualidad\">Noticias y Actualidad<\/a>\n<\/span><span class=\"aioseo-breadcrumb-separator\">\u2013<\/span><span class=\"aioseo-breadcrumb\">\n\t<a href=\"https:\/\/eldigitaldeasturias.com\/magazine365\/exteriores-e-interior-se-activan-tras-el-atentado-de-tunez-contra-un-hotel-espanol\/\" title=\"Exteriores e Interior se activan tras el atentado de T\u00fanez contra un hotel espa\u00f1ol\">Exteriores e Interior se activan tras el atentado de T\u00fanez contra un hotel espa\u00f1ol<\/a>\n<\/span><\/div>","aioseo_breadcrumb_json":[{"label":"Home","link":"https:\/\/eldigitaldeasturias.com\/magazine365"},{"label":"Noticias y Actualidad","link":"https:\/\/eldigitaldeasturias.com\/magazine365\/category\/noticias-actualidad\/"},{"label":"Exteriores e Interior se activan tras el atentado de T\u00fanez contra un hotel espa\u00f1ol","link":"https:\/\/eldigitaldeasturias.com\/magazine365\/exteriores-e-interior-se-activan-tras-el-atentado-de-tunez-contra-un-hotel-espanol\/"}],"_links":{"self":[{"href":"https:\/\/eldigitaldeasturias.com\/magazine365\/wp-json\/wp\/v2\/posts\/41157","targetHints":{"allow":["GET"]}}],"collection":[{"href":"https:\/\/eldigitaldeasturias.com\/magazine365\/wp-json\/wp\/v2\/posts"}],"about":[{"href":"https:\/\/eldigitaldeasturias.com\/magazine365\/wp-json\/wp\/v2\/types\/post"}],"author":[{"embeddable":true,"href":"https:\/\/eldigitaldeasturias.com\/magazine365\/wp-json\/wp\/v2\/users\/1"}],"replies":[{"embeddable":true,"href":"https:\/\/eldigitaldeasturias.com\/magazine365\/wp-json\/wp\/v2\/comments?post=41157"}],"version-history":[{"count":0,"href":"https:\/\/eldigitaldeasturias.com\/magazine365\/wp-json\/wp\/v2\/posts\/41157\/revisions"}],"wp:featuredmedia":[{"embeddable":true,"href":"https:\/\/eldigitaldeasturias.com\/magazine365\/wp-json\/wp\/v2\/media\/41158"}],"wp:attachment":[{"href":"https:\/\/eldigitaldeasturias.com\/magazine365\/wp-json\/wp\/v2\/media?parent=41157"}],"wp:term":[{"taxonomy":"category","embeddable":true,"href":"https:\/\/eldigitaldeasturias.com\/magazine365\/wp-json\/wp\/v2\/categories?post=41157"},{"taxonomy":"post_tag","embeddable":true,"href":"https:\/\/eldigitaldeasturias.com\/magazine365\/wp-json\/wp\/v2\/tags?post=41157"}],"curies":[{"name":"wp","href":"https:\/\/api.w.org\/{rel}","templated":true}]}}