{"id":41132,"date":"2015-06-26T23:05:59","date_gmt":"2015-06-26T21:35:59","guid":{"rendered":"http:\/\/eldigitaldeasturias.com\/magazine365\/?p=41132"},"modified":"2015-06-26T23:05:59","modified_gmt":"2015-06-26T21:35:59","slug":"avis-traslada-oficinas-en-madrid-barcelona-girona-y-vigo","status":"publish","type":"post","link":"https:\/\/eldigitaldeasturias.com\/magazine365\/avis-traslada-oficinas-en-madrid-barcelona-girona-y-vigo\/","title":{"rendered":"Avis traslada oficinas en Madrid, Barcelona, Girona y Vigo"},"content":{"rendered":"<p><img fetchpriority=\"high\" decoding=\"async\" class=\"alignleft size-medium wp-image-41133\" src=\"https:\/\/eldigitaldeasturias.com\/magazine365\/wp-content\/uploads\/2015\/06\/fotonoticia_20150626132429_800-360x153.jpg\" alt=\"fotonoticia_20150626132429_800\" width=\"360\" height=\"153\" srcset=\"https:\/\/eldigitaldeasturias.com\/magazine365\/wp-content\/uploads\/2015\/06\/fotonoticia_20150626132429_800-360x153.jpg 360w, https:\/\/eldigitaldeasturias.com\/magazine365\/wp-content\/uploads\/2015\/06\/fotonoticia_20150626132429_800-650x276.jpg 650w, https:\/\/eldigitaldeasturias.com\/magazine365\/wp-content\/uploads\/2015\/06\/fotonoticia_20150626132429_800-768x326.jpg 768w, https:\/\/eldigitaldeasturias.com\/magazine365\/wp-content\/uploads\/2015\/06\/fotonoticia_20150626132429_800-150x64.jpg 150w, https:\/\/eldigitaldeasturias.com\/magazine365\/wp-content\/uploads\/2015\/06\/fotonoticia_20150626132429_800-450x191.jpg 450w, https:\/\/eldigitaldeasturias.com\/magazine365\/wp-content\/uploads\/2015\/06\/fotonoticia_20150626132429_800-696x296.jpg 696w, https:\/\/eldigitaldeasturias.com\/magazine365\/wp-content\/uploads\/2015\/06\/fotonoticia_20150626132429_800.jpg 800w\" sizes=\"(max-width: 360px) 100vw, 360px\" \/>Avis ha trasladado cuatro de sus oficinas en Madrid, Barcelona, Girona y Vigo, con lo que se ubicar\u00e1 en nuevas localizaciones en las que podr\u00e1 ofrecer \u00abun servicio superior\u00bb, asegura en una nota de prensa.<\/p>\n<p>En Barcelona, Avis estrena el 1 de julio una nueva oficina frente a la estaci\u00f3n de Sants en el Carrer del Rector Triado 104. La oficina, ubicada junto Gran Hotel Torre Catalunya y el Expo Hotel Barcelona, sustituye a la anterior ubicada en el interior de la estaci\u00f3n.<\/p>\n<p>El 17 de julio, Avis abrir\u00e1 una nueva sucursal en el interior de la estaci\u00f3n de tren de Chamart\u00edn, en Madrid, que sustituir\u00e1 a la anterior que se encontraba situada en las cercan\u00edas de la misma estaci\u00f3n, en la calle Agust\u00edn de Fox\u00e1. Esta nueva ubicaci\u00f3n permitir\u00e1 a los clientes de la compa\u00f1\u00eda alquilar su veh\u00edculo sin salir del edificio.<\/p>\n<p>En el caso de Girona, desde el 25 de julio contar\u00e1 tambi\u00e9n con una nueva oficina, en el interior de la estaci\u00f3n de tren. De esta forma, la compa\u00f1\u00eda ofrece el mejor servicio, ahora disponible en una ubicaci\u00f3n de f\u00e1cil acceso para todos sus clientes.<\/p>\n<p>La compa\u00f1\u00eda abrir\u00e1 otra nueva oficina el 29 de julio en Vigo. La actual sucursal de Avis situada en la calle Bolivia pasar\u00e1 a situarse en el interior de la reci\u00e9n reformada estaci\u00f3n de tren. De esta manera, se busca acercar el servicio de la compa\u00f1\u00eda a los viajeros de tren que deseen recoger o entregar su veh\u00edculo.<\/p>\n","protected":false},"excerpt":{"rendered":"<p>Avis ha trasladado cuatro de sus oficinas en Madrid, Barcelona, Girona y Vigo, con lo que se ubicar\u00e1 en nuevas localizaciones en las que podr\u00e1 ofrecer \u00abun servicio superior\u00bb, asegura en una nota de prensa. En Barcelona, Avis estrena el 1 de julio una nueva oficina frente a la estaci\u00f3n de Sants en el Carrer<\/p>\n","protected":false},"author":1,"featured_media":41133,"comment_status":"open","ping_status":"closed","sticky":false,"template":"","format":"standard","meta":{"footnotes":""},"categories":[222],"tags":[],"class_list":{"0":"post-41132","1":"post","2":"type-post","3":"status-publish","4":"format-standard","5":"has-post-thumbnail","7":"category-actualidad-turismo"},"aioseo_notices":[],"aioseo_head":"\n\t\t<!-- All in One SEO Pro 4.9.6.1 - aioseo.com -->\n\t<meta name=\"description\" content=\"Avis ha trasladado cuatro de sus oficinas en Madrid, Barcelona, Girona y Vigo, con lo que se ubicar\u00e1 en nuevas localizaciones en las que podr\u00e1 ofrecer &quot;un servicio superior&quot;, asegura en una nota de prensa. En Barcelona, Avis estrena el 1 de julio una nueva oficina frente a la estaci\u00f3n de Sants en el Carrer\" \/>\n\t<meta name=\"robots\" content=\"max-image-preview:large\" \/>\n\t<meta name=\"author\" content=\"admin\"\/>\n\t<meta name=\"google-site-verification\" content=\"UA-38556648-1\" \/>\n\t<meta name=\"keywords\" content=\"actualidad turismo\" \/>\n\t<link rel=\"canonical\" href=\"https:\/\/eldigitaldeasturias.com\/magazine365\/avis-traslada-oficinas-en-madrid-barcelona-girona-y-vigo\/\" \/>\n\t<meta name=\"generator\" content=\"All in One SEO Pro (AIOSEO) 4.9.6.1\" \/>\n\t\t<meta property=\"og:locale\" content=\"es_ES\" \/>\n\t\t<meta property=\"og:site_name\" content=\"El Digital de Asturias \u2013 Revista de ocio, turismo y estilo de vida\" \/>\n\t\t<meta property=\"og:type\" content=\"article\" \/>\n\t\t<meta property=\"og:title\" content=\"Avis traslada oficinas en Madrid, Barcelona, Girona y Vigo | El Digital de Asturias\" \/>\n\t\t<meta property=\"og:description\" content=\"Avis ha trasladado cuatro de sus oficinas en Madrid, Barcelona, Girona y Vigo, con lo que se ubicar\u00e1 en nuevas localizaciones en las que podr\u00e1 ofrecer &quot;un servicio superior&quot;, asegura en una nota de prensa. En Barcelona, Avis estrena el 1 de julio una nueva oficina frente a la estaci\u00f3n de Sants en el Carrer\" \/>\n\t\t<meta property=\"og:url\" content=\"https:\/\/eldigitaldeasturias.com\/magazine365\/avis-traslada-oficinas-en-madrid-barcelona-girona-y-vigo\/\" \/>\n\t\t<meta property=\"og:image\" content=\"https:\/\/eldigitaldeasturias.com\/magazine365\/wp-content\/uploads\/2015\/06\/fotonoticia_20150626132429_800.jpg\" \/>\n\t\t<meta property=\"og:image:secure_url\" content=\"https:\/\/eldigitaldeasturias.com\/magazine365\/wp-content\/uploads\/2015\/06\/fotonoticia_20150626132429_800.jpg\" \/>\n\t\t<meta property=\"og:image:width\" content=\"800\" \/>\n\t\t<meta property=\"og:image:height\" content=\"340\" \/>\n\t\t<meta property=\"article:published_time\" content=\"2015-06-26T21:35:59+00:00\" \/>\n\t\t<meta property=\"article:modified_time\" content=\"2015-06-26T21:35:59+00:00\" \/>\n\t\t<meta name=\"twitter:card\" content=\"summary_large_image\" \/>\n\t\t<meta name=\"twitter:title\" content=\"Avis traslada oficinas en Madrid, Barcelona, Girona y Vigo | El Digital de Asturias\" \/>\n\t\t<meta name=\"twitter:description\" content=\"Avis ha trasladado cuatro de sus oficinas en Madrid, Barcelona, Girona y Vigo, con lo que se ubicar\u00e1 en nuevas localizaciones en las que podr\u00e1 ofrecer &quot;un servicio superior&quot;, asegura en una nota de prensa. En Barcelona, Avis estrena el 1 de julio una nueva oficina frente a la estaci\u00f3n de Sants en el Carrer\" \/>\n\t\t<meta name=\"twitter:image\" content=\"https:\/\/eldigitaldeasturias.com\/magazine365\/wp-content\/uploads\/2015\/06\/fotonoticia_20150626132429_800.jpg\" \/>\n\t\t<script type=\"application\/ld+json\" class=\"aioseo-schema\">\n\t\t\t{\"@context\":\"https:\\\/\\\/schema.org\",\"@graph\":[{\"@type\":\"Article\",\"@id\":\"https:\\\/\\\/eldigitaldeasturias.com\\\/magazine365\\\/avis-traslada-oficinas-en-madrid-barcelona-girona-y-vigo\\\/#article\",\"name\":\"Avis traslada oficinas en Madrid, Barcelona, Girona y Vigo | El Digital de Asturias\",\"headline\":\"Avis traslada oficinas en Madrid, Barcelona, Girona y Vigo\",\"author\":{\"@id\":\"https:\\\/\\\/eldigitaldeasturias.com\\\/magazine365\\\/author\\\/admin\\\/#author\"},\"publisher\":{\"@id\":\"https:\\\/\\\/eldigitaldeasturias.com\\\/magazine365\\\/#organization\"},\"image\":{\"@type\":\"ImageObject\",\"url\":\"https:\\\/\\\/eldigitaldeasturias.com\\\/magazine365\\\/wp-content\\\/uploads\\\/2015\\\/06\\\/fotonoticia_20150626132429_800.jpg\",\"width\":800,\"height\":340},\"datePublished\":\"2015-06-26T23:05:59+02:00\",\"dateModified\":\"2015-06-26T23:05:59+02:00\",\"inLanguage\":\"es-ES\",\"mainEntityOfPage\":{\"@id\":\"https:\\\/\\\/eldigitaldeasturias.com\\\/magazine365\\\/avis-traslada-oficinas-en-madrid-barcelona-girona-y-vigo\\\/#webpage\"},\"isPartOf\":{\"@id\":\"https:\\\/\\\/eldigitaldeasturias.com\\\/magazine365\\\/avis-traslada-oficinas-en-madrid-barcelona-girona-y-vigo\\\/#webpage\"},\"articleSection\":\"Actualidad Turismo\"},{\"@type\":\"BreadcrumbList\",\"@id\":\"https:\\\/\\\/eldigitaldeasturias.com\\\/magazine365\\\/avis-traslada-oficinas-en-madrid-barcelona-girona-y-vigo\\\/#breadcrumblist\",\"itemListElement\":[{\"@type\":\"ListItem\",\"@id\":\"https:\\\/\\\/eldigitaldeasturias.com\\\/magazine365#listItem\",\"position\":1,\"name\":\"Home\",\"item\":\"https:\\\/\\\/eldigitaldeasturias.com\\\/magazine365\",\"nextItem\":{\"@type\":\"ListItem\",\"@id\":\"https:\\\/\\\/eldigitaldeasturias.com\\\/magazine365\\\/category\\\/actualidad-turismo\\\/#listItem\",\"name\":\"Actualidad Turismo\"}},{\"@type\":\"ListItem\",\"@id\":\"https:\\\/\\\/eldigitaldeasturias.com\\\/magazine365\\\/category\\\/actualidad-turismo\\\/#listItem\",\"position\":2,\"name\":\"Actualidad Turismo\",\"item\":\"https:\\\/\\\/eldigitaldeasturias.com\\\/magazine365\\\/category\\\/actualidad-turismo\\\/\",\"nextItem\":{\"@type\":\"ListItem\",\"@id\":\"https:\\\/\\\/eldigitaldeasturias.com\\\/magazine365\\\/avis-traslada-oficinas-en-madrid-barcelona-girona-y-vigo\\\/#listItem\",\"name\":\"Avis traslada oficinas en Madrid, Barcelona, Girona y Vigo\"},\"previousItem\":{\"@type\":\"ListItem\",\"@id\":\"https:\\\/\\\/eldigitaldeasturias.com\\\/magazine365#listItem\",\"name\":\"Home\"}},{\"@type\":\"ListItem\",\"@id\":\"https:\\\/\\\/eldigitaldeasturias.com\\\/magazine365\\\/avis-traslada-oficinas-en-madrid-barcelona-girona-y-vigo\\\/#listItem\",\"position\":3,\"name\":\"Avis traslada oficinas en Madrid, Barcelona, Girona y Vigo\",\"previousItem\":{\"@type\":\"ListItem\",\"@id\":\"https:\\\/\\\/eldigitaldeasturias.com\\\/magazine365\\\/category\\\/actualidad-turismo\\\/#listItem\",\"name\":\"Actualidad Turismo\"}}]},{\"@type\":\"Organization\",\"@id\":\"https:\\\/\\\/eldigitaldeasturias.com\\\/magazine365\\\/#organization\",\"name\":\"El digital de Asturias\",\"description\":\"Revista de ocio, turismo y estilo de vida\",\"url\":\"https:\\\/\\\/eldigitaldeasturias.com\\\/magazine365\\\/\",\"logo\":{\"@type\":\"ImageObject\",\"url\":\"https:\\\/\\\/www.eldigitaldeasturias.com\\\/noticias\\\/wp-content\\\/uploads\\\/2020\\\/12\\\/EDA.jpg\",\"@id\":\"https:\\\/\\\/eldigitaldeasturias.com\\\/magazine365\\\/avis-traslada-oficinas-en-madrid-barcelona-girona-y-vigo\\\/#organizationLogo\"},\"image\":{\"@id\":\"https:\\\/\\\/eldigitaldeasturias.com\\\/magazine365\\\/avis-traslada-oficinas-en-madrid-barcelona-girona-y-vigo\\\/#organizationLogo\"}},{\"@type\":\"Person\",\"@id\":\"https:\\\/\\\/eldigitaldeasturias.com\\\/magazine365\\\/author\\\/admin\\\/#author\",\"url\":\"https:\\\/\\\/eldigitaldeasturias.com\\\/magazine365\\\/author\\\/admin\\\/\",\"name\":\"admin\",\"image\":{\"@type\":\"ImageObject\",\"@id\":\"https:\\\/\\\/eldigitaldeasturias.com\\\/magazine365\\\/avis-traslada-oficinas-en-madrid-barcelona-girona-y-vigo\\\/#authorImage\",\"url\":\"https:\\\/\\\/eldigitaldeasturias.com\\\/magazine365\\\/wp-content\\\/litespeed\\\/avatar\\\/e571bcf59a0edd6fa6838245a470f2fe.jpg?ver=1777574230\",\"width\":96,\"height\":96,\"caption\":\"admin\"}},{\"@type\":\"WebPage\",\"@id\":\"https:\\\/\\\/eldigitaldeasturias.com\\\/magazine365\\\/avis-traslada-oficinas-en-madrid-barcelona-girona-y-vigo\\\/#webpage\",\"url\":\"https:\\\/\\\/eldigitaldeasturias.com\\\/magazine365\\\/avis-traslada-oficinas-en-madrid-barcelona-girona-y-vigo\\\/\",\"name\":\"Avis traslada oficinas en Madrid, Barcelona, Girona y Vigo | El Digital de Asturias\",\"description\":\"Avis ha trasladado cuatro de sus oficinas en Madrid, Barcelona, Girona y Vigo, con lo que se ubicar\\u00e1 en nuevas localizaciones en las que podr\\u00e1 ofrecer \\\"un servicio superior\\\", asegura en una nota de prensa. En Barcelona, Avis estrena el 1 de julio una nueva oficina frente a la estaci\\u00f3n de Sants en el Carrer\",\"inLanguage\":\"es-ES\",\"isPartOf\":{\"@id\":\"https:\\\/\\\/eldigitaldeasturias.com\\\/magazine365\\\/#website\"},\"breadcrumb\":{\"@id\":\"https:\\\/\\\/eldigitaldeasturias.com\\\/magazine365\\\/avis-traslada-oficinas-en-madrid-barcelona-girona-y-vigo\\\/#breadcrumblist\"},\"author\":{\"@id\":\"https:\\\/\\\/eldigitaldeasturias.com\\\/magazine365\\\/author\\\/admin\\\/#author\"},\"creator\":{\"@id\":\"https:\\\/\\\/eldigitaldeasturias.com\\\/magazine365\\\/author\\\/admin\\\/#author\"},\"image\":{\"@type\":\"ImageObject\",\"url\":\"https:\\\/\\\/eldigitaldeasturias.com\\\/magazine365\\\/wp-content\\\/uploads\\\/2015\\\/06\\\/fotonoticia_20150626132429_800.jpg\",\"@id\":\"https:\\\/\\\/eldigitaldeasturias.com\\\/magazine365\\\/avis-traslada-oficinas-en-madrid-barcelona-girona-y-vigo\\\/#mainImage\",\"width\":800,\"height\":340},\"primaryImageOfPage\":{\"@id\":\"https:\\\/\\\/eldigitaldeasturias.com\\\/magazine365\\\/avis-traslada-oficinas-en-madrid-barcelona-girona-y-vigo\\\/#mainImage\"},\"datePublished\":\"2015-06-26T23:05:59+02:00\",\"dateModified\":\"2015-06-26T23:05:59+02:00\"},{\"@type\":\"WebSite\",\"@id\":\"https:\\\/\\\/eldigitaldeasturias.com\\\/magazine365\\\/#website\",\"url\":\"https:\\\/\\\/eldigitaldeasturias.com\\\/magazine365\\\/\",\"name\":\"El Digital de Asturias\",\"description\":\"Revista de ocio, turismo y estilo de vida\",\"inLanguage\":\"es-ES\",\"publisher\":{\"@id\":\"https:\\\/\\\/eldigitaldeasturias.com\\\/magazine365\\\/#organization\"}}]}\n\t\t<\/script>\n\t\t<!-- All in One SEO Pro -->\r\n\t\t<title>Avis traslada oficinas en Madrid, Barcelona, Girona y Vigo | El Digital de Asturias<\/title>\n\n","aioseo_head_json":{"title":"Avis traslada oficinas en Madrid, Barcelona, Girona y Vigo | El Digital de Asturias","description":"Avis ha trasladado cuatro de sus oficinas en Madrid, Barcelona, Girona y Vigo, con lo que se ubicar\u00e1 en nuevas localizaciones en las que podr\u00e1 ofrecer \"un servicio superior\", asegura en una nota de prensa. En Barcelona, Avis estrena el 1 de julio una nueva oficina frente a la estaci\u00f3n de Sants en el Carrer","canonical_url":"https:\/\/eldigitaldeasturias.com\/magazine365\/avis-traslada-oficinas-en-madrid-barcelona-girona-y-vigo\/","robots":"max-image-preview:large","keywords":"actualidad turismo","webmasterTools":{"google-site-verification":"UA-38556648-1","miscellaneous":""},"schema":{"@context":"https:\/\/schema.org","@graph":[{"@type":"Article","@id":"https:\/\/eldigitaldeasturias.com\/magazine365\/avis-traslada-oficinas-en-madrid-barcelona-girona-y-vigo\/#article","name":"Avis traslada oficinas en Madrid, Barcelona, Girona y Vigo | El Digital de Asturias","headline":"Avis traslada oficinas en Madrid, Barcelona, Girona y Vigo","author":{"@id":"https:\/\/eldigitaldeasturias.com\/magazine365\/author\/admin\/#author"},"publisher":{"@id":"https:\/\/eldigitaldeasturias.com\/magazine365\/#organization"},"image":{"@type":"ImageObject","url":"https:\/\/eldigitaldeasturias.com\/magazine365\/wp-content\/uploads\/2015\/06\/fotonoticia_20150626132429_800.jpg","width":800,"height":340},"datePublished":"2015-06-26T23:05:59+02:00","dateModified":"2015-06-26T23:05:59+02:00","inLanguage":"es-ES","mainEntityOfPage":{"@id":"https:\/\/eldigitaldeasturias.com\/magazine365\/avis-traslada-oficinas-en-madrid-barcelona-girona-y-vigo\/#webpage"},"isPartOf":{"@id":"https:\/\/eldigitaldeasturias.com\/magazine365\/avis-traslada-oficinas-en-madrid-barcelona-girona-y-vigo\/#webpage"},"articleSection":"Actualidad Turismo"},{"@type":"BreadcrumbList","@id":"https:\/\/eldigitaldeasturias.com\/magazine365\/avis-traslada-oficinas-en-madrid-barcelona-girona-y-vigo\/#breadcrumblist","itemListElement":[{"@type":"ListItem","@id":"https:\/\/eldigitaldeasturias.com\/magazine365#listItem","position":1,"name":"Home","item":"https:\/\/eldigitaldeasturias.com\/magazine365","nextItem":{"@type":"ListItem","@id":"https:\/\/eldigitaldeasturias.com\/magazine365\/category\/actualidad-turismo\/#listItem","name":"Actualidad Turismo"}},{"@type":"ListItem","@id":"https:\/\/eldigitaldeasturias.com\/magazine365\/category\/actualidad-turismo\/#listItem","position":2,"name":"Actualidad Turismo","item":"https:\/\/eldigitaldeasturias.com\/magazine365\/category\/actualidad-turismo\/","nextItem":{"@type":"ListItem","@id":"https:\/\/eldigitaldeasturias.com\/magazine365\/avis-traslada-oficinas-en-madrid-barcelona-girona-y-vigo\/#listItem","name":"Avis traslada oficinas en Madrid, Barcelona, Girona y Vigo"},"previousItem":{"@type":"ListItem","@id":"https:\/\/eldigitaldeasturias.com\/magazine365#listItem","name":"Home"}},{"@type":"ListItem","@id":"https:\/\/eldigitaldeasturias.com\/magazine365\/avis-traslada-oficinas-en-madrid-barcelona-girona-y-vigo\/#listItem","position":3,"name":"Avis traslada oficinas en Madrid, Barcelona, Girona y Vigo","previousItem":{"@type":"ListItem","@id":"https:\/\/eldigitaldeasturias.com\/magazine365\/category\/actualidad-turismo\/#listItem","name":"Actualidad Turismo"}}]},{"@type":"Organization","@id":"https:\/\/eldigitaldeasturias.com\/magazine365\/#organization","name":"El digital de Asturias","description":"Revista de ocio, turismo y estilo de vida","url":"https:\/\/eldigitaldeasturias.com\/magazine365\/","logo":{"@type":"ImageObject","url":"https:\/\/www.eldigitaldeasturias.com\/noticias\/wp-content\/uploads\/2020\/12\/EDA.jpg","@id":"https:\/\/eldigitaldeasturias.com\/magazine365\/avis-traslada-oficinas-en-madrid-barcelona-girona-y-vigo\/#organizationLogo"},"image":{"@id":"https:\/\/eldigitaldeasturias.com\/magazine365\/avis-traslada-oficinas-en-madrid-barcelona-girona-y-vigo\/#organizationLogo"}},{"@type":"Person","@id":"https:\/\/eldigitaldeasturias.com\/magazine365\/author\/admin\/#author","url":"https:\/\/eldigitaldeasturias.com\/magazine365\/author\/admin\/","name":"admin","image":{"@type":"ImageObject","@id":"https:\/\/eldigitaldeasturias.com\/magazine365\/avis-traslada-oficinas-en-madrid-barcelona-girona-y-vigo\/#authorImage","url":"https:\/\/eldigitaldeasturias.com\/magazine365\/wp-content\/litespeed\/avatar\/e571bcf59a0edd6fa6838245a470f2fe.jpg?ver=1777574230","width":96,"height":96,"caption":"admin"}},{"@type":"WebPage","@id":"https:\/\/eldigitaldeasturias.com\/magazine365\/avis-traslada-oficinas-en-madrid-barcelona-girona-y-vigo\/#webpage","url":"https:\/\/eldigitaldeasturias.com\/magazine365\/avis-traslada-oficinas-en-madrid-barcelona-girona-y-vigo\/","name":"Avis traslada oficinas en Madrid, Barcelona, Girona y Vigo | El Digital de Asturias","description":"Avis ha trasladado cuatro de sus oficinas en Madrid, Barcelona, Girona y Vigo, con lo que se ubicar\u00e1 en nuevas localizaciones en las que podr\u00e1 ofrecer \"un servicio superior\", asegura en una nota de prensa. En Barcelona, Avis estrena el 1 de julio una nueva oficina frente a la estaci\u00f3n de Sants en el Carrer","inLanguage":"es-ES","isPartOf":{"@id":"https:\/\/eldigitaldeasturias.com\/magazine365\/#website"},"breadcrumb":{"@id":"https:\/\/eldigitaldeasturias.com\/magazine365\/avis-traslada-oficinas-en-madrid-barcelona-girona-y-vigo\/#breadcrumblist"},"author":{"@id":"https:\/\/eldigitaldeasturias.com\/magazine365\/author\/admin\/#author"},"creator":{"@id":"https:\/\/eldigitaldeasturias.com\/magazine365\/author\/admin\/#author"},"image":{"@type":"ImageObject","url":"https:\/\/eldigitaldeasturias.com\/magazine365\/wp-content\/uploads\/2015\/06\/fotonoticia_20150626132429_800.jpg","@id":"https:\/\/eldigitaldeasturias.com\/magazine365\/avis-traslada-oficinas-en-madrid-barcelona-girona-y-vigo\/#mainImage","width":800,"height":340},"primaryImageOfPage":{"@id":"https:\/\/eldigitaldeasturias.com\/magazine365\/avis-traslada-oficinas-en-madrid-barcelona-girona-y-vigo\/#mainImage"},"datePublished":"2015-06-26T23:05:59+02:00","dateModified":"2015-06-26T23:05:59+02:00"},{"@type":"WebSite","@id":"https:\/\/eldigitaldeasturias.com\/magazine365\/#website","url":"https:\/\/eldigitaldeasturias.com\/magazine365\/","name":"El Digital de Asturias","description":"Revista de ocio, turismo y estilo de vida","inLanguage":"es-ES","publisher":{"@id":"https:\/\/eldigitaldeasturias.com\/magazine365\/#organization"}}]},"og:locale":"es_ES","og:site_name":"El Digital de Asturias \u2013 Revista de ocio, turismo y estilo de vida","og:type":"article","og:title":"Avis traslada oficinas en Madrid, Barcelona, Girona y Vigo | El Digital de Asturias","og:description":"Avis ha trasladado cuatro de sus oficinas en Madrid, Barcelona, Girona y Vigo, con lo que se ubicar\u00e1 en nuevas localizaciones en las que podr\u00e1 ofrecer &quot;un servicio superior&quot;, asegura en una nota de prensa. En Barcelona, Avis estrena el 1 de julio una nueva oficina frente a la estaci\u00f3n de Sants en el Carrer","og:url":"https:\/\/eldigitaldeasturias.com\/magazine365\/avis-traslada-oficinas-en-madrid-barcelona-girona-y-vigo\/","og:image":"https:\/\/eldigitaldeasturias.com\/magazine365\/wp-content\/uploads\/2015\/06\/fotonoticia_20150626132429_800.jpg","og:image:secure_url":"https:\/\/eldigitaldeasturias.com\/magazine365\/wp-content\/uploads\/2015\/06\/fotonoticia_20150626132429_800.jpg","og:image:width":800,"og:image:height":340,"article:published_time":"2015-06-26T21:35:59+00:00","article:modified_time":"2015-06-26T21:35:59+00:00","twitter:card":"summary_large_image","twitter:title":"Avis traslada oficinas en Madrid, Barcelona, Girona y Vigo | El Digital de Asturias","twitter:description":"Avis ha trasladado cuatro de sus oficinas en Madrid, Barcelona, Girona y Vigo, con lo que se ubicar\u00e1 en nuevas localizaciones en las que podr\u00e1 ofrecer &quot;un servicio superior&quot;, asegura en una nota de prensa. En Barcelona, Avis estrena el 1 de julio una nueva oficina frente a la estaci\u00f3n de Sants en el Carrer","twitter:image":"https:\/\/eldigitaldeasturias.com\/magazine365\/wp-content\/uploads\/2015\/06\/fotonoticia_20150626132429_800.jpg"},"aioseo_meta_data":{"post_id":"41132","title":null,"description":null,"keywords":null,"keyphrases":null,"primary_term":null,"canonical_url":null,"og_title":null,"og_description":null,"og_object_type":"default","og_image_type":"default","og_image_url":null,"og_image_width":null,"og_image_height":null,"og_image_custom_url":null,"og_image_custom_fields":null,"og_video":null,"og_custom_url":null,"og_article_section":null,"og_article_tags":null,"twitter_use_og":false,"twitter_card":"default","twitter_image_type":"default","twitter_image_url":null,"twitter_image_custom_url":null,"twitter_image_custom_fields":null,"twitter_title":null,"twitter_description":null,"schema":{"blockGraphs":[],"customGraphs":[],"default":{"data":{"Article":[],"Course":[],"Dataset":[],"FAQPage":[],"Movie":[],"Person":[],"Product":[],"ProductReview":[],"Car":[],"Recipe":[],"Service":[],"SoftwareApplication":[],"WebPage":[]},"graphName":"","isEnabled":true},"graphs":[],"defaultGraph":"","defaultPostTypeGraph":""},"schema_type":null,"schema_type_options":null,"pillar_content":false,"robots_default":true,"robots_noindex":false,"robots_noarchive":false,"robots_nosnippet":false,"robots_nofollow":false,"robots_noimageindex":false,"robots_noodp":false,"robots_notranslate":false,"robots_max_snippet":null,"robots_max_videopreview":null,"robots_max_imagepreview":"large","priority":null,"frequency":null,"location":null,"local_seo":null,"seo_analyzer_scan_date":"2025-09-19 15:04:07","breadcrumb_settings":null,"limit_modified_date":false,"open_ai":null,"ai":null,"created":"2021-03-09 02:19:42","updated":"2025-09-19 15:04:07"},"aioseo_breadcrumb":"<div class=\"aioseo-breadcrumbs\"><span class=\"aioseo-breadcrumb\">\n\t<a href=\"https:\/\/eldigitaldeasturias.com\/magazine365\" title=\"Home\">Home<\/a>\n<\/span><span class=\"aioseo-breadcrumb-separator\">\u2013<\/span><span class=\"aioseo-breadcrumb\">\n\t<a href=\"https:\/\/eldigitaldeasturias.com\/magazine365\/category\/actualidad-turismo\/\" title=\"Actualidad Turismo\">Actualidad Turismo<\/a>\n<\/span><span class=\"aioseo-breadcrumb-separator\">\u2013<\/span><span class=\"aioseo-breadcrumb\">\n\t<a href=\"https:\/\/eldigitaldeasturias.com\/magazine365\/avis-traslada-oficinas-en-madrid-barcelona-girona-y-vigo\/\" title=\"Avis traslada oficinas en Madrid, Barcelona, Girona y Vigo\">Avis traslada oficinas en Madrid, Barcelona, Girona y Vigo<\/a>\n<\/span><\/div>","aioseo_breadcrumb_json":[{"label":"Home","link":"https:\/\/eldigitaldeasturias.com\/magazine365"},{"label":"Actualidad Turismo","link":"https:\/\/eldigitaldeasturias.com\/magazine365\/category\/actualidad-turismo\/"},{"label":"Avis traslada oficinas en Madrid, Barcelona, Girona y Vigo","link":"https:\/\/eldigitaldeasturias.com\/magazine365\/avis-traslada-oficinas-en-madrid-barcelona-girona-y-vigo\/"}],"_links":{"self":[{"href":"https:\/\/eldigitaldeasturias.com\/magazine365\/wp-json\/wp\/v2\/posts\/41132","targetHints":{"allow":["GET"]}}],"collection":[{"href":"https:\/\/eldigitaldeasturias.com\/magazine365\/wp-json\/wp\/v2\/posts"}],"about":[{"href":"https:\/\/eldigitaldeasturias.com\/magazine365\/wp-json\/wp\/v2\/types\/post"}],"author":[{"embeddable":true,"href":"https:\/\/eldigitaldeasturias.com\/magazine365\/wp-json\/wp\/v2\/users\/1"}],"replies":[{"embeddable":true,"href":"https:\/\/eldigitaldeasturias.com\/magazine365\/wp-json\/wp\/v2\/comments?post=41132"}],"version-history":[{"count":0,"href":"https:\/\/eldigitaldeasturias.com\/magazine365\/wp-json\/wp\/v2\/posts\/41132\/revisions"}],"wp:featuredmedia":[{"embeddable":true,"href":"https:\/\/eldigitaldeasturias.com\/magazine365\/wp-json\/wp\/v2\/media\/41133"}],"wp:attachment":[{"href":"https:\/\/eldigitaldeasturias.com\/magazine365\/wp-json\/wp\/v2\/media?parent=41132"}],"wp:term":[{"taxonomy":"category","embeddable":true,"href":"https:\/\/eldigitaldeasturias.com\/magazine365\/wp-json\/wp\/v2\/categories?post=41132"},{"taxonomy":"post_tag","embeddable":true,"href":"https:\/\/eldigitaldeasturias.com\/magazine365\/wp-json\/wp\/v2\/tags?post=41132"}],"curies":[{"name":"wp","href":"https:\/\/api.w.org\/{rel}","templated":true}]}}