{"id":41129,"date":"2015-06-26T13:50:41","date_gmt":"2015-06-26T12:20:41","guid":{"rendered":"http:\/\/eldigitaldeasturias.com\/magazine365\/?p=41129"},"modified":"2015-06-26T13:50:41","modified_gmt":"2015-06-26T12:20:41","slug":"la-ix-edicion-del-certamen-llerena-monumento-gastronomico-homenajea-a-caceres","status":"publish","type":"post","link":"https:\/\/eldigitaldeasturias.com\/magazine365\/la-ix-edicion-del-certamen-llerena-monumento-gastronomico-homenajea-a-caceres\/","title":{"rendered":"La IX edici\u00f3n del certamen &#8216;Llerena Monumento Gastron\u00f3mico&#8217; homenajea a C\u00e1ceres"},"content":{"rendered":"<p><img fetchpriority=\"high\" decoding=\"async\" class=\"alignleft size-medium wp-image-41130\" src=\"https:\/\/eldigitaldeasturias.com\/magazine365\/wp-content\/uploads\/2015\/06\/fotonoticia_20150626130243_800-360x270.jpg\" alt=\"fotonoticia_20150626130243_800\" width=\"360\" height=\"270\" srcset=\"https:\/\/eldigitaldeasturias.com\/magazine365\/wp-content\/uploads\/2015\/06\/fotonoticia_20150626130243_800-360x270.jpg 360w, https:\/\/eldigitaldeasturias.com\/magazine365\/wp-content\/uploads\/2015\/06\/fotonoticia_20150626130243_800-650x488.jpg 650w, https:\/\/eldigitaldeasturias.com\/magazine365\/wp-content\/uploads\/2015\/06\/fotonoticia_20150626130243_800-768x576.jpg 768w, https:\/\/eldigitaldeasturias.com\/magazine365\/wp-content\/uploads\/2015\/06\/fotonoticia_20150626130243_800-150x113.jpg 150w, https:\/\/eldigitaldeasturias.com\/magazine365\/wp-content\/uploads\/2015\/06\/fotonoticia_20150626130243_800-450x338.jpg 450w, https:\/\/eldigitaldeasturias.com\/magazine365\/wp-content\/uploads\/2015\/06\/fotonoticia_20150626130243_800-80x60.jpg 80w, https:\/\/eldigitaldeasturias.com\/magazine365\/wp-content\/uploads\/2015\/06\/fotonoticia_20150626130243_800-265x198.jpg 265w, https:\/\/eldigitaldeasturias.com\/magazine365\/wp-content\/uploads\/2015\/06\/fotonoticia_20150626130243_800-696x522.jpg 696w, https:\/\/eldigitaldeasturias.com\/magazine365\/wp-content\/uploads\/2015\/06\/fotonoticia_20150626130243_800-560x420.jpg 560w, https:\/\/eldigitaldeasturias.com\/magazine365\/wp-content\/uploads\/2015\/06\/fotonoticia_20150626130243_800-90x67.jpg 90w, https:\/\/eldigitaldeasturias.com\/magazine365\/wp-content\/uploads\/2015\/06\/fotonoticia_20150626130243_800-100x75.jpg 100w, https:\/\/eldigitaldeasturias.com\/magazine365\/wp-content\/uploads\/2015\/06\/fotonoticia_20150626130243_800.jpg 800w\" sizes=\"(max-width: 360px) 100vw, 360px\" \/>El IX certamen &#8216;Llerena Monumento Gastron\u00f3mico&#8217;, que se celebra en la localidad pacense que le da t\u00edtulo, rinde homenaje a C\u00e1ceres con motivo del reconocimiento como Capital Espa\u00f1ola de la Gastronom\u00eda que ostenta durante este 2015.<\/p>\n<p>Se trata de una iniciativa que une el patrimonio cultural y gastron\u00f3mico de Llerena y que se llevar\u00e1 a cabo los pr\u00f3ximos d\u00edas 3, 4 y 5 de julio, en torno a las 22,00 horas en seis espacios de la citada localidad pacense, en los que se realizar\u00e1n cenas que contar\u00e1n con un precio de 25 euros el men\u00fa.<\/p>\n<p>Asimismo, todos los men\u00fas est\u00e1n acompa\u00f1ados por los vinos extreme\u00f1os ganadores del Premio Espiga 2015.<\/p>\n<p>En esta edici\u00f3n, adem\u00e1s de los restauradores locales, participar\u00e1n cocineros de la Asociaci\u00f3n de Cocineros y Reposteros de Extremadura (Acocyrex), que ser\u00e1n los encargados de elaborar las cenas en el Complejo Cultural de la Merced, y la Casa Maestral.<\/p>\n<p>Los espacios escogidos en esta ocasi\u00f3n, adem\u00e1s de los dos citados anteriormente, ser\u00e1n el patio del Ateneo Llerenense, el patio del Palacio Episcopal, el parque &#8216;Cieza de Le\u00f3n&#8217;, y el patio de la Hospeder\u00eda.<\/p>\n<p>As\u00ed, algunos de los men\u00fas que se realizar\u00e1n ser\u00e1n lomo de merluza con chipirones, oreja ib\u00e9rica y vinagreta de aguacate, crumble de frutos rojos con avellanas y chocolate, o secreto ib\u00e9rico relleno de frutos secos y pesto rojo, entre otros.<\/p>\n<p>De forma paralela a las cenas, el Ayuntamiento de Llerena ha programado durante los tres d\u00edas la celebraci\u00f3n de un mercado medieval en la Plaza Mayor de la localidad, actividad que se realiza tambi\u00e9n desde hace a\u00f1os.<\/p>\n<p>AUGA DEL TURISMO GASTRON\u00d3MICO<\/p>\n<p>El certamen ha sido presentado este viernes por el alcalde de Llerena y presidente en funciones de la Diputaci\u00f3n de Badajoz, Valent\u00edn Cort\u00e9s, acompa\u00f1ado por su hom\u00f3logo, tambi\u00e9n en funciones, de la instituci\u00f3n provincial de C\u00e1ceres, Laureano Le\u00f3n, y el cocinero y presidente de Acocyrex, C\u00e9sar R\u00e1ez.<\/p>\n<p>Cort\u00e9s ha afirmado que el turismo gastron\u00f3mico \u00abest\u00e1 en auge\u00bb, as\u00ed como que a trav\u00e9s de la gastronom\u00eda \u00abse pone en valor el patrimonio cultural, que es nuestro eje transversal\u00bb. Adem\u00e1s, ha a\u00f1adido que en este a\u00f1o han querido homenajear a C\u00e1ceres.<\/p>\n<p>Cuando naci\u00f3 este proyecto que Le\u00f3n ha calificado como \u00abinteresante, atractivo y productivo\u00bb, la cocina que se realizaba se adaptaba a los espacios en los que se serv\u00eda, de tal forma que si se trataba de un patio mud\u00e9jar los platos se adaptaban a esas recetas.<\/p>\n<p>Sin embargo, en la actualidad \u00abest\u00e1 abierto a la riqueza gastron\u00f3mica de Espa\u00f1a\u00bb seg\u00fan ha explicado el alcalde de la localidad, quien ha cifrado en \u00abcerca de 750 cenas\u00bb las que se sirvieron el pasado a\u00f1o en esos d\u00edas.<\/p>\n<p>Por su parte, C\u00e9sar R\u00e1ez ha expresado lo \u00abespecial, bonito y distinto\u00bb que le parece Llerena, motivo por el que decidi\u00f3 unirse al proyecto y proponer desde Acocyrex \u00abdiez men\u00fas que luego seleccionaron los restaurantes locales\u00bb. Adem\u00e1s, ha a\u00f1adido que las recetas est\u00e1n basadas en la mezcla \u00abde tradici\u00f3n y modernidad\u00bb.<\/p>\n","protected":false},"excerpt":{"rendered":"<p>El IX certamen &#8216;Llerena Monumento Gastron\u00f3mico&#8217;, que se celebra en la localidad pacense que le da t\u00edtulo, rinde homenaje a C\u00e1ceres con motivo del reconocimiento como Capital Espa\u00f1ola de la Gastronom\u00eda que ostenta durante este 2015. Se trata de una iniciativa que une el patrimonio cultural y gastron\u00f3mico de Llerena y que se llevar\u00e1 a<\/p>\n","protected":false},"author":1,"featured_media":41130,"comment_status":"open","ping_status":"closed","sticky":false,"template":"","format":"standard","meta":{"footnotes":""},"categories":[224],"tags":[],"class_list":{"0":"post-41129","1":"post","2":"type-post","3":"status-publish","4":"format-standard","5":"has-post-thumbnail","7":"category-noticias-actualidad"},"aioseo_notices":[],"aioseo_head":"\n\t\t<!-- All in One SEO Pro 4.9.6.1 - aioseo.com -->\n\t<meta name=\"description\" content=\"El IX certamen &#039;Llerena Monumento Gastron\u00f3mico&#039;, que se celebra en la localidad pacense que le da t\u00edtulo, rinde homenaje a C\u00e1ceres con motivo del reconocimiento como Capital Espa\u00f1ola de la Gastronom\u00eda que ostenta durante este 2015. Se trata de una iniciativa que une el patrimonio cultural y gastron\u00f3mico de Llerena y que se llevar\u00e1 a\" \/>\n\t<meta name=\"robots\" content=\"max-image-preview:large\" \/>\n\t<meta name=\"author\" content=\"admin\"\/>\n\t<meta name=\"google-site-verification\" content=\"UA-38556648-1\" \/>\n\t<meta name=\"keywords\" content=\"noticias y actualidad\" \/>\n\t<link rel=\"canonical\" href=\"https:\/\/eldigitaldeasturias.com\/magazine365\/la-ix-edicion-del-certamen-llerena-monumento-gastronomico-homenajea-a-caceres\/\" \/>\n\t<meta name=\"generator\" content=\"All in One SEO Pro (AIOSEO) 4.9.6.1\" \/>\n\t\t<meta property=\"og:locale\" content=\"es_ES\" \/>\n\t\t<meta property=\"og:site_name\" content=\"El Digital de Asturias \u2013 Revista de ocio, turismo y estilo de vida\" \/>\n\t\t<meta property=\"og:type\" content=\"article\" \/>\n\t\t<meta property=\"og:title\" content=\"La IX edici\u00f3n del certamen \u2018Llerena Monumento Gastron\u00f3mico\u2019 homenajea a C\u00e1ceres | El Digital de Asturias\" \/>\n\t\t<meta property=\"og:description\" content=\"El IX certamen &#039;Llerena Monumento Gastron\u00f3mico&#039;, que se celebra en la localidad pacense que le da t\u00edtulo, rinde homenaje a C\u00e1ceres con motivo del reconocimiento como Capital Espa\u00f1ola de la Gastronom\u00eda que ostenta durante este 2015. Se trata de una iniciativa que une el patrimonio cultural y gastron\u00f3mico de Llerena y que se llevar\u00e1 a\" \/>\n\t\t<meta property=\"og:url\" content=\"https:\/\/eldigitaldeasturias.com\/magazine365\/la-ix-edicion-del-certamen-llerena-monumento-gastronomico-homenajea-a-caceres\/\" \/>\n\t\t<meta property=\"og:image\" content=\"https:\/\/eldigitaldeasturias.com\/magazine365\/wp-content\/uploads\/2015\/06\/fotonoticia_20150626130243_800.jpg\" \/>\n\t\t<meta property=\"og:image:secure_url\" content=\"https:\/\/eldigitaldeasturias.com\/magazine365\/wp-content\/uploads\/2015\/06\/fotonoticia_20150626130243_800.jpg\" \/>\n\t\t<meta property=\"og:image:width\" content=\"800\" \/>\n\t\t<meta property=\"og:image:height\" content=\"600\" \/>\n\t\t<meta property=\"article:published_time\" content=\"2015-06-26T12:20:41+00:00\" \/>\n\t\t<meta property=\"article:modified_time\" content=\"2015-06-26T12:20:41+00:00\" \/>\n\t\t<meta name=\"twitter:card\" content=\"summary_large_image\" \/>\n\t\t<meta name=\"twitter:title\" content=\"La IX edici\u00f3n del certamen \u2018Llerena Monumento Gastron\u00f3mico\u2019 homenajea a C\u00e1ceres | El Digital de Asturias\" \/>\n\t\t<meta name=\"twitter:description\" content=\"El IX certamen &#039;Llerena Monumento Gastron\u00f3mico&#039;, que se celebra en la localidad pacense que le da t\u00edtulo, rinde homenaje a C\u00e1ceres con motivo del reconocimiento como Capital Espa\u00f1ola de la Gastronom\u00eda que ostenta durante este 2015. Se trata de una iniciativa que une el patrimonio cultural y gastron\u00f3mico de Llerena y que se llevar\u00e1 a\" \/>\n\t\t<meta name=\"twitter:image\" content=\"https:\/\/eldigitaldeasturias.com\/magazine365\/wp-content\/uploads\/2015\/06\/fotonoticia_20150626130243_800.jpg\" \/>\n\t\t<script type=\"application\/ld+json\" class=\"aioseo-schema\">\n\t\t\t{\"@context\":\"https:\\\/\\\/schema.org\",\"@graph\":[{\"@type\":\"Article\",\"@id\":\"https:\\\/\\\/eldigitaldeasturias.com\\\/magazine365\\\/la-ix-edicion-del-certamen-llerena-monumento-gastronomico-homenajea-a-caceres\\\/#article\",\"name\":\"La IX edici\\u00f3n del certamen \\u2018Llerena Monumento Gastron\\u00f3mico\\u2019 homenajea a C\\u00e1ceres | El Digital de Asturias\",\"headline\":\"La IX edici\\u00f3n del certamen &#8216;Llerena Monumento Gastron\\u00f3mico&#8217; homenajea a C\\u00e1ceres\",\"author\":{\"@id\":\"https:\\\/\\\/eldigitaldeasturias.com\\\/magazine365\\\/author\\\/admin\\\/#author\"},\"publisher\":{\"@id\":\"https:\\\/\\\/eldigitaldeasturias.com\\\/magazine365\\\/#organization\"},\"image\":{\"@type\":\"ImageObject\",\"url\":\"https:\\\/\\\/eldigitaldeasturias.com\\\/magazine365\\\/wp-content\\\/uploads\\\/2015\\\/06\\\/fotonoticia_20150626130243_800.jpg\",\"width\":800,\"height\":600},\"datePublished\":\"2015-06-26T13:50:41+02:00\",\"dateModified\":\"2015-06-26T13:50:41+02:00\",\"inLanguage\":\"es-ES\",\"mainEntityOfPage\":{\"@id\":\"https:\\\/\\\/eldigitaldeasturias.com\\\/magazine365\\\/la-ix-edicion-del-certamen-llerena-monumento-gastronomico-homenajea-a-caceres\\\/#webpage\"},\"isPartOf\":{\"@id\":\"https:\\\/\\\/eldigitaldeasturias.com\\\/magazine365\\\/la-ix-edicion-del-certamen-llerena-monumento-gastronomico-homenajea-a-caceres\\\/#webpage\"},\"articleSection\":\"Noticias y Actualidad\"},{\"@type\":\"BreadcrumbList\",\"@id\":\"https:\\\/\\\/eldigitaldeasturias.com\\\/magazine365\\\/la-ix-edicion-del-certamen-llerena-monumento-gastronomico-homenajea-a-caceres\\\/#breadcrumblist\",\"itemListElement\":[{\"@type\":\"ListItem\",\"@id\":\"https:\\\/\\\/eldigitaldeasturias.com\\\/magazine365#listItem\",\"position\":1,\"name\":\"Home\",\"item\":\"https:\\\/\\\/eldigitaldeasturias.com\\\/magazine365\",\"nextItem\":{\"@type\":\"ListItem\",\"@id\":\"https:\\\/\\\/eldigitaldeasturias.com\\\/magazine365\\\/category\\\/noticias-actualidad\\\/#listItem\",\"name\":\"Noticias y Actualidad\"}},{\"@type\":\"ListItem\",\"@id\":\"https:\\\/\\\/eldigitaldeasturias.com\\\/magazine365\\\/category\\\/noticias-actualidad\\\/#listItem\",\"position\":2,\"name\":\"Noticias y Actualidad\",\"item\":\"https:\\\/\\\/eldigitaldeasturias.com\\\/magazine365\\\/category\\\/noticias-actualidad\\\/\",\"nextItem\":{\"@type\":\"ListItem\",\"@id\":\"https:\\\/\\\/eldigitaldeasturias.com\\\/magazine365\\\/la-ix-edicion-del-certamen-llerena-monumento-gastronomico-homenajea-a-caceres\\\/#listItem\",\"name\":\"La IX edici\\u00f3n del certamen &#8216;Llerena Monumento Gastron\\u00f3mico&#8217; homenajea a C\\u00e1ceres\"},\"previousItem\":{\"@type\":\"ListItem\",\"@id\":\"https:\\\/\\\/eldigitaldeasturias.com\\\/magazine365#listItem\",\"name\":\"Home\"}},{\"@type\":\"ListItem\",\"@id\":\"https:\\\/\\\/eldigitaldeasturias.com\\\/magazine365\\\/la-ix-edicion-del-certamen-llerena-monumento-gastronomico-homenajea-a-caceres\\\/#listItem\",\"position\":3,\"name\":\"La IX edici\\u00f3n del certamen &#8216;Llerena Monumento Gastron\\u00f3mico&#8217; homenajea a C\\u00e1ceres\",\"previousItem\":{\"@type\":\"ListItem\",\"@id\":\"https:\\\/\\\/eldigitaldeasturias.com\\\/magazine365\\\/category\\\/noticias-actualidad\\\/#listItem\",\"name\":\"Noticias y Actualidad\"}}]},{\"@type\":\"Organization\",\"@id\":\"https:\\\/\\\/eldigitaldeasturias.com\\\/magazine365\\\/#organization\",\"name\":\"El digital de Asturias\",\"description\":\"Revista de ocio, turismo y estilo de vida\",\"url\":\"https:\\\/\\\/eldigitaldeasturias.com\\\/magazine365\\\/\",\"logo\":{\"@type\":\"ImageObject\",\"url\":\"https:\\\/\\\/www.eldigitaldeasturias.com\\\/noticias\\\/wp-content\\\/uploads\\\/2020\\\/12\\\/EDA.jpg\",\"@id\":\"https:\\\/\\\/eldigitaldeasturias.com\\\/magazine365\\\/la-ix-edicion-del-certamen-llerena-monumento-gastronomico-homenajea-a-caceres\\\/#organizationLogo\"},\"image\":{\"@id\":\"https:\\\/\\\/eldigitaldeasturias.com\\\/magazine365\\\/la-ix-edicion-del-certamen-llerena-monumento-gastronomico-homenajea-a-caceres\\\/#organizationLogo\"}},{\"@type\":\"Person\",\"@id\":\"https:\\\/\\\/eldigitaldeasturias.com\\\/magazine365\\\/author\\\/admin\\\/#author\",\"url\":\"https:\\\/\\\/eldigitaldeasturias.com\\\/magazine365\\\/author\\\/admin\\\/\",\"name\":\"admin\",\"image\":{\"@type\":\"ImageObject\",\"@id\":\"https:\\\/\\\/eldigitaldeasturias.com\\\/magazine365\\\/la-ix-edicion-del-certamen-llerena-monumento-gastronomico-homenajea-a-caceres\\\/#authorImage\",\"url\":\"https:\\\/\\\/eldigitaldeasturias.com\\\/magazine365\\\/wp-content\\\/litespeed\\\/avatar\\\/e571bcf59a0edd6fa6838245a470f2fe.jpg?ver=1777574230\",\"width\":96,\"height\":96,\"caption\":\"admin\"}},{\"@type\":\"WebPage\",\"@id\":\"https:\\\/\\\/eldigitaldeasturias.com\\\/magazine365\\\/la-ix-edicion-del-certamen-llerena-monumento-gastronomico-homenajea-a-caceres\\\/#webpage\",\"url\":\"https:\\\/\\\/eldigitaldeasturias.com\\\/magazine365\\\/la-ix-edicion-del-certamen-llerena-monumento-gastronomico-homenajea-a-caceres\\\/\",\"name\":\"La IX edici\\u00f3n del certamen \\u2018Llerena Monumento Gastron\\u00f3mico\\u2019 homenajea a C\\u00e1ceres | El Digital de Asturias\",\"description\":\"El IX certamen 'Llerena Monumento Gastron\\u00f3mico', que se celebra en la localidad pacense que le da t\\u00edtulo, rinde homenaje a C\\u00e1ceres con motivo del reconocimiento como Capital Espa\\u00f1ola de la Gastronom\\u00eda que ostenta durante este 2015. Se trata de una iniciativa que une el patrimonio cultural y gastron\\u00f3mico de Llerena y que se llevar\\u00e1 a\",\"inLanguage\":\"es-ES\",\"isPartOf\":{\"@id\":\"https:\\\/\\\/eldigitaldeasturias.com\\\/magazine365\\\/#website\"},\"breadcrumb\":{\"@id\":\"https:\\\/\\\/eldigitaldeasturias.com\\\/magazine365\\\/la-ix-edicion-del-certamen-llerena-monumento-gastronomico-homenajea-a-caceres\\\/#breadcrumblist\"},\"author\":{\"@id\":\"https:\\\/\\\/eldigitaldeasturias.com\\\/magazine365\\\/author\\\/admin\\\/#author\"},\"creator\":{\"@id\":\"https:\\\/\\\/eldigitaldeasturias.com\\\/magazine365\\\/author\\\/admin\\\/#author\"},\"image\":{\"@type\":\"ImageObject\",\"url\":\"https:\\\/\\\/eldigitaldeasturias.com\\\/magazine365\\\/wp-content\\\/uploads\\\/2015\\\/06\\\/fotonoticia_20150626130243_800.jpg\",\"@id\":\"https:\\\/\\\/eldigitaldeasturias.com\\\/magazine365\\\/la-ix-edicion-del-certamen-llerena-monumento-gastronomico-homenajea-a-caceres\\\/#mainImage\",\"width\":800,\"height\":600},\"primaryImageOfPage\":{\"@id\":\"https:\\\/\\\/eldigitaldeasturias.com\\\/magazine365\\\/la-ix-edicion-del-certamen-llerena-monumento-gastronomico-homenajea-a-caceres\\\/#mainImage\"},\"datePublished\":\"2015-06-26T13:50:41+02:00\",\"dateModified\":\"2015-06-26T13:50:41+02:00\"},{\"@type\":\"WebSite\",\"@id\":\"https:\\\/\\\/eldigitaldeasturias.com\\\/magazine365\\\/#website\",\"url\":\"https:\\\/\\\/eldigitaldeasturias.com\\\/magazine365\\\/\",\"name\":\"El Digital de Asturias\",\"description\":\"Revista de ocio, turismo y estilo de vida\",\"inLanguage\":\"es-ES\",\"publisher\":{\"@id\":\"https:\\\/\\\/eldigitaldeasturias.com\\\/magazine365\\\/#organization\"}}]}\n\t\t<\/script>\n\t\t<!-- All in One SEO Pro -->\r\n\t\t<title>La IX edici\u00f3n del certamen \u2018Llerena Monumento Gastron\u00f3mico\u2019 homenajea a C\u00e1ceres | El Digital de Asturias<\/title>\n\n","aioseo_head_json":{"title":"La IX edici\u00f3n del certamen \u2018Llerena Monumento Gastron\u00f3mico\u2019 homenajea a C\u00e1ceres | El Digital de Asturias","description":"El IX certamen 'Llerena Monumento Gastron\u00f3mico', que se celebra en la localidad pacense que le da t\u00edtulo, rinde homenaje a C\u00e1ceres con motivo del reconocimiento como Capital Espa\u00f1ola de la Gastronom\u00eda que ostenta durante este 2015. Se trata de una iniciativa que une el patrimonio cultural y gastron\u00f3mico de Llerena y que se llevar\u00e1 a","canonical_url":"https:\/\/eldigitaldeasturias.com\/magazine365\/la-ix-edicion-del-certamen-llerena-monumento-gastronomico-homenajea-a-caceres\/","robots":"max-image-preview:large","keywords":"noticias y actualidad","webmasterTools":{"google-site-verification":"UA-38556648-1","miscellaneous":""},"schema":{"@context":"https:\/\/schema.org","@graph":[{"@type":"Article","@id":"https:\/\/eldigitaldeasturias.com\/magazine365\/la-ix-edicion-del-certamen-llerena-monumento-gastronomico-homenajea-a-caceres\/#article","name":"La IX edici\u00f3n del certamen \u2018Llerena Monumento Gastron\u00f3mico\u2019 homenajea a C\u00e1ceres | El Digital de Asturias","headline":"La IX edici\u00f3n del certamen &#8216;Llerena Monumento Gastron\u00f3mico&#8217; homenajea a C\u00e1ceres","author":{"@id":"https:\/\/eldigitaldeasturias.com\/magazine365\/author\/admin\/#author"},"publisher":{"@id":"https:\/\/eldigitaldeasturias.com\/magazine365\/#organization"},"image":{"@type":"ImageObject","url":"https:\/\/eldigitaldeasturias.com\/magazine365\/wp-content\/uploads\/2015\/06\/fotonoticia_20150626130243_800.jpg","width":800,"height":600},"datePublished":"2015-06-26T13:50:41+02:00","dateModified":"2015-06-26T13:50:41+02:00","inLanguage":"es-ES","mainEntityOfPage":{"@id":"https:\/\/eldigitaldeasturias.com\/magazine365\/la-ix-edicion-del-certamen-llerena-monumento-gastronomico-homenajea-a-caceres\/#webpage"},"isPartOf":{"@id":"https:\/\/eldigitaldeasturias.com\/magazine365\/la-ix-edicion-del-certamen-llerena-monumento-gastronomico-homenajea-a-caceres\/#webpage"},"articleSection":"Noticias y Actualidad"},{"@type":"BreadcrumbList","@id":"https:\/\/eldigitaldeasturias.com\/magazine365\/la-ix-edicion-del-certamen-llerena-monumento-gastronomico-homenajea-a-caceres\/#breadcrumblist","itemListElement":[{"@type":"ListItem","@id":"https:\/\/eldigitaldeasturias.com\/magazine365#listItem","position":1,"name":"Home","item":"https:\/\/eldigitaldeasturias.com\/magazine365","nextItem":{"@type":"ListItem","@id":"https:\/\/eldigitaldeasturias.com\/magazine365\/category\/noticias-actualidad\/#listItem","name":"Noticias y Actualidad"}},{"@type":"ListItem","@id":"https:\/\/eldigitaldeasturias.com\/magazine365\/category\/noticias-actualidad\/#listItem","position":2,"name":"Noticias y Actualidad","item":"https:\/\/eldigitaldeasturias.com\/magazine365\/category\/noticias-actualidad\/","nextItem":{"@type":"ListItem","@id":"https:\/\/eldigitaldeasturias.com\/magazine365\/la-ix-edicion-del-certamen-llerena-monumento-gastronomico-homenajea-a-caceres\/#listItem","name":"La IX edici\u00f3n del certamen &#8216;Llerena Monumento Gastron\u00f3mico&#8217; homenajea a C\u00e1ceres"},"previousItem":{"@type":"ListItem","@id":"https:\/\/eldigitaldeasturias.com\/magazine365#listItem","name":"Home"}},{"@type":"ListItem","@id":"https:\/\/eldigitaldeasturias.com\/magazine365\/la-ix-edicion-del-certamen-llerena-monumento-gastronomico-homenajea-a-caceres\/#listItem","position":3,"name":"La IX edici\u00f3n del certamen &#8216;Llerena Monumento Gastron\u00f3mico&#8217; homenajea a C\u00e1ceres","previousItem":{"@type":"ListItem","@id":"https:\/\/eldigitaldeasturias.com\/magazine365\/category\/noticias-actualidad\/#listItem","name":"Noticias y Actualidad"}}]},{"@type":"Organization","@id":"https:\/\/eldigitaldeasturias.com\/magazine365\/#organization","name":"El digital de Asturias","description":"Revista de ocio, turismo y estilo de vida","url":"https:\/\/eldigitaldeasturias.com\/magazine365\/","logo":{"@type":"ImageObject","url":"https:\/\/www.eldigitaldeasturias.com\/noticias\/wp-content\/uploads\/2020\/12\/EDA.jpg","@id":"https:\/\/eldigitaldeasturias.com\/magazine365\/la-ix-edicion-del-certamen-llerena-monumento-gastronomico-homenajea-a-caceres\/#organizationLogo"},"image":{"@id":"https:\/\/eldigitaldeasturias.com\/magazine365\/la-ix-edicion-del-certamen-llerena-monumento-gastronomico-homenajea-a-caceres\/#organizationLogo"}},{"@type":"Person","@id":"https:\/\/eldigitaldeasturias.com\/magazine365\/author\/admin\/#author","url":"https:\/\/eldigitaldeasturias.com\/magazine365\/author\/admin\/","name":"admin","image":{"@type":"ImageObject","@id":"https:\/\/eldigitaldeasturias.com\/magazine365\/la-ix-edicion-del-certamen-llerena-monumento-gastronomico-homenajea-a-caceres\/#authorImage","url":"https:\/\/eldigitaldeasturias.com\/magazine365\/wp-content\/litespeed\/avatar\/e571bcf59a0edd6fa6838245a470f2fe.jpg?ver=1777574230","width":96,"height":96,"caption":"admin"}},{"@type":"WebPage","@id":"https:\/\/eldigitaldeasturias.com\/magazine365\/la-ix-edicion-del-certamen-llerena-monumento-gastronomico-homenajea-a-caceres\/#webpage","url":"https:\/\/eldigitaldeasturias.com\/magazine365\/la-ix-edicion-del-certamen-llerena-monumento-gastronomico-homenajea-a-caceres\/","name":"La IX edici\u00f3n del certamen \u2018Llerena Monumento Gastron\u00f3mico\u2019 homenajea a C\u00e1ceres | El Digital de Asturias","description":"El IX certamen 'Llerena Monumento Gastron\u00f3mico', que se celebra en la localidad pacense que le da t\u00edtulo, rinde homenaje a C\u00e1ceres con motivo del reconocimiento como Capital Espa\u00f1ola de la Gastronom\u00eda que ostenta durante este 2015. Se trata de una iniciativa que une el patrimonio cultural y gastron\u00f3mico de Llerena y que se llevar\u00e1 a","inLanguage":"es-ES","isPartOf":{"@id":"https:\/\/eldigitaldeasturias.com\/magazine365\/#website"},"breadcrumb":{"@id":"https:\/\/eldigitaldeasturias.com\/magazine365\/la-ix-edicion-del-certamen-llerena-monumento-gastronomico-homenajea-a-caceres\/#breadcrumblist"},"author":{"@id":"https:\/\/eldigitaldeasturias.com\/magazine365\/author\/admin\/#author"},"creator":{"@id":"https:\/\/eldigitaldeasturias.com\/magazine365\/author\/admin\/#author"},"image":{"@type":"ImageObject","url":"https:\/\/eldigitaldeasturias.com\/magazine365\/wp-content\/uploads\/2015\/06\/fotonoticia_20150626130243_800.jpg","@id":"https:\/\/eldigitaldeasturias.com\/magazine365\/la-ix-edicion-del-certamen-llerena-monumento-gastronomico-homenajea-a-caceres\/#mainImage","width":800,"height":600},"primaryImageOfPage":{"@id":"https:\/\/eldigitaldeasturias.com\/magazine365\/la-ix-edicion-del-certamen-llerena-monumento-gastronomico-homenajea-a-caceres\/#mainImage"},"datePublished":"2015-06-26T13:50:41+02:00","dateModified":"2015-06-26T13:50:41+02:00"},{"@type":"WebSite","@id":"https:\/\/eldigitaldeasturias.com\/magazine365\/#website","url":"https:\/\/eldigitaldeasturias.com\/magazine365\/","name":"El Digital de Asturias","description":"Revista de ocio, turismo y estilo de vida","inLanguage":"es-ES","publisher":{"@id":"https:\/\/eldigitaldeasturias.com\/magazine365\/#organization"}}]},"og:locale":"es_ES","og:site_name":"El Digital de Asturias \u2013 Revista de ocio, turismo y estilo de vida","og:type":"article","og:title":"La IX edici\u00f3n del certamen \u2018Llerena Monumento Gastron\u00f3mico\u2019 homenajea a C\u00e1ceres | El Digital de Asturias","og:description":"El IX certamen 'Llerena Monumento Gastron\u00f3mico', que se celebra en la localidad pacense que le da t\u00edtulo, rinde homenaje a C\u00e1ceres con motivo del reconocimiento como Capital Espa\u00f1ola de la Gastronom\u00eda que ostenta durante este 2015. Se trata de una iniciativa que une el patrimonio cultural y gastron\u00f3mico de Llerena y que se llevar\u00e1 a","og:url":"https:\/\/eldigitaldeasturias.com\/magazine365\/la-ix-edicion-del-certamen-llerena-monumento-gastronomico-homenajea-a-caceres\/","og:image":"https:\/\/eldigitaldeasturias.com\/magazine365\/wp-content\/uploads\/2015\/06\/fotonoticia_20150626130243_800.jpg","og:image:secure_url":"https:\/\/eldigitaldeasturias.com\/magazine365\/wp-content\/uploads\/2015\/06\/fotonoticia_20150626130243_800.jpg","og:image:width":800,"og:image:height":600,"article:published_time":"2015-06-26T12:20:41+00:00","article:modified_time":"2015-06-26T12:20:41+00:00","twitter:card":"summary_large_image","twitter:title":"La IX edici\u00f3n del certamen \u2018Llerena Monumento Gastron\u00f3mico\u2019 homenajea a C\u00e1ceres | El Digital de Asturias","twitter:description":"El IX certamen 'Llerena Monumento Gastron\u00f3mico', que se celebra en la localidad pacense que le da t\u00edtulo, rinde homenaje a C\u00e1ceres con motivo del reconocimiento como Capital Espa\u00f1ola de la Gastronom\u00eda que ostenta durante este 2015. Se trata de una iniciativa que une el patrimonio cultural y gastron\u00f3mico de Llerena y que se llevar\u00e1 a","twitter:image":"https:\/\/eldigitaldeasturias.com\/magazine365\/wp-content\/uploads\/2015\/06\/fotonoticia_20150626130243_800.jpg"},"aioseo_meta_data":{"post_id":"41129","title":null,"description":null,"keywords":null,"keyphrases":null,"primary_term":null,"canonical_url":null,"og_title":null,"og_description":null,"og_object_type":"default","og_image_type":"default","og_image_url":null,"og_image_width":null,"og_image_height":null,"og_image_custom_url":null,"og_image_custom_fields":null,"og_video":null,"og_custom_url":null,"og_article_section":null,"og_article_tags":null,"twitter_use_og":false,"twitter_card":"default","twitter_image_type":"default","twitter_image_url":null,"twitter_image_custom_url":null,"twitter_image_custom_fields":null,"twitter_title":null,"twitter_description":null,"schema":{"blockGraphs":[],"customGraphs":[],"default":{"data":{"Article":[],"Course":[],"Dataset":[],"FAQPage":[],"Movie":[],"Person":[],"Product":[],"ProductReview":[],"Car":[],"Recipe":[],"Service":[],"SoftwareApplication":[],"WebPage":[]},"graphName":"","isEnabled":true},"graphs":[],"defaultGraph":"","defaultPostTypeGraph":""},"schema_type":null,"schema_type_options":null,"pillar_content":false,"robots_default":true,"robots_noindex":false,"robots_noarchive":false,"robots_nosnippet":false,"robots_nofollow":false,"robots_noimageindex":false,"robots_noodp":false,"robots_notranslate":false,"robots_max_snippet":null,"robots_max_videopreview":null,"robots_max_imagepreview":"large","priority":null,"frequency":null,"location":null,"local_seo":null,"seo_analyzer_scan_date":"2025-09-19 15:04:06","breadcrumb_settings":null,"limit_modified_date":false,"open_ai":null,"ai":null,"created":"2021-03-09 02:19:42","updated":"2025-09-19 15:04:06"},"aioseo_breadcrumb":"<div class=\"aioseo-breadcrumbs\"><span class=\"aioseo-breadcrumb\">\n\t<a href=\"https:\/\/eldigitaldeasturias.com\/magazine365\" title=\"Home\">Home<\/a>\n<\/span><span class=\"aioseo-breadcrumb-separator\">\u2013<\/span><span class=\"aioseo-breadcrumb\">\n\t<a href=\"https:\/\/eldigitaldeasturias.com\/magazine365\/category\/noticias-actualidad\/\" title=\"Noticias y Actualidad\">Noticias y Actualidad<\/a>\n<\/span><span class=\"aioseo-breadcrumb-separator\">\u2013<\/span><span class=\"aioseo-breadcrumb\">\n\t<a href=\"https:\/\/eldigitaldeasturias.com\/magazine365\/la-ix-edicion-del-certamen-llerena-monumento-gastronomico-homenajea-a-caceres\/\" title=\"La IX edici\u00f3n del certamen \u2018Llerena Monumento Gastron\u00f3mico\u2019 homenajea a C\u00e1ceres\">La IX edici\u00f3n del certamen \u2018Llerena Monumento Gastron\u00f3mico\u2019 homenajea a C\u00e1ceres<\/a>\n<\/span><\/div>","aioseo_breadcrumb_json":[{"label":"Home","link":"https:\/\/eldigitaldeasturias.com\/magazine365"},{"label":"Noticias y Actualidad","link":"https:\/\/eldigitaldeasturias.com\/magazine365\/category\/noticias-actualidad\/"},{"label":"La IX edici\u00f3n del certamen &#8216;Llerena Monumento Gastron\u00f3mico&#8217; homenajea a C\u00e1ceres","link":"https:\/\/eldigitaldeasturias.com\/magazine365\/la-ix-edicion-del-certamen-llerena-monumento-gastronomico-homenajea-a-caceres\/"}],"_links":{"self":[{"href":"https:\/\/eldigitaldeasturias.com\/magazine365\/wp-json\/wp\/v2\/posts\/41129","targetHints":{"allow":["GET"]}}],"collection":[{"href":"https:\/\/eldigitaldeasturias.com\/magazine365\/wp-json\/wp\/v2\/posts"}],"about":[{"href":"https:\/\/eldigitaldeasturias.com\/magazine365\/wp-json\/wp\/v2\/types\/post"}],"author":[{"embeddable":true,"href":"https:\/\/eldigitaldeasturias.com\/magazine365\/wp-json\/wp\/v2\/users\/1"}],"replies":[{"embeddable":true,"href":"https:\/\/eldigitaldeasturias.com\/magazine365\/wp-json\/wp\/v2\/comments?post=41129"}],"version-history":[{"count":0,"href":"https:\/\/eldigitaldeasturias.com\/magazine365\/wp-json\/wp\/v2\/posts\/41129\/revisions"}],"wp:featuredmedia":[{"embeddable":true,"href":"https:\/\/eldigitaldeasturias.com\/magazine365\/wp-json\/wp\/v2\/media\/41130"}],"wp:attachment":[{"href":"https:\/\/eldigitaldeasturias.com\/magazine365\/wp-json\/wp\/v2\/media?parent=41129"}],"wp:term":[{"taxonomy":"category","embeddable":true,"href":"https:\/\/eldigitaldeasturias.com\/magazine365\/wp-json\/wp\/v2\/categories?post=41129"},{"taxonomy":"post_tag","embeddable":true,"href":"https:\/\/eldigitaldeasturias.com\/magazine365\/wp-json\/wp\/v2\/tags?post=41129"}],"curies":[{"name":"wp","href":"https:\/\/api.w.org\/{rel}","templated":true}]}}