{"id":41126,"date":"2015-06-26T13:45:50","date_gmt":"2015-06-26T12:15:50","guid":{"rendered":"http:\/\/eldigitaldeasturias.com\/magazine365\/?p=41126"},"modified":"2015-06-26T13:45:50","modified_gmt":"2015-06-26T12:15:50","slug":"el-prat-operara-mas-de-10-000-aviones-durante-la-primera-fase-de-salida-de-verano","status":"publish","type":"post","link":"https:\/\/eldigitaldeasturias.com\/magazine365\/el-prat-operara-mas-de-10-000-aviones-durante-la-primera-fase-de-salida-de-verano\/","title":{"rendered":"El Prat operar\u00e1 m\u00e1s de 10.000 aviones durante la primera fase de salida de verano"},"content":{"rendered":"<p><img fetchpriority=\"high\" decoding=\"async\" class=\"alignleft size-medium wp-image-41127\" src=\"https:\/\/eldigitaldeasturias.com\/magazine365\/wp-content\/uploads\/2015\/06\/fotonoticia_20150626125803_800-360x239.jpg\" alt=\"fotonoticia_20150626125803_800\" width=\"360\" height=\"239\" srcset=\"https:\/\/eldigitaldeasturias.com\/magazine365\/wp-content\/uploads\/2015\/06\/fotonoticia_20150626125803_800-360x239.jpg 360w, https:\/\/eldigitaldeasturias.com\/magazine365\/wp-content\/uploads\/2015\/06\/fotonoticia_20150626125803_800-650x431.jpg 650w, https:\/\/eldigitaldeasturias.com\/magazine365\/wp-content\/uploads\/2015\/06\/fotonoticia_20150626125803_800-768x510.jpg 768w, https:\/\/eldigitaldeasturias.com\/magazine365\/wp-content\/uploads\/2015\/06\/fotonoticia_20150626125803_800-150x100.jpg 150w, https:\/\/eldigitaldeasturias.com\/magazine365\/wp-content\/uploads\/2015\/06\/fotonoticia_20150626125803_800-450x299.jpg 450w, https:\/\/eldigitaldeasturias.com\/magazine365\/wp-content\/uploads\/2015\/06\/fotonoticia_20150626125803_800-696x462.jpg 696w, https:\/\/eldigitaldeasturias.com\/magazine365\/wp-content\/uploads\/2015\/06\/fotonoticia_20150626125803_800-633x420.jpg 633w, https:\/\/eldigitaldeasturias.com\/magazine365\/wp-content\/uploads\/2015\/06\/fotonoticia_20150626125803_800-84x55.jpg 84w, https:\/\/eldigitaldeasturias.com\/magazine365\/wp-content\/uploads\/2015\/06\/fotonoticia_20150626125803_800.jpg 800w\" sizes=\"(max-width: 360px) 100vw, 360px\" \/>El Aeropuerto de Barcelona-El Prat inicia este viernes y hasta el 6 de julio la primera operaci\u00f3n salida de verano, durante la que est\u00e1n programadas 10.118 operaciones, con una oferta de m\u00e1s de 1,7 millones de asientos por parte de las compa\u00f1\u00edas a\u00e9reas.<\/p>\n<p>Seg\u00fan ha informado Aena, la jornada de m\u00e1s actividad de esta primera operaci\u00f3n salida de verano es este viernes, con 986 vuelos y 171.345 asientos, seguido por el 3 de julio, con 969 movimientos y 168.932 asientos.<\/p>\n<p>En total, entre el 26 de junio y el 6 de julio el aeropuerto de El Prat tiene programadas 10.118 operaciones y las compa\u00f1\u00edas ofertan 1.773.126 plazas.<\/p>\n<p>Los destinos con m\u00e1s demanda estos d\u00edas son las Islas Baleares y Sevilla, a nivel nacional; Londres, Par\u00eds, \u00c1msterdam, Roma y Frankfurt, a nivel europeo; y Mosc\u00fa, Tel Aviv, Argel y Estambul, a nivel internacional.<\/p>\n<p>En cuanto a los vuelos ch\u00e1rter, la mayor\u00eda son vuelos con Mosc\u00fa, Tel Aviv, San Petersburgo y Ekaterimburgo.<\/p>\n<p>Seg\u00fan Aena, el Aeropuerto de El Prat optimizar\u00e1 los recursos de seguridad, limpieza y asistencia al pasajero para hacer frente al aumento de la actividad con motivo de esta operaci\u00f3n salida.<\/p>\n","protected":false},"excerpt":{"rendered":"<p>El Aeropuerto de Barcelona-El Prat inicia este viernes y hasta el 6 de julio la primera operaci\u00f3n salida de verano, durante la que est\u00e1n programadas 10.118 operaciones, con una oferta de m\u00e1s de 1,7 millones de asientos por parte de las compa\u00f1\u00edas a\u00e9reas. Seg\u00fan ha informado Aena, la jornada de m\u00e1s actividad de esta primera<\/p>\n","protected":false},"author":1,"featured_media":41127,"comment_status":"open","ping_status":"closed","sticky":false,"template":"","format":"standard","meta":{"footnotes":""},"categories":[224],"tags":[],"class_list":{"0":"post-41126","1":"post","2":"type-post","3":"status-publish","4":"format-standard","5":"has-post-thumbnail","7":"category-noticias-actualidad"},"aioseo_notices":[],"aioseo_head":"\n\t\t<!-- All in One SEO Pro 4.9.6.1 - aioseo.com -->\n\t<meta name=\"description\" content=\"El Aeropuerto de Barcelona-El Prat inicia este viernes y hasta el 6 de julio la primera operaci\u00f3n salida de verano, durante la que est\u00e1n programadas 10.118 operaciones, con una oferta de m\u00e1s de 1,7 millones de asientos por parte de las compa\u00f1\u00edas a\u00e9reas. Seg\u00fan ha informado Aena, la jornada de m\u00e1s actividad de esta primera\" \/>\n\t<meta name=\"robots\" content=\"max-image-preview:large\" \/>\n\t<meta name=\"author\" content=\"admin\"\/>\n\t<meta name=\"google-site-verification\" content=\"UA-38556648-1\" \/>\n\t<meta name=\"keywords\" content=\"noticias y actualidad\" \/>\n\t<link rel=\"canonical\" href=\"https:\/\/eldigitaldeasturias.com\/magazine365\/el-prat-operara-mas-de-10-000-aviones-durante-la-primera-fase-de-salida-de-verano\/\" \/>\n\t<meta name=\"generator\" content=\"All in One SEO Pro (AIOSEO) 4.9.6.1\" \/>\n\t\t<meta property=\"og:locale\" content=\"es_ES\" \/>\n\t\t<meta property=\"og:site_name\" content=\"El Digital de Asturias \u2013 Revista de ocio, turismo y estilo de vida\" \/>\n\t\t<meta property=\"og:type\" content=\"article\" \/>\n\t\t<meta property=\"og:title\" content=\"El Prat operar\u00e1 m\u00e1s de 10.000 aviones durante la primera fase de salida de verano | El Digital de Asturias\" \/>\n\t\t<meta property=\"og:description\" content=\"El Aeropuerto de Barcelona-El Prat inicia este viernes y hasta el 6 de julio la primera operaci\u00f3n salida de verano, durante la que est\u00e1n programadas 10.118 operaciones, con una oferta de m\u00e1s de 1,7 millones de asientos por parte de las compa\u00f1\u00edas a\u00e9reas. Seg\u00fan ha informado Aena, la jornada de m\u00e1s actividad de esta primera\" \/>\n\t\t<meta property=\"og:url\" content=\"https:\/\/eldigitaldeasturias.com\/magazine365\/el-prat-operara-mas-de-10-000-aviones-durante-la-primera-fase-de-salida-de-verano\/\" \/>\n\t\t<meta property=\"og:image\" content=\"https:\/\/eldigitaldeasturias.com\/magazine365\/wp-content\/uploads\/2015\/06\/fotonoticia_20150626125803_800.jpg\" \/>\n\t\t<meta property=\"og:image:secure_url\" content=\"https:\/\/eldigitaldeasturias.com\/magazine365\/wp-content\/uploads\/2015\/06\/fotonoticia_20150626125803_800.jpg\" \/>\n\t\t<meta property=\"og:image:width\" content=\"800\" \/>\n\t\t<meta property=\"og:image:height\" content=\"531\" \/>\n\t\t<meta property=\"article:published_time\" content=\"2015-06-26T12:15:50+00:00\" \/>\n\t\t<meta property=\"article:modified_time\" content=\"2015-06-26T12:15:50+00:00\" \/>\n\t\t<meta name=\"twitter:card\" content=\"summary_large_image\" \/>\n\t\t<meta name=\"twitter:title\" content=\"El Prat operar\u00e1 m\u00e1s de 10.000 aviones durante la primera fase de salida de verano | El Digital de Asturias\" \/>\n\t\t<meta name=\"twitter:description\" content=\"El Aeropuerto de Barcelona-El Prat inicia este viernes y hasta el 6 de julio la primera operaci\u00f3n salida de verano, durante la que est\u00e1n programadas 10.118 operaciones, con una oferta de m\u00e1s de 1,7 millones de asientos por parte de las compa\u00f1\u00edas a\u00e9reas. Seg\u00fan ha informado Aena, la jornada de m\u00e1s actividad de esta primera\" \/>\n\t\t<meta name=\"twitter:image\" content=\"https:\/\/eldigitaldeasturias.com\/magazine365\/wp-content\/uploads\/2015\/06\/fotonoticia_20150626125803_800.jpg\" \/>\n\t\t<script type=\"application\/ld+json\" class=\"aioseo-schema\">\n\t\t\t{\"@context\":\"https:\\\/\\\/schema.org\",\"@graph\":[{\"@type\":\"Article\",\"@id\":\"https:\\\/\\\/eldigitaldeasturias.com\\\/magazine365\\\/el-prat-operara-mas-de-10-000-aviones-durante-la-primera-fase-de-salida-de-verano\\\/#article\",\"name\":\"El Prat operar\\u00e1 m\\u00e1s de 10.000 aviones durante la primera fase de salida de verano | El Digital de Asturias\",\"headline\":\"El Prat operar\\u00e1 m\\u00e1s de 10.000 aviones durante la primera fase de salida de verano\",\"author\":{\"@id\":\"https:\\\/\\\/eldigitaldeasturias.com\\\/magazine365\\\/author\\\/admin\\\/#author\"},\"publisher\":{\"@id\":\"https:\\\/\\\/eldigitaldeasturias.com\\\/magazine365\\\/#organization\"},\"image\":{\"@type\":\"ImageObject\",\"url\":\"https:\\\/\\\/eldigitaldeasturias.com\\\/magazine365\\\/wp-content\\\/uploads\\\/2015\\\/06\\\/fotonoticia_20150626125803_800.jpg\",\"width\":800,\"height\":531},\"datePublished\":\"2015-06-26T13:45:50+02:00\",\"dateModified\":\"2015-06-26T13:45:50+02:00\",\"inLanguage\":\"es-ES\",\"mainEntityOfPage\":{\"@id\":\"https:\\\/\\\/eldigitaldeasturias.com\\\/magazine365\\\/el-prat-operara-mas-de-10-000-aviones-durante-la-primera-fase-de-salida-de-verano\\\/#webpage\"},\"isPartOf\":{\"@id\":\"https:\\\/\\\/eldigitaldeasturias.com\\\/magazine365\\\/el-prat-operara-mas-de-10-000-aviones-durante-la-primera-fase-de-salida-de-verano\\\/#webpage\"},\"articleSection\":\"Noticias y Actualidad\"},{\"@type\":\"BreadcrumbList\",\"@id\":\"https:\\\/\\\/eldigitaldeasturias.com\\\/magazine365\\\/el-prat-operara-mas-de-10-000-aviones-durante-la-primera-fase-de-salida-de-verano\\\/#breadcrumblist\",\"itemListElement\":[{\"@type\":\"ListItem\",\"@id\":\"https:\\\/\\\/eldigitaldeasturias.com\\\/magazine365#listItem\",\"position\":1,\"name\":\"Home\",\"item\":\"https:\\\/\\\/eldigitaldeasturias.com\\\/magazine365\",\"nextItem\":{\"@type\":\"ListItem\",\"@id\":\"https:\\\/\\\/eldigitaldeasturias.com\\\/magazine365\\\/category\\\/noticias-actualidad\\\/#listItem\",\"name\":\"Noticias y Actualidad\"}},{\"@type\":\"ListItem\",\"@id\":\"https:\\\/\\\/eldigitaldeasturias.com\\\/magazine365\\\/category\\\/noticias-actualidad\\\/#listItem\",\"position\":2,\"name\":\"Noticias y Actualidad\",\"item\":\"https:\\\/\\\/eldigitaldeasturias.com\\\/magazine365\\\/category\\\/noticias-actualidad\\\/\",\"nextItem\":{\"@type\":\"ListItem\",\"@id\":\"https:\\\/\\\/eldigitaldeasturias.com\\\/magazine365\\\/el-prat-operara-mas-de-10-000-aviones-durante-la-primera-fase-de-salida-de-verano\\\/#listItem\",\"name\":\"El Prat operar\\u00e1 m\\u00e1s de 10.000 aviones durante la primera fase de salida de verano\"},\"previousItem\":{\"@type\":\"ListItem\",\"@id\":\"https:\\\/\\\/eldigitaldeasturias.com\\\/magazine365#listItem\",\"name\":\"Home\"}},{\"@type\":\"ListItem\",\"@id\":\"https:\\\/\\\/eldigitaldeasturias.com\\\/magazine365\\\/el-prat-operara-mas-de-10-000-aviones-durante-la-primera-fase-de-salida-de-verano\\\/#listItem\",\"position\":3,\"name\":\"El Prat operar\\u00e1 m\\u00e1s de 10.000 aviones durante la primera fase de salida de verano\",\"previousItem\":{\"@type\":\"ListItem\",\"@id\":\"https:\\\/\\\/eldigitaldeasturias.com\\\/magazine365\\\/category\\\/noticias-actualidad\\\/#listItem\",\"name\":\"Noticias y Actualidad\"}}]},{\"@type\":\"Organization\",\"@id\":\"https:\\\/\\\/eldigitaldeasturias.com\\\/magazine365\\\/#organization\",\"name\":\"El digital de Asturias\",\"description\":\"Revista de ocio, turismo y estilo de vida\",\"url\":\"https:\\\/\\\/eldigitaldeasturias.com\\\/magazine365\\\/\",\"logo\":{\"@type\":\"ImageObject\",\"url\":\"https:\\\/\\\/www.eldigitaldeasturias.com\\\/noticias\\\/wp-content\\\/uploads\\\/2020\\\/12\\\/EDA.jpg\",\"@id\":\"https:\\\/\\\/eldigitaldeasturias.com\\\/magazine365\\\/el-prat-operara-mas-de-10-000-aviones-durante-la-primera-fase-de-salida-de-verano\\\/#organizationLogo\"},\"image\":{\"@id\":\"https:\\\/\\\/eldigitaldeasturias.com\\\/magazine365\\\/el-prat-operara-mas-de-10-000-aviones-durante-la-primera-fase-de-salida-de-verano\\\/#organizationLogo\"}},{\"@type\":\"Person\",\"@id\":\"https:\\\/\\\/eldigitaldeasturias.com\\\/magazine365\\\/author\\\/admin\\\/#author\",\"url\":\"https:\\\/\\\/eldigitaldeasturias.com\\\/magazine365\\\/author\\\/admin\\\/\",\"name\":\"admin\",\"image\":{\"@type\":\"ImageObject\",\"@id\":\"https:\\\/\\\/eldigitaldeasturias.com\\\/magazine365\\\/el-prat-operara-mas-de-10-000-aviones-durante-la-primera-fase-de-salida-de-verano\\\/#authorImage\",\"url\":\"https:\\\/\\\/eldigitaldeasturias.com\\\/magazine365\\\/wp-content\\\/litespeed\\\/avatar\\\/e571bcf59a0edd6fa6838245a470f2fe.jpg?ver=1777574230\",\"width\":96,\"height\":96,\"caption\":\"admin\"}},{\"@type\":\"WebPage\",\"@id\":\"https:\\\/\\\/eldigitaldeasturias.com\\\/magazine365\\\/el-prat-operara-mas-de-10-000-aviones-durante-la-primera-fase-de-salida-de-verano\\\/#webpage\",\"url\":\"https:\\\/\\\/eldigitaldeasturias.com\\\/magazine365\\\/el-prat-operara-mas-de-10-000-aviones-durante-la-primera-fase-de-salida-de-verano\\\/\",\"name\":\"El Prat operar\\u00e1 m\\u00e1s de 10.000 aviones durante la primera fase de salida de verano | El Digital de Asturias\",\"description\":\"El Aeropuerto de Barcelona-El Prat inicia este viernes y hasta el 6 de julio la primera operaci\\u00f3n salida de verano, durante la que est\\u00e1n programadas 10.118 operaciones, con una oferta de m\\u00e1s de 1,7 millones de asientos por parte de las compa\\u00f1\\u00edas a\\u00e9reas. Seg\\u00fan ha informado Aena, la jornada de m\\u00e1s actividad de esta primera\",\"inLanguage\":\"es-ES\",\"isPartOf\":{\"@id\":\"https:\\\/\\\/eldigitaldeasturias.com\\\/magazine365\\\/#website\"},\"breadcrumb\":{\"@id\":\"https:\\\/\\\/eldigitaldeasturias.com\\\/magazine365\\\/el-prat-operara-mas-de-10-000-aviones-durante-la-primera-fase-de-salida-de-verano\\\/#breadcrumblist\"},\"author\":{\"@id\":\"https:\\\/\\\/eldigitaldeasturias.com\\\/magazine365\\\/author\\\/admin\\\/#author\"},\"creator\":{\"@id\":\"https:\\\/\\\/eldigitaldeasturias.com\\\/magazine365\\\/author\\\/admin\\\/#author\"},\"image\":{\"@type\":\"ImageObject\",\"url\":\"https:\\\/\\\/eldigitaldeasturias.com\\\/magazine365\\\/wp-content\\\/uploads\\\/2015\\\/06\\\/fotonoticia_20150626125803_800.jpg\",\"@id\":\"https:\\\/\\\/eldigitaldeasturias.com\\\/magazine365\\\/el-prat-operara-mas-de-10-000-aviones-durante-la-primera-fase-de-salida-de-verano\\\/#mainImage\",\"width\":800,\"height\":531},\"primaryImageOfPage\":{\"@id\":\"https:\\\/\\\/eldigitaldeasturias.com\\\/magazine365\\\/el-prat-operara-mas-de-10-000-aviones-durante-la-primera-fase-de-salida-de-verano\\\/#mainImage\"},\"datePublished\":\"2015-06-26T13:45:50+02:00\",\"dateModified\":\"2015-06-26T13:45:50+02:00\"},{\"@type\":\"WebSite\",\"@id\":\"https:\\\/\\\/eldigitaldeasturias.com\\\/magazine365\\\/#website\",\"url\":\"https:\\\/\\\/eldigitaldeasturias.com\\\/magazine365\\\/\",\"name\":\"El Digital de Asturias\",\"description\":\"Revista de ocio, turismo y estilo de vida\",\"inLanguage\":\"es-ES\",\"publisher\":{\"@id\":\"https:\\\/\\\/eldigitaldeasturias.com\\\/magazine365\\\/#organization\"}}]}\n\t\t<\/script>\n\t\t<!-- All in One SEO Pro -->\r\n\t\t<title>El Prat operar\u00e1 m\u00e1s de 10.000 aviones durante la primera fase de salida de verano | El Digital de Asturias<\/title>\n\n","aioseo_head_json":{"title":"El Prat operar\u00e1 m\u00e1s de 10.000 aviones durante la primera fase de salida de verano | El Digital de Asturias","description":"El Aeropuerto de Barcelona-El Prat inicia este viernes y hasta el 6 de julio la primera operaci\u00f3n salida de verano, durante la que est\u00e1n programadas 10.118 operaciones, con una oferta de m\u00e1s de 1,7 millones de asientos por parte de las compa\u00f1\u00edas a\u00e9reas. Seg\u00fan ha informado Aena, la jornada de m\u00e1s actividad de esta primera","canonical_url":"https:\/\/eldigitaldeasturias.com\/magazine365\/el-prat-operara-mas-de-10-000-aviones-durante-la-primera-fase-de-salida-de-verano\/","robots":"max-image-preview:large","keywords":"noticias y actualidad","webmasterTools":{"google-site-verification":"UA-38556648-1","miscellaneous":""},"schema":{"@context":"https:\/\/schema.org","@graph":[{"@type":"Article","@id":"https:\/\/eldigitaldeasturias.com\/magazine365\/el-prat-operara-mas-de-10-000-aviones-durante-la-primera-fase-de-salida-de-verano\/#article","name":"El Prat operar\u00e1 m\u00e1s de 10.000 aviones durante la primera fase de salida de verano | El Digital de Asturias","headline":"El Prat operar\u00e1 m\u00e1s de 10.000 aviones durante la primera fase de salida de verano","author":{"@id":"https:\/\/eldigitaldeasturias.com\/magazine365\/author\/admin\/#author"},"publisher":{"@id":"https:\/\/eldigitaldeasturias.com\/magazine365\/#organization"},"image":{"@type":"ImageObject","url":"https:\/\/eldigitaldeasturias.com\/magazine365\/wp-content\/uploads\/2015\/06\/fotonoticia_20150626125803_800.jpg","width":800,"height":531},"datePublished":"2015-06-26T13:45:50+02:00","dateModified":"2015-06-26T13:45:50+02:00","inLanguage":"es-ES","mainEntityOfPage":{"@id":"https:\/\/eldigitaldeasturias.com\/magazine365\/el-prat-operara-mas-de-10-000-aviones-durante-la-primera-fase-de-salida-de-verano\/#webpage"},"isPartOf":{"@id":"https:\/\/eldigitaldeasturias.com\/magazine365\/el-prat-operara-mas-de-10-000-aviones-durante-la-primera-fase-de-salida-de-verano\/#webpage"},"articleSection":"Noticias y Actualidad"},{"@type":"BreadcrumbList","@id":"https:\/\/eldigitaldeasturias.com\/magazine365\/el-prat-operara-mas-de-10-000-aviones-durante-la-primera-fase-de-salida-de-verano\/#breadcrumblist","itemListElement":[{"@type":"ListItem","@id":"https:\/\/eldigitaldeasturias.com\/magazine365#listItem","position":1,"name":"Home","item":"https:\/\/eldigitaldeasturias.com\/magazine365","nextItem":{"@type":"ListItem","@id":"https:\/\/eldigitaldeasturias.com\/magazine365\/category\/noticias-actualidad\/#listItem","name":"Noticias y Actualidad"}},{"@type":"ListItem","@id":"https:\/\/eldigitaldeasturias.com\/magazine365\/category\/noticias-actualidad\/#listItem","position":2,"name":"Noticias y Actualidad","item":"https:\/\/eldigitaldeasturias.com\/magazine365\/category\/noticias-actualidad\/","nextItem":{"@type":"ListItem","@id":"https:\/\/eldigitaldeasturias.com\/magazine365\/el-prat-operara-mas-de-10-000-aviones-durante-la-primera-fase-de-salida-de-verano\/#listItem","name":"El Prat operar\u00e1 m\u00e1s de 10.000 aviones durante la primera fase de salida de verano"},"previousItem":{"@type":"ListItem","@id":"https:\/\/eldigitaldeasturias.com\/magazine365#listItem","name":"Home"}},{"@type":"ListItem","@id":"https:\/\/eldigitaldeasturias.com\/magazine365\/el-prat-operara-mas-de-10-000-aviones-durante-la-primera-fase-de-salida-de-verano\/#listItem","position":3,"name":"El Prat operar\u00e1 m\u00e1s de 10.000 aviones durante la primera fase de salida de verano","previousItem":{"@type":"ListItem","@id":"https:\/\/eldigitaldeasturias.com\/magazine365\/category\/noticias-actualidad\/#listItem","name":"Noticias y Actualidad"}}]},{"@type":"Organization","@id":"https:\/\/eldigitaldeasturias.com\/magazine365\/#organization","name":"El digital de Asturias","description":"Revista de ocio, turismo y estilo de vida","url":"https:\/\/eldigitaldeasturias.com\/magazine365\/","logo":{"@type":"ImageObject","url":"https:\/\/www.eldigitaldeasturias.com\/noticias\/wp-content\/uploads\/2020\/12\/EDA.jpg","@id":"https:\/\/eldigitaldeasturias.com\/magazine365\/el-prat-operara-mas-de-10-000-aviones-durante-la-primera-fase-de-salida-de-verano\/#organizationLogo"},"image":{"@id":"https:\/\/eldigitaldeasturias.com\/magazine365\/el-prat-operara-mas-de-10-000-aviones-durante-la-primera-fase-de-salida-de-verano\/#organizationLogo"}},{"@type":"Person","@id":"https:\/\/eldigitaldeasturias.com\/magazine365\/author\/admin\/#author","url":"https:\/\/eldigitaldeasturias.com\/magazine365\/author\/admin\/","name":"admin","image":{"@type":"ImageObject","@id":"https:\/\/eldigitaldeasturias.com\/magazine365\/el-prat-operara-mas-de-10-000-aviones-durante-la-primera-fase-de-salida-de-verano\/#authorImage","url":"https:\/\/eldigitaldeasturias.com\/magazine365\/wp-content\/litespeed\/avatar\/e571bcf59a0edd6fa6838245a470f2fe.jpg?ver=1777574230","width":96,"height":96,"caption":"admin"}},{"@type":"WebPage","@id":"https:\/\/eldigitaldeasturias.com\/magazine365\/el-prat-operara-mas-de-10-000-aviones-durante-la-primera-fase-de-salida-de-verano\/#webpage","url":"https:\/\/eldigitaldeasturias.com\/magazine365\/el-prat-operara-mas-de-10-000-aviones-durante-la-primera-fase-de-salida-de-verano\/","name":"El Prat operar\u00e1 m\u00e1s de 10.000 aviones durante la primera fase de salida de verano | El Digital de Asturias","description":"El Aeropuerto de Barcelona-El Prat inicia este viernes y hasta el 6 de julio la primera operaci\u00f3n salida de verano, durante la que est\u00e1n programadas 10.118 operaciones, con una oferta de m\u00e1s de 1,7 millones de asientos por parte de las compa\u00f1\u00edas a\u00e9reas. Seg\u00fan ha informado Aena, la jornada de m\u00e1s actividad de esta primera","inLanguage":"es-ES","isPartOf":{"@id":"https:\/\/eldigitaldeasturias.com\/magazine365\/#website"},"breadcrumb":{"@id":"https:\/\/eldigitaldeasturias.com\/magazine365\/el-prat-operara-mas-de-10-000-aviones-durante-la-primera-fase-de-salida-de-verano\/#breadcrumblist"},"author":{"@id":"https:\/\/eldigitaldeasturias.com\/magazine365\/author\/admin\/#author"},"creator":{"@id":"https:\/\/eldigitaldeasturias.com\/magazine365\/author\/admin\/#author"},"image":{"@type":"ImageObject","url":"https:\/\/eldigitaldeasturias.com\/magazine365\/wp-content\/uploads\/2015\/06\/fotonoticia_20150626125803_800.jpg","@id":"https:\/\/eldigitaldeasturias.com\/magazine365\/el-prat-operara-mas-de-10-000-aviones-durante-la-primera-fase-de-salida-de-verano\/#mainImage","width":800,"height":531},"primaryImageOfPage":{"@id":"https:\/\/eldigitaldeasturias.com\/magazine365\/el-prat-operara-mas-de-10-000-aviones-durante-la-primera-fase-de-salida-de-verano\/#mainImage"},"datePublished":"2015-06-26T13:45:50+02:00","dateModified":"2015-06-26T13:45:50+02:00"},{"@type":"WebSite","@id":"https:\/\/eldigitaldeasturias.com\/magazine365\/#website","url":"https:\/\/eldigitaldeasturias.com\/magazine365\/","name":"El Digital de Asturias","description":"Revista de ocio, turismo y estilo de vida","inLanguage":"es-ES","publisher":{"@id":"https:\/\/eldigitaldeasturias.com\/magazine365\/#organization"}}]},"og:locale":"es_ES","og:site_name":"El Digital de Asturias \u2013 Revista de ocio, turismo y estilo de vida","og:type":"article","og:title":"El Prat operar\u00e1 m\u00e1s de 10.000 aviones durante la primera fase de salida de verano | El Digital de Asturias","og:description":"El Aeropuerto de Barcelona-El Prat inicia este viernes y hasta el 6 de julio la primera operaci\u00f3n salida de verano, durante la que est\u00e1n programadas 10.118 operaciones, con una oferta de m\u00e1s de 1,7 millones de asientos por parte de las compa\u00f1\u00edas a\u00e9reas. Seg\u00fan ha informado Aena, la jornada de m\u00e1s actividad de esta primera","og:url":"https:\/\/eldigitaldeasturias.com\/magazine365\/el-prat-operara-mas-de-10-000-aviones-durante-la-primera-fase-de-salida-de-verano\/","og:image":"https:\/\/eldigitaldeasturias.com\/magazine365\/wp-content\/uploads\/2015\/06\/fotonoticia_20150626125803_800.jpg","og:image:secure_url":"https:\/\/eldigitaldeasturias.com\/magazine365\/wp-content\/uploads\/2015\/06\/fotonoticia_20150626125803_800.jpg","og:image:width":800,"og:image:height":531,"article:published_time":"2015-06-26T12:15:50+00:00","article:modified_time":"2015-06-26T12:15:50+00:00","twitter:card":"summary_large_image","twitter:title":"El Prat operar\u00e1 m\u00e1s de 10.000 aviones durante la primera fase de salida de verano | El Digital de Asturias","twitter:description":"El Aeropuerto de Barcelona-El Prat inicia este viernes y hasta el 6 de julio la primera operaci\u00f3n salida de verano, durante la que est\u00e1n programadas 10.118 operaciones, con una oferta de m\u00e1s de 1,7 millones de asientos por parte de las compa\u00f1\u00edas a\u00e9reas. Seg\u00fan ha informado Aena, la jornada de m\u00e1s actividad de esta primera","twitter:image":"https:\/\/eldigitaldeasturias.com\/magazine365\/wp-content\/uploads\/2015\/06\/fotonoticia_20150626125803_800.jpg"},"aioseo_meta_data":{"post_id":"41126","title":null,"description":null,"keywords":null,"keyphrases":null,"primary_term":null,"canonical_url":null,"og_title":null,"og_description":null,"og_object_type":"default","og_image_type":"default","og_image_url":null,"og_image_width":null,"og_image_height":null,"og_image_custom_url":null,"og_image_custom_fields":null,"og_video":null,"og_custom_url":null,"og_article_section":null,"og_article_tags":null,"twitter_use_og":false,"twitter_card":"default","twitter_image_type":"default","twitter_image_url":null,"twitter_image_custom_url":null,"twitter_image_custom_fields":null,"twitter_title":null,"twitter_description":null,"schema":{"blockGraphs":[],"customGraphs":[],"default":{"data":{"Article":[],"Course":[],"Dataset":[],"FAQPage":[],"Movie":[],"Person":[],"Product":[],"ProductReview":[],"Car":[],"Recipe":[],"Service":[],"SoftwareApplication":[],"WebPage":[]},"graphName":"","isEnabled":true},"graphs":[],"defaultGraph":"","defaultPostTypeGraph":""},"schema_type":null,"schema_type_options":null,"pillar_content":false,"robots_default":true,"robots_noindex":false,"robots_noarchive":false,"robots_nosnippet":false,"robots_nofollow":false,"robots_noimageindex":false,"robots_noodp":false,"robots_notranslate":false,"robots_max_snippet":null,"robots_max_videopreview":null,"robots_max_imagepreview":"large","priority":null,"frequency":null,"location":null,"local_seo":null,"seo_analyzer_scan_date":"2025-09-19 15:04:03","breadcrumb_settings":null,"limit_modified_date":false,"open_ai":null,"ai":null,"created":"2021-03-09 02:19:42","updated":"2025-09-19 15:04:03"},"aioseo_breadcrumb":"<div class=\"aioseo-breadcrumbs\"><span class=\"aioseo-breadcrumb\">\n\t<a href=\"https:\/\/eldigitaldeasturias.com\/magazine365\" title=\"Home\">Home<\/a>\n<\/span><span class=\"aioseo-breadcrumb-separator\">\u2013<\/span><span class=\"aioseo-breadcrumb\">\n\t<a href=\"https:\/\/eldigitaldeasturias.com\/magazine365\/category\/noticias-actualidad\/\" title=\"Noticias y Actualidad\">Noticias y Actualidad<\/a>\n<\/span><span class=\"aioseo-breadcrumb-separator\">\u2013<\/span><span class=\"aioseo-breadcrumb\">\n\t<a href=\"https:\/\/eldigitaldeasturias.com\/magazine365\/el-prat-operara-mas-de-10-000-aviones-durante-la-primera-fase-de-salida-de-verano\/\" title=\"El Prat operar\u00e1 m\u00e1s de 10.000 aviones durante la primera fase de salida de verano\">El Prat operar\u00e1 m\u00e1s de 10.000 aviones durante la primera fase de salida de verano<\/a>\n<\/span><\/div>","aioseo_breadcrumb_json":[{"label":"Home","link":"https:\/\/eldigitaldeasturias.com\/magazine365"},{"label":"Noticias y Actualidad","link":"https:\/\/eldigitaldeasturias.com\/magazine365\/category\/noticias-actualidad\/"},{"label":"El Prat operar\u00e1 m\u00e1s de 10.000 aviones durante la primera fase de salida de verano","link":"https:\/\/eldigitaldeasturias.com\/magazine365\/el-prat-operara-mas-de-10-000-aviones-durante-la-primera-fase-de-salida-de-verano\/"}],"_links":{"self":[{"href":"https:\/\/eldigitaldeasturias.com\/magazine365\/wp-json\/wp\/v2\/posts\/41126","targetHints":{"allow":["GET"]}}],"collection":[{"href":"https:\/\/eldigitaldeasturias.com\/magazine365\/wp-json\/wp\/v2\/posts"}],"about":[{"href":"https:\/\/eldigitaldeasturias.com\/magazine365\/wp-json\/wp\/v2\/types\/post"}],"author":[{"embeddable":true,"href":"https:\/\/eldigitaldeasturias.com\/magazine365\/wp-json\/wp\/v2\/users\/1"}],"replies":[{"embeddable":true,"href":"https:\/\/eldigitaldeasturias.com\/magazine365\/wp-json\/wp\/v2\/comments?post=41126"}],"version-history":[{"count":0,"href":"https:\/\/eldigitaldeasturias.com\/magazine365\/wp-json\/wp\/v2\/posts\/41126\/revisions"}],"wp:featuredmedia":[{"embeddable":true,"href":"https:\/\/eldigitaldeasturias.com\/magazine365\/wp-json\/wp\/v2\/media\/41127"}],"wp:attachment":[{"href":"https:\/\/eldigitaldeasturias.com\/magazine365\/wp-json\/wp\/v2\/media?parent=41126"}],"wp:term":[{"taxonomy":"category","embeddable":true,"href":"https:\/\/eldigitaldeasturias.com\/magazine365\/wp-json\/wp\/v2\/categories?post=41126"},{"taxonomy":"post_tag","embeddable":true,"href":"https:\/\/eldigitaldeasturias.com\/magazine365\/wp-json\/wp\/v2\/tags?post=41126"}],"curies":[{"name":"wp","href":"https:\/\/api.w.org\/{rel}","templated":true}]}}