{"id":41117,"date":"2015-06-26T13:36:31","date_gmt":"2015-06-26T12:06:31","guid":{"rendered":"http:\/\/eldigitaldeasturias.com\/magazine365\/?p=41117"},"modified":"2015-06-26T13:36:31","modified_gmt":"2015-06-26T12:06:31","slug":"la-ocupacion-en-casas-rurales-podria-llegar-al-35-en-julio","status":"publish","type":"post","link":"https:\/\/eldigitaldeasturias.com\/magazine365\/la-ocupacion-en-casas-rurales-podria-llegar-al-35-en-julio\/","title":{"rendered":"La ocupaci\u00f3n en casas rurales podr\u00eda llegar al 35% en julio"},"content":{"rendered":"<p><img fetchpriority=\"high\" decoding=\"async\" class=\"alignleft size-medium wp-image-41118\" src=\"https:\/\/eldigitaldeasturias.com\/magazine365\/wp-content\/uploads\/2015\/06\/fotonoticia_20150626123711_800-360x270.jpg\" alt=\"fotonoticia_20150626123711_800\" width=\"360\" height=\"270\" srcset=\"https:\/\/eldigitaldeasturias.com\/magazine365\/wp-content\/uploads\/2015\/06\/fotonoticia_20150626123711_800-360x270.jpg 360w, https:\/\/eldigitaldeasturias.com\/magazine365\/wp-content\/uploads\/2015\/06\/fotonoticia_20150626123711_800-650x488.jpg 650w, https:\/\/eldigitaldeasturias.com\/magazine365\/wp-content\/uploads\/2015\/06\/fotonoticia_20150626123711_800-768x576.jpg 768w, https:\/\/eldigitaldeasturias.com\/magazine365\/wp-content\/uploads\/2015\/06\/fotonoticia_20150626123711_800-150x113.jpg 150w, https:\/\/eldigitaldeasturias.com\/magazine365\/wp-content\/uploads\/2015\/06\/fotonoticia_20150626123711_800-450x338.jpg 450w, https:\/\/eldigitaldeasturias.com\/magazine365\/wp-content\/uploads\/2015\/06\/fotonoticia_20150626123711_800-80x60.jpg 80w, https:\/\/eldigitaldeasturias.com\/magazine365\/wp-content\/uploads\/2015\/06\/fotonoticia_20150626123711_800-265x198.jpg 265w, https:\/\/eldigitaldeasturias.com\/magazine365\/wp-content\/uploads\/2015\/06\/fotonoticia_20150626123711_800-696x522.jpg 696w, https:\/\/eldigitaldeasturias.com\/magazine365\/wp-content\/uploads\/2015\/06\/fotonoticia_20150626123711_800-560x420.jpg 560w, https:\/\/eldigitaldeasturias.com\/magazine365\/wp-content\/uploads\/2015\/06\/fotonoticia_20150626123711_800-90x67.jpg 90w, https:\/\/eldigitaldeasturias.com\/magazine365\/wp-content\/uploads\/2015\/06\/fotonoticia_20150626123711_800-100x75.jpg 100w, https:\/\/eldigitaldeasturias.com\/magazine365\/wp-content\/uploads\/2015\/06\/fotonoticia_20150626123711_800.jpg 800w\" sizes=\"(max-width: 360px) 100vw, 360px\" \/>La ocupaci\u00f3n prevista en alojamientos rurales de alquiler \u00edntegro para julio alcanza el 28%, lo que supone 4 puntos porcentuales m\u00e1s que en el mismo mes de 2014 a falta de contabilizar las reservas de \u00faltima hora, por lo que podr\u00eda llegar al 35%, seg\u00fan el portal especializado Toprural.com.<\/p>\n<p>\u00abSe observa un ligero repunte en la ocupaci\u00f3n de turismo rural, en l\u00ednea con el a\u00f1o pasado, lo que vislumbra t\u00edmidamente datos optimistas para este verano\u00bb, ha se\u00f1alado el director de Comunicaci\u00f3n de Toprural.com, Joseba Cort\u00e1zar.<\/p>\n<p>Tras analizar m\u00e1s de 1,72 millones de plazas de alojamiento de alquiler \u00edntegro, se constata que todas las regiones registran un incremento generalizado en ocupaci\u00f3n deurante este mes de julio, que en algunos casos supera los 10 puntos porcentuales.<\/p>\n<p>Seg\u00fan este portal, las reservas de \u00faltima hora (una de cada cinco) supusieron un incremento entre 6 y 8 puntos porcentuales sobre la previsi\u00f3n inicial en 2014, que incide en que a lo largo de las pr\u00f3ximas semanas podr\u00eda aproximarse al 25%, aproximadamente.<\/p>\n<p>BALEARES, A LA CABEZA.<\/p>\n<p>En funci\u00f3n de los calendarios de disponibilidad de los propietarios, las islas de Baleares lideran el ranking nacional con un 59% de ocupaci\u00f3n, el mismo nivel 4<\/p>\n<p>Les siguen Pa\u00eds Vasco, con un 46% de ocupaci\u00f3n (siete puntos porcentuales m\u00e1s); Catalu\u00f1a (con el 40%, 4 puntos porcentuales m\u00e1s) y Navarra (con el 34% de ocupaci\u00f3n, 10 puntos porcentuales m\u00e1s, en los mismos niveles de 2013).<\/p>\n<p>En quinta posici\u00f3n se sit\u00faa Galicia, con un 33% de alojamientos rurales ocupados a d\u00eda de hoy, dos puntos porcentuales m\u00e1s que el mismo mes del a\u00f1o anterior.<\/p>\n<p>MURCIA, NAVARRA Y PA\u00cdS VASCO, LAS QUE M\u00c1S CRECEN.<\/p>\n<p>Comparando los datos porcentualmente, Murcia (28%), Navarra (34%) y Pa\u00eds Vasco (46%) fueron las comunidades aut\u00f3nomas donde se produjo el mayor aumento de alojamientos rurales ocupados, con incrementos de 11, 10 y 7 puntos porcentuales.<\/p>\n<p>En otras regiones como Canarias y Cantabria, el \u00edndice de ocupaci\u00f3n se ha mantenido con respecto a julio de 2014, con el 32% y el 24%, respectivamente.<\/p>\n<p>Por otra parte, al igual que sucede durante los meses de verano, los destinos con menor tasa de ocupaci\u00f3n para julio son las comunidades aut\u00f3nomas ubicadas en el interior: Castilla-La Mancha (17%), Castilla y Le\u00f3n (20%) y Arag\u00f3n (22%).<\/p>\n<p>PROVINCIAS, CON MAYOR OCUPACI\u00d3N.<\/p>\n<p>Por provincias, los datos reflejan que Mallorca es el destino con mayor ocupaci\u00f3n para el pr\u00f3ximo mes de julio, hasta el 59%. Seguida de Girona (50%) y A Coru\u00f1a (35%).<\/p>\n<p>En cuanto a la menor ocupaci\u00f3n, figuran en l\u00ednea con los datos por comunidades aut\u00f3nomas las provincias de Guadalajara (13%), Salamanca (14%) y Albacete (14%).<\/p>\n","protected":false},"excerpt":{"rendered":"<p>La ocupaci\u00f3n prevista en alojamientos rurales de alquiler \u00edntegro para julio alcanza el 28%, lo que supone 4 puntos porcentuales m\u00e1s que en el mismo mes de 2014 a falta de contabilizar las reservas de \u00faltima hora, por lo que podr\u00eda llegar al 35%, seg\u00fan el portal especializado Toprural.com. \u00abSe observa un ligero repunte en<\/p>\n","protected":false},"author":1,"featured_media":41118,"comment_status":"open","ping_status":"closed","sticky":false,"template":"","format":"standard","meta":{"footnotes":""},"categories":[222],"tags":[],"class_list":{"0":"post-41117","1":"post","2":"type-post","3":"status-publish","4":"format-standard","5":"has-post-thumbnail","7":"category-actualidad-turismo"},"aioseo_notices":[],"aioseo_head":"\n\t\t<!-- All in One SEO Pro 4.9.6.1 - aioseo.com -->\n\t<meta name=\"description\" content=\"La ocupaci\u00f3n prevista en alojamientos rurales de alquiler \u00edntegro para julio alcanza el 28%, lo que supone 4 puntos porcentuales m\u00e1s que en el mismo mes de 2014 a falta de contabilizar las reservas de \u00faltima hora, por lo que podr\u00eda llegar al 35%, seg\u00fan el portal especializado Toprural.com. &quot;Se observa un ligero repunte en\" \/>\n\t<meta name=\"robots\" content=\"max-image-preview:large\" \/>\n\t<meta name=\"author\" content=\"admin\"\/>\n\t<meta name=\"google-site-verification\" content=\"UA-38556648-1\" \/>\n\t<meta name=\"keywords\" content=\"actualidad turismo\" \/>\n\t<link rel=\"canonical\" href=\"https:\/\/eldigitaldeasturias.com\/magazine365\/la-ocupacion-en-casas-rurales-podria-llegar-al-35-en-julio\/\" \/>\n\t<meta name=\"generator\" content=\"All in One SEO Pro (AIOSEO) 4.9.6.1\" \/>\n\t\t<meta property=\"og:locale\" content=\"es_ES\" \/>\n\t\t<meta property=\"og:site_name\" content=\"El Digital de Asturias \u2013 Revista de ocio, turismo y estilo de vida\" \/>\n\t\t<meta property=\"og:type\" content=\"article\" \/>\n\t\t<meta property=\"og:title\" content=\"La ocupaci\u00f3n en casas rurales podr\u00eda llegar al 35% en julio | El Digital de Asturias\" \/>\n\t\t<meta property=\"og:description\" content=\"La ocupaci\u00f3n prevista en alojamientos rurales de alquiler \u00edntegro para julio alcanza el 28%, lo que supone 4 puntos porcentuales m\u00e1s que en el mismo mes de 2014 a falta de contabilizar las reservas de \u00faltima hora, por lo que podr\u00eda llegar al 35%, seg\u00fan el portal especializado Toprural.com. &quot;Se observa un ligero repunte en\" \/>\n\t\t<meta property=\"og:url\" content=\"https:\/\/eldigitaldeasturias.com\/magazine365\/la-ocupacion-en-casas-rurales-podria-llegar-al-35-en-julio\/\" \/>\n\t\t<meta property=\"og:image\" content=\"https:\/\/eldigitaldeasturias.com\/magazine365\/wp-content\/uploads\/2015\/06\/fotonoticia_20150626123711_800.jpg\" \/>\n\t\t<meta property=\"og:image:secure_url\" content=\"https:\/\/eldigitaldeasturias.com\/magazine365\/wp-content\/uploads\/2015\/06\/fotonoticia_20150626123711_800.jpg\" \/>\n\t\t<meta property=\"og:image:width\" content=\"800\" \/>\n\t\t<meta property=\"og:image:height\" content=\"600\" \/>\n\t\t<meta property=\"article:published_time\" content=\"2015-06-26T12:06:31+00:00\" \/>\n\t\t<meta property=\"article:modified_time\" content=\"2015-06-26T12:06:31+00:00\" \/>\n\t\t<meta name=\"twitter:card\" content=\"summary_large_image\" \/>\n\t\t<meta name=\"twitter:title\" content=\"La ocupaci\u00f3n en casas rurales podr\u00eda llegar al 35% en julio | El Digital de Asturias\" \/>\n\t\t<meta name=\"twitter:description\" content=\"La ocupaci\u00f3n prevista en alojamientos rurales de alquiler \u00edntegro para julio alcanza el 28%, lo que supone 4 puntos porcentuales m\u00e1s que en el mismo mes de 2014 a falta de contabilizar las reservas de \u00faltima hora, por lo que podr\u00eda llegar al 35%, seg\u00fan el portal especializado Toprural.com. &quot;Se observa un ligero repunte en\" \/>\n\t\t<meta name=\"twitter:image\" content=\"https:\/\/eldigitaldeasturias.com\/magazine365\/wp-content\/uploads\/2015\/06\/fotonoticia_20150626123711_800.jpg\" \/>\n\t\t<script type=\"application\/ld+json\" class=\"aioseo-schema\">\n\t\t\t{\"@context\":\"https:\\\/\\\/schema.org\",\"@graph\":[{\"@type\":\"Article\",\"@id\":\"https:\\\/\\\/eldigitaldeasturias.com\\\/magazine365\\\/la-ocupacion-en-casas-rurales-podria-llegar-al-35-en-julio\\\/#article\",\"name\":\"La ocupaci\\u00f3n en casas rurales podr\\u00eda llegar al 35% en julio | El Digital de Asturias\",\"headline\":\"La ocupaci\\u00f3n en casas rurales podr\\u00eda llegar al 35% en julio\",\"author\":{\"@id\":\"https:\\\/\\\/eldigitaldeasturias.com\\\/magazine365\\\/author\\\/admin\\\/#author\"},\"publisher\":{\"@id\":\"https:\\\/\\\/eldigitaldeasturias.com\\\/magazine365\\\/#organization\"},\"image\":{\"@type\":\"ImageObject\",\"url\":\"https:\\\/\\\/eldigitaldeasturias.com\\\/magazine365\\\/wp-content\\\/uploads\\\/2015\\\/06\\\/fotonoticia_20150626123711_800.jpg\",\"width\":800,\"height\":600},\"datePublished\":\"2015-06-26T13:36:31+02:00\",\"dateModified\":\"2015-06-26T13:36:31+02:00\",\"inLanguage\":\"es-ES\",\"mainEntityOfPage\":{\"@id\":\"https:\\\/\\\/eldigitaldeasturias.com\\\/magazine365\\\/la-ocupacion-en-casas-rurales-podria-llegar-al-35-en-julio\\\/#webpage\"},\"isPartOf\":{\"@id\":\"https:\\\/\\\/eldigitaldeasturias.com\\\/magazine365\\\/la-ocupacion-en-casas-rurales-podria-llegar-al-35-en-julio\\\/#webpage\"},\"articleSection\":\"Actualidad Turismo\"},{\"@type\":\"BreadcrumbList\",\"@id\":\"https:\\\/\\\/eldigitaldeasturias.com\\\/magazine365\\\/la-ocupacion-en-casas-rurales-podria-llegar-al-35-en-julio\\\/#breadcrumblist\",\"itemListElement\":[{\"@type\":\"ListItem\",\"@id\":\"https:\\\/\\\/eldigitaldeasturias.com\\\/magazine365#listItem\",\"position\":1,\"name\":\"Home\",\"item\":\"https:\\\/\\\/eldigitaldeasturias.com\\\/magazine365\",\"nextItem\":{\"@type\":\"ListItem\",\"@id\":\"https:\\\/\\\/eldigitaldeasturias.com\\\/magazine365\\\/category\\\/actualidad-turismo\\\/#listItem\",\"name\":\"Actualidad Turismo\"}},{\"@type\":\"ListItem\",\"@id\":\"https:\\\/\\\/eldigitaldeasturias.com\\\/magazine365\\\/category\\\/actualidad-turismo\\\/#listItem\",\"position\":2,\"name\":\"Actualidad Turismo\",\"item\":\"https:\\\/\\\/eldigitaldeasturias.com\\\/magazine365\\\/category\\\/actualidad-turismo\\\/\",\"nextItem\":{\"@type\":\"ListItem\",\"@id\":\"https:\\\/\\\/eldigitaldeasturias.com\\\/magazine365\\\/la-ocupacion-en-casas-rurales-podria-llegar-al-35-en-julio\\\/#listItem\",\"name\":\"La ocupaci\\u00f3n en casas rurales podr\\u00eda llegar al 35% en julio\"},\"previousItem\":{\"@type\":\"ListItem\",\"@id\":\"https:\\\/\\\/eldigitaldeasturias.com\\\/magazine365#listItem\",\"name\":\"Home\"}},{\"@type\":\"ListItem\",\"@id\":\"https:\\\/\\\/eldigitaldeasturias.com\\\/magazine365\\\/la-ocupacion-en-casas-rurales-podria-llegar-al-35-en-julio\\\/#listItem\",\"position\":3,\"name\":\"La ocupaci\\u00f3n en casas rurales podr\\u00eda llegar al 35% en julio\",\"previousItem\":{\"@type\":\"ListItem\",\"@id\":\"https:\\\/\\\/eldigitaldeasturias.com\\\/magazine365\\\/category\\\/actualidad-turismo\\\/#listItem\",\"name\":\"Actualidad Turismo\"}}]},{\"@type\":\"Organization\",\"@id\":\"https:\\\/\\\/eldigitaldeasturias.com\\\/magazine365\\\/#organization\",\"name\":\"El digital de Asturias\",\"description\":\"Revista de ocio, turismo y estilo de vida\",\"url\":\"https:\\\/\\\/eldigitaldeasturias.com\\\/magazine365\\\/\",\"logo\":{\"@type\":\"ImageObject\",\"url\":\"https:\\\/\\\/www.eldigitaldeasturias.com\\\/noticias\\\/wp-content\\\/uploads\\\/2020\\\/12\\\/EDA.jpg\",\"@id\":\"https:\\\/\\\/eldigitaldeasturias.com\\\/magazine365\\\/la-ocupacion-en-casas-rurales-podria-llegar-al-35-en-julio\\\/#organizationLogo\"},\"image\":{\"@id\":\"https:\\\/\\\/eldigitaldeasturias.com\\\/magazine365\\\/la-ocupacion-en-casas-rurales-podria-llegar-al-35-en-julio\\\/#organizationLogo\"}},{\"@type\":\"Person\",\"@id\":\"https:\\\/\\\/eldigitaldeasturias.com\\\/magazine365\\\/author\\\/admin\\\/#author\",\"url\":\"https:\\\/\\\/eldigitaldeasturias.com\\\/magazine365\\\/author\\\/admin\\\/\",\"name\":\"admin\",\"image\":{\"@type\":\"ImageObject\",\"@id\":\"https:\\\/\\\/eldigitaldeasturias.com\\\/magazine365\\\/la-ocupacion-en-casas-rurales-podria-llegar-al-35-en-julio\\\/#authorImage\",\"url\":\"https:\\\/\\\/eldigitaldeasturias.com\\\/magazine365\\\/wp-content\\\/litespeed\\\/avatar\\\/e571bcf59a0edd6fa6838245a470f2fe.jpg?ver=1777574230\",\"width\":96,\"height\":96,\"caption\":\"admin\"}},{\"@type\":\"WebPage\",\"@id\":\"https:\\\/\\\/eldigitaldeasturias.com\\\/magazine365\\\/la-ocupacion-en-casas-rurales-podria-llegar-al-35-en-julio\\\/#webpage\",\"url\":\"https:\\\/\\\/eldigitaldeasturias.com\\\/magazine365\\\/la-ocupacion-en-casas-rurales-podria-llegar-al-35-en-julio\\\/\",\"name\":\"La ocupaci\\u00f3n en casas rurales podr\\u00eda llegar al 35% en julio | El Digital de Asturias\",\"description\":\"La ocupaci\\u00f3n prevista en alojamientos rurales de alquiler \\u00edntegro para julio alcanza el 28%, lo que supone 4 puntos porcentuales m\\u00e1s que en el mismo mes de 2014 a falta de contabilizar las reservas de \\u00faltima hora, por lo que podr\\u00eda llegar al 35%, seg\\u00fan el portal especializado Toprural.com. \\\"Se observa un ligero repunte en\",\"inLanguage\":\"es-ES\",\"isPartOf\":{\"@id\":\"https:\\\/\\\/eldigitaldeasturias.com\\\/magazine365\\\/#website\"},\"breadcrumb\":{\"@id\":\"https:\\\/\\\/eldigitaldeasturias.com\\\/magazine365\\\/la-ocupacion-en-casas-rurales-podria-llegar-al-35-en-julio\\\/#breadcrumblist\"},\"author\":{\"@id\":\"https:\\\/\\\/eldigitaldeasturias.com\\\/magazine365\\\/author\\\/admin\\\/#author\"},\"creator\":{\"@id\":\"https:\\\/\\\/eldigitaldeasturias.com\\\/magazine365\\\/author\\\/admin\\\/#author\"},\"image\":{\"@type\":\"ImageObject\",\"url\":\"https:\\\/\\\/eldigitaldeasturias.com\\\/magazine365\\\/wp-content\\\/uploads\\\/2015\\\/06\\\/fotonoticia_20150626123711_800.jpg\",\"@id\":\"https:\\\/\\\/eldigitaldeasturias.com\\\/magazine365\\\/la-ocupacion-en-casas-rurales-podria-llegar-al-35-en-julio\\\/#mainImage\",\"width\":800,\"height\":600},\"primaryImageOfPage\":{\"@id\":\"https:\\\/\\\/eldigitaldeasturias.com\\\/magazine365\\\/la-ocupacion-en-casas-rurales-podria-llegar-al-35-en-julio\\\/#mainImage\"},\"datePublished\":\"2015-06-26T13:36:31+02:00\",\"dateModified\":\"2015-06-26T13:36:31+02:00\"},{\"@type\":\"WebSite\",\"@id\":\"https:\\\/\\\/eldigitaldeasturias.com\\\/magazine365\\\/#website\",\"url\":\"https:\\\/\\\/eldigitaldeasturias.com\\\/magazine365\\\/\",\"name\":\"El Digital de Asturias\",\"description\":\"Revista de ocio, turismo y estilo de vida\",\"inLanguage\":\"es-ES\",\"publisher\":{\"@id\":\"https:\\\/\\\/eldigitaldeasturias.com\\\/magazine365\\\/#organization\"}}]}\n\t\t<\/script>\n\t\t<!-- All in One SEO Pro -->\r\n\t\t<title>La ocupaci\u00f3n en casas rurales podr\u00eda llegar al 35% en julio | El Digital de Asturias<\/title>\n\n","aioseo_head_json":{"title":"La ocupaci\u00f3n en casas rurales podr\u00eda llegar al 35% en julio | El Digital de Asturias","description":"La ocupaci\u00f3n prevista en alojamientos rurales de alquiler \u00edntegro para julio alcanza el 28%, lo que supone 4 puntos porcentuales m\u00e1s que en el mismo mes de 2014 a falta de contabilizar las reservas de \u00faltima hora, por lo que podr\u00eda llegar al 35%, seg\u00fan el portal especializado Toprural.com. \"Se observa un ligero repunte en","canonical_url":"https:\/\/eldigitaldeasturias.com\/magazine365\/la-ocupacion-en-casas-rurales-podria-llegar-al-35-en-julio\/","robots":"max-image-preview:large","keywords":"actualidad turismo","webmasterTools":{"google-site-verification":"UA-38556648-1","miscellaneous":""},"schema":{"@context":"https:\/\/schema.org","@graph":[{"@type":"Article","@id":"https:\/\/eldigitaldeasturias.com\/magazine365\/la-ocupacion-en-casas-rurales-podria-llegar-al-35-en-julio\/#article","name":"La ocupaci\u00f3n en casas rurales podr\u00eda llegar al 35% en julio | El Digital de Asturias","headline":"La ocupaci\u00f3n en casas rurales podr\u00eda llegar al 35% en julio","author":{"@id":"https:\/\/eldigitaldeasturias.com\/magazine365\/author\/admin\/#author"},"publisher":{"@id":"https:\/\/eldigitaldeasturias.com\/magazine365\/#organization"},"image":{"@type":"ImageObject","url":"https:\/\/eldigitaldeasturias.com\/magazine365\/wp-content\/uploads\/2015\/06\/fotonoticia_20150626123711_800.jpg","width":800,"height":600},"datePublished":"2015-06-26T13:36:31+02:00","dateModified":"2015-06-26T13:36:31+02:00","inLanguage":"es-ES","mainEntityOfPage":{"@id":"https:\/\/eldigitaldeasturias.com\/magazine365\/la-ocupacion-en-casas-rurales-podria-llegar-al-35-en-julio\/#webpage"},"isPartOf":{"@id":"https:\/\/eldigitaldeasturias.com\/magazine365\/la-ocupacion-en-casas-rurales-podria-llegar-al-35-en-julio\/#webpage"},"articleSection":"Actualidad Turismo"},{"@type":"BreadcrumbList","@id":"https:\/\/eldigitaldeasturias.com\/magazine365\/la-ocupacion-en-casas-rurales-podria-llegar-al-35-en-julio\/#breadcrumblist","itemListElement":[{"@type":"ListItem","@id":"https:\/\/eldigitaldeasturias.com\/magazine365#listItem","position":1,"name":"Home","item":"https:\/\/eldigitaldeasturias.com\/magazine365","nextItem":{"@type":"ListItem","@id":"https:\/\/eldigitaldeasturias.com\/magazine365\/category\/actualidad-turismo\/#listItem","name":"Actualidad Turismo"}},{"@type":"ListItem","@id":"https:\/\/eldigitaldeasturias.com\/magazine365\/category\/actualidad-turismo\/#listItem","position":2,"name":"Actualidad Turismo","item":"https:\/\/eldigitaldeasturias.com\/magazine365\/category\/actualidad-turismo\/","nextItem":{"@type":"ListItem","@id":"https:\/\/eldigitaldeasturias.com\/magazine365\/la-ocupacion-en-casas-rurales-podria-llegar-al-35-en-julio\/#listItem","name":"La ocupaci\u00f3n en casas rurales podr\u00eda llegar al 35% en julio"},"previousItem":{"@type":"ListItem","@id":"https:\/\/eldigitaldeasturias.com\/magazine365#listItem","name":"Home"}},{"@type":"ListItem","@id":"https:\/\/eldigitaldeasturias.com\/magazine365\/la-ocupacion-en-casas-rurales-podria-llegar-al-35-en-julio\/#listItem","position":3,"name":"La ocupaci\u00f3n en casas rurales podr\u00eda llegar al 35% en julio","previousItem":{"@type":"ListItem","@id":"https:\/\/eldigitaldeasturias.com\/magazine365\/category\/actualidad-turismo\/#listItem","name":"Actualidad Turismo"}}]},{"@type":"Organization","@id":"https:\/\/eldigitaldeasturias.com\/magazine365\/#organization","name":"El digital de Asturias","description":"Revista de ocio, turismo y estilo de vida","url":"https:\/\/eldigitaldeasturias.com\/magazine365\/","logo":{"@type":"ImageObject","url":"https:\/\/www.eldigitaldeasturias.com\/noticias\/wp-content\/uploads\/2020\/12\/EDA.jpg","@id":"https:\/\/eldigitaldeasturias.com\/magazine365\/la-ocupacion-en-casas-rurales-podria-llegar-al-35-en-julio\/#organizationLogo"},"image":{"@id":"https:\/\/eldigitaldeasturias.com\/magazine365\/la-ocupacion-en-casas-rurales-podria-llegar-al-35-en-julio\/#organizationLogo"}},{"@type":"Person","@id":"https:\/\/eldigitaldeasturias.com\/magazine365\/author\/admin\/#author","url":"https:\/\/eldigitaldeasturias.com\/magazine365\/author\/admin\/","name":"admin","image":{"@type":"ImageObject","@id":"https:\/\/eldigitaldeasturias.com\/magazine365\/la-ocupacion-en-casas-rurales-podria-llegar-al-35-en-julio\/#authorImage","url":"https:\/\/eldigitaldeasturias.com\/magazine365\/wp-content\/litespeed\/avatar\/e571bcf59a0edd6fa6838245a470f2fe.jpg?ver=1777574230","width":96,"height":96,"caption":"admin"}},{"@type":"WebPage","@id":"https:\/\/eldigitaldeasturias.com\/magazine365\/la-ocupacion-en-casas-rurales-podria-llegar-al-35-en-julio\/#webpage","url":"https:\/\/eldigitaldeasturias.com\/magazine365\/la-ocupacion-en-casas-rurales-podria-llegar-al-35-en-julio\/","name":"La ocupaci\u00f3n en casas rurales podr\u00eda llegar al 35% en julio | El Digital de Asturias","description":"La ocupaci\u00f3n prevista en alojamientos rurales de alquiler \u00edntegro para julio alcanza el 28%, lo que supone 4 puntos porcentuales m\u00e1s que en el mismo mes de 2014 a falta de contabilizar las reservas de \u00faltima hora, por lo que podr\u00eda llegar al 35%, seg\u00fan el portal especializado Toprural.com. \"Se observa un ligero repunte en","inLanguage":"es-ES","isPartOf":{"@id":"https:\/\/eldigitaldeasturias.com\/magazine365\/#website"},"breadcrumb":{"@id":"https:\/\/eldigitaldeasturias.com\/magazine365\/la-ocupacion-en-casas-rurales-podria-llegar-al-35-en-julio\/#breadcrumblist"},"author":{"@id":"https:\/\/eldigitaldeasturias.com\/magazine365\/author\/admin\/#author"},"creator":{"@id":"https:\/\/eldigitaldeasturias.com\/magazine365\/author\/admin\/#author"},"image":{"@type":"ImageObject","url":"https:\/\/eldigitaldeasturias.com\/magazine365\/wp-content\/uploads\/2015\/06\/fotonoticia_20150626123711_800.jpg","@id":"https:\/\/eldigitaldeasturias.com\/magazine365\/la-ocupacion-en-casas-rurales-podria-llegar-al-35-en-julio\/#mainImage","width":800,"height":600},"primaryImageOfPage":{"@id":"https:\/\/eldigitaldeasturias.com\/magazine365\/la-ocupacion-en-casas-rurales-podria-llegar-al-35-en-julio\/#mainImage"},"datePublished":"2015-06-26T13:36:31+02:00","dateModified":"2015-06-26T13:36:31+02:00"},{"@type":"WebSite","@id":"https:\/\/eldigitaldeasturias.com\/magazine365\/#website","url":"https:\/\/eldigitaldeasturias.com\/magazine365\/","name":"El Digital de Asturias","description":"Revista de ocio, turismo y estilo de vida","inLanguage":"es-ES","publisher":{"@id":"https:\/\/eldigitaldeasturias.com\/magazine365\/#organization"}}]},"og:locale":"es_ES","og:site_name":"El Digital de Asturias \u2013 Revista de ocio, turismo y estilo de vida","og:type":"article","og:title":"La ocupaci\u00f3n en casas rurales podr\u00eda llegar al 35% en julio | El Digital de Asturias","og:description":"La ocupaci\u00f3n prevista en alojamientos rurales de alquiler \u00edntegro para julio alcanza el 28%, lo que supone 4 puntos porcentuales m\u00e1s que en el mismo mes de 2014 a falta de contabilizar las reservas de \u00faltima hora, por lo que podr\u00eda llegar al 35%, seg\u00fan el portal especializado Toprural.com. &quot;Se observa un ligero repunte en","og:url":"https:\/\/eldigitaldeasturias.com\/magazine365\/la-ocupacion-en-casas-rurales-podria-llegar-al-35-en-julio\/","og:image":"https:\/\/eldigitaldeasturias.com\/magazine365\/wp-content\/uploads\/2015\/06\/fotonoticia_20150626123711_800.jpg","og:image:secure_url":"https:\/\/eldigitaldeasturias.com\/magazine365\/wp-content\/uploads\/2015\/06\/fotonoticia_20150626123711_800.jpg","og:image:width":800,"og:image:height":600,"article:published_time":"2015-06-26T12:06:31+00:00","article:modified_time":"2015-06-26T12:06:31+00:00","twitter:card":"summary_large_image","twitter:title":"La ocupaci\u00f3n en casas rurales podr\u00eda llegar al 35% en julio | El Digital de Asturias","twitter:description":"La ocupaci\u00f3n prevista en alojamientos rurales de alquiler \u00edntegro para julio alcanza el 28%, lo que supone 4 puntos porcentuales m\u00e1s que en el mismo mes de 2014 a falta de contabilizar las reservas de \u00faltima hora, por lo que podr\u00eda llegar al 35%, seg\u00fan el portal especializado Toprural.com. &quot;Se observa un ligero repunte en","twitter:image":"https:\/\/eldigitaldeasturias.com\/magazine365\/wp-content\/uploads\/2015\/06\/fotonoticia_20150626123711_800.jpg"},"aioseo_meta_data":{"post_id":"41117","title":null,"description":null,"keywords":null,"keyphrases":null,"primary_term":null,"canonical_url":null,"og_title":null,"og_description":null,"og_object_type":"default","og_image_type":"default","og_image_url":null,"og_image_width":null,"og_image_height":null,"og_image_custom_url":null,"og_image_custom_fields":null,"og_video":null,"og_custom_url":null,"og_article_section":null,"og_article_tags":null,"twitter_use_og":false,"twitter_card":"default","twitter_image_type":"default","twitter_image_url":null,"twitter_image_custom_url":null,"twitter_image_custom_fields":null,"twitter_title":null,"twitter_description":null,"schema":{"blockGraphs":[],"customGraphs":[],"default":{"data":{"Article":[],"Course":[],"Dataset":[],"FAQPage":[],"Movie":[],"Person":[],"Product":[],"ProductReview":[],"Car":[],"Recipe":[],"Service":[],"SoftwareApplication":[],"WebPage":[]},"graphName":"","isEnabled":true},"graphs":[],"defaultGraph":"","defaultPostTypeGraph":""},"schema_type":null,"schema_type_options":null,"pillar_content":false,"robots_default":true,"robots_noindex":false,"robots_noarchive":false,"robots_nosnippet":false,"robots_nofollow":false,"robots_noimageindex":false,"robots_noodp":false,"robots_notranslate":false,"robots_max_snippet":null,"robots_max_videopreview":null,"robots_max_imagepreview":"large","priority":null,"frequency":null,"location":null,"local_seo":null,"seo_analyzer_scan_date":"2025-09-19 15:01:49","breadcrumb_settings":null,"limit_modified_date":false,"open_ai":null,"ai":null,"created":"2021-03-09 02:19:42","updated":"2025-09-19 15:01:49"},"aioseo_breadcrumb":"<div class=\"aioseo-breadcrumbs\"><span class=\"aioseo-breadcrumb\">\n\t<a href=\"https:\/\/eldigitaldeasturias.com\/magazine365\" title=\"Home\">Home<\/a>\n<\/span><span class=\"aioseo-breadcrumb-separator\">\u2013<\/span><span class=\"aioseo-breadcrumb\">\n\t<a href=\"https:\/\/eldigitaldeasturias.com\/magazine365\/category\/actualidad-turismo\/\" title=\"Actualidad Turismo\">Actualidad Turismo<\/a>\n<\/span><span class=\"aioseo-breadcrumb-separator\">\u2013<\/span><span class=\"aioseo-breadcrumb\">\n\t<a href=\"https:\/\/eldigitaldeasturias.com\/magazine365\/la-ocupacion-en-casas-rurales-podria-llegar-al-35-en-julio\/\" title=\"La ocupaci\u00f3n en casas rurales podr\u00eda llegar al 35% en julio\">La ocupaci\u00f3n en casas rurales podr\u00eda llegar al 35% en julio<\/a>\n<\/span><\/div>","aioseo_breadcrumb_json":[{"label":"Home","link":"https:\/\/eldigitaldeasturias.com\/magazine365"},{"label":"Actualidad Turismo","link":"https:\/\/eldigitaldeasturias.com\/magazine365\/category\/actualidad-turismo\/"},{"label":"La ocupaci\u00f3n en casas rurales podr\u00eda llegar al 35% en julio","link":"https:\/\/eldigitaldeasturias.com\/magazine365\/la-ocupacion-en-casas-rurales-podria-llegar-al-35-en-julio\/"}],"_links":{"self":[{"href":"https:\/\/eldigitaldeasturias.com\/magazine365\/wp-json\/wp\/v2\/posts\/41117","targetHints":{"allow":["GET"]}}],"collection":[{"href":"https:\/\/eldigitaldeasturias.com\/magazine365\/wp-json\/wp\/v2\/posts"}],"about":[{"href":"https:\/\/eldigitaldeasturias.com\/magazine365\/wp-json\/wp\/v2\/types\/post"}],"author":[{"embeddable":true,"href":"https:\/\/eldigitaldeasturias.com\/magazine365\/wp-json\/wp\/v2\/users\/1"}],"replies":[{"embeddable":true,"href":"https:\/\/eldigitaldeasturias.com\/magazine365\/wp-json\/wp\/v2\/comments?post=41117"}],"version-history":[{"count":0,"href":"https:\/\/eldigitaldeasturias.com\/magazine365\/wp-json\/wp\/v2\/posts\/41117\/revisions"}],"wp:featuredmedia":[{"embeddable":true,"href":"https:\/\/eldigitaldeasturias.com\/magazine365\/wp-json\/wp\/v2\/media\/41118"}],"wp:attachment":[{"href":"https:\/\/eldigitaldeasturias.com\/magazine365\/wp-json\/wp\/v2\/media?parent=41117"}],"wp:term":[{"taxonomy":"category","embeddable":true,"href":"https:\/\/eldigitaldeasturias.com\/magazine365\/wp-json\/wp\/v2\/categories?post=41117"},{"taxonomy":"post_tag","embeddable":true,"href":"https:\/\/eldigitaldeasturias.com\/magazine365\/wp-json\/wp\/v2\/tags?post=41117"}],"curies":[{"name":"wp","href":"https:\/\/api.w.org\/{rel}","templated":true}]}}