{"id":41108,"date":"2015-06-26T12:57:35","date_gmt":"2015-06-26T11:27:35","guid":{"rendered":"http:\/\/eldigitaldeasturias.com\/magazine365\/?p=41108"},"modified":"2015-06-26T12:57:35","modified_gmt":"2015-06-26T11:27:35","slug":"mas-de-la-mitad-de-los-turistas-atraidos-por-emerita-ludica-pernocta-y-el-962-elige-merida","status":"publish","type":"post","link":"https:\/\/eldigitaldeasturias.com\/magazine365\/mas-de-la-mitad-de-los-turistas-atraidos-por-emerita-ludica-pernocta-y-el-962-elige-merida\/","title":{"rendered":"M\u00e1s de la mitad de los turistas atra\u00eddos por \u00abEm\u00e9rita L\u00fadica\u00bb pernocta y el 96,2% elige M\u00e9rida"},"content":{"rendered":"<p><img fetchpriority=\"high\" decoding=\"async\" class=\"alignleft size-medium wp-image-41109\" src=\"https:\/\/eldigitaldeasturias.com\/magazine365\/wp-content\/uploads\/2015\/06\/fotonoticia_20150626113353_800-360x166.jpg\" alt=\"fotonoticia_20150626113353_800\" width=\"360\" height=\"166\" srcset=\"https:\/\/eldigitaldeasturias.com\/magazine365\/wp-content\/uploads\/2015\/06\/fotonoticia_20150626113353_800-360x166.jpg 360w, https:\/\/eldigitaldeasturias.com\/magazine365\/wp-content\/uploads\/2015\/06\/fotonoticia_20150626113353_800-650x300.jpg 650w, https:\/\/eldigitaldeasturias.com\/magazine365\/wp-content\/uploads\/2015\/06\/fotonoticia_20150626113353_800-768x354.jpg 768w, https:\/\/eldigitaldeasturias.com\/magazine365\/wp-content\/uploads\/2015\/06\/fotonoticia_20150626113353_800-150x69.jpg 150w, https:\/\/eldigitaldeasturias.com\/magazine365\/wp-content\/uploads\/2015\/06\/fotonoticia_20150626113353_800-450x208.jpg 450w, https:\/\/eldigitaldeasturias.com\/magazine365\/wp-content\/uploads\/2015\/06\/fotonoticia_20150626113353_800-696x321.jpg 696w, https:\/\/eldigitaldeasturias.com\/magazine365\/wp-content\/uploads\/2015\/06\/fotonoticia_20150626113353_800.jpg 800w\" sizes=\"(max-width: 360px) 100vw, 360px\" \/>El 51,5 por ciento de los turistas atra\u00eddos por el certamen \u00abEm\u00e9rita L\u00fadica\u00bb de M\u00e9rida (Badajoz) han realizado alguna pernoctaci\u00f3n y el 96,2 por ciento de ellos eligen la capital extreme\u00f1a para su estancia.<\/p>\n<p>Estos datos han sido arrojados por un estudio del Observatorio Tur\u00edstico de Extremadura sobre este festival, cuya sexta edici\u00f3n se celebr\u00f3 del 19 al 21 de junio de 2015 en la capital auton\u00f3mica.<\/p>\n<p>As\u00ed, la mayor parte de los encuestados, el 86,9 por ciento, manifest\u00f3 acudir a esta celebraci\u00f3n por primera vez, pero entre los que repet\u00edan, m\u00e1s del 50 por ciento, asegur\u00f3 que hab\u00edan asistido dos o m\u00e1s ocasiones, de modo que se constata \u00abtanto la capacidad de atracci\u00f3n de este evento, como su elevado grado de fidelizaci\u00f3n\u00bb.<\/p>\n<p>Los visitantes de Em\u00e9rita L\u00fadica destacan sobre todo \u00abla amabilidad\u00bb de los recursos humanos, que puntuaron con 8,9 puntos sobre 10, seguida del inter\u00e9s del festival y la \u00abprofesionalidad de los establecimientos tur\u00edsticos\u00bb, valoradas ambas cuestiones con 8,7 puntos, seg\u00fan ha informado el Gobierno regional en nota de prensa.<\/p>\n<p>Todos los aspectos de este evento logran una puntuaci\u00f3n \u00abpor encima del notable\u00bb, con excepci\u00f3n de la accesibilidad y aparcamientos, con un 6, ya que el resto de aspectos mejor valorados son, por orden, limpieza y organizaci\u00f3n del evento, ambas con un 8,4, afluencia de visitantes, precios y equipamientos tur\u00edsticos, 8,2, en los tres casos y se\u00f1alizaci\u00f3n tur\u00edstica, con un 7,8.<\/p>\n<p>PRINCIPALES V\u00cdAS DE INFORMACI\u00d3N<\/p>\n<p>Las principales v\u00edas para conseguir informaci\u00f3n por parte de los visitantes fueron los familiares y amigos, un 41,2 por ciento; redes sociales e internet, un 32,6 por ciento; y los medios de comunicaci\u00f3n, un 20,4 por ciento.<\/p>\n<p>Adem\u00e1s, para complementar su visita a Em\u00e9rita L\u00fadica, los encuestados \u00abaseguraron mayoritariamente\u00bb que ten\u00edan previsto visitar monumentos y el conjunto hist\u00f3rico, el 84,7 por ciento, y disfrutar de la gastronom\u00eda local, el 72,8 por ciento.<\/p>\n<p>Asimismo, el gasto tur\u00edstico ascendi\u00f3 a 116,74 euros para quienes pernoctaron y 72,49 euros para quienes no lo hicieron; y esta inversi\u00f3n se reparte entre el alojamiento, 44,25 euros, las comidas y bebidas, 28,77 euros, la compra de regalos y productos t\u00edpicos, 23,06 euros y el ocio cultural activo, 20,66 euros.<\/p>\n<p>Casi la totalidad de los encuestados, el 99,4 por ciento se mostr\u00f3 \u00abfavorable a recomendar el evento, lo que demuestra un elevado grado de satisfacci\u00f3n\u00bb.<\/p>\n<p>Entre las propuestas de mejora se cita ofrecer \u00abmayor publicidad e informaci\u00f3n sobre esta actividad, incrementar la ambientaci\u00f3n en las calles y potenciar el n\u00famero de participantes caracterizados como romanos\u00bb, as\u00ed como aumentar las plazas de aparcamiento disponibles.<\/p>\n","protected":false},"excerpt":{"rendered":"<p>El 51,5 por ciento de los turistas atra\u00eddos por el certamen \u00abEm\u00e9rita L\u00fadica\u00bb de M\u00e9rida (Badajoz) han realizado alguna pernoctaci\u00f3n y el 96,2 por ciento de ellos eligen la capital extreme\u00f1a para su estancia. Estos datos han sido arrojados por un estudio del Observatorio Tur\u00edstico de Extremadura sobre este festival, cuya sexta edici\u00f3n se celebr\u00f3<\/p>\n","protected":false},"author":1,"featured_media":41109,"comment_status":"open","ping_status":"closed","sticky":false,"template":"","format":"standard","meta":{"footnotes":""},"categories":[222],"tags":[],"class_list":{"0":"post-41108","1":"post","2":"type-post","3":"status-publish","4":"format-standard","5":"has-post-thumbnail","7":"category-actualidad-turismo"},"aioseo_notices":[],"aioseo_head":"\n\t\t<!-- All in One SEO Pro 4.9.6.1 - aioseo.com -->\n\t<meta name=\"description\" content=\"El 51,5 por ciento de los turistas atra\u00eddos por el certamen &quot;Em\u00e9rita L\u00fadica&quot; de M\u00e9rida (Badajoz) han realizado alguna pernoctaci\u00f3n y el 96,2 por ciento de ellos eligen la capital extreme\u00f1a para su estancia. Estos datos han sido arrojados por un estudio del Observatorio Tur\u00edstico de Extremadura sobre este festival, cuya sexta edici\u00f3n se celebr\u00f3\" \/>\n\t<meta name=\"robots\" content=\"max-image-preview:large\" \/>\n\t<meta name=\"author\" content=\"admin\"\/>\n\t<meta name=\"google-site-verification\" content=\"UA-38556648-1\" \/>\n\t<meta name=\"keywords\" content=\"actualidad turismo\" \/>\n\t<link rel=\"canonical\" href=\"https:\/\/eldigitaldeasturias.com\/magazine365\/mas-de-la-mitad-de-los-turistas-atraidos-por-emerita-ludica-pernocta-y-el-962-elige-merida\/\" \/>\n\t<meta name=\"generator\" content=\"All in One SEO Pro (AIOSEO) 4.9.6.1\" \/>\n\t\t<meta property=\"og:locale\" content=\"es_ES\" \/>\n\t\t<meta property=\"og:site_name\" content=\"El Digital de Asturias \u2013 Revista de ocio, turismo y estilo de vida\" \/>\n\t\t<meta property=\"og:type\" content=\"article\" \/>\n\t\t<meta property=\"og:title\" content=\"M\u00e1s de la mitad de los turistas atra\u00eddos por \u00abEm\u00e9rita L\u00fadica\u00bb pernocta y el 96,2% elige M\u00e9rida | El Digital de Asturias\" \/>\n\t\t<meta property=\"og:description\" content=\"El 51,5 por ciento de los turistas atra\u00eddos por el certamen &quot;Em\u00e9rita L\u00fadica&quot; de M\u00e9rida (Badajoz) han realizado alguna pernoctaci\u00f3n y el 96,2 por ciento de ellos eligen la capital extreme\u00f1a para su estancia. Estos datos han sido arrojados por un estudio del Observatorio Tur\u00edstico de Extremadura sobre este festival, cuya sexta edici\u00f3n se celebr\u00f3\" \/>\n\t\t<meta property=\"og:url\" content=\"https:\/\/eldigitaldeasturias.com\/magazine365\/mas-de-la-mitad-de-los-turistas-atraidos-por-emerita-ludica-pernocta-y-el-962-elige-merida\/\" \/>\n\t\t<meta property=\"og:image\" content=\"https:\/\/eldigitaldeasturias.com\/magazine365\/wp-content\/uploads\/2015\/06\/fotonoticia_20150626113353_800.jpg\" \/>\n\t\t<meta property=\"og:image:secure_url\" content=\"https:\/\/eldigitaldeasturias.com\/magazine365\/wp-content\/uploads\/2015\/06\/fotonoticia_20150626113353_800.jpg\" \/>\n\t\t<meta property=\"og:image:width\" content=\"800\" \/>\n\t\t<meta property=\"og:image:height\" content=\"369\" \/>\n\t\t<meta property=\"article:published_time\" content=\"2015-06-26T11:27:35+00:00\" \/>\n\t\t<meta property=\"article:modified_time\" content=\"2015-06-26T11:27:35+00:00\" \/>\n\t\t<meta name=\"twitter:card\" content=\"summary_large_image\" \/>\n\t\t<meta name=\"twitter:title\" content=\"M\u00e1s de la mitad de los turistas atra\u00eddos por \u00abEm\u00e9rita L\u00fadica\u00bb pernocta y el 96,2% elige M\u00e9rida | El Digital de Asturias\" \/>\n\t\t<meta name=\"twitter:description\" content=\"El 51,5 por ciento de los turistas atra\u00eddos por el certamen &quot;Em\u00e9rita L\u00fadica&quot; de M\u00e9rida (Badajoz) han realizado alguna pernoctaci\u00f3n y el 96,2 por ciento de ellos eligen la capital extreme\u00f1a para su estancia. Estos datos han sido arrojados por un estudio del Observatorio Tur\u00edstico de Extremadura sobre este festival, cuya sexta edici\u00f3n se celebr\u00f3\" \/>\n\t\t<meta name=\"twitter:image\" content=\"https:\/\/eldigitaldeasturias.com\/magazine365\/wp-content\/uploads\/2015\/06\/fotonoticia_20150626113353_800.jpg\" \/>\n\t\t<script type=\"application\/ld+json\" class=\"aioseo-schema\">\n\t\t\t{\"@context\":\"https:\\\/\\\/schema.org\",\"@graph\":[{\"@type\":\"Article\",\"@id\":\"https:\\\/\\\/eldigitaldeasturias.com\\\/magazine365\\\/mas-de-la-mitad-de-los-turistas-atraidos-por-emerita-ludica-pernocta-y-el-962-elige-merida\\\/#article\",\"name\":\"M\\u00e1s de la mitad de los turistas atra\\u00eddos por \\u00abEm\\u00e9rita L\\u00fadica\\u00bb pernocta y el 96,2% elige M\\u00e9rida | El Digital de Asturias\",\"headline\":\"M\\u00e1s de la mitad de los turistas atra\\u00eddos por \\u00abEm\\u00e9rita L\\u00fadica\\u00bb pernocta y el 96,2% elige M\\u00e9rida\",\"author\":{\"@id\":\"https:\\\/\\\/eldigitaldeasturias.com\\\/magazine365\\\/author\\\/admin\\\/#author\"},\"publisher\":{\"@id\":\"https:\\\/\\\/eldigitaldeasturias.com\\\/magazine365\\\/#organization\"},\"image\":{\"@type\":\"ImageObject\",\"url\":\"https:\\\/\\\/eldigitaldeasturias.com\\\/magazine365\\\/wp-content\\\/uploads\\\/2015\\\/06\\\/fotonoticia_20150626113353_800.jpg\",\"width\":800,\"height\":369},\"datePublished\":\"2015-06-26T12:57:35+02:00\",\"dateModified\":\"2015-06-26T12:57:35+02:00\",\"inLanguage\":\"es-ES\",\"mainEntityOfPage\":{\"@id\":\"https:\\\/\\\/eldigitaldeasturias.com\\\/magazine365\\\/mas-de-la-mitad-de-los-turistas-atraidos-por-emerita-ludica-pernocta-y-el-962-elige-merida\\\/#webpage\"},\"isPartOf\":{\"@id\":\"https:\\\/\\\/eldigitaldeasturias.com\\\/magazine365\\\/mas-de-la-mitad-de-los-turistas-atraidos-por-emerita-ludica-pernocta-y-el-962-elige-merida\\\/#webpage\"},\"articleSection\":\"Actualidad Turismo\"},{\"@type\":\"BreadcrumbList\",\"@id\":\"https:\\\/\\\/eldigitaldeasturias.com\\\/magazine365\\\/mas-de-la-mitad-de-los-turistas-atraidos-por-emerita-ludica-pernocta-y-el-962-elige-merida\\\/#breadcrumblist\",\"itemListElement\":[{\"@type\":\"ListItem\",\"@id\":\"https:\\\/\\\/eldigitaldeasturias.com\\\/magazine365#listItem\",\"position\":1,\"name\":\"Home\",\"item\":\"https:\\\/\\\/eldigitaldeasturias.com\\\/magazine365\",\"nextItem\":{\"@type\":\"ListItem\",\"@id\":\"https:\\\/\\\/eldigitaldeasturias.com\\\/magazine365\\\/category\\\/actualidad-turismo\\\/#listItem\",\"name\":\"Actualidad Turismo\"}},{\"@type\":\"ListItem\",\"@id\":\"https:\\\/\\\/eldigitaldeasturias.com\\\/magazine365\\\/category\\\/actualidad-turismo\\\/#listItem\",\"position\":2,\"name\":\"Actualidad Turismo\",\"item\":\"https:\\\/\\\/eldigitaldeasturias.com\\\/magazine365\\\/category\\\/actualidad-turismo\\\/\",\"nextItem\":{\"@type\":\"ListItem\",\"@id\":\"https:\\\/\\\/eldigitaldeasturias.com\\\/magazine365\\\/mas-de-la-mitad-de-los-turistas-atraidos-por-emerita-ludica-pernocta-y-el-962-elige-merida\\\/#listItem\",\"name\":\"M\\u00e1s de la mitad de los turistas atra\\u00eddos por \\u00abEm\\u00e9rita L\\u00fadica\\u00bb pernocta y el 96,2% elige M\\u00e9rida\"},\"previousItem\":{\"@type\":\"ListItem\",\"@id\":\"https:\\\/\\\/eldigitaldeasturias.com\\\/magazine365#listItem\",\"name\":\"Home\"}},{\"@type\":\"ListItem\",\"@id\":\"https:\\\/\\\/eldigitaldeasturias.com\\\/magazine365\\\/mas-de-la-mitad-de-los-turistas-atraidos-por-emerita-ludica-pernocta-y-el-962-elige-merida\\\/#listItem\",\"position\":3,\"name\":\"M\\u00e1s de la mitad de los turistas atra\\u00eddos por \\u00abEm\\u00e9rita L\\u00fadica\\u00bb pernocta y el 96,2% elige M\\u00e9rida\",\"previousItem\":{\"@type\":\"ListItem\",\"@id\":\"https:\\\/\\\/eldigitaldeasturias.com\\\/magazine365\\\/category\\\/actualidad-turismo\\\/#listItem\",\"name\":\"Actualidad Turismo\"}}]},{\"@type\":\"Organization\",\"@id\":\"https:\\\/\\\/eldigitaldeasturias.com\\\/magazine365\\\/#organization\",\"name\":\"El digital de Asturias\",\"description\":\"Revista de ocio, turismo y estilo de vida\",\"url\":\"https:\\\/\\\/eldigitaldeasturias.com\\\/magazine365\\\/\",\"logo\":{\"@type\":\"ImageObject\",\"url\":\"https:\\\/\\\/www.eldigitaldeasturias.com\\\/noticias\\\/wp-content\\\/uploads\\\/2020\\\/12\\\/EDA.jpg\",\"@id\":\"https:\\\/\\\/eldigitaldeasturias.com\\\/magazine365\\\/mas-de-la-mitad-de-los-turistas-atraidos-por-emerita-ludica-pernocta-y-el-962-elige-merida\\\/#organizationLogo\"},\"image\":{\"@id\":\"https:\\\/\\\/eldigitaldeasturias.com\\\/magazine365\\\/mas-de-la-mitad-de-los-turistas-atraidos-por-emerita-ludica-pernocta-y-el-962-elige-merida\\\/#organizationLogo\"}},{\"@type\":\"Person\",\"@id\":\"https:\\\/\\\/eldigitaldeasturias.com\\\/magazine365\\\/author\\\/admin\\\/#author\",\"url\":\"https:\\\/\\\/eldigitaldeasturias.com\\\/magazine365\\\/author\\\/admin\\\/\",\"name\":\"admin\",\"image\":{\"@type\":\"ImageObject\",\"@id\":\"https:\\\/\\\/eldigitaldeasturias.com\\\/magazine365\\\/mas-de-la-mitad-de-los-turistas-atraidos-por-emerita-ludica-pernocta-y-el-962-elige-merida\\\/#authorImage\",\"url\":\"https:\\\/\\\/eldigitaldeasturias.com\\\/magazine365\\\/wp-content\\\/litespeed\\\/avatar\\\/e571bcf59a0edd6fa6838245a470f2fe.jpg?ver=1777574230\",\"width\":96,\"height\":96,\"caption\":\"admin\"}},{\"@type\":\"WebPage\",\"@id\":\"https:\\\/\\\/eldigitaldeasturias.com\\\/magazine365\\\/mas-de-la-mitad-de-los-turistas-atraidos-por-emerita-ludica-pernocta-y-el-962-elige-merida\\\/#webpage\",\"url\":\"https:\\\/\\\/eldigitaldeasturias.com\\\/magazine365\\\/mas-de-la-mitad-de-los-turistas-atraidos-por-emerita-ludica-pernocta-y-el-962-elige-merida\\\/\",\"name\":\"M\\u00e1s de la mitad de los turistas atra\\u00eddos por \\u00abEm\\u00e9rita L\\u00fadica\\u00bb pernocta y el 96,2% elige M\\u00e9rida | El Digital de Asturias\",\"description\":\"El 51,5 por ciento de los turistas atra\\u00eddos por el certamen \\\"Em\\u00e9rita L\\u00fadica\\\" de M\\u00e9rida (Badajoz) han realizado alguna pernoctaci\\u00f3n y el 96,2 por ciento de ellos eligen la capital extreme\\u00f1a para su estancia. Estos datos han sido arrojados por un estudio del Observatorio Tur\\u00edstico de Extremadura sobre este festival, cuya sexta edici\\u00f3n se celebr\\u00f3\",\"inLanguage\":\"es-ES\",\"isPartOf\":{\"@id\":\"https:\\\/\\\/eldigitaldeasturias.com\\\/magazine365\\\/#website\"},\"breadcrumb\":{\"@id\":\"https:\\\/\\\/eldigitaldeasturias.com\\\/magazine365\\\/mas-de-la-mitad-de-los-turistas-atraidos-por-emerita-ludica-pernocta-y-el-962-elige-merida\\\/#breadcrumblist\"},\"author\":{\"@id\":\"https:\\\/\\\/eldigitaldeasturias.com\\\/magazine365\\\/author\\\/admin\\\/#author\"},\"creator\":{\"@id\":\"https:\\\/\\\/eldigitaldeasturias.com\\\/magazine365\\\/author\\\/admin\\\/#author\"},\"image\":{\"@type\":\"ImageObject\",\"url\":\"https:\\\/\\\/eldigitaldeasturias.com\\\/magazine365\\\/wp-content\\\/uploads\\\/2015\\\/06\\\/fotonoticia_20150626113353_800.jpg\",\"@id\":\"https:\\\/\\\/eldigitaldeasturias.com\\\/magazine365\\\/mas-de-la-mitad-de-los-turistas-atraidos-por-emerita-ludica-pernocta-y-el-962-elige-merida\\\/#mainImage\",\"width\":800,\"height\":369},\"primaryImageOfPage\":{\"@id\":\"https:\\\/\\\/eldigitaldeasturias.com\\\/magazine365\\\/mas-de-la-mitad-de-los-turistas-atraidos-por-emerita-ludica-pernocta-y-el-962-elige-merida\\\/#mainImage\"},\"datePublished\":\"2015-06-26T12:57:35+02:00\",\"dateModified\":\"2015-06-26T12:57:35+02:00\"},{\"@type\":\"WebSite\",\"@id\":\"https:\\\/\\\/eldigitaldeasturias.com\\\/magazine365\\\/#website\",\"url\":\"https:\\\/\\\/eldigitaldeasturias.com\\\/magazine365\\\/\",\"name\":\"El Digital de Asturias\",\"description\":\"Revista de ocio, turismo y estilo de vida\",\"inLanguage\":\"es-ES\",\"publisher\":{\"@id\":\"https:\\\/\\\/eldigitaldeasturias.com\\\/magazine365\\\/#organization\"}}]}\n\t\t<\/script>\n\t\t<!-- All in One SEO Pro -->\r\n\t\t<title>M\u00e1s de la mitad de los turistas atra\u00eddos por \u00abEm\u00e9rita L\u00fadica\u00bb pernocta y el 96,2% elige M\u00e9rida | El Digital de Asturias<\/title>\n\n","aioseo_head_json":{"title":"M\u00e1s de la mitad de los turistas atra\u00eddos por \u00abEm\u00e9rita L\u00fadica\u00bb pernocta y el 96,2% elige M\u00e9rida | El Digital de Asturias","description":"El 51,5 por ciento de los turistas atra\u00eddos por el certamen \"Em\u00e9rita L\u00fadica\" de M\u00e9rida (Badajoz) han realizado alguna pernoctaci\u00f3n y el 96,2 por ciento de ellos eligen la capital extreme\u00f1a para su estancia. Estos datos han sido arrojados por un estudio del Observatorio Tur\u00edstico de Extremadura sobre este festival, cuya sexta edici\u00f3n se celebr\u00f3","canonical_url":"https:\/\/eldigitaldeasturias.com\/magazine365\/mas-de-la-mitad-de-los-turistas-atraidos-por-emerita-ludica-pernocta-y-el-962-elige-merida\/","robots":"max-image-preview:large","keywords":"actualidad turismo","webmasterTools":{"google-site-verification":"UA-38556648-1","miscellaneous":""},"schema":{"@context":"https:\/\/schema.org","@graph":[{"@type":"Article","@id":"https:\/\/eldigitaldeasturias.com\/magazine365\/mas-de-la-mitad-de-los-turistas-atraidos-por-emerita-ludica-pernocta-y-el-962-elige-merida\/#article","name":"M\u00e1s de la mitad de los turistas atra\u00eddos por \u00abEm\u00e9rita L\u00fadica\u00bb pernocta y el 96,2% elige M\u00e9rida | El Digital de Asturias","headline":"M\u00e1s de la mitad de los turistas atra\u00eddos por \u00abEm\u00e9rita L\u00fadica\u00bb pernocta y el 96,2% elige M\u00e9rida","author":{"@id":"https:\/\/eldigitaldeasturias.com\/magazine365\/author\/admin\/#author"},"publisher":{"@id":"https:\/\/eldigitaldeasturias.com\/magazine365\/#organization"},"image":{"@type":"ImageObject","url":"https:\/\/eldigitaldeasturias.com\/magazine365\/wp-content\/uploads\/2015\/06\/fotonoticia_20150626113353_800.jpg","width":800,"height":369},"datePublished":"2015-06-26T12:57:35+02:00","dateModified":"2015-06-26T12:57:35+02:00","inLanguage":"es-ES","mainEntityOfPage":{"@id":"https:\/\/eldigitaldeasturias.com\/magazine365\/mas-de-la-mitad-de-los-turistas-atraidos-por-emerita-ludica-pernocta-y-el-962-elige-merida\/#webpage"},"isPartOf":{"@id":"https:\/\/eldigitaldeasturias.com\/magazine365\/mas-de-la-mitad-de-los-turistas-atraidos-por-emerita-ludica-pernocta-y-el-962-elige-merida\/#webpage"},"articleSection":"Actualidad Turismo"},{"@type":"BreadcrumbList","@id":"https:\/\/eldigitaldeasturias.com\/magazine365\/mas-de-la-mitad-de-los-turistas-atraidos-por-emerita-ludica-pernocta-y-el-962-elige-merida\/#breadcrumblist","itemListElement":[{"@type":"ListItem","@id":"https:\/\/eldigitaldeasturias.com\/magazine365#listItem","position":1,"name":"Home","item":"https:\/\/eldigitaldeasturias.com\/magazine365","nextItem":{"@type":"ListItem","@id":"https:\/\/eldigitaldeasturias.com\/magazine365\/category\/actualidad-turismo\/#listItem","name":"Actualidad Turismo"}},{"@type":"ListItem","@id":"https:\/\/eldigitaldeasturias.com\/magazine365\/category\/actualidad-turismo\/#listItem","position":2,"name":"Actualidad Turismo","item":"https:\/\/eldigitaldeasturias.com\/magazine365\/category\/actualidad-turismo\/","nextItem":{"@type":"ListItem","@id":"https:\/\/eldigitaldeasturias.com\/magazine365\/mas-de-la-mitad-de-los-turistas-atraidos-por-emerita-ludica-pernocta-y-el-962-elige-merida\/#listItem","name":"M\u00e1s de la mitad de los turistas atra\u00eddos por \u00abEm\u00e9rita L\u00fadica\u00bb pernocta y el 96,2% elige M\u00e9rida"},"previousItem":{"@type":"ListItem","@id":"https:\/\/eldigitaldeasturias.com\/magazine365#listItem","name":"Home"}},{"@type":"ListItem","@id":"https:\/\/eldigitaldeasturias.com\/magazine365\/mas-de-la-mitad-de-los-turistas-atraidos-por-emerita-ludica-pernocta-y-el-962-elige-merida\/#listItem","position":3,"name":"M\u00e1s de la mitad de los turistas atra\u00eddos por \u00abEm\u00e9rita L\u00fadica\u00bb pernocta y el 96,2% elige M\u00e9rida","previousItem":{"@type":"ListItem","@id":"https:\/\/eldigitaldeasturias.com\/magazine365\/category\/actualidad-turismo\/#listItem","name":"Actualidad Turismo"}}]},{"@type":"Organization","@id":"https:\/\/eldigitaldeasturias.com\/magazine365\/#organization","name":"El digital de Asturias","description":"Revista de ocio, turismo y estilo de vida","url":"https:\/\/eldigitaldeasturias.com\/magazine365\/","logo":{"@type":"ImageObject","url":"https:\/\/www.eldigitaldeasturias.com\/noticias\/wp-content\/uploads\/2020\/12\/EDA.jpg","@id":"https:\/\/eldigitaldeasturias.com\/magazine365\/mas-de-la-mitad-de-los-turistas-atraidos-por-emerita-ludica-pernocta-y-el-962-elige-merida\/#organizationLogo"},"image":{"@id":"https:\/\/eldigitaldeasturias.com\/magazine365\/mas-de-la-mitad-de-los-turistas-atraidos-por-emerita-ludica-pernocta-y-el-962-elige-merida\/#organizationLogo"}},{"@type":"Person","@id":"https:\/\/eldigitaldeasturias.com\/magazine365\/author\/admin\/#author","url":"https:\/\/eldigitaldeasturias.com\/magazine365\/author\/admin\/","name":"admin","image":{"@type":"ImageObject","@id":"https:\/\/eldigitaldeasturias.com\/magazine365\/mas-de-la-mitad-de-los-turistas-atraidos-por-emerita-ludica-pernocta-y-el-962-elige-merida\/#authorImage","url":"https:\/\/eldigitaldeasturias.com\/magazine365\/wp-content\/litespeed\/avatar\/e571bcf59a0edd6fa6838245a470f2fe.jpg?ver=1777574230","width":96,"height":96,"caption":"admin"}},{"@type":"WebPage","@id":"https:\/\/eldigitaldeasturias.com\/magazine365\/mas-de-la-mitad-de-los-turistas-atraidos-por-emerita-ludica-pernocta-y-el-962-elige-merida\/#webpage","url":"https:\/\/eldigitaldeasturias.com\/magazine365\/mas-de-la-mitad-de-los-turistas-atraidos-por-emerita-ludica-pernocta-y-el-962-elige-merida\/","name":"M\u00e1s de la mitad de los turistas atra\u00eddos por \u00abEm\u00e9rita L\u00fadica\u00bb pernocta y el 96,2% elige M\u00e9rida | El Digital de Asturias","description":"El 51,5 por ciento de los turistas atra\u00eddos por el certamen \"Em\u00e9rita L\u00fadica\" de M\u00e9rida (Badajoz) han realizado alguna pernoctaci\u00f3n y el 96,2 por ciento de ellos eligen la capital extreme\u00f1a para su estancia. Estos datos han sido arrojados por un estudio del Observatorio Tur\u00edstico de Extremadura sobre este festival, cuya sexta edici\u00f3n se celebr\u00f3","inLanguage":"es-ES","isPartOf":{"@id":"https:\/\/eldigitaldeasturias.com\/magazine365\/#website"},"breadcrumb":{"@id":"https:\/\/eldigitaldeasturias.com\/magazine365\/mas-de-la-mitad-de-los-turistas-atraidos-por-emerita-ludica-pernocta-y-el-962-elige-merida\/#breadcrumblist"},"author":{"@id":"https:\/\/eldigitaldeasturias.com\/magazine365\/author\/admin\/#author"},"creator":{"@id":"https:\/\/eldigitaldeasturias.com\/magazine365\/author\/admin\/#author"},"image":{"@type":"ImageObject","url":"https:\/\/eldigitaldeasturias.com\/magazine365\/wp-content\/uploads\/2015\/06\/fotonoticia_20150626113353_800.jpg","@id":"https:\/\/eldigitaldeasturias.com\/magazine365\/mas-de-la-mitad-de-los-turistas-atraidos-por-emerita-ludica-pernocta-y-el-962-elige-merida\/#mainImage","width":800,"height":369},"primaryImageOfPage":{"@id":"https:\/\/eldigitaldeasturias.com\/magazine365\/mas-de-la-mitad-de-los-turistas-atraidos-por-emerita-ludica-pernocta-y-el-962-elige-merida\/#mainImage"},"datePublished":"2015-06-26T12:57:35+02:00","dateModified":"2015-06-26T12:57:35+02:00"},{"@type":"WebSite","@id":"https:\/\/eldigitaldeasturias.com\/magazine365\/#website","url":"https:\/\/eldigitaldeasturias.com\/magazine365\/","name":"El Digital de Asturias","description":"Revista de ocio, turismo y estilo de vida","inLanguage":"es-ES","publisher":{"@id":"https:\/\/eldigitaldeasturias.com\/magazine365\/#organization"}}]},"og:locale":"es_ES","og:site_name":"El Digital de Asturias \u2013 Revista de ocio, turismo y estilo de vida","og:type":"article","og:title":"M\u00e1s de la mitad de los turistas atra\u00eddos por \u00abEm\u00e9rita L\u00fadica\u00bb pernocta y el 96,2% elige M\u00e9rida | El Digital de Asturias","og:description":"El 51,5 por ciento de los turistas atra\u00eddos por el certamen &quot;Em\u00e9rita L\u00fadica&quot; de M\u00e9rida (Badajoz) han realizado alguna pernoctaci\u00f3n y el 96,2 por ciento de ellos eligen la capital extreme\u00f1a para su estancia. Estos datos han sido arrojados por un estudio del Observatorio Tur\u00edstico de Extremadura sobre este festival, cuya sexta edici\u00f3n se celebr\u00f3","og:url":"https:\/\/eldigitaldeasturias.com\/magazine365\/mas-de-la-mitad-de-los-turistas-atraidos-por-emerita-ludica-pernocta-y-el-962-elige-merida\/","og:image":"https:\/\/eldigitaldeasturias.com\/magazine365\/wp-content\/uploads\/2015\/06\/fotonoticia_20150626113353_800.jpg","og:image:secure_url":"https:\/\/eldigitaldeasturias.com\/magazine365\/wp-content\/uploads\/2015\/06\/fotonoticia_20150626113353_800.jpg","og:image:width":800,"og:image:height":369,"article:published_time":"2015-06-26T11:27:35+00:00","article:modified_time":"2015-06-26T11:27:35+00:00","twitter:card":"summary_large_image","twitter:title":"M\u00e1s de la mitad de los turistas atra\u00eddos por \u00abEm\u00e9rita L\u00fadica\u00bb pernocta y el 96,2% elige M\u00e9rida | El Digital de Asturias","twitter:description":"El 51,5 por ciento de los turistas atra\u00eddos por el certamen &quot;Em\u00e9rita L\u00fadica&quot; de M\u00e9rida (Badajoz) han realizado alguna pernoctaci\u00f3n y el 96,2 por ciento de ellos eligen la capital extreme\u00f1a para su estancia. Estos datos han sido arrojados por un estudio del Observatorio Tur\u00edstico de Extremadura sobre este festival, cuya sexta edici\u00f3n se celebr\u00f3","twitter:image":"https:\/\/eldigitaldeasturias.com\/magazine365\/wp-content\/uploads\/2015\/06\/fotonoticia_20150626113353_800.jpg"},"aioseo_meta_data":{"post_id":"41108","title":null,"description":null,"keywords":null,"keyphrases":null,"primary_term":null,"canonical_url":null,"og_title":null,"og_description":null,"og_object_type":"default","og_image_type":"default","og_image_url":null,"og_image_width":null,"og_image_height":null,"og_image_custom_url":null,"og_image_custom_fields":null,"og_video":null,"og_custom_url":null,"og_article_section":null,"og_article_tags":null,"twitter_use_og":false,"twitter_card":"default","twitter_image_type":"default","twitter_image_url":null,"twitter_image_custom_url":null,"twitter_image_custom_fields":null,"twitter_title":null,"twitter_description":null,"schema":{"blockGraphs":[],"customGraphs":[],"default":{"data":{"Article":[],"Course":[],"Dataset":[],"FAQPage":[],"Movie":[],"Person":[],"Product":[],"ProductReview":[],"Car":[],"Recipe":[],"Service":[],"SoftwareApplication":[],"WebPage":[]},"graphName":"","isEnabled":true},"graphs":[],"defaultGraph":"","defaultPostTypeGraph":""},"schema_type":null,"schema_type_options":null,"pillar_content":false,"robots_default":true,"robots_noindex":false,"robots_noarchive":false,"robots_nosnippet":false,"robots_nofollow":false,"robots_noimageindex":false,"robots_noodp":false,"robots_notranslate":false,"robots_max_snippet":null,"robots_max_videopreview":null,"robots_max_imagepreview":"large","priority":null,"frequency":null,"location":null,"local_seo":null,"seo_analyzer_scan_date":"2025-09-19 15:00:08","breadcrumb_settings":null,"limit_modified_date":false,"open_ai":null,"ai":null,"created":"2021-03-09 02:19:42","updated":"2025-09-19 15:00:08"},"aioseo_breadcrumb":"<div class=\"aioseo-breadcrumbs\"><span class=\"aioseo-breadcrumb\">\n\t<a href=\"https:\/\/eldigitaldeasturias.com\/magazine365\" title=\"Home\">Home<\/a>\n<\/span><span class=\"aioseo-breadcrumb-separator\">\u2013<\/span><span class=\"aioseo-breadcrumb\">\n\t<a href=\"https:\/\/eldigitaldeasturias.com\/magazine365\/category\/actualidad-turismo\/\" title=\"Actualidad Turismo\">Actualidad Turismo<\/a>\n<\/span><span class=\"aioseo-breadcrumb-separator\">\u2013<\/span><span class=\"aioseo-breadcrumb\">\n\t<a href=\"https:\/\/eldigitaldeasturias.com\/magazine365\/mas-de-la-mitad-de-los-turistas-atraidos-por-emerita-ludica-pernocta-y-el-962-elige-merida\/\" title=\"M\u00e1s de la mitad de los turistas atra\u00eddos por \u00abEm\u00e9rita L\u00fadica\u00bb pernocta y el 96,2% elige M\u00e9rida\">M\u00e1s de la mitad de los turistas atra\u00eddos por \u00abEm\u00e9rita L\u00fadica\u00bb pernocta y el 96,2% elige M\u00e9rida<\/a>\n<\/span><\/div>","aioseo_breadcrumb_json":[{"label":"Home","link":"https:\/\/eldigitaldeasturias.com\/magazine365"},{"label":"Actualidad Turismo","link":"https:\/\/eldigitaldeasturias.com\/magazine365\/category\/actualidad-turismo\/"},{"label":"M\u00e1s de la mitad de los turistas atra\u00eddos por \u00abEm\u00e9rita L\u00fadica\u00bb pernocta y el 96,2% elige M\u00e9rida","link":"https:\/\/eldigitaldeasturias.com\/magazine365\/mas-de-la-mitad-de-los-turistas-atraidos-por-emerita-ludica-pernocta-y-el-962-elige-merida\/"}],"_links":{"self":[{"href":"https:\/\/eldigitaldeasturias.com\/magazine365\/wp-json\/wp\/v2\/posts\/41108","targetHints":{"allow":["GET"]}}],"collection":[{"href":"https:\/\/eldigitaldeasturias.com\/magazine365\/wp-json\/wp\/v2\/posts"}],"about":[{"href":"https:\/\/eldigitaldeasturias.com\/magazine365\/wp-json\/wp\/v2\/types\/post"}],"author":[{"embeddable":true,"href":"https:\/\/eldigitaldeasturias.com\/magazine365\/wp-json\/wp\/v2\/users\/1"}],"replies":[{"embeddable":true,"href":"https:\/\/eldigitaldeasturias.com\/magazine365\/wp-json\/wp\/v2\/comments?post=41108"}],"version-history":[{"count":0,"href":"https:\/\/eldigitaldeasturias.com\/magazine365\/wp-json\/wp\/v2\/posts\/41108\/revisions"}],"wp:featuredmedia":[{"embeddable":true,"href":"https:\/\/eldigitaldeasturias.com\/magazine365\/wp-json\/wp\/v2\/media\/41109"}],"wp:attachment":[{"href":"https:\/\/eldigitaldeasturias.com\/magazine365\/wp-json\/wp\/v2\/media?parent=41108"}],"wp:term":[{"taxonomy":"category","embeddable":true,"href":"https:\/\/eldigitaldeasturias.com\/magazine365\/wp-json\/wp\/v2\/categories?post=41108"},{"taxonomy":"post_tag","embeddable":true,"href":"https:\/\/eldigitaldeasturias.com\/magazine365\/wp-json\/wp\/v2\/tags?post=41108"}],"curies":[{"name":"wp","href":"https:\/\/api.w.org\/{rel}","templated":true}]}}