{"id":41102,"date":"2015-06-26T12:54:11","date_gmt":"2015-06-26T11:24:11","guid":{"rendered":"http:\/\/eldigitaldeasturias.com\/magazine365\/?p=41102"},"modified":"2015-06-26T12:54:11","modified_gmt":"2015-06-26T11:24:11","slug":"la-fiesta-de-los-conversos-de-hervas-tendra-mucho-sabor-este-ano","status":"publish","type":"post","link":"https:\/\/eldigitaldeasturias.com\/magazine365\/la-fiesta-de-los-conversos-de-hervas-tendra-mucho-sabor-este-ano\/","title":{"rendered":"La fiesta de Los Conversos de Herv\u00e1s tendr\u00e1 mucho sabor este a\u00f1o"},"content":{"rendered":"<p><img fetchpriority=\"high\" decoding=\"async\" class=\"alignleft size-medium wp-image-41103\" src=\"https:\/\/eldigitaldeasturias.com\/magazine365\/wp-content\/uploads\/2015\/06\/fotonoticia_20150626113225_800-212x300.jpg\" alt=\"fotonoticia_20150626113225_800\" width=\"212\" height=\"300\" srcset=\"https:\/\/eldigitaldeasturias.com\/magazine365\/wp-content\/uploads\/2015\/06\/fotonoticia_20150626113225_800-212x300.jpg 212w, https:\/\/eldigitaldeasturias.com\/magazine365\/wp-content\/uploads\/2015\/06\/fotonoticia_20150626113225_800-452x640.jpg 452w, https:\/\/eldigitaldeasturias.com\/magazine365\/wp-content\/uploads\/2015\/06\/fotonoticia_20150626113225_800-768x1088.jpg 768w, https:\/\/eldigitaldeasturias.com\/magazine365\/wp-content\/uploads\/2015\/06\/fotonoticia_20150626113225_800-150x212.jpg 150w, https:\/\/eldigitaldeasturias.com\/magazine365\/wp-content\/uploads\/2015\/06\/fotonoticia_20150626113225_800-450x637.jpg 450w, https:\/\/eldigitaldeasturias.com\/magazine365\/wp-content\/uploads\/2015\/06\/fotonoticia_20150626113225_800-696x986.jpg 696w, https:\/\/eldigitaldeasturias.com\/magazine365\/wp-content\/uploads\/2015\/06\/fotonoticia_20150626113225_800-297x420.jpg 297w, https:\/\/eldigitaldeasturias.com\/magazine365\/wp-content\/uploads\/2015\/06\/fotonoticia_20150626113225_800.jpg 800w\" sizes=\"(max-width: 212px) 100vw, 212px\" \/>La \u00abpopular\u00bb fiesta de Los Conversos en la localidad cacere\u00f1a de Herv\u00e1s, que se celebra del 2 al 5 de julio, dar\u00e1 este a\u00f1o \u00abespecial importancia\u00bb a la gastronom\u00eda, con un taller sobre cocina sefard\u00ed y con degustaciones.<\/p>\n<p>Adem\u00e1s, al ser designada este a\u00f1o C\u00e1ceres como Capital Espa\u00f1ola de la Gastronom\u00eda 2015 se va a hacer una presentaci\u00f3n de la fiesta este lunes, d\u00eda 29, en la capital cacere\u00f1a, seg\u00fan ha informado el Gobierno de Extremadura en nota de prensa.<\/p>\n<p>La decimonovena edici\u00f3n de Los Conversos ofrecer\u00e1 \u00abnumerosas actividades\u00bb entre las que figuran un concurso de fotograf\u00edas en la red social de Instagram con el hashtag o etiqueta &#8216;#losconversos15&#8217; o representaciones teatrales con la puesta en escena de la obra &#8216;La Calumnia&#8217;.<\/p>\n<p>Dentro de ese \u00abcompleto programa\u00bb destaca una actividad relacionada con la gastronom\u00eda como es un taller de inmersi\u00f3n a la cocina Sefard\u00ed que impartir\u00e1 Abigail Cohen, de la pasteler\u00eda &#8216;La Candela&#8217;, y que se celebrar\u00e1 el pr\u00f3ximo 3 de julio.<\/p>\n<p>El plazo de inscripciones para apuntarse a este evento se encuentra abierto desde el pasado d\u00eda 15 de junio y se cierra este pr\u00f3ximo martes, d\u00eda 30, en Turismo de Herv\u00e1s. Se desarrollar\u00e1 en la Hospeder\u00eda del Ambroz y el n\u00famero de participantes se ha fijado en un m\u00e1ximo de 22 personas.<\/p>\n<p>El taller consta de dos partes, una primera en la que se realizar\u00e1 una aproximaci\u00f3n al mundo del dulce sefard\u00ed y una segunda en la que se har\u00e1 una demostraci\u00f3n elaborando pastas.<\/p>\n<p>DEGUSTACI\u00d3N DE NU\u00c9GADO<\/p>\n<p>Otra de las actividades relacionadas con la gastronom\u00eda es una degustaci\u00f3n gratuita de nu\u00e9gado, un dulce t\u00edpico jud\u00edo elaborado con harina, miel y nueces, y que tendr\u00e1 lugar el domingo d\u00eda 5 de julio en el barrio jud\u00edo de Herv\u00e1s, elaborado por alumnos del programa &#8216;@Prendizext&#8217; Valle de Ambroz VII.<\/p>\n<p>Estas dos actuaciones as\u00ed como el resto del programa de Los Conversos se presentar\u00e1 este pr\u00f3ximo lunes, d\u00eda 29, a las 11,00 horas en el Complejo Cultural San Francisco de C\u00e1ceres con la presencia de la alcaldesa de Herv\u00e1s, Patricia Valle Corriols, y empresarios de la localidad relacionados con la gastronom\u00eda sefard\u00ed que llevar\u00e1n algunas muestras de productos, como \u00abel popular nu\u00e9gado\u00bb.<\/p>\n<p>ACEITE DE GATA HURDES Y MONTERRUBIO<\/p>\n<p>Por otro lado, desde la Oficina T\u00e9cnica de C\u00e1ceres, Capital Espa\u00f1ola de la Gastronom\u00eda 2015 ya se tiene avanzado el programa de actos para el mes de julio en el que la Denominaci\u00f3n de Origen elegida para convertirse en protagonista a lo largo de todo el mes es el aceite de Gata-Hurdes y el de Monterrubio.<\/p>\n<p>Para promocionar el &#8216;oro l\u00edquido&#8217; extreme\u00f1o se est\u00e1n preparando una serie de eventos en el que cacere\u00f1os y visitantes podr\u00e1n participar para probar el aceite en sus m\u00e1s diferentes variedades.<\/p>\n<p>As\u00ed, est\u00e1 previsto hacer un \u00abdesayuno saludable\u00bb con reparto de pan y aceite al aire libre y catas de degustaci\u00f3n en diferentes establecimientos de la ciudad.<\/p>\n<p>Igualmente \u00abse est\u00e1 cerrando el acto &#8216;C\u00e1ceres te pone el delantal'\u00bb, que se celebrar\u00e1 el 21 de julio y estar\u00e1 protagonizado una vez m\u00e1s por la gastronom\u00eda extreme\u00f1a pero esta vez aseguran que \u00abtendr\u00e1 mucha &#8216;magia'\u00bb.<\/p>\n<p>A lo largo del mes de julio continuar\u00e1n celebr\u00e1ndose actos relacionados con la cerecera como la elaboraci\u00f3n de tapas y platos en los que la cereza del Jerte es el ingrediente principal.<\/p>\n","protected":false},"excerpt":{"rendered":"<p>La \u00abpopular\u00bb fiesta de Los Conversos en la localidad cacere\u00f1a de Herv\u00e1s, que se celebra del 2 al 5 de julio, dar\u00e1 este a\u00f1o \u00abespecial importancia\u00bb a la gastronom\u00eda, con un taller sobre cocina sefard\u00ed y con degustaciones. Adem\u00e1s, al ser designada este a\u00f1o C\u00e1ceres como Capital Espa\u00f1ola de la Gastronom\u00eda 2015 se va a<\/p>\n","protected":false},"author":1,"featured_media":41103,"comment_status":"open","ping_status":"closed","sticky":false,"template":"","format":"standard","meta":{"footnotes":""},"categories":[222],"tags":[],"class_list":{"0":"post-41102","1":"post","2":"type-post","3":"status-publish","4":"format-standard","5":"has-post-thumbnail","7":"category-actualidad-turismo"},"aioseo_notices":[],"aioseo_head":"\n\t\t<!-- All in One SEO Pro 4.9.6.1 - aioseo.com -->\n\t<meta name=\"description\" content=\"La &quot;popular&quot; fiesta de Los Conversos en la localidad cacere\u00f1a de Herv\u00e1s, que se celebra del 2 al 5 de julio, dar\u00e1 este a\u00f1o &quot;especial importancia&quot; a la gastronom\u00eda, con un taller sobre cocina sefard\u00ed y con degustaciones. Adem\u00e1s, al ser designada este a\u00f1o C\u00e1ceres como Capital Espa\u00f1ola de la Gastronom\u00eda 2015 se va a\" \/>\n\t<meta name=\"robots\" content=\"max-image-preview:large\" \/>\n\t<meta name=\"author\" content=\"admin\"\/>\n\t<meta name=\"google-site-verification\" content=\"UA-38556648-1\" \/>\n\t<meta name=\"keywords\" content=\"actualidad turismo\" \/>\n\t<link rel=\"canonical\" href=\"https:\/\/eldigitaldeasturias.com\/magazine365\/la-fiesta-de-los-conversos-de-hervas-tendra-mucho-sabor-este-ano\/\" \/>\n\t<meta name=\"generator\" content=\"All in One SEO Pro (AIOSEO) 4.9.6.1\" \/>\n\t\t<meta property=\"og:locale\" content=\"es_ES\" \/>\n\t\t<meta property=\"og:site_name\" content=\"El Digital de Asturias \u2013 Revista de ocio, turismo y estilo de vida\" \/>\n\t\t<meta property=\"og:type\" content=\"article\" \/>\n\t\t<meta property=\"og:title\" content=\"La fiesta de Los Conversos de Herv\u00e1s tendr\u00e1 mucho sabor este a\u00f1o | El Digital de Asturias\" \/>\n\t\t<meta property=\"og:description\" content=\"La &quot;popular&quot; fiesta de Los Conversos en la localidad cacere\u00f1a de Herv\u00e1s, que se celebra del 2 al 5 de julio, dar\u00e1 este a\u00f1o &quot;especial importancia&quot; a la gastronom\u00eda, con un taller sobre cocina sefard\u00ed y con degustaciones. Adem\u00e1s, al ser designada este a\u00f1o C\u00e1ceres como Capital Espa\u00f1ola de la Gastronom\u00eda 2015 se va a\" \/>\n\t\t<meta property=\"og:url\" content=\"https:\/\/eldigitaldeasturias.com\/magazine365\/la-fiesta-de-los-conversos-de-hervas-tendra-mucho-sabor-este-ano\/\" \/>\n\t\t<meta property=\"og:image\" content=\"https:\/\/eldigitaldeasturias.com\/magazine365\/wp-content\/uploads\/2015\/06\/fotonoticia_20150626113225_800.jpg\" \/>\n\t\t<meta property=\"og:image:secure_url\" content=\"https:\/\/eldigitaldeasturias.com\/magazine365\/wp-content\/uploads\/2015\/06\/fotonoticia_20150626113225_800.jpg\" \/>\n\t\t<meta property=\"og:image:width\" content=\"800\" \/>\n\t\t<meta property=\"og:image:height\" content=\"1133\" \/>\n\t\t<meta property=\"article:published_time\" content=\"2015-06-26T11:24:11+00:00\" \/>\n\t\t<meta property=\"article:modified_time\" content=\"2015-06-26T11:24:11+00:00\" \/>\n\t\t<meta name=\"twitter:card\" content=\"summary_large_image\" \/>\n\t\t<meta name=\"twitter:title\" content=\"La fiesta de Los Conversos de Herv\u00e1s tendr\u00e1 mucho sabor este a\u00f1o | El Digital de Asturias\" \/>\n\t\t<meta name=\"twitter:description\" content=\"La &quot;popular&quot; fiesta de Los Conversos en la localidad cacere\u00f1a de Herv\u00e1s, que se celebra del 2 al 5 de julio, dar\u00e1 este a\u00f1o &quot;especial importancia&quot; a la gastronom\u00eda, con un taller sobre cocina sefard\u00ed y con degustaciones. Adem\u00e1s, al ser designada este a\u00f1o C\u00e1ceres como Capital Espa\u00f1ola de la Gastronom\u00eda 2015 se va a\" \/>\n\t\t<meta name=\"twitter:image\" content=\"https:\/\/eldigitaldeasturias.com\/magazine365\/wp-content\/uploads\/2015\/06\/fotonoticia_20150626113225_800.jpg\" \/>\n\t\t<script type=\"application\/ld+json\" class=\"aioseo-schema\">\n\t\t\t{\"@context\":\"https:\\\/\\\/schema.org\",\"@graph\":[{\"@type\":\"Article\",\"@id\":\"https:\\\/\\\/eldigitaldeasturias.com\\\/magazine365\\\/la-fiesta-de-los-conversos-de-hervas-tendra-mucho-sabor-este-ano\\\/#article\",\"name\":\"La fiesta de Los Conversos de Herv\\u00e1s tendr\\u00e1 mucho sabor este a\\u00f1o | El Digital de Asturias\",\"headline\":\"La fiesta de Los Conversos de Herv\\u00e1s tendr\\u00e1 mucho sabor este a\\u00f1o\",\"author\":{\"@id\":\"https:\\\/\\\/eldigitaldeasturias.com\\\/magazine365\\\/author\\\/admin\\\/#author\"},\"publisher\":{\"@id\":\"https:\\\/\\\/eldigitaldeasturias.com\\\/magazine365\\\/#organization\"},\"image\":{\"@type\":\"ImageObject\",\"url\":\"https:\\\/\\\/eldigitaldeasturias.com\\\/magazine365\\\/wp-content\\\/uploads\\\/2015\\\/06\\\/fotonoticia_20150626113225_800.jpg\",\"width\":800,\"height\":1133},\"datePublished\":\"2015-06-26T12:54:11+02:00\",\"dateModified\":\"2015-06-26T12:54:11+02:00\",\"inLanguage\":\"es-ES\",\"mainEntityOfPage\":{\"@id\":\"https:\\\/\\\/eldigitaldeasturias.com\\\/magazine365\\\/la-fiesta-de-los-conversos-de-hervas-tendra-mucho-sabor-este-ano\\\/#webpage\"},\"isPartOf\":{\"@id\":\"https:\\\/\\\/eldigitaldeasturias.com\\\/magazine365\\\/la-fiesta-de-los-conversos-de-hervas-tendra-mucho-sabor-este-ano\\\/#webpage\"},\"articleSection\":\"Actualidad Turismo\"},{\"@type\":\"BreadcrumbList\",\"@id\":\"https:\\\/\\\/eldigitaldeasturias.com\\\/magazine365\\\/la-fiesta-de-los-conversos-de-hervas-tendra-mucho-sabor-este-ano\\\/#breadcrumblist\",\"itemListElement\":[{\"@type\":\"ListItem\",\"@id\":\"https:\\\/\\\/eldigitaldeasturias.com\\\/magazine365#listItem\",\"position\":1,\"name\":\"Home\",\"item\":\"https:\\\/\\\/eldigitaldeasturias.com\\\/magazine365\",\"nextItem\":{\"@type\":\"ListItem\",\"@id\":\"https:\\\/\\\/eldigitaldeasturias.com\\\/magazine365\\\/category\\\/actualidad-turismo\\\/#listItem\",\"name\":\"Actualidad Turismo\"}},{\"@type\":\"ListItem\",\"@id\":\"https:\\\/\\\/eldigitaldeasturias.com\\\/magazine365\\\/category\\\/actualidad-turismo\\\/#listItem\",\"position\":2,\"name\":\"Actualidad Turismo\",\"item\":\"https:\\\/\\\/eldigitaldeasturias.com\\\/magazine365\\\/category\\\/actualidad-turismo\\\/\",\"nextItem\":{\"@type\":\"ListItem\",\"@id\":\"https:\\\/\\\/eldigitaldeasturias.com\\\/magazine365\\\/la-fiesta-de-los-conversos-de-hervas-tendra-mucho-sabor-este-ano\\\/#listItem\",\"name\":\"La fiesta de Los Conversos de Herv\\u00e1s tendr\\u00e1 mucho sabor este a\\u00f1o\"},\"previousItem\":{\"@type\":\"ListItem\",\"@id\":\"https:\\\/\\\/eldigitaldeasturias.com\\\/magazine365#listItem\",\"name\":\"Home\"}},{\"@type\":\"ListItem\",\"@id\":\"https:\\\/\\\/eldigitaldeasturias.com\\\/magazine365\\\/la-fiesta-de-los-conversos-de-hervas-tendra-mucho-sabor-este-ano\\\/#listItem\",\"position\":3,\"name\":\"La fiesta de Los Conversos de Herv\\u00e1s tendr\\u00e1 mucho sabor este a\\u00f1o\",\"previousItem\":{\"@type\":\"ListItem\",\"@id\":\"https:\\\/\\\/eldigitaldeasturias.com\\\/magazine365\\\/category\\\/actualidad-turismo\\\/#listItem\",\"name\":\"Actualidad Turismo\"}}]},{\"@type\":\"Organization\",\"@id\":\"https:\\\/\\\/eldigitaldeasturias.com\\\/magazine365\\\/#organization\",\"name\":\"El digital de Asturias\",\"description\":\"Revista de ocio, turismo y estilo de vida\",\"url\":\"https:\\\/\\\/eldigitaldeasturias.com\\\/magazine365\\\/\",\"logo\":{\"@type\":\"ImageObject\",\"url\":\"https:\\\/\\\/www.eldigitaldeasturias.com\\\/noticias\\\/wp-content\\\/uploads\\\/2020\\\/12\\\/EDA.jpg\",\"@id\":\"https:\\\/\\\/eldigitaldeasturias.com\\\/magazine365\\\/la-fiesta-de-los-conversos-de-hervas-tendra-mucho-sabor-este-ano\\\/#organizationLogo\"},\"image\":{\"@id\":\"https:\\\/\\\/eldigitaldeasturias.com\\\/magazine365\\\/la-fiesta-de-los-conversos-de-hervas-tendra-mucho-sabor-este-ano\\\/#organizationLogo\"}},{\"@type\":\"Person\",\"@id\":\"https:\\\/\\\/eldigitaldeasturias.com\\\/magazine365\\\/author\\\/admin\\\/#author\",\"url\":\"https:\\\/\\\/eldigitaldeasturias.com\\\/magazine365\\\/author\\\/admin\\\/\",\"name\":\"admin\",\"image\":{\"@type\":\"ImageObject\",\"@id\":\"https:\\\/\\\/eldigitaldeasturias.com\\\/magazine365\\\/la-fiesta-de-los-conversos-de-hervas-tendra-mucho-sabor-este-ano\\\/#authorImage\",\"url\":\"https:\\\/\\\/eldigitaldeasturias.com\\\/magazine365\\\/wp-content\\\/litespeed\\\/avatar\\\/e571bcf59a0edd6fa6838245a470f2fe.jpg?ver=1777574230\",\"width\":96,\"height\":96,\"caption\":\"admin\"}},{\"@type\":\"WebPage\",\"@id\":\"https:\\\/\\\/eldigitaldeasturias.com\\\/magazine365\\\/la-fiesta-de-los-conversos-de-hervas-tendra-mucho-sabor-este-ano\\\/#webpage\",\"url\":\"https:\\\/\\\/eldigitaldeasturias.com\\\/magazine365\\\/la-fiesta-de-los-conversos-de-hervas-tendra-mucho-sabor-este-ano\\\/\",\"name\":\"La fiesta de Los Conversos de Herv\\u00e1s tendr\\u00e1 mucho sabor este a\\u00f1o | El Digital de Asturias\",\"description\":\"La \\\"popular\\\" fiesta de Los Conversos en la localidad cacere\\u00f1a de Herv\\u00e1s, que se celebra del 2 al 5 de julio, dar\\u00e1 este a\\u00f1o \\\"especial importancia\\\" a la gastronom\\u00eda, con un taller sobre cocina sefard\\u00ed y con degustaciones. Adem\\u00e1s, al ser designada este a\\u00f1o C\\u00e1ceres como Capital Espa\\u00f1ola de la Gastronom\\u00eda 2015 se va a\",\"inLanguage\":\"es-ES\",\"isPartOf\":{\"@id\":\"https:\\\/\\\/eldigitaldeasturias.com\\\/magazine365\\\/#website\"},\"breadcrumb\":{\"@id\":\"https:\\\/\\\/eldigitaldeasturias.com\\\/magazine365\\\/la-fiesta-de-los-conversos-de-hervas-tendra-mucho-sabor-este-ano\\\/#breadcrumblist\"},\"author\":{\"@id\":\"https:\\\/\\\/eldigitaldeasturias.com\\\/magazine365\\\/author\\\/admin\\\/#author\"},\"creator\":{\"@id\":\"https:\\\/\\\/eldigitaldeasturias.com\\\/magazine365\\\/author\\\/admin\\\/#author\"},\"image\":{\"@type\":\"ImageObject\",\"url\":\"https:\\\/\\\/eldigitaldeasturias.com\\\/magazine365\\\/wp-content\\\/uploads\\\/2015\\\/06\\\/fotonoticia_20150626113225_800.jpg\",\"@id\":\"https:\\\/\\\/eldigitaldeasturias.com\\\/magazine365\\\/la-fiesta-de-los-conversos-de-hervas-tendra-mucho-sabor-este-ano\\\/#mainImage\",\"width\":800,\"height\":1133},\"primaryImageOfPage\":{\"@id\":\"https:\\\/\\\/eldigitaldeasturias.com\\\/magazine365\\\/la-fiesta-de-los-conversos-de-hervas-tendra-mucho-sabor-este-ano\\\/#mainImage\"},\"datePublished\":\"2015-06-26T12:54:11+02:00\",\"dateModified\":\"2015-06-26T12:54:11+02:00\"},{\"@type\":\"WebSite\",\"@id\":\"https:\\\/\\\/eldigitaldeasturias.com\\\/magazine365\\\/#website\",\"url\":\"https:\\\/\\\/eldigitaldeasturias.com\\\/magazine365\\\/\",\"name\":\"El Digital de Asturias\",\"description\":\"Revista de ocio, turismo y estilo de vida\",\"inLanguage\":\"es-ES\",\"publisher\":{\"@id\":\"https:\\\/\\\/eldigitaldeasturias.com\\\/magazine365\\\/#organization\"}}]}\n\t\t<\/script>\n\t\t<!-- All in One SEO Pro -->\r\n\t\t<title>La fiesta de Los Conversos de Herv\u00e1s tendr\u00e1 mucho sabor este a\u00f1o | El Digital de Asturias<\/title>\n\n","aioseo_head_json":{"title":"La fiesta de Los Conversos de Herv\u00e1s tendr\u00e1 mucho sabor este a\u00f1o | El Digital de Asturias","description":"La \"popular\" fiesta de Los Conversos en la localidad cacere\u00f1a de Herv\u00e1s, que se celebra del 2 al 5 de julio, dar\u00e1 este a\u00f1o \"especial importancia\" a la gastronom\u00eda, con un taller sobre cocina sefard\u00ed y con degustaciones. Adem\u00e1s, al ser designada este a\u00f1o C\u00e1ceres como Capital Espa\u00f1ola de la Gastronom\u00eda 2015 se va a","canonical_url":"https:\/\/eldigitaldeasturias.com\/magazine365\/la-fiesta-de-los-conversos-de-hervas-tendra-mucho-sabor-este-ano\/","robots":"max-image-preview:large","keywords":"actualidad turismo","webmasterTools":{"google-site-verification":"UA-38556648-1","miscellaneous":""},"schema":{"@context":"https:\/\/schema.org","@graph":[{"@type":"Article","@id":"https:\/\/eldigitaldeasturias.com\/magazine365\/la-fiesta-de-los-conversos-de-hervas-tendra-mucho-sabor-este-ano\/#article","name":"La fiesta de Los Conversos de Herv\u00e1s tendr\u00e1 mucho sabor este a\u00f1o | El Digital de Asturias","headline":"La fiesta de Los Conversos de Herv\u00e1s tendr\u00e1 mucho sabor este a\u00f1o","author":{"@id":"https:\/\/eldigitaldeasturias.com\/magazine365\/author\/admin\/#author"},"publisher":{"@id":"https:\/\/eldigitaldeasturias.com\/magazine365\/#organization"},"image":{"@type":"ImageObject","url":"https:\/\/eldigitaldeasturias.com\/magazine365\/wp-content\/uploads\/2015\/06\/fotonoticia_20150626113225_800.jpg","width":800,"height":1133},"datePublished":"2015-06-26T12:54:11+02:00","dateModified":"2015-06-26T12:54:11+02:00","inLanguage":"es-ES","mainEntityOfPage":{"@id":"https:\/\/eldigitaldeasturias.com\/magazine365\/la-fiesta-de-los-conversos-de-hervas-tendra-mucho-sabor-este-ano\/#webpage"},"isPartOf":{"@id":"https:\/\/eldigitaldeasturias.com\/magazine365\/la-fiesta-de-los-conversos-de-hervas-tendra-mucho-sabor-este-ano\/#webpage"},"articleSection":"Actualidad Turismo"},{"@type":"BreadcrumbList","@id":"https:\/\/eldigitaldeasturias.com\/magazine365\/la-fiesta-de-los-conversos-de-hervas-tendra-mucho-sabor-este-ano\/#breadcrumblist","itemListElement":[{"@type":"ListItem","@id":"https:\/\/eldigitaldeasturias.com\/magazine365#listItem","position":1,"name":"Home","item":"https:\/\/eldigitaldeasturias.com\/magazine365","nextItem":{"@type":"ListItem","@id":"https:\/\/eldigitaldeasturias.com\/magazine365\/category\/actualidad-turismo\/#listItem","name":"Actualidad Turismo"}},{"@type":"ListItem","@id":"https:\/\/eldigitaldeasturias.com\/magazine365\/category\/actualidad-turismo\/#listItem","position":2,"name":"Actualidad Turismo","item":"https:\/\/eldigitaldeasturias.com\/magazine365\/category\/actualidad-turismo\/","nextItem":{"@type":"ListItem","@id":"https:\/\/eldigitaldeasturias.com\/magazine365\/la-fiesta-de-los-conversos-de-hervas-tendra-mucho-sabor-este-ano\/#listItem","name":"La fiesta de Los Conversos de Herv\u00e1s tendr\u00e1 mucho sabor este a\u00f1o"},"previousItem":{"@type":"ListItem","@id":"https:\/\/eldigitaldeasturias.com\/magazine365#listItem","name":"Home"}},{"@type":"ListItem","@id":"https:\/\/eldigitaldeasturias.com\/magazine365\/la-fiesta-de-los-conversos-de-hervas-tendra-mucho-sabor-este-ano\/#listItem","position":3,"name":"La fiesta de Los Conversos de Herv\u00e1s tendr\u00e1 mucho sabor este a\u00f1o","previousItem":{"@type":"ListItem","@id":"https:\/\/eldigitaldeasturias.com\/magazine365\/category\/actualidad-turismo\/#listItem","name":"Actualidad Turismo"}}]},{"@type":"Organization","@id":"https:\/\/eldigitaldeasturias.com\/magazine365\/#organization","name":"El digital de Asturias","description":"Revista de ocio, turismo y estilo de vida","url":"https:\/\/eldigitaldeasturias.com\/magazine365\/","logo":{"@type":"ImageObject","url":"https:\/\/www.eldigitaldeasturias.com\/noticias\/wp-content\/uploads\/2020\/12\/EDA.jpg","@id":"https:\/\/eldigitaldeasturias.com\/magazine365\/la-fiesta-de-los-conversos-de-hervas-tendra-mucho-sabor-este-ano\/#organizationLogo"},"image":{"@id":"https:\/\/eldigitaldeasturias.com\/magazine365\/la-fiesta-de-los-conversos-de-hervas-tendra-mucho-sabor-este-ano\/#organizationLogo"}},{"@type":"Person","@id":"https:\/\/eldigitaldeasturias.com\/magazine365\/author\/admin\/#author","url":"https:\/\/eldigitaldeasturias.com\/magazine365\/author\/admin\/","name":"admin","image":{"@type":"ImageObject","@id":"https:\/\/eldigitaldeasturias.com\/magazine365\/la-fiesta-de-los-conversos-de-hervas-tendra-mucho-sabor-este-ano\/#authorImage","url":"https:\/\/eldigitaldeasturias.com\/magazine365\/wp-content\/litespeed\/avatar\/e571bcf59a0edd6fa6838245a470f2fe.jpg?ver=1777574230","width":96,"height":96,"caption":"admin"}},{"@type":"WebPage","@id":"https:\/\/eldigitaldeasturias.com\/magazine365\/la-fiesta-de-los-conversos-de-hervas-tendra-mucho-sabor-este-ano\/#webpage","url":"https:\/\/eldigitaldeasturias.com\/magazine365\/la-fiesta-de-los-conversos-de-hervas-tendra-mucho-sabor-este-ano\/","name":"La fiesta de Los Conversos de Herv\u00e1s tendr\u00e1 mucho sabor este a\u00f1o | El Digital de Asturias","description":"La \"popular\" fiesta de Los Conversos en la localidad cacere\u00f1a de Herv\u00e1s, que se celebra del 2 al 5 de julio, dar\u00e1 este a\u00f1o \"especial importancia\" a la gastronom\u00eda, con un taller sobre cocina sefard\u00ed y con degustaciones. Adem\u00e1s, al ser designada este a\u00f1o C\u00e1ceres como Capital Espa\u00f1ola de la Gastronom\u00eda 2015 se va a","inLanguage":"es-ES","isPartOf":{"@id":"https:\/\/eldigitaldeasturias.com\/magazine365\/#website"},"breadcrumb":{"@id":"https:\/\/eldigitaldeasturias.com\/magazine365\/la-fiesta-de-los-conversos-de-hervas-tendra-mucho-sabor-este-ano\/#breadcrumblist"},"author":{"@id":"https:\/\/eldigitaldeasturias.com\/magazine365\/author\/admin\/#author"},"creator":{"@id":"https:\/\/eldigitaldeasturias.com\/magazine365\/author\/admin\/#author"},"image":{"@type":"ImageObject","url":"https:\/\/eldigitaldeasturias.com\/magazine365\/wp-content\/uploads\/2015\/06\/fotonoticia_20150626113225_800.jpg","@id":"https:\/\/eldigitaldeasturias.com\/magazine365\/la-fiesta-de-los-conversos-de-hervas-tendra-mucho-sabor-este-ano\/#mainImage","width":800,"height":1133},"primaryImageOfPage":{"@id":"https:\/\/eldigitaldeasturias.com\/magazine365\/la-fiesta-de-los-conversos-de-hervas-tendra-mucho-sabor-este-ano\/#mainImage"},"datePublished":"2015-06-26T12:54:11+02:00","dateModified":"2015-06-26T12:54:11+02:00"},{"@type":"WebSite","@id":"https:\/\/eldigitaldeasturias.com\/magazine365\/#website","url":"https:\/\/eldigitaldeasturias.com\/magazine365\/","name":"El Digital de Asturias","description":"Revista de ocio, turismo y estilo de vida","inLanguage":"es-ES","publisher":{"@id":"https:\/\/eldigitaldeasturias.com\/magazine365\/#organization"}}]},"og:locale":"es_ES","og:site_name":"El Digital de Asturias \u2013 Revista de ocio, turismo y estilo de vida","og:type":"article","og:title":"La fiesta de Los Conversos de Herv\u00e1s tendr\u00e1 mucho sabor este a\u00f1o | El Digital de Asturias","og:description":"La &quot;popular&quot; fiesta de Los Conversos en la localidad cacere\u00f1a de Herv\u00e1s, que se celebra del 2 al 5 de julio, dar\u00e1 este a\u00f1o &quot;especial importancia&quot; a la gastronom\u00eda, con un taller sobre cocina sefard\u00ed y con degustaciones. Adem\u00e1s, al ser designada este a\u00f1o C\u00e1ceres como Capital Espa\u00f1ola de la Gastronom\u00eda 2015 se va a","og:url":"https:\/\/eldigitaldeasturias.com\/magazine365\/la-fiesta-de-los-conversos-de-hervas-tendra-mucho-sabor-este-ano\/","og:image":"https:\/\/eldigitaldeasturias.com\/magazine365\/wp-content\/uploads\/2015\/06\/fotonoticia_20150626113225_800.jpg","og:image:secure_url":"https:\/\/eldigitaldeasturias.com\/magazine365\/wp-content\/uploads\/2015\/06\/fotonoticia_20150626113225_800.jpg","og:image:width":800,"og:image:height":1133,"article:published_time":"2015-06-26T11:24:11+00:00","article:modified_time":"2015-06-26T11:24:11+00:00","twitter:card":"summary_large_image","twitter:title":"La fiesta de Los Conversos de Herv\u00e1s tendr\u00e1 mucho sabor este a\u00f1o | El Digital de Asturias","twitter:description":"La &quot;popular&quot; fiesta de Los Conversos en la localidad cacere\u00f1a de Herv\u00e1s, que se celebra del 2 al 5 de julio, dar\u00e1 este a\u00f1o &quot;especial importancia&quot; a la gastronom\u00eda, con un taller sobre cocina sefard\u00ed y con degustaciones. Adem\u00e1s, al ser designada este a\u00f1o C\u00e1ceres como Capital Espa\u00f1ola de la Gastronom\u00eda 2015 se va a","twitter:image":"https:\/\/eldigitaldeasturias.com\/magazine365\/wp-content\/uploads\/2015\/06\/fotonoticia_20150626113225_800.jpg"},"aioseo_meta_data":{"post_id":"41102","title":null,"description":null,"keywords":null,"keyphrases":null,"primary_term":null,"canonical_url":null,"og_title":null,"og_description":null,"og_object_type":"default","og_image_type":"default","og_image_url":null,"og_image_width":null,"og_image_height":null,"og_image_custom_url":null,"og_image_custom_fields":null,"og_video":null,"og_custom_url":null,"og_article_section":null,"og_article_tags":null,"twitter_use_og":false,"twitter_card":"default","twitter_image_type":"default","twitter_image_url":null,"twitter_image_custom_url":null,"twitter_image_custom_fields":null,"twitter_title":null,"twitter_description":null,"schema":{"blockGraphs":[],"customGraphs":[],"default":{"data":{"Article":[],"Course":[],"Dataset":[],"FAQPage":[],"Movie":[],"Person":[],"Product":[],"ProductReview":[],"Car":[],"Recipe":[],"Service":[],"SoftwareApplication":[],"WebPage":[]},"graphName":"","isEnabled":true},"graphs":[],"defaultGraph":"","defaultPostTypeGraph":""},"schema_type":null,"schema_type_options":null,"pillar_content":false,"robots_default":true,"robots_noindex":false,"robots_noarchive":false,"robots_nosnippet":false,"robots_nofollow":false,"robots_noimageindex":false,"robots_noodp":false,"robots_notranslate":false,"robots_max_snippet":null,"robots_max_videopreview":null,"robots_max_imagepreview":"large","priority":null,"frequency":null,"location":null,"local_seo":null,"seo_analyzer_scan_date":"2025-09-19 15:00:04","breadcrumb_settings":null,"limit_modified_date":false,"open_ai":null,"ai":null,"created":"2021-03-09 02:19:42","updated":"2025-09-19 15:00:04"},"aioseo_breadcrumb":"<div class=\"aioseo-breadcrumbs\"><span class=\"aioseo-breadcrumb\">\n\t<a href=\"https:\/\/eldigitaldeasturias.com\/magazine365\" title=\"Home\">Home<\/a>\n<\/span><span class=\"aioseo-breadcrumb-separator\">\u2013<\/span><span class=\"aioseo-breadcrumb\">\n\t<a href=\"https:\/\/eldigitaldeasturias.com\/magazine365\/category\/actualidad-turismo\/\" title=\"Actualidad Turismo\">Actualidad Turismo<\/a>\n<\/span><span class=\"aioseo-breadcrumb-separator\">\u2013<\/span><span class=\"aioseo-breadcrumb\">\n\t<a href=\"https:\/\/eldigitaldeasturias.com\/magazine365\/la-fiesta-de-los-conversos-de-hervas-tendra-mucho-sabor-este-ano\/\" title=\"La fiesta de Los Conversos de Herv\u00e1s tendr\u00e1 mucho sabor este a\u00f1o\">La fiesta de Los Conversos de Herv\u00e1s tendr\u00e1 mucho sabor este a\u00f1o<\/a>\n<\/span><\/div>","aioseo_breadcrumb_json":[{"label":"Home","link":"https:\/\/eldigitaldeasturias.com\/magazine365"},{"label":"Actualidad Turismo","link":"https:\/\/eldigitaldeasturias.com\/magazine365\/category\/actualidad-turismo\/"},{"label":"La fiesta de Los Conversos de Herv\u00e1s tendr\u00e1 mucho sabor este a\u00f1o","link":"https:\/\/eldigitaldeasturias.com\/magazine365\/la-fiesta-de-los-conversos-de-hervas-tendra-mucho-sabor-este-ano\/"}],"_links":{"self":[{"href":"https:\/\/eldigitaldeasturias.com\/magazine365\/wp-json\/wp\/v2\/posts\/41102","targetHints":{"allow":["GET"]}}],"collection":[{"href":"https:\/\/eldigitaldeasturias.com\/magazine365\/wp-json\/wp\/v2\/posts"}],"about":[{"href":"https:\/\/eldigitaldeasturias.com\/magazine365\/wp-json\/wp\/v2\/types\/post"}],"author":[{"embeddable":true,"href":"https:\/\/eldigitaldeasturias.com\/magazine365\/wp-json\/wp\/v2\/users\/1"}],"replies":[{"embeddable":true,"href":"https:\/\/eldigitaldeasturias.com\/magazine365\/wp-json\/wp\/v2\/comments?post=41102"}],"version-history":[{"count":0,"href":"https:\/\/eldigitaldeasturias.com\/magazine365\/wp-json\/wp\/v2\/posts\/41102\/revisions"}],"wp:featuredmedia":[{"embeddable":true,"href":"https:\/\/eldigitaldeasturias.com\/magazine365\/wp-json\/wp\/v2\/media\/41103"}],"wp:attachment":[{"href":"https:\/\/eldigitaldeasturias.com\/magazine365\/wp-json\/wp\/v2\/media?parent=41102"}],"wp:term":[{"taxonomy":"category","embeddable":true,"href":"https:\/\/eldigitaldeasturias.com\/magazine365\/wp-json\/wp\/v2\/categories?post=41102"},{"taxonomy":"post_tag","embeddable":true,"href":"https:\/\/eldigitaldeasturias.com\/magazine365\/wp-json\/wp\/v2\/tags?post=41102"}],"curies":[{"name":"wp","href":"https:\/\/api.w.org\/{rel}","templated":true}]}}