{"id":41089,"date":"2015-06-26T11:29:47","date_gmt":"2015-06-26T09:59:47","guid":{"rendered":"http:\/\/eldigitaldeasturias.com\/magazine365\/?p=41089"},"modified":"2015-06-26T11:29:47","modified_gmt":"2015-06-26T09:59:47","slug":"bahia-de-cadiz-inicia-el-horario-de-verano-para-facilitar-el-transporte-publico-hacia-las-playas","status":"publish","type":"post","link":"https:\/\/eldigitaldeasturias.com\/magazine365\/bahia-de-cadiz-inicia-el-horario-de-verano-para-facilitar-el-transporte-publico-hacia-las-playas\/","title":{"rendered":"Bah\u00eda de C\u00e1diz inicia el horario de verano para facilitar el transporte p\u00fablico hacia las playas"},"content":{"rendered":"<p><img fetchpriority=\"high\" decoding=\"async\" class=\"alignleft size-medium wp-image-41090\" src=\"https:\/\/eldigitaldeasturias.com\/magazine365\/wp-content\/uploads\/2015\/06\/fotonoticia_20150626105000_800-360x240.jpg\" alt=\"fotonoticia_20150626105000_800\" width=\"360\" height=\"240\" srcset=\"https:\/\/eldigitaldeasturias.com\/magazine365\/wp-content\/uploads\/2015\/06\/fotonoticia_20150626105000_800-360x240.jpg 360w, https:\/\/eldigitaldeasturias.com\/magazine365\/wp-content\/uploads\/2015\/06\/fotonoticia_20150626105000_800-650x433.jpg 650w, https:\/\/eldigitaldeasturias.com\/magazine365\/wp-content\/uploads\/2015\/06\/fotonoticia_20150626105000_800-768x512.jpg 768w, https:\/\/eldigitaldeasturias.com\/magazine365\/wp-content\/uploads\/2015\/06\/fotonoticia_20150626105000_800-150x100.jpg 150w, https:\/\/eldigitaldeasturias.com\/magazine365\/wp-content\/uploads\/2015\/06\/fotonoticia_20150626105000_800-450x300.jpg 450w, https:\/\/eldigitaldeasturias.com\/magazine365\/wp-content\/uploads\/2015\/06\/fotonoticia_20150626105000_800-696x464.jpg 696w, https:\/\/eldigitaldeasturias.com\/magazine365\/wp-content\/uploads\/2015\/06\/fotonoticia_20150626105000_800-630x420.jpg 630w, https:\/\/eldigitaldeasturias.com\/magazine365\/wp-content\/uploads\/2015\/06\/fotonoticia_20150626105000_800-84x55.jpg 84w, https:\/\/eldigitaldeasturias.com\/magazine365\/wp-content\/uploads\/2015\/06\/fotonoticia_20150626105000_800.jpg 800w\" sizes=\"(max-width: 360px) 100vw, 360px\" \/>El Consorcio de Transportes Metropolitano de la Bah\u00eda de C\u00e1diz pone en marcha a partir de este viernes los horarios de verano para favorecer la movilidad entre los municipios de interior y las playas de la Bah\u00eda de C\u00e1diz.<\/p>\n<p>En una nota de prensa, el Consorcio de Transportes Metropolitano de la Bah\u00eda de C\u00e1diz explica que estos horarios permanecer\u00e1n vigentes hasta el 31 de agosto y hasta el 6 de septiembre, en el caso de la nueva l\u00ednea M-450, entre Jerez y El Puerto de Santa Mar\u00eda.<\/p>\n<p>Con los nuevos servicios que se prestan el consorcio pretende \u00abresponder a la demanda de usuarios del transporte p\u00fablico durante la \u00e9poca estival y facilitar los desplazamientos de muchas familias desde localidades del interior a las zonas costeras para disfrutar de las playas del litoral gaditano\u00bb.<\/p>\n<p>Concretamente, el calendario de verano refuerza las conexiones de Rota-Jerez, Jerez-Parque Acu\u00e1tico-Valdelagrana Playa, Chiclana-Rota y Rota-Costa Ballena. Los horarios se incrementan durante los s\u00e1bados, domingos y festivos, con ampliaci\u00f3n de servicio en la franja nocturna.<\/p>\n<p>Para reforzar la conexi\u00f3n entre Jerez y la playa de Valdelagrana, se pone en marcha una l\u00ednea espec\u00edfica, la M-450, con el fin de conectar directamente Jerez de la Frontera con El Puerto de Santa Mar\u00eda. Esta ruta permitir\u00e1 el desplazamiento diario de los jerezanos, procedentes de la ciudad y de las pedan\u00edas, a las playas a precios asequibles.<\/p>\n<p>Esta l\u00ednea estacional M-450 Jerez de la Frontera-El Puerto de Santa Mar\u00eda tendr\u00e1 salidas desde Jerez a las 10.45 y a las 18.30 horas y desde la Playa de Valdelagrana a las 19.00 horas de lunes a viernes, mientras que los s\u00e1bados, domingos y festivos el itinerario contar\u00e1 con cuatro servicios desde Jerez (10,30, 12,00, 13,30 y 19,00 horas) y cuatro servicios desde Valdelagrana-Playa (11,30, 13,00, 14,00 y 19,30 horas), todos ellos con parada en el Parque Acu\u00e1tico.<\/p>\n<p>La l\u00ednea Rota-Jerez contar\u00e1 con servicio desde las 7,15 hasta las 23,00 horas (salidas desde Rota) y desde las 8,15 hasta las 00,15 (salidas de Jerez) de lunes a viernes. Los s\u00e1bados, domingos y festivos, las salidas desde Rota comienzan a las 8,00 horas y las salidas desde Jerez se inician a partir de las 9,15 horas.<\/p>\n<p>Por lo que respecta a la conexi\u00f3n Chiclana-Rota, estar\u00e1 operada por la l\u00ednea M-260 Chiclana-Rota (Algeciras). Todos los d\u00edas, de lunes a domingo, incluido festivos, el servicio partir\u00e1 de Rota a las 9,00 horas con paradas en Jerez (9,45 horas), El Puerto de Santa Mar\u00eda (10,00 horas), Puerto Real (10,10 horas) y Chiclana (10,30 horas).<\/p>\n<p>En sentido contrario, la l\u00ednea partir\u00e1 de Chiclana a las 16,00 horas, con paradas en Puerto Real (16,20 horas), El Puerto de Santa Mar\u00eda (16,30 horas), Jerez (16,45 horas) y Rota (17,30 horas).<\/p>\n<p>ROTA-COSTA BALLENA<\/p>\n<p>La conexi\u00f3n Rota-Costa Ballena ser\u00e1 prestada por la M-966 Chipiona-Costa Ballena-Rota, con cuatro servicios desde Rota diarios (7,30, 13,45, 16,00 y 18,30 horas) y cuatro servicios desde Chipiona diarios (7,00, 13,00, 16,30 y 18,00 horas) y parada en Costa Ballena.<\/p>\n<p>Asimismo, desde este s\u00e1bado, 27 de junio, se reforzar\u00e1 tambi\u00e9n la conexi\u00f3n El Puerto de Santa Mar\u00eda-R\u00edo San Pedro-C\u00e1diz a trav\u00e9s de la l\u00ednea M-040 C\u00e1diz-El Puerto de Santa Mar\u00eda, que efectuar\u00e1 parada en R\u00edo San Pedro durante los fines de semana y festivos. Concretamente, habr\u00e1 cinco salidas durante cada d\u00eda del fin de semana en cada sentido (salidas desde C\u00e1diz: 10,30, 12,30, 15,30, 17,30 y 19,30 horas; salidas desde El Puerto: 11,30, 13,30, 16,30, 18,30 y 20,30 horas).<\/p>\n<p>Este nuevo horario de verano se suma al dispositivo iniciado el pasado d\u00eda 15 de junio encaminado a potenciar la movilidad metropolitana entre C\u00e1diz y los municipios de San Fernando y El Puerto de Santa Mar\u00eda, especialmente durante los fines de semana y en horario nocturno.<\/p>\n<p>As\u00ed, en el caso de C\u00e1diz-San Fernando, han sido reforzadas las l\u00edneas M-010 (C\u00e1diz-San Fernando Norte) y M-011 (C\u00e1diz-San Fernando Sur), con un mayor n\u00famero de servicios durante los fines de semana, adem\u00e1s de prolongar la hora de finalizaci\u00f3n de dichos servicios.<\/p>\n<p>En el caso de C\u00e1diz-El Puerto, el refuerzo se concentra en el servicio mar\u00edtimo, en el marco de los horarios de verano que se aplican desde el d\u00eda 15 de junio a ambas l\u00edneas mar\u00edtimas B-042 (C\u00e1diz-El Puerto de Santa Mar\u00eda) y B-065 (C\u00e1diz-Rota).<\/p>\n<p>El horario de verano, como viene produci\u00e9ndose todos los a\u00f1os, implica un aumento de expediciones durante el fin de semana y servicios nocturnos adicionales en el servicio que cubre el trayecto C\u00e1diz-El Puerto durante dichos fines de semana.<\/p>\n<p>El Consorcio de Transportes de la Bah\u00eda de C\u00e1diz, que se constituy\u00f3 en 2002, es un ente participado por la Junta de Andaluc\u00eda, la Diputaci\u00f3n y los ayuntamientos de C\u00e1diz, El Puerto de Santa Mar\u00eda, Puerto Real, San Fernando, Chiclana de la Frontera, Jerez de la Frontera, y Rota.<\/p>\n<p>A estos municipios se han unido mediante convenios de actuaci\u00f3n preferente en entorno no metropolitano Medina Sidonia, Arcos de la Frontera, Sanl\u00facar de Barrameda, Chipiona, y Conil de la Frontera, con lo que el Consorcio de Transportes pasa a incluir en su \u00e1mbito a doce municipios.<\/p>\n","protected":false},"excerpt":{"rendered":"<p>El Consorcio de Transportes Metropolitano de la Bah\u00eda de C\u00e1diz pone en marcha a partir de este viernes los horarios de verano para favorecer la movilidad entre los municipios de interior y las playas de la Bah\u00eda de C\u00e1diz. En una nota de prensa, el Consorcio de Transportes Metropolitano de la Bah\u00eda de C\u00e1diz explica<\/p>\n","protected":false},"author":1,"featured_media":41090,"comment_status":"open","ping_status":"closed","sticky":false,"template":"","format":"standard","meta":{"footnotes":""},"categories":[222],"tags":[],"class_list":{"0":"post-41089","1":"post","2":"type-post","3":"status-publish","4":"format-standard","5":"has-post-thumbnail","7":"category-actualidad-turismo"},"aioseo_notices":[],"aioseo_head":"\n\t\t<!-- All in One SEO Pro 4.9.6.1 - aioseo.com -->\n\t<meta name=\"description\" content=\"El Consorcio de Transportes Metropolitano de la Bah\u00eda de C\u00e1diz pone en marcha a partir de este viernes los horarios de verano para favorecer la movilidad entre los municipios de interior y las playas de la Bah\u00eda de C\u00e1diz. En una nota de prensa, el Consorcio de Transportes Metropolitano de la Bah\u00eda de C\u00e1diz explica\" \/>\n\t<meta name=\"robots\" content=\"max-image-preview:large\" \/>\n\t<meta name=\"author\" content=\"admin\"\/>\n\t<meta name=\"google-site-verification\" content=\"UA-38556648-1\" \/>\n\t<meta name=\"keywords\" content=\"actualidad turismo\" \/>\n\t<link rel=\"canonical\" href=\"https:\/\/eldigitaldeasturias.com\/magazine365\/bahia-de-cadiz-inicia-el-horario-de-verano-para-facilitar-el-transporte-publico-hacia-las-playas\/\" \/>\n\t<meta name=\"generator\" content=\"All in One SEO Pro (AIOSEO) 4.9.6.1\" \/>\n\t\t<meta property=\"og:locale\" content=\"es_ES\" \/>\n\t\t<meta property=\"og:site_name\" content=\"El Digital de Asturias \u2013 Revista de ocio, turismo y estilo de vida\" \/>\n\t\t<meta property=\"og:type\" content=\"article\" \/>\n\t\t<meta property=\"og:title\" content=\"Bah\u00eda de C\u00e1diz inicia el horario de verano para facilitar el transporte p\u00fablico hacia las playas | El Digital de Asturias\" \/>\n\t\t<meta property=\"og:description\" content=\"El Consorcio de Transportes Metropolitano de la Bah\u00eda de C\u00e1diz pone en marcha a partir de este viernes los horarios de verano para favorecer la movilidad entre los municipios de interior y las playas de la Bah\u00eda de C\u00e1diz. En una nota de prensa, el Consorcio de Transportes Metropolitano de la Bah\u00eda de C\u00e1diz explica\" \/>\n\t\t<meta property=\"og:url\" content=\"https:\/\/eldigitaldeasturias.com\/magazine365\/bahia-de-cadiz-inicia-el-horario-de-verano-para-facilitar-el-transporte-publico-hacia-las-playas\/\" \/>\n\t\t<meta property=\"og:image\" content=\"https:\/\/eldigitaldeasturias.com\/magazine365\/wp-content\/uploads\/2015\/06\/fotonoticia_20150626105000_800.jpg\" \/>\n\t\t<meta property=\"og:image:secure_url\" content=\"https:\/\/eldigitaldeasturias.com\/magazine365\/wp-content\/uploads\/2015\/06\/fotonoticia_20150626105000_800.jpg\" \/>\n\t\t<meta property=\"og:image:width\" content=\"800\" \/>\n\t\t<meta property=\"og:image:height\" content=\"533\" \/>\n\t\t<meta property=\"article:published_time\" content=\"2015-06-26T09:59:47+00:00\" \/>\n\t\t<meta property=\"article:modified_time\" content=\"2015-06-26T09:59:47+00:00\" \/>\n\t\t<meta name=\"twitter:card\" content=\"summary_large_image\" \/>\n\t\t<meta name=\"twitter:title\" content=\"Bah\u00eda de C\u00e1diz inicia el horario de verano para facilitar el transporte p\u00fablico hacia las playas | El Digital de Asturias\" \/>\n\t\t<meta name=\"twitter:description\" content=\"El Consorcio de Transportes Metropolitano de la Bah\u00eda de C\u00e1diz pone en marcha a partir de este viernes los horarios de verano para favorecer la movilidad entre los municipios de interior y las playas de la Bah\u00eda de C\u00e1diz. En una nota de prensa, el Consorcio de Transportes Metropolitano de la Bah\u00eda de C\u00e1diz explica\" \/>\n\t\t<meta name=\"twitter:image\" content=\"https:\/\/eldigitaldeasturias.com\/magazine365\/wp-content\/uploads\/2015\/06\/fotonoticia_20150626105000_800.jpg\" \/>\n\t\t<script type=\"application\/ld+json\" class=\"aioseo-schema\">\n\t\t\t{\"@context\":\"https:\\\/\\\/schema.org\",\"@graph\":[{\"@type\":\"Article\",\"@id\":\"https:\\\/\\\/eldigitaldeasturias.com\\\/magazine365\\\/bahia-de-cadiz-inicia-el-horario-de-verano-para-facilitar-el-transporte-publico-hacia-las-playas\\\/#article\",\"name\":\"Bah\\u00eda de C\\u00e1diz inicia el horario de verano para facilitar el transporte p\\u00fablico hacia las playas | El Digital de Asturias\",\"headline\":\"Bah\\u00eda de C\\u00e1diz inicia el horario de verano para facilitar el transporte p\\u00fablico hacia las playas\",\"author\":{\"@id\":\"https:\\\/\\\/eldigitaldeasturias.com\\\/magazine365\\\/author\\\/admin\\\/#author\"},\"publisher\":{\"@id\":\"https:\\\/\\\/eldigitaldeasturias.com\\\/magazine365\\\/#organization\"},\"image\":{\"@type\":\"ImageObject\",\"url\":\"https:\\\/\\\/eldigitaldeasturias.com\\\/magazine365\\\/wp-content\\\/uploads\\\/2015\\\/06\\\/fotonoticia_20150626105000_800.jpg\",\"width\":800,\"height\":533},\"datePublished\":\"2015-06-26T11:29:47+02:00\",\"dateModified\":\"2015-06-26T11:29:47+02:00\",\"inLanguage\":\"es-ES\",\"mainEntityOfPage\":{\"@id\":\"https:\\\/\\\/eldigitaldeasturias.com\\\/magazine365\\\/bahia-de-cadiz-inicia-el-horario-de-verano-para-facilitar-el-transporte-publico-hacia-las-playas\\\/#webpage\"},\"isPartOf\":{\"@id\":\"https:\\\/\\\/eldigitaldeasturias.com\\\/magazine365\\\/bahia-de-cadiz-inicia-el-horario-de-verano-para-facilitar-el-transporte-publico-hacia-las-playas\\\/#webpage\"},\"articleSection\":\"Actualidad Turismo\"},{\"@type\":\"BreadcrumbList\",\"@id\":\"https:\\\/\\\/eldigitaldeasturias.com\\\/magazine365\\\/bahia-de-cadiz-inicia-el-horario-de-verano-para-facilitar-el-transporte-publico-hacia-las-playas\\\/#breadcrumblist\",\"itemListElement\":[{\"@type\":\"ListItem\",\"@id\":\"https:\\\/\\\/eldigitaldeasturias.com\\\/magazine365#listItem\",\"position\":1,\"name\":\"Home\",\"item\":\"https:\\\/\\\/eldigitaldeasturias.com\\\/magazine365\",\"nextItem\":{\"@type\":\"ListItem\",\"@id\":\"https:\\\/\\\/eldigitaldeasturias.com\\\/magazine365\\\/category\\\/actualidad-turismo\\\/#listItem\",\"name\":\"Actualidad Turismo\"}},{\"@type\":\"ListItem\",\"@id\":\"https:\\\/\\\/eldigitaldeasturias.com\\\/magazine365\\\/category\\\/actualidad-turismo\\\/#listItem\",\"position\":2,\"name\":\"Actualidad Turismo\",\"item\":\"https:\\\/\\\/eldigitaldeasturias.com\\\/magazine365\\\/category\\\/actualidad-turismo\\\/\",\"nextItem\":{\"@type\":\"ListItem\",\"@id\":\"https:\\\/\\\/eldigitaldeasturias.com\\\/magazine365\\\/bahia-de-cadiz-inicia-el-horario-de-verano-para-facilitar-el-transporte-publico-hacia-las-playas\\\/#listItem\",\"name\":\"Bah\\u00eda de C\\u00e1diz inicia el horario de verano para facilitar el transporte p\\u00fablico hacia las playas\"},\"previousItem\":{\"@type\":\"ListItem\",\"@id\":\"https:\\\/\\\/eldigitaldeasturias.com\\\/magazine365#listItem\",\"name\":\"Home\"}},{\"@type\":\"ListItem\",\"@id\":\"https:\\\/\\\/eldigitaldeasturias.com\\\/magazine365\\\/bahia-de-cadiz-inicia-el-horario-de-verano-para-facilitar-el-transporte-publico-hacia-las-playas\\\/#listItem\",\"position\":3,\"name\":\"Bah\\u00eda de C\\u00e1diz inicia el horario de verano para facilitar el transporte p\\u00fablico hacia las playas\",\"previousItem\":{\"@type\":\"ListItem\",\"@id\":\"https:\\\/\\\/eldigitaldeasturias.com\\\/magazine365\\\/category\\\/actualidad-turismo\\\/#listItem\",\"name\":\"Actualidad Turismo\"}}]},{\"@type\":\"Organization\",\"@id\":\"https:\\\/\\\/eldigitaldeasturias.com\\\/magazine365\\\/#organization\",\"name\":\"El digital de Asturias\",\"description\":\"Revista de ocio, turismo y estilo de vida\",\"url\":\"https:\\\/\\\/eldigitaldeasturias.com\\\/magazine365\\\/\",\"logo\":{\"@type\":\"ImageObject\",\"url\":\"https:\\\/\\\/www.eldigitaldeasturias.com\\\/noticias\\\/wp-content\\\/uploads\\\/2020\\\/12\\\/EDA.jpg\",\"@id\":\"https:\\\/\\\/eldigitaldeasturias.com\\\/magazine365\\\/bahia-de-cadiz-inicia-el-horario-de-verano-para-facilitar-el-transporte-publico-hacia-las-playas\\\/#organizationLogo\"},\"image\":{\"@id\":\"https:\\\/\\\/eldigitaldeasturias.com\\\/magazine365\\\/bahia-de-cadiz-inicia-el-horario-de-verano-para-facilitar-el-transporte-publico-hacia-las-playas\\\/#organizationLogo\"}},{\"@type\":\"Person\",\"@id\":\"https:\\\/\\\/eldigitaldeasturias.com\\\/magazine365\\\/author\\\/admin\\\/#author\",\"url\":\"https:\\\/\\\/eldigitaldeasturias.com\\\/magazine365\\\/author\\\/admin\\\/\",\"name\":\"admin\",\"image\":{\"@type\":\"ImageObject\",\"@id\":\"https:\\\/\\\/eldigitaldeasturias.com\\\/magazine365\\\/bahia-de-cadiz-inicia-el-horario-de-verano-para-facilitar-el-transporte-publico-hacia-las-playas\\\/#authorImage\",\"url\":\"https:\\\/\\\/eldigitaldeasturias.com\\\/magazine365\\\/wp-content\\\/litespeed\\\/avatar\\\/e571bcf59a0edd6fa6838245a470f2fe.jpg?ver=1777574230\",\"width\":96,\"height\":96,\"caption\":\"admin\"}},{\"@type\":\"WebPage\",\"@id\":\"https:\\\/\\\/eldigitaldeasturias.com\\\/magazine365\\\/bahia-de-cadiz-inicia-el-horario-de-verano-para-facilitar-el-transporte-publico-hacia-las-playas\\\/#webpage\",\"url\":\"https:\\\/\\\/eldigitaldeasturias.com\\\/magazine365\\\/bahia-de-cadiz-inicia-el-horario-de-verano-para-facilitar-el-transporte-publico-hacia-las-playas\\\/\",\"name\":\"Bah\\u00eda de C\\u00e1diz inicia el horario de verano para facilitar el transporte p\\u00fablico hacia las playas | El Digital de Asturias\",\"description\":\"El Consorcio de Transportes Metropolitano de la Bah\\u00eda de C\\u00e1diz pone en marcha a partir de este viernes los horarios de verano para favorecer la movilidad entre los municipios de interior y las playas de la Bah\\u00eda de C\\u00e1diz. En una nota de prensa, el Consorcio de Transportes Metropolitano de la Bah\\u00eda de C\\u00e1diz explica\",\"inLanguage\":\"es-ES\",\"isPartOf\":{\"@id\":\"https:\\\/\\\/eldigitaldeasturias.com\\\/magazine365\\\/#website\"},\"breadcrumb\":{\"@id\":\"https:\\\/\\\/eldigitaldeasturias.com\\\/magazine365\\\/bahia-de-cadiz-inicia-el-horario-de-verano-para-facilitar-el-transporte-publico-hacia-las-playas\\\/#breadcrumblist\"},\"author\":{\"@id\":\"https:\\\/\\\/eldigitaldeasturias.com\\\/magazine365\\\/author\\\/admin\\\/#author\"},\"creator\":{\"@id\":\"https:\\\/\\\/eldigitaldeasturias.com\\\/magazine365\\\/author\\\/admin\\\/#author\"},\"image\":{\"@type\":\"ImageObject\",\"url\":\"https:\\\/\\\/eldigitaldeasturias.com\\\/magazine365\\\/wp-content\\\/uploads\\\/2015\\\/06\\\/fotonoticia_20150626105000_800.jpg\",\"@id\":\"https:\\\/\\\/eldigitaldeasturias.com\\\/magazine365\\\/bahia-de-cadiz-inicia-el-horario-de-verano-para-facilitar-el-transporte-publico-hacia-las-playas\\\/#mainImage\",\"width\":800,\"height\":533},\"primaryImageOfPage\":{\"@id\":\"https:\\\/\\\/eldigitaldeasturias.com\\\/magazine365\\\/bahia-de-cadiz-inicia-el-horario-de-verano-para-facilitar-el-transporte-publico-hacia-las-playas\\\/#mainImage\"},\"datePublished\":\"2015-06-26T11:29:47+02:00\",\"dateModified\":\"2015-06-26T11:29:47+02:00\"},{\"@type\":\"WebSite\",\"@id\":\"https:\\\/\\\/eldigitaldeasturias.com\\\/magazine365\\\/#website\",\"url\":\"https:\\\/\\\/eldigitaldeasturias.com\\\/magazine365\\\/\",\"name\":\"El Digital de Asturias\",\"description\":\"Revista de ocio, turismo y estilo de vida\",\"inLanguage\":\"es-ES\",\"publisher\":{\"@id\":\"https:\\\/\\\/eldigitaldeasturias.com\\\/magazine365\\\/#organization\"}}]}\n\t\t<\/script>\n\t\t<!-- All in One SEO Pro -->\r\n\t\t<title>Bah\u00eda de C\u00e1diz inicia el horario de verano para facilitar el transporte p\u00fablico hacia las playas | El Digital de Asturias<\/title>\n\n","aioseo_head_json":{"title":"Bah\u00eda de C\u00e1diz inicia el horario de verano para facilitar el transporte p\u00fablico hacia las playas | El Digital de Asturias","description":"El Consorcio de Transportes Metropolitano de la Bah\u00eda de C\u00e1diz pone en marcha a partir de este viernes los horarios de verano para favorecer la movilidad entre los municipios de interior y las playas de la Bah\u00eda de C\u00e1diz. En una nota de prensa, el Consorcio de Transportes Metropolitano de la Bah\u00eda de C\u00e1diz explica","canonical_url":"https:\/\/eldigitaldeasturias.com\/magazine365\/bahia-de-cadiz-inicia-el-horario-de-verano-para-facilitar-el-transporte-publico-hacia-las-playas\/","robots":"max-image-preview:large","keywords":"actualidad turismo","webmasterTools":{"google-site-verification":"UA-38556648-1","miscellaneous":""},"schema":{"@context":"https:\/\/schema.org","@graph":[{"@type":"Article","@id":"https:\/\/eldigitaldeasturias.com\/magazine365\/bahia-de-cadiz-inicia-el-horario-de-verano-para-facilitar-el-transporte-publico-hacia-las-playas\/#article","name":"Bah\u00eda de C\u00e1diz inicia el horario de verano para facilitar el transporte p\u00fablico hacia las playas | El Digital de Asturias","headline":"Bah\u00eda de C\u00e1diz inicia el horario de verano para facilitar el transporte p\u00fablico hacia las playas","author":{"@id":"https:\/\/eldigitaldeasturias.com\/magazine365\/author\/admin\/#author"},"publisher":{"@id":"https:\/\/eldigitaldeasturias.com\/magazine365\/#organization"},"image":{"@type":"ImageObject","url":"https:\/\/eldigitaldeasturias.com\/magazine365\/wp-content\/uploads\/2015\/06\/fotonoticia_20150626105000_800.jpg","width":800,"height":533},"datePublished":"2015-06-26T11:29:47+02:00","dateModified":"2015-06-26T11:29:47+02:00","inLanguage":"es-ES","mainEntityOfPage":{"@id":"https:\/\/eldigitaldeasturias.com\/magazine365\/bahia-de-cadiz-inicia-el-horario-de-verano-para-facilitar-el-transporte-publico-hacia-las-playas\/#webpage"},"isPartOf":{"@id":"https:\/\/eldigitaldeasturias.com\/magazine365\/bahia-de-cadiz-inicia-el-horario-de-verano-para-facilitar-el-transporte-publico-hacia-las-playas\/#webpage"},"articleSection":"Actualidad Turismo"},{"@type":"BreadcrumbList","@id":"https:\/\/eldigitaldeasturias.com\/magazine365\/bahia-de-cadiz-inicia-el-horario-de-verano-para-facilitar-el-transporte-publico-hacia-las-playas\/#breadcrumblist","itemListElement":[{"@type":"ListItem","@id":"https:\/\/eldigitaldeasturias.com\/magazine365#listItem","position":1,"name":"Home","item":"https:\/\/eldigitaldeasturias.com\/magazine365","nextItem":{"@type":"ListItem","@id":"https:\/\/eldigitaldeasturias.com\/magazine365\/category\/actualidad-turismo\/#listItem","name":"Actualidad Turismo"}},{"@type":"ListItem","@id":"https:\/\/eldigitaldeasturias.com\/magazine365\/category\/actualidad-turismo\/#listItem","position":2,"name":"Actualidad Turismo","item":"https:\/\/eldigitaldeasturias.com\/magazine365\/category\/actualidad-turismo\/","nextItem":{"@type":"ListItem","@id":"https:\/\/eldigitaldeasturias.com\/magazine365\/bahia-de-cadiz-inicia-el-horario-de-verano-para-facilitar-el-transporte-publico-hacia-las-playas\/#listItem","name":"Bah\u00eda de C\u00e1diz inicia el horario de verano para facilitar el transporte p\u00fablico hacia las playas"},"previousItem":{"@type":"ListItem","@id":"https:\/\/eldigitaldeasturias.com\/magazine365#listItem","name":"Home"}},{"@type":"ListItem","@id":"https:\/\/eldigitaldeasturias.com\/magazine365\/bahia-de-cadiz-inicia-el-horario-de-verano-para-facilitar-el-transporte-publico-hacia-las-playas\/#listItem","position":3,"name":"Bah\u00eda de C\u00e1diz inicia el horario de verano para facilitar el transporte p\u00fablico hacia las playas","previousItem":{"@type":"ListItem","@id":"https:\/\/eldigitaldeasturias.com\/magazine365\/category\/actualidad-turismo\/#listItem","name":"Actualidad Turismo"}}]},{"@type":"Organization","@id":"https:\/\/eldigitaldeasturias.com\/magazine365\/#organization","name":"El digital de Asturias","description":"Revista de ocio, turismo y estilo de vida","url":"https:\/\/eldigitaldeasturias.com\/magazine365\/","logo":{"@type":"ImageObject","url":"https:\/\/www.eldigitaldeasturias.com\/noticias\/wp-content\/uploads\/2020\/12\/EDA.jpg","@id":"https:\/\/eldigitaldeasturias.com\/magazine365\/bahia-de-cadiz-inicia-el-horario-de-verano-para-facilitar-el-transporte-publico-hacia-las-playas\/#organizationLogo"},"image":{"@id":"https:\/\/eldigitaldeasturias.com\/magazine365\/bahia-de-cadiz-inicia-el-horario-de-verano-para-facilitar-el-transporte-publico-hacia-las-playas\/#organizationLogo"}},{"@type":"Person","@id":"https:\/\/eldigitaldeasturias.com\/magazine365\/author\/admin\/#author","url":"https:\/\/eldigitaldeasturias.com\/magazine365\/author\/admin\/","name":"admin","image":{"@type":"ImageObject","@id":"https:\/\/eldigitaldeasturias.com\/magazine365\/bahia-de-cadiz-inicia-el-horario-de-verano-para-facilitar-el-transporte-publico-hacia-las-playas\/#authorImage","url":"https:\/\/eldigitaldeasturias.com\/magazine365\/wp-content\/litespeed\/avatar\/e571bcf59a0edd6fa6838245a470f2fe.jpg?ver=1777574230","width":96,"height":96,"caption":"admin"}},{"@type":"WebPage","@id":"https:\/\/eldigitaldeasturias.com\/magazine365\/bahia-de-cadiz-inicia-el-horario-de-verano-para-facilitar-el-transporte-publico-hacia-las-playas\/#webpage","url":"https:\/\/eldigitaldeasturias.com\/magazine365\/bahia-de-cadiz-inicia-el-horario-de-verano-para-facilitar-el-transporte-publico-hacia-las-playas\/","name":"Bah\u00eda de C\u00e1diz inicia el horario de verano para facilitar el transporte p\u00fablico hacia las playas | El Digital de Asturias","description":"El Consorcio de Transportes Metropolitano de la Bah\u00eda de C\u00e1diz pone en marcha a partir de este viernes los horarios de verano para favorecer la movilidad entre los municipios de interior y las playas de la Bah\u00eda de C\u00e1diz. En una nota de prensa, el Consorcio de Transportes Metropolitano de la Bah\u00eda de C\u00e1diz explica","inLanguage":"es-ES","isPartOf":{"@id":"https:\/\/eldigitaldeasturias.com\/magazine365\/#website"},"breadcrumb":{"@id":"https:\/\/eldigitaldeasturias.com\/magazine365\/bahia-de-cadiz-inicia-el-horario-de-verano-para-facilitar-el-transporte-publico-hacia-las-playas\/#breadcrumblist"},"author":{"@id":"https:\/\/eldigitaldeasturias.com\/magazine365\/author\/admin\/#author"},"creator":{"@id":"https:\/\/eldigitaldeasturias.com\/magazine365\/author\/admin\/#author"},"image":{"@type":"ImageObject","url":"https:\/\/eldigitaldeasturias.com\/magazine365\/wp-content\/uploads\/2015\/06\/fotonoticia_20150626105000_800.jpg","@id":"https:\/\/eldigitaldeasturias.com\/magazine365\/bahia-de-cadiz-inicia-el-horario-de-verano-para-facilitar-el-transporte-publico-hacia-las-playas\/#mainImage","width":800,"height":533},"primaryImageOfPage":{"@id":"https:\/\/eldigitaldeasturias.com\/magazine365\/bahia-de-cadiz-inicia-el-horario-de-verano-para-facilitar-el-transporte-publico-hacia-las-playas\/#mainImage"},"datePublished":"2015-06-26T11:29:47+02:00","dateModified":"2015-06-26T11:29:47+02:00"},{"@type":"WebSite","@id":"https:\/\/eldigitaldeasturias.com\/magazine365\/#website","url":"https:\/\/eldigitaldeasturias.com\/magazine365\/","name":"El Digital de Asturias","description":"Revista de ocio, turismo y estilo de vida","inLanguage":"es-ES","publisher":{"@id":"https:\/\/eldigitaldeasturias.com\/magazine365\/#organization"}}]},"og:locale":"es_ES","og:site_name":"El Digital de Asturias \u2013 Revista de ocio, turismo y estilo de vida","og:type":"article","og:title":"Bah\u00eda de C\u00e1diz inicia el horario de verano para facilitar el transporte p\u00fablico hacia las playas | El Digital de Asturias","og:description":"El Consorcio de Transportes Metropolitano de la Bah\u00eda de C\u00e1diz pone en marcha a partir de este viernes los horarios de verano para favorecer la movilidad entre los municipios de interior y las playas de la Bah\u00eda de C\u00e1diz. En una nota de prensa, el Consorcio de Transportes Metropolitano de la Bah\u00eda de C\u00e1diz explica","og:url":"https:\/\/eldigitaldeasturias.com\/magazine365\/bahia-de-cadiz-inicia-el-horario-de-verano-para-facilitar-el-transporte-publico-hacia-las-playas\/","og:image":"https:\/\/eldigitaldeasturias.com\/magazine365\/wp-content\/uploads\/2015\/06\/fotonoticia_20150626105000_800.jpg","og:image:secure_url":"https:\/\/eldigitaldeasturias.com\/magazine365\/wp-content\/uploads\/2015\/06\/fotonoticia_20150626105000_800.jpg","og:image:width":800,"og:image:height":533,"article:published_time":"2015-06-26T09:59:47+00:00","article:modified_time":"2015-06-26T09:59:47+00:00","twitter:card":"summary_large_image","twitter:title":"Bah\u00eda de C\u00e1diz inicia el horario de verano para facilitar el transporte p\u00fablico hacia las playas | El Digital de Asturias","twitter:description":"El Consorcio de Transportes Metropolitano de la Bah\u00eda de C\u00e1diz pone en marcha a partir de este viernes los horarios de verano para favorecer la movilidad entre los municipios de interior y las playas de la Bah\u00eda de C\u00e1diz. En una nota de prensa, el Consorcio de Transportes Metropolitano de la Bah\u00eda de C\u00e1diz explica","twitter:image":"https:\/\/eldigitaldeasturias.com\/magazine365\/wp-content\/uploads\/2015\/06\/fotonoticia_20150626105000_800.jpg"},"aioseo_meta_data":{"post_id":"41089","title":null,"description":null,"keywords":null,"keyphrases":null,"primary_term":null,"canonical_url":null,"og_title":null,"og_description":null,"og_object_type":"default","og_image_type":"default","og_image_url":null,"og_image_width":null,"og_image_height":null,"og_image_custom_url":null,"og_image_custom_fields":null,"og_video":null,"og_custom_url":null,"og_article_section":null,"og_article_tags":null,"twitter_use_og":false,"twitter_card":"default","twitter_image_type":"default","twitter_image_url":null,"twitter_image_custom_url":null,"twitter_image_custom_fields":null,"twitter_title":null,"twitter_description":null,"schema":{"blockGraphs":[],"customGraphs":[],"default":{"data":{"Article":[],"Course":[],"Dataset":[],"FAQPage":[],"Movie":[],"Person":[],"Product":[],"ProductReview":[],"Car":[],"Recipe":[],"Service":[],"SoftwareApplication":[],"WebPage":[]},"graphName":"","isEnabled":true},"graphs":[],"defaultGraph":"","defaultPostTypeGraph":""},"schema_type":null,"schema_type_options":null,"pillar_content":false,"robots_default":true,"robots_noindex":false,"robots_noarchive":false,"robots_nosnippet":false,"robots_nofollow":false,"robots_noimageindex":false,"robots_noodp":false,"robots_notranslate":false,"robots_max_snippet":null,"robots_max_videopreview":null,"robots_max_imagepreview":"large","priority":null,"frequency":null,"location":null,"local_seo":null,"seo_analyzer_scan_date":"2025-09-19 14:58:28","breadcrumb_settings":null,"limit_modified_date":false,"open_ai":null,"ai":null,"created":"2021-03-09 02:19:42","updated":"2025-09-19 14:58:28"},"aioseo_breadcrumb":"<div class=\"aioseo-breadcrumbs\"><span class=\"aioseo-breadcrumb\">\n\t<a href=\"https:\/\/eldigitaldeasturias.com\/magazine365\" title=\"Home\">Home<\/a>\n<\/span><span class=\"aioseo-breadcrumb-separator\">\u2013<\/span><span class=\"aioseo-breadcrumb\">\n\t<a href=\"https:\/\/eldigitaldeasturias.com\/magazine365\/category\/actualidad-turismo\/\" title=\"Actualidad Turismo\">Actualidad Turismo<\/a>\n<\/span><span class=\"aioseo-breadcrumb-separator\">\u2013<\/span><span class=\"aioseo-breadcrumb\">\n\t<a href=\"https:\/\/eldigitaldeasturias.com\/magazine365\/bahia-de-cadiz-inicia-el-horario-de-verano-para-facilitar-el-transporte-publico-hacia-las-playas\/\" title=\"Bah\u00eda de C\u00e1diz inicia el horario de verano para facilitar el transporte p\u00fablico hacia las playas\">Bah\u00eda de C\u00e1diz inicia el horario de verano para facilitar el transporte p\u00fablico hacia las playas<\/a>\n<\/span><\/div>","aioseo_breadcrumb_json":[{"label":"Home","link":"https:\/\/eldigitaldeasturias.com\/magazine365"},{"label":"Actualidad Turismo","link":"https:\/\/eldigitaldeasturias.com\/magazine365\/category\/actualidad-turismo\/"},{"label":"Bah\u00eda de C\u00e1diz inicia el horario de verano para facilitar el transporte p\u00fablico hacia las playas","link":"https:\/\/eldigitaldeasturias.com\/magazine365\/bahia-de-cadiz-inicia-el-horario-de-verano-para-facilitar-el-transporte-publico-hacia-las-playas\/"}],"_links":{"self":[{"href":"https:\/\/eldigitaldeasturias.com\/magazine365\/wp-json\/wp\/v2\/posts\/41089","targetHints":{"allow":["GET"]}}],"collection":[{"href":"https:\/\/eldigitaldeasturias.com\/magazine365\/wp-json\/wp\/v2\/posts"}],"about":[{"href":"https:\/\/eldigitaldeasturias.com\/magazine365\/wp-json\/wp\/v2\/types\/post"}],"author":[{"embeddable":true,"href":"https:\/\/eldigitaldeasturias.com\/magazine365\/wp-json\/wp\/v2\/users\/1"}],"replies":[{"embeddable":true,"href":"https:\/\/eldigitaldeasturias.com\/magazine365\/wp-json\/wp\/v2\/comments?post=41089"}],"version-history":[{"count":0,"href":"https:\/\/eldigitaldeasturias.com\/magazine365\/wp-json\/wp\/v2\/posts\/41089\/revisions"}],"wp:featuredmedia":[{"embeddable":true,"href":"https:\/\/eldigitaldeasturias.com\/magazine365\/wp-json\/wp\/v2\/media\/41090"}],"wp:attachment":[{"href":"https:\/\/eldigitaldeasturias.com\/magazine365\/wp-json\/wp\/v2\/media?parent=41089"}],"wp:term":[{"taxonomy":"category","embeddable":true,"href":"https:\/\/eldigitaldeasturias.com\/magazine365\/wp-json\/wp\/v2\/categories?post=41089"},{"taxonomy":"post_tag","embeddable":true,"href":"https:\/\/eldigitaldeasturias.com\/magazine365\/wp-json\/wp\/v2\/tags?post=41089"}],"curies":[{"name":"wp","href":"https:\/\/api.w.org\/{rel}","templated":true}]}}