{"id":41083,"date":"2015-06-26T10:38:31","date_gmt":"2015-06-26T09:08:31","guid":{"rendered":"http:\/\/eldigitaldeasturias.com\/magazine365\/?p=41083"},"modified":"2015-06-26T10:38:32","modified_gmt":"2015-06-26T09:08:32","slug":"almonte-acoge-este-viernes-la-tradicion-ancestral-de-la-saca-de-yeguas","status":"publish","type":"post","link":"https:\/\/eldigitaldeasturias.com\/magazine365\/almonte-acoge-este-viernes-la-tradicion-ancestral-de-la-saca-de-yeguas\/","title":{"rendered":"Almonte acoge este viernes la tradici\u00f3n ancestral de la Saca de Yeguas"},"content":{"rendered":"<p><img fetchpriority=\"high\" decoding=\"async\" class=\"alignleft size-medium wp-image-41084\" src=\"https:\/\/eldigitaldeasturias.com\/magazine365\/wp-content\/uploads\/2015\/06\/fotonoticia_20150626100320_800-360x203.jpg\" alt=\"fotonoticia_20150626100320_800\" width=\"360\" height=\"203\" srcset=\"https:\/\/eldigitaldeasturias.com\/magazine365\/wp-content\/uploads\/2015\/06\/fotonoticia_20150626100320_800-360x203.jpg 360w, https:\/\/eldigitaldeasturias.com\/magazine365\/wp-content\/uploads\/2015\/06\/fotonoticia_20150626100320_800-650x366.jpg 650w, https:\/\/eldigitaldeasturias.com\/magazine365\/wp-content\/uploads\/2015\/06\/fotonoticia_20150626100320_800-768x432.jpg 768w, https:\/\/eldigitaldeasturias.com\/magazine365\/wp-content\/uploads\/2015\/06\/fotonoticia_20150626100320_800-150x84.jpg 150w, https:\/\/eldigitaldeasturias.com\/magazine365\/wp-content\/uploads\/2015\/06\/fotonoticia_20150626100320_800-450x253.jpg 450w, https:\/\/eldigitaldeasturias.com\/magazine365\/wp-content\/uploads\/2015\/06\/fotonoticia_20150626100320_800-696x392.jpg 696w, https:\/\/eldigitaldeasturias.com\/magazine365\/wp-content\/uploads\/2015\/06\/fotonoticia_20150626100320_800-747x420.jpg 747w, https:\/\/eldigitaldeasturias.com\/magazine365\/wp-content\/uploads\/2015\/06\/fotonoticia_20150626100320_800-499x280.jpg 499w, https:\/\/eldigitaldeasturias.com\/magazine365\/wp-content\/uploads\/2015\/06\/fotonoticia_20150626100320_800.jpg 800w\" sizes=\"(max-width: 360px) 100vw, 360px\" \/>Una de las tradiciones m\u00e1s ancestrales de Andaluc\u00eda, la Saca de las Yeguas, vuelve este viernes como cada 26 de junio al t\u00e9rmino municipal de Almonte (Huelva). Se inicia con la entrada de los yeg\u00fcerizos en Do\u00f1ana, algo que se produce durante la jornada previa.<\/p>\n<p>As\u00ed, la Saca de las Yeguas tiene lugar este viernes 26 de junio, una jornada en la que los yeg\u00fcerizos almonte\u00f1os trasladan desde las marismas de Do\u00f1ana hasta el Recinto Ganadero de Almonte m\u00e1s de dos mil yeguas, acompa\u00f1adas muchas de ellas por sus potrillos y potros.<\/p>\n<p>Seg\u00fan ha informado el ente local en una nota de prensa, la alcaldesa almonte\u00f1a, Roc\u00edo Espinosa (PSOE), ha explicado que se trata de un acontecimiento \u00ab\u00fanico\u00bb en el que se une \u00abtradici\u00f3n, modernidad y la convivencia de todo el pueblo\u00bb, que en las calles se\u00f1alan con su presencia el camino, el itinerario de las yeguas por la localidad de Almonte, que \u00abese d\u00eda recibe la visita de cientos de personas para ver el espect\u00e1culo\u00bb.<\/p>\n<p>Con la llegada de los animales al recinto ganadero municipal Huerta de la Ca\u00f1ada se inicia la Feria Ganadera 2015, que seg\u00fan el programa elaborado por la Asociaci\u00f3n de Criadores de ganado Marisme\u00f1o, se desarrollar\u00e1 del 27 al 30 de junio, estando previsto para el 1 de julio el regreso a Do\u00f1ana de los ejemplares que no hayan sido vendidos en la feria.<\/p>\n<p>PUNTOS ESTRAT\u00c9GICOS<\/p>\n<p>Desde el Consistorio han recomendado tres puntos estrat\u00e9gicos a la hora de disfrutar del espect\u00e1culo in\u00e9dito que ofrece la saca de las Yeguas: la puerta de la ermita de la Virgen del Roc\u00edo, donde yeguas y potrillos son presentadas a la Virgen y bendecidas por el sacerdote; y el sesteo a primeras horas de la tarde en pleno camino, que ofrece la posibilidad de pasear junto a los animales que pastan y descansan durante esas horas en un entorno natural privilegiado como es el Alto de la Gallineta.<\/p>\n<p>Asimismo, han destacado la entrada en la localidad de Almonte y el recorrido a la ca\u00edda de la tarde por calles cuyo itinerario es se\u00f1alizado por el propio pueblo con su presencia masiva en las aceras.<\/p>\n<p>PERNOCTA EN LAS MARISMAS DE DO\u00d1ANA EL 25<\/p>\n<p>Previo al d\u00eda de la saca de las yeguas, que tiene la fecha fija del 26 de junio, 18 reuniones de yeg\u00fcerizos se adentran en las marismas de Do\u00f1ana, distribuy\u00e9ndose por diversos parajes, tan alejados entre s\u00ed como La Vera o Marismillas.<\/p>\n<p>Tras la pernocta tiene lugar, a primeras horas de este viernes, el agrupamiento de las yeguas de todas las reuniones, en lo que es conocido como &#8216;el rodeo&#8217;, concentr\u00e1ndose en la zona de la Boca del Lobo, en la madre de la Marisma, ya cerca de la aldea almonte\u00f1a, desde donde partir\u00e1n hacia Almonte con una primera parada ante la ermita de la Virgen del Roc\u00edo.<\/p>\n","protected":false},"excerpt":{"rendered":"<p>Una de las tradiciones m\u00e1s ancestrales de Andaluc\u00eda, la Saca de las Yeguas, vuelve este viernes como cada 26 de junio al t\u00e9rmino municipal de Almonte (Huelva). Se inicia con la entrada de los yeg\u00fcerizos en Do\u00f1ana, algo que se produce durante la jornada previa. As\u00ed, la Saca de las Yeguas tiene lugar este viernes<\/p>\n","protected":false},"author":1,"featured_media":41084,"comment_status":"open","ping_status":"closed","sticky":false,"template":"","format":"standard","meta":{"footnotes":""},"categories":[222],"tags":[],"class_list":{"0":"post-41083","1":"post","2":"type-post","3":"status-publish","4":"format-standard","5":"has-post-thumbnail","7":"category-actualidad-turismo"},"aioseo_notices":[],"aioseo_head":"\n\t\t<!-- All in One SEO Pro 4.9.6.1 - aioseo.com -->\n\t<meta name=\"description\" content=\"Una de las tradiciones m\u00e1s ancestrales de Andaluc\u00eda, la Saca de las Yeguas, vuelve este viernes como cada 26 de junio al t\u00e9rmino municipal de Almonte (Huelva). Se inicia con la entrada de los yeg\u00fcerizos en Do\u00f1ana, algo que se produce durante la jornada previa. As\u00ed, la Saca de las Yeguas tiene lugar este viernes\" \/>\n\t<meta name=\"robots\" content=\"max-image-preview:large\" \/>\n\t<meta name=\"author\" content=\"admin\"\/>\n\t<meta name=\"google-site-verification\" content=\"UA-38556648-1\" \/>\n\t<meta name=\"keywords\" content=\"actualidad turismo\" \/>\n\t<link rel=\"canonical\" href=\"https:\/\/eldigitaldeasturias.com\/magazine365\/almonte-acoge-este-viernes-la-tradicion-ancestral-de-la-saca-de-yeguas\/\" \/>\n\t<meta name=\"generator\" content=\"All in One SEO Pro (AIOSEO) 4.9.6.1\" \/>\n\t\t<meta property=\"og:locale\" content=\"es_ES\" \/>\n\t\t<meta property=\"og:site_name\" content=\"El Digital de Asturias \u2013 Revista de ocio, turismo y estilo de vida\" \/>\n\t\t<meta property=\"og:type\" content=\"article\" \/>\n\t\t<meta property=\"og:title\" content=\"Almonte acoge este viernes la tradici\u00f3n ancestral de la Saca de Yeguas | El Digital de Asturias\" \/>\n\t\t<meta property=\"og:description\" content=\"Una de las tradiciones m\u00e1s ancestrales de Andaluc\u00eda, la Saca de las Yeguas, vuelve este viernes como cada 26 de junio al t\u00e9rmino municipal de Almonte (Huelva). Se inicia con la entrada de los yeg\u00fcerizos en Do\u00f1ana, algo que se produce durante la jornada previa. As\u00ed, la Saca de las Yeguas tiene lugar este viernes\" \/>\n\t\t<meta property=\"og:url\" content=\"https:\/\/eldigitaldeasturias.com\/magazine365\/almonte-acoge-este-viernes-la-tradicion-ancestral-de-la-saca-de-yeguas\/\" \/>\n\t\t<meta property=\"og:image\" content=\"https:\/\/eldigitaldeasturias.com\/magazine365\/wp-content\/uploads\/2015\/06\/fotonoticia_20150626100320_800.jpg\" \/>\n\t\t<meta property=\"og:image:secure_url\" content=\"https:\/\/eldigitaldeasturias.com\/magazine365\/wp-content\/uploads\/2015\/06\/fotonoticia_20150626100320_800.jpg\" \/>\n\t\t<meta property=\"og:image:width\" content=\"800\" \/>\n\t\t<meta property=\"og:image:height\" content=\"450\" \/>\n\t\t<meta property=\"article:published_time\" content=\"2015-06-26T09:08:31+00:00\" \/>\n\t\t<meta property=\"article:modified_time\" content=\"2015-06-26T09:08:32+00:00\" \/>\n\t\t<meta name=\"twitter:card\" content=\"summary_large_image\" \/>\n\t\t<meta name=\"twitter:title\" content=\"Almonte acoge este viernes la tradici\u00f3n ancestral de la Saca de Yeguas | El Digital de Asturias\" \/>\n\t\t<meta name=\"twitter:description\" content=\"Una de las tradiciones m\u00e1s ancestrales de Andaluc\u00eda, la Saca de las Yeguas, vuelve este viernes como cada 26 de junio al t\u00e9rmino municipal de Almonte (Huelva). Se inicia con la entrada de los yeg\u00fcerizos en Do\u00f1ana, algo que se produce durante la jornada previa. As\u00ed, la Saca de las Yeguas tiene lugar este viernes\" \/>\n\t\t<meta name=\"twitter:image\" content=\"https:\/\/eldigitaldeasturias.com\/magazine365\/wp-content\/uploads\/2015\/06\/fotonoticia_20150626100320_800.jpg\" \/>\n\t\t<script type=\"application\/ld+json\" class=\"aioseo-schema\">\n\t\t\t{\"@context\":\"https:\\\/\\\/schema.org\",\"@graph\":[{\"@type\":\"Article\",\"@id\":\"https:\\\/\\\/eldigitaldeasturias.com\\\/magazine365\\\/almonte-acoge-este-viernes-la-tradicion-ancestral-de-la-saca-de-yeguas\\\/#article\",\"name\":\"Almonte acoge este viernes la tradici\\u00f3n ancestral de la Saca de Yeguas | El Digital de Asturias\",\"headline\":\"Almonte acoge este viernes la tradici\\u00f3n ancestral de la Saca de Yeguas\",\"author\":{\"@id\":\"https:\\\/\\\/eldigitaldeasturias.com\\\/magazine365\\\/author\\\/admin\\\/#author\"},\"publisher\":{\"@id\":\"https:\\\/\\\/eldigitaldeasturias.com\\\/magazine365\\\/#organization\"},\"image\":{\"@type\":\"ImageObject\",\"url\":\"https:\\\/\\\/eldigitaldeasturias.com\\\/magazine365\\\/wp-content\\\/uploads\\\/2015\\\/06\\\/fotonoticia_20150626100320_800.jpg\",\"width\":800,\"height\":450},\"datePublished\":\"2015-06-26T10:38:31+02:00\",\"dateModified\":\"2015-06-26T10:38:32+02:00\",\"inLanguage\":\"es-ES\",\"mainEntityOfPage\":{\"@id\":\"https:\\\/\\\/eldigitaldeasturias.com\\\/magazine365\\\/almonte-acoge-este-viernes-la-tradicion-ancestral-de-la-saca-de-yeguas\\\/#webpage\"},\"isPartOf\":{\"@id\":\"https:\\\/\\\/eldigitaldeasturias.com\\\/magazine365\\\/almonte-acoge-este-viernes-la-tradicion-ancestral-de-la-saca-de-yeguas\\\/#webpage\"},\"articleSection\":\"Actualidad Turismo\"},{\"@type\":\"BreadcrumbList\",\"@id\":\"https:\\\/\\\/eldigitaldeasturias.com\\\/magazine365\\\/almonte-acoge-este-viernes-la-tradicion-ancestral-de-la-saca-de-yeguas\\\/#breadcrumblist\",\"itemListElement\":[{\"@type\":\"ListItem\",\"@id\":\"https:\\\/\\\/eldigitaldeasturias.com\\\/magazine365#listItem\",\"position\":1,\"name\":\"Home\",\"item\":\"https:\\\/\\\/eldigitaldeasturias.com\\\/magazine365\",\"nextItem\":{\"@type\":\"ListItem\",\"@id\":\"https:\\\/\\\/eldigitaldeasturias.com\\\/magazine365\\\/category\\\/actualidad-turismo\\\/#listItem\",\"name\":\"Actualidad Turismo\"}},{\"@type\":\"ListItem\",\"@id\":\"https:\\\/\\\/eldigitaldeasturias.com\\\/magazine365\\\/category\\\/actualidad-turismo\\\/#listItem\",\"position\":2,\"name\":\"Actualidad Turismo\",\"item\":\"https:\\\/\\\/eldigitaldeasturias.com\\\/magazine365\\\/category\\\/actualidad-turismo\\\/\",\"nextItem\":{\"@type\":\"ListItem\",\"@id\":\"https:\\\/\\\/eldigitaldeasturias.com\\\/magazine365\\\/almonte-acoge-este-viernes-la-tradicion-ancestral-de-la-saca-de-yeguas\\\/#listItem\",\"name\":\"Almonte acoge este viernes la tradici\\u00f3n ancestral de la Saca de Yeguas\"},\"previousItem\":{\"@type\":\"ListItem\",\"@id\":\"https:\\\/\\\/eldigitaldeasturias.com\\\/magazine365#listItem\",\"name\":\"Home\"}},{\"@type\":\"ListItem\",\"@id\":\"https:\\\/\\\/eldigitaldeasturias.com\\\/magazine365\\\/almonte-acoge-este-viernes-la-tradicion-ancestral-de-la-saca-de-yeguas\\\/#listItem\",\"position\":3,\"name\":\"Almonte acoge este viernes la tradici\\u00f3n ancestral de la Saca de Yeguas\",\"previousItem\":{\"@type\":\"ListItem\",\"@id\":\"https:\\\/\\\/eldigitaldeasturias.com\\\/magazine365\\\/category\\\/actualidad-turismo\\\/#listItem\",\"name\":\"Actualidad Turismo\"}}]},{\"@type\":\"Organization\",\"@id\":\"https:\\\/\\\/eldigitaldeasturias.com\\\/magazine365\\\/#organization\",\"name\":\"El digital de Asturias\",\"description\":\"Revista de ocio, turismo y estilo de vida\",\"url\":\"https:\\\/\\\/eldigitaldeasturias.com\\\/magazine365\\\/\",\"logo\":{\"@type\":\"ImageObject\",\"url\":\"https:\\\/\\\/www.eldigitaldeasturias.com\\\/noticias\\\/wp-content\\\/uploads\\\/2020\\\/12\\\/EDA.jpg\",\"@id\":\"https:\\\/\\\/eldigitaldeasturias.com\\\/magazine365\\\/almonte-acoge-este-viernes-la-tradicion-ancestral-de-la-saca-de-yeguas\\\/#organizationLogo\"},\"image\":{\"@id\":\"https:\\\/\\\/eldigitaldeasturias.com\\\/magazine365\\\/almonte-acoge-este-viernes-la-tradicion-ancestral-de-la-saca-de-yeguas\\\/#organizationLogo\"}},{\"@type\":\"Person\",\"@id\":\"https:\\\/\\\/eldigitaldeasturias.com\\\/magazine365\\\/author\\\/admin\\\/#author\",\"url\":\"https:\\\/\\\/eldigitaldeasturias.com\\\/magazine365\\\/author\\\/admin\\\/\",\"name\":\"admin\",\"image\":{\"@type\":\"ImageObject\",\"@id\":\"https:\\\/\\\/eldigitaldeasturias.com\\\/magazine365\\\/almonte-acoge-este-viernes-la-tradicion-ancestral-de-la-saca-de-yeguas\\\/#authorImage\",\"url\":\"https:\\\/\\\/eldigitaldeasturias.com\\\/magazine365\\\/wp-content\\\/litespeed\\\/avatar\\\/e571bcf59a0edd6fa6838245a470f2fe.jpg?ver=1777574230\",\"width\":96,\"height\":96,\"caption\":\"admin\"}},{\"@type\":\"WebPage\",\"@id\":\"https:\\\/\\\/eldigitaldeasturias.com\\\/magazine365\\\/almonte-acoge-este-viernes-la-tradicion-ancestral-de-la-saca-de-yeguas\\\/#webpage\",\"url\":\"https:\\\/\\\/eldigitaldeasturias.com\\\/magazine365\\\/almonte-acoge-este-viernes-la-tradicion-ancestral-de-la-saca-de-yeguas\\\/\",\"name\":\"Almonte acoge este viernes la tradici\\u00f3n ancestral de la Saca de Yeguas | El Digital de Asturias\",\"description\":\"Una de las tradiciones m\\u00e1s ancestrales de Andaluc\\u00eda, la Saca de las Yeguas, vuelve este viernes como cada 26 de junio al t\\u00e9rmino municipal de Almonte (Huelva). Se inicia con la entrada de los yeg\\u00fcerizos en Do\\u00f1ana, algo que se produce durante la jornada previa. As\\u00ed, la Saca de las Yeguas tiene lugar este viernes\",\"inLanguage\":\"es-ES\",\"isPartOf\":{\"@id\":\"https:\\\/\\\/eldigitaldeasturias.com\\\/magazine365\\\/#website\"},\"breadcrumb\":{\"@id\":\"https:\\\/\\\/eldigitaldeasturias.com\\\/magazine365\\\/almonte-acoge-este-viernes-la-tradicion-ancestral-de-la-saca-de-yeguas\\\/#breadcrumblist\"},\"author\":{\"@id\":\"https:\\\/\\\/eldigitaldeasturias.com\\\/magazine365\\\/author\\\/admin\\\/#author\"},\"creator\":{\"@id\":\"https:\\\/\\\/eldigitaldeasturias.com\\\/magazine365\\\/author\\\/admin\\\/#author\"},\"image\":{\"@type\":\"ImageObject\",\"url\":\"https:\\\/\\\/eldigitaldeasturias.com\\\/magazine365\\\/wp-content\\\/uploads\\\/2015\\\/06\\\/fotonoticia_20150626100320_800.jpg\",\"@id\":\"https:\\\/\\\/eldigitaldeasturias.com\\\/magazine365\\\/almonte-acoge-este-viernes-la-tradicion-ancestral-de-la-saca-de-yeguas\\\/#mainImage\",\"width\":800,\"height\":450},\"primaryImageOfPage\":{\"@id\":\"https:\\\/\\\/eldigitaldeasturias.com\\\/magazine365\\\/almonte-acoge-este-viernes-la-tradicion-ancestral-de-la-saca-de-yeguas\\\/#mainImage\"},\"datePublished\":\"2015-06-26T10:38:31+02:00\",\"dateModified\":\"2015-06-26T10:38:32+02:00\"},{\"@type\":\"WebSite\",\"@id\":\"https:\\\/\\\/eldigitaldeasturias.com\\\/magazine365\\\/#website\",\"url\":\"https:\\\/\\\/eldigitaldeasturias.com\\\/magazine365\\\/\",\"name\":\"El Digital de Asturias\",\"description\":\"Revista de ocio, turismo y estilo de vida\",\"inLanguage\":\"es-ES\",\"publisher\":{\"@id\":\"https:\\\/\\\/eldigitaldeasturias.com\\\/magazine365\\\/#organization\"}}]}\n\t\t<\/script>\n\t\t<!-- All in One SEO Pro -->\r\n\t\t<title>Almonte acoge este viernes la tradici\u00f3n ancestral de la Saca de Yeguas | El Digital de Asturias<\/title>\n\n","aioseo_head_json":{"title":"Almonte acoge este viernes la tradici\u00f3n ancestral de la Saca de Yeguas | El Digital de Asturias","description":"Una de las tradiciones m\u00e1s ancestrales de Andaluc\u00eda, la Saca de las Yeguas, vuelve este viernes como cada 26 de junio al t\u00e9rmino municipal de Almonte (Huelva). Se inicia con la entrada de los yeg\u00fcerizos en Do\u00f1ana, algo que se produce durante la jornada previa. As\u00ed, la Saca de las Yeguas tiene lugar este viernes","canonical_url":"https:\/\/eldigitaldeasturias.com\/magazine365\/almonte-acoge-este-viernes-la-tradicion-ancestral-de-la-saca-de-yeguas\/","robots":"max-image-preview:large","keywords":"actualidad turismo","webmasterTools":{"google-site-verification":"UA-38556648-1","miscellaneous":""},"schema":{"@context":"https:\/\/schema.org","@graph":[{"@type":"Article","@id":"https:\/\/eldigitaldeasturias.com\/magazine365\/almonte-acoge-este-viernes-la-tradicion-ancestral-de-la-saca-de-yeguas\/#article","name":"Almonte acoge este viernes la tradici\u00f3n ancestral de la Saca de Yeguas | El Digital de Asturias","headline":"Almonte acoge este viernes la tradici\u00f3n ancestral de la Saca de Yeguas","author":{"@id":"https:\/\/eldigitaldeasturias.com\/magazine365\/author\/admin\/#author"},"publisher":{"@id":"https:\/\/eldigitaldeasturias.com\/magazine365\/#organization"},"image":{"@type":"ImageObject","url":"https:\/\/eldigitaldeasturias.com\/magazine365\/wp-content\/uploads\/2015\/06\/fotonoticia_20150626100320_800.jpg","width":800,"height":450},"datePublished":"2015-06-26T10:38:31+02:00","dateModified":"2015-06-26T10:38:32+02:00","inLanguage":"es-ES","mainEntityOfPage":{"@id":"https:\/\/eldigitaldeasturias.com\/magazine365\/almonte-acoge-este-viernes-la-tradicion-ancestral-de-la-saca-de-yeguas\/#webpage"},"isPartOf":{"@id":"https:\/\/eldigitaldeasturias.com\/magazine365\/almonte-acoge-este-viernes-la-tradicion-ancestral-de-la-saca-de-yeguas\/#webpage"},"articleSection":"Actualidad Turismo"},{"@type":"BreadcrumbList","@id":"https:\/\/eldigitaldeasturias.com\/magazine365\/almonte-acoge-este-viernes-la-tradicion-ancestral-de-la-saca-de-yeguas\/#breadcrumblist","itemListElement":[{"@type":"ListItem","@id":"https:\/\/eldigitaldeasturias.com\/magazine365#listItem","position":1,"name":"Home","item":"https:\/\/eldigitaldeasturias.com\/magazine365","nextItem":{"@type":"ListItem","@id":"https:\/\/eldigitaldeasturias.com\/magazine365\/category\/actualidad-turismo\/#listItem","name":"Actualidad Turismo"}},{"@type":"ListItem","@id":"https:\/\/eldigitaldeasturias.com\/magazine365\/category\/actualidad-turismo\/#listItem","position":2,"name":"Actualidad Turismo","item":"https:\/\/eldigitaldeasturias.com\/magazine365\/category\/actualidad-turismo\/","nextItem":{"@type":"ListItem","@id":"https:\/\/eldigitaldeasturias.com\/magazine365\/almonte-acoge-este-viernes-la-tradicion-ancestral-de-la-saca-de-yeguas\/#listItem","name":"Almonte acoge este viernes la tradici\u00f3n ancestral de la Saca de Yeguas"},"previousItem":{"@type":"ListItem","@id":"https:\/\/eldigitaldeasturias.com\/magazine365#listItem","name":"Home"}},{"@type":"ListItem","@id":"https:\/\/eldigitaldeasturias.com\/magazine365\/almonte-acoge-este-viernes-la-tradicion-ancestral-de-la-saca-de-yeguas\/#listItem","position":3,"name":"Almonte acoge este viernes la tradici\u00f3n ancestral de la Saca de Yeguas","previousItem":{"@type":"ListItem","@id":"https:\/\/eldigitaldeasturias.com\/magazine365\/category\/actualidad-turismo\/#listItem","name":"Actualidad Turismo"}}]},{"@type":"Organization","@id":"https:\/\/eldigitaldeasturias.com\/magazine365\/#organization","name":"El digital de Asturias","description":"Revista de ocio, turismo y estilo de vida","url":"https:\/\/eldigitaldeasturias.com\/magazine365\/","logo":{"@type":"ImageObject","url":"https:\/\/www.eldigitaldeasturias.com\/noticias\/wp-content\/uploads\/2020\/12\/EDA.jpg","@id":"https:\/\/eldigitaldeasturias.com\/magazine365\/almonte-acoge-este-viernes-la-tradicion-ancestral-de-la-saca-de-yeguas\/#organizationLogo"},"image":{"@id":"https:\/\/eldigitaldeasturias.com\/magazine365\/almonte-acoge-este-viernes-la-tradicion-ancestral-de-la-saca-de-yeguas\/#organizationLogo"}},{"@type":"Person","@id":"https:\/\/eldigitaldeasturias.com\/magazine365\/author\/admin\/#author","url":"https:\/\/eldigitaldeasturias.com\/magazine365\/author\/admin\/","name":"admin","image":{"@type":"ImageObject","@id":"https:\/\/eldigitaldeasturias.com\/magazine365\/almonte-acoge-este-viernes-la-tradicion-ancestral-de-la-saca-de-yeguas\/#authorImage","url":"https:\/\/eldigitaldeasturias.com\/magazine365\/wp-content\/litespeed\/avatar\/e571bcf59a0edd6fa6838245a470f2fe.jpg?ver=1777574230","width":96,"height":96,"caption":"admin"}},{"@type":"WebPage","@id":"https:\/\/eldigitaldeasturias.com\/magazine365\/almonte-acoge-este-viernes-la-tradicion-ancestral-de-la-saca-de-yeguas\/#webpage","url":"https:\/\/eldigitaldeasturias.com\/magazine365\/almonte-acoge-este-viernes-la-tradicion-ancestral-de-la-saca-de-yeguas\/","name":"Almonte acoge este viernes la tradici\u00f3n ancestral de la Saca de Yeguas | El Digital de Asturias","description":"Una de las tradiciones m\u00e1s ancestrales de Andaluc\u00eda, la Saca de las Yeguas, vuelve este viernes como cada 26 de junio al t\u00e9rmino municipal de Almonte (Huelva). Se inicia con la entrada de los yeg\u00fcerizos en Do\u00f1ana, algo que se produce durante la jornada previa. As\u00ed, la Saca de las Yeguas tiene lugar este viernes","inLanguage":"es-ES","isPartOf":{"@id":"https:\/\/eldigitaldeasturias.com\/magazine365\/#website"},"breadcrumb":{"@id":"https:\/\/eldigitaldeasturias.com\/magazine365\/almonte-acoge-este-viernes-la-tradicion-ancestral-de-la-saca-de-yeguas\/#breadcrumblist"},"author":{"@id":"https:\/\/eldigitaldeasturias.com\/magazine365\/author\/admin\/#author"},"creator":{"@id":"https:\/\/eldigitaldeasturias.com\/magazine365\/author\/admin\/#author"},"image":{"@type":"ImageObject","url":"https:\/\/eldigitaldeasturias.com\/magazine365\/wp-content\/uploads\/2015\/06\/fotonoticia_20150626100320_800.jpg","@id":"https:\/\/eldigitaldeasturias.com\/magazine365\/almonte-acoge-este-viernes-la-tradicion-ancestral-de-la-saca-de-yeguas\/#mainImage","width":800,"height":450},"primaryImageOfPage":{"@id":"https:\/\/eldigitaldeasturias.com\/magazine365\/almonte-acoge-este-viernes-la-tradicion-ancestral-de-la-saca-de-yeguas\/#mainImage"},"datePublished":"2015-06-26T10:38:31+02:00","dateModified":"2015-06-26T10:38:32+02:00"},{"@type":"WebSite","@id":"https:\/\/eldigitaldeasturias.com\/magazine365\/#website","url":"https:\/\/eldigitaldeasturias.com\/magazine365\/","name":"El Digital de Asturias","description":"Revista de ocio, turismo y estilo de vida","inLanguage":"es-ES","publisher":{"@id":"https:\/\/eldigitaldeasturias.com\/magazine365\/#organization"}}]},"og:locale":"es_ES","og:site_name":"El Digital de Asturias \u2013 Revista de ocio, turismo y estilo de vida","og:type":"article","og:title":"Almonte acoge este viernes la tradici\u00f3n ancestral de la Saca de Yeguas | El Digital de Asturias","og:description":"Una de las tradiciones m\u00e1s ancestrales de Andaluc\u00eda, la Saca de las Yeguas, vuelve este viernes como cada 26 de junio al t\u00e9rmino municipal de Almonte (Huelva). Se inicia con la entrada de los yeg\u00fcerizos en Do\u00f1ana, algo que se produce durante la jornada previa. As\u00ed, la Saca de las Yeguas tiene lugar este viernes","og:url":"https:\/\/eldigitaldeasturias.com\/magazine365\/almonte-acoge-este-viernes-la-tradicion-ancestral-de-la-saca-de-yeguas\/","og:image":"https:\/\/eldigitaldeasturias.com\/magazine365\/wp-content\/uploads\/2015\/06\/fotonoticia_20150626100320_800.jpg","og:image:secure_url":"https:\/\/eldigitaldeasturias.com\/magazine365\/wp-content\/uploads\/2015\/06\/fotonoticia_20150626100320_800.jpg","og:image:width":800,"og:image:height":450,"article:published_time":"2015-06-26T09:08:31+00:00","article:modified_time":"2015-06-26T09:08:32+00:00","twitter:card":"summary_large_image","twitter:title":"Almonte acoge este viernes la tradici\u00f3n ancestral de la Saca de Yeguas | El Digital de Asturias","twitter:description":"Una de las tradiciones m\u00e1s ancestrales de Andaluc\u00eda, la Saca de las Yeguas, vuelve este viernes como cada 26 de junio al t\u00e9rmino municipal de Almonte (Huelva). Se inicia con la entrada de los yeg\u00fcerizos en Do\u00f1ana, algo que se produce durante la jornada previa. As\u00ed, la Saca de las Yeguas tiene lugar este viernes","twitter:image":"https:\/\/eldigitaldeasturias.com\/magazine365\/wp-content\/uploads\/2015\/06\/fotonoticia_20150626100320_800.jpg"},"aioseo_meta_data":{"post_id":"41083","title":null,"description":null,"keywords":null,"keyphrases":null,"primary_term":null,"canonical_url":null,"og_title":null,"og_description":null,"og_object_type":"default","og_image_type":"default","og_image_url":null,"og_image_width":null,"og_image_height":null,"og_image_custom_url":null,"og_image_custom_fields":null,"og_video":null,"og_custom_url":null,"og_article_section":null,"og_article_tags":null,"twitter_use_og":false,"twitter_card":"default","twitter_image_type":"default","twitter_image_url":null,"twitter_image_custom_url":null,"twitter_image_custom_fields":null,"twitter_title":null,"twitter_description":null,"schema":{"blockGraphs":[],"customGraphs":[],"default":{"data":{"Article":[],"Course":[],"Dataset":[],"FAQPage":[],"Movie":[],"Person":[],"Product":[],"ProductReview":[],"Car":[],"Recipe":[],"Service":[],"SoftwareApplication":[],"WebPage":[]},"graphName":"","isEnabled":true},"graphs":[],"defaultGraph":"","defaultPostTypeGraph":""},"schema_type":null,"schema_type_options":null,"pillar_content":false,"robots_default":true,"robots_noindex":false,"robots_noarchive":false,"robots_nosnippet":false,"robots_nofollow":false,"robots_noimageindex":false,"robots_noodp":false,"robots_notranslate":false,"robots_max_snippet":null,"robots_max_videopreview":null,"robots_max_imagepreview":"large","priority":null,"frequency":null,"location":null,"local_seo":null,"seo_analyzer_scan_date":"2025-09-19 14:58:26","breadcrumb_settings":null,"limit_modified_date":false,"open_ai":null,"ai":null,"created":"2021-03-09 02:19:42","updated":"2025-09-19 14:58:26"},"aioseo_breadcrumb":"<div class=\"aioseo-breadcrumbs\"><span class=\"aioseo-breadcrumb\">\n\t<a href=\"https:\/\/eldigitaldeasturias.com\/magazine365\" title=\"Home\">Home<\/a>\n<\/span><span class=\"aioseo-breadcrumb-separator\">\u2013<\/span><span class=\"aioseo-breadcrumb\">\n\t<a href=\"https:\/\/eldigitaldeasturias.com\/magazine365\/category\/actualidad-turismo\/\" title=\"Actualidad Turismo\">Actualidad Turismo<\/a>\n<\/span><span class=\"aioseo-breadcrumb-separator\">\u2013<\/span><span class=\"aioseo-breadcrumb\">\n\t<a href=\"https:\/\/eldigitaldeasturias.com\/magazine365\/almonte-acoge-este-viernes-la-tradicion-ancestral-de-la-saca-de-yeguas\/\" title=\"Almonte acoge este viernes la tradici\u00f3n ancestral de la Saca de Yeguas\">Almonte acoge este viernes la tradici\u00f3n ancestral de la Saca de Yeguas<\/a>\n<\/span><\/div>","aioseo_breadcrumb_json":[{"label":"Home","link":"https:\/\/eldigitaldeasturias.com\/magazine365"},{"label":"Actualidad Turismo","link":"https:\/\/eldigitaldeasturias.com\/magazine365\/category\/actualidad-turismo\/"},{"label":"Almonte acoge este viernes la tradici\u00f3n ancestral de la Saca de Yeguas","link":"https:\/\/eldigitaldeasturias.com\/magazine365\/almonte-acoge-este-viernes-la-tradicion-ancestral-de-la-saca-de-yeguas\/"}],"_links":{"self":[{"href":"https:\/\/eldigitaldeasturias.com\/magazine365\/wp-json\/wp\/v2\/posts\/41083","targetHints":{"allow":["GET"]}}],"collection":[{"href":"https:\/\/eldigitaldeasturias.com\/magazine365\/wp-json\/wp\/v2\/posts"}],"about":[{"href":"https:\/\/eldigitaldeasturias.com\/magazine365\/wp-json\/wp\/v2\/types\/post"}],"author":[{"embeddable":true,"href":"https:\/\/eldigitaldeasturias.com\/magazine365\/wp-json\/wp\/v2\/users\/1"}],"replies":[{"embeddable":true,"href":"https:\/\/eldigitaldeasturias.com\/magazine365\/wp-json\/wp\/v2\/comments?post=41083"}],"version-history":[{"count":0,"href":"https:\/\/eldigitaldeasturias.com\/magazine365\/wp-json\/wp\/v2\/posts\/41083\/revisions"}],"wp:featuredmedia":[{"embeddable":true,"href":"https:\/\/eldigitaldeasturias.com\/magazine365\/wp-json\/wp\/v2\/media\/41084"}],"wp:attachment":[{"href":"https:\/\/eldigitaldeasturias.com\/magazine365\/wp-json\/wp\/v2\/media?parent=41083"}],"wp:term":[{"taxonomy":"category","embeddable":true,"href":"https:\/\/eldigitaldeasturias.com\/magazine365\/wp-json\/wp\/v2\/categories?post=41083"},{"taxonomy":"post_tag","embeddable":true,"href":"https:\/\/eldigitaldeasturias.com\/magazine365\/wp-json\/wp\/v2\/tags?post=41083"}],"curies":[{"name":"wp","href":"https:\/\/api.w.org\/{rel}","templated":true}]}}