{"id":41074,"date":"2015-06-25T23:21:53","date_gmt":"2015-06-25T21:51:53","guid":{"rendered":"http:\/\/eldigitaldeasturias.com\/magazine365\/?p=41074"},"modified":"2015-06-25T23:21:53","modified_gmt":"2015-06-25T21:51:53","slug":"el-juzgado-fija-el-30-de-julio-como-nueva-fecha-para-la-subasta-del-aeropuerto-de-ciudad-real","status":"publish","type":"post","link":"https:\/\/eldigitaldeasturias.com\/magazine365\/el-juzgado-fija-el-30-de-julio-como-nueva-fecha-para-la-subasta-del-aeropuerto-de-ciudad-real\/","title":{"rendered":"El Juzgado fija el 30 de julio como nueva fecha para la subasta del aeropuerto de Ciudad Real"},"content":{"rendered":"<p><img fetchpriority=\"high\" decoding=\"async\" class=\"alignleft size-medium wp-image-41075\" src=\"https:\/\/eldigitaldeasturias.com\/magazine365\/wp-content\/uploads\/2015\/06\/fotonoticia_20150625181652_800-360x240.jpg\" alt=\"fotonoticia_20150625181652_800\" width=\"360\" height=\"240\" srcset=\"https:\/\/eldigitaldeasturias.com\/magazine365\/wp-content\/uploads\/2015\/06\/fotonoticia_20150625181652_800-360x240.jpg 360w, https:\/\/eldigitaldeasturias.com\/magazine365\/wp-content\/uploads\/2015\/06\/fotonoticia_20150625181652_800-650x433.jpg 650w, https:\/\/eldigitaldeasturias.com\/magazine365\/wp-content\/uploads\/2015\/06\/fotonoticia_20150625181652_800-768x512.jpg 768w, https:\/\/eldigitaldeasturias.com\/magazine365\/wp-content\/uploads\/2015\/06\/fotonoticia_20150625181652_800-150x100.jpg 150w, https:\/\/eldigitaldeasturias.com\/magazine365\/wp-content\/uploads\/2015\/06\/fotonoticia_20150625181652_800-450x300.jpg 450w, https:\/\/eldigitaldeasturias.com\/magazine365\/wp-content\/uploads\/2015\/06\/fotonoticia_20150625181652_800-696x464.jpg 696w, https:\/\/eldigitaldeasturias.com\/magazine365\/wp-content\/uploads\/2015\/06\/fotonoticia_20150625181652_800-630x420.jpg 630w, https:\/\/eldigitaldeasturias.com\/magazine365\/wp-content\/uploads\/2015\/06\/fotonoticia_20150625181652_800-84x55.jpg 84w, https:\/\/eldigitaldeasturias.com\/magazine365\/wp-content\/uploads\/2015\/06\/fotonoticia_20150625181652_800.jpg 800w\" sizes=\"(max-width: 360px) 100vw, 360px\" \/>El Juzgado de lo Mercantil ha fijado este jueves el pr\u00f3ximo d\u00eda 30 de julio, a las 11.00 horas, como nuevo d\u00eda y hora para la subasta del aeropuerto de Ciudad Real.<\/p>\n<p>Esta decisi\u00f3n, tras la suspensi\u00f3n de la subasta inicial prevista para el pasado d\u00eda 19 de junio, se recoge en una providencia a la que ha tenido acceso Europa Press.<\/p>\n<p>En la misma, se vuelve a la decisi\u00f3n de subastar solo los elementos que tengan relaci\u00f3n con la explotaci\u00f3n aeroportuaria &#8211;pista de aterrizaje, pista de rodaje, hangares, terminal de pasajeros&#8211; y se elimina la opci\u00f3n de compra de los terrenos industriales aleda\u00f1os, que hab\u00eda sido incluida en una modificaci\u00f3n de las condiciones de los subasta por los administradores concursales el 12 de junio.<\/p>\n<p>Antes de la subasta prevista para el d\u00eda 19, la empresa Ciudad Real Internacional Airport hab\u00eda recurrido esta modificaci\u00f3n por no haberse cumplido el plazo m\u00ednimo de exposici\u00f3n p\u00fablica, 20 d\u00edas.<\/p>\n<p>En la providencia emitida este jueves, se indica en uno de sus puntos que, \u00aby expresamente se elimina toda referencia al derecho de opci\u00f3n de compra de los bienes no subastados y descritos por la Administraci\u00f3n Concursal en su escrito de fecha de 12 de junio de 2015\u00bb.<\/p>\n<p>La providencia establece que la subasta se har\u00e1 de manera presencial en el Juzgado de lo Mercantil y que no hay precio de salida, aunque se mantiene como referencia que los elemento a subastar est\u00e1n tasados en 40 millones de euros.<\/p>\n<p>Las empresas que quieran optar la puja deber\u00e1n avalar su oferta con la consignaci\u00f3n de un aval de dos millones de euros.<\/p>\n<p>Por otro lado, hasta las 15.00 horas del pr\u00f3ximo d\u00eda 9 de julio, se mantiene abierta la posibilidad de recibir ofertas de compra directas por el aeropuerto, incluida la zona industrial, acogi\u00e9ndose a lo que marca el Plan de Liquidaci\u00f3n, por una cantidad m\u00ednima que, despu\u00e9s de varias bajas, se cifr\u00f3 en 80 millones de euros.<\/p>\n","protected":false},"excerpt":{"rendered":"<p>El Juzgado de lo Mercantil ha fijado este jueves el pr\u00f3ximo d\u00eda 30 de julio, a las 11.00 horas, como nuevo d\u00eda y hora para la subasta del aeropuerto de Ciudad Real. Esta decisi\u00f3n, tras la suspensi\u00f3n de la subasta inicial prevista para el pasado d\u00eda 19 de junio, se recoge en una providencia a<\/p>\n","protected":false},"author":1,"featured_media":41075,"comment_status":"open","ping_status":"closed","sticky":false,"template":"","format":"standard","meta":{"footnotes":""},"categories":[222],"tags":[],"class_list":{"0":"post-41074","1":"post","2":"type-post","3":"status-publish","4":"format-standard","5":"has-post-thumbnail","7":"category-actualidad-turismo"},"aioseo_notices":[],"aioseo_head":"\n\t\t<!-- All in One SEO Pro 4.9.6.1 - aioseo.com -->\n\t<meta name=\"description\" content=\"El Juzgado de lo Mercantil ha fijado este jueves el pr\u00f3ximo d\u00eda 30 de julio, a las 11.00 horas, como nuevo d\u00eda y hora para la subasta del aeropuerto de Ciudad Real. Esta decisi\u00f3n, tras la suspensi\u00f3n de la subasta inicial prevista para el pasado d\u00eda 19 de junio, se recoge en una providencia a\" \/>\n\t<meta name=\"robots\" content=\"max-image-preview:large\" \/>\n\t<meta name=\"author\" content=\"admin\"\/>\n\t<meta name=\"google-site-verification\" content=\"UA-38556648-1\" \/>\n\t<meta name=\"keywords\" content=\"actualidad turismo\" \/>\n\t<link rel=\"canonical\" href=\"https:\/\/eldigitaldeasturias.com\/magazine365\/el-juzgado-fija-el-30-de-julio-como-nueva-fecha-para-la-subasta-del-aeropuerto-de-ciudad-real\/\" \/>\n\t<meta name=\"generator\" content=\"All in One SEO Pro (AIOSEO) 4.9.6.1\" \/>\n\t\t<meta property=\"og:locale\" content=\"es_ES\" \/>\n\t\t<meta property=\"og:site_name\" content=\"El Digital de Asturias \u2013 Revista de ocio, turismo y estilo de vida\" \/>\n\t\t<meta property=\"og:type\" content=\"article\" \/>\n\t\t<meta property=\"og:title\" content=\"El Juzgado fija el 30 de julio como nueva fecha para la subasta del aeropuerto de Ciudad Real | El Digital de Asturias\" \/>\n\t\t<meta property=\"og:description\" content=\"El Juzgado de lo Mercantil ha fijado este jueves el pr\u00f3ximo d\u00eda 30 de julio, a las 11.00 horas, como nuevo d\u00eda y hora para la subasta del aeropuerto de Ciudad Real. Esta decisi\u00f3n, tras la suspensi\u00f3n de la subasta inicial prevista para el pasado d\u00eda 19 de junio, se recoge en una providencia a\" \/>\n\t\t<meta property=\"og:url\" content=\"https:\/\/eldigitaldeasturias.com\/magazine365\/el-juzgado-fija-el-30-de-julio-como-nueva-fecha-para-la-subasta-del-aeropuerto-de-ciudad-real\/\" \/>\n\t\t<meta property=\"og:image\" content=\"https:\/\/eldigitaldeasturias.com\/magazine365\/wp-content\/uploads\/2015\/06\/fotonoticia_20150625181652_800.jpg\" \/>\n\t\t<meta property=\"og:image:secure_url\" content=\"https:\/\/eldigitaldeasturias.com\/magazine365\/wp-content\/uploads\/2015\/06\/fotonoticia_20150625181652_800.jpg\" \/>\n\t\t<meta property=\"og:image:width\" content=\"800\" \/>\n\t\t<meta property=\"og:image:height\" content=\"533\" \/>\n\t\t<meta property=\"article:published_time\" content=\"2015-06-25T21:51:53+00:00\" \/>\n\t\t<meta property=\"article:modified_time\" content=\"2015-06-25T21:51:53+00:00\" \/>\n\t\t<meta name=\"twitter:card\" content=\"summary_large_image\" \/>\n\t\t<meta name=\"twitter:title\" content=\"El Juzgado fija el 30 de julio como nueva fecha para la subasta del aeropuerto de Ciudad Real | El Digital de Asturias\" \/>\n\t\t<meta name=\"twitter:description\" content=\"El Juzgado de lo Mercantil ha fijado este jueves el pr\u00f3ximo d\u00eda 30 de julio, a las 11.00 horas, como nuevo d\u00eda y hora para la subasta del aeropuerto de Ciudad Real. Esta decisi\u00f3n, tras la suspensi\u00f3n de la subasta inicial prevista para el pasado d\u00eda 19 de junio, se recoge en una providencia a\" \/>\n\t\t<meta name=\"twitter:image\" content=\"https:\/\/eldigitaldeasturias.com\/magazine365\/wp-content\/uploads\/2015\/06\/fotonoticia_20150625181652_800.jpg\" \/>\n\t\t<script type=\"application\/ld+json\" class=\"aioseo-schema\">\n\t\t\t{\"@context\":\"https:\\\/\\\/schema.org\",\"@graph\":[{\"@type\":\"Article\",\"@id\":\"https:\\\/\\\/eldigitaldeasturias.com\\\/magazine365\\\/el-juzgado-fija-el-30-de-julio-como-nueva-fecha-para-la-subasta-del-aeropuerto-de-ciudad-real\\\/#article\",\"name\":\"El Juzgado fija el 30 de julio como nueva fecha para la subasta del aeropuerto de Ciudad Real | El Digital de Asturias\",\"headline\":\"El Juzgado fija el 30 de julio como nueva fecha para la subasta del aeropuerto de Ciudad Real\",\"author\":{\"@id\":\"https:\\\/\\\/eldigitaldeasturias.com\\\/magazine365\\\/author\\\/admin\\\/#author\"},\"publisher\":{\"@id\":\"https:\\\/\\\/eldigitaldeasturias.com\\\/magazine365\\\/#organization\"},\"image\":{\"@type\":\"ImageObject\",\"url\":\"https:\\\/\\\/eldigitaldeasturias.com\\\/magazine365\\\/wp-content\\\/uploads\\\/2015\\\/06\\\/fotonoticia_20150625181652_800.jpg\",\"width\":800,\"height\":533},\"datePublished\":\"2015-06-25T23:21:53+02:00\",\"dateModified\":\"2015-06-25T23:21:53+02:00\",\"inLanguage\":\"es-ES\",\"mainEntityOfPage\":{\"@id\":\"https:\\\/\\\/eldigitaldeasturias.com\\\/magazine365\\\/el-juzgado-fija-el-30-de-julio-como-nueva-fecha-para-la-subasta-del-aeropuerto-de-ciudad-real\\\/#webpage\"},\"isPartOf\":{\"@id\":\"https:\\\/\\\/eldigitaldeasturias.com\\\/magazine365\\\/el-juzgado-fija-el-30-de-julio-como-nueva-fecha-para-la-subasta-del-aeropuerto-de-ciudad-real\\\/#webpage\"},\"articleSection\":\"Actualidad Turismo\"},{\"@type\":\"BreadcrumbList\",\"@id\":\"https:\\\/\\\/eldigitaldeasturias.com\\\/magazine365\\\/el-juzgado-fija-el-30-de-julio-como-nueva-fecha-para-la-subasta-del-aeropuerto-de-ciudad-real\\\/#breadcrumblist\",\"itemListElement\":[{\"@type\":\"ListItem\",\"@id\":\"https:\\\/\\\/eldigitaldeasturias.com\\\/magazine365#listItem\",\"position\":1,\"name\":\"Home\",\"item\":\"https:\\\/\\\/eldigitaldeasturias.com\\\/magazine365\",\"nextItem\":{\"@type\":\"ListItem\",\"@id\":\"https:\\\/\\\/eldigitaldeasturias.com\\\/magazine365\\\/category\\\/actualidad-turismo\\\/#listItem\",\"name\":\"Actualidad Turismo\"}},{\"@type\":\"ListItem\",\"@id\":\"https:\\\/\\\/eldigitaldeasturias.com\\\/magazine365\\\/category\\\/actualidad-turismo\\\/#listItem\",\"position\":2,\"name\":\"Actualidad Turismo\",\"item\":\"https:\\\/\\\/eldigitaldeasturias.com\\\/magazine365\\\/category\\\/actualidad-turismo\\\/\",\"nextItem\":{\"@type\":\"ListItem\",\"@id\":\"https:\\\/\\\/eldigitaldeasturias.com\\\/magazine365\\\/el-juzgado-fija-el-30-de-julio-como-nueva-fecha-para-la-subasta-del-aeropuerto-de-ciudad-real\\\/#listItem\",\"name\":\"El Juzgado fija el 30 de julio como nueva fecha para la subasta del aeropuerto de Ciudad Real\"},\"previousItem\":{\"@type\":\"ListItem\",\"@id\":\"https:\\\/\\\/eldigitaldeasturias.com\\\/magazine365#listItem\",\"name\":\"Home\"}},{\"@type\":\"ListItem\",\"@id\":\"https:\\\/\\\/eldigitaldeasturias.com\\\/magazine365\\\/el-juzgado-fija-el-30-de-julio-como-nueva-fecha-para-la-subasta-del-aeropuerto-de-ciudad-real\\\/#listItem\",\"position\":3,\"name\":\"El Juzgado fija el 30 de julio como nueva fecha para la subasta del aeropuerto de Ciudad Real\",\"previousItem\":{\"@type\":\"ListItem\",\"@id\":\"https:\\\/\\\/eldigitaldeasturias.com\\\/magazine365\\\/category\\\/actualidad-turismo\\\/#listItem\",\"name\":\"Actualidad Turismo\"}}]},{\"@type\":\"Organization\",\"@id\":\"https:\\\/\\\/eldigitaldeasturias.com\\\/magazine365\\\/#organization\",\"name\":\"El digital de Asturias\",\"description\":\"Revista de ocio, turismo y estilo de vida\",\"url\":\"https:\\\/\\\/eldigitaldeasturias.com\\\/magazine365\\\/\",\"logo\":{\"@type\":\"ImageObject\",\"url\":\"https:\\\/\\\/www.eldigitaldeasturias.com\\\/noticias\\\/wp-content\\\/uploads\\\/2020\\\/12\\\/EDA.jpg\",\"@id\":\"https:\\\/\\\/eldigitaldeasturias.com\\\/magazine365\\\/el-juzgado-fija-el-30-de-julio-como-nueva-fecha-para-la-subasta-del-aeropuerto-de-ciudad-real\\\/#organizationLogo\"},\"image\":{\"@id\":\"https:\\\/\\\/eldigitaldeasturias.com\\\/magazine365\\\/el-juzgado-fija-el-30-de-julio-como-nueva-fecha-para-la-subasta-del-aeropuerto-de-ciudad-real\\\/#organizationLogo\"}},{\"@type\":\"Person\",\"@id\":\"https:\\\/\\\/eldigitaldeasturias.com\\\/magazine365\\\/author\\\/admin\\\/#author\",\"url\":\"https:\\\/\\\/eldigitaldeasturias.com\\\/magazine365\\\/author\\\/admin\\\/\",\"name\":\"admin\",\"image\":{\"@type\":\"ImageObject\",\"@id\":\"https:\\\/\\\/eldigitaldeasturias.com\\\/magazine365\\\/el-juzgado-fija-el-30-de-julio-como-nueva-fecha-para-la-subasta-del-aeropuerto-de-ciudad-real\\\/#authorImage\",\"url\":\"https:\\\/\\\/eldigitaldeasturias.com\\\/magazine365\\\/wp-content\\\/litespeed\\\/avatar\\\/e571bcf59a0edd6fa6838245a470f2fe.jpg?ver=1777574230\",\"width\":96,\"height\":96,\"caption\":\"admin\"}},{\"@type\":\"WebPage\",\"@id\":\"https:\\\/\\\/eldigitaldeasturias.com\\\/magazine365\\\/el-juzgado-fija-el-30-de-julio-como-nueva-fecha-para-la-subasta-del-aeropuerto-de-ciudad-real\\\/#webpage\",\"url\":\"https:\\\/\\\/eldigitaldeasturias.com\\\/magazine365\\\/el-juzgado-fija-el-30-de-julio-como-nueva-fecha-para-la-subasta-del-aeropuerto-de-ciudad-real\\\/\",\"name\":\"El Juzgado fija el 30 de julio como nueva fecha para la subasta del aeropuerto de Ciudad Real | El Digital de Asturias\",\"description\":\"El Juzgado de lo Mercantil ha fijado este jueves el pr\\u00f3ximo d\\u00eda 30 de julio, a las 11.00 horas, como nuevo d\\u00eda y hora para la subasta del aeropuerto de Ciudad Real. Esta decisi\\u00f3n, tras la suspensi\\u00f3n de la subasta inicial prevista para el pasado d\\u00eda 19 de junio, se recoge en una providencia a\",\"inLanguage\":\"es-ES\",\"isPartOf\":{\"@id\":\"https:\\\/\\\/eldigitaldeasturias.com\\\/magazine365\\\/#website\"},\"breadcrumb\":{\"@id\":\"https:\\\/\\\/eldigitaldeasturias.com\\\/magazine365\\\/el-juzgado-fija-el-30-de-julio-como-nueva-fecha-para-la-subasta-del-aeropuerto-de-ciudad-real\\\/#breadcrumblist\"},\"author\":{\"@id\":\"https:\\\/\\\/eldigitaldeasturias.com\\\/magazine365\\\/author\\\/admin\\\/#author\"},\"creator\":{\"@id\":\"https:\\\/\\\/eldigitaldeasturias.com\\\/magazine365\\\/author\\\/admin\\\/#author\"},\"image\":{\"@type\":\"ImageObject\",\"url\":\"https:\\\/\\\/eldigitaldeasturias.com\\\/magazine365\\\/wp-content\\\/uploads\\\/2015\\\/06\\\/fotonoticia_20150625181652_800.jpg\",\"@id\":\"https:\\\/\\\/eldigitaldeasturias.com\\\/magazine365\\\/el-juzgado-fija-el-30-de-julio-como-nueva-fecha-para-la-subasta-del-aeropuerto-de-ciudad-real\\\/#mainImage\",\"width\":800,\"height\":533},\"primaryImageOfPage\":{\"@id\":\"https:\\\/\\\/eldigitaldeasturias.com\\\/magazine365\\\/el-juzgado-fija-el-30-de-julio-como-nueva-fecha-para-la-subasta-del-aeropuerto-de-ciudad-real\\\/#mainImage\"},\"datePublished\":\"2015-06-25T23:21:53+02:00\",\"dateModified\":\"2015-06-25T23:21:53+02:00\"},{\"@type\":\"WebSite\",\"@id\":\"https:\\\/\\\/eldigitaldeasturias.com\\\/magazine365\\\/#website\",\"url\":\"https:\\\/\\\/eldigitaldeasturias.com\\\/magazine365\\\/\",\"name\":\"El Digital de Asturias\",\"description\":\"Revista de ocio, turismo y estilo de vida\",\"inLanguage\":\"es-ES\",\"publisher\":{\"@id\":\"https:\\\/\\\/eldigitaldeasturias.com\\\/magazine365\\\/#organization\"}}]}\n\t\t<\/script>\n\t\t<!-- All in One SEO Pro -->\r\n\t\t<title>El Juzgado fija el 30 de julio como nueva fecha para la subasta del aeropuerto de Ciudad Real | El Digital de Asturias<\/title>\n\n","aioseo_head_json":{"title":"El Juzgado fija el 30 de julio como nueva fecha para la subasta del aeropuerto de Ciudad Real | El Digital de Asturias","description":"El Juzgado de lo Mercantil ha fijado este jueves el pr\u00f3ximo d\u00eda 30 de julio, a las 11.00 horas, como nuevo d\u00eda y hora para la subasta del aeropuerto de Ciudad Real. Esta decisi\u00f3n, tras la suspensi\u00f3n de la subasta inicial prevista para el pasado d\u00eda 19 de junio, se recoge en una providencia a","canonical_url":"https:\/\/eldigitaldeasturias.com\/magazine365\/el-juzgado-fija-el-30-de-julio-como-nueva-fecha-para-la-subasta-del-aeropuerto-de-ciudad-real\/","robots":"max-image-preview:large","keywords":"actualidad turismo","webmasterTools":{"google-site-verification":"UA-38556648-1","miscellaneous":""},"schema":{"@context":"https:\/\/schema.org","@graph":[{"@type":"Article","@id":"https:\/\/eldigitaldeasturias.com\/magazine365\/el-juzgado-fija-el-30-de-julio-como-nueva-fecha-para-la-subasta-del-aeropuerto-de-ciudad-real\/#article","name":"El Juzgado fija el 30 de julio como nueva fecha para la subasta del aeropuerto de Ciudad Real | El Digital de Asturias","headline":"El Juzgado fija el 30 de julio como nueva fecha para la subasta del aeropuerto de Ciudad Real","author":{"@id":"https:\/\/eldigitaldeasturias.com\/magazine365\/author\/admin\/#author"},"publisher":{"@id":"https:\/\/eldigitaldeasturias.com\/magazine365\/#organization"},"image":{"@type":"ImageObject","url":"https:\/\/eldigitaldeasturias.com\/magazine365\/wp-content\/uploads\/2015\/06\/fotonoticia_20150625181652_800.jpg","width":800,"height":533},"datePublished":"2015-06-25T23:21:53+02:00","dateModified":"2015-06-25T23:21:53+02:00","inLanguage":"es-ES","mainEntityOfPage":{"@id":"https:\/\/eldigitaldeasturias.com\/magazine365\/el-juzgado-fija-el-30-de-julio-como-nueva-fecha-para-la-subasta-del-aeropuerto-de-ciudad-real\/#webpage"},"isPartOf":{"@id":"https:\/\/eldigitaldeasturias.com\/magazine365\/el-juzgado-fija-el-30-de-julio-como-nueva-fecha-para-la-subasta-del-aeropuerto-de-ciudad-real\/#webpage"},"articleSection":"Actualidad Turismo"},{"@type":"BreadcrumbList","@id":"https:\/\/eldigitaldeasturias.com\/magazine365\/el-juzgado-fija-el-30-de-julio-como-nueva-fecha-para-la-subasta-del-aeropuerto-de-ciudad-real\/#breadcrumblist","itemListElement":[{"@type":"ListItem","@id":"https:\/\/eldigitaldeasturias.com\/magazine365#listItem","position":1,"name":"Home","item":"https:\/\/eldigitaldeasturias.com\/magazine365","nextItem":{"@type":"ListItem","@id":"https:\/\/eldigitaldeasturias.com\/magazine365\/category\/actualidad-turismo\/#listItem","name":"Actualidad Turismo"}},{"@type":"ListItem","@id":"https:\/\/eldigitaldeasturias.com\/magazine365\/category\/actualidad-turismo\/#listItem","position":2,"name":"Actualidad Turismo","item":"https:\/\/eldigitaldeasturias.com\/magazine365\/category\/actualidad-turismo\/","nextItem":{"@type":"ListItem","@id":"https:\/\/eldigitaldeasturias.com\/magazine365\/el-juzgado-fija-el-30-de-julio-como-nueva-fecha-para-la-subasta-del-aeropuerto-de-ciudad-real\/#listItem","name":"El Juzgado fija el 30 de julio como nueva fecha para la subasta del aeropuerto de Ciudad Real"},"previousItem":{"@type":"ListItem","@id":"https:\/\/eldigitaldeasturias.com\/magazine365#listItem","name":"Home"}},{"@type":"ListItem","@id":"https:\/\/eldigitaldeasturias.com\/magazine365\/el-juzgado-fija-el-30-de-julio-como-nueva-fecha-para-la-subasta-del-aeropuerto-de-ciudad-real\/#listItem","position":3,"name":"El Juzgado fija el 30 de julio como nueva fecha para la subasta del aeropuerto de Ciudad Real","previousItem":{"@type":"ListItem","@id":"https:\/\/eldigitaldeasturias.com\/magazine365\/category\/actualidad-turismo\/#listItem","name":"Actualidad Turismo"}}]},{"@type":"Organization","@id":"https:\/\/eldigitaldeasturias.com\/magazine365\/#organization","name":"El digital de Asturias","description":"Revista de ocio, turismo y estilo de vida","url":"https:\/\/eldigitaldeasturias.com\/magazine365\/","logo":{"@type":"ImageObject","url":"https:\/\/www.eldigitaldeasturias.com\/noticias\/wp-content\/uploads\/2020\/12\/EDA.jpg","@id":"https:\/\/eldigitaldeasturias.com\/magazine365\/el-juzgado-fija-el-30-de-julio-como-nueva-fecha-para-la-subasta-del-aeropuerto-de-ciudad-real\/#organizationLogo"},"image":{"@id":"https:\/\/eldigitaldeasturias.com\/magazine365\/el-juzgado-fija-el-30-de-julio-como-nueva-fecha-para-la-subasta-del-aeropuerto-de-ciudad-real\/#organizationLogo"}},{"@type":"Person","@id":"https:\/\/eldigitaldeasturias.com\/magazine365\/author\/admin\/#author","url":"https:\/\/eldigitaldeasturias.com\/magazine365\/author\/admin\/","name":"admin","image":{"@type":"ImageObject","@id":"https:\/\/eldigitaldeasturias.com\/magazine365\/el-juzgado-fija-el-30-de-julio-como-nueva-fecha-para-la-subasta-del-aeropuerto-de-ciudad-real\/#authorImage","url":"https:\/\/eldigitaldeasturias.com\/magazine365\/wp-content\/litespeed\/avatar\/e571bcf59a0edd6fa6838245a470f2fe.jpg?ver=1777574230","width":96,"height":96,"caption":"admin"}},{"@type":"WebPage","@id":"https:\/\/eldigitaldeasturias.com\/magazine365\/el-juzgado-fija-el-30-de-julio-como-nueva-fecha-para-la-subasta-del-aeropuerto-de-ciudad-real\/#webpage","url":"https:\/\/eldigitaldeasturias.com\/magazine365\/el-juzgado-fija-el-30-de-julio-como-nueva-fecha-para-la-subasta-del-aeropuerto-de-ciudad-real\/","name":"El Juzgado fija el 30 de julio como nueva fecha para la subasta del aeropuerto de Ciudad Real | El Digital de Asturias","description":"El Juzgado de lo Mercantil ha fijado este jueves el pr\u00f3ximo d\u00eda 30 de julio, a las 11.00 horas, como nuevo d\u00eda y hora para la subasta del aeropuerto de Ciudad Real. Esta decisi\u00f3n, tras la suspensi\u00f3n de la subasta inicial prevista para el pasado d\u00eda 19 de junio, se recoge en una providencia a","inLanguage":"es-ES","isPartOf":{"@id":"https:\/\/eldigitaldeasturias.com\/magazine365\/#website"},"breadcrumb":{"@id":"https:\/\/eldigitaldeasturias.com\/magazine365\/el-juzgado-fija-el-30-de-julio-como-nueva-fecha-para-la-subasta-del-aeropuerto-de-ciudad-real\/#breadcrumblist"},"author":{"@id":"https:\/\/eldigitaldeasturias.com\/magazine365\/author\/admin\/#author"},"creator":{"@id":"https:\/\/eldigitaldeasturias.com\/magazine365\/author\/admin\/#author"},"image":{"@type":"ImageObject","url":"https:\/\/eldigitaldeasturias.com\/magazine365\/wp-content\/uploads\/2015\/06\/fotonoticia_20150625181652_800.jpg","@id":"https:\/\/eldigitaldeasturias.com\/magazine365\/el-juzgado-fija-el-30-de-julio-como-nueva-fecha-para-la-subasta-del-aeropuerto-de-ciudad-real\/#mainImage","width":800,"height":533},"primaryImageOfPage":{"@id":"https:\/\/eldigitaldeasturias.com\/magazine365\/el-juzgado-fija-el-30-de-julio-como-nueva-fecha-para-la-subasta-del-aeropuerto-de-ciudad-real\/#mainImage"},"datePublished":"2015-06-25T23:21:53+02:00","dateModified":"2015-06-25T23:21:53+02:00"},{"@type":"WebSite","@id":"https:\/\/eldigitaldeasturias.com\/magazine365\/#website","url":"https:\/\/eldigitaldeasturias.com\/magazine365\/","name":"El Digital de Asturias","description":"Revista de ocio, turismo y estilo de vida","inLanguage":"es-ES","publisher":{"@id":"https:\/\/eldigitaldeasturias.com\/magazine365\/#organization"}}]},"og:locale":"es_ES","og:site_name":"El Digital de Asturias \u2013 Revista de ocio, turismo y estilo de vida","og:type":"article","og:title":"El Juzgado fija el 30 de julio como nueva fecha para la subasta del aeropuerto de Ciudad Real | El Digital de Asturias","og:description":"El Juzgado de lo Mercantil ha fijado este jueves el pr\u00f3ximo d\u00eda 30 de julio, a las 11.00 horas, como nuevo d\u00eda y hora para la subasta del aeropuerto de Ciudad Real. Esta decisi\u00f3n, tras la suspensi\u00f3n de la subasta inicial prevista para el pasado d\u00eda 19 de junio, se recoge en una providencia a","og:url":"https:\/\/eldigitaldeasturias.com\/magazine365\/el-juzgado-fija-el-30-de-julio-como-nueva-fecha-para-la-subasta-del-aeropuerto-de-ciudad-real\/","og:image":"https:\/\/eldigitaldeasturias.com\/magazine365\/wp-content\/uploads\/2015\/06\/fotonoticia_20150625181652_800.jpg","og:image:secure_url":"https:\/\/eldigitaldeasturias.com\/magazine365\/wp-content\/uploads\/2015\/06\/fotonoticia_20150625181652_800.jpg","og:image:width":800,"og:image:height":533,"article:published_time":"2015-06-25T21:51:53+00:00","article:modified_time":"2015-06-25T21:51:53+00:00","twitter:card":"summary_large_image","twitter:title":"El Juzgado fija el 30 de julio como nueva fecha para la subasta del aeropuerto de Ciudad Real | El Digital de Asturias","twitter:description":"El Juzgado de lo Mercantil ha fijado este jueves el pr\u00f3ximo d\u00eda 30 de julio, a las 11.00 horas, como nuevo d\u00eda y hora para la subasta del aeropuerto de Ciudad Real. Esta decisi\u00f3n, tras la suspensi\u00f3n de la subasta inicial prevista para el pasado d\u00eda 19 de junio, se recoge en una providencia a","twitter:image":"https:\/\/eldigitaldeasturias.com\/magazine365\/wp-content\/uploads\/2015\/06\/fotonoticia_20150625181652_800.jpg"},"aioseo_meta_data":{"post_id":"41074","title":null,"description":null,"keywords":null,"keyphrases":null,"primary_term":null,"canonical_url":null,"og_title":null,"og_description":null,"og_object_type":"default","og_image_type":"default","og_image_url":null,"og_image_width":null,"og_image_height":null,"og_image_custom_url":null,"og_image_custom_fields":null,"og_video":null,"og_custom_url":null,"og_article_section":null,"og_article_tags":null,"twitter_use_og":false,"twitter_card":"default","twitter_image_type":"default","twitter_image_url":null,"twitter_image_custom_url":null,"twitter_image_custom_fields":null,"twitter_title":null,"twitter_description":null,"schema":{"blockGraphs":[],"customGraphs":[],"default":{"data":{"Article":[],"Course":[],"Dataset":[],"FAQPage":[],"Movie":[],"Person":[],"Product":[],"ProductReview":[],"Car":[],"Recipe":[],"Service":[],"SoftwareApplication":[],"WebPage":[]},"graphName":"","isEnabled":true},"graphs":[],"defaultGraph":"","defaultPostTypeGraph":""},"schema_type":null,"schema_type_options":null,"pillar_content":false,"robots_default":true,"robots_noindex":false,"robots_noarchive":false,"robots_nosnippet":false,"robots_nofollow":false,"robots_noimageindex":false,"robots_noodp":false,"robots_notranslate":false,"robots_max_snippet":null,"robots_max_videopreview":null,"robots_max_imagepreview":"large","priority":null,"frequency":null,"location":null,"local_seo":null,"seo_analyzer_scan_date":"2025-09-19 14:56:48","breadcrumb_settings":null,"limit_modified_date":false,"open_ai":null,"ai":null,"created":"2021-03-09 02:19:42","updated":"2025-09-19 14:56:48"},"aioseo_breadcrumb":"<div class=\"aioseo-breadcrumbs\"><span class=\"aioseo-breadcrumb\">\n\t<a href=\"https:\/\/eldigitaldeasturias.com\/magazine365\" title=\"Home\">Home<\/a>\n<\/span><span class=\"aioseo-breadcrumb-separator\">\u2013<\/span><span class=\"aioseo-breadcrumb\">\n\t<a href=\"https:\/\/eldigitaldeasturias.com\/magazine365\/category\/actualidad-turismo\/\" title=\"Actualidad Turismo\">Actualidad Turismo<\/a>\n<\/span><span class=\"aioseo-breadcrumb-separator\">\u2013<\/span><span class=\"aioseo-breadcrumb\">\n\t<a href=\"https:\/\/eldigitaldeasturias.com\/magazine365\/el-juzgado-fija-el-30-de-julio-como-nueva-fecha-para-la-subasta-del-aeropuerto-de-ciudad-real\/\" title=\"El Juzgado fija el 30 de julio como nueva fecha para la subasta del aeropuerto de Ciudad Real\">El Juzgado fija el 30 de julio como nueva fecha para la subasta del aeropuerto de Ciudad Real<\/a>\n<\/span><\/div>","aioseo_breadcrumb_json":[{"label":"Home","link":"https:\/\/eldigitaldeasturias.com\/magazine365"},{"label":"Actualidad Turismo","link":"https:\/\/eldigitaldeasturias.com\/magazine365\/category\/actualidad-turismo\/"},{"label":"El Juzgado fija el 30 de julio como nueva fecha para la subasta del aeropuerto de Ciudad Real","link":"https:\/\/eldigitaldeasturias.com\/magazine365\/el-juzgado-fija-el-30-de-julio-como-nueva-fecha-para-la-subasta-del-aeropuerto-de-ciudad-real\/"}],"_links":{"self":[{"href":"https:\/\/eldigitaldeasturias.com\/magazine365\/wp-json\/wp\/v2\/posts\/41074","targetHints":{"allow":["GET"]}}],"collection":[{"href":"https:\/\/eldigitaldeasturias.com\/magazine365\/wp-json\/wp\/v2\/posts"}],"about":[{"href":"https:\/\/eldigitaldeasturias.com\/magazine365\/wp-json\/wp\/v2\/types\/post"}],"author":[{"embeddable":true,"href":"https:\/\/eldigitaldeasturias.com\/magazine365\/wp-json\/wp\/v2\/users\/1"}],"replies":[{"embeddable":true,"href":"https:\/\/eldigitaldeasturias.com\/magazine365\/wp-json\/wp\/v2\/comments?post=41074"}],"version-history":[{"count":0,"href":"https:\/\/eldigitaldeasturias.com\/magazine365\/wp-json\/wp\/v2\/posts\/41074\/revisions"}],"wp:featuredmedia":[{"embeddable":true,"href":"https:\/\/eldigitaldeasturias.com\/magazine365\/wp-json\/wp\/v2\/media\/41075"}],"wp:attachment":[{"href":"https:\/\/eldigitaldeasturias.com\/magazine365\/wp-json\/wp\/v2\/media?parent=41074"}],"wp:term":[{"taxonomy":"category","embeddable":true,"href":"https:\/\/eldigitaldeasturias.com\/magazine365\/wp-json\/wp\/v2\/categories?post=41074"},{"taxonomy":"post_tag","embeddable":true,"href":"https:\/\/eldigitaldeasturias.com\/magazine365\/wp-json\/wp\/v2\/tags?post=41074"}],"curies":[{"name":"wp","href":"https:\/\/api.w.org\/{rel}","templated":true}]}}