{"id":41062,"date":"2015-06-25T23:14:46","date_gmt":"2015-06-25T21:44:46","guid":{"rendered":"http:\/\/eldigitaldeasturias.com\/magazine365\/?p=41062"},"modified":"2015-06-25T23:14:46","modified_gmt":"2015-06-25T21:44:46","slug":"malpartida-de-caceres-participa-en-croacia-en-el-encuentro-anual-de-los-pueblos-europeos-de-la-ciguena","status":"publish","type":"post","link":"https:\/\/eldigitaldeasturias.com\/magazine365\/malpartida-de-caceres-participa-en-croacia-en-el-encuentro-anual-de-los-pueblos-europeos-de-la-ciguena\/","title":{"rendered":"Malpartida de C\u00e1ceres participa en Croacia en el Encuentro Anual de los Pueblos Europeos de la Cig\u00fce\u00f1a"},"content":{"rendered":"<p><img fetchpriority=\"high\" decoding=\"async\" class=\"alignleft size-medium wp-image-41063\" src=\"https:\/\/eldigitaldeasturias.com\/magazine365\/wp-content\/uploads\/2015\/06\/fotonoticia_20150625175645_800-360x270.jpg\" alt=\"fotonoticia_20150625175645_800\" width=\"360\" height=\"270\" srcset=\"https:\/\/eldigitaldeasturias.com\/magazine365\/wp-content\/uploads\/2015\/06\/fotonoticia_20150625175645_800-360x270.jpg 360w, https:\/\/eldigitaldeasturias.com\/magazine365\/wp-content\/uploads\/2015\/06\/fotonoticia_20150625175645_800-650x488.jpg 650w, https:\/\/eldigitaldeasturias.com\/magazine365\/wp-content\/uploads\/2015\/06\/fotonoticia_20150625175645_800-768x576.jpg 768w, https:\/\/eldigitaldeasturias.com\/magazine365\/wp-content\/uploads\/2015\/06\/fotonoticia_20150625175645_800-150x113.jpg 150w, https:\/\/eldigitaldeasturias.com\/magazine365\/wp-content\/uploads\/2015\/06\/fotonoticia_20150625175645_800-450x338.jpg 450w, https:\/\/eldigitaldeasturias.com\/magazine365\/wp-content\/uploads\/2015\/06\/fotonoticia_20150625175645_800-80x60.jpg 80w, https:\/\/eldigitaldeasturias.com\/magazine365\/wp-content\/uploads\/2015\/06\/fotonoticia_20150625175645_800-265x198.jpg 265w, https:\/\/eldigitaldeasturias.com\/magazine365\/wp-content\/uploads\/2015\/06\/fotonoticia_20150625175645_800-696x522.jpg 696w, https:\/\/eldigitaldeasturias.com\/magazine365\/wp-content\/uploads\/2015\/06\/fotonoticia_20150625175645_800-560x420.jpg 560w, https:\/\/eldigitaldeasturias.com\/magazine365\/wp-content\/uploads\/2015\/06\/fotonoticia_20150625175645_800-90x67.jpg 90w, https:\/\/eldigitaldeasturias.com\/magazine365\/wp-content\/uploads\/2015\/06\/fotonoticia_20150625175645_800-100x75.jpg 100w, https:\/\/eldigitaldeasturias.com\/magazine365\/wp-content\/uploads\/2015\/06\/fotonoticia_20150625175645_800.jpg 800w\" sizes=\"(max-width: 360px) 100vw, 360px\" \/>La localidad cacere\u00f1a de Malpartida de C\u00e1ceres participa, desde este pasado mi\u00e9rcoles y hasta el pr\u00f3ximo domingo, 28 de junio, en el Encuentro Anual de los Pueblos Europeos de la Cig\u00fce\u00f1a que se celebra en Cigoc (Croacia).<\/p>\n<p>El destino de esta edici\u00f3n se anunci\u00f3 el a\u00f1o pasado en Malpartida de C\u00e1ceres, donde se celebr\u00f3 este evento en el mes de mayo, y en esta edici\u00f3n cada pa\u00eds presentar\u00e1 sus proyectos, experiencia y vivencias para despu\u00e9s adoptar acuerdos conjuntos.<\/p>\n<p>El ayuntamiento malpartide\u00f1o, representado por su alcalde, Alfredo Aguilera, la concejala de Medio Ambiente, Sandra Valencia, y la t\u00e9cnico de gesti\u00f3n de proyectos, Carmen Dom\u00ednguez, se ha desplazado a esta localidad croata para unos d\u00edas de \u00abintenso trabajo\u00bb donde los representantes de cada uno de los 11 pueblos que conforman la red tratan temas \u00abde gran importancia\u00bb.<\/p>\n<p>Cabe recordar que Malpartida de C\u00e1ceres y el Monumento Natural Los Barruecos forman parte de la Red de los Pueblos Europeos desde 1997 por el m\u00e9rito de conservaci\u00f3n del paisaje cultural y natural y por la gran poblaci\u00f3n de cig\u00fce\u00f1as blancas que en \u00e9l habitan, seg\u00fan ha indicado el Ayuntamiento de Malpartida de C\u00e1ceres en nota de prensa.<\/p>\n<p>As\u00ed, este jueves se ha procedido a firmar un acuerdo entre todos los pueblos que forman la red para establecer los objetivos b\u00e1sicos de actuaci\u00f3n que van a permitir fortalecer las relaciones y facilitar el desarrollo de proyectos comunes entre todos ellos.<\/p>\n<p>En el acto Euronatur ha anunciado una propuesta de proyecto, con financiaci\u00f3n de la Uni\u00f3n Europea, que se desarrollar\u00e1 durante el 2016 para mejorar el h\u00e1bitat de las cig\u00fce\u00f1as.<\/p>\n<p>Por otra parte, la vinculaci\u00f3n existente entre Malpartida de C\u00e1ceres y las cig\u00fce\u00f1as ha hecho que el municipio participe en un importante proyecto internacional &#8216;SOS Storch&#8217; de la Asociaci\u00f3n Suiza Storch Schweiz en el que adem\u00e1s colaboran instituciones como la Sociedad Espa\u00f1ola de Ornitolog\u00eda o el Gobierno de Extremadura, entre otras.<\/p>\n<p>Este proyecto consiste en la colocaci\u00f3n de emisores de localizaci\u00f3n a algunas de las aves para estudiar los movimientos migratorios y analizar su comportamiento y los cambios que estos est\u00e1n sufriendo en los \u00faltimos a\u00f1os.<\/p>\n","protected":false},"excerpt":{"rendered":"<p>La localidad cacere\u00f1a de Malpartida de C\u00e1ceres participa, desde este pasado mi\u00e9rcoles y hasta el pr\u00f3ximo domingo, 28 de junio, en el Encuentro Anual de los Pueblos Europeos de la Cig\u00fce\u00f1a que se celebra en Cigoc (Croacia). El destino de esta edici\u00f3n se anunci\u00f3 el a\u00f1o pasado en Malpartida de C\u00e1ceres, donde se celebr\u00f3 este<\/p>\n","protected":false},"author":1,"featured_media":41063,"comment_status":"open","ping_status":"closed","sticky":false,"template":"","format":"standard","meta":{"footnotes":""},"categories":[222],"tags":[],"class_list":{"0":"post-41062","1":"post","2":"type-post","3":"status-publish","4":"format-standard","5":"has-post-thumbnail","7":"category-actualidad-turismo"},"aioseo_notices":[],"aioseo_head":"\n\t\t<!-- All in One SEO Pro 4.9.6.1 - aioseo.com -->\n\t<meta name=\"description\" content=\"La localidad cacere\u00f1a de Malpartida de C\u00e1ceres participa, desde este pasado mi\u00e9rcoles y hasta el pr\u00f3ximo domingo, 28 de junio, en el Encuentro Anual de los Pueblos Europeos de la Cig\u00fce\u00f1a que se celebra en Cigoc (Croacia). El destino de esta edici\u00f3n se anunci\u00f3 el a\u00f1o pasado en Malpartida de C\u00e1ceres, donde se celebr\u00f3 este\" \/>\n\t<meta name=\"robots\" content=\"max-image-preview:large\" \/>\n\t<meta name=\"author\" content=\"admin\"\/>\n\t<meta name=\"google-site-verification\" content=\"UA-38556648-1\" \/>\n\t<meta name=\"keywords\" content=\"actualidad turismo\" \/>\n\t<link rel=\"canonical\" href=\"https:\/\/eldigitaldeasturias.com\/magazine365\/malpartida-de-caceres-participa-en-croacia-en-el-encuentro-anual-de-los-pueblos-europeos-de-la-ciguena\/\" \/>\n\t<meta name=\"generator\" content=\"All in One SEO Pro (AIOSEO) 4.9.6.1\" \/>\n\t\t<meta property=\"og:locale\" content=\"es_ES\" \/>\n\t\t<meta property=\"og:site_name\" content=\"El Digital de Asturias \u2013 Revista de ocio, turismo y estilo de vida\" \/>\n\t\t<meta property=\"og:type\" content=\"article\" \/>\n\t\t<meta property=\"og:title\" content=\"Malpartida de C\u00e1ceres participa en Croacia en el Encuentro Anual de los Pueblos Europeos de la Cig\u00fce\u00f1a | El Digital de Asturias\" \/>\n\t\t<meta property=\"og:description\" content=\"La localidad cacere\u00f1a de Malpartida de C\u00e1ceres participa, desde este pasado mi\u00e9rcoles y hasta el pr\u00f3ximo domingo, 28 de junio, en el Encuentro Anual de los Pueblos Europeos de la Cig\u00fce\u00f1a que se celebra en Cigoc (Croacia). El destino de esta edici\u00f3n se anunci\u00f3 el a\u00f1o pasado en Malpartida de C\u00e1ceres, donde se celebr\u00f3 este\" \/>\n\t\t<meta property=\"og:url\" content=\"https:\/\/eldigitaldeasturias.com\/magazine365\/malpartida-de-caceres-participa-en-croacia-en-el-encuentro-anual-de-los-pueblos-europeos-de-la-ciguena\/\" \/>\n\t\t<meta property=\"og:image\" content=\"https:\/\/eldigitaldeasturias.com\/magazine365\/wp-content\/uploads\/2015\/06\/fotonoticia_20150625175645_800.jpg\" \/>\n\t\t<meta property=\"og:image:secure_url\" content=\"https:\/\/eldigitaldeasturias.com\/magazine365\/wp-content\/uploads\/2015\/06\/fotonoticia_20150625175645_800.jpg\" \/>\n\t\t<meta property=\"og:image:width\" content=\"800\" \/>\n\t\t<meta property=\"og:image:height\" content=\"600\" \/>\n\t\t<meta property=\"article:published_time\" content=\"2015-06-25T21:44:46+00:00\" \/>\n\t\t<meta property=\"article:modified_time\" content=\"2015-06-25T21:44:46+00:00\" \/>\n\t\t<meta name=\"twitter:card\" content=\"summary_large_image\" \/>\n\t\t<meta name=\"twitter:title\" content=\"Malpartida de C\u00e1ceres participa en Croacia en el Encuentro Anual de los Pueblos Europeos de la Cig\u00fce\u00f1a | El Digital de Asturias\" \/>\n\t\t<meta name=\"twitter:description\" content=\"La localidad cacere\u00f1a de Malpartida de C\u00e1ceres participa, desde este pasado mi\u00e9rcoles y hasta el pr\u00f3ximo domingo, 28 de junio, en el Encuentro Anual de los Pueblos Europeos de la Cig\u00fce\u00f1a que se celebra en Cigoc (Croacia). El destino de esta edici\u00f3n se anunci\u00f3 el a\u00f1o pasado en Malpartida de C\u00e1ceres, donde se celebr\u00f3 este\" \/>\n\t\t<meta name=\"twitter:image\" content=\"https:\/\/eldigitaldeasturias.com\/magazine365\/wp-content\/uploads\/2015\/06\/fotonoticia_20150625175645_800.jpg\" \/>\n\t\t<script type=\"application\/ld+json\" class=\"aioseo-schema\">\n\t\t\t{\"@context\":\"https:\\\/\\\/schema.org\",\"@graph\":[{\"@type\":\"Article\",\"@id\":\"https:\\\/\\\/eldigitaldeasturias.com\\\/magazine365\\\/malpartida-de-caceres-participa-en-croacia-en-el-encuentro-anual-de-los-pueblos-europeos-de-la-ciguena\\\/#article\",\"name\":\"Malpartida de C\\u00e1ceres participa en Croacia en el Encuentro Anual de los Pueblos Europeos de la Cig\\u00fce\\u00f1a | El Digital de Asturias\",\"headline\":\"Malpartida de C\\u00e1ceres participa en Croacia en el Encuentro Anual de los Pueblos Europeos de la Cig\\u00fce\\u00f1a\",\"author\":{\"@id\":\"https:\\\/\\\/eldigitaldeasturias.com\\\/magazine365\\\/author\\\/admin\\\/#author\"},\"publisher\":{\"@id\":\"https:\\\/\\\/eldigitaldeasturias.com\\\/magazine365\\\/#organization\"},\"image\":{\"@type\":\"ImageObject\",\"url\":\"https:\\\/\\\/eldigitaldeasturias.com\\\/magazine365\\\/wp-content\\\/uploads\\\/2015\\\/06\\\/fotonoticia_20150625175645_800.jpg\",\"width\":800,\"height\":600},\"datePublished\":\"2015-06-25T23:14:46+02:00\",\"dateModified\":\"2015-06-25T23:14:46+02:00\",\"inLanguage\":\"es-ES\",\"mainEntityOfPage\":{\"@id\":\"https:\\\/\\\/eldigitaldeasturias.com\\\/magazine365\\\/malpartida-de-caceres-participa-en-croacia-en-el-encuentro-anual-de-los-pueblos-europeos-de-la-ciguena\\\/#webpage\"},\"isPartOf\":{\"@id\":\"https:\\\/\\\/eldigitaldeasturias.com\\\/magazine365\\\/malpartida-de-caceres-participa-en-croacia-en-el-encuentro-anual-de-los-pueblos-europeos-de-la-ciguena\\\/#webpage\"},\"articleSection\":\"Actualidad Turismo\"},{\"@type\":\"BreadcrumbList\",\"@id\":\"https:\\\/\\\/eldigitaldeasturias.com\\\/magazine365\\\/malpartida-de-caceres-participa-en-croacia-en-el-encuentro-anual-de-los-pueblos-europeos-de-la-ciguena\\\/#breadcrumblist\",\"itemListElement\":[{\"@type\":\"ListItem\",\"@id\":\"https:\\\/\\\/eldigitaldeasturias.com\\\/magazine365#listItem\",\"position\":1,\"name\":\"Home\",\"item\":\"https:\\\/\\\/eldigitaldeasturias.com\\\/magazine365\",\"nextItem\":{\"@type\":\"ListItem\",\"@id\":\"https:\\\/\\\/eldigitaldeasturias.com\\\/magazine365\\\/category\\\/actualidad-turismo\\\/#listItem\",\"name\":\"Actualidad Turismo\"}},{\"@type\":\"ListItem\",\"@id\":\"https:\\\/\\\/eldigitaldeasturias.com\\\/magazine365\\\/category\\\/actualidad-turismo\\\/#listItem\",\"position\":2,\"name\":\"Actualidad Turismo\",\"item\":\"https:\\\/\\\/eldigitaldeasturias.com\\\/magazine365\\\/category\\\/actualidad-turismo\\\/\",\"nextItem\":{\"@type\":\"ListItem\",\"@id\":\"https:\\\/\\\/eldigitaldeasturias.com\\\/magazine365\\\/malpartida-de-caceres-participa-en-croacia-en-el-encuentro-anual-de-los-pueblos-europeos-de-la-ciguena\\\/#listItem\",\"name\":\"Malpartida de C\\u00e1ceres participa en Croacia en el Encuentro Anual de los Pueblos Europeos de la Cig\\u00fce\\u00f1a\"},\"previousItem\":{\"@type\":\"ListItem\",\"@id\":\"https:\\\/\\\/eldigitaldeasturias.com\\\/magazine365#listItem\",\"name\":\"Home\"}},{\"@type\":\"ListItem\",\"@id\":\"https:\\\/\\\/eldigitaldeasturias.com\\\/magazine365\\\/malpartida-de-caceres-participa-en-croacia-en-el-encuentro-anual-de-los-pueblos-europeos-de-la-ciguena\\\/#listItem\",\"position\":3,\"name\":\"Malpartida de C\\u00e1ceres participa en Croacia en el Encuentro Anual de los Pueblos Europeos de la Cig\\u00fce\\u00f1a\",\"previousItem\":{\"@type\":\"ListItem\",\"@id\":\"https:\\\/\\\/eldigitaldeasturias.com\\\/magazine365\\\/category\\\/actualidad-turismo\\\/#listItem\",\"name\":\"Actualidad Turismo\"}}]},{\"@type\":\"Organization\",\"@id\":\"https:\\\/\\\/eldigitaldeasturias.com\\\/magazine365\\\/#organization\",\"name\":\"El digital de Asturias\",\"description\":\"Revista de ocio, turismo y estilo de vida\",\"url\":\"https:\\\/\\\/eldigitaldeasturias.com\\\/magazine365\\\/\",\"logo\":{\"@type\":\"ImageObject\",\"url\":\"https:\\\/\\\/www.eldigitaldeasturias.com\\\/noticias\\\/wp-content\\\/uploads\\\/2020\\\/12\\\/EDA.jpg\",\"@id\":\"https:\\\/\\\/eldigitaldeasturias.com\\\/magazine365\\\/malpartida-de-caceres-participa-en-croacia-en-el-encuentro-anual-de-los-pueblos-europeos-de-la-ciguena\\\/#organizationLogo\"},\"image\":{\"@id\":\"https:\\\/\\\/eldigitaldeasturias.com\\\/magazine365\\\/malpartida-de-caceres-participa-en-croacia-en-el-encuentro-anual-de-los-pueblos-europeos-de-la-ciguena\\\/#organizationLogo\"}},{\"@type\":\"Person\",\"@id\":\"https:\\\/\\\/eldigitaldeasturias.com\\\/magazine365\\\/author\\\/admin\\\/#author\",\"url\":\"https:\\\/\\\/eldigitaldeasturias.com\\\/magazine365\\\/author\\\/admin\\\/\",\"name\":\"admin\",\"image\":{\"@type\":\"ImageObject\",\"@id\":\"https:\\\/\\\/eldigitaldeasturias.com\\\/magazine365\\\/malpartida-de-caceres-participa-en-croacia-en-el-encuentro-anual-de-los-pueblos-europeos-de-la-ciguena\\\/#authorImage\",\"url\":\"https:\\\/\\\/eldigitaldeasturias.com\\\/magazine365\\\/wp-content\\\/litespeed\\\/avatar\\\/e571bcf59a0edd6fa6838245a470f2fe.jpg?ver=1777574230\",\"width\":96,\"height\":96,\"caption\":\"admin\"}},{\"@type\":\"WebPage\",\"@id\":\"https:\\\/\\\/eldigitaldeasturias.com\\\/magazine365\\\/malpartida-de-caceres-participa-en-croacia-en-el-encuentro-anual-de-los-pueblos-europeos-de-la-ciguena\\\/#webpage\",\"url\":\"https:\\\/\\\/eldigitaldeasturias.com\\\/magazine365\\\/malpartida-de-caceres-participa-en-croacia-en-el-encuentro-anual-de-los-pueblos-europeos-de-la-ciguena\\\/\",\"name\":\"Malpartida de C\\u00e1ceres participa en Croacia en el Encuentro Anual de los Pueblos Europeos de la Cig\\u00fce\\u00f1a | El Digital de Asturias\",\"description\":\"La localidad cacere\\u00f1a de Malpartida de C\\u00e1ceres participa, desde este pasado mi\\u00e9rcoles y hasta el pr\\u00f3ximo domingo, 28 de junio, en el Encuentro Anual de los Pueblos Europeos de la Cig\\u00fce\\u00f1a que se celebra en Cigoc (Croacia). El destino de esta edici\\u00f3n se anunci\\u00f3 el a\\u00f1o pasado en Malpartida de C\\u00e1ceres, donde se celebr\\u00f3 este\",\"inLanguage\":\"es-ES\",\"isPartOf\":{\"@id\":\"https:\\\/\\\/eldigitaldeasturias.com\\\/magazine365\\\/#website\"},\"breadcrumb\":{\"@id\":\"https:\\\/\\\/eldigitaldeasturias.com\\\/magazine365\\\/malpartida-de-caceres-participa-en-croacia-en-el-encuentro-anual-de-los-pueblos-europeos-de-la-ciguena\\\/#breadcrumblist\"},\"author\":{\"@id\":\"https:\\\/\\\/eldigitaldeasturias.com\\\/magazine365\\\/author\\\/admin\\\/#author\"},\"creator\":{\"@id\":\"https:\\\/\\\/eldigitaldeasturias.com\\\/magazine365\\\/author\\\/admin\\\/#author\"},\"image\":{\"@type\":\"ImageObject\",\"url\":\"https:\\\/\\\/eldigitaldeasturias.com\\\/magazine365\\\/wp-content\\\/uploads\\\/2015\\\/06\\\/fotonoticia_20150625175645_800.jpg\",\"@id\":\"https:\\\/\\\/eldigitaldeasturias.com\\\/magazine365\\\/malpartida-de-caceres-participa-en-croacia-en-el-encuentro-anual-de-los-pueblos-europeos-de-la-ciguena\\\/#mainImage\",\"width\":800,\"height\":600},\"primaryImageOfPage\":{\"@id\":\"https:\\\/\\\/eldigitaldeasturias.com\\\/magazine365\\\/malpartida-de-caceres-participa-en-croacia-en-el-encuentro-anual-de-los-pueblos-europeos-de-la-ciguena\\\/#mainImage\"},\"datePublished\":\"2015-06-25T23:14:46+02:00\",\"dateModified\":\"2015-06-25T23:14:46+02:00\"},{\"@type\":\"WebSite\",\"@id\":\"https:\\\/\\\/eldigitaldeasturias.com\\\/magazine365\\\/#website\",\"url\":\"https:\\\/\\\/eldigitaldeasturias.com\\\/magazine365\\\/\",\"name\":\"El Digital de Asturias\",\"description\":\"Revista de ocio, turismo y estilo de vida\",\"inLanguage\":\"es-ES\",\"publisher\":{\"@id\":\"https:\\\/\\\/eldigitaldeasturias.com\\\/magazine365\\\/#organization\"}}]}\n\t\t<\/script>\n\t\t<!-- All in One SEO Pro -->\r\n\t\t<title>Malpartida de C\u00e1ceres participa en Croacia en el Encuentro Anual de los Pueblos Europeos de la Cig\u00fce\u00f1a | El Digital de Asturias<\/title>\n\n","aioseo_head_json":{"title":"Malpartida de C\u00e1ceres participa en Croacia en el Encuentro Anual de los Pueblos Europeos de la Cig\u00fce\u00f1a | El Digital de Asturias","description":"La localidad cacere\u00f1a de Malpartida de C\u00e1ceres participa, desde este pasado mi\u00e9rcoles y hasta el pr\u00f3ximo domingo, 28 de junio, en el Encuentro Anual de los Pueblos Europeos de la Cig\u00fce\u00f1a que se celebra en Cigoc (Croacia). El destino de esta edici\u00f3n se anunci\u00f3 el a\u00f1o pasado en Malpartida de C\u00e1ceres, donde se celebr\u00f3 este","canonical_url":"https:\/\/eldigitaldeasturias.com\/magazine365\/malpartida-de-caceres-participa-en-croacia-en-el-encuentro-anual-de-los-pueblos-europeos-de-la-ciguena\/","robots":"max-image-preview:large","keywords":"actualidad turismo","webmasterTools":{"google-site-verification":"UA-38556648-1","miscellaneous":""},"schema":{"@context":"https:\/\/schema.org","@graph":[{"@type":"Article","@id":"https:\/\/eldigitaldeasturias.com\/magazine365\/malpartida-de-caceres-participa-en-croacia-en-el-encuentro-anual-de-los-pueblos-europeos-de-la-ciguena\/#article","name":"Malpartida de C\u00e1ceres participa en Croacia en el Encuentro Anual de los Pueblos Europeos de la Cig\u00fce\u00f1a | El Digital de Asturias","headline":"Malpartida de C\u00e1ceres participa en Croacia en el Encuentro Anual de los Pueblos Europeos de la Cig\u00fce\u00f1a","author":{"@id":"https:\/\/eldigitaldeasturias.com\/magazine365\/author\/admin\/#author"},"publisher":{"@id":"https:\/\/eldigitaldeasturias.com\/magazine365\/#organization"},"image":{"@type":"ImageObject","url":"https:\/\/eldigitaldeasturias.com\/magazine365\/wp-content\/uploads\/2015\/06\/fotonoticia_20150625175645_800.jpg","width":800,"height":600},"datePublished":"2015-06-25T23:14:46+02:00","dateModified":"2015-06-25T23:14:46+02:00","inLanguage":"es-ES","mainEntityOfPage":{"@id":"https:\/\/eldigitaldeasturias.com\/magazine365\/malpartida-de-caceres-participa-en-croacia-en-el-encuentro-anual-de-los-pueblos-europeos-de-la-ciguena\/#webpage"},"isPartOf":{"@id":"https:\/\/eldigitaldeasturias.com\/magazine365\/malpartida-de-caceres-participa-en-croacia-en-el-encuentro-anual-de-los-pueblos-europeos-de-la-ciguena\/#webpage"},"articleSection":"Actualidad Turismo"},{"@type":"BreadcrumbList","@id":"https:\/\/eldigitaldeasturias.com\/magazine365\/malpartida-de-caceres-participa-en-croacia-en-el-encuentro-anual-de-los-pueblos-europeos-de-la-ciguena\/#breadcrumblist","itemListElement":[{"@type":"ListItem","@id":"https:\/\/eldigitaldeasturias.com\/magazine365#listItem","position":1,"name":"Home","item":"https:\/\/eldigitaldeasturias.com\/magazine365","nextItem":{"@type":"ListItem","@id":"https:\/\/eldigitaldeasturias.com\/magazine365\/category\/actualidad-turismo\/#listItem","name":"Actualidad Turismo"}},{"@type":"ListItem","@id":"https:\/\/eldigitaldeasturias.com\/magazine365\/category\/actualidad-turismo\/#listItem","position":2,"name":"Actualidad Turismo","item":"https:\/\/eldigitaldeasturias.com\/magazine365\/category\/actualidad-turismo\/","nextItem":{"@type":"ListItem","@id":"https:\/\/eldigitaldeasturias.com\/magazine365\/malpartida-de-caceres-participa-en-croacia-en-el-encuentro-anual-de-los-pueblos-europeos-de-la-ciguena\/#listItem","name":"Malpartida de C\u00e1ceres participa en Croacia en el Encuentro Anual de los Pueblos Europeos de la Cig\u00fce\u00f1a"},"previousItem":{"@type":"ListItem","@id":"https:\/\/eldigitaldeasturias.com\/magazine365#listItem","name":"Home"}},{"@type":"ListItem","@id":"https:\/\/eldigitaldeasturias.com\/magazine365\/malpartida-de-caceres-participa-en-croacia-en-el-encuentro-anual-de-los-pueblos-europeos-de-la-ciguena\/#listItem","position":3,"name":"Malpartida de C\u00e1ceres participa en Croacia en el Encuentro Anual de los Pueblos Europeos de la Cig\u00fce\u00f1a","previousItem":{"@type":"ListItem","@id":"https:\/\/eldigitaldeasturias.com\/magazine365\/category\/actualidad-turismo\/#listItem","name":"Actualidad Turismo"}}]},{"@type":"Organization","@id":"https:\/\/eldigitaldeasturias.com\/magazine365\/#organization","name":"El digital de Asturias","description":"Revista de ocio, turismo y estilo de vida","url":"https:\/\/eldigitaldeasturias.com\/magazine365\/","logo":{"@type":"ImageObject","url":"https:\/\/www.eldigitaldeasturias.com\/noticias\/wp-content\/uploads\/2020\/12\/EDA.jpg","@id":"https:\/\/eldigitaldeasturias.com\/magazine365\/malpartida-de-caceres-participa-en-croacia-en-el-encuentro-anual-de-los-pueblos-europeos-de-la-ciguena\/#organizationLogo"},"image":{"@id":"https:\/\/eldigitaldeasturias.com\/magazine365\/malpartida-de-caceres-participa-en-croacia-en-el-encuentro-anual-de-los-pueblos-europeos-de-la-ciguena\/#organizationLogo"}},{"@type":"Person","@id":"https:\/\/eldigitaldeasturias.com\/magazine365\/author\/admin\/#author","url":"https:\/\/eldigitaldeasturias.com\/magazine365\/author\/admin\/","name":"admin","image":{"@type":"ImageObject","@id":"https:\/\/eldigitaldeasturias.com\/magazine365\/malpartida-de-caceres-participa-en-croacia-en-el-encuentro-anual-de-los-pueblos-europeos-de-la-ciguena\/#authorImage","url":"https:\/\/eldigitaldeasturias.com\/magazine365\/wp-content\/litespeed\/avatar\/e571bcf59a0edd6fa6838245a470f2fe.jpg?ver=1777574230","width":96,"height":96,"caption":"admin"}},{"@type":"WebPage","@id":"https:\/\/eldigitaldeasturias.com\/magazine365\/malpartida-de-caceres-participa-en-croacia-en-el-encuentro-anual-de-los-pueblos-europeos-de-la-ciguena\/#webpage","url":"https:\/\/eldigitaldeasturias.com\/magazine365\/malpartida-de-caceres-participa-en-croacia-en-el-encuentro-anual-de-los-pueblos-europeos-de-la-ciguena\/","name":"Malpartida de C\u00e1ceres participa en Croacia en el Encuentro Anual de los Pueblos Europeos de la Cig\u00fce\u00f1a | El Digital de Asturias","description":"La localidad cacere\u00f1a de Malpartida de C\u00e1ceres participa, desde este pasado mi\u00e9rcoles y hasta el pr\u00f3ximo domingo, 28 de junio, en el Encuentro Anual de los Pueblos Europeos de la Cig\u00fce\u00f1a que se celebra en Cigoc (Croacia). El destino de esta edici\u00f3n se anunci\u00f3 el a\u00f1o pasado en Malpartida de C\u00e1ceres, donde se celebr\u00f3 este","inLanguage":"es-ES","isPartOf":{"@id":"https:\/\/eldigitaldeasturias.com\/magazine365\/#website"},"breadcrumb":{"@id":"https:\/\/eldigitaldeasturias.com\/magazine365\/malpartida-de-caceres-participa-en-croacia-en-el-encuentro-anual-de-los-pueblos-europeos-de-la-ciguena\/#breadcrumblist"},"author":{"@id":"https:\/\/eldigitaldeasturias.com\/magazine365\/author\/admin\/#author"},"creator":{"@id":"https:\/\/eldigitaldeasturias.com\/magazine365\/author\/admin\/#author"},"image":{"@type":"ImageObject","url":"https:\/\/eldigitaldeasturias.com\/magazine365\/wp-content\/uploads\/2015\/06\/fotonoticia_20150625175645_800.jpg","@id":"https:\/\/eldigitaldeasturias.com\/magazine365\/malpartida-de-caceres-participa-en-croacia-en-el-encuentro-anual-de-los-pueblos-europeos-de-la-ciguena\/#mainImage","width":800,"height":600},"primaryImageOfPage":{"@id":"https:\/\/eldigitaldeasturias.com\/magazine365\/malpartida-de-caceres-participa-en-croacia-en-el-encuentro-anual-de-los-pueblos-europeos-de-la-ciguena\/#mainImage"},"datePublished":"2015-06-25T23:14:46+02:00","dateModified":"2015-06-25T23:14:46+02:00"},{"@type":"WebSite","@id":"https:\/\/eldigitaldeasturias.com\/magazine365\/#website","url":"https:\/\/eldigitaldeasturias.com\/magazine365\/","name":"El Digital de Asturias","description":"Revista de ocio, turismo y estilo de vida","inLanguage":"es-ES","publisher":{"@id":"https:\/\/eldigitaldeasturias.com\/magazine365\/#organization"}}]},"og:locale":"es_ES","og:site_name":"El Digital de Asturias \u2013 Revista de ocio, turismo y estilo de vida","og:type":"article","og:title":"Malpartida de C\u00e1ceres participa en Croacia en el Encuentro Anual de los Pueblos Europeos de la Cig\u00fce\u00f1a | El Digital de Asturias","og:description":"La localidad cacere\u00f1a de Malpartida de C\u00e1ceres participa, desde este pasado mi\u00e9rcoles y hasta el pr\u00f3ximo domingo, 28 de junio, en el Encuentro Anual de los Pueblos Europeos de la Cig\u00fce\u00f1a que se celebra en Cigoc (Croacia). El destino de esta edici\u00f3n se anunci\u00f3 el a\u00f1o pasado en Malpartida de C\u00e1ceres, donde se celebr\u00f3 este","og:url":"https:\/\/eldigitaldeasturias.com\/magazine365\/malpartida-de-caceres-participa-en-croacia-en-el-encuentro-anual-de-los-pueblos-europeos-de-la-ciguena\/","og:image":"https:\/\/eldigitaldeasturias.com\/magazine365\/wp-content\/uploads\/2015\/06\/fotonoticia_20150625175645_800.jpg","og:image:secure_url":"https:\/\/eldigitaldeasturias.com\/magazine365\/wp-content\/uploads\/2015\/06\/fotonoticia_20150625175645_800.jpg","og:image:width":800,"og:image:height":600,"article:published_time":"2015-06-25T21:44:46+00:00","article:modified_time":"2015-06-25T21:44:46+00:00","twitter:card":"summary_large_image","twitter:title":"Malpartida de C\u00e1ceres participa en Croacia en el Encuentro Anual de los Pueblos Europeos de la Cig\u00fce\u00f1a | El Digital de Asturias","twitter:description":"La localidad cacere\u00f1a de Malpartida de C\u00e1ceres participa, desde este pasado mi\u00e9rcoles y hasta el pr\u00f3ximo domingo, 28 de junio, en el Encuentro Anual de los Pueblos Europeos de la Cig\u00fce\u00f1a que se celebra en Cigoc (Croacia). El destino de esta edici\u00f3n se anunci\u00f3 el a\u00f1o pasado en Malpartida de C\u00e1ceres, donde se celebr\u00f3 este","twitter:image":"https:\/\/eldigitaldeasturias.com\/magazine365\/wp-content\/uploads\/2015\/06\/fotonoticia_20150625175645_800.jpg"},"aioseo_meta_data":{"post_id":"41062","title":null,"description":null,"keywords":null,"keyphrases":null,"primary_term":null,"canonical_url":null,"og_title":null,"og_description":null,"og_object_type":"default","og_image_type":"default","og_image_url":null,"og_image_width":null,"og_image_height":null,"og_image_custom_url":null,"og_image_custom_fields":null,"og_video":null,"og_custom_url":null,"og_article_section":null,"og_article_tags":null,"twitter_use_og":false,"twitter_card":"default","twitter_image_type":"default","twitter_image_url":null,"twitter_image_custom_url":null,"twitter_image_custom_fields":null,"twitter_title":null,"twitter_description":null,"schema":{"blockGraphs":[],"customGraphs":[],"default":{"data":{"Article":[],"Course":[],"Dataset":[],"FAQPage":[],"Movie":[],"Person":[],"Product":[],"ProductReview":[],"Car":[],"Recipe":[],"Service":[],"SoftwareApplication":[],"WebPage":[]},"graphName":"","isEnabled":true},"graphs":[],"defaultGraph":"","defaultPostTypeGraph":""},"schema_type":null,"schema_type_options":null,"pillar_content":false,"robots_default":true,"robots_noindex":false,"robots_noarchive":false,"robots_nosnippet":false,"robots_nofollow":false,"robots_noimageindex":false,"robots_noodp":false,"robots_notranslate":false,"robots_max_snippet":null,"robots_max_videopreview":null,"robots_max_imagepreview":"large","priority":null,"frequency":null,"location":null,"local_seo":null,"seo_analyzer_scan_date":"2025-09-19 14:54:55","breadcrumb_settings":null,"limit_modified_date":false,"open_ai":null,"ai":null,"created":"2021-03-09 02:20:43","updated":"2025-09-19 14:54:55"},"aioseo_breadcrumb":"<div class=\"aioseo-breadcrumbs\"><span class=\"aioseo-breadcrumb\">\n\t<a href=\"https:\/\/eldigitaldeasturias.com\/magazine365\" title=\"Home\">Home<\/a>\n<\/span><span class=\"aioseo-breadcrumb-separator\">\u2013<\/span><span class=\"aioseo-breadcrumb\">\n\t<a href=\"https:\/\/eldigitaldeasturias.com\/magazine365\/category\/actualidad-turismo\/\" title=\"Actualidad Turismo\">Actualidad Turismo<\/a>\n<\/span><span class=\"aioseo-breadcrumb-separator\">\u2013<\/span><span class=\"aioseo-breadcrumb\">\n\t<a href=\"https:\/\/eldigitaldeasturias.com\/magazine365\/malpartida-de-caceres-participa-en-croacia-en-el-encuentro-anual-de-los-pueblos-europeos-de-la-ciguena\/\" title=\"Malpartida de C\u00e1ceres participa en Croacia en el Encuentro Anual de los Pueblos Europeos de la Cig\u00fce\u00f1a\">Malpartida de C\u00e1ceres participa en Croacia en el Encuentro Anual de los Pueblos Europeos de la Cig\u00fce\u00f1a<\/a>\n<\/span><\/div>","aioseo_breadcrumb_json":[{"label":"Home","link":"https:\/\/eldigitaldeasturias.com\/magazine365"},{"label":"Actualidad Turismo","link":"https:\/\/eldigitaldeasturias.com\/magazine365\/category\/actualidad-turismo\/"},{"label":"Malpartida de C\u00e1ceres participa en Croacia en el Encuentro Anual de los Pueblos Europeos de la Cig\u00fce\u00f1a","link":"https:\/\/eldigitaldeasturias.com\/magazine365\/malpartida-de-caceres-participa-en-croacia-en-el-encuentro-anual-de-los-pueblos-europeos-de-la-ciguena\/"}],"_links":{"self":[{"href":"https:\/\/eldigitaldeasturias.com\/magazine365\/wp-json\/wp\/v2\/posts\/41062","targetHints":{"allow":["GET"]}}],"collection":[{"href":"https:\/\/eldigitaldeasturias.com\/magazine365\/wp-json\/wp\/v2\/posts"}],"about":[{"href":"https:\/\/eldigitaldeasturias.com\/magazine365\/wp-json\/wp\/v2\/types\/post"}],"author":[{"embeddable":true,"href":"https:\/\/eldigitaldeasturias.com\/magazine365\/wp-json\/wp\/v2\/users\/1"}],"replies":[{"embeddable":true,"href":"https:\/\/eldigitaldeasturias.com\/magazine365\/wp-json\/wp\/v2\/comments?post=41062"}],"version-history":[{"count":0,"href":"https:\/\/eldigitaldeasturias.com\/magazine365\/wp-json\/wp\/v2\/posts\/41062\/revisions"}],"wp:featuredmedia":[{"embeddable":true,"href":"https:\/\/eldigitaldeasturias.com\/magazine365\/wp-json\/wp\/v2\/media\/41063"}],"wp:attachment":[{"href":"https:\/\/eldigitaldeasturias.com\/magazine365\/wp-json\/wp\/v2\/media?parent=41062"}],"wp:term":[{"taxonomy":"category","embeddable":true,"href":"https:\/\/eldigitaldeasturias.com\/magazine365\/wp-json\/wp\/v2\/categories?post=41062"},{"taxonomy":"post_tag","embeddable":true,"href":"https:\/\/eldigitaldeasturias.com\/magazine365\/wp-json\/wp\/v2\/tags?post=41062"}],"curies":[{"name":"wp","href":"https:\/\/api.w.org\/{rel}","templated":true}]}}