{"id":41059,"date":"2015-06-25T23:11:36","date_gmt":"2015-06-25T21:41:36","guid":{"rendered":"http:\/\/eldigitaldeasturias.com\/magazine365\/?p=41059"},"modified":"2015-06-25T23:11:36","modified_gmt":"2015-06-25T21:41:36","slug":"bruselas-saca-a-todas-las-aerolineas-de-filipinas-de-su-lista-negra","status":"publish","type":"post","link":"https:\/\/eldigitaldeasturias.com\/magazine365\/bruselas-saca-a-todas-las-aerolineas-de-filipinas-de-su-lista-negra\/","title":{"rendered":"Bruselas saca a todas las aerol\u00edneas de Filipinas de su lista negra"},"content":{"rendered":"<p><img fetchpriority=\"high\" decoding=\"async\" class=\"alignleft size-medium wp-image-41060\" src=\"https:\/\/eldigitaldeasturias.com\/magazine365\/wp-content\/uploads\/2015\/06\/fotonoticia_20150625175233_800-360x259.jpg\" alt=\"fotonoticia_20150625175233_800\" width=\"360\" height=\"259\" srcset=\"https:\/\/eldigitaldeasturias.com\/magazine365\/wp-content\/uploads\/2015\/06\/fotonoticia_20150625175233_800-360x259.jpg 360w, https:\/\/eldigitaldeasturias.com\/magazine365\/wp-content\/uploads\/2015\/06\/fotonoticia_20150625175233_800-650x468.jpg 650w, https:\/\/eldigitaldeasturias.com\/magazine365\/wp-content\/uploads\/2015\/06\/fotonoticia_20150625175233_800-768x553.jpg 768w, https:\/\/eldigitaldeasturias.com\/magazine365\/wp-content\/uploads\/2015\/06\/fotonoticia_20150625175233_800-150x108.jpg 150w, https:\/\/eldigitaldeasturias.com\/magazine365\/wp-content\/uploads\/2015\/06\/fotonoticia_20150625175233_800-450x324.jpg 450w, https:\/\/eldigitaldeasturias.com\/magazine365\/wp-content\/uploads\/2015\/06\/fotonoticia_20150625175233_800-696x501.jpg 696w, https:\/\/eldigitaldeasturias.com\/magazine365\/wp-content\/uploads\/2015\/06\/fotonoticia_20150625175233_800-583x420.jpg 583w, https:\/\/eldigitaldeasturias.com\/magazine365\/wp-content\/uploads\/2015\/06\/fotonoticia_20150625175233_800.jpg 800w\" sizes=\"(max-width: 360px) 100vw, 360px\" \/>La Comisi\u00f3n Europea ha decidido este jueves sacar de su lista negra a todas las aerol\u00edneas de Filipinas, prohibidas en la UE desde 2010, un paso que les permitir\u00e1 volver a operar en el espacio a\u00e9reo europeo.<\/p>\n<p>\u00abTras cinco a\u00f1os de trabajo duro por fin podemos retirar a las aerol\u00edneas certificadas en Filipinas de la Lista de Seguridad A\u00e9rea Europea. Filipinas es un pa\u00eds importante con un sector de aviaci\u00f3n grande y de r\u00e1pido crecimiento\u00bb, ha anunciado la comisaria de Transporte, Violeta Bulc.<\/p>\n<p>La comisaria ha subrayado que el Ejecutivo comunitario \u00abcontinuamente vigila\u00bb que las aerol\u00edneas de terceros pa\u00edses que vuelan a la UE cumplen \u00ablos est\u00e1ndares de seguridad m\u00e1s elevados\u00bb y ha confiado que Filipinas sirva de \u00abejemplo\u00bb para otros.<\/p>\n<p>232 AEROL\u00cdNEAS DE 21 PA\u00cdSES.<\/p>\n<p>Tras esta \u00faltima actualizaci\u00f3n, la lista negra de la UE incluye a un total de 232 aerol\u00edneas de 21 pa\u00edses. Entre ellas se encuentran todas las de Afganist\u00e1n, Angola (excepto una que opera con restricciones), Ben\u00edn, Rep\u00fablica del Congo, Rep\u00fablica Democr\u00e1tica del Congo, Yibuti, Guinea Ecuatorial, Eritrea, Gab\u00f3n (excepto una aerol\u00ednea), Indonesia (excepto cuatro aerol\u00edneas), Kazajst\u00e1n (excepto una), Kirguist\u00e1n, Liberia, Libia ,Mozambique, Nepal, Sierra Leona, Santo Tom\u00e9 y Pr\u00edncipe, Sud\u00e1n y Zambia, as\u00ed como la aerol\u00ednea Blue Wings de Surinam.<\/p>\n<p>La lista tambi\u00e9n incluye a ocho aerol\u00edneas que solo pueden volar a la UE con aviones determinados: Air Astana de Kazajst\u00e1n; Afrijet y SN2AG, de Gab\u00f3n; Air Koryo, de Corea del Norte; Air Service Comores de Comoros; Iran Air de Ir\u00e1n; TAAG Angolan Airlines de Angola y Air Madagascar de Madagascar, mientras que las de Ghana fueron retiradas tras las garant\u00edas del pa\u00eds de que dejaron de existir y que sus aparatos fueron retirados del servicio activo.<\/p>\n","protected":false},"excerpt":{"rendered":"<p>La Comisi\u00f3n Europea ha decidido este jueves sacar de su lista negra a todas las aerol\u00edneas de Filipinas, prohibidas en la UE desde 2010, un paso que les permitir\u00e1 volver a operar en el espacio a\u00e9reo europeo. \u00abTras cinco a\u00f1os de trabajo duro por fin podemos retirar a las aerol\u00edneas certificadas en Filipinas de la<\/p>\n","protected":false},"author":1,"featured_media":41060,"comment_status":"open","ping_status":"closed","sticky":false,"template":"","format":"standard","meta":{"footnotes":""},"categories":[222],"tags":[],"class_list":{"0":"post-41059","1":"post","2":"type-post","3":"status-publish","4":"format-standard","5":"has-post-thumbnail","7":"category-actualidad-turismo"},"aioseo_notices":[],"aioseo_head":"\n\t\t<!-- All in One SEO Pro 4.9.6.1 - aioseo.com -->\n\t<meta name=\"description\" content=\"La Comisi\u00f3n Europea ha decidido este jueves sacar de su lista negra a todas las aerol\u00edneas de Filipinas, prohibidas en la UE desde 2010, un paso que les permitir\u00e1 volver a operar en el espacio a\u00e9reo europeo. &quot;Tras cinco a\u00f1os de trabajo duro por fin podemos retirar a las aerol\u00edneas certificadas en Filipinas de la\" \/>\n\t<meta name=\"robots\" content=\"max-image-preview:large\" \/>\n\t<meta name=\"author\" content=\"admin\"\/>\n\t<meta name=\"google-site-verification\" content=\"UA-38556648-1\" \/>\n\t<meta name=\"keywords\" content=\"actualidad turismo\" \/>\n\t<link rel=\"canonical\" href=\"https:\/\/eldigitaldeasturias.com\/magazine365\/bruselas-saca-a-todas-las-aerolineas-de-filipinas-de-su-lista-negra\/\" \/>\n\t<meta name=\"generator\" content=\"All in One SEO Pro (AIOSEO) 4.9.6.1\" \/>\n\t\t<meta property=\"og:locale\" content=\"es_ES\" \/>\n\t\t<meta property=\"og:site_name\" content=\"El Digital de Asturias \u2013 Revista de ocio, turismo y estilo de vida\" \/>\n\t\t<meta property=\"og:type\" content=\"article\" \/>\n\t\t<meta property=\"og:title\" content=\"Bruselas saca a todas las aerol\u00edneas de Filipinas de su lista negra | El Digital de Asturias\" \/>\n\t\t<meta property=\"og:description\" content=\"La Comisi\u00f3n Europea ha decidido este jueves sacar de su lista negra a todas las aerol\u00edneas de Filipinas, prohibidas en la UE desde 2010, un paso que les permitir\u00e1 volver a operar en el espacio a\u00e9reo europeo. &quot;Tras cinco a\u00f1os de trabajo duro por fin podemos retirar a las aerol\u00edneas certificadas en Filipinas de la\" \/>\n\t\t<meta property=\"og:url\" content=\"https:\/\/eldigitaldeasturias.com\/magazine365\/bruselas-saca-a-todas-las-aerolineas-de-filipinas-de-su-lista-negra\/\" \/>\n\t\t<meta property=\"og:image\" content=\"https:\/\/eldigitaldeasturias.com\/magazine365\/wp-content\/uploads\/2015\/06\/fotonoticia_20150625175233_800.jpg\" \/>\n\t\t<meta property=\"og:image:secure_url\" content=\"https:\/\/eldigitaldeasturias.com\/magazine365\/wp-content\/uploads\/2015\/06\/fotonoticia_20150625175233_800.jpg\" \/>\n\t\t<meta property=\"og:image:width\" content=\"800\" \/>\n\t\t<meta property=\"og:image:height\" content=\"576\" \/>\n\t\t<meta property=\"article:published_time\" content=\"2015-06-25T21:41:36+00:00\" \/>\n\t\t<meta property=\"article:modified_time\" content=\"2015-06-25T21:41:36+00:00\" \/>\n\t\t<meta name=\"twitter:card\" content=\"summary_large_image\" \/>\n\t\t<meta name=\"twitter:title\" content=\"Bruselas saca a todas las aerol\u00edneas de Filipinas de su lista negra | El Digital de Asturias\" \/>\n\t\t<meta name=\"twitter:description\" content=\"La Comisi\u00f3n Europea ha decidido este jueves sacar de su lista negra a todas las aerol\u00edneas de Filipinas, prohibidas en la UE desde 2010, un paso que les permitir\u00e1 volver a operar en el espacio a\u00e9reo europeo. &quot;Tras cinco a\u00f1os de trabajo duro por fin podemos retirar a las aerol\u00edneas certificadas en Filipinas de la\" \/>\n\t\t<meta name=\"twitter:image\" content=\"https:\/\/eldigitaldeasturias.com\/magazine365\/wp-content\/uploads\/2015\/06\/fotonoticia_20150625175233_800.jpg\" \/>\n\t\t<script type=\"application\/ld+json\" class=\"aioseo-schema\">\n\t\t\t{\"@context\":\"https:\\\/\\\/schema.org\",\"@graph\":[{\"@type\":\"Article\",\"@id\":\"https:\\\/\\\/eldigitaldeasturias.com\\\/magazine365\\\/bruselas-saca-a-todas-las-aerolineas-de-filipinas-de-su-lista-negra\\\/#article\",\"name\":\"Bruselas saca a todas las aerol\\u00edneas de Filipinas de su lista negra | El Digital de Asturias\",\"headline\":\"Bruselas saca a todas las aerol\\u00edneas de Filipinas de su lista negra\",\"author\":{\"@id\":\"https:\\\/\\\/eldigitaldeasturias.com\\\/magazine365\\\/author\\\/admin\\\/#author\"},\"publisher\":{\"@id\":\"https:\\\/\\\/eldigitaldeasturias.com\\\/magazine365\\\/#organization\"},\"image\":{\"@type\":\"ImageObject\",\"url\":\"https:\\\/\\\/eldigitaldeasturias.com\\\/magazine365\\\/wp-content\\\/uploads\\\/2015\\\/06\\\/fotonoticia_20150625175233_800.jpg\",\"width\":800,\"height\":576},\"datePublished\":\"2015-06-25T23:11:36+02:00\",\"dateModified\":\"2015-06-25T23:11:36+02:00\",\"inLanguage\":\"es-ES\",\"mainEntityOfPage\":{\"@id\":\"https:\\\/\\\/eldigitaldeasturias.com\\\/magazine365\\\/bruselas-saca-a-todas-las-aerolineas-de-filipinas-de-su-lista-negra\\\/#webpage\"},\"isPartOf\":{\"@id\":\"https:\\\/\\\/eldigitaldeasturias.com\\\/magazine365\\\/bruselas-saca-a-todas-las-aerolineas-de-filipinas-de-su-lista-negra\\\/#webpage\"},\"articleSection\":\"Actualidad Turismo\"},{\"@type\":\"BreadcrumbList\",\"@id\":\"https:\\\/\\\/eldigitaldeasturias.com\\\/magazine365\\\/bruselas-saca-a-todas-las-aerolineas-de-filipinas-de-su-lista-negra\\\/#breadcrumblist\",\"itemListElement\":[{\"@type\":\"ListItem\",\"@id\":\"https:\\\/\\\/eldigitaldeasturias.com\\\/magazine365#listItem\",\"position\":1,\"name\":\"Home\",\"item\":\"https:\\\/\\\/eldigitaldeasturias.com\\\/magazine365\",\"nextItem\":{\"@type\":\"ListItem\",\"@id\":\"https:\\\/\\\/eldigitaldeasturias.com\\\/magazine365\\\/category\\\/actualidad-turismo\\\/#listItem\",\"name\":\"Actualidad Turismo\"}},{\"@type\":\"ListItem\",\"@id\":\"https:\\\/\\\/eldigitaldeasturias.com\\\/magazine365\\\/category\\\/actualidad-turismo\\\/#listItem\",\"position\":2,\"name\":\"Actualidad Turismo\",\"item\":\"https:\\\/\\\/eldigitaldeasturias.com\\\/magazine365\\\/category\\\/actualidad-turismo\\\/\",\"nextItem\":{\"@type\":\"ListItem\",\"@id\":\"https:\\\/\\\/eldigitaldeasturias.com\\\/magazine365\\\/bruselas-saca-a-todas-las-aerolineas-de-filipinas-de-su-lista-negra\\\/#listItem\",\"name\":\"Bruselas saca a todas las aerol\\u00edneas de Filipinas de su lista negra\"},\"previousItem\":{\"@type\":\"ListItem\",\"@id\":\"https:\\\/\\\/eldigitaldeasturias.com\\\/magazine365#listItem\",\"name\":\"Home\"}},{\"@type\":\"ListItem\",\"@id\":\"https:\\\/\\\/eldigitaldeasturias.com\\\/magazine365\\\/bruselas-saca-a-todas-las-aerolineas-de-filipinas-de-su-lista-negra\\\/#listItem\",\"position\":3,\"name\":\"Bruselas saca a todas las aerol\\u00edneas de Filipinas de su lista negra\",\"previousItem\":{\"@type\":\"ListItem\",\"@id\":\"https:\\\/\\\/eldigitaldeasturias.com\\\/magazine365\\\/category\\\/actualidad-turismo\\\/#listItem\",\"name\":\"Actualidad Turismo\"}}]},{\"@type\":\"Organization\",\"@id\":\"https:\\\/\\\/eldigitaldeasturias.com\\\/magazine365\\\/#organization\",\"name\":\"El digital de Asturias\",\"description\":\"Revista de ocio, turismo y estilo de vida\",\"url\":\"https:\\\/\\\/eldigitaldeasturias.com\\\/magazine365\\\/\",\"logo\":{\"@type\":\"ImageObject\",\"url\":\"https:\\\/\\\/www.eldigitaldeasturias.com\\\/noticias\\\/wp-content\\\/uploads\\\/2020\\\/12\\\/EDA.jpg\",\"@id\":\"https:\\\/\\\/eldigitaldeasturias.com\\\/magazine365\\\/bruselas-saca-a-todas-las-aerolineas-de-filipinas-de-su-lista-negra\\\/#organizationLogo\"},\"image\":{\"@id\":\"https:\\\/\\\/eldigitaldeasturias.com\\\/magazine365\\\/bruselas-saca-a-todas-las-aerolineas-de-filipinas-de-su-lista-negra\\\/#organizationLogo\"}},{\"@type\":\"Person\",\"@id\":\"https:\\\/\\\/eldigitaldeasturias.com\\\/magazine365\\\/author\\\/admin\\\/#author\",\"url\":\"https:\\\/\\\/eldigitaldeasturias.com\\\/magazine365\\\/author\\\/admin\\\/\",\"name\":\"admin\",\"image\":{\"@type\":\"ImageObject\",\"@id\":\"https:\\\/\\\/eldigitaldeasturias.com\\\/magazine365\\\/bruselas-saca-a-todas-las-aerolineas-de-filipinas-de-su-lista-negra\\\/#authorImage\",\"url\":\"https:\\\/\\\/eldigitaldeasturias.com\\\/magazine365\\\/wp-content\\\/litespeed\\\/avatar\\\/e571bcf59a0edd6fa6838245a470f2fe.jpg?ver=1777574230\",\"width\":96,\"height\":96,\"caption\":\"admin\"}},{\"@type\":\"WebPage\",\"@id\":\"https:\\\/\\\/eldigitaldeasturias.com\\\/magazine365\\\/bruselas-saca-a-todas-las-aerolineas-de-filipinas-de-su-lista-negra\\\/#webpage\",\"url\":\"https:\\\/\\\/eldigitaldeasturias.com\\\/magazine365\\\/bruselas-saca-a-todas-las-aerolineas-de-filipinas-de-su-lista-negra\\\/\",\"name\":\"Bruselas saca a todas las aerol\\u00edneas de Filipinas de su lista negra | El Digital de Asturias\",\"description\":\"La Comisi\\u00f3n Europea ha decidido este jueves sacar de su lista negra a todas las aerol\\u00edneas de Filipinas, prohibidas en la UE desde 2010, un paso que les permitir\\u00e1 volver a operar en el espacio a\\u00e9reo europeo. \\\"Tras cinco a\\u00f1os de trabajo duro por fin podemos retirar a las aerol\\u00edneas certificadas en Filipinas de la\",\"inLanguage\":\"es-ES\",\"isPartOf\":{\"@id\":\"https:\\\/\\\/eldigitaldeasturias.com\\\/magazine365\\\/#website\"},\"breadcrumb\":{\"@id\":\"https:\\\/\\\/eldigitaldeasturias.com\\\/magazine365\\\/bruselas-saca-a-todas-las-aerolineas-de-filipinas-de-su-lista-negra\\\/#breadcrumblist\"},\"author\":{\"@id\":\"https:\\\/\\\/eldigitaldeasturias.com\\\/magazine365\\\/author\\\/admin\\\/#author\"},\"creator\":{\"@id\":\"https:\\\/\\\/eldigitaldeasturias.com\\\/magazine365\\\/author\\\/admin\\\/#author\"},\"image\":{\"@type\":\"ImageObject\",\"url\":\"https:\\\/\\\/eldigitaldeasturias.com\\\/magazine365\\\/wp-content\\\/uploads\\\/2015\\\/06\\\/fotonoticia_20150625175233_800.jpg\",\"@id\":\"https:\\\/\\\/eldigitaldeasturias.com\\\/magazine365\\\/bruselas-saca-a-todas-las-aerolineas-de-filipinas-de-su-lista-negra\\\/#mainImage\",\"width\":800,\"height\":576},\"primaryImageOfPage\":{\"@id\":\"https:\\\/\\\/eldigitaldeasturias.com\\\/magazine365\\\/bruselas-saca-a-todas-las-aerolineas-de-filipinas-de-su-lista-negra\\\/#mainImage\"},\"datePublished\":\"2015-06-25T23:11:36+02:00\",\"dateModified\":\"2015-06-25T23:11:36+02:00\"},{\"@type\":\"WebSite\",\"@id\":\"https:\\\/\\\/eldigitaldeasturias.com\\\/magazine365\\\/#website\",\"url\":\"https:\\\/\\\/eldigitaldeasturias.com\\\/magazine365\\\/\",\"name\":\"El Digital de Asturias\",\"description\":\"Revista de ocio, turismo y estilo de vida\",\"inLanguage\":\"es-ES\",\"publisher\":{\"@id\":\"https:\\\/\\\/eldigitaldeasturias.com\\\/magazine365\\\/#organization\"}}]}\n\t\t<\/script>\n\t\t<!-- All in One SEO Pro -->\r\n\t\t<title>Bruselas saca a todas las aerol\u00edneas de Filipinas de su lista negra | El Digital de Asturias<\/title>\n\n","aioseo_head_json":{"title":"Bruselas saca a todas las aerol\u00edneas de Filipinas de su lista negra | El Digital de Asturias","description":"La Comisi\u00f3n Europea ha decidido este jueves sacar de su lista negra a todas las aerol\u00edneas de Filipinas, prohibidas en la UE desde 2010, un paso que les permitir\u00e1 volver a operar en el espacio a\u00e9reo europeo. \"Tras cinco a\u00f1os de trabajo duro por fin podemos retirar a las aerol\u00edneas certificadas en Filipinas de la","canonical_url":"https:\/\/eldigitaldeasturias.com\/magazine365\/bruselas-saca-a-todas-las-aerolineas-de-filipinas-de-su-lista-negra\/","robots":"max-image-preview:large","keywords":"actualidad turismo","webmasterTools":{"google-site-verification":"UA-38556648-1","miscellaneous":""},"schema":{"@context":"https:\/\/schema.org","@graph":[{"@type":"Article","@id":"https:\/\/eldigitaldeasturias.com\/magazine365\/bruselas-saca-a-todas-las-aerolineas-de-filipinas-de-su-lista-negra\/#article","name":"Bruselas saca a todas las aerol\u00edneas de Filipinas de su lista negra | El Digital de Asturias","headline":"Bruselas saca a todas las aerol\u00edneas de Filipinas de su lista negra","author":{"@id":"https:\/\/eldigitaldeasturias.com\/magazine365\/author\/admin\/#author"},"publisher":{"@id":"https:\/\/eldigitaldeasturias.com\/magazine365\/#organization"},"image":{"@type":"ImageObject","url":"https:\/\/eldigitaldeasturias.com\/magazine365\/wp-content\/uploads\/2015\/06\/fotonoticia_20150625175233_800.jpg","width":800,"height":576},"datePublished":"2015-06-25T23:11:36+02:00","dateModified":"2015-06-25T23:11:36+02:00","inLanguage":"es-ES","mainEntityOfPage":{"@id":"https:\/\/eldigitaldeasturias.com\/magazine365\/bruselas-saca-a-todas-las-aerolineas-de-filipinas-de-su-lista-negra\/#webpage"},"isPartOf":{"@id":"https:\/\/eldigitaldeasturias.com\/magazine365\/bruselas-saca-a-todas-las-aerolineas-de-filipinas-de-su-lista-negra\/#webpage"},"articleSection":"Actualidad Turismo"},{"@type":"BreadcrumbList","@id":"https:\/\/eldigitaldeasturias.com\/magazine365\/bruselas-saca-a-todas-las-aerolineas-de-filipinas-de-su-lista-negra\/#breadcrumblist","itemListElement":[{"@type":"ListItem","@id":"https:\/\/eldigitaldeasturias.com\/magazine365#listItem","position":1,"name":"Home","item":"https:\/\/eldigitaldeasturias.com\/magazine365","nextItem":{"@type":"ListItem","@id":"https:\/\/eldigitaldeasturias.com\/magazine365\/category\/actualidad-turismo\/#listItem","name":"Actualidad Turismo"}},{"@type":"ListItem","@id":"https:\/\/eldigitaldeasturias.com\/magazine365\/category\/actualidad-turismo\/#listItem","position":2,"name":"Actualidad Turismo","item":"https:\/\/eldigitaldeasturias.com\/magazine365\/category\/actualidad-turismo\/","nextItem":{"@type":"ListItem","@id":"https:\/\/eldigitaldeasturias.com\/magazine365\/bruselas-saca-a-todas-las-aerolineas-de-filipinas-de-su-lista-negra\/#listItem","name":"Bruselas saca a todas las aerol\u00edneas de Filipinas de su lista negra"},"previousItem":{"@type":"ListItem","@id":"https:\/\/eldigitaldeasturias.com\/magazine365#listItem","name":"Home"}},{"@type":"ListItem","@id":"https:\/\/eldigitaldeasturias.com\/magazine365\/bruselas-saca-a-todas-las-aerolineas-de-filipinas-de-su-lista-negra\/#listItem","position":3,"name":"Bruselas saca a todas las aerol\u00edneas de Filipinas de su lista negra","previousItem":{"@type":"ListItem","@id":"https:\/\/eldigitaldeasturias.com\/magazine365\/category\/actualidad-turismo\/#listItem","name":"Actualidad Turismo"}}]},{"@type":"Organization","@id":"https:\/\/eldigitaldeasturias.com\/magazine365\/#organization","name":"El digital de Asturias","description":"Revista de ocio, turismo y estilo de vida","url":"https:\/\/eldigitaldeasturias.com\/magazine365\/","logo":{"@type":"ImageObject","url":"https:\/\/www.eldigitaldeasturias.com\/noticias\/wp-content\/uploads\/2020\/12\/EDA.jpg","@id":"https:\/\/eldigitaldeasturias.com\/magazine365\/bruselas-saca-a-todas-las-aerolineas-de-filipinas-de-su-lista-negra\/#organizationLogo"},"image":{"@id":"https:\/\/eldigitaldeasturias.com\/magazine365\/bruselas-saca-a-todas-las-aerolineas-de-filipinas-de-su-lista-negra\/#organizationLogo"}},{"@type":"Person","@id":"https:\/\/eldigitaldeasturias.com\/magazine365\/author\/admin\/#author","url":"https:\/\/eldigitaldeasturias.com\/magazine365\/author\/admin\/","name":"admin","image":{"@type":"ImageObject","@id":"https:\/\/eldigitaldeasturias.com\/magazine365\/bruselas-saca-a-todas-las-aerolineas-de-filipinas-de-su-lista-negra\/#authorImage","url":"https:\/\/eldigitaldeasturias.com\/magazine365\/wp-content\/litespeed\/avatar\/e571bcf59a0edd6fa6838245a470f2fe.jpg?ver=1777574230","width":96,"height":96,"caption":"admin"}},{"@type":"WebPage","@id":"https:\/\/eldigitaldeasturias.com\/magazine365\/bruselas-saca-a-todas-las-aerolineas-de-filipinas-de-su-lista-negra\/#webpage","url":"https:\/\/eldigitaldeasturias.com\/magazine365\/bruselas-saca-a-todas-las-aerolineas-de-filipinas-de-su-lista-negra\/","name":"Bruselas saca a todas las aerol\u00edneas de Filipinas de su lista negra | El Digital de Asturias","description":"La Comisi\u00f3n Europea ha decidido este jueves sacar de su lista negra a todas las aerol\u00edneas de Filipinas, prohibidas en la UE desde 2010, un paso que les permitir\u00e1 volver a operar en el espacio a\u00e9reo europeo. \"Tras cinco a\u00f1os de trabajo duro por fin podemos retirar a las aerol\u00edneas certificadas en Filipinas de la","inLanguage":"es-ES","isPartOf":{"@id":"https:\/\/eldigitaldeasturias.com\/magazine365\/#website"},"breadcrumb":{"@id":"https:\/\/eldigitaldeasturias.com\/magazine365\/bruselas-saca-a-todas-las-aerolineas-de-filipinas-de-su-lista-negra\/#breadcrumblist"},"author":{"@id":"https:\/\/eldigitaldeasturias.com\/magazine365\/author\/admin\/#author"},"creator":{"@id":"https:\/\/eldigitaldeasturias.com\/magazine365\/author\/admin\/#author"},"image":{"@type":"ImageObject","url":"https:\/\/eldigitaldeasturias.com\/magazine365\/wp-content\/uploads\/2015\/06\/fotonoticia_20150625175233_800.jpg","@id":"https:\/\/eldigitaldeasturias.com\/magazine365\/bruselas-saca-a-todas-las-aerolineas-de-filipinas-de-su-lista-negra\/#mainImage","width":800,"height":576},"primaryImageOfPage":{"@id":"https:\/\/eldigitaldeasturias.com\/magazine365\/bruselas-saca-a-todas-las-aerolineas-de-filipinas-de-su-lista-negra\/#mainImage"},"datePublished":"2015-06-25T23:11:36+02:00","dateModified":"2015-06-25T23:11:36+02:00"},{"@type":"WebSite","@id":"https:\/\/eldigitaldeasturias.com\/magazine365\/#website","url":"https:\/\/eldigitaldeasturias.com\/magazine365\/","name":"El Digital de Asturias","description":"Revista de ocio, turismo y estilo de vida","inLanguage":"es-ES","publisher":{"@id":"https:\/\/eldigitaldeasturias.com\/magazine365\/#organization"}}]},"og:locale":"es_ES","og:site_name":"El Digital de Asturias \u2013 Revista de ocio, turismo y estilo de vida","og:type":"article","og:title":"Bruselas saca a todas las aerol\u00edneas de Filipinas de su lista negra | El Digital de Asturias","og:description":"La Comisi\u00f3n Europea ha decidido este jueves sacar de su lista negra a todas las aerol\u00edneas de Filipinas, prohibidas en la UE desde 2010, un paso que les permitir\u00e1 volver a operar en el espacio a\u00e9reo europeo. &quot;Tras cinco a\u00f1os de trabajo duro por fin podemos retirar a las aerol\u00edneas certificadas en Filipinas de la","og:url":"https:\/\/eldigitaldeasturias.com\/magazine365\/bruselas-saca-a-todas-las-aerolineas-de-filipinas-de-su-lista-negra\/","og:image":"https:\/\/eldigitaldeasturias.com\/magazine365\/wp-content\/uploads\/2015\/06\/fotonoticia_20150625175233_800.jpg","og:image:secure_url":"https:\/\/eldigitaldeasturias.com\/magazine365\/wp-content\/uploads\/2015\/06\/fotonoticia_20150625175233_800.jpg","og:image:width":800,"og:image:height":576,"article:published_time":"2015-06-25T21:41:36+00:00","article:modified_time":"2015-06-25T21:41:36+00:00","twitter:card":"summary_large_image","twitter:title":"Bruselas saca a todas las aerol\u00edneas de Filipinas de su lista negra | El Digital de Asturias","twitter:description":"La Comisi\u00f3n Europea ha decidido este jueves sacar de su lista negra a todas las aerol\u00edneas de Filipinas, prohibidas en la UE desde 2010, un paso que les permitir\u00e1 volver a operar en el espacio a\u00e9reo europeo. &quot;Tras cinco a\u00f1os de trabajo duro por fin podemos retirar a las aerol\u00edneas certificadas en Filipinas de la","twitter:image":"https:\/\/eldigitaldeasturias.com\/magazine365\/wp-content\/uploads\/2015\/06\/fotonoticia_20150625175233_800.jpg"},"aioseo_meta_data":{"post_id":"41059","title":null,"description":null,"keywords":null,"keyphrases":null,"primary_term":null,"canonical_url":null,"og_title":null,"og_description":null,"og_object_type":"default","og_image_type":"default","og_image_url":null,"og_image_width":null,"og_image_height":null,"og_image_custom_url":null,"og_image_custom_fields":null,"og_video":null,"og_custom_url":null,"og_article_section":null,"og_article_tags":null,"twitter_use_og":false,"twitter_card":"default","twitter_image_type":"default","twitter_image_url":null,"twitter_image_custom_url":null,"twitter_image_custom_fields":null,"twitter_title":null,"twitter_description":null,"schema":{"blockGraphs":[],"customGraphs":[],"default":{"data":{"Article":[],"Course":[],"Dataset":[],"FAQPage":[],"Movie":[],"Person":[],"Product":[],"ProductReview":[],"Car":[],"Recipe":[],"Service":[],"SoftwareApplication":[],"WebPage":[]},"graphName":"","isEnabled":true},"graphs":[],"defaultGraph":"","defaultPostTypeGraph":""},"schema_type":null,"schema_type_options":null,"pillar_content":false,"robots_default":true,"robots_noindex":false,"robots_noarchive":false,"robots_nosnippet":false,"robots_nofollow":false,"robots_noimageindex":false,"robots_noodp":false,"robots_notranslate":false,"robots_max_snippet":null,"robots_max_videopreview":null,"robots_max_imagepreview":"large","priority":null,"frequency":null,"location":null,"local_seo":null,"seo_analyzer_scan_date":"2025-09-19 14:54:54","breadcrumb_settings":null,"limit_modified_date":false,"open_ai":null,"ai":null,"created":"2021-03-09 02:20:43","updated":"2025-09-19 14:54:54"},"aioseo_breadcrumb":"<div class=\"aioseo-breadcrumbs\"><span class=\"aioseo-breadcrumb\">\n\t<a href=\"https:\/\/eldigitaldeasturias.com\/magazine365\" title=\"Home\">Home<\/a>\n<\/span><span class=\"aioseo-breadcrumb-separator\">\u2013<\/span><span class=\"aioseo-breadcrumb\">\n\t<a href=\"https:\/\/eldigitaldeasturias.com\/magazine365\/category\/actualidad-turismo\/\" title=\"Actualidad Turismo\">Actualidad Turismo<\/a>\n<\/span><span class=\"aioseo-breadcrumb-separator\">\u2013<\/span><span class=\"aioseo-breadcrumb\">\n\t<a href=\"https:\/\/eldigitaldeasturias.com\/magazine365\/bruselas-saca-a-todas-las-aerolineas-de-filipinas-de-su-lista-negra\/\" title=\"Bruselas saca a todas las aerol\u00edneas de Filipinas de su lista negra\">Bruselas saca a todas las aerol\u00edneas de Filipinas de su lista negra<\/a>\n<\/span><\/div>","aioseo_breadcrumb_json":[{"label":"Home","link":"https:\/\/eldigitaldeasturias.com\/magazine365"},{"label":"Actualidad Turismo","link":"https:\/\/eldigitaldeasturias.com\/magazine365\/category\/actualidad-turismo\/"},{"label":"Bruselas saca a todas las aerol\u00edneas de Filipinas de su lista negra","link":"https:\/\/eldigitaldeasturias.com\/magazine365\/bruselas-saca-a-todas-las-aerolineas-de-filipinas-de-su-lista-negra\/"}],"_links":{"self":[{"href":"https:\/\/eldigitaldeasturias.com\/magazine365\/wp-json\/wp\/v2\/posts\/41059","targetHints":{"allow":["GET"]}}],"collection":[{"href":"https:\/\/eldigitaldeasturias.com\/magazine365\/wp-json\/wp\/v2\/posts"}],"about":[{"href":"https:\/\/eldigitaldeasturias.com\/magazine365\/wp-json\/wp\/v2\/types\/post"}],"author":[{"embeddable":true,"href":"https:\/\/eldigitaldeasturias.com\/magazine365\/wp-json\/wp\/v2\/users\/1"}],"replies":[{"embeddable":true,"href":"https:\/\/eldigitaldeasturias.com\/magazine365\/wp-json\/wp\/v2\/comments?post=41059"}],"version-history":[{"count":0,"href":"https:\/\/eldigitaldeasturias.com\/magazine365\/wp-json\/wp\/v2\/posts\/41059\/revisions"}],"wp:featuredmedia":[{"embeddable":true,"href":"https:\/\/eldigitaldeasturias.com\/magazine365\/wp-json\/wp\/v2\/media\/41060"}],"wp:attachment":[{"href":"https:\/\/eldigitaldeasturias.com\/magazine365\/wp-json\/wp\/v2\/media?parent=41059"}],"wp:term":[{"taxonomy":"category","embeddable":true,"href":"https:\/\/eldigitaldeasturias.com\/magazine365\/wp-json\/wp\/v2\/categories?post=41059"},{"taxonomy":"post_tag","embeddable":true,"href":"https:\/\/eldigitaldeasturias.com\/magazine365\/wp-json\/wp\/v2\/tags?post=41059"}],"curies":[{"name":"wp","href":"https:\/\/api.w.org\/{rel}","templated":true}]}}