{"id":41056,"date":"2015-06-25T23:10:32","date_gmt":"2015-06-25T21:40:32","guid":{"rendered":"http:\/\/eldigitaldeasturias.com\/magazine365\/?p=41056"},"modified":"2015-06-25T23:10:32","modified_gmt":"2015-06-25T21:40:32","slug":"malaga-presente-en-una-accion-promocional-en-rotterdam-para-captar-congresos-internacionales","status":"publish","type":"post","link":"https:\/\/eldigitaldeasturias.com\/magazine365\/malaga-presente-en-una-accion-promocional-en-rotterdam-para-captar-congresos-internacionales\/","title":{"rendered":"M\u00e1laga, presente en una acci\u00f3n promocional en Rotterdam para captar congresos internacionales"},"content":{"rendered":"<p><img fetchpriority=\"high\" decoding=\"async\" class=\"alignleft size-medium wp-image-41057\" src=\"https:\/\/eldigitaldeasturias.com\/magazine365\/wp-content\/uploads\/2015\/06\/fotonoticia_20150625174924_800-276x300.jpg\" alt=\"fotonoticia_20150625174924_800\" width=\"276\" height=\"300\" srcset=\"https:\/\/eldigitaldeasturias.com\/magazine365\/wp-content\/uploads\/2015\/06\/fotonoticia_20150625174924_800-276x300.jpg 276w, https:\/\/eldigitaldeasturias.com\/magazine365\/wp-content\/uploads\/2015\/06\/fotonoticia_20150625174924_800-590x640.jpg 590w, https:\/\/eldigitaldeasturias.com\/magazine365\/wp-content\/uploads\/2015\/06\/fotonoticia_20150625174924_800-768x833.jpg 768w, https:\/\/eldigitaldeasturias.com\/magazine365\/wp-content\/uploads\/2015\/06\/fotonoticia_20150625174924_800-150x163.jpg 150w, https:\/\/eldigitaldeasturias.com\/magazine365\/wp-content\/uploads\/2015\/06\/fotonoticia_20150625174924_800-450x488.jpg 450w, https:\/\/eldigitaldeasturias.com\/magazine365\/wp-content\/uploads\/2015\/06\/fotonoticia_20150625174924_800-696x755.jpg 696w, https:\/\/eldigitaldeasturias.com\/magazine365\/wp-content\/uploads\/2015\/06\/fotonoticia_20150625174924_800-387x420.jpg 387w, https:\/\/eldigitaldeasturias.com\/magazine365\/wp-content\/uploads\/2015\/06\/fotonoticia_20150625174924_800.jpg 800w\" sizes=\"(max-width: 276px) 100vw, 276px\" \/>M\u00e1laga Convention Bureau, el organismo del \u00c1rea de Turismo y Promoci\u00f3n de la Ciudad para el fomento del segmento de congresos, participa por primera vez desde este jueves y hasta el s\u00e1bado en una acci\u00f3n promocional que se celebra en Rotterdam (Pa\u00edses Bajos).<\/p>\n<p>Este evento profesional es el \u00fanico que ofrece a las asociaciones (clientes) la oportunidad de conocer y contactar con los representantes de los diferentes organismos de promoci\u00f3n del segmento (proveedores) a trav\u00e9s del intercambio, con el fin de establecer un contacto inicial con el equipo comercial y conocer los diferentes destinos para la celebraci\u00f3n de congresos, convenciones, encuentros o reuniones profesionales.<\/p>\n<p>Este tipo de encuentros, seg\u00fan han indicado desde el Ayuntamiento en un comunicado, permite un intercambio de contactos, ya que los t\u00e9cnicos de promoci\u00f3n de M\u00e1laga Convention Bureau acuden a la cita con un cliente que ya ha organizado un evento en la ciudad y, al mismo tiempo, tienen la oportunidad de conocer a otros 13 que han sido clientes de otros destinos. En esta ocasi\u00f3n, M\u00e1laga ir\u00e1 de la mano de la Federaci\u00f3n Europea de Periodoncia, que el a\u00f1o pasado celebr\u00f3 su congreso en la ciudad.<\/p>\n<p>El \u00c1rea de Turismo del Ayuntamiento de M\u00e1laga concede una gran importancia a esta acci\u00f3n promocional, ya que la participaci\u00f3n en los talleres de ICCA tiene un enorme prestigio entre los actores que participan en el segmento de congresos. De hecho, M\u00e1laga Convention Bureau est\u00e1 realizando \u00abun gran esfuerzo para consolidar su posici\u00f3n entre los grandes destinos de ICCA\u00bb.<\/p>\n<p>Adem\u00e1s de en las jornadas comerciales, M\u00e1laga Convention Bureau participar\u00e1 tambi\u00e9n en los diferentes seminarios y cursos incluidos en el programa con el fin de conocer en profundidad a las asociaciones que acuden a este taller.<\/p>\n<p>ICCA fue fundada en 1963 por un grupo de agentes de viajes cuyo objetivo principal era evaluar formas pr\u00e1cticas de involucrar a la industria tur\u00edstica en el creciente mercado de reuniones. Con sede en \u00c1msterdam, representa a los m\u00e1s importantes profesionales del mercado de congresos y reuniones con m\u00e1s de 850 empresas miembros, y est\u00e1 presente en m\u00e1s de 85 pa\u00edses del mundo.<\/p>\n<p>La elecci\u00f3n de la ciudad de Rotterdam para acoger estas jornadas ha venido muy bien al \u00c1rea de Turismo del Ayuntamiento de M\u00e1laga, ya que el plan de direcci\u00f3n tiene puestas sus miras este a\u00f1o en los Pa\u00edses Bajos como mercado en el que el segmento de congresos, convenciones e incentivos tiene a\u00fan una gran capacidad de crecimiento. De hecho, en los \u00faltimos meses M\u00e1laga ha desarrollado en este pa\u00eds un gran n\u00famero de acciones promocionales<\/p>\n","protected":false},"excerpt":{"rendered":"<p>M\u00e1laga Convention Bureau, el organismo del \u00c1rea de Turismo y Promoci\u00f3n de la Ciudad para el fomento del segmento de congresos, participa por primera vez desde este jueves y hasta el s\u00e1bado en una acci\u00f3n promocional que se celebra en Rotterdam (Pa\u00edses Bajos). Este evento profesional es el \u00fanico que ofrece a las asociaciones (clientes)<\/p>\n","protected":false},"author":1,"featured_media":41057,"comment_status":"open","ping_status":"closed","sticky":false,"template":"","format":"standard","meta":{"footnotes":""},"categories":[222],"tags":[],"class_list":{"0":"post-41056","1":"post","2":"type-post","3":"status-publish","4":"format-standard","5":"has-post-thumbnail","7":"category-actualidad-turismo"},"aioseo_notices":[],"aioseo_head":"\n\t\t<!-- All in One SEO Pro 4.9.6.1 - aioseo.com -->\n\t<meta name=\"description\" content=\"M\u00e1laga Convention Bureau, el organismo del \u00c1rea de Turismo y Promoci\u00f3n de la Ciudad para el fomento del segmento de congresos, participa por primera vez desde este jueves y hasta el s\u00e1bado en una acci\u00f3n promocional que se celebra en Rotterdam (Pa\u00edses Bajos). Este evento profesional es el \u00fanico que ofrece a las asociaciones (clientes)\" \/>\n\t<meta name=\"robots\" content=\"max-image-preview:large\" \/>\n\t<meta name=\"author\" content=\"admin\"\/>\n\t<meta name=\"google-site-verification\" content=\"UA-38556648-1\" \/>\n\t<meta name=\"keywords\" content=\"actualidad turismo\" \/>\n\t<link rel=\"canonical\" href=\"https:\/\/eldigitaldeasturias.com\/magazine365\/malaga-presente-en-una-accion-promocional-en-rotterdam-para-captar-congresos-internacionales\/\" \/>\n\t<meta name=\"generator\" content=\"All in One SEO Pro (AIOSEO) 4.9.6.1\" \/>\n\t\t<meta property=\"og:locale\" content=\"es_ES\" \/>\n\t\t<meta property=\"og:site_name\" content=\"El Digital de Asturias \u2013 Revista de ocio, turismo y estilo de vida\" \/>\n\t\t<meta property=\"og:type\" content=\"article\" \/>\n\t\t<meta property=\"og:title\" content=\"M\u00e1laga, presente en una acci\u00f3n promocional en Rotterdam para captar congresos internacionales | El Digital de Asturias\" \/>\n\t\t<meta property=\"og:description\" content=\"M\u00e1laga Convention Bureau, el organismo del \u00c1rea de Turismo y Promoci\u00f3n de la Ciudad para el fomento del segmento de congresos, participa por primera vez desde este jueves y hasta el s\u00e1bado en una acci\u00f3n promocional que se celebra en Rotterdam (Pa\u00edses Bajos). Este evento profesional es el \u00fanico que ofrece a las asociaciones (clientes)\" \/>\n\t\t<meta property=\"og:url\" content=\"https:\/\/eldigitaldeasturias.com\/magazine365\/malaga-presente-en-una-accion-promocional-en-rotterdam-para-captar-congresos-internacionales\/\" \/>\n\t\t<meta property=\"og:image\" content=\"https:\/\/eldigitaldeasturias.com\/magazine365\/wp-content\/uploads\/2015\/06\/fotonoticia_20150625174924_800.jpg\" \/>\n\t\t<meta property=\"og:image:secure_url\" content=\"https:\/\/eldigitaldeasturias.com\/magazine365\/wp-content\/uploads\/2015\/06\/fotonoticia_20150625174924_800.jpg\" \/>\n\t\t<meta property=\"og:image:width\" content=\"800\" \/>\n\t\t<meta property=\"og:image:height\" content=\"868\" \/>\n\t\t<meta property=\"article:published_time\" content=\"2015-06-25T21:40:32+00:00\" \/>\n\t\t<meta property=\"article:modified_time\" content=\"2015-06-25T21:40:32+00:00\" \/>\n\t\t<meta name=\"twitter:card\" content=\"summary_large_image\" \/>\n\t\t<meta name=\"twitter:title\" content=\"M\u00e1laga, presente en una acci\u00f3n promocional en Rotterdam para captar congresos internacionales | El Digital de Asturias\" \/>\n\t\t<meta name=\"twitter:description\" content=\"M\u00e1laga Convention Bureau, el organismo del \u00c1rea de Turismo y Promoci\u00f3n de la Ciudad para el fomento del segmento de congresos, participa por primera vez desde este jueves y hasta el s\u00e1bado en una acci\u00f3n promocional que se celebra en Rotterdam (Pa\u00edses Bajos). Este evento profesional es el \u00fanico que ofrece a las asociaciones (clientes)\" \/>\n\t\t<meta name=\"twitter:image\" content=\"https:\/\/eldigitaldeasturias.com\/magazine365\/wp-content\/uploads\/2015\/06\/fotonoticia_20150625174924_800.jpg\" \/>\n\t\t<script type=\"application\/ld+json\" class=\"aioseo-schema\">\n\t\t\t{\"@context\":\"https:\\\/\\\/schema.org\",\"@graph\":[{\"@type\":\"Article\",\"@id\":\"https:\\\/\\\/eldigitaldeasturias.com\\\/magazine365\\\/malaga-presente-en-una-accion-promocional-en-rotterdam-para-captar-congresos-internacionales\\\/#article\",\"name\":\"M\\u00e1laga, presente en una acci\\u00f3n promocional en Rotterdam para captar congresos internacionales | El Digital de Asturias\",\"headline\":\"M\\u00e1laga, presente en una acci\\u00f3n promocional en Rotterdam para captar congresos internacionales\",\"author\":{\"@id\":\"https:\\\/\\\/eldigitaldeasturias.com\\\/magazine365\\\/author\\\/admin\\\/#author\"},\"publisher\":{\"@id\":\"https:\\\/\\\/eldigitaldeasturias.com\\\/magazine365\\\/#organization\"},\"image\":{\"@type\":\"ImageObject\",\"url\":\"https:\\\/\\\/eldigitaldeasturias.com\\\/magazine365\\\/wp-content\\\/uploads\\\/2015\\\/06\\\/fotonoticia_20150625174924_800.jpg\",\"width\":800,\"height\":868},\"datePublished\":\"2015-06-25T23:10:32+02:00\",\"dateModified\":\"2015-06-25T23:10:32+02:00\",\"inLanguage\":\"es-ES\",\"mainEntityOfPage\":{\"@id\":\"https:\\\/\\\/eldigitaldeasturias.com\\\/magazine365\\\/malaga-presente-en-una-accion-promocional-en-rotterdam-para-captar-congresos-internacionales\\\/#webpage\"},\"isPartOf\":{\"@id\":\"https:\\\/\\\/eldigitaldeasturias.com\\\/magazine365\\\/malaga-presente-en-una-accion-promocional-en-rotterdam-para-captar-congresos-internacionales\\\/#webpage\"},\"articleSection\":\"Actualidad Turismo\"},{\"@type\":\"BreadcrumbList\",\"@id\":\"https:\\\/\\\/eldigitaldeasturias.com\\\/magazine365\\\/malaga-presente-en-una-accion-promocional-en-rotterdam-para-captar-congresos-internacionales\\\/#breadcrumblist\",\"itemListElement\":[{\"@type\":\"ListItem\",\"@id\":\"https:\\\/\\\/eldigitaldeasturias.com\\\/magazine365#listItem\",\"position\":1,\"name\":\"Home\",\"item\":\"https:\\\/\\\/eldigitaldeasturias.com\\\/magazine365\",\"nextItem\":{\"@type\":\"ListItem\",\"@id\":\"https:\\\/\\\/eldigitaldeasturias.com\\\/magazine365\\\/category\\\/actualidad-turismo\\\/#listItem\",\"name\":\"Actualidad Turismo\"}},{\"@type\":\"ListItem\",\"@id\":\"https:\\\/\\\/eldigitaldeasturias.com\\\/magazine365\\\/category\\\/actualidad-turismo\\\/#listItem\",\"position\":2,\"name\":\"Actualidad Turismo\",\"item\":\"https:\\\/\\\/eldigitaldeasturias.com\\\/magazine365\\\/category\\\/actualidad-turismo\\\/\",\"nextItem\":{\"@type\":\"ListItem\",\"@id\":\"https:\\\/\\\/eldigitaldeasturias.com\\\/magazine365\\\/malaga-presente-en-una-accion-promocional-en-rotterdam-para-captar-congresos-internacionales\\\/#listItem\",\"name\":\"M\\u00e1laga, presente en una acci\\u00f3n promocional en Rotterdam para captar congresos internacionales\"},\"previousItem\":{\"@type\":\"ListItem\",\"@id\":\"https:\\\/\\\/eldigitaldeasturias.com\\\/magazine365#listItem\",\"name\":\"Home\"}},{\"@type\":\"ListItem\",\"@id\":\"https:\\\/\\\/eldigitaldeasturias.com\\\/magazine365\\\/malaga-presente-en-una-accion-promocional-en-rotterdam-para-captar-congresos-internacionales\\\/#listItem\",\"position\":3,\"name\":\"M\\u00e1laga, presente en una acci\\u00f3n promocional en Rotterdam para captar congresos internacionales\",\"previousItem\":{\"@type\":\"ListItem\",\"@id\":\"https:\\\/\\\/eldigitaldeasturias.com\\\/magazine365\\\/category\\\/actualidad-turismo\\\/#listItem\",\"name\":\"Actualidad Turismo\"}}]},{\"@type\":\"Organization\",\"@id\":\"https:\\\/\\\/eldigitaldeasturias.com\\\/magazine365\\\/#organization\",\"name\":\"El digital de Asturias\",\"description\":\"Revista de ocio, turismo y estilo de vida\",\"url\":\"https:\\\/\\\/eldigitaldeasturias.com\\\/magazine365\\\/\",\"logo\":{\"@type\":\"ImageObject\",\"url\":\"https:\\\/\\\/www.eldigitaldeasturias.com\\\/noticias\\\/wp-content\\\/uploads\\\/2020\\\/12\\\/EDA.jpg\",\"@id\":\"https:\\\/\\\/eldigitaldeasturias.com\\\/magazine365\\\/malaga-presente-en-una-accion-promocional-en-rotterdam-para-captar-congresos-internacionales\\\/#organizationLogo\"},\"image\":{\"@id\":\"https:\\\/\\\/eldigitaldeasturias.com\\\/magazine365\\\/malaga-presente-en-una-accion-promocional-en-rotterdam-para-captar-congresos-internacionales\\\/#organizationLogo\"}},{\"@type\":\"Person\",\"@id\":\"https:\\\/\\\/eldigitaldeasturias.com\\\/magazine365\\\/author\\\/admin\\\/#author\",\"url\":\"https:\\\/\\\/eldigitaldeasturias.com\\\/magazine365\\\/author\\\/admin\\\/\",\"name\":\"admin\",\"image\":{\"@type\":\"ImageObject\",\"@id\":\"https:\\\/\\\/eldigitaldeasturias.com\\\/magazine365\\\/malaga-presente-en-una-accion-promocional-en-rotterdam-para-captar-congresos-internacionales\\\/#authorImage\",\"url\":\"https:\\\/\\\/eldigitaldeasturias.com\\\/magazine365\\\/wp-content\\\/litespeed\\\/avatar\\\/e571bcf59a0edd6fa6838245a470f2fe.jpg?ver=1777574230\",\"width\":96,\"height\":96,\"caption\":\"admin\"}},{\"@type\":\"WebPage\",\"@id\":\"https:\\\/\\\/eldigitaldeasturias.com\\\/magazine365\\\/malaga-presente-en-una-accion-promocional-en-rotterdam-para-captar-congresos-internacionales\\\/#webpage\",\"url\":\"https:\\\/\\\/eldigitaldeasturias.com\\\/magazine365\\\/malaga-presente-en-una-accion-promocional-en-rotterdam-para-captar-congresos-internacionales\\\/\",\"name\":\"M\\u00e1laga, presente en una acci\\u00f3n promocional en Rotterdam para captar congresos internacionales | El Digital de Asturias\",\"description\":\"M\\u00e1laga Convention Bureau, el organismo del \\u00c1rea de Turismo y Promoci\\u00f3n de la Ciudad para el fomento del segmento de congresos, participa por primera vez desde este jueves y hasta el s\\u00e1bado en una acci\\u00f3n promocional que se celebra en Rotterdam (Pa\\u00edses Bajos). Este evento profesional es el \\u00fanico que ofrece a las asociaciones (clientes)\",\"inLanguage\":\"es-ES\",\"isPartOf\":{\"@id\":\"https:\\\/\\\/eldigitaldeasturias.com\\\/magazine365\\\/#website\"},\"breadcrumb\":{\"@id\":\"https:\\\/\\\/eldigitaldeasturias.com\\\/magazine365\\\/malaga-presente-en-una-accion-promocional-en-rotterdam-para-captar-congresos-internacionales\\\/#breadcrumblist\"},\"author\":{\"@id\":\"https:\\\/\\\/eldigitaldeasturias.com\\\/magazine365\\\/author\\\/admin\\\/#author\"},\"creator\":{\"@id\":\"https:\\\/\\\/eldigitaldeasturias.com\\\/magazine365\\\/author\\\/admin\\\/#author\"},\"image\":{\"@type\":\"ImageObject\",\"url\":\"https:\\\/\\\/eldigitaldeasturias.com\\\/magazine365\\\/wp-content\\\/uploads\\\/2015\\\/06\\\/fotonoticia_20150625174924_800.jpg\",\"@id\":\"https:\\\/\\\/eldigitaldeasturias.com\\\/magazine365\\\/malaga-presente-en-una-accion-promocional-en-rotterdam-para-captar-congresos-internacionales\\\/#mainImage\",\"width\":800,\"height\":868},\"primaryImageOfPage\":{\"@id\":\"https:\\\/\\\/eldigitaldeasturias.com\\\/magazine365\\\/malaga-presente-en-una-accion-promocional-en-rotterdam-para-captar-congresos-internacionales\\\/#mainImage\"},\"datePublished\":\"2015-06-25T23:10:32+02:00\",\"dateModified\":\"2015-06-25T23:10:32+02:00\"},{\"@type\":\"WebSite\",\"@id\":\"https:\\\/\\\/eldigitaldeasturias.com\\\/magazine365\\\/#website\",\"url\":\"https:\\\/\\\/eldigitaldeasturias.com\\\/magazine365\\\/\",\"name\":\"El Digital de Asturias\",\"description\":\"Revista de ocio, turismo y estilo de vida\",\"inLanguage\":\"es-ES\",\"publisher\":{\"@id\":\"https:\\\/\\\/eldigitaldeasturias.com\\\/magazine365\\\/#organization\"}}]}\n\t\t<\/script>\n\t\t<!-- All in One SEO Pro -->\r\n\t\t<title>M\u00e1laga, presente en una acci\u00f3n promocional en Rotterdam para captar congresos internacionales | El Digital de Asturias<\/title>\n\n","aioseo_head_json":{"title":"M\u00e1laga, presente en una acci\u00f3n promocional en Rotterdam para captar congresos internacionales | El Digital de Asturias","description":"M\u00e1laga Convention Bureau, el organismo del \u00c1rea de Turismo y Promoci\u00f3n de la Ciudad para el fomento del segmento de congresos, participa por primera vez desde este jueves y hasta el s\u00e1bado en una acci\u00f3n promocional que se celebra en Rotterdam (Pa\u00edses Bajos). Este evento profesional es el \u00fanico que ofrece a las asociaciones (clientes)","canonical_url":"https:\/\/eldigitaldeasturias.com\/magazine365\/malaga-presente-en-una-accion-promocional-en-rotterdam-para-captar-congresos-internacionales\/","robots":"max-image-preview:large","keywords":"actualidad turismo","webmasterTools":{"google-site-verification":"UA-38556648-1","miscellaneous":""},"schema":{"@context":"https:\/\/schema.org","@graph":[{"@type":"Article","@id":"https:\/\/eldigitaldeasturias.com\/magazine365\/malaga-presente-en-una-accion-promocional-en-rotterdam-para-captar-congresos-internacionales\/#article","name":"M\u00e1laga, presente en una acci\u00f3n promocional en Rotterdam para captar congresos internacionales | El Digital de Asturias","headline":"M\u00e1laga, presente en una acci\u00f3n promocional en Rotterdam para captar congresos internacionales","author":{"@id":"https:\/\/eldigitaldeasturias.com\/magazine365\/author\/admin\/#author"},"publisher":{"@id":"https:\/\/eldigitaldeasturias.com\/magazine365\/#organization"},"image":{"@type":"ImageObject","url":"https:\/\/eldigitaldeasturias.com\/magazine365\/wp-content\/uploads\/2015\/06\/fotonoticia_20150625174924_800.jpg","width":800,"height":868},"datePublished":"2015-06-25T23:10:32+02:00","dateModified":"2015-06-25T23:10:32+02:00","inLanguage":"es-ES","mainEntityOfPage":{"@id":"https:\/\/eldigitaldeasturias.com\/magazine365\/malaga-presente-en-una-accion-promocional-en-rotterdam-para-captar-congresos-internacionales\/#webpage"},"isPartOf":{"@id":"https:\/\/eldigitaldeasturias.com\/magazine365\/malaga-presente-en-una-accion-promocional-en-rotterdam-para-captar-congresos-internacionales\/#webpage"},"articleSection":"Actualidad Turismo"},{"@type":"BreadcrumbList","@id":"https:\/\/eldigitaldeasturias.com\/magazine365\/malaga-presente-en-una-accion-promocional-en-rotterdam-para-captar-congresos-internacionales\/#breadcrumblist","itemListElement":[{"@type":"ListItem","@id":"https:\/\/eldigitaldeasturias.com\/magazine365#listItem","position":1,"name":"Home","item":"https:\/\/eldigitaldeasturias.com\/magazine365","nextItem":{"@type":"ListItem","@id":"https:\/\/eldigitaldeasturias.com\/magazine365\/category\/actualidad-turismo\/#listItem","name":"Actualidad Turismo"}},{"@type":"ListItem","@id":"https:\/\/eldigitaldeasturias.com\/magazine365\/category\/actualidad-turismo\/#listItem","position":2,"name":"Actualidad Turismo","item":"https:\/\/eldigitaldeasturias.com\/magazine365\/category\/actualidad-turismo\/","nextItem":{"@type":"ListItem","@id":"https:\/\/eldigitaldeasturias.com\/magazine365\/malaga-presente-en-una-accion-promocional-en-rotterdam-para-captar-congresos-internacionales\/#listItem","name":"M\u00e1laga, presente en una acci\u00f3n promocional en Rotterdam para captar congresos internacionales"},"previousItem":{"@type":"ListItem","@id":"https:\/\/eldigitaldeasturias.com\/magazine365#listItem","name":"Home"}},{"@type":"ListItem","@id":"https:\/\/eldigitaldeasturias.com\/magazine365\/malaga-presente-en-una-accion-promocional-en-rotterdam-para-captar-congresos-internacionales\/#listItem","position":3,"name":"M\u00e1laga, presente en una acci\u00f3n promocional en Rotterdam para captar congresos internacionales","previousItem":{"@type":"ListItem","@id":"https:\/\/eldigitaldeasturias.com\/magazine365\/category\/actualidad-turismo\/#listItem","name":"Actualidad Turismo"}}]},{"@type":"Organization","@id":"https:\/\/eldigitaldeasturias.com\/magazine365\/#organization","name":"El digital de Asturias","description":"Revista de ocio, turismo y estilo de vida","url":"https:\/\/eldigitaldeasturias.com\/magazine365\/","logo":{"@type":"ImageObject","url":"https:\/\/www.eldigitaldeasturias.com\/noticias\/wp-content\/uploads\/2020\/12\/EDA.jpg","@id":"https:\/\/eldigitaldeasturias.com\/magazine365\/malaga-presente-en-una-accion-promocional-en-rotterdam-para-captar-congresos-internacionales\/#organizationLogo"},"image":{"@id":"https:\/\/eldigitaldeasturias.com\/magazine365\/malaga-presente-en-una-accion-promocional-en-rotterdam-para-captar-congresos-internacionales\/#organizationLogo"}},{"@type":"Person","@id":"https:\/\/eldigitaldeasturias.com\/magazine365\/author\/admin\/#author","url":"https:\/\/eldigitaldeasturias.com\/magazine365\/author\/admin\/","name":"admin","image":{"@type":"ImageObject","@id":"https:\/\/eldigitaldeasturias.com\/magazine365\/malaga-presente-en-una-accion-promocional-en-rotterdam-para-captar-congresos-internacionales\/#authorImage","url":"https:\/\/eldigitaldeasturias.com\/magazine365\/wp-content\/litespeed\/avatar\/e571bcf59a0edd6fa6838245a470f2fe.jpg?ver=1777574230","width":96,"height":96,"caption":"admin"}},{"@type":"WebPage","@id":"https:\/\/eldigitaldeasturias.com\/magazine365\/malaga-presente-en-una-accion-promocional-en-rotterdam-para-captar-congresos-internacionales\/#webpage","url":"https:\/\/eldigitaldeasturias.com\/magazine365\/malaga-presente-en-una-accion-promocional-en-rotterdam-para-captar-congresos-internacionales\/","name":"M\u00e1laga, presente en una acci\u00f3n promocional en Rotterdam para captar congresos internacionales | El Digital de Asturias","description":"M\u00e1laga Convention Bureau, el organismo del \u00c1rea de Turismo y Promoci\u00f3n de la Ciudad para el fomento del segmento de congresos, participa por primera vez desde este jueves y hasta el s\u00e1bado en una acci\u00f3n promocional que se celebra en Rotterdam (Pa\u00edses Bajos). Este evento profesional es el \u00fanico que ofrece a las asociaciones (clientes)","inLanguage":"es-ES","isPartOf":{"@id":"https:\/\/eldigitaldeasturias.com\/magazine365\/#website"},"breadcrumb":{"@id":"https:\/\/eldigitaldeasturias.com\/magazine365\/malaga-presente-en-una-accion-promocional-en-rotterdam-para-captar-congresos-internacionales\/#breadcrumblist"},"author":{"@id":"https:\/\/eldigitaldeasturias.com\/magazine365\/author\/admin\/#author"},"creator":{"@id":"https:\/\/eldigitaldeasturias.com\/magazine365\/author\/admin\/#author"},"image":{"@type":"ImageObject","url":"https:\/\/eldigitaldeasturias.com\/magazine365\/wp-content\/uploads\/2015\/06\/fotonoticia_20150625174924_800.jpg","@id":"https:\/\/eldigitaldeasturias.com\/magazine365\/malaga-presente-en-una-accion-promocional-en-rotterdam-para-captar-congresos-internacionales\/#mainImage","width":800,"height":868},"primaryImageOfPage":{"@id":"https:\/\/eldigitaldeasturias.com\/magazine365\/malaga-presente-en-una-accion-promocional-en-rotterdam-para-captar-congresos-internacionales\/#mainImage"},"datePublished":"2015-06-25T23:10:32+02:00","dateModified":"2015-06-25T23:10:32+02:00"},{"@type":"WebSite","@id":"https:\/\/eldigitaldeasturias.com\/magazine365\/#website","url":"https:\/\/eldigitaldeasturias.com\/magazine365\/","name":"El Digital de Asturias","description":"Revista de ocio, turismo y estilo de vida","inLanguage":"es-ES","publisher":{"@id":"https:\/\/eldigitaldeasturias.com\/magazine365\/#organization"}}]},"og:locale":"es_ES","og:site_name":"El Digital de Asturias \u2013 Revista de ocio, turismo y estilo de vida","og:type":"article","og:title":"M\u00e1laga, presente en una acci\u00f3n promocional en Rotterdam para captar congresos internacionales | El Digital de Asturias","og:description":"M\u00e1laga Convention Bureau, el organismo del \u00c1rea de Turismo y Promoci\u00f3n de la Ciudad para el fomento del segmento de congresos, participa por primera vez desde este jueves y hasta el s\u00e1bado en una acci\u00f3n promocional que se celebra en Rotterdam (Pa\u00edses Bajos). Este evento profesional es el \u00fanico que ofrece a las asociaciones (clientes)","og:url":"https:\/\/eldigitaldeasturias.com\/magazine365\/malaga-presente-en-una-accion-promocional-en-rotterdam-para-captar-congresos-internacionales\/","og:image":"https:\/\/eldigitaldeasturias.com\/magazine365\/wp-content\/uploads\/2015\/06\/fotonoticia_20150625174924_800.jpg","og:image:secure_url":"https:\/\/eldigitaldeasturias.com\/magazine365\/wp-content\/uploads\/2015\/06\/fotonoticia_20150625174924_800.jpg","og:image:width":800,"og:image:height":868,"article:published_time":"2015-06-25T21:40:32+00:00","article:modified_time":"2015-06-25T21:40:32+00:00","twitter:card":"summary_large_image","twitter:title":"M\u00e1laga, presente en una acci\u00f3n promocional en Rotterdam para captar congresos internacionales | El Digital de Asturias","twitter:description":"M\u00e1laga Convention Bureau, el organismo del \u00c1rea de Turismo y Promoci\u00f3n de la Ciudad para el fomento del segmento de congresos, participa por primera vez desde este jueves y hasta el s\u00e1bado en una acci\u00f3n promocional que se celebra en Rotterdam (Pa\u00edses Bajos). Este evento profesional es el \u00fanico que ofrece a las asociaciones (clientes)","twitter:image":"https:\/\/eldigitaldeasturias.com\/magazine365\/wp-content\/uploads\/2015\/06\/fotonoticia_20150625174924_800.jpg"},"aioseo_meta_data":{"post_id":"41056","title":null,"description":null,"keywords":null,"keyphrases":null,"primary_term":null,"canonical_url":null,"og_title":null,"og_description":null,"og_object_type":"default","og_image_type":"default","og_image_url":null,"og_image_width":null,"og_image_height":null,"og_image_custom_url":null,"og_image_custom_fields":null,"og_video":null,"og_custom_url":null,"og_article_section":null,"og_article_tags":null,"twitter_use_og":false,"twitter_card":"default","twitter_image_type":"default","twitter_image_url":null,"twitter_image_custom_url":null,"twitter_image_custom_fields":null,"twitter_title":null,"twitter_description":null,"schema":{"blockGraphs":[],"customGraphs":[],"default":{"data":{"Article":[],"Course":[],"Dataset":[],"FAQPage":[],"Movie":[],"Person":[],"Product":[],"ProductReview":[],"Car":[],"Recipe":[],"Service":[],"SoftwareApplication":[],"WebPage":[]},"graphName":"","isEnabled":true},"graphs":[],"defaultGraph":"","defaultPostTypeGraph":""},"schema_type":null,"schema_type_options":null,"pillar_content":false,"robots_default":true,"robots_noindex":false,"robots_noarchive":false,"robots_nosnippet":false,"robots_nofollow":false,"robots_noimageindex":false,"robots_noodp":false,"robots_notranslate":false,"robots_max_snippet":null,"robots_max_videopreview":null,"robots_max_imagepreview":"large","priority":null,"frequency":null,"location":null,"local_seo":null,"seo_analyzer_scan_date":"2025-09-19 14:54:53","breadcrumb_settings":null,"limit_modified_date":false,"open_ai":null,"ai":null,"created":"2021-03-09 02:20:43","updated":"2025-09-19 14:54:53"},"aioseo_breadcrumb":"<div class=\"aioseo-breadcrumbs\"><span class=\"aioseo-breadcrumb\">\n\t<a href=\"https:\/\/eldigitaldeasturias.com\/magazine365\" title=\"Home\">Home<\/a>\n<\/span><span class=\"aioseo-breadcrumb-separator\">\u2013<\/span><span class=\"aioseo-breadcrumb\">\n\t<a href=\"https:\/\/eldigitaldeasturias.com\/magazine365\/category\/actualidad-turismo\/\" title=\"Actualidad Turismo\">Actualidad Turismo<\/a>\n<\/span><span class=\"aioseo-breadcrumb-separator\">\u2013<\/span><span class=\"aioseo-breadcrumb\">\n\t<a href=\"https:\/\/eldigitaldeasturias.com\/magazine365\/malaga-presente-en-una-accion-promocional-en-rotterdam-para-captar-congresos-internacionales\/\" title=\"M\u00e1laga, presente en una acci\u00f3n promocional en Rotterdam para captar congresos internacionales\">M\u00e1laga, presente en una acci\u00f3n promocional en Rotterdam para captar congresos internacionales<\/a>\n<\/span><\/div>","aioseo_breadcrumb_json":[{"label":"Home","link":"https:\/\/eldigitaldeasturias.com\/magazine365"},{"label":"Actualidad Turismo","link":"https:\/\/eldigitaldeasturias.com\/magazine365\/category\/actualidad-turismo\/"},{"label":"M\u00e1laga, presente en una acci\u00f3n promocional en Rotterdam para captar congresos internacionales","link":"https:\/\/eldigitaldeasturias.com\/magazine365\/malaga-presente-en-una-accion-promocional-en-rotterdam-para-captar-congresos-internacionales\/"}],"_links":{"self":[{"href":"https:\/\/eldigitaldeasturias.com\/magazine365\/wp-json\/wp\/v2\/posts\/41056","targetHints":{"allow":["GET"]}}],"collection":[{"href":"https:\/\/eldigitaldeasturias.com\/magazine365\/wp-json\/wp\/v2\/posts"}],"about":[{"href":"https:\/\/eldigitaldeasturias.com\/magazine365\/wp-json\/wp\/v2\/types\/post"}],"author":[{"embeddable":true,"href":"https:\/\/eldigitaldeasturias.com\/magazine365\/wp-json\/wp\/v2\/users\/1"}],"replies":[{"embeddable":true,"href":"https:\/\/eldigitaldeasturias.com\/magazine365\/wp-json\/wp\/v2\/comments?post=41056"}],"version-history":[{"count":0,"href":"https:\/\/eldigitaldeasturias.com\/magazine365\/wp-json\/wp\/v2\/posts\/41056\/revisions"}],"wp:featuredmedia":[{"embeddable":true,"href":"https:\/\/eldigitaldeasturias.com\/magazine365\/wp-json\/wp\/v2\/media\/41057"}],"wp:attachment":[{"href":"https:\/\/eldigitaldeasturias.com\/magazine365\/wp-json\/wp\/v2\/media?parent=41056"}],"wp:term":[{"taxonomy":"category","embeddable":true,"href":"https:\/\/eldigitaldeasturias.com\/magazine365\/wp-json\/wp\/v2\/categories?post=41056"},{"taxonomy":"post_tag","embeddable":true,"href":"https:\/\/eldigitaldeasturias.com\/magazine365\/wp-json\/wp\/v2\/tags?post=41056"}],"curies":[{"name":"wp","href":"https:\/\/api.w.org\/{rel}","templated":true}]}}