{"id":41053,"date":"2015-06-25T23:09:16","date_gmt":"2015-06-25T21:39:16","guid":{"rendered":"http:\/\/eldigitaldeasturias.com\/magazine365\/?p=41053"},"modified":"2015-06-25T23:09:16","modified_gmt":"2015-06-25T21:39:16","slug":"hosteleros-piden-a-la-junta-que-declare-de-interes-turistico-la-ruta-de-tapas-por-almeria","status":"publish","type":"post","link":"https:\/\/eldigitaldeasturias.com\/magazine365\/hosteleros-piden-a-la-junta-que-declare-de-interes-turistico-la-ruta-de-tapas-por-almeria\/","title":{"rendered":"Hosteleros piden a la Junta que declare de inter\u00e9s tur\u00edstico la &#8216;Ruta de Tapas&#8217; por Almer\u00eda"},"content":{"rendered":"<p><img fetchpriority=\"high\" decoding=\"async\" class=\"alignleft size-medium wp-image-41054\" src=\"https:\/\/eldigitaldeasturias.com\/magazine365\/wp-content\/uploads\/2015\/06\/fotonoticia_20150625174601_800-360x240.jpg\" alt=\"fotonoticia_20150625174601_800\" width=\"360\" height=\"240\" srcset=\"https:\/\/eldigitaldeasturias.com\/magazine365\/wp-content\/uploads\/2015\/06\/fotonoticia_20150625174601_800-360x240.jpg 360w, https:\/\/eldigitaldeasturias.com\/magazine365\/wp-content\/uploads\/2015\/06\/fotonoticia_20150625174601_800-650x434.jpg 650w, https:\/\/eldigitaldeasturias.com\/magazine365\/wp-content\/uploads\/2015\/06\/fotonoticia_20150625174601_800-768x513.jpg 768w, https:\/\/eldigitaldeasturias.com\/magazine365\/wp-content\/uploads\/2015\/06\/fotonoticia_20150625174601_800-150x100.jpg 150w, https:\/\/eldigitaldeasturias.com\/magazine365\/wp-content\/uploads\/2015\/06\/fotonoticia_20150625174601_800-450x300.jpg 450w, https:\/\/eldigitaldeasturias.com\/magazine365\/wp-content\/uploads\/2015\/06\/fotonoticia_20150625174601_800-696x465.jpg 696w, https:\/\/eldigitaldeasturias.com\/magazine365\/wp-content\/uploads\/2015\/06\/fotonoticia_20150625174601_800-629x420.jpg 629w, https:\/\/eldigitaldeasturias.com\/magazine365\/wp-content\/uploads\/2015\/06\/fotonoticia_20150625174601_800-84x55.jpg 84w, https:\/\/eldigitaldeasturias.com\/magazine365\/wp-content\/uploads\/2015\/06\/fotonoticia_20150625174601_800.jpg 800w\" sizes=\"(max-width: 360px) 100vw, 360px\" \/>La Asociaci\u00f3n Provincial de Empresarios de Hosteler\u00eda de Almer\u00eda (Ashal) ha registrado este viernes ante la Junta de Andaluc\u00eda la solicitud para que la &#8216;Ruta de Tapas por Almer\u00eda&#8217; sea declarada de inter\u00e9s tur\u00edstico.<\/p>\n<p>La petici\u00f3n, que cuenta con el respaldo un\u00e1nime de los grupos pol\u00edticos con representaci\u00f3n en el Ayuntamiento, pretende impulsar el sector hostelero de la capital a trav\u00e9s de una de sus \u00abse\u00f1as de identidad\u00bb ya que dar\u00eda \u00abvalor a una forma de ocio, a trav\u00e9s de la gastronom\u00eda, que supone todo un atractivo tur\u00edstico\u00bb.<\/p>\n<p>En un comunicado, Ashal ha indicado que la solicitud explica que tapear recorriendo la ciudad y sus calles \u00abes una costumbre t\u00edpicamente almeriense que se remonta m\u00e1s all\u00e1 de la d\u00e9cada de los 60 y 70, inicialmente, entre el g\u00e9nero masculino, incorpor\u00e1ndose paulatinamente el femenino a lo largo de los a\u00f1os 80, siendo en la actualidad un recurso de ocio al que recurren almerienses de todas las edades, en compa\u00f1\u00eda de familiares y amigos, en cualquier \u00e9poca del a\u00f1o, en cualquier barrio de la ciudad\u00bb.<\/p>\n<p>Remarca que la \u00abtradici\u00f3n\u00bb se ha hecho \u00abfamosa\u00bb por la \u00abvariedad\u00bb de su gastronom\u00eda en general y por la \u00abdiversidad y calidad\u00bb de sus tapas en particular, as\u00ed como \u00abpor el hecho de que las mismas han sido servidas junto con la bebida correspondiente incluy\u00e9ndolas en el precio de la consumici\u00f3n\u00bb.<\/p>\n<p>\u00abAdem\u00e1s, esta ciudad no requiere de una fecha concreta para convocar al p\u00fablico, vecinos y turistas, a realizar un recorrido gastron\u00f3mico por distintos establecimientos de hosteler\u00eda para degustar tapas, porque \u00e9stas est\u00e1n presentes todos los d\u00edas y a cualquier hora en cada establecimiento de la ciudad y adem\u00e1s con un ampl\u00edsimo surtido\u00bb, a\u00f1ade.<\/p>\n<p>Ashal argumenta en su escrito que el objetivo es \u00abanimar\u00bb a los visitantes \u00aba difundir una tradici\u00f3n de la que somos pioneros\u00bb y que es &#8211;subraya&#8211; \u00aben si misma toda una atracci\u00f3n tur\u00edstica no s\u00f3lo por el lado culinario sino tambi\u00e9n por la peculiar manera en que se disfrutan las tapas en esta ciudad\u00bb.<\/p>\n<p>Como dato, el sector apunta, para fundamentar su capacidad de \u00abcontribuir a la desestacionalizaci\u00f3n hotelera y hostelera\u00bb, que, en la \u00faltima edici\u00f3n de la Ruta De Tapas por Almer\u00eda, celebrada en marzo, se han contabilizaron \u00abm\u00e1s de 50.000 consumiciones entre los establecimientos participantes, correspondiendo muchas de ellas a turistas y ciudadanos extranjeros residentes o no en la ciudad o provincia almeriense\u00bb.<\/p>\n<p>El proyecto presentado por Ashal ante la Junta de Andaluc\u00eda ha contado con el apoyo t\u00e9cnico del Ayuntamiento de Almer\u00eda as\u00ed como de la Delegaci\u00f3n Provincial de Turismo.<\/p>\n","protected":false},"excerpt":{"rendered":"<p>La Asociaci\u00f3n Provincial de Empresarios de Hosteler\u00eda de Almer\u00eda (Ashal) ha registrado este viernes ante la Junta de Andaluc\u00eda la solicitud para que la &#8216;Ruta de Tapas por Almer\u00eda&#8217; sea declarada de inter\u00e9s tur\u00edstico. La petici\u00f3n, que cuenta con el respaldo un\u00e1nime de los grupos pol\u00edticos con representaci\u00f3n en el Ayuntamiento, pretende impulsar el sector<\/p>\n","protected":false},"author":1,"featured_media":41054,"comment_status":"open","ping_status":"closed","sticky":false,"template":"","format":"standard","meta":{"footnotes":""},"categories":[222],"tags":[],"class_list":{"0":"post-41053","1":"post","2":"type-post","3":"status-publish","4":"format-standard","5":"has-post-thumbnail","7":"category-actualidad-turismo"},"aioseo_notices":[],"aioseo_head":"\n\t\t<!-- All in One SEO Pro 4.9.6.1 - aioseo.com -->\n\t<meta name=\"description\" content=\"La Asociaci\u00f3n Provincial de Empresarios de Hosteler\u00eda de Almer\u00eda (Ashal) ha registrado este viernes ante la Junta de Andaluc\u00eda la solicitud para que la &#039;Ruta de Tapas por Almer\u00eda&#039; sea declarada de inter\u00e9s tur\u00edstico. La petici\u00f3n, que cuenta con el respaldo un\u00e1nime de los grupos pol\u00edticos con representaci\u00f3n en el Ayuntamiento, pretende impulsar el sector\" \/>\n\t<meta name=\"robots\" content=\"max-image-preview:large\" \/>\n\t<meta name=\"author\" content=\"admin\"\/>\n\t<meta name=\"google-site-verification\" content=\"UA-38556648-1\" \/>\n\t<meta name=\"keywords\" content=\"actualidad turismo\" \/>\n\t<link rel=\"canonical\" href=\"https:\/\/eldigitaldeasturias.com\/magazine365\/hosteleros-piden-a-la-junta-que-declare-de-interes-turistico-la-ruta-de-tapas-por-almeria\/\" \/>\n\t<meta name=\"generator\" content=\"All in One SEO Pro (AIOSEO) 4.9.6.1\" \/>\n\t\t<meta property=\"og:locale\" content=\"es_ES\" \/>\n\t\t<meta property=\"og:site_name\" content=\"El Digital de Asturias \u2013 Revista de ocio, turismo y estilo de vida\" \/>\n\t\t<meta property=\"og:type\" content=\"article\" \/>\n\t\t<meta property=\"og:title\" content=\"Hosteleros piden a la Junta que declare de inter\u00e9s tur\u00edstico la \u2018Ruta de Tapas\u2019 por Almer\u00eda | El Digital de Asturias\" \/>\n\t\t<meta property=\"og:description\" content=\"La Asociaci\u00f3n Provincial de Empresarios de Hosteler\u00eda de Almer\u00eda (Ashal) ha registrado este viernes ante la Junta de Andaluc\u00eda la solicitud para que la &#039;Ruta de Tapas por Almer\u00eda&#039; sea declarada de inter\u00e9s tur\u00edstico. La petici\u00f3n, que cuenta con el respaldo un\u00e1nime de los grupos pol\u00edticos con representaci\u00f3n en el Ayuntamiento, pretende impulsar el sector\" \/>\n\t\t<meta property=\"og:url\" content=\"https:\/\/eldigitaldeasturias.com\/magazine365\/hosteleros-piden-a-la-junta-que-declare-de-interes-turistico-la-ruta-de-tapas-por-almeria\/\" \/>\n\t\t<meta property=\"og:image\" content=\"https:\/\/eldigitaldeasturias.com\/magazine365\/wp-content\/uploads\/2015\/06\/fotonoticia_20150625174601_800.jpg\" \/>\n\t\t<meta property=\"og:image:secure_url\" content=\"https:\/\/eldigitaldeasturias.com\/magazine365\/wp-content\/uploads\/2015\/06\/fotonoticia_20150625174601_800.jpg\" \/>\n\t\t<meta property=\"og:image:width\" content=\"800\" \/>\n\t\t<meta property=\"og:image:height\" content=\"534\" \/>\n\t\t<meta property=\"article:published_time\" content=\"2015-06-25T21:39:16+00:00\" \/>\n\t\t<meta property=\"article:modified_time\" content=\"2015-06-25T21:39:16+00:00\" \/>\n\t\t<meta name=\"twitter:card\" content=\"summary_large_image\" \/>\n\t\t<meta name=\"twitter:title\" content=\"Hosteleros piden a la Junta que declare de inter\u00e9s tur\u00edstico la \u2018Ruta de Tapas\u2019 por Almer\u00eda | El Digital de Asturias\" \/>\n\t\t<meta name=\"twitter:description\" content=\"La Asociaci\u00f3n Provincial de Empresarios de Hosteler\u00eda de Almer\u00eda (Ashal) ha registrado este viernes ante la Junta de Andaluc\u00eda la solicitud para que la &#039;Ruta de Tapas por Almer\u00eda&#039; sea declarada de inter\u00e9s tur\u00edstico. La petici\u00f3n, que cuenta con el respaldo un\u00e1nime de los grupos pol\u00edticos con representaci\u00f3n en el Ayuntamiento, pretende impulsar el sector\" \/>\n\t\t<meta name=\"twitter:image\" content=\"https:\/\/eldigitaldeasturias.com\/magazine365\/wp-content\/uploads\/2015\/06\/fotonoticia_20150625174601_800.jpg\" \/>\n\t\t<script type=\"application\/ld+json\" class=\"aioseo-schema\">\n\t\t\t{\"@context\":\"https:\\\/\\\/schema.org\",\"@graph\":[{\"@type\":\"Article\",\"@id\":\"https:\\\/\\\/eldigitaldeasturias.com\\\/magazine365\\\/hosteleros-piden-a-la-junta-que-declare-de-interes-turistico-la-ruta-de-tapas-por-almeria\\\/#article\",\"name\":\"Hosteleros piden a la Junta que declare de inter\\u00e9s tur\\u00edstico la \\u2018Ruta de Tapas\\u2019 por Almer\\u00eda | El Digital de Asturias\",\"headline\":\"Hosteleros piden a la Junta que declare de inter\\u00e9s tur\\u00edstico la &#8216;Ruta de Tapas&#8217; por Almer\\u00eda\",\"author\":{\"@id\":\"https:\\\/\\\/eldigitaldeasturias.com\\\/magazine365\\\/author\\\/admin\\\/#author\"},\"publisher\":{\"@id\":\"https:\\\/\\\/eldigitaldeasturias.com\\\/magazine365\\\/#organization\"},\"image\":{\"@type\":\"ImageObject\",\"url\":\"https:\\\/\\\/eldigitaldeasturias.com\\\/magazine365\\\/wp-content\\\/uploads\\\/2015\\\/06\\\/fotonoticia_20150625174601_800.jpg\",\"width\":800,\"height\":534},\"datePublished\":\"2015-06-25T23:09:16+02:00\",\"dateModified\":\"2015-06-25T23:09:16+02:00\",\"inLanguage\":\"es-ES\",\"mainEntityOfPage\":{\"@id\":\"https:\\\/\\\/eldigitaldeasturias.com\\\/magazine365\\\/hosteleros-piden-a-la-junta-que-declare-de-interes-turistico-la-ruta-de-tapas-por-almeria\\\/#webpage\"},\"isPartOf\":{\"@id\":\"https:\\\/\\\/eldigitaldeasturias.com\\\/magazine365\\\/hosteleros-piden-a-la-junta-que-declare-de-interes-turistico-la-ruta-de-tapas-por-almeria\\\/#webpage\"},\"articleSection\":\"Actualidad Turismo\"},{\"@type\":\"BreadcrumbList\",\"@id\":\"https:\\\/\\\/eldigitaldeasturias.com\\\/magazine365\\\/hosteleros-piden-a-la-junta-que-declare-de-interes-turistico-la-ruta-de-tapas-por-almeria\\\/#breadcrumblist\",\"itemListElement\":[{\"@type\":\"ListItem\",\"@id\":\"https:\\\/\\\/eldigitaldeasturias.com\\\/magazine365#listItem\",\"position\":1,\"name\":\"Home\",\"item\":\"https:\\\/\\\/eldigitaldeasturias.com\\\/magazine365\",\"nextItem\":{\"@type\":\"ListItem\",\"@id\":\"https:\\\/\\\/eldigitaldeasturias.com\\\/magazine365\\\/category\\\/actualidad-turismo\\\/#listItem\",\"name\":\"Actualidad Turismo\"}},{\"@type\":\"ListItem\",\"@id\":\"https:\\\/\\\/eldigitaldeasturias.com\\\/magazine365\\\/category\\\/actualidad-turismo\\\/#listItem\",\"position\":2,\"name\":\"Actualidad Turismo\",\"item\":\"https:\\\/\\\/eldigitaldeasturias.com\\\/magazine365\\\/category\\\/actualidad-turismo\\\/\",\"nextItem\":{\"@type\":\"ListItem\",\"@id\":\"https:\\\/\\\/eldigitaldeasturias.com\\\/magazine365\\\/hosteleros-piden-a-la-junta-que-declare-de-interes-turistico-la-ruta-de-tapas-por-almeria\\\/#listItem\",\"name\":\"Hosteleros piden a la Junta que declare de inter\\u00e9s tur\\u00edstico la &#8216;Ruta de Tapas&#8217; por Almer\\u00eda\"},\"previousItem\":{\"@type\":\"ListItem\",\"@id\":\"https:\\\/\\\/eldigitaldeasturias.com\\\/magazine365#listItem\",\"name\":\"Home\"}},{\"@type\":\"ListItem\",\"@id\":\"https:\\\/\\\/eldigitaldeasturias.com\\\/magazine365\\\/hosteleros-piden-a-la-junta-que-declare-de-interes-turistico-la-ruta-de-tapas-por-almeria\\\/#listItem\",\"position\":3,\"name\":\"Hosteleros piden a la Junta que declare de inter\\u00e9s tur\\u00edstico la &#8216;Ruta de Tapas&#8217; por Almer\\u00eda\",\"previousItem\":{\"@type\":\"ListItem\",\"@id\":\"https:\\\/\\\/eldigitaldeasturias.com\\\/magazine365\\\/category\\\/actualidad-turismo\\\/#listItem\",\"name\":\"Actualidad Turismo\"}}]},{\"@type\":\"Organization\",\"@id\":\"https:\\\/\\\/eldigitaldeasturias.com\\\/magazine365\\\/#organization\",\"name\":\"El digital de Asturias\",\"description\":\"Revista de ocio, turismo y estilo de vida\",\"url\":\"https:\\\/\\\/eldigitaldeasturias.com\\\/magazine365\\\/\",\"logo\":{\"@type\":\"ImageObject\",\"url\":\"https:\\\/\\\/www.eldigitaldeasturias.com\\\/noticias\\\/wp-content\\\/uploads\\\/2020\\\/12\\\/EDA.jpg\",\"@id\":\"https:\\\/\\\/eldigitaldeasturias.com\\\/magazine365\\\/hosteleros-piden-a-la-junta-que-declare-de-interes-turistico-la-ruta-de-tapas-por-almeria\\\/#organizationLogo\"},\"image\":{\"@id\":\"https:\\\/\\\/eldigitaldeasturias.com\\\/magazine365\\\/hosteleros-piden-a-la-junta-que-declare-de-interes-turistico-la-ruta-de-tapas-por-almeria\\\/#organizationLogo\"}},{\"@type\":\"Person\",\"@id\":\"https:\\\/\\\/eldigitaldeasturias.com\\\/magazine365\\\/author\\\/admin\\\/#author\",\"url\":\"https:\\\/\\\/eldigitaldeasturias.com\\\/magazine365\\\/author\\\/admin\\\/\",\"name\":\"admin\",\"image\":{\"@type\":\"ImageObject\",\"@id\":\"https:\\\/\\\/eldigitaldeasturias.com\\\/magazine365\\\/hosteleros-piden-a-la-junta-que-declare-de-interes-turistico-la-ruta-de-tapas-por-almeria\\\/#authorImage\",\"url\":\"https:\\\/\\\/eldigitaldeasturias.com\\\/magazine365\\\/wp-content\\\/litespeed\\\/avatar\\\/e571bcf59a0edd6fa6838245a470f2fe.jpg?ver=1777574230\",\"width\":96,\"height\":96,\"caption\":\"admin\"}},{\"@type\":\"WebPage\",\"@id\":\"https:\\\/\\\/eldigitaldeasturias.com\\\/magazine365\\\/hosteleros-piden-a-la-junta-que-declare-de-interes-turistico-la-ruta-de-tapas-por-almeria\\\/#webpage\",\"url\":\"https:\\\/\\\/eldigitaldeasturias.com\\\/magazine365\\\/hosteleros-piden-a-la-junta-que-declare-de-interes-turistico-la-ruta-de-tapas-por-almeria\\\/\",\"name\":\"Hosteleros piden a la Junta que declare de inter\\u00e9s tur\\u00edstico la \\u2018Ruta de Tapas\\u2019 por Almer\\u00eda | El Digital de Asturias\",\"description\":\"La Asociaci\\u00f3n Provincial de Empresarios de Hosteler\\u00eda de Almer\\u00eda (Ashal) ha registrado este viernes ante la Junta de Andaluc\\u00eda la solicitud para que la 'Ruta de Tapas por Almer\\u00eda' sea declarada de inter\\u00e9s tur\\u00edstico. La petici\\u00f3n, que cuenta con el respaldo un\\u00e1nime de los grupos pol\\u00edticos con representaci\\u00f3n en el Ayuntamiento, pretende impulsar el sector\",\"inLanguage\":\"es-ES\",\"isPartOf\":{\"@id\":\"https:\\\/\\\/eldigitaldeasturias.com\\\/magazine365\\\/#website\"},\"breadcrumb\":{\"@id\":\"https:\\\/\\\/eldigitaldeasturias.com\\\/magazine365\\\/hosteleros-piden-a-la-junta-que-declare-de-interes-turistico-la-ruta-de-tapas-por-almeria\\\/#breadcrumblist\"},\"author\":{\"@id\":\"https:\\\/\\\/eldigitaldeasturias.com\\\/magazine365\\\/author\\\/admin\\\/#author\"},\"creator\":{\"@id\":\"https:\\\/\\\/eldigitaldeasturias.com\\\/magazine365\\\/author\\\/admin\\\/#author\"},\"image\":{\"@type\":\"ImageObject\",\"url\":\"https:\\\/\\\/eldigitaldeasturias.com\\\/magazine365\\\/wp-content\\\/uploads\\\/2015\\\/06\\\/fotonoticia_20150625174601_800.jpg\",\"@id\":\"https:\\\/\\\/eldigitaldeasturias.com\\\/magazine365\\\/hosteleros-piden-a-la-junta-que-declare-de-interes-turistico-la-ruta-de-tapas-por-almeria\\\/#mainImage\",\"width\":800,\"height\":534},\"primaryImageOfPage\":{\"@id\":\"https:\\\/\\\/eldigitaldeasturias.com\\\/magazine365\\\/hosteleros-piden-a-la-junta-que-declare-de-interes-turistico-la-ruta-de-tapas-por-almeria\\\/#mainImage\"},\"datePublished\":\"2015-06-25T23:09:16+02:00\",\"dateModified\":\"2015-06-25T23:09:16+02:00\"},{\"@type\":\"WebSite\",\"@id\":\"https:\\\/\\\/eldigitaldeasturias.com\\\/magazine365\\\/#website\",\"url\":\"https:\\\/\\\/eldigitaldeasturias.com\\\/magazine365\\\/\",\"name\":\"El Digital de Asturias\",\"description\":\"Revista de ocio, turismo y estilo de vida\",\"inLanguage\":\"es-ES\",\"publisher\":{\"@id\":\"https:\\\/\\\/eldigitaldeasturias.com\\\/magazine365\\\/#organization\"}}]}\n\t\t<\/script>\n\t\t<!-- All in One SEO Pro -->\r\n\t\t<title>Hosteleros piden a la Junta que declare de inter\u00e9s tur\u00edstico la \u2018Ruta de Tapas\u2019 por Almer\u00eda | El Digital de Asturias<\/title>\n\n","aioseo_head_json":{"title":"Hosteleros piden a la Junta que declare de inter\u00e9s tur\u00edstico la \u2018Ruta de Tapas\u2019 por Almer\u00eda | El Digital de Asturias","description":"La Asociaci\u00f3n Provincial de Empresarios de Hosteler\u00eda de Almer\u00eda (Ashal) ha registrado este viernes ante la Junta de Andaluc\u00eda la solicitud para que la 'Ruta de Tapas por Almer\u00eda' sea declarada de inter\u00e9s tur\u00edstico. La petici\u00f3n, que cuenta con el respaldo un\u00e1nime de los grupos pol\u00edticos con representaci\u00f3n en el Ayuntamiento, pretende impulsar el sector","canonical_url":"https:\/\/eldigitaldeasturias.com\/magazine365\/hosteleros-piden-a-la-junta-que-declare-de-interes-turistico-la-ruta-de-tapas-por-almeria\/","robots":"max-image-preview:large","keywords":"actualidad turismo","webmasterTools":{"google-site-verification":"UA-38556648-1","miscellaneous":""},"schema":{"@context":"https:\/\/schema.org","@graph":[{"@type":"Article","@id":"https:\/\/eldigitaldeasturias.com\/magazine365\/hosteleros-piden-a-la-junta-que-declare-de-interes-turistico-la-ruta-de-tapas-por-almeria\/#article","name":"Hosteleros piden a la Junta que declare de inter\u00e9s tur\u00edstico la \u2018Ruta de Tapas\u2019 por Almer\u00eda | El Digital de Asturias","headline":"Hosteleros piden a la Junta que declare de inter\u00e9s tur\u00edstico la &#8216;Ruta de Tapas&#8217; por Almer\u00eda","author":{"@id":"https:\/\/eldigitaldeasturias.com\/magazine365\/author\/admin\/#author"},"publisher":{"@id":"https:\/\/eldigitaldeasturias.com\/magazine365\/#organization"},"image":{"@type":"ImageObject","url":"https:\/\/eldigitaldeasturias.com\/magazine365\/wp-content\/uploads\/2015\/06\/fotonoticia_20150625174601_800.jpg","width":800,"height":534},"datePublished":"2015-06-25T23:09:16+02:00","dateModified":"2015-06-25T23:09:16+02:00","inLanguage":"es-ES","mainEntityOfPage":{"@id":"https:\/\/eldigitaldeasturias.com\/magazine365\/hosteleros-piden-a-la-junta-que-declare-de-interes-turistico-la-ruta-de-tapas-por-almeria\/#webpage"},"isPartOf":{"@id":"https:\/\/eldigitaldeasturias.com\/magazine365\/hosteleros-piden-a-la-junta-que-declare-de-interes-turistico-la-ruta-de-tapas-por-almeria\/#webpage"},"articleSection":"Actualidad Turismo"},{"@type":"BreadcrumbList","@id":"https:\/\/eldigitaldeasturias.com\/magazine365\/hosteleros-piden-a-la-junta-que-declare-de-interes-turistico-la-ruta-de-tapas-por-almeria\/#breadcrumblist","itemListElement":[{"@type":"ListItem","@id":"https:\/\/eldigitaldeasturias.com\/magazine365#listItem","position":1,"name":"Home","item":"https:\/\/eldigitaldeasturias.com\/magazine365","nextItem":{"@type":"ListItem","@id":"https:\/\/eldigitaldeasturias.com\/magazine365\/category\/actualidad-turismo\/#listItem","name":"Actualidad Turismo"}},{"@type":"ListItem","@id":"https:\/\/eldigitaldeasturias.com\/magazine365\/category\/actualidad-turismo\/#listItem","position":2,"name":"Actualidad Turismo","item":"https:\/\/eldigitaldeasturias.com\/magazine365\/category\/actualidad-turismo\/","nextItem":{"@type":"ListItem","@id":"https:\/\/eldigitaldeasturias.com\/magazine365\/hosteleros-piden-a-la-junta-que-declare-de-interes-turistico-la-ruta-de-tapas-por-almeria\/#listItem","name":"Hosteleros piden a la Junta que declare de inter\u00e9s tur\u00edstico la &#8216;Ruta de Tapas&#8217; por Almer\u00eda"},"previousItem":{"@type":"ListItem","@id":"https:\/\/eldigitaldeasturias.com\/magazine365#listItem","name":"Home"}},{"@type":"ListItem","@id":"https:\/\/eldigitaldeasturias.com\/magazine365\/hosteleros-piden-a-la-junta-que-declare-de-interes-turistico-la-ruta-de-tapas-por-almeria\/#listItem","position":3,"name":"Hosteleros piden a la Junta que declare de inter\u00e9s tur\u00edstico la &#8216;Ruta de Tapas&#8217; por Almer\u00eda","previousItem":{"@type":"ListItem","@id":"https:\/\/eldigitaldeasturias.com\/magazine365\/category\/actualidad-turismo\/#listItem","name":"Actualidad Turismo"}}]},{"@type":"Organization","@id":"https:\/\/eldigitaldeasturias.com\/magazine365\/#organization","name":"El digital de Asturias","description":"Revista de ocio, turismo y estilo de vida","url":"https:\/\/eldigitaldeasturias.com\/magazine365\/","logo":{"@type":"ImageObject","url":"https:\/\/www.eldigitaldeasturias.com\/noticias\/wp-content\/uploads\/2020\/12\/EDA.jpg","@id":"https:\/\/eldigitaldeasturias.com\/magazine365\/hosteleros-piden-a-la-junta-que-declare-de-interes-turistico-la-ruta-de-tapas-por-almeria\/#organizationLogo"},"image":{"@id":"https:\/\/eldigitaldeasturias.com\/magazine365\/hosteleros-piden-a-la-junta-que-declare-de-interes-turistico-la-ruta-de-tapas-por-almeria\/#organizationLogo"}},{"@type":"Person","@id":"https:\/\/eldigitaldeasturias.com\/magazine365\/author\/admin\/#author","url":"https:\/\/eldigitaldeasturias.com\/magazine365\/author\/admin\/","name":"admin","image":{"@type":"ImageObject","@id":"https:\/\/eldigitaldeasturias.com\/magazine365\/hosteleros-piden-a-la-junta-que-declare-de-interes-turistico-la-ruta-de-tapas-por-almeria\/#authorImage","url":"https:\/\/eldigitaldeasturias.com\/magazine365\/wp-content\/litespeed\/avatar\/e571bcf59a0edd6fa6838245a470f2fe.jpg?ver=1777574230","width":96,"height":96,"caption":"admin"}},{"@type":"WebPage","@id":"https:\/\/eldigitaldeasturias.com\/magazine365\/hosteleros-piden-a-la-junta-que-declare-de-interes-turistico-la-ruta-de-tapas-por-almeria\/#webpage","url":"https:\/\/eldigitaldeasturias.com\/magazine365\/hosteleros-piden-a-la-junta-que-declare-de-interes-turistico-la-ruta-de-tapas-por-almeria\/","name":"Hosteleros piden a la Junta que declare de inter\u00e9s tur\u00edstico la \u2018Ruta de Tapas\u2019 por Almer\u00eda | El Digital de Asturias","description":"La Asociaci\u00f3n Provincial de Empresarios de Hosteler\u00eda de Almer\u00eda (Ashal) ha registrado este viernes ante la Junta de Andaluc\u00eda la solicitud para que la 'Ruta de Tapas por Almer\u00eda' sea declarada de inter\u00e9s tur\u00edstico. La petici\u00f3n, que cuenta con el respaldo un\u00e1nime de los grupos pol\u00edticos con representaci\u00f3n en el Ayuntamiento, pretende impulsar el sector","inLanguage":"es-ES","isPartOf":{"@id":"https:\/\/eldigitaldeasturias.com\/magazine365\/#website"},"breadcrumb":{"@id":"https:\/\/eldigitaldeasturias.com\/magazine365\/hosteleros-piden-a-la-junta-que-declare-de-interes-turistico-la-ruta-de-tapas-por-almeria\/#breadcrumblist"},"author":{"@id":"https:\/\/eldigitaldeasturias.com\/magazine365\/author\/admin\/#author"},"creator":{"@id":"https:\/\/eldigitaldeasturias.com\/magazine365\/author\/admin\/#author"},"image":{"@type":"ImageObject","url":"https:\/\/eldigitaldeasturias.com\/magazine365\/wp-content\/uploads\/2015\/06\/fotonoticia_20150625174601_800.jpg","@id":"https:\/\/eldigitaldeasturias.com\/magazine365\/hosteleros-piden-a-la-junta-que-declare-de-interes-turistico-la-ruta-de-tapas-por-almeria\/#mainImage","width":800,"height":534},"primaryImageOfPage":{"@id":"https:\/\/eldigitaldeasturias.com\/magazine365\/hosteleros-piden-a-la-junta-que-declare-de-interes-turistico-la-ruta-de-tapas-por-almeria\/#mainImage"},"datePublished":"2015-06-25T23:09:16+02:00","dateModified":"2015-06-25T23:09:16+02:00"},{"@type":"WebSite","@id":"https:\/\/eldigitaldeasturias.com\/magazine365\/#website","url":"https:\/\/eldigitaldeasturias.com\/magazine365\/","name":"El Digital de Asturias","description":"Revista de ocio, turismo y estilo de vida","inLanguage":"es-ES","publisher":{"@id":"https:\/\/eldigitaldeasturias.com\/magazine365\/#organization"}}]},"og:locale":"es_ES","og:site_name":"El Digital de Asturias \u2013 Revista de ocio, turismo y estilo de vida","og:type":"article","og:title":"Hosteleros piden a la Junta que declare de inter\u00e9s tur\u00edstico la \u2018Ruta de Tapas\u2019 por Almer\u00eda | El Digital de Asturias","og:description":"La Asociaci\u00f3n Provincial de Empresarios de Hosteler\u00eda de Almer\u00eda (Ashal) ha registrado este viernes ante la Junta de Andaluc\u00eda la solicitud para que la 'Ruta de Tapas por Almer\u00eda' sea declarada de inter\u00e9s tur\u00edstico. La petici\u00f3n, que cuenta con el respaldo un\u00e1nime de los grupos pol\u00edticos con representaci\u00f3n en el Ayuntamiento, pretende impulsar el sector","og:url":"https:\/\/eldigitaldeasturias.com\/magazine365\/hosteleros-piden-a-la-junta-que-declare-de-interes-turistico-la-ruta-de-tapas-por-almeria\/","og:image":"https:\/\/eldigitaldeasturias.com\/magazine365\/wp-content\/uploads\/2015\/06\/fotonoticia_20150625174601_800.jpg","og:image:secure_url":"https:\/\/eldigitaldeasturias.com\/magazine365\/wp-content\/uploads\/2015\/06\/fotonoticia_20150625174601_800.jpg","og:image:width":800,"og:image:height":534,"article:published_time":"2015-06-25T21:39:16+00:00","article:modified_time":"2015-06-25T21:39:16+00:00","twitter:card":"summary_large_image","twitter:title":"Hosteleros piden a la Junta que declare de inter\u00e9s tur\u00edstico la \u2018Ruta de Tapas\u2019 por Almer\u00eda | El Digital de Asturias","twitter:description":"La Asociaci\u00f3n Provincial de Empresarios de Hosteler\u00eda de Almer\u00eda (Ashal) ha registrado este viernes ante la Junta de Andaluc\u00eda la solicitud para que la 'Ruta de Tapas por Almer\u00eda' sea declarada de inter\u00e9s tur\u00edstico. La petici\u00f3n, que cuenta con el respaldo un\u00e1nime de los grupos pol\u00edticos con representaci\u00f3n en el Ayuntamiento, pretende impulsar el sector","twitter:image":"https:\/\/eldigitaldeasturias.com\/magazine365\/wp-content\/uploads\/2015\/06\/fotonoticia_20150625174601_800.jpg"},"aioseo_meta_data":{"post_id":"41053","title":null,"description":null,"keywords":null,"keyphrases":null,"primary_term":null,"canonical_url":null,"og_title":null,"og_description":null,"og_object_type":"default","og_image_type":"default","og_image_url":null,"og_image_width":null,"og_image_height":null,"og_image_custom_url":null,"og_image_custom_fields":null,"og_video":null,"og_custom_url":null,"og_article_section":null,"og_article_tags":null,"twitter_use_og":false,"twitter_card":"default","twitter_image_type":"default","twitter_image_url":null,"twitter_image_custom_url":null,"twitter_image_custom_fields":null,"twitter_title":null,"twitter_description":null,"schema":{"blockGraphs":[],"customGraphs":[],"default":{"data":{"Article":[],"Course":[],"Dataset":[],"FAQPage":[],"Movie":[],"Person":[],"Product":[],"ProductReview":[],"Car":[],"Recipe":[],"Service":[],"SoftwareApplication":[],"WebPage":[]},"graphName":"","isEnabled":true},"graphs":[],"defaultGraph":"","defaultPostTypeGraph":""},"schema_type":null,"schema_type_options":null,"pillar_content":false,"robots_default":true,"robots_noindex":false,"robots_noarchive":false,"robots_nosnippet":false,"robots_nofollow":false,"robots_noimageindex":false,"robots_noodp":false,"robots_notranslate":false,"robots_max_snippet":null,"robots_max_videopreview":null,"robots_max_imagepreview":"large","priority":null,"frequency":null,"location":null,"local_seo":null,"seo_analyzer_scan_date":"2025-09-19 14:54:52","breadcrumb_settings":null,"limit_modified_date":false,"open_ai":null,"ai":null,"created":"2021-03-09 02:20:43","updated":"2025-09-19 14:54:52"},"aioseo_breadcrumb":"<div class=\"aioseo-breadcrumbs\"><span class=\"aioseo-breadcrumb\">\n\t<a href=\"https:\/\/eldigitaldeasturias.com\/magazine365\" title=\"Home\">Home<\/a>\n<\/span><span class=\"aioseo-breadcrumb-separator\">\u2013<\/span><span class=\"aioseo-breadcrumb\">\n\t<a href=\"https:\/\/eldigitaldeasturias.com\/magazine365\/category\/actualidad-turismo\/\" title=\"Actualidad Turismo\">Actualidad Turismo<\/a>\n<\/span><span class=\"aioseo-breadcrumb-separator\">\u2013<\/span><span class=\"aioseo-breadcrumb\">\n\t<a href=\"https:\/\/eldigitaldeasturias.com\/magazine365\/hosteleros-piden-a-la-junta-que-declare-de-interes-turistico-la-ruta-de-tapas-por-almeria\/\" title=\"Hosteleros piden a la Junta que declare de inter\u00e9s tur\u00edstico la \u2018Ruta de Tapas\u2019 por Almer\u00eda\">Hosteleros piden a la Junta que declare de inter\u00e9s tur\u00edstico la \u2018Ruta de Tapas\u2019 por Almer\u00eda<\/a>\n<\/span><\/div>","aioseo_breadcrumb_json":[{"label":"Home","link":"https:\/\/eldigitaldeasturias.com\/magazine365"},{"label":"Actualidad Turismo","link":"https:\/\/eldigitaldeasturias.com\/magazine365\/category\/actualidad-turismo\/"},{"label":"Hosteleros piden a la Junta que declare de inter\u00e9s tur\u00edstico la &#8216;Ruta de Tapas&#8217; por Almer\u00eda","link":"https:\/\/eldigitaldeasturias.com\/magazine365\/hosteleros-piden-a-la-junta-que-declare-de-interes-turistico-la-ruta-de-tapas-por-almeria\/"}],"_links":{"self":[{"href":"https:\/\/eldigitaldeasturias.com\/magazine365\/wp-json\/wp\/v2\/posts\/41053","targetHints":{"allow":["GET"]}}],"collection":[{"href":"https:\/\/eldigitaldeasturias.com\/magazine365\/wp-json\/wp\/v2\/posts"}],"about":[{"href":"https:\/\/eldigitaldeasturias.com\/magazine365\/wp-json\/wp\/v2\/types\/post"}],"author":[{"embeddable":true,"href":"https:\/\/eldigitaldeasturias.com\/magazine365\/wp-json\/wp\/v2\/users\/1"}],"replies":[{"embeddable":true,"href":"https:\/\/eldigitaldeasturias.com\/magazine365\/wp-json\/wp\/v2\/comments?post=41053"}],"version-history":[{"count":0,"href":"https:\/\/eldigitaldeasturias.com\/magazine365\/wp-json\/wp\/v2\/posts\/41053\/revisions"}],"wp:featuredmedia":[{"embeddable":true,"href":"https:\/\/eldigitaldeasturias.com\/magazine365\/wp-json\/wp\/v2\/media\/41054"}],"wp:attachment":[{"href":"https:\/\/eldigitaldeasturias.com\/magazine365\/wp-json\/wp\/v2\/media?parent=41053"}],"wp:term":[{"taxonomy":"category","embeddable":true,"href":"https:\/\/eldigitaldeasturias.com\/magazine365\/wp-json\/wp\/v2\/categories?post=41053"},{"taxonomy":"post_tag","embeddable":true,"href":"https:\/\/eldigitaldeasturias.com\/magazine365\/wp-json\/wp\/v2\/tags?post=41053"}],"curies":[{"name":"wp","href":"https:\/\/api.w.org\/{rel}","templated":true}]}}