{"id":41050,"date":"2015-06-25T23:02:48","date_gmt":"2015-06-25T21:32:48","guid":{"rendered":"http:\/\/eldigitaldeasturias.com\/magazine365\/?p=41050"},"modified":"2015-06-25T23:02:48","modified_gmt":"2015-06-25T21:32:48","slug":"cc-oo-uso-cgt-y-cesha-convocan-huelga-indefinida-en-el-handling-de-globalia-a-partir-del-4-de-julio","status":"publish","type":"post","link":"https:\/\/eldigitaldeasturias.com\/magazine365\/cc-oo-uso-cgt-y-cesha-convocan-huelga-indefinida-en-el-handling-de-globalia-a-partir-del-4-de-julio\/","title":{"rendered":"CC.OO., USO, CGT y CESHA convocan huelga indefinida en el &#8216;handling&#8217; de Globalia a partir del 4 de julio"},"content":{"rendered":"<p><img fetchpriority=\"high\" decoding=\"async\" class=\"alignleft size-medium wp-image-41051\" src=\"https:\/\/eldigitaldeasturias.com\/magazine365\/wp-content\/uploads\/2015\/06\/fotonoticia_20150625173133_800-360x276.jpg\" alt=\"fotonoticia_20150625173133_800\" width=\"360\" height=\"276\" srcset=\"https:\/\/eldigitaldeasturias.com\/magazine365\/wp-content\/uploads\/2015\/06\/fotonoticia_20150625173133_800-360x276.jpg 360w, https:\/\/eldigitaldeasturias.com\/magazine365\/wp-content\/uploads\/2015\/06\/fotonoticia_20150625173133_800-650x499.jpg 650w, https:\/\/eldigitaldeasturias.com\/magazine365\/wp-content\/uploads\/2015\/06\/fotonoticia_20150625173133_800-768x589.jpg 768w, https:\/\/eldigitaldeasturias.com\/magazine365\/wp-content\/uploads\/2015\/06\/fotonoticia_20150625173133_800-150x115.jpg 150w, https:\/\/eldigitaldeasturias.com\/magazine365\/wp-content\/uploads\/2015\/06\/fotonoticia_20150625173133_800-450x345.jpg 450w, https:\/\/eldigitaldeasturias.com\/magazine365\/wp-content\/uploads\/2015\/06\/fotonoticia_20150625173133_800-80x60.jpg 80w, https:\/\/eldigitaldeasturias.com\/magazine365\/wp-content\/uploads\/2015\/06\/fotonoticia_20150625173133_800-696x534.jpg 696w, https:\/\/eldigitaldeasturias.com\/magazine365\/wp-content\/uploads\/2015\/06\/fotonoticia_20150625173133_800-547x420.jpg 547w, https:\/\/eldigitaldeasturias.com\/magazine365\/wp-content\/uploads\/2015\/06\/fotonoticia_20150625173133_800.jpg 800w\" sizes=\"(max-width: 360px) 100vw, 360px\" \/>CC.OO., USO, CGT y CESHA han convocado una huelga indefinida para este verano en todos los aeropuertos en los que opera la divisi\u00f3n de &#8216;handling&#8217; de Globalia, Groundforce, a partir del pr\u00f3ximo 4 de julio, con paros parciales, como protesta a la falta de avances en la negociaci\u00f3n del III Convenio Colectivo, informaron los sindicatos convocantes.<\/p>\n<p>En un comunicado, aseguran que la \u00abinflexibilidad\u00bb de la empresa impide la posibilidad de llegar a un acuerdo, tras dos a\u00f1os y medio de negociaciones y dos reuniones en el SIMA en las \u00faltimas semanas. \u00abLa direcci\u00f3n de la compa\u00f1\u00eda contin\u00faa cerrada en sus propuestas iniciales\u00bb, aseguran, lo que les deja \u00abcomo \u00fanica v\u00eda la convocatoria de huelga\u00bb.<\/p>\n<p>Seg\u00fan los sindicatos, los principales escollos de la negociaci\u00f3n son el incremento salarial &#8211;la empresa ofrece un 0,8% para 2015 frente a la propuesta de lo sindicatos de un incremento del 0,5% para 2014 y 2015, e IPC real garantizando el 1% para 2016&#8211;, adem\u00e1s de empleo fijo en los aeropuertos que est\u00e9n por debajo del 65% de la plantilla con contrato fijo, la no eliminaci\u00f3n del plus de residencia canario y la negativa a un nivel salarial m\u00e1s bajo para el personal de nueva contrataci\u00f3n.<\/p>\n<p>Los sindicatos convocantes se\u00f1alan que est\u00e1n dispuestos a seguir negociando para llegar a un acuerdo que satisfaga a todas las partes, siempre que la empresa \u00abno se cierre a las propuestas iniciales de negociaci\u00f3n\u00bb.<\/p>\n<p>M\u00c1S DE 3.500 TRABAJADORES LLAMADOS A LOS PAROS.<\/p>\n<p>M\u00e1s de 3.500 trabajadores de los servicios de &#8216;handling&#8217; a pasajeros y carga en los aeropuertos de Adolfo Su\u00e1rez Madrid-Barajas, Barcelona-El Prat, Las Palmas, Sevilla, Bilbao, Tenerife Norte y Tenerife Sur, instalaciones donde opera Groundforce, est\u00e1n llamados a la huelga.<\/p>\n<p>Las principales compa\u00f1\u00edas afectadas por estos paros son adem\u00e1s de la propia Air Europa, Aeroflot, Aerol\u00edneas Argentinas, Aerom\u00e9xico, Etihad Airways, Korean Air, Saudia, Air France-KLM, Alitalia, LOT y Lufthansa.<\/p>\n<p>Concretamente, en el aeropuerto de Madrid-Barajas los paros se realizar\u00e1n todos los domingos de 12.00 a 14.00 horas y de 20.00 a 22.00 horas; en Barcelona-El Prat se han convocado todos los viernes de 8.00 a 10.00 horas y de 19.00 a 21.00 horas; en Sevilla ser\u00e1n los jueves (12.00 a 16.00 horas y de 19.00 a 21.00 horas) y en Bilbao todos los lunes (11.00 a 13.00 horas y de 17.00 a 19.00 horas).<\/p>\n<p>En los aeropuertos canarios donde opera Groundforce los paros se realizar\u00e1n en Las Palmas todos los mi\u00e9rcoles (de 9.00 a 11.00 horas y de 16.00 a 18.00 horas); en Tenerife Sur todos los viernes (de 10.00 a 12.00 horas y de 16.00 a 18.00 horas) y en Tenerife Norte todos los lunes (de 13.00 a 17.00 horas).<\/p>\n","protected":false},"excerpt":{"rendered":"<p>CC.OO., USO, CGT y CESHA han convocado una huelga indefinida para este verano en todos los aeropuertos en los que opera la divisi\u00f3n de &#8216;handling&#8217; de Globalia, Groundforce, a partir del pr\u00f3ximo 4 de julio, con paros parciales, como protesta a la falta de avances en la negociaci\u00f3n del III Convenio Colectivo, informaron los sindicatos<\/p>\n","protected":false},"author":1,"featured_media":41051,"comment_status":"open","ping_status":"closed","sticky":false,"template":"","format":"standard","meta":{"footnotes":""},"categories":[222],"tags":[],"class_list":{"0":"post-41050","1":"post","2":"type-post","3":"status-publish","4":"format-standard","5":"has-post-thumbnail","7":"category-actualidad-turismo"},"aioseo_notices":[],"aioseo_head":"\n\t\t<!-- All in One SEO Pro 4.9.6.1 - aioseo.com -->\n\t<meta name=\"description\" content=\"CC.OO., USO, CGT y CESHA han convocado una huelga indefinida para este verano en todos los aeropuertos en los que opera la divisi\u00f3n de &#039;handling&#039; de Globalia, Groundforce, a partir del pr\u00f3ximo 4 de julio, con paros parciales, como protesta a la falta de avances en la negociaci\u00f3n del III Convenio Colectivo, informaron los sindicatos\" \/>\n\t<meta name=\"robots\" content=\"max-image-preview:large\" \/>\n\t<meta name=\"author\" content=\"admin\"\/>\n\t<meta name=\"google-site-verification\" content=\"UA-38556648-1\" \/>\n\t<meta name=\"keywords\" content=\"actualidad turismo\" \/>\n\t<link rel=\"canonical\" href=\"https:\/\/eldigitaldeasturias.com\/magazine365\/cc-oo-uso-cgt-y-cesha-convocan-huelga-indefinida-en-el-handling-de-globalia-a-partir-del-4-de-julio\/\" \/>\n\t<meta name=\"generator\" content=\"All in One SEO Pro (AIOSEO) 4.9.6.1\" \/>\n\t\t<meta property=\"og:locale\" content=\"es_ES\" \/>\n\t\t<meta property=\"og:site_name\" content=\"El Digital de Asturias \u2013 Revista de ocio, turismo y estilo de vida\" \/>\n\t\t<meta property=\"og:type\" content=\"article\" \/>\n\t\t<meta property=\"og:title\" content=\"CC.OO., USO, CGT y CESHA convocan huelga indefinida en el \u2018handling\u2019 de Globalia a partir del 4 de julio | El Digital de Asturias\" \/>\n\t\t<meta property=\"og:description\" content=\"CC.OO., USO, CGT y CESHA han convocado una huelga indefinida para este verano en todos los aeropuertos en los que opera la divisi\u00f3n de &#039;handling&#039; de Globalia, Groundforce, a partir del pr\u00f3ximo 4 de julio, con paros parciales, como protesta a la falta de avances en la negociaci\u00f3n del III Convenio Colectivo, informaron los sindicatos\" \/>\n\t\t<meta property=\"og:url\" content=\"https:\/\/eldigitaldeasturias.com\/magazine365\/cc-oo-uso-cgt-y-cesha-convocan-huelga-indefinida-en-el-handling-de-globalia-a-partir-del-4-de-julio\/\" \/>\n\t\t<meta property=\"og:image\" content=\"https:\/\/eldigitaldeasturias.com\/magazine365\/wp-content\/uploads\/2015\/06\/fotonoticia_20150625173133_800.jpg\" \/>\n\t\t<meta property=\"og:image:secure_url\" content=\"https:\/\/eldigitaldeasturias.com\/magazine365\/wp-content\/uploads\/2015\/06\/fotonoticia_20150625173133_800.jpg\" \/>\n\t\t<meta property=\"og:image:width\" content=\"800\" \/>\n\t\t<meta property=\"og:image:height\" content=\"614\" \/>\n\t\t<meta property=\"article:published_time\" content=\"2015-06-25T21:32:48+00:00\" \/>\n\t\t<meta property=\"article:modified_time\" content=\"2015-06-25T21:32:48+00:00\" \/>\n\t\t<meta name=\"twitter:card\" content=\"summary_large_image\" \/>\n\t\t<meta name=\"twitter:title\" content=\"CC.OO., USO, CGT y CESHA convocan huelga indefinida en el \u2018handling\u2019 de Globalia a partir del 4 de julio | El Digital de Asturias\" \/>\n\t\t<meta name=\"twitter:description\" content=\"CC.OO., USO, CGT y CESHA han convocado una huelga indefinida para este verano en todos los aeropuertos en los que opera la divisi\u00f3n de &#039;handling&#039; de Globalia, Groundforce, a partir del pr\u00f3ximo 4 de julio, con paros parciales, como protesta a la falta de avances en la negociaci\u00f3n del III Convenio Colectivo, informaron los sindicatos\" \/>\n\t\t<meta name=\"twitter:image\" content=\"https:\/\/eldigitaldeasturias.com\/magazine365\/wp-content\/uploads\/2015\/06\/fotonoticia_20150625173133_800.jpg\" \/>\n\t\t<script type=\"application\/ld+json\" class=\"aioseo-schema\">\n\t\t\t{\"@context\":\"https:\\\/\\\/schema.org\",\"@graph\":[{\"@type\":\"Article\",\"@id\":\"https:\\\/\\\/eldigitaldeasturias.com\\\/magazine365\\\/cc-oo-uso-cgt-y-cesha-convocan-huelga-indefinida-en-el-handling-de-globalia-a-partir-del-4-de-julio\\\/#article\",\"name\":\"CC.OO., USO, CGT y CESHA convocan huelga indefinida en el \\u2018handling\\u2019 de Globalia a partir del 4 de julio | El Digital de Asturias\",\"headline\":\"CC.OO., USO, CGT y CESHA convocan huelga indefinida en el &#8216;handling&#8217; de Globalia a partir del 4 de julio\",\"author\":{\"@id\":\"https:\\\/\\\/eldigitaldeasturias.com\\\/magazine365\\\/author\\\/admin\\\/#author\"},\"publisher\":{\"@id\":\"https:\\\/\\\/eldigitaldeasturias.com\\\/magazine365\\\/#organization\"},\"image\":{\"@type\":\"ImageObject\",\"url\":\"https:\\\/\\\/eldigitaldeasturias.com\\\/magazine365\\\/wp-content\\\/uploads\\\/2015\\\/06\\\/fotonoticia_20150625173133_800.jpg\",\"width\":800,\"height\":614},\"datePublished\":\"2015-06-25T23:02:48+02:00\",\"dateModified\":\"2015-06-25T23:02:48+02:00\",\"inLanguage\":\"es-ES\",\"mainEntityOfPage\":{\"@id\":\"https:\\\/\\\/eldigitaldeasturias.com\\\/magazine365\\\/cc-oo-uso-cgt-y-cesha-convocan-huelga-indefinida-en-el-handling-de-globalia-a-partir-del-4-de-julio\\\/#webpage\"},\"isPartOf\":{\"@id\":\"https:\\\/\\\/eldigitaldeasturias.com\\\/magazine365\\\/cc-oo-uso-cgt-y-cesha-convocan-huelga-indefinida-en-el-handling-de-globalia-a-partir-del-4-de-julio\\\/#webpage\"},\"articleSection\":\"Actualidad Turismo\"},{\"@type\":\"BreadcrumbList\",\"@id\":\"https:\\\/\\\/eldigitaldeasturias.com\\\/magazine365\\\/cc-oo-uso-cgt-y-cesha-convocan-huelga-indefinida-en-el-handling-de-globalia-a-partir-del-4-de-julio\\\/#breadcrumblist\",\"itemListElement\":[{\"@type\":\"ListItem\",\"@id\":\"https:\\\/\\\/eldigitaldeasturias.com\\\/magazine365#listItem\",\"position\":1,\"name\":\"Home\",\"item\":\"https:\\\/\\\/eldigitaldeasturias.com\\\/magazine365\",\"nextItem\":{\"@type\":\"ListItem\",\"@id\":\"https:\\\/\\\/eldigitaldeasturias.com\\\/magazine365\\\/category\\\/actualidad-turismo\\\/#listItem\",\"name\":\"Actualidad Turismo\"}},{\"@type\":\"ListItem\",\"@id\":\"https:\\\/\\\/eldigitaldeasturias.com\\\/magazine365\\\/category\\\/actualidad-turismo\\\/#listItem\",\"position\":2,\"name\":\"Actualidad Turismo\",\"item\":\"https:\\\/\\\/eldigitaldeasturias.com\\\/magazine365\\\/category\\\/actualidad-turismo\\\/\",\"nextItem\":{\"@type\":\"ListItem\",\"@id\":\"https:\\\/\\\/eldigitaldeasturias.com\\\/magazine365\\\/cc-oo-uso-cgt-y-cesha-convocan-huelga-indefinida-en-el-handling-de-globalia-a-partir-del-4-de-julio\\\/#listItem\",\"name\":\"CC.OO., USO, CGT y CESHA convocan huelga indefinida en el &#8216;handling&#8217; de Globalia a partir del 4 de julio\"},\"previousItem\":{\"@type\":\"ListItem\",\"@id\":\"https:\\\/\\\/eldigitaldeasturias.com\\\/magazine365#listItem\",\"name\":\"Home\"}},{\"@type\":\"ListItem\",\"@id\":\"https:\\\/\\\/eldigitaldeasturias.com\\\/magazine365\\\/cc-oo-uso-cgt-y-cesha-convocan-huelga-indefinida-en-el-handling-de-globalia-a-partir-del-4-de-julio\\\/#listItem\",\"position\":3,\"name\":\"CC.OO., USO, CGT y CESHA convocan huelga indefinida en el &#8216;handling&#8217; de Globalia a partir del 4 de julio\",\"previousItem\":{\"@type\":\"ListItem\",\"@id\":\"https:\\\/\\\/eldigitaldeasturias.com\\\/magazine365\\\/category\\\/actualidad-turismo\\\/#listItem\",\"name\":\"Actualidad Turismo\"}}]},{\"@type\":\"Organization\",\"@id\":\"https:\\\/\\\/eldigitaldeasturias.com\\\/magazine365\\\/#organization\",\"name\":\"El digital de Asturias\",\"description\":\"Revista de ocio, turismo y estilo de vida\",\"url\":\"https:\\\/\\\/eldigitaldeasturias.com\\\/magazine365\\\/\",\"logo\":{\"@type\":\"ImageObject\",\"url\":\"https:\\\/\\\/www.eldigitaldeasturias.com\\\/noticias\\\/wp-content\\\/uploads\\\/2020\\\/12\\\/EDA.jpg\",\"@id\":\"https:\\\/\\\/eldigitaldeasturias.com\\\/magazine365\\\/cc-oo-uso-cgt-y-cesha-convocan-huelga-indefinida-en-el-handling-de-globalia-a-partir-del-4-de-julio\\\/#organizationLogo\"},\"image\":{\"@id\":\"https:\\\/\\\/eldigitaldeasturias.com\\\/magazine365\\\/cc-oo-uso-cgt-y-cesha-convocan-huelga-indefinida-en-el-handling-de-globalia-a-partir-del-4-de-julio\\\/#organizationLogo\"}},{\"@type\":\"Person\",\"@id\":\"https:\\\/\\\/eldigitaldeasturias.com\\\/magazine365\\\/author\\\/admin\\\/#author\",\"url\":\"https:\\\/\\\/eldigitaldeasturias.com\\\/magazine365\\\/author\\\/admin\\\/\",\"name\":\"admin\",\"image\":{\"@type\":\"ImageObject\",\"@id\":\"https:\\\/\\\/eldigitaldeasturias.com\\\/magazine365\\\/cc-oo-uso-cgt-y-cesha-convocan-huelga-indefinida-en-el-handling-de-globalia-a-partir-del-4-de-julio\\\/#authorImage\",\"url\":\"https:\\\/\\\/eldigitaldeasturias.com\\\/magazine365\\\/wp-content\\\/litespeed\\\/avatar\\\/e571bcf59a0edd6fa6838245a470f2fe.jpg?ver=1777574230\",\"width\":96,\"height\":96,\"caption\":\"admin\"}},{\"@type\":\"WebPage\",\"@id\":\"https:\\\/\\\/eldigitaldeasturias.com\\\/magazine365\\\/cc-oo-uso-cgt-y-cesha-convocan-huelga-indefinida-en-el-handling-de-globalia-a-partir-del-4-de-julio\\\/#webpage\",\"url\":\"https:\\\/\\\/eldigitaldeasturias.com\\\/magazine365\\\/cc-oo-uso-cgt-y-cesha-convocan-huelga-indefinida-en-el-handling-de-globalia-a-partir-del-4-de-julio\\\/\",\"name\":\"CC.OO., USO, CGT y CESHA convocan huelga indefinida en el \\u2018handling\\u2019 de Globalia a partir del 4 de julio | El Digital de Asturias\",\"description\":\"CC.OO., USO, CGT y CESHA han convocado una huelga indefinida para este verano en todos los aeropuertos en los que opera la divisi\\u00f3n de 'handling' de Globalia, Groundforce, a partir del pr\\u00f3ximo 4 de julio, con paros parciales, como protesta a la falta de avances en la negociaci\\u00f3n del III Convenio Colectivo, informaron los sindicatos\",\"inLanguage\":\"es-ES\",\"isPartOf\":{\"@id\":\"https:\\\/\\\/eldigitaldeasturias.com\\\/magazine365\\\/#website\"},\"breadcrumb\":{\"@id\":\"https:\\\/\\\/eldigitaldeasturias.com\\\/magazine365\\\/cc-oo-uso-cgt-y-cesha-convocan-huelga-indefinida-en-el-handling-de-globalia-a-partir-del-4-de-julio\\\/#breadcrumblist\"},\"author\":{\"@id\":\"https:\\\/\\\/eldigitaldeasturias.com\\\/magazine365\\\/author\\\/admin\\\/#author\"},\"creator\":{\"@id\":\"https:\\\/\\\/eldigitaldeasturias.com\\\/magazine365\\\/author\\\/admin\\\/#author\"},\"image\":{\"@type\":\"ImageObject\",\"url\":\"https:\\\/\\\/eldigitaldeasturias.com\\\/magazine365\\\/wp-content\\\/uploads\\\/2015\\\/06\\\/fotonoticia_20150625173133_800.jpg\",\"@id\":\"https:\\\/\\\/eldigitaldeasturias.com\\\/magazine365\\\/cc-oo-uso-cgt-y-cesha-convocan-huelga-indefinida-en-el-handling-de-globalia-a-partir-del-4-de-julio\\\/#mainImage\",\"width\":800,\"height\":614},\"primaryImageOfPage\":{\"@id\":\"https:\\\/\\\/eldigitaldeasturias.com\\\/magazine365\\\/cc-oo-uso-cgt-y-cesha-convocan-huelga-indefinida-en-el-handling-de-globalia-a-partir-del-4-de-julio\\\/#mainImage\"},\"datePublished\":\"2015-06-25T23:02:48+02:00\",\"dateModified\":\"2015-06-25T23:02:48+02:00\"},{\"@type\":\"WebSite\",\"@id\":\"https:\\\/\\\/eldigitaldeasturias.com\\\/magazine365\\\/#website\",\"url\":\"https:\\\/\\\/eldigitaldeasturias.com\\\/magazine365\\\/\",\"name\":\"El Digital de Asturias\",\"description\":\"Revista de ocio, turismo y estilo de vida\",\"inLanguage\":\"es-ES\",\"publisher\":{\"@id\":\"https:\\\/\\\/eldigitaldeasturias.com\\\/magazine365\\\/#organization\"}}]}\n\t\t<\/script>\n\t\t<!-- All in One SEO Pro -->\r\n\t\t<title>CC.OO., USO, CGT y CESHA convocan huelga indefinida en el \u2018handling\u2019 de Globalia a partir del 4 de julio | El Digital de Asturias<\/title>\n\n","aioseo_head_json":{"title":"CC.OO., USO, CGT y CESHA convocan huelga indefinida en el \u2018handling\u2019 de Globalia a partir del 4 de julio | El Digital de Asturias","description":"CC.OO., USO, CGT y CESHA han convocado una huelga indefinida para este verano en todos los aeropuertos en los que opera la divisi\u00f3n de 'handling' de Globalia, Groundforce, a partir del pr\u00f3ximo 4 de julio, con paros parciales, como protesta a la falta de avances en la negociaci\u00f3n del III Convenio Colectivo, informaron los sindicatos","canonical_url":"https:\/\/eldigitaldeasturias.com\/magazine365\/cc-oo-uso-cgt-y-cesha-convocan-huelga-indefinida-en-el-handling-de-globalia-a-partir-del-4-de-julio\/","robots":"max-image-preview:large","keywords":"actualidad turismo","webmasterTools":{"google-site-verification":"UA-38556648-1","miscellaneous":""},"schema":{"@context":"https:\/\/schema.org","@graph":[{"@type":"Article","@id":"https:\/\/eldigitaldeasturias.com\/magazine365\/cc-oo-uso-cgt-y-cesha-convocan-huelga-indefinida-en-el-handling-de-globalia-a-partir-del-4-de-julio\/#article","name":"CC.OO., USO, CGT y CESHA convocan huelga indefinida en el \u2018handling\u2019 de Globalia a partir del 4 de julio | El Digital de Asturias","headline":"CC.OO., USO, CGT y CESHA convocan huelga indefinida en el &#8216;handling&#8217; de Globalia a partir del 4 de julio","author":{"@id":"https:\/\/eldigitaldeasturias.com\/magazine365\/author\/admin\/#author"},"publisher":{"@id":"https:\/\/eldigitaldeasturias.com\/magazine365\/#organization"},"image":{"@type":"ImageObject","url":"https:\/\/eldigitaldeasturias.com\/magazine365\/wp-content\/uploads\/2015\/06\/fotonoticia_20150625173133_800.jpg","width":800,"height":614},"datePublished":"2015-06-25T23:02:48+02:00","dateModified":"2015-06-25T23:02:48+02:00","inLanguage":"es-ES","mainEntityOfPage":{"@id":"https:\/\/eldigitaldeasturias.com\/magazine365\/cc-oo-uso-cgt-y-cesha-convocan-huelga-indefinida-en-el-handling-de-globalia-a-partir-del-4-de-julio\/#webpage"},"isPartOf":{"@id":"https:\/\/eldigitaldeasturias.com\/magazine365\/cc-oo-uso-cgt-y-cesha-convocan-huelga-indefinida-en-el-handling-de-globalia-a-partir-del-4-de-julio\/#webpage"},"articleSection":"Actualidad Turismo"},{"@type":"BreadcrumbList","@id":"https:\/\/eldigitaldeasturias.com\/magazine365\/cc-oo-uso-cgt-y-cesha-convocan-huelga-indefinida-en-el-handling-de-globalia-a-partir-del-4-de-julio\/#breadcrumblist","itemListElement":[{"@type":"ListItem","@id":"https:\/\/eldigitaldeasturias.com\/magazine365#listItem","position":1,"name":"Home","item":"https:\/\/eldigitaldeasturias.com\/magazine365","nextItem":{"@type":"ListItem","@id":"https:\/\/eldigitaldeasturias.com\/magazine365\/category\/actualidad-turismo\/#listItem","name":"Actualidad Turismo"}},{"@type":"ListItem","@id":"https:\/\/eldigitaldeasturias.com\/magazine365\/category\/actualidad-turismo\/#listItem","position":2,"name":"Actualidad Turismo","item":"https:\/\/eldigitaldeasturias.com\/magazine365\/category\/actualidad-turismo\/","nextItem":{"@type":"ListItem","@id":"https:\/\/eldigitaldeasturias.com\/magazine365\/cc-oo-uso-cgt-y-cesha-convocan-huelga-indefinida-en-el-handling-de-globalia-a-partir-del-4-de-julio\/#listItem","name":"CC.OO., USO, CGT y CESHA convocan huelga indefinida en el &#8216;handling&#8217; de Globalia a partir del 4 de julio"},"previousItem":{"@type":"ListItem","@id":"https:\/\/eldigitaldeasturias.com\/magazine365#listItem","name":"Home"}},{"@type":"ListItem","@id":"https:\/\/eldigitaldeasturias.com\/magazine365\/cc-oo-uso-cgt-y-cesha-convocan-huelga-indefinida-en-el-handling-de-globalia-a-partir-del-4-de-julio\/#listItem","position":3,"name":"CC.OO., USO, CGT y CESHA convocan huelga indefinida en el &#8216;handling&#8217; de Globalia a partir del 4 de julio","previousItem":{"@type":"ListItem","@id":"https:\/\/eldigitaldeasturias.com\/magazine365\/category\/actualidad-turismo\/#listItem","name":"Actualidad Turismo"}}]},{"@type":"Organization","@id":"https:\/\/eldigitaldeasturias.com\/magazine365\/#organization","name":"El digital de Asturias","description":"Revista de ocio, turismo y estilo de vida","url":"https:\/\/eldigitaldeasturias.com\/magazine365\/","logo":{"@type":"ImageObject","url":"https:\/\/www.eldigitaldeasturias.com\/noticias\/wp-content\/uploads\/2020\/12\/EDA.jpg","@id":"https:\/\/eldigitaldeasturias.com\/magazine365\/cc-oo-uso-cgt-y-cesha-convocan-huelga-indefinida-en-el-handling-de-globalia-a-partir-del-4-de-julio\/#organizationLogo"},"image":{"@id":"https:\/\/eldigitaldeasturias.com\/magazine365\/cc-oo-uso-cgt-y-cesha-convocan-huelga-indefinida-en-el-handling-de-globalia-a-partir-del-4-de-julio\/#organizationLogo"}},{"@type":"Person","@id":"https:\/\/eldigitaldeasturias.com\/magazine365\/author\/admin\/#author","url":"https:\/\/eldigitaldeasturias.com\/magazine365\/author\/admin\/","name":"admin","image":{"@type":"ImageObject","@id":"https:\/\/eldigitaldeasturias.com\/magazine365\/cc-oo-uso-cgt-y-cesha-convocan-huelga-indefinida-en-el-handling-de-globalia-a-partir-del-4-de-julio\/#authorImage","url":"https:\/\/eldigitaldeasturias.com\/magazine365\/wp-content\/litespeed\/avatar\/e571bcf59a0edd6fa6838245a470f2fe.jpg?ver=1777574230","width":96,"height":96,"caption":"admin"}},{"@type":"WebPage","@id":"https:\/\/eldigitaldeasturias.com\/magazine365\/cc-oo-uso-cgt-y-cesha-convocan-huelga-indefinida-en-el-handling-de-globalia-a-partir-del-4-de-julio\/#webpage","url":"https:\/\/eldigitaldeasturias.com\/magazine365\/cc-oo-uso-cgt-y-cesha-convocan-huelga-indefinida-en-el-handling-de-globalia-a-partir-del-4-de-julio\/","name":"CC.OO., USO, CGT y CESHA convocan huelga indefinida en el \u2018handling\u2019 de Globalia a partir del 4 de julio | El Digital de Asturias","description":"CC.OO., USO, CGT y CESHA han convocado una huelga indefinida para este verano en todos los aeropuertos en los que opera la divisi\u00f3n de 'handling' de Globalia, Groundforce, a partir del pr\u00f3ximo 4 de julio, con paros parciales, como protesta a la falta de avances en la negociaci\u00f3n del III Convenio Colectivo, informaron los sindicatos","inLanguage":"es-ES","isPartOf":{"@id":"https:\/\/eldigitaldeasturias.com\/magazine365\/#website"},"breadcrumb":{"@id":"https:\/\/eldigitaldeasturias.com\/magazine365\/cc-oo-uso-cgt-y-cesha-convocan-huelga-indefinida-en-el-handling-de-globalia-a-partir-del-4-de-julio\/#breadcrumblist"},"author":{"@id":"https:\/\/eldigitaldeasturias.com\/magazine365\/author\/admin\/#author"},"creator":{"@id":"https:\/\/eldigitaldeasturias.com\/magazine365\/author\/admin\/#author"},"image":{"@type":"ImageObject","url":"https:\/\/eldigitaldeasturias.com\/magazine365\/wp-content\/uploads\/2015\/06\/fotonoticia_20150625173133_800.jpg","@id":"https:\/\/eldigitaldeasturias.com\/magazine365\/cc-oo-uso-cgt-y-cesha-convocan-huelga-indefinida-en-el-handling-de-globalia-a-partir-del-4-de-julio\/#mainImage","width":800,"height":614},"primaryImageOfPage":{"@id":"https:\/\/eldigitaldeasturias.com\/magazine365\/cc-oo-uso-cgt-y-cesha-convocan-huelga-indefinida-en-el-handling-de-globalia-a-partir-del-4-de-julio\/#mainImage"},"datePublished":"2015-06-25T23:02:48+02:00","dateModified":"2015-06-25T23:02:48+02:00"},{"@type":"WebSite","@id":"https:\/\/eldigitaldeasturias.com\/magazine365\/#website","url":"https:\/\/eldigitaldeasturias.com\/magazine365\/","name":"El Digital de Asturias","description":"Revista de ocio, turismo y estilo de vida","inLanguage":"es-ES","publisher":{"@id":"https:\/\/eldigitaldeasturias.com\/magazine365\/#organization"}}]},"og:locale":"es_ES","og:site_name":"El Digital de Asturias \u2013 Revista de ocio, turismo y estilo de vida","og:type":"article","og:title":"CC.OO., USO, CGT y CESHA convocan huelga indefinida en el \u2018handling\u2019 de Globalia a partir del 4 de julio | El Digital de Asturias","og:description":"CC.OO., USO, CGT y CESHA han convocado una huelga indefinida para este verano en todos los aeropuertos en los que opera la divisi\u00f3n de 'handling' de Globalia, Groundforce, a partir del pr\u00f3ximo 4 de julio, con paros parciales, como protesta a la falta de avances en la negociaci\u00f3n del III Convenio Colectivo, informaron los sindicatos","og:url":"https:\/\/eldigitaldeasturias.com\/magazine365\/cc-oo-uso-cgt-y-cesha-convocan-huelga-indefinida-en-el-handling-de-globalia-a-partir-del-4-de-julio\/","og:image":"https:\/\/eldigitaldeasturias.com\/magazine365\/wp-content\/uploads\/2015\/06\/fotonoticia_20150625173133_800.jpg","og:image:secure_url":"https:\/\/eldigitaldeasturias.com\/magazine365\/wp-content\/uploads\/2015\/06\/fotonoticia_20150625173133_800.jpg","og:image:width":800,"og:image:height":614,"article:published_time":"2015-06-25T21:32:48+00:00","article:modified_time":"2015-06-25T21:32:48+00:00","twitter:card":"summary_large_image","twitter:title":"CC.OO., USO, CGT y CESHA convocan huelga indefinida en el \u2018handling\u2019 de Globalia a partir del 4 de julio | El Digital de Asturias","twitter:description":"CC.OO., USO, CGT y CESHA han convocado una huelga indefinida para este verano en todos los aeropuertos en los que opera la divisi\u00f3n de 'handling' de Globalia, Groundforce, a partir del pr\u00f3ximo 4 de julio, con paros parciales, como protesta a la falta de avances en la negociaci\u00f3n del III Convenio Colectivo, informaron los sindicatos","twitter:image":"https:\/\/eldigitaldeasturias.com\/magazine365\/wp-content\/uploads\/2015\/06\/fotonoticia_20150625173133_800.jpg"},"aioseo_meta_data":{"post_id":"41050","title":null,"description":null,"keywords":null,"keyphrases":null,"primary_term":null,"canonical_url":null,"og_title":null,"og_description":null,"og_object_type":"default","og_image_type":"default","og_image_url":null,"og_image_width":null,"og_image_height":null,"og_image_custom_url":null,"og_image_custom_fields":null,"og_video":null,"og_custom_url":null,"og_article_section":null,"og_article_tags":null,"twitter_use_og":false,"twitter_card":"default","twitter_image_type":"default","twitter_image_url":null,"twitter_image_custom_url":null,"twitter_image_custom_fields":null,"twitter_title":null,"twitter_description":null,"schema":{"blockGraphs":[],"customGraphs":[],"default":{"data":{"Article":[],"Course":[],"Dataset":[],"FAQPage":[],"Movie":[],"Person":[],"Product":[],"ProductReview":[],"Car":[],"Recipe":[],"Service":[],"SoftwareApplication":[],"WebPage":[]},"graphName":"","isEnabled":true},"graphs":[],"defaultGraph":"","defaultPostTypeGraph":""},"schema_type":null,"schema_type_options":null,"pillar_content":false,"robots_default":true,"robots_noindex":false,"robots_noarchive":false,"robots_nosnippet":false,"robots_nofollow":false,"robots_noimageindex":false,"robots_noodp":false,"robots_notranslate":false,"robots_max_snippet":null,"robots_max_videopreview":null,"robots_max_imagepreview":"large","priority":null,"frequency":null,"location":null,"local_seo":null,"seo_analyzer_scan_date":"2025-09-19 14:54:51","breadcrumb_settings":null,"limit_modified_date":false,"open_ai":null,"ai":null,"created":"2021-03-09 02:20:43","updated":"2025-09-19 14:54:51"},"aioseo_breadcrumb":"<div class=\"aioseo-breadcrumbs\"><span class=\"aioseo-breadcrumb\">\n\t<a href=\"https:\/\/eldigitaldeasturias.com\/magazine365\" title=\"Home\">Home<\/a>\n<\/span><span class=\"aioseo-breadcrumb-separator\">\u2013<\/span><span class=\"aioseo-breadcrumb\">\n\t<a href=\"https:\/\/eldigitaldeasturias.com\/magazine365\/category\/actualidad-turismo\/\" title=\"Actualidad Turismo\">Actualidad Turismo<\/a>\n<\/span><span class=\"aioseo-breadcrumb-separator\">\u2013<\/span><span class=\"aioseo-breadcrumb\">\n\t<a href=\"https:\/\/eldigitaldeasturias.com\/magazine365\/cc-oo-uso-cgt-y-cesha-convocan-huelga-indefinida-en-el-handling-de-globalia-a-partir-del-4-de-julio\/\" title=\"CC.OO., USO, CGT y CESHA convocan huelga indefinida en el \u2018handling\u2019 de Globalia a partir del 4 de julio\">CC.OO., USO, CGT y CESHA convocan huelga indefinida en el \u2018handling\u2019 de Globalia a partir del 4 de julio<\/a>\n<\/span><\/div>","aioseo_breadcrumb_json":[{"label":"Home","link":"https:\/\/eldigitaldeasturias.com\/magazine365"},{"label":"Actualidad Turismo","link":"https:\/\/eldigitaldeasturias.com\/magazine365\/category\/actualidad-turismo\/"},{"label":"CC.OO., USO, CGT y CESHA convocan huelga indefinida en el &#8216;handling&#8217; de Globalia a partir del 4 de julio","link":"https:\/\/eldigitaldeasturias.com\/magazine365\/cc-oo-uso-cgt-y-cesha-convocan-huelga-indefinida-en-el-handling-de-globalia-a-partir-del-4-de-julio\/"}],"_links":{"self":[{"href":"https:\/\/eldigitaldeasturias.com\/magazine365\/wp-json\/wp\/v2\/posts\/41050","targetHints":{"allow":["GET"]}}],"collection":[{"href":"https:\/\/eldigitaldeasturias.com\/magazine365\/wp-json\/wp\/v2\/posts"}],"about":[{"href":"https:\/\/eldigitaldeasturias.com\/magazine365\/wp-json\/wp\/v2\/types\/post"}],"author":[{"embeddable":true,"href":"https:\/\/eldigitaldeasturias.com\/magazine365\/wp-json\/wp\/v2\/users\/1"}],"replies":[{"embeddable":true,"href":"https:\/\/eldigitaldeasturias.com\/magazine365\/wp-json\/wp\/v2\/comments?post=41050"}],"version-history":[{"count":0,"href":"https:\/\/eldigitaldeasturias.com\/magazine365\/wp-json\/wp\/v2\/posts\/41050\/revisions"}],"wp:featuredmedia":[{"embeddable":true,"href":"https:\/\/eldigitaldeasturias.com\/magazine365\/wp-json\/wp\/v2\/media\/41051"}],"wp:attachment":[{"href":"https:\/\/eldigitaldeasturias.com\/magazine365\/wp-json\/wp\/v2\/media?parent=41050"}],"wp:term":[{"taxonomy":"category","embeddable":true,"href":"https:\/\/eldigitaldeasturias.com\/magazine365\/wp-json\/wp\/v2\/categories?post=41050"},{"taxonomy":"post_tag","embeddable":true,"href":"https:\/\/eldigitaldeasturias.com\/magazine365\/wp-json\/wp\/v2\/tags?post=41050"}],"curies":[{"name":"wp","href":"https:\/\/api.w.org\/{rel}","templated":true}]}}