{"id":41047,"date":"2015-06-25T22:57:51","date_gmt":"2015-06-25T21:27:51","guid":{"rendered":"http:\/\/eldigitaldeasturias.com\/magazine365\/?p=41047"},"modified":"2015-06-25T22:57:51","modified_gmt":"2015-06-25T21:27:51","slug":"el-ayuntamiento-de-torremolinos-solicitara-su-integracion-en-el-consorcio-de-transporte-metropolitano-de-malaga","status":"publish","type":"post","link":"https:\/\/eldigitaldeasturias.com\/magazine365\/el-ayuntamiento-de-torremolinos-solicitara-su-integracion-en-el-consorcio-de-transporte-metropolitano-de-malaga\/","title":{"rendered":"El Ayuntamiento de Torremolinos solicitar\u00e1 su integraci\u00f3n en el Consorcio de Transporte Metropolitano de M\u00e1laga"},"content":{"rendered":"<p><img fetchpriority=\"high\" decoding=\"async\" class=\"alignleft size-medium wp-image-41048\" src=\"https:\/\/eldigitaldeasturias.com\/magazine365\/wp-content\/uploads\/2015\/06\/fotonoticia_20150625172302_800-360x263.jpg\" alt=\"fotonoticia_20150625172302_800\" width=\"360\" height=\"263\" srcset=\"https:\/\/eldigitaldeasturias.com\/magazine365\/wp-content\/uploads\/2015\/06\/fotonoticia_20150625172302_800-360x263.jpg 360w, https:\/\/eldigitaldeasturias.com\/magazine365\/wp-content\/uploads\/2015\/06\/fotonoticia_20150625172302_800-650x475.jpg 650w, https:\/\/eldigitaldeasturias.com\/magazine365\/wp-content\/uploads\/2015\/06\/fotonoticia_20150625172302_800-768x561.jpg 768w, https:\/\/eldigitaldeasturias.com\/magazine365\/wp-content\/uploads\/2015\/06\/fotonoticia_20150625172302_800-150x110.jpg 150w, https:\/\/eldigitaldeasturias.com\/magazine365\/wp-content\/uploads\/2015\/06\/fotonoticia_20150625172302_800-450x329.jpg 450w, https:\/\/eldigitaldeasturias.com\/magazine365\/wp-content\/uploads\/2015\/06\/fotonoticia_20150625172302_800-696x508.jpg 696w, https:\/\/eldigitaldeasturias.com\/magazine365\/wp-content\/uploads\/2015\/06\/fotonoticia_20150625172302_800-575x420.jpg 575w, https:\/\/eldigitaldeasturias.com\/magazine365\/wp-content\/uploads\/2015\/06\/fotonoticia_20150625172302_800-90x67.jpg 90w, https:\/\/eldigitaldeasturias.com\/magazine365\/wp-content\/uploads\/2015\/06\/fotonoticia_20150625172302_800.jpg 800w\" sizes=\"(max-width: 360px) 100vw, 360px\" \/>El Ayuntamiento del municipio malague\u00f1o de Torremolinos solicitar\u00e1 su integraci\u00f3n en el Consorcio de Transporte Metropolitano del \u00c1rea de M\u00e1laga, entidad constituida en 2003 por la Junta de Andaluc\u00eda.<\/p>\n<p>Desde el Ayuntamiento de Torremolinos han lamentado que este municipio no forme parte de este consorcio a pesar de que las l\u00edneas de transporte pasan por su t\u00e9rmino municipal.<\/p>\n<p>\u00abEl Ayuntamiento quiere acabar con esta situaci\u00f3n de desventaja con la que cuentan los vecinos y ya est\u00e1 tramitando las gestiones oportunas para la integraci\u00f3n en este consorcio\u00bb, seg\u00fan han indicado en un comunicado.<\/p>\n<p>Entre los beneficios para los ciudadanos, se encuentra la reducci\u00f3n de m\u00e1s del 35 por ciento del coste de transporte interurbano o metropolitano.<\/p>\n<p>Adem\u00e1s, con la tarjeta monedero del consorcio se puede acceder a transbordos &#8211;de una l\u00ednea a otra&#8211; y a la intermodalidad &#8211;autobuses interurbanos, urbanos, metro y tren de Cercan\u00edas&#8211;, as\u00ed como otros servicios a\u00f1adidos.<\/p>\n<p>El Consorcio de Transporte Metropolitano est\u00e1 integrado por 13 municipios: Alhaur\u00edn de la Torre, Alhaur\u00edn el Grande, Almog\u00eda, \u00c1lora, Benalm\u00e1dena, C\u00e1rtama, Casabermeja, Colmenar, M\u00e1laga, Mijas, Pizarra, Rinc\u00f3n de la Victoria y Total\u00e1n. La poblaci\u00f3n que se beneficia de esta red asciende a 854.000 habitantes, lo que equivale al 53 por ciento de la provincia.<\/p>\n","protected":false},"excerpt":{"rendered":"<p>El Ayuntamiento del municipio malague\u00f1o de Torremolinos solicitar\u00e1 su integraci\u00f3n en el Consorcio de Transporte Metropolitano del \u00c1rea de M\u00e1laga, entidad constituida en 2003 por la Junta de Andaluc\u00eda. Desde el Ayuntamiento de Torremolinos han lamentado que este municipio no forme parte de este consorcio a pesar de que las l\u00edneas de transporte pasan por<\/p>\n","protected":false},"author":1,"featured_media":41048,"comment_status":"open","ping_status":"closed","sticky":false,"template":"","format":"standard","meta":{"footnotes":""},"categories":[222],"tags":[],"class_list":{"0":"post-41047","1":"post","2":"type-post","3":"status-publish","4":"format-standard","5":"has-post-thumbnail","7":"category-actualidad-turismo"},"aioseo_notices":[],"aioseo_head":"\n\t\t<!-- All in One SEO Pro 4.9.6.1 - aioseo.com -->\n\t<meta name=\"description\" content=\"El Ayuntamiento del municipio malague\u00f1o de Torremolinos solicitar\u00e1 su integraci\u00f3n en el Consorcio de Transporte Metropolitano del \u00c1rea de M\u00e1laga, entidad constituida en 2003 por la Junta de Andaluc\u00eda. Desde el Ayuntamiento de Torremolinos han lamentado que este municipio no forme parte de este consorcio a pesar de que las l\u00edneas de transporte pasan por\" \/>\n\t<meta name=\"robots\" content=\"max-image-preview:large\" \/>\n\t<meta name=\"author\" content=\"admin\"\/>\n\t<meta name=\"google-site-verification\" content=\"UA-38556648-1\" \/>\n\t<meta name=\"keywords\" content=\"actualidad turismo\" \/>\n\t<link rel=\"canonical\" href=\"https:\/\/eldigitaldeasturias.com\/magazine365\/el-ayuntamiento-de-torremolinos-solicitara-su-integracion-en-el-consorcio-de-transporte-metropolitano-de-malaga\/\" \/>\n\t<meta name=\"generator\" content=\"All in One SEO Pro (AIOSEO) 4.9.6.1\" \/>\n\t\t<meta property=\"og:locale\" content=\"es_ES\" \/>\n\t\t<meta property=\"og:site_name\" content=\"El Digital de Asturias \u2013 Revista de ocio, turismo y estilo de vida\" \/>\n\t\t<meta property=\"og:type\" content=\"article\" \/>\n\t\t<meta property=\"og:title\" content=\"El Ayuntamiento de Torremolinos solicitar\u00e1 su integraci\u00f3n en el Consorcio de Transporte Metropolitano de M\u00e1laga | El Digital de Asturias\" \/>\n\t\t<meta property=\"og:description\" content=\"El Ayuntamiento del municipio malague\u00f1o de Torremolinos solicitar\u00e1 su integraci\u00f3n en el Consorcio de Transporte Metropolitano del \u00c1rea de M\u00e1laga, entidad constituida en 2003 por la Junta de Andaluc\u00eda. Desde el Ayuntamiento de Torremolinos han lamentado que este municipio no forme parte de este consorcio a pesar de que las l\u00edneas de transporte pasan por\" \/>\n\t\t<meta property=\"og:url\" content=\"https:\/\/eldigitaldeasturias.com\/magazine365\/el-ayuntamiento-de-torremolinos-solicitara-su-integracion-en-el-consorcio-de-transporte-metropolitano-de-malaga\/\" \/>\n\t\t<meta property=\"og:image\" content=\"https:\/\/eldigitaldeasturias.com\/magazine365\/wp-content\/uploads\/2015\/06\/fotonoticia_20150625172302_800.jpg\" \/>\n\t\t<meta property=\"og:image:secure_url\" content=\"https:\/\/eldigitaldeasturias.com\/magazine365\/wp-content\/uploads\/2015\/06\/fotonoticia_20150625172302_800.jpg\" \/>\n\t\t<meta property=\"og:image:width\" content=\"800\" \/>\n\t\t<meta property=\"og:image:height\" content=\"584\" \/>\n\t\t<meta property=\"article:published_time\" content=\"2015-06-25T21:27:51+00:00\" \/>\n\t\t<meta property=\"article:modified_time\" content=\"2015-06-25T21:27:51+00:00\" \/>\n\t\t<meta name=\"twitter:card\" content=\"summary_large_image\" \/>\n\t\t<meta name=\"twitter:title\" content=\"El Ayuntamiento de Torremolinos solicitar\u00e1 su integraci\u00f3n en el Consorcio de Transporte Metropolitano de M\u00e1laga | El Digital de Asturias\" \/>\n\t\t<meta name=\"twitter:description\" content=\"El Ayuntamiento del municipio malague\u00f1o de Torremolinos solicitar\u00e1 su integraci\u00f3n en el Consorcio de Transporte Metropolitano del \u00c1rea de M\u00e1laga, entidad constituida en 2003 por la Junta de Andaluc\u00eda. Desde el Ayuntamiento de Torremolinos han lamentado que este municipio no forme parte de este consorcio a pesar de que las l\u00edneas de transporte pasan por\" \/>\n\t\t<meta name=\"twitter:image\" content=\"https:\/\/eldigitaldeasturias.com\/magazine365\/wp-content\/uploads\/2015\/06\/fotonoticia_20150625172302_800.jpg\" \/>\n\t\t<script type=\"application\/ld+json\" class=\"aioseo-schema\">\n\t\t\t{\"@context\":\"https:\\\/\\\/schema.org\",\"@graph\":[{\"@type\":\"Article\",\"@id\":\"https:\\\/\\\/eldigitaldeasturias.com\\\/magazine365\\\/el-ayuntamiento-de-torremolinos-solicitara-su-integracion-en-el-consorcio-de-transporte-metropolitano-de-malaga\\\/#article\",\"name\":\"El Ayuntamiento de Torremolinos solicitar\\u00e1 su integraci\\u00f3n en el Consorcio de Transporte Metropolitano de M\\u00e1laga | El Digital de Asturias\",\"headline\":\"El Ayuntamiento de Torremolinos solicitar\\u00e1 su integraci\\u00f3n en el Consorcio de Transporte Metropolitano de M\\u00e1laga\",\"author\":{\"@id\":\"https:\\\/\\\/eldigitaldeasturias.com\\\/magazine365\\\/author\\\/admin\\\/#author\"},\"publisher\":{\"@id\":\"https:\\\/\\\/eldigitaldeasturias.com\\\/magazine365\\\/#organization\"},\"image\":{\"@type\":\"ImageObject\",\"url\":\"https:\\\/\\\/eldigitaldeasturias.com\\\/magazine365\\\/wp-content\\\/uploads\\\/2015\\\/06\\\/fotonoticia_20150625172302_800.jpg\",\"width\":800,\"height\":584},\"datePublished\":\"2015-06-25T22:57:51+02:00\",\"dateModified\":\"2015-06-25T22:57:51+02:00\",\"inLanguage\":\"es-ES\",\"mainEntityOfPage\":{\"@id\":\"https:\\\/\\\/eldigitaldeasturias.com\\\/magazine365\\\/el-ayuntamiento-de-torremolinos-solicitara-su-integracion-en-el-consorcio-de-transporte-metropolitano-de-malaga\\\/#webpage\"},\"isPartOf\":{\"@id\":\"https:\\\/\\\/eldigitaldeasturias.com\\\/magazine365\\\/el-ayuntamiento-de-torremolinos-solicitara-su-integracion-en-el-consorcio-de-transporte-metropolitano-de-malaga\\\/#webpage\"},\"articleSection\":\"Actualidad Turismo\"},{\"@type\":\"BreadcrumbList\",\"@id\":\"https:\\\/\\\/eldigitaldeasturias.com\\\/magazine365\\\/el-ayuntamiento-de-torremolinos-solicitara-su-integracion-en-el-consorcio-de-transporte-metropolitano-de-malaga\\\/#breadcrumblist\",\"itemListElement\":[{\"@type\":\"ListItem\",\"@id\":\"https:\\\/\\\/eldigitaldeasturias.com\\\/magazine365#listItem\",\"position\":1,\"name\":\"Home\",\"item\":\"https:\\\/\\\/eldigitaldeasturias.com\\\/magazine365\",\"nextItem\":{\"@type\":\"ListItem\",\"@id\":\"https:\\\/\\\/eldigitaldeasturias.com\\\/magazine365\\\/category\\\/actualidad-turismo\\\/#listItem\",\"name\":\"Actualidad Turismo\"}},{\"@type\":\"ListItem\",\"@id\":\"https:\\\/\\\/eldigitaldeasturias.com\\\/magazine365\\\/category\\\/actualidad-turismo\\\/#listItem\",\"position\":2,\"name\":\"Actualidad Turismo\",\"item\":\"https:\\\/\\\/eldigitaldeasturias.com\\\/magazine365\\\/category\\\/actualidad-turismo\\\/\",\"nextItem\":{\"@type\":\"ListItem\",\"@id\":\"https:\\\/\\\/eldigitaldeasturias.com\\\/magazine365\\\/el-ayuntamiento-de-torremolinos-solicitara-su-integracion-en-el-consorcio-de-transporte-metropolitano-de-malaga\\\/#listItem\",\"name\":\"El Ayuntamiento de Torremolinos solicitar\\u00e1 su integraci\\u00f3n en el Consorcio de Transporte Metropolitano de M\\u00e1laga\"},\"previousItem\":{\"@type\":\"ListItem\",\"@id\":\"https:\\\/\\\/eldigitaldeasturias.com\\\/magazine365#listItem\",\"name\":\"Home\"}},{\"@type\":\"ListItem\",\"@id\":\"https:\\\/\\\/eldigitaldeasturias.com\\\/magazine365\\\/el-ayuntamiento-de-torremolinos-solicitara-su-integracion-en-el-consorcio-de-transporte-metropolitano-de-malaga\\\/#listItem\",\"position\":3,\"name\":\"El Ayuntamiento de Torremolinos solicitar\\u00e1 su integraci\\u00f3n en el Consorcio de Transporte Metropolitano de M\\u00e1laga\",\"previousItem\":{\"@type\":\"ListItem\",\"@id\":\"https:\\\/\\\/eldigitaldeasturias.com\\\/magazine365\\\/category\\\/actualidad-turismo\\\/#listItem\",\"name\":\"Actualidad Turismo\"}}]},{\"@type\":\"Organization\",\"@id\":\"https:\\\/\\\/eldigitaldeasturias.com\\\/magazine365\\\/#organization\",\"name\":\"El digital de Asturias\",\"description\":\"Revista de ocio, turismo y estilo de vida\",\"url\":\"https:\\\/\\\/eldigitaldeasturias.com\\\/magazine365\\\/\",\"logo\":{\"@type\":\"ImageObject\",\"url\":\"https:\\\/\\\/www.eldigitaldeasturias.com\\\/noticias\\\/wp-content\\\/uploads\\\/2020\\\/12\\\/EDA.jpg\",\"@id\":\"https:\\\/\\\/eldigitaldeasturias.com\\\/magazine365\\\/el-ayuntamiento-de-torremolinos-solicitara-su-integracion-en-el-consorcio-de-transporte-metropolitano-de-malaga\\\/#organizationLogo\"},\"image\":{\"@id\":\"https:\\\/\\\/eldigitaldeasturias.com\\\/magazine365\\\/el-ayuntamiento-de-torremolinos-solicitara-su-integracion-en-el-consorcio-de-transporte-metropolitano-de-malaga\\\/#organizationLogo\"}},{\"@type\":\"Person\",\"@id\":\"https:\\\/\\\/eldigitaldeasturias.com\\\/magazine365\\\/author\\\/admin\\\/#author\",\"url\":\"https:\\\/\\\/eldigitaldeasturias.com\\\/magazine365\\\/author\\\/admin\\\/\",\"name\":\"admin\",\"image\":{\"@type\":\"ImageObject\",\"@id\":\"https:\\\/\\\/eldigitaldeasturias.com\\\/magazine365\\\/el-ayuntamiento-de-torremolinos-solicitara-su-integracion-en-el-consorcio-de-transporte-metropolitano-de-malaga\\\/#authorImage\",\"url\":\"https:\\\/\\\/eldigitaldeasturias.com\\\/magazine365\\\/wp-content\\\/litespeed\\\/avatar\\\/e571bcf59a0edd6fa6838245a470f2fe.jpg?ver=1777574230\",\"width\":96,\"height\":96,\"caption\":\"admin\"}},{\"@type\":\"WebPage\",\"@id\":\"https:\\\/\\\/eldigitaldeasturias.com\\\/magazine365\\\/el-ayuntamiento-de-torremolinos-solicitara-su-integracion-en-el-consorcio-de-transporte-metropolitano-de-malaga\\\/#webpage\",\"url\":\"https:\\\/\\\/eldigitaldeasturias.com\\\/magazine365\\\/el-ayuntamiento-de-torremolinos-solicitara-su-integracion-en-el-consorcio-de-transporte-metropolitano-de-malaga\\\/\",\"name\":\"El Ayuntamiento de Torremolinos solicitar\\u00e1 su integraci\\u00f3n en el Consorcio de Transporte Metropolitano de M\\u00e1laga | El Digital de Asturias\",\"description\":\"El Ayuntamiento del municipio malague\\u00f1o de Torremolinos solicitar\\u00e1 su integraci\\u00f3n en el Consorcio de Transporte Metropolitano del \\u00c1rea de M\\u00e1laga, entidad constituida en 2003 por la Junta de Andaluc\\u00eda. Desde el Ayuntamiento de Torremolinos han lamentado que este municipio no forme parte de este consorcio a pesar de que las l\\u00edneas de transporte pasan por\",\"inLanguage\":\"es-ES\",\"isPartOf\":{\"@id\":\"https:\\\/\\\/eldigitaldeasturias.com\\\/magazine365\\\/#website\"},\"breadcrumb\":{\"@id\":\"https:\\\/\\\/eldigitaldeasturias.com\\\/magazine365\\\/el-ayuntamiento-de-torremolinos-solicitara-su-integracion-en-el-consorcio-de-transporte-metropolitano-de-malaga\\\/#breadcrumblist\"},\"author\":{\"@id\":\"https:\\\/\\\/eldigitaldeasturias.com\\\/magazine365\\\/author\\\/admin\\\/#author\"},\"creator\":{\"@id\":\"https:\\\/\\\/eldigitaldeasturias.com\\\/magazine365\\\/author\\\/admin\\\/#author\"},\"image\":{\"@type\":\"ImageObject\",\"url\":\"https:\\\/\\\/eldigitaldeasturias.com\\\/magazine365\\\/wp-content\\\/uploads\\\/2015\\\/06\\\/fotonoticia_20150625172302_800.jpg\",\"@id\":\"https:\\\/\\\/eldigitaldeasturias.com\\\/magazine365\\\/el-ayuntamiento-de-torremolinos-solicitara-su-integracion-en-el-consorcio-de-transporte-metropolitano-de-malaga\\\/#mainImage\",\"width\":800,\"height\":584},\"primaryImageOfPage\":{\"@id\":\"https:\\\/\\\/eldigitaldeasturias.com\\\/magazine365\\\/el-ayuntamiento-de-torremolinos-solicitara-su-integracion-en-el-consorcio-de-transporte-metropolitano-de-malaga\\\/#mainImage\"},\"datePublished\":\"2015-06-25T22:57:51+02:00\",\"dateModified\":\"2015-06-25T22:57:51+02:00\"},{\"@type\":\"WebSite\",\"@id\":\"https:\\\/\\\/eldigitaldeasturias.com\\\/magazine365\\\/#website\",\"url\":\"https:\\\/\\\/eldigitaldeasturias.com\\\/magazine365\\\/\",\"name\":\"El Digital de Asturias\",\"description\":\"Revista de ocio, turismo y estilo de vida\",\"inLanguage\":\"es-ES\",\"publisher\":{\"@id\":\"https:\\\/\\\/eldigitaldeasturias.com\\\/magazine365\\\/#organization\"}}]}\n\t\t<\/script>\n\t\t<!-- All in One SEO Pro -->\r\n\t\t<title>El Ayuntamiento de Torremolinos solicitar\u00e1 su integraci\u00f3n en el Consorcio de Transporte Metropolitano de M\u00e1laga | El Digital de Asturias<\/title>\n\n","aioseo_head_json":{"title":"El Ayuntamiento de Torremolinos solicitar\u00e1 su integraci\u00f3n en el Consorcio de Transporte Metropolitano de M\u00e1laga | El Digital de Asturias","description":"El Ayuntamiento del municipio malague\u00f1o de Torremolinos solicitar\u00e1 su integraci\u00f3n en el Consorcio de Transporte Metropolitano del \u00c1rea de M\u00e1laga, entidad constituida en 2003 por la Junta de Andaluc\u00eda. Desde el Ayuntamiento de Torremolinos han lamentado que este municipio no forme parte de este consorcio a pesar de que las l\u00edneas de transporte pasan por","canonical_url":"https:\/\/eldigitaldeasturias.com\/magazine365\/el-ayuntamiento-de-torremolinos-solicitara-su-integracion-en-el-consorcio-de-transporte-metropolitano-de-malaga\/","robots":"max-image-preview:large","keywords":"actualidad turismo","webmasterTools":{"google-site-verification":"UA-38556648-1","miscellaneous":""},"schema":{"@context":"https:\/\/schema.org","@graph":[{"@type":"Article","@id":"https:\/\/eldigitaldeasturias.com\/magazine365\/el-ayuntamiento-de-torremolinos-solicitara-su-integracion-en-el-consorcio-de-transporte-metropolitano-de-malaga\/#article","name":"El Ayuntamiento de Torremolinos solicitar\u00e1 su integraci\u00f3n en el Consorcio de Transporte Metropolitano de M\u00e1laga | El Digital de Asturias","headline":"El Ayuntamiento de Torremolinos solicitar\u00e1 su integraci\u00f3n en el Consorcio de Transporte Metropolitano de M\u00e1laga","author":{"@id":"https:\/\/eldigitaldeasturias.com\/magazine365\/author\/admin\/#author"},"publisher":{"@id":"https:\/\/eldigitaldeasturias.com\/magazine365\/#organization"},"image":{"@type":"ImageObject","url":"https:\/\/eldigitaldeasturias.com\/magazine365\/wp-content\/uploads\/2015\/06\/fotonoticia_20150625172302_800.jpg","width":800,"height":584},"datePublished":"2015-06-25T22:57:51+02:00","dateModified":"2015-06-25T22:57:51+02:00","inLanguage":"es-ES","mainEntityOfPage":{"@id":"https:\/\/eldigitaldeasturias.com\/magazine365\/el-ayuntamiento-de-torremolinos-solicitara-su-integracion-en-el-consorcio-de-transporte-metropolitano-de-malaga\/#webpage"},"isPartOf":{"@id":"https:\/\/eldigitaldeasturias.com\/magazine365\/el-ayuntamiento-de-torremolinos-solicitara-su-integracion-en-el-consorcio-de-transporte-metropolitano-de-malaga\/#webpage"},"articleSection":"Actualidad Turismo"},{"@type":"BreadcrumbList","@id":"https:\/\/eldigitaldeasturias.com\/magazine365\/el-ayuntamiento-de-torremolinos-solicitara-su-integracion-en-el-consorcio-de-transporte-metropolitano-de-malaga\/#breadcrumblist","itemListElement":[{"@type":"ListItem","@id":"https:\/\/eldigitaldeasturias.com\/magazine365#listItem","position":1,"name":"Home","item":"https:\/\/eldigitaldeasturias.com\/magazine365","nextItem":{"@type":"ListItem","@id":"https:\/\/eldigitaldeasturias.com\/magazine365\/category\/actualidad-turismo\/#listItem","name":"Actualidad Turismo"}},{"@type":"ListItem","@id":"https:\/\/eldigitaldeasturias.com\/magazine365\/category\/actualidad-turismo\/#listItem","position":2,"name":"Actualidad Turismo","item":"https:\/\/eldigitaldeasturias.com\/magazine365\/category\/actualidad-turismo\/","nextItem":{"@type":"ListItem","@id":"https:\/\/eldigitaldeasturias.com\/magazine365\/el-ayuntamiento-de-torremolinos-solicitara-su-integracion-en-el-consorcio-de-transporte-metropolitano-de-malaga\/#listItem","name":"El Ayuntamiento de Torremolinos solicitar\u00e1 su integraci\u00f3n en el Consorcio de Transporte Metropolitano de M\u00e1laga"},"previousItem":{"@type":"ListItem","@id":"https:\/\/eldigitaldeasturias.com\/magazine365#listItem","name":"Home"}},{"@type":"ListItem","@id":"https:\/\/eldigitaldeasturias.com\/magazine365\/el-ayuntamiento-de-torremolinos-solicitara-su-integracion-en-el-consorcio-de-transporte-metropolitano-de-malaga\/#listItem","position":3,"name":"El Ayuntamiento de Torremolinos solicitar\u00e1 su integraci\u00f3n en el Consorcio de Transporte Metropolitano de M\u00e1laga","previousItem":{"@type":"ListItem","@id":"https:\/\/eldigitaldeasturias.com\/magazine365\/category\/actualidad-turismo\/#listItem","name":"Actualidad Turismo"}}]},{"@type":"Organization","@id":"https:\/\/eldigitaldeasturias.com\/magazine365\/#organization","name":"El digital de Asturias","description":"Revista de ocio, turismo y estilo de vida","url":"https:\/\/eldigitaldeasturias.com\/magazine365\/","logo":{"@type":"ImageObject","url":"https:\/\/www.eldigitaldeasturias.com\/noticias\/wp-content\/uploads\/2020\/12\/EDA.jpg","@id":"https:\/\/eldigitaldeasturias.com\/magazine365\/el-ayuntamiento-de-torremolinos-solicitara-su-integracion-en-el-consorcio-de-transporte-metropolitano-de-malaga\/#organizationLogo"},"image":{"@id":"https:\/\/eldigitaldeasturias.com\/magazine365\/el-ayuntamiento-de-torremolinos-solicitara-su-integracion-en-el-consorcio-de-transporte-metropolitano-de-malaga\/#organizationLogo"}},{"@type":"Person","@id":"https:\/\/eldigitaldeasturias.com\/magazine365\/author\/admin\/#author","url":"https:\/\/eldigitaldeasturias.com\/magazine365\/author\/admin\/","name":"admin","image":{"@type":"ImageObject","@id":"https:\/\/eldigitaldeasturias.com\/magazine365\/el-ayuntamiento-de-torremolinos-solicitara-su-integracion-en-el-consorcio-de-transporte-metropolitano-de-malaga\/#authorImage","url":"https:\/\/eldigitaldeasturias.com\/magazine365\/wp-content\/litespeed\/avatar\/e571bcf59a0edd6fa6838245a470f2fe.jpg?ver=1777574230","width":96,"height":96,"caption":"admin"}},{"@type":"WebPage","@id":"https:\/\/eldigitaldeasturias.com\/magazine365\/el-ayuntamiento-de-torremolinos-solicitara-su-integracion-en-el-consorcio-de-transporte-metropolitano-de-malaga\/#webpage","url":"https:\/\/eldigitaldeasturias.com\/magazine365\/el-ayuntamiento-de-torremolinos-solicitara-su-integracion-en-el-consorcio-de-transporte-metropolitano-de-malaga\/","name":"El Ayuntamiento de Torremolinos solicitar\u00e1 su integraci\u00f3n en el Consorcio de Transporte Metropolitano de M\u00e1laga | El Digital de Asturias","description":"El Ayuntamiento del municipio malague\u00f1o de Torremolinos solicitar\u00e1 su integraci\u00f3n en el Consorcio de Transporte Metropolitano del \u00c1rea de M\u00e1laga, entidad constituida en 2003 por la Junta de Andaluc\u00eda. Desde el Ayuntamiento de Torremolinos han lamentado que este municipio no forme parte de este consorcio a pesar de que las l\u00edneas de transporte pasan por","inLanguage":"es-ES","isPartOf":{"@id":"https:\/\/eldigitaldeasturias.com\/magazine365\/#website"},"breadcrumb":{"@id":"https:\/\/eldigitaldeasturias.com\/magazine365\/el-ayuntamiento-de-torremolinos-solicitara-su-integracion-en-el-consorcio-de-transporte-metropolitano-de-malaga\/#breadcrumblist"},"author":{"@id":"https:\/\/eldigitaldeasturias.com\/magazine365\/author\/admin\/#author"},"creator":{"@id":"https:\/\/eldigitaldeasturias.com\/magazine365\/author\/admin\/#author"},"image":{"@type":"ImageObject","url":"https:\/\/eldigitaldeasturias.com\/magazine365\/wp-content\/uploads\/2015\/06\/fotonoticia_20150625172302_800.jpg","@id":"https:\/\/eldigitaldeasturias.com\/magazine365\/el-ayuntamiento-de-torremolinos-solicitara-su-integracion-en-el-consorcio-de-transporte-metropolitano-de-malaga\/#mainImage","width":800,"height":584},"primaryImageOfPage":{"@id":"https:\/\/eldigitaldeasturias.com\/magazine365\/el-ayuntamiento-de-torremolinos-solicitara-su-integracion-en-el-consorcio-de-transporte-metropolitano-de-malaga\/#mainImage"},"datePublished":"2015-06-25T22:57:51+02:00","dateModified":"2015-06-25T22:57:51+02:00"},{"@type":"WebSite","@id":"https:\/\/eldigitaldeasturias.com\/magazine365\/#website","url":"https:\/\/eldigitaldeasturias.com\/magazine365\/","name":"El Digital de Asturias","description":"Revista de ocio, turismo y estilo de vida","inLanguage":"es-ES","publisher":{"@id":"https:\/\/eldigitaldeasturias.com\/magazine365\/#organization"}}]},"og:locale":"es_ES","og:site_name":"El Digital de Asturias \u2013 Revista de ocio, turismo y estilo de vida","og:type":"article","og:title":"El Ayuntamiento de Torremolinos solicitar\u00e1 su integraci\u00f3n en el Consorcio de Transporte Metropolitano de M\u00e1laga | El Digital de Asturias","og:description":"El Ayuntamiento del municipio malague\u00f1o de Torremolinos solicitar\u00e1 su integraci\u00f3n en el Consorcio de Transporte Metropolitano del \u00c1rea de M\u00e1laga, entidad constituida en 2003 por la Junta de Andaluc\u00eda. Desde el Ayuntamiento de Torremolinos han lamentado que este municipio no forme parte de este consorcio a pesar de que las l\u00edneas de transporte pasan por","og:url":"https:\/\/eldigitaldeasturias.com\/magazine365\/el-ayuntamiento-de-torremolinos-solicitara-su-integracion-en-el-consorcio-de-transporte-metropolitano-de-malaga\/","og:image":"https:\/\/eldigitaldeasturias.com\/magazine365\/wp-content\/uploads\/2015\/06\/fotonoticia_20150625172302_800.jpg","og:image:secure_url":"https:\/\/eldigitaldeasturias.com\/magazine365\/wp-content\/uploads\/2015\/06\/fotonoticia_20150625172302_800.jpg","og:image:width":800,"og:image:height":584,"article:published_time":"2015-06-25T21:27:51+00:00","article:modified_time":"2015-06-25T21:27:51+00:00","twitter:card":"summary_large_image","twitter:title":"El Ayuntamiento de Torremolinos solicitar\u00e1 su integraci\u00f3n en el Consorcio de Transporte Metropolitano de M\u00e1laga | El Digital de Asturias","twitter:description":"El Ayuntamiento del municipio malague\u00f1o de Torremolinos solicitar\u00e1 su integraci\u00f3n en el Consorcio de Transporte Metropolitano del \u00c1rea de M\u00e1laga, entidad constituida en 2003 por la Junta de Andaluc\u00eda. Desde el Ayuntamiento de Torremolinos han lamentado que este municipio no forme parte de este consorcio a pesar de que las l\u00edneas de transporte pasan por","twitter:image":"https:\/\/eldigitaldeasturias.com\/magazine365\/wp-content\/uploads\/2015\/06\/fotonoticia_20150625172302_800.jpg"},"aioseo_meta_data":{"post_id":"41047","title":null,"description":null,"keywords":null,"keyphrases":null,"primary_term":null,"canonical_url":null,"og_title":null,"og_description":null,"og_object_type":"default","og_image_type":"default","og_image_url":null,"og_image_width":null,"og_image_height":null,"og_image_custom_url":null,"og_image_custom_fields":null,"og_video":null,"og_custom_url":null,"og_article_section":null,"og_article_tags":null,"twitter_use_og":false,"twitter_card":"default","twitter_image_type":"default","twitter_image_url":null,"twitter_image_custom_url":null,"twitter_image_custom_fields":null,"twitter_title":null,"twitter_description":null,"schema":{"blockGraphs":[],"customGraphs":[],"default":{"data":{"Article":[],"Course":[],"Dataset":[],"FAQPage":[],"Movie":[],"Person":[],"Product":[],"ProductReview":[],"Car":[],"Recipe":[],"Service":[],"SoftwareApplication":[],"WebPage":[]},"graphName":"","isEnabled":true},"graphs":[],"defaultGraph":"","defaultPostTypeGraph":""},"schema_type":null,"schema_type_options":null,"pillar_content":false,"robots_default":true,"robots_noindex":false,"robots_noarchive":false,"robots_nosnippet":false,"robots_nofollow":false,"robots_noimageindex":false,"robots_noodp":false,"robots_notranslate":false,"robots_max_snippet":null,"robots_max_videopreview":null,"robots_max_imagepreview":"large","priority":null,"frequency":null,"location":null,"local_seo":null,"seo_analyzer_scan_date":"2025-09-19 14:53:05","breadcrumb_settings":null,"limit_modified_date":false,"open_ai":null,"ai":null,"created":"2021-03-09 02:20:43","updated":"2025-09-19 14:53:05"},"aioseo_breadcrumb":"<div class=\"aioseo-breadcrumbs\"><span class=\"aioseo-breadcrumb\">\n\t<a href=\"https:\/\/eldigitaldeasturias.com\/magazine365\" title=\"Home\">Home<\/a>\n<\/span><span class=\"aioseo-breadcrumb-separator\">\u2013<\/span><span class=\"aioseo-breadcrumb\">\n\t<a href=\"https:\/\/eldigitaldeasturias.com\/magazine365\/category\/actualidad-turismo\/\" title=\"Actualidad Turismo\">Actualidad Turismo<\/a>\n<\/span><span class=\"aioseo-breadcrumb-separator\">\u2013<\/span><span class=\"aioseo-breadcrumb\">\n\t<a href=\"https:\/\/eldigitaldeasturias.com\/magazine365\/el-ayuntamiento-de-torremolinos-solicitara-su-integracion-en-el-consorcio-de-transporte-metropolitano-de-malaga\/\" title=\"El Ayuntamiento de Torremolinos solicitar\u00e1 su integraci\u00f3n en el Consorcio de Transporte Metropolitano de M\u00e1laga\">El Ayuntamiento de Torremolinos solicitar\u00e1 su integraci\u00f3n en el Consorcio de Transporte Metropolitano de M\u00e1laga<\/a>\n<\/span><\/div>","aioseo_breadcrumb_json":[{"label":"Home","link":"https:\/\/eldigitaldeasturias.com\/magazine365"},{"label":"Actualidad Turismo","link":"https:\/\/eldigitaldeasturias.com\/magazine365\/category\/actualidad-turismo\/"},{"label":"El Ayuntamiento de Torremolinos solicitar\u00e1 su integraci\u00f3n en el Consorcio de Transporte Metropolitano de M\u00e1laga","link":"https:\/\/eldigitaldeasturias.com\/magazine365\/el-ayuntamiento-de-torremolinos-solicitara-su-integracion-en-el-consorcio-de-transporte-metropolitano-de-malaga\/"}],"_links":{"self":[{"href":"https:\/\/eldigitaldeasturias.com\/magazine365\/wp-json\/wp\/v2\/posts\/41047","targetHints":{"allow":["GET"]}}],"collection":[{"href":"https:\/\/eldigitaldeasturias.com\/magazine365\/wp-json\/wp\/v2\/posts"}],"about":[{"href":"https:\/\/eldigitaldeasturias.com\/magazine365\/wp-json\/wp\/v2\/types\/post"}],"author":[{"embeddable":true,"href":"https:\/\/eldigitaldeasturias.com\/magazine365\/wp-json\/wp\/v2\/users\/1"}],"replies":[{"embeddable":true,"href":"https:\/\/eldigitaldeasturias.com\/magazine365\/wp-json\/wp\/v2\/comments?post=41047"}],"version-history":[{"count":0,"href":"https:\/\/eldigitaldeasturias.com\/magazine365\/wp-json\/wp\/v2\/posts\/41047\/revisions"}],"wp:featuredmedia":[{"embeddable":true,"href":"https:\/\/eldigitaldeasturias.com\/magazine365\/wp-json\/wp\/v2\/media\/41048"}],"wp:attachment":[{"href":"https:\/\/eldigitaldeasturias.com\/magazine365\/wp-json\/wp\/v2\/media?parent=41047"}],"wp:term":[{"taxonomy":"category","embeddable":true,"href":"https:\/\/eldigitaldeasturias.com\/magazine365\/wp-json\/wp\/v2\/categories?post=41047"},{"taxonomy":"post_tag","embeddable":true,"href":"https:\/\/eldigitaldeasturias.com\/magazine365\/wp-json\/wp\/v2\/tags?post=41047"}],"curies":[{"name":"wp","href":"https:\/\/api.w.org\/{rel}","templated":true}]}}