{"id":41044,"date":"2015-06-25T22:54:37","date_gmt":"2015-06-25T21:24:37","guid":{"rendered":"http:\/\/eldigitaldeasturias.com\/magazine365\/?p=41044"},"modified":"2015-06-25T22:54:37","modified_gmt":"2015-06-25T21:24:37","slug":"el-gobierno-vasco-promociona-euskadi-en-malaga-con-diversas-acciones","status":"publish","type":"post","link":"https:\/\/eldigitaldeasturias.com\/magazine365\/el-gobierno-vasco-promociona-euskadi-en-malaga-con-diversas-acciones\/","title":{"rendered":"El Gobierno vasco promociona Euskadi en M\u00e1laga con diversas acciones"},"content":{"rendered":"<p><img fetchpriority=\"high\" decoding=\"async\" class=\"alignleft size-medium wp-image-41045\" src=\"https:\/\/eldigitaldeasturias.com\/magazine365\/wp-content\/uploads\/2015\/06\/fotonoticia_20150625165609_800-360x240.jpg\" alt=\"fotonoticia_20150625165609_800\" width=\"360\" height=\"240\" srcset=\"https:\/\/eldigitaldeasturias.com\/magazine365\/wp-content\/uploads\/2015\/06\/fotonoticia_20150625165609_800-360x240.jpg 360w, https:\/\/eldigitaldeasturias.com\/magazine365\/wp-content\/uploads\/2015\/06\/fotonoticia_20150625165609_800-650x433.jpg 650w, https:\/\/eldigitaldeasturias.com\/magazine365\/wp-content\/uploads\/2015\/06\/fotonoticia_20150625165609_800-768x512.jpg 768w, https:\/\/eldigitaldeasturias.com\/magazine365\/wp-content\/uploads\/2015\/06\/fotonoticia_20150625165609_800-150x100.jpg 150w, https:\/\/eldigitaldeasturias.com\/magazine365\/wp-content\/uploads\/2015\/06\/fotonoticia_20150625165609_800-450x300.jpg 450w, https:\/\/eldigitaldeasturias.com\/magazine365\/wp-content\/uploads\/2015\/06\/fotonoticia_20150625165609_800-696x464.jpg 696w, https:\/\/eldigitaldeasturias.com\/magazine365\/wp-content\/uploads\/2015\/06\/fotonoticia_20150625165609_800-630x420.jpg 630w, https:\/\/eldigitaldeasturias.com\/magazine365\/wp-content\/uploads\/2015\/06\/fotonoticia_20150625165609_800-84x55.jpg 84w, https:\/\/eldigitaldeasturias.com\/magazine365\/wp-content\/uploads\/2015\/06\/fotonoticia_20150625165609_800.jpg 800w\" sizes=\"(max-width: 360px) 100vw, 360px\" \/>La III Bandera Euskadi Basque Country, que tendr\u00e1 lugar este domingo en la capital malague\u00f1a, ser\u00e1 el punto y final a una serie de acciones de promoci\u00f3n tur\u00edstica que el Gobierno vasco, a trav\u00e9s de Basquetour, ha presentado este jueves en el Consistorio malague\u00f1o.<\/p>\n<p>La informaci\u00f3n sobre las actividades la han ofrecido en rueda de prensa el alcalde de la capital, Francisco de la Torre; la viceconsejera de Comercio y Turismo del Gobierno vasco, Itziar Epalza; la concejala de Playas de M\u00e1laga, Teresa Porras y representantes de la Asociaci\u00f3n de Clubes de Traineras (ACT).<\/p>\n<p>El evento deportivo, fruto de una colaboraci\u00f3n p\u00fablico-privada que permite arrancar la Liga de Traineras San Miguel fuera de Euskadi, se convierte as\u00ed en un reclamo para que malague\u00f1os conozcan mejor el destino gracias al programa de acciones que arrancar\u00e1n este jueves, con una presentaci\u00f3n a touroperadores andaluces en el Museo Picasso, y este viernes con una presentaci\u00f3n del producto Surfing Euskadi en Vans Shop M\u00e1laga.<\/p>\n<p>Las actividades, que contar\u00e1n con la presencia de la consejera de Desarrollo Econ\u00f3mico y Competitividad, Arantxa Tapia; la viceconsejera de Comercio y Turismo, Itziar Epalza; la directora de Turismo, Mertxe Garmendia; la directora de Basquetour, Arantza Madariaga, as\u00ed como de representantes tur\u00edsticos de diferentes instituciones municipales y territoriales de Euskadi y M\u00e1laga, se desarrollar\u00e1n hasta este domingo en lugares muy c\u00e9ntricos de la ciudad y en el muelle, cerca de La Malagueta, donde tendr\u00e1 lugar la regata.<\/p>\n<p>De esta forma, actuaciones musicales, de danza, deporte rural y surf, as\u00ed como puntos de informaci\u00f3n tur\u00edstica ser\u00e1n los protagonistas estos d\u00edas en las calles de la capital andaluza.<\/p>\n<p>El mercado tur\u00edstico vasco ha crecido un 45,2 por ciento durante el per\u00edodo 2008-2013, por encima de la media de crecimiento del turismo estatal (+5,1 por ciento) y del extranjero (+30,3 por ciento). Andaluc\u00eda es el tercer mercado espa\u00f1ol m\u00e1s importante para Euskadi, despu\u00e9s de Madrid y Catalu\u00f1a.<\/p>\n","protected":false},"excerpt":{"rendered":"<p>La III Bandera Euskadi Basque Country, que tendr\u00e1 lugar este domingo en la capital malague\u00f1a, ser\u00e1 el punto y final a una serie de acciones de promoci\u00f3n tur\u00edstica que el Gobierno vasco, a trav\u00e9s de Basquetour, ha presentado este jueves en el Consistorio malague\u00f1o. La informaci\u00f3n sobre las actividades la han ofrecido en rueda de<\/p>\n","protected":false},"author":1,"featured_media":41045,"comment_status":"open","ping_status":"closed","sticky":false,"template":"","format":"standard","meta":{"footnotes":""},"categories":[222],"tags":[],"class_list":{"0":"post-41044","1":"post","2":"type-post","3":"status-publish","4":"format-standard","5":"has-post-thumbnail","7":"category-actualidad-turismo"},"aioseo_notices":[],"aioseo_head":"\n\t\t<!-- All in One SEO Pro 4.9.6.1 - aioseo.com -->\n\t<meta name=\"description\" content=\"La III Bandera Euskadi Basque Country, que tendr\u00e1 lugar este domingo en la capital malague\u00f1a, ser\u00e1 el punto y final a una serie de acciones de promoci\u00f3n tur\u00edstica que el Gobierno vasco, a trav\u00e9s de Basquetour, ha presentado este jueves en el Consistorio malague\u00f1o. La informaci\u00f3n sobre las actividades la han ofrecido en rueda de\" \/>\n\t<meta name=\"robots\" content=\"max-image-preview:large\" \/>\n\t<meta name=\"author\" content=\"admin\"\/>\n\t<meta name=\"google-site-verification\" content=\"UA-38556648-1\" \/>\n\t<meta name=\"keywords\" content=\"actualidad turismo\" \/>\n\t<link rel=\"canonical\" href=\"https:\/\/eldigitaldeasturias.com\/magazine365\/el-gobierno-vasco-promociona-euskadi-en-malaga-con-diversas-acciones\/\" \/>\n\t<meta name=\"generator\" content=\"All in One SEO Pro (AIOSEO) 4.9.6.1\" \/>\n\t\t<meta property=\"og:locale\" content=\"es_ES\" \/>\n\t\t<meta property=\"og:site_name\" content=\"El Digital de Asturias \u2013 Revista de ocio, turismo y estilo de vida\" \/>\n\t\t<meta property=\"og:type\" content=\"article\" \/>\n\t\t<meta property=\"og:title\" content=\"El Gobierno vasco promociona Euskadi en M\u00e1laga con diversas acciones | El Digital de Asturias\" \/>\n\t\t<meta property=\"og:description\" content=\"La III Bandera Euskadi Basque Country, que tendr\u00e1 lugar este domingo en la capital malague\u00f1a, ser\u00e1 el punto y final a una serie de acciones de promoci\u00f3n tur\u00edstica que el Gobierno vasco, a trav\u00e9s de Basquetour, ha presentado este jueves en el Consistorio malague\u00f1o. La informaci\u00f3n sobre las actividades la han ofrecido en rueda de\" \/>\n\t\t<meta property=\"og:url\" content=\"https:\/\/eldigitaldeasturias.com\/magazine365\/el-gobierno-vasco-promociona-euskadi-en-malaga-con-diversas-acciones\/\" \/>\n\t\t<meta property=\"og:image\" content=\"https:\/\/eldigitaldeasturias.com\/magazine365\/wp-content\/uploads\/2015\/06\/fotonoticia_20150625165609_800.jpg\" \/>\n\t\t<meta property=\"og:image:secure_url\" content=\"https:\/\/eldigitaldeasturias.com\/magazine365\/wp-content\/uploads\/2015\/06\/fotonoticia_20150625165609_800.jpg\" \/>\n\t\t<meta property=\"og:image:width\" content=\"800\" \/>\n\t\t<meta property=\"og:image:height\" content=\"533\" \/>\n\t\t<meta property=\"article:published_time\" content=\"2015-06-25T21:24:37+00:00\" \/>\n\t\t<meta property=\"article:modified_time\" content=\"2015-06-25T21:24:37+00:00\" \/>\n\t\t<meta name=\"twitter:card\" content=\"summary_large_image\" \/>\n\t\t<meta name=\"twitter:title\" content=\"El Gobierno vasco promociona Euskadi en M\u00e1laga con diversas acciones | El Digital de Asturias\" \/>\n\t\t<meta name=\"twitter:description\" content=\"La III Bandera Euskadi Basque Country, que tendr\u00e1 lugar este domingo en la capital malague\u00f1a, ser\u00e1 el punto y final a una serie de acciones de promoci\u00f3n tur\u00edstica que el Gobierno vasco, a trav\u00e9s de Basquetour, ha presentado este jueves en el Consistorio malague\u00f1o. La informaci\u00f3n sobre las actividades la han ofrecido en rueda de\" \/>\n\t\t<meta name=\"twitter:image\" content=\"https:\/\/eldigitaldeasturias.com\/magazine365\/wp-content\/uploads\/2015\/06\/fotonoticia_20150625165609_800.jpg\" \/>\n\t\t<script type=\"application\/ld+json\" class=\"aioseo-schema\">\n\t\t\t{\"@context\":\"https:\\\/\\\/schema.org\",\"@graph\":[{\"@type\":\"Article\",\"@id\":\"https:\\\/\\\/eldigitaldeasturias.com\\\/magazine365\\\/el-gobierno-vasco-promociona-euskadi-en-malaga-con-diversas-acciones\\\/#article\",\"name\":\"El Gobierno vasco promociona Euskadi en M\\u00e1laga con diversas acciones | El Digital de Asturias\",\"headline\":\"El Gobierno vasco promociona Euskadi en M\\u00e1laga con diversas acciones\",\"author\":{\"@id\":\"https:\\\/\\\/eldigitaldeasturias.com\\\/magazine365\\\/author\\\/admin\\\/#author\"},\"publisher\":{\"@id\":\"https:\\\/\\\/eldigitaldeasturias.com\\\/magazine365\\\/#organization\"},\"image\":{\"@type\":\"ImageObject\",\"url\":\"https:\\\/\\\/eldigitaldeasturias.com\\\/magazine365\\\/wp-content\\\/uploads\\\/2015\\\/06\\\/fotonoticia_20150625165609_800.jpg\",\"width\":800,\"height\":533},\"datePublished\":\"2015-06-25T22:54:37+02:00\",\"dateModified\":\"2015-06-25T22:54:37+02:00\",\"inLanguage\":\"es-ES\",\"mainEntityOfPage\":{\"@id\":\"https:\\\/\\\/eldigitaldeasturias.com\\\/magazine365\\\/el-gobierno-vasco-promociona-euskadi-en-malaga-con-diversas-acciones\\\/#webpage\"},\"isPartOf\":{\"@id\":\"https:\\\/\\\/eldigitaldeasturias.com\\\/magazine365\\\/el-gobierno-vasco-promociona-euskadi-en-malaga-con-diversas-acciones\\\/#webpage\"},\"articleSection\":\"Actualidad Turismo\"},{\"@type\":\"BreadcrumbList\",\"@id\":\"https:\\\/\\\/eldigitaldeasturias.com\\\/magazine365\\\/el-gobierno-vasco-promociona-euskadi-en-malaga-con-diversas-acciones\\\/#breadcrumblist\",\"itemListElement\":[{\"@type\":\"ListItem\",\"@id\":\"https:\\\/\\\/eldigitaldeasturias.com\\\/magazine365#listItem\",\"position\":1,\"name\":\"Home\",\"item\":\"https:\\\/\\\/eldigitaldeasturias.com\\\/magazine365\",\"nextItem\":{\"@type\":\"ListItem\",\"@id\":\"https:\\\/\\\/eldigitaldeasturias.com\\\/magazine365\\\/category\\\/actualidad-turismo\\\/#listItem\",\"name\":\"Actualidad Turismo\"}},{\"@type\":\"ListItem\",\"@id\":\"https:\\\/\\\/eldigitaldeasturias.com\\\/magazine365\\\/category\\\/actualidad-turismo\\\/#listItem\",\"position\":2,\"name\":\"Actualidad Turismo\",\"item\":\"https:\\\/\\\/eldigitaldeasturias.com\\\/magazine365\\\/category\\\/actualidad-turismo\\\/\",\"nextItem\":{\"@type\":\"ListItem\",\"@id\":\"https:\\\/\\\/eldigitaldeasturias.com\\\/magazine365\\\/el-gobierno-vasco-promociona-euskadi-en-malaga-con-diversas-acciones\\\/#listItem\",\"name\":\"El Gobierno vasco promociona Euskadi en M\\u00e1laga con diversas acciones\"},\"previousItem\":{\"@type\":\"ListItem\",\"@id\":\"https:\\\/\\\/eldigitaldeasturias.com\\\/magazine365#listItem\",\"name\":\"Home\"}},{\"@type\":\"ListItem\",\"@id\":\"https:\\\/\\\/eldigitaldeasturias.com\\\/magazine365\\\/el-gobierno-vasco-promociona-euskadi-en-malaga-con-diversas-acciones\\\/#listItem\",\"position\":3,\"name\":\"El Gobierno vasco promociona Euskadi en M\\u00e1laga con diversas acciones\",\"previousItem\":{\"@type\":\"ListItem\",\"@id\":\"https:\\\/\\\/eldigitaldeasturias.com\\\/magazine365\\\/category\\\/actualidad-turismo\\\/#listItem\",\"name\":\"Actualidad Turismo\"}}]},{\"@type\":\"Organization\",\"@id\":\"https:\\\/\\\/eldigitaldeasturias.com\\\/magazine365\\\/#organization\",\"name\":\"El digital de Asturias\",\"description\":\"Revista de ocio, turismo y estilo de vida\",\"url\":\"https:\\\/\\\/eldigitaldeasturias.com\\\/magazine365\\\/\",\"logo\":{\"@type\":\"ImageObject\",\"url\":\"https:\\\/\\\/www.eldigitaldeasturias.com\\\/noticias\\\/wp-content\\\/uploads\\\/2020\\\/12\\\/EDA.jpg\",\"@id\":\"https:\\\/\\\/eldigitaldeasturias.com\\\/magazine365\\\/el-gobierno-vasco-promociona-euskadi-en-malaga-con-diversas-acciones\\\/#organizationLogo\"},\"image\":{\"@id\":\"https:\\\/\\\/eldigitaldeasturias.com\\\/magazine365\\\/el-gobierno-vasco-promociona-euskadi-en-malaga-con-diversas-acciones\\\/#organizationLogo\"}},{\"@type\":\"Person\",\"@id\":\"https:\\\/\\\/eldigitaldeasturias.com\\\/magazine365\\\/author\\\/admin\\\/#author\",\"url\":\"https:\\\/\\\/eldigitaldeasturias.com\\\/magazine365\\\/author\\\/admin\\\/\",\"name\":\"admin\",\"image\":{\"@type\":\"ImageObject\",\"@id\":\"https:\\\/\\\/eldigitaldeasturias.com\\\/magazine365\\\/el-gobierno-vasco-promociona-euskadi-en-malaga-con-diversas-acciones\\\/#authorImage\",\"url\":\"https:\\\/\\\/eldigitaldeasturias.com\\\/magazine365\\\/wp-content\\\/litespeed\\\/avatar\\\/e571bcf59a0edd6fa6838245a470f2fe.jpg?ver=1777574230\",\"width\":96,\"height\":96,\"caption\":\"admin\"}},{\"@type\":\"WebPage\",\"@id\":\"https:\\\/\\\/eldigitaldeasturias.com\\\/magazine365\\\/el-gobierno-vasco-promociona-euskadi-en-malaga-con-diversas-acciones\\\/#webpage\",\"url\":\"https:\\\/\\\/eldigitaldeasturias.com\\\/magazine365\\\/el-gobierno-vasco-promociona-euskadi-en-malaga-con-diversas-acciones\\\/\",\"name\":\"El Gobierno vasco promociona Euskadi en M\\u00e1laga con diversas acciones | El Digital de Asturias\",\"description\":\"La III Bandera Euskadi Basque Country, que tendr\\u00e1 lugar este domingo en la capital malague\\u00f1a, ser\\u00e1 el punto y final a una serie de acciones de promoci\\u00f3n tur\\u00edstica que el Gobierno vasco, a trav\\u00e9s de Basquetour, ha presentado este jueves en el Consistorio malague\\u00f1o. La informaci\\u00f3n sobre las actividades la han ofrecido en rueda de\",\"inLanguage\":\"es-ES\",\"isPartOf\":{\"@id\":\"https:\\\/\\\/eldigitaldeasturias.com\\\/magazine365\\\/#website\"},\"breadcrumb\":{\"@id\":\"https:\\\/\\\/eldigitaldeasturias.com\\\/magazine365\\\/el-gobierno-vasco-promociona-euskadi-en-malaga-con-diversas-acciones\\\/#breadcrumblist\"},\"author\":{\"@id\":\"https:\\\/\\\/eldigitaldeasturias.com\\\/magazine365\\\/author\\\/admin\\\/#author\"},\"creator\":{\"@id\":\"https:\\\/\\\/eldigitaldeasturias.com\\\/magazine365\\\/author\\\/admin\\\/#author\"},\"image\":{\"@type\":\"ImageObject\",\"url\":\"https:\\\/\\\/eldigitaldeasturias.com\\\/magazine365\\\/wp-content\\\/uploads\\\/2015\\\/06\\\/fotonoticia_20150625165609_800.jpg\",\"@id\":\"https:\\\/\\\/eldigitaldeasturias.com\\\/magazine365\\\/el-gobierno-vasco-promociona-euskadi-en-malaga-con-diversas-acciones\\\/#mainImage\",\"width\":800,\"height\":533},\"primaryImageOfPage\":{\"@id\":\"https:\\\/\\\/eldigitaldeasturias.com\\\/magazine365\\\/el-gobierno-vasco-promociona-euskadi-en-malaga-con-diversas-acciones\\\/#mainImage\"},\"datePublished\":\"2015-06-25T22:54:37+02:00\",\"dateModified\":\"2015-06-25T22:54:37+02:00\"},{\"@type\":\"WebSite\",\"@id\":\"https:\\\/\\\/eldigitaldeasturias.com\\\/magazine365\\\/#website\",\"url\":\"https:\\\/\\\/eldigitaldeasturias.com\\\/magazine365\\\/\",\"name\":\"El Digital de Asturias\",\"description\":\"Revista de ocio, turismo y estilo de vida\",\"inLanguage\":\"es-ES\",\"publisher\":{\"@id\":\"https:\\\/\\\/eldigitaldeasturias.com\\\/magazine365\\\/#organization\"}}]}\n\t\t<\/script>\n\t\t<!-- All in One SEO Pro -->\r\n\t\t<title>El Gobierno vasco promociona Euskadi en M\u00e1laga con diversas acciones | El Digital de Asturias<\/title>\n\n","aioseo_head_json":{"title":"El Gobierno vasco promociona Euskadi en M\u00e1laga con diversas acciones | El Digital de Asturias","description":"La III Bandera Euskadi Basque Country, que tendr\u00e1 lugar este domingo en la capital malague\u00f1a, ser\u00e1 el punto y final a una serie de acciones de promoci\u00f3n tur\u00edstica que el Gobierno vasco, a trav\u00e9s de Basquetour, ha presentado este jueves en el Consistorio malague\u00f1o. La informaci\u00f3n sobre las actividades la han ofrecido en rueda de","canonical_url":"https:\/\/eldigitaldeasturias.com\/magazine365\/el-gobierno-vasco-promociona-euskadi-en-malaga-con-diversas-acciones\/","robots":"max-image-preview:large","keywords":"actualidad turismo","webmasterTools":{"google-site-verification":"UA-38556648-1","miscellaneous":""},"schema":{"@context":"https:\/\/schema.org","@graph":[{"@type":"Article","@id":"https:\/\/eldigitaldeasturias.com\/magazine365\/el-gobierno-vasco-promociona-euskadi-en-malaga-con-diversas-acciones\/#article","name":"El Gobierno vasco promociona Euskadi en M\u00e1laga con diversas acciones | El Digital de Asturias","headline":"El Gobierno vasco promociona Euskadi en M\u00e1laga con diversas acciones","author":{"@id":"https:\/\/eldigitaldeasturias.com\/magazine365\/author\/admin\/#author"},"publisher":{"@id":"https:\/\/eldigitaldeasturias.com\/magazine365\/#organization"},"image":{"@type":"ImageObject","url":"https:\/\/eldigitaldeasturias.com\/magazine365\/wp-content\/uploads\/2015\/06\/fotonoticia_20150625165609_800.jpg","width":800,"height":533},"datePublished":"2015-06-25T22:54:37+02:00","dateModified":"2015-06-25T22:54:37+02:00","inLanguage":"es-ES","mainEntityOfPage":{"@id":"https:\/\/eldigitaldeasturias.com\/magazine365\/el-gobierno-vasco-promociona-euskadi-en-malaga-con-diversas-acciones\/#webpage"},"isPartOf":{"@id":"https:\/\/eldigitaldeasturias.com\/magazine365\/el-gobierno-vasco-promociona-euskadi-en-malaga-con-diversas-acciones\/#webpage"},"articleSection":"Actualidad Turismo"},{"@type":"BreadcrumbList","@id":"https:\/\/eldigitaldeasturias.com\/magazine365\/el-gobierno-vasco-promociona-euskadi-en-malaga-con-diversas-acciones\/#breadcrumblist","itemListElement":[{"@type":"ListItem","@id":"https:\/\/eldigitaldeasturias.com\/magazine365#listItem","position":1,"name":"Home","item":"https:\/\/eldigitaldeasturias.com\/magazine365","nextItem":{"@type":"ListItem","@id":"https:\/\/eldigitaldeasturias.com\/magazine365\/category\/actualidad-turismo\/#listItem","name":"Actualidad Turismo"}},{"@type":"ListItem","@id":"https:\/\/eldigitaldeasturias.com\/magazine365\/category\/actualidad-turismo\/#listItem","position":2,"name":"Actualidad Turismo","item":"https:\/\/eldigitaldeasturias.com\/magazine365\/category\/actualidad-turismo\/","nextItem":{"@type":"ListItem","@id":"https:\/\/eldigitaldeasturias.com\/magazine365\/el-gobierno-vasco-promociona-euskadi-en-malaga-con-diversas-acciones\/#listItem","name":"El Gobierno vasco promociona Euskadi en M\u00e1laga con diversas acciones"},"previousItem":{"@type":"ListItem","@id":"https:\/\/eldigitaldeasturias.com\/magazine365#listItem","name":"Home"}},{"@type":"ListItem","@id":"https:\/\/eldigitaldeasturias.com\/magazine365\/el-gobierno-vasco-promociona-euskadi-en-malaga-con-diversas-acciones\/#listItem","position":3,"name":"El Gobierno vasco promociona Euskadi en M\u00e1laga con diversas acciones","previousItem":{"@type":"ListItem","@id":"https:\/\/eldigitaldeasturias.com\/magazine365\/category\/actualidad-turismo\/#listItem","name":"Actualidad Turismo"}}]},{"@type":"Organization","@id":"https:\/\/eldigitaldeasturias.com\/magazine365\/#organization","name":"El digital de Asturias","description":"Revista de ocio, turismo y estilo de vida","url":"https:\/\/eldigitaldeasturias.com\/magazine365\/","logo":{"@type":"ImageObject","url":"https:\/\/www.eldigitaldeasturias.com\/noticias\/wp-content\/uploads\/2020\/12\/EDA.jpg","@id":"https:\/\/eldigitaldeasturias.com\/magazine365\/el-gobierno-vasco-promociona-euskadi-en-malaga-con-diversas-acciones\/#organizationLogo"},"image":{"@id":"https:\/\/eldigitaldeasturias.com\/magazine365\/el-gobierno-vasco-promociona-euskadi-en-malaga-con-diversas-acciones\/#organizationLogo"}},{"@type":"Person","@id":"https:\/\/eldigitaldeasturias.com\/magazine365\/author\/admin\/#author","url":"https:\/\/eldigitaldeasturias.com\/magazine365\/author\/admin\/","name":"admin","image":{"@type":"ImageObject","@id":"https:\/\/eldigitaldeasturias.com\/magazine365\/el-gobierno-vasco-promociona-euskadi-en-malaga-con-diversas-acciones\/#authorImage","url":"https:\/\/eldigitaldeasturias.com\/magazine365\/wp-content\/litespeed\/avatar\/e571bcf59a0edd6fa6838245a470f2fe.jpg?ver=1777574230","width":96,"height":96,"caption":"admin"}},{"@type":"WebPage","@id":"https:\/\/eldigitaldeasturias.com\/magazine365\/el-gobierno-vasco-promociona-euskadi-en-malaga-con-diversas-acciones\/#webpage","url":"https:\/\/eldigitaldeasturias.com\/magazine365\/el-gobierno-vasco-promociona-euskadi-en-malaga-con-diversas-acciones\/","name":"El Gobierno vasco promociona Euskadi en M\u00e1laga con diversas acciones | El Digital de Asturias","description":"La III Bandera Euskadi Basque Country, que tendr\u00e1 lugar este domingo en la capital malague\u00f1a, ser\u00e1 el punto y final a una serie de acciones de promoci\u00f3n tur\u00edstica que el Gobierno vasco, a trav\u00e9s de Basquetour, ha presentado este jueves en el Consistorio malague\u00f1o. La informaci\u00f3n sobre las actividades la han ofrecido en rueda de","inLanguage":"es-ES","isPartOf":{"@id":"https:\/\/eldigitaldeasturias.com\/magazine365\/#website"},"breadcrumb":{"@id":"https:\/\/eldigitaldeasturias.com\/magazine365\/el-gobierno-vasco-promociona-euskadi-en-malaga-con-diversas-acciones\/#breadcrumblist"},"author":{"@id":"https:\/\/eldigitaldeasturias.com\/magazine365\/author\/admin\/#author"},"creator":{"@id":"https:\/\/eldigitaldeasturias.com\/magazine365\/author\/admin\/#author"},"image":{"@type":"ImageObject","url":"https:\/\/eldigitaldeasturias.com\/magazine365\/wp-content\/uploads\/2015\/06\/fotonoticia_20150625165609_800.jpg","@id":"https:\/\/eldigitaldeasturias.com\/magazine365\/el-gobierno-vasco-promociona-euskadi-en-malaga-con-diversas-acciones\/#mainImage","width":800,"height":533},"primaryImageOfPage":{"@id":"https:\/\/eldigitaldeasturias.com\/magazine365\/el-gobierno-vasco-promociona-euskadi-en-malaga-con-diversas-acciones\/#mainImage"},"datePublished":"2015-06-25T22:54:37+02:00","dateModified":"2015-06-25T22:54:37+02:00"},{"@type":"WebSite","@id":"https:\/\/eldigitaldeasturias.com\/magazine365\/#website","url":"https:\/\/eldigitaldeasturias.com\/magazine365\/","name":"El Digital de Asturias","description":"Revista de ocio, turismo y estilo de vida","inLanguage":"es-ES","publisher":{"@id":"https:\/\/eldigitaldeasturias.com\/magazine365\/#organization"}}]},"og:locale":"es_ES","og:site_name":"El Digital de Asturias \u2013 Revista de ocio, turismo y estilo de vida","og:type":"article","og:title":"El Gobierno vasco promociona Euskadi en M\u00e1laga con diversas acciones | El Digital de Asturias","og:description":"La III Bandera Euskadi Basque Country, que tendr\u00e1 lugar este domingo en la capital malague\u00f1a, ser\u00e1 el punto y final a una serie de acciones de promoci\u00f3n tur\u00edstica que el Gobierno vasco, a trav\u00e9s de Basquetour, ha presentado este jueves en el Consistorio malague\u00f1o. La informaci\u00f3n sobre las actividades la han ofrecido en rueda de","og:url":"https:\/\/eldigitaldeasturias.com\/magazine365\/el-gobierno-vasco-promociona-euskadi-en-malaga-con-diversas-acciones\/","og:image":"https:\/\/eldigitaldeasturias.com\/magazine365\/wp-content\/uploads\/2015\/06\/fotonoticia_20150625165609_800.jpg","og:image:secure_url":"https:\/\/eldigitaldeasturias.com\/magazine365\/wp-content\/uploads\/2015\/06\/fotonoticia_20150625165609_800.jpg","og:image:width":800,"og:image:height":533,"article:published_time":"2015-06-25T21:24:37+00:00","article:modified_time":"2015-06-25T21:24:37+00:00","twitter:card":"summary_large_image","twitter:title":"El Gobierno vasco promociona Euskadi en M\u00e1laga con diversas acciones | El Digital de Asturias","twitter:description":"La III Bandera Euskadi Basque Country, que tendr\u00e1 lugar este domingo en la capital malague\u00f1a, ser\u00e1 el punto y final a una serie de acciones de promoci\u00f3n tur\u00edstica que el Gobierno vasco, a trav\u00e9s de Basquetour, ha presentado este jueves en el Consistorio malague\u00f1o. La informaci\u00f3n sobre las actividades la han ofrecido en rueda de","twitter:image":"https:\/\/eldigitaldeasturias.com\/magazine365\/wp-content\/uploads\/2015\/06\/fotonoticia_20150625165609_800.jpg"},"aioseo_meta_data":{"post_id":"41044","title":null,"description":null,"keywords":null,"keyphrases":null,"primary_term":null,"canonical_url":null,"og_title":null,"og_description":null,"og_object_type":"default","og_image_type":"default","og_image_url":null,"og_image_width":null,"og_image_height":null,"og_image_custom_url":null,"og_image_custom_fields":null,"og_video":null,"og_custom_url":null,"og_article_section":null,"og_article_tags":null,"twitter_use_og":false,"twitter_card":"default","twitter_image_type":"default","twitter_image_url":null,"twitter_image_custom_url":null,"twitter_image_custom_fields":null,"twitter_title":null,"twitter_description":null,"schema":{"blockGraphs":[],"customGraphs":[],"default":{"data":{"Article":[],"Course":[],"Dataset":[],"FAQPage":[],"Movie":[],"Person":[],"Product":[],"ProductReview":[],"Car":[],"Recipe":[],"Service":[],"SoftwareApplication":[],"WebPage":[]},"graphName":"","isEnabled":true},"graphs":[],"defaultGraph":"","defaultPostTypeGraph":""},"schema_type":null,"schema_type_options":null,"pillar_content":false,"robots_default":true,"robots_noindex":false,"robots_noarchive":false,"robots_nosnippet":false,"robots_nofollow":false,"robots_noimageindex":false,"robots_noodp":false,"robots_notranslate":false,"robots_max_snippet":null,"robots_max_videopreview":null,"robots_max_imagepreview":"large","priority":null,"frequency":null,"location":null,"local_seo":null,"seo_analyzer_scan_date":"2025-09-19 14:53:04","breadcrumb_settings":null,"limit_modified_date":false,"open_ai":null,"ai":null,"created":"2021-03-09 02:20:43","updated":"2025-09-19 14:53:04"},"aioseo_breadcrumb":"<div class=\"aioseo-breadcrumbs\"><span class=\"aioseo-breadcrumb\">\n\t<a href=\"https:\/\/eldigitaldeasturias.com\/magazine365\" title=\"Home\">Home<\/a>\n<\/span><span class=\"aioseo-breadcrumb-separator\">\u2013<\/span><span class=\"aioseo-breadcrumb\">\n\t<a href=\"https:\/\/eldigitaldeasturias.com\/magazine365\/category\/actualidad-turismo\/\" title=\"Actualidad Turismo\">Actualidad Turismo<\/a>\n<\/span><span class=\"aioseo-breadcrumb-separator\">\u2013<\/span><span class=\"aioseo-breadcrumb\">\n\t<a href=\"https:\/\/eldigitaldeasturias.com\/magazine365\/el-gobierno-vasco-promociona-euskadi-en-malaga-con-diversas-acciones\/\" title=\"El Gobierno vasco promociona Euskadi en M\u00e1laga con diversas acciones\">El Gobierno vasco promociona Euskadi en M\u00e1laga con diversas acciones<\/a>\n<\/span><\/div>","aioseo_breadcrumb_json":[{"label":"Home","link":"https:\/\/eldigitaldeasturias.com\/magazine365"},{"label":"Actualidad Turismo","link":"https:\/\/eldigitaldeasturias.com\/magazine365\/category\/actualidad-turismo\/"},{"label":"El Gobierno vasco promociona Euskadi en M\u00e1laga con diversas acciones","link":"https:\/\/eldigitaldeasturias.com\/magazine365\/el-gobierno-vasco-promociona-euskadi-en-malaga-con-diversas-acciones\/"}],"_links":{"self":[{"href":"https:\/\/eldigitaldeasturias.com\/magazine365\/wp-json\/wp\/v2\/posts\/41044","targetHints":{"allow":["GET"]}}],"collection":[{"href":"https:\/\/eldigitaldeasturias.com\/magazine365\/wp-json\/wp\/v2\/posts"}],"about":[{"href":"https:\/\/eldigitaldeasturias.com\/magazine365\/wp-json\/wp\/v2\/types\/post"}],"author":[{"embeddable":true,"href":"https:\/\/eldigitaldeasturias.com\/magazine365\/wp-json\/wp\/v2\/users\/1"}],"replies":[{"embeddable":true,"href":"https:\/\/eldigitaldeasturias.com\/magazine365\/wp-json\/wp\/v2\/comments?post=41044"}],"version-history":[{"count":0,"href":"https:\/\/eldigitaldeasturias.com\/magazine365\/wp-json\/wp\/v2\/posts\/41044\/revisions"}],"wp:featuredmedia":[{"embeddable":true,"href":"https:\/\/eldigitaldeasturias.com\/magazine365\/wp-json\/wp\/v2\/media\/41045"}],"wp:attachment":[{"href":"https:\/\/eldigitaldeasturias.com\/magazine365\/wp-json\/wp\/v2\/media?parent=41044"}],"wp:term":[{"taxonomy":"category","embeddable":true,"href":"https:\/\/eldigitaldeasturias.com\/magazine365\/wp-json\/wp\/v2\/categories?post=41044"},{"taxonomy":"post_tag","embeddable":true,"href":"https:\/\/eldigitaldeasturias.com\/magazine365\/wp-json\/wp\/v2\/tags?post=41044"}],"curies":[{"name":"wp","href":"https:\/\/api.w.org\/{rel}","templated":true}]}}