{"id":41036,"date":"2015-06-25T22:51:32","date_gmt":"2015-06-25T21:21:32","guid":{"rendered":"http:\/\/eldigitaldeasturias.com\/magazine365\/?p=41036"},"modified":"2015-06-25T22:51:32","modified_gmt":"2015-06-25T21:21:32","slug":"el-tren-turistico-de-lujo-al-andalus-llega-a-extremadura-con-37-pasajeros-de-numerosas-nacionalidades","status":"publish","type":"post","link":"https:\/\/eldigitaldeasturias.com\/magazine365\/el-tren-turistico-de-lujo-al-andalus-llega-a-extremadura-con-37-pasajeros-de-numerosas-nacionalidades\/","title":{"rendered":"El tren tur\u00edstico de lujo &#8216;Al-Andalus&#8217; llega a Extremadura con 37 pasajeros de numerosas nacionalidades"},"content":{"rendered":"<p><img fetchpriority=\"high\" decoding=\"async\" class=\"alignleft size-medium wp-image-41037\" src=\"https:\/\/eldigitaldeasturias.com\/magazine365\/wp-content\/uploads\/2015\/06\/fotonoticia_20150625163006_800-360x240.jpg\" alt=\"fotonoticia_20150625163006_800\" width=\"360\" height=\"240\" srcset=\"https:\/\/eldigitaldeasturias.com\/magazine365\/wp-content\/uploads\/2015\/06\/fotonoticia_20150625163006_800-360x240.jpg 360w, https:\/\/eldigitaldeasturias.com\/magazine365\/wp-content\/uploads\/2015\/06\/fotonoticia_20150625163006_800-650x433.jpg 650w, https:\/\/eldigitaldeasturias.com\/magazine365\/wp-content\/uploads\/2015\/06\/fotonoticia_20150625163006_800-768x512.jpg 768w, https:\/\/eldigitaldeasturias.com\/magazine365\/wp-content\/uploads\/2015\/06\/fotonoticia_20150625163006_800-150x100.jpg 150w, https:\/\/eldigitaldeasturias.com\/magazine365\/wp-content\/uploads\/2015\/06\/fotonoticia_20150625163006_800-450x300.jpg 450w, https:\/\/eldigitaldeasturias.com\/magazine365\/wp-content\/uploads\/2015\/06\/fotonoticia_20150625163006_800-696x464.jpg 696w, https:\/\/eldigitaldeasturias.com\/magazine365\/wp-content\/uploads\/2015\/06\/fotonoticia_20150625163006_800-630x420.jpg 630w, https:\/\/eldigitaldeasturias.com\/magazine365\/wp-content\/uploads\/2015\/06\/fotonoticia_20150625163006_800-84x55.jpg 84w, https:\/\/eldigitaldeasturias.com\/magazine365\/wp-content\/uploads\/2015\/06\/fotonoticia_20150625163006_800.jpg 800w\" sizes=\"(max-width: 360px) 100vw, 360px\" \/>El tren tur\u00edstico &#8216;Al-Andalus&#8217; recorre estos d\u00edas Extremadura, en concreto localidades como Zafra, M\u00e9rida, C\u00e1ceres o el Parque Nacional de Monfrag\u00fce, y lo hace de una manera diferente, a bordo de un convoy con todas las comodidades que evoca viajes con sabor a aventura como el Orient Express.<\/p>\n<p>En declaraciones a Europa Press Televisi\u00f3n, el jefe del tren &#8216;Al-Andalus&#8217;, Luis Cao, ha explicado que la salida se efectu\u00f3 en Madrid y acabar\u00e1 su recorrido en la localidad toledana de Torrijos y en Aranjuez.<\/p>\n<p>Asimismo, ha se\u00f1alado que el precio del viaje en este tren, considerado uno de los m\u00e1s lujosos, dependiendo de qu\u00e9 compartimento se ocupe va desde los 2.800 euros hasta los 3.400&#8243;. Aunque, seg\u00fan sus palabras, \u00abel nivel econ\u00f3mico\u00bb de sus clientes es \u00abmedio\u00bb.<\/p>\n<p>En el convoy, en el que viajan 37 pasajeros, se concentran \u00abvarias nacionalidades\u00bb. Concretamente, los viajeros son \u00abingleses, alemanes, espa\u00f1oles, franceses, americanos\u00bb e incluso \u00abuna pareja de uruguayos\u00bb.<\/p>\n<p>El jefe del tren ha indicado que \u00abel viaje es algo muy completo\u00bb. Y lo ha definido como \u00abun hotel de cinco estrellas que se va moviendo\u00bb. Los pasajeros disfrutan de \u00abexcursiones y visitas\u00bb, adem\u00e1s de comidas \u00aben restaurantes de primera categor\u00eda y gastron\u00f3micamente de gran valor\u00bb. Adem\u00e1s, \u00aba bordo\u00bb van \u00abdos cocineros que est\u00e1n formados en restaurantes estrella Michel\u00edn\u00bb.<\/p>\n<p>Por su parte, el jefe de camareros del tren, Jes\u00fas Peruyero Dago, ha se\u00f1alado que la comida \u00abtiene una categor\u00eda muy especial\u00bb, en la que \u00absiempre\u00bb se intenta incluir \u00abproductos de la zona\u00bb que atraviese el tren.<\/p>\n<p>En este caso, el men\u00fa incluye \u00abbuenos vinos, Torta del Casar, presa ib\u00e9rica, postres t\u00edpicos extreme\u00f1os o zorongollos\u00bb, entre otros manjares. La idea dice Peruyero es que a los viajeros \u00abno les falte de nada\u00bb.<\/p>\n<p>&#8216;Al-Andalus&#8217; cuenta con zona de recepci\u00f3n, de juegos, sala de televisi\u00f3n, sal\u00f3n comedor donde se encuentra el bufet, un espacio de piano bar, donde todas las noches \u00abse hacen actuaciones, que unas veces son musicales, otras de magia\u00bb e incluso hay \u00abbaile, canto y flamenco\u00bb.<\/p>\n<p>CURIOSIDADES DEL TREN &#8216;AL-ANDALUS&#8217;<\/p>\n<p>Este medio de lujo tur\u00edstico \u00abfue inaugurado en el a\u00f1o 1985, aunque ha sido a partir del a\u00f1o 2012 cuando ha empezado a funcionar de manera regular en varias rutas de la geograf\u00eda espa\u00f1ola\u00bb, ha indicado el jefe del tren. En Extremadura la primera trayectoria se realiz\u00f3 el a\u00f1o pasado y \u00e9ste \u00abes el viaje de la consolidaci\u00f3n\u00bb.<\/p>\n<p>Cao ha asegurado que \u00abes el tren m\u00e1s espacioso del mundo, por las dimensiones que tiene tanto en anchura como en longitud y en altura\u00bb. As\u00ed, \u00abel tren est\u00e1 formado por 15 coches, algunos de ellos como los salones o algunos coches cama, pertenecieron a la monarqu\u00eda brit\u00e1nica, quienes los utilizaron para los desplazamientos de vacaciones en verano para ir a la Costa Azul\u00bb.<\/p>\n","protected":false},"excerpt":{"rendered":"<p>El tren tur\u00edstico &#8216;Al-Andalus&#8217; recorre estos d\u00edas Extremadura, en concreto localidades como Zafra, M\u00e9rida, C\u00e1ceres o el Parque Nacional de Monfrag\u00fce, y lo hace de una manera diferente, a bordo de un convoy con todas las comodidades que evoca viajes con sabor a aventura como el Orient Express. En declaraciones a Europa Press Televisi\u00f3n, el<\/p>\n","protected":false},"author":1,"featured_media":41037,"comment_status":"open","ping_status":"closed","sticky":false,"template":"","format":"standard","meta":{"footnotes":""},"categories":[224],"tags":[],"class_list":{"0":"post-41036","1":"post","2":"type-post","3":"status-publish","4":"format-standard","5":"has-post-thumbnail","7":"category-noticias-actualidad"},"aioseo_notices":[],"aioseo_head":"\n\t\t<!-- All in One SEO Pro 4.9.6.1 - aioseo.com -->\n\t<meta name=\"description\" content=\"El tren tur\u00edstico &#039;Al-Andalus&#039; recorre estos d\u00edas Extremadura, en concreto localidades como Zafra, M\u00e9rida, C\u00e1ceres o el Parque Nacional de Monfrag\u00fce, y lo hace de una manera diferente, a bordo de un convoy con todas las comodidades que evoca viajes con sabor a aventura como el Orient Express. En declaraciones a Europa Press Televisi\u00f3n, el\" \/>\n\t<meta name=\"robots\" content=\"max-image-preview:large\" \/>\n\t<meta name=\"author\" content=\"admin\"\/>\n\t<meta name=\"google-site-verification\" content=\"UA-38556648-1\" \/>\n\t<meta name=\"keywords\" content=\"noticias y actualidad\" \/>\n\t<link rel=\"canonical\" href=\"https:\/\/eldigitaldeasturias.com\/magazine365\/el-tren-turistico-de-lujo-al-andalus-llega-a-extremadura-con-37-pasajeros-de-numerosas-nacionalidades\/\" \/>\n\t<meta name=\"generator\" content=\"All in One SEO Pro (AIOSEO) 4.9.6.1\" \/>\n\t\t<meta property=\"og:locale\" content=\"es_ES\" \/>\n\t\t<meta property=\"og:site_name\" content=\"El Digital de Asturias \u2013 Revista de ocio, turismo y estilo de vida\" \/>\n\t\t<meta property=\"og:type\" content=\"article\" \/>\n\t\t<meta property=\"og:title\" content=\"El tren tur\u00edstico de lujo \u2018Al-Andalus\u2019 llega a Extremadura con 37 pasajeros de numerosas nacionalidades | El Digital de Asturias\" \/>\n\t\t<meta property=\"og:description\" content=\"El tren tur\u00edstico &#039;Al-Andalus&#039; recorre estos d\u00edas Extremadura, en concreto localidades como Zafra, M\u00e9rida, C\u00e1ceres o el Parque Nacional de Monfrag\u00fce, y lo hace de una manera diferente, a bordo de un convoy con todas las comodidades que evoca viajes con sabor a aventura como el Orient Express. En declaraciones a Europa Press Televisi\u00f3n, el\" \/>\n\t\t<meta property=\"og:url\" content=\"https:\/\/eldigitaldeasturias.com\/magazine365\/el-tren-turistico-de-lujo-al-andalus-llega-a-extremadura-con-37-pasajeros-de-numerosas-nacionalidades\/\" \/>\n\t\t<meta property=\"og:image\" content=\"https:\/\/eldigitaldeasturias.com\/magazine365\/wp-content\/uploads\/2015\/06\/fotonoticia_20150625163006_800.jpg\" \/>\n\t\t<meta property=\"og:image:secure_url\" content=\"https:\/\/eldigitaldeasturias.com\/magazine365\/wp-content\/uploads\/2015\/06\/fotonoticia_20150625163006_800.jpg\" \/>\n\t\t<meta property=\"og:image:width\" content=\"800\" \/>\n\t\t<meta property=\"og:image:height\" content=\"533\" \/>\n\t\t<meta property=\"article:published_time\" content=\"2015-06-25T21:21:32+00:00\" \/>\n\t\t<meta property=\"article:modified_time\" content=\"2015-06-25T21:21:32+00:00\" \/>\n\t\t<meta name=\"twitter:card\" content=\"summary_large_image\" \/>\n\t\t<meta name=\"twitter:title\" content=\"El tren tur\u00edstico de lujo \u2018Al-Andalus\u2019 llega a Extremadura con 37 pasajeros de numerosas nacionalidades | El Digital de Asturias\" \/>\n\t\t<meta name=\"twitter:description\" content=\"El tren tur\u00edstico &#039;Al-Andalus&#039; recorre estos d\u00edas Extremadura, en concreto localidades como Zafra, M\u00e9rida, C\u00e1ceres o el Parque Nacional de Monfrag\u00fce, y lo hace de una manera diferente, a bordo de un convoy con todas las comodidades que evoca viajes con sabor a aventura como el Orient Express. En declaraciones a Europa Press Televisi\u00f3n, el\" \/>\n\t\t<meta name=\"twitter:image\" content=\"https:\/\/eldigitaldeasturias.com\/magazine365\/wp-content\/uploads\/2015\/06\/fotonoticia_20150625163006_800.jpg\" \/>\n\t\t<script type=\"application\/ld+json\" class=\"aioseo-schema\">\n\t\t\t{\"@context\":\"https:\\\/\\\/schema.org\",\"@graph\":[{\"@type\":\"Article\",\"@id\":\"https:\\\/\\\/eldigitaldeasturias.com\\\/magazine365\\\/el-tren-turistico-de-lujo-al-andalus-llega-a-extremadura-con-37-pasajeros-de-numerosas-nacionalidades\\\/#article\",\"name\":\"El tren tur\\u00edstico de lujo \\u2018Al-Andalus\\u2019 llega a Extremadura con 37 pasajeros de numerosas nacionalidades | El Digital de Asturias\",\"headline\":\"El tren tur\\u00edstico de lujo &#8216;Al-Andalus&#8217; llega a Extremadura con 37 pasajeros de numerosas nacionalidades\",\"author\":{\"@id\":\"https:\\\/\\\/eldigitaldeasturias.com\\\/magazine365\\\/author\\\/admin\\\/#author\"},\"publisher\":{\"@id\":\"https:\\\/\\\/eldigitaldeasturias.com\\\/magazine365\\\/#organization\"},\"image\":{\"@type\":\"ImageObject\",\"url\":\"https:\\\/\\\/eldigitaldeasturias.com\\\/magazine365\\\/wp-content\\\/uploads\\\/2015\\\/06\\\/fotonoticia_20150625163006_800.jpg\",\"width\":800,\"height\":533},\"datePublished\":\"2015-06-25T22:51:32+02:00\",\"dateModified\":\"2015-06-25T22:51:32+02:00\",\"inLanguage\":\"es-ES\",\"mainEntityOfPage\":{\"@id\":\"https:\\\/\\\/eldigitaldeasturias.com\\\/magazine365\\\/el-tren-turistico-de-lujo-al-andalus-llega-a-extremadura-con-37-pasajeros-de-numerosas-nacionalidades\\\/#webpage\"},\"isPartOf\":{\"@id\":\"https:\\\/\\\/eldigitaldeasturias.com\\\/magazine365\\\/el-tren-turistico-de-lujo-al-andalus-llega-a-extremadura-con-37-pasajeros-de-numerosas-nacionalidades\\\/#webpage\"},\"articleSection\":\"Noticias y Actualidad\"},{\"@type\":\"BreadcrumbList\",\"@id\":\"https:\\\/\\\/eldigitaldeasturias.com\\\/magazine365\\\/el-tren-turistico-de-lujo-al-andalus-llega-a-extremadura-con-37-pasajeros-de-numerosas-nacionalidades\\\/#breadcrumblist\",\"itemListElement\":[{\"@type\":\"ListItem\",\"@id\":\"https:\\\/\\\/eldigitaldeasturias.com\\\/magazine365#listItem\",\"position\":1,\"name\":\"Home\",\"item\":\"https:\\\/\\\/eldigitaldeasturias.com\\\/magazine365\",\"nextItem\":{\"@type\":\"ListItem\",\"@id\":\"https:\\\/\\\/eldigitaldeasturias.com\\\/magazine365\\\/category\\\/noticias-actualidad\\\/#listItem\",\"name\":\"Noticias y Actualidad\"}},{\"@type\":\"ListItem\",\"@id\":\"https:\\\/\\\/eldigitaldeasturias.com\\\/magazine365\\\/category\\\/noticias-actualidad\\\/#listItem\",\"position\":2,\"name\":\"Noticias y Actualidad\",\"item\":\"https:\\\/\\\/eldigitaldeasturias.com\\\/magazine365\\\/category\\\/noticias-actualidad\\\/\",\"nextItem\":{\"@type\":\"ListItem\",\"@id\":\"https:\\\/\\\/eldigitaldeasturias.com\\\/magazine365\\\/el-tren-turistico-de-lujo-al-andalus-llega-a-extremadura-con-37-pasajeros-de-numerosas-nacionalidades\\\/#listItem\",\"name\":\"El tren tur\\u00edstico de lujo &#8216;Al-Andalus&#8217; llega a Extremadura con 37 pasajeros de numerosas nacionalidades\"},\"previousItem\":{\"@type\":\"ListItem\",\"@id\":\"https:\\\/\\\/eldigitaldeasturias.com\\\/magazine365#listItem\",\"name\":\"Home\"}},{\"@type\":\"ListItem\",\"@id\":\"https:\\\/\\\/eldigitaldeasturias.com\\\/magazine365\\\/el-tren-turistico-de-lujo-al-andalus-llega-a-extremadura-con-37-pasajeros-de-numerosas-nacionalidades\\\/#listItem\",\"position\":3,\"name\":\"El tren tur\\u00edstico de lujo &#8216;Al-Andalus&#8217; llega a Extremadura con 37 pasajeros de numerosas nacionalidades\",\"previousItem\":{\"@type\":\"ListItem\",\"@id\":\"https:\\\/\\\/eldigitaldeasturias.com\\\/magazine365\\\/category\\\/noticias-actualidad\\\/#listItem\",\"name\":\"Noticias y Actualidad\"}}]},{\"@type\":\"Organization\",\"@id\":\"https:\\\/\\\/eldigitaldeasturias.com\\\/magazine365\\\/#organization\",\"name\":\"El digital de Asturias\",\"description\":\"Revista de ocio, turismo y estilo de vida\",\"url\":\"https:\\\/\\\/eldigitaldeasturias.com\\\/magazine365\\\/\",\"logo\":{\"@type\":\"ImageObject\",\"url\":\"https:\\\/\\\/www.eldigitaldeasturias.com\\\/noticias\\\/wp-content\\\/uploads\\\/2020\\\/12\\\/EDA.jpg\",\"@id\":\"https:\\\/\\\/eldigitaldeasturias.com\\\/magazine365\\\/el-tren-turistico-de-lujo-al-andalus-llega-a-extremadura-con-37-pasajeros-de-numerosas-nacionalidades\\\/#organizationLogo\"},\"image\":{\"@id\":\"https:\\\/\\\/eldigitaldeasturias.com\\\/magazine365\\\/el-tren-turistico-de-lujo-al-andalus-llega-a-extremadura-con-37-pasajeros-de-numerosas-nacionalidades\\\/#organizationLogo\"}},{\"@type\":\"Person\",\"@id\":\"https:\\\/\\\/eldigitaldeasturias.com\\\/magazine365\\\/author\\\/admin\\\/#author\",\"url\":\"https:\\\/\\\/eldigitaldeasturias.com\\\/magazine365\\\/author\\\/admin\\\/\",\"name\":\"admin\",\"image\":{\"@type\":\"ImageObject\",\"@id\":\"https:\\\/\\\/eldigitaldeasturias.com\\\/magazine365\\\/el-tren-turistico-de-lujo-al-andalus-llega-a-extremadura-con-37-pasajeros-de-numerosas-nacionalidades\\\/#authorImage\",\"url\":\"https:\\\/\\\/eldigitaldeasturias.com\\\/magazine365\\\/wp-content\\\/litespeed\\\/avatar\\\/e571bcf59a0edd6fa6838245a470f2fe.jpg?ver=1777574230\",\"width\":96,\"height\":96,\"caption\":\"admin\"}},{\"@type\":\"WebPage\",\"@id\":\"https:\\\/\\\/eldigitaldeasturias.com\\\/magazine365\\\/el-tren-turistico-de-lujo-al-andalus-llega-a-extremadura-con-37-pasajeros-de-numerosas-nacionalidades\\\/#webpage\",\"url\":\"https:\\\/\\\/eldigitaldeasturias.com\\\/magazine365\\\/el-tren-turistico-de-lujo-al-andalus-llega-a-extremadura-con-37-pasajeros-de-numerosas-nacionalidades\\\/\",\"name\":\"El tren tur\\u00edstico de lujo \\u2018Al-Andalus\\u2019 llega a Extremadura con 37 pasajeros de numerosas nacionalidades | El Digital de Asturias\",\"description\":\"El tren tur\\u00edstico 'Al-Andalus' recorre estos d\\u00edas Extremadura, en concreto localidades como Zafra, M\\u00e9rida, C\\u00e1ceres o el Parque Nacional de Monfrag\\u00fce, y lo hace de una manera diferente, a bordo de un convoy con todas las comodidades que evoca viajes con sabor a aventura como el Orient Express. En declaraciones a Europa Press Televisi\\u00f3n, el\",\"inLanguage\":\"es-ES\",\"isPartOf\":{\"@id\":\"https:\\\/\\\/eldigitaldeasturias.com\\\/magazine365\\\/#website\"},\"breadcrumb\":{\"@id\":\"https:\\\/\\\/eldigitaldeasturias.com\\\/magazine365\\\/el-tren-turistico-de-lujo-al-andalus-llega-a-extremadura-con-37-pasajeros-de-numerosas-nacionalidades\\\/#breadcrumblist\"},\"author\":{\"@id\":\"https:\\\/\\\/eldigitaldeasturias.com\\\/magazine365\\\/author\\\/admin\\\/#author\"},\"creator\":{\"@id\":\"https:\\\/\\\/eldigitaldeasturias.com\\\/magazine365\\\/author\\\/admin\\\/#author\"},\"image\":{\"@type\":\"ImageObject\",\"url\":\"https:\\\/\\\/eldigitaldeasturias.com\\\/magazine365\\\/wp-content\\\/uploads\\\/2015\\\/06\\\/fotonoticia_20150625163006_800.jpg\",\"@id\":\"https:\\\/\\\/eldigitaldeasturias.com\\\/magazine365\\\/el-tren-turistico-de-lujo-al-andalus-llega-a-extremadura-con-37-pasajeros-de-numerosas-nacionalidades\\\/#mainImage\",\"width\":800,\"height\":533},\"primaryImageOfPage\":{\"@id\":\"https:\\\/\\\/eldigitaldeasturias.com\\\/magazine365\\\/el-tren-turistico-de-lujo-al-andalus-llega-a-extremadura-con-37-pasajeros-de-numerosas-nacionalidades\\\/#mainImage\"},\"datePublished\":\"2015-06-25T22:51:32+02:00\",\"dateModified\":\"2015-06-25T22:51:32+02:00\"},{\"@type\":\"WebSite\",\"@id\":\"https:\\\/\\\/eldigitaldeasturias.com\\\/magazine365\\\/#website\",\"url\":\"https:\\\/\\\/eldigitaldeasturias.com\\\/magazine365\\\/\",\"name\":\"El Digital de Asturias\",\"description\":\"Revista de ocio, turismo y estilo de vida\",\"inLanguage\":\"es-ES\",\"publisher\":{\"@id\":\"https:\\\/\\\/eldigitaldeasturias.com\\\/magazine365\\\/#organization\"}}]}\n\t\t<\/script>\n\t\t<!-- All in One SEO Pro -->\r\n\t\t<title>El tren tur\u00edstico de lujo \u2018Al-Andalus\u2019 llega a Extremadura con 37 pasajeros de numerosas nacionalidades | El Digital de Asturias<\/title>\n\n","aioseo_head_json":{"title":"El tren tur\u00edstico de lujo \u2018Al-Andalus\u2019 llega a Extremadura con 37 pasajeros de numerosas nacionalidades | El Digital de Asturias","description":"El tren tur\u00edstico 'Al-Andalus' recorre estos d\u00edas Extremadura, en concreto localidades como Zafra, M\u00e9rida, C\u00e1ceres o el Parque Nacional de Monfrag\u00fce, y lo hace de una manera diferente, a bordo de un convoy con todas las comodidades que evoca viajes con sabor a aventura como el Orient Express. En declaraciones a Europa Press Televisi\u00f3n, el","canonical_url":"https:\/\/eldigitaldeasturias.com\/magazine365\/el-tren-turistico-de-lujo-al-andalus-llega-a-extremadura-con-37-pasajeros-de-numerosas-nacionalidades\/","robots":"max-image-preview:large","keywords":"noticias y actualidad","webmasterTools":{"google-site-verification":"UA-38556648-1","miscellaneous":""},"schema":{"@context":"https:\/\/schema.org","@graph":[{"@type":"Article","@id":"https:\/\/eldigitaldeasturias.com\/magazine365\/el-tren-turistico-de-lujo-al-andalus-llega-a-extremadura-con-37-pasajeros-de-numerosas-nacionalidades\/#article","name":"El tren tur\u00edstico de lujo \u2018Al-Andalus\u2019 llega a Extremadura con 37 pasajeros de numerosas nacionalidades | El Digital de Asturias","headline":"El tren tur\u00edstico de lujo &#8216;Al-Andalus&#8217; llega a Extremadura con 37 pasajeros de numerosas nacionalidades","author":{"@id":"https:\/\/eldigitaldeasturias.com\/magazine365\/author\/admin\/#author"},"publisher":{"@id":"https:\/\/eldigitaldeasturias.com\/magazine365\/#organization"},"image":{"@type":"ImageObject","url":"https:\/\/eldigitaldeasturias.com\/magazine365\/wp-content\/uploads\/2015\/06\/fotonoticia_20150625163006_800.jpg","width":800,"height":533},"datePublished":"2015-06-25T22:51:32+02:00","dateModified":"2015-06-25T22:51:32+02:00","inLanguage":"es-ES","mainEntityOfPage":{"@id":"https:\/\/eldigitaldeasturias.com\/magazine365\/el-tren-turistico-de-lujo-al-andalus-llega-a-extremadura-con-37-pasajeros-de-numerosas-nacionalidades\/#webpage"},"isPartOf":{"@id":"https:\/\/eldigitaldeasturias.com\/magazine365\/el-tren-turistico-de-lujo-al-andalus-llega-a-extremadura-con-37-pasajeros-de-numerosas-nacionalidades\/#webpage"},"articleSection":"Noticias y Actualidad"},{"@type":"BreadcrumbList","@id":"https:\/\/eldigitaldeasturias.com\/magazine365\/el-tren-turistico-de-lujo-al-andalus-llega-a-extremadura-con-37-pasajeros-de-numerosas-nacionalidades\/#breadcrumblist","itemListElement":[{"@type":"ListItem","@id":"https:\/\/eldigitaldeasturias.com\/magazine365#listItem","position":1,"name":"Home","item":"https:\/\/eldigitaldeasturias.com\/magazine365","nextItem":{"@type":"ListItem","@id":"https:\/\/eldigitaldeasturias.com\/magazine365\/category\/noticias-actualidad\/#listItem","name":"Noticias y Actualidad"}},{"@type":"ListItem","@id":"https:\/\/eldigitaldeasturias.com\/magazine365\/category\/noticias-actualidad\/#listItem","position":2,"name":"Noticias y Actualidad","item":"https:\/\/eldigitaldeasturias.com\/magazine365\/category\/noticias-actualidad\/","nextItem":{"@type":"ListItem","@id":"https:\/\/eldigitaldeasturias.com\/magazine365\/el-tren-turistico-de-lujo-al-andalus-llega-a-extremadura-con-37-pasajeros-de-numerosas-nacionalidades\/#listItem","name":"El tren tur\u00edstico de lujo &#8216;Al-Andalus&#8217; llega a Extremadura con 37 pasajeros de numerosas nacionalidades"},"previousItem":{"@type":"ListItem","@id":"https:\/\/eldigitaldeasturias.com\/magazine365#listItem","name":"Home"}},{"@type":"ListItem","@id":"https:\/\/eldigitaldeasturias.com\/magazine365\/el-tren-turistico-de-lujo-al-andalus-llega-a-extremadura-con-37-pasajeros-de-numerosas-nacionalidades\/#listItem","position":3,"name":"El tren tur\u00edstico de lujo &#8216;Al-Andalus&#8217; llega a Extremadura con 37 pasajeros de numerosas nacionalidades","previousItem":{"@type":"ListItem","@id":"https:\/\/eldigitaldeasturias.com\/magazine365\/category\/noticias-actualidad\/#listItem","name":"Noticias y Actualidad"}}]},{"@type":"Organization","@id":"https:\/\/eldigitaldeasturias.com\/magazine365\/#organization","name":"El digital de Asturias","description":"Revista de ocio, turismo y estilo de vida","url":"https:\/\/eldigitaldeasturias.com\/magazine365\/","logo":{"@type":"ImageObject","url":"https:\/\/www.eldigitaldeasturias.com\/noticias\/wp-content\/uploads\/2020\/12\/EDA.jpg","@id":"https:\/\/eldigitaldeasturias.com\/magazine365\/el-tren-turistico-de-lujo-al-andalus-llega-a-extremadura-con-37-pasajeros-de-numerosas-nacionalidades\/#organizationLogo"},"image":{"@id":"https:\/\/eldigitaldeasturias.com\/magazine365\/el-tren-turistico-de-lujo-al-andalus-llega-a-extremadura-con-37-pasajeros-de-numerosas-nacionalidades\/#organizationLogo"}},{"@type":"Person","@id":"https:\/\/eldigitaldeasturias.com\/magazine365\/author\/admin\/#author","url":"https:\/\/eldigitaldeasturias.com\/magazine365\/author\/admin\/","name":"admin","image":{"@type":"ImageObject","@id":"https:\/\/eldigitaldeasturias.com\/magazine365\/el-tren-turistico-de-lujo-al-andalus-llega-a-extremadura-con-37-pasajeros-de-numerosas-nacionalidades\/#authorImage","url":"https:\/\/eldigitaldeasturias.com\/magazine365\/wp-content\/litespeed\/avatar\/e571bcf59a0edd6fa6838245a470f2fe.jpg?ver=1777574230","width":96,"height":96,"caption":"admin"}},{"@type":"WebPage","@id":"https:\/\/eldigitaldeasturias.com\/magazine365\/el-tren-turistico-de-lujo-al-andalus-llega-a-extremadura-con-37-pasajeros-de-numerosas-nacionalidades\/#webpage","url":"https:\/\/eldigitaldeasturias.com\/magazine365\/el-tren-turistico-de-lujo-al-andalus-llega-a-extremadura-con-37-pasajeros-de-numerosas-nacionalidades\/","name":"El tren tur\u00edstico de lujo \u2018Al-Andalus\u2019 llega a Extremadura con 37 pasajeros de numerosas nacionalidades | El Digital de Asturias","description":"El tren tur\u00edstico 'Al-Andalus' recorre estos d\u00edas Extremadura, en concreto localidades como Zafra, M\u00e9rida, C\u00e1ceres o el Parque Nacional de Monfrag\u00fce, y lo hace de una manera diferente, a bordo de un convoy con todas las comodidades que evoca viajes con sabor a aventura como el Orient Express. En declaraciones a Europa Press Televisi\u00f3n, el","inLanguage":"es-ES","isPartOf":{"@id":"https:\/\/eldigitaldeasturias.com\/magazine365\/#website"},"breadcrumb":{"@id":"https:\/\/eldigitaldeasturias.com\/magazine365\/el-tren-turistico-de-lujo-al-andalus-llega-a-extremadura-con-37-pasajeros-de-numerosas-nacionalidades\/#breadcrumblist"},"author":{"@id":"https:\/\/eldigitaldeasturias.com\/magazine365\/author\/admin\/#author"},"creator":{"@id":"https:\/\/eldigitaldeasturias.com\/magazine365\/author\/admin\/#author"},"image":{"@type":"ImageObject","url":"https:\/\/eldigitaldeasturias.com\/magazine365\/wp-content\/uploads\/2015\/06\/fotonoticia_20150625163006_800.jpg","@id":"https:\/\/eldigitaldeasturias.com\/magazine365\/el-tren-turistico-de-lujo-al-andalus-llega-a-extremadura-con-37-pasajeros-de-numerosas-nacionalidades\/#mainImage","width":800,"height":533},"primaryImageOfPage":{"@id":"https:\/\/eldigitaldeasturias.com\/magazine365\/el-tren-turistico-de-lujo-al-andalus-llega-a-extremadura-con-37-pasajeros-de-numerosas-nacionalidades\/#mainImage"},"datePublished":"2015-06-25T22:51:32+02:00","dateModified":"2015-06-25T22:51:32+02:00"},{"@type":"WebSite","@id":"https:\/\/eldigitaldeasturias.com\/magazine365\/#website","url":"https:\/\/eldigitaldeasturias.com\/magazine365\/","name":"El Digital de Asturias","description":"Revista de ocio, turismo y estilo de vida","inLanguage":"es-ES","publisher":{"@id":"https:\/\/eldigitaldeasturias.com\/magazine365\/#organization"}}]},"og:locale":"es_ES","og:site_name":"El Digital de Asturias \u2013 Revista de ocio, turismo y estilo de vida","og:type":"article","og:title":"El tren tur\u00edstico de lujo \u2018Al-Andalus\u2019 llega a Extremadura con 37 pasajeros de numerosas nacionalidades | El Digital de Asturias","og:description":"El tren tur\u00edstico 'Al-Andalus' recorre estos d\u00edas Extremadura, en concreto localidades como Zafra, M\u00e9rida, C\u00e1ceres o el Parque Nacional de Monfrag\u00fce, y lo hace de una manera diferente, a bordo de un convoy con todas las comodidades que evoca viajes con sabor a aventura como el Orient Express. En declaraciones a Europa Press Televisi\u00f3n, el","og:url":"https:\/\/eldigitaldeasturias.com\/magazine365\/el-tren-turistico-de-lujo-al-andalus-llega-a-extremadura-con-37-pasajeros-de-numerosas-nacionalidades\/","og:image":"https:\/\/eldigitaldeasturias.com\/magazine365\/wp-content\/uploads\/2015\/06\/fotonoticia_20150625163006_800.jpg","og:image:secure_url":"https:\/\/eldigitaldeasturias.com\/magazine365\/wp-content\/uploads\/2015\/06\/fotonoticia_20150625163006_800.jpg","og:image:width":800,"og:image:height":533,"article:published_time":"2015-06-25T21:21:32+00:00","article:modified_time":"2015-06-25T21:21:32+00:00","twitter:card":"summary_large_image","twitter:title":"El tren tur\u00edstico de lujo \u2018Al-Andalus\u2019 llega a Extremadura con 37 pasajeros de numerosas nacionalidades | El Digital de Asturias","twitter:description":"El tren tur\u00edstico 'Al-Andalus' recorre estos d\u00edas Extremadura, en concreto localidades como Zafra, M\u00e9rida, C\u00e1ceres o el Parque Nacional de Monfrag\u00fce, y lo hace de una manera diferente, a bordo de un convoy con todas las comodidades que evoca viajes con sabor a aventura como el Orient Express. En declaraciones a Europa Press Televisi\u00f3n, el","twitter:image":"https:\/\/eldigitaldeasturias.com\/magazine365\/wp-content\/uploads\/2015\/06\/fotonoticia_20150625163006_800.jpg"},"aioseo_meta_data":{"post_id":"41036","title":null,"description":null,"keywords":null,"keyphrases":null,"primary_term":null,"canonical_url":null,"og_title":null,"og_description":null,"og_object_type":"default","og_image_type":"default","og_image_url":null,"og_image_width":null,"og_image_height":null,"og_image_custom_url":null,"og_image_custom_fields":null,"og_video":null,"og_custom_url":null,"og_article_section":null,"og_article_tags":null,"twitter_use_og":false,"twitter_card":"default","twitter_image_type":"default","twitter_image_url":null,"twitter_image_custom_url":null,"twitter_image_custom_fields":null,"twitter_title":null,"twitter_description":null,"schema":{"blockGraphs":[],"customGraphs":[],"default":{"data":{"Article":[],"Course":[],"Dataset":[],"FAQPage":[],"Movie":[],"Person":[],"Product":[],"ProductReview":[],"Car":[],"Recipe":[],"Service":[],"SoftwareApplication":[],"WebPage":[]},"graphName":"","isEnabled":true},"graphs":[],"defaultGraph":"","defaultPostTypeGraph":""},"schema_type":null,"schema_type_options":null,"pillar_content":false,"robots_default":true,"robots_noindex":false,"robots_noarchive":false,"robots_nosnippet":false,"robots_nofollow":false,"robots_noimageindex":false,"robots_noodp":false,"robots_notranslate":false,"robots_max_snippet":null,"robots_max_videopreview":null,"robots_max_imagepreview":"large","priority":null,"frequency":null,"location":null,"local_seo":null,"seo_analyzer_scan_date":"2025-09-19 14:53:01","breadcrumb_settings":null,"limit_modified_date":false,"open_ai":null,"ai":null,"created":"2021-03-09 02:20:43","updated":"2025-09-19 14:53:01"},"aioseo_breadcrumb":"<div class=\"aioseo-breadcrumbs\"><span class=\"aioseo-breadcrumb\">\n\t<a href=\"https:\/\/eldigitaldeasturias.com\/magazine365\" title=\"Home\">Home<\/a>\n<\/span><span class=\"aioseo-breadcrumb-separator\">\u2013<\/span><span class=\"aioseo-breadcrumb\">\n\t<a href=\"https:\/\/eldigitaldeasturias.com\/magazine365\/category\/noticias-actualidad\/\" title=\"Noticias y Actualidad\">Noticias y Actualidad<\/a>\n<\/span><span class=\"aioseo-breadcrumb-separator\">\u2013<\/span><span class=\"aioseo-breadcrumb\">\n\t<a href=\"https:\/\/eldigitaldeasturias.com\/magazine365\/el-tren-turistico-de-lujo-al-andalus-llega-a-extremadura-con-37-pasajeros-de-numerosas-nacionalidades\/\" title=\"El tren tur\u00edstico de lujo \u2018Al-Andalus\u2019 llega a Extremadura con 37 pasajeros de numerosas nacionalidades\">El tren tur\u00edstico de lujo \u2018Al-Andalus\u2019 llega a Extremadura con 37 pasajeros de numerosas nacionalidades<\/a>\n<\/span><\/div>","aioseo_breadcrumb_json":[{"label":"Home","link":"https:\/\/eldigitaldeasturias.com\/magazine365"},{"label":"Noticias y Actualidad","link":"https:\/\/eldigitaldeasturias.com\/magazine365\/category\/noticias-actualidad\/"},{"label":"El tren tur\u00edstico de lujo &#8216;Al-Andalus&#8217; llega a Extremadura con 37 pasajeros de numerosas nacionalidades","link":"https:\/\/eldigitaldeasturias.com\/magazine365\/el-tren-turistico-de-lujo-al-andalus-llega-a-extremadura-con-37-pasajeros-de-numerosas-nacionalidades\/"}],"_links":{"self":[{"href":"https:\/\/eldigitaldeasturias.com\/magazine365\/wp-json\/wp\/v2\/posts\/41036","targetHints":{"allow":["GET"]}}],"collection":[{"href":"https:\/\/eldigitaldeasturias.com\/magazine365\/wp-json\/wp\/v2\/posts"}],"about":[{"href":"https:\/\/eldigitaldeasturias.com\/magazine365\/wp-json\/wp\/v2\/types\/post"}],"author":[{"embeddable":true,"href":"https:\/\/eldigitaldeasturias.com\/magazine365\/wp-json\/wp\/v2\/users\/1"}],"replies":[{"embeddable":true,"href":"https:\/\/eldigitaldeasturias.com\/magazine365\/wp-json\/wp\/v2\/comments?post=41036"}],"version-history":[{"count":0,"href":"https:\/\/eldigitaldeasturias.com\/magazine365\/wp-json\/wp\/v2\/posts\/41036\/revisions"}],"wp:featuredmedia":[{"embeddable":true,"href":"https:\/\/eldigitaldeasturias.com\/magazine365\/wp-json\/wp\/v2\/media\/41037"}],"wp:attachment":[{"href":"https:\/\/eldigitaldeasturias.com\/magazine365\/wp-json\/wp\/v2\/media?parent=41036"}],"wp:term":[{"taxonomy":"category","embeddable":true,"href":"https:\/\/eldigitaldeasturias.com\/magazine365\/wp-json\/wp\/v2\/categories?post=41036"},{"taxonomy":"post_tag","embeddable":true,"href":"https:\/\/eldigitaldeasturias.com\/magazine365\/wp-json\/wp\/v2\/tags?post=41036"}],"curies":[{"name":"wp","href":"https:\/\/api.w.org\/{rel}","templated":true}]}}